{"id":35415,"date":"2012-07-04T11:32:06","date_gmt":"2012-07-04T15:32:06","guid":{"rendered":"http:\/\/preprod.olympic.ca\/?p=35415"},"modified":"2012-07-04T11:32:06","modified_gmt":"2012-07-04T15:32:06","slug":"la-cible-olympique-dans-la-mire-des-archers","status":"publish","type":"post","link":"https:\/\/preprod.olympic.ca\/olympique\/2012\/07\/04\/la-cible-olympique-dans-la-mire-des-archers\/","title":{"rendered":"La cible olympique dans la mire des archers"},"content":{"rendered":"<p><strong>TORONTO<\/strong> \u2013 Le Comit\u00e9 olympique canadien et <a href=\"http:\/\/www.archerycanada.ca\/fr\" target=\"_blank\">Tir \u00e0 l\u2019arc Canada<\/a> ont annonc\u00e9 la nomination de deux archers au sein de l\u2019\u00c9quipe olympique canadienne des Jeux de 2012 lors d\u2019un \u00e9v\u00e9nement \u00e0 Toronto. <a href=\"http:\/\/preprod.olympic.ca\/fr\/team-canada\/crispin-duenas-3\" target=\"_blank\">Crispin Duenas<\/a> et <a href=\"http:\/\/preprod.olympic.ca\/fr\/team-canada\/marie-pier-beaudet-3\" target=\"_blank\">Marie-Pier Beaudet<\/a> repr\u00e9senteront le Canada aux \u00e9preuves masculine et f\u00e9minine des Jeux olympiques de 2012 \u00e0 Londres.<\/p>\n<p>\u00ab\u00a0Repr\u00e9senter son pays aux Jeux olympiques est le summum de la comp\u00e9tition sportive, affirme Beaudet, dont ce seront les troisi\u00e8mes Jeux olympiques. Je suis convaincue que Crispin et moi vivrons une exp\u00e9rience inoubliable \u00e0 Londres et nous sommes pr\u00eats.\u00a0\u00bb<\/p>\n<p>\u00ab\u00a0Pour un athl\u00e8te, la plus grande motivation est celle qui vient de l\u2019int\u00e9rieur. C\u2019est \u00e0 nous de tout donner, ajoute Duenas, qui en est \u00e0 ses deuxi\u00e8mes Jeux olympiques. Merci pour cet honneur incroyable et de nous permettre de faire partie de cette \u00e9quipe de Canadiens fantastiques.\u00a0\u00bb<\/p>\n<p>\u00ab\u00a0F\u00e9licitations \u00e0 Crispin et Marie-Pier et bienvenue dans l\u2019\u00c9quipe olympique canadienne des Jeux de 2012, dit le chef de mission Mark Tewksbury. Il ne reste que 23 jours avant le d\u00e9but des Jeux et c\u2019est passionnant de voir l\u2019\u00e9quipe grandir alors que la c\u00e9r\u00e9monie d\u2019ouverture arrive \u00e0 grands pas\u00a0\u00bb<\/p>\n<p>\u00ab\u00a0Chaque athl\u00e8te nomm\u00e9 rend notre \u00c9quipe olympique canadienne encore plus forte, se r\u00e9jouit Marcel Aubut, pr\u00e9sident du Comit\u00e9 olympique canadien. C\u2019est gr\u00e2ce \u00e0 des athl\u00e8tes exceptionnels comme Crispin et Marie-Pier si nous avons la meilleure \u00c9quipe olympique canadienne de tous les temps.\u00a0\u00bb<\/p>\n","protected":false},"excerpt":{"rendered":"<p>TORONTO \u2013 Le Comit\u00e9 olympique canadien et Tir \u00e0 l\u2019arc Canada ont annonc\u00e9 la nomination de deux archers au sein&#8230;<\/p>\n","protected":false},"author":52435436,"featured_media":35408,"comment_status":"open","ping_status":"open","sticky":false,"template":"","format":"standard","meta":{"_acf_changed":false,"_jetpack_memberships_contains_paid_content":false,"footnotes":""},"categories":[70121],"tags":[],"post_format":"standard","sport":[],"game":[],"coauthors":[187838302],"class_list":["post-35415","post","type-post","status-publish","format-standard","has-post-thumbnail","hentry","category-equipe"],"acf":[],"yoast_head":"<!-- This site is optimized with the Yoast SEO plugin v27.3 - https:\/\/yoast.com\/product\/yoast-seo-wordpress\/ -->\n<title>La cible olympique dans la mire des archers - \u00c9quipe Canada | Site officiel de l&#039;\u00e9quipe olympique<\/title>\n<meta name=\"robots\" content=\"index, follow, max-snippet:-1, max-image-preview:large, max-video-preview:-1\" \/>\n<link rel=\"canonical\" href=\"https:\/\/preprod.olympic.ca\/olympique\/2012\/07\/04\/la-cible-olympique-dans-la-mire-des-archers\/\" \/>\n<meta property=\"og:locale\" content=\"fr_FR\" \/>\n<meta property=\"og:type\" content=\"article\" \/>\n<meta property=\"og:title\" content=\"La cible olympique dans la mire des archers - \u00c9quipe Canada | Site officiel de l&#039;\u00e9quipe olympique\" \/>\n<meta property=\"og:description\" content=\"TORONTO \u2013 Le Comit\u00e9 olympique canadien et Tir \u00e0 l\u2019arc Canada ont annonc\u00e9 la nomination de deux archers au sein...\" \/>\n<meta property=\"og:url\" content=\"https:\/\/preprod.olympic.ca\/olympique\/2012\/07\/04\/la-cible-olympique-dans-la-mire-des-archers\/\" \/>\n<meta property=\"og:site_name\" content=\"\u00c9quipe Canada | Site officiel de l&#039;\u00e9quipe olympique\" \/>\n<meta property=\"article:published_time\" content=\"2012-07-04T15:32:06+00:00\" \/>\n<meta property=\"og:image\" content=\"https:\/\/preprod.olympic.ca\/olympique\/wp-content\/uploads\/sites\/2\/2012\/07\/duenas_crispin_studio2_20126.jpg?quality=100\" \/>\n\t<meta property=\"og:image:width\" content=\"1728\" \/>\n\t<meta property=\"og:image:height\" content=\"1152\" \/>\n\t<meta property=\"og:image:type\" content=\"image\/jpeg\" \/>\n<meta name=\"author\" content=\"Mark Nadolny\" \/>\n<meta name=\"twitter:card\" content=\"summary_large_image\" \/>\n<meta name=\"twitter:label1\" content=\"Written by\" \/>\n\t<meta name=\"twitter:data1\" content=\"Mark Nadolny\" \/>\n\t<meta name=\"twitter:label2\" content=\"Est. reading time\" \/>\n\t<meta name=\"twitter:data2\" content=\"1 minute\" \/>\n<script type=\"application\/ld+json\" class=\"yoast-schema-graph\">{\"@context\":\"https:\\\/\\\/schema.org\",\"@graph\":[{\"@type\":\"Article\",\"@id\":\"https:\\\/\\\/preprod.olympic.ca\\\/olympique\\\/2012\\\/07\\\/04\\\/la-cible-olympique-dans-la-mire-des-archers\\\/#article\",\"isPartOf\":{\"@id\":\"https:\\\/\\\/preprod.olympic.ca\\\/olympique\\\/2012\\\/07\\\/04\\\/la-cible-olympique-dans-la-mire-des-archers\\\/\"},\"author\":{\"name\":\"Mark Nadolny\",\"@id\":\"https:\\\/\\\/preprod.olympic.ca\\\/olympique\\\/#\\\/schema\\\/person\\\/71d340cc825e058ae525fc2765f7c7ae\"},\"headline\":\"La cible olympique dans la mire des archers\",\"datePublished\":\"2012-07-04T15:32:06+00:00\",\"mainEntityOfPage\":{\"@id\":\"https:\\\/\\\/preprod.olympic.ca\\\/olympique\\\/2012\\\/07\\\/04\\\/la-cible-olympique-dans-la-mire-des-archers\\\/\"},\"wordCount\":254,\"commentCount\":0,\"image\":{\"@id\":\"https:\\\/\\\/preprod.olympic.ca\\\/olympique\\\/2012\\\/07\\\/04\\\/la-cible-olympique-dans-la-mire-des-archers\\\/#primaryimage\"},\"thumbnailUrl\":\"https:\\\/\\\/preprod.olympic.ca\\\/olympique\\\/wp-content\\\/uploads\\\/sites\\\/2\\\/2012\\\/07\\\/duenas_crispin_studio2_20126.jpg?quality=100\",\"articleSection\":[\"Nouvelles de l'equipe\"],\"inLanguage\":\"fr-FR\",\"potentialAction\":[{\"@type\":\"CommentAction\",\"name\":\"Comment\",\"target\":[\"https:\\\/\\\/preprod.olympic.ca\\\/olympique\\\/2012\\\/07\\\/04\\\/la-cible-olympique-dans-la-mire-des-archers\\\/#respond\"]}]},{\"@type\":\"WebPage\",\"@id\":\"https:\\\/\\\/preprod.olympic.ca\\\/olympique\\\/2012\\\/07\\\/04\\\/la-cible-olympique-dans-la-mire-des-archers\\\/\",\"url\":\"https:\\\/\\\/preprod.olympic.ca\\\/olympique\\\/2012\\\/07\\\/04\\\/la-cible-olympique-dans-la-mire-des-archers\\\/\",\"name\":\"La cible olympique dans la mire des archers - \u00c9quipe Canada | Site officiel de l&#039;\u00e9quipe olympique\",\"isPartOf\":{\"@id\":\"https:\\\/\\\/preprod.olympic.ca\\\/olympique\\\/#website\"},\"primaryImageOfPage\":{\"@id\":\"https:\\\/\\\/preprod.olympic.ca\\\/olympique\\\/2012\\\/07\\\/04\\\/la-cible-olympique-dans-la-mire-des-archers\\\/#primaryimage\"},\"image\":{\"@id\":\"https:\\\/\\\/preprod.olympic.ca\\\/olympique\\\/2012\\\/07\\\/04\\\/la-cible-olympique-dans-la-mire-des-archers\\\/#primaryimage\"},\"thumbnailUrl\":\"https:\\\/\\\/preprod.olympic.ca\\\/olympique\\\/wp-content\\\/uploads\\\/sites\\\/2\\\/2012\\\/07\\\/duenas_crispin_studio2_20126.jpg?quality=100\",\"datePublished\":\"2012-07-04T15:32:06+00:00\",\"author\":{\"@id\":\"https:\\\/\\\/preprod.olympic.ca\\\/olympique\\\/#\\\/schema\\\/person\\\/71d340cc825e058ae525fc2765f7c7ae\"},\"inLanguage\":\"fr-FR\",\"potentialAction\":[{\"@type\":\"ReadAction\",\"target\":[\"https:\\\/\\\/preprod.olympic.ca\\\/olympique\\\/2012\\\/07\\\/04\\\/la-cible-olympique-dans-la-mire-des-archers\\\/\"]}]},{\"@type\":\"ImageObject\",\"inLanguage\":\"fr-FR\",\"@id\":\"https:\\\/\\\/preprod.olympic.ca\\\/olympique\\\/2012\\\/07\\\/04\\\/la-cible-olympique-dans-la-mire-des-archers\\\/#primaryimage\",\"url\":\"https:\\\/\\\/preprod.olympic.ca\\\/olympique\\\/wp-content\\\/uploads\\\/sites\\\/2\\\/2012\\\/07\\\/duenas_crispin_studio2_20126.jpg?quality=100\",\"contentUrl\":\"https:\\\/\\\/preprod.olympic.ca\\\/olympique\\\/wp-content\\\/uploads\\\/sites\\\/2\\\/2012\\\/07\\\/duenas_crispin_studio2_20126.jpg?quality=100\",\"width\":1728,\"height\":1152},{\"@type\":\"WebSite\",\"@id\":\"https:\\\/\\\/preprod.olympic.ca\\\/olympique\\\/#website\",\"url\":\"https:\\\/\\\/preprod.olympic.ca\\\/olympique\\\/\",\"name\":\"\u00c9quipe Canada | Site officiel de l&#039;\u00e9quipe olympique\",\"description\":\"Votre source pour l\u2019\u00c9quipe olympique canadienne. Retrouvez les r\u00e9cits, vid\u00e9os et photos des athl\u00e8tes canadiens, sports olympiques, Jeux olympiques de 2020 et bien plus!\",\"potentialAction\":[{\"@type\":\"SearchAction\",\"target\":{\"@type\":\"EntryPoint\",\"urlTemplate\":\"https:\\\/\\\/preprod.olympic.ca\\\/olympique\\\/?s={search_term_string}\"},\"query-input\":{\"@type\":\"PropertyValueSpecification\",\"valueRequired\":true,\"valueName\":\"search_term_string\"}}],\"inLanguage\":\"fr-FR\"},{\"@type\":\"Person\",\"@id\":\"https:\\\/\\\/preprod.olympic.ca\\\/olympique\\\/#\\\/schema\\\/person\\\/71d340cc825e058ae525fc2765f7c7ae\",\"name\":\"Mark Nadolny\",\"image\":{\"@type\":\"ImageObject\",\"inLanguage\":\"fr-FR\",\"@id\":\"https:\\\/\\\/secure.gravatar.com\\\/avatar\\\/fcfb5089af8db23b9347da3d181947b19f1cffb98b30f03fbe8f1973083d7e6b?s=96&d=identicon&r=g0693b2c18808f6337c03a29426292cc9\",\"url\":\"https:\\\/\\\/secure.gravatar.com\\\/avatar\\\/fcfb5089af8db23b9347da3d181947b19f1cffb98b30f03fbe8f1973083d7e6b?s=96&d=identicon&r=g\",\"contentUrl\":\"https:\\\/\\\/secure.gravatar.com\\\/avatar\\\/fcfb5089af8db23b9347da3d181947b19f1cffb98b30f03fbe8f1973083d7e6b?s=96&d=identicon&r=g\",\"caption\":\"Mark Nadolny\"},\"description\":\"Digital Media for the Canadian Olympic Team, I do that.\",\"url\":\"https:\\\/\\\/preprod.olympic.ca\\\/olympique\\\/author\\\/marknadonly\\\/\"}]}<\/script>\n<!-- \/ Yoast SEO plugin. -->","yoast_head_json":{"title":"La cible olympique dans la mire des archers - \u00c9quipe Canada | Site officiel de l&#039;\u00e9quipe olympique","robots":{"index":"index","follow":"follow","max-snippet":"max-snippet:-1","max-image-preview":"max-image-preview:large","max-video-preview":"max-video-preview:-1"},"canonical":"https:\/\/preprod.olympic.ca\/olympique\/2012\/07\/04\/la-cible-olympique-dans-la-mire-des-archers\/","og_locale":"fr_FR","og_type":"article","og_title":"La cible olympique dans la mire des archers - \u00c9quipe Canada | Site officiel de l&#039;\u00e9quipe olympique","og_description":"TORONTO \u2013 Le Comit\u00e9 olympique canadien et Tir \u00e0 l\u2019arc Canada ont annonc\u00e9 la nomination de deux archers au sein...","og_url":"https:\/\/preprod.olympic.ca\/olympique\/2012\/07\/04\/la-cible-olympique-dans-la-mire-des-archers\/","og_site_name":"\u00c9quipe Canada | Site officiel de l&#039;\u00e9quipe olympique","article_published_time":"2012-07-04T15:32:06+00:00","og_image":[{"width":1728,"height":1152,"url":"https:\/\/preprod.olympic.ca\/olympique\/wp-content\/uploads\/sites\/2\/2012\/07\/duenas_crispin_studio2_20126.jpg?quality=100","type":"image\/jpeg"}],"author":"Mark Nadolny","twitter_card":"summary_large_image","twitter_misc":{"Written by":"Mark Nadolny","Est. reading time":"1 minute"},"schema":{"@context":"https:\/\/schema.org","@graph":[{"@type":"Article","@id":"https:\/\/preprod.olympic.ca\/olympique\/2012\/07\/04\/la-cible-olympique-dans-la-mire-des-archers\/#article","isPartOf":{"@id":"https:\/\/preprod.olympic.ca\/olympique\/2012\/07\/04\/la-cible-olympique-dans-la-mire-des-archers\/"},"author":{"name":"Mark Nadolny","@id":"https:\/\/preprod.olympic.ca\/olympique\/#\/schema\/person\/71d340cc825e058ae525fc2765f7c7ae"},"headline":"La cible olympique dans la mire des archers","datePublished":"2012-07-04T15:32:06+00:00","mainEntityOfPage":{"@id":"https:\/\/preprod.olympic.ca\/olympique\/2012\/07\/04\/la-cible-olympique-dans-la-mire-des-archers\/"},"wordCount":254,"commentCount":0,"image":{"@id":"https:\/\/preprod.olympic.ca\/olympique\/2012\/07\/04\/la-cible-olympique-dans-la-mire-des-archers\/#primaryimage"},"thumbnailUrl":"https:\/\/preprod.olympic.ca\/olympique\/wp-content\/uploads\/sites\/2\/2012\/07\/duenas_crispin_studio2_20126.jpg?quality=100","articleSection":["Nouvelles de l'equipe"],"inLanguage":"fr-FR","potentialAction":[{"@type":"CommentAction","name":"Comment","target":["https:\/\/preprod.olympic.ca\/olympique\/2012\/07\/04\/la-cible-olympique-dans-la-mire-des-archers\/#respond"]}]},{"@type":"WebPage","@id":"https:\/\/preprod.olympic.ca\/olympique\/2012\/07\/04\/la-cible-olympique-dans-la-mire-des-archers\/","url":"https:\/\/preprod.olympic.ca\/olympique\/2012\/07\/04\/la-cible-olympique-dans-la-mire-des-archers\/","name":"La cible olympique dans la mire des archers - \u00c9quipe Canada | Site officiel de l&#039;\u00e9quipe olympique","isPartOf":{"@id":"https:\/\/preprod.olympic.ca\/olympique\/#website"},"primaryImageOfPage":{"@id":"https:\/\/preprod.olympic.ca\/olympique\/2012\/07\/04\/la-cible-olympique-dans-la-mire-des-archers\/#primaryimage"},"image":{"@id":"https:\/\/preprod.olympic.ca\/olympique\/2012\/07\/04\/la-cible-olympique-dans-la-mire-des-archers\/#primaryimage"},"thumbnailUrl":"https:\/\/preprod.olympic.ca\/olympique\/wp-content\/uploads\/sites\/2\/2012\/07\/duenas_crispin_studio2_20126.jpg?quality=100","datePublished":"2012-07-04T15:32:06+00:00","author":{"@id":"https:\/\/preprod.olympic.ca\/olympique\/#\/schema\/person\/71d340cc825e058ae525fc2765f7c7ae"},"inLanguage":"fr-FR","potentialAction":[{"@type":"ReadAction","target":["https:\/\/preprod.olympic.ca\/olympique\/2012\/07\/04\/la-cible-olympique-dans-la-mire-des-archers\/"]}]},{"@type":"ImageObject","inLanguage":"fr-FR","@id":"https:\/\/preprod.olympic.ca\/olympique\/2012\/07\/04\/la-cible-olympique-dans-la-mire-des-archers\/#primaryimage","url":"https:\/\/preprod.olympic.ca\/olympique\/wp-content\/uploads\/sites\/2\/2012\/07\/duenas_crispin_studio2_20126.jpg?quality=100","contentUrl":"https:\/\/preprod.olympic.ca\/olympique\/wp-content\/uploads\/sites\/2\/2012\/07\/duenas_crispin_studio2_20126.jpg?quality=100","width":1728,"height":1152},{"@type":"WebSite","@id":"https:\/\/preprod.olympic.ca\/olympique\/#website","url":"https:\/\/preprod.olympic.ca\/olympique\/","name":"\u00c9quipe Canada | Site officiel de l&#039;\u00e9quipe olympique","description":"Votre source pour l\u2019\u00c9quipe olympique canadienne. Retrouvez les r\u00e9cits, vid\u00e9os et photos des athl\u00e8tes canadiens, sports olympiques, Jeux olympiques de 2020 et bien plus!","potentialAction":[{"@type":"SearchAction","target":{"@type":"EntryPoint","urlTemplate":"https:\/\/preprod.olympic.ca\/olympique\/?s={search_term_string}"},"query-input":{"@type":"PropertyValueSpecification","valueRequired":true,"valueName":"search_term_string"}}],"inLanguage":"fr-FR"},{"@type":"Person","@id":"https:\/\/preprod.olympic.ca\/olympique\/#\/schema\/person\/71d340cc825e058ae525fc2765f7c7ae","name":"Mark Nadolny","image":{"@type":"ImageObject","inLanguage":"fr-FR","@id":"https:\/\/secure.gravatar.com\/avatar\/fcfb5089af8db23b9347da3d181947b19f1cffb98b30f03fbe8f1973083d7e6b?s=96&d=identicon&r=g0693b2c18808f6337c03a29426292cc9","url":"https:\/\/secure.gravatar.com\/avatar\/fcfb5089af8db23b9347da3d181947b19f1cffb98b30f03fbe8f1973083d7e6b?s=96&d=identicon&r=g","contentUrl":"https:\/\/secure.gravatar.com\/avatar\/fcfb5089af8db23b9347da3d181947b19f1cffb98b30f03fbe8f1973083d7e6b?s=96&d=identicon&r=g","caption":"Mark Nadolny"},"description":"Digital Media for the Canadian Olympic Team, I do that.","url":"https:\/\/preprod.olympic.ca\/olympique\/author\/marknadonly\/"}]}},"jetpack_featured_media_url":"https:\/\/preprod.olympic.ca\/olympique\/wp-content\/uploads\/sites\/2\/2012\/07\/duenas_crispin_studio2_20126.jpg?quality=100","featured_image_url":"https:\/\/preprod.olympic.ca\/olympique\/wp-content\/uploads\/sites\/2\/2012\/07\/duenas_crispin_studio2_20126.jpg?quality=100","author_name":["Mark Nadolny"],"category_names":["Nouvelles de l'equipe"],"tag_names":[],"video_embed_code":"","facebook_video_embed_code":"","jetpack_sharing_enabled":true,"jetpack-related-posts":[],"jetpack_shortlink":"https:\/\/wp.me\/pcGHcP-9dd","_links":{"self":[{"href":"https:\/\/preprod.olympic.ca\/olympique\/wp-json\/wp\/v2\/posts\/35415","targetHints":{"allow":["GET"]}}],"collection":[{"href":"https:\/\/preprod.olympic.ca\/olympique\/wp-json\/wp\/v2\/posts"}],"about":[{"href":"https:\/\/preprod.olympic.ca\/olympique\/wp-json\/wp\/v2\/types\/post"}],"author":[{"embeddable":true,"href":"https:\/\/preprod.olympic.ca\/olympique\/wp-json\/wp\/v2\/users\/52435436"}],"replies":[{"embeddable":true,"href":"https:\/\/preprod.olympic.ca\/olympique\/wp-json\/wp\/v2\/comments?post=35415"}],"version-history":[{"count":0,"href":"https:\/\/preprod.olympic.ca\/olympique\/wp-json\/wp\/v2\/posts\/35415\/revisions"}],"wp:featuredmedia":[{"embeddable":true,"href":"https:\/\/preprod.olympic.ca\/olympique\/wp-json\/wp\/v2\/media\/35408"}],"wp:attachment":[{"href":"https:\/\/preprod.olympic.ca\/olympique\/wp-json\/wp\/v2\/media?parent=35415"}],"wp:term":[{"taxonomy":"category","embeddable":true,"href":"https:\/\/preprod.olympic.ca\/olympique\/wp-json\/wp\/v2\/categories?post=35415"},{"taxonomy":"post_tag","embeddable":true,"href":"https:\/\/preprod.olympic.ca\/olympique\/wp-json\/wp\/v2\/tags?post=35415"},{"taxonomy":"post_format","embeddable":true,"href":"https:\/\/preprod.olympic.ca\/olympique\/wp-json\/wp\/v2\/post_format?post=35415"},{"taxonomy":"sport","embeddable":true,"href":"https:\/\/preprod.olympic.ca\/olympique\/wp-json\/wp\/v2\/sport?post=35415"},{"taxonomy":"game","embeddable":true,"href":"https:\/\/preprod.olympic.ca\/olympique\/wp-json\/wp\/v2\/game?post=35415"},{"taxonomy":"author","embeddable":true,"href":"https:\/\/preprod.olympic.ca\/olympique\/wp-json\/wp\/v2\/coauthors?post=35415"}],"curies":[{"name":"wp","href":"https:\/\/api.w.org\/{rel}","templated":true}]}}