{"id":36698,"date":"2012-07-21T09:51:31","date_gmt":"2012-07-21T14:21:21","guid":{"rendered":"http:\/\/preprod.olympic.ca\/?p=36698"},"modified":"2012-07-21T09:51:31","modified_gmt":"2012-07-21T14:21:21","slug":"le-calme-avant-la-tempete-olympique","status":"publish","type":"post","link":"https:\/\/preprod.olympic.ca\/olympique\/2012\/07\/21\/le-calme-avant-la-tempete-olympique\/","title":{"rendered":"Le calme avant la temp\u00eate olympique"},"content":{"rendered":"<p>Le compte \u00e0 rebours avant Londres 2012 bat son plein. Toutefois, paradoxe, l\u2019atmosph\u00e8re est \u00e9trangement tranquille au Parc olympique.<\/p>\n<p>Debout devant l\u2019entr\u00e9e Greenway Gate, avec une vue du stade olympique, rien porte \u00e0 croire que les 30<sup>th<\/sup> Jeux olympiques d\u2019\u00e9t\u00e9 ne d\u00e9butent que dans quelques jours. Le calme avant la temp\u00eate olympique.<\/p>\n<p>Quelques agents de s\u00e9curit\u00e9 sont en poste tandis qu\u2019environ une douzaine de touristes sans entrain d\u00e9ambulent en p\u00e9riph\u00e9rie du parc sous le ciel triste de Londres. Qu\u2019il pleuve ou non, dans quelques jours, ce voisinage d\u00e9bordera de gens provenant de partout dans le monde.<\/p>\n<p>Les travailleurs de la construction se d\u00e9p\u00eachent pour terminer les projets des alentours du parc. Stratford se trouve \u00e0 Newham, un des six quartiers h\u00f4tes des Jeux olympiques et paralympiques de 2012, mais aussi un des districts les plus pauvres de Londres. On esp\u00e8re que les Jeux olympiques de cet \u00e9t\u00e9, accompagn\u00e9s des nouveaux \u00e9difices et des nouvelles installations qu\u2019ils laisseront en h\u00e9ritage, redonneront une certaine vitalit\u00e9 \u00e0 la r\u00e9gion.<\/p>\n<p>Pendant que Londres r\u00e9alise silencieusement les derni\u00e8res touches de ses troisi\u00e8me Jeux, on constate facilement que les Jeux sont sur le point de d\u00e9buter. On entend une faible musique partout dans le parc, signe peut-\u00eatre que les r\u00e9p\u00e9titions de la c\u00e9r\u00e9monie d\u2019ouverture ont maintenant lieu au stade plut\u00f4t qu\u2019aux studios 3 Mills Studios voisins o\u00f9 le r\u00e9alisateur de cin\u00e9ma Danny Boyle orchestre d\u2019une main de ma\u00eetre les pr\u00e9paratifs pour le spectacle tant attendu qui donnera le coup d\u2019envoi aux Jeux.<\/p>\n<p>Les signes annonciateurs des Jeux de cet \u00e9t\u00e9 ne se trouvent pas uniquement aux alentours du Parc olympique.<\/p>\n<p>On les voit partout dans la ville et sous toutes sortes de formes\u00a0: des banni\u00e8res de couleur qui arborent les anneaux olympiques ou \u00ab\u00a0London\u00a02012\u00a0\u00bb le long des rues, des enseignes rose fluorescent (marque de commerce de LOCOG) dans les stations de m\u00e9tro, des expositions en mus\u00e9e (les m\u00e9dailles olympiques et paralympiques sont expos\u00e9es au British Museum) et un arc-en-ciel de drapeaux nationaux qui forme presque un toit au-dessus de la rue Regent.<\/p>\n<p>\u00ab\u00a0Inspirer une g\u00e9n\u00e9ration\u00a0\u00bb, le slogan de Londres 2012 qui abonde sur les banni\u00e8res que l\u2019on trouve dans la ville, se veut un rappel constant du but v\u00e9ritable des Jeux olympiques de cet \u00e9t\u00e9. Et au fur et \u00e0 mesure qu\u2019arriveront \u00e0 Londres les athl\u00e8tes et les partisans canadiens, ils joueront eux aussi leur r\u00f4le pour inspirer une g\u00e9n\u00e9ration \u00e0 \u00ab\u00a0tout donner\u00a0\u00bb.<\/p>\n<p><em>&#8211; Kristina Velan<\/em><\/p>\n<div class=\"tiled-gallery type-rectangular tiled-gallery-unresized\" data-original-width=\"1360\" data-carousel-extra='null' itemscope itemtype=\"http:\/\/schema.org\/ImageGallery\" > <div class=\"gallery-row\" style=\"width: 1360px; height: 601px;\" data-original-width=\"1360\" data-original-height=\"601\" > <div class=\"gallery-group images-1\" style=\"width: 899px; height: 601px;\" data-original-width=\"899\" data-original-height=\"601\" > <div class=\"tiled-gallery-item tiled-gallery-item-large\" itemprop=\"associatedMedia\" itemscope itemtype=\"http:\/\/schema.org\/ImageObject\"> <a href=\"https:\/\/preprod.olympic.ca\/olympique\/wp-content\/uploads\/sites\/2\/2012\/07\/img_866726.jpg?quality=100&#038;strip\" border=\"0\" itemprop=\"url\"> <meta itemprop=\"width\" content=\"895\"> <meta itemprop=\"height\" content=\"597\"> <img decoding=\"async\" data-recalc-dims=\"1\" class=\"\" data-attachment-id=\"36700\" data-orig-file=\"https:\/\/preprod.olympic.ca\/olympique\/wp-content\/uploads\/sites\/2\/2012\/07\/img_866726.jpg?quality=100\" data-orig-size=\"4272,2848\" data-comments-opened=\"1\" data-image-meta=\"{&quot;aperture&quot;:&quot;11&quot;,&quot;credit&quot;:&quot;&quot;,&quot;camera&quot;:&quot;Canon EOS DIGITAL REBEL XSi&quot;,&quot;caption&quot;:&quot;&quot;,&quot;created_timestamp&quot;:&quot;1342420536&quot;,&quot;copyright&quot;:&quot;&quot;,&quot;focal_length&quot;:&quot;20&quot;,&quot;iso&quot;:&quot;400&quot;,&quot;shutter_speed&quot;:&quot;0.005&quot;,&quot;title&quot;:&quot;&quot;}\" data-image-title=\"Studios 3 Mills Film Studios\" data-image-description=\"&lt;p&gt;Les pr\u00e9paratifs secrets de la c\u00e9r\u00e9monie d\u2019ouverture des Jeux olympiques de 2012 \u00e0 Londres sont en cours depuis quelque temps sous les ordres du r\u00e9alisateur Danny Boyle (Le pouilleux millionnaire) dans les c\u00e9l\u00e8bres studios 3 Mills Film Studios.&lt;\/p&gt; \" data-medium-file=\"https:\/\/preprod.olympic.ca\/olympique\/wp-content\/uploads\/sites\/2\/2012\/07\/img_866726.jpg?quality=100&#038;w=557\" data-large-file=\"https:\/\/preprod.olympic.ca\/olympique\/wp-content\/uploads\/sites\/2\/2012\/07\/img_866726.jpg?quality=100&#038;w=1131\" src=\"https:\/\/preprod.olympic.ca\/olympique\/wp-content\/uploads\/sites\/2\/2012\/07\/img_866726.jpg?quality=100&#038;w=895&#038;h=597&#038;strip&#038;resize=895%2C597\" srcset=\"https:\/\/preprod.olympic.ca\/olympique\/wp-content\/uploads\/sites\/2\/2012\/07\/img_866726.jpg 4272w, https:\/\/preprod.olympic.ca\/olympique\/wp-content\/uploads\/sites\/2\/2012\/07\/img_866726.jpg?resize=237,158 237w, https:\/\/preprod.olympic.ca\/olympique\/wp-content\/uploads\/sites\/2\/2012\/07\/img_866726.jpg?resize=557,371 557w, https:\/\/preprod.olympic.ca\/olympique\/wp-content\/uploads\/sites\/2\/2012\/07\/img_866726.jpg?resize=768,512 768w, https:\/\/preprod.olympic.ca\/olympique\/wp-content\/uploads\/sites\/2\/2012\/07\/img_866726.jpg?resize=1131,754 1131w, https:\/\/preprod.olympic.ca\/olympique\/wp-content\/uploads\/sites\/2\/2012\/07\/img_866726.jpg?resize=1536,1024 1536w, https:\/\/preprod.olympic.ca\/olympique\/wp-content\/uploads\/sites\/2\/2012\/07\/img_866726.jpg?resize=2048,1365 2048w\" width=\"895\" height=\"597\" loading=\"lazy\" data-original-width=\"895\" data-original-height=\"597\" itemprop=\"http:\/\/schema.org\/image\" title=\"Studios 3 Mills Film Studios\" alt=\"Studios 3 Mills Film Studios\" style=\"width: 895px; height: 597px;\" \/> <\/a> <\/div> <\/div> <!-- close group --> <div class=\"gallery-group images-2\" style=\"width: 461px; height: 601px;\" data-original-width=\"461\" data-original-height=\"601\" > <div class=\"tiled-gallery-item tiled-gallery-item-large\" itemprop=\"associatedMedia\" itemscope itemtype=\"http:\/\/schema.org\/ImageObject\"> <a href=\"https:\/\/preprod.olympic.ca\/olympique\/wp-content\/uploads\/sites\/2\/2012\/07\/img_868016.jpg?quality=100&#038;strip\" border=\"0\" itemprop=\"url\"> <meta itemprop=\"width\" content=\"457\"> <meta itemprop=\"height\" content=\"305\"> <img decoding=\"async\" data-recalc-dims=\"1\" class=\"\" data-attachment-id=\"36701\" data-orig-file=\"https:\/\/preprod.olympic.ca\/olympique\/wp-content\/uploads\/sites\/2\/2012\/07\/img_868016.jpg?quality=100\" data-orig-size=\"4272,2848\" data-comments-opened=\"1\" data-image-meta=\"{&quot;aperture&quot;:&quot;13&quot;,&quot;credit&quot;:&quot;&quot;,&quot;camera&quot;:&quot;Canon EOS DIGITAL REBEL XSi&quot;,&quot;caption&quot;:&quot;&quot;,&quot;created_timestamp&quot;:&quot;1342423591&quot;,&quot;copyright&quot;:&quot;&quot;,&quot;focal_length&quot;:&quot;50&quot;,&quot;iso&quot;:&quot;200&quot;,&quot;shutter_speed&quot;:&quot;0.005&quot;,&quot;title&quot;:&quot;&quot;}\" data-image-title=\"Greenway Gate du Parc olympique\" data-image-description=\"&lt;p&gt;Des agents de s\u00e9curit\u00e9 et des travailleurs de la construction \u00e0 l\u2019ext\u00e9rieur de l\u2019entr\u00e9e Greenway Gate du Parc olympique.&lt;\/p&gt; \" data-medium-file=\"https:\/\/preprod.olympic.ca\/olympique\/wp-content\/uploads\/sites\/2\/2012\/07\/img_868016.jpg?quality=100&#038;w=557\" data-large-file=\"https:\/\/preprod.olympic.ca\/olympique\/wp-content\/uploads\/sites\/2\/2012\/07\/img_868016.jpg?quality=100&#038;w=1131\" src=\"https:\/\/preprod.olympic.ca\/olympique\/wp-content\/uploads\/sites\/2\/2012\/07\/img_868016.jpg?quality=100&#038;w=457&#038;h=305&#038;strip&#038;resize=457%2C305\" srcset=\"https:\/\/preprod.olympic.ca\/olympique\/wp-content\/uploads\/sites\/2\/2012\/07\/img_868016.jpg 4272w, https:\/\/preprod.olympic.ca\/olympique\/wp-content\/uploads\/sites\/2\/2012\/07\/img_868016.jpg?resize=237,158 237w, https:\/\/preprod.olympic.ca\/olympique\/wp-content\/uploads\/sites\/2\/2012\/07\/img_868016.jpg?resize=557,371 557w, https:\/\/preprod.olympic.ca\/olympique\/wp-content\/uploads\/sites\/2\/2012\/07\/img_868016.jpg?resize=768,512 768w, https:\/\/preprod.olympic.ca\/olympique\/wp-content\/uploads\/sites\/2\/2012\/07\/img_868016.jpg?resize=1131,754 1131w, https:\/\/preprod.olympic.ca\/olympique\/wp-content\/uploads\/sites\/2\/2012\/07\/img_868016.jpg?resize=1536,1024 1536w, https:\/\/preprod.olympic.ca\/olympique\/wp-content\/uploads\/sites\/2\/2012\/07\/img_868016.jpg?resize=2048,1365 2048w\" width=\"457\" height=\"305\" loading=\"lazy\" data-original-width=\"457\" data-original-height=\"305\" itemprop=\"http:\/\/schema.org\/image\" title=\"Greenway Gate du Parc olympique\" alt=\"Greenway Gate du Parc olympique\" style=\"width: 457px; height: 305px;\" \/> <\/a> <\/div> <div class=\"tiled-gallery-item tiled-gallery-item-large\" itemprop=\"associatedMedia\" itemscope itemtype=\"http:\/\/schema.org\/ImageObject\"> <a href=\"https:\/\/preprod.olympic.ca\/olympique\/wp-content\/uploads\/sites\/2\/2012\/07\/img_868516.jpg?quality=100&#038;strip\" border=\"0\" itemprop=\"url\"> <meta itemprop=\"width\" content=\"457\"> <meta itemprop=\"height\" content=\"288\"> <img decoding=\"async\" data-recalc-dims=\"1\" class=\"\" data-attachment-id=\"36702\" data-orig-file=\"https:\/\/preprod.olympic.ca\/olympique\/wp-content\/uploads\/sites\/2\/2012\/07\/img_868516.jpg?quality=100\" data-orig-size=\"3923,2472\" data-comments-opened=\"1\" data-image-meta=\"{&quot;aperture&quot;:&quot;14&quot;,&quot;credit&quot;:&quot;&quot;,&quot;camera&quot;:&quot;Canon EOS DIGITAL REBEL XSi&quot;,&quot;caption&quot;:&quot;&quot;,&quot;created_timestamp&quot;:&quot;1342424521&quot;,&quot;copyright&quot;:&quot;&quot;,&quot;focal_length&quot;:&quot;34&quot;,&quot;iso&quot;:&quot;400&quot;,&quot;shutter_speed&quot;:&quot;0.005&quot;,&quot;title&quot;:&quot;&quot;}\" data-image-title=\"Le Parc olympique\" data-image-description=\"&lt;p&gt;Le Parc olympique, qui se trouve \u00e0 Stratford dans l\u2019Est de Londres, avec vue sur le stade et la tour Orbit. La tour a \u00e9t\u00e9 con\u00e7ue par Anish Kapoor, c\u00e9l\u00e8bre architecte, pour les Jeux olympiques.&lt;\/p&gt; \" data-medium-file=\"https:\/\/preprod.olympic.ca\/olympique\/wp-content\/uploads\/sites\/2\/2012\/07\/img_868516.jpg?quality=100&#038;w=589\" data-large-file=\"https:\/\/preprod.olympic.ca\/olympique\/wp-content\/uploads\/sites\/2\/2012\/07\/img_868516.jpg?quality=100&#038;w=1197\" src=\"https:\/\/preprod.olympic.ca\/olympique\/wp-content\/uploads\/sites\/2\/2012\/07\/img_868516.jpg?quality=100&#038;w=457&#038;h=288&#038;strip&#038;resize=457%2C288\" srcset=\"https:\/\/preprod.olympic.ca\/olympique\/wp-content\/uploads\/sites\/2\/2012\/07\/img_868516.jpg 3923w, https:\/\/preprod.olympic.ca\/olympique\/wp-content\/uploads\/sites\/2\/2012\/07\/img_868516.jpg?resize=251,158 251w, https:\/\/preprod.olympic.ca\/olympique\/wp-content\/uploads\/sites\/2\/2012\/07\/img_868516.jpg?resize=589,371 589w, https:\/\/preprod.olympic.ca\/olympique\/wp-content\/uploads\/sites\/2\/2012\/07\/img_868516.jpg?resize=768,484 768w, https:\/\/preprod.olympic.ca\/olympique\/wp-content\/uploads\/sites\/2\/2012\/07\/img_868516.jpg?resize=1197,754 1197w, https:\/\/preprod.olympic.ca\/olympique\/wp-content\/uploads\/sites\/2\/2012\/07\/img_868516.jpg?resize=1536,968 1536w, https:\/\/preprod.olympic.ca\/olympique\/wp-content\/uploads\/sites\/2\/2012\/07\/img_868516.jpg?resize=2048,1291 2048w\" width=\"457\" height=\"288\" loading=\"lazy\" data-original-width=\"457\" data-original-height=\"288\" itemprop=\"http:\/\/schema.org\/image\" title=\"Le Parc olympique\" alt=\"Le Parc olympique\" style=\"width: 457px; height: 288px;\" \/> <\/a> <\/div> <\/div> <!-- close group --> <\/div> <!-- close row --> <div class=\"gallery-row\" style=\"width: 1360px; height: 335px;\" data-original-width=\"1360\" data-original-height=\"335\" > <div class=\"gallery-group images-1\" style=\"width: 389px; height: 335px;\" data-original-width=\"389\" data-original-height=\"335\" > <div class=\"tiled-gallery-item tiled-gallery-item-large\" itemprop=\"associatedMedia\" itemscope itemtype=\"http:\/\/schema.org\/ImageObject\"> <a href=\"https:\/\/preprod.olympic.ca\/olympique\/wp-content\/uploads\/sites\/2\/2012\/07\/img_869216.jpg?quality=100&#038;strip\" border=\"0\" itemprop=\"url\"> <meta itemprop=\"width\" content=\"385\"> <meta itemprop=\"height\" content=\"331\"> <img decoding=\"async\" data-recalc-dims=\"1\" class=\"\" data-attachment-id=\"36703\" data-orig-file=\"https:\/\/preprod.olympic.ca\/olympique\/wp-content\/uploads\/sites\/2\/2012\/07\/img_869216.jpg?quality=100\" data-orig-size=\"2690,2309\" data-comments-opened=\"1\" data-image-meta=\"{&quot;aperture&quot;:&quot;8&quot;,&quot;credit&quot;:&quot;&quot;,&quot;camera&quot;:&quot;Canon EOS DIGITAL REBEL XSi&quot;,&quot;caption&quot;:&quot;&quot;,&quot;created_timestamp&quot;:&quot;1342426042&quot;,&quot;copyright&quot;:&quot;&quot;,&quot;focal_length&quot;:&quot;53&quot;,&quot;iso&quot;:&quot;200&quot;,&quot;shutter_speed&quot;:&quot;0.008&quot;,&quot;title&quot;:&quot;&quot;}\" data-image-title=\"Westfield Mall\" data-image-description=\"&lt;p&gt;Westfield Mall, complexe de magasinage impressionnant o\u00f9 l\u2019on peut trouver divers magasins, boutiques et restaurants internationaux, se situe \u00e0 quelques minutes seulement du Parc olympique. Il s\u2019agira tr\u00e8s certainement d\u2019une destination populaire pendant Londres 2012.&lt;\/p&gt; \" data-medium-file=\"https:\/\/preprod.olympic.ca\/olympique\/wp-content\/uploads\/sites\/2\/2012\/07\/img_869216.jpg?quality=100&#038;w=432\" data-large-file=\"https:\/\/preprod.olympic.ca\/olympique\/wp-content\/uploads\/sites\/2\/2012\/07\/img_869216.jpg?quality=100&#038;w=878\" src=\"https:\/\/preprod.olympic.ca\/olympique\/wp-content\/uploads\/sites\/2\/2012\/07\/img_869216.jpg?quality=100&#038;w=385&#038;h=331&#038;strip&#038;resize=385%2C331\" srcset=\"https:\/\/preprod.olympic.ca\/olympique\/wp-content\/uploads\/sites\/2\/2012\/07\/img_869216.jpg 2690w, https:\/\/preprod.olympic.ca\/olympique\/wp-content\/uploads\/sites\/2\/2012\/07\/img_869216.jpg?resize=184,158 184w, https:\/\/preprod.olympic.ca\/olympique\/wp-content\/uploads\/sites\/2\/2012\/07\/img_869216.jpg?resize=432,371 432w, https:\/\/preprod.olympic.ca\/olympique\/wp-content\/uploads\/sites\/2\/2012\/07\/img_869216.jpg?resize=768,659 768w, https:\/\/preprod.olympic.ca\/olympique\/wp-content\/uploads\/sites\/2\/2012\/07\/img_869216.jpg?resize=878,754 878w, https:\/\/preprod.olympic.ca\/olympique\/wp-content\/uploads\/sites\/2\/2012\/07\/img_869216.jpg?resize=1536,1318 1536w, https:\/\/preprod.olympic.ca\/olympique\/wp-content\/uploads\/sites\/2\/2012\/07\/img_869216.jpg?resize=2048,1758 2048w\" width=\"385\" height=\"331\" loading=\"lazy\" data-original-width=\"385\" data-original-height=\"331\" itemprop=\"http:\/\/schema.org\/image\" title=\"Westfield Mall\" alt=\"Westfield Mall\" style=\"width: 385px; height: 331px;\" \/> <\/a> <\/div> <\/div> <!-- close group --> <div class=\"gallery-group images-1\" style=\"width: 471px; height: 335px;\" data-original-width=\"471\" data-original-height=\"335\" > <div class=\"tiled-gallery-item tiled-gallery-item-large\" itemprop=\"associatedMedia\" itemscope itemtype=\"http:\/\/schema.org\/ImageObject\"> <a href=\"https:\/\/preprod.olympic.ca\/olympique\/wp-content\/uploads\/sites\/2\/2012\/07\/img_869715.jpg?quality=100&#038;strip\" border=\"0\" itemprop=\"url\"> <meta itemprop=\"width\" content=\"467\"> <meta itemprop=\"height\" content=\"331\"> <img decoding=\"async\" data-recalc-dims=\"1\" class=\"\" data-attachment-id=\"36704\" data-orig-file=\"https:\/\/preprod.olympic.ca\/olympique\/wp-content\/uploads\/sites\/2\/2012\/07\/img_869715.jpg?quality=100\" data-orig-size=\"3343,2370\" data-comments-opened=\"1\" data-image-meta=\"{&quot;aperture&quot;:&quot;6.3&quot;,&quot;credit&quot;:&quot;&quot;,&quot;camera&quot;:&quot;Canon EOS DIGITAL REBEL XSi&quot;,&quot;caption&quot;:&quot;&quot;,&quot;created_timestamp&quot;:&quot;1342426891&quot;,&quot;copyright&quot;:&quot;&quot;,&quot;focal_length&quot;:&quot;30&quot;,&quot;iso&quot;:&quot;200&quot;,&quot;shutter_speed&quot;:&quot;0.016666666666667&quot;,&quot;title&quot;:&quot;&quot;}\" data-image-title=\"Wenlock et Mandeville\" data-image-description=\"&lt;p&gt;Wenlock et Mandeville, les mascottes de Londres 2012, n\u2019attendent que les photographes sur \u00ab The Street \u00bb, partie ext\u00e9rieure du Westfield Mall.&lt;\/p&gt; \" data-medium-file=\"https:\/\/preprod.olympic.ca\/olympique\/wp-content\/uploads\/sites\/2\/2012\/07\/img_869715.jpg?quality=100&#038;w=523\" data-large-file=\"https:\/\/preprod.olympic.ca\/olympique\/wp-content\/uploads\/sites\/2\/2012\/07\/img_869715.jpg?quality=100&#038;w=1064\" src=\"https:\/\/preprod.olympic.ca\/olympique\/wp-content\/uploads\/sites\/2\/2012\/07\/img_869715.jpg?quality=100&#038;w=467&#038;h=331&#038;strip&#038;resize=467%2C331\" srcset=\"https:\/\/preprod.olympic.ca\/olympique\/wp-content\/uploads\/sites\/2\/2012\/07\/img_869715.jpg 3343w, https:\/\/preprod.olympic.ca\/olympique\/wp-content\/uploads\/sites\/2\/2012\/07\/img_869715.jpg?resize=223,158 223w, https:\/\/preprod.olympic.ca\/olympique\/wp-content\/uploads\/sites\/2\/2012\/07\/img_869715.jpg?resize=523,371 523w, https:\/\/preprod.olympic.ca\/olympique\/wp-content\/uploads\/sites\/2\/2012\/07\/img_869715.jpg?resize=768,544 768w, https:\/\/preprod.olympic.ca\/olympique\/wp-content\/uploads\/sites\/2\/2012\/07\/img_869715.jpg?resize=1064,754 1064w, https:\/\/preprod.olympic.ca\/olympique\/wp-content\/uploads\/sites\/2\/2012\/07\/img_869715.jpg?resize=1536,1089 1536w, https:\/\/preprod.olympic.ca\/olympique\/wp-content\/uploads\/sites\/2\/2012\/07\/img_869715.jpg?resize=2048,1452 2048w\" width=\"467\" height=\"331\" loading=\"lazy\" data-original-width=\"467\" data-original-height=\"331\" itemprop=\"http:\/\/schema.org\/image\" title=\"Wenlock et Mandeville\" alt=\"Wenlock et Mandeville\" style=\"width: 467px; height: 331px;\" \/> <\/a> <\/div> <\/div> <!-- close group --> <div class=\"gallery-group images-1\" style=\"width: 500px; height: 335px;\" data-original-width=\"500\" data-original-height=\"335\" > <div class=\"tiled-gallery-item tiled-gallery-item-large\" itemprop=\"associatedMedia\" itemscope itemtype=\"http:\/\/schema.org\/ImageObject\"> <a href=\"https:\/\/preprod.olympic.ca\/olympique\/wp-content\/uploads\/sites\/2\/2012\/07\/img_871216.jpg?quality=100&#038;strip\" border=\"0\" itemprop=\"url\"> <meta itemprop=\"width\" content=\"496\"> <meta itemprop=\"height\" content=\"331\"> <img decoding=\"async\" data-recalc-dims=\"1\" class=\"\" data-attachment-id=\"36705\" data-orig-file=\"https:\/\/preprod.olympic.ca\/olympique\/wp-content\/uploads\/sites\/2\/2012\/07\/img_871216.jpg?quality=100\" data-orig-size=\"4272,2848\" data-comments-opened=\"1\" data-image-meta=\"{&quot;aperture&quot;:&quot;5&quot;,&quot;credit&quot;:&quot;&quot;,&quot;camera&quot;:&quot;Canon EOS DIGITAL REBEL XSi&quot;,&quot;caption&quot;:&quot;&quot;,&quot;created_timestamp&quot;:&quot;1342435453&quot;,&quot;copyright&quot;:&quot;&quot;,&quot;focal_length&quot;:&quot;40&quot;,&quot;iso&quot;:&quot;800&quot;,&quot;shutter_speed&quot;:&quot;0.066666666666667&quot;,&quot;title&quot;:&quot;&quot;}\" data-image-title=\"Les m\u00e9dailles olympiques et paralympiques\" data-image-description=\"&lt;p&gt;Les m\u00e9dailles olympiques et paralympiques de Londres 2012 sont actuellement expos\u00e9es au British Museum.&lt;\/p&gt; \" data-medium-file=\"https:\/\/preprod.olympic.ca\/olympique\/wp-content\/uploads\/sites\/2\/2012\/07\/img_871216.jpg?quality=100&#038;w=557\" data-large-file=\"https:\/\/preprod.olympic.ca\/olympique\/wp-content\/uploads\/sites\/2\/2012\/07\/img_871216.jpg?quality=100&#038;w=1131\" src=\"https:\/\/preprod.olympic.ca\/olympique\/wp-content\/uploads\/sites\/2\/2012\/07\/img_871216.jpg?quality=100&#038;w=496&#038;h=331&#038;strip&#038;resize=496%2C331\" srcset=\"https:\/\/preprod.olympic.ca\/olympique\/wp-content\/uploads\/sites\/2\/2012\/07\/img_871216.jpg 4272w, https:\/\/preprod.olympic.ca\/olympique\/wp-content\/uploads\/sites\/2\/2012\/07\/img_871216.jpg?resize=237,158 237w, https:\/\/preprod.olympic.ca\/olympique\/wp-content\/uploads\/sites\/2\/2012\/07\/img_871216.jpg?resize=557,371 557w, https:\/\/preprod.olympic.ca\/olympique\/wp-content\/uploads\/sites\/2\/2012\/07\/img_871216.jpg?resize=768,512 768w, https:\/\/preprod.olympic.ca\/olympique\/wp-content\/uploads\/sites\/2\/2012\/07\/img_871216.jpg?resize=1131,754 1131w, https:\/\/preprod.olympic.ca\/olympique\/wp-content\/uploads\/sites\/2\/2012\/07\/img_871216.jpg?resize=1536,1024 1536w, https:\/\/preprod.olympic.ca\/olympique\/wp-content\/uploads\/sites\/2\/2012\/07\/img_871216.jpg?resize=2048,1365 2048w\" width=\"496\" height=\"331\" loading=\"lazy\" data-original-width=\"496\" data-original-height=\"331\" itemprop=\"http:\/\/schema.org\/image\" title=\"Les m\u00e9dailles olympiques et paralympiques\" alt=\"Les m\u00e9dailles olympiques et paralympiques\" style=\"width: 496px; height: 331px;\" \/> <\/a> <\/div> <\/div> <!-- close group --> <\/div> <!-- close row --> <\/div>\n","protected":false},"excerpt":{"rendered":"<p>Le compte \u00e0 rebours avant Londres 2012 bat son plein. Toutefois, paradoxe, l\u2019atmosph\u00e8re est \u00e9trangement tranquille au Parc olympique. Debout&#8230;<\/p>\n","protected":false},"author":52435356,"featured_media":36704,"comment_status":"open","ping_status":"open","sticky":false,"template":"","format":"standard","meta":{"_acf_changed":false,"_jetpack_memberships_contains_paid_content":false,"footnotes":""},"categories":[184354215,70121],"tags":[],"post_format":"standard","sport":[],"game":[],"coauthors":[187835160],"class_list":["post-36698","post","type-post","status-publish","format-standard","has-post-thumbnail","hentry","category-londres-2012-blog","category-equipe"],"acf":[],"yoast_head":"<!-- This site is optimized with the Yoast SEO plugin v27.3 - https:\/\/yoast.com\/product\/yoast-seo-wordpress\/ -->\n<title>Le calme avant la temp\u00eate olympique - \u00c9quipe Canada | Site officiel de l&#039;\u00e9quipe olympique<\/title>\n<meta name=\"robots\" content=\"index, follow, max-snippet:-1, max-image-preview:large, max-video-preview:-1\" \/>\n<link rel=\"canonical\" href=\"https:\/\/preprod.olympic.ca\/olympique\/2012\/07\/21\/le-calme-avant-la-tempete-olympique\/\" \/>\n<meta property=\"og:locale\" content=\"fr_FR\" \/>\n<meta property=\"og:type\" content=\"article\" \/>\n<meta property=\"og:title\" content=\"Le calme avant la temp\u00eate olympique - \u00c9quipe Canada | Site officiel de l&#039;\u00e9quipe olympique\" \/>\n<meta property=\"og:description\" content=\"Le compte \u00e0 rebours avant Londres 2012 bat son plein. Toutefois, paradoxe, l\u2019atmosph\u00e8re est \u00e9trangement tranquille au Parc olympique. Debout...\" \/>\n<meta property=\"og:url\" content=\"https:\/\/preprod.olympic.ca\/olympique\/2012\/07\/21\/le-calme-avant-la-tempete-olympique\/\" \/>\n<meta property=\"og:site_name\" content=\"\u00c9quipe Canada | Site officiel de l&#039;\u00e9quipe olympique\" \/>\n<meta property=\"article:published_time\" content=\"2012-07-21T14:21:21+00:00\" \/>\n<meta property=\"og:image\" content=\"https:\/\/preprod.olympic.ca\/olympique\/wp-content\/uploads\/sites\/2\/2012\/07\/img_869715.jpg?quality=100\" \/>\n\t<meta property=\"og:image:width\" content=\"3343\" \/>\n\t<meta property=\"og:image:height\" content=\"2370\" \/>\n\t<meta property=\"og:image:type\" content=\"image\/jpeg\" \/>\n<meta name=\"author\" content=\"Ben Stevenson\" \/>\n<meta name=\"twitter:card\" content=\"summary_large_image\" \/>\n<meta name=\"twitter:label1\" content=\"Written by\" \/>\n\t<meta name=\"twitter:data1\" content=\"Ben Stevenson\" \/>\n\t<meta name=\"twitter:label2\" content=\"Est. reading time\" \/>\n\t<meta name=\"twitter:data2\" content=\"2 minutes\" \/>\n<script type=\"application\/ld+json\" class=\"yoast-schema-graph\">{\"@context\":\"https:\\\/\\\/schema.org\",\"@graph\":[{\"@type\":\"Article\",\"@id\":\"https:\\\/\\\/preprod.olympic.ca\\\/olympique\\\/2012\\\/07\\\/21\\\/le-calme-avant-la-tempete-olympique\\\/#article\",\"isPartOf\":{\"@id\":\"https:\\\/\\\/preprod.olympic.ca\\\/olympique\\\/2012\\\/07\\\/21\\\/le-calme-avant-la-tempete-olympique\\\/\"},\"author\":{\"name\":\"Ben Stevenson\",\"@id\":\"https:\\\/\\\/preprod.olympic.ca\\\/olympique\\\/#\\\/schema\\\/person\\\/fb9edb1f2f2d7053924364780a4bd048\"},\"headline\":\"Le calme avant la temp\u00eate olympique\",\"datePublished\":\"2012-07-21T14:21:21+00:00\",\"mainEntityOfPage\":{\"@id\":\"https:\\\/\\\/preprod.olympic.ca\\\/olympique\\\/2012\\\/07\\\/21\\\/le-calme-avant-la-tempete-olympique\\\/\"},\"wordCount\":454,\"commentCount\":0,\"image\":{\"@id\":\"https:\\\/\\\/preprod.olympic.ca\\\/olympique\\\/2012\\\/07\\\/21\\\/le-calme-avant-la-tempete-olympique\\\/#primaryimage\"},\"thumbnailUrl\":\"https:\\\/\\\/preprod.olympic.ca\\\/olympique\\\/wp-content\\\/uploads\\\/sites\\\/2\\\/2012\\\/07\\\/img_869715.jpg?quality=100\",\"articleSection\":[\"Londres 2012 Blog\",\"Nouvelles de l'equipe\"],\"inLanguage\":\"fr-FR\",\"potentialAction\":[{\"@type\":\"CommentAction\",\"name\":\"Comment\",\"target\":[\"https:\\\/\\\/preprod.olympic.ca\\\/olympique\\\/2012\\\/07\\\/21\\\/le-calme-avant-la-tempete-olympique\\\/#respond\"]}]},{\"@type\":\"WebPage\",\"@id\":\"https:\\\/\\\/preprod.olympic.ca\\\/olympique\\\/2012\\\/07\\\/21\\\/le-calme-avant-la-tempete-olympique\\\/\",\"url\":\"https:\\\/\\\/preprod.olympic.ca\\\/olympique\\\/2012\\\/07\\\/21\\\/le-calme-avant-la-tempete-olympique\\\/\",\"name\":\"Le calme avant la temp\u00eate olympique - \u00c9quipe Canada | Site officiel de l&#039;\u00e9quipe olympique\",\"isPartOf\":{\"@id\":\"https:\\\/\\\/preprod.olympic.ca\\\/olympique\\\/#website\"},\"primaryImageOfPage\":{\"@id\":\"https:\\\/\\\/preprod.olympic.ca\\\/olympique\\\/2012\\\/07\\\/21\\\/le-calme-avant-la-tempete-olympique\\\/#primaryimage\"},\"image\":{\"@id\":\"https:\\\/\\\/preprod.olympic.ca\\\/olympique\\\/2012\\\/07\\\/21\\\/le-calme-avant-la-tempete-olympique\\\/#primaryimage\"},\"thumbnailUrl\":\"https:\\\/\\\/preprod.olympic.ca\\\/olympique\\\/wp-content\\\/uploads\\\/sites\\\/2\\\/2012\\\/07\\\/img_869715.jpg?quality=100\",\"datePublished\":\"2012-07-21T14:21:21+00:00\",\"author\":{\"@id\":\"https:\\\/\\\/preprod.olympic.ca\\\/olympique\\\/#\\\/schema\\\/person\\\/fb9edb1f2f2d7053924364780a4bd048\"},\"inLanguage\":\"fr-FR\",\"potentialAction\":[{\"@type\":\"ReadAction\",\"target\":[\"https:\\\/\\\/preprod.olympic.ca\\\/olympique\\\/2012\\\/07\\\/21\\\/le-calme-avant-la-tempete-olympique\\\/\"]}]},{\"@type\":\"ImageObject\",\"inLanguage\":\"fr-FR\",\"@id\":\"https:\\\/\\\/preprod.olympic.ca\\\/olympique\\\/2012\\\/07\\\/21\\\/le-calme-avant-la-tempete-olympique\\\/#primaryimage\",\"url\":\"https:\\\/\\\/preprod.olympic.ca\\\/olympique\\\/wp-content\\\/uploads\\\/sites\\\/2\\\/2012\\\/07\\\/img_869715.jpg?quality=100\",\"contentUrl\":\"https:\\\/\\\/preprod.olympic.ca\\\/olympique\\\/wp-content\\\/uploads\\\/sites\\\/2\\\/2012\\\/07\\\/img_869715.jpg?quality=100\",\"width\":3343,\"height\":2370},{\"@type\":\"WebSite\",\"@id\":\"https:\\\/\\\/preprod.olympic.ca\\\/olympique\\\/#website\",\"url\":\"https:\\\/\\\/preprod.olympic.ca\\\/olympique\\\/\",\"name\":\"\u00c9quipe Canada | Site officiel de l&#039;\u00e9quipe olympique\",\"description\":\"Votre source pour l\u2019\u00c9quipe olympique canadienne. Retrouvez les r\u00e9cits, vid\u00e9os et photos des athl\u00e8tes canadiens, sports olympiques, Jeux olympiques de 2020 et bien plus!\",\"potentialAction\":[{\"@type\":\"SearchAction\",\"target\":{\"@type\":\"EntryPoint\",\"urlTemplate\":\"https:\\\/\\\/preprod.olympic.ca\\\/olympique\\\/?s={search_term_string}\"},\"query-input\":{\"@type\":\"PropertyValueSpecification\",\"valueRequired\":true,\"valueName\":\"search_term_string\"}}],\"inLanguage\":\"fr-FR\"},{\"@type\":\"Person\",\"@id\":\"https:\\\/\\\/preprod.olympic.ca\\\/olympique\\\/#\\\/schema\\\/person\\\/fb9edb1f2f2d7053924364780a4bd048\",\"name\":\"Ben Stevenson\",\"image\":{\"@type\":\"ImageObject\",\"inLanguage\":\"fr-FR\",\"@id\":\"https:\\\/\\\/secure.gravatar.com\\\/avatar\\\/1f38c4b33086e47eaf1427b6b6d5e7ccbc308da0b2b745a7afc6913cd5cb2c81?s=96&d=identicon&r=g9f03b2891d7e4a094d5adf45bc3a2b03\",\"url\":\"https:\\\/\\\/secure.gravatar.com\\\/avatar\\\/1f38c4b33086e47eaf1427b6b6d5e7ccbc308da0b2b745a7afc6913cd5cb2c81?s=96&d=identicon&r=g\",\"contentUrl\":\"https:\\\/\\\/secure.gravatar.com\\\/avatar\\\/1f38c4b33086e47eaf1427b6b6d5e7ccbc308da0b2b745a7afc6913cd5cb2c81?s=96&d=identicon&r=g\",\"caption\":\"Ben Stevenson\"},\"description\":\"Manager, Content - Canadian Olympic Committee Gestionnaire, Contenu - Comit\u00e9 olympique canadien\",\"url\":\"https:\\\/\\\/preprod.olympic.ca\\\/olympique\\\/author\\\/stevensonben\\\/\"}]}<\/script>\n<!-- \/ Yoast SEO plugin. -->","yoast_head_json":{"title":"Le calme avant la temp\u00eate olympique - \u00c9quipe Canada | Site officiel de l&#039;\u00e9quipe olympique","robots":{"index":"index","follow":"follow","max-snippet":"max-snippet:-1","max-image-preview":"max-image-preview:large","max-video-preview":"max-video-preview:-1"},"canonical":"https:\/\/preprod.olympic.ca\/olympique\/2012\/07\/21\/le-calme-avant-la-tempete-olympique\/","og_locale":"fr_FR","og_type":"article","og_title":"Le calme avant la temp\u00eate olympique - \u00c9quipe Canada | Site officiel de l&#039;\u00e9quipe olympique","og_description":"Le compte \u00e0 rebours avant Londres 2012 bat son plein. Toutefois, paradoxe, l\u2019atmosph\u00e8re est \u00e9trangement tranquille au Parc olympique. Debout...","og_url":"https:\/\/preprod.olympic.ca\/olympique\/2012\/07\/21\/le-calme-avant-la-tempete-olympique\/","og_site_name":"\u00c9quipe Canada | Site officiel de l&#039;\u00e9quipe olympique","article_published_time":"2012-07-21T14:21:21+00:00","og_image":[{"width":3343,"height":2370,"url":"https:\/\/preprod.olympic.ca\/olympique\/wp-content\/uploads\/sites\/2\/2012\/07\/img_869715.jpg?quality=100","type":"image\/jpeg"}],"author":"Ben Stevenson","twitter_card":"summary_large_image","twitter_misc":{"Written by":"Ben Stevenson","Est. reading time":"2 minutes"},"schema":{"@context":"https:\/\/schema.org","@graph":[{"@type":"Article","@id":"https:\/\/preprod.olympic.ca\/olympique\/2012\/07\/21\/le-calme-avant-la-tempete-olympique\/#article","isPartOf":{"@id":"https:\/\/preprod.olympic.ca\/olympique\/2012\/07\/21\/le-calme-avant-la-tempete-olympique\/"},"author":{"name":"Ben Stevenson","@id":"https:\/\/preprod.olympic.ca\/olympique\/#\/schema\/person\/fb9edb1f2f2d7053924364780a4bd048"},"headline":"Le calme avant la temp\u00eate olympique","datePublished":"2012-07-21T14:21:21+00:00","mainEntityOfPage":{"@id":"https:\/\/preprod.olympic.ca\/olympique\/2012\/07\/21\/le-calme-avant-la-tempete-olympique\/"},"wordCount":454,"commentCount":0,"image":{"@id":"https:\/\/preprod.olympic.ca\/olympique\/2012\/07\/21\/le-calme-avant-la-tempete-olympique\/#primaryimage"},"thumbnailUrl":"https:\/\/preprod.olympic.ca\/olympique\/wp-content\/uploads\/sites\/2\/2012\/07\/img_869715.jpg?quality=100","articleSection":["Londres 2012 Blog","Nouvelles de l'equipe"],"inLanguage":"fr-FR","potentialAction":[{"@type":"CommentAction","name":"Comment","target":["https:\/\/preprod.olympic.ca\/olympique\/2012\/07\/21\/le-calme-avant-la-tempete-olympique\/#respond"]}]},{"@type":"WebPage","@id":"https:\/\/preprod.olympic.ca\/olympique\/2012\/07\/21\/le-calme-avant-la-tempete-olympique\/","url":"https:\/\/preprod.olympic.ca\/olympique\/2012\/07\/21\/le-calme-avant-la-tempete-olympique\/","name":"Le calme avant la temp\u00eate olympique - \u00c9quipe Canada | Site officiel de l&#039;\u00e9quipe olympique","isPartOf":{"@id":"https:\/\/preprod.olympic.ca\/olympique\/#website"},"primaryImageOfPage":{"@id":"https:\/\/preprod.olympic.ca\/olympique\/2012\/07\/21\/le-calme-avant-la-tempete-olympique\/#primaryimage"},"image":{"@id":"https:\/\/preprod.olympic.ca\/olympique\/2012\/07\/21\/le-calme-avant-la-tempete-olympique\/#primaryimage"},"thumbnailUrl":"https:\/\/preprod.olympic.ca\/olympique\/wp-content\/uploads\/sites\/2\/2012\/07\/img_869715.jpg?quality=100","datePublished":"2012-07-21T14:21:21+00:00","author":{"@id":"https:\/\/preprod.olympic.ca\/olympique\/#\/schema\/person\/fb9edb1f2f2d7053924364780a4bd048"},"inLanguage":"fr-FR","potentialAction":[{"@type":"ReadAction","target":["https:\/\/preprod.olympic.ca\/olympique\/2012\/07\/21\/le-calme-avant-la-tempete-olympique\/"]}]},{"@type":"ImageObject","inLanguage":"fr-FR","@id":"https:\/\/preprod.olympic.ca\/olympique\/2012\/07\/21\/le-calme-avant-la-tempete-olympique\/#primaryimage","url":"https:\/\/preprod.olympic.ca\/olympique\/wp-content\/uploads\/sites\/2\/2012\/07\/img_869715.jpg?quality=100","contentUrl":"https:\/\/preprod.olympic.ca\/olympique\/wp-content\/uploads\/sites\/2\/2012\/07\/img_869715.jpg?quality=100","width":3343,"height":2370},{"@type":"WebSite","@id":"https:\/\/preprod.olympic.ca\/olympique\/#website","url":"https:\/\/preprod.olympic.ca\/olympique\/","name":"\u00c9quipe Canada | Site officiel de l&#039;\u00e9quipe olympique","description":"Votre source pour l\u2019\u00c9quipe olympique canadienne. Retrouvez les r\u00e9cits, vid\u00e9os et photos des athl\u00e8tes canadiens, sports olympiques, Jeux olympiques de 2020 et bien plus!","potentialAction":[{"@type":"SearchAction","target":{"@type":"EntryPoint","urlTemplate":"https:\/\/preprod.olympic.ca\/olympique\/?s={search_term_string}"},"query-input":{"@type":"PropertyValueSpecification","valueRequired":true,"valueName":"search_term_string"}}],"inLanguage":"fr-FR"},{"@type":"Person","@id":"https:\/\/preprod.olympic.ca\/olympique\/#\/schema\/person\/fb9edb1f2f2d7053924364780a4bd048","name":"Ben Stevenson","image":{"@type":"ImageObject","inLanguage":"fr-FR","@id":"https:\/\/secure.gravatar.com\/avatar\/1f38c4b33086e47eaf1427b6b6d5e7ccbc308da0b2b745a7afc6913cd5cb2c81?s=96&d=identicon&r=g9f03b2891d7e4a094d5adf45bc3a2b03","url":"https:\/\/secure.gravatar.com\/avatar\/1f38c4b33086e47eaf1427b6b6d5e7ccbc308da0b2b745a7afc6913cd5cb2c81?s=96&d=identicon&r=g","contentUrl":"https:\/\/secure.gravatar.com\/avatar\/1f38c4b33086e47eaf1427b6b6d5e7ccbc308da0b2b745a7afc6913cd5cb2c81?s=96&d=identicon&r=g","caption":"Ben Stevenson"},"description":"Manager, Content - Canadian Olympic Committee Gestionnaire, Contenu - Comit\u00e9 olympique canadien","url":"https:\/\/preprod.olympic.ca\/olympique\/author\/stevensonben\/"}]}},"jetpack_featured_media_url":"https:\/\/preprod.olympic.ca\/olympique\/wp-content\/uploads\/sites\/2\/2012\/07\/img_869715.jpg?quality=100","featured_image_url":"https:\/\/preprod.olympic.ca\/olympique\/wp-content\/uploads\/sites\/2\/2012\/07\/img_869715.jpg?quality=100","author_name":["Ben Stevenson"],"category_names":["Londres 2012 Blog","Nouvelles de l'equipe"],"tag_names":[],"video_embed_code":"","facebook_video_embed_code":"","jetpack_sharing_enabled":true,"jetpack-related-posts":[],"jetpack_shortlink":"https:\/\/wp.me\/pcGHcP-9xU","_links":{"self":[{"href":"https:\/\/preprod.olympic.ca\/olympique\/wp-json\/wp\/v2\/posts\/36698","targetHints":{"allow":["GET"]}}],"collection":[{"href":"https:\/\/preprod.olympic.ca\/olympique\/wp-json\/wp\/v2\/posts"}],"about":[{"href":"https:\/\/preprod.olympic.ca\/olympique\/wp-json\/wp\/v2\/types\/post"}],"author":[{"embeddable":true,"href":"https:\/\/preprod.olympic.ca\/olympique\/wp-json\/wp\/v2\/users\/52435356"}],"replies":[{"embeddable":true,"href":"https:\/\/preprod.olympic.ca\/olympique\/wp-json\/wp\/v2\/comments?post=36698"}],"version-history":[{"count":0,"href":"https:\/\/preprod.olympic.ca\/olympique\/wp-json\/wp\/v2\/posts\/36698\/revisions"}],"wp:featuredmedia":[{"embeddable":true,"href":"https:\/\/preprod.olympic.ca\/olympique\/wp-json\/wp\/v2\/media\/36704"}],"wp:attachment":[{"href":"https:\/\/preprod.olympic.ca\/olympique\/wp-json\/wp\/v2\/media?parent=36698"}],"wp:term":[{"taxonomy":"category","embeddable":true,"href":"https:\/\/preprod.olympic.ca\/olympique\/wp-json\/wp\/v2\/categories?post=36698"},{"taxonomy":"post_tag","embeddable":true,"href":"https:\/\/preprod.olympic.ca\/olympique\/wp-json\/wp\/v2\/tags?post=36698"},{"taxonomy":"post_format","embeddable":true,"href":"https:\/\/preprod.olympic.ca\/olympique\/wp-json\/wp\/v2\/post_format?post=36698"},{"taxonomy":"sport","embeddable":true,"href":"https:\/\/preprod.olympic.ca\/olympique\/wp-json\/wp\/v2\/sport?post=36698"},{"taxonomy":"game","embeddable":true,"href":"https:\/\/preprod.olympic.ca\/olympique\/wp-json\/wp\/v2\/game?post=36698"},{"taxonomy":"author","embeddable":true,"href":"https:\/\/preprod.olympic.ca\/olympique\/wp-json\/wp\/v2\/coauthors?post=36698"}],"curies":[{"name":"wp","href":"https:\/\/api.w.org\/{rel}","templated":true}]}}