{"id":3728,"date":"2009-12-02T15:50:02","date_gmt":"2009-12-02T20:50:02","guid":{"rendered":"http:\/\/preprod.olympic.ca\/?p=3728"},"modified":"2013-08-01T01:09:01","modified_gmt":"2013-08-01T01:09:01","slug":"appuyons-nos-athletes-dun-centre-commercial-a-lautre-a-travers-le-canada","status":"publish","type":"post","link":"https:\/\/preprod.olympic.ca\/olympique\/2009\/12\/02\/appuyons-nos-athletes-dun-centre-commercial-a-lautre-a-travers-le-canada\/","title":{"rendered":"\u00ab Appuyons nos athl\u00e8tes \u00bb d\u2019un centre commercial \u00e0 l\u2019autre \u00e0 travers le Canada"},"content":{"rendered":"<p>Le temps est venu de nous rallier et d\u2019aider nos athl\u00e8tes des \u00e9quipes olympique et paralympique des Jeux d\u2019hiver de s\u2019approprier le podium en 2010. L\u2019enthousiasme pour les Jeux est palpable et la flamme olympique est arriv\u00e9e en sol canadien le 30 octobre dernier. Le relais du flambeau olympique des Jeux de 2010 durera 106 jours. \u00ab Appuyons nos athl\u00e8tes \u00bb est le nom de notre campagne nationale de financement en ligne, lanc\u00e9e le 19 f\u00e9vrier 2009, visant \u00e0 appuyer nos athl\u00e8tes olympique et paralympique des Jeux d\u2019hiver, et se poursuit dans les centres commerciaux \u00e0 travers le Canada.<\/p>\n<p>Afin de profiter de l\u2019enthousiasme entourant le relais du flambeau, un \u00e9talage sp\u00e9cial \u00ab Appuyons nos athl\u00e8tes \u00bb sera plac\u00e9 dans Les Promenades St-Bruno du 2 au 7 d\u00e9cembre, et co\u00efncidera avec l\u2019arriv\u00e9e du flambeau \u00e0 Saint-Bruno-de-Montarville le 7 d\u00e9cembre. En plus, Marilou Dozois-Pr\u00e9vost sera l\u00e0 le 5 d\u00e9cembre de 12 h 45 \u00e0 3 h 00 pour rencontrer les fans. Les clients des Promenades St-Bruno seront invit\u00e9s \u00e0 signer une carte de souhaits interactive pour les athl\u00e8tes canadiens, et \u00e0 faire un don dans le cadre du programme \u00c0 nous le podium 2010.<\/p>\n<p>Des ordinateurs portables seront mis \u00e0 la disposition des clients afin qu\u2019ils puissent faire des dons en ligne. Des bo\u00eetes pour les dons en argent et des cartes de don seront \u00e9galement disponibles. Pour les dons de 1 $ et plus, la Fondation olympique canadienne \u00e9mettra des re\u00e7us pour fins d\u2019imp\u00f4ts.<\/p>\n<p>L\u2019\u00e9talage portera la marque \u00ab Rouge! \u00c7a bouge! \u00bb, une initiative visant \u00e0 encourager les Canadiens \u00e0 afficher leur appui et leur fiert\u00e9 pour l\u2019\u00e9quipe olympique canadienne en 2010. La carte de souhaits interactive voyagera d\u2019un centre commercial \u00e0 l\u2019autre \u00e0 travers le Canada, suivant le relais de la flamme dans la mesure du possible, et arrivera \u00e0 Vancouver \u00e0 temps pour le d\u00e9but des Jeux olympiques d\u2019hiver de 2010. Durant les Jeux, les athl\u00e8tes canadiens pourront prendre connaissance des souhaits de leurs compatriotes canadiens.<\/p>\n<p><strong>Il est le temps de changer l\u2019histoire canadienne en mati\u00e8re de m\u00e9dailles, et ce en remportant l\u2019or aux Jeux olympiques chez nous<\/strong><\/p>\n<p>Malgr\u00e9 le fait que le Canada ait remport\u00e9 un franc succ\u00e8s aux Jeux olympiques et paralympiques \u00e0 l\u2019ext\u00e9rieur du pays, aucun Canadien n\u2019a jamais remport\u00e9 l\u2019or \u00e0 domicile, ni aux Jeux olympiques de 1976 \u00e0 Montr\u00e9al, ni aux Jeux olympiques d\u2019hiver de 1988 \u00e0 Calgary. Les paralympiens canadiens s\u2019affronteront durant les premiers Jeux paralympiques d\u2019hiver \u00e0 \u00eatre pr\u00e9sent\u00e9s au Canada. \u00c0 nous le podium 2010, une initiative sportive technique qui vise \u00e0 aider les athl\u00e8tes du Canada \u00e0 remporter le plus grand nombre de m\u00e9dailles aux Jeux olympiques d\u2019hiver de 2010 \u00e0 Vancouver et \u00e0 placer le Canada parmi les trois premi\u00e8res nations (au d\u00e9compte des m\u00e9dailles d\u2019or) aux Jeux paralympiques d\u2019hiver de 2010 \u00e0 Vancouver, aide \u00e0 pr\u00e9parer la sc\u00e8ne o\u00f9 les athl\u00e8tes canadiens marqueront l\u2019histoire.<\/p>\n<p><strong>\u00c0 nous le podium 2010<\/strong><\/p>\n<p>\u00c0 nous le podium est un programme technique d\u2019envergure nationale qui a \u00e9t\u00e9 originellement con\u00e7u afin d\u2019aider les athl\u00e8tes canadiens en sports d\u2019hiver \u00e0 remporter le plus grand nombre de m\u00e9dailles lors des Jeux olympiques d\u2019hiver de 2010 \u00e0 Vancouver et de placer le Canada parmi les trois premi\u00e8res nations au tableau des m\u00e9dailles d\u2019or aux Jeux paralympiques d\u2019hiver de 2010. En 2006, le programme s\u2019est vu confier le mandat de soutenir les organismes de sports d\u2019\u00e9t\u00e9 cibl\u00e9s. L\u2019objectif est de placer le Canada parmi les 12 premi\u00e8res nations aux Jeux olympiques de 2012 et parmi les 8 premi\u00e8res aux Jeux paralympiques de 2012 \u00e0 Londres.<\/p>\n<p>Les responsables des programmes et du financement d\u2019\u00c0 nous le podium sous sa nouvelle d\u00e9signation strat\u00e9gique sont le gouvernement du Canada, le Comit\u00e9 olympique canadien (COC) et le Comit\u00e9 paralympique canadien (CPC). Le Comit\u00e9 organisateur des Jeux olympiques et paralympiques d\u2019hiver de 2010 (COVAN) et certains de ses partenaires commerciaux, ainsi que tous les gouvernements provinciaux et territoriaux du Canada, sont des partenaires financiers du programme pour les sports d\u2019hiver. Le gouvernement de la Colombie-Britannique a \u00e9galement contribu\u00e9 au programme pour les sports d\u2019\u00e9t\u00e9.<\/p>\n<p>Afin d\u2019obtenir un \u00e9ventail complet des initiatives et des programmes de \u00c0 nous le podium, y compris la r\u00e9partition des services et du soutien pour chaque sport, veuillez visiter notre site Internet \u00a0<a href=\"http:\/\/www.anouslepodium.org\">www.anouslepodium.org<\/a>.<\/p>\n<p>Arr\u00eats futurs de l\u2019\u00e9talage \u00ab Appuyons nos athl\u00e8tes \u00bb<\/p>\n<p>9-13 d\u00e9cembre: Le Carrefour Laval- Laval, QC<br \/>\n16-17 d\u00e9cembre: Le Centre Eaton- Toronto, ON<br \/>\n5-10 janvier: Polo Park- Winnipeg, MB<br \/>\n13-18 janvier: Le Centre Chinook- Calgary, AB<br \/>\n20-24 janvier: Market Mall- Calgary, AB<br \/>\n28-31 janvier: Le Centre Richmond- Richmond, BC<br \/>\n2-4 f\u00e9vrier: The Station- Vancouver, BC<br \/>\n6-10 f\u00e9vrier: Pacific Centre- Vancouver, BC<br \/>\n12 f\u00e9vrier- 21 mars: Jeux olympiques d\u2019hiver de 2010 \u00e0 Vancouver (l\u2019emplacement \u00e0 confirmer)<\/p>\n<p>Pour plus de renseignements, veuillez composer les num\u00e9ros ci-dessous :<\/p>\n<p>\u00c0 nous le podium 2010 &#8211; Chris Dornan (281-703-4394) ou Claire Buffone-Blair (403-202-6310)<br \/>\nRelais de la flamme olympique de 2010 &#8211; Jenee Elborne (604-403-1787)<br \/>\nRouge! \u00c7a bouge! &#8211; Kathrin Mertens (416-324-4145) ou Isabelle Hodge (416-324-4122)<br \/>\nFondation olympique canadienne &#8211; (1-888-377-7073)<\/p>\n","protected":false},"excerpt":{"rendered":"<p>Le temps est venu de nous rallier et d\u2019aider nos athl\u00e8tes des \u00e9quipes olympique et paralympique des Jeux d\u2019hiver de&#8230;<\/p>\n","protected":false},"author":47562643,"featured_media":0,"comment_status":"open","ping_status":"open","sticky":false,"template":"","format":"standard","meta":{"_acf_changed":false,"_jetpack_memberships_contains_paid_content":false,"footnotes":""},"categories":[23939911],"tags":[],"post_format":"standard","sport":[],"game":[],"coauthors":[186127234],"class_list":["post-3728","post","type-post","status-publish","format-standard","hentry","category-uncategorized-fr"],"acf":[],"yoast_head":"<!-- This site is optimized with the Yoast SEO plugin v27.3 - https:\/\/yoast.com\/product\/yoast-seo-wordpress\/ -->\n<title>\u00ab Appuyons nos athl\u00e8tes \u00bb d\u2019un centre commercial \u00e0 l\u2019autre \u00e0 travers le Canada - \u00c9quipe Canada | Site officiel de l&#039;\u00e9quipe olympique<\/title>\n<meta name=\"robots\" content=\"index, follow, max-snippet:-1, max-image-preview:large, max-video-preview:-1\" \/>\n<link rel=\"canonical\" href=\"https:\/\/preprod.olympic.ca\/olympique\/2009\/12\/02\/appuyons-nos-athletes-dun-centre-commercial-a-lautre-a-travers-le-canada\/\" \/>\n<meta property=\"og:locale\" content=\"fr_FR\" \/>\n<meta property=\"og:type\" content=\"article\" \/>\n<meta property=\"og:title\" content=\"\u00ab Appuyons nos athl\u00e8tes \u00bb d\u2019un centre commercial \u00e0 l\u2019autre \u00e0 travers le Canada - \u00c9quipe Canada | Site officiel de l&#039;\u00e9quipe olympique\" \/>\n<meta property=\"og:description\" content=\"Le temps est venu de nous rallier et d\u2019aider nos athl\u00e8tes des \u00e9quipes olympique et paralympique des Jeux d\u2019hiver de...\" \/>\n<meta property=\"og:url\" content=\"https:\/\/preprod.olympic.ca\/olympique\/2009\/12\/02\/appuyons-nos-athletes-dun-centre-commercial-a-lautre-a-travers-le-canada\/\" \/>\n<meta property=\"og:site_name\" content=\"\u00c9quipe Canada | Site officiel de l&#039;\u00e9quipe olympique\" \/>\n<meta property=\"article:published_time\" content=\"2009-12-02T20:50:02+00:00\" \/>\n<meta property=\"article:modified_time\" content=\"2013-08-01T01:09:01+00:00\" \/>\n<meta name=\"author\" content=\"Comit\u00e9 olympique canadien\" \/>\n<meta name=\"twitter:card\" content=\"summary_large_image\" \/>\n<meta name=\"twitter:label1\" content=\"Written by\" \/>\n\t<meta name=\"twitter:data1\" content=\"Comit\u00e9 olympique canadien\" \/>\n\t<meta name=\"twitter:label2\" content=\"Est. reading time\" \/>\n\t<meta name=\"twitter:data2\" content=\"4 minutes\" \/>\n<script type=\"application\/ld+json\" class=\"yoast-schema-graph\">{\"@context\":\"https:\\\/\\\/schema.org\",\"@graph\":[{\"@type\":\"Article\",\"@id\":\"https:\\\/\\\/preprod.olympic.ca\\\/olympique\\\/2009\\\/12\\\/02\\\/appuyons-nos-athletes-dun-centre-commercial-a-lautre-a-travers-le-canada\\\/#article\",\"isPartOf\":{\"@id\":\"https:\\\/\\\/preprod.olympic.ca\\\/olympique\\\/2009\\\/12\\\/02\\\/appuyons-nos-athletes-dun-centre-commercial-a-lautre-a-travers-le-canada\\\/\"},\"author\":{\"name\":\"cdnolympicteam\",\"@id\":\"https:\\\/\\\/preprod.olympic.ca\\\/olympique\\\/#\\\/schema\\\/person\\\/08d84fd062bf1b56ffb3808cb69aee9c\"},\"headline\":\"\u00ab Appuyons nos athl\u00e8tes \u00bb d\u2019un centre commercial \u00e0 l\u2019autre \u00e0 travers le Canada\",\"datePublished\":\"2009-12-02T20:50:02+00:00\",\"dateModified\":\"2013-08-01T01:09:01+00:00\",\"mainEntityOfPage\":{\"@id\":\"https:\\\/\\\/preprod.olympic.ca\\\/olympique\\\/2009\\\/12\\\/02\\\/appuyons-nos-athletes-dun-centre-commercial-a-lautre-a-travers-le-canada\\\/\"},\"wordCount\":868,\"commentCount\":0,\"articleSection\":[\"Uncategorized @fr\"],\"inLanguage\":\"fr-FR\",\"potentialAction\":[{\"@type\":\"CommentAction\",\"name\":\"Comment\",\"target\":[\"https:\\\/\\\/preprod.olympic.ca\\\/olympique\\\/2009\\\/12\\\/02\\\/appuyons-nos-athletes-dun-centre-commercial-a-lautre-a-travers-le-canada\\\/#respond\"]}]},{\"@type\":\"WebPage\",\"@id\":\"https:\\\/\\\/preprod.olympic.ca\\\/olympique\\\/2009\\\/12\\\/02\\\/appuyons-nos-athletes-dun-centre-commercial-a-lautre-a-travers-le-canada\\\/\",\"url\":\"https:\\\/\\\/preprod.olympic.ca\\\/olympique\\\/2009\\\/12\\\/02\\\/appuyons-nos-athletes-dun-centre-commercial-a-lautre-a-travers-le-canada\\\/\",\"name\":\"\u00ab Appuyons nos athl\u00e8tes \u00bb d\u2019un centre commercial \u00e0 l\u2019autre \u00e0 travers le Canada - \u00c9quipe Canada | Site officiel de l&#039;\u00e9quipe olympique\",\"isPartOf\":{\"@id\":\"https:\\\/\\\/preprod.olympic.ca\\\/olympique\\\/#website\"},\"datePublished\":\"2009-12-02T20:50:02+00:00\",\"dateModified\":\"2013-08-01T01:09:01+00:00\",\"author\":{\"@id\":\"https:\\\/\\\/preprod.olympic.ca\\\/olympique\\\/#\\\/schema\\\/person\\\/08d84fd062bf1b56ffb3808cb69aee9c\"},\"inLanguage\":\"fr-FR\",\"potentialAction\":[{\"@type\":\"ReadAction\",\"target\":[\"https:\\\/\\\/preprod.olympic.ca\\\/olympique\\\/2009\\\/12\\\/02\\\/appuyons-nos-athletes-dun-centre-commercial-a-lautre-a-travers-le-canada\\\/\"]}]},{\"@type\":\"WebSite\",\"@id\":\"https:\\\/\\\/preprod.olympic.ca\\\/olympique\\\/#website\",\"url\":\"https:\\\/\\\/preprod.olympic.ca\\\/olympique\\\/\",\"name\":\"\u00c9quipe Canada | Site officiel de l&#039;\u00e9quipe olympique\",\"description\":\"Votre source pour l\u2019\u00c9quipe olympique canadienne. Retrouvez les r\u00e9cits, vid\u00e9os et photos des athl\u00e8tes canadiens, sports olympiques, Jeux olympiques de 2020 et bien plus!\",\"potentialAction\":[{\"@type\":\"SearchAction\",\"target\":{\"@type\":\"EntryPoint\",\"urlTemplate\":\"https:\\\/\\\/preprod.olympic.ca\\\/olympique\\\/?s={search_term_string}\"},\"query-input\":{\"@type\":\"PropertyValueSpecification\",\"valueRequired\":true,\"valueName\":\"search_term_string\"}}],\"inLanguage\":\"fr-FR\"},{\"@type\":\"Person\",\"@id\":\"https:\\\/\\\/preprod.olympic.ca\\\/olympique\\\/#\\\/schema\\\/person\\\/08d84fd062bf1b56ffb3808cb69aee9c\",\"name\":\"cdnolympicteam\",\"image\":{\"@type\":\"ImageObject\",\"inLanguage\":\"fr-FR\",\"@id\":\"https:\\\/\\\/secure.gravatar.com\\\/avatar\\\/5ebf1554473077ab88cd1ec3372750991c09302ef58500182e331751d1f3473b?s=96&d=identicon&r=g7289394c1202ef020fcd9aad965e50f7\",\"url\":\"https:\\\/\\\/secure.gravatar.com\\\/avatar\\\/5ebf1554473077ab88cd1ec3372750991c09302ef58500182e331751d1f3473b?s=96&d=identicon&r=g\",\"contentUrl\":\"https:\\\/\\\/secure.gravatar.com\\\/avatar\\\/5ebf1554473077ab88cd1ec3372750991c09302ef58500182e331751d1f3473b?s=96&d=identicon&r=g\",\"caption\":\"cdnolympicteam\"},\"url\":\"https:\\\/\\\/preprod.olympic.ca\\\/olympique\\\/author\\\/cdnolympicteam\\\/\"}]}<\/script>\n<!-- \/ Yoast SEO plugin. -->","yoast_head_json":{"title":"\u00ab Appuyons nos athl\u00e8tes \u00bb d\u2019un centre commercial \u00e0 l\u2019autre \u00e0 travers le Canada - \u00c9quipe Canada | Site officiel de l&#039;\u00e9quipe olympique","robots":{"index":"index","follow":"follow","max-snippet":"max-snippet:-1","max-image-preview":"max-image-preview:large","max-video-preview":"max-video-preview:-1"},"canonical":"https:\/\/preprod.olympic.ca\/olympique\/2009\/12\/02\/appuyons-nos-athletes-dun-centre-commercial-a-lautre-a-travers-le-canada\/","og_locale":"fr_FR","og_type":"article","og_title":"\u00ab Appuyons nos athl\u00e8tes \u00bb d\u2019un centre commercial \u00e0 l\u2019autre \u00e0 travers le Canada - \u00c9quipe Canada | Site officiel de l&#039;\u00e9quipe olympique","og_description":"Le temps est venu de nous rallier et d\u2019aider nos athl\u00e8tes des \u00e9quipes olympique et paralympique des Jeux d\u2019hiver de...","og_url":"https:\/\/preprod.olympic.ca\/olympique\/2009\/12\/02\/appuyons-nos-athletes-dun-centre-commercial-a-lautre-a-travers-le-canada\/","og_site_name":"\u00c9quipe Canada | Site officiel de l&#039;\u00e9quipe olympique","article_published_time":"2009-12-02T20:50:02+00:00","article_modified_time":"2013-08-01T01:09:01+00:00","author":"Comit\u00e9 olympique canadien","twitter_card":"summary_large_image","twitter_misc":{"Written by":"Comit\u00e9 olympique canadien","Est. reading time":"4 minutes"},"schema":{"@context":"https:\/\/schema.org","@graph":[{"@type":"Article","@id":"https:\/\/preprod.olympic.ca\/olympique\/2009\/12\/02\/appuyons-nos-athletes-dun-centre-commercial-a-lautre-a-travers-le-canada\/#article","isPartOf":{"@id":"https:\/\/preprod.olympic.ca\/olympique\/2009\/12\/02\/appuyons-nos-athletes-dun-centre-commercial-a-lautre-a-travers-le-canada\/"},"author":{"name":"cdnolympicteam","@id":"https:\/\/preprod.olympic.ca\/olympique\/#\/schema\/person\/08d84fd062bf1b56ffb3808cb69aee9c"},"headline":"\u00ab Appuyons nos athl\u00e8tes \u00bb d\u2019un centre commercial \u00e0 l\u2019autre \u00e0 travers le Canada","datePublished":"2009-12-02T20:50:02+00:00","dateModified":"2013-08-01T01:09:01+00:00","mainEntityOfPage":{"@id":"https:\/\/preprod.olympic.ca\/olympique\/2009\/12\/02\/appuyons-nos-athletes-dun-centre-commercial-a-lautre-a-travers-le-canada\/"},"wordCount":868,"commentCount":0,"articleSection":["Uncategorized @fr"],"inLanguage":"fr-FR","potentialAction":[{"@type":"CommentAction","name":"Comment","target":["https:\/\/preprod.olympic.ca\/olympique\/2009\/12\/02\/appuyons-nos-athletes-dun-centre-commercial-a-lautre-a-travers-le-canada\/#respond"]}]},{"@type":"WebPage","@id":"https:\/\/preprod.olympic.ca\/olympique\/2009\/12\/02\/appuyons-nos-athletes-dun-centre-commercial-a-lautre-a-travers-le-canada\/","url":"https:\/\/preprod.olympic.ca\/olympique\/2009\/12\/02\/appuyons-nos-athletes-dun-centre-commercial-a-lautre-a-travers-le-canada\/","name":"\u00ab Appuyons nos athl\u00e8tes \u00bb d\u2019un centre commercial \u00e0 l\u2019autre \u00e0 travers le Canada - \u00c9quipe Canada | Site officiel de l&#039;\u00e9quipe olympique","isPartOf":{"@id":"https:\/\/preprod.olympic.ca\/olympique\/#website"},"datePublished":"2009-12-02T20:50:02+00:00","dateModified":"2013-08-01T01:09:01+00:00","author":{"@id":"https:\/\/preprod.olympic.ca\/olympique\/#\/schema\/person\/08d84fd062bf1b56ffb3808cb69aee9c"},"inLanguage":"fr-FR","potentialAction":[{"@type":"ReadAction","target":["https:\/\/preprod.olympic.ca\/olympique\/2009\/12\/02\/appuyons-nos-athletes-dun-centre-commercial-a-lautre-a-travers-le-canada\/"]}]},{"@type":"WebSite","@id":"https:\/\/preprod.olympic.ca\/olympique\/#website","url":"https:\/\/preprod.olympic.ca\/olympique\/","name":"\u00c9quipe Canada | Site officiel de l&#039;\u00e9quipe olympique","description":"Votre source pour l\u2019\u00c9quipe olympique canadienne. Retrouvez les r\u00e9cits, vid\u00e9os et photos des athl\u00e8tes canadiens, sports olympiques, Jeux olympiques de 2020 et bien plus!","potentialAction":[{"@type":"SearchAction","target":{"@type":"EntryPoint","urlTemplate":"https:\/\/preprod.olympic.ca\/olympique\/?s={search_term_string}"},"query-input":{"@type":"PropertyValueSpecification","valueRequired":true,"valueName":"search_term_string"}}],"inLanguage":"fr-FR"},{"@type":"Person","@id":"https:\/\/preprod.olympic.ca\/olympique\/#\/schema\/person\/08d84fd062bf1b56ffb3808cb69aee9c","name":"cdnolympicteam","image":{"@type":"ImageObject","inLanguage":"fr-FR","@id":"https:\/\/secure.gravatar.com\/avatar\/5ebf1554473077ab88cd1ec3372750991c09302ef58500182e331751d1f3473b?s=96&d=identicon&r=g7289394c1202ef020fcd9aad965e50f7","url":"https:\/\/secure.gravatar.com\/avatar\/5ebf1554473077ab88cd1ec3372750991c09302ef58500182e331751d1f3473b?s=96&d=identicon&r=g","contentUrl":"https:\/\/secure.gravatar.com\/avatar\/5ebf1554473077ab88cd1ec3372750991c09302ef58500182e331751d1f3473b?s=96&d=identicon&r=g","caption":"cdnolympicteam"},"url":"https:\/\/preprod.olympic.ca\/olympique\/author\/cdnolympicteam\/"}]}},"jetpack_featured_media_url":"","featured_image_url":"","author_name":["Comit\u00e9 olympique canadien"],"category_names":["Uncategorized @fr"],"tag_names":[],"video_embed_code":"","facebook_video_embed_code":"","jetpack_sharing_enabled":true,"jetpack-related-posts":[],"jetpack_shortlink":"https:\/\/wp.me\/pcGHcP-Y8","_links":{"self":[{"href":"https:\/\/preprod.olympic.ca\/olympique\/wp-json\/wp\/v2\/posts\/3728","targetHints":{"allow":["GET"]}}],"collection":[{"href":"https:\/\/preprod.olympic.ca\/olympique\/wp-json\/wp\/v2\/posts"}],"about":[{"href":"https:\/\/preprod.olympic.ca\/olympique\/wp-json\/wp\/v2\/types\/post"}],"author":[{"embeddable":true,"href":"https:\/\/preprod.olympic.ca\/olympique\/wp-json\/wp\/v2\/users\/47562643"}],"replies":[{"embeddable":true,"href":"https:\/\/preprod.olympic.ca\/olympique\/wp-json\/wp\/v2\/comments?post=3728"}],"version-history":[{"count":1,"href":"https:\/\/preprod.olympic.ca\/olympique\/wp-json\/wp\/v2\/posts\/3728\/revisions"}],"predecessor-version":[{"id":82824,"href":"https:\/\/preprod.olympic.ca\/olympique\/wp-json\/wp\/v2\/posts\/3728\/revisions\/82824"}],"wp:attachment":[{"href":"https:\/\/preprod.olympic.ca\/olympique\/wp-json\/wp\/v2\/media?parent=3728"}],"wp:term":[{"taxonomy":"category","embeddable":true,"href":"https:\/\/preprod.olympic.ca\/olympique\/wp-json\/wp\/v2\/categories?post=3728"},{"taxonomy":"post_tag","embeddable":true,"href":"https:\/\/preprod.olympic.ca\/olympique\/wp-json\/wp\/v2\/tags?post=3728"},{"taxonomy":"post_format","embeddable":true,"href":"https:\/\/preprod.olympic.ca\/olympique\/wp-json\/wp\/v2\/post_format?post=3728"},{"taxonomy":"sport","embeddable":true,"href":"https:\/\/preprod.olympic.ca\/olympique\/wp-json\/wp\/v2\/sport?post=3728"},{"taxonomy":"game","embeddable":true,"href":"https:\/\/preprod.olympic.ca\/olympique\/wp-json\/wp\/v2\/game?post=3728"},{"taxonomy":"author","embeddable":true,"href":"https:\/\/preprod.olympic.ca\/olympique\/wp-json\/wp\/v2\/coauthors?post=3728"}],"curies":[{"name":"wp","href":"https:\/\/api.w.org\/{rel}","templated":true}]}}