{"id":3868,"date":"2010-01-06T10:26:22","date_gmt":"2010-01-06T15:26:22","guid":{"rendered":"http:\/\/preprod.olympic.ca\/?p=3868"},"modified":"2013-08-01T01:09:14","modified_gmt":"2013-08-01T01:09:14","slug":"denis-et-martin-brodeur-tout-un-duo-pere-fils","status":"publish","type":"post","link":"https:\/\/preprod.olympic.ca\/olympique\/2010\/01\/06\/denis-et-martin-brodeur-tout-un-duo-pere-fils\/","title":{"rendered":"Denis et Martin Brodeur : tout un duo p\u00e8re-fils"},"content":{"rendered":"<p>L\u2019histoire du hockey au Canada est remplie de grands h\u00e9ritages familiaux, des Orr aux Sutter. Pour les gardiens, il n\u2019y a probablement pas de plus grand h\u00e9ritage familial que celui des Brodeur.<\/p>\n<p>Denis Brodeur et son fils Martin Brodeur sont deux olympiens. Ils ont tous deux jou\u00e9 pour \u00c9quipe Canada aux Jeux olympiques d\u2019hiver et ont gagn\u00e9 une m\u00e9daille chacun. En fait, ils sont les seuls p\u00e8re et fils \u00e0 avoir tous deux gagn\u00e9 une m\u00e9daille aux Jeux olympiques d\u2019hiver dans le sport du hockey sur glace.<\/p>\n<p>Denis a \u00e9t\u00e9 m\u00e9daill\u00e9 de bronze aux Jeux olympiques d\u2019hiver de 1956 \u00e0 Cortina d\u2019Ampezzo. Martin, pour sa part, a d\u00e9croch\u00e9 la m\u00e9daille d\u2019or m\u00e9morable aux Jeux de Salt Lake City en 2002 et vise maintenant r\u00e9p\u00e9ter cette victoire \u00e0 domicile le mois prochain \u00e0 Vancouver.<\/p>\n<p>Martin a continu\u00e9 de consolider son h\u00e9ritage familial comme gardien. Le 21 d\u00e9cembre, Martin a battu le record de blanchissage en carri\u00e8re dans la LNH de Terry Sawchuk (103). Il a gagn\u00e9 trois Coupes Stanley, quatre troph\u00e9es V\u00e9zina et d\u00e9tient maintenant neuf records de tous les temps, incluant le plus de victoires par un gardien dans l\u2019histoire de la ligue.<\/p>\n<p>Leur exp\u00e9rience olympique a \u00e9t\u00e9 largement diff\u00e9rente. Par exemple, Denis a jou\u00e9 sur une patinoire ext\u00e9rieure, sans masque, contre les meilleurs joueurs amateurs au monde. Quand Martin a gagn\u00e9 la m\u00e9daille d\u2019or, il a jou\u00e9 dans un tournoi qui regroupait 14 pays qui mettaient en vedette des super-vedettes de la LNH. Martin a aussi \u00e9t\u00e9 substitut d\u2019\u00c9quipe Canada aux Jeux olympiques d\u2019hiver de 1998 et de 2006.<\/p>\n<p>Pour le p\u00e8re et le fils, les Jeux olympiques sont une source de grande fiert\u00e9 et d\u2019excellents souvenirs. Martin a rendu hommage \u00e0 son p\u00e8re \u00e0 Salt Lake en ayant \u00ab Salt Lake 2002 \u00bb et \u00ab Cortina 1956 \u00bb inscrits sur son masque.<\/p>\n<p>Denis n\u2019a pas pouss\u00e9 Martin \u00e0 suivre ses traces et \u00e0 devenir gardien. Tout au contraire: dans ses premi\u00e8res ann\u00e9es, Martin \u00e9tait vraiment un marqueur prolifique.<\/p>\n<p>Leurs styles comme gardiens sont aussi tr\u00e8s diff\u00e9rents. Alors que Martin est un grand et fort droitier, Denis \u00e9tait un petit gaucher. Denis a jou\u00e9 \u00e0 une \u00e9poque au cours de laquelle les gardiens n\u2019avaient pas l\u2019\u00e9quipement et la protection qui existent aujourd\u2019hui. En fait, \u00e0 la fin de sa carri\u00e8re de gardien, Denis avait accumul\u00e9 un total de 118 points de suture au visage et au cr\u00e2ne.<\/p>\n<p>Pour jouer \u00e0 Cortina d\u2019Ampuzzo, Denis a refus\u00e9 un contrat avec les Barons de Cleveland, de la Ligue am\u00e9ricaine de hockey, qui incluait une prime \u00e0 la signature de 3000 $ et qui aurait pu devenir un contrat dans la LNH.<\/p>\n<p>Denis est devenu un des meilleurs photographes de hockey avec les Canadiens de Montr\u00e9al. En 1996, il a publi\u00e9 un livre intitul\u00e9 Gardiens &#8211; Guardians of the Net. \u00c9galement cette ann\u00e9e-l\u00e0, la LNH a acquis plus de 110 000 de ses photos prises au cours de quatre d\u00e9cennies.<\/p>\n<p>Il est souvent pr\u00e8s de la patinoire aux matches de son fils pour capter chacun de ses arr\u00eats records.<\/p>\n<p>Avec ses perp\u00e9tuelles performances dominantes et son leadership avec les Devils du New Jersey, Martin ne montre aucun signe de ralentissement alors qu\u2019il continue d\u2019\u00e9lever la barre pour les gardiens de demain. Il semble \u00eatre le candidat principal pour \u00eatre le gardien partant aux Jeux olympiques \u00e0 Vancouver \u00e0 la suite de son jeu brillant au cours de la saison actuelle de la LNH.<\/p>\n<p>\u00c0 Vancouver, il sera accompagn\u00e9 de Marc-Andr\u00e9 Fleury (Penguins de Pittsburgh) et Roberto Luongo (Canucks de Vancouver). <\/p>\n","protected":false},"excerpt":{"rendered":"<p>L\u2019histoire du hockey au Canada est remplie de grands h\u00e9ritages familiaux, des Orr aux Sutter. Pour les gardiens, il n\u2019y&#8230;<\/p>\n","protected":false},"author":47562643,"featured_media":3866,"comment_status":"open","ping_status":"open","sticky":false,"template":"","format":"standard","meta":{"_acf_changed":false,"_jetpack_memberships_contains_paid_content":false,"footnotes":""},"categories":[23939911],"tags":[],"post_format":"standard","sport":[],"game":[],"coauthors":[186127234],"class_list":["post-3868","post","type-post","status-publish","format-standard","has-post-thumbnail","hentry","category-uncategorized-fr"],"acf":[],"yoast_head":"<!-- This site is optimized with the Yoast SEO plugin v27.3 - https:\/\/yoast.com\/product\/yoast-seo-wordpress\/ -->\n<title>Denis et Martin Brodeur : tout un duo p\u00e8re-fils - \u00c9quipe Canada | Site officiel de l&#039;\u00e9quipe olympique<\/title>\n<meta name=\"robots\" content=\"index, follow, max-snippet:-1, max-image-preview:large, max-video-preview:-1\" \/>\n<link rel=\"canonical\" href=\"https:\/\/preprod.olympic.ca\/olympique\/2010\/01\/06\/denis-et-martin-brodeur-tout-un-duo-pere-fils\/\" \/>\n<meta property=\"og:locale\" content=\"fr_FR\" \/>\n<meta property=\"og:type\" content=\"article\" \/>\n<meta property=\"og:title\" content=\"Denis et Martin Brodeur : tout un duo p\u00e8re-fils - \u00c9quipe Canada | Site officiel de l&#039;\u00e9quipe olympique\" \/>\n<meta property=\"og:description\" content=\"L\u2019histoire du hockey au Canada est remplie de grands h\u00e9ritages familiaux, des Orr aux Sutter. Pour les gardiens, il n\u2019y...\" \/>\n<meta property=\"og:url\" content=\"https:\/\/preprod.olympic.ca\/olympique\/2010\/01\/06\/denis-et-martin-brodeur-tout-un-duo-pere-fils\/\" \/>\n<meta property=\"og:site_name\" content=\"\u00c9quipe Canada | Site officiel de l&#039;\u00e9quipe olympique\" \/>\n<meta property=\"article:published_time\" content=\"2010-01-06T15:26:22+00:00\" \/>\n<meta property=\"article:modified_time\" content=\"2013-08-01T01:09:14+00:00\" \/>\n<meta property=\"og:image\" content=\"https:\/\/preprod.olympic.ca\/olympique\/wp-content\/uploads\/sites\/2\/2011\/08\/martin-brodeur-20025.jpg?quality=100\" \/>\n\t<meta property=\"og:image:width\" content=\"2000\" \/>\n\t<meta property=\"og:image:height\" content=\"1469\" \/>\n\t<meta property=\"og:image:type\" content=\"image\/jpeg\" \/>\n<meta name=\"author\" content=\"Comit\u00e9 olympique canadien\" \/>\n<meta name=\"twitter:card\" content=\"summary_large_image\" \/>\n<meta name=\"twitter:label1\" content=\"Written by\" \/>\n\t<meta name=\"twitter:data1\" content=\"Comit\u00e9 olympique canadien\" \/>\n\t<meta name=\"twitter:label2\" content=\"Est. reading time\" \/>\n\t<meta name=\"twitter:data2\" content=\"3 minutes\" \/>\n<script type=\"application\/ld+json\" class=\"yoast-schema-graph\">{\"@context\":\"https:\\\/\\\/schema.org\",\"@graph\":[{\"@type\":\"Article\",\"@id\":\"https:\\\/\\\/preprod.olympic.ca\\\/olympique\\\/2010\\\/01\\\/06\\\/denis-et-martin-brodeur-tout-un-duo-pere-fils\\\/#article\",\"isPartOf\":{\"@id\":\"https:\\\/\\\/preprod.olympic.ca\\\/olympique\\\/2010\\\/01\\\/06\\\/denis-et-martin-brodeur-tout-un-duo-pere-fils\\\/\"},\"author\":{\"name\":\"cdnolympicteam\",\"@id\":\"https:\\\/\\\/preprod.olympic.ca\\\/olympique\\\/#\\\/schema\\\/person\\\/08d84fd062bf1b56ffb3808cb69aee9c\"},\"headline\":\"Denis et Martin Brodeur : tout un duo p\u00e8re-fils\",\"datePublished\":\"2010-01-06T15:26:22+00:00\",\"dateModified\":\"2013-08-01T01:09:14+00:00\",\"mainEntityOfPage\":{\"@id\":\"https:\\\/\\\/preprod.olympic.ca\\\/olympique\\\/2010\\\/01\\\/06\\\/denis-et-martin-brodeur-tout-un-duo-pere-fils\\\/\"},\"wordCount\":617,\"commentCount\":0,\"image\":{\"@id\":\"https:\\\/\\\/preprod.olympic.ca\\\/olympique\\\/2010\\\/01\\\/06\\\/denis-et-martin-brodeur-tout-un-duo-pere-fils\\\/#primaryimage\"},\"thumbnailUrl\":\"https:\\\/\\\/preprod.olympic.ca\\\/olympique\\\/wp-content\\\/uploads\\\/sites\\\/2\\\/2011\\\/08\\\/martin-brodeur-20025.jpg?quality=100\",\"articleSection\":[\"Uncategorized @fr\"],\"inLanguage\":\"fr-FR\",\"potentialAction\":[{\"@type\":\"CommentAction\",\"name\":\"Comment\",\"target\":[\"https:\\\/\\\/preprod.olympic.ca\\\/olympique\\\/2010\\\/01\\\/06\\\/denis-et-martin-brodeur-tout-un-duo-pere-fils\\\/#respond\"]}]},{\"@type\":\"WebPage\",\"@id\":\"https:\\\/\\\/preprod.olympic.ca\\\/olympique\\\/2010\\\/01\\\/06\\\/denis-et-martin-brodeur-tout-un-duo-pere-fils\\\/\",\"url\":\"https:\\\/\\\/preprod.olympic.ca\\\/olympique\\\/2010\\\/01\\\/06\\\/denis-et-martin-brodeur-tout-un-duo-pere-fils\\\/\",\"name\":\"Denis et Martin Brodeur : tout un duo p\u00e8re-fils - \u00c9quipe Canada | Site officiel de l&#039;\u00e9quipe olympique\",\"isPartOf\":{\"@id\":\"https:\\\/\\\/preprod.olympic.ca\\\/olympique\\\/#website\"},\"primaryImageOfPage\":{\"@id\":\"https:\\\/\\\/preprod.olympic.ca\\\/olympique\\\/2010\\\/01\\\/06\\\/denis-et-martin-brodeur-tout-un-duo-pere-fils\\\/#primaryimage\"},\"image\":{\"@id\":\"https:\\\/\\\/preprod.olympic.ca\\\/olympique\\\/2010\\\/01\\\/06\\\/denis-et-martin-brodeur-tout-un-duo-pere-fils\\\/#primaryimage\"},\"thumbnailUrl\":\"https:\\\/\\\/preprod.olympic.ca\\\/olympique\\\/wp-content\\\/uploads\\\/sites\\\/2\\\/2011\\\/08\\\/martin-brodeur-20025.jpg?quality=100\",\"datePublished\":\"2010-01-06T15:26:22+00:00\",\"dateModified\":\"2013-08-01T01:09:14+00:00\",\"author\":{\"@id\":\"https:\\\/\\\/preprod.olympic.ca\\\/olympique\\\/#\\\/schema\\\/person\\\/08d84fd062bf1b56ffb3808cb69aee9c\"},\"inLanguage\":\"fr-FR\",\"potentialAction\":[{\"@type\":\"ReadAction\",\"target\":[\"https:\\\/\\\/preprod.olympic.ca\\\/olympique\\\/2010\\\/01\\\/06\\\/denis-et-martin-brodeur-tout-un-duo-pere-fils\\\/\"]}]},{\"@type\":\"ImageObject\",\"inLanguage\":\"fr-FR\",\"@id\":\"https:\\\/\\\/preprod.olympic.ca\\\/olympique\\\/2010\\\/01\\\/06\\\/denis-et-martin-brodeur-tout-un-duo-pere-fils\\\/#primaryimage\",\"url\":\"https:\\\/\\\/preprod.olympic.ca\\\/olympique\\\/wp-content\\\/uploads\\\/sites\\\/2\\\/2011\\\/08\\\/martin-brodeur-20025.jpg?quality=100\",\"contentUrl\":\"https:\\\/\\\/preprod.olympic.ca\\\/olympique\\\/wp-content\\\/uploads\\\/sites\\\/2\\\/2011\\\/08\\\/martin-brodeur-20025.jpg?quality=100\",\"width\":2000,\"height\":1469},{\"@type\":\"WebSite\",\"@id\":\"https:\\\/\\\/preprod.olympic.ca\\\/olympique\\\/#website\",\"url\":\"https:\\\/\\\/preprod.olympic.ca\\\/olympique\\\/\",\"name\":\"\u00c9quipe Canada | Site officiel de l&#039;\u00e9quipe olympique\",\"description\":\"Votre source pour l\u2019\u00c9quipe olympique canadienne. Retrouvez les r\u00e9cits, vid\u00e9os et photos des athl\u00e8tes canadiens, sports olympiques, Jeux olympiques de 2020 et bien plus!\",\"potentialAction\":[{\"@type\":\"SearchAction\",\"target\":{\"@type\":\"EntryPoint\",\"urlTemplate\":\"https:\\\/\\\/preprod.olympic.ca\\\/olympique\\\/?s={search_term_string}\"},\"query-input\":{\"@type\":\"PropertyValueSpecification\",\"valueRequired\":true,\"valueName\":\"search_term_string\"}}],\"inLanguage\":\"fr-FR\"},{\"@type\":\"Person\",\"@id\":\"https:\\\/\\\/preprod.olympic.ca\\\/olympique\\\/#\\\/schema\\\/person\\\/08d84fd062bf1b56ffb3808cb69aee9c\",\"name\":\"cdnolympicteam\",\"image\":{\"@type\":\"ImageObject\",\"inLanguage\":\"fr-FR\",\"@id\":\"https:\\\/\\\/secure.gravatar.com\\\/avatar\\\/5ebf1554473077ab88cd1ec3372750991c09302ef58500182e331751d1f3473b?s=96&d=identicon&r=g7289394c1202ef020fcd9aad965e50f7\",\"url\":\"https:\\\/\\\/secure.gravatar.com\\\/avatar\\\/5ebf1554473077ab88cd1ec3372750991c09302ef58500182e331751d1f3473b?s=96&d=identicon&r=g\",\"contentUrl\":\"https:\\\/\\\/secure.gravatar.com\\\/avatar\\\/5ebf1554473077ab88cd1ec3372750991c09302ef58500182e331751d1f3473b?s=96&d=identicon&r=g\",\"caption\":\"cdnolympicteam\"},\"url\":\"https:\\\/\\\/preprod.olympic.ca\\\/olympique\\\/author\\\/cdnolympicteam\\\/\"}]}<\/script>\n<!-- \/ Yoast SEO plugin. -->","yoast_head_json":{"title":"Denis et Martin Brodeur : tout un duo p\u00e8re-fils - \u00c9quipe Canada | Site officiel de l&#039;\u00e9quipe olympique","robots":{"index":"index","follow":"follow","max-snippet":"max-snippet:-1","max-image-preview":"max-image-preview:large","max-video-preview":"max-video-preview:-1"},"canonical":"https:\/\/preprod.olympic.ca\/olympique\/2010\/01\/06\/denis-et-martin-brodeur-tout-un-duo-pere-fils\/","og_locale":"fr_FR","og_type":"article","og_title":"Denis et Martin Brodeur : tout un duo p\u00e8re-fils - \u00c9quipe Canada | Site officiel de l&#039;\u00e9quipe olympique","og_description":"L\u2019histoire du hockey au Canada est remplie de grands h\u00e9ritages familiaux, des Orr aux Sutter. Pour les gardiens, il n\u2019y...","og_url":"https:\/\/preprod.olympic.ca\/olympique\/2010\/01\/06\/denis-et-martin-brodeur-tout-un-duo-pere-fils\/","og_site_name":"\u00c9quipe Canada | Site officiel de l&#039;\u00e9quipe olympique","article_published_time":"2010-01-06T15:26:22+00:00","article_modified_time":"2013-08-01T01:09:14+00:00","og_image":[{"width":2000,"height":1469,"url":"https:\/\/preprod.olympic.ca\/olympique\/wp-content\/uploads\/sites\/2\/2011\/08\/martin-brodeur-20025.jpg?quality=100","type":"image\/jpeg"}],"author":"Comit\u00e9 olympique canadien","twitter_card":"summary_large_image","twitter_misc":{"Written by":"Comit\u00e9 olympique canadien","Est. reading time":"3 minutes"},"schema":{"@context":"https:\/\/schema.org","@graph":[{"@type":"Article","@id":"https:\/\/preprod.olympic.ca\/olympique\/2010\/01\/06\/denis-et-martin-brodeur-tout-un-duo-pere-fils\/#article","isPartOf":{"@id":"https:\/\/preprod.olympic.ca\/olympique\/2010\/01\/06\/denis-et-martin-brodeur-tout-un-duo-pere-fils\/"},"author":{"name":"cdnolympicteam","@id":"https:\/\/preprod.olympic.ca\/olympique\/#\/schema\/person\/08d84fd062bf1b56ffb3808cb69aee9c"},"headline":"Denis et Martin Brodeur : tout un duo p\u00e8re-fils","datePublished":"2010-01-06T15:26:22+00:00","dateModified":"2013-08-01T01:09:14+00:00","mainEntityOfPage":{"@id":"https:\/\/preprod.olympic.ca\/olympique\/2010\/01\/06\/denis-et-martin-brodeur-tout-un-duo-pere-fils\/"},"wordCount":617,"commentCount":0,"image":{"@id":"https:\/\/preprod.olympic.ca\/olympique\/2010\/01\/06\/denis-et-martin-brodeur-tout-un-duo-pere-fils\/#primaryimage"},"thumbnailUrl":"https:\/\/preprod.olympic.ca\/olympique\/wp-content\/uploads\/sites\/2\/2011\/08\/martin-brodeur-20025.jpg?quality=100","articleSection":["Uncategorized @fr"],"inLanguage":"fr-FR","potentialAction":[{"@type":"CommentAction","name":"Comment","target":["https:\/\/preprod.olympic.ca\/olympique\/2010\/01\/06\/denis-et-martin-brodeur-tout-un-duo-pere-fils\/#respond"]}]},{"@type":"WebPage","@id":"https:\/\/preprod.olympic.ca\/olympique\/2010\/01\/06\/denis-et-martin-brodeur-tout-un-duo-pere-fils\/","url":"https:\/\/preprod.olympic.ca\/olympique\/2010\/01\/06\/denis-et-martin-brodeur-tout-un-duo-pere-fils\/","name":"Denis et Martin Brodeur : tout un duo p\u00e8re-fils - \u00c9quipe Canada | Site officiel de l&#039;\u00e9quipe olympique","isPartOf":{"@id":"https:\/\/preprod.olympic.ca\/olympique\/#website"},"primaryImageOfPage":{"@id":"https:\/\/preprod.olympic.ca\/olympique\/2010\/01\/06\/denis-et-martin-brodeur-tout-un-duo-pere-fils\/#primaryimage"},"image":{"@id":"https:\/\/preprod.olympic.ca\/olympique\/2010\/01\/06\/denis-et-martin-brodeur-tout-un-duo-pere-fils\/#primaryimage"},"thumbnailUrl":"https:\/\/preprod.olympic.ca\/olympique\/wp-content\/uploads\/sites\/2\/2011\/08\/martin-brodeur-20025.jpg?quality=100","datePublished":"2010-01-06T15:26:22+00:00","dateModified":"2013-08-01T01:09:14+00:00","author":{"@id":"https:\/\/preprod.olympic.ca\/olympique\/#\/schema\/person\/08d84fd062bf1b56ffb3808cb69aee9c"},"inLanguage":"fr-FR","potentialAction":[{"@type":"ReadAction","target":["https:\/\/preprod.olympic.ca\/olympique\/2010\/01\/06\/denis-et-martin-brodeur-tout-un-duo-pere-fils\/"]}]},{"@type":"ImageObject","inLanguage":"fr-FR","@id":"https:\/\/preprod.olympic.ca\/olympique\/2010\/01\/06\/denis-et-martin-brodeur-tout-un-duo-pere-fils\/#primaryimage","url":"https:\/\/preprod.olympic.ca\/olympique\/wp-content\/uploads\/sites\/2\/2011\/08\/martin-brodeur-20025.jpg?quality=100","contentUrl":"https:\/\/preprod.olympic.ca\/olympique\/wp-content\/uploads\/sites\/2\/2011\/08\/martin-brodeur-20025.jpg?quality=100","width":2000,"height":1469},{"@type":"WebSite","@id":"https:\/\/preprod.olympic.ca\/olympique\/#website","url":"https:\/\/preprod.olympic.ca\/olympique\/","name":"\u00c9quipe Canada | Site officiel de l&#039;\u00e9quipe olympique","description":"Votre source pour l\u2019\u00c9quipe olympique canadienne. Retrouvez les r\u00e9cits, vid\u00e9os et photos des athl\u00e8tes canadiens, sports olympiques, Jeux olympiques de 2020 et bien plus!","potentialAction":[{"@type":"SearchAction","target":{"@type":"EntryPoint","urlTemplate":"https:\/\/preprod.olympic.ca\/olympique\/?s={search_term_string}"},"query-input":{"@type":"PropertyValueSpecification","valueRequired":true,"valueName":"search_term_string"}}],"inLanguage":"fr-FR"},{"@type":"Person","@id":"https:\/\/preprod.olympic.ca\/olympique\/#\/schema\/person\/08d84fd062bf1b56ffb3808cb69aee9c","name":"cdnolympicteam","image":{"@type":"ImageObject","inLanguage":"fr-FR","@id":"https:\/\/secure.gravatar.com\/avatar\/5ebf1554473077ab88cd1ec3372750991c09302ef58500182e331751d1f3473b?s=96&d=identicon&r=g7289394c1202ef020fcd9aad965e50f7","url":"https:\/\/secure.gravatar.com\/avatar\/5ebf1554473077ab88cd1ec3372750991c09302ef58500182e331751d1f3473b?s=96&d=identicon&r=g","contentUrl":"https:\/\/secure.gravatar.com\/avatar\/5ebf1554473077ab88cd1ec3372750991c09302ef58500182e331751d1f3473b?s=96&d=identicon&r=g","caption":"cdnolympicteam"},"url":"https:\/\/preprod.olympic.ca\/olympique\/author\/cdnolympicteam\/"}]}},"jetpack_featured_media_url":"https:\/\/preprod.olympic.ca\/olympique\/wp-content\/uploads\/sites\/2\/2011\/08\/martin-brodeur-20025.jpg?quality=100","featured_image_url":"https:\/\/preprod.olympic.ca\/olympique\/wp-content\/uploads\/sites\/2\/2011\/08\/martin-brodeur-20025.jpg?quality=100","author_name":["Comit\u00e9 olympique canadien"],"category_names":["Uncategorized @fr"],"tag_names":[],"video_embed_code":"","facebook_video_embed_code":"","jetpack_sharing_enabled":true,"jetpack-related-posts":[],"jetpack_shortlink":"https:\/\/wp.me\/pcGHcP-10o","_links":{"self":[{"href":"https:\/\/preprod.olympic.ca\/olympique\/wp-json\/wp\/v2\/posts\/3868","targetHints":{"allow":["GET"]}}],"collection":[{"href":"https:\/\/preprod.olympic.ca\/olympique\/wp-json\/wp\/v2\/posts"}],"about":[{"href":"https:\/\/preprod.olympic.ca\/olympique\/wp-json\/wp\/v2\/types\/post"}],"author":[{"embeddable":true,"href":"https:\/\/preprod.olympic.ca\/olympique\/wp-json\/wp\/v2\/users\/47562643"}],"replies":[{"embeddable":true,"href":"https:\/\/preprod.olympic.ca\/olympique\/wp-json\/wp\/v2\/comments?post=3868"}],"version-history":[{"count":1,"href":"https:\/\/preprod.olympic.ca\/olympique\/wp-json\/wp\/v2\/posts\/3868\/revisions"}],"predecessor-version":[{"id":82839,"href":"https:\/\/preprod.olympic.ca\/olympique\/wp-json\/wp\/v2\/posts\/3868\/revisions\/82839"}],"wp:featuredmedia":[{"embeddable":true,"href":"https:\/\/preprod.olympic.ca\/olympique\/wp-json\/wp\/v2\/media\/3866"}],"wp:attachment":[{"href":"https:\/\/preprod.olympic.ca\/olympique\/wp-json\/wp\/v2\/media?parent=3868"}],"wp:term":[{"taxonomy":"category","embeddable":true,"href":"https:\/\/preprod.olympic.ca\/olympique\/wp-json\/wp\/v2\/categories?post=3868"},{"taxonomy":"post_tag","embeddable":true,"href":"https:\/\/preprod.olympic.ca\/olympique\/wp-json\/wp\/v2\/tags?post=3868"},{"taxonomy":"post_format","embeddable":true,"href":"https:\/\/preprod.olympic.ca\/olympique\/wp-json\/wp\/v2\/post_format?post=3868"},{"taxonomy":"sport","embeddable":true,"href":"https:\/\/preprod.olympic.ca\/olympique\/wp-json\/wp\/v2\/sport?post=3868"},{"taxonomy":"game","embeddable":true,"href":"https:\/\/preprod.olympic.ca\/olympique\/wp-json\/wp\/v2\/game?post=3868"},{"taxonomy":"author","embeddable":true,"href":"https:\/\/preprod.olympic.ca\/olympique\/wp-json\/wp\/v2\/coauthors?post=3868"}],"curies":[{"name":"wp","href":"https:\/\/api.w.org\/{rel}","templated":true}]}}