{"id":39510,"date":"2012-08-04T11:10:22","date_gmt":"2012-08-04T15:16:56","guid":{"rendered":"http:\/\/preprod.olympic.ca\/?p=39510"},"modified":"2012-08-04T11:10:22","modified_gmt":"2012-08-04T15:16:56","slug":"maclennan-decroche-la-premiere-medaille-dor-du-canada","status":"publish","type":"post","link":"https:\/\/preprod.olympic.ca\/olympique\/2012\/08\/04\/maclennan-decroche-la-premiere-medaille-dor-du-canada\/","title":{"rendered":"MacLennan d\u00e9croche la premi\u00e8re m\u00e9daille d\u2019or du Canada"},"content":{"rendered":"<p><a href=\"http:\/\/preprod.olympic.ca\/fr\/team-canada\/rosannagh-maclennan-3\">Rosie MacLennan<\/a> a men\u00e9 le Canada vers de hauts sommets en remportant la m\u00e9daille d\u2019or samedi en trampoline.\u00a0 La native de King City en Ontario a ex\u00e9cut\u00e9 une routine parfaite qui lui a valu la note de 57.305 et qui a fait passer la r\u00e9colte de m\u00e9dailles du Canada \u00e0 huit.\u00a0 Elle a eu le dessus sur la championne du monde et championne olympique en titre, la Chinoise He Wenna. Cette victoire marque la premi\u00e8re m\u00e9daille d\u2019or du Canada aux Jeux olympiques de 2012 \u00e0 Londres.<\/p>\n<p>\u00ab Je ne m\u2019en rends pas encore compte. Je suis tr\u00e8s heureuse. C\u2019est le score le plus \u00e9lev\u00e9 que j\u2019aie jamais obtenu, et je savais que ce serait difficile \u00e0 rattraper, mais je ne voulais pas me montrer trop press\u00e9e. \u00bb<\/p>\n<p>Sa co\u00e9quipi\u00e8re, la triple m\u00e9daill\u00e9e olympique Karen Cockburn, qui a port\u00e9 le drapeau \u00e0 la c\u00e9r\u00e9monie de cl\u00f4ture \u00e0 Beijing, a pris le quatri\u00e8me rang avec un score de 55.860. La v\u00e9t\u00e9rane de l\u2019\u00c9quipe olympique canadienne qui est une leader du Mouvement olympique dans le pays a exprim\u00e9 du soutien pour sa co\u00e9quipi\u00e8re et partenaire d\u2019entra\u00eenement.<\/p>\n<p>\u00ab Bien s\u00fbr, il n\u2019y a rien de pire comme la quatri\u00e8me place, a d\u00e9clar\u00e9 Cockburn. Mais je suis heureuse pour Rosie. Alors, ce sont des sentiments mitig\u00e9s. C\u2019est une bonne chose que le Canada ait gagn\u00e9 une m\u00e9daille d\u2019or. \u00bb<\/p>\n<p><iframe loading=\"lazy\" width=\"560\" height=\"315\" src=\"http:\/\/www.youtube.com\/embed\/eOIVMDkoxDI?rel=0\" frameborder=\"0\"><\/iframe><\/p>\n","protected":false},"excerpt":{"rendered":"<p>Rosie MacLennan a men\u00e9 le Canada vers de hauts sommets en remportant la m\u00e9daille d\u2019or samedi en trampoline.\u00a0 La native&#8230;<\/p>\n","protected":false},"author":52435356,"featured_media":39542,"comment_status":"open","ping_status":"open","sticky":false,"template":"","format":"standard","meta":{"_acf_changed":false,"_jetpack_memberships_contains_paid_content":false,"footnotes":""},"categories":[70121],"tags":[9743945,1379432,9114162,68875326,415984536],"post_format":"standard","sport":[],"game":[],"coauthors":[187835160],"class_list":["post-39510","post","type-post","status-publish","format-standard","has-post-thumbnail","hentry","category-equipe","tag-championne-olympique","tag-londres-2012","tag-medaille-dor","tag-rosie-maclennan","tag-toronto-2015-trampoline"],"acf":[],"yoast_head":"<!-- This site is optimized with the Yoast SEO plugin v27.3 - https:\/\/yoast.com\/product\/yoast-seo-wordpress\/ -->\n<title>MacLennan d\u00e9croche la premi\u00e8re m\u00e9daille d\u2019or du Canada - \u00c9quipe Canada | Site officiel de l&#039;\u00e9quipe olympique<\/title>\n<meta name=\"robots\" content=\"index, follow, max-snippet:-1, max-image-preview:large, max-video-preview:-1\" \/>\n<link rel=\"canonical\" href=\"https:\/\/preprod.olympic.ca\/olympique\/2012\/08\/04\/maclennan-decroche-la-premiere-medaille-dor-du-canada\/\" \/>\n<meta property=\"og:locale\" content=\"fr_FR\" \/>\n<meta property=\"og:type\" content=\"article\" \/>\n<meta property=\"og:title\" content=\"MacLennan d\u00e9croche la premi\u00e8re m\u00e9daille d\u2019or du Canada - \u00c9quipe Canada | Site officiel de l&#039;\u00e9quipe olympique\" \/>\n<meta property=\"og:description\" content=\"Rosie MacLennan a men\u00e9 le Canada vers de hauts sommets en remportant la m\u00e9daille d\u2019or samedi en trampoline.\u00a0 La native...\" \/>\n<meta property=\"og:url\" content=\"https:\/\/preprod.olympic.ca\/olympique\/2012\/08\/04\/maclennan-decroche-la-premiere-medaille-dor-du-canada\/\" \/>\n<meta property=\"og:site_name\" content=\"\u00c9quipe Canada | Site officiel de l&#039;\u00e9quipe olympique\" \/>\n<meta property=\"article:published_time\" content=\"2012-08-04T15:16:56+00:00\" \/>\n<meta property=\"og:image\" content=\"https:\/\/preprod.olympic.ca\/olympique\/wp-content\/uploads\/sites\/2\/2012\/08\/rosie_coc_gold115.jpg?quality=100\" \/>\n\t<meta property=\"og:image:width\" content=\"921\" \/>\n\t<meta property=\"og:image:height\" content=\"681\" \/>\n\t<meta property=\"og:image:type\" content=\"image\/jpeg\" \/>\n<meta name=\"author\" content=\"Ben Stevenson\" \/>\n<meta name=\"twitter:card\" content=\"summary_large_image\" \/>\n<meta name=\"twitter:label1\" content=\"Written by\" \/>\n\t<meta name=\"twitter:data1\" content=\"Ben Stevenson\" \/>\n\t<meta name=\"twitter:label2\" content=\"Est. reading time\" \/>\n\t<meta name=\"twitter:data2\" content=\"1 minute\" \/>\n<script type=\"application\/ld+json\" class=\"yoast-schema-graph\">{\"@context\":\"https:\\\/\\\/schema.org\",\"@graph\":[{\"@type\":\"Article\",\"@id\":\"https:\\\/\\\/preprod.olympic.ca\\\/olympique\\\/2012\\\/08\\\/04\\\/maclennan-decroche-la-premiere-medaille-dor-du-canada\\\/#article\",\"isPartOf\":{\"@id\":\"https:\\\/\\\/preprod.olympic.ca\\\/olympique\\\/2012\\\/08\\\/04\\\/maclennan-decroche-la-premiere-medaille-dor-du-canada\\\/\"},\"author\":{\"name\":\"Ben Stevenson\",\"@id\":\"https:\\\/\\\/preprod.olympic.ca\\\/olympique\\\/#\\\/schema\\\/person\\\/fb9edb1f2f2d7053924364780a4bd048\"},\"headline\":\"MacLennan d\u00e9croche la premi\u00e8re m\u00e9daille d\u2019or du Canada\",\"datePublished\":\"2012-08-04T15:16:56+00:00\",\"mainEntityOfPage\":{\"@id\":\"https:\\\/\\\/preprod.olympic.ca\\\/olympique\\\/2012\\\/08\\\/04\\\/maclennan-decroche-la-premiere-medaille-dor-du-canada\\\/\"},\"wordCount\":260,\"commentCount\":1,\"image\":{\"@id\":\"https:\\\/\\\/preprod.olympic.ca\\\/olympique\\\/2012\\\/08\\\/04\\\/maclennan-decroche-la-premiere-medaille-dor-du-canada\\\/#primaryimage\"},\"thumbnailUrl\":\"https:\\\/\\\/preprod.olympic.ca\\\/olympique\\\/wp-content\\\/uploads\\\/sites\\\/2\\\/2012\\\/08\\\/rosie_coc_gold115.jpg?quality=100\",\"keywords\":[\"Championne Olympique\",\"Londres 2012\",\"M\u00e9daille d'Or\",\"Rosie MacLennan\",\"Toronto 2015 - Gymnastique - Trampoline\"],\"articleSection\":[\"Nouvelles de l'equipe\"],\"inLanguage\":\"fr-FR\",\"potentialAction\":[{\"@type\":\"CommentAction\",\"name\":\"Comment\",\"target\":[\"https:\\\/\\\/preprod.olympic.ca\\\/olympique\\\/2012\\\/08\\\/04\\\/maclennan-decroche-la-premiere-medaille-dor-du-canada\\\/#respond\"]}]},{\"@type\":\"WebPage\",\"@id\":\"https:\\\/\\\/preprod.olympic.ca\\\/olympique\\\/2012\\\/08\\\/04\\\/maclennan-decroche-la-premiere-medaille-dor-du-canada\\\/\",\"url\":\"https:\\\/\\\/preprod.olympic.ca\\\/olympique\\\/2012\\\/08\\\/04\\\/maclennan-decroche-la-premiere-medaille-dor-du-canada\\\/\",\"name\":\"MacLennan d\u00e9croche la premi\u00e8re m\u00e9daille d\u2019or du Canada - \u00c9quipe Canada | Site officiel de l&#039;\u00e9quipe olympique\",\"isPartOf\":{\"@id\":\"https:\\\/\\\/preprod.olympic.ca\\\/olympique\\\/#website\"},\"primaryImageOfPage\":{\"@id\":\"https:\\\/\\\/preprod.olympic.ca\\\/olympique\\\/2012\\\/08\\\/04\\\/maclennan-decroche-la-premiere-medaille-dor-du-canada\\\/#primaryimage\"},\"image\":{\"@id\":\"https:\\\/\\\/preprod.olympic.ca\\\/olympique\\\/2012\\\/08\\\/04\\\/maclennan-decroche-la-premiere-medaille-dor-du-canada\\\/#primaryimage\"},\"thumbnailUrl\":\"https:\\\/\\\/preprod.olympic.ca\\\/olympique\\\/wp-content\\\/uploads\\\/sites\\\/2\\\/2012\\\/08\\\/rosie_coc_gold115.jpg?quality=100\",\"datePublished\":\"2012-08-04T15:16:56+00:00\",\"author\":{\"@id\":\"https:\\\/\\\/preprod.olympic.ca\\\/olympique\\\/#\\\/schema\\\/person\\\/fb9edb1f2f2d7053924364780a4bd048\"},\"inLanguage\":\"fr-FR\",\"potentialAction\":[{\"@type\":\"ReadAction\",\"target\":[\"https:\\\/\\\/preprod.olympic.ca\\\/olympique\\\/2012\\\/08\\\/04\\\/maclennan-decroche-la-premiere-medaille-dor-du-canada\\\/\"]}]},{\"@type\":\"ImageObject\",\"inLanguage\":\"fr-FR\",\"@id\":\"https:\\\/\\\/preprod.olympic.ca\\\/olympique\\\/2012\\\/08\\\/04\\\/maclennan-decroche-la-premiere-medaille-dor-du-canada\\\/#primaryimage\",\"url\":\"https:\\\/\\\/preprod.olympic.ca\\\/olympique\\\/wp-content\\\/uploads\\\/sites\\\/2\\\/2012\\\/08\\\/rosie_coc_gold115.jpg?quality=100\",\"contentUrl\":\"https:\\\/\\\/preprod.olympic.ca\\\/olympique\\\/wp-content\\\/uploads\\\/sites\\\/2\\\/2012\\\/08\\\/rosie_coc_gold115.jpg?quality=100\",\"width\":921,\"height\":681},{\"@type\":\"WebSite\",\"@id\":\"https:\\\/\\\/preprod.olympic.ca\\\/olympique\\\/#website\",\"url\":\"https:\\\/\\\/preprod.olympic.ca\\\/olympique\\\/\",\"name\":\"\u00c9quipe Canada | Site officiel de l&#039;\u00e9quipe olympique\",\"description\":\"Votre source pour l\u2019\u00c9quipe olympique canadienne. Retrouvez les r\u00e9cits, vid\u00e9os et photos des athl\u00e8tes canadiens, sports olympiques, Jeux olympiques de 2020 et bien plus!\",\"potentialAction\":[{\"@type\":\"SearchAction\",\"target\":{\"@type\":\"EntryPoint\",\"urlTemplate\":\"https:\\\/\\\/preprod.olympic.ca\\\/olympique\\\/?s={search_term_string}\"},\"query-input\":{\"@type\":\"PropertyValueSpecification\",\"valueRequired\":true,\"valueName\":\"search_term_string\"}}],\"inLanguage\":\"fr-FR\"},{\"@type\":\"Person\",\"@id\":\"https:\\\/\\\/preprod.olympic.ca\\\/olympique\\\/#\\\/schema\\\/person\\\/fb9edb1f2f2d7053924364780a4bd048\",\"name\":\"Ben Stevenson\",\"image\":{\"@type\":\"ImageObject\",\"inLanguage\":\"fr-FR\",\"@id\":\"https:\\\/\\\/secure.gravatar.com\\\/avatar\\\/1f38c4b33086e47eaf1427b6b6d5e7ccbc308da0b2b745a7afc6913cd5cb2c81?s=96&d=identicon&r=g9f03b2891d7e4a094d5adf45bc3a2b03\",\"url\":\"https:\\\/\\\/secure.gravatar.com\\\/avatar\\\/1f38c4b33086e47eaf1427b6b6d5e7ccbc308da0b2b745a7afc6913cd5cb2c81?s=96&d=identicon&r=g\",\"contentUrl\":\"https:\\\/\\\/secure.gravatar.com\\\/avatar\\\/1f38c4b33086e47eaf1427b6b6d5e7ccbc308da0b2b745a7afc6913cd5cb2c81?s=96&d=identicon&r=g\",\"caption\":\"Ben Stevenson\"},\"description\":\"Manager, Content - Canadian Olympic Committee Gestionnaire, Contenu - Comit\u00e9 olympique canadien\",\"url\":\"https:\\\/\\\/preprod.olympic.ca\\\/olympique\\\/author\\\/stevensonben\\\/\"}]}<\/script>\n<!-- \/ Yoast SEO plugin. -->","yoast_head_json":{"title":"MacLennan d\u00e9croche la premi\u00e8re m\u00e9daille d\u2019or du Canada - \u00c9quipe Canada | Site officiel de l&#039;\u00e9quipe olympique","robots":{"index":"index","follow":"follow","max-snippet":"max-snippet:-1","max-image-preview":"max-image-preview:large","max-video-preview":"max-video-preview:-1"},"canonical":"https:\/\/preprod.olympic.ca\/olympique\/2012\/08\/04\/maclennan-decroche-la-premiere-medaille-dor-du-canada\/","og_locale":"fr_FR","og_type":"article","og_title":"MacLennan d\u00e9croche la premi\u00e8re m\u00e9daille d\u2019or du Canada - \u00c9quipe Canada | Site officiel de l&#039;\u00e9quipe olympique","og_description":"Rosie MacLennan a men\u00e9 le Canada vers de hauts sommets en remportant la m\u00e9daille d\u2019or samedi en trampoline.\u00a0 La native...","og_url":"https:\/\/preprod.olympic.ca\/olympique\/2012\/08\/04\/maclennan-decroche-la-premiere-medaille-dor-du-canada\/","og_site_name":"\u00c9quipe Canada | Site officiel de l&#039;\u00e9quipe olympique","article_published_time":"2012-08-04T15:16:56+00:00","og_image":[{"width":921,"height":681,"url":"https:\/\/preprod.olympic.ca\/olympique\/wp-content\/uploads\/sites\/2\/2012\/08\/rosie_coc_gold115.jpg?quality=100","type":"image\/jpeg"}],"author":"Ben Stevenson","twitter_card":"summary_large_image","twitter_misc":{"Written by":"Ben Stevenson","Est. reading time":"1 minute"},"schema":{"@context":"https:\/\/schema.org","@graph":[{"@type":"Article","@id":"https:\/\/preprod.olympic.ca\/olympique\/2012\/08\/04\/maclennan-decroche-la-premiere-medaille-dor-du-canada\/#article","isPartOf":{"@id":"https:\/\/preprod.olympic.ca\/olympique\/2012\/08\/04\/maclennan-decroche-la-premiere-medaille-dor-du-canada\/"},"author":{"name":"Ben Stevenson","@id":"https:\/\/preprod.olympic.ca\/olympique\/#\/schema\/person\/fb9edb1f2f2d7053924364780a4bd048"},"headline":"MacLennan d\u00e9croche la premi\u00e8re m\u00e9daille d\u2019or du Canada","datePublished":"2012-08-04T15:16:56+00:00","mainEntityOfPage":{"@id":"https:\/\/preprod.olympic.ca\/olympique\/2012\/08\/04\/maclennan-decroche-la-premiere-medaille-dor-du-canada\/"},"wordCount":260,"commentCount":1,"image":{"@id":"https:\/\/preprod.olympic.ca\/olympique\/2012\/08\/04\/maclennan-decroche-la-premiere-medaille-dor-du-canada\/#primaryimage"},"thumbnailUrl":"https:\/\/preprod.olympic.ca\/olympique\/wp-content\/uploads\/sites\/2\/2012\/08\/rosie_coc_gold115.jpg?quality=100","keywords":["Championne Olympique","Londres 2012","M\u00e9daille d'Or","Rosie MacLennan","Toronto 2015 - Gymnastique - Trampoline"],"articleSection":["Nouvelles de l'equipe"],"inLanguage":"fr-FR","potentialAction":[{"@type":"CommentAction","name":"Comment","target":["https:\/\/preprod.olympic.ca\/olympique\/2012\/08\/04\/maclennan-decroche-la-premiere-medaille-dor-du-canada\/#respond"]}]},{"@type":"WebPage","@id":"https:\/\/preprod.olympic.ca\/olympique\/2012\/08\/04\/maclennan-decroche-la-premiere-medaille-dor-du-canada\/","url":"https:\/\/preprod.olympic.ca\/olympique\/2012\/08\/04\/maclennan-decroche-la-premiere-medaille-dor-du-canada\/","name":"MacLennan d\u00e9croche la premi\u00e8re m\u00e9daille d\u2019or du Canada - \u00c9quipe Canada | Site officiel de l&#039;\u00e9quipe olympique","isPartOf":{"@id":"https:\/\/preprod.olympic.ca\/olympique\/#website"},"primaryImageOfPage":{"@id":"https:\/\/preprod.olympic.ca\/olympique\/2012\/08\/04\/maclennan-decroche-la-premiere-medaille-dor-du-canada\/#primaryimage"},"image":{"@id":"https:\/\/preprod.olympic.ca\/olympique\/2012\/08\/04\/maclennan-decroche-la-premiere-medaille-dor-du-canada\/#primaryimage"},"thumbnailUrl":"https:\/\/preprod.olympic.ca\/olympique\/wp-content\/uploads\/sites\/2\/2012\/08\/rosie_coc_gold115.jpg?quality=100","datePublished":"2012-08-04T15:16:56+00:00","author":{"@id":"https:\/\/preprod.olympic.ca\/olympique\/#\/schema\/person\/fb9edb1f2f2d7053924364780a4bd048"},"inLanguage":"fr-FR","potentialAction":[{"@type":"ReadAction","target":["https:\/\/preprod.olympic.ca\/olympique\/2012\/08\/04\/maclennan-decroche-la-premiere-medaille-dor-du-canada\/"]}]},{"@type":"ImageObject","inLanguage":"fr-FR","@id":"https:\/\/preprod.olympic.ca\/olympique\/2012\/08\/04\/maclennan-decroche-la-premiere-medaille-dor-du-canada\/#primaryimage","url":"https:\/\/preprod.olympic.ca\/olympique\/wp-content\/uploads\/sites\/2\/2012\/08\/rosie_coc_gold115.jpg?quality=100","contentUrl":"https:\/\/preprod.olympic.ca\/olympique\/wp-content\/uploads\/sites\/2\/2012\/08\/rosie_coc_gold115.jpg?quality=100","width":921,"height":681},{"@type":"WebSite","@id":"https:\/\/preprod.olympic.ca\/olympique\/#website","url":"https:\/\/preprod.olympic.ca\/olympique\/","name":"\u00c9quipe Canada | Site officiel de l&#039;\u00e9quipe olympique","description":"Votre source pour l\u2019\u00c9quipe olympique canadienne. Retrouvez les r\u00e9cits, vid\u00e9os et photos des athl\u00e8tes canadiens, sports olympiques, Jeux olympiques de 2020 et bien plus!","potentialAction":[{"@type":"SearchAction","target":{"@type":"EntryPoint","urlTemplate":"https:\/\/preprod.olympic.ca\/olympique\/?s={search_term_string}"},"query-input":{"@type":"PropertyValueSpecification","valueRequired":true,"valueName":"search_term_string"}}],"inLanguage":"fr-FR"},{"@type":"Person","@id":"https:\/\/preprod.olympic.ca\/olympique\/#\/schema\/person\/fb9edb1f2f2d7053924364780a4bd048","name":"Ben Stevenson","image":{"@type":"ImageObject","inLanguage":"fr-FR","@id":"https:\/\/secure.gravatar.com\/avatar\/1f38c4b33086e47eaf1427b6b6d5e7ccbc308da0b2b745a7afc6913cd5cb2c81?s=96&d=identicon&r=g9f03b2891d7e4a094d5adf45bc3a2b03","url":"https:\/\/secure.gravatar.com\/avatar\/1f38c4b33086e47eaf1427b6b6d5e7ccbc308da0b2b745a7afc6913cd5cb2c81?s=96&d=identicon&r=g","contentUrl":"https:\/\/secure.gravatar.com\/avatar\/1f38c4b33086e47eaf1427b6b6d5e7ccbc308da0b2b745a7afc6913cd5cb2c81?s=96&d=identicon&r=g","caption":"Ben Stevenson"},"description":"Manager, Content - Canadian Olympic Committee Gestionnaire, Contenu - Comit\u00e9 olympique canadien","url":"https:\/\/preprod.olympic.ca\/olympique\/author\/stevensonben\/"}]}},"jetpack_featured_media_url":"https:\/\/preprod.olympic.ca\/olympique\/wp-content\/uploads\/sites\/2\/2012\/08\/rosie_coc_gold115.jpg?quality=100","featured_image_url":"https:\/\/preprod.olympic.ca\/olympique\/wp-content\/uploads\/sites\/2\/2012\/08\/rosie_coc_gold115.jpg?quality=100","author_name":["Ben Stevenson"],"category_names":["Nouvelles de l'equipe"],"tag_names":["Championne Olympique","Londres 2012","M\u00e9daille d'Or","Rosie MacLennan","Toronto 2015 - Gymnastique - Trampoline"],"video_embed_code":"","facebook_video_embed_code":"","jetpack_sharing_enabled":true,"jetpack-related-posts":[],"jetpack_shortlink":"https:\/\/wp.me\/pcGHcP-ahg","_links":{"self":[{"href":"https:\/\/preprod.olympic.ca\/olympique\/wp-json\/wp\/v2\/posts\/39510","targetHints":{"allow":["GET"]}}],"collection":[{"href":"https:\/\/preprod.olympic.ca\/olympique\/wp-json\/wp\/v2\/posts"}],"about":[{"href":"https:\/\/preprod.olympic.ca\/olympique\/wp-json\/wp\/v2\/types\/post"}],"author":[{"embeddable":true,"href":"https:\/\/preprod.olympic.ca\/olympique\/wp-json\/wp\/v2\/users\/52435356"}],"replies":[{"embeddable":true,"href":"https:\/\/preprod.olympic.ca\/olympique\/wp-json\/wp\/v2\/comments?post=39510"}],"version-history":[{"count":0,"href":"https:\/\/preprod.olympic.ca\/olympique\/wp-json\/wp\/v2\/posts\/39510\/revisions"}],"wp:featuredmedia":[{"embeddable":true,"href":"https:\/\/preprod.olympic.ca\/olympique\/wp-json\/wp\/v2\/media\/39542"}],"wp:attachment":[{"href":"https:\/\/preprod.olympic.ca\/olympique\/wp-json\/wp\/v2\/media?parent=39510"}],"wp:term":[{"taxonomy":"category","embeddable":true,"href":"https:\/\/preprod.olympic.ca\/olympique\/wp-json\/wp\/v2\/categories?post=39510"},{"taxonomy":"post_tag","embeddable":true,"href":"https:\/\/preprod.olympic.ca\/olympique\/wp-json\/wp\/v2\/tags?post=39510"},{"taxonomy":"post_format","embeddable":true,"href":"https:\/\/preprod.olympic.ca\/olympique\/wp-json\/wp\/v2\/post_format?post=39510"},{"taxonomy":"sport","embeddable":true,"href":"https:\/\/preprod.olympic.ca\/olympique\/wp-json\/wp\/v2\/sport?post=39510"},{"taxonomy":"game","embeddable":true,"href":"https:\/\/preprod.olympic.ca\/olympique\/wp-json\/wp\/v2\/game?post=39510"},{"taxonomy":"author","embeddable":true,"href":"https:\/\/preprod.olympic.ca\/olympique\/wp-json\/wp\/v2\/coauthors?post=39510"}],"curies":[{"name":"wp","href":"https:\/\/api.w.org\/{rel}","templated":true}]}}