{"id":3996,"date":"2010-01-29T15:26:30","date_gmt":"2010-01-29T20:26:30","guid":{"rendered":"http:\/\/preprod.olympic.ca\/?p=3996"},"modified":"2013-08-01T01:09:27","modified_gmt":"2013-08-01T01:09:27","slug":"le-comite-olympique-canadien-coc-a-annonce-aujourdhui-que-la-quintuple-olympienne-clara-hughes-a-ete-nommee-porte-drapeau-du-canada-pour-les-jeux-olympiques-dhiver-de-2010-a-vancou","status":"publish","type":"post","link":"https:\/\/preprod.olympic.ca\/olympique\/2010\/01\/29\/le-comite-olympique-canadien-coc-a-annonce-aujourdhui-que-la-quintuple-olympienne-clara-hughes-a-ete-nommee-porte-drapeau-du-canada-pour-les-jeux-olympiques-dhiver-de-2010-a-vancou\/","title":{"rendered":"Clara Hughes m\u00e8nera une \u00e9quipe de 206 athl\u00e8tes aux Jeux olympiques d\u2019hiver de 2010 \u00e0 Vancouver \u00e0 titre de porte-drapeau du Canada"},"content":{"rendered":"<p>Le Comit\u00e9 olympique canadien (COC) a annonc\u00e9 aujourd\u2019hui que la quintuple Olympienne Clara Hughes a \u00e9t\u00e9 nomm\u00e9e porte-drapeau du Canada pour les Jeux olympiques d\u2019hiver de 2010 \u00e0 Vancouver. L\u2019annonce a \u00e9t\u00e9 faite lors du d\u00e9voilement, par le COC, des noms des 206 athl\u00e8tes qui repr\u00e9senteront le Canada \u00ab \u00e0 domicile \u00bb \u00e0 Vancouver, \u00e0 Whistler et \u00e0 Richmond durant les XXI Jeux olympiques d\u2019hiver qui commenceront le 12 f\u00e9vrier.<\/p>\n<p>\u00ab C\u2019est, sans aucun doute, le plus grand honneur de ma vie sportive, \u00bb a d\u00e9clar\u00e9 Hughes. \u00ab Je suis impatiente de conduire l\u2019\u00e9quipe au BC Place en raison des athl\u00e8tes canadiens de calibre mondial qui la composent et des histoires inspirantes derri\u00e8re chacun d\u2019eux. Ces Jeux auront un profond impact sur chaque Canadien et feront na\u00eetre tant d\u2019espoirs et de r\u00eaves. Je me rappelle avoir \u00e9t\u00e9 cette jeune personne qui regardait les Jeux \u00e0 Calgary, et ce fut le commencement d\u2019un merveilleux parcours qui m\u2019a men\u00e9e jusqu\u2019ici <a href=\"http:\/\/media.olympic.ca\/files\/gamedocs\/2010_Canadian_Olympic_Team.pdf\">http:\/\/media.olympic.ca\/files\/gamedocs\/2010_Canadian_Olympic_Team.pdf<\/a>.\u00bb<\/p>\n<p>Hughes est la seule athl\u00e8te au monde \u00e0 avoir gagn\u00e9 plusieurs m\u00e9dailles olympiques tant aux Jeux d\u2019\u00e9t\u00e9 qu\u2019aux Jeux d\u2019hiver au cours d\u2019une carri\u00e8re s\u2019\u00e9tendant maintenant sur cinq Jeux olympiques.<\/p>\n<p>Elle a remport\u00e9 ses premi\u00e8res m\u00e9dailles aux Jeux olympiques de 1996 \u00e0 Atlanta, soit deux m\u00e9dailles de bronze en cyclisme. Elle poss\u00e8de 18 titres canadiens, une m\u00e9daille d\u2019argent aux Championnats du monde de 1995 et sept m\u00e9dailles des Jeux panam\u00e9ricains. Par ailleurs, c\u2019est aux Jeux panam\u00e9ricains qu\u2019elle a eu l\u2019occasion de porter, pour la premi\u00e8re fois, le drapeau du Canada en 2003, \u00e0 Saint-Domingue, R\u00e9publique dominicaine.<\/p>\n<p>Hughes a fait ses d\u00e9buts aux Jeux olympiques d\u2019hiver en 2002, \u00e0 Salt Lake City, dans le sport du patinage de vitesse (5000 m\u00e8tres).  Apr\u00e8s une performance qui lui a valu la m\u00e9daille de bronze aux Jeux olympiques d\u2019hiver de 2002 \u00e0 Salt Lake City, au 5000 m\u00e8tres, elle est devenue la quatri\u00e8me Olympienne \u00e0 avoir gravi les marches du podium aux Jeux d\u2019\u00e9t\u00e9 et aux Jeux d\u2019hiver. Quatre ans plus tard, \u00e0 Turin, elle remporte une m\u00e9daille d\u2019or au 5000 m\u00e8tres et une m\u00e9daille d\u2019argent \u00e0 la poursuite par \u00e9quipe, devenant ainsi la seule athl\u00e8te \u00e0 avoir gagn\u00e9 plusieurs m\u00e9dailles aux Jeux olympiques d\u2019\u00e9t\u00e9 et d\u2019hiver.<\/p>\n<p>\u00c0 l\u2019ext\u00e9rieur de l\u2019anneau, Hughes appuie activement Right to Play, un groupe qui aide les jeunes d\u00e9favoris\u00e9s par le sport et des activit\u00e9s. Apr\u00e8s les Jeux olympiques d\u2019hiver de 2006, Hughes a fait un don de 10 000 $ \u00e0 l\u2019organisme de charit\u00e9. Elle est une leader incontestable sur la glace et dans la communaut\u00e9, comme en t\u00e9moigne le troph\u00e9e Sport et communaut\u00e9 qui lui a \u00e9t\u00e9 d\u00e9cern\u00e9 par le Comit\u00e9 international olympique en 2006.<\/p>\n<p>\u00ab \u00c0 ma nomination \u00e0 titre de chef de mission, je me suis dit que l&rsquo;un des tr\u00e8s beaux privil\u00e8ges que j&rsquo;aurai sera de marcher \u00e0 nouveau dans un stade olympique rempli en tant que membre de l&rsquo;\u00e9quipe du pays h\u00f4te, \u00bb a ajout\u00e9 la chef de mission du Canada pour les Jeux de 2010, Nathalie Lambert (qui a \u00e9galement concouru aux Jeux de 1988 \u00e0 Calgary). \u00ab Je ne saurais \u00eatre plus fi\u00e8re en sachant que Clara Hugues sera notre porte-drapeau. Elle repr\u00e9sente l&rsquo;essence m\u00eame des Jeux olympiques : une passion contagieuse, la d\u00e9termination, la pers\u00e9v\u00e9rance, un palmar\u00e8s exceptionnel en plus d&rsquo;une personnalit\u00e9 des plus g\u00e9n\u00e9reuses et attachante. \u00bb<\/p>\n<p>\u00ab En bref, nous avons une tr\u00e8s grande et exceptionnelle athl\u00e8te pour mener une tr\u00e8s grande et exceptionnelle \u00e9quipe. \u00bb<\/p>\n<p>Le vendredi 12 f\u00e9vrier, Hughes m\u00e8nera l\u2019\u00e9quipe olympique canadienne au B.C. Place pour la c\u00e9r\u00e9monie d\u2019ouverture des troisi\u00e8mes Jeux olympiques organis\u00e9s par le Canada. Les 206 athl\u00e8tes canadiens formeront la plus importante d\u00e9l\u00e9gation olympique canadienne \u00e0 des Jeux olympiques d\u2019hiver.<\/p>\n<p>Dans cette \u00e9quipe, il y a une myriade d\u2019histoires int\u00e9ressantes et de faits saillants. En voici quelques-uns :<\/p>\n<p>&bull; Brian McKeever (Calgary) devient le premier athl\u00e8te \u00e0 concourir aux Jeux olympiques d\u2019hiver et aux Jeux paralympiques d\u2019hiver, dans le sport du ski de fond.<\/p>\n<p>&bull; L\u2019\u00e9quipe f\u00e9minine de hockey essaiera de remporter son troisi\u00e8me titre olympique, et si elle y parvient plusieurs joueuses \u00e9galeront le record du plus grand nombre de m\u00e9dailles d\u2019or olympiques aux Jeux d\u2019hiver d\u00e9tenu par Marc Gagnon, soit trois m\u00e9dailles.<\/p>\n<p>&bull; L\u2019\u00e9quipe de patinage de vitesse, avec Hughes, essaiera de poursuivre sur sa lanc\u00e9e et d\u2019am\u00e9liorer sa r\u00e9colte (record canadien) de huit m\u00e9dailles des Jeux de 2006.<\/p>\n<p>&bull; L\u2019\u00e9quipe comprend six champions du monde 2009 : Ashleigh McIvor, ski cross; Charles Hamelin, patinage de vitesse sur courte piste \u2013 500 m\u00e8tres; Jasey-Jay Anderson, surf des neiges, slalom g\u00e9ant parall\u00e8le; Christine Nesbitt, patinage de vitesse  \u2013 1000 m\u00e8tres, poursuite par \u00e9quipe; Kristina Groves, patinage de vitesse \u2013 poursuite par \u00e9quipe et Brittany Schussler, patinage de vitesse \u2013 poursuite par \u00e9quipe.<\/p>\n<p>&bull; L\u2019\u00e9quipe compte 32 m\u00e9daill\u00e9s des Jeux de 2006 \u00e0 Turin : Chandra Crawford, Sara Renner, Jenn Heil, Clara Hughes, Cindy Klassen, Kristina Groves, Christine Nesbitt, Shannon Rempel, Denny Morrison, Pierre Lueders, Lascelles Brown, Jeff Pain, Melissa Hollingsworth, Dominique Maltais, Fran\u00e7ois-Louis Tremblay, Charles Hamelin, Kalyna Roberge, Tania Vicent et 14 joueuses de hockey sur glace.<\/p>\n<p>&bull; Neuf provinces et un territoire sont repr\u00e9sent\u00e9s par les athl\u00e8tes de l\u2019\u00e9quipe olympique canadienne 2010.<\/p>\n<p>L\u2019\u00e9quipe olympique canadienne de 2010 est constitu\u00e9e d\u2019un m\u00e9lange de v\u00e9t\u00e9rans et d\u2019athl\u00e8tes qui en seront \u00e0 leur premi\u00e8re participation olympique. Dans le premier groupe, le pilote de bobsleigh Pierre Lueders se joindra \u00e0 Hughes pour sa cinqui\u00e8me participation aux Jeux. Dix athl\u00e8tes en seront \u00e0 leurs quatri\u00e8mes Jeux olympiques d\u2019hiver : Jasey-Jay Anderson (surf des neiges), Jennifer Botterill (hockey sur glace), Jayna Hefford (hockey sur glace), Mike Ireland (patinage de vitesse), Becky Kellar (hockey sur glace), Chris Pronger (hockey sur glace), Sara Renner (ski de fond), Tania Vicent (patinage de vitesse sur courte piste), Hayley Wickenheiser (hockey sur glace) et Jeremy Wotherspoon (patinage de vitesse). Plusieurs athl\u00e8tes en seront \u00e0 leur troisi\u00e8me participation aux Jeux.<\/p>\n<p>\u00ab Le Comit\u00e9 olympique canadien  ne pourrait \u00eatre plus fier de voir une leader et une Olympienne aussi remarquable que Clara Hughes porter le drapeau du Canada \u00e0 la c\u00e9r\u00e9monie d\u2019ouverture, \u00bb a d\u00e9clar\u00e9 le pr\u00e9sident du COC Michael Chambers. \u00ab Elle symbolise chacune des valeurs olympiques, a connu un grand succ\u00e8s aux Jeux olympiques d\u2019hiver et d\u2019\u00e9t\u00e9 et repr\u00e9sente le Canada avec fiert\u00e9 \u00e0 chaque occasion, et pas seulement en comp\u00e9tition. \u00bb<\/p>\n<p>Hughes a \u00e9t\u00e9 choisie comme porte-drapeau du Canada par un comit\u00e9 de s\u00e9lection compos\u00e9 de Lambert, des chefs de mission adjoints Steve Podborski et Jo\u00e9 Juneau, des athl\u00e8tes Adam van Koeverden et Deidra Dionne (choisis par le Comit\u00e9 ex\u00e9cutif du Conseil des athl\u00e8tes du COC) et de Pierre Lafontaine (s\u00e9lectionn\u00e9 par le repr\u00e9sentant des entra\u00eeneurs au Conseil d\u2019administration du COC).<\/p>\n<p>La liste compl\u00e8te des membres de l\u2019\u00e9quipe olympique canadienne de 2010 est affich\u00e9e sur le <a href=\"http:\/\/www.olympic.ca\" rel=\"nofollow\">http:\/\/www.olympic.ca<\/a>. Le site sera le chez-soi de l\u2019\u00e9quipe olympique canadienne et affichera les r\u00e9sultats des Jeux de 2010 ainsi que les biographies des athl\u00e8tes et des entra\u00eeneurs, les r\u00e9sultats historiques, la liste des membres de la mission, l\u2019horaire des comp\u00e9titions, des photos t\u00e9l\u00e9chargeables, des liens menant aux pages Twitter pour les derni\u00e8res nouvelles ainsi que tous  les num\u00e9ros du bulletin quotidien de l\u2019\u00e9quipe, \u00ab Le courrier rouge \u00bb. <\/p>\n","protected":false},"excerpt":{"rendered":"<p>Le Comit\u00e9 olympique canadien (COC) a annonc\u00e9 aujourd\u2019hui que la quintuple Olympienne Clara Hughes a \u00e9t\u00e9 nomm\u00e9e porte-drapeau du Canada&#8230;<\/p>\n","protected":false},"author":47562643,"featured_media":3994,"comment_status":"open","ping_status":"open","sticky":false,"template":"","format":"standard","meta":{"_acf_changed":false,"_jetpack_memberships_contains_paid_content":false,"footnotes":""},"categories":[23939911],"tags":[],"post_format":"standard","sport":[],"game":[],"coauthors":[186127234],"class_list":["post-3996","post","type-post","status-publish","format-standard","has-post-thumbnail","hentry","category-uncategorized-fr"],"acf":[],"yoast_head":"<!-- This site is optimized with the Yoast SEO plugin v27.3 - https:\/\/yoast.com\/product\/yoast-seo-wordpress\/ -->\n<title>Clara Hughes m\u00e8nera une \u00e9quipe de 206 athl\u00e8tes aux Jeux olympiques d\u2019hiver de 2010 \u00e0 Vancouver \u00e0 titre de porte-drapeau du Canada  - \u00c9quipe Canada | Site officiel de l&#039;\u00e9quipe olympique<\/title>\n<meta name=\"robots\" content=\"index, follow, max-snippet:-1, max-image-preview:large, max-video-preview:-1\" \/>\n<link rel=\"canonical\" href=\"https:\/\/preprod.olympic.ca\/olympique\/2010\/01\/29\/le-comite-olympique-canadien-coc-a-annonce-aujourdhui-que-la-quintuple-olympienne-clara-hughes-a-ete-nommee-porte-drapeau-du-canada-pour-les-jeux-olympiques-dhiver-de-2010-a-vancou\/\" \/>\n<meta property=\"og:locale\" content=\"fr_FR\" \/>\n<meta property=\"og:type\" content=\"article\" \/>\n<meta property=\"og:title\" content=\"Clara Hughes m\u00e8nera une \u00e9quipe de 206 athl\u00e8tes aux Jeux olympiques d\u2019hiver de 2010 \u00e0 Vancouver \u00e0 titre de porte-drapeau du Canada  - \u00c9quipe Canada | Site officiel de l&#039;\u00e9quipe olympique\" \/>\n<meta property=\"og:description\" content=\"Le Comit\u00e9 olympique canadien (COC) a annonc\u00e9 aujourd\u2019hui que la quintuple Olympienne Clara Hughes a \u00e9t\u00e9 nomm\u00e9e porte-drapeau du Canada...\" \/>\n<meta property=\"og:url\" content=\"https:\/\/preprod.olympic.ca\/olympique\/2010\/01\/29\/le-comite-olympique-canadien-coc-a-annonce-aujourdhui-que-la-quintuple-olympienne-clara-hughes-a-ete-nommee-porte-drapeau-du-canada-pour-les-jeux-olympiques-dhiver-de-2010-a-vancou\/\" \/>\n<meta property=\"og:site_name\" content=\"\u00c9quipe Canada | Site officiel de l&#039;\u00e9quipe olympique\" \/>\n<meta property=\"article:published_time\" content=\"2010-01-29T20:26:30+00:00\" \/>\n<meta property=\"article:modified_time\" content=\"2013-08-01T01:09:27+00:00\" \/>\n<meta property=\"og:image\" content=\"https:\/\/preprod.olympic.ca\/olympique\/wp-content\/uploads\/sites\/2\/2011\/08\/12498-editflag_046.jpg?quality=100\" \/>\n\t<meta property=\"og:image:width\" content=\"2000\" \/>\n\t<meta property=\"og:image:height\" content=\"1329\" \/>\n\t<meta property=\"og:image:type\" content=\"image\/jpeg\" \/>\n<meta name=\"author\" content=\"Comit\u00e9 olympique canadien\" \/>\n<meta name=\"twitter:card\" content=\"summary_large_image\" \/>\n<meta name=\"twitter:label1\" content=\"Written by\" \/>\n\t<meta name=\"twitter:data1\" content=\"Comit\u00e9 olympique canadien\" \/>\n\t<meta name=\"twitter:label2\" content=\"Est. reading time\" \/>\n\t<meta name=\"twitter:data2\" content=\"6 minutes\" \/>\n<script type=\"application\/ld+json\" class=\"yoast-schema-graph\">{\"@context\":\"https:\\\/\\\/schema.org\",\"@graph\":[{\"@type\":\"Article\",\"@id\":\"https:\\\/\\\/preprod.olympic.ca\\\/olympique\\\/2010\\\/01\\\/29\\\/le-comite-olympique-canadien-coc-a-annonce-aujourdhui-que-la-quintuple-olympienne-clara-hughes-a-ete-nommee-porte-drapeau-du-canada-pour-les-jeux-olympiques-dhiver-de-2010-a-vancou\\\/#article\",\"isPartOf\":{\"@id\":\"https:\\\/\\\/preprod.olympic.ca\\\/olympique\\\/2010\\\/01\\\/29\\\/le-comite-olympique-canadien-coc-a-annonce-aujourdhui-que-la-quintuple-olympienne-clara-hughes-a-ete-nommee-porte-drapeau-du-canada-pour-les-jeux-olympiques-dhiver-de-2010-a-vancou\\\/\"},\"author\":{\"name\":\"cdnolympicteam\",\"@id\":\"https:\\\/\\\/preprod.olympic.ca\\\/olympique\\\/#\\\/schema\\\/person\\\/08d84fd062bf1b56ffb3808cb69aee9c\"},\"headline\":\"Clara Hughes m\u00e8nera une \u00e9quipe de 206 athl\u00e8tes aux Jeux olympiques d\u2019hiver de 2010 \u00e0 Vancouver \u00e0 titre de porte-drapeau du Canada\",\"datePublished\":\"2010-01-29T20:26:30+00:00\",\"dateModified\":\"2013-08-01T01:09:27+00:00\",\"mainEntityOfPage\":{\"@id\":\"https:\\\/\\\/preprod.olympic.ca\\\/olympique\\\/2010\\\/01\\\/29\\\/le-comite-olympique-canadien-coc-a-annonce-aujourdhui-que-la-quintuple-olympienne-clara-hughes-a-ete-nommee-porte-drapeau-du-canada-pour-les-jeux-olympiques-dhiver-de-2010-a-vancou\\\/\"},\"wordCount\":1315,\"commentCount\":0,\"image\":{\"@id\":\"https:\\\/\\\/preprod.olympic.ca\\\/olympique\\\/2010\\\/01\\\/29\\\/le-comite-olympique-canadien-coc-a-annonce-aujourdhui-que-la-quintuple-olympienne-clara-hughes-a-ete-nommee-porte-drapeau-du-canada-pour-les-jeux-olympiques-dhiver-de-2010-a-vancou\\\/#primaryimage\"},\"thumbnailUrl\":\"https:\\\/\\\/preprod.olympic.ca\\\/olympique\\\/wp-content\\\/uploads\\\/sites\\\/2\\\/2011\\\/08\\\/12498-editflag_046.jpg?quality=100\",\"articleSection\":[\"Uncategorized @fr\"],\"inLanguage\":\"fr-FR\",\"potentialAction\":[{\"@type\":\"CommentAction\",\"name\":\"Comment\",\"target\":[\"https:\\\/\\\/preprod.olympic.ca\\\/olympique\\\/2010\\\/01\\\/29\\\/le-comite-olympique-canadien-coc-a-annonce-aujourdhui-que-la-quintuple-olympienne-clara-hughes-a-ete-nommee-porte-drapeau-du-canada-pour-les-jeux-olympiques-dhiver-de-2010-a-vancou\\\/#respond\"]}]},{\"@type\":\"WebPage\",\"@id\":\"https:\\\/\\\/preprod.olympic.ca\\\/olympique\\\/2010\\\/01\\\/29\\\/le-comite-olympique-canadien-coc-a-annonce-aujourdhui-que-la-quintuple-olympienne-clara-hughes-a-ete-nommee-porte-drapeau-du-canada-pour-les-jeux-olympiques-dhiver-de-2010-a-vancou\\\/\",\"url\":\"https:\\\/\\\/preprod.olympic.ca\\\/olympique\\\/2010\\\/01\\\/29\\\/le-comite-olympique-canadien-coc-a-annonce-aujourdhui-que-la-quintuple-olympienne-clara-hughes-a-ete-nommee-porte-drapeau-du-canada-pour-les-jeux-olympiques-dhiver-de-2010-a-vancou\\\/\",\"name\":\"Clara Hughes m\u00e8nera une \u00e9quipe de 206 athl\u00e8tes aux Jeux olympiques d\u2019hiver de 2010 \u00e0 Vancouver \u00e0 titre de porte-drapeau du Canada - \u00c9quipe Canada | Site officiel de l&#039;\u00e9quipe olympique\",\"isPartOf\":{\"@id\":\"https:\\\/\\\/preprod.olympic.ca\\\/olympique\\\/#website\"},\"primaryImageOfPage\":{\"@id\":\"https:\\\/\\\/preprod.olympic.ca\\\/olympique\\\/2010\\\/01\\\/29\\\/le-comite-olympique-canadien-coc-a-annonce-aujourdhui-que-la-quintuple-olympienne-clara-hughes-a-ete-nommee-porte-drapeau-du-canada-pour-les-jeux-olympiques-dhiver-de-2010-a-vancou\\\/#primaryimage\"},\"image\":{\"@id\":\"https:\\\/\\\/preprod.olympic.ca\\\/olympique\\\/2010\\\/01\\\/29\\\/le-comite-olympique-canadien-coc-a-annonce-aujourdhui-que-la-quintuple-olympienne-clara-hughes-a-ete-nommee-porte-drapeau-du-canada-pour-les-jeux-olympiques-dhiver-de-2010-a-vancou\\\/#primaryimage\"},\"thumbnailUrl\":\"https:\\\/\\\/preprod.olympic.ca\\\/olympique\\\/wp-content\\\/uploads\\\/sites\\\/2\\\/2011\\\/08\\\/12498-editflag_046.jpg?quality=100\",\"datePublished\":\"2010-01-29T20:26:30+00:00\",\"dateModified\":\"2013-08-01T01:09:27+00:00\",\"author\":{\"@id\":\"https:\\\/\\\/preprod.olympic.ca\\\/olympique\\\/#\\\/schema\\\/person\\\/08d84fd062bf1b56ffb3808cb69aee9c\"},\"inLanguage\":\"fr-FR\",\"potentialAction\":[{\"@type\":\"ReadAction\",\"target\":[\"https:\\\/\\\/preprod.olympic.ca\\\/olympique\\\/2010\\\/01\\\/29\\\/le-comite-olympique-canadien-coc-a-annonce-aujourdhui-que-la-quintuple-olympienne-clara-hughes-a-ete-nommee-porte-drapeau-du-canada-pour-les-jeux-olympiques-dhiver-de-2010-a-vancou\\\/\"]}]},{\"@type\":\"ImageObject\",\"inLanguage\":\"fr-FR\",\"@id\":\"https:\\\/\\\/preprod.olympic.ca\\\/olympique\\\/2010\\\/01\\\/29\\\/le-comite-olympique-canadien-coc-a-annonce-aujourdhui-que-la-quintuple-olympienne-clara-hughes-a-ete-nommee-porte-drapeau-du-canada-pour-les-jeux-olympiques-dhiver-de-2010-a-vancou\\\/#primaryimage\",\"url\":\"https:\\\/\\\/preprod.olympic.ca\\\/olympique\\\/wp-content\\\/uploads\\\/sites\\\/2\\\/2011\\\/08\\\/12498-editflag_046.jpg?quality=100\",\"contentUrl\":\"https:\\\/\\\/preprod.olympic.ca\\\/olympique\\\/wp-content\\\/uploads\\\/sites\\\/2\\\/2011\\\/08\\\/12498-editflag_046.jpg?quality=100\",\"width\":2000,\"height\":1329},{\"@type\":\"WebSite\",\"@id\":\"https:\\\/\\\/preprod.olympic.ca\\\/olympique\\\/#website\",\"url\":\"https:\\\/\\\/preprod.olympic.ca\\\/olympique\\\/\",\"name\":\"\u00c9quipe Canada | Site officiel de l&#039;\u00e9quipe olympique\",\"description\":\"Votre source pour l\u2019\u00c9quipe olympique canadienne. Retrouvez les r\u00e9cits, vid\u00e9os et photos des athl\u00e8tes canadiens, sports olympiques, Jeux olympiques de 2020 et bien plus!\",\"potentialAction\":[{\"@type\":\"SearchAction\",\"target\":{\"@type\":\"EntryPoint\",\"urlTemplate\":\"https:\\\/\\\/preprod.olympic.ca\\\/olympique\\\/?s={search_term_string}\"},\"query-input\":{\"@type\":\"PropertyValueSpecification\",\"valueRequired\":true,\"valueName\":\"search_term_string\"}}],\"inLanguage\":\"fr-FR\"},{\"@type\":\"Person\",\"@id\":\"https:\\\/\\\/preprod.olympic.ca\\\/olympique\\\/#\\\/schema\\\/person\\\/08d84fd062bf1b56ffb3808cb69aee9c\",\"name\":\"cdnolympicteam\",\"image\":{\"@type\":\"ImageObject\",\"inLanguage\":\"fr-FR\",\"@id\":\"https:\\\/\\\/secure.gravatar.com\\\/avatar\\\/5ebf1554473077ab88cd1ec3372750991c09302ef58500182e331751d1f3473b?s=96&d=identicon&r=g7289394c1202ef020fcd9aad965e50f7\",\"url\":\"https:\\\/\\\/secure.gravatar.com\\\/avatar\\\/5ebf1554473077ab88cd1ec3372750991c09302ef58500182e331751d1f3473b?s=96&d=identicon&r=g\",\"contentUrl\":\"https:\\\/\\\/secure.gravatar.com\\\/avatar\\\/5ebf1554473077ab88cd1ec3372750991c09302ef58500182e331751d1f3473b?s=96&d=identicon&r=g\",\"caption\":\"cdnolympicteam\"},\"url\":\"https:\\\/\\\/preprod.olympic.ca\\\/olympique\\\/author\\\/cdnolympicteam\\\/\"}]}<\/script>\n<!-- \/ Yoast SEO plugin. -->","yoast_head_json":{"title":"Clara Hughes m\u00e8nera une \u00e9quipe de 206 athl\u00e8tes aux Jeux olympiques d\u2019hiver de 2010 \u00e0 Vancouver \u00e0 titre de porte-drapeau du Canada  - \u00c9quipe Canada | Site officiel de l&#039;\u00e9quipe olympique","robots":{"index":"index","follow":"follow","max-snippet":"max-snippet:-1","max-image-preview":"max-image-preview:large","max-video-preview":"max-video-preview:-1"},"canonical":"https:\/\/preprod.olympic.ca\/olympique\/2010\/01\/29\/le-comite-olympique-canadien-coc-a-annonce-aujourdhui-que-la-quintuple-olympienne-clara-hughes-a-ete-nommee-porte-drapeau-du-canada-pour-les-jeux-olympiques-dhiver-de-2010-a-vancou\/","og_locale":"fr_FR","og_type":"article","og_title":"Clara Hughes m\u00e8nera une \u00e9quipe de 206 athl\u00e8tes aux Jeux olympiques d\u2019hiver de 2010 \u00e0 Vancouver \u00e0 titre de porte-drapeau du Canada  - \u00c9quipe Canada | Site officiel de l&#039;\u00e9quipe olympique","og_description":"Le Comit\u00e9 olympique canadien (COC) a annonc\u00e9 aujourd\u2019hui que la quintuple Olympienne Clara Hughes a \u00e9t\u00e9 nomm\u00e9e porte-drapeau du Canada...","og_url":"https:\/\/preprod.olympic.ca\/olympique\/2010\/01\/29\/le-comite-olympique-canadien-coc-a-annonce-aujourdhui-que-la-quintuple-olympienne-clara-hughes-a-ete-nommee-porte-drapeau-du-canada-pour-les-jeux-olympiques-dhiver-de-2010-a-vancou\/","og_site_name":"\u00c9quipe Canada | Site officiel de l&#039;\u00e9quipe olympique","article_published_time":"2010-01-29T20:26:30+00:00","article_modified_time":"2013-08-01T01:09:27+00:00","og_image":[{"width":2000,"height":1329,"url":"https:\/\/preprod.olympic.ca\/olympique\/wp-content\/uploads\/sites\/2\/2011\/08\/12498-editflag_046.jpg?quality=100","type":"image\/jpeg"}],"author":"Comit\u00e9 olympique canadien","twitter_card":"summary_large_image","twitter_misc":{"Written by":"Comit\u00e9 olympique canadien","Est. reading time":"6 minutes"},"schema":{"@context":"https:\/\/schema.org","@graph":[{"@type":"Article","@id":"https:\/\/preprod.olympic.ca\/olympique\/2010\/01\/29\/le-comite-olympique-canadien-coc-a-annonce-aujourdhui-que-la-quintuple-olympienne-clara-hughes-a-ete-nommee-porte-drapeau-du-canada-pour-les-jeux-olympiques-dhiver-de-2010-a-vancou\/#article","isPartOf":{"@id":"https:\/\/preprod.olympic.ca\/olympique\/2010\/01\/29\/le-comite-olympique-canadien-coc-a-annonce-aujourdhui-que-la-quintuple-olympienne-clara-hughes-a-ete-nommee-porte-drapeau-du-canada-pour-les-jeux-olympiques-dhiver-de-2010-a-vancou\/"},"author":{"name":"cdnolympicteam","@id":"https:\/\/preprod.olympic.ca\/olympique\/#\/schema\/person\/08d84fd062bf1b56ffb3808cb69aee9c"},"headline":"Clara Hughes m\u00e8nera une \u00e9quipe de 206 athl\u00e8tes aux Jeux olympiques d\u2019hiver de 2010 \u00e0 Vancouver \u00e0 titre de porte-drapeau du Canada","datePublished":"2010-01-29T20:26:30+00:00","dateModified":"2013-08-01T01:09:27+00:00","mainEntityOfPage":{"@id":"https:\/\/preprod.olympic.ca\/olympique\/2010\/01\/29\/le-comite-olympique-canadien-coc-a-annonce-aujourdhui-que-la-quintuple-olympienne-clara-hughes-a-ete-nommee-porte-drapeau-du-canada-pour-les-jeux-olympiques-dhiver-de-2010-a-vancou\/"},"wordCount":1315,"commentCount":0,"image":{"@id":"https:\/\/preprod.olympic.ca\/olympique\/2010\/01\/29\/le-comite-olympique-canadien-coc-a-annonce-aujourdhui-que-la-quintuple-olympienne-clara-hughes-a-ete-nommee-porte-drapeau-du-canada-pour-les-jeux-olympiques-dhiver-de-2010-a-vancou\/#primaryimage"},"thumbnailUrl":"https:\/\/preprod.olympic.ca\/olympique\/wp-content\/uploads\/sites\/2\/2011\/08\/12498-editflag_046.jpg?quality=100","articleSection":["Uncategorized @fr"],"inLanguage":"fr-FR","potentialAction":[{"@type":"CommentAction","name":"Comment","target":["https:\/\/preprod.olympic.ca\/olympique\/2010\/01\/29\/le-comite-olympique-canadien-coc-a-annonce-aujourdhui-que-la-quintuple-olympienne-clara-hughes-a-ete-nommee-porte-drapeau-du-canada-pour-les-jeux-olympiques-dhiver-de-2010-a-vancou\/#respond"]}]},{"@type":"WebPage","@id":"https:\/\/preprod.olympic.ca\/olympique\/2010\/01\/29\/le-comite-olympique-canadien-coc-a-annonce-aujourdhui-que-la-quintuple-olympienne-clara-hughes-a-ete-nommee-porte-drapeau-du-canada-pour-les-jeux-olympiques-dhiver-de-2010-a-vancou\/","url":"https:\/\/preprod.olympic.ca\/olympique\/2010\/01\/29\/le-comite-olympique-canadien-coc-a-annonce-aujourdhui-que-la-quintuple-olympienne-clara-hughes-a-ete-nommee-porte-drapeau-du-canada-pour-les-jeux-olympiques-dhiver-de-2010-a-vancou\/","name":"Clara Hughes m\u00e8nera une \u00e9quipe de 206 athl\u00e8tes aux Jeux olympiques d\u2019hiver de 2010 \u00e0 Vancouver \u00e0 titre de porte-drapeau du Canada - \u00c9quipe Canada | Site officiel de l&#039;\u00e9quipe olympique","isPartOf":{"@id":"https:\/\/preprod.olympic.ca\/olympique\/#website"},"primaryImageOfPage":{"@id":"https:\/\/preprod.olympic.ca\/olympique\/2010\/01\/29\/le-comite-olympique-canadien-coc-a-annonce-aujourdhui-que-la-quintuple-olympienne-clara-hughes-a-ete-nommee-porte-drapeau-du-canada-pour-les-jeux-olympiques-dhiver-de-2010-a-vancou\/#primaryimage"},"image":{"@id":"https:\/\/preprod.olympic.ca\/olympique\/2010\/01\/29\/le-comite-olympique-canadien-coc-a-annonce-aujourdhui-que-la-quintuple-olympienne-clara-hughes-a-ete-nommee-porte-drapeau-du-canada-pour-les-jeux-olympiques-dhiver-de-2010-a-vancou\/#primaryimage"},"thumbnailUrl":"https:\/\/preprod.olympic.ca\/olympique\/wp-content\/uploads\/sites\/2\/2011\/08\/12498-editflag_046.jpg?quality=100","datePublished":"2010-01-29T20:26:30+00:00","dateModified":"2013-08-01T01:09:27+00:00","author":{"@id":"https:\/\/preprod.olympic.ca\/olympique\/#\/schema\/person\/08d84fd062bf1b56ffb3808cb69aee9c"},"inLanguage":"fr-FR","potentialAction":[{"@type":"ReadAction","target":["https:\/\/preprod.olympic.ca\/olympique\/2010\/01\/29\/le-comite-olympique-canadien-coc-a-annonce-aujourdhui-que-la-quintuple-olympienne-clara-hughes-a-ete-nommee-porte-drapeau-du-canada-pour-les-jeux-olympiques-dhiver-de-2010-a-vancou\/"]}]},{"@type":"ImageObject","inLanguage":"fr-FR","@id":"https:\/\/preprod.olympic.ca\/olympique\/2010\/01\/29\/le-comite-olympique-canadien-coc-a-annonce-aujourdhui-que-la-quintuple-olympienne-clara-hughes-a-ete-nommee-porte-drapeau-du-canada-pour-les-jeux-olympiques-dhiver-de-2010-a-vancou\/#primaryimage","url":"https:\/\/preprod.olympic.ca\/olympique\/wp-content\/uploads\/sites\/2\/2011\/08\/12498-editflag_046.jpg?quality=100","contentUrl":"https:\/\/preprod.olympic.ca\/olympique\/wp-content\/uploads\/sites\/2\/2011\/08\/12498-editflag_046.jpg?quality=100","width":2000,"height":1329},{"@type":"WebSite","@id":"https:\/\/preprod.olympic.ca\/olympique\/#website","url":"https:\/\/preprod.olympic.ca\/olympique\/","name":"\u00c9quipe Canada | Site officiel de l&#039;\u00e9quipe olympique","description":"Votre source pour l\u2019\u00c9quipe olympique canadienne. Retrouvez les r\u00e9cits, vid\u00e9os et photos des athl\u00e8tes canadiens, sports olympiques, Jeux olympiques de 2020 et bien plus!","potentialAction":[{"@type":"SearchAction","target":{"@type":"EntryPoint","urlTemplate":"https:\/\/preprod.olympic.ca\/olympique\/?s={search_term_string}"},"query-input":{"@type":"PropertyValueSpecification","valueRequired":true,"valueName":"search_term_string"}}],"inLanguage":"fr-FR"},{"@type":"Person","@id":"https:\/\/preprod.olympic.ca\/olympique\/#\/schema\/person\/08d84fd062bf1b56ffb3808cb69aee9c","name":"cdnolympicteam","image":{"@type":"ImageObject","inLanguage":"fr-FR","@id":"https:\/\/secure.gravatar.com\/avatar\/5ebf1554473077ab88cd1ec3372750991c09302ef58500182e331751d1f3473b?s=96&d=identicon&r=g7289394c1202ef020fcd9aad965e50f7","url":"https:\/\/secure.gravatar.com\/avatar\/5ebf1554473077ab88cd1ec3372750991c09302ef58500182e331751d1f3473b?s=96&d=identicon&r=g","contentUrl":"https:\/\/secure.gravatar.com\/avatar\/5ebf1554473077ab88cd1ec3372750991c09302ef58500182e331751d1f3473b?s=96&d=identicon&r=g","caption":"cdnolympicteam"},"url":"https:\/\/preprod.olympic.ca\/olympique\/author\/cdnolympicteam\/"}]}},"jetpack_featured_media_url":"https:\/\/preprod.olympic.ca\/olympique\/wp-content\/uploads\/sites\/2\/2011\/08\/12498-editflag_046.jpg?quality=100","featured_image_url":"https:\/\/preprod.olympic.ca\/olympique\/wp-content\/uploads\/sites\/2\/2011\/08\/12498-editflag_046.jpg?quality=100","author_name":["Comit\u00e9 olympique canadien"],"category_names":["Uncategorized @fr"],"tag_names":[],"video_embed_code":"","facebook_video_embed_code":"","jetpack_sharing_enabled":true,"jetpack-related-posts":[],"jetpack_shortlink":"https:\/\/wp.me\/pcGHcP-12s","_links":{"self":[{"href":"https:\/\/preprod.olympic.ca\/olympique\/wp-json\/wp\/v2\/posts\/3996","targetHints":{"allow":["GET"]}}],"collection":[{"href":"https:\/\/preprod.olympic.ca\/olympique\/wp-json\/wp\/v2\/posts"}],"about":[{"href":"https:\/\/preprod.olympic.ca\/olympique\/wp-json\/wp\/v2\/types\/post"}],"author":[{"embeddable":true,"href":"https:\/\/preprod.olympic.ca\/olympique\/wp-json\/wp\/v2\/users\/47562643"}],"replies":[{"embeddable":true,"href":"https:\/\/preprod.olympic.ca\/olympique\/wp-json\/wp\/v2\/comments?post=3996"}],"version-history":[{"count":1,"href":"https:\/\/preprod.olympic.ca\/olympique\/wp-json\/wp\/v2\/posts\/3996\/revisions"}],"predecessor-version":[{"id":82855,"href":"https:\/\/preprod.olympic.ca\/olympique\/wp-json\/wp\/v2\/posts\/3996\/revisions\/82855"}],"wp:featuredmedia":[{"embeddable":true,"href":"https:\/\/preprod.olympic.ca\/olympique\/wp-json\/wp\/v2\/media\/3994"}],"wp:attachment":[{"href":"https:\/\/preprod.olympic.ca\/olympique\/wp-json\/wp\/v2\/media?parent=3996"}],"wp:term":[{"taxonomy":"category","embeddable":true,"href":"https:\/\/preprod.olympic.ca\/olympique\/wp-json\/wp\/v2\/categories?post=3996"},{"taxonomy":"post_tag","embeddable":true,"href":"https:\/\/preprod.olympic.ca\/olympique\/wp-json\/wp\/v2\/tags?post=3996"},{"taxonomy":"post_format","embeddable":true,"href":"https:\/\/preprod.olympic.ca\/olympique\/wp-json\/wp\/v2\/post_format?post=3996"},{"taxonomy":"sport","embeddable":true,"href":"https:\/\/preprod.olympic.ca\/olympique\/wp-json\/wp\/v2\/sport?post=3996"},{"taxonomy":"game","embeddable":true,"href":"https:\/\/preprod.olympic.ca\/olympique\/wp-json\/wp\/v2\/game?post=3996"},{"taxonomy":"author","embeddable":true,"href":"https:\/\/preprod.olympic.ca\/olympique\/wp-json\/wp\/v2\/coauthors?post=3996"}],"curies":[{"name":"wp","href":"https:\/\/api.w.org\/{rel}","templated":true}]}}