{"id":40417,"date":"2012-08-07T20:10:32","date_gmt":"2012-08-08T00:10:32","guid":{"rendered":"http:\/\/preprod.olympic.ca\/?p=40417"},"modified":"2012-08-07T20:10:32","modified_gmt":"2012-08-08T00:10:32","slug":"faits-saillants-du-jour-11","status":"publish","type":"post","link":"https:\/\/preprod.olympic.ca\/olympique\/2012\/08\/07\/faits-saillants-du-jour-11\/","title":{"rendered":"Faits saillants du jour\u00a011"},"content":{"rendered":"<p><strong>Athl\u00e9tisme<br \/>\n<\/strong><a href=\"http:\/\/preprod.olympic.ca\/fr\/team-canada\/derek-drouin\" target=\"_blank\">Derek Drouin<\/a>\u00a0a saut\u00e9 vers la m\u00e9daille de bronze mardi soir au stade olympique, portant le compte de m\u00e9dailles du Canada \u00e0 11 au jour\u00a011 des Jeux.\u00a0Son co\u00e9quipier\u00a0<a href=\"http:\/\/preprod.olympic.ca\/fr\/team-canada\/michael-mason-2\" target=\"_blank\">Mike Mason<\/a>, de Nanoose Bay en Colombie-Britannique, a r\u00e9alis\u00e9 un saut de 2,25 m\u00e8tres pour prendre le huiti\u00e8me rang.<\/p>\n<p>Dans la finale du 100\u00a0 m haies,\u00a0 <a href=\"http:\/\/preprod.olympic.ca\/fr\/team-canada\/phylicia-george\" target=\"_blank\">Phylicia George<\/a> a \u00e9gal\u00e9 son record personnel de 12,65 secondes pour remporter la 6e place \u00e0 la finale, tandis que sa co\u00e9quipi\u00e8re <a href=\"http:\/\/preprod.olympic.ca\/fr\/team-canada\/jessica-zelinka-2\" target=\"_blank\">Jessica Zelinka<\/a> a franchi la ligne d\u2019arriv\u00e9e apr\u00e8s 12,69 secondes pour prendre une septi\u00e8me place.<\/p>\n<p>\u00c0 l\u2019\u00e9preuve f\u00e9minine de lancer du javelot qui a eu lieu mardi, <a href=\"http:\/\/preprod.olympic.ca\/fr\/team-canada\/elizabeth-gleadle\" target=\"_blank\">Elizabeth Gleadle<\/a>, de Vancouver, a effectu\u00e9 un lancer de 60,26 m\u00e8tres pour se qualifier pour la finale qui se tiendra jeudi \u00e0 16\u00a0 h.<\/p>\n<p>\u00c0 l\u2019\u00e9preuve masculine du 200\u00a0 m, le Torontois Aaron Brown a \u00e9gal\u00e9 son record personnel de 20,55 secondes dans sa s\u00e9rie pour avancer vers la demi-finale qui est pr\u00e9vue pour mercredi \u00e0 15\u00a0 h\u00a0 18. \u00ab\u00a0 C\u2019est fou ici. La foule est bruyante et je me tiens aux c\u00f4t\u00e9s des meilleurs gars au monde. Je peux courir avec ces gars.\u00a0 \u00bb<\/p>\n<p>Son co\u00e9quipier <a href=\"http:\/\/preprod.olympic.ca\/fr\/team-canada\/jared-connaughton-2\" target=\"_blank\">Jared Connaughton<\/a>, de Charlottetown, \u00ce.-P.-\u00c9. a r\u00e9alis\u00e9 un chrono de 20,72 secondes qui lui a permis d\u2019obtenir une place sur les blocs de d\u00e9part du 200\u00a0 m masculin mercredi \u00e0 15\u00a0 h\u00a0 10. \u00ab\u00a0 Je me sens pr\u00e9par\u00e9 et pr\u00eat pour la finale, a-t-il affirm\u00e9.\u00a0 \u00bb<\/p>\n<p><a href=\"http:\/\/preprod.olympic.ca\/fr\/team-canada\/geoff-harris\" target=\"_blank\">Geoff Harris<\/a> de Halifax, en Nouvelle-\u00c9cosse a inscrit un chrono de 1:46.14, soit un record personnel\u00a0 en demi-finale du\u00a0 800\u00a0 m mardi soir te n\u2019a pas avanc\u00e9 en finale.<\/p>\n<p><strong>Cyclisme sur piste<br \/>\n<\/strong><a href=\"http:\/\/preprod.olympic.ca\/fr\/team-canada\/tara-whitten\" target=\"_blank\">Tara Whitten<\/a> devait r\u00e9aliser la course de sa vie dans la derni\u00e8re des six \u00e9preuves de l\u2019omnium f\u00e9minin, mais elle a termin\u00e9 \u00e0 une place du podium, en quatri\u00e8me position. La m\u00e9daill\u00e9e de bronze olympique en poursuite par \u00e9quipe originaire d\u2019Edmonton a comment\u00e9 : \u00ab\u00a0 J\u2019ai travaill\u00e9 en vue d\u2019am\u00e9liorer ma position. Mais j\u2019ai de meilleurs r\u00e9sultats lorsque la course s\u2019\u00e9tire un peu. Je ne suis pas tr\u00e8s bonne dans les sprints, je pr\u00e9f\u00e8re chercher la bonne roue. J\u2019ai fait ce que j\u2019ai pu et c\u2019est tout ce que j\u2019ai pu.\u00a0 \u00bb<\/p>\n<p><strong>Nage synchronis\u00e9e<br \/>\n<\/strong><a href=\"http:\/\/preprod.olympic.ca\/fr\/team-canada\/marie-pier-boudreau-gagnon-3\" target=\"_blank\">Marie-Pier Boudreau-Gagnon<\/a> (Rivi\u00e8re-du-Loup, QC) et <a href=\"http:\/\/preprod.olympic.ca\/fr\/team-canada\/elise-marcotte-2\" target=\"_blank\">\u00c9lise Marcotte<\/a> (Ancienne-Lorette, QC) ont conclu la comp\u00e9tition en duo mardi avec le score final de 189,120 points pour l\u2019ex\u00e9cution d\u2019un programme technique parfaitement coordonn\u00e9 et d\u2019un solide deuxi\u00e8me programme libre.\u00a0 La paire a termin\u00e9 au pied du podium, soit en quatri\u00e8me place. \u00ab\u00a0 C&rsquo;est s\u00fbr que nous sommes d\u00e9\u00e7ues du r\u00e9sultat. Mais nous venons de r\u00e9aliser deux solides performances d\u2019affil\u00e9e, et \u00e7a met toute l&rsquo;\u00e9quipe en confiance en vue des \u00e9preuves en \u00e9quipe, a comment\u00e9 Boudreau-Gagnon.\u00a0 \u00bb Sa partenaire Marcotte est \u00e9galement d\u2019avis que c\u2019est maintenant le moment de faire des r\u00e9ajustements et de se concentrer sur l\u2019\u00e9preuve par \u00e9quipe qui commence jeudi.<\/p>\n<p><strong>Plongeon<br \/>\n<\/strong>\u00c0 sa quatri\u00e8me participation olympique, <a href=\"http:\/\/preprod.olympic.ca\/fr\/team-canada\/alexandre-despatie-2\" target=\"_blank\">Alex Despatie<\/a> a conclu l\u2019\u00e9preuve masculine au tremplin de 3\u00a0 m au 11 e rang. Le natif de Laval au Qu\u00e9bec a accumul\u00e9 413,35 points tandis que son co\u00e9quipier <a href=\"http:\/\/preprod.olympic.ca\/fr\/team-canada\/francois-imbeau-dulac-2\" target=\"_blank\">Fran\u00e7ois Imbeau-Dulac<\/a> de Saint-Lazare, au Qu\u00e9bec, s\u2019\u00e9tait class\u00e9 13e et n\u2019avait pas \u00e9t\u00e9 qualifi\u00e9 pour la finale.<\/p>\n<p><strong>Cano\u00eb-kayak<br \/>\n<\/strong>\u00c0 Eton Dorney, mardi, la kayakiste <a href=\"http:\/\/preprod.olympic.ca\/fr\/team-canada\/emilie-fournel-3\" target=\"_blank\">\u00c9milie Fournel<\/a> (Dorval, QC) s\u2019est qualifi\u00e9e pour la finale B apr\u00e8s une sixi\u00e8me place en demi-finale de l\u2019\u00e9preuve f\u00e9minine du K-1 500\u00a0 m. \u00ab\u00a0 J\u2019ai commenc\u00e9 de fa\u00e7on agressive, a dit Fournel. Je suis arriv\u00e9e ici en sachant que je pouvais r\u00e9ussir, mais cela n\u2019a pas march\u00e9 aujourd\u2019hui.\u00a0 \u00bb<\/p>\n<p><strong>Boxe<\/strong><strong><br \/>\n<\/strong><a href=\"http:\/\/preprod.olympic.ca\/fr\/team-canada\/custio-clayton\" target=\"_blank\">Custio Clayton<\/a>, de Darmouth en Nouvelle-\u00c9cosse, s\u2019est inclin\u00e9 en quart de finale chez les 69\u00a0 kg, mardi soir \u00e0 ExCel. Clayton a perdu par d\u00e9cision du juge apr\u00e8s un score nul de 14-14 face au Britannique Freddie Evans. \u00ab\u00a0 Il avait la foule derri\u00e8re lui, mais lorsque celle-ci s\u2019est calm\u00e9e, j\u2019ai pens\u00e9 que je l\u2019avais eu, a d\u00e9clar\u00e9 Evans. Je pensais avoir remport\u00e9 la victoire, mais ce ne fut pas le cas. J\u2019ai rendu le Canada et la Nouvelle-\u00c9cosse fiers.\u00a0 \u00bb<\/p>\n<p><strong> Sports \u00e9questres \u2013 Dressage<br \/>\n<\/strong>La cavali\u00e8re v\u00e9t\u00e9rane internationale, <a href=\"http:\/\/preprod.olympic.ca\/team-canada\/ashley-holzer\" target=\"_blank\">Ashley Holzer<\/a> de Toronto, a pris la 24e place en dressage mardi avec un pointage de 71,317. Elle n\u2019a pas avanc\u00e9 au Grand Prix libre, qui est r\u00e9serv\u00e9 au 18 premiers cavaliers.<\/p>\n<p><strong>Basketball<br \/>\n<\/strong>Mardi, sur le terrain de basketball, la formation f\u00e9minine canadienne a perdu devant la puissante \u00e9quipe am\u00e9ricaine par la marque de 91-48. C\u2019\u00e9tait la premi\u00e8re fois, dans l\u2019histoire du programme, qu\u2019une \u00e9quipe f\u00e9minine participait \u00e0 un match de quart de finale en tournoi olympique. La v\u00e9t\u00e9rane <a href=\"http:\/\/preprod.olympic.ca\/fr\/team-canada\/kim-smith\" target=\"_blank\">Kim Smith<\/a> a d\u00e9clar\u00e9 que malgr\u00e9 le r\u00e9sultat, ce match a constitu\u00e9 un pas en avant pour le sport au Canada. \u00ab\u00a0 Je suis tr\u00e8s fi\u00e8re de nous, a d\u00e9clar\u00e9 Smith. Nous avons jou\u00e9 un match de plus aujourd\u2019hui et c\u2019est un autre match o\u00f9 les Canadiens ont pu s\u2019int\u00e9resser au basketball. \u00bb L\u2019entra\u00eeneure-chef, Allison McNeil est d\u2019accord.\u00a0 \u00ab\u00a0 C\u2019\u00e9tait un parcours extraordinaire. Je suis fi\u00e8re de cette \u00e9quipe.\u00a0 \u00bb<\/p>\n<p><strong>Voile<br \/>\n<\/strong><a href=\"http:\/\/preprod.olympic.ca\/fr\/team-canada\/zachary-plavsic-3\" target=\"_blank\">Zac Plavsic<\/a> (Vancouver, C.-B.) a m\u00e9rit\u00e9 un classement au top\u00a0 10 avec une huiti\u00e8me place \u00e0 Weymouth et Portland mardi \u00e0 l\u2019\u00e9preuve masculine de planche \u00e0 voile RS:X apr\u00e8s que sa b\u00f4me se soit bris\u00e9e. \u00ab\u00a0 J\u2019ai tout donn\u00e9 sur l\u2019eau. Je me suis donn\u00e9 corps et \u00e2me jusqu\u2019\u00e0 ce que je croise le fil d\u2019arriv\u00e9e, a-t-il dit.\u00a0 \u00bb Sa co\u00e9quipi\u00e8re <a href=\"http:\/\/preprod.olympic.ca\/fr\/team-canada\/nikola-girke-3\" target=\"_blank\">Nikola Girke<\/a>, de West Vancouver, s\u2019est \u00e9galement taill\u00e9 une place au top 10 avec une 10e place \u00e0 l\u2019\u00e9preuve dans la m\u00eame cat\u00e9gorie. \u00ab\u00a0\u00a0 J\u2019ai connu une bonne course malgr\u00e9 le r\u00e9sultat g\u00e9n\u00e9ral. J\u2019\u00e9tais dans la course pendant toute l\u2019\u00e9preuve. \u00bb<\/p>\n","protected":false},"excerpt":{"rendered":"<p>Athl\u00e9tisme Derek Drouin\u00a0a saut\u00e9 vers la m\u00e9daille de bronze mardi soir au stade olympique, portant le compte de m\u00e9dailles du&#8230;<\/p>\n","protected":false},"author":52435436,"featured_media":40415,"comment_status":"open","ping_status":"open","sticky":false,"template":"","format":"standard","meta":{"_acf_changed":false,"_jetpack_memberships_contains_paid_content":false,"footnotes":""},"categories":[70121],"tags":[],"post_format":"standard","sport":[],"game":[],"coauthors":[187838302],"class_list":["post-40417","post","type-post","status-publish","format-standard","has-post-thumbnail","hentry","category-equipe"],"acf":[],"yoast_head":"<!-- This site is optimized with the Yoast SEO plugin v27.3 - https:\/\/yoast.com\/product\/yoast-seo-wordpress\/ -->\n<title>Faits saillants du jour\u00a011 - \u00c9quipe Canada | Site officiel de l&#039;\u00e9quipe olympique<\/title>\n<meta name=\"robots\" content=\"index, follow, max-snippet:-1, max-image-preview:large, max-video-preview:-1\" \/>\n<link rel=\"canonical\" href=\"https:\/\/preprod.olympic.ca\/olympique\/2012\/08\/07\/faits-saillants-du-jour-11\/\" \/>\n<meta property=\"og:locale\" content=\"fr_FR\" \/>\n<meta property=\"og:type\" content=\"article\" \/>\n<meta property=\"og:title\" content=\"Faits saillants du jour\u00a011 - \u00c9quipe Canada | Site officiel de l&#039;\u00e9quipe olympique\" \/>\n<meta property=\"og:description\" content=\"Athl\u00e9tisme Derek Drouin\u00a0a saut\u00e9 vers la m\u00e9daille de bronze mardi soir au stade olympique, portant le compte de m\u00e9dailles du...\" \/>\n<meta property=\"og:url\" content=\"https:\/\/preprod.olympic.ca\/olympique\/2012\/08\/07\/faits-saillants-du-jour-11\/\" \/>\n<meta property=\"og:site_name\" content=\"\u00c9quipe Canada | Site officiel de l&#039;\u00e9quipe olympique\" \/>\n<meta property=\"article:published_time\" content=\"2012-08-08T00:10:32+00:00\" \/>\n<meta property=\"og:image\" content=\"https:\/\/preprod.olympic.ca\/olympique\/wp-content\/uploads\/sites\/2\/2012\/08\/03081144r7.jpg?quality=100\" \/>\n\t<meta property=\"og:image:width\" content=\"720\" \/>\n\t<meta property=\"og:image:height\" content=\"441\" \/>\n\t<meta property=\"og:image:type\" content=\"image\/jpeg\" \/>\n<meta name=\"author\" content=\"Mark Nadolny\" \/>\n<meta name=\"twitter:card\" content=\"summary_large_image\" \/>\n<meta name=\"twitter:label1\" content=\"Written by\" \/>\n\t<meta name=\"twitter:data1\" content=\"Mark Nadolny\" \/>\n\t<meta name=\"twitter:label2\" content=\"Est. reading time\" \/>\n\t<meta name=\"twitter:data2\" content=\"5 minutes\" \/>\n<script type=\"application\/ld+json\" class=\"yoast-schema-graph\">{\"@context\":\"https:\\\/\\\/schema.org\",\"@graph\":[{\"@type\":\"Article\",\"@id\":\"https:\\\/\\\/preprod.olympic.ca\\\/olympique\\\/2012\\\/08\\\/07\\\/faits-saillants-du-jour-11\\\/#article\",\"isPartOf\":{\"@id\":\"https:\\\/\\\/preprod.olympic.ca\\\/olympique\\\/2012\\\/08\\\/07\\\/faits-saillants-du-jour-11\\\/\"},\"author\":{\"name\":\"Mark Nadolny\",\"@id\":\"https:\\\/\\\/preprod.olympic.ca\\\/olympique\\\/#\\\/schema\\\/person\\\/71d340cc825e058ae525fc2765f7c7ae\"},\"headline\":\"Faits saillants du jour\u00a011\",\"datePublished\":\"2012-08-08T00:10:32+00:00\",\"mainEntityOfPage\":{\"@id\":\"https:\\\/\\\/preprod.olympic.ca\\\/olympique\\\/2012\\\/08\\\/07\\\/faits-saillants-du-jour-11\\\/\"},\"wordCount\":1020,\"commentCount\":0,\"image\":{\"@id\":\"https:\\\/\\\/preprod.olympic.ca\\\/olympique\\\/2012\\\/08\\\/07\\\/faits-saillants-du-jour-11\\\/#primaryimage\"},\"thumbnailUrl\":\"https:\\\/\\\/preprod.olympic.ca\\\/olympique\\\/wp-content\\\/uploads\\\/sites\\\/2\\\/2012\\\/08\\\/03081144r7.jpg?quality=100\",\"articleSection\":[\"Nouvelles de l'equipe\"],\"inLanguage\":\"fr-FR\",\"potentialAction\":[{\"@type\":\"CommentAction\",\"name\":\"Comment\",\"target\":[\"https:\\\/\\\/preprod.olympic.ca\\\/olympique\\\/2012\\\/08\\\/07\\\/faits-saillants-du-jour-11\\\/#respond\"]}]},{\"@type\":\"WebPage\",\"@id\":\"https:\\\/\\\/preprod.olympic.ca\\\/olympique\\\/2012\\\/08\\\/07\\\/faits-saillants-du-jour-11\\\/\",\"url\":\"https:\\\/\\\/preprod.olympic.ca\\\/olympique\\\/2012\\\/08\\\/07\\\/faits-saillants-du-jour-11\\\/\",\"name\":\"Faits saillants du jour\u00a011 - \u00c9quipe Canada | Site officiel de l&#039;\u00e9quipe olympique\",\"isPartOf\":{\"@id\":\"https:\\\/\\\/preprod.olympic.ca\\\/olympique\\\/#website\"},\"primaryImageOfPage\":{\"@id\":\"https:\\\/\\\/preprod.olympic.ca\\\/olympique\\\/2012\\\/08\\\/07\\\/faits-saillants-du-jour-11\\\/#primaryimage\"},\"image\":{\"@id\":\"https:\\\/\\\/preprod.olympic.ca\\\/olympique\\\/2012\\\/08\\\/07\\\/faits-saillants-du-jour-11\\\/#primaryimage\"},\"thumbnailUrl\":\"https:\\\/\\\/preprod.olympic.ca\\\/olympique\\\/wp-content\\\/uploads\\\/sites\\\/2\\\/2012\\\/08\\\/03081144r7.jpg?quality=100\",\"datePublished\":\"2012-08-08T00:10:32+00:00\",\"author\":{\"@id\":\"https:\\\/\\\/preprod.olympic.ca\\\/olympique\\\/#\\\/schema\\\/person\\\/71d340cc825e058ae525fc2765f7c7ae\"},\"inLanguage\":\"fr-FR\",\"potentialAction\":[{\"@type\":\"ReadAction\",\"target\":[\"https:\\\/\\\/preprod.olympic.ca\\\/olympique\\\/2012\\\/08\\\/07\\\/faits-saillants-du-jour-11\\\/\"]}]},{\"@type\":\"ImageObject\",\"inLanguage\":\"fr-FR\",\"@id\":\"https:\\\/\\\/preprod.olympic.ca\\\/olympique\\\/2012\\\/08\\\/07\\\/faits-saillants-du-jour-11\\\/#primaryimage\",\"url\":\"https:\\\/\\\/preprod.olympic.ca\\\/olympique\\\/wp-content\\\/uploads\\\/sites\\\/2\\\/2012\\\/08\\\/03081144r7.jpg?quality=100\",\"contentUrl\":\"https:\\\/\\\/preprod.olympic.ca\\\/olympique\\\/wp-content\\\/uploads\\\/sites\\\/2\\\/2012\\\/08\\\/03081144r7.jpg?quality=100\",\"width\":720,\"height\":441},{\"@type\":\"WebSite\",\"@id\":\"https:\\\/\\\/preprod.olympic.ca\\\/olympique\\\/#website\",\"url\":\"https:\\\/\\\/preprod.olympic.ca\\\/olympique\\\/\",\"name\":\"\u00c9quipe Canada | Site officiel de l&#039;\u00e9quipe olympique\",\"description\":\"Votre source pour l\u2019\u00c9quipe olympique canadienne. Retrouvez les r\u00e9cits, vid\u00e9os et photos des athl\u00e8tes canadiens, sports olympiques, Jeux olympiques de 2020 et bien plus!\",\"potentialAction\":[{\"@type\":\"SearchAction\",\"target\":{\"@type\":\"EntryPoint\",\"urlTemplate\":\"https:\\\/\\\/preprod.olympic.ca\\\/olympique\\\/?s={search_term_string}\"},\"query-input\":{\"@type\":\"PropertyValueSpecification\",\"valueRequired\":true,\"valueName\":\"search_term_string\"}}],\"inLanguage\":\"fr-FR\"},{\"@type\":\"Person\",\"@id\":\"https:\\\/\\\/preprod.olympic.ca\\\/olympique\\\/#\\\/schema\\\/person\\\/71d340cc825e058ae525fc2765f7c7ae\",\"name\":\"Mark Nadolny\",\"image\":{\"@type\":\"ImageObject\",\"inLanguage\":\"fr-FR\",\"@id\":\"https:\\\/\\\/secure.gravatar.com\\\/avatar\\\/fcfb5089af8db23b9347da3d181947b19f1cffb98b30f03fbe8f1973083d7e6b?s=96&d=identicon&r=g0693b2c18808f6337c03a29426292cc9\",\"url\":\"https:\\\/\\\/secure.gravatar.com\\\/avatar\\\/fcfb5089af8db23b9347da3d181947b19f1cffb98b30f03fbe8f1973083d7e6b?s=96&d=identicon&r=g\",\"contentUrl\":\"https:\\\/\\\/secure.gravatar.com\\\/avatar\\\/fcfb5089af8db23b9347da3d181947b19f1cffb98b30f03fbe8f1973083d7e6b?s=96&d=identicon&r=g\",\"caption\":\"Mark Nadolny\"},\"description\":\"Digital Media for the Canadian Olympic Team, I do that.\",\"url\":\"https:\\\/\\\/preprod.olympic.ca\\\/olympique\\\/author\\\/marknadonly\\\/\"}]}<\/script>\n<!-- \/ Yoast SEO plugin. -->","yoast_head_json":{"title":"Faits saillants du jour\u00a011 - \u00c9quipe Canada | Site officiel de l&#039;\u00e9quipe olympique","robots":{"index":"index","follow":"follow","max-snippet":"max-snippet:-1","max-image-preview":"max-image-preview:large","max-video-preview":"max-video-preview:-1"},"canonical":"https:\/\/preprod.olympic.ca\/olympique\/2012\/08\/07\/faits-saillants-du-jour-11\/","og_locale":"fr_FR","og_type":"article","og_title":"Faits saillants du jour\u00a011 - \u00c9quipe Canada | Site officiel de l&#039;\u00e9quipe olympique","og_description":"Athl\u00e9tisme Derek Drouin\u00a0a saut\u00e9 vers la m\u00e9daille de bronze mardi soir au stade olympique, portant le compte de m\u00e9dailles du...","og_url":"https:\/\/preprod.olympic.ca\/olympique\/2012\/08\/07\/faits-saillants-du-jour-11\/","og_site_name":"\u00c9quipe Canada | Site officiel de l&#039;\u00e9quipe olympique","article_published_time":"2012-08-08T00:10:32+00:00","og_image":[{"width":720,"height":441,"url":"https:\/\/preprod.olympic.ca\/olympique\/wp-content\/uploads\/sites\/2\/2012\/08\/03081144r7.jpg?quality=100","type":"image\/jpeg"}],"author":"Mark Nadolny","twitter_card":"summary_large_image","twitter_misc":{"Written by":"Mark Nadolny","Est. reading time":"5 minutes"},"schema":{"@context":"https:\/\/schema.org","@graph":[{"@type":"Article","@id":"https:\/\/preprod.olympic.ca\/olympique\/2012\/08\/07\/faits-saillants-du-jour-11\/#article","isPartOf":{"@id":"https:\/\/preprod.olympic.ca\/olympique\/2012\/08\/07\/faits-saillants-du-jour-11\/"},"author":{"name":"Mark Nadolny","@id":"https:\/\/preprod.olympic.ca\/olympique\/#\/schema\/person\/71d340cc825e058ae525fc2765f7c7ae"},"headline":"Faits saillants du jour\u00a011","datePublished":"2012-08-08T00:10:32+00:00","mainEntityOfPage":{"@id":"https:\/\/preprod.olympic.ca\/olympique\/2012\/08\/07\/faits-saillants-du-jour-11\/"},"wordCount":1020,"commentCount":0,"image":{"@id":"https:\/\/preprod.olympic.ca\/olympique\/2012\/08\/07\/faits-saillants-du-jour-11\/#primaryimage"},"thumbnailUrl":"https:\/\/preprod.olympic.ca\/olympique\/wp-content\/uploads\/sites\/2\/2012\/08\/03081144r7.jpg?quality=100","articleSection":["Nouvelles de l'equipe"],"inLanguage":"fr-FR","potentialAction":[{"@type":"CommentAction","name":"Comment","target":["https:\/\/preprod.olympic.ca\/olympique\/2012\/08\/07\/faits-saillants-du-jour-11\/#respond"]}]},{"@type":"WebPage","@id":"https:\/\/preprod.olympic.ca\/olympique\/2012\/08\/07\/faits-saillants-du-jour-11\/","url":"https:\/\/preprod.olympic.ca\/olympique\/2012\/08\/07\/faits-saillants-du-jour-11\/","name":"Faits saillants du jour\u00a011 - \u00c9quipe Canada | Site officiel de l&#039;\u00e9quipe olympique","isPartOf":{"@id":"https:\/\/preprod.olympic.ca\/olympique\/#website"},"primaryImageOfPage":{"@id":"https:\/\/preprod.olympic.ca\/olympique\/2012\/08\/07\/faits-saillants-du-jour-11\/#primaryimage"},"image":{"@id":"https:\/\/preprod.olympic.ca\/olympique\/2012\/08\/07\/faits-saillants-du-jour-11\/#primaryimage"},"thumbnailUrl":"https:\/\/preprod.olympic.ca\/olympique\/wp-content\/uploads\/sites\/2\/2012\/08\/03081144r7.jpg?quality=100","datePublished":"2012-08-08T00:10:32+00:00","author":{"@id":"https:\/\/preprod.olympic.ca\/olympique\/#\/schema\/person\/71d340cc825e058ae525fc2765f7c7ae"},"inLanguage":"fr-FR","potentialAction":[{"@type":"ReadAction","target":["https:\/\/preprod.olympic.ca\/olympique\/2012\/08\/07\/faits-saillants-du-jour-11\/"]}]},{"@type":"ImageObject","inLanguage":"fr-FR","@id":"https:\/\/preprod.olympic.ca\/olympique\/2012\/08\/07\/faits-saillants-du-jour-11\/#primaryimage","url":"https:\/\/preprod.olympic.ca\/olympique\/wp-content\/uploads\/sites\/2\/2012\/08\/03081144r7.jpg?quality=100","contentUrl":"https:\/\/preprod.olympic.ca\/olympique\/wp-content\/uploads\/sites\/2\/2012\/08\/03081144r7.jpg?quality=100","width":720,"height":441},{"@type":"WebSite","@id":"https:\/\/preprod.olympic.ca\/olympique\/#website","url":"https:\/\/preprod.olympic.ca\/olympique\/","name":"\u00c9quipe Canada | Site officiel de l&#039;\u00e9quipe olympique","description":"Votre source pour l\u2019\u00c9quipe olympique canadienne. Retrouvez les r\u00e9cits, vid\u00e9os et photos des athl\u00e8tes canadiens, sports olympiques, Jeux olympiques de 2020 et bien plus!","potentialAction":[{"@type":"SearchAction","target":{"@type":"EntryPoint","urlTemplate":"https:\/\/preprod.olympic.ca\/olympique\/?s={search_term_string}"},"query-input":{"@type":"PropertyValueSpecification","valueRequired":true,"valueName":"search_term_string"}}],"inLanguage":"fr-FR"},{"@type":"Person","@id":"https:\/\/preprod.olympic.ca\/olympique\/#\/schema\/person\/71d340cc825e058ae525fc2765f7c7ae","name":"Mark Nadolny","image":{"@type":"ImageObject","inLanguage":"fr-FR","@id":"https:\/\/secure.gravatar.com\/avatar\/fcfb5089af8db23b9347da3d181947b19f1cffb98b30f03fbe8f1973083d7e6b?s=96&d=identicon&r=g0693b2c18808f6337c03a29426292cc9","url":"https:\/\/secure.gravatar.com\/avatar\/fcfb5089af8db23b9347da3d181947b19f1cffb98b30f03fbe8f1973083d7e6b?s=96&d=identicon&r=g","contentUrl":"https:\/\/secure.gravatar.com\/avatar\/fcfb5089af8db23b9347da3d181947b19f1cffb98b30f03fbe8f1973083d7e6b?s=96&d=identicon&r=g","caption":"Mark Nadolny"},"description":"Digital Media for the Canadian Olympic Team, I do that.","url":"https:\/\/preprod.olympic.ca\/olympique\/author\/marknadonly\/"}]}},"jetpack_featured_media_url":"https:\/\/preprod.olympic.ca\/olympique\/wp-content\/uploads\/sites\/2\/2012\/08\/03081144r7.jpg?quality=100","featured_image_url":"https:\/\/preprod.olympic.ca\/olympique\/wp-content\/uploads\/sites\/2\/2012\/08\/03081144r7.jpg?quality=100","author_name":["Mark Nadolny"],"category_names":["Nouvelles de l'equipe"],"tag_names":[],"video_embed_code":"","facebook_video_embed_code":"","jetpack_sharing_enabled":true,"jetpack-related-posts":[],"jetpack_shortlink":"https:\/\/wp.me\/pcGHcP-avT","_links":{"self":[{"href":"https:\/\/preprod.olympic.ca\/olympique\/wp-json\/wp\/v2\/posts\/40417","targetHints":{"allow":["GET"]}}],"collection":[{"href":"https:\/\/preprod.olympic.ca\/olympique\/wp-json\/wp\/v2\/posts"}],"about":[{"href":"https:\/\/preprod.olympic.ca\/olympique\/wp-json\/wp\/v2\/types\/post"}],"author":[{"embeddable":true,"href":"https:\/\/preprod.olympic.ca\/olympique\/wp-json\/wp\/v2\/users\/52435436"}],"replies":[{"embeddable":true,"href":"https:\/\/preprod.olympic.ca\/olympique\/wp-json\/wp\/v2\/comments?post=40417"}],"version-history":[{"count":0,"href":"https:\/\/preprod.olympic.ca\/olympique\/wp-json\/wp\/v2\/posts\/40417\/revisions"}],"wp:featuredmedia":[{"embeddable":true,"href":"https:\/\/preprod.olympic.ca\/olympique\/wp-json\/wp\/v2\/media\/40415"}],"wp:attachment":[{"href":"https:\/\/preprod.olympic.ca\/olympique\/wp-json\/wp\/v2\/media?parent=40417"}],"wp:term":[{"taxonomy":"category","embeddable":true,"href":"https:\/\/preprod.olympic.ca\/olympique\/wp-json\/wp\/v2\/categories?post=40417"},{"taxonomy":"post_tag","embeddable":true,"href":"https:\/\/preprod.olympic.ca\/olympique\/wp-json\/wp\/v2\/tags?post=40417"},{"taxonomy":"post_format","embeddable":true,"href":"https:\/\/preprod.olympic.ca\/olympique\/wp-json\/wp\/v2\/post_format?post=40417"},{"taxonomy":"sport","embeddable":true,"href":"https:\/\/preprod.olympic.ca\/olympique\/wp-json\/wp\/v2\/sport?post=40417"},{"taxonomy":"game","embeddable":true,"href":"https:\/\/preprod.olympic.ca\/olympique\/wp-json\/wp\/v2\/game?post=40417"},{"taxonomy":"author","embeddable":true,"href":"https:\/\/preprod.olympic.ca\/olympique\/wp-json\/wp\/v2\/coauthors?post=40417"}],"curies":[{"name":"wp","href":"https:\/\/api.w.org\/{rel}","templated":true}]}}