{"id":40692,"date":"2012-08-08T16:36:50","date_gmt":"2012-08-08T20:36:50","guid":{"rendered":"http:\/\/preprod.olympic.ca\/?p=40692"},"modified":"2012-08-08T16:36:50","modified_gmt":"2012-08-08T20:36:50","slug":"huynh-de-nouveau-sur-le-podium","status":"publish","type":"post","link":"https:\/\/preprod.olympic.ca\/olympique\/2012\/08\/08\/huynh-de-nouveau-sur-le-podium\/","title":{"rendered":"Huynh de nouveau sur le podium"},"content":{"rendered":"<p>Les \u00ab\u00a0Go Carol, Go\u00a0\u00bb fusaient de partout dans le centre ExCel alors que la championne olympique de 2008 <a href=\"http:\/\/preprod.olympic.ca\/fr\/team-canada\/carol-huynh-3\" target=\"_blank\">Carol Huynh<\/a> disputait le match pour la m\u00e9daille de bronze mercredi. Elle a eu le dessus sur Isabelle Sambou du S\u00e9n\u00e9gal avec un score de 3-0 dans la cat\u00e9gorie des 48\u00a0kg.<\/p>\n<p>\u00ab\u00a0Je me sens merveilleusement bien. Je suis heureuse. Je suis soulag\u00e9e, a affirm\u00e9 Huynh. \u00c0 la fin du match, j\u2019\u00e9tais euphorique \u00e0 l\u2019id\u00e9e d\u2019avoir gagn\u00e9 une autre m\u00e9daille pour le Canada, mais en m\u00eame temps, j\u2019aurais aim\u00e9 vaincre avec plus d\u2019\u00e9clat. Je ne voulais pas finir avec deux accrochages. Mais je la prends, cette victoire.\u00a0\u00bb<\/p>\n<p>L\u2019entra\u00eeneur de Huynh, Paul Rasug, a d\u00e9clar\u00e9 qu\u2019elle est une l\u00e9gende dans ce sport.<\/p>\n<p>\u00ab\u00a0Elle est l\u2019une des personnes les plus travaillantes que je connaisse, a-t-il comment\u00e9. Elle est une source d\u2019inspiration pour tous les athl\u00e8tes, elle est une grande ambassadrice et aussi une bonne personne. Je pense que personne ne m\u00e9rite cette m\u00e9daille davantage.\u00a0\u00bb<\/p>\n","protected":false},"excerpt":{"rendered":"<p>Les \u00ab\u00a0Go Carol, Go\u00a0\u00bb fusaient de partout dans le centre ExCel alors que la championne olympique de 2008 Carol Huynh&#8230;<\/p>\n","protected":false},"author":52435356,"featured_media":40693,"comment_status":"open","ping_status":"open","sticky":false,"template":"","format":"standard","meta":{"_acf_changed":false,"_jetpack_memberships_contains_paid_content":false,"footnotes":""},"categories":[70121],"tags":[10021072,1379432,18170872,415984559],"post_format":"standard","sport":[],"game":[],"coauthors":[187835160],"class_list":["post-40692","post","type-post","status-publish","format-standard","has-post-thumbnail","hentry","category-equipe","tag-carol-huynh","tag-londres-2012","tag-medaille-de-bronze","tag-toronto-2015-lutte"],"acf":[],"yoast_head":"<!-- This site is optimized with the Yoast SEO plugin v27.3 - https:\/\/yoast.com\/product\/yoast-seo-wordpress\/ -->\n<title>Huynh de nouveau sur le podium  - \u00c9quipe Canada | Site officiel de l&#039;\u00e9quipe olympique<\/title>\n<meta name=\"robots\" content=\"index, follow, max-snippet:-1, max-image-preview:large, max-video-preview:-1\" \/>\n<link rel=\"canonical\" href=\"https:\/\/preprod.olympic.ca\/olympique\/2012\/08\/08\/huynh-de-nouveau-sur-le-podium\/\" \/>\n<meta property=\"og:locale\" content=\"fr_FR\" \/>\n<meta property=\"og:type\" content=\"article\" \/>\n<meta property=\"og:title\" content=\"Huynh de nouveau sur le podium  - \u00c9quipe Canada | Site officiel de l&#039;\u00e9quipe olympique\" \/>\n<meta property=\"og:description\" content=\"Les \u00ab\u00a0Go Carol, Go\u00a0\u00bb fusaient de partout dans le centre ExCel alors que la championne olympique de 2008 Carol Huynh...\" \/>\n<meta property=\"og:url\" content=\"https:\/\/preprod.olympic.ca\/olympique\/2012\/08\/08\/huynh-de-nouveau-sur-le-podium\/\" \/>\n<meta property=\"og:site_name\" content=\"\u00c9quipe Canada | Site officiel de l&#039;\u00e9quipe olympique\" \/>\n<meta property=\"article:published_time\" content=\"2012-08-08T20:36:50+00:00\" \/>\n<meta property=\"og:image\" content=\"https:\/\/preprod.olympic.ca\/olympique\/wp-content\/uploads\/sites\/2\/2012\/08\/carol_bronze_coc_web15.jpg?quality=100\" \/>\n\t<meta property=\"og:image:width\" content=\"720\" \/>\n\t<meta property=\"og:image:height\" content=\"665\" \/>\n\t<meta property=\"og:image:type\" content=\"image\/jpeg\" \/>\n<meta name=\"author\" content=\"Ben Stevenson\" \/>\n<meta name=\"twitter:card\" content=\"summary_large_image\" \/>\n<meta name=\"twitter:label1\" content=\"Written by\" \/>\n\t<meta name=\"twitter:data1\" content=\"Ben Stevenson\" \/>\n\t<meta name=\"twitter:label2\" content=\"Est. reading time\" \/>\n\t<meta name=\"twitter:data2\" content=\"1 minute\" \/>\n<script type=\"application\/ld+json\" class=\"yoast-schema-graph\">{\"@context\":\"https:\\\/\\\/schema.org\",\"@graph\":[{\"@type\":\"Article\",\"@id\":\"https:\\\/\\\/preprod.olympic.ca\\\/olympique\\\/2012\\\/08\\\/08\\\/huynh-de-nouveau-sur-le-podium\\\/#article\",\"isPartOf\":{\"@id\":\"https:\\\/\\\/preprod.olympic.ca\\\/olympique\\\/2012\\\/08\\\/08\\\/huynh-de-nouveau-sur-le-podium\\\/\"},\"author\":{\"name\":\"Ben Stevenson\",\"@id\":\"https:\\\/\\\/preprod.olympic.ca\\\/olympique\\\/#\\\/schema\\\/person\\\/fb9edb1f2f2d7053924364780a4bd048\"},\"headline\":\"Huynh de nouveau sur le podium\",\"datePublished\":\"2012-08-08T20:36:50+00:00\",\"mainEntityOfPage\":{\"@id\":\"https:\\\/\\\/preprod.olympic.ca\\\/olympique\\\/2012\\\/08\\\/08\\\/huynh-de-nouveau-sur-le-podium\\\/\"},\"wordCount\":185,\"commentCount\":1,\"image\":{\"@id\":\"https:\\\/\\\/preprod.olympic.ca\\\/olympique\\\/2012\\\/08\\\/08\\\/huynh-de-nouveau-sur-le-podium\\\/#primaryimage\"},\"thumbnailUrl\":\"https:\\\/\\\/preprod.olympic.ca\\\/olympique\\\/wp-content\\\/uploads\\\/sites\\\/2\\\/2012\\\/08\\\/carol_bronze_coc_web15.jpg?quality=100\",\"keywords\":[\"Carol Huynh\",\"Londres 2012\",\"M\u00e9daille de Bronze\",\"Toronto 2015 - Lutte\"],\"articleSection\":[\"Nouvelles de l'equipe\"],\"inLanguage\":\"fr-FR\",\"potentialAction\":[{\"@type\":\"CommentAction\",\"name\":\"Comment\",\"target\":[\"https:\\\/\\\/preprod.olympic.ca\\\/olympique\\\/2012\\\/08\\\/08\\\/huynh-de-nouveau-sur-le-podium\\\/#respond\"]}]},{\"@type\":\"WebPage\",\"@id\":\"https:\\\/\\\/preprod.olympic.ca\\\/olympique\\\/2012\\\/08\\\/08\\\/huynh-de-nouveau-sur-le-podium\\\/\",\"url\":\"https:\\\/\\\/preprod.olympic.ca\\\/olympique\\\/2012\\\/08\\\/08\\\/huynh-de-nouveau-sur-le-podium\\\/\",\"name\":\"Huynh de nouveau sur le podium - \u00c9quipe Canada | Site officiel de l&#039;\u00e9quipe olympique\",\"isPartOf\":{\"@id\":\"https:\\\/\\\/preprod.olympic.ca\\\/olympique\\\/#website\"},\"primaryImageOfPage\":{\"@id\":\"https:\\\/\\\/preprod.olympic.ca\\\/olympique\\\/2012\\\/08\\\/08\\\/huynh-de-nouveau-sur-le-podium\\\/#primaryimage\"},\"image\":{\"@id\":\"https:\\\/\\\/preprod.olympic.ca\\\/olympique\\\/2012\\\/08\\\/08\\\/huynh-de-nouveau-sur-le-podium\\\/#primaryimage\"},\"thumbnailUrl\":\"https:\\\/\\\/preprod.olympic.ca\\\/olympique\\\/wp-content\\\/uploads\\\/sites\\\/2\\\/2012\\\/08\\\/carol_bronze_coc_web15.jpg?quality=100\",\"datePublished\":\"2012-08-08T20:36:50+00:00\",\"author\":{\"@id\":\"https:\\\/\\\/preprod.olympic.ca\\\/olympique\\\/#\\\/schema\\\/person\\\/fb9edb1f2f2d7053924364780a4bd048\"},\"inLanguage\":\"fr-FR\",\"potentialAction\":[{\"@type\":\"ReadAction\",\"target\":[\"https:\\\/\\\/preprod.olympic.ca\\\/olympique\\\/2012\\\/08\\\/08\\\/huynh-de-nouveau-sur-le-podium\\\/\"]}]},{\"@type\":\"ImageObject\",\"inLanguage\":\"fr-FR\",\"@id\":\"https:\\\/\\\/preprod.olympic.ca\\\/olympique\\\/2012\\\/08\\\/08\\\/huynh-de-nouveau-sur-le-podium\\\/#primaryimage\",\"url\":\"https:\\\/\\\/preprod.olympic.ca\\\/olympique\\\/wp-content\\\/uploads\\\/sites\\\/2\\\/2012\\\/08\\\/carol_bronze_coc_web15.jpg?quality=100\",\"contentUrl\":\"https:\\\/\\\/preprod.olympic.ca\\\/olympique\\\/wp-content\\\/uploads\\\/sites\\\/2\\\/2012\\\/08\\\/carol_bronze_coc_web15.jpg?quality=100\",\"width\":720,\"height\":665},{\"@type\":\"WebSite\",\"@id\":\"https:\\\/\\\/preprod.olympic.ca\\\/olympique\\\/#website\",\"url\":\"https:\\\/\\\/preprod.olympic.ca\\\/olympique\\\/\",\"name\":\"\u00c9quipe Canada | Site officiel de l&#039;\u00e9quipe olympique\",\"description\":\"Votre source pour l\u2019\u00c9quipe olympique canadienne. Retrouvez les r\u00e9cits, vid\u00e9os et photos des athl\u00e8tes canadiens, sports olympiques, Jeux olympiques de 2020 et bien plus!\",\"potentialAction\":[{\"@type\":\"SearchAction\",\"target\":{\"@type\":\"EntryPoint\",\"urlTemplate\":\"https:\\\/\\\/preprod.olympic.ca\\\/olympique\\\/?s={search_term_string}\"},\"query-input\":{\"@type\":\"PropertyValueSpecification\",\"valueRequired\":true,\"valueName\":\"search_term_string\"}}],\"inLanguage\":\"fr-FR\"},{\"@type\":\"Person\",\"@id\":\"https:\\\/\\\/preprod.olympic.ca\\\/olympique\\\/#\\\/schema\\\/person\\\/fb9edb1f2f2d7053924364780a4bd048\",\"name\":\"Ben Stevenson\",\"image\":{\"@type\":\"ImageObject\",\"inLanguage\":\"fr-FR\",\"@id\":\"https:\\\/\\\/secure.gravatar.com\\\/avatar\\\/1f38c4b33086e47eaf1427b6b6d5e7ccbc308da0b2b745a7afc6913cd5cb2c81?s=96&d=identicon&r=g9f03b2891d7e4a094d5adf45bc3a2b03\",\"url\":\"https:\\\/\\\/secure.gravatar.com\\\/avatar\\\/1f38c4b33086e47eaf1427b6b6d5e7ccbc308da0b2b745a7afc6913cd5cb2c81?s=96&d=identicon&r=g\",\"contentUrl\":\"https:\\\/\\\/secure.gravatar.com\\\/avatar\\\/1f38c4b33086e47eaf1427b6b6d5e7ccbc308da0b2b745a7afc6913cd5cb2c81?s=96&d=identicon&r=g\",\"caption\":\"Ben Stevenson\"},\"description\":\"Manager, Content - Canadian Olympic Committee Gestionnaire, Contenu - Comit\u00e9 olympique canadien\",\"url\":\"https:\\\/\\\/preprod.olympic.ca\\\/olympique\\\/author\\\/stevensonben\\\/\"}]}<\/script>\n<!-- \/ Yoast SEO plugin. -->","yoast_head_json":{"title":"Huynh de nouveau sur le podium  - \u00c9quipe Canada | Site officiel de l&#039;\u00e9quipe olympique","robots":{"index":"index","follow":"follow","max-snippet":"max-snippet:-1","max-image-preview":"max-image-preview:large","max-video-preview":"max-video-preview:-1"},"canonical":"https:\/\/preprod.olympic.ca\/olympique\/2012\/08\/08\/huynh-de-nouveau-sur-le-podium\/","og_locale":"fr_FR","og_type":"article","og_title":"Huynh de nouveau sur le podium  - \u00c9quipe Canada | Site officiel de l&#039;\u00e9quipe olympique","og_description":"Les \u00ab\u00a0Go Carol, Go\u00a0\u00bb fusaient de partout dans le centre ExCel alors que la championne olympique de 2008 Carol Huynh...","og_url":"https:\/\/preprod.olympic.ca\/olympique\/2012\/08\/08\/huynh-de-nouveau-sur-le-podium\/","og_site_name":"\u00c9quipe Canada | Site officiel de l&#039;\u00e9quipe olympique","article_published_time":"2012-08-08T20:36:50+00:00","og_image":[{"width":720,"height":665,"url":"https:\/\/preprod.olympic.ca\/olympique\/wp-content\/uploads\/sites\/2\/2012\/08\/carol_bronze_coc_web15.jpg?quality=100","type":"image\/jpeg"}],"author":"Ben Stevenson","twitter_card":"summary_large_image","twitter_misc":{"Written by":"Ben Stevenson","Est. reading time":"1 minute"},"schema":{"@context":"https:\/\/schema.org","@graph":[{"@type":"Article","@id":"https:\/\/preprod.olympic.ca\/olympique\/2012\/08\/08\/huynh-de-nouveau-sur-le-podium\/#article","isPartOf":{"@id":"https:\/\/preprod.olympic.ca\/olympique\/2012\/08\/08\/huynh-de-nouveau-sur-le-podium\/"},"author":{"name":"Ben Stevenson","@id":"https:\/\/preprod.olympic.ca\/olympique\/#\/schema\/person\/fb9edb1f2f2d7053924364780a4bd048"},"headline":"Huynh de nouveau sur le podium","datePublished":"2012-08-08T20:36:50+00:00","mainEntityOfPage":{"@id":"https:\/\/preprod.olympic.ca\/olympique\/2012\/08\/08\/huynh-de-nouveau-sur-le-podium\/"},"wordCount":185,"commentCount":1,"image":{"@id":"https:\/\/preprod.olympic.ca\/olympique\/2012\/08\/08\/huynh-de-nouveau-sur-le-podium\/#primaryimage"},"thumbnailUrl":"https:\/\/preprod.olympic.ca\/olympique\/wp-content\/uploads\/sites\/2\/2012\/08\/carol_bronze_coc_web15.jpg?quality=100","keywords":["Carol Huynh","Londres 2012","M\u00e9daille de Bronze","Toronto 2015 - Lutte"],"articleSection":["Nouvelles de l'equipe"],"inLanguage":"fr-FR","potentialAction":[{"@type":"CommentAction","name":"Comment","target":["https:\/\/preprod.olympic.ca\/olympique\/2012\/08\/08\/huynh-de-nouveau-sur-le-podium\/#respond"]}]},{"@type":"WebPage","@id":"https:\/\/preprod.olympic.ca\/olympique\/2012\/08\/08\/huynh-de-nouveau-sur-le-podium\/","url":"https:\/\/preprod.olympic.ca\/olympique\/2012\/08\/08\/huynh-de-nouveau-sur-le-podium\/","name":"Huynh de nouveau sur le podium - \u00c9quipe Canada | Site officiel de l&#039;\u00e9quipe olympique","isPartOf":{"@id":"https:\/\/preprod.olympic.ca\/olympique\/#website"},"primaryImageOfPage":{"@id":"https:\/\/preprod.olympic.ca\/olympique\/2012\/08\/08\/huynh-de-nouveau-sur-le-podium\/#primaryimage"},"image":{"@id":"https:\/\/preprod.olympic.ca\/olympique\/2012\/08\/08\/huynh-de-nouveau-sur-le-podium\/#primaryimage"},"thumbnailUrl":"https:\/\/preprod.olympic.ca\/olympique\/wp-content\/uploads\/sites\/2\/2012\/08\/carol_bronze_coc_web15.jpg?quality=100","datePublished":"2012-08-08T20:36:50+00:00","author":{"@id":"https:\/\/preprod.olympic.ca\/olympique\/#\/schema\/person\/fb9edb1f2f2d7053924364780a4bd048"},"inLanguage":"fr-FR","potentialAction":[{"@type":"ReadAction","target":["https:\/\/preprod.olympic.ca\/olympique\/2012\/08\/08\/huynh-de-nouveau-sur-le-podium\/"]}]},{"@type":"ImageObject","inLanguage":"fr-FR","@id":"https:\/\/preprod.olympic.ca\/olympique\/2012\/08\/08\/huynh-de-nouveau-sur-le-podium\/#primaryimage","url":"https:\/\/preprod.olympic.ca\/olympique\/wp-content\/uploads\/sites\/2\/2012\/08\/carol_bronze_coc_web15.jpg?quality=100","contentUrl":"https:\/\/preprod.olympic.ca\/olympique\/wp-content\/uploads\/sites\/2\/2012\/08\/carol_bronze_coc_web15.jpg?quality=100","width":720,"height":665},{"@type":"WebSite","@id":"https:\/\/preprod.olympic.ca\/olympique\/#website","url":"https:\/\/preprod.olympic.ca\/olympique\/","name":"\u00c9quipe Canada | Site officiel de l&#039;\u00e9quipe olympique","description":"Votre source pour l\u2019\u00c9quipe olympique canadienne. Retrouvez les r\u00e9cits, vid\u00e9os et photos des athl\u00e8tes canadiens, sports olympiques, Jeux olympiques de 2020 et bien plus!","potentialAction":[{"@type":"SearchAction","target":{"@type":"EntryPoint","urlTemplate":"https:\/\/preprod.olympic.ca\/olympique\/?s={search_term_string}"},"query-input":{"@type":"PropertyValueSpecification","valueRequired":true,"valueName":"search_term_string"}}],"inLanguage":"fr-FR"},{"@type":"Person","@id":"https:\/\/preprod.olympic.ca\/olympique\/#\/schema\/person\/fb9edb1f2f2d7053924364780a4bd048","name":"Ben Stevenson","image":{"@type":"ImageObject","inLanguage":"fr-FR","@id":"https:\/\/secure.gravatar.com\/avatar\/1f38c4b33086e47eaf1427b6b6d5e7ccbc308da0b2b745a7afc6913cd5cb2c81?s=96&d=identicon&r=g9f03b2891d7e4a094d5adf45bc3a2b03","url":"https:\/\/secure.gravatar.com\/avatar\/1f38c4b33086e47eaf1427b6b6d5e7ccbc308da0b2b745a7afc6913cd5cb2c81?s=96&d=identicon&r=g","contentUrl":"https:\/\/secure.gravatar.com\/avatar\/1f38c4b33086e47eaf1427b6b6d5e7ccbc308da0b2b745a7afc6913cd5cb2c81?s=96&d=identicon&r=g","caption":"Ben Stevenson"},"description":"Manager, Content - Canadian Olympic Committee Gestionnaire, Contenu - Comit\u00e9 olympique canadien","url":"https:\/\/preprod.olympic.ca\/olympique\/author\/stevensonben\/"}]}},"jetpack_featured_media_url":"https:\/\/preprod.olympic.ca\/olympique\/wp-content\/uploads\/sites\/2\/2012\/08\/carol_bronze_coc_web15.jpg?quality=100","featured_image_url":"https:\/\/preprod.olympic.ca\/olympique\/wp-content\/uploads\/sites\/2\/2012\/08\/carol_bronze_coc_web15.jpg?quality=100","author_name":["Ben Stevenson"],"category_names":["Nouvelles de l'equipe"],"tag_names":["Carol Huynh","Londres 2012","M\u00e9daille de Bronze","Toronto 2015 - Lutte"],"video_embed_code":"","facebook_video_embed_code":"","jetpack_sharing_enabled":true,"jetpack-related-posts":[],"jetpack_shortlink":"https:\/\/wp.me\/pcGHcP-aAk","_links":{"self":[{"href":"https:\/\/preprod.olympic.ca\/olympique\/wp-json\/wp\/v2\/posts\/40692","targetHints":{"allow":["GET"]}}],"collection":[{"href":"https:\/\/preprod.olympic.ca\/olympique\/wp-json\/wp\/v2\/posts"}],"about":[{"href":"https:\/\/preprod.olympic.ca\/olympique\/wp-json\/wp\/v2\/types\/post"}],"author":[{"embeddable":true,"href":"https:\/\/preprod.olympic.ca\/olympique\/wp-json\/wp\/v2\/users\/52435356"}],"replies":[{"embeddable":true,"href":"https:\/\/preprod.olympic.ca\/olympique\/wp-json\/wp\/v2\/comments?post=40692"}],"version-history":[{"count":0,"href":"https:\/\/preprod.olympic.ca\/olympique\/wp-json\/wp\/v2\/posts\/40692\/revisions"}],"wp:featuredmedia":[{"embeddable":true,"href":"https:\/\/preprod.olympic.ca\/olympique\/wp-json\/wp\/v2\/media\/40693"}],"wp:attachment":[{"href":"https:\/\/preprod.olympic.ca\/olympique\/wp-json\/wp\/v2\/media?parent=40692"}],"wp:term":[{"taxonomy":"category","embeddable":true,"href":"https:\/\/preprod.olympic.ca\/olympique\/wp-json\/wp\/v2\/categories?post=40692"},{"taxonomy":"post_tag","embeddable":true,"href":"https:\/\/preprod.olympic.ca\/olympique\/wp-json\/wp\/v2\/tags?post=40692"},{"taxonomy":"post_format","embeddable":true,"href":"https:\/\/preprod.olympic.ca\/olympique\/wp-json\/wp\/v2\/post_format?post=40692"},{"taxonomy":"sport","embeddable":true,"href":"https:\/\/preprod.olympic.ca\/olympique\/wp-json\/wp\/v2\/sport?post=40692"},{"taxonomy":"game","embeddable":true,"href":"https:\/\/preprod.olympic.ca\/olympique\/wp-json\/wp\/v2\/game?post=40692"},{"taxonomy":"author","embeddable":true,"href":"https:\/\/preprod.olympic.ca\/olympique\/wp-json\/wp\/v2\/coauthors?post=40692"}],"curies":[{"name":"wp","href":"https:\/\/api.w.org\/{rel}","templated":true}]}}