{"id":40809,"date":"2012-08-09T00:05:17","date_gmt":"2012-08-09T04:05:17","guid":{"rendered":"http:\/\/preprod.olympic.ca\/?p=40809"},"modified":"2012-08-09T00:05:17","modified_gmt":"2012-08-09T04:05:17","slug":"les-canadiens-a-surveiller-jour-13","status":"publish","type":"post","link":"https:\/\/preprod.olympic.ca\/olympique\/2012\/08\/09\/les-canadiens-a-surveiller-jour-13\/","title":{"rendered":"Les canadiens \u00e0 surveiller \u2013 jour 13"},"content":{"rendered":"<p><strong>\u00c9quipe de soccer f\u00e9minin<\/strong><br \/>\n\u00c0 8\u00a0 h HNE jeudi, l\u2019\u00e9quipe de soccer f\u00e9minin du Canada se mesurera \u00e0 la France dans le match pour la m\u00e9daille de bronze. Il s\u2019agit de la premi\u00e8re fois qu\u2019une \u00e9quipe de soccer canadienne a la chance d\u2019obtenir une m\u00e9daille. Lundi soir, la capitaine <a href=\"http:\/\/preprod.olympic.ca\/fr\/team-canada\/christine-sinclair-3\" target=\"_blank\">Christine Sinclair<\/a> a r\u00e9ussi un tour du chapeau lors de la spectaculaire demi-finale qui s\u2019est sold\u00e9e par une d\u00e9faite de 4-3 en prolongation. \u00ab\u00a0 Ce n\u2019est pas un match amical et les filles feront tout pour la victoire, dit l\u2019entra\u00eeneur en chef John Herdman. Elles sont ici pour voir leur drapeau flotter. \u00bb<\/p>\n<p><strong>Tonya Verbeek<br \/>\n<\/strong>La double m\u00e9daill\u00e9e olympique <a href=\"http:\/\/preprod.olympic.ca\/fr\/team-canada\/tonya-verbeek-3\" target=\"_blank\">Tonya Verbeek<\/a> de Thorold en Ontario partira \u00e0 la conqu\u00eate de son troisi\u00e8me podium olympique aujourd\u2019hui en lutte libre dans la cat\u00e9gorie des 55\u00a0 kg. Sa co\u00e9quipi\u00e8re <a href=\"http:\/\/preprod.olympic.ca\/fr\/team-canada\/leah-callahan\" target=\"_blank\">Leah Callahan<\/a> (Mackenzie, C.-B.) fera ses d\u00e9buts olympiques sur le tapis chez les 72\u00a0 kg. Le premier combat de qualification des deux femmes aura lieu \u00e0 8\u00a0 h HNE et elles voudront rejoindre <a href=\"http:\/\/preprod.olympic.ca\/fr\/team-canada\/carol-huynh-3\" target=\"_blank\">Carol Huynh<\/a>, la lutteuse m\u00e9daill\u00e9e canadienne d\u2019hier sur le podium.<\/p>\n<p><strong> Gymnastique rythmique<br \/>\n<\/strong>Pour la premi\u00e8re fois depuis ses d\u00e9buts aux Jeux olympiques de 1996, le Canada participera \u00e0 l\u2019\u00e9preuve de gymnastique rythmique par <a href=\"http:\/\/preprod.olympic.ca\/fr\/equipe-canada\/sports\/gymnastique-rythmique\/londres-2012\" target=\"_blank\">\u00e9quipe<\/a>. L\u2019\u00e9quipe pr\u00e9sentera deux programmes et commence sa prestation \u00e0 9\u00a0 h\u00a0 50 HNE.<\/p>\n<p><strong>Nage synchronis\u00e9e<\/strong><br \/>\nMercredi \u00e0 10\u00a0 h\u00a0 HNE, l\u2019<a href=\"http:\/\/preprod.olympic.ca\/fr\/equipe-canada\/sports\/nage-synchronisee\/londres-2012\" target=\"_blank\">\u00e9quipe de nage synchronis\u00e9e<\/a> prendra la piscine d\u2019assaut avec son programme technique. Ex\u00e9cutant une routine ayant pour th\u00e8me les sports, le groupe voudra se mettre en bonne posture avant le programme libre de vendredi.<\/p>\n","protected":false},"excerpt":{"rendered":"<p>\u00c9quipe de soccer f\u00e9minin \u00c0 8\u00a0 h HNE jeudi, l\u2019\u00e9quipe de soccer f\u00e9minin du Canada se mesurera \u00e0 la France&#8230;<\/p>\n","protected":false},"author":52435436,"featured_media":40807,"comment_status":"open","ping_status":"open","sticky":false,"template":"","format":"standard","meta":{"_acf_changed":false,"_jetpack_memberships_contains_paid_content":false,"footnotes":""},"categories":[70121],"tags":[],"post_format":"standard","sport":[],"game":[],"coauthors":[187838302],"class_list":["post-40809","post","type-post","status-publish","format-standard","has-post-thumbnail","hentry","category-equipe"],"acf":[],"yoast_head":"<!-- This site is optimized with the Yoast SEO plugin v27.3 - https:\/\/yoast.com\/product\/yoast-seo-wordpress\/ -->\n<title>Les canadiens \u00e0 surveiller \u2013 jour 13 - \u00c9quipe Canada | Site officiel de l&#039;\u00e9quipe olympique<\/title>\n<meta name=\"robots\" content=\"index, follow, max-snippet:-1, max-image-preview:large, max-video-preview:-1\" \/>\n<link rel=\"canonical\" href=\"https:\/\/preprod.olympic.ca\/olympique\/2012\/08\/09\/les-canadiens-a-surveiller-jour-13\/\" \/>\n<meta property=\"og:locale\" content=\"fr_FR\" \/>\n<meta property=\"og:type\" content=\"article\" \/>\n<meta property=\"og:title\" content=\"Les canadiens \u00e0 surveiller \u2013 jour 13 - \u00c9quipe Canada | Site officiel de l&#039;\u00e9quipe olympique\" \/>\n<meta property=\"og:description\" content=\"\u00c9quipe de soccer f\u00e9minin \u00c0 8\u00a0 h HNE jeudi, l\u2019\u00e9quipe de soccer f\u00e9minin du Canada se mesurera \u00e0 la France...\" \/>\n<meta property=\"og:url\" content=\"https:\/\/preprod.olympic.ca\/olympique\/2012\/08\/09\/les-canadiens-a-surveiller-jour-13\/\" \/>\n<meta property=\"og:site_name\" content=\"\u00c9quipe Canada | Site officiel de l&#039;\u00e9quipe olympique\" \/>\n<meta property=\"article:published_time\" content=\"2012-08-09T04:05:17+00:00\" \/>\n<meta property=\"og:image\" content=\"https:\/\/preprod.olympic.ca\/olympique\/wp-content\/uploads\/sites\/2\/2012\/08\/sinclair_coc_web5.jpg?quality=100\" \/>\n\t<meta property=\"og:image:width\" content=\"904\" \/>\n\t<meta property=\"og:image:height\" content=\"617\" \/>\n\t<meta property=\"og:image:type\" content=\"image\/jpeg\" \/>\n<meta name=\"author\" content=\"Mark Nadolny\" \/>\n<meta name=\"twitter:card\" content=\"summary_large_image\" \/>\n<meta name=\"twitter:label1\" content=\"Written by\" \/>\n\t<meta name=\"twitter:data1\" content=\"Mark Nadolny\" \/>\n\t<meta name=\"twitter:label2\" content=\"Est. reading time\" \/>\n\t<meta name=\"twitter:data2\" content=\"1 minute\" \/>\n<script type=\"application\/ld+json\" class=\"yoast-schema-graph\">{\"@context\":\"https:\\\/\\\/schema.org\",\"@graph\":[{\"@type\":\"Article\",\"@id\":\"https:\\\/\\\/preprod.olympic.ca\\\/olympique\\\/2012\\\/08\\\/09\\\/les-canadiens-a-surveiller-jour-13\\\/#article\",\"isPartOf\":{\"@id\":\"https:\\\/\\\/preprod.olympic.ca\\\/olympique\\\/2012\\\/08\\\/09\\\/les-canadiens-a-surveiller-jour-13\\\/\"},\"author\":{\"name\":\"Mark Nadolny\",\"@id\":\"https:\\\/\\\/preprod.olympic.ca\\\/olympique\\\/#\\\/schema\\\/person\\\/71d340cc825e058ae525fc2765f7c7ae\"},\"headline\":\"Les canadiens \u00e0 surveiller \u2013 jour 13\",\"datePublished\":\"2012-08-09T04:05:17+00:00\",\"mainEntityOfPage\":{\"@id\":\"https:\\\/\\\/preprod.olympic.ca\\\/olympique\\\/2012\\\/08\\\/09\\\/les-canadiens-a-surveiller-jour-13\\\/\"},\"wordCount\":283,\"commentCount\":0,\"image\":{\"@id\":\"https:\\\/\\\/preprod.olympic.ca\\\/olympique\\\/2012\\\/08\\\/09\\\/les-canadiens-a-surveiller-jour-13\\\/#primaryimage\"},\"thumbnailUrl\":\"https:\\\/\\\/preprod.olympic.ca\\\/olympique\\\/wp-content\\\/uploads\\\/sites\\\/2\\\/2012\\\/08\\\/sinclair_coc_web5.jpg?quality=100\",\"articleSection\":[\"Nouvelles de l'equipe\"],\"inLanguage\":\"fr-FR\",\"potentialAction\":[{\"@type\":\"CommentAction\",\"name\":\"Comment\",\"target\":[\"https:\\\/\\\/preprod.olympic.ca\\\/olympique\\\/2012\\\/08\\\/09\\\/les-canadiens-a-surveiller-jour-13\\\/#respond\"]}]},{\"@type\":\"WebPage\",\"@id\":\"https:\\\/\\\/preprod.olympic.ca\\\/olympique\\\/2012\\\/08\\\/09\\\/les-canadiens-a-surveiller-jour-13\\\/\",\"url\":\"https:\\\/\\\/preprod.olympic.ca\\\/olympique\\\/2012\\\/08\\\/09\\\/les-canadiens-a-surveiller-jour-13\\\/\",\"name\":\"Les canadiens \u00e0 surveiller \u2013 jour 13 - \u00c9quipe Canada | Site officiel de l&#039;\u00e9quipe olympique\",\"isPartOf\":{\"@id\":\"https:\\\/\\\/preprod.olympic.ca\\\/olympique\\\/#website\"},\"primaryImageOfPage\":{\"@id\":\"https:\\\/\\\/preprod.olympic.ca\\\/olympique\\\/2012\\\/08\\\/09\\\/les-canadiens-a-surveiller-jour-13\\\/#primaryimage\"},\"image\":{\"@id\":\"https:\\\/\\\/preprod.olympic.ca\\\/olympique\\\/2012\\\/08\\\/09\\\/les-canadiens-a-surveiller-jour-13\\\/#primaryimage\"},\"thumbnailUrl\":\"https:\\\/\\\/preprod.olympic.ca\\\/olympique\\\/wp-content\\\/uploads\\\/sites\\\/2\\\/2012\\\/08\\\/sinclair_coc_web5.jpg?quality=100\",\"datePublished\":\"2012-08-09T04:05:17+00:00\",\"author\":{\"@id\":\"https:\\\/\\\/preprod.olympic.ca\\\/olympique\\\/#\\\/schema\\\/person\\\/71d340cc825e058ae525fc2765f7c7ae\"},\"inLanguage\":\"fr-FR\",\"potentialAction\":[{\"@type\":\"ReadAction\",\"target\":[\"https:\\\/\\\/preprod.olympic.ca\\\/olympique\\\/2012\\\/08\\\/09\\\/les-canadiens-a-surveiller-jour-13\\\/\"]}]},{\"@type\":\"ImageObject\",\"inLanguage\":\"fr-FR\",\"@id\":\"https:\\\/\\\/preprod.olympic.ca\\\/olympique\\\/2012\\\/08\\\/09\\\/les-canadiens-a-surveiller-jour-13\\\/#primaryimage\",\"url\":\"https:\\\/\\\/preprod.olympic.ca\\\/olympique\\\/wp-content\\\/uploads\\\/sites\\\/2\\\/2012\\\/08\\\/sinclair_coc_web5.jpg?quality=100\",\"contentUrl\":\"https:\\\/\\\/preprod.olympic.ca\\\/olympique\\\/wp-content\\\/uploads\\\/sites\\\/2\\\/2012\\\/08\\\/sinclair_coc_web5.jpg?quality=100\",\"width\":904,\"height\":617},{\"@type\":\"WebSite\",\"@id\":\"https:\\\/\\\/preprod.olympic.ca\\\/olympique\\\/#website\",\"url\":\"https:\\\/\\\/preprod.olympic.ca\\\/olympique\\\/\",\"name\":\"\u00c9quipe Canada | Site officiel de l&#039;\u00e9quipe olympique\",\"description\":\"Votre source pour l\u2019\u00c9quipe olympique canadienne. Retrouvez les r\u00e9cits, vid\u00e9os et photos des athl\u00e8tes canadiens, sports olympiques, Jeux olympiques de 2020 et bien plus!\",\"potentialAction\":[{\"@type\":\"SearchAction\",\"target\":{\"@type\":\"EntryPoint\",\"urlTemplate\":\"https:\\\/\\\/preprod.olympic.ca\\\/olympique\\\/?s={search_term_string}\"},\"query-input\":{\"@type\":\"PropertyValueSpecification\",\"valueRequired\":true,\"valueName\":\"search_term_string\"}}],\"inLanguage\":\"fr-FR\"},{\"@type\":\"Person\",\"@id\":\"https:\\\/\\\/preprod.olympic.ca\\\/olympique\\\/#\\\/schema\\\/person\\\/71d340cc825e058ae525fc2765f7c7ae\",\"name\":\"Mark Nadolny\",\"image\":{\"@type\":\"ImageObject\",\"inLanguage\":\"fr-FR\",\"@id\":\"https:\\\/\\\/secure.gravatar.com\\\/avatar\\\/fcfb5089af8db23b9347da3d181947b19f1cffb98b30f03fbe8f1973083d7e6b?s=96&d=identicon&r=g0693b2c18808f6337c03a29426292cc9\",\"url\":\"https:\\\/\\\/secure.gravatar.com\\\/avatar\\\/fcfb5089af8db23b9347da3d181947b19f1cffb98b30f03fbe8f1973083d7e6b?s=96&d=identicon&r=g\",\"contentUrl\":\"https:\\\/\\\/secure.gravatar.com\\\/avatar\\\/fcfb5089af8db23b9347da3d181947b19f1cffb98b30f03fbe8f1973083d7e6b?s=96&d=identicon&r=g\",\"caption\":\"Mark Nadolny\"},\"description\":\"Digital Media for the Canadian Olympic Team, I do that.\",\"url\":\"https:\\\/\\\/preprod.olympic.ca\\\/olympique\\\/author\\\/marknadonly\\\/\"}]}<\/script>\n<!-- \/ Yoast SEO plugin. -->","yoast_head_json":{"title":"Les canadiens \u00e0 surveiller \u2013 jour 13 - \u00c9quipe Canada | Site officiel de l&#039;\u00e9quipe olympique","robots":{"index":"index","follow":"follow","max-snippet":"max-snippet:-1","max-image-preview":"max-image-preview:large","max-video-preview":"max-video-preview:-1"},"canonical":"https:\/\/preprod.olympic.ca\/olympique\/2012\/08\/09\/les-canadiens-a-surveiller-jour-13\/","og_locale":"fr_FR","og_type":"article","og_title":"Les canadiens \u00e0 surveiller \u2013 jour 13 - \u00c9quipe Canada | Site officiel de l&#039;\u00e9quipe olympique","og_description":"\u00c9quipe de soccer f\u00e9minin \u00c0 8\u00a0 h HNE jeudi, l\u2019\u00e9quipe de soccer f\u00e9minin du Canada se mesurera \u00e0 la France...","og_url":"https:\/\/preprod.olympic.ca\/olympique\/2012\/08\/09\/les-canadiens-a-surveiller-jour-13\/","og_site_name":"\u00c9quipe Canada | Site officiel de l&#039;\u00e9quipe olympique","article_published_time":"2012-08-09T04:05:17+00:00","og_image":[{"width":904,"height":617,"url":"https:\/\/preprod.olympic.ca\/olympique\/wp-content\/uploads\/sites\/2\/2012\/08\/sinclair_coc_web5.jpg?quality=100","type":"image\/jpeg"}],"author":"Mark Nadolny","twitter_card":"summary_large_image","twitter_misc":{"Written by":"Mark Nadolny","Est. reading time":"1 minute"},"schema":{"@context":"https:\/\/schema.org","@graph":[{"@type":"Article","@id":"https:\/\/preprod.olympic.ca\/olympique\/2012\/08\/09\/les-canadiens-a-surveiller-jour-13\/#article","isPartOf":{"@id":"https:\/\/preprod.olympic.ca\/olympique\/2012\/08\/09\/les-canadiens-a-surveiller-jour-13\/"},"author":{"name":"Mark Nadolny","@id":"https:\/\/preprod.olympic.ca\/olympique\/#\/schema\/person\/71d340cc825e058ae525fc2765f7c7ae"},"headline":"Les canadiens \u00e0 surveiller \u2013 jour 13","datePublished":"2012-08-09T04:05:17+00:00","mainEntityOfPage":{"@id":"https:\/\/preprod.olympic.ca\/olympique\/2012\/08\/09\/les-canadiens-a-surveiller-jour-13\/"},"wordCount":283,"commentCount":0,"image":{"@id":"https:\/\/preprod.olympic.ca\/olympique\/2012\/08\/09\/les-canadiens-a-surveiller-jour-13\/#primaryimage"},"thumbnailUrl":"https:\/\/preprod.olympic.ca\/olympique\/wp-content\/uploads\/sites\/2\/2012\/08\/sinclair_coc_web5.jpg?quality=100","articleSection":["Nouvelles de l'equipe"],"inLanguage":"fr-FR","potentialAction":[{"@type":"CommentAction","name":"Comment","target":["https:\/\/preprod.olympic.ca\/olympique\/2012\/08\/09\/les-canadiens-a-surveiller-jour-13\/#respond"]}]},{"@type":"WebPage","@id":"https:\/\/preprod.olympic.ca\/olympique\/2012\/08\/09\/les-canadiens-a-surveiller-jour-13\/","url":"https:\/\/preprod.olympic.ca\/olympique\/2012\/08\/09\/les-canadiens-a-surveiller-jour-13\/","name":"Les canadiens \u00e0 surveiller \u2013 jour 13 - \u00c9quipe Canada | Site officiel de l&#039;\u00e9quipe olympique","isPartOf":{"@id":"https:\/\/preprod.olympic.ca\/olympique\/#website"},"primaryImageOfPage":{"@id":"https:\/\/preprod.olympic.ca\/olympique\/2012\/08\/09\/les-canadiens-a-surveiller-jour-13\/#primaryimage"},"image":{"@id":"https:\/\/preprod.olympic.ca\/olympique\/2012\/08\/09\/les-canadiens-a-surveiller-jour-13\/#primaryimage"},"thumbnailUrl":"https:\/\/preprod.olympic.ca\/olympique\/wp-content\/uploads\/sites\/2\/2012\/08\/sinclair_coc_web5.jpg?quality=100","datePublished":"2012-08-09T04:05:17+00:00","author":{"@id":"https:\/\/preprod.olympic.ca\/olympique\/#\/schema\/person\/71d340cc825e058ae525fc2765f7c7ae"},"inLanguage":"fr-FR","potentialAction":[{"@type":"ReadAction","target":["https:\/\/preprod.olympic.ca\/olympique\/2012\/08\/09\/les-canadiens-a-surveiller-jour-13\/"]}]},{"@type":"ImageObject","inLanguage":"fr-FR","@id":"https:\/\/preprod.olympic.ca\/olympique\/2012\/08\/09\/les-canadiens-a-surveiller-jour-13\/#primaryimage","url":"https:\/\/preprod.olympic.ca\/olympique\/wp-content\/uploads\/sites\/2\/2012\/08\/sinclair_coc_web5.jpg?quality=100","contentUrl":"https:\/\/preprod.olympic.ca\/olympique\/wp-content\/uploads\/sites\/2\/2012\/08\/sinclair_coc_web5.jpg?quality=100","width":904,"height":617},{"@type":"WebSite","@id":"https:\/\/preprod.olympic.ca\/olympique\/#website","url":"https:\/\/preprod.olympic.ca\/olympique\/","name":"\u00c9quipe Canada | Site officiel de l&#039;\u00e9quipe olympique","description":"Votre source pour l\u2019\u00c9quipe olympique canadienne. Retrouvez les r\u00e9cits, vid\u00e9os et photos des athl\u00e8tes canadiens, sports olympiques, Jeux olympiques de 2020 et bien plus!","potentialAction":[{"@type":"SearchAction","target":{"@type":"EntryPoint","urlTemplate":"https:\/\/preprod.olympic.ca\/olympique\/?s={search_term_string}"},"query-input":{"@type":"PropertyValueSpecification","valueRequired":true,"valueName":"search_term_string"}}],"inLanguage":"fr-FR"},{"@type":"Person","@id":"https:\/\/preprod.olympic.ca\/olympique\/#\/schema\/person\/71d340cc825e058ae525fc2765f7c7ae","name":"Mark Nadolny","image":{"@type":"ImageObject","inLanguage":"fr-FR","@id":"https:\/\/secure.gravatar.com\/avatar\/fcfb5089af8db23b9347da3d181947b19f1cffb98b30f03fbe8f1973083d7e6b?s=96&d=identicon&r=g0693b2c18808f6337c03a29426292cc9","url":"https:\/\/secure.gravatar.com\/avatar\/fcfb5089af8db23b9347da3d181947b19f1cffb98b30f03fbe8f1973083d7e6b?s=96&d=identicon&r=g","contentUrl":"https:\/\/secure.gravatar.com\/avatar\/fcfb5089af8db23b9347da3d181947b19f1cffb98b30f03fbe8f1973083d7e6b?s=96&d=identicon&r=g","caption":"Mark Nadolny"},"description":"Digital Media for the Canadian Olympic Team, I do that.","url":"https:\/\/preprod.olympic.ca\/olympique\/author\/marknadonly\/"}]}},"jetpack_featured_media_url":"https:\/\/preprod.olympic.ca\/olympique\/wp-content\/uploads\/sites\/2\/2012\/08\/sinclair_coc_web5.jpg?quality=100","featured_image_url":"https:\/\/preprod.olympic.ca\/olympique\/wp-content\/uploads\/sites\/2\/2012\/08\/sinclair_coc_web5.jpg?quality=100","author_name":["Mark Nadolny"],"category_names":["Nouvelles de l'equipe"],"tag_names":[],"video_embed_code":"","facebook_video_embed_code":"","jetpack_sharing_enabled":true,"jetpack-related-posts":[],"jetpack_shortlink":"https:\/\/wp.me\/pcGHcP-aCd","_links":{"self":[{"href":"https:\/\/preprod.olympic.ca\/olympique\/wp-json\/wp\/v2\/posts\/40809","targetHints":{"allow":["GET"]}}],"collection":[{"href":"https:\/\/preprod.olympic.ca\/olympique\/wp-json\/wp\/v2\/posts"}],"about":[{"href":"https:\/\/preprod.olympic.ca\/olympique\/wp-json\/wp\/v2\/types\/post"}],"author":[{"embeddable":true,"href":"https:\/\/preprod.olympic.ca\/olympique\/wp-json\/wp\/v2\/users\/52435436"}],"replies":[{"embeddable":true,"href":"https:\/\/preprod.olympic.ca\/olympique\/wp-json\/wp\/v2\/comments?post=40809"}],"version-history":[{"count":0,"href":"https:\/\/preprod.olympic.ca\/olympique\/wp-json\/wp\/v2\/posts\/40809\/revisions"}],"wp:featuredmedia":[{"embeddable":true,"href":"https:\/\/preprod.olympic.ca\/olympique\/wp-json\/wp\/v2\/media\/40807"}],"wp:attachment":[{"href":"https:\/\/preprod.olympic.ca\/olympique\/wp-json\/wp\/v2\/media?parent=40809"}],"wp:term":[{"taxonomy":"category","embeddable":true,"href":"https:\/\/preprod.olympic.ca\/olympique\/wp-json\/wp\/v2\/categories?post=40809"},{"taxonomy":"post_tag","embeddable":true,"href":"https:\/\/preprod.olympic.ca\/olympique\/wp-json\/wp\/v2\/tags?post=40809"},{"taxonomy":"post_format","embeddable":true,"href":"https:\/\/preprod.olympic.ca\/olympique\/wp-json\/wp\/v2\/post_format?post=40809"},{"taxonomy":"sport","embeddable":true,"href":"https:\/\/preprod.olympic.ca\/olympique\/wp-json\/wp\/v2\/sport?post=40809"},{"taxonomy":"game","embeddable":true,"href":"https:\/\/preprod.olympic.ca\/olympique\/wp-json\/wp\/v2\/game?post=40809"},{"taxonomy":"author","embeddable":true,"href":"https:\/\/preprod.olympic.ca\/olympique\/wp-json\/wp\/v2\/coauthors?post=40809"}],"curies":[{"name":"wp","href":"https:\/\/api.w.org\/{rel}","templated":true}]}}