{"id":4097,"date":"2010-02-14T20:35:16","date_gmt":"2010-02-15T01:35:16","guid":{"rendered":"http:\/\/preprod.olympic.ca\/?p=4097"},"modified":"2013-08-01T01:09:35","modified_gmt":"2013-08-01T01:09:35","slug":"la-premiere-medaille-canadienne-est-decrochee-a-cypress","status":"publish","type":"post","link":"https:\/\/preprod.olympic.ca\/olympique\/2010\/02\/14\/la-premiere-medaille-canadienne-est-decrochee-a-cypress\/","title":{"rendered":"La premi\u00e8re m\u00e9daille canadienne est d\u00e9croch\u00e9e \u00e0 Cypress"},"content":{"rendered":"<p>The La neige \u00e9claboussait de partout tandis que les skieuses rebondissaient pendant leurs descentes \u00e0 Cypress Mountain, et lorsque la poussi\u00e8re est tomb\u00e9e, le Canada d\u00e9crochait sa premi\u00e8re m\u00e9daille des Jeux olympiques d\u2019hiver de 2010.<\/p>\n<p>Jenn Heil, vedette de l\u2019\u00e9preuve des bosses, a \u00e9bloui les amateurs en d\u00e9crochant une m\u00e9daille d\u2019argent. Elle se trouvait en bonne position pour remporter l\u2019or, mais il restait une skieuse. L\u2019Am\u00e9ricaine Hannah Kearney a fait la course de sa vie et a d\u00e9pass\u00e9 la championne olympique en titre pour remporter la m\u00e9daille d\u2019or. Kearney a \u00e9t\u00e9 la championne de la Coupe du monde de bosses de la saison 2008-2009.<\/p>\n<p>\u00ab Je me sentais soulev\u00e9e par tous les Canadiens, \u00bb a d\u00e9clar\u00e9 Heil. \u00ab C\u2019\u00e9tait comme s\u2019ils m\u2019avaient donn\u00e9 des ailes.  C\u2019est la m\u00e9daille du Canada. \u00bb<\/p>\n<p>La descente de Heil a surpass\u00e9 celle de toutes les autres skieuses. Elle l\u2019a effectu\u00e9e avec sa facilit\u00e9 habituelle, et ses sauts \u00e9taient parfaits. Heil a bondi calmement parmi les bosses difficiles, au centre de la piste, et a \u00e9t\u00e9 en contr\u00f4le pendant toute sa course.<\/p>\n<p>Cela allait de soi pour la championne olympique de 2006 qui ne se trouve qu\u2019\u00e0 une fraction d\u2019\u00eatre une triple m\u00e9daill\u00e9e olympique (puisqu\u2019elle a termin\u00e9 4e en bosses aux Jeux de 2002 \u00e0 Salt Lake City).<br \/>\nElle \u00e9tait \u00e9galement, comme cela a beaucoup \u00e9t\u00e9 publicis\u00e9, \u00e0 un cheveu d\u2019\u00eatre la premi\u00e8re athl\u00e8te canadienne (homme ou femme) \u00e0 remporter l\u2019or \u00e0 domicile. Mais cela ne tardera pas. La m\u00e9daille d\u2019argent de Jenn s\u2019ajoute \u00e0 son \u00e9tincelante collection qui compte le titre de championne du monde en 2005 et en 2007, deux autres m\u00e9dailles d\u2019argent aux Championnats du monde et quatre premi\u00e8res places au classement g\u00e9n\u00e9ral de la Coupe du monde en bosses. Elle est d\u2019ailleurs sur la bonne voie pour en remporter une cinqui\u00e8me, puisqu\u2019elle a d\u00e9j\u00e0 remport\u00e9 quatre m\u00e9dailles d\u2019or cette saison.<\/p>\n<p>Celle qui a \u00e9t\u00e9 10 fois championne canadienne a rafl\u00e9 47 m\u00e9dailles en Coupe du monde. Elle n\u2019a pas \u00e9t\u00e9 la seule athl\u00e8te du Canada \u00e0 donner des frissons nocturnes \u00e0 Cypress Mountain. Chlo\u00e9 Dafour-Lapointe a obtenu de tr\u00e8s bons r\u00e9sultats \u00e0 la comp\u00e9tition.<\/p>\n<p>\u00c2g\u00e9e de 19 ans, elle a tr\u00e8s bien r\u00e9ussi l\u2019atterrissage qui a suivi son saut p\u00e9rilleux arri\u00e8re avec vrille compl\u00e8te avant de naviguer avec habilet\u00e9 sur le parcours et de r\u00e9ussir son deuxi\u00e8me saut. Elle se trouvait toujours en position pour remporter la m\u00e9daille de bronze lorsqu\u2019il ne restait que deux skieuses. La jeune skieuse acrobatique dot\u00e9e de grandes habilet\u00e9s qui semble flotter dans les airs avec facilit\u00e9 a termin\u00e9 cinqui\u00e8me.<\/p>\n<p>L\u2019avenir de Dufour-Lapointe est tr\u00e8s prometteur, c\u2019est le moins qu\u2019on puisse dire.<\/p>\n<p>L\u2019athl\u00e8te chevronn\u00e9e Kristi Richards \u00e9tait aussi favorite pour remporter une m\u00e9daille, mais est tomb\u00e9e \u00e0 mi-parcours, ce qui l\u2019a retir\u00e9e de la course. Elle y allait fort et donnait tout ce qu\u2019elle pouvait, mais elle n\u2019a pas pu ma\u00eetriser toute sa vitesse. Si elle avait repris son \u00e9quilibre, nous aurions peut-\u00eatre eu droit \u00e0 deux m\u00e9daill\u00e9es canadiennes.<\/p>\n<p>Mais voil\u00e0. BRAVO Jenn Heil pour la premi\u00e8re m\u00e9daille remport\u00e9e par le Canada en 2010.<\/p>\n","protected":false},"excerpt":{"rendered":"<p>The La neige \u00e9claboussait de partout tandis que les skieuses rebondissaient pendant leurs descentes \u00e0 Cypress Mountain, et lorsque la&#8230;<\/p>\n","protected":false},"author":47562643,"featured_media":4367,"comment_status":"open","ping_status":"open","sticky":false,"template":"","format":"standard","meta":{"_acf_changed":false,"_jetpack_memberships_contains_paid_content":false,"footnotes":""},"categories":[23939911],"tags":[],"post_format":"standard","sport":[],"game":[],"coauthors":[186127234],"class_list":["post-4097","post","type-post","status-publish","format-standard","has-post-thumbnail","hentry","category-uncategorized-fr"],"acf":[],"yoast_head":"<!-- This site is optimized with the Yoast SEO plugin v27.3 - https:\/\/yoast.com\/product\/yoast-seo-wordpress\/ -->\n<title>La premi\u00e8re m\u00e9daille canadienne est d\u00e9croch\u00e9e \u00e0 Cypress - \u00c9quipe Canada | Site officiel de l&#039;\u00e9quipe olympique<\/title>\n<meta name=\"robots\" content=\"index, follow, max-snippet:-1, max-image-preview:large, max-video-preview:-1\" \/>\n<link rel=\"canonical\" href=\"https:\/\/preprod.olympic.ca\/olympique\/2010\/02\/14\/la-premiere-medaille-canadienne-est-decrochee-a-cypress\/\" \/>\n<meta property=\"og:locale\" content=\"fr_FR\" \/>\n<meta property=\"og:type\" content=\"article\" \/>\n<meta property=\"og:title\" content=\"La premi\u00e8re m\u00e9daille canadienne est d\u00e9croch\u00e9e \u00e0 Cypress - \u00c9quipe Canada | Site officiel de l&#039;\u00e9quipe olympique\" \/>\n<meta property=\"og:description\" content=\"The La neige \u00e9claboussait de partout tandis que les skieuses rebondissaient pendant leurs descentes \u00e0 Cypress Mountain, et lorsque la...\" \/>\n<meta property=\"og:url\" content=\"https:\/\/preprod.olympic.ca\/olympique\/2010\/02\/14\/la-premiere-medaille-canadienne-est-decrochee-a-cypress\/\" \/>\n<meta property=\"og:site_name\" content=\"\u00c9quipe Canada | Site officiel de l&#039;\u00e9quipe olympique\" \/>\n<meta property=\"article:published_time\" content=\"2010-02-15T01:35:16+00:00\" \/>\n<meta property=\"article:modified_time\" content=\"2013-08-01T01:09:35+00:00\" \/>\n<meta property=\"og:image\" content=\"https:\/\/preprod.olympic.ca\/olympique\/wp-content\/uploads\/sites\/2\/2010\/02\/heil-bottom-corner-front-10006.jpg?quality=100\" \/>\n\t<meta property=\"og:image:width\" content=\"1000\" \/>\n\t<meta property=\"og:image:height\" content=\"777\" \/>\n\t<meta property=\"og:image:type\" content=\"image\/jpeg\" \/>\n<meta name=\"author\" content=\"Comit\u00e9 olympique canadien\" \/>\n<meta name=\"twitter:card\" content=\"summary_large_image\" \/>\n<meta name=\"twitter:label1\" content=\"Written by\" \/>\n\t<meta name=\"twitter:data1\" content=\"Comit\u00e9 olympique canadien\" \/>\n\t<meta name=\"twitter:label2\" content=\"Est. reading time\" \/>\n\t<meta name=\"twitter:data2\" content=\"3 minutes\" \/>\n<script type=\"application\/ld+json\" class=\"yoast-schema-graph\">{\"@context\":\"https:\\\/\\\/schema.org\",\"@graph\":[{\"@type\":\"Article\",\"@id\":\"https:\\\/\\\/preprod.olympic.ca\\\/olympique\\\/2010\\\/02\\\/14\\\/la-premiere-medaille-canadienne-est-decrochee-a-cypress\\\/#article\",\"isPartOf\":{\"@id\":\"https:\\\/\\\/preprod.olympic.ca\\\/olympique\\\/2010\\\/02\\\/14\\\/la-premiere-medaille-canadienne-est-decrochee-a-cypress\\\/\"},\"author\":{\"name\":\"cdnolympicteam\",\"@id\":\"https:\\\/\\\/preprod.olympic.ca\\\/olympique\\\/#\\\/schema\\\/person\\\/08d84fd062bf1b56ffb3808cb69aee9c\"},\"headline\":\"La premi\u00e8re m\u00e9daille canadienne est d\u00e9croch\u00e9e \u00e0 Cypress\",\"datePublished\":\"2010-02-15T01:35:16+00:00\",\"dateModified\":\"2013-08-01T01:09:35+00:00\",\"mainEntityOfPage\":{\"@id\":\"https:\\\/\\\/preprod.olympic.ca\\\/olympique\\\/2010\\\/02\\\/14\\\/la-premiere-medaille-canadienne-est-decrochee-a-cypress\\\/\"},\"wordCount\":583,\"commentCount\":0,\"image\":{\"@id\":\"https:\\\/\\\/preprod.olympic.ca\\\/olympique\\\/2010\\\/02\\\/14\\\/la-premiere-medaille-canadienne-est-decrochee-a-cypress\\\/#primaryimage\"},\"thumbnailUrl\":\"https:\\\/\\\/preprod.olympic.ca\\\/olympique\\\/wp-content\\\/uploads\\\/sites\\\/2\\\/2010\\\/02\\\/heil-bottom-corner-front-10006.jpg?quality=100\",\"articleSection\":[\"Uncategorized @fr\"],\"inLanguage\":\"fr-FR\",\"potentialAction\":[{\"@type\":\"CommentAction\",\"name\":\"Comment\",\"target\":[\"https:\\\/\\\/preprod.olympic.ca\\\/olympique\\\/2010\\\/02\\\/14\\\/la-premiere-medaille-canadienne-est-decrochee-a-cypress\\\/#respond\"]}]},{\"@type\":\"WebPage\",\"@id\":\"https:\\\/\\\/preprod.olympic.ca\\\/olympique\\\/2010\\\/02\\\/14\\\/la-premiere-medaille-canadienne-est-decrochee-a-cypress\\\/\",\"url\":\"https:\\\/\\\/preprod.olympic.ca\\\/olympique\\\/2010\\\/02\\\/14\\\/la-premiere-medaille-canadienne-est-decrochee-a-cypress\\\/\",\"name\":\"La premi\u00e8re m\u00e9daille canadienne est d\u00e9croch\u00e9e \u00e0 Cypress - \u00c9quipe Canada | Site officiel de l&#039;\u00e9quipe olympique\",\"isPartOf\":{\"@id\":\"https:\\\/\\\/preprod.olympic.ca\\\/olympique\\\/#website\"},\"primaryImageOfPage\":{\"@id\":\"https:\\\/\\\/preprod.olympic.ca\\\/olympique\\\/2010\\\/02\\\/14\\\/la-premiere-medaille-canadienne-est-decrochee-a-cypress\\\/#primaryimage\"},\"image\":{\"@id\":\"https:\\\/\\\/preprod.olympic.ca\\\/olympique\\\/2010\\\/02\\\/14\\\/la-premiere-medaille-canadienne-est-decrochee-a-cypress\\\/#primaryimage\"},\"thumbnailUrl\":\"https:\\\/\\\/preprod.olympic.ca\\\/olympique\\\/wp-content\\\/uploads\\\/sites\\\/2\\\/2010\\\/02\\\/heil-bottom-corner-front-10006.jpg?quality=100\",\"datePublished\":\"2010-02-15T01:35:16+00:00\",\"dateModified\":\"2013-08-01T01:09:35+00:00\",\"author\":{\"@id\":\"https:\\\/\\\/preprod.olympic.ca\\\/olympique\\\/#\\\/schema\\\/person\\\/08d84fd062bf1b56ffb3808cb69aee9c\"},\"inLanguage\":\"fr-FR\",\"potentialAction\":[{\"@type\":\"ReadAction\",\"target\":[\"https:\\\/\\\/preprod.olympic.ca\\\/olympique\\\/2010\\\/02\\\/14\\\/la-premiere-medaille-canadienne-est-decrochee-a-cypress\\\/\"]}]},{\"@type\":\"ImageObject\",\"inLanguage\":\"fr-FR\",\"@id\":\"https:\\\/\\\/preprod.olympic.ca\\\/olympique\\\/2010\\\/02\\\/14\\\/la-premiere-medaille-canadienne-est-decrochee-a-cypress\\\/#primaryimage\",\"url\":\"https:\\\/\\\/preprod.olympic.ca\\\/olympique\\\/wp-content\\\/uploads\\\/sites\\\/2\\\/2010\\\/02\\\/heil-bottom-corner-front-10006.jpg?quality=100\",\"contentUrl\":\"https:\\\/\\\/preprod.olympic.ca\\\/olympique\\\/wp-content\\\/uploads\\\/sites\\\/2\\\/2010\\\/02\\\/heil-bottom-corner-front-10006.jpg?quality=100\",\"width\":1000,\"height\":777},{\"@type\":\"WebSite\",\"@id\":\"https:\\\/\\\/preprod.olympic.ca\\\/olympique\\\/#website\",\"url\":\"https:\\\/\\\/preprod.olympic.ca\\\/olympique\\\/\",\"name\":\"\u00c9quipe Canada | Site officiel de l&#039;\u00e9quipe olympique\",\"description\":\"Votre source pour l\u2019\u00c9quipe olympique canadienne. Retrouvez les r\u00e9cits, vid\u00e9os et photos des athl\u00e8tes canadiens, sports olympiques, Jeux olympiques de 2020 et bien plus!\",\"potentialAction\":[{\"@type\":\"SearchAction\",\"target\":{\"@type\":\"EntryPoint\",\"urlTemplate\":\"https:\\\/\\\/preprod.olympic.ca\\\/olympique\\\/?s={search_term_string}\"},\"query-input\":{\"@type\":\"PropertyValueSpecification\",\"valueRequired\":true,\"valueName\":\"search_term_string\"}}],\"inLanguage\":\"fr-FR\"},{\"@type\":\"Person\",\"@id\":\"https:\\\/\\\/preprod.olympic.ca\\\/olympique\\\/#\\\/schema\\\/person\\\/08d84fd062bf1b56ffb3808cb69aee9c\",\"name\":\"cdnolympicteam\",\"image\":{\"@type\":\"ImageObject\",\"inLanguage\":\"fr-FR\",\"@id\":\"https:\\\/\\\/secure.gravatar.com\\\/avatar\\\/5ebf1554473077ab88cd1ec3372750991c09302ef58500182e331751d1f3473b?s=96&d=identicon&r=g7289394c1202ef020fcd9aad965e50f7\",\"url\":\"https:\\\/\\\/secure.gravatar.com\\\/avatar\\\/5ebf1554473077ab88cd1ec3372750991c09302ef58500182e331751d1f3473b?s=96&d=identicon&r=g\",\"contentUrl\":\"https:\\\/\\\/secure.gravatar.com\\\/avatar\\\/5ebf1554473077ab88cd1ec3372750991c09302ef58500182e331751d1f3473b?s=96&d=identicon&r=g\",\"caption\":\"cdnolympicteam\"},\"url\":\"https:\\\/\\\/preprod.olympic.ca\\\/olympique\\\/author\\\/cdnolympicteam\\\/\"}]}<\/script>\n<!-- \/ Yoast SEO plugin. -->","yoast_head_json":{"title":"La premi\u00e8re m\u00e9daille canadienne est d\u00e9croch\u00e9e \u00e0 Cypress - \u00c9quipe Canada | Site officiel de l&#039;\u00e9quipe olympique","robots":{"index":"index","follow":"follow","max-snippet":"max-snippet:-1","max-image-preview":"max-image-preview:large","max-video-preview":"max-video-preview:-1"},"canonical":"https:\/\/preprod.olympic.ca\/olympique\/2010\/02\/14\/la-premiere-medaille-canadienne-est-decrochee-a-cypress\/","og_locale":"fr_FR","og_type":"article","og_title":"La premi\u00e8re m\u00e9daille canadienne est d\u00e9croch\u00e9e \u00e0 Cypress - \u00c9quipe Canada | Site officiel de l&#039;\u00e9quipe olympique","og_description":"The La neige \u00e9claboussait de partout tandis que les skieuses rebondissaient pendant leurs descentes \u00e0 Cypress Mountain, et lorsque la...","og_url":"https:\/\/preprod.olympic.ca\/olympique\/2010\/02\/14\/la-premiere-medaille-canadienne-est-decrochee-a-cypress\/","og_site_name":"\u00c9quipe Canada | Site officiel de l&#039;\u00e9quipe olympique","article_published_time":"2010-02-15T01:35:16+00:00","article_modified_time":"2013-08-01T01:09:35+00:00","og_image":[{"width":1000,"height":777,"url":"https:\/\/preprod.olympic.ca\/olympique\/wp-content\/uploads\/sites\/2\/2010\/02\/heil-bottom-corner-front-10006.jpg?quality=100","type":"image\/jpeg"}],"author":"Comit\u00e9 olympique canadien","twitter_card":"summary_large_image","twitter_misc":{"Written by":"Comit\u00e9 olympique canadien","Est. reading time":"3 minutes"},"schema":{"@context":"https:\/\/schema.org","@graph":[{"@type":"Article","@id":"https:\/\/preprod.olympic.ca\/olympique\/2010\/02\/14\/la-premiere-medaille-canadienne-est-decrochee-a-cypress\/#article","isPartOf":{"@id":"https:\/\/preprod.olympic.ca\/olympique\/2010\/02\/14\/la-premiere-medaille-canadienne-est-decrochee-a-cypress\/"},"author":{"name":"cdnolympicteam","@id":"https:\/\/preprod.olympic.ca\/olympique\/#\/schema\/person\/08d84fd062bf1b56ffb3808cb69aee9c"},"headline":"La premi\u00e8re m\u00e9daille canadienne est d\u00e9croch\u00e9e \u00e0 Cypress","datePublished":"2010-02-15T01:35:16+00:00","dateModified":"2013-08-01T01:09:35+00:00","mainEntityOfPage":{"@id":"https:\/\/preprod.olympic.ca\/olympique\/2010\/02\/14\/la-premiere-medaille-canadienne-est-decrochee-a-cypress\/"},"wordCount":583,"commentCount":0,"image":{"@id":"https:\/\/preprod.olympic.ca\/olympique\/2010\/02\/14\/la-premiere-medaille-canadienne-est-decrochee-a-cypress\/#primaryimage"},"thumbnailUrl":"https:\/\/preprod.olympic.ca\/olympique\/wp-content\/uploads\/sites\/2\/2010\/02\/heil-bottom-corner-front-10006.jpg?quality=100","articleSection":["Uncategorized @fr"],"inLanguage":"fr-FR","potentialAction":[{"@type":"CommentAction","name":"Comment","target":["https:\/\/preprod.olympic.ca\/olympique\/2010\/02\/14\/la-premiere-medaille-canadienne-est-decrochee-a-cypress\/#respond"]}]},{"@type":"WebPage","@id":"https:\/\/preprod.olympic.ca\/olympique\/2010\/02\/14\/la-premiere-medaille-canadienne-est-decrochee-a-cypress\/","url":"https:\/\/preprod.olympic.ca\/olympique\/2010\/02\/14\/la-premiere-medaille-canadienne-est-decrochee-a-cypress\/","name":"La premi\u00e8re m\u00e9daille canadienne est d\u00e9croch\u00e9e \u00e0 Cypress - \u00c9quipe Canada | Site officiel de l&#039;\u00e9quipe olympique","isPartOf":{"@id":"https:\/\/preprod.olympic.ca\/olympique\/#website"},"primaryImageOfPage":{"@id":"https:\/\/preprod.olympic.ca\/olympique\/2010\/02\/14\/la-premiere-medaille-canadienne-est-decrochee-a-cypress\/#primaryimage"},"image":{"@id":"https:\/\/preprod.olympic.ca\/olympique\/2010\/02\/14\/la-premiere-medaille-canadienne-est-decrochee-a-cypress\/#primaryimage"},"thumbnailUrl":"https:\/\/preprod.olympic.ca\/olympique\/wp-content\/uploads\/sites\/2\/2010\/02\/heil-bottom-corner-front-10006.jpg?quality=100","datePublished":"2010-02-15T01:35:16+00:00","dateModified":"2013-08-01T01:09:35+00:00","author":{"@id":"https:\/\/preprod.olympic.ca\/olympique\/#\/schema\/person\/08d84fd062bf1b56ffb3808cb69aee9c"},"inLanguage":"fr-FR","potentialAction":[{"@type":"ReadAction","target":["https:\/\/preprod.olympic.ca\/olympique\/2010\/02\/14\/la-premiere-medaille-canadienne-est-decrochee-a-cypress\/"]}]},{"@type":"ImageObject","inLanguage":"fr-FR","@id":"https:\/\/preprod.olympic.ca\/olympique\/2010\/02\/14\/la-premiere-medaille-canadienne-est-decrochee-a-cypress\/#primaryimage","url":"https:\/\/preprod.olympic.ca\/olympique\/wp-content\/uploads\/sites\/2\/2010\/02\/heil-bottom-corner-front-10006.jpg?quality=100","contentUrl":"https:\/\/preprod.olympic.ca\/olympique\/wp-content\/uploads\/sites\/2\/2010\/02\/heil-bottom-corner-front-10006.jpg?quality=100","width":1000,"height":777},{"@type":"WebSite","@id":"https:\/\/preprod.olympic.ca\/olympique\/#website","url":"https:\/\/preprod.olympic.ca\/olympique\/","name":"\u00c9quipe Canada | Site officiel de l&#039;\u00e9quipe olympique","description":"Votre source pour l\u2019\u00c9quipe olympique canadienne. Retrouvez les r\u00e9cits, vid\u00e9os et photos des athl\u00e8tes canadiens, sports olympiques, Jeux olympiques de 2020 et bien plus!","potentialAction":[{"@type":"SearchAction","target":{"@type":"EntryPoint","urlTemplate":"https:\/\/preprod.olympic.ca\/olympique\/?s={search_term_string}"},"query-input":{"@type":"PropertyValueSpecification","valueRequired":true,"valueName":"search_term_string"}}],"inLanguage":"fr-FR"},{"@type":"Person","@id":"https:\/\/preprod.olympic.ca\/olympique\/#\/schema\/person\/08d84fd062bf1b56ffb3808cb69aee9c","name":"cdnolympicteam","image":{"@type":"ImageObject","inLanguage":"fr-FR","@id":"https:\/\/secure.gravatar.com\/avatar\/5ebf1554473077ab88cd1ec3372750991c09302ef58500182e331751d1f3473b?s=96&d=identicon&r=g7289394c1202ef020fcd9aad965e50f7","url":"https:\/\/secure.gravatar.com\/avatar\/5ebf1554473077ab88cd1ec3372750991c09302ef58500182e331751d1f3473b?s=96&d=identicon&r=g","contentUrl":"https:\/\/secure.gravatar.com\/avatar\/5ebf1554473077ab88cd1ec3372750991c09302ef58500182e331751d1f3473b?s=96&d=identicon&r=g","caption":"cdnolympicteam"},"url":"https:\/\/preprod.olympic.ca\/olympique\/author\/cdnolympicteam\/"}]}},"jetpack_featured_media_url":"https:\/\/preprod.olympic.ca\/olympique\/wp-content\/uploads\/sites\/2\/2010\/02\/heil-bottom-corner-front-10006.jpg?quality=100","featured_image_url":"https:\/\/preprod.olympic.ca\/olympique\/wp-content\/uploads\/sites\/2\/2010\/02\/heil-bottom-corner-front-10006.jpg?quality=100","author_name":["Comit\u00e9 olympique canadien"],"category_names":["Uncategorized @fr"],"tag_names":[],"video_embed_code":"","facebook_video_embed_code":"","jetpack_sharing_enabled":true,"jetpack-related-posts":[],"jetpack_shortlink":"https:\/\/wp.me\/pcGHcP-145","_links":{"self":[{"href":"https:\/\/preprod.olympic.ca\/olympique\/wp-json\/wp\/v2\/posts\/4097","targetHints":{"allow":["GET"]}}],"collection":[{"href":"https:\/\/preprod.olympic.ca\/olympique\/wp-json\/wp\/v2\/posts"}],"about":[{"href":"https:\/\/preprod.olympic.ca\/olympique\/wp-json\/wp\/v2\/types\/post"}],"author":[{"embeddable":true,"href":"https:\/\/preprod.olympic.ca\/olympique\/wp-json\/wp\/v2\/users\/47562643"}],"replies":[{"embeddable":true,"href":"https:\/\/preprod.olympic.ca\/olympique\/wp-json\/wp\/v2\/comments?post=4097"}],"version-history":[{"count":1,"href":"https:\/\/preprod.olympic.ca\/olympique\/wp-json\/wp\/v2\/posts\/4097\/revisions"}],"predecessor-version":[{"id":82866,"href":"https:\/\/preprod.olympic.ca\/olympique\/wp-json\/wp\/v2\/posts\/4097\/revisions\/82866"}],"wp:featuredmedia":[{"embeddable":true,"href":"https:\/\/preprod.olympic.ca\/olympique\/wp-json\/wp\/v2\/media\/4367"}],"wp:attachment":[{"href":"https:\/\/preprod.olympic.ca\/olympique\/wp-json\/wp\/v2\/media?parent=4097"}],"wp:term":[{"taxonomy":"category","embeddable":true,"href":"https:\/\/preprod.olympic.ca\/olympique\/wp-json\/wp\/v2\/categories?post=4097"},{"taxonomy":"post_tag","embeddable":true,"href":"https:\/\/preprod.olympic.ca\/olympique\/wp-json\/wp\/v2\/tags?post=4097"},{"taxonomy":"post_format","embeddable":true,"href":"https:\/\/preprod.olympic.ca\/olympique\/wp-json\/wp\/v2\/post_format?post=4097"},{"taxonomy":"sport","embeddable":true,"href":"https:\/\/preprod.olympic.ca\/olympique\/wp-json\/wp\/v2\/sport?post=4097"},{"taxonomy":"game","embeddable":true,"href":"https:\/\/preprod.olympic.ca\/olympique\/wp-json\/wp\/v2\/game?post=4097"},{"taxonomy":"author","embeddable":true,"href":"https:\/\/preprod.olympic.ca\/olympique\/wp-json\/wp\/v2\/coauthors?post=4097"}],"curies":[{"name":"wp","href":"https:\/\/api.w.org\/{rel}","templated":true}]}}