{"id":41395,"date":"2012-08-11T15:30:07","date_gmt":"2012-08-11T19:30:07","guid":{"rendered":"http:\/\/preprod.olympic.ca\/?p=41395"},"modified":"2012-08-11T15:30:07","modified_gmt":"2012-08-11T19:30:07","slug":"chaleureuses-celebrations-a-la-maison-olympique-du-canada","status":"publish","type":"post","link":"https:\/\/preprod.olympic.ca\/olympique\/2012\/08\/11\/chaleureuses-celebrations-a-la-maison-olympique-du-canada\/","title":{"rendered":"Chaleureuses c\u00e9l\u00e9brations \u00e0 la Maison olympique du Canada"},"content":{"rendered":"<p><span style=\"font-family: Times, serif\"><span style=\"font-size: medium\"><a href=\"http:\/\/preprod.olympic.ca\/fr\/team-canada\/tonya-verbeek-3\" target=\"_blank\">Tonya Verbeek<\/a> et <a href=\"http:\/\/preprod.olympic.ca\/fr\/team-canada\/carol-huynh-3\" target=\"_blank\">Carol Huynh<\/a> sont des l\u00e9gendes de la lutte canadienne. \u00c0 elles deux, elles poss\u00e8dent cinq m\u00e9dailles olympiques. Les Canadiens ont c\u00e9l\u00e9br\u00e9 les tout derniers ajouts \u00e0 leur collection, une m\u00e9daille d\u2019argent et une de bronze, en grande pompe \u00e0 la Maison olympique du Canada.<\/span><\/span><\/p>\n<p><span style=\"font-family: Times, serif\"><span style=\"font-size: medium\">Verbeek est pass\u00e9e \u00e0 l\u2019histoire en 2004 \u00e0 Ath\u00e8nes lorsqu\u2019elle est devenue la premi\u00e8re athl\u00e8te de sexe f\u00e9minin \u00e0 remporter une m\u00e9daille en lutte pour le Canada. \u00c0 Beijing, elle a obtenu le bronze et les Jeux de Londres lui ont permis d\u2019ajouter une autre m\u00e9daille d\u2019argent \u00e0 sa r\u00e9colte.<\/span><\/span><\/p>\n<p><span style=\"font-family: Times, serif\"><span style=\"font-size: medium\">\u00ab\u00a0Je vous remercie d\u2019\u00eatre ici et de soutenir la lutte, a dit Verbeek. Au cours des huit derni\u00e8res ann\u00e9es, la lutte f\u00e9minine a fait d\u2019immenses progr\u00e8s et je suis extr\u00eamement fi\u00e8re de faire partie de cette \u00e9quipe.\u00a0\u00bb<\/span><\/span><\/p>\n<p><span style=\"font-family: Times, serif\"><span style=\"font-size: medium\">Huynh s\u2019est fait conna\u00eetre \u00e0 Beijing en 2008 en remportant la premi\u00e8re m\u00e9daille d\u2019or du Canada en lutte f\u00e9minine. Sa m\u00e9daille londonienne est sa deuxi\u00e8me.<\/span><\/span><\/p>\n<p><span style=\"font-family: Times, serif\"><span style=\"font-size: medium\">\u00ab\u00a0Je veux que tout le monde sache tout le coeur et la d\u00e9termination dont a fait preuve chacun des membres de l\u2019\u00e9quipe tout au long du cheminement, a dit Huynh. Je suis tr\u00e8s fi\u00e8re de mes co\u00e9quipiers et de mes partenaires d\u2019entra\u00eenement qui nous accompagnent depuis le tout d\u00e9but.\u00a0\u00bb<\/span><\/span><\/p>\n<p><span style=\"font-family: Times, serif\"><span style=\"font-size: medium\">Verbeek a mentionn\u00e9 qu\u2019il pourrait s\u2019agir de ses derniers Jeux olympiques. <\/span><\/span><\/p>\n<p><span style=\"font-family: Times, serif\"><span style=\"font-size: medium\">\u00ab\u00a0Ces Jeux sont particuli\u00e8rement sp\u00e9ciaux pour moi, confie-t-elle. Tout s\u2019est mis en place. Je sais que je ne suis pas arriv\u00e9e \u00e0 d\u00e9crocher la m\u00e9daille d\u2019or, mais je me suis vraiment amus\u00e9e et c\u2019\u00e9tait un r\u00e9el bonheur de porter les couleurs du Canada.\u00a0\u00bb<\/span><\/span><\/p>\n<p><a name=\"_GoBack\"><\/a> <span style=\"font-family: Times, serif\"><span style=\"font-size: medium\">Au son de la musique qui signalait la fin des discours, Verbeek et Huynh se sont serr\u00e9es dans leurs bras. Il s\u2019agit d\u2019un v\u00e9ritable t\u00e9moignage du lien fort qui unit l\u2019\u00e9quipe de lutte f\u00e9minine et du soutien dont ses athl\u00e8tes jouissent au Canada.<\/span><\/span><\/p>\n<p><span style=\"font-family: Times, serif\"><span style=\"font-size: medium\">&#8211; Par Kristina Velan<\/span><\/span><\/p>\n","protected":false},"excerpt":{"rendered":"<p>Tonya Verbeek et Carol Huynh sont des l\u00e9gendes de la lutte canadienne. \u00c0 elles deux, elles poss\u00e8dent cinq m\u00e9dailles olympiques&#8230;.<\/p>\n","protected":false},"author":52435436,"featured_media":41393,"comment_status":"open","ping_status":"open","sticky":false,"template":"","format":"standard","meta":{"_acf_changed":false,"_jetpack_memberships_contains_paid_content":false,"footnotes":""},"categories":[707890],"tags":[],"post_format":"standard","sport":[],"game":[],"coauthors":[187838302],"class_list":["post-41395","post","type-post","status-publish","format-standard","has-post-thumbnail","hentry","category-comite"],"acf":[],"yoast_head":"<!-- This site is optimized with the Yoast SEO plugin v27.3 - https:\/\/yoast.com\/product\/yoast-seo-wordpress\/ -->\n<title>Chaleureuses c\u00e9l\u00e9brations \u00e0 la Maison olympique du Canada - \u00c9quipe Canada | Site officiel de l&#039;\u00e9quipe olympique<\/title>\n<meta name=\"robots\" content=\"index, follow, max-snippet:-1, max-image-preview:large, max-video-preview:-1\" \/>\n<link rel=\"canonical\" href=\"https:\/\/preprod.olympic.ca\/olympique\/2012\/08\/11\/chaleureuses-celebrations-a-la-maison-olympique-du-canada\/\" \/>\n<meta property=\"og:locale\" content=\"fr_FR\" \/>\n<meta property=\"og:type\" content=\"article\" \/>\n<meta property=\"og:title\" content=\"Chaleureuses c\u00e9l\u00e9brations \u00e0 la Maison olympique du Canada - \u00c9quipe Canada | Site officiel de l&#039;\u00e9quipe olympique\" \/>\n<meta property=\"og:description\" content=\"Tonya Verbeek et Carol Huynh sont des l\u00e9gendes de la lutte canadienne. \u00c0 elles deux, elles poss\u00e8dent cinq m\u00e9dailles olympiques....\" \/>\n<meta property=\"og:url\" content=\"https:\/\/preprod.olympic.ca\/olympique\/2012\/08\/11\/chaleureuses-celebrations-a-la-maison-olympique-du-canada\/\" \/>\n<meta property=\"og:site_name\" content=\"\u00c9quipe Canada | Site officiel de l&#039;\u00e9quipe olympique\" \/>\n<meta property=\"article:published_time\" content=\"2012-08-11T19:30:07+00:00\" \/>\n<meta property=\"og:image\" content=\"https:\/\/preprod.olympic.ca\/olympique\/wp-content\/uploads\/sites\/2\/2012\/08\/huynh-verbeek-celebrate6.jpg?quality=100\" \/>\n\t<meta property=\"og:image:width\" content=\"897\" \/>\n\t<meta property=\"og:image:height\" content=\"712\" \/>\n\t<meta property=\"og:image:type\" content=\"image\/jpeg\" \/>\n<meta name=\"author\" content=\"Mark Nadolny\" \/>\n<meta name=\"twitter:card\" content=\"summary_large_image\" \/>\n<meta name=\"twitter:label1\" content=\"Written by\" \/>\n\t<meta name=\"twitter:data1\" content=\"Mark Nadolny\" \/>\n\t<meta name=\"twitter:label2\" content=\"Est. reading time\" \/>\n\t<meta name=\"twitter:data2\" content=\"2 minutes\" \/>\n<script type=\"application\/ld+json\" class=\"yoast-schema-graph\">{\"@context\":\"https:\\\/\\\/schema.org\",\"@graph\":[{\"@type\":\"Article\",\"@id\":\"https:\\\/\\\/preprod.olympic.ca\\\/olympique\\\/2012\\\/08\\\/11\\\/chaleureuses-celebrations-a-la-maison-olympique-du-canada\\\/#article\",\"isPartOf\":{\"@id\":\"https:\\\/\\\/preprod.olympic.ca\\\/olympique\\\/2012\\\/08\\\/11\\\/chaleureuses-celebrations-a-la-maison-olympique-du-canada\\\/\"},\"author\":{\"name\":\"Mark Nadolny\",\"@id\":\"https:\\\/\\\/preprod.olympic.ca\\\/olympique\\\/#\\\/schema\\\/person\\\/71d340cc825e058ae525fc2765f7c7ae\"},\"headline\":\"Chaleureuses c\u00e9l\u00e9brations \u00e0 la Maison olympique du Canada\",\"datePublished\":\"2012-08-11T19:30:07+00:00\",\"mainEntityOfPage\":{\"@id\":\"https:\\\/\\\/preprod.olympic.ca\\\/olympique\\\/2012\\\/08\\\/11\\\/chaleureuses-celebrations-a-la-maison-olympique-du-canada\\\/\"},\"wordCount\":369,\"commentCount\":0,\"image\":{\"@id\":\"https:\\\/\\\/preprod.olympic.ca\\\/olympique\\\/2012\\\/08\\\/11\\\/chaleureuses-celebrations-a-la-maison-olympique-du-canada\\\/#primaryimage\"},\"thumbnailUrl\":\"https:\\\/\\\/preprod.olympic.ca\\\/olympique\\\/wp-content\\\/uploads\\\/sites\\\/2\\\/2012\\\/08\\\/huynh-verbeek-celebrate6.jpg?quality=100\",\"articleSection\":[\"Derni\u00e8res nouvelles\"],\"inLanguage\":\"fr-FR\",\"potentialAction\":[{\"@type\":\"CommentAction\",\"name\":\"Comment\",\"target\":[\"https:\\\/\\\/preprod.olympic.ca\\\/olympique\\\/2012\\\/08\\\/11\\\/chaleureuses-celebrations-a-la-maison-olympique-du-canada\\\/#respond\"]}]},{\"@type\":\"WebPage\",\"@id\":\"https:\\\/\\\/preprod.olympic.ca\\\/olympique\\\/2012\\\/08\\\/11\\\/chaleureuses-celebrations-a-la-maison-olympique-du-canada\\\/\",\"url\":\"https:\\\/\\\/preprod.olympic.ca\\\/olympique\\\/2012\\\/08\\\/11\\\/chaleureuses-celebrations-a-la-maison-olympique-du-canada\\\/\",\"name\":\"Chaleureuses c\u00e9l\u00e9brations \u00e0 la Maison olympique du Canada - \u00c9quipe Canada | Site officiel de l&#039;\u00e9quipe olympique\",\"isPartOf\":{\"@id\":\"https:\\\/\\\/preprod.olympic.ca\\\/olympique\\\/#website\"},\"primaryImageOfPage\":{\"@id\":\"https:\\\/\\\/preprod.olympic.ca\\\/olympique\\\/2012\\\/08\\\/11\\\/chaleureuses-celebrations-a-la-maison-olympique-du-canada\\\/#primaryimage\"},\"image\":{\"@id\":\"https:\\\/\\\/preprod.olympic.ca\\\/olympique\\\/2012\\\/08\\\/11\\\/chaleureuses-celebrations-a-la-maison-olympique-du-canada\\\/#primaryimage\"},\"thumbnailUrl\":\"https:\\\/\\\/preprod.olympic.ca\\\/olympique\\\/wp-content\\\/uploads\\\/sites\\\/2\\\/2012\\\/08\\\/huynh-verbeek-celebrate6.jpg?quality=100\",\"datePublished\":\"2012-08-11T19:30:07+00:00\",\"author\":{\"@id\":\"https:\\\/\\\/preprod.olympic.ca\\\/olympique\\\/#\\\/schema\\\/person\\\/71d340cc825e058ae525fc2765f7c7ae\"},\"inLanguage\":\"fr-FR\",\"potentialAction\":[{\"@type\":\"ReadAction\",\"target\":[\"https:\\\/\\\/preprod.olympic.ca\\\/olympique\\\/2012\\\/08\\\/11\\\/chaleureuses-celebrations-a-la-maison-olympique-du-canada\\\/\"]}]},{\"@type\":\"ImageObject\",\"inLanguage\":\"fr-FR\",\"@id\":\"https:\\\/\\\/preprod.olympic.ca\\\/olympique\\\/2012\\\/08\\\/11\\\/chaleureuses-celebrations-a-la-maison-olympique-du-canada\\\/#primaryimage\",\"url\":\"https:\\\/\\\/preprod.olympic.ca\\\/olympique\\\/wp-content\\\/uploads\\\/sites\\\/2\\\/2012\\\/08\\\/huynh-verbeek-celebrate6.jpg?quality=100\",\"contentUrl\":\"https:\\\/\\\/preprod.olympic.ca\\\/olympique\\\/wp-content\\\/uploads\\\/sites\\\/2\\\/2012\\\/08\\\/huynh-verbeek-celebrate6.jpg?quality=100\",\"width\":897,\"height\":712},{\"@type\":\"WebSite\",\"@id\":\"https:\\\/\\\/preprod.olympic.ca\\\/olympique\\\/#website\",\"url\":\"https:\\\/\\\/preprod.olympic.ca\\\/olympique\\\/\",\"name\":\"\u00c9quipe Canada | Site officiel de l&#039;\u00e9quipe olympique\",\"description\":\"Votre source pour l\u2019\u00c9quipe olympique canadienne. Retrouvez les r\u00e9cits, vid\u00e9os et photos des athl\u00e8tes canadiens, sports olympiques, Jeux olympiques de 2020 et bien plus!\",\"potentialAction\":[{\"@type\":\"SearchAction\",\"target\":{\"@type\":\"EntryPoint\",\"urlTemplate\":\"https:\\\/\\\/preprod.olympic.ca\\\/olympique\\\/?s={search_term_string}\"},\"query-input\":{\"@type\":\"PropertyValueSpecification\",\"valueRequired\":true,\"valueName\":\"search_term_string\"}}],\"inLanguage\":\"fr-FR\"},{\"@type\":\"Person\",\"@id\":\"https:\\\/\\\/preprod.olympic.ca\\\/olympique\\\/#\\\/schema\\\/person\\\/71d340cc825e058ae525fc2765f7c7ae\",\"name\":\"Mark Nadolny\",\"image\":{\"@type\":\"ImageObject\",\"inLanguage\":\"fr-FR\",\"@id\":\"https:\\\/\\\/secure.gravatar.com\\\/avatar\\\/fcfb5089af8db23b9347da3d181947b19f1cffb98b30f03fbe8f1973083d7e6b?s=96&d=identicon&r=g0693b2c18808f6337c03a29426292cc9\",\"url\":\"https:\\\/\\\/secure.gravatar.com\\\/avatar\\\/fcfb5089af8db23b9347da3d181947b19f1cffb98b30f03fbe8f1973083d7e6b?s=96&d=identicon&r=g\",\"contentUrl\":\"https:\\\/\\\/secure.gravatar.com\\\/avatar\\\/fcfb5089af8db23b9347da3d181947b19f1cffb98b30f03fbe8f1973083d7e6b?s=96&d=identicon&r=g\",\"caption\":\"Mark Nadolny\"},\"description\":\"Digital Media for the Canadian Olympic Team, I do that.\",\"url\":\"https:\\\/\\\/preprod.olympic.ca\\\/olympique\\\/author\\\/marknadonly\\\/\"}]}<\/script>\n<!-- \/ Yoast SEO plugin. -->","yoast_head_json":{"title":"Chaleureuses c\u00e9l\u00e9brations \u00e0 la Maison olympique du Canada - \u00c9quipe Canada | Site officiel de l&#039;\u00e9quipe olympique","robots":{"index":"index","follow":"follow","max-snippet":"max-snippet:-1","max-image-preview":"max-image-preview:large","max-video-preview":"max-video-preview:-1"},"canonical":"https:\/\/preprod.olympic.ca\/olympique\/2012\/08\/11\/chaleureuses-celebrations-a-la-maison-olympique-du-canada\/","og_locale":"fr_FR","og_type":"article","og_title":"Chaleureuses c\u00e9l\u00e9brations \u00e0 la Maison olympique du Canada - \u00c9quipe Canada | Site officiel de l&#039;\u00e9quipe olympique","og_description":"Tonya Verbeek et Carol Huynh sont des l\u00e9gendes de la lutte canadienne. \u00c0 elles deux, elles poss\u00e8dent cinq m\u00e9dailles olympiques....","og_url":"https:\/\/preprod.olympic.ca\/olympique\/2012\/08\/11\/chaleureuses-celebrations-a-la-maison-olympique-du-canada\/","og_site_name":"\u00c9quipe Canada | Site officiel de l&#039;\u00e9quipe olympique","article_published_time":"2012-08-11T19:30:07+00:00","og_image":[{"width":897,"height":712,"url":"https:\/\/preprod.olympic.ca\/olympique\/wp-content\/uploads\/sites\/2\/2012\/08\/huynh-verbeek-celebrate6.jpg?quality=100","type":"image\/jpeg"}],"author":"Mark Nadolny","twitter_card":"summary_large_image","twitter_misc":{"Written by":"Mark Nadolny","Est. reading time":"2 minutes"},"schema":{"@context":"https:\/\/schema.org","@graph":[{"@type":"Article","@id":"https:\/\/preprod.olympic.ca\/olympique\/2012\/08\/11\/chaleureuses-celebrations-a-la-maison-olympique-du-canada\/#article","isPartOf":{"@id":"https:\/\/preprod.olympic.ca\/olympique\/2012\/08\/11\/chaleureuses-celebrations-a-la-maison-olympique-du-canada\/"},"author":{"name":"Mark Nadolny","@id":"https:\/\/preprod.olympic.ca\/olympique\/#\/schema\/person\/71d340cc825e058ae525fc2765f7c7ae"},"headline":"Chaleureuses c\u00e9l\u00e9brations \u00e0 la Maison olympique du Canada","datePublished":"2012-08-11T19:30:07+00:00","mainEntityOfPage":{"@id":"https:\/\/preprod.olympic.ca\/olympique\/2012\/08\/11\/chaleureuses-celebrations-a-la-maison-olympique-du-canada\/"},"wordCount":369,"commentCount":0,"image":{"@id":"https:\/\/preprod.olympic.ca\/olympique\/2012\/08\/11\/chaleureuses-celebrations-a-la-maison-olympique-du-canada\/#primaryimage"},"thumbnailUrl":"https:\/\/preprod.olympic.ca\/olympique\/wp-content\/uploads\/sites\/2\/2012\/08\/huynh-verbeek-celebrate6.jpg?quality=100","articleSection":["Derni\u00e8res nouvelles"],"inLanguage":"fr-FR","potentialAction":[{"@type":"CommentAction","name":"Comment","target":["https:\/\/preprod.olympic.ca\/olympique\/2012\/08\/11\/chaleureuses-celebrations-a-la-maison-olympique-du-canada\/#respond"]}]},{"@type":"WebPage","@id":"https:\/\/preprod.olympic.ca\/olympique\/2012\/08\/11\/chaleureuses-celebrations-a-la-maison-olympique-du-canada\/","url":"https:\/\/preprod.olympic.ca\/olympique\/2012\/08\/11\/chaleureuses-celebrations-a-la-maison-olympique-du-canada\/","name":"Chaleureuses c\u00e9l\u00e9brations \u00e0 la Maison olympique du Canada - \u00c9quipe Canada | Site officiel de l&#039;\u00e9quipe olympique","isPartOf":{"@id":"https:\/\/preprod.olympic.ca\/olympique\/#website"},"primaryImageOfPage":{"@id":"https:\/\/preprod.olympic.ca\/olympique\/2012\/08\/11\/chaleureuses-celebrations-a-la-maison-olympique-du-canada\/#primaryimage"},"image":{"@id":"https:\/\/preprod.olympic.ca\/olympique\/2012\/08\/11\/chaleureuses-celebrations-a-la-maison-olympique-du-canada\/#primaryimage"},"thumbnailUrl":"https:\/\/preprod.olympic.ca\/olympique\/wp-content\/uploads\/sites\/2\/2012\/08\/huynh-verbeek-celebrate6.jpg?quality=100","datePublished":"2012-08-11T19:30:07+00:00","author":{"@id":"https:\/\/preprod.olympic.ca\/olympique\/#\/schema\/person\/71d340cc825e058ae525fc2765f7c7ae"},"inLanguage":"fr-FR","potentialAction":[{"@type":"ReadAction","target":["https:\/\/preprod.olympic.ca\/olympique\/2012\/08\/11\/chaleureuses-celebrations-a-la-maison-olympique-du-canada\/"]}]},{"@type":"ImageObject","inLanguage":"fr-FR","@id":"https:\/\/preprod.olympic.ca\/olympique\/2012\/08\/11\/chaleureuses-celebrations-a-la-maison-olympique-du-canada\/#primaryimage","url":"https:\/\/preprod.olympic.ca\/olympique\/wp-content\/uploads\/sites\/2\/2012\/08\/huynh-verbeek-celebrate6.jpg?quality=100","contentUrl":"https:\/\/preprod.olympic.ca\/olympique\/wp-content\/uploads\/sites\/2\/2012\/08\/huynh-verbeek-celebrate6.jpg?quality=100","width":897,"height":712},{"@type":"WebSite","@id":"https:\/\/preprod.olympic.ca\/olympique\/#website","url":"https:\/\/preprod.olympic.ca\/olympique\/","name":"\u00c9quipe Canada | Site officiel de l&#039;\u00e9quipe olympique","description":"Votre source pour l\u2019\u00c9quipe olympique canadienne. Retrouvez les r\u00e9cits, vid\u00e9os et photos des athl\u00e8tes canadiens, sports olympiques, Jeux olympiques de 2020 et bien plus!","potentialAction":[{"@type":"SearchAction","target":{"@type":"EntryPoint","urlTemplate":"https:\/\/preprod.olympic.ca\/olympique\/?s={search_term_string}"},"query-input":{"@type":"PropertyValueSpecification","valueRequired":true,"valueName":"search_term_string"}}],"inLanguage":"fr-FR"},{"@type":"Person","@id":"https:\/\/preprod.olympic.ca\/olympique\/#\/schema\/person\/71d340cc825e058ae525fc2765f7c7ae","name":"Mark Nadolny","image":{"@type":"ImageObject","inLanguage":"fr-FR","@id":"https:\/\/secure.gravatar.com\/avatar\/fcfb5089af8db23b9347da3d181947b19f1cffb98b30f03fbe8f1973083d7e6b?s=96&d=identicon&r=g0693b2c18808f6337c03a29426292cc9","url":"https:\/\/secure.gravatar.com\/avatar\/fcfb5089af8db23b9347da3d181947b19f1cffb98b30f03fbe8f1973083d7e6b?s=96&d=identicon&r=g","contentUrl":"https:\/\/secure.gravatar.com\/avatar\/fcfb5089af8db23b9347da3d181947b19f1cffb98b30f03fbe8f1973083d7e6b?s=96&d=identicon&r=g","caption":"Mark Nadolny"},"description":"Digital Media for the Canadian Olympic Team, I do that.","url":"https:\/\/preprod.olympic.ca\/olympique\/author\/marknadonly\/"}]}},"jetpack_featured_media_url":"https:\/\/preprod.olympic.ca\/olympique\/wp-content\/uploads\/sites\/2\/2012\/08\/huynh-verbeek-celebrate6.jpg?quality=100","featured_image_url":"https:\/\/preprod.olympic.ca\/olympique\/wp-content\/uploads\/sites\/2\/2012\/08\/huynh-verbeek-celebrate6.jpg?quality=100","author_name":["Mark Nadolny"],"category_names":["Derni\u00e8res nouvelles"],"tag_names":[],"video_embed_code":"","facebook_video_embed_code":"","jetpack_sharing_enabled":true,"jetpack-related-posts":[],"jetpack_shortlink":"https:\/\/wp.me\/pcGHcP-aLF","_links":{"self":[{"href":"https:\/\/preprod.olympic.ca\/olympique\/wp-json\/wp\/v2\/posts\/41395","targetHints":{"allow":["GET"]}}],"collection":[{"href":"https:\/\/preprod.olympic.ca\/olympique\/wp-json\/wp\/v2\/posts"}],"about":[{"href":"https:\/\/preprod.olympic.ca\/olympique\/wp-json\/wp\/v2\/types\/post"}],"author":[{"embeddable":true,"href":"https:\/\/preprod.olympic.ca\/olympique\/wp-json\/wp\/v2\/users\/52435436"}],"replies":[{"embeddable":true,"href":"https:\/\/preprod.olympic.ca\/olympique\/wp-json\/wp\/v2\/comments?post=41395"}],"version-history":[{"count":0,"href":"https:\/\/preprod.olympic.ca\/olympique\/wp-json\/wp\/v2\/posts\/41395\/revisions"}],"wp:featuredmedia":[{"embeddable":true,"href":"https:\/\/preprod.olympic.ca\/olympique\/wp-json\/wp\/v2\/media\/41393"}],"wp:attachment":[{"href":"https:\/\/preprod.olympic.ca\/olympique\/wp-json\/wp\/v2\/media?parent=41395"}],"wp:term":[{"taxonomy":"category","embeddable":true,"href":"https:\/\/preprod.olympic.ca\/olympique\/wp-json\/wp\/v2\/categories?post=41395"},{"taxonomy":"post_tag","embeddable":true,"href":"https:\/\/preprod.olympic.ca\/olympique\/wp-json\/wp\/v2\/tags?post=41395"},{"taxonomy":"post_format","embeddable":true,"href":"https:\/\/preprod.olympic.ca\/olympique\/wp-json\/wp\/v2\/post_format?post=41395"},{"taxonomy":"sport","embeddable":true,"href":"https:\/\/preprod.olympic.ca\/olympique\/wp-json\/wp\/v2\/sport?post=41395"},{"taxonomy":"game","embeddable":true,"href":"https:\/\/preprod.olympic.ca\/olympique\/wp-json\/wp\/v2\/game?post=41395"},{"taxonomy":"author","embeddable":true,"href":"https:\/\/preprod.olympic.ca\/olympique\/wp-json\/wp\/v2\/coauthors?post=41395"}],"curies":[{"name":"wp","href":"https:\/\/api.w.org\/{rel}","templated":true}]}}