{"id":41671,"date":"2012-08-12T21:24:02","date_gmt":"2012-08-13T01:24:02","guid":{"rendered":"http:\/\/preprod.olympic.ca\/?p=41671"},"modified":"2012-08-12T21:24:02","modified_gmt":"2012-08-13T01:24:02","slug":"la-journee-en-photos-18","status":"publish","type":"post","link":"https:\/\/preprod.olympic.ca\/olympique\/2012\/08\/12\/la-journee-en-photos-18\/","title":{"rendered":"La journ\u00e9e en photos"},"content":{"rendered":"<p>Images quotidiennes mettant en lumi\u00e8re l\u2019\u00c9quipe olympique canadienne en action aux Jeux olympiques de 2012 \u00e0 Londres.<\/p>\n<div class=\"tiled-gallery type-rectangular tiled-gallery-unresized\" data-original-width=\"1360\" data-carousel-extra='null' itemscope itemtype=\"http:\/\/schema.org\/ImageGallery\" > <div class=\"gallery-row\" style=\"width: 1360px; height: 1072px;\" data-original-width=\"1360\" data-original-height=\"1072\" > <div class=\"gallery-group images-3\" style=\"width: 524px; height: 1072px;\" data-original-width=\"524\" data-original-height=\"1072\" > <div class=\"tiled-gallery-item tiled-gallery-item-large\" itemprop=\"associatedMedia\" itemscope itemtype=\"http:\/\/schema.org\/ImageObject\"> <a href=\"https:\/\/preprod.olympic.ca\/olympique\/wp-content\/uploads\/sites\/2\/2012\/08\/village316.jpg?quality=100&#038;strip\" border=\"0\" itemprop=\"url\"> <meta itemprop=\"width\" content=\"520\"> <meta itemprop=\"height\" content=\"347\"> <img decoding=\"async\" data-recalc-dims=\"1\" class=\"\" data-attachment-id=\"41697\" data-orig-file=\"https:\/\/preprod.olympic.ca\/olympique\/wp-content\/uploads\/sites\/2\/2012\/08\/village316.jpg?quality=100\" data-orig-size=\"1200,800\" data-comments-opened=\"1\" data-image-meta=\"{&quot;aperture&quot;:&quot;5&quot;,&quot;credit&quot;:&quot;Jackie Skender&quot;,&quot;camera&quot;:&quot;Canon EOS-1D Mark IV&quot;,&quot;caption&quot;:&quot;The Canadian team gets ready for the closing ceremony in the Olympic Village at the 2012 London Olympics, Sunday, Aug. 12, 2012. THE CANADIAN PRESS\\\/HO, COC - Jackie Skender&quot;,&quot;created_timestamp&quot;:&quot;1344775966&quot;,&quot;copyright&quot;:&quot;&quot;,&quot;focal_length&quot;:&quot;50&quot;,&quot;iso&quot;:&quot;400&quot;,&quot;shutter_speed&quot;:&quot;0.016666666666667&quot;,&quot;title&quot;:&quot;OLY COC London 2012&quot;}\" data-image-title=\"OLY COC London 2012\" data-image-description=\"&lt;p&gt;Photo du COC par Jackie Skender&lt;\/p&gt; \" data-medium-file=\"https:\/\/preprod.olympic.ca\/olympique\/wp-content\/uploads\/sites\/2\/2012\/08\/village316.jpg?quality=100&#038;w=557\" data-large-file=\"https:\/\/preprod.olympic.ca\/olympique\/wp-content\/uploads\/sites\/2\/2012\/08\/village316.jpg?quality=100&#038;w=1131\" src=\"https:\/\/preprod.olympic.ca\/olympique\/wp-content\/uploads\/sites\/2\/2012\/08\/village316.jpg?quality=100&#038;w=520&#038;h=347&#038;strip&#038;resize=520%2C347\" srcset=\"https:\/\/preprod.olympic.ca\/olympique\/wp-content\/uploads\/sites\/2\/2012\/08\/village316.jpg 1200w, https:\/\/preprod.olympic.ca\/olympique\/wp-content\/uploads\/sites\/2\/2012\/08\/village316.jpg?resize=237,158 237w, https:\/\/preprod.olympic.ca\/olympique\/wp-content\/uploads\/sites\/2\/2012\/08\/village316.jpg?resize=557,371 557w, https:\/\/preprod.olympic.ca\/olympique\/wp-content\/uploads\/sites\/2\/2012\/08\/village316.jpg?resize=768,512 768w, https:\/\/preprod.olympic.ca\/olympique\/wp-content\/uploads\/sites\/2\/2012\/08\/village316.jpg?resize=1131,754 1131w\" width=\"520\" height=\"347\" loading=\"lazy\" data-original-width=\"520\" data-original-height=\"347\" itemprop=\"http:\/\/schema.org\/image\" title=\"OLY COC London 2012\" alt=\"Photo du COC par Jackie Skender\" style=\"width: 520px; height: 347px;\" \/> <\/a> <div class=\"tiled-gallery-caption\" itemprop=\"caption description\"> Photo du COC par Jackie Skender <\/div> <\/div> <div class=\"tiled-gallery-item tiled-gallery-item-large\" itemprop=\"associatedMedia\" itemscope itemtype=\"http:\/\/schema.org\/ImageObject\"> <a href=\"https:\/\/preprod.olympic.ca\/olympique\/wp-content\/uploads\/sites\/2\/2012\/08\/village216.jpg?quality=100&#038;strip\" border=\"0\" itemprop=\"url\"> <meta itemprop=\"width\" content=\"520\"> <meta itemprop=\"height\" content=\"347\"> <img decoding=\"async\" data-recalc-dims=\"1\" class=\"\" data-attachment-id=\"41696\" data-orig-file=\"https:\/\/preprod.olympic.ca\/olympique\/wp-content\/uploads\/sites\/2\/2012\/08\/village216.jpg?quality=100\" data-orig-size=\"1200,800\" data-comments-opened=\"1\" data-image-meta=\"{&quot;aperture&quot;:&quot;5&quot;,&quot;credit&quot;:&quot;Jackie Skender&quot;,&quot;camera&quot;:&quot;Canon EOS-1D Mark IV&quot;,&quot;caption&quot;:&quot;The Canadian team gets ready for the closing ceremony in the Olympic Village at the 2012 London Olympics, Sunday, Aug. 12, 2012. THE CANADIAN PRESS\\\/HO, COC - Jackie Skender&quot;,&quot;created_timestamp&quot;:&quot;1344776075&quot;,&quot;copyright&quot;:&quot;&quot;,&quot;focal_length&quot;:&quot;50&quot;,&quot;iso&quot;:&quot;400&quot;,&quot;shutter_speed&quot;:&quot;0.016666666666667&quot;,&quot;title&quot;:&quot;OLY COC London 2012&quot;}\" data-image-title=\"OLY COC London 2012\" data-image-description=\"&lt;p&gt;Photo du COC par Jackie Skender&lt;\/p&gt; \" data-medium-file=\"https:\/\/preprod.olympic.ca\/olympique\/wp-content\/uploads\/sites\/2\/2012\/08\/village216.jpg?quality=100&#038;w=557\" data-large-file=\"https:\/\/preprod.olympic.ca\/olympique\/wp-content\/uploads\/sites\/2\/2012\/08\/village216.jpg?quality=100&#038;w=1131\" src=\"https:\/\/preprod.olympic.ca\/olympique\/wp-content\/uploads\/sites\/2\/2012\/08\/village216.jpg?quality=100&#038;w=520&#038;h=347&#038;strip&#038;resize=520%2C347\" srcset=\"https:\/\/preprod.olympic.ca\/olympique\/wp-content\/uploads\/sites\/2\/2012\/08\/village216.jpg 1200w, https:\/\/preprod.olympic.ca\/olympique\/wp-content\/uploads\/sites\/2\/2012\/08\/village216.jpg?resize=237,158 237w, https:\/\/preprod.olympic.ca\/olympique\/wp-content\/uploads\/sites\/2\/2012\/08\/village216.jpg?resize=557,371 557w, https:\/\/preprod.olympic.ca\/olympique\/wp-content\/uploads\/sites\/2\/2012\/08\/village216.jpg?resize=768,512 768w, https:\/\/preprod.olympic.ca\/olympique\/wp-content\/uploads\/sites\/2\/2012\/08\/village216.jpg?resize=1131,754 1131w\" width=\"520\" height=\"347\" loading=\"lazy\" data-original-width=\"520\" data-original-height=\"347\" itemprop=\"http:\/\/schema.org\/image\" title=\"OLY COC London 2012\" alt=\"Photo du COC par Jackie Skender\" style=\"width: 520px; height: 347px;\" \/> <\/a> <div class=\"tiled-gallery-caption\" itemprop=\"caption description\"> Photo du COC par Jackie Skender <\/div> <\/div> <div class=\"tiled-gallery-item tiled-gallery-item-large\" itemprop=\"associatedMedia\" itemscope itemtype=\"http:\/\/schema.org\/ImageObject\"> <a href=\"https:\/\/preprod.olympic.ca\/olympique\/wp-content\/uploads\/sites\/2\/2012\/08\/village116.jpg?quality=100&#038;strip\" border=\"0\" itemprop=\"url\"> <meta itemprop=\"width\" content=\"520\"> <meta itemprop=\"height\" content=\"366\"> <img decoding=\"async\" data-recalc-dims=\"1\" class=\"\" data-attachment-id=\"41695\" data-orig-file=\"https:\/\/preprod.olympic.ca\/olympique\/wp-content\/uploads\/sites\/2\/2012\/08\/village116.jpg?quality=100\" data-orig-size=\"1384,974\" data-comments-opened=\"1\" data-image-meta=\"{&quot;aperture&quot;:&quot;4&quot;,&quot;credit&quot;:&quot;Jackie Skender&quot;,&quot;camera&quot;:&quot;Canon EOS-1D Mark IV&quot;,&quot;caption&quot;:&quot;The Canadian team gets ready for the closing ceremony in the Olympic Village at the 2012 London Olympics, Sunday, Aug. 12, 2012. THE CANADIAN PRESS\\\/HO, COC - Jackie Skender&quot;,&quot;created_timestamp&quot;:&quot;1344776183&quot;,&quot;copyright&quot;:&quot;&quot;,&quot;focal_length&quot;:&quot;73&quot;,&quot;iso&quot;:&quot;400&quot;,&quot;shutter_speed&quot;:&quot;0.016666666666667&quot;,&quot;title&quot;:&quot;OLY COC London 2012&quot;}\" data-image-title=\"OLY COC London 2012\" data-image-description=\"&lt;p&gt;Photo du COC par Jackie Skender&lt;\/p&gt; \" data-medium-file=\"https:\/\/preprod.olympic.ca\/olympique\/wp-content\/uploads\/sites\/2\/2012\/08\/village116.jpg?quality=100&#038;w=527\" data-large-file=\"https:\/\/preprod.olympic.ca\/olympique\/wp-content\/uploads\/sites\/2\/2012\/08\/village116.jpg?quality=100&#038;w=1071\" src=\"https:\/\/preprod.olympic.ca\/olympique\/wp-content\/uploads\/sites\/2\/2012\/08\/village116.jpg?quality=100&#038;w=520&#038;h=366&#038;strip&#038;resize=520%2C366\" srcset=\"https:\/\/preprod.olympic.ca\/olympique\/wp-content\/uploads\/sites\/2\/2012\/08\/village116.jpg 1384w, https:\/\/preprod.olympic.ca\/olympique\/wp-content\/uploads\/sites\/2\/2012\/08\/village116.jpg?resize=225,158 225w, https:\/\/preprod.olympic.ca\/olympique\/wp-content\/uploads\/sites\/2\/2012\/08\/village116.jpg?resize=527,371 527w, https:\/\/preprod.olympic.ca\/olympique\/wp-content\/uploads\/sites\/2\/2012\/08\/village116.jpg?resize=768,540 768w, https:\/\/preprod.olympic.ca\/olympique\/wp-content\/uploads\/sites\/2\/2012\/08\/village116.jpg?resize=1071,754 1071w\" width=\"520\" height=\"366\" loading=\"lazy\" data-original-width=\"520\" data-original-height=\"366\" itemprop=\"http:\/\/schema.org\/image\" title=\"OLY COC London 2012\" alt=\"Photo du COC par Jackie Skender\" style=\"width: 520px; height: 366px;\" \/> <\/a> <div class=\"tiled-gallery-caption\" itemprop=\"caption description\"> Photo du COC par Jackie Skender <\/div> <\/div> <\/div> <!-- close group --> <div class=\"gallery-group images-1\" style=\"width: 836px; height: 1072px;\" data-original-width=\"836\" data-original-height=\"1072\" > <div class=\"tiled-gallery-item tiled-gallery-item-large\" itemprop=\"associatedMedia\" itemscope itemtype=\"http:\/\/schema.org\/ImageObject\"> <a href=\"https:\/\/preprod.olympic.ca\/olympique\/wp-content\/uploads\/sites\/2\/2012\/08\/mr07r16.jpg?quality=100&#038;strip\" border=\"0\" itemprop=\"url\"> <meta itemprop=\"width\" content=\"832\"> <meta itemprop=\"height\" content=\"1068\"> <img decoding=\"async\" data-recalc-dims=\"1\" class=\"\" data-attachment-id=\"41694\" data-orig-file=\"https:\/\/preprod.olympic.ca\/olympique\/wp-content\/uploads\/sites\/2\/2012\/08\/mr07r16.jpg?quality=100\" data-orig-size=\"588,755\" data-comments-opened=\"1\" data-image-meta=\"{&quot;aperture&quot;:&quot;6.3&quot;,&quot;credit&quot;:&quot;Mike Ridewood&quot;,&quot;camera&quot;:&quot;Canon EOS-1D Mark III&quot;,&quot;caption&quot;:&quot;at the Canadian Olympic Committee closing press conference for the 2012 London Olympics, Sunday, Aug. 12, 2012. THE CANADIAN PRESS\\\/HO, COC - Mike Ridewood&quot;,&quot;created_timestamp&quot;:&quot;1344752419&quot;,&quot;copyright&quot;:&quot;&quot;,&quot;focal_length&quot;:&quot;100&quot;,&quot;iso&quot;:&quot;1600&quot;,&quot;shutter_speed&quot;:&quot;0.004&quot;,&quot;title&quot;:&quot;OLY COC London 2012&quot;}\" data-image-title=\"OLY COC London 2012\" data-image-description=\"&lt;p&gt;Photo du COC par Mike Ridewood&lt;\/p&gt; \" data-medium-file=\"https:\/\/preprod.olympic.ca\/olympique\/wp-content\/uploads\/sites\/2\/2012\/08\/mr07r16.jpg?quality=100&#038;w=289\" data-large-file=\"https:\/\/preprod.olympic.ca\/olympique\/wp-content\/uploads\/sites\/2\/2012\/08\/mr07r16.jpg?quality=100&#038;w=587\" src=\"https:\/\/preprod.olympic.ca\/olympique\/wp-content\/uploads\/sites\/2\/2012\/08\/mr07r16.jpg?quality=100&#038;w=832&#038;h=1068&#038;strip&#038;resize=832%2C1068\" srcset=\"https:\/\/preprod.olympic.ca\/olympique\/wp-content\/uploads\/sites\/2\/2012\/08\/mr07r16.jpg 588w, https:\/\/preprod.olympic.ca\/olympique\/wp-content\/uploads\/sites\/2\/2012\/08\/mr07r16.jpg?resize=123,158 123w, https:\/\/preprod.olympic.ca\/olympique\/wp-content\/uploads\/sites\/2\/2012\/08\/mr07r16.jpg?resize=289,371 289w\" width=\"832\" height=\"1068\" loading=\"lazy\" data-original-width=\"832\" data-original-height=\"1068\" itemprop=\"http:\/\/schema.org\/image\" title=\"OLY COC London 2012\" alt=\"Photo du COC par Mike Ridewood\" style=\"width: 832px; height: 1068px;\" \/> <\/a> <div class=\"tiled-gallery-caption\" itemprop=\"caption description\"> Photo du COC par Mike Ridewood <\/div> <\/div> <\/div> <!-- close group --> <\/div> <!-- close row --> <div class=\"gallery-row\" style=\"width: 1360px; height: 1150px;\" data-original-width=\"1360\" data-original-height=\"1150\" > <div class=\"gallery-group images-1\" style=\"width: 799px; height: 1150px;\" data-original-width=\"799\" data-original-height=\"1150\" > <div class=\"tiled-gallery-item tiled-gallery-item-large\" itemprop=\"associatedMedia\" itemscope itemtype=\"http:\/\/schema.org\/ImageObject\"> <a href=\"https:\/\/preprod.olympic.ca\/olympique\/wp-content\/uploads\/sites\/2\/2012\/08\/mr06r16.jpg?quality=100&#038;strip\" border=\"0\" itemprop=\"url\"> <meta itemprop=\"width\" content=\"795\"> <meta itemprop=\"height\" content=\"1146\"> <img decoding=\"async\" data-recalc-dims=\"1\" class=\"\" data-attachment-id=\"41693\" data-orig-file=\"https:\/\/preprod.olympic.ca\/olympique\/wp-content\/uploads\/sites\/2\/2012\/08\/mr06r16.jpg?quality=100\" data-orig-size=\"656,945\" data-comments-opened=\"1\" data-image-meta=\"{&quot;aperture&quot;:&quot;5.6&quot;,&quot;credit&quot;:&quot;Mike Ridewood&quot;,&quot;camera&quot;:&quot;Canon EOS-1D Mark IV&quot;,&quot;caption&quot;:&quot;at the Canadian Olympic Committee closing press conference for the 2012 London Olympics, Sunday, Aug. 12, 2012. THE CANADIAN PRESS\\\/HO, COC - Mike Ridewood&quot;,&quot;created_timestamp&quot;:&quot;1344749851&quot;,&quot;copyright&quot;:&quot;&quot;,&quot;focal_length&quot;:&quot;67&quot;,&quot;iso&quot;:&quot;1600&quot;,&quot;shutter_speed&quot;:&quot;0.004&quot;,&quot;title&quot;:&quot;OLY COC London 2012&quot;}\" data-image-title=\"OLY COC London 2012\" data-image-description=\"&lt;p&gt;Photo du COC par Mike Ridewood&lt;\/p&gt; \" data-medium-file=\"https:\/\/preprod.olympic.ca\/olympique\/wp-content\/uploads\/sites\/2\/2012\/08\/mr06r16.jpg?quality=100&#038;w=258\" data-large-file=\"https:\/\/preprod.olympic.ca\/olympique\/wp-content\/uploads\/sites\/2\/2012\/08\/mr06r16.jpg?quality=100&#038;w=523\" src=\"https:\/\/preprod.olympic.ca\/olympique\/wp-content\/uploads\/sites\/2\/2012\/08\/mr06r16.jpg?quality=100&#038;w=795&#038;h=1146&#038;strip&#038;resize=795%2C1146\" srcset=\"https:\/\/preprod.olympic.ca\/olympique\/wp-content\/uploads\/sites\/2\/2012\/08\/mr06r16.jpg 656w, https:\/\/preprod.olympic.ca\/olympique\/wp-content\/uploads\/sites\/2\/2012\/08\/mr06r16.jpg?resize=110,158 110w, https:\/\/preprod.olympic.ca\/olympique\/wp-content\/uploads\/sites\/2\/2012\/08\/mr06r16.jpg?resize=258,371 258w, https:\/\/preprod.olympic.ca\/olympique\/wp-content\/uploads\/sites\/2\/2012\/08\/mr06r16.jpg?resize=523,754 523w\" width=\"795\" height=\"1146\" loading=\"lazy\" data-original-width=\"795\" data-original-height=\"1146\" itemprop=\"http:\/\/schema.org\/image\" title=\"OLY COC London 2012\" alt=\"Photo du COC par Mike Ridewood\" style=\"width: 795px; height: 1146px;\" \/> <\/a> <div class=\"tiled-gallery-caption\" itemprop=\"caption description\"> Photo du COC par Mike Ridewood <\/div> <\/div> <\/div> <!-- close group --> <div class=\"gallery-group images-3\" style=\"width: 561px; height: 1150px;\" data-original-width=\"561\" data-original-height=\"1150\" > <div class=\"tiled-gallery-item tiled-gallery-item-large\" itemprop=\"associatedMedia\" itemscope itemtype=\"http:\/\/schema.org\/ImageObject\"> <a href=\"https:\/\/preprod.olympic.ca\/olympique\/wp-content\/uploads\/sites\/2\/2012\/08\/mr05r16.jpg?quality=100&#038;strip\" border=\"0\" itemprop=\"url\"> <meta itemprop=\"width\" content=\"557\"> <meta itemprop=\"height\" content=\"366\"> <img decoding=\"async\" data-recalc-dims=\"1\" class=\"\" data-attachment-id=\"41692\" data-orig-file=\"https:\/\/preprod.olympic.ca\/olympique\/wp-content\/uploads\/sites\/2\/2012\/08\/mr05r16.jpg?quality=100\" data-orig-size=\"947,622\" data-comments-opened=\"1\" data-image-meta=\"{&quot;aperture&quot;:&quot;5.6&quot;,&quot;credit&quot;:&quot;Mike Ridewood&quot;,&quot;camera&quot;:&quot;Canon EOS-1D Mark IV&quot;,&quot;caption&quot;:&quot;at the Canadian Olympic Committee closing press conference for the 2012 London Olympics, Sunday, Aug. 12, 2012. THE CANADIAN PRESS\\\/HO, COC - Mike Ridewood&quot;,&quot;created_timestamp&quot;:&quot;1344751491&quot;,&quot;copyright&quot;:&quot;&quot;,&quot;focal_length&quot;:&quot;28&quot;,&quot;iso&quot;:&quot;1600&quot;,&quot;shutter_speed&quot;:&quot;0.003125&quot;,&quot;title&quot;:&quot;OLY COC London 2012&quot;}\" data-image-title=\"OLY COC London 2012\" data-image-description=\"&lt;p&gt;Photo du COC par Mike Ridewood&lt;\/p&gt; \" data-medium-file=\"https:\/\/preprod.olympic.ca\/olympique\/wp-content\/uploads\/sites\/2\/2012\/08\/mr05r16.jpg?quality=100&#038;w=565\" data-large-file=\"https:\/\/preprod.olympic.ca\/olympique\/wp-content\/uploads\/sites\/2\/2012\/08\/mr05r16.jpg?quality=100&#038;w=947\" src=\"https:\/\/preprod.olympic.ca\/olympique\/wp-content\/uploads\/sites\/2\/2012\/08\/mr05r16.jpg?quality=100&#038;w=557&#038;h=366&#038;strip&#038;resize=557%2C366\" srcset=\"https:\/\/preprod.olympic.ca\/olympique\/wp-content\/uploads\/sites\/2\/2012\/08\/mr05r16.jpg 947w, https:\/\/preprod.olympic.ca\/olympique\/wp-content\/uploads\/sites\/2\/2012\/08\/mr05r16.jpg?resize=241,158 241w, https:\/\/preprod.olympic.ca\/olympique\/wp-content\/uploads\/sites\/2\/2012\/08\/mr05r16.jpg?resize=565,371 565w, https:\/\/preprod.olympic.ca\/olympique\/wp-content\/uploads\/sites\/2\/2012\/08\/mr05r16.jpg?resize=768,504 768w\" width=\"557\" height=\"366\" loading=\"lazy\" data-original-width=\"557\" data-original-height=\"366\" itemprop=\"http:\/\/schema.org\/image\" title=\"OLY COC London 2012\" alt=\"Photo du COC par Mike Ridewood\" style=\"width: 557px; height: 366px;\" \/> <\/a> <div class=\"tiled-gallery-caption\" itemprop=\"caption description\"> Photo du COC par Mike Ridewood <\/div> <\/div> <div class=\"tiled-gallery-item tiled-gallery-item-large\" itemprop=\"associatedMedia\" itemscope itemtype=\"http:\/\/schema.org\/ImageObject\"> <a href=\"https:\/\/preprod.olympic.ca\/olympique\/wp-content\/uploads\/sites\/2\/2012\/08\/mr04r16.jpg?quality=100&#038;strip\" border=\"0\" itemprop=\"url\"> <meta itemprop=\"width\" content=\"557\"> <meta itemprop=\"height\" content=\"368\"> <img decoding=\"async\" data-recalc-dims=\"1\" class=\"\" data-attachment-id=\"41691\" data-orig-file=\"https:\/\/preprod.olympic.ca\/olympique\/wp-content\/uploads\/sites\/2\/2012\/08\/mr04r16.jpg?quality=100\" data-orig-size=\"820,542\" data-comments-opened=\"1\" data-image-meta=\"{&quot;aperture&quot;:&quot;4&quot;,&quot;credit&quot;:&quot;Mike Ridewood&quot;,&quot;camera&quot;:&quot;Canon EOS-1D Mark III&quot;,&quot;caption&quot;:&quot;at the Canadian Olympic Committee closing press conference for the 2012 London Olympics, Sunday, Aug. 12, 2012. THE CANADIAN PRESS\\\/HO, COC - Mike Ridewood&quot;,&quot;created_timestamp&quot;:&quot;1344753386&quot;,&quot;copyright&quot;:&quot;&quot;,&quot;focal_length&quot;:&quot;200&quot;,&quot;iso&quot;:&quot;1600&quot;,&quot;shutter_speed&quot;:&quot;0.0025&quot;,&quot;title&quot;:&quot;OLY COC London 2012&quot;}\" data-image-title=\"OLY COC London 2012\" data-image-description=\"&lt;p&gt;Photo du COC par Mike Ridewood&lt;\/p&gt; \" data-medium-file=\"https:\/\/preprod.olympic.ca\/olympique\/wp-content\/uploads\/sites\/2\/2012\/08\/mr04r16.jpg?quality=100&#038;w=561\" data-large-file=\"https:\/\/preprod.olympic.ca\/olympique\/wp-content\/uploads\/sites\/2\/2012\/08\/mr04r16.jpg?quality=100&#038;w=820\" src=\"https:\/\/preprod.olympic.ca\/olympique\/wp-content\/uploads\/sites\/2\/2012\/08\/mr04r16.jpg?quality=100&#038;w=557&#038;h=368&#038;strip&#038;resize=557%2C368\" srcset=\"https:\/\/preprod.olympic.ca\/olympique\/wp-content\/uploads\/sites\/2\/2012\/08\/mr04r16.jpg 820w, https:\/\/preprod.olympic.ca\/olympique\/wp-content\/uploads\/sites\/2\/2012\/08\/mr04r16.jpg?resize=239,158 239w, https:\/\/preprod.olympic.ca\/olympique\/wp-content\/uploads\/sites\/2\/2012\/08\/mr04r16.jpg?resize=561,371 561w, https:\/\/preprod.olympic.ca\/olympique\/wp-content\/uploads\/sites\/2\/2012\/08\/mr04r16.jpg?resize=768,508 768w\" width=\"557\" height=\"368\" loading=\"lazy\" data-original-width=\"557\" data-original-height=\"368\" itemprop=\"http:\/\/schema.org\/image\" title=\"OLY COC London 2012\" alt=\"Photo du COC par Mike Ridewood\" style=\"width: 557px; height: 368px;\" \/> <\/a> <div class=\"tiled-gallery-caption\" itemprop=\"caption description\"> Photo du COC par Mike Ridewood <\/div> <\/div> <div class=\"tiled-gallery-item tiled-gallery-item-large\" itemprop=\"associatedMedia\" itemscope itemtype=\"http:\/\/schema.org\/ImageObject\"> <a href=\"https:\/\/preprod.olympic.ca\/olympique\/wp-content\/uploads\/sites\/2\/2012\/08\/mr03r16.jpg?quality=100&#038;strip\" border=\"0\" itemprop=\"url\"> <meta itemprop=\"width\" content=\"557\"> <meta itemprop=\"height\" content=\"404\"> <img decoding=\"async\" data-recalc-dims=\"1\" class=\"\" data-attachment-id=\"41690\" data-orig-file=\"https:\/\/preprod.olympic.ca\/olympique\/wp-content\/uploads\/sites\/2\/2012\/08\/mr03r16.jpg?quality=100\" data-orig-size=\"823,598\" data-comments-opened=\"1\" data-image-meta=\"{&quot;aperture&quot;:&quot;5.6&quot;,&quot;credit&quot;:&quot;Mike Ridewood&quot;,&quot;camera&quot;:&quot;Canon EOS-1D Mark IV&quot;,&quot;caption&quot;:&quot;at the Canadian Olympic Committee closing press conference for the 2012 London Olympics, Sunday, Aug. 12, 2012. THE CANADIAN PRESS\\\/HO, COC - Mike Ridewood&quot;,&quot;created_timestamp&quot;:&quot;1344749036&quot;,&quot;copyright&quot;:&quot;&quot;,&quot;focal_length&quot;:&quot;75&quot;,&quot;iso&quot;:&quot;1600&quot;,&quot;shutter_speed&quot;:&quot;0.004&quot;,&quot;title&quot;:&quot;OLY COC London 2012&quot;}\" data-image-title=\"OLY COC London 2012\" data-image-description=\"&lt;p&gt;Photo du COC par Mike Ridewood&lt;\/p&gt; \" data-medium-file=\"https:\/\/preprod.olympic.ca\/olympique\/wp-content\/uploads\/sites\/2\/2012\/08\/mr03r16.jpg?quality=100&#038;w=511\" data-large-file=\"https:\/\/preprod.olympic.ca\/olympique\/wp-content\/uploads\/sites\/2\/2012\/08\/mr03r16.jpg?quality=100&#038;w=823\" src=\"https:\/\/preprod.olympic.ca\/olympique\/wp-content\/uploads\/sites\/2\/2012\/08\/mr03r16.jpg?quality=100&#038;w=557&#038;h=404&#038;strip&#038;resize=557%2C404\" srcset=\"https:\/\/preprod.olympic.ca\/olympique\/wp-content\/uploads\/sites\/2\/2012\/08\/mr03r16.jpg 823w, https:\/\/preprod.olympic.ca\/olympique\/wp-content\/uploads\/sites\/2\/2012\/08\/mr03r16.jpg?resize=217,158 217w, https:\/\/preprod.olympic.ca\/olympique\/wp-content\/uploads\/sites\/2\/2012\/08\/mr03r16.jpg?resize=511,371 511w, https:\/\/preprod.olympic.ca\/olympique\/wp-content\/uploads\/sites\/2\/2012\/08\/mr03r16.jpg?resize=768,558 768w\" width=\"557\" height=\"404\" loading=\"lazy\" data-original-width=\"557\" data-original-height=\"404\" itemprop=\"http:\/\/schema.org\/image\" title=\"OLY COC London 2012\" alt=\"Photo du COC par Mike Ridewood\" style=\"width: 557px; height: 404px;\" \/> <\/a> <div class=\"tiled-gallery-caption\" itemprop=\"caption description\"> Photo du COC par Mike Ridewood <\/div> <\/div> <\/div> <!-- close group --> <\/div> <!-- close row --> <div class=\"gallery-row\" style=\"width: 1360px; height: 846px;\" data-original-width=\"1360\" data-original-height=\"846\" > <div class=\"gallery-group images-1\" style=\"width: 713px; height: 846px;\" data-original-width=\"713\" data-original-height=\"846\" > <div class=\"tiled-gallery-item tiled-gallery-item-large\" itemprop=\"associatedMedia\" itemscope itemtype=\"http:\/\/schema.org\/ImageObject\"> <a href=\"https:\/\/preprod.olympic.ca\/olympique\/wp-content\/uploads\/sites\/2\/2012\/08\/mr02r16.jpg?quality=100&#038;strip\" border=\"0\" itemprop=\"url\"> <meta itemprop=\"width\" content=\"709\"> <meta itemprop=\"height\" content=\"842\"> <img decoding=\"async\" data-recalc-dims=\"1\" class=\"\" data-attachment-id=\"41689\" data-orig-file=\"https:\/\/preprod.olympic.ca\/olympique\/wp-content\/uploads\/sites\/2\/2012\/08\/mr02r16.jpg?quality=100\" data-orig-size=\"648,769\" data-comments-opened=\"1\" data-image-meta=\"{&quot;aperture&quot;:&quot;5.6&quot;,&quot;credit&quot;:&quot;Mike Ridewood&quot;,&quot;camera&quot;:&quot;Canon EOS-1D Mark IV&quot;,&quot;caption&quot;:&quot;at the Canadian Olympic Committee closing press conference for the 2012 London Olympics, Sunday, Aug. 12, 2012. THE CANADIAN PRESS\\\/HO, COC - Mike Ridewood&quot;,&quot;created_timestamp&quot;:&quot;1344751652&quot;,&quot;copyright&quot;:&quot;&quot;,&quot;focal_length&quot;:&quot;24&quot;,&quot;iso&quot;:&quot;1600&quot;,&quot;shutter_speed&quot;:&quot;0.003125&quot;,&quot;title&quot;:&quot;OLY COC London 2012&quot;}\" data-image-title=\"OLY COC London 2012\" data-image-description=\"&lt;p&gt;Photo du COC par Jackie Skender&lt;\/p&gt; \" data-medium-file=\"https:\/\/preprod.olympic.ca\/olympique\/wp-content\/uploads\/sites\/2\/2012\/08\/mr02r16.jpg?quality=100&#038;w=313\" data-large-file=\"https:\/\/preprod.olympic.ca\/olympique\/wp-content\/uploads\/sites\/2\/2012\/08\/mr02r16.jpg?quality=100&#038;w=635\" src=\"https:\/\/preprod.olympic.ca\/olympique\/wp-content\/uploads\/sites\/2\/2012\/08\/mr02r16.jpg?quality=100&#038;w=709&#038;h=842&#038;strip&#038;resize=709%2C842\" srcset=\"https:\/\/preprod.olympic.ca\/olympique\/wp-content\/uploads\/sites\/2\/2012\/08\/mr02r16.jpg 648w, https:\/\/preprod.olympic.ca\/olympique\/wp-content\/uploads\/sites\/2\/2012\/08\/mr02r16.jpg?resize=133,158 133w, https:\/\/preprod.olympic.ca\/olympique\/wp-content\/uploads\/sites\/2\/2012\/08\/mr02r16.jpg?resize=313,371 313w, https:\/\/preprod.olympic.ca\/olympique\/wp-content\/uploads\/sites\/2\/2012\/08\/mr02r16.jpg?resize=635,754 635w\" width=\"709\" height=\"842\" loading=\"lazy\" data-original-width=\"709\" data-original-height=\"842\" itemprop=\"http:\/\/schema.org\/image\" title=\"OLY COC London 2012\" alt=\"Photo du COC par Jackie Skender\" style=\"width: 709px; height: 842px;\" \/> <\/a> <div class=\"tiled-gallery-caption\" itemprop=\"caption description\"> Photo du COC par Jackie Skender <\/div> <\/div> <\/div> <!-- close group --> <div class=\"gallery-group images-2\" style=\"width: 647px; height: 846px;\" data-original-width=\"647\" data-original-height=\"846\" > <div class=\"tiled-gallery-item tiled-gallery-item-large\" itemprop=\"associatedMedia\" itemscope itemtype=\"http:\/\/schema.org\/ImageObject\"> <a href=\"https:\/\/preprod.olympic.ca\/olympique\/wp-content\/uploads\/sites\/2\/2012\/08\/mr01r26.jpg?quality=100&#038;strip\" border=\"0\" itemprop=\"url\"> <meta itemprop=\"width\" content=\"643\"> <meta itemprop=\"height\" content=\"410\"> <img decoding=\"async\" data-recalc-dims=\"1\" class=\"\" data-attachment-id=\"41688\" data-orig-file=\"https:\/\/preprod.olympic.ca\/olympique\/wp-content\/uploads\/sites\/2\/2012\/08\/mr01r26.jpg?quality=100\" data-orig-size=\"1071,683\" data-comments-opened=\"1\" data-image-meta=\"{&quot;aperture&quot;:&quot;5.6&quot;,&quot;credit&quot;:&quot;Mike Ridewood&quot;,&quot;camera&quot;:&quot;Canon EOS-1D Mark IV&quot;,&quot;caption&quot;:&quot;at the Canadian Olympic Committee closing press conference for the 2012 London Olympics, Sunday, Aug. 12, 2012. THE CANADIAN PRESS\\\/HO, COC - Mike Ridewood&quot;,&quot;created_timestamp&quot;:&quot;1344751619&quot;,&quot;copyright&quot;:&quot;&quot;,&quot;focal_length&quot;:&quot;24&quot;,&quot;iso&quot;:&quot;1600&quot;,&quot;shutter_speed&quot;:&quot;0.003125&quot;,&quot;title&quot;:&quot;OLY COC London 2012&quot;}\" data-image-title=\"OLY COC London 2012\" data-image-description=\"&lt;p&gt;Photo du COC par Jackie Skender&lt;\/p&gt; \" data-medium-file=\"https:\/\/preprod.olympic.ca\/olympique\/wp-content\/uploads\/sites\/2\/2012\/08\/mr01r26.jpg?quality=100&#038;w=582\" data-large-file=\"https:\/\/preprod.olympic.ca\/olympique\/wp-content\/uploads\/sites\/2\/2012\/08\/mr01r26.jpg?quality=100&#038;w=1071\" src=\"https:\/\/preprod.olympic.ca\/olympique\/wp-content\/uploads\/sites\/2\/2012\/08\/mr01r26.jpg?quality=100&#038;w=643&#038;h=410&#038;strip&#038;resize=643%2C410\" srcset=\"https:\/\/preprod.olympic.ca\/olympique\/wp-content\/uploads\/sites\/2\/2012\/08\/mr01r26.jpg 1071w, https:\/\/preprod.olympic.ca\/olympique\/wp-content\/uploads\/sites\/2\/2012\/08\/mr01r26.jpg?resize=248,158 248w, https:\/\/preprod.olympic.ca\/olympique\/wp-content\/uploads\/sites\/2\/2012\/08\/mr01r26.jpg?resize=582,371 582w, https:\/\/preprod.olympic.ca\/olympique\/wp-content\/uploads\/sites\/2\/2012\/08\/mr01r26.jpg?resize=768,490 768w\" width=\"643\" height=\"410\" loading=\"lazy\" data-original-width=\"643\" data-original-height=\"410\" itemprop=\"http:\/\/schema.org\/image\" title=\"OLY COC London 2012\" alt=\"Photo du COC par Jackie Skender\" style=\"width: 643px; height: 410px;\" \/> <\/a> <div class=\"tiled-gallery-caption\" itemprop=\"caption description\"> Photo du COC par Jackie Skender <\/div> <\/div> <div class=\"tiled-gallery-item tiled-gallery-item-large\" itemprop=\"associatedMedia\" itemscope itemtype=\"http:\/\/schema.org\/ImageObject\"> <a href=\"https:\/\/preprod.olympic.ca\/olympique\/wp-content\/uploads\/sites\/2\/2012\/08\/marktrampfolks16.jpg?quality=100&#038;strip\" border=\"0\" itemprop=\"url\"> <meta itemprop=\"width\" content=\"643\"> <meta itemprop=\"height\" content=\"428\"> <img decoding=\"async\" data-recalc-dims=\"1\" class=\"\" data-attachment-id=\"41687\" data-orig-file=\"https:\/\/preprod.olympic.ca\/olympique\/wp-content\/uploads\/sites\/2\/2012\/08\/marktrampfolks16.jpg?quality=100\" data-orig-size=\"1232,821\" data-comments-opened=\"1\" data-image-meta=\"{&quot;aperture&quot;:&quot;4&quot;,&quot;credit&quot;:&quot;Jackie Skender&quot;,&quot;camera&quot;:&quot;Canon EOS-1D Mark IV&quot;,&quot;caption&quot;:&quot;The Canadian team gets ready for the closing ceremony in the Olympic Village at the 2012 London Olympics, Sunday, Aug. 12, 2012. THE CANADIAN PRESS\\\/HO, COC - Jackie Skender&quot;,&quot;created_timestamp&quot;:&quot;1344776240&quot;,&quot;copyright&quot;:&quot;&quot;,&quot;focal_length&quot;:&quot;28&quot;,&quot;iso&quot;:&quot;400&quot;,&quot;shutter_speed&quot;:&quot;0.033333333333333&quot;,&quot;title&quot;:&quot;OLY COC London 2012&quot;}\" data-image-title=\"OLY COC London 2012\" data-image-description=\"&lt;p&gt;Photo du COC par Jackie Skender&lt;\/p&gt; \" data-medium-file=\"https:\/\/preprod.olympic.ca\/olympique\/wp-content\/uploads\/sites\/2\/2012\/08\/marktrampfolks16.jpg?quality=100&#038;w=557\" data-large-file=\"https:\/\/preprod.olympic.ca\/olympique\/wp-content\/uploads\/sites\/2\/2012\/08\/marktrampfolks16.jpg?quality=100&#038;w=1131\" src=\"https:\/\/preprod.olympic.ca\/olympique\/wp-content\/uploads\/sites\/2\/2012\/08\/marktrampfolks16.jpg?quality=100&#038;w=643&#038;h=428&#038;strip&#038;resize=643%2C428\" srcset=\"https:\/\/preprod.olympic.ca\/olympique\/wp-content\/uploads\/sites\/2\/2012\/08\/marktrampfolks16.jpg 1232w, https:\/\/preprod.olympic.ca\/olympique\/wp-content\/uploads\/sites\/2\/2012\/08\/marktrampfolks16.jpg?resize=237,158 237w, https:\/\/preprod.olympic.ca\/olympique\/wp-content\/uploads\/sites\/2\/2012\/08\/marktrampfolks16.jpg?resize=557,371 557w, https:\/\/preprod.olympic.ca\/olympique\/wp-content\/uploads\/sites\/2\/2012\/08\/marktrampfolks16.jpg?resize=768,512 768w, https:\/\/preprod.olympic.ca\/olympique\/wp-content\/uploads\/sites\/2\/2012\/08\/marktrampfolks16.jpg?resize=1131,754 1131w\" width=\"643\" height=\"428\" loading=\"lazy\" data-original-width=\"643\" data-original-height=\"428\" itemprop=\"http:\/\/schema.org\/image\" title=\"OLY COC London 2012\" alt=\"Photo du COC par Jackie Skender\" style=\"width: 643px; height: 428px;\" \/> <\/a> <div class=\"tiled-gallery-caption\" itemprop=\"caption description\"> Photo du COC par Jackie Skender <\/div> <\/div> <\/div> <!-- close group --> <\/div> <!-- close row --> <div class=\"gallery-row\" style=\"width: 1360px; height: 328px;\" data-original-width=\"1360\" data-original-height=\"328\" > <div class=\"gallery-group images-1\" style=\"width: 417px; height: 328px;\" data-original-width=\"417\" data-original-height=\"328\" > <div class=\"tiled-gallery-item tiled-gallery-item-large\" itemprop=\"associatedMedia\" itemscope itemtype=\"http:\/\/schema.org\/ImageObject\"> <a href=\"https:\/\/preprod.olympic.ca\/olympique\/wp-content\/uploads\/sites\/2\/2012\/08\/markchristine16.jpg?quality=100&#038;strip\" border=\"0\" itemprop=\"url\"> <meta itemprop=\"width\" content=\"413\"> <meta itemprop=\"height\" content=\"324\"> <img decoding=\"async\" data-recalc-dims=\"1\" class=\"\" data-attachment-id=\"41686\" data-orig-file=\"https:\/\/preprod.olympic.ca\/olympique\/wp-content\/uploads\/sites\/2\/2012\/08\/markchristine16.jpg?quality=100\" data-orig-size=\"954,749\" data-comments-opened=\"1\" data-image-meta=\"{&quot;aperture&quot;:&quot;4&quot;,&quot;credit&quot;:&quot;Jackie Skender&quot;,&quot;camera&quot;:&quot;Canon EOS-1D Mark IV&quot;,&quot;caption&quot;:&quot;The Canadian team gets ready for the closing ceremony in the Olympic Village at the 2012 London Olympics, Sunday, Aug. 12, 2012. THE CANADIAN PRESS\\\/HO, COC - Jackie Skender&quot;,&quot;created_timestamp&quot;:&quot;1344775407&quot;,&quot;copyright&quot;:&quot;&quot;,&quot;focal_length&quot;:&quot;105&quot;,&quot;iso&quot;:&quot;400&quot;,&quot;shutter_speed&quot;:&quot;0.008&quot;,&quot;title&quot;:&quot;OLY COC London 2012&quot;}\" data-image-title=\"OLY COC London 2012\" data-image-description=\"&lt;p&gt;Photo du COC par Jackie Skender&lt;\/p&gt; \" data-medium-file=\"https:\/\/preprod.olympic.ca\/olympique\/wp-content\/uploads\/sites\/2\/2012\/08\/markchristine16.jpg?quality=100&#038;w=473\" data-large-file=\"https:\/\/preprod.olympic.ca\/olympique\/wp-content\/uploads\/sites\/2\/2012\/08\/markchristine16.jpg?quality=100&#038;w=954\" src=\"https:\/\/preprod.olympic.ca\/olympique\/wp-content\/uploads\/sites\/2\/2012\/08\/markchristine16.jpg?quality=100&#038;w=413&#038;h=324&#038;strip&#038;resize=413%2C324\" srcset=\"https:\/\/preprod.olympic.ca\/olympique\/wp-content\/uploads\/sites\/2\/2012\/08\/markchristine16.jpg 954w, https:\/\/preprod.olympic.ca\/olympique\/wp-content\/uploads\/sites\/2\/2012\/08\/markchristine16.jpg?resize=201,158 201w, https:\/\/preprod.olympic.ca\/olympique\/wp-content\/uploads\/sites\/2\/2012\/08\/markchristine16.jpg?resize=473,371 473w, https:\/\/preprod.olympic.ca\/olympique\/wp-content\/uploads\/sites\/2\/2012\/08\/markchristine16.jpg?resize=768,603 768w\" width=\"413\" height=\"324\" loading=\"lazy\" data-original-width=\"413\" data-original-height=\"324\" itemprop=\"http:\/\/schema.org\/image\" title=\"OLY COC London 2012\" alt=\"Photo du COC par Jackie Skender\" style=\"width: 413px; height: 324px;\" \/> <\/a> <div class=\"tiled-gallery-caption\" itemprop=\"caption description\"> Photo du COC par Jackie Skender <\/div> <\/div> <\/div> <!-- close group --> <div class=\"gallery-group images-1\" style=\"width: 473px; height: 328px;\" data-original-width=\"473\" data-original-height=\"328\" > <div class=\"tiled-gallery-item tiled-gallery-item-large\" itemprop=\"associatedMedia\" itemscope itemtype=\"http:\/\/schema.org\/ImageObject\"> <a href=\"https:\/\/preprod.olympic.ca\/olympique\/wp-content\/uploads\/sites\/2\/2012\/08\/marathon16.jpg?quality=100&#038;strip\" border=\"0\" itemprop=\"url\"> <meta itemprop=\"width\" content=\"469\"> <meta itemprop=\"height\" content=\"324\"> <img decoding=\"async\" data-recalc-dims=\"1\" class=\"\" data-attachment-id=\"41685\" data-orig-file=\"https:\/\/preprod.olympic.ca\/olympique\/wp-content\/uploads\/sites\/2\/2012\/08\/marathon16.jpg?quality=100\" data-orig-size=\"1080,746\" data-comments-opened=\"1\" data-image-meta=\"{&quot;aperture&quot;:&quot;5.6&quot;,&quot;credit&quot;:&quot;&quot;,&quot;camera&quot;:&quot;NIKON D5000&quot;,&quot;caption&quot;:&quot;????????????????????????????????????&quot;,&quot;created_timestamp&quot;:&quot;1344746746&quot;,&quot;copyright&quot;:&quot;&quot;,&quot;focal_length&quot;:&quot;170&quot;,&quot;iso&quot;:&quot;400&quot;,&quot;shutter_speed&quot;:&quot;0.0008&quot;,&quot;title&quot;:&quot;&quot;}\" data-image-title=\"Marathon\" data-image-description=\"&lt;p&gt;Photo du COC par Mike Ridewood&lt;\/p&gt; \" data-medium-file=\"https:\/\/preprod.olympic.ca\/olympique\/wp-content\/uploads\/sites\/2\/2012\/08\/marathon16.jpg?quality=100&#038;w=537\" data-large-file=\"https:\/\/preprod.olympic.ca\/olympique\/wp-content\/uploads\/sites\/2\/2012\/08\/marathon16.jpg?quality=100&#038;w=1080\" src=\"https:\/\/preprod.olympic.ca\/olympique\/wp-content\/uploads\/sites\/2\/2012\/08\/marathon16.jpg?quality=100&#038;w=469&#038;h=324&#038;strip&#038;resize=469%2C324\" srcset=\"https:\/\/preprod.olympic.ca\/olympique\/wp-content\/uploads\/sites\/2\/2012\/08\/marathon16.jpg 1080w, https:\/\/preprod.olympic.ca\/olympique\/wp-content\/uploads\/sites\/2\/2012\/08\/marathon16.jpg?resize=229,158 229w, https:\/\/preprod.olympic.ca\/olympique\/wp-content\/uploads\/sites\/2\/2012\/08\/marathon16.jpg?resize=537,371 537w, https:\/\/preprod.olympic.ca\/olympique\/wp-content\/uploads\/sites\/2\/2012\/08\/marathon16.jpg?resize=768,530 768w\" width=\"469\" height=\"324\" loading=\"lazy\" data-original-width=\"469\" data-original-height=\"324\" itemprop=\"http:\/\/schema.org\/image\" title=\"Marathon\" alt=\"Photo du COC par Mike Ridewood\" style=\"width: 469px; height: 324px;\" \/> <\/a> <div class=\"tiled-gallery-caption\" itemprop=\"caption description\"> Photo du COC par Mike Ridewood <\/div> <\/div> <\/div> <!-- close group --> <div class=\"gallery-group images-1\" style=\"width: 470px; height: 328px;\" data-original-width=\"470\" data-original-height=\"328\" > <div class=\"tiled-gallery-item tiled-gallery-item-large\" itemprop=\"associatedMedia\" itemscope itemtype=\"http:\/\/schema.org\/ImageObject\"> <a href=\"https:\/\/preprod.olympic.ca\/olympique\/wp-content\/uploads\/sites\/2\/2012\/08\/ellastarkmanr16.jpg?quality=100&#038;strip\" border=\"0\" itemprop=\"url\"> <meta itemprop=\"width\" content=\"466\"> <meta itemprop=\"height\" content=\"324\"> <img decoding=\"async\" data-recalc-dims=\"1\" class=\"\" data-attachment-id=\"41684\" data-orig-file=\"https:\/\/preprod.olympic.ca\/olympique\/wp-content\/uploads\/sites\/2\/2012\/08\/ellastarkmanr16.jpg?quality=100\" data-orig-size=\"908,632\" data-comments-opened=\"1\" data-image-meta=\"{&quot;aperture&quot;:&quot;4&quot;,&quot;credit&quot;:&quot;Mike Ridewood&quot;,&quot;camera&quot;:&quot;Canon EOS-1D Mark IV&quot;,&quot;caption&quot;:&quot;at the Canadian Olympic Committee closing press conference for the 2012 London Olympics, Sunday, Aug. 12, 2012. THE CANADIAN PRESS\\\/HO, COC - Mike Ridewood&quot;,&quot;created_timestamp&quot;:&quot;1344751324&quot;,&quot;copyright&quot;:&quot;&quot;,&quot;focal_length&quot;:&quot;95&quot;,&quot;iso&quot;:&quot;1600&quot;,&quot;shutter_speed&quot;:&quot;0.008&quot;,&quot;title&quot;:&quot;OLY COC London 2012&quot;}\" data-image-title=\"OLY COC London 2012\" data-image-description=\"&lt;p&gt;Photo du COC par Mike Ridewood&lt;\/p&gt; \" data-medium-file=\"https:\/\/preprod.olympic.ca\/olympique\/wp-content\/uploads\/sites\/2\/2012\/08\/ellastarkmanr16.jpg?quality=100&#038;w=533\" data-large-file=\"https:\/\/preprod.olympic.ca\/olympique\/wp-content\/uploads\/sites\/2\/2012\/08\/ellastarkmanr16.jpg?quality=100&#038;w=908\" src=\"https:\/\/preprod.olympic.ca\/olympique\/wp-content\/uploads\/sites\/2\/2012\/08\/ellastarkmanr16.jpg?quality=100&#038;w=466&#038;h=324&#038;strip&#038;resize=466%2C324\" srcset=\"https:\/\/preprod.olympic.ca\/olympique\/wp-content\/uploads\/sites\/2\/2012\/08\/ellastarkmanr16.jpg 908w, https:\/\/preprod.olympic.ca\/olympique\/wp-content\/uploads\/sites\/2\/2012\/08\/ellastarkmanr16.jpg?resize=227,158 227w, https:\/\/preprod.olympic.ca\/olympique\/wp-content\/uploads\/sites\/2\/2012\/08\/ellastarkmanr16.jpg?resize=533,371 533w, https:\/\/preprod.olympic.ca\/olympique\/wp-content\/uploads\/sites\/2\/2012\/08\/ellastarkmanr16.jpg?resize=768,535 768w\" width=\"466\" height=\"324\" loading=\"lazy\" data-original-width=\"466\" data-original-height=\"324\" itemprop=\"http:\/\/schema.org\/image\" title=\"OLY COC London 2012\" alt=\"Photo du COC par Mike Ridewood\" style=\"width: 466px; height: 324px;\" \/> <\/a> <div class=\"tiled-gallery-caption\" itemprop=\"caption description\"> Photo du COC par Mike Ridewood <\/div> <\/div> <\/div> <!-- close group --> <\/div> <!-- close row --> <div class=\"gallery-row\" style=\"width: 1360px; height: 467px;\" data-original-width=\"1360\" data-original-height=\"467\" > <div class=\"gallery-group images-1\" style=\"width: 662px; height: 467px;\" data-original-width=\"662\" data-original-height=\"467\" > <div class=\"tiled-gallery-item tiled-gallery-item-large\" itemprop=\"associatedMedia\" itemscope itemtype=\"http:\/\/schema.org\/ImageObject\"> <a href=\"https:\/\/preprod.olympic.ca\/olympique\/wp-content\/uploads\/sites\/2\/2012\/08\/divinggirls16.jpg?quality=100&#038;strip\" border=\"0\" itemprop=\"url\"> <meta itemprop=\"width\" content=\"658\"> <meta itemprop=\"height\" content=\"463\"> <img decoding=\"async\" data-recalc-dims=\"1\" class=\"\" data-attachment-id=\"41683\" data-orig-file=\"https:\/\/preprod.olympic.ca\/olympique\/wp-content\/uploads\/sites\/2\/2012\/08\/divinggirls16.jpg?quality=100\" data-orig-size=\"1000,703\" data-comments-opened=\"1\" data-image-meta=\"{&quot;aperture&quot;:&quot;4.5&quot;,&quot;credit&quot;:&quot;Jackie Skender&quot;,&quot;camera&quot;:&quot;Canon EOS-1D Mark IV&quot;,&quot;caption&quot;:&quot;The Canadian team gets ready for the closing ceremony in the Olympic Village at the 2012 London Olympics, Sunday, Aug. 12, 2012. THE CANADIAN PRESS\\\/HO, COC - Jackie Skender&quot;,&quot;created_timestamp&quot;:&quot;1344775126&quot;,&quot;copyright&quot;:&quot;&quot;,&quot;focal_length&quot;:&quot;24&quot;,&quot;iso&quot;:&quot;400&quot;,&quot;shutter_speed&quot;:&quot;0.025&quot;,&quot;title&quot;:&quot;OLY COC London 2012&quot;}\" data-image-title=\"OLY COC London 2012\" data-image-description=\"&lt;p&gt;Photo du COC par Jackie Skender&lt;\/p&gt; \" data-medium-file=\"https:\/\/preprod.olympic.ca\/olympique\/wp-content\/uploads\/sites\/2\/2012\/08\/divinggirls16.jpg?quality=100&#038;w=528\" data-large-file=\"https:\/\/preprod.olympic.ca\/olympique\/wp-content\/uploads\/sites\/2\/2012\/08\/divinggirls16.jpg?quality=100&#038;w=1000\" src=\"https:\/\/preprod.olympic.ca\/olympique\/wp-content\/uploads\/sites\/2\/2012\/08\/divinggirls16.jpg?quality=100&#038;w=658&#038;h=463&#038;strip&#038;resize=658%2C463\" srcset=\"https:\/\/preprod.olympic.ca\/olympique\/wp-content\/uploads\/sites\/2\/2012\/08\/divinggirls16.jpg 1000w, https:\/\/preprod.olympic.ca\/olympique\/wp-content\/uploads\/sites\/2\/2012\/08\/divinggirls16.jpg?resize=225,158 225w, https:\/\/preprod.olympic.ca\/olympique\/wp-content\/uploads\/sites\/2\/2012\/08\/divinggirls16.jpg?resize=528,371 528w, https:\/\/preprod.olympic.ca\/olympique\/wp-content\/uploads\/sites\/2\/2012\/08\/divinggirls16.jpg?resize=768,540 768w\" width=\"658\" height=\"463\" loading=\"lazy\" data-original-width=\"658\" data-original-height=\"463\" itemprop=\"http:\/\/schema.org\/image\" title=\"OLY COC London 2012\" alt=\"Photo du COC par Jackie Skender\" style=\"width: 658px; height: 463px;\" \/> <\/a> <div class=\"tiled-gallery-caption\" itemprop=\"caption description\"> Photo du COC par Jackie Skender <\/div> <\/div> <\/div> <!-- close group --> <div class=\"gallery-group images-1\" style=\"width: 698px; height: 467px;\" data-original-width=\"698\" data-original-height=\"467\" > <div class=\"tiled-gallery-item tiled-gallery-item-large\" itemprop=\"associatedMedia\" itemscope itemtype=\"http:\/\/schema.org\/ImageObject\"> <a href=\"https:\/\/preprod.olympic.ca\/olympique\/wp-content\/uploads\/sites\/2\/2012\/08\/cochrane16.jpg?quality=100&#038;strip\" border=\"0\" itemprop=\"url\"> <meta itemprop=\"width\" content=\"694\"> <meta itemprop=\"height\" content=\"463\"> <img decoding=\"async\" data-recalc-dims=\"1\" class=\"\" data-attachment-id=\"41682\" data-orig-file=\"https:\/\/preprod.olympic.ca\/olympique\/wp-content\/uploads\/sites\/2\/2012\/08\/cochrane16.jpg?quality=100\" data-orig-size=\"1200,800\" data-comments-opened=\"1\" data-image-meta=\"{&quot;aperture&quot;:&quot;5&quot;,&quot;credit&quot;:&quot;Jackie Skender&quot;,&quot;camera&quot;:&quot;Canon EOS-1D Mark IV&quot;,&quot;caption&quot;:&quot;The Canadian team gets ready for the closing ceremony in the Olympic Village at the 2012 London Olympics, Sunday, Aug. 12, 2012. THE CANADIAN PRESS\\\/HO, COC - Jackie Skender&quot;,&quot;created_timestamp&quot;:&quot;1344775936&quot;,&quot;copyright&quot;:&quot;&quot;,&quot;focal_length&quot;:&quot;24&quot;,&quot;iso&quot;:&quot;400&quot;,&quot;shutter_speed&quot;:&quot;0.02&quot;,&quot;title&quot;:&quot;OLY COC London 2012&quot;}\" data-image-title=\"OLY COC London 2012\" data-image-description=\"&lt;p&gt;Photo du COC par Jackie Skender&lt;\/p&gt; \" data-medium-file=\"https:\/\/preprod.olympic.ca\/olympique\/wp-content\/uploads\/sites\/2\/2012\/08\/cochrane16.jpg?quality=100&#038;w=557\" data-large-file=\"https:\/\/preprod.olympic.ca\/olympique\/wp-content\/uploads\/sites\/2\/2012\/08\/cochrane16.jpg?quality=100&#038;w=1131\" src=\"https:\/\/preprod.olympic.ca\/olympique\/wp-content\/uploads\/sites\/2\/2012\/08\/cochrane16.jpg?quality=100&#038;w=694&#038;h=463&#038;strip&#038;resize=694%2C463\" srcset=\"https:\/\/preprod.olympic.ca\/olympique\/wp-content\/uploads\/sites\/2\/2012\/08\/cochrane16.jpg 1200w, https:\/\/preprod.olympic.ca\/olympique\/wp-content\/uploads\/sites\/2\/2012\/08\/cochrane16.jpg?resize=237,158 237w, https:\/\/preprod.olympic.ca\/olympique\/wp-content\/uploads\/sites\/2\/2012\/08\/cochrane16.jpg?resize=557,371 557w, https:\/\/preprod.olympic.ca\/olympique\/wp-content\/uploads\/sites\/2\/2012\/08\/cochrane16.jpg?resize=768,512 768w, https:\/\/preprod.olympic.ca\/olympique\/wp-content\/uploads\/sites\/2\/2012\/08\/cochrane16.jpg?resize=1131,754 1131w\" width=\"694\" height=\"463\" loading=\"lazy\" data-original-width=\"694\" data-original-height=\"463\" itemprop=\"http:\/\/schema.org\/image\" title=\"OLY COC London 2012\" alt=\"Photo du COC par Jackie Skender\" style=\"width: 694px; height: 463px;\" \/> <\/a> <div class=\"tiled-gallery-caption\" itemprop=\"caption description\"> Photo du COC par Jackie Skender <\/div> <\/div> <\/div> <!-- close group --> <\/div> <!-- close row --> <div class=\"gallery-row\" style=\"width: 1360px; height: 665px;\" data-original-width=\"1360\" data-original-height=\"665\" > <div class=\"gallery-group images-2\" style=\"width: 498px; height: 665px;\" data-original-width=\"498\" data-original-height=\"665\" > <div class=\"tiled-gallery-item tiled-gallery-item-large\" itemprop=\"associatedMedia\" itemscope itemtype=\"http:\/\/schema.org\/ImageObject\"> <a href=\"https:\/\/preprod.olympic.ca\/olympique\/wp-content\/uploads\/sites\/2\/2012\/08\/03114773r_crop16.jpg?quality=100&#038;strip\" border=\"0\" itemprop=\"url\"> <meta itemprop=\"width\" content=\"494\"> <meta itemprop=\"height\" content=\"301\"> <img decoding=\"async\" data-recalc-dims=\"1\" class=\"\" data-attachment-id=\"41680\" data-orig-file=\"https:\/\/preprod.olympic.ca\/olympique\/wp-content\/uploads\/sites\/2\/2012\/08\/03114773r_crop16.jpg?quality=100\" data-orig-size=\"891,543\" data-comments-opened=\"1\" data-image-meta=\"{&quot;aperture&quot;:&quot;4&quot;,&quot;credit&quot;:&quot;Frank Gunn&quot;,&quot;camera&quot;:&quot;Canon EOS-1D X&quot;,&quot;caption&quot;:&quot;Christine Sinclair carries the Canadian flag into the Closing Ceremonies of Olympic Games in London on Sunday August 12, 2012. THE CANADIAN PRESS\\\/Frank Gunn&quot;,&quot;created_timestamp&quot;:&quot;1344789904&quot;,&quot;copyright&quot;:&quot;&quot;,&quot;focal_length&quot;:&quot;560&quot;,&quot;iso&quot;:&quot;1600&quot;,&quot;shutter_speed&quot;:&quot;0.004&quot;,&quot;title&quot;:&quot;Christine Sinclair&quot;}\" data-image-title=\"Christine Sinclair\" data-image-description=\"&lt;p&gt;Photo du COC par Frank Gunn&lt;\/p&gt; \" data-medium-file=\"https:\/\/preprod.olympic.ca\/olympique\/wp-content\/uploads\/sites\/2\/2012\/08\/03114773r_crop16.jpg?quality=100&#038;w=609\" data-large-file=\"https:\/\/preprod.olympic.ca\/olympique\/wp-content\/uploads\/sites\/2\/2012\/08\/03114773r_crop16.jpg?quality=100&#038;w=891\" src=\"https:\/\/preprod.olympic.ca\/olympique\/wp-content\/uploads\/sites\/2\/2012\/08\/03114773r_crop16.jpg?quality=100&#038;w=494&#038;h=301&#038;strip&#038;resize=494%2C301\" srcset=\"https:\/\/preprod.olympic.ca\/olympique\/wp-content\/uploads\/sites\/2\/2012\/08\/03114773r_crop16.jpg 891w, https:\/\/preprod.olympic.ca\/olympique\/wp-content\/uploads\/sites\/2\/2012\/08\/03114773r_crop16.jpg?resize=259,158 259w, https:\/\/preprod.olympic.ca\/olympique\/wp-content\/uploads\/sites\/2\/2012\/08\/03114773r_crop16.jpg?resize=609,371 609w, https:\/\/preprod.olympic.ca\/olympique\/wp-content\/uploads\/sites\/2\/2012\/08\/03114773r_crop16.jpg?resize=768,468 768w\" width=\"494\" height=\"301\" loading=\"lazy\" data-original-width=\"494\" data-original-height=\"301\" itemprop=\"http:\/\/schema.org\/image\" title=\"Christine Sinclair\" alt=\"Photo du COC par Frank Gunn\" style=\"width: 494px; height: 301px;\" \/> <\/a> <div class=\"tiled-gallery-caption\" itemprop=\"caption description\"> Photo du COC par Frank Gunn <\/div> <\/div> <div class=\"tiled-gallery-item tiled-gallery-item-large\" itemprop=\"associatedMedia\" itemscope itemtype=\"http:\/\/schema.org\/ImageObject\"> <a href=\"https:\/\/preprod.olympic.ca\/olympique\/wp-content\/uploads\/sites\/2\/2012\/08\/03114744r16.jpg?quality=100&#038;strip\" border=\"0\" itemprop=\"url\"> <meta itemprop=\"width\" content=\"494\"> <meta itemprop=\"height\" content=\"356\"> <img decoding=\"async\" data-recalc-dims=\"1\" class=\"\" data-attachment-id=\"41679\" data-orig-file=\"https:\/\/preprod.olympic.ca\/olympique\/wp-content\/uploads\/sites\/2\/2012\/08\/03114744r16.jpg?quality=100\" data-orig-size=\"900,647\" data-comments-opened=\"1\" data-image-meta=\"{&quot;aperture&quot;:&quot;4&quot;,&quot;credit&quot;:&quot;Frank Gunn&quot;,&quot;camera&quot;:&quot;Canon EOS-1D X&quot;,&quot;caption&quot;:&quot;Canadian athlete Carol Huynh celebrates during the closing ceremonies of Olympic Games in London on Sunday August 12, 2012. THE CANADIAN PRESS\\\/Frank Gunn&quot;,&quot;created_timestamp&quot;:&quot;1344789922&quot;,&quot;copyright&quot;:&quot;&quot;,&quot;focal_length&quot;:&quot;560&quot;,&quot;iso&quot;:&quot;1600&quot;,&quot;shutter_speed&quot;:&quot;0.00625&quot;,&quot;title&quot;:&quot;OLY London Olympics 20120812&quot;}\" data-image-title=\"OLY London Olympics 20120812\" data-image-description=\"&lt;p&gt;Photo du COC par Frank Gunn&lt;\/p&gt; \" data-medium-file=\"https:\/\/preprod.olympic.ca\/olympique\/wp-content\/uploads\/sites\/2\/2012\/08\/03114744r16.jpg?quality=100&#038;w=516\" data-large-file=\"https:\/\/preprod.olympic.ca\/olympique\/wp-content\/uploads\/sites\/2\/2012\/08\/03114744r16.jpg?quality=100&#038;w=900\" src=\"https:\/\/preprod.olympic.ca\/olympique\/wp-content\/uploads\/sites\/2\/2012\/08\/03114744r16.jpg?quality=100&#038;w=494&#038;h=356&#038;strip&#038;resize=494%2C356\" srcset=\"https:\/\/preprod.olympic.ca\/olympique\/wp-content\/uploads\/sites\/2\/2012\/08\/03114744r16.jpg 900w, https:\/\/preprod.olympic.ca\/olympique\/wp-content\/uploads\/sites\/2\/2012\/08\/03114744r16.jpg?resize=220,158 220w, https:\/\/preprod.olympic.ca\/olympique\/wp-content\/uploads\/sites\/2\/2012\/08\/03114744r16.jpg?resize=516,371 516w, https:\/\/preprod.olympic.ca\/olympique\/wp-content\/uploads\/sites\/2\/2012\/08\/03114744r16.jpg?resize=768,552 768w\" width=\"494\" height=\"356\" loading=\"lazy\" data-original-width=\"494\" data-original-height=\"356\" itemprop=\"http:\/\/schema.org\/image\" title=\"OLY London Olympics 20120812\" alt=\"Photo du COC par Frank Gunn\" style=\"width: 494px; height: 356px;\" \/> <\/a> <div class=\"tiled-gallery-caption\" itemprop=\"caption description\"> Photo du COC par Frank Gunn <\/div> <\/div> <\/div> <!-- close group --> <div class=\"gallery-group images-1\" style=\"width: 862px; height: 665px;\" data-original-width=\"862\" data-original-height=\"665\" > <div class=\"tiled-gallery-item tiled-gallery-item-large\" itemprop=\"associatedMedia\" itemscope itemtype=\"http:\/\/schema.org\/ImageObject\"> <a href=\"https:\/\/preprod.olympic.ca\/olympique\/wp-content\/uploads\/sites\/2\/2012\/08\/03114615r16.jpg?quality=100&#038;strip\" border=\"0\" itemprop=\"url\"> <meta itemprop=\"width\" content=\"858\"> <meta itemprop=\"height\" content=\"661\"> <img decoding=\"async\" data-recalc-dims=\"1\" class=\"\" data-attachment-id=\"41678\" data-orig-file=\"https:\/\/preprod.olympic.ca\/olympique\/wp-content\/uploads\/sites\/2\/2012\/08\/03114615r16.jpg?quality=100\" data-orig-size=\"1037,799\" data-comments-opened=\"1\" data-image-meta=\"{&quot;aperture&quot;:&quot;4&quot;,&quot;credit&quot;:&quot;Frank Gunn&quot;,&quot;camera&quot;:&quot;Canon EOS-1D X&quot;,&quot;caption&quot;:&quot;Canadian synchronized swimmer Stephanie Durocher balances on her teammates shoulders during the Closing Ceremonies of Olympic Games in London on Sunday August 12, 2012. THE CANADIAN PRESS\\\/Frank Gunn&quot;,&quot;created_timestamp&quot;:&quot;1344790211&quot;,&quot;copyright&quot;:&quot;&quot;,&quot;focal_length&quot;:&quot;560&quot;,&quot;iso&quot;:&quot;3200&quot;,&quot;shutter_speed&quot;:&quot;0.004&quot;,&quot;title&quot;:&quot;Stephanie Durocher&quot;}\" data-image-title=\"Stephanie Durocher\" data-image-description=\"&lt;p&gt;Photo du COC par Frank Gunn&lt;\/p&gt; \" data-medium-file=\"https:\/\/preprod.olympic.ca\/olympique\/wp-content\/uploads\/sites\/2\/2012\/08\/03114615r16.jpg?quality=100&#038;w=482\" data-large-file=\"https:\/\/preprod.olympic.ca\/olympique\/wp-content\/uploads\/sites\/2\/2012\/08\/03114615r16.jpg?quality=100&#038;w=979\" src=\"https:\/\/preprod.olympic.ca\/olympique\/wp-content\/uploads\/sites\/2\/2012\/08\/03114615r16.jpg?quality=100&#038;w=858&#038;h=661&#038;strip&#038;resize=858%2C661\" srcset=\"https:\/\/preprod.olympic.ca\/olympique\/wp-content\/uploads\/sites\/2\/2012\/08\/03114615r16.jpg 1037w, https:\/\/preprod.olympic.ca\/olympique\/wp-content\/uploads\/sites\/2\/2012\/08\/03114615r16.jpg?resize=205,158 205w, https:\/\/preprod.olympic.ca\/olympique\/wp-content\/uploads\/sites\/2\/2012\/08\/03114615r16.jpg?resize=482,371 482w, https:\/\/preprod.olympic.ca\/olympique\/wp-content\/uploads\/sites\/2\/2012\/08\/03114615r16.jpg?resize=768,592 768w, https:\/\/preprod.olympic.ca\/olympique\/wp-content\/uploads\/sites\/2\/2012\/08\/03114615r16.jpg?resize=979,754 979w\" width=\"858\" height=\"661\" loading=\"lazy\" data-original-width=\"858\" data-original-height=\"661\" itemprop=\"http:\/\/schema.org\/image\" title=\"Stephanie Durocher\" alt=\"Photo du COC par Frank Gunn\" style=\"width: 858px; height: 661px;\" \/> <\/a> <div class=\"tiled-gallery-caption\" itemprop=\"caption description\"> Photo du COC par Frank Gunn <\/div> <\/div> <\/div> <!-- close group --> <\/div> <!-- close row --> <div class=\"gallery-row\" style=\"width: 1360px; height: 603px;\" data-original-width=\"1360\" data-original-height=\"603\" > <div class=\"gallery-group images-1\" style=\"width: 925px; height: 603px;\" data-original-width=\"925\" data-original-height=\"603\" > <div class=\"tiled-gallery-item tiled-gallery-item-large\" itemprop=\"associatedMedia\" itemscope itemtype=\"http:\/\/schema.org\/ImageObject\"> <a href=\"https:\/\/preprod.olympic.ca\/olympique\/wp-content\/uploads\/sites\/2\/2012\/08\/jr20430r16.jpg?quality=100&#038;strip\" border=\"0\" itemprop=\"url\"> <meta itemprop=\"width\" content=\"921\"> <meta itemprop=\"height\" content=\"599\"> <img decoding=\"async\" data-recalc-dims=\"1\" class=\"\" data-attachment-id=\"41677\" data-orig-file=\"https:\/\/preprod.olympic.ca\/olympique\/wp-content\/uploads\/sites\/2\/2012\/08\/jr20430r16.jpg?quality=100\" data-orig-size=\"1321,860\" data-comments-opened=\"1\" data-image-meta=\"{&quot;aperture&quot;:&quot;0&quot;,&quot;credit&quot;:&quot;&quot;,&quot;camera&quot;:&quot;&quot;,&quot;caption&quot;:&quot;&quot;,&quot;created_timestamp&quot;:&quot;1344831106&quot;,&quot;copyright&quot;:&quot;Jason Ransom&quot;,&quot;focal_length&quot;:&quot;0&quot;,&quot;iso&quot;:&quot;0&quot;,&quot;shutter_speed&quot;:&quot;0&quot;,&quot;title&quot;:&quot;&quot;}\" data-image-title=\"_JR20430r\" data-image-description=\"&lt;p&gt;Photo du COC par Jason Ransom&lt;\/p&gt; \" data-medium-file=\"https:\/\/preprod.olympic.ca\/olympique\/wp-content\/uploads\/sites\/2\/2012\/08\/jr20430r16.jpg?quality=100&#038;w=570\" data-large-file=\"https:\/\/preprod.olympic.ca\/olympique\/wp-content\/uploads\/sites\/2\/2012\/08\/jr20430r16.jpg?quality=100&#038;w=1158\" src=\"https:\/\/preprod.olympic.ca\/olympique\/wp-content\/uploads\/sites\/2\/2012\/08\/jr20430r16.jpg?quality=100&#038;w=921&#038;h=599&#038;strip&#038;resize=921%2C599\" srcset=\"https:\/\/preprod.olympic.ca\/olympique\/wp-content\/uploads\/sites\/2\/2012\/08\/jr20430r16.jpg 1321w, https:\/\/preprod.olympic.ca\/olympique\/wp-content\/uploads\/sites\/2\/2012\/08\/jr20430r16.jpg?resize=243,158 243w, https:\/\/preprod.olympic.ca\/olympique\/wp-content\/uploads\/sites\/2\/2012\/08\/jr20430r16.jpg?resize=570,371 570w, https:\/\/preprod.olympic.ca\/olympique\/wp-content\/uploads\/sites\/2\/2012\/08\/jr20430r16.jpg?resize=768,500 768w, https:\/\/preprod.olympic.ca\/olympique\/wp-content\/uploads\/sites\/2\/2012\/08\/jr20430r16.jpg?resize=1158,754 1158w\" width=\"921\" height=\"599\" loading=\"lazy\" data-original-width=\"921\" data-original-height=\"599\" itemprop=\"http:\/\/schema.org\/image\" title=\"_JR20430r\" alt=\"Photo du COC par Jason Ransom\" style=\"width: 921px; height: 599px;\" \/> <\/a> <div class=\"tiled-gallery-caption\" itemprop=\"caption description\"> Photo du COC par Jason Ransom <\/div> <\/div> <\/div> <!-- close group --> <div class=\"gallery-group images-2\" style=\"width: 435px; height: 603px;\" data-original-width=\"435\" data-original-height=\"603\" > <div class=\"tiled-gallery-item tiled-gallery-item-large\" itemprop=\"associatedMedia\" itemscope itemtype=\"http:\/\/schema.org\/ImageObject\"> <a href=\"https:\/\/preprod.olympic.ca\/olympique\/wp-content\/uploads\/sites\/2\/2012\/08\/jr20398r16.jpg?quality=100&#038;strip\" border=\"0\" itemprop=\"url\"> <meta itemprop=\"width\" content=\"431\"> <meta itemprop=\"height\" content=\"309\"> <img decoding=\"async\" data-recalc-dims=\"1\" class=\"\" data-attachment-id=\"41676\" data-orig-file=\"https:\/\/preprod.olympic.ca\/olympique\/wp-content\/uploads\/sites\/2\/2012\/08\/jr20398r16.jpg?quality=100\" data-orig-size=\"1210,868\" data-comments-opened=\"1\" data-image-meta=\"{&quot;aperture&quot;:&quot;0&quot;,&quot;credit&quot;:&quot;&quot;,&quot;camera&quot;:&quot;&quot;,&quot;caption&quot;:&quot;&quot;,&quot;created_timestamp&quot;:&quot;1344831046&quot;,&quot;copyright&quot;:&quot;Jason Ransom&quot;,&quot;focal_length&quot;:&quot;0&quot;,&quot;iso&quot;:&quot;0&quot;,&quot;shutter_speed&quot;:&quot;0&quot;,&quot;title&quot;:&quot;&quot;}\" data-image-title=\"_JR20398r\" data-image-description=\"&lt;p&gt;Photo du COC par Jason Ransom&lt;\/p&gt; \" data-medium-file=\"https:\/\/preprod.olympic.ca\/olympique\/wp-content\/uploads\/sites\/2\/2012\/08\/jr20398r16.jpg?quality=100&#038;w=517\" data-large-file=\"https:\/\/preprod.olympic.ca\/olympique\/wp-content\/uploads\/sites\/2\/2012\/08\/jr20398r16.jpg?quality=100&#038;w=1051\" src=\"https:\/\/preprod.olympic.ca\/olympique\/wp-content\/uploads\/sites\/2\/2012\/08\/jr20398r16.jpg?quality=100&#038;w=431&#038;h=309&#038;strip&#038;resize=431%2C309\" srcset=\"https:\/\/preprod.olympic.ca\/olympique\/wp-content\/uploads\/sites\/2\/2012\/08\/jr20398r16.jpg 1210w, https:\/\/preprod.olympic.ca\/olympique\/wp-content\/uploads\/sites\/2\/2012\/08\/jr20398r16.jpg?resize=220,158 220w, https:\/\/preprod.olympic.ca\/olympique\/wp-content\/uploads\/sites\/2\/2012\/08\/jr20398r16.jpg?resize=517,371 517w, https:\/\/preprod.olympic.ca\/olympique\/wp-content\/uploads\/sites\/2\/2012\/08\/jr20398r16.jpg?resize=768,551 768w, https:\/\/preprod.olympic.ca\/olympique\/wp-content\/uploads\/sites\/2\/2012\/08\/jr20398r16.jpg?resize=1051,754 1051w\" width=\"431\" height=\"309\" loading=\"lazy\" data-original-width=\"431\" data-original-height=\"309\" itemprop=\"http:\/\/schema.org\/image\" title=\"_JR20398r\" alt=\"Photo du COC par Jason Ransom\" style=\"width: 431px; height: 309px;\" \/> <\/a> <div class=\"tiled-gallery-caption\" itemprop=\"caption description\"> Photo du COC par Jason Ransom <\/div> <\/div> <div class=\"tiled-gallery-item tiled-gallery-item-large\" itemprop=\"associatedMedia\" itemscope itemtype=\"http:\/\/schema.org\/ImageObject\"> <a href=\"https:\/\/preprod.olympic.ca\/olympique\/wp-content\/uploads\/sites\/2\/2012\/08\/jr20376r16.jpg?quality=100&#038;strip\" border=\"0\" itemprop=\"url\"> <meta itemprop=\"width\" content=\"431\"> <meta itemprop=\"height\" content=\"286\"> <img decoding=\"async\" data-recalc-dims=\"1\" class=\"\" data-attachment-id=\"41675\" data-orig-file=\"https:\/\/preprod.olympic.ca\/olympique\/wp-content\/uploads\/sites\/2\/2012\/08\/jr20376r16.jpg?quality=100\" data-orig-size=\"1320,875\" data-comments-opened=\"1\" data-image-meta=\"{&quot;aperture&quot;:&quot;0&quot;,&quot;credit&quot;:&quot;&quot;,&quot;camera&quot;:&quot;&quot;,&quot;caption&quot;:&quot;&quot;,&quot;created_timestamp&quot;:&quot;1344830972&quot;,&quot;copyright&quot;:&quot;Jason Ransom&quot;,&quot;focal_length&quot;:&quot;0&quot;,&quot;iso&quot;:&quot;0&quot;,&quot;shutter_speed&quot;:&quot;0&quot;,&quot;title&quot;:&quot;&quot;}\" data-image-title=\"_JR20376r\" data-image-description=\"&lt;p&gt;Photo du COC par Jason Ransom&lt;\/p&gt; \" data-medium-file=\"https:\/\/preprod.olympic.ca\/olympique\/wp-content\/uploads\/sites\/2\/2012\/08\/jr20376r16.jpg?quality=100&#038;w=560\" data-large-file=\"https:\/\/preprod.olympic.ca\/olympique\/wp-content\/uploads\/sites\/2\/2012\/08\/jr20376r16.jpg?quality=100&#038;w=1137\" src=\"https:\/\/preprod.olympic.ca\/olympique\/wp-content\/uploads\/sites\/2\/2012\/08\/jr20376r16.jpg?quality=100&#038;w=431&#038;h=286&#038;strip&#038;resize=431%2C286\" srcset=\"https:\/\/preprod.olympic.ca\/olympique\/wp-content\/uploads\/sites\/2\/2012\/08\/jr20376r16.jpg 1320w, https:\/\/preprod.olympic.ca\/olympique\/wp-content\/uploads\/sites\/2\/2012\/08\/jr20376r16.jpg?resize=238,158 238w, https:\/\/preprod.olympic.ca\/olympique\/wp-content\/uploads\/sites\/2\/2012\/08\/jr20376r16.jpg?resize=560,371 560w, https:\/\/preprod.olympic.ca\/olympique\/wp-content\/uploads\/sites\/2\/2012\/08\/jr20376r16.jpg?resize=768,509 768w, https:\/\/preprod.olympic.ca\/olympique\/wp-content\/uploads\/sites\/2\/2012\/08\/jr20376r16.jpg?resize=1137,754 1137w\" width=\"431\" height=\"286\" loading=\"lazy\" data-original-width=\"431\" data-original-height=\"286\" itemprop=\"http:\/\/schema.org\/image\" title=\"_JR20376r\" alt=\"Photo du COC par Jason Ransom\" style=\"width: 431px; height: 286px;\" \/> <\/a> <div class=\"tiled-gallery-caption\" itemprop=\"caption description\"> Photo du COC par Jason Ransom <\/div> <\/div> <\/div> <!-- close group --> <\/div> <!-- close row --> <div class=\"gallery-row\" style=\"width: 1360px; height: 442px;\" data-original-width=\"1360\" data-original-height=\"442\" > <div class=\"gallery-group images-1\" style=\"width: 585px; height: 442px;\" data-original-width=\"585\" data-original-height=\"442\" > <div class=\"tiled-gallery-item tiled-gallery-item-large\" itemprop=\"associatedMedia\" itemscope itemtype=\"http:\/\/schema.org\/ImageObject\"> <a href=\"https:\/\/preprod.olympic.ca\/olympique\/wp-content\/uploads\/sites\/2\/2012\/08\/jr20353r16.jpg?quality=100&#038;strip\" border=\"0\" itemprop=\"url\"> <meta itemprop=\"width\" content=\"581\"> <meta itemprop=\"height\" content=\"438\"> <img decoding=\"async\" data-recalc-dims=\"1\" class=\"\" data-attachment-id=\"41674\" data-orig-file=\"https:\/\/preprod.olympic.ca\/olympique\/wp-content\/uploads\/sites\/2\/2012\/08\/jr20353r16.jpg?quality=100\" data-orig-size=\"967,729\" data-comments-opened=\"1\" data-image-meta=\"{&quot;aperture&quot;:&quot;0&quot;,&quot;credit&quot;:&quot;&quot;,&quot;camera&quot;:&quot;&quot;,&quot;caption&quot;:&quot;&quot;,&quot;created_timestamp&quot;:&quot;1344830927&quot;,&quot;copyright&quot;:&quot;Jason Ransom&quot;,&quot;focal_length&quot;:&quot;0&quot;,&quot;iso&quot;:&quot;0&quot;,&quot;shutter_speed&quot;:&quot;0&quot;,&quot;title&quot;:&quot;&quot;}\" data-image-title=\"_JR20353r\" data-image-description=\"&lt;p&gt;Photo du COC par Jason Ransom&lt;\/p&gt; \" data-medium-file=\"https:\/\/preprod.olympic.ca\/olympique\/wp-content\/uploads\/sites\/2\/2012\/08\/jr20353r16.jpg?quality=100&#038;w=492\" data-large-file=\"https:\/\/preprod.olympic.ca\/olympique\/wp-content\/uploads\/sites\/2\/2012\/08\/jr20353r16.jpg?quality=100&#038;w=967\" src=\"https:\/\/preprod.olympic.ca\/olympique\/wp-content\/uploads\/sites\/2\/2012\/08\/jr20353r16.jpg?quality=100&#038;w=581&#038;h=438&#038;strip&#038;resize=581%2C438\" srcset=\"https:\/\/preprod.olympic.ca\/olympique\/wp-content\/uploads\/sites\/2\/2012\/08\/jr20353r16.jpg 967w, https:\/\/preprod.olympic.ca\/olympique\/wp-content\/uploads\/sites\/2\/2012\/08\/jr20353r16.jpg?resize=210,158 210w, https:\/\/preprod.olympic.ca\/olympique\/wp-content\/uploads\/sites\/2\/2012\/08\/jr20353r16.jpg?resize=492,371 492w, https:\/\/preprod.olympic.ca\/olympique\/wp-content\/uploads\/sites\/2\/2012\/08\/jr20353r16.jpg?resize=768,579 768w\" width=\"581\" height=\"438\" loading=\"lazy\" data-original-width=\"581\" data-original-height=\"438\" itemprop=\"http:\/\/schema.org\/image\" title=\"_JR20353r\" alt=\"Photo du COC par Jason Ransom\" style=\"width: 581px; height: 438px;\" \/> <\/a> <div class=\"tiled-gallery-caption\" itemprop=\"caption description\"> Photo du COC par Jason Ransom <\/div> <\/div> <\/div> <!-- close group --> <div class=\"gallery-group images-1\" style=\"width: 775px; height: 442px;\" data-original-width=\"775\" data-original-height=\"442\" > <div class=\"tiled-gallery-item tiled-gallery-item-large\" itemprop=\"associatedMedia\" itemscope itemtype=\"http:\/\/schema.org\/ImageObject\"> <a href=\"https:\/\/preprod.olympic.ca\/olympique\/wp-content\/uploads\/sites\/2\/2012\/08\/jr20291_cpr16.jpg?quality=100&#038;strip\" border=\"0\" itemprop=\"url\"> <meta itemprop=\"width\" content=\"771\"> <meta itemprop=\"height\" content=\"438\"> <img decoding=\"async\" data-recalc-dims=\"1\" class=\"\" data-attachment-id=\"41673\" data-orig-file=\"https:\/\/preprod.olympic.ca\/olympique\/wp-content\/uploads\/sites\/2\/2012\/08\/jr20291_cpr16.jpg?quality=100\" data-orig-size=\"1169,665\" data-comments-opened=\"1\" data-image-meta=\"{&quot;aperture&quot;:&quot;0&quot;,&quot;credit&quot;:&quot;&quot;,&quot;camera&quot;:&quot;&quot;,&quot;caption&quot;:&quot;&quot;,&quot;created_timestamp&quot;:&quot;1344821577&quot;,&quot;copyright&quot;:&quot;Jason Ransom&quot;,&quot;focal_length&quot;:&quot;0&quot;,&quot;iso&quot;:&quot;0&quot;,&quot;shutter_speed&quot;:&quot;0&quot;,&quot;title&quot;:&quot;&quot;}\" data-image-title=\"_JR20291_CPr\" data-image-description=\"&lt;p&gt;Photo du COC par Jason Ransom&lt;\/p&gt; \" data-medium-file=\"https:\/\/preprod.olympic.ca\/olympique\/wp-content\/uploads\/sites\/2\/2012\/08\/jr20291_cpr16.jpg?quality=100&#038;w=652\" data-large-file=\"https:\/\/preprod.olympic.ca\/olympique\/wp-content\/uploads\/sites\/2\/2012\/08\/jr20291_cpr16.jpg?quality=100&#038;w=1169\" src=\"https:\/\/preprod.olympic.ca\/olympique\/wp-content\/uploads\/sites\/2\/2012\/08\/jr20291_cpr16.jpg?quality=100&#038;w=771&#038;h=438&#038;strip&#038;resize=771%2C438\" srcset=\"https:\/\/preprod.olympic.ca\/olympique\/wp-content\/uploads\/sites\/2\/2012\/08\/jr20291_cpr16.jpg 1169w, https:\/\/preprod.olympic.ca\/olympique\/wp-content\/uploads\/sites\/2\/2012\/08\/jr20291_cpr16.jpg?resize=278,158 278w, https:\/\/preprod.olympic.ca\/olympique\/wp-content\/uploads\/sites\/2\/2012\/08\/jr20291_cpr16.jpg?resize=652,371 652w, https:\/\/preprod.olympic.ca\/olympique\/wp-content\/uploads\/sites\/2\/2012\/08\/jr20291_cpr16.jpg?resize=768,437 768w\" width=\"771\" height=\"438\" loading=\"lazy\" data-original-width=\"771\" data-original-height=\"438\" itemprop=\"http:\/\/schema.org\/image\" title=\"_JR20291_CPr\" alt=\"Photo du COC par Jason Ransom\" style=\"width: 771px; height: 438px;\" \/> <\/a> <div class=\"tiled-gallery-caption\" itemprop=\"caption description\"> Photo du COC par Jason Ransom <\/div> <\/div> <\/div> <!-- close group --> <\/div> <!-- close row --> <\/div>\n","protected":false},"excerpt":{"rendered":"<p>Images quotidiennes mettant en lumi\u00e8re l\u2019\u00c9quipe olympique canadienne en action aux Jeux olympiques de 2012 \u00e0 Londres.<\/p>\n","protected":false},"author":52435436,"featured_media":41680,"comment_status":"open","ping_status":"open","sticky":false,"template":"","format":"standard","meta":{"_acf_changed":false,"_jetpack_memberships_contains_paid_content":false,"footnotes":""},"categories":[70121],"tags":[],"post_format":"standard","sport":[],"game":[],"coauthors":[187838302],"class_list":["post-41671","post","type-post","status-publish","format-standard","has-post-thumbnail","hentry","category-equipe"],"acf":[],"yoast_head":"<!-- This site is optimized with the Yoast SEO plugin v27.3 - https:\/\/yoast.com\/product\/yoast-seo-wordpress\/ -->\n<title>La journ\u00e9e en photos - \u00c9quipe Canada | Site officiel de l&#039;\u00e9quipe olympique<\/title>\n<meta name=\"robots\" content=\"index, follow, max-snippet:-1, max-image-preview:large, max-video-preview:-1\" \/>\n<link rel=\"canonical\" href=\"https:\/\/preprod.olympic.ca\/olympique\/2012\/08\/12\/la-journee-en-photos-18\/\" \/>\n<meta property=\"og:locale\" content=\"fr_FR\" \/>\n<meta property=\"og:type\" content=\"article\" \/>\n<meta property=\"og:title\" content=\"La journ\u00e9e en photos - \u00c9quipe Canada | Site officiel de l&#039;\u00e9quipe olympique\" \/>\n<meta property=\"og:description\" content=\"Images quotidiennes mettant en lumi\u00e8re l\u2019\u00c9quipe olympique canadienne en action aux Jeux olympiques de 2012 \u00e0 Londres.\" \/>\n<meta property=\"og:url\" content=\"https:\/\/preprod.olympic.ca\/olympique\/2012\/08\/12\/la-journee-en-photos-18\/\" \/>\n<meta property=\"og:site_name\" content=\"\u00c9quipe Canada | Site officiel de l&#039;\u00e9quipe olympique\" \/>\n<meta property=\"article:published_time\" content=\"2012-08-13T01:24:02+00:00\" \/>\n<meta property=\"og:image\" content=\"https:\/\/preprod.olympic.ca\/olympique\/wp-content\/uploads\/sites\/2\/2012\/08\/03114773r_crop16.jpg?quality=100\" \/>\n\t<meta property=\"og:image:width\" content=\"891\" \/>\n\t<meta property=\"og:image:height\" content=\"543\" \/>\n\t<meta property=\"og:image:type\" content=\"image\/jpeg\" \/>\n<meta name=\"author\" content=\"Mark Nadolny\" \/>\n<meta name=\"twitter:card\" content=\"summary_large_image\" \/>\n<meta name=\"twitter:label1\" content=\"Written by\" \/>\n\t<meta name=\"twitter:data1\" content=\"Mark Nadolny\" \/>\n<script type=\"application\/ld+json\" class=\"yoast-schema-graph\">{\"@context\":\"https:\\\/\\\/schema.org\",\"@graph\":[{\"@type\":\"Article\",\"@id\":\"https:\\\/\\\/preprod.olympic.ca\\\/olympique\\\/2012\\\/08\\\/12\\\/la-journee-en-photos-18\\\/#article\",\"isPartOf\":{\"@id\":\"https:\\\/\\\/preprod.olympic.ca\\\/olympique\\\/2012\\\/08\\\/12\\\/la-journee-en-photos-18\\\/\"},\"author\":{\"name\":\"Mark Nadolny\",\"@id\":\"https:\\\/\\\/preprod.olympic.ca\\\/olympique\\\/#\\\/schema\\\/person\\\/71d340cc825e058ae525fc2765f7c7ae\"},\"headline\":\"La journ\u00e9e en photos\",\"datePublished\":\"2012-08-13T01:24:02+00:00\",\"mainEntityOfPage\":{\"@id\":\"https:\\\/\\\/preprod.olympic.ca\\\/olympique\\\/2012\\\/08\\\/12\\\/la-journee-en-photos-18\\\/\"},\"wordCount\":27,\"commentCount\":0,\"image\":{\"@id\":\"https:\\\/\\\/preprod.olympic.ca\\\/olympique\\\/2012\\\/08\\\/12\\\/la-journee-en-photos-18\\\/#primaryimage\"},\"thumbnailUrl\":\"https:\\\/\\\/preprod.olympic.ca\\\/olympique\\\/wp-content\\\/uploads\\\/sites\\\/2\\\/2012\\\/08\\\/03114773r_crop16.jpg?quality=100\",\"articleSection\":[\"Nouvelles de l'equipe\"],\"inLanguage\":\"fr-FR\",\"potentialAction\":[{\"@type\":\"CommentAction\",\"name\":\"Comment\",\"target\":[\"https:\\\/\\\/preprod.olympic.ca\\\/olympique\\\/2012\\\/08\\\/12\\\/la-journee-en-photos-18\\\/#respond\"]}]},{\"@type\":\"WebPage\",\"@id\":\"https:\\\/\\\/preprod.olympic.ca\\\/olympique\\\/2012\\\/08\\\/12\\\/la-journee-en-photos-18\\\/\",\"url\":\"https:\\\/\\\/preprod.olympic.ca\\\/olympique\\\/2012\\\/08\\\/12\\\/la-journee-en-photos-18\\\/\",\"name\":\"La journ\u00e9e en photos - \u00c9quipe Canada | Site officiel de l&#039;\u00e9quipe olympique\",\"isPartOf\":{\"@id\":\"https:\\\/\\\/preprod.olympic.ca\\\/olympique\\\/#website\"},\"primaryImageOfPage\":{\"@id\":\"https:\\\/\\\/preprod.olympic.ca\\\/olympique\\\/2012\\\/08\\\/12\\\/la-journee-en-photos-18\\\/#primaryimage\"},\"image\":{\"@id\":\"https:\\\/\\\/preprod.olympic.ca\\\/olympique\\\/2012\\\/08\\\/12\\\/la-journee-en-photos-18\\\/#primaryimage\"},\"thumbnailUrl\":\"https:\\\/\\\/preprod.olympic.ca\\\/olympique\\\/wp-content\\\/uploads\\\/sites\\\/2\\\/2012\\\/08\\\/03114773r_crop16.jpg?quality=100\",\"datePublished\":\"2012-08-13T01:24:02+00:00\",\"author\":{\"@id\":\"https:\\\/\\\/preprod.olympic.ca\\\/olympique\\\/#\\\/schema\\\/person\\\/71d340cc825e058ae525fc2765f7c7ae\"},\"inLanguage\":\"fr-FR\",\"potentialAction\":[{\"@type\":\"ReadAction\",\"target\":[\"https:\\\/\\\/preprod.olympic.ca\\\/olympique\\\/2012\\\/08\\\/12\\\/la-journee-en-photos-18\\\/\"]}]},{\"@type\":\"ImageObject\",\"inLanguage\":\"fr-FR\",\"@id\":\"https:\\\/\\\/preprod.olympic.ca\\\/olympique\\\/2012\\\/08\\\/12\\\/la-journee-en-photos-18\\\/#primaryimage\",\"url\":\"https:\\\/\\\/preprod.olympic.ca\\\/olympique\\\/wp-content\\\/uploads\\\/sites\\\/2\\\/2012\\\/08\\\/03114773r_crop16.jpg?quality=100\",\"contentUrl\":\"https:\\\/\\\/preprod.olympic.ca\\\/olympique\\\/wp-content\\\/uploads\\\/sites\\\/2\\\/2012\\\/08\\\/03114773r_crop16.jpg?quality=100\",\"width\":891,\"height\":543,\"caption\":\"Photo du COC par Frank Gunn\"},{\"@type\":\"WebSite\",\"@id\":\"https:\\\/\\\/preprod.olympic.ca\\\/olympique\\\/#website\",\"url\":\"https:\\\/\\\/preprod.olympic.ca\\\/olympique\\\/\",\"name\":\"\u00c9quipe Canada | Site officiel de l&#039;\u00e9quipe olympique\",\"description\":\"Votre source pour l\u2019\u00c9quipe olympique canadienne. Retrouvez les r\u00e9cits, vid\u00e9os et photos des athl\u00e8tes canadiens, sports olympiques, Jeux olympiques de 2020 et bien plus!\",\"potentialAction\":[{\"@type\":\"SearchAction\",\"target\":{\"@type\":\"EntryPoint\",\"urlTemplate\":\"https:\\\/\\\/preprod.olympic.ca\\\/olympique\\\/?s={search_term_string}\"},\"query-input\":{\"@type\":\"PropertyValueSpecification\",\"valueRequired\":true,\"valueName\":\"search_term_string\"}}],\"inLanguage\":\"fr-FR\"},{\"@type\":\"Person\",\"@id\":\"https:\\\/\\\/preprod.olympic.ca\\\/olympique\\\/#\\\/schema\\\/person\\\/71d340cc825e058ae525fc2765f7c7ae\",\"name\":\"Mark Nadolny\",\"image\":{\"@type\":\"ImageObject\",\"inLanguage\":\"fr-FR\",\"@id\":\"https:\\\/\\\/secure.gravatar.com\\\/avatar\\\/fcfb5089af8db23b9347da3d181947b19f1cffb98b30f03fbe8f1973083d7e6b?s=96&d=identicon&r=g0693b2c18808f6337c03a29426292cc9\",\"url\":\"https:\\\/\\\/secure.gravatar.com\\\/avatar\\\/fcfb5089af8db23b9347da3d181947b19f1cffb98b30f03fbe8f1973083d7e6b?s=96&d=identicon&r=g\",\"contentUrl\":\"https:\\\/\\\/secure.gravatar.com\\\/avatar\\\/fcfb5089af8db23b9347da3d181947b19f1cffb98b30f03fbe8f1973083d7e6b?s=96&d=identicon&r=g\",\"caption\":\"Mark Nadolny\"},\"description\":\"Digital Media for the Canadian Olympic Team, I do that.\",\"url\":\"https:\\\/\\\/preprod.olympic.ca\\\/olympique\\\/author\\\/marknadonly\\\/\"}]}<\/script>\n<!-- \/ Yoast SEO plugin. -->","yoast_head_json":{"title":"La journ\u00e9e en photos - \u00c9quipe Canada | Site officiel de l&#039;\u00e9quipe olympique","robots":{"index":"index","follow":"follow","max-snippet":"max-snippet:-1","max-image-preview":"max-image-preview:large","max-video-preview":"max-video-preview:-1"},"canonical":"https:\/\/preprod.olympic.ca\/olympique\/2012\/08\/12\/la-journee-en-photos-18\/","og_locale":"fr_FR","og_type":"article","og_title":"La journ\u00e9e en photos - \u00c9quipe Canada | Site officiel de l&#039;\u00e9quipe olympique","og_description":"Images quotidiennes mettant en lumi\u00e8re l\u2019\u00c9quipe olympique canadienne en action aux Jeux olympiques de 2012 \u00e0 Londres.","og_url":"https:\/\/preprod.olympic.ca\/olympique\/2012\/08\/12\/la-journee-en-photos-18\/","og_site_name":"\u00c9quipe Canada | Site officiel de l&#039;\u00e9quipe olympique","article_published_time":"2012-08-13T01:24:02+00:00","og_image":[{"width":891,"height":543,"url":"https:\/\/preprod.olympic.ca\/olympique\/wp-content\/uploads\/sites\/2\/2012\/08\/03114773r_crop16.jpg?quality=100","type":"image\/jpeg"}],"author":"Mark Nadolny","twitter_card":"summary_large_image","twitter_misc":{"Written by":"Mark Nadolny"},"schema":{"@context":"https:\/\/schema.org","@graph":[{"@type":"Article","@id":"https:\/\/preprod.olympic.ca\/olympique\/2012\/08\/12\/la-journee-en-photos-18\/#article","isPartOf":{"@id":"https:\/\/preprod.olympic.ca\/olympique\/2012\/08\/12\/la-journee-en-photos-18\/"},"author":{"name":"Mark Nadolny","@id":"https:\/\/preprod.olympic.ca\/olympique\/#\/schema\/person\/71d340cc825e058ae525fc2765f7c7ae"},"headline":"La journ\u00e9e en photos","datePublished":"2012-08-13T01:24:02+00:00","mainEntityOfPage":{"@id":"https:\/\/preprod.olympic.ca\/olympique\/2012\/08\/12\/la-journee-en-photos-18\/"},"wordCount":27,"commentCount":0,"image":{"@id":"https:\/\/preprod.olympic.ca\/olympique\/2012\/08\/12\/la-journee-en-photos-18\/#primaryimage"},"thumbnailUrl":"https:\/\/preprod.olympic.ca\/olympique\/wp-content\/uploads\/sites\/2\/2012\/08\/03114773r_crop16.jpg?quality=100","articleSection":["Nouvelles de l'equipe"],"inLanguage":"fr-FR","potentialAction":[{"@type":"CommentAction","name":"Comment","target":["https:\/\/preprod.olympic.ca\/olympique\/2012\/08\/12\/la-journee-en-photos-18\/#respond"]}]},{"@type":"WebPage","@id":"https:\/\/preprod.olympic.ca\/olympique\/2012\/08\/12\/la-journee-en-photos-18\/","url":"https:\/\/preprod.olympic.ca\/olympique\/2012\/08\/12\/la-journee-en-photos-18\/","name":"La journ\u00e9e en photos - \u00c9quipe Canada | Site officiel de l&#039;\u00e9quipe olympique","isPartOf":{"@id":"https:\/\/preprod.olympic.ca\/olympique\/#website"},"primaryImageOfPage":{"@id":"https:\/\/preprod.olympic.ca\/olympique\/2012\/08\/12\/la-journee-en-photos-18\/#primaryimage"},"image":{"@id":"https:\/\/preprod.olympic.ca\/olympique\/2012\/08\/12\/la-journee-en-photos-18\/#primaryimage"},"thumbnailUrl":"https:\/\/preprod.olympic.ca\/olympique\/wp-content\/uploads\/sites\/2\/2012\/08\/03114773r_crop16.jpg?quality=100","datePublished":"2012-08-13T01:24:02+00:00","author":{"@id":"https:\/\/preprod.olympic.ca\/olympique\/#\/schema\/person\/71d340cc825e058ae525fc2765f7c7ae"},"inLanguage":"fr-FR","potentialAction":[{"@type":"ReadAction","target":["https:\/\/preprod.olympic.ca\/olympique\/2012\/08\/12\/la-journee-en-photos-18\/"]}]},{"@type":"ImageObject","inLanguage":"fr-FR","@id":"https:\/\/preprod.olympic.ca\/olympique\/2012\/08\/12\/la-journee-en-photos-18\/#primaryimage","url":"https:\/\/preprod.olympic.ca\/olympique\/wp-content\/uploads\/sites\/2\/2012\/08\/03114773r_crop16.jpg?quality=100","contentUrl":"https:\/\/preprod.olympic.ca\/olympique\/wp-content\/uploads\/sites\/2\/2012\/08\/03114773r_crop16.jpg?quality=100","width":891,"height":543,"caption":"Photo du COC par Frank Gunn"},{"@type":"WebSite","@id":"https:\/\/preprod.olympic.ca\/olympique\/#website","url":"https:\/\/preprod.olympic.ca\/olympique\/","name":"\u00c9quipe Canada | Site officiel de l&#039;\u00e9quipe olympique","description":"Votre source pour l\u2019\u00c9quipe olympique canadienne. Retrouvez les r\u00e9cits, vid\u00e9os et photos des athl\u00e8tes canadiens, sports olympiques, Jeux olympiques de 2020 et bien plus!","potentialAction":[{"@type":"SearchAction","target":{"@type":"EntryPoint","urlTemplate":"https:\/\/preprod.olympic.ca\/olympique\/?s={search_term_string}"},"query-input":{"@type":"PropertyValueSpecification","valueRequired":true,"valueName":"search_term_string"}}],"inLanguage":"fr-FR"},{"@type":"Person","@id":"https:\/\/preprod.olympic.ca\/olympique\/#\/schema\/person\/71d340cc825e058ae525fc2765f7c7ae","name":"Mark Nadolny","image":{"@type":"ImageObject","inLanguage":"fr-FR","@id":"https:\/\/secure.gravatar.com\/avatar\/fcfb5089af8db23b9347da3d181947b19f1cffb98b30f03fbe8f1973083d7e6b?s=96&d=identicon&r=g0693b2c18808f6337c03a29426292cc9","url":"https:\/\/secure.gravatar.com\/avatar\/fcfb5089af8db23b9347da3d181947b19f1cffb98b30f03fbe8f1973083d7e6b?s=96&d=identicon&r=g","contentUrl":"https:\/\/secure.gravatar.com\/avatar\/fcfb5089af8db23b9347da3d181947b19f1cffb98b30f03fbe8f1973083d7e6b?s=96&d=identicon&r=g","caption":"Mark Nadolny"},"description":"Digital Media for the Canadian Olympic Team, I do that.","url":"https:\/\/preprod.olympic.ca\/olympique\/author\/marknadonly\/"}]}},"jetpack_featured_media_url":"https:\/\/preprod.olympic.ca\/olympique\/wp-content\/uploads\/sites\/2\/2012\/08\/03114773r_crop16.jpg?quality=100","featured_image_url":"https:\/\/preprod.olympic.ca\/olympique\/wp-content\/uploads\/sites\/2\/2012\/08\/03114773r_crop16.jpg?quality=100","author_name":["Mark Nadolny"],"category_names":["Nouvelles de l'equipe"],"tag_names":[],"video_embed_code":"","facebook_video_embed_code":"","jetpack_sharing_enabled":true,"jetpack-related-posts":[],"jetpack_shortlink":"https:\/\/wp.me\/pcGHcP-aQ7","_links":{"self":[{"href":"https:\/\/preprod.olympic.ca\/olympique\/wp-json\/wp\/v2\/posts\/41671","targetHints":{"allow":["GET"]}}],"collection":[{"href":"https:\/\/preprod.olympic.ca\/olympique\/wp-json\/wp\/v2\/posts"}],"about":[{"href":"https:\/\/preprod.olympic.ca\/olympique\/wp-json\/wp\/v2\/types\/post"}],"author":[{"embeddable":true,"href":"https:\/\/preprod.olympic.ca\/olympique\/wp-json\/wp\/v2\/users\/52435436"}],"replies":[{"embeddable":true,"href":"https:\/\/preprod.olympic.ca\/olympique\/wp-json\/wp\/v2\/comments?post=41671"}],"version-history":[{"count":0,"href":"https:\/\/preprod.olympic.ca\/olympique\/wp-json\/wp\/v2\/posts\/41671\/revisions"}],"wp:featuredmedia":[{"embeddable":true,"href":"https:\/\/preprod.olympic.ca\/olympique\/wp-json\/wp\/v2\/media\/41680"}],"wp:attachment":[{"href":"https:\/\/preprod.olympic.ca\/olympique\/wp-json\/wp\/v2\/media?parent=41671"}],"wp:term":[{"taxonomy":"category","embeddable":true,"href":"https:\/\/preprod.olympic.ca\/olympique\/wp-json\/wp\/v2\/categories?post=41671"},{"taxonomy":"post_tag","embeddable":true,"href":"https:\/\/preprod.olympic.ca\/olympique\/wp-json\/wp\/v2\/tags?post=41671"},{"taxonomy":"post_format","embeddable":true,"href":"https:\/\/preprod.olympic.ca\/olympique\/wp-json\/wp\/v2\/post_format?post=41671"},{"taxonomy":"sport","embeddable":true,"href":"https:\/\/preprod.olympic.ca\/olympique\/wp-json\/wp\/v2\/sport?post=41671"},{"taxonomy":"game","embeddable":true,"href":"https:\/\/preprod.olympic.ca\/olympique\/wp-json\/wp\/v2\/game?post=41671"},{"taxonomy":"author","embeddable":true,"href":"https:\/\/preprod.olympic.ca\/olympique\/wp-json\/wp\/v2\/coauthors?post=41671"}],"curies":[{"name":"wp","href":"https:\/\/api.w.org\/{rel}","templated":true}]}}