{"id":41711,"date":"2012-08-13T13:00:03","date_gmt":"2012-08-13T17:00:03","guid":{"rendered":"http:\/\/preprod.olympic.ca\/?p=41711"},"modified":"2012-08-13T13:00:03","modified_gmt":"2012-08-13T17:00:03","slug":"une-celebration-rend-hommage-au-journaliste-randy-starkman","status":"publish","type":"post","link":"https:\/\/preprod.olympic.ca\/olympique\/2012\/08\/13\/une-celebration-rend-hommage-au-journaliste-randy-starkman\/","title":{"rendered":"Une c\u00e9l\u00e9bration rend hommage au journaliste Randy Starkman"},"content":{"rendered":"<p>\u00c0 l\u2019approche de la cl\u00f4ture des 51es Jeux olympiques, des Canadiens se sont rassembl\u00e9s pour rendre hommage \u00e0 la m\u00e9moire d\u2019une l\u00e9gende qui a racont\u00e9 une grande partie de l\u2019histoire canadienne \u00e0 12 \u00e9ditions de ces Jeux.<\/p>\n<p>Randy Starkman a particip\u00e9 aux Jeux olympiques non seulement comme journaliste, mais aussi comme ami et partisan des athl\u00e8tes et du Mouvement olympique canadien.<\/p>\n<p>La matin\u00e9e a \u00e9t\u00e9 douce-am\u00e8re \u00e0 la Maison olympique du Canada tandis que des membres de la famille et des amis de Starkman, y compris sa fille Ella, son fr\u00e8re Laurie, des athl\u00e8tes et des journalistes ont rendu hommage \u00e0 l\u2019homme qui trouvait les gens derri\u00e8re les athl\u00e8tes pour en raconter l\u2019histoire.<\/p>\n<p>V\u00eatus de t-shirts qui portaient la mention \u00ab\u00a0 Team Starkman\u00a0 \u00bb, les invit\u00e9s ont vers\u00e9 quelques larmes et fait part de souvenirs \u00e0 l\u2019occasion d\u2019un d\u00e9jeuner.<\/p>\n<p>Quadruple m\u00e9daill\u00e9e olympique, Marnie McBean a parl\u00e9 de Randy Starkman au nom des athl\u00e8tes canadiens.<\/p>\n<p>\u00ab\u00a0 Il \u00e9tait l\u00e0 lorsque nous \u00e9tions encore inconnus et nous a suivis jusqu\u2019\u00e0 ce que nous ayons un nom et c\u2019est pourquoi nous l\u2019aimerons toujours\u00a0 \u00bb, a-t-elle dit.<\/p>\n<p>Marcel Aubut, pr\u00e9sident du Comit\u00e9 olympique canadien, a promis de rendre hommage \u00e0 l\u2019h\u00e9ritage laiss\u00e9 par Starkman.<\/p>\n<p>\u00ab\u00a0 Nous continuerons de porter le flambeau qu\u2019il a allum\u00e9. Nous ferons en sorte que les Canadiens connaissent nos athl\u00e8tes \u2013 pas seulement pour le sport qu\u2019ils pratiquent \u2013, mais aussi pour les personnes qu\u2019ils sont\u00a0 \u00bb, a-t-il d\u00e9clar\u00e9.<\/p>\n<p>Laurie et Ella Starkman ont lu un po\u00e8me qu\u2019ils ont r\u00e9dig\u00e9 \u00e0 la m\u00e9moire de leur fr\u00e8re et p\u00e8re. Les invit\u00e9s sont pass\u00e9s des rires aux larmes et des larmes aux rires \u00e0 l\u2019\u00e9coute des mots bien choisis et pr\u00e9sent\u00e9s avec \u00e9loquence et passion par Ella et Laurie.<\/p>\n<p>\u00ab\u00a0 Cela repr\u00e9sente beaucoup \u00e0 mes yeux de voir qu\u2019il a touch\u00e9 la vie de nombreux d\u2019athl\u00e8tes d\u2019une fa\u00e7on si positive. Je me r\u00e9jouis de voir que je n\u2019\u00e9tais pas seule \u00e0 voir jusqu\u2019\u00e0 quel point il \u00e9tait remarquable\u00a0 \u00bb, a d\u00e9clar\u00e9 Ella apr\u00e8s avoir visionn\u00e9 un montage vid\u00e9o rempli d\u2019\u00e9motions dans lequel divers Olympiens racontaient leurs souvenirs pr\u00e9f\u00e9r\u00e9s de Starkman.<\/p>\n<p><em>\u2014 Kristina Velan<\/em><\/p>\n","protected":false},"excerpt":{"rendered":"<p>\u00c0 l\u2019approche de la cl\u00f4ture des 51es Jeux olympiques, des Canadiens se sont rassembl\u00e9s pour rendre hommage \u00e0 la m\u00e9moire&#8230;<\/p>\n","protected":false},"author":52435436,"featured_media":41709,"comment_status":"open","ping_status":"open","sticky":false,"template":"","format":"standard","meta":{"_acf_changed":false,"_jetpack_memberships_contains_paid_content":false,"footnotes":""},"categories":[707890],"tags":[],"post_format":"standard","sport":[],"game":[],"coauthors":[187838302],"class_list":["post-41711","post","type-post","status-publish","format-standard","has-post-thumbnail","hentry","category-comite"],"acf":[],"yoast_head":"<!-- This site is optimized with the Yoast SEO plugin v27.3 - https:\/\/yoast.com\/product\/yoast-seo-wordpress\/ -->\n<title>Une c\u00e9l\u00e9bration rend hommage au journaliste Randy Starkman - \u00c9quipe Canada | Site officiel de l&#039;\u00e9quipe olympique<\/title>\n<meta name=\"robots\" content=\"index, follow, max-snippet:-1, max-image-preview:large, max-video-preview:-1\" \/>\n<link rel=\"canonical\" href=\"https:\/\/preprod.olympic.ca\/olympique\/2012\/08\/13\/une-celebration-rend-hommage-au-journaliste-randy-starkman\/\" \/>\n<meta property=\"og:locale\" content=\"fr_FR\" \/>\n<meta property=\"og:type\" content=\"article\" \/>\n<meta property=\"og:title\" content=\"Une c\u00e9l\u00e9bration rend hommage au journaliste Randy Starkman - \u00c9quipe Canada | Site officiel de l&#039;\u00e9quipe olympique\" \/>\n<meta property=\"og:description\" content=\"\u00c0 l\u2019approche de la cl\u00f4ture des 51es Jeux olympiques, des Canadiens se sont rassembl\u00e9s pour rendre hommage \u00e0 la m\u00e9moire...\" \/>\n<meta property=\"og:url\" content=\"https:\/\/preprod.olympic.ca\/olympique\/2012\/08\/13\/une-celebration-rend-hommage-au-journaliste-randy-starkman\/\" \/>\n<meta property=\"og:site_name\" content=\"\u00c9quipe Canada | Site officiel de l&#039;\u00e9quipe olympique\" \/>\n<meta property=\"article:published_time\" content=\"2012-08-13T17:00:03+00:00\" \/>\n<meta property=\"og:image\" content=\"https:\/\/preprod.olympic.ca\/olympique\/wp-content\/uploads\/sites\/2\/2012\/08\/starkman_remember6.jpg?quality=100\" \/>\n\t<meta property=\"og:image:width\" content=\"1080\" \/>\n\t<meta property=\"og:image:height\" content=\"559\" \/>\n\t<meta property=\"og:image:type\" content=\"image\/jpeg\" \/>\n<meta name=\"author\" content=\"Mark Nadolny\" \/>\n<meta name=\"twitter:card\" content=\"summary_large_image\" \/>\n<meta name=\"twitter:label1\" content=\"Written by\" \/>\n\t<meta name=\"twitter:data1\" content=\"Mark Nadolny\" \/>\n\t<meta name=\"twitter:label2\" content=\"Est. reading time\" \/>\n\t<meta name=\"twitter:data2\" content=\"2 minutes\" \/>\n<script type=\"application\/ld+json\" class=\"yoast-schema-graph\">{\"@context\":\"https:\\\/\\\/schema.org\",\"@graph\":[{\"@type\":\"Article\",\"@id\":\"https:\\\/\\\/preprod.olympic.ca\\\/olympique\\\/2012\\\/08\\\/13\\\/une-celebration-rend-hommage-au-journaliste-randy-starkman\\\/#article\",\"isPartOf\":{\"@id\":\"https:\\\/\\\/preprod.olympic.ca\\\/olympique\\\/2012\\\/08\\\/13\\\/une-celebration-rend-hommage-au-journaliste-randy-starkman\\\/\"},\"author\":{\"name\":\"Mark Nadolny\",\"@id\":\"https:\\\/\\\/preprod.olympic.ca\\\/olympique\\\/#\\\/schema\\\/person\\\/71d340cc825e058ae525fc2765f7c7ae\"},\"headline\":\"Une c\u00e9l\u00e9bration rend hommage au journaliste Randy Starkman\",\"datePublished\":\"2012-08-13T17:00:03+00:00\",\"mainEntityOfPage\":{\"@id\":\"https:\\\/\\\/preprod.olympic.ca\\\/olympique\\\/2012\\\/08\\\/13\\\/une-celebration-rend-hommage-au-journaliste-randy-starkman\\\/\"},\"wordCount\":398,\"commentCount\":0,\"image\":{\"@id\":\"https:\\\/\\\/preprod.olympic.ca\\\/olympique\\\/2012\\\/08\\\/13\\\/une-celebration-rend-hommage-au-journaliste-randy-starkman\\\/#primaryimage\"},\"thumbnailUrl\":\"https:\\\/\\\/preprod.olympic.ca\\\/olympique\\\/wp-content\\\/uploads\\\/sites\\\/2\\\/2012\\\/08\\\/starkman_remember6.jpg?quality=100\",\"articleSection\":[\"Derni\u00e8res nouvelles\"],\"inLanguage\":\"fr-FR\",\"potentialAction\":[{\"@type\":\"CommentAction\",\"name\":\"Comment\",\"target\":[\"https:\\\/\\\/preprod.olympic.ca\\\/olympique\\\/2012\\\/08\\\/13\\\/une-celebration-rend-hommage-au-journaliste-randy-starkman\\\/#respond\"]}]},{\"@type\":\"WebPage\",\"@id\":\"https:\\\/\\\/preprod.olympic.ca\\\/olympique\\\/2012\\\/08\\\/13\\\/une-celebration-rend-hommage-au-journaliste-randy-starkman\\\/\",\"url\":\"https:\\\/\\\/preprod.olympic.ca\\\/olympique\\\/2012\\\/08\\\/13\\\/une-celebration-rend-hommage-au-journaliste-randy-starkman\\\/\",\"name\":\"Une c\u00e9l\u00e9bration rend hommage au journaliste Randy Starkman - \u00c9quipe Canada | Site officiel de l&#039;\u00e9quipe olympique\",\"isPartOf\":{\"@id\":\"https:\\\/\\\/preprod.olympic.ca\\\/olympique\\\/#website\"},\"primaryImageOfPage\":{\"@id\":\"https:\\\/\\\/preprod.olympic.ca\\\/olympique\\\/2012\\\/08\\\/13\\\/une-celebration-rend-hommage-au-journaliste-randy-starkman\\\/#primaryimage\"},\"image\":{\"@id\":\"https:\\\/\\\/preprod.olympic.ca\\\/olympique\\\/2012\\\/08\\\/13\\\/une-celebration-rend-hommage-au-journaliste-randy-starkman\\\/#primaryimage\"},\"thumbnailUrl\":\"https:\\\/\\\/preprod.olympic.ca\\\/olympique\\\/wp-content\\\/uploads\\\/sites\\\/2\\\/2012\\\/08\\\/starkman_remember6.jpg?quality=100\",\"datePublished\":\"2012-08-13T17:00:03+00:00\",\"author\":{\"@id\":\"https:\\\/\\\/preprod.olympic.ca\\\/olympique\\\/#\\\/schema\\\/person\\\/71d340cc825e058ae525fc2765f7c7ae\"},\"inLanguage\":\"fr-FR\",\"potentialAction\":[{\"@type\":\"ReadAction\",\"target\":[\"https:\\\/\\\/preprod.olympic.ca\\\/olympique\\\/2012\\\/08\\\/13\\\/une-celebration-rend-hommage-au-journaliste-randy-starkman\\\/\"]}]},{\"@type\":\"ImageObject\",\"inLanguage\":\"fr-FR\",\"@id\":\"https:\\\/\\\/preprod.olympic.ca\\\/olympique\\\/2012\\\/08\\\/13\\\/une-celebration-rend-hommage-au-journaliste-randy-starkman\\\/#primaryimage\",\"url\":\"https:\\\/\\\/preprod.olympic.ca\\\/olympique\\\/wp-content\\\/uploads\\\/sites\\\/2\\\/2012\\\/08\\\/starkman_remember6.jpg?quality=100\",\"contentUrl\":\"https:\\\/\\\/preprod.olympic.ca\\\/olympique\\\/wp-content\\\/uploads\\\/sites\\\/2\\\/2012\\\/08\\\/starkman_remember6.jpg?quality=100\",\"width\":1080,\"height\":559},{\"@type\":\"WebSite\",\"@id\":\"https:\\\/\\\/preprod.olympic.ca\\\/olympique\\\/#website\",\"url\":\"https:\\\/\\\/preprod.olympic.ca\\\/olympique\\\/\",\"name\":\"\u00c9quipe Canada | Site officiel de l&#039;\u00e9quipe olympique\",\"description\":\"Votre source pour l\u2019\u00c9quipe olympique canadienne. Retrouvez les r\u00e9cits, vid\u00e9os et photos des athl\u00e8tes canadiens, sports olympiques, Jeux olympiques de 2020 et bien plus!\",\"potentialAction\":[{\"@type\":\"SearchAction\",\"target\":{\"@type\":\"EntryPoint\",\"urlTemplate\":\"https:\\\/\\\/preprod.olympic.ca\\\/olympique\\\/?s={search_term_string}\"},\"query-input\":{\"@type\":\"PropertyValueSpecification\",\"valueRequired\":true,\"valueName\":\"search_term_string\"}}],\"inLanguage\":\"fr-FR\"},{\"@type\":\"Person\",\"@id\":\"https:\\\/\\\/preprod.olympic.ca\\\/olympique\\\/#\\\/schema\\\/person\\\/71d340cc825e058ae525fc2765f7c7ae\",\"name\":\"Mark Nadolny\",\"image\":{\"@type\":\"ImageObject\",\"inLanguage\":\"fr-FR\",\"@id\":\"https:\\\/\\\/secure.gravatar.com\\\/avatar\\\/fcfb5089af8db23b9347da3d181947b19f1cffb98b30f03fbe8f1973083d7e6b?s=96&d=identicon&r=g0693b2c18808f6337c03a29426292cc9\",\"url\":\"https:\\\/\\\/secure.gravatar.com\\\/avatar\\\/fcfb5089af8db23b9347da3d181947b19f1cffb98b30f03fbe8f1973083d7e6b?s=96&d=identicon&r=g\",\"contentUrl\":\"https:\\\/\\\/secure.gravatar.com\\\/avatar\\\/fcfb5089af8db23b9347da3d181947b19f1cffb98b30f03fbe8f1973083d7e6b?s=96&d=identicon&r=g\",\"caption\":\"Mark Nadolny\"},\"description\":\"Digital Media for the Canadian Olympic Team, I do that.\",\"url\":\"https:\\\/\\\/preprod.olympic.ca\\\/olympique\\\/author\\\/marknadonly\\\/\"}]}<\/script>\n<!-- \/ Yoast SEO plugin. -->","yoast_head_json":{"title":"Une c\u00e9l\u00e9bration rend hommage au journaliste Randy Starkman - \u00c9quipe Canada | Site officiel de l&#039;\u00e9quipe olympique","robots":{"index":"index","follow":"follow","max-snippet":"max-snippet:-1","max-image-preview":"max-image-preview:large","max-video-preview":"max-video-preview:-1"},"canonical":"https:\/\/preprod.olympic.ca\/olympique\/2012\/08\/13\/une-celebration-rend-hommage-au-journaliste-randy-starkman\/","og_locale":"fr_FR","og_type":"article","og_title":"Une c\u00e9l\u00e9bration rend hommage au journaliste Randy Starkman - \u00c9quipe Canada | Site officiel de l&#039;\u00e9quipe olympique","og_description":"\u00c0 l\u2019approche de la cl\u00f4ture des 51es Jeux olympiques, des Canadiens se sont rassembl\u00e9s pour rendre hommage \u00e0 la m\u00e9moire...","og_url":"https:\/\/preprod.olympic.ca\/olympique\/2012\/08\/13\/une-celebration-rend-hommage-au-journaliste-randy-starkman\/","og_site_name":"\u00c9quipe Canada | Site officiel de l&#039;\u00e9quipe olympique","article_published_time":"2012-08-13T17:00:03+00:00","og_image":[{"width":1080,"height":559,"url":"https:\/\/preprod.olympic.ca\/olympique\/wp-content\/uploads\/sites\/2\/2012\/08\/starkman_remember6.jpg?quality=100","type":"image\/jpeg"}],"author":"Mark Nadolny","twitter_card":"summary_large_image","twitter_misc":{"Written by":"Mark Nadolny","Est. reading time":"2 minutes"},"schema":{"@context":"https:\/\/schema.org","@graph":[{"@type":"Article","@id":"https:\/\/preprod.olympic.ca\/olympique\/2012\/08\/13\/une-celebration-rend-hommage-au-journaliste-randy-starkman\/#article","isPartOf":{"@id":"https:\/\/preprod.olympic.ca\/olympique\/2012\/08\/13\/une-celebration-rend-hommage-au-journaliste-randy-starkman\/"},"author":{"name":"Mark Nadolny","@id":"https:\/\/preprod.olympic.ca\/olympique\/#\/schema\/person\/71d340cc825e058ae525fc2765f7c7ae"},"headline":"Une c\u00e9l\u00e9bration rend hommage au journaliste Randy Starkman","datePublished":"2012-08-13T17:00:03+00:00","mainEntityOfPage":{"@id":"https:\/\/preprod.olympic.ca\/olympique\/2012\/08\/13\/une-celebration-rend-hommage-au-journaliste-randy-starkman\/"},"wordCount":398,"commentCount":0,"image":{"@id":"https:\/\/preprod.olympic.ca\/olympique\/2012\/08\/13\/une-celebration-rend-hommage-au-journaliste-randy-starkman\/#primaryimage"},"thumbnailUrl":"https:\/\/preprod.olympic.ca\/olympique\/wp-content\/uploads\/sites\/2\/2012\/08\/starkman_remember6.jpg?quality=100","articleSection":["Derni\u00e8res nouvelles"],"inLanguage":"fr-FR","potentialAction":[{"@type":"CommentAction","name":"Comment","target":["https:\/\/preprod.olympic.ca\/olympique\/2012\/08\/13\/une-celebration-rend-hommage-au-journaliste-randy-starkman\/#respond"]}]},{"@type":"WebPage","@id":"https:\/\/preprod.olympic.ca\/olympique\/2012\/08\/13\/une-celebration-rend-hommage-au-journaliste-randy-starkman\/","url":"https:\/\/preprod.olympic.ca\/olympique\/2012\/08\/13\/une-celebration-rend-hommage-au-journaliste-randy-starkman\/","name":"Une c\u00e9l\u00e9bration rend hommage au journaliste Randy Starkman - \u00c9quipe Canada | Site officiel de l&#039;\u00e9quipe olympique","isPartOf":{"@id":"https:\/\/preprod.olympic.ca\/olympique\/#website"},"primaryImageOfPage":{"@id":"https:\/\/preprod.olympic.ca\/olympique\/2012\/08\/13\/une-celebration-rend-hommage-au-journaliste-randy-starkman\/#primaryimage"},"image":{"@id":"https:\/\/preprod.olympic.ca\/olympique\/2012\/08\/13\/une-celebration-rend-hommage-au-journaliste-randy-starkman\/#primaryimage"},"thumbnailUrl":"https:\/\/preprod.olympic.ca\/olympique\/wp-content\/uploads\/sites\/2\/2012\/08\/starkman_remember6.jpg?quality=100","datePublished":"2012-08-13T17:00:03+00:00","author":{"@id":"https:\/\/preprod.olympic.ca\/olympique\/#\/schema\/person\/71d340cc825e058ae525fc2765f7c7ae"},"inLanguage":"fr-FR","potentialAction":[{"@type":"ReadAction","target":["https:\/\/preprod.olympic.ca\/olympique\/2012\/08\/13\/une-celebration-rend-hommage-au-journaliste-randy-starkman\/"]}]},{"@type":"ImageObject","inLanguage":"fr-FR","@id":"https:\/\/preprod.olympic.ca\/olympique\/2012\/08\/13\/une-celebration-rend-hommage-au-journaliste-randy-starkman\/#primaryimage","url":"https:\/\/preprod.olympic.ca\/olympique\/wp-content\/uploads\/sites\/2\/2012\/08\/starkman_remember6.jpg?quality=100","contentUrl":"https:\/\/preprod.olympic.ca\/olympique\/wp-content\/uploads\/sites\/2\/2012\/08\/starkman_remember6.jpg?quality=100","width":1080,"height":559},{"@type":"WebSite","@id":"https:\/\/preprod.olympic.ca\/olympique\/#website","url":"https:\/\/preprod.olympic.ca\/olympique\/","name":"\u00c9quipe Canada | Site officiel de l&#039;\u00e9quipe olympique","description":"Votre source pour l\u2019\u00c9quipe olympique canadienne. Retrouvez les r\u00e9cits, vid\u00e9os et photos des athl\u00e8tes canadiens, sports olympiques, Jeux olympiques de 2020 et bien plus!","potentialAction":[{"@type":"SearchAction","target":{"@type":"EntryPoint","urlTemplate":"https:\/\/preprod.olympic.ca\/olympique\/?s={search_term_string}"},"query-input":{"@type":"PropertyValueSpecification","valueRequired":true,"valueName":"search_term_string"}}],"inLanguage":"fr-FR"},{"@type":"Person","@id":"https:\/\/preprod.olympic.ca\/olympique\/#\/schema\/person\/71d340cc825e058ae525fc2765f7c7ae","name":"Mark Nadolny","image":{"@type":"ImageObject","inLanguage":"fr-FR","@id":"https:\/\/secure.gravatar.com\/avatar\/fcfb5089af8db23b9347da3d181947b19f1cffb98b30f03fbe8f1973083d7e6b?s=96&d=identicon&r=g0693b2c18808f6337c03a29426292cc9","url":"https:\/\/secure.gravatar.com\/avatar\/fcfb5089af8db23b9347da3d181947b19f1cffb98b30f03fbe8f1973083d7e6b?s=96&d=identicon&r=g","contentUrl":"https:\/\/secure.gravatar.com\/avatar\/fcfb5089af8db23b9347da3d181947b19f1cffb98b30f03fbe8f1973083d7e6b?s=96&d=identicon&r=g","caption":"Mark Nadolny"},"description":"Digital Media for the Canadian Olympic Team, I do that.","url":"https:\/\/preprod.olympic.ca\/olympique\/author\/marknadonly\/"}]}},"jetpack_featured_media_url":"https:\/\/preprod.olympic.ca\/olympique\/wp-content\/uploads\/sites\/2\/2012\/08\/starkman_remember6.jpg?quality=100","featured_image_url":"https:\/\/preprod.olympic.ca\/olympique\/wp-content\/uploads\/sites\/2\/2012\/08\/starkman_remember6.jpg?quality=100","author_name":["Mark Nadolny"],"category_names":["Derni\u00e8res nouvelles"],"tag_names":[],"video_embed_code":"","facebook_video_embed_code":"","jetpack_sharing_enabled":true,"jetpack-related-posts":[],"jetpack_shortlink":"https:\/\/wp.me\/pcGHcP-aQL","_links":{"self":[{"href":"https:\/\/preprod.olympic.ca\/olympique\/wp-json\/wp\/v2\/posts\/41711","targetHints":{"allow":["GET"]}}],"collection":[{"href":"https:\/\/preprod.olympic.ca\/olympique\/wp-json\/wp\/v2\/posts"}],"about":[{"href":"https:\/\/preprod.olympic.ca\/olympique\/wp-json\/wp\/v2\/types\/post"}],"author":[{"embeddable":true,"href":"https:\/\/preprod.olympic.ca\/olympique\/wp-json\/wp\/v2\/users\/52435436"}],"replies":[{"embeddable":true,"href":"https:\/\/preprod.olympic.ca\/olympique\/wp-json\/wp\/v2\/comments?post=41711"}],"version-history":[{"count":0,"href":"https:\/\/preprod.olympic.ca\/olympique\/wp-json\/wp\/v2\/posts\/41711\/revisions"}],"wp:featuredmedia":[{"embeddable":true,"href":"https:\/\/preprod.olympic.ca\/olympique\/wp-json\/wp\/v2\/media\/41709"}],"wp:attachment":[{"href":"https:\/\/preprod.olympic.ca\/olympique\/wp-json\/wp\/v2\/media?parent=41711"}],"wp:term":[{"taxonomy":"category","embeddable":true,"href":"https:\/\/preprod.olympic.ca\/olympique\/wp-json\/wp\/v2\/categories?post=41711"},{"taxonomy":"post_tag","embeddable":true,"href":"https:\/\/preprod.olympic.ca\/olympique\/wp-json\/wp\/v2\/tags?post=41711"},{"taxonomy":"post_format","embeddable":true,"href":"https:\/\/preprod.olympic.ca\/olympique\/wp-json\/wp\/v2\/post_format?post=41711"},{"taxonomy":"sport","embeddable":true,"href":"https:\/\/preprod.olympic.ca\/olympique\/wp-json\/wp\/v2\/sport?post=41711"},{"taxonomy":"game","embeddable":true,"href":"https:\/\/preprod.olympic.ca\/olympique\/wp-json\/wp\/v2\/game?post=41711"},{"taxonomy":"author","embeddable":true,"href":"https:\/\/preprod.olympic.ca\/olympique\/wp-json\/wp\/v2\/coauthors?post=41711"}],"curies":[{"name":"wp","href":"https:\/\/api.w.org\/{rel}","templated":true}]}}