{"id":41758,"date":"2012-08-13T15:00:40","date_gmt":"2012-08-13T19:00:40","guid":{"rendered":"http:\/\/preprod.olympic.ca\/?p=41758"},"modified":"2012-08-13T15:00:40","modified_gmt":"2012-08-13T19:00:40","slug":"la-maison-olympique-du-canada-ferme-ses-portes-en-grand","status":"publish","type":"post","link":"https:\/\/preprod.olympic.ca\/olympique\/2012\/08\/13\/la-maison-olympique-du-canada-ferme-ses-portes-en-grand\/","title":{"rendered":"La Maison olympique du Canada ferme ses portes en grand"},"content":{"rendered":"<p>La f\u00eate a pris fin sur un point d\u2019orgue.<\/p>\n<p>Les Canadiens se sont rassembl\u00e9s \u00e0 la Maison olympique du Canada, \u00e0 Trafalgar Square, pour une derni\u00e8re fois pour regarder la c\u00e9r\u00e9monie de cl\u00f4ture des Jeux olympiques de 2012 \u00e0 Londres.<\/p>\n<p>Olympiens et b\u00e9n\u00e9voles, jeunes et moins jeunes, tous arborant la feuille d\u2019\u00e9rable ch\u00e9rie sur leur chandail, casquette et m\u00eame visage, se sont post\u00e9s devant les \u00e9crans dans le salon des c\u00e9l\u00e9brations pour assister \u00e0 la conclusion des Jeux olympiques.<\/p>\n<p>Derek Kent, chef du marketing au Comit\u00e9 olympique canadien, a r\u00e9sum\u00e9 les deux semaines de c\u00e9l\u00e9bration et de fiert\u00e9 auxquelles on a assist\u00e9 \u00e0 la Maison olympique du Canada.<\/p>\n<p>\u00ab\u00a0 Comme endroit d\u00e9sign\u00e9 pour les amis et la famille de nos athl\u00e8tes, la Maison olympique du Canada a d\u00e9pass\u00e9 nos attentes\u00a0 \u00bb, a-t-il fait valoir. \u00ab\u00a0 Tous les jours, la Maison a regorg\u00e9 d\u2019une \u00e9nergie incroyable&#8230; 1\u00a0 500 personnes en ont franchi les portes tous les jours. Le prince Harry, Boris Johnson, maire de Londres, et Kim Cattrall, de l\u2019\u00e9mission Sexe \u00e0 New York, nous ont rendu visite. Nous avons pr\u00e9sent\u00e9 environ 50 \u00e9v\u00e9nements \u00e0 la Maison au cours de la p\u00e9riode de deux semaines, y compris 18 c\u00e9l\u00e9brations en l\u2019honneur de m\u00e9dailles. Ce fut merveilleux.\u00a0 \u00bb<\/p>\n<p><em>\u2014 Kristina Velan<\/em><\/p>\n","protected":false},"excerpt":{"rendered":"<p>La f\u00eate a pris fin sur un point d\u2019orgue. Les Canadiens se sont rassembl\u00e9s \u00e0 la Maison olympique du Canada,&#8230;<\/p>\n","protected":false},"author":52435436,"featured_media":41756,"comment_status":"open","ping_status":"open","sticky":false,"template":"","format":"standard","meta":{"_acf_changed":false,"_jetpack_memberships_contains_paid_content":false,"footnotes":""},"categories":[707890],"tags":[],"post_format":"standard","sport":[],"game":[],"coauthors":[187838302],"class_list":["post-41758","post","type-post","status-publish","format-standard","has-post-thumbnail","hentry","category-comite"],"acf":[],"yoast_head":"<!-- This site is optimized with the Yoast SEO plugin v27.3 - https:\/\/yoast.com\/product\/yoast-seo-wordpress\/ -->\n<title>La Maison olympique du Canada ferme ses portes en grand - \u00c9quipe Canada | Site officiel de l&#039;\u00e9quipe olympique<\/title>\n<meta name=\"robots\" content=\"index, follow, max-snippet:-1, max-image-preview:large, max-video-preview:-1\" \/>\n<link rel=\"canonical\" href=\"https:\/\/preprod.olympic.ca\/olympique\/2012\/08\/13\/la-maison-olympique-du-canada-ferme-ses-portes-en-grand\/\" \/>\n<meta property=\"og:locale\" content=\"fr_FR\" \/>\n<meta property=\"og:type\" content=\"article\" \/>\n<meta property=\"og:title\" content=\"La Maison olympique du Canada ferme ses portes en grand - \u00c9quipe Canada | Site officiel de l&#039;\u00e9quipe olympique\" \/>\n<meta property=\"og:description\" content=\"La f\u00eate a pris fin sur un point d\u2019orgue. Les Canadiens se sont rassembl\u00e9s \u00e0 la Maison olympique du Canada,...\" \/>\n<meta property=\"og:url\" content=\"https:\/\/preprod.olympic.ca\/olympique\/2012\/08\/13\/la-maison-olympique-du-canada-ferme-ses-portes-en-grand\/\" \/>\n<meta property=\"og:site_name\" content=\"\u00c9quipe Canada | Site officiel de l&#039;\u00e9quipe olympique\" \/>\n<meta property=\"article:published_time\" content=\"2012-08-13T19:00:40+00:00\" \/>\n<meta property=\"og:image\" content=\"https:\/\/preprod.olympic.ca\/olympique\/wp-content\/uploads\/sites\/2\/2012\/08\/closing_forweb6.jpg?quality=100\" \/>\n\t<meta property=\"og:image:width\" content=\"1210\" \/>\n\t<meta property=\"og:image:height\" content=\"868\" \/>\n\t<meta property=\"og:image:type\" content=\"image\/jpeg\" \/>\n<meta name=\"author\" content=\"Mark Nadolny\" \/>\n<meta name=\"twitter:card\" content=\"summary_large_image\" \/>\n<meta name=\"twitter:label1\" content=\"Written by\" \/>\n\t<meta name=\"twitter:data1\" content=\"Mark Nadolny\" \/>\n\t<meta name=\"twitter:label2\" content=\"Est. reading time\" \/>\n\t<meta name=\"twitter:data2\" content=\"1 minute\" \/>\n<script type=\"application\/ld+json\" class=\"yoast-schema-graph\">{\"@context\":\"https:\\\/\\\/schema.org\",\"@graph\":[{\"@type\":\"Article\",\"@id\":\"https:\\\/\\\/preprod.olympic.ca\\\/olympique\\\/2012\\\/08\\\/13\\\/la-maison-olympique-du-canada-ferme-ses-portes-en-grand\\\/#article\",\"isPartOf\":{\"@id\":\"https:\\\/\\\/preprod.olympic.ca\\\/olympique\\\/2012\\\/08\\\/13\\\/la-maison-olympique-du-canada-ferme-ses-portes-en-grand\\\/\"},\"author\":{\"name\":\"Mark Nadolny\",\"@id\":\"https:\\\/\\\/preprod.olympic.ca\\\/olympique\\\/#\\\/schema\\\/person\\\/71d340cc825e058ae525fc2765f7c7ae\"},\"headline\":\"La Maison olympique du Canada ferme ses portes en grand\",\"datePublished\":\"2012-08-13T19:00:40+00:00\",\"mainEntityOfPage\":{\"@id\":\"https:\\\/\\\/preprod.olympic.ca\\\/olympique\\\/2012\\\/08\\\/13\\\/la-maison-olympique-du-canada-ferme-ses-portes-en-grand\\\/\"},\"wordCount\":232,\"commentCount\":0,\"image\":{\"@id\":\"https:\\\/\\\/preprod.olympic.ca\\\/olympique\\\/2012\\\/08\\\/13\\\/la-maison-olympique-du-canada-ferme-ses-portes-en-grand\\\/#primaryimage\"},\"thumbnailUrl\":\"https:\\\/\\\/preprod.olympic.ca\\\/olympique\\\/wp-content\\\/uploads\\\/sites\\\/2\\\/2012\\\/08\\\/closing_forweb6.jpg?quality=100\",\"articleSection\":[\"Derni\u00e8res nouvelles\"],\"inLanguage\":\"fr-FR\",\"potentialAction\":[{\"@type\":\"CommentAction\",\"name\":\"Comment\",\"target\":[\"https:\\\/\\\/preprod.olympic.ca\\\/olympique\\\/2012\\\/08\\\/13\\\/la-maison-olympique-du-canada-ferme-ses-portes-en-grand\\\/#respond\"]}]},{\"@type\":\"WebPage\",\"@id\":\"https:\\\/\\\/preprod.olympic.ca\\\/olympique\\\/2012\\\/08\\\/13\\\/la-maison-olympique-du-canada-ferme-ses-portes-en-grand\\\/\",\"url\":\"https:\\\/\\\/preprod.olympic.ca\\\/olympique\\\/2012\\\/08\\\/13\\\/la-maison-olympique-du-canada-ferme-ses-portes-en-grand\\\/\",\"name\":\"La Maison olympique du Canada ferme ses portes en grand - \u00c9quipe Canada | Site officiel de l&#039;\u00e9quipe olympique\",\"isPartOf\":{\"@id\":\"https:\\\/\\\/preprod.olympic.ca\\\/olympique\\\/#website\"},\"primaryImageOfPage\":{\"@id\":\"https:\\\/\\\/preprod.olympic.ca\\\/olympique\\\/2012\\\/08\\\/13\\\/la-maison-olympique-du-canada-ferme-ses-portes-en-grand\\\/#primaryimage\"},\"image\":{\"@id\":\"https:\\\/\\\/preprod.olympic.ca\\\/olympique\\\/2012\\\/08\\\/13\\\/la-maison-olympique-du-canada-ferme-ses-portes-en-grand\\\/#primaryimage\"},\"thumbnailUrl\":\"https:\\\/\\\/preprod.olympic.ca\\\/olympique\\\/wp-content\\\/uploads\\\/sites\\\/2\\\/2012\\\/08\\\/closing_forweb6.jpg?quality=100\",\"datePublished\":\"2012-08-13T19:00:40+00:00\",\"author\":{\"@id\":\"https:\\\/\\\/preprod.olympic.ca\\\/olympique\\\/#\\\/schema\\\/person\\\/71d340cc825e058ae525fc2765f7c7ae\"},\"inLanguage\":\"fr-FR\",\"potentialAction\":[{\"@type\":\"ReadAction\",\"target\":[\"https:\\\/\\\/preprod.olympic.ca\\\/olympique\\\/2012\\\/08\\\/13\\\/la-maison-olympique-du-canada-ferme-ses-portes-en-grand\\\/\"]}]},{\"@type\":\"ImageObject\",\"inLanguage\":\"fr-FR\",\"@id\":\"https:\\\/\\\/preprod.olympic.ca\\\/olympique\\\/2012\\\/08\\\/13\\\/la-maison-olympique-du-canada-ferme-ses-portes-en-grand\\\/#primaryimage\",\"url\":\"https:\\\/\\\/preprod.olympic.ca\\\/olympique\\\/wp-content\\\/uploads\\\/sites\\\/2\\\/2012\\\/08\\\/closing_forweb6.jpg?quality=100\",\"contentUrl\":\"https:\\\/\\\/preprod.olympic.ca\\\/olympique\\\/wp-content\\\/uploads\\\/sites\\\/2\\\/2012\\\/08\\\/closing_forweb6.jpg?quality=100\",\"width\":1210,\"height\":868},{\"@type\":\"WebSite\",\"@id\":\"https:\\\/\\\/preprod.olympic.ca\\\/olympique\\\/#website\",\"url\":\"https:\\\/\\\/preprod.olympic.ca\\\/olympique\\\/\",\"name\":\"\u00c9quipe Canada | Site officiel de l&#039;\u00e9quipe olympique\",\"description\":\"Votre source pour l\u2019\u00c9quipe olympique canadienne. Retrouvez les r\u00e9cits, vid\u00e9os et photos des athl\u00e8tes canadiens, sports olympiques, Jeux olympiques de 2020 et bien plus!\",\"potentialAction\":[{\"@type\":\"SearchAction\",\"target\":{\"@type\":\"EntryPoint\",\"urlTemplate\":\"https:\\\/\\\/preprod.olympic.ca\\\/olympique\\\/?s={search_term_string}\"},\"query-input\":{\"@type\":\"PropertyValueSpecification\",\"valueRequired\":true,\"valueName\":\"search_term_string\"}}],\"inLanguage\":\"fr-FR\"},{\"@type\":\"Person\",\"@id\":\"https:\\\/\\\/preprod.olympic.ca\\\/olympique\\\/#\\\/schema\\\/person\\\/71d340cc825e058ae525fc2765f7c7ae\",\"name\":\"Mark Nadolny\",\"image\":{\"@type\":\"ImageObject\",\"inLanguage\":\"fr-FR\",\"@id\":\"https:\\\/\\\/secure.gravatar.com\\\/avatar\\\/fcfb5089af8db23b9347da3d181947b19f1cffb98b30f03fbe8f1973083d7e6b?s=96&d=identicon&r=g0693b2c18808f6337c03a29426292cc9\",\"url\":\"https:\\\/\\\/secure.gravatar.com\\\/avatar\\\/fcfb5089af8db23b9347da3d181947b19f1cffb98b30f03fbe8f1973083d7e6b?s=96&d=identicon&r=g\",\"contentUrl\":\"https:\\\/\\\/secure.gravatar.com\\\/avatar\\\/fcfb5089af8db23b9347da3d181947b19f1cffb98b30f03fbe8f1973083d7e6b?s=96&d=identicon&r=g\",\"caption\":\"Mark Nadolny\"},\"description\":\"Digital Media for the Canadian Olympic Team, I do that.\",\"url\":\"https:\\\/\\\/preprod.olympic.ca\\\/olympique\\\/author\\\/marknadonly\\\/\"}]}<\/script>\n<!-- \/ Yoast SEO plugin. -->","yoast_head_json":{"title":"La Maison olympique du Canada ferme ses portes en grand - \u00c9quipe Canada | Site officiel de l&#039;\u00e9quipe olympique","robots":{"index":"index","follow":"follow","max-snippet":"max-snippet:-1","max-image-preview":"max-image-preview:large","max-video-preview":"max-video-preview:-1"},"canonical":"https:\/\/preprod.olympic.ca\/olympique\/2012\/08\/13\/la-maison-olympique-du-canada-ferme-ses-portes-en-grand\/","og_locale":"fr_FR","og_type":"article","og_title":"La Maison olympique du Canada ferme ses portes en grand - \u00c9quipe Canada | Site officiel de l&#039;\u00e9quipe olympique","og_description":"La f\u00eate a pris fin sur un point d\u2019orgue. Les Canadiens se sont rassembl\u00e9s \u00e0 la Maison olympique du Canada,...","og_url":"https:\/\/preprod.olympic.ca\/olympique\/2012\/08\/13\/la-maison-olympique-du-canada-ferme-ses-portes-en-grand\/","og_site_name":"\u00c9quipe Canada | Site officiel de l&#039;\u00e9quipe olympique","article_published_time":"2012-08-13T19:00:40+00:00","og_image":[{"width":1210,"height":868,"url":"https:\/\/preprod.olympic.ca\/olympique\/wp-content\/uploads\/sites\/2\/2012\/08\/closing_forweb6.jpg?quality=100","type":"image\/jpeg"}],"author":"Mark Nadolny","twitter_card":"summary_large_image","twitter_misc":{"Written by":"Mark Nadolny","Est. reading time":"1 minute"},"schema":{"@context":"https:\/\/schema.org","@graph":[{"@type":"Article","@id":"https:\/\/preprod.olympic.ca\/olympique\/2012\/08\/13\/la-maison-olympique-du-canada-ferme-ses-portes-en-grand\/#article","isPartOf":{"@id":"https:\/\/preprod.olympic.ca\/olympique\/2012\/08\/13\/la-maison-olympique-du-canada-ferme-ses-portes-en-grand\/"},"author":{"name":"Mark Nadolny","@id":"https:\/\/preprod.olympic.ca\/olympique\/#\/schema\/person\/71d340cc825e058ae525fc2765f7c7ae"},"headline":"La Maison olympique du Canada ferme ses portes en grand","datePublished":"2012-08-13T19:00:40+00:00","mainEntityOfPage":{"@id":"https:\/\/preprod.olympic.ca\/olympique\/2012\/08\/13\/la-maison-olympique-du-canada-ferme-ses-portes-en-grand\/"},"wordCount":232,"commentCount":0,"image":{"@id":"https:\/\/preprod.olympic.ca\/olympique\/2012\/08\/13\/la-maison-olympique-du-canada-ferme-ses-portes-en-grand\/#primaryimage"},"thumbnailUrl":"https:\/\/preprod.olympic.ca\/olympique\/wp-content\/uploads\/sites\/2\/2012\/08\/closing_forweb6.jpg?quality=100","articleSection":["Derni\u00e8res nouvelles"],"inLanguage":"fr-FR","potentialAction":[{"@type":"CommentAction","name":"Comment","target":["https:\/\/preprod.olympic.ca\/olympique\/2012\/08\/13\/la-maison-olympique-du-canada-ferme-ses-portes-en-grand\/#respond"]}]},{"@type":"WebPage","@id":"https:\/\/preprod.olympic.ca\/olympique\/2012\/08\/13\/la-maison-olympique-du-canada-ferme-ses-portes-en-grand\/","url":"https:\/\/preprod.olympic.ca\/olympique\/2012\/08\/13\/la-maison-olympique-du-canada-ferme-ses-portes-en-grand\/","name":"La Maison olympique du Canada ferme ses portes en grand - \u00c9quipe Canada | Site officiel de l&#039;\u00e9quipe olympique","isPartOf":{"@id":"https:\/\/preprod.olympic.ca\/olympique\/#website"},"primaryImageOfPage":{"@id":"https:\/\/preprod.olympic.ca\/olympique\/2012\/08\/13\/la-maison-olympique-du-canada-ferme-ses-portes-en-grand\/#primaryimage"},"image":{"@id":"https:\/\/preprod.olympic.ca\/olympique\/2012\/08\/13\/la-maison-olympique-du-canada-ferme-ses-portes-en-grand\/#primaryimage"},"thumbnailUrl":"https:\/\/preprod.olympic.ca\/olympique\/wp-content\/uploads\/sites\/2\/2012\/08\/closing_forweb6.jpg?quality=100","datePublished":"2012-08-13T19:00:40+00:00","author":{"@id":"https:\/\/preprod.olympic.ca\/olympique\/#\/schema\/person\/71d340cc825e058ae525fc2765f7c7ae"},"inLanguage":"fr-FR","potentialAction":[{"@type":"ReadAction","target":["https:\/\/preprod.olympic.ca\/olympique\/2012\/08\/13\/la-maison-olympique-du-canada-ferme-ses-portes-en-grand\/"]}]},{"@type":"ImageObject","inLanguage":"fr-FR","@id":"https:\/\/preprod.olympic.ca\/olympique\/2012\/08\/13\/la-maison-olympique-du-canada-ferme-ses-portes-en-grand\/#primaryimage","url":"https:\/\/preprod.olympic.ca\/olympique\/wp-content\/uploads\/sites\/2\/2012\/08\/closing_forweb6.jpg?quality=100","contentUrl":"https:\/\/preprod.olympic.ca\/olympique\/wp-content\/uploads\/sites\/2\/2012\/08\/closing_forweb6.jpg?quality=100","width":1210,"height":868},{"@type":"WebSite","@id":"https:\/\/preprod.olympic.ca\/olympique\/#website","url":"https:\/\/preprod.olympic.ca\/olympique\/","name":"\u00c9quipe Canada | Site officiel de l&#039;\u00e9quipe olympique","description":"Votre source pour l\u2019\u00c9quipe olympique canadienne. Retrouvez les r\u00e9cits, vid\u00e9os et photos des athl\u00e8tes canadiens, sports olympiques, Jeux olympiques de 2020 et bien plus!","potentialAction":[{"@type":"SearchAction","target":{"@type":"EntryPoint","urlTemplate":"https:\/\/preprod.olympic.ca\/olympique\/?s={search_term_string}"},"query-input":{"@type":"PropertyValueSpecification","valueRequired":true,"valueName":"search_term_string"}}],"inLanguage":"fr-FR"},{"@type":"Person","@id":"https:\/\/preprod.olympic.ca\/olympique\/#\/schema\/person\/71d340cc825e058ae525fc2765f7c7ae","name":"Mark Nadolny","image":{"@type":"ImageObject","inLanguage":"fr-FR","@id":"https:\/\/secure.gravatar.com\/avatar\/fcfb5089af8db23b9347da3d181947b19f1cffb98b30f03fbe8f1973083d7e6b?s=96&d=identicon&r=g0693b2c18808f6337c03a29426292cc9","url":"https:\/\/secure.gravatar.com\/avatar\/fcfb5089af8db23b9347da3d181947b19f1cffb98b30f03fbe8f1973083d7e6b?s=96&d=identicon&r=g","contentUrl":"https:\/\/secure.gravatar.com\/avatar\/fcfb5089af8db23b9347da3d181947b19f1cffb98b30f03fbe8f1973083d7e6b?s=96&d=identicon&r=g","caption":"Mark Nadolny"},"description":"Digital Media for the Canadian Olympic Team, I do that.","url":"https:\/\/preprod.olympic.ca\/olympique\/author\/marknadonly\/"}]}},"jetpack_featured_media_url":"https:\/\/preprod.olympic.ca\/olympique\/wp-content\/uploads\/sites\/2\/2012\/08\/closing_forweb6.jpg?quality=100","featured_image_url":"https:\/\/preprod.olympic.ca\/olympique\/wp-content\/uploads\/sites\/2\/2012\/08\/closing_forweb6.jpg?quality=100","author_name":["Mark Nadolny"],"category_names":["Derni\u00e8res nouvelles"],"tag_names":[],"video_embed_code":"","facebook_video_embed_code":"","jetpack_sharing_enabled":true,"jetpack-related-posts":[],"jetpack_shortlink":"https:\/\/wp.me\/pcGHcP-aRw","_links":{"self":[{"href":"https:\/\/preprod.olympic.ca\/olympique\/wp-json\/wp\/v2\/posts\/41758","targetHints":{"allow":["GET"]}}],"collection":[{"href":"https:\/\/preprod.olympic.ca\/olympique\/wp-json\/wp\/v2\/posts"}],"about":[{"href":"https:\/\/preprod.olympic.ca\/olympique\/wp-json\/wp\/v2\/types\/post"}],"author":[{"embeddable":true,"href":"https:\/\/preprod.olympic.ca\/olympique\/wp-json\/wp\/v2\/users\/52435436"}],"replies":[{"embeddable":true,"href":"https:\/\/preprod.olympic.ca\/olympique\/wp-json\/wp\/v2\/comments?post=41758"}],"version-history":[{"count":0,"href":"https:\/\/preprod.olympic.ca\/olympique\/wp-json\/wp\/v2\/posts\/41758\/revisions"}],"wp:featuredmedia":[{"embeddable":true,"href":"https:\/\/preprod.olympic.ca\/olympique\/wp-json\/wp\/v2\/media\/41756"}],"wp:attachment":[{"href":"https:\/\/preprod.olympic.ca\/olympique\/wp-json\/wp\/v2\/media?parent=41758"}],"wp:term":[{"taxonomy":"category","embeddable":true,"href":"https:\/\/preprod.olympic.ca\/olympique\/wp-json\/wp\/v2\/categories?post=41758"},{"taxonomy":"post_tag","embeddable":true,"href":"https:\/\/preprod.olympic.ca\/olympique\/wp-json\/wp\/v2\/tags?post=41758"},{"taxonomy":"post_format","embeddable":true,"href":"https:\/\/preprod.olympic.ca\/olympique\/wp-json\/wp\/v2\/post_format?post=41758"},{"taxonomy":"sport","embeddable":true,"href":"https:\/\/preprod.olympic.ca\/olympique\/wp-json\/wp\/v2\/sport?post=41758"},{"taxonomy":"game","embeddable":true,"href":"https:\/\/preprod.olympic.ca\/olympique\/wp-json\/wp\/v2\/game?post=41758"},{"taxonomy":"author","embeddable":true,"href":"https:\/\/preprod.olympic.ca\/olympique\/wp-json\/wp\/v2\/coauthors?post=41758"}],"curies":[{"name":"wp","href":"https:\/\/api.w.org\/{rel}","templated":true}]}}