{"id":41903,"date":"2012-08-24T09:22:01","date_gmt":"2012-08-24T13:22:01","guid":{"rendered":"http:\/\/preprod.olympic.ca\/?p=41903"},"modified":"2012-08-24T09:22:01","modified_gmt":"2012-08-24T13:22:01","slug":"la-creation-de-moments-magiques","status":"publish","type":"post","link":"https:\/\/preprod.olympic.ca\/olympique\/2012\/08\/24\/la-creation-de-moments-magiques\/","title":{"rendered":"La cr\u00e9ation de moments magiques"},"content":{"rendered":"<p>Le 7 f\u00e9vrier 2014 est encercl\u00e9 dans plusieurs calendriers.<\/p>\n<p>Le jour, empreint de magie olympique, o\u00f9 la vasque olympique sera allum\u00e9e \u00e0 Sotchi, en Russie, est attendu avec une grande anticipation par le Canada et le reste du monde.<\/p>\n<p>Les athl\u00e8tes canadiens des sports d\u2019hiver et des sports d\u2019\u00e9t\u00e9 vont quant \u00e0 eux encercler un autre jour\u00a0 : demain.<\/p>\n<p>Des mois avant de remporter une m\u00e9daille d\u2019or \u00e0 Londres, la trampoliniste <a href=\"http:\/\/preprod.olympic.ca\/fr\/team-canada\/rosannagh-maclennan-3\" target=\"_blank\">Rosie MacLennan<\/a> a d\u00e9clar\u00e9 qu\u2019elle \u00ab\u00a0 le voulait assez pour faire tout ce qui est n\u00e9cessaire\u00a0 \u00bb.<\/p>\n<p>Et c\u2019est ce qu\u2019elle a fait. Mais, m\u00e9daille d\u2019or ou non, c\u2019est dans les jours, les semaines et les mois pr\u00e9c\u00e9dant une comp\u00e9tition olympique que les athl\u00e8tes canadiens ont la possibilit\u00e9 de cr\u00e9er le moment magique qu\u2019ils partageront avec leur pays. Nous l\u2019avons vu durant leur performance record \u00e0 Vancouver. Et nous l\u2019avons encore vu \u00e0 Londres.<\/p>\n<p>Nous avons vu que l\u2019entra\u00eenement et la d\u00e9termination de MacLennan ont port\u00e9 des fruits pour le Canada, et elle n\u2019\u00e9tait pas seule. Nous avons vu une historique \u00e9quipe f\u00e9minine de soccer montrer \u00e0 ce pays ce que nous pouvons accomplir par la pers\u00e9v\u00e9rance et gr\u00e2ce \u00e0 un soutien inconditionnel. Nous avons vu les m\u00e9dailles-surprises de Derek Drouin en saut en hauteur et de <a href=\"http:\/\/preprod.olympic.ca\/fr\/team-canada\/christine-girard-3\" target=\"_blank\">Christine Girard<\/a> en halt\u00e9rophilie. Nous avons vu l\u2019incroyable derni\u00e8re performance olympique de <a href=\"http:\/\/preprod.olympic.ca\/fr\/team-canada\/brent-hayden-2\" target=\"_blank\">Brent Hayden<\/a> dans la piscine. Nous avons vu 277 athl\u00e8tes olympiques canadiens montrer au monde ce qui est possible.<\/p>\n<p>C\u2019est le porte-drapeau et quadruple Olympien <a href=\"http:\/\/preprod.olympic.ca\/fr\/team-canada\/simon-whitfield-2\" target=\"_blank\">Simon Whitfield<\/a> qui l\u2019exprime le mieux\u00a0 :<\/p>\n<p>\u00ab\u00a0 Nous travaillons tellement fort pour avoir la possibilit\u00e9 d\u2019en faire la d\u00e9monstration le jour de la comp\u00e9tition, explique-t-il. C\u2019est ce dont il s\u2019agit (les Jeux olympiques).\u00a0 \u00bb<\/p>\n<p>Ce sont en effet des d\u00e9monstrations de travail acharn\u00e9. Mais le plus important, ce sont des d\u00e9monstrations de ce qui est possible, m\u00eame dans les le\u00e7ons que nous tirons des moments difficiles.<\/p>\n<p>En revenant sur la magie de Londres et les images des moments dignes d\u2019\u00eatre c\u00e9l\u00e9br\u00e9s pour toujours, il est important de nous rappeler comment ils ont \u00e9t\u00e9 r\u00e9alis\u00e9s. Ces images ne sont pas des exemples de ce que les athl\u00e8tes canadiens peuvent accomplir durant une journ\u00e9e en particulier, ce sont des exemples de ce qu\u2019ils peuvent accomplir chaque jour.<\/p>\n<div class=\"tiled-gallery type-rectangular tiled-gallery-unresized\" data-original-width=\"1360\" data-carousel-extra='null' itemscope itemtype=\"http:\/\/schema.org\/ImageGallery\" > <div class=\"gallery-row\" style=\"width: 1360px; height: 453px;\" data-original-width=\"1360\" data-original-height=\"453\" > <div class=\"gallery-group images-1\" style=\"width: 325px; height: 453px;\" data-original-width=\"325\" data-original-height=\"453\" > <div class=\"tiled-gallery-item tiled-gallery-item-large\" itemprop=\"associatedMedia\" itemscope itemtype=\"http:\/\/schema.org\/ImageObject\"> <a href=\"https:\/\/preprod.olympic.ca\/olympique\/wp-content\/uploads\/sites\/2\/2012\/08\/jen_emilie_actionridewood16.jpg?quality=100&#038;strip\" border=\"0\" itemprop=\"url\"> <meta itemprop=\"width\" content=\"321\"> <meta itemprop=\"height\" content=\"449\"> <img decoding=\"async\" data-recalc-dims=\"1\" class=\"\" data-attachment-id=\"41984\" data-orig-file=\"https:\/\/preprod.olympic.ca\/olympique\/wp-content\/uploads\/sites\/2\/2012\/08\/jen_emilie_actionridewood16.jpg?quality=100\" data-orig-size=\"2504,3505\" data-comments-opened=\"1\" data-image-meta=\"{&quot;aperture&quot;:&quot;3.5&quot;,&quot;credit&quot;:&quot;Mike Ridewood&quot;,&quot;camera&quot;:&quot;Canon EOS-1D X&quot;,&quot;caption&quot;:&quot;Emilie Heymans (bottom) and Jennifer Abel, both of Montreal, take the bronze medal in women\\u0027s Synchronized 3-metre springboard competition at the 2012 London Olympics, on Sunday, July 29, 2012. THE CANADIAN PRESS\\\/HO, COC - Mike Ridewood&quot;,&quot;created_timestamp&quot;:&quot;1343574766&quot;,&quot;copyright&quot;:&quot;&quot;,&quot;focal_length&quot;:&quot;400&quot;,&quot;iso&quot;:&quot;1600&quot;,&quot;shutter_speed&quot;:&quot;0.001&quot;,&quot;title&quot;:&quot;OLY COC London 2012&quot;}\" data-image-title=\"OLY COC London 2012\" data-image-description=\"&lt;p&gt;Photo du COC par Mike Ridewood&lt;\/p&gt; \" data-medium-file=\"https:\/\/preprod.olympic.ca\/olympique\/wp-content\/uploads\/sites\/2\/2012\/08\/jen_emilie_actionridewood16.jpg?quality=100&#038;w=265\" data-large-file=\"https:\/\/preprod.olympic.ca\/olympique\/wp-content\/uploads\/sites\/2\/2012\/08\/jen_emilie_actionridewood16.jpg?quality=100&#038;w=539\" src=\"https:\/\/preprod.olympic.ca\/olympique\/wp-content\/uploads\/sites\/2\/2012\/08\/jen_emilie_actionridewood16.jpg?quality=100&#038;w=321&#038;h=449&#038;strip&#038;resize=321%2C449\" srcset=\"https:\/\/preprod.olympic.ca\/olympique\/wp-content\/uploads\/sites\/2\/2012\/08\/jen_emilie_actionridewood16.jpg 2504w, https:\/\/preprod.olympic.ca\/olympique\/wp-content\/uploads\/sites\/2\/2012\/08\/jen_emilie_actionridewood16.jpg?resize=113,158 113w, https:\/\/preprod.olympic.ca\/olympique\/wp-content\/uploads\/sites\/2\/2012\/08\/jen_emilie_actionridewood16.jpg?resize=265,371 265w, https:\/\/preprod.olympic.ca\/olympique\/wp-content\/uploads\/sites\/2\/2012\/08\/jen_emilie_actionridewood16.jpg?resize=768,1075 768w, https:\/\/preprod.olympic.ca\/olympique\/wp-content\/uploads\/sites\/2\/2012\/08\/jen_emilie_actionridewood16.jpg?resize=539,754 539w, https:\/\/preprod.olympic.ca\/olympique\/wp-content\/uploads\/sites\/2\/2012\/08\/jen_emilie_actionridewood16.jpg?resize=1097,1536 1097w, https:\/\/preprod.olympic.ca\/olympique\/wp-content\/uploads\/sites\/2\/2012\/08\/jen_emilie_actionridewood16.jpg?resize=1463,2048 1463w\" width=\"321\" height=\"449\" loading=\"lazy\" data-original-width=\"321\" data-original-height=\"449\" itemprop=\"http:\/\/schema.org\/image\" title=\"OLY COC London 2012\" alt=\"Photo du COC par Mike Ridewood\" style=\"width: 321px; height: 449px;\" \/> <\/a> <div class=\"tiled-gallery-caption\" itemprop=\"caption description\"> Photo du COC par Mike Ridewood <\/div> <\/div> <\/div> <!-- close group --> <div class=\"gallery-group images-1\" style=\"width: 307px; height: 453px;\" data-original-width=\"307\" data-original-height=\"453\" > <div class=\"tiled-gallery-item tiled-gallery-item-large\" itemprop=\"associatedMedia\" itemscope itemtype=\"http:\/\/schema.org\/ImageObject\"> <a href=\"https:\/\/preprod.olympic.ca\/olympique\/wp-content\/uploads\/sites\/2\/2012\/08\/03039246_cp36.jpg?quality=100&#038;strip\" border=\"0\" itemprop=\"url\"> <meta itemprop=\"width\" content=\"303\"> <meta itemprop=\"height\" content=\"449\"> <img decoding=\"async\" data-recalc-dims=\"1\" class=\"\" data-attachment-id=\"41970\" data-orig-file=\"https:\/\/preprod.olympic.ca\/olympique\/wp-content\/uploads\/sites\/2\/2012\/08\/03039246_cp36.jpg?quality=100\" data-orig-size=\"794,1178\" data-comments-opened=\"1\" data-image-meta=\"{&quot;aperture&quot;:&quot;4&quot;,&quot;credit&quot;:&quot;Frank Gunn&quot;,&quot;camera&quot;:&quot;Canon EOS-1D X&quot;,&quot;caption&quot;:&quot;Clara Hughes of Canada smiles as she crosses the finish line in the Women\\u0027s Olympic Cycling Time Trial in London on Wednesday August 1, 2012. THE CANADIAN PRESS\\\/Frank Gunn&quot;,&quot;created_timestamp&quot;:&quot;1343810186&quot;,&quot;copyright&quot;:&quot;&quot;,&quot;focal_length&quot;:&quot;400&quot;,&quot;iso&quot;:&quot;1600&quot;,&quot;shutter_speed&quot;:&quot;0.001&quot;,&quot;title&quot;:&quot;Clara Hughes&quot;}\" data-image-title=\"Clara Hughes\" data-image-description=\"&lt;p&gt;Photo du CP par Frank Gunn&lt;\/p&gt; \" data-medium-file=\"https:\/\/preprod.olympic.ca\/olympique\/wp-content\/uploads\/sites\/2\/2012\/08\/03039246_cp36.jpg?quality=100&#038;w=250\" data-large-file=\"https:\/\/preprod.olympic.ca\/olympique\/wp-content\/uploads\/sites\/2\/2012\/08\/03039246_cp36.jpg?quality=100&#038;w=508\" src=\"https:\/\/preprod.olympic.ca\/olympique\/wp-content\/uploads\/sites\/2\/2012\/08\/03039246_cp36.jpg?quality=100&#038;w=303&#038;h=449&#038;strip&#038;resize=303%2C449\" srcset=\"https:\/\/preprod.olympic.ca\/olympique\/wp-content\/uploads\/sites\/2\/2012\/08\/03039246_cp36.jpg 794w, https:\/\/preprod.olympic.ca\/olympique\/wp-content\/uploads\/sites\/2\/2012\/08\/03039246_cp36.jpg?resize=106,158 106w, https:\/\/preprod.olympic.ca\/olympique\/wp-content\/uploads\/sites\/2\/2012\/08\/03039246_cp36.jpg?resize=250,371 250w, https:\/\/preprod.olympic.ca\/olympique\/wp-content\/uploads\/sites\/2\/2012\/08\/03039246_cp36.jpg?resize=768,1139 768w, https:\/\/preprod.olympic.ca\/olympique\/wp-content\/uploads\/sites\/2\/2012\/08\/03039246_cp36.jpg?resize=508,754 508w\" width=\"303\" height=\"449\" loading=\"lazy\" data-original-width=\"303\" data-original-height=\"449\" itemprop=\"http:\/\/schema.org\/image\" title=\"Clara Hughes\" alt=\"Photo du CP par Frank Gunn\" style=\"width: 303px; height: 449px;\" \/> <\/a> <div class=\"tiled-gallery-caption\" itemprop=\"caption description\"> Photo du CP par Frank Gunn <\/div> <\/div> <\/div> <!-- close group --> <div class=\"gallery-group images-1\" style=\"width: 728px; height: 453px;\" data-original-width=\"728\" data-original-height=\"453\" > <div class=\"tiled-gallery-item tiled-gallery-item-large\" itemprop=\"associatedMedia\" itemscope itemtype=\"http:\/\/schema.org\/ImageObject\"> <a href=\"https:\/\/preprod.olympic.ca\/olympique\/wp-content\/uploads\/sites\/2\/2012\/08\/03097507_medal_cocr46.jpg?quality=100&#038;strip\" border=\"0\" itemprop=\"url\"> <meta itemprop=\"width\" content=\"724\"> <meta itemprop=\"height\" content=\"449\"> <img decoding=\"async\" data-recalc-dims=\"1\" class=\"\" data-attachment-id=\"41941\" data-orig-file=\"https:\/\/preprod.olympic.ca\/olympique\/wp-content\/uploads\/sites\/2\/2012\/08\/03097507_medal_cocr46.jpg?quality=100\" data-orig-size=\"933,579\" data-comments-opened=\"1\" data-image-meta=\"{&quot;aperture&quot;:&quot;4&quot;,&quot;credit&quot;:&quot;Mike Ridewood&quot;,&quot;camera&quot;:&quot;Canon EOS-1D Mark III&quot;,&quot;caption&quot;:&quot;Canada\\u0027s women\\u0027s football team with their bronze medals at Wembly Stadium at the 2012 London Olympics, Thursday, Aug. 9, 2012. THE CANADIAN PRESS\\\/HO, COC - Mike Ridewood&quot;,&quot;created_timestamp&quot;:&quot;1344529304&quot;,&quot;copyright&quot;:&quot;&quot;,&quot;focal_length&quot;:&quot;70&quot;,&quot;iso&quot;:&quot;1600&quot;,&quot;shutter_speed&quot;:&quot;0.002&quot;,&quot;title&quot;:&quot;OLY COC London 2012&quot;}\" data-image-title=\"OLY COC London 2012\" data-image-description=\"&lt;p&gt;Photo du COC par Mike Ridewood&lt;\/p&gt; \" data-medium-file=\"https:\/\/preprod.olympic.ca\/olympique\/wp-content\/uploads\/sites\/2\/2012\/08\/03097507_medal_cocr46.jpg?quality=100&#038;w=598\" data-large-file=\"https:\/\/preprod.olympic.ca\/olympique\/wp-content\/uploads\/sites\/2\/2012\/08\/03097507_medal_cocr46.jpg?quality=100&#038;w=933\" src=\"https:\/\/preprod.olympic.ca\/olympique\/wp-content\/uploads\/sites\/2\/2012\/08\/03097507_medal_cocr46.jpg?quality=100&#038;w=724&#038;h=449&#038;strip&#038;resize=724%2C449\" srcset=\"https:\/\/preprod.olympic.ca\/olympique\/wp-content\/uploads\/sites\/2\/2012\/08\/03097507_medal_cocr46.jpg 933w, https:\/\/preprod.olympic.ca\/olympique\/wp-content\/uploads\/sites\/2\/2012\/08\/03097507_medal_cocr46.jpg?resize=255,158 255w, https:\/\/preprod.olympic.ca\/olympique\/wp-content\/uploads\/sites\/2\/2012\/08\/03097507_medal_cocr46.jpg?resize=598,371 598w, https:\/\/preprod.olympic.ca\/olympique\/wp-content\/uploads\/sites\/2\/2012\/08\/03097507_medal_cocr46.jpg?resize=768,477 768w\" width=\"724\" height=\"449\" loading=\"lazy\" data-original-width=\"724\" data-original-height=\"449\" itemprop=\"http:\/\/schema.org\/image\" title=\"OLY COC London 2012\" alt=\"Photo du COC par Mike Ridewood\" style=\"width: 724px; height: 449px;\" \/> <\/a> <div class=\"tiled-gallery-caption\" itemprop=\"caption description\"> Photo du COC par Mike Ridewood <\/div> <\/div> <\/div> <!-- close group --> <\/div> <!-- close row --> <div class=\"gallery-row\" style=\"width: 1360px; height: 648px;\" data-original-width=\"1360\" data-original-height=\"648\" > <div class=\"gallery-group images-1\" style=\"width: 812px; height: 648px;\" data-original-width=\"812\" data-original-height=\"648\" > <div class=\"tiled-gallery-item tiled-gallery-item-large\" itemprop=\"associatedMedia\" itemscope itemtype=\"http:\/\/schema.org\/ImageObject\"> <a href=\"https:\/\/preprod.olympic.ca\/olympique\/wp-content\/uploads\/sites\/2\/2012\/08\/jr184r36.jpg?quality=100&#038;strip\" border=\"0\" itemprop=\"url\"> <meta itemprop=\"width\" content=\"808\"> <meta itemprop=\"height\" content=\"644\"> <img decoding=\"async\" data-recalc-dims=\"1\" class=\"\" data-attachment-id=\"41961\" data-orig-file=\"https:\/\/preprod.olympic.ca\/olympique\/wp-content\/uploads\/sites\/2\/2012\/08\/jr184r36.jpg?quality=100\" data-orig-size=\"955,761\" data-comments-opened=\"1\" data-image-meta=\"{&quot;aperture&quot;:&quot;0&quot;,&quot;credit&quot;:&quot;The Canadian Press Images&quot;,&quot;camera&quot;:&quot;&quot;,&quot;caption&quot;:&quot;Canada\\u0027s women\\u0027s eight rowing team celebrate their silver medal performance at the 2012 London Olympics, on August 2, 2012. From left to right are: Janine Hanson; Rachelle Viinberg; Krista Guloien; Lauren Wilkinson; Natalie Mastracci; Ashley Brzozowicz; Darcy Marquardt; Andreanne Morin and Lesley Thompson-Willie. THE CANADIAN PRESS\\\/HO, COC - Jason Ransom&quot;,&quot;created_timestamp&quot;:&quot;1343908860&quot;,&quot;copyright&quot;:&quot;Jason Ransom&quot;,&quot;focal_length&quot;:&quot;0&quot;,&quot;iso&quot;:&quot;0&quot;,&quot;shutter_speed&quot;:&quot;0&quot;,&quot;title&quot;:&quot;OLY COC London 2012&quot;}\" data-image-title=\"OLY COC London 2012\" data-image-description=\"&lt;p&gt;Photo du COC par Jason Ransom&lt;\/p&gt; \" data-medium-file=\"https:\/\/preprod.olympic.ca\/olympique\/wp-content\/uploads\/sites\/2\/2012\/08\/jr184r36.jpg?quality=100&#038;w=466\" data-large-file=\"https:\/\/preprod.olympic.ca\/olympique\/wp-content\/uploads\/sites\/2\/2012\/08\/jr184r36.jpg?quality=100&#038;w=946\" src=\"https:\/\/preprod.olympic.ca\/olympique\/wp-content\/uploads\/sites\/2\/2012\/08\/jr184r36.jpg?quality=100&#038;w=808&#038;h=644&#038;strip&#038;resize=808%2C644\" srcset=\"https:\/\/preprod.olympic.ca\/olympique\/wp-content\/uploads\/sites\/2\/2012\/08\/jr184r36.jpg 955w, https:\/\/preprod.olympic.ca\/olympique\/wp-content\/uploads\/sites\/2\/2012\/08\/jr184r36.jpg?resize=198,158 198w, https:\/\/preprod.olympic.ca\/olympique\/wp-content\/uploads\/sites\/2\/2012\/08\/jr184r36.jpg?resize=466,371 466w, https:\/\/preprod.olympic.ca\/olympique\/wp-content\/uploads\/sites\/2\/2012\/08\/jr184r36.jpg?resize=768,612 768w, https:\/\/preprod.olympic.ca\/olympique\/wp-content\/uploads\/sites\/2\/2012\/08\/jr184r36.jpg?resize=946,754 946w\" width=\"808\" height=\"644\" loading=\"lazy\" data-original-width=\"808\" data-original-height=\"644\" itemprop=\"http:\/\/schema.org\/image\" title=\"OLY COC London 2012\" alt=\"Photo du COC par Jason Ransom\" style=\"width: 808px; height: 644px;\" \/> <\/a> <div class=\"tiled-gallery-caption\" itemprop=\"caption description\"> Photo du COC par Jason Ransom <\/div> <\/div> <\/div> <!-- close group --> <div class=\"gallery-group images-1\" style=\"width: 548px; height: 648px;\" data-original-width=\"548\" data-original-height=\"648\" > <div class=\"tiled-gallery-item tiled-gallery-item-large\" itemprop=\"associatedMedia\" itemscope itemtype=\"http:\/\/schema.org\/ImageObject\"> <a href=\"https:\/\/preprod.olympic.ca\/olympique\/wp-content\/uploads\/sites\/2\/2012\/08\/jr406r36.jpg?quality=100&#038;strip\" border=\"0\" itemprop=\"url\"> <meta itemprop=\"width\" content=\"544\"> <meta itemprop=\"height\" content=\"644\"> <img decoding=\"async\" data-recalc-dims=\"1\" class=\"\" data-attachment-id=\"41948\" data-orig-file=\"https:\/\/preprod.olympic.ca\/olympique\/wp-content\/uploads\/sites\/2\/2012\/08\/jr406r36.jpg?quality=100\" data-orig-size=\"674,797\" data-comments-opened=\"1\" data-image-meta=\"{&quot;aperture&quot;:&quot;0&quot;,&quot;credit&quot;:&quot;The Canadian Press Images&quot;,&quot;camera&quot;:&quot;&quot;,&quot;caption&quot;:&quot;Adam Van Koeverden holds up his silver medal from the 1000 metre kayak finals at the 2012 London Olympics, August 8, 2012. THE CANADIAN PRESS\\\/HO, COC - Jason Ransom&quot;,&quot;created_timestamp&quot;:&quot;1344438751&quot;,&quot;copyright&quot;:&quot;&quot;,&quot;focal_length&quot;:&quot;0&quot;,&quot;iso&quot;:&quot;0&quot;,&quot;shutter_speed&quot;:&quot;0&quot;,&quot;title&quot;:&quot;OLY COC London 2012&quot;}\" data-image-title=\"OLY COC London 2012\" data-image-description=\"&lt;p&gt;Photo du COC par Jason Ransom&lt;\/p&gt; \" data-medium-file=\"https:\/\/preprod.olympic.ca\/olympique\/wp-content\/uploads\/sites\/2\/2012\/08\/jr406r36.jpg?quality=100&#038;w=314\" data-large-file=\"https:\/\/preprod.olympic.ca\/olympique\/wp-content\/uploads\/sites\/2\/2012\/08\/jr406r36.jpg?quality=100&#038;w=638\" src=\"https:\/\/preprod.olympic.ca\/olympique\/wp-content\/uploads\/sites\/2\/2012\/08\/jr406r36.jpg?quality=100&#038;w=544&#038;h=644&#038;strip&#038;resize=544%2C644\" srcset=\"https:\/\/preprod.olympic.ca\/olympique\/wp-content\/uploads\/sites\/2\/2012\/08\/jr406r36.jpg 674w, https:\/\/preprod.olympic.ca\/olympique\/wp-content\/uploads\/sites\/2\/2012\/08\/jr406r36.jpg?resize=134,158 134w, https:\/\/preprod.olympic.ca\/olympique\/wp-content\/uploads\/sites\/2\/2012\/08\/jr406r36.jpg?resize=314,371 314w, https:\/\/preprod.olympic.ca\/olympique\/wp-content\/uploads\/sites\/2\/2012\/08\/jr406r36.jpg?resize=638,754 638w\" width=\"544\" height=\"644\" loading=\"lazy\" data-original-width=\"544\" data-original-height=\"644\" itemprop=\"http:\/\/schema.org\/image\" title=\"OLY COC London 2012\" alt=\"Photo du COC par Jason Ransom\" style=\"width: 544px; height: 644px;\" \/> <\/a> <div class=\"tiled-gallery-caption\" itemprop=\"caption description\"> Photo du COC par Jason Ransom <\/div> <\/div> <\/div> <!-- close group --> <\/div> <!-- close row --> <div class=\"gallery-row\" style=\"width: 1360px; height: 691px;\" data-original-width=\"1360\" data-original-height=\"691\" > <div class=\"gallery-group images-1\" style=\"width: 879px; height: 691px;\" data-original-width=\"879\" data-original-height=\"691\" > <div class=\"tiled-gallery-item tiled-gallery-item-large\" itemprop=\"associatedMedia\" itemscope itemtype=\"http:\/\/schema.org\/ImageObject\"> <a href=\"https:\/\/preprod.olympic.ca\/olympique\/wp-content\/uploads\/sites\/2\/2012\/08\/markchristine36.jpg?quality=100&#038;strip\" border=\"0\" itemprop=\"url\"> <meta itemprop=\"width\" content=\"875\"> <meta itemprop=\"height\" content=\"687\"> <img decoding=\"async\" data-recalc-dims=\"1\" class=\"\" data-attachment-id=\"41911\" data-orig-file=\"https:\/\/preprod.olympic.ca\/olympique\/wp-content\/uploads\/sites\/2\/2012\/08\/markchristine36.jpg?quality=100\" data-orig-size=\"954,749\" data-comments-opened=\"1\" data-image-meta=\"{&quot;aperture&quot;:&quot;4&quot;,&quot;credit&quot;:&quot;Jackie Skender&quot;,&quot;camera&quot;:&quot;Canon EOS-1D Mark IV&quot;,&quot;caption&quot;:&quot;The Canadian team gets ready for the closing ceremony in the Olympic Village at the 2012 London Olympics, Sunday, Aug. 12, 2012. THE CANADIAN PRESS\\\/HO, COC - Jackie Skender&quot;,&quot;created_timestamp&quot;:&quot;1344775407&quot;,&quot;copyright&quot;:&quot;&quot;,&quot;focal_length&quot;:&quot;105&quot;,&quot;iso&quot;:&quot;400&quot;,&quot;shutter_speed&quot;:&quot;0.008&quot;,&quot;title&quot;:&quot;OLY COC London 2012&quot;}\" data-image-title=\"OLY COC London 2012\" data-image-description=\"&lt;p&gt;Photo du CP par Jackie Skender&lt;\/p&gt; \" data-medium-file=\"https:\/\/preprod.olympic.ca\/olympique\/wp-content\/uploads\/sites\/2\/2012\/08\/markchristine36.jpg?quality=100&#038;w=473\" data-large-file=\"https:\/\/preprod.olympic.ca\/olympique\/wp-content\/uploads\/sites\/2\/2012\/08\/markchristine36.jpg?quality=100&#038;w=954\" src=\"https:\/\/preprod.olympic.ca\/olympique\/wp-content\/uploads\/sites\/2\/2012\/08\/markchristine36.jpg?quality=100&#038;w=875&#038;h=687&#038;strip&#038;resize=875%2C687\" srcset=\"https:\/\/preprod.olympic.ca\/olympique\/wp-content\/uploads\/sites\/2\/2012\/08\/markchristine36.jpg 954w, https:\/\/preprod.olympic.ca\/olympique\/wp-content\/uploads\/sites\/2\/2012\/08\/markchristine36.jpg?resize=201,158 201w, https:\/\/preprod.olympic.ca\/olympique\/wp-content\/uploads\/sites\/2\/2012\/08\/markchristine36.jpg?resize=473,371 473w, https:\/\/preprod.olympic.ca\/olympique\/wp-content\/uploads\/sites\/2\/2012\/08\/markchristine36.jpg?resize=768,603 768w\" width=\"875\" height=\"687\" loading=\"lazy\" data-original-width=\"875\" data-original-height=\"687\" itemprop=\"http:\/\/schema.org\/image\" title=\"OLY COC London 2012\" alt=\"Photo du CP par Jackie Skender\" style=\"width: 875px; height: 687px;\" \/> <\/a> <div class=\"tiled-gallery-caption\" itemprop=\"caption description\"> Photo du CP par Jackie Skender <\/div> <\/div> <\/div> <!-- close group --> <div class=\"gallery-group images-2\" style=\"width: 481px; height: 691px;\" data-original-width=\"481\" data-original-height=\"691\" > <div class=\"tiled-gallery-item tiled-gallery-item-large\" itemprop=\"associatedMedia\" itemscope itemtype=\"http:\/\/schema.org\/ImageObject\"> <a href=\"https:\/\/preprod.olympic.ca\/olympique\/wp-content\/uploads\/sites\/2\/2012\/08\/03079862r56.jpg?quality=100&#038;strip\" border=\"0\" itemprop=\"url\"> <meta itemprop=\"width\" content=\"477\"> <meta itemprop=\"height\" content=\"368\"> <img decoding=\"async\" data-recalc-dims=\"1\" class=\"\" data-attachment-id=\"41952\" data-orig-file=\"https:\/\/preprod.olympic.ca\/olympique\/wp-content\/uploads\/sites\/2\/2012\/08\/03079862r56.jpg?quality=100\" data-orig-size=\"720,555\" data-comments-opened=\"1\" data-image-meta=\"{&quot;aperture&quot;:&quot;5&quot;,&quot;credit&quot;:&quot;Frank Gunn&quot;,&quot;camera&quot;:&quot;Canon EOS-1D X&quot;,&quot;caption&quot;:&quot;The Canadian team link arms during the national anthem prior to facing the USA in Women\\u0027s Basketball action at the Olympic Games in London on Tuesday August 7, 2012. THE CANADIAN PRESS\\\/Frank Gunn&quot;,&quot;created_timestamp&quot;:&quot;1344329660&quot;,&quot;copyright&quot;:&quot;&quot;,&quot;focal_length&quot;:&quot;300&quot;,&quot;iso&quot;:&quot;1600&quot;,&quot;shutter_speed&quot;:&quot;0.0015625&quot;,&quot;title&quot;:&quot;London Olympics 20120807&quot;}\" data-image-title=\"London Olympics 20120807\" data-image-description=\"&lt;p&gt;Photo du CP par Frank Gunn&lt;\/p&gt; \" data-medium-file=\"https:\/\/preprod.olympic.ca\/olympique\/wp-content\/uploads\/sites\/2\/2012\/08\/03079862r56.jpg?quality=100&#038;w=481\" data-large-file=\"https:\/\/preprod.olympic.ca\/olympique\/wp-content\/uploads\/sites\/2\/2012\/08\/03079862r56.jpg?quality=100&#038;w=720\" src=\"https:\/\/preprod.olympic.ca\/olympique\/wp-content\/uploads\/sites\/2\/2012\/08\/03079862r56.jpg?quality=100&#038;w=477&#038;h=368&#038;strip&#038;resize=477%2C368\" srcset=\"https:\/\/preprod.olympic.ca\/olympique\/wp-content\/uploads\/sites\/2\/2012\/08\/03079862r56.jpg 720w, https:\/\/preprod.olympic.ca\/olympique\/wp-content\/uploads\/sites\/2\/2012\/08\/03079862r56.jpg?resize=205,158 205w, https:\/\/preprod.olympic.ca\/olympique\/wp-content\/uploads\/sites\/2\/2012\/08\/03079862r56.jpg?resize=481,371 481w\" width=\"477\" height=\"368\" loading=\"lazy\" data-original-width=\"477\" data-original-height=\"368\" itemprop=\"http:\/\/schema.org\/image\" title=\"London Olympics 20120807\" alt=\"Photo du CP par Frank Gunn\" style=\"width: 477px; height: 368px;\" \/> <\/a> <div class=\"tiled-gallery-caption\" itemprop=\"caption description\"> Photo du CP par Frank Gunn <\/div> <\/div> <div class=\"tiled-gallery-item tiled-gallery-item-large\" itemprop=\"associatedMedia\" itemscope itemtype=\"http:\/\/schema.org\/ImageObject\"> <a href=\"https:\/\/preprod.olympic.ca\/olympique\/wp-content\/uploads\/sites\/2\/2012\/08\/jr155aug1_coc_forweb36.jpg?quality=100&#038;strip\" border=\"0\" itemprop=\"url\"> <meta itemprop=\"width\" content=\"477\"> <meta itemprop=\"height\" content=\"315\"> <img decoding=\"async\" data-recalc-dims=\"1\" class=\"\" data-attachment-id=\"41967\" data-orig-file=\"https:\/\/preprod.olympic.ca\/olympique\/wp-content\/uploads\/sites\/2\/2012\/08\/jr155aug1_coc_forweb36.jpg?quality=100\" data-orig-size=\"760,502\" data-comments-opened=\"1\" data-image-meta=\"{&quot;aperture&quot;:&quot;0&quot;,&quot;credit&quot;:&quot;The Canadian Press Images&quot;,&quot;camera&quot;:&quot;&quot;,&quot;caption&quot;:&quot;Canada\\u0027s men\\u0027s eight rowing team members celebrate their silver medal win at the 2012 London Olympics, on August 1, 2012. THE CANADIAN PRESS\\\/HO, COC - Jason Ransom&quot;,&quot;created_timestamp&quot;:&quot;1343841602&quot;,&quot;copyright&quot;:&quot;Jason Ransom&quot;,&quot;focal_length&quot;:&quot;0&quot;,&quot;iso&quot;:&quot;0&quot;,&quot;shutter_speed&quot;:&quot;0&quot;,&quot;title&quot;:&quot;OLY COC London 2012&quot;}\" data-image-title=\"OLY COC London 2012\" data-image-description=\"&lt;p&gt;Photo du COC par Jason Ransom&lt;\/p&gt; \" data-medium-file=\"https:\/\/preprod.olympic.ca\/olympique\/wp-content\/uploads\/sites\/2\/2012\/08\/jr155aug1_coc_forweb36.jpg?quality=100&#038;w=562\" data-large-file=\"https:\/\/preprod.olympic.ca\/olympique\/wp-content\/uploads\/sites\/2\/2012\/08\/jr155aug1_coc_forweb36.jpg?quality=100&#038;w=760\" src=\"https:\/\/preprod.olympic.ca\/olympique\/wp-content\/uploads\/sites\/2\/2012\/08\/jr155aug1_coc_forweb36.jpg?quality=100&#038;w=477&#038;h=315&#038;strip&#038;resize=477%2C315\" srcset=\"https:\/\/preprod.olympic.ca\/olympique\/wp-content\/uploads\/sites\/2\/2012\/08\/jr155aug1_coc_forweb36.jpg 760w, https:\/\/preprod.olympic.ca\/olympique\/wp-content\/uploads\/sites\/2\/2012\/08\/jr155aug1_coc_forweb36.jpg?resize=239,158 239w, https:\/\/preprod.olympic.ca\/olympique\/wp-content\/uploads\/sites\/2\/2012\/08\/jr155aug1_coc_forweb36.jpg?resize=562,371 562w\" width=\"477\" height=\"315\" loading=\"lazy\" data-original-width=\"477\" data-original-height=\"315\" itemprop=\"http:\/\/schema.org\/image\" title=\"OLY COC London 2012\" alt=\"Photo du COC par Jason Ransom\" style=\"width: 477px; height: 315px;\" \/> <\/a> <div class=\"tiled-gallery-caption\" itemprop=\"caption description\"> Photo du COC par Jason Ransom <\/div> <\/div> <\/div> <!-- close group --> <\/div> <!-- close row --> <div class=\"gallery-row\" style=\"width: 1360px; height: 618px;\" data-original-width=\"1360\" data-original-height=\"618\" > <div class=\"gallery-group images-2\" style=\"width: 435px; height: 618px;\" data-original-width=\"435\" data-original-height=\"618\" > <div class=\"tiled-gallery-item tiled-gallery-item-large\" itemprop=\"associatedMedia\" itemscope itemtype=\"http:\/\/schema.org\/ImageObject\"> <a href=\"https:\/\/preprod.olympic.ca\/olympique\/wp-content\/uploads\/sites\/2\/2012\/08\/jr413r36.jpg?quality=100&#038;strip\" border=\"0\" itemprop=\"url\"> <meta itemprop=\"width\" content=\"431\"> <meta itemprop=\"height\" content=\"272\"> <img decoding=\"async\" data-recalc-dims=\"1\" class=\"\" data-attachment-id=\"41949\" data-orig-file=\"https:\/\/preprod.olympic.ca\/olympique\/wp-content\/uploads\/sites\/2\/2012\/08\/jr413r36.jpg?quality=100\" data-orig-size=\"716,453\" data-comments-opened=\"1\" data-image-meta=\"{&quot;aperture&quot;:&quot;0&quot;,&quot;credit&quot;:&quot;The Canadian Press Images&quot;,&quot;camera&quot;:&quot;&quot;,&quot;caption&quot;:&quot;Mark Oldershaw reacts to his bronze medal win in the 1000 metre canoe finals at the 2012 London Olympics, August 8, 2012. THE CANADIAN PRESS\\\/HO, COC - Jason Ransom&quot;,&quot;created_timestamp&quot;:&quot;1344437967&quot;,&quot;copyright&quot;:&quot;&quot;,&quot;focal_length&quot;:&quot;0&quot;,&quot;iso&quot;:&quot;0&quot;,&quot;shutter_speed&quot;:&quot;0&quot;,&quot;title&quot;:&quot;OLY COC London 2012&quot;}\" data-image-title=\"OLY COC London 2012\" data-image-description=\"&lt;p&gt;Photo du COC par Jason Ransom&lt;\/p&gt; \" data-medium-file=\"https:\/\/preprod.olympic.ca\/olympique\/wp-content\/uploads\/sites\/2\/2012\/08\/jr413r36.jpg?quality=100&#038;w=586\" data-large-file=\"https:\/\/preprod.olympic.ca\/olympique\/wp-content\/uploads\/sites\/2\/2012\/08\/jr413r36.jpg?quality=100&#038;w=716\" src=\"https:\/\/preprod.olympic.ca\/olympique\/wp-content\/uploads\/sites\/2\/2012\/08\/jr413r36.jpg?quality=100&#038;w=431&#038;h=272&#038;strip&#038;resize=431%2C272\" srcset=\"https:\/\/preprod.olympic.ca\/olympique\/wp-content\/uploads\/sites\/2\/2012\/08\/jr413r36.jpg 716w, https:\/\/preprod.olympic.ca\/olympique\/wp-content\/uploads\/sites\/2\/2012\/08\/jr413r36.jpg?resize=250,158 250w, https:\/\/preprod.olympic.ca\/olympique\/wp-content\/uploads\/sites\/2\/2012\/08\/jr413r36.jpg?resize=586,371 586w\" width=\"431\" height=\"272\" loading=\"lazy\" data-original-width=\"431\" data-original-height=\"272\" itemprop=\"http:\/\/schema.org\/image\" title=\"OLY COC London 2012\" alt=\"Photo du COC par Jason Ransom\" style=\"width: 431px; height: 272px;\" \/> <\/a> <div class=\"tiled-gallery-caption\" itemprop=\"caption description\"> Photo du COC par Jason Ransom <\/div> <\/div> <div class=\"tiled-gallery-item tiled-gallery-item-large\" itemprop=\"associatedMedia\" itemscope itemtype=\"http:\/\/schema.org\/ImageObject\"> <a href=\"https:\/\/preprod.olympic.ca\/olympique\/wp-content\/uploads\/sites\/2\/2012\/08\/jen_emilie_full-use_forweb36.jpg?quality=100&#038;strip\" border=\"0\" itemprop=\"url\"> <meta itemprop=\"width\" content=\"431\"> <meta itemprop=\"height\" content=\"338\"> <img decoding=\"async\" data-recalc-dims=\"1\" class=\"\" data-attachment-id=\"41955\" data-orig-file=\"https:\/\/preprod.olympic.ca\/olympique\/wp-content\/uploads\/sites\/2\/2012\/08\/jen_emilie_full-use_forweb36.jpg?quality=100\" data-orig-size=\"819,642\" data-comments-opened=\"1\" data-image-meta=\"{&quot;aperture&quot;:&quot;4.5&quot;,&quot;credit&quot;:&quot;Mike Ridewood&quot;,&quot;camera&quot;:&quot;Canon EOS-1D X&quot;,&quot;caption&quot;:&quot;Emilie Heymans and Jennifer Abel, both of Montreal, show off their bronze medals in women\\u0027s Synchronized 3-metre springboard competition at the 2012 London Olympics, on Sunday, July 29, 2012. THE CANADIAN PRESS\\\/HO, COC - Mike Ridewood&quot;,&quot;created_timestamp&quot;:&quot;1343577856&quot;,&quot;copyright&quot;:&quot;&quot;,&quot;focal_length&quot;:&quot;70&quot;,&quot;iso&quot;:&quot;1600&quot;,&quot;shutter_speed&quot;:&quot;0.0025&quot;,&quot;title&quot;:&quot;OLY COC London 2012&quot;}\" data-image-title=\"OLY COC London 2012\" data-image-description=\"&lt;p&gt;Photo du COC par Mike Ridewood&lt;\/p&gt; \" data-medium-file=\"https:\/\/preprod.olympic.ca\/olympique\/wp-content\/uploads\/sites\/2\/2012\/08\/jen_emilie_full-use_forweb36.jpg?quality=100&#038;w=473\" data-large-file=\"https:\/\/preprod.olympic.ca\/olympique\/wp-content\/uploads\/sites\/2\/2012\/08\/jen_emilie_full-use_forweb36.jpg?quality=100&#038;w=819\" src=\"https:\/\/preprod.olympic.ca\/olympique\/wp-content\/uploads\/sites\/2\/2012\/08\/jen_emilie_full-use_forweb36.jpg?quality=100&#038;w=431&#038;h=338&#038;strip&#038;resize=431%2C338\" srcset=\"https:\/\/preprod.olympic.ca\/olympique\/wp-content\/uploads\/sites\/2\/2012\/08\/jen_emilie_full-use_forweb36.jpg 819w, https:\/\/preprod.olympic.ca\/olympique\/wp-content\/uploads\/sites\/2\/2012\/08\/jen_emilie_full-use_forweb36.jpg?resize=202,158 202w, https:\/\/preprod.olympic.ca\/olympique\/wp-content\/uploads\/sites\/2\/2012\/08\/jen_emilie_full-use_forweb36.jpg?resize=473,371 473w, https:\/\/preprod.olympic.ca\/olympique\/wp-content\/uploads\/sites\/2\/2012\/08\/jen_emilie_full-use_forweb36.jpg?resize=768,602 768w\" width=\"431\" height=\"338\" loading=\"lazy\" data-original-width=\"431\" data-original-height=\"338\" itemprop=\"http:\/\/schema.org\/image\" title=\"OLY COC London 2012\" alt=\"Photo du COC par Mike Ridewood\" style=\"width: 431px; height: 338px;\" \/> <\/a> <div class=\"tiled-gallery-caption\" itemprop=\"caption description\"> Photo du COC par Mike Ridewood <\/div> <\/div> <\/div> <!-- close group --> <div class=\"gallery-group images-1\" style=\"width: 925px; height: 618px;\" data-original-width=\"925\" data-original-height=\"618\" > <div class=\"tiled-gallery-item tiled-gallery-item-large\" itemprop=\"associatedMedia\" itemscope itemtype=\"http:\/\/schema.org\/ImageObject\"> <a href=\"https:\/\/preprod.olympic.ca\/olympique\/wp-content\/uploads\/sites\/2\/2012\/08\/triathlon-paula-findlay-620x41326.jpg?quality=100&#038;strip\" border=\"0\" itemprop=\"url\"> <meta itemprop=\"width\" content=\"921\"> <meta itemprop=\"height\" content=\"614\"> <img decoding=\"async\" data-recalc-dims=\"1\" class=\"\" data-attachment-id=\"41906\" data-orig-file=\"https:\/\/preprod.olympic.ca\/olympique\/wp-content\/uploads\/sites\/2\/2012\/08\/triathlon-paula-findlay-620x41326.jpg?quality=100\" data-orig-size=\"620,413\" data-comments-opened=\"1\" data-image-meta=\"{&quot;aperture&quot;:&quot;0&quot;,&quot;credit&quot;:&quot;&quot;,&quot;camera&quot;:&quot;&quot;,&quot;caption&quot;:&quot;&quot;,&quot;created_timestamp&quot;:&quot;0&quot;,&quot;copyright&quot;:&quot;&quot;,&quot;focal_length&quot;:&quot;0&quot;,&quot;iso&quot;:&quot;0&quot;,&quot;shutter_speed&quot;:&quot;0&quot;,&quot;title&quot;:&quot;&quot;}\" data-image-title=\"Triathlon-Paula-Findlay-620&amp;#215;413\" data-image-description=\"&lt;p&gt;Photo du CP par Frank Gunn&lt;\/p&gt; \" data-medium-file=\"https:\/\/preprod.olympic.ca\/olympique\/wp-content\/uploads\/sites\/2\/2012\/08\/triathlon-paula-findlay-620x41326.jpg?quality=100&#038;w=557\" data-large-file=\"https:\/\/preprod.olympic.ca\/olympique\/wp-content\/uploads\/sites\/2\/2012\/08\/triathlon-paula-findlay-620x41326.jpg?quality=100&#038;w=620\" src=\"https:\/\/preprod.olympic.ca\/olympique\/wp-content\/uploads\/sites\/2\/2012\/08\/triathlon-paula-findlay-620x41326.jpg?quality=100&#038;w=921&#038;h=614&#038;strip&#038;resize=921%2C614\" srcset=\"https:\/\/preprod.olympic.ca\/olympique\/wp-content\/uploads\/sites\/2\/2012\/08\/triathlon-paula-findlay-620x41326.jpg 620w, https:\/\/preprod.olympic.ca\/olympique\/wp-content\/uploads\/sites\/2\/2012\/08\/triathlon-paula-findlay-620x41326.jpg?resize=237,158 237w, https:\/\/preprod.olympic.ca\/olympique\/wp-content\/uploads\/sites\/2\/2012\/08\/triathlon-paula-findlay-620x41326.jpg?resize=557,371 557w\" width=\"921\" height=\"614\" loading=\"lazy\" data-original-width=\"921\" data-original-height=\"614\" itemprop=\"http:\/\/schema.org\/image\" title=\"Triathlon-Paula-Findlay-620x413\" alt=\"Photo du CP par Frank Gunn\" style=\"width: 921px; height: 614px;\" \/> <\/a> <div class=\"tiled-gallery-caption\" itemprop=\"caption description\"> Photo du CP par Frank Gunn <\/div> <\/div> <\/div> <!-- close group --> <\/div> <!-- close row --> <div class=\"gallery-row\" style=\"width: 1360px; height: 348px;\" data-original-width=\"1360\" data-original-height=\"348\" > <div class=\"gallery-group images-1\" style=\"width: 516px; height: 348px;\" data-original-width=\"516\" data-original-height=\"348\" > <div class=\"tiled-gallery-item tiled-gallery-item-large\" itemprop=\"associatedMedia\" itemscope itemtype=\"http:\/\/schema.org\/ImageObject\"> <a href=\"https:\/\/preprod.olympic.ca\/olympique\/wp-content\/uploads\/sites\/2\/2012\/08\/jr372r36.jpg?quality=100&#038;strip\" border=\"0\" itemprop=\"url\"> <meta itemprop=\"width\" content=\"512\"> <meta itemprop=\"height\" content=\"344\"> <img decoding=\"async\" data-recalc-dims=\"1\" class=\"\" data-attachment-id=\"41916\" data-orig-file=\"https:\/\/preprod.olympic.ca\/olympique\/wp-content\/uploads\/sites\/2\/2012\/08\/jr372r36.jpg?quality=100\" data-orig-size=\"720,483\" data-comments-opened=\"1\" data-image-meta=\"{&quot;aperture&quot;:&quot;0&quot;,&quot;credit&quot;:&quot;The Canadian Press Images&quot;,&quot;camera&quot;:&quot;&quot;,&quot;caption&quot;:&quot;Canada\\u0027s Kyle Jones competes in the men\\u0027s triathlon at the 2012 London Olympics, August 7, 2012. Jones placed 25th. THE CANADIAN PRESS\\\/HO, COC - Jason Ransom&quot;,&quot;created_timestamp&quot;:&quot;1344357583&quot;,&quot;copyright&quot;:&quot;Jason Ransom&quot;,&quot;focal_length&quot;:&quot;0&quot;,&quot;iso&quot;:&quot;0&quot;,&quot;shutter_speed&quot;:&quot;0&quot;,&quot;title&quot;:&quot;OLY COC London 2012&quot;}\" data-image-title=\"OLY COC London 2012\" data-image-description=\"&lt;p&gt;Photo du COC par Jason Ransom&lt;\/p&gt; \" data-medium-file=\"https:\/\/preprod.olympic.ca\/olympique\/wp-content\/uploads\/sites\/2\/2012\/08\/jr372r36.jpg?quality=100&#038;w=553\" data-large-file=\"https:\/\/preprod.olympic.ca\/olympique\/wp-content\/uploads\/sites\/2\/2012\/08\/jr372r36.jpg?quality=100&#038;w=720\" src=\"https:\/\/preprod.olympic.ca\/olympique\/wp-content\/uploads\/sites\/2\/2012\/08\/jr372r36.jpg?quality=100&#038;w=512&#038;h=344&#038;strip&#038;resize=512%2C344\" srcset=\"https:\/\/preprod.olympic.ca\/olympique\/wp-content\/uploads\/sites\/2\/2012\/08\/jr372r36.jpg 720w, https:\/\/preprod.olympic.ca\/olympique\/wp-content\/uploads\/sites\/2\/2012\/08\/jr372r36.jpg?resize=236,158 236w, https:\/\/preprod.olympic.ca\/olympique\/wp-content\/uploads\/sites\/2\/2012\/08\/jr372r36.jpg?resize=553,371 553w\" width=\"512\" height=\"344\" loading=\"lazy\" data-original-width=\"512\" data-original-height=\"344\" itemprop=\"http:\/\/schema.org\/image\" title=\"OLY COC London 2012\" alt=\"Photo du COC par Jason Ransom\" style=\"width: 512px; height: 344px;\" \/> <\/a> <div class=\"tiled-gallery-caption\" itemprop=\"caption description\"> Photo du COC par Jason Ransom <\/div> <\/div> <\/div> <!-- close group --> <div class=\"gallery-group images-1\" style=\"width: 393px; height: 348px;\" data-original-width=\"393\" data-original-height=\"348\" > <div class=\"tiled-gallery-item tiled-gallery-item-large\" itemprop=\"associatedMedia\" itemscope itemtype=\"http:\/\/schema.org\/ImageObject\"> <a href=\"https:\/\/preprod.olympic.ca\/olympique\/wp-content\/uploads\/sites\/2\/2012\/08\/03043046_coc_crop66.jpg?quality=100&#038;strip\" border=\"0\" itemprop=\"url\"> <meta itemprop=\"width\" content=\"389\"> <meta itemprop=\"height\" content=\"344\"> <img decoding=\"async\" data-recalc-dims=\"1\" class=\"\" data-attachment-id=\"41966\" data-orig-file=\"https:\/\/preprod.olympic.ca\/olympique\/wp-content\/uploads\/sites\/2\/2012\/08\/03043046_coc_crop66.jpg?quality=100\" data-orig-size=\"630,557\" data-comments-opened=\"1\" data-image-meta=\"{&quot;aperture&quot;:&quot;4.5&quot;,&quot;credit&quot;:&quot;Mike Ridewood&quot;,&quot;camera&quot;:&quot;Canon EOS-1D Mark IV&quot;,&quot;caption&quot;:&quot;Brent Hayden of Vancouver with his bronze medal in men\\u0027s 100-metre freestyle in swimming competition at the 2012 London Olympics, Wednesday, Aug. 1, 2012. THE CANADIAN PRESS\\\/HO, COC - Mike Ridewood&quot;,&quot;created_timestamp&quot;:&quot;1343831367&quot;,&quot;copyright&quot;:&quot;&quot;,&quot;focal_length&quot;:&quot;400&quot;,&quot;iso&quot;:&quot;1600&quot;,&quot;shutter_speed&quot;:&quot;0.0025&quot;,&quot;title&quot;:&quot;OLY COC London 2012&quot;}\" data-image-title=\"OLY COC London 2012\" data-image-description=\"&lt;p&gt;Photo du COC par Mike Ridewood&lt;\/p&gt; \" data-medium-file=\"https:\/\/preprod.olympic.ca\/olympique\/wp-content\/uploads\/sites\/2\/2012\/08\/03043046_coc_crop66.jpg?quality=100&#038;w=420\" data-large-file=\"https:\/\/preprod.olympic.ca\/olympique\/wp-content\/uploads\/sites\/2\/2012\/08\/03043046_coc_crop66.jpg?quality=100&#038;w=630\" src=\"https:\/\/preprod.olympic.ca\/olympique\/wp-content\/uploads\/sites\/2\/2012\/08\/03043046_coc_crop66.jpg?quality=100&#038;w=389&#038;h=344&#038;strip&#038;resize=389%2C344\" srcset=\"https:\/\/preprod.olympic.ca\/olympique\/wp-content\/uploads\/sites\/2\/2012\/08\/03043046_coc_crop66.jpg 630w, https:\/\/preprod.olympic.ca\/olympique\/wp-content\/uploads\/sites\/2\/2012\/08\/03043046_coc_crop66.jpg?resize=179,158 179w, https:\/\/preprod.olympic.ca\/olympique\/wp-content\/uploads\/sites\/2\/2012\/08\/03043046_coc_crop66.jpg?resize=420,371 420w\" width=\"389\" height=\"344\" loading=\"lazy\" data-original-width=\"389\" data-original-height=\"344\" itemprop=\"http:\/\/schema.org\/image\" title=\"OLY COC London 2012\" alt=\"Photo du COC par Mike Ridewood\" style=\"width: 389px; height: 344px;\" \/> <\/a> <div class=\"tiled-gallery-caption\" itemprop=\"caption description\"> Photo du COC par Mike Ridewood <\/div> <\/div> <\/div> <!-- close group --> <div class=\"gallery-group images-1\" style=\"width: 451px; height: 348px;\" data-original-width=\"451\" data-original-height=\"348\" > <div class=\"tiled-gallery-item tiled-gallery-item-large\" itemprop=\"associatedMedia\" itemscope itemtype=\"http:\/\/schema.org\/ImageObject\"> <a href=\"https:\/\/preprod.olympic.ca\/olympique\/wp-content\/uploads\/sites\/2\/2012\/08\/03023336_july30_forweb16.jpg?quality=100&#038;strip\" border=\"0\" itemprop=\"url\"> <meta itemprop=\"width\" content=\"447\"> <meta itemprop=\"height\" content=\"344\"> <img decoding=\"async\" data-recalc-dims=\"1\" class=\"\" data-attachment-id=\"41980\" data-orig-file=\"https:\/\/preprod.olympic.ca\/olympique\/wp-content\/uploads\/sites\/2\/2012\/08\/03023336_july30_forweb16.jpg?quality=100\" data-orig-size=\"799,614\" data-comments-opened=\"1\" data-image-meta=\"{&quot;aperture&quot;:&quot;10&quot;,&quot;credit&quot;:&quot;Ryan Remiorz&quot;,&quot;camera&quot;:&quot;NIKON D4&quot;,&quot;caption&quot;:&quot;Canada\\u0027s Milos Raonic prepares to serve during his first round tennis match against Japan\\u0027s Tasuma Ito at the 2012 Summer Olympics Monday, July 30, 2012 in at the All England Club in Wimbledon. THE CANADIAN PRESS\\\/Ryan Remiorz&quot;,&quot;created_timestamp&quot;:&quot;1343651104&quot;,&quot;copyright&quot;:&quot;&quot;,&quot;focal_length&quot;:&quot;400&quot;,&quot;iso&quot;:&quot;400&quot;,&quot;shutter_speed&quot;:&quot;0.001&quot;,&quot;title&quot;:&quot;Milos Raonic&quot;}\" data-image-title=\"Milos Raonic\" data-image-description=\"&lt;p&gt;Photo du CP par Ryan Remiorz&lt;\/p&gt; \" data-medium-file=\"https:\/\/preprod.olympic.ca\/olympique\/wp-content\/uploads\/sites\/2\/2012\/08\/03023336_july30_forweb16.jpg?quality=100&#038;w=483\" data-large-file=\"https:\/\/preprod.olympic.ca\/olympique\/wp-content\/uploads\/sites\/2\/2012\/08\/03023336_july30_forweb16.jpg?quality=100&#038;w=799\" src=\"https:\/\/preprod.olympic.ca\/olympique\/wp-content\/uploads\/sites\/2\/2012\/08\/03023336_july30_forweb16.jpg?quality=100&#038;w=447&#038;h=344&#038;strip&#038;resize=447%2C344\" srcset=\"https:\/\/preprod.olympic.ca\/olympique\/wp-content\/uploads\/sites\/2\/2012\/08\/03023336_july30_forweb16.jpg 799w, https:\/\/preprod.olympic.ca\/olympique\/wp-content\/uploads\/sites\/2\/2012\/08\/03023336_july30_forweb16.jpg?resize=206,158 206w, https:\/\/preprod.olympic.ca\/olympique\/wp-content\/uploads\/sites\/2\/2012\/08\/03023336_july30_forweb16.jpg?resize=483,371 483w, https:\/\/preprod.olympic.ca\/olympique\/wp-content\/uploads\/sites\/2\/2012\/08\/03023336_july30_forweb16.jpg?resize=768,590 768w\" width=\"447\" height=\"344\" loading=\"lazy\" data-original-width=\"447\" data-original-height=\"344\" itemprop=\"http:\/\/schema.org\/image\" title=\"Milos Raonic\" alt=\"Photo du CP par Ryan Remiorz\" style=\"width: 447px; height: 344px;\" \/> <\/a> <div class=\"tiled-gallery-caption\" itemprop=\"caption description\"> Photo du CP par Ryan Remiorz <\/div> <\/div> <\/div> <!-- close group --> <\/div> <!-- close row --> <div class=\"gallery-row\" style=\"width: 1360px; height: 469px;\" data-original-width=\"1360\" data-original-height=\"469\" > <div class=\"gallery-group images-1\" style=\"width: 652px; height: 469px;\" data-original-width=\"652\" data-original-height=\"469\" > <div class=\"tiled-gallery-item tiled-gallery-item-large\" itemprop=\"associatedMedia\" itemscope itemtype=\"http:\/\/schema.org\/ImageObject\"> <a href=\"https:\/\/preprod.olympic.ca\/olympique\/wp-content\/uploads\/sites\/2\/2012\/08\/jr20398r36.jpg?quality=100&#038;strip\" border=\"0\" itemprop=\"url\"> <meta itemprop=\"width\" content=\"648\"> <meta itemprop=\"height\" content=\"465\"> <img decoding=\"async\" data-recalc-dims=\"1\" class=\"\" data-attachment-id=\"41909\" data-orig-file=\"https:\/\/preprod.olympic.ca\/olympique\/wp-content\/uploads\/sites\/2\/2012\/08\/jr20398r36.jpg?quality=100\" data-orig-size=\"1210,868\" data-comments-opened=\"1\" data-image-meta=\"{&quot;aperture&quot;:&quot;0&quot;,&quot;credit&quot;:&quot;&quot;,&quot;camera&quot;:&quot;&quot;,&quot;caption&quot;:&quot;&quot;,&quot;created_timestamp&quot;:&quot;1344831046&quot;,&quot;copyright&quot;:&quot;Jason Ransom&quot;,&quot;focal_length&quot;:&quot;0&quot;,&quot;iso&quot;:&quot;0&quot;,&quot;shutter_speed&quot;:&quot;0&quot;,&quot;title&quot;:&quot;&quot;}\" data-image-title=\"_JR20398r\" data-image-description=\"&lt;p&gt;Photo du COC par Jason Ransom&lt;\/p&gt; \" data-medium-file=\"https:\/\/preprod.olympic.ca\/olympique\/wp-content\/uploads\/sites\/2\/2012\/08\/jr20398r36.jpg?quality=100&#038;w=517\" data-large-file=\"https:\/\/preprod.olympic.ca\/olympique\/wp-content\/uploads\/sites\/2\/2012\/08\/jr20398r36.jpg?quality=100&#038;w=1051\" src=\"https:\/\/preprod.olympic.ca\/olympique\/wp-content\/uploads\/sites\/2\/2012\/08\/jr20398r36.jpg?quality=100&#038;w=648&#038;h=465&#038;strip&#038;resize=648%2C465\" srcset=\"https:\/\/preprod.olympic.ca\/olympique\/wp-content\/uploads\/sites\/2\/2012\/08\/jr20398r36.jpg 1210w, https:\/\/preprod.olympic.ca\/olympique\/wp-content\/uploads\/sites\/2\/2012\/08\/jr20398r36.jpg?resize=220,158 220w, https:\/\/preprod.olympic.ca\/olympique\/wp-content\/uploads\/sites\/2\/2012\/08\/jr20398r36.jpg?resize=517,371 517w, https:\/\/preprod.olympic.ca\/olympique\/wp-content\/uploads\/sites\/2\/2012\/08\/jr20398r36.jpg?resize=768,551 768w, https:\/\/preprod.olympic.ca\/olympique\/wp-content\/uploads\/sites\/2\/2012\/08\/jr20398r36.jpg?resize=1051,754 1051w\" width=\"648\" height=\"465\" loading=\"lazy\" data-original-width=\"648\" data-original-height=\"465\" itemprop=\"http:\/\/schema.org\/image\" title=\"_JR20398r\" alt=\"Photo du COC par Jason Ransom\" style=\"width: 648px; height: 465px;\" \/> <\/a> <div class=\"tiled-gallery-caption\" itemprop=\"caption description\"> Photo du COC par Jason Ransom <\/div> <\/div> <\/div> <!-- close group --> <div class=\"gallery-group images-1\" style=\"width: 708px; height: 469px;\" data-original-width=\"708\" data-original-height=\"469\" > <div class=\"tiled-gallery-item tiled-gallery-item-large\" itemprop=\"associatedMedia\" itemscope itemtype=\"http:\/\/schema.org\/ImageObject\"> <a href=\"https:\/\/preprod.olympic.ca\/olympique\/wp-content\/uploads\/sites\/2\/2012\/08\/jr338r66.jpg?quality=100&#038;strip\" border=\"0\" itemprop=\"url\"> <meta itemprop=\"width\" content=\"704\"> <meta itemprop=\"height\" content=\"465\"> <img decoding=\"async\" data-recalc-dims=\"1\" class=\"\" data-attachment-id=\"41921\" data-orig-file=\"https:\/\/preprod.olympic.ca\/olympique\/wp-content\/uploads\/sites\/2\/2012\/08\/jr338r66.jpg?quality=100\" data-orig-size=\"1104,729\" data-comments-opened=\"1\" data-image-meta=\"{&quot;aperture&quot;:&quot;0&quot;,&quot;credit&quot;:&quot;The Canadian Press Images&quot;,&quot;camera&quot;:&quot;&quot;,&quot;caption&quot;:&quot;Jinzi Li of China finds a hole in the defence of Canada\\u0027s Mary Spencer during a middleweight boxing semifinal at the 2012 London Olympics, August 6, 2012. Spencer lost the fight 17 points to 14 and is out of the competition. THE CANADIAN PRESS\\\/HO, COC - Jason Ransom&quot;,&quot;created_timestamp&quot;:&quot;1344288549&quot;,&quot;copyright&quot;:&quot;&quot;,&quot;focal_length&quot;:&quot;0&quot;,&quot;iso&quot;:&quot;0&quot;,&quot;shutter_speed&quot;:&quot;0&quot;,&quot;title&quot;:&quot;OLY COC London 2012&quot;}\" data-image-title=\"OLY COC London 2012\" data-image-description=\"&lt;p&gt;Photo du COC par Jason Ransom&lt;\/p&gt; \" data-medium-file=\"https:\/\/preprod.olympic.ca\/olympique\/wp-content\/uploads\/sites\/2\/2012\/08\/jr338r66.jpg?quality=100&#038;w=562\" data-large-file=\"https:\/\/preprod.olympic.ca\/olympique\/wp-content\/uploads\/sites\/2\/2012\/08\/jr338r66.jpg?quality=100&#038;w=1104\" src=\"https:\/\/preprod.olympic.ca\/olympique\/wp-content\/uploads\/sites\/2\/2012\/08\/jr338r66.jpg?quality=100&#038;w=704&#038;h=465&#038;strip&#038;resize=704%2C465\" srcset=\"https:\/\/preprod.olympic.ca\/olympique\/wp-content\/uploads\/sites\/2\/2012\/08\/jr338r66.jpg 1104w, https:\/\/preprod.olympic.ca\/olympique\/wp-content\/uploads\/sites\/2\/2012\/08\/jr338r66.jpg?resize=239,158 239w, https:\/\/preprod.olympic.ca\/olympique\/wp-content\/uploads\/sites\/2\/2012\/08\/jr338r66.jpg?resize=562,371 562w, https:\/\/preprod.olympic.ca\/olympique\/wp-content\/uploads\/sites\/2\/2012\/08\/jr338r66.jpg?resize=768,507 768w\" width=\"704\" height=\"465\" loading=\"lazy\" data-original-width=\"704\" data-original-height=\"465\" itemprop=\"http:\/\/schema.org\/image\" title=\"OLY COC London 2012\" alt=\"Photo du COC par Jason Ransom\" style=\"width: 704px; height: 465px;\" \/> <\/a> <div class=\"tiled-gallery-caption\" itemprop=\"caption description\"> Photo du COC par Jason Ransom <\/div> <\/div> <\/div> <!-- close group --> <\/div> <!-- close row --> <div class=\"gallery-row\" style=\"width: 1360px; height: 646px;\" data-original-width=\"1360\" data-original-height=\"646\" > <div class=\"gallery-group images-1\" style=\"width: 910px; height: 646px;\" data-original-width=\"910\" data-original-height=\"646\" > <div class=\"tiled-gallery-item tiled-gallery-item-large\" itemprop=\"associatedMedia\" itemscope itemtype=\"http:\/\/schema.org\/ImageObject\"> <a href=\"https:\/\/preprod.olympic.ca\/olympique\/wp-content\/uploads\/sites\/2\/2012\/08\/jr382r36.jpg?quality=100&#038;strip\" border=\"0\" itemprop=\"url\"> <meta itemprop=\"width\" content=\"906\"> <meta itemprop=\"height\" content=\"642\"> <img decoding=\"async\" data-recalc-dims=\"1\" class=\"\" data-attachment-id=\"41917\" data-orig-file=\"https:\/\/preprod.olympic.ca\/olympique\/wp-content\/uploads\/sites\/2\/2012\/08\/jr382r36.jpg?quality=100\" data-orig-size=\"720,510\" data-comments-opened=\"1\" data-image-meta=\"{&quot;aperture&quot;:&quot;0&quot;,&quot;credit&quot;:&quot;The Canadian Press Images&quot;,&quot;camera&quot;:&quot;&quot;,&quot;caption&quot;:&quot;Alexandre Despatie competes in the men\\u0027s 3-metre springboard event at the 2012 London Olympics, August 7, 2012. Despatie placed 11th. THE CANADIAN PRESS\\\/HO, COC - Jason Ransom&quot;,&quot;created_timestamp&quot;:&quot;1344385658&quot;,&quot;copyright&quot;:&quot;&quot;,&quot;focal_length&quot;:&quot;0&quot;,&quot;iso&quot;:&quot;0&quot;,&quot;shutter_speed&quot;:&quot;0&quot;,&quot;title&quot;:&quot;OLY COC London 2012&quot;}\" data-image-title=\"OLY COC London 2012\" data-image-description=\"&lt;p&gt;Photo du COC par Jason Ransom&lt;\/p&gt; \" data-medium-file=\"https:\/\/preprod.olympic.ca\/olympique\/wp-content\/uploads\/sites\/2\/2012\/08\/jr382r36.jpg?quality=100&#038;w=524\" data-large-file=\"https:\/\/preprod.olympic.ca\/olympique\/wp-content\/uploads\/sites\/2\/2012\/08\/jr382r36.jpg?quality=100&#038;w=720\" src=\"https:\/\/preprod.olympic.ca\/olympique\/wp-content\/uploads\/sites\/2\/2012\/08\/jr382r36.jpg?quality=100&#038;w=906&#038;h=642&#038;strip&#038;resize=906%2C642\" srcset=\"https:\/\/preprod.olympic.ca\/olympique\/wp-content\/uploads\/sites\/2\/2012\/08\/jr382r36.jpg 720w, https:\/\/preprod.olympic.ca\/olympique\/wp-content\/uploads\/sites\/2\/2012\/08\/jr382r36.jpg?resize=223,158 223w, https:\/\/preprod.olympic.ca\/olympique\/wp-content\/uploads\/sites\/2\/2012\/08\/jr382r36.jpg?resize=524,371 524w\" width=\"906\" height=\"642\" loading=\"lazy\" data-original-width=\"906\" data-original-height=\"642\" itemprop=\"http:\/\/schema.org\/image\" title=\"OLY COC London 2012\" alt=\"Photo du COC par Jason Ransom\" style=\"width: 906px; height: 642px;\" \/> <\/a> <div class=\"tiled-gallery-caption\" itemprop=\"caption description\"> Photo du COC par Jason Ransom <\/div> <\/div> <\/div> <!-- close group --> <div class=\"gallery-group images-2\" style=\"width: 450px; height: 646px;\" data-original-width=\"450\" data-original-height=\"646\" > <div class=\"tiled-gallery-item tiled-gallery-item-large\" itemprop=\"associatedMedia\" itemscope itemtype=\"http:\/\/schema.org\/ImageObject\"> <a href=\"https:\/\/preprod.olympic.ca\/olympique\/wp-content\/uploads\/sites\/2\/2012\/08\/carol_coc6r36.jpg?quality=100&#038;strip\" border=\"0\" itemprop=\"url\"> <meta itemprop=\"width\" content=\"446\"> <meta itemprop=\"height\" content=\"384\"> <img decoding=\"async\" data-recalc-dims=\"1\" class=\"\" data-attachment-id=\"41945\" data-orig-file=\"https:\/\/preprod.olympic.ca\/olympique\/wp-content\/uploads\/sites\/2\/2012\/08\/carol_coc6r36.jpg?quality=100\" data-orig-size=\"720,621\" data-comments-opened=\"1\" data-image-meta=\"{&quot;aperture&quot;:&quot;3.5&quot;,&quot;credit&quot;:&quot;Mike Ridewood&quot;,&quot;camera&quot;:&quot;Canon EOS-1D Mark IV&quot;,&quot;caption&quot;:&quot;Carol Huynh of Calgary takes a bronze medal in the women\\u0027s 48 kg. freestyle wrestling at the 2012 London Olympics, Wednesday, Aug. 8, 2012. THE CANADIAN PRESS\\\/HO, COC - Mike Ridewood&quot;,&quot;created_timestamp&quot;:&quot;1344429205&quot;,&quot;copyright&quot;:&quot;&quot;,&quot;focal_length&quot;:&quot;400&quot;,&quot;iso&quot;:&quot;1000&quot;,&quot;shutter_speed&quot;:&quot;0.0025&quot;,&quot;title&quot;:&quot;OLY COC London 2012&quot;}\" data-image-title=\"OLY COC London 2012\" data-image-description=\"&lt;p&gt;Photo du COC par Mike Ridewood&lt;\/p&gt; \" data-medium-file=\"https:\/\/preprod.olympic.ca\/olympique\/wp-content\/uploads\/sites\/2\/2012\/08\/carol_coc6r36.jpg?quality=100&#038;w=430\" data-large-file=\"https:\/\/preprod.olympic.ca\/olympique\/wp-content\/uploads\/sites\/2\/2012\/08\/carol_coc6r36.jpg?quality=100&#038;w=720\" src=\"https:\/\/preprod.olympic.ca\/olympique\/wp-content\/uploads\/sites\/2\/2012\/08\/carol_coc6r36.jpg?quality=100&#038;w=446&#038;h=384&#038;strip&#038;resize=446%2C384\" srcset=\"https:\/\/preprod.olympic.ca\/olympique\/wp-content\/uploads\/sites\/2\/2012\/08\/carol_coc6r36.jpg 720w, https:\/\/preprod.olympic.ca\/olympique\/wp-content\/uploads\/sites\/2\/2012\/08\/carol_coc6r36.jpg?resize=183,158 183w, https:\/\/preprod.olympic.ca\/olympique\/wp-content\/uploads\/sites\/2\/2012\/08\/carol_coc6r36.jpg?resize=430,371 430w\" width=\"446\" height=\"384\" loading=\"lazy\" data-original-width=\"446\" data-original-height=\"384\" itemprop=\"http:\/\/schema.org\/image\" title=\"OLY COC London 2012\" alt=\"Photo du COC par Mike Ridewood\" style=\"width: 446px; height: 384px;\" \/> <\/a> <div class=\"tiled-gallery-caption\" itemprop=\"caption description\"> Photo du COC par Mike Ridewood <\/div> <\/div> <div class=\"tiled-gallery-item tiled-gallery-item-large\" itemprop=\"associatedMedia\" itemscope itemtype=\"http:\/\/schema.org\/ImageObject\"> <a href=\"https:\/\/preprod.olympic.ca\/olympique\/wp-content\/uploads\/sites\/2\/2012\/08\/jr20291_cpr36.jpg?quality=100&#038;strip\" border=\"0\" itemprop=\"url\"> <meta itemprop=\"width\" content=\"446\"> <meta itemprop=\"height\" content=\"254\"> <img decoding=\"async\" data-recalc-dims=\"1\" class=\"\" data-attachment-id=\"41908\" data-orig-file=\"https:\/\/preprod.olympic.ca\/olympique\/wp-content\/uploads\/sites\/2\/2012\/08\/jr20291_cpr36.jpg?quality=100\" data-orig-size=\"1169,665\" data-comments-opened=\"1\" data-image-meta=\"{&quot;aperture&quot;:&quot;0&quot;,&quot;credit&quot;:&quot;&quot;,&quot;camera&quot;:&quot;&quot;,&quot;caption&quot;:&quot;&quot;,&quot;created_timestamp&quot;:&quot;1344821577&quot;,&quot;copyright&quot;:&quot;Jason Ransom&quot;,&quot;focal_length&quot;:&quot;0&quot;,&quot;iso&quot;:&quot;0&quot;,&quot;shutter_speed&quot;:&quot;0&quot;,&quot;title&quot;:&quot;&quot;}\" data-image-title=\"_JR20291_CPr\" data-image-description=\"&lt;p&gt;Photo du CP par Sean Kilkpatrick&lt;\/p&gt; \" data-medium-file=\"https:\/\/preprod.olympic.ca\/olympique\/wp-content\/uploads\/sites\/2\/2012\/08\/jr20291_cpr36.jpg?quality=100&#038;w=652\" data-large-file=\"https:\/\/preprod.olympic.ca\/olympique\/wp-content\/uploads\/sites\/2\/2012\/08\/jr20291_cpr36.jpg?quality=100&#038;w=1169\" src=\"https:\/\/preprod.olympic.ca\/olympique\/wp-content\/uploads\/sites\/2\/2012\/08\/jr20291_cpr36.jpg?quality=100&#038;w=446&#038;h=254&#038;strip&#038;resize=446%2C254\" srcset=\"https:\/\/preprod.olympic.ca\/olympique\/wp-content\/uploads\/sites\/2\/2012\/08\/jr20291_cpr36.jpg 1169w, https:\/\/preprod.olympic.ca\/olympique\/wp-content\/uploads\/sites\/2\/2012\/08\/jr20291_cpr36.jpg?resize=278,158 278w, https:\/\/preprod.olympic.ca\/olympique\/wp-content\/uploads\/sites\/2\/2012\/08\/jr20291_cpr36.jpg?resize=652,371 652w, https:\/\/preprod.olympic.ca\/olympique\/wp-content\/uploads\/sites\/2\/2012\/08\/jr20291_cpr36.jpg?resize=768,437 768w\" width=\"446\" height=\"254\" loading=\"lazy\" data-original-width=\"446\" data-original-height=\"254\" itemprop=\"http:\/\/schema.org\/image\" title=\"_JR20291_CPr\" alt=\"Photo du CP par Sean Kilkpatrick\" style=\"width: 446px; height: 254px;\" \/> <\/a> <div class=\"tiled-gallery-caption\" itemprop=\"caption description\"> Photo du CP par Sean Kilkpatrick <\/div> <\/div> <\/div> <!-- close group --> <\/div> <!-- close row --> <div class=\"gallery-row\" style=\"width: 1360px; height: 477px;\" data-original-width=\"1360\" data-original-height=\"477\" > <div class=\"gallery-group images-1\" style=\"width: 672px; height: 477px;\" data-original-width=\"672\" data-original-height=\"477\" > <div class=\"tiled-gallery-item tiled-gallery-item-large\" itemprop=\"associatedMedia\" itemscope itemtype=\"http:\/\/schema.org\/ImageObject\"> <a href=\"https:\/\/preprod.olympic.ca\/olympique\/wp-content\/uploads\/sites\/2\/2012\/08\/cochrane_coc_silver8236.jpg?quality=100&#038;strip\" border=\"0\" itemprop=\"url\"> <meta itemprop=\"width\" content=\"668\"> <meta itemprop=\"height\" content=\"473\"> <img decoding=\"async\" data-recalc-dims=\"1\" class=\"\" data-attachment-id=\"41957\" data-orig-file=\"https:\/\/preprod.olympic.ca\/olympique\/wp-content\/uploads\/sites\/2\/2012\/08\/cochrane_coc_silver8236.jpg?quality=100\" data-orig-size=\"869,616\" data-comments-opened=\"1\" data-image-meta=\"{&quot;aperture&quot;:&quot;4.5&quot;,&quot;credit&quot;:&quot;Mike Ridewood&quot;,&quot;camera&quot;:&quot;Canon EOS-1D Mark IV&quot;,&quot;caption&quot;:&quot;Ryan Cochrane of Victoria, B.C. dives into the pool on the way to the silver medal in the men\\u0027s 1500-metre freestyle swim at the 2012 London Olympics, Saturday, Aug. 4, 2012. THE CANADIAN PRESS\\\/HO, COC - Mike Ridewood&quot;,&quot;created_timestamp&quot;:&quot;1344084079&quot;,&quot;copyright&quot;:&quot;&quot;,&quot;focal_length&quot;:&quot;400&quot;,&quot;iso&quot;:&quot;1600&quot;,&quot;shutter_speed&quot;:&quot;0.00125&quot;,&quot;title&quot;:&quot;OLY COC London 2012&quot;}\" data-image-title=\"OLY COC London 2012\" data-image-description=\"&lt;p&gt;Photo du COC par Mike Ridewood&lt;\/p&gt; \" data-medium-file=\"https:\/\/preprod.olympic.ca\/olympique\/wp-content\/uploads\/sites\/2\/2012\/08\/cochrane_coc_silver8236.jpg?quality=100&#038;w=523\" data-large-file=\"https:\/\/preprod.olympic.ca\/olympique\/wp-content\/uploads\/sites\/2\/2012\/08\/cochrane_coc_silver8236.jpg?quality=100&#038;w=869\" src=\"https:\/\/preprod.olympic.ca\/olympique\/wp-content\/uploads\/sites\/2\/2012\/08\/cochrane_coc_silver8236.jpg?quality=100&#038;w=668&#038;h=473&#038;strip&#038;resize=668%2C473\" srcset=\"https:\/\/preprod.olympic.ca\/olympique\/wp-content\/uploads\/sites\/2\/2012\/08\/cochrane_coc_silver8236.jpg 869w, https:\/\/preprod.olympic.ca\/olympique\/wp-content\/uploads\/sites\/2\/2012\/08\/cochrane_coc_silver8236.jpg?resize=223,158 223w, https:\/\/preprod.olympic.ca\/olympique\/wp-content\/uploads\/sites\/2\/2012\/08\/cochrane_coc_silver8236.jpg?resize=523,371 523w, https:\/\/preprod.olympic.ca\/olympique\/wp-content\/uploads\/sites\/2\/2012\/08\/cochrane_coc_silver8236.jpg?resize=768,544 768w\" width=\"668\" height=\"473\" loading=\"lazy\" data-original-width=\"668\" data-original-height=\"473\" itemprop=\"http:\/\/schema.org\/image\" title=\"OLY COC London 2012\" alt=\"Photo du COC par Mike Ridewood\" style=\"width: 668px; height: 473px;\" \/> <\/a> <div class=\"tiled-gallery-caption\" itemprop=\"caption description\"> Photo du COC par Mike Ridewood <\/div> <\/div> <\/div> <!-- close group --> <div class=\"gallery-group images-1\" style=\"width: 688px; height: 477px;\" data-original-width=\"688\" data-original-height=\"477\" > <div class=\"tiled-gallery-item tiled-gallery-item-large\" itemprop=\"associatedMedia\" itemscope itemtype=\"http:\/\/schema.org\/ImageObject\"> <a href=\"https:\/\/preprod.olympic.ca\/olympique\/wp-content\/uploads\/sites\/2\/2012\/08\/jr2277316.jpg?quality=100&#038;strip\" border=\"0\" itemprop=\"url\"> <meta itemprop=\"width\" content=\"684\"> <meta itemprop=\"height\" content=\"473\"> <img decoding=\"async\" data-recalc-dims=\"1\" class=\"\" data-attachment-id=\"41978\" data-orig-file=\"https:\/\/preprod.olympic.ca\/olympique\/wp-content\/uploads\/sites\/2\/2012\/08\/jr2277316.jpg?quality=100\" data-orig-size=\"1080,747\" data-comments-opened=\"1\" data-image-meta=\"{&quot;aperture&quot;:&quot;0&quot;,&quot;credit&quot;:&quot;The Canadian Press Images&quot;,&quot;camera&quot;:&quot;&quot;,&quot;caption&quot;:&quot;Canada\\u0027s Joshua Binstock and Martin Reader during preliminary beach volleyball action against Tarjei Viken Skarlund and Martin Spinnangr at the 2012 London Olympics, on July 30, 2012. Binstock and Reader lost two sets to none. THE CANADIAN PRESS\\\/HO, COC - Jason Ransom&quot;,&quot;created_timestamp&quot;:&quot;1343660585&quot;,&quot;copyright&quot;:&quot;Jason Ransom&quot;,&quot;focal_length&quot;:&quot;0&quot;,&quot;iso&quot;:&quot;0&quot;,&quot;shutter_speed&quot;:&quot;0&quot;,&quot;title&quot;:&quot;OLY COC London 2012&quot;}\" data-image-title=\"OLY COC London 2012\" data-image-description=\"&lt;p&gt;Photo du COC par Jason Ransom&lt;\/p&gt; \" data-medium-file=\"https:\/\/preprod.olympic.ca\/olympique\/wp-content\/uploads\/sites\/2\/2012\/08\/jr2277316.jpg?quality=100&#038;w=536\" data-large-file=\"https:\/\/preprod.olympic.ca\/olympique\/wp-content\/uploads\/sites\/2\/2012\/08\/jr2277316.jpg?quality=100&#038;w=1080\" src=\"https:\/\/preprod.olympic.ca\/olympique\/wp-content\/uploads\/sites\/2\/2012\/08\/jr2277316.jpg?quality=100&#038;w=684&#038;h=473&#038;strip&#038;resize=684%2C473\" srcset=\"https:\/\/preprod.olympic.ca\/olympique\/wp-content\/uploads\/sites\/2\/2012\/08\/jr2277316.jpg 1080w, https:\/\/preprod.olympic.ca\/olympique\/wp-content\/uploads\/sites\/2\/2012\/08\/jr2277316.jpg?resize=228,158 228w, https:\/\/preprod.olympic.ca\/olympique\/wp-content\/uploads\/sites\/2\/2012\/08\/jr2277316.jpg?resize=536,371 536w, https:\/\/preprod.olympic.ca\/olympique\/wp-content\/uploads\/sites\/2\/2012\/08\/jr2277316.jpg?resize=768,531 768w\" width=\"684\" height=\"473\" loading=\"lazy\" data-original-width=\"684\" data-original-height=\"473\" itemprop=\"http:\/\/schema.org\/image\" title=\"OLY COC London 2012\" alt=\"Photo du COC par Jason Ransom\" style=\"width: 684px; height: 473px;\" \/> <\/a> <div class=\"tiled-gallery-caption\" itemprop=\"caption description\"> Photo du COC par Jason Ransom <\/div> <\/div> <\/div> <!-- close group --> <\/div> <!-- close row --> <div class=\"gallery-row\" style=\"width: 1360px; height: 323px;\" data-original-width=\"1360\" data-original-height=\"323\" > <div class=\"gallery-group images-1\" style=\"width: 516px; height: 323px;\" data-original-width=\"516\" data-original-height=\"323\" > <div class=\"tiled-gallery-item tiled-gallery-item-large\" itemprop=\"associatedMedia\" itemscope itemtype=\"http:\/\/schema.org\/ImageObject\"> <a href=\"https:\/\/preprod.olympic.ca\/olympique\/wp-content\/uploads\/sites\/2\/2012\/08\/rosie_coc_e26.jpg?quality=100&#038;strip\" border=\"0\" itemprop=\"url\"> <meta itemprop=\"width\" content=\"512\"> <meta itemprop=\"height\" content=\"319\"> <img decoding=\"async\" data-recalc-dims=\"1\" class=\"\" data-attachment-id=\"41937\" data-orig-file=\"https:\/\/preprod.olympic.ca\/olympique\/wp-content\/uploads\/sites\/2\/2012\/08\/rosie_coc_e26.jpg?quality=100\" data-orig-size=\"3734,2329\" data-comments-opened=\"1\" data-image-meta=\"{&quot;aperture&quot;:&quot;2.8&quot;,&quot;credit&quot;:&quot;Mike Ridewood&quot;,&quot;camera&quot;:&quot;Canon EOS-1D Mark IV&quot;,&quot;caption&quot;:&quot;Rosannagh MacLennan of Toronto jumps to the gold medal in the women\\u0027s trampoline at the 2012 London Olympics, Friday, Aug. 3, 2012. THE CANADIAN PRESS\\\/HO, COC - Mike Ridewood&quot;,&quot;created_timestamp&quot;:&quot;1344067925&quot;,&quot;copyright&quot;:&quot;&quot;,&quot;focal_length&quot;:&quot;400&quot;,&quot;iso&quot;:&quot;1600&quot;,&quot;shutter_speed&quot;:&quot;0.001&quot;,&quot;title&quot;:&quot;OLY COC London 2012&quot;}\" data-image-title=\"OLY COC London 2012\" data-image-description=\"&lt;p&gt;Photo du COC par Mike Ridewood&lt;\/p&gt; \" data-medium-file=\"https:\/\/preprod.olympic.ca\/olympique\/wp-content\/uploads\/sites\/2\/2012\/08\/rosie_coc_e26.jpg?quality=100&#038;w=595\" data-large-file=\"https:\/\/preprod.olympic.ca\/olympique\/wp-content\/uploads\/sites\/2\/2012\/08\/rosie_coc_e26.jpg?quality=100&#038;w=1209\" src=\"https:\/\/preprod.olympic.ca\/olympique\/wp-content\/uploads\/sites\/2\/2012\/08\/rosie_coc_e26.jpg?quality=100&#038;w=512&#038;h=319&#038;strip&#038;resize=512%2C319\" srcset=\"https:\/\/preprod.olympic.ca\/olympique\/wp-content\/uploads\/sites\/2\/2012\/08\/rosie_coc_e26.jpg 3734w, https:\/\/preprod.olympic.ca\/olympique\/wp-content\/uploads\/sites\/2\/2012\/08\/rosie_coc_e26.jpg?resize=253,158 253w, https:\/\/preprod.olympic.ca\/olympique\/wp-content\/uploads\/sites\/2\/2012\/08\/rosie_coc_e26.jpg?resize=595,371 595w, https:\/\/preprod.olympic.ca\/olympique\/wp-content\/uploads\/sites\/2\/2012\/08\/rosie_coc_e26.jpg?resize=768,479 768w, https:\/\/preprod.olympic.ca\/olympique\/wp-content\/uploads\/sites\/2\/2012\/08\/rosie_coc_e26.jpg?resize=1209,754 1209w, https:\/\/preprod.olympic.ca\/olympique\/wp-content\/uploads\/sites\/2\/2012\/08\/rosie_coc_e26.jpg?resize=1536,958 1536w, https:\/\/preprod.olympic.ca\/olympique\/wp-content\/uploads\/sites\/2\/2012\/08\/rosie_coc_e26.jpg?resize=2048,1277 2048w\" width=\"512\" height=\"319\" loading=\"lazy\" data-original-width=\"512\" data-original-height=\"319\" itemprop=\"http:\/\/schema.org\/image\" title=\"OLY COC London 2012\" alt=\"Photo du COC par Mike Ridewood\" style=\"width: 512px; height: 319px;\" \/> <\/a> <div class=\"tiled-gallery-caption\" itemprop=\"caption description\"> Photo du COC par Mike Ridewood <\/div> <\/div> <\/div> <!-- close group --> <div class=\"gallery-group images-1\" style=\"width: 428px; height: 323px;\" data-original-width=\"428\" data-original-height=\"323\" > <div class=\"tiled-gallery-item tiled-gallery-item-large\" itemprop=\"associatedMedia\" itemscope itemtype=\"http:\/\/schema.org\/ImageObject\"> <a href=\"https:\/\/preprod.olympic.ca\/olympique\/wp-content\/uploads\/sites\/2\/2012\/08\/jr08116.jpg?quality=100&#038;strip\" border=\"0\" itemprop=\"url\"> <meta itemprop=\"width\" content=\"424\"> <meta itemprop=\"height\" content=\"319\"> <img decoding=\"async\" data-recalc-dims=\"1\" class=\"\" data-attachment-id=\"41977\" data-orig-file=\"https:\/\/preprod.olympic.ca\/olympique\/wp-content\/uploads\/sites\/2\/2012\/08\/jr08116.jpg?quality=100\" data-orig-size=\"1080,813\" data-comments-opened=\"1\" data-image-meta=\"{&quot;aperture&quot;:&quot;0&quot;,&quot;credit&quot;:&quot;The Canadian Press Images&quot;,&quot;camera&quot;:&quot;&quot;,&quot;caption&quot;:&quot;The Canadian women\\u0027s basketball team celebrates a win against Great Britain during preliminary action at the 2012 London Olympics, on July 30, 2012. Canada beat Great Britain 73-65. THE CANADIAN PRESS\\\/HO, COC - Jason Ransom&quot;,&quot;created_timestamp&quot;:&quot;1343702249&quot;,&quot;copyright&quot;:&quot;&quot;,&quot;focal_length&quot;:&quot;0&quot;,&quot;iso&quot;:&quot;0&quot;,&quot;shutter_speed&quot;:&quot;0&quot;,&quot;title&quot;:&quot;OLY COC London 2012&quot;}\" data-image-title=\"OLY COC London 2012\" data-image-description=\"&lt;p&gt;Photo du COC par Jason Ransom&lt;\/p&gt; \" data-medium-file=\"https:\/\/preprod.olympic.ca\/olympique\/wp-content\/uploads\/sites\/2\/2012\/08\/jr08116.jpg?quality=100&#038;w=493\" data-large-file=\"https:\/\/preprod.olympic.ca\/olympique\/wp-content\/uploads\/sites\/2\/2012\/08\/jr08116.jpg?quality=100&#038;w=1002\" src=\"https:\/\/preprod.olympic.ca\/olympique\/wp-content\/uploads\/sites\/2\/2012\/08\/jr08116.jpg?quality=100&#038;w=424&#038;h=319&#038;strip&#038;resize=424%2C319\" srcset=\"https:\/\/preprod.olympic.ca\/olympique\/wp-content\/uploads\/sites\/2\/2012\/08\/jr08116.jpg 1080w, https:\/\/preprod.olympic.ca\/olympique\/wp-content\/uploads\/sites\/2\/2012\/08\/jr08116.jpg?resize=210,158 210w, https:\/\/preprod.olympic.ca\/olympique\/wp-content\/uploads\/sites\/2\/2012\/08\/jr08116.jpg?resize=493,371 493w, https:\/\/preprod.olympic.ca\/olympique\/wp-content\/uploads\/sites\/2\/2012\/08\/jr08116.jpg?resize=768,578 768w, https:\/\/preprod.olympic.ca\/olympique\/wp-content\/uploads\/sites\/2\/2012\/08\/jr08116.jpg?resize=1002,754 1002w\" width=\"424\" height=\"319\" loading=\"lazy\" data-original-width=\"424\" data-original-height=\"319\" itemprop=\"http:\/\/schema.org\/image\" title=\"OLY COC London 2012\" alt=\"Photo du COC par Jason Ransom\" style=\"width: 424px; height: 319px;\" \/> <\/a> <div class=\"tiled-gallery-caption\" itemprop=\"caption description\"> Photo du COC par Jason Ransom <\/div> <\/div> <\/div> <!-- close group --> <div class=\"gallery-group images-1\" style=\"width: 416px; height: 323px;\" data-original-width=\"416\" data-original-height=\"323\" > <div class=\"tiled-gallery-item tiled-gallery-item-large\" itemprop=\"associatedMedia\" itemscope itemtype=\"http:\/\/schema.org\/ImageObject\"> <a href=\"https:\/\/preprod.olympic.ca\/olympique\/wp-content\/uploads\/sites\/2\/2012\/08\/03076696_coc_web56.jpg?quality=100&#038;strip\" border=\"0\" itemprop=\"url\"> <meta itemprop=\"width\" content=\"412\"> <meta itemprop=\"height\" content=\"319\"> <img decoding=\"async\" data-recalc-dims=\"1\" class=\"\" data-attachment-id=\"41919\" data-orig-file=\"https:\/\/preprod.olympic.ca\/olympique\/wp-content\/uploads\/sites\/2\/2012\/08\/03076696_coc_web56.jpg?quality=100\" data-orig-size=\"674,523\" data-comments-opened=\"1\" data-image-meta=\"{&quot;aperture&quot;:&quot;3.5&quot;,&quot;credit&quot;:&quot;Mike Ridewood&quot;,&quot;camera&quot;:&quot;Canon EOS-1D Mark IV&quot;,&quot;caption&quot;:&quot;A member of Canada\\u0027s women\\u0027s soccer team is consoled by a United States official after Canada\\u0027s 4 - 3 overtime loss to the United States in semi-final action in Manchester at the 2012 London Olympics, Monday, Aug. 6, 2012. THE CANADIAN PRESS\\\/HO, COC - Mike Ridewood&quot;,&quot;created_timestamp&quot;:&quot;1344266225&quot;,&quot;copyright&quot;:&quot;&quot;,&quot;focal_length&quot;:&quot;400&quot;,&quot;iso&quot;:&quot;1600&quot;,&quot;shutter_speed&quot;:&quot;0.00125&quot;,&quot;title&quot;:&quot;OLY COC London 2012&quot;}\" data-image-title=\"OLY COC London 2012\" data-image-description=\"&lt;p&gt;Photo du COC par Mike Ridewood&lt;\/p&gt; \" data-medium-file=\"https:\/\/preprod.olympic.ca\/olympique\/wp-content\/uploads\/sites\/2\/2012\/08\/03076696_coc_web56.jpg?quality=100&#038;w=478\" data-large-file=\"https:\/\/preprod.olympic.ca\/olympique\/wp-content\/uploads\/sites\/2\/2012\/08\/03076696_coc_web56.jpg?quality=100&#038;w=674\" src=\"https:\/\/preprod.olympic.ca\/olympique\/wp-content\/uploads\/sites\/2\/2012\/08\/03076696_coc_web56.jpg?quality=100&#038;w=412&#038;h=319&#038;strip&#038;resize=412%2C319\" srcset=\"https:\/\/preprod.olympic.ca\/olympique\/wp-content\/uploads\/sites\/2\/2012\/08\/03076696_coc_web56.jpg 674w, https:\/\/preprod.olympic.ca\/olympique\/wp-content\/uploads\/sites\/2\/2012\/08\/03076696_coc_web56.jpg?resize=204,158 204w, https:\/\/preprod.olympic.ca\/olympique\/wp-content\/uploads\/sites\/2\/2012\/08\/03076696_coc_web56.jpg?resize=478,371 478w\" width=\"412\" height=\"319\" loading=\"lazy\" data-original-width=\"412\" data-original-height=\"319\" itemprop=\"http:\/\/schema.org\/image\" title=\"OLY COC London 2012\" alt=\"Photo du COC par Mike Ridewood\" style=\"width: 412px; height: 319px;\" \/> <\/a> <div class=\"tiled-gallery-caption\" itemprop=\"caption description\"> Photo du COC par Mike Ridewood <\/div> <\/div> <\/div> <!-- close group --> <\/div> <!-- close row --> <div class=\"gallery-row\" style=\"width: 1360px; height: 729px;\" data-original-width=\"1360\" data-original-height=\"729\" > <div class=\"gallery-group images-2\" style=\"width: 415px; height: 729px;\" data-original-width=\"415\" data-original-height=\"729\" > <div class=\"tiled-gallery-item tiled-gallery-item-large\" itemprop=\"associatedMedia\" itemscope itemtype=\"http:\/\/schema.org\/ImageObject\"> <a href=\"https:\/\/preprod.olympic.ca\/olympique\/wp-content\/uploads\/sites\/2\/2012\/08\/jr271r26.jpg?quality=100&#038;strip\" border=\"0\" itemprop=\"url\"> <meta itemprop=\"width\" content=\"411\"> <meta itemprop=\"height\" content=\"273\"> <img decoding=\"async\" data-recalc-dims=\"1\" class=\"\" data-attachment-id=\"41938\" data-orig-file=\"https:\/\/preprod.olympic.ca\/olympique\/wp-content\/uploads\/sites\/2\/2012\/08\/jr271r26.jpg?quality=100\" data-orig-size=\"720,478\" data-comments-opened=\"1\" data-image-meta=\"{&quot;aperture&quot;:&quot;0&quot;,&quot;credit&quot;:&quot;The Canadian Press Images&quot;,&quot;camera&quot;:&quot;&quot;,&quot;caption&quot;:&quot;Canada\\u0027s Tara Whitten, Gillian Carleton and Jasmin Glaesser race for the bronze medal in team pursuit against Australia at the 2012 London Olympics, August 4, 2012. Canada narrowly beat Australia. THE CANADIAN PRESS\\\/HO, COC - Jason Ransom&quot;,&quot;created_timestamp&quot;:&quot;1344121316&quot;,&quot;copyright&quot;:&quot;Jason Ransom&quot;,&quot;focal_length&quot;:&quot;0&quot;,&quot;iso&quot;:&quot;0&quot;,&quot;shutter_speed&quot;:&quot;0&quot;,&quot;title&quot;:&quot;OLY COC London 2012&quot;}\" data-image-title=\"OLY COC London 2012\" data-image-description=\"&lt;p&gt;Photo du COC par Jason Ransom&lt;\/p&gt; \" data-medium-file=\"https:\/\/preprod.olympic.ca\/olympique\/wp-content\/uploads\/sites\/2\/2012\/08\/jr271r26.jpg?quality=100&#038;w=559\" data-large-file=\"https:\/\/preprod.olympic.ca\/olympique\/wp-content\/uploads\/sites\/2\/2012\/08\/jr271r26.jpg?quality=100&#038;w=720\" src=\"https:\/\/preprod.olympic.ca\/olympique\/wp-content\/uploads\/sites\/2\/2012\/08\/jr271r26.jpg?quality=100&#038;w=411&#038;h=273&#038;strip&#038;resize=411%2C273\" srcset=\"https:\/\/preprod.olympic.ca\/olympique\/wp-content\/uploads\/sites\/2\/2012\/08\/jr271r26.jpg 720w, https:\/\/preprod.olympic.ca\/olympique\/wp-content\/uploads\/sites\/2\/2012\/08\/jr271r26.jpg?resize=238,158 238w, https:\/\/preprod.olympic.ca\/olympique\/wp-content\/uploads\/sites\/2\/2012\/08\/jr271r26.jpg?resize=559,371 559w\" width=\"411\" height=\"273\" loading=\"lazy\" data-original-width=\"411\" data-original-height=\"273\" itemprop=\"http:\/\/schema.org\/image\" title=\"OLY COC London 2012\" alt=\"Photo du COC par Jason Ransom\" style=\"width: 411px; height: 273px;\" \/> <\/a> <div class=\"tiled-gallery-caption\" itemprop=\"caption description\"> Photo du COC par Jason Ransom <\/div> <\/div> <div class=\"tiled-gallery-item tiled-gallery-item-large\" itemprop=\"associatedMedia\" itemscope itemtype=\"http:\/\/schema.org\/ImageObject\"> <a href=\"https:\/\/preprod.olympic.ca\/olympique\/wp-content\/uploads\/sites\/2\/2012\/08\/claytoncustio_forweb116.jpg?quality=100&#038;strip\" border=\"0\" itemprop=\"url\"> <meta itemprop=\"width\" content=\"411\"> <meta itemprop=\"height\" content=\"448\"> <img decoding=\"async\" data-recalc-dims=\"1\" class=\"\" data-attachment-id=\"41983\" data-orig-file=\"https:\/\/preprod.olympic.ca\/olympique\/wp-content\/uploads\/sites\/2\/2012\/08\/claytoncustio_forweb116.jpg?quality=100\" data-orig-size=\"607,663\" data-comments-opened=\"1\" data-image-meta=\"{&quot;aperture&quot;:&quot;0&quot;,&quot;credit&quot;:&quot;The Canadian Press Images&quot;,&quot;camera&quot;:&quot;&quot;,&quot;caption&quot;:&quot;Canada\\u0027s Clayton Custio, Red trunks, takes on Mexico\\u0027s Oscar Molina Casillas during welterweight boxing at the 2012 London Olympics, on July 29, 2012. Custio won and will move on. THE CANADIAN PRESS\\\/HO, COC - Jason Ransom&quot;,&quot;created_timestamp&quot;:&quot;1343591798&quot;,&quot;copyright&quot;:&quot;Jason Ransom&quot;,&quot;focal_length&quot;:&quot;0&quot;,&quot;iso&quot;:&quot;0&quot;,&quot;shutter_speed&quot;:&quot;0&quot;,&quot;title&quot;:&quot;OLY COC London 2012&quot;}\" data-image-title=\"OLY COC London 2012\" data-image-description=\"&lt;p&gt;Photo du COC par Jason Ransom&lt;\/p&gt; \" data-medium-file=\"https:\/\/preprod.olympic.ca\/olympique\/wp-content\/uploads\/sites\/2\/2012\/08\/claytoncustio_forweb116.jpg?quality=100&#038;w=340\" data-large-file=\"https:\/\/preprod.olympic.ca\/olympique\/wp-content\/uploads\/sites\/2\/2012\/08\/claytoncustio_forweb116.jpg?quality=100&#038;w=607\" src=\"https:\/\/preprod.olympic.ca\/olympique\/wp-content\/uploads\/sites\/2\/2012\/08\/claytoncustio_forweb116.jpg?quality=100&#038;w=411&#038;h=448&#038;strip&#038;resize=411%2C448\" srcset=\"https:\/\/preprod.olympic.ca\/olympique\/wp-content\/uploads\/sites\/2\/2012\/08\/claytoncustio_forweb116.jpg 607w, https:\/\/preprod.olympic.ca\/olympique\/wp-content\/uploads\/sites\/2\/2012\/08\/claytoncustio_forweb116.jpg?resize=145,158 145w, https:\/\/preprod.olympic.ca\/olympique\/wp-content\/uploads\/sites\/2\/2012\/08\/claytoncustio_forweb116.jpg?resize=340,371 340w\" width=\"411\" height=\"448\" loading=\"lazy\" data-original-width=\"411\" data-original-height=\"448\" itemprop=\"http:\/\/schema.org\/image\" title=\"OLY COC London 2012\" alt=\"Photo du COC par Jason Ransom\" style=\"width: 411px; height: 448px;\" \/> <\/a> <div class=\"tiled-gallery-caption\" itemprop=\"caption description\"> Photo du COC par Jason Ransom <\/div> <\/div> <\/div> <!-- close group --> <div class=\"gallery-group images-1\" style=\"width: 945px; height: 729px;\" data-original-width=\"945\" data-original-height=\"729\" > <div class=\"tiled-gallery-item tiled-gallery-item-large\" itemprop=\"associatedMedia\" itemscope itemtype=\"http:\/\/schema.org\/ImageObject\"> <a href=\"https:\/\/preprod.olympic.ca\/olympique\/wp-content\/uploads\/sites\/2\/2012\/08\/03114615r36.jpg?quality=100&#038;strip\" border=\"0\" itemprop=\"url\"> <meta itemprop=\"width\" content=\"941\"> <meta itemprop=\"height\" content=\"725\"> <img decoding=\"async\" data-recalc-dims=\"1\" class=\"\" data-attachment-id=\"41910\" data-orig-file=\"https:\/\/preprod.olympic.ca\/olympique\/wp-content\/uploads\/sites\/2\/2012\/08\/03114615r36.jpg?quality=100\" data-orig-size=\"1037,799\" data-comments-opened=\"1\" data-image-meta=\"{&quot;aperture&quot;:&quot;4&quot;,&quot;credit&quot;:&quot;Frank Gunn&quot;,&quot;camera&quot;:&quot;Canon EOS-1D X&quot;,&quot;caption&quot;:&quot;Canadian synchronized swimmer Stephanie Durocher balances on her teammates shoulders during the Closing Ceremonies of Olympic Games in London on Sunday August 12, 2012. THE CANADIAN PRESS\\\/Frank Gunn&quot;,&quot;created_timestamp&quot;:&quot;1344790211&quot;,&quot;copyright&quot;:&quot;&quot;,&quot;focal_length&quot;:&quot;560&quot;,&quot;iso&quot;:&quot;3200&quot;,&quot;shutter_speed&quot;:&quot;0.004&quot;,&quot;title&quot;:&quot;Stephanie Durocher&quot;}\" data-image-title=\"Stephanie Durocher\" data-image-description=\"&lt;p&gt;Photo du CP par Frank Gunn&lt;\/p&gt; \" data-medium-file=\"https:\/\/preprod.olympic.ca\/olympique\/wp-content\/uploads\/sites\/2\/2012\/08\/03114615r36.jpg?quality=100&#038;w=482\" data-large-file=\"https:\/\/preprod.olympic.ca\/olympique\/wp-content\/uploads\/sites\/2\/2012\/08\/03114615r36.jpg?quality=100&#038;w=979\" src=\"https:\/\/preprod.olympic.ca\/olympique\/wp-content\/uploads\/sites\/2\/2012\/08\/03114615r36.jpg?quality=100&#038;w=941&#038;h=725&#038;strip&#038;resize=941%2C725\" srcset=\"https:\/\/preprod.olympic.ca\/olympique\/wp-content\/uploads\/sites\/2\/2012\/08\/03114615r36.jpg 1037w, https:\/\/preprod.olympic.ca\/olympique\/wp-content\/uploads\/sites\/2\/2012\/08\/03114615r36.jpg?resize=205,158 205w, https:\/\/preprod.olympic.ca\/olympique\/wp-content\/uploads\/sites\/2\/2012\/08\/03114615r36.jpg?resize=482,371 482w, https:\/\/preprod.olympic.ca\/olympique\/wp-content\/uploads\/sites\/2\/2012\/08\/03114615r36.jpg?resize=768,592 768w, https:\/\/preprod.olympic.ca\/olympique\/wp-content\/uploads\/sites\/2\/2012\/08\/03114615r36.jpg?resize=979,754 979w\" width=\"941\" height=\"725\" loading=\"lazy\" data-original-width=\"941\" data-original-height=\"725\" itemprop=\"http:\/\/schema.org\/image\" title=\"Stephanie Durocher\" alt=\"Photo du CP par Frank Gunn\" style=\"width: 941px; height: 725px;\" \/> <\/a> <div class=\"tiled-gallery-caption\" itemprop=\"caption description\"> Photo du CP par Frank Gunn <\/div> <\/div> <\/div> <!-- close group --> <\/div> <!-- close row --> <div class=\"gallery-row\" style=\"width: 1360px; height: 428px;\" data-original-width=\"1360\" data-original-height=\"428\" > <div class=\"gallery-group images-1\" style=\"width: 683px; height: 428px;\" data-original-width=\"683\" data-original-height=\"428\" > <div class=\"tiled-gallery-item tiled-gallery-item-large\" itemprop=\"associatedMedia\" itemscope itemtype=\"http:\/\/schema.org\/ImageObject\"> <a href=\"https:\/\/preprod.olympic.ca\/olympique\/wp-content\/uploads\/sites\/2\/2012\/08\/cochrance_coc_silver3r26.jpg?quality=100&#038;strip\" border=\"0\" itemprop=\"url\"> <meta itemprop=\"width\" content=\"679\"> <meta itemprop=\"height\" content=\"424\"> <img decoding=\"async\" data-recalc-dims=\"1\" class=\"\" data-attachment-id=\"41907\" data-orig-file=\"https:\/\/preprod.olympic.ca\/olympique\/wp-content\/uploads\/sites\/2\/2012\/08\/cochrance_coc_silver3r26.jpg?quality=100\" data-orig-size=\"720,450\" data-comments-opened=\"1\" data-image-meta=\"{&quot;aperture&quot;:&quot;4&quot;,&quot;credit&quot;:&quot;Mike Ridewood&quot;,&quot;camera&quot;:&quot;Canon EOS-1D Mark IV&quot;,&quot;caption&quot;:&quot;Fans of Ryan Cochrane of Victoria, B.C. cheer him to the silver medal in the men\\u0027s 1500-metre freestyle swim at the 2012 London Olympics, Saturday, Aug. 4, 2012. THE CANADIAN PRESS\\\/HO, COC - Mike Ridewood&quot;,&quot;created_timestamp&quot;:&quot;1344084635&quot;,&quot;copyright&quot;:&quot;&quot;,&quot;focal_length&quot;:&quot;400&quot;,&quot;iso&quot;:&quot;1600&quot;,&quot;shutter_speed&quot;:&quot;0.0025&quot;,&quot;title&quot;:&quot;OLY COC London 2012&quot;}\" data-image-title=\"OLY COC London 2012\" data-image-description=\"&lt;p&gt;Photo du COC par Mike Ridewood&lt;\/p&gt; \" data-medium-file=\"https:\/\/preprod.olympic.ca\/olympique\/wp-content\/uploads\/sites\/2\/2012\/08\/cochrance_coc_silver3r26.jpg?quality=100&#038;w=594\" data-large-file=\"https:\/\/preprod.olympic.ca\/olympique\/wp-content\/uploads\/sites\/2\/2012\/08\/cochrance_coc_silver3r26.jpg?quality=100&#038;w=720\" src=\"https:\/\/preprod.olympic.ca\/olympique\/wp-content\/uploads\/sites\/2\/2012\/08\/cochrance_coc_silver3r26.jpg?quality=100&#038;w=679&#038;h=424&#038;strip&#038;resize=679%2C424\" srcset=\"https:\/\/preprod.olympic.ca\/olympique\/wp-content\/uploads\/sites\/2\/2012\/08\/cochrance_coc_silver3r26.jpg 720w, https:\/\/preprod.olympic.ca\/olympique\/wp-content\/uploads\/sites\/2\/2012\/08\/cochrance_coc_silver3r26.jpg?resize=253,158 253w, https:\/\/preprod.olympic.ca\/olympique\/wp-content\/uploads\/sites\/2\/2012\/08\/cochrance_coc_silver3r26.jpg?resize=594,371 594w\" width=\"679\" height=\"424\" loading=\"lazy\" data-original-width=\"679\" data-original-height=\"424\" itemprop=\"http:\/\/schema.org\/image\" title=\"OLY COC London 2012\" alt=\"Photo du COC par Mike Ridewood\" style=\"width: 679px; height: 424px;\" \/> <\/a> <div class=\"tiled-gallery-caption\" itemprop=\"caption description\"> Photo du COC par Mike Ridewood <\/div> <\/div> <\/div> <!-- close group --> <div class=\"gallery-group images-1\" style=\"width: 677px; height: 428px;\" data-original-width=\"677\" data-original-height=\"428\" > <div class=\"tiled-gallery-item tiled-gallery-item-large\" itemprop=\"associatedMedia\" itemscope itemtype=\"http:\/\/schema.org\/ImageObject\"> <a href=\"https:\/\/preprod.olympic.ca\/olympique\/wp-content\/uploads\/sites\/2\/2012\/08\/03032071_july-3116.jpg?quality=100&#038;strip\" border=\"0\" itemprop=\"url\"> <meta itemprop=\"width\" content=\"673\"> <meta itemprop=\"height\" content=\"424\"> <img decoding=\"async\" data-recalc-dims=\"1\" class=\"\" data-attachment-id=\"41971\" data-orig-file=\"https:\/\/preprod.olympic.ca\/olympique\/wp-content\/uploads\/sites\/2\/2012\/08\/03032071_july-3116.jpg?quality=100\" data-orig-size=\"916,577\" data-comments-opened=\"1\" data-image-meta=\"{&quot;aperture&quot;:&quot;4&quot;,&quot;credit&quot;:&quot;Sean Kilpatrick&quot;,&quot;camera&quot;:&quot;NIKON D4&quot;,&quot;caption&quot;:&quot;Canada\\u0027s Roseline Filion and Meaghan Benefeito dive in the women\\u0027s synchronised 10-meter platform finals at the 2012 Summer Olympics in London on Tuesday, July 31, 2012. THE CANADIAN PRESS\\\/Sean Kilpatrick&quot;,&quot;created_timestamp&quot;:&quot;1343747703&quot;,&quot;copyright&quot;:&quot;&quot;,&quot;focal_length&quot;:&quot;300&quot;,&quot;iso&quot;:&quot;5000&quot;,&quot;shutter_speed&quot;:&quot;0.0005&quot;,&quot;title&quot;:&quot;Roseline Filion Meaghan Benefeito&quot;}\" data-image-title=\"Roseline Filion Meaghan Benefeito\" data-image-description=\"&lt;p&gt;Photo du CP par Sean Kilpatrick&lt;\/p&gt; \" data-medium-file=\"https:\/\/preprod.olympic.ca\/olympique\/wp-content\/uploads\/sites\/2\/2012\/08\/03032071_july-3116.jpg?quality=100&#038;w=589\" data-large-file=\"https:\/\/preprod.olympic.ca\/olympique\/wp-content\/uploads\/sites\/2\/2012\/08\/03032071_july-3116.jpg?quality=100&#038;w=916\" src=\"https:\/\/preprod.olympic.ca\/olympique\/wp-content\/uploads\/sites\/2\/2012\/08\/03032071_july-3116.jpg?quality=100&#038;w=673&#038;h=424&#038;strip&#038;resize=673%2C424\" srcset=\"https:\/\/preprod.olympic.ca\/olympique\/wp-content\/uploads\/sites\/2\/2012\/08\/03032071_july-3116.jpg 916w, https:\/\/preprod.olympic.ca\/olympique\/wp-content\/uploads\/sites\/2\/2012\/08\/03032071_july-3116.jpg?resize=251,158 251w, https:\/\/preprod.olympic.ca\/olympique\/wp-content\/uploads\/sites\/2\/2012\/08\/03032071_july-3116.jpg?resize=589,371 589w, https:\/\/preprod.olympic.ca\/olympique\/wp-content\/uploads\/sites\/2\/2012\/08\/03032071_july-3116.jpg?resize=768,484 768w\" width=\"673\" height=\"424\" loading=\"lazy\" data-original-width=\"673\" data-original-height=\"424\" itemprop=\"http:\/\/schema.org\/image\" title=\"Roseline Filion Meaghan Benefeito\" alt=\"Photo du CP par Sean Kilpatrick\" style=\"width: 673px; height: 424px;\" \/> <\/a> <div class=\"tiled-gallery-caption\" itemprop=\"caption description\"> Photo du CP par Sean Kilpatrick <\/div> <\/div> <\/div> <!-- close group --> <\/div> <!-- close row --> <div class=\"gallery-row\" style=\"width: 1360px; height: 405px;\" data-original-width=\"1360\" data-original-height=\"405\" > <div class=\"gallery-group images-1\" style=\"width: 727px; height: 405px;\" data-original-width=\"727\" data-original-height=\"405\" > <div class=\"tiled-gallery-item tiled-gallery-item-large\" itemprop=\"associatedMedia\" itemscope itemtype=\"http:\/\/schema.org\/ImageObject\"> <a href=\"https:\/\/preprod.olympic.ca\/olympique\/wp-content\/uploads\/sites\/2\/2012\/08\/03048096r36.jpg?quality=100&#038;strip\" border=\"0\" itemprop=\"url\"> <meta itemprop=\"width\" content=\"723\"> <meta itemprop=\"height\" content=\"401\"> <img decoding=\"async\" data-recalc-dims=\"1\" class=\"\" data-attachment-id=\"41923\" data-orig-file=\"https:\/\/preprod.olympic.ca\/olympique\/wp-content\/uploads\/sites\/2\/2012\/08\/03048096r36.jpg?quality=100\" data-orig-size=\"720,400\" data-comments-opened=\"1\" data-image-meta=\"{&quot;aperture&quot;:&quot;5.6&quot;,&quot;credit&quot;:&quot;Mike Ridewood&quot;,&quot;camera&quot;:&quot;Canon EOS-1D Mark IV&quot;,&quot;caption&quot;:&quot;Marie-Andree Lessard of Bolton-Est, Que. dives for the ball in Canada\\u0027s loss to Italy 2 - 1 in beach volleyball competition at the 2012 London Olympics, Thursday, Aug. 2, 2012. THE CANADIAN PRESS\\\/HO, COC - Mike Ridewood&quot;,&quot;created_timestamp&quot;:&quot;1343885895&quot;,&quot;copyright&quot;:&quot;&quot;,&quot;focal_length&quot;:&quot;203&quot;,&quot;iso&quot;:&quot;400&quot;,&quot;shutter_speed&quot;:&quot;0.000625&quot;,&quot;title&quot;:&quot;OLY COC London 2012&quot;}\" data-image-title=\"OLY COC London 2012\" data-image-description=\"&lt;p&gt;Photo du COC par Mike Ridewood&lt;\/p&gt; \" data-medium-file=\"https:\/\/preprod.olympic.ca\/olympique\/wp-content\/uploads\/sites\/2\/2012\/08\/03048096r36.jpg?quality=100&#038;w=660\" data-large-file=\"https:\/\/preprod.olympic.ca\/olympique\/wp-content\/uploads\/sites\/2\/2012\/08\/03048096r36.jpg?quality=100&#038;w=720\" src=\"https:\/\/preprod.olympic.ca\/olympique\/wp-content\/uploads\/sites\/2\/2012\/08\/03048096r36.jpg?quality=100&#038;w=723&#038;h=401&#038;strip&#038;resize=723%2C401\" srcset=\"https:\/\/preprod.olympic.ca\/olympique\/wp-content\/uploads\/sites\/2\/2012\/08\/03048096r36.jpg 720w, https:\/\/preprod.olympic.ca\/olympique\/wp-content\/uploads\/sites\/2\/2012\/08\/03048096r36.jpg?resize=280,156 280w, https:\/\/preprod.olympic.ca\/olympique\/wp-content\/uploads\/sites\/2\/2012\/08\/03048096r36.jpg?resize=660,367 660w\" width=\"723\" height=\"401\" loading=\"lazy\" data-original-width=\"723\" data-original-height=\"401\" itemprop=\"http:\/\/schema.org\/image\" title=\"OLY COC London 2012\" alt=\"Photo du COC par Mike Ridewood\" style=\"width: 723px; height: 401px;\" \/> <\/a> <div class=\"tiled-gallery-caption\" itemprop=\"caption description\"> Photo du COC par Mike Ridewood <\/div> <\/div> <\/div> <!-- close group --> <div class=\"gallery-group images-1\" style=\"width: 633px; height: 405px;\" data-original-width=\"633\" data-original-height=\"405\" > <div class=\"tiled-gallery-item tiled-gallery-item-large\" itemprop=\"associatedMedia\" itemscope itemtype=\"http:\/\/schema.org\/ImageObject\"> <a href=\"https:\/\/preprod.olympic.ca\/olympique\/wp-content\/uploads\/sites\/2\/2012\/08\/mr01r46.jpg?quality=100&#038;strip\" border=\"0\" itemprop=\"url\"> <meta itemprop=\"width\" content=\"629\"> <meta itemprop=\"height\" content=\"401\"> <img decoding=\"async\" data-recalc-dims=\"1\" class=\"\" data-attachment-id=\"41912\" data-orig-file=\"https:\/\/preprod.olympic.ca\/olympique\/wp-content\/uploads\/sites\/2\/2012\/08\/mr01r46.jpg?quality=100\" data-orig-size=\"1071,683\" data-comments-opened=\"1\" data-image-meta=\"{&quot;aperture&quot;:&quot;5.6&quot;,&quot;credit&quot;:&quot;Mike Ridewood&quot;,&quot;camera&quot;:&quot;Canon EOS-1D Mark IV&quot;,&quot;caption&quot;:&quot;at the Canadian Olympic Committee closing press conference for the 2012 London Olympics, Sunday, Aug. 12, 2012. THE CANADIAN PRESS\\\/HO, COC - Mike Ridewood&quot;,&quot;created_timestamp&quot;:&quot;1344751619&quot;,&quot;copyright&quot;:&quot;&quot;,&quot;focal_length&quot;:&quot;24&quot;,&quot;iso&quot;:&quot;1600&quot;,&quot;shutter_speed&quot;:&quot;0.003125&quot;,&quot;title&quot;:&quot;OLY COC London 2012&quot;}\" data-image-title=\"OLY COC London 2012\" data-image-description=\"&lt;p&gt;Photo du COC par Mike Ridewood&lt;\/p&gt; \" data-medium-file=\"https:\/\/preprod.olympic.ca\/olympique\/wp-content\/uploads\/sites\/2\/2012\/08\/mr01r46.jpg?quality=100&#038;w=582\" data-large-file=\"https:\/\/preprod.olympic.ca\/olympique\/wp-content\/uploads\/sites\/2\/2012\/08\/mr01r46.jpg?quality=100&#038;w=1071\" src=\"https:\/\/preprod.olympic.ca\/olympique\/wp-content\/uploads\/sites\/2\/2012\/08\/mr01r46.jpg?quality=100&#038;w=629&#038;h=401&#038;strip&#038;resize=629%2C401\" srcset=\"https:\/\/preprod.olympic.ca\/olympique\/wp-content\/uploads\/sites\/2\/2012\/08\/mr01r46.jpg 1071w, https:\/\/preprod.olympic.ca\/olympique\/wp-content\/uploads\/sites\/2\/2012\/08\/mr01r46.jpg?resize=248,158 248w, https:\/\/preprod.olympic.ca\/olympique\/wp-content\/uploads\/sites\/2\/2012\/08\/mr01r46.jpg?resize=582,371 582w, https:\/\/preprod.olympic.ca\/olympique\/wp-content\/uploads\/sites\/2\/2012\/08\/mr01r46.jpg?resize=768,490 768w\" width=\"629\" height=\"401\" loading=\"lazy\" data-original-width=\"629\" data-original-height=\"401\" itemprop=\"http:\/\/schema.org\/image\" title=\"OLY COC London 2012\" alt=\"Photo du COC par Mike Ridewood\" style=\"width: 629px; height: 401px;\" \/> <\/a> <div class=\"tiled-gallery-caption\" itemprop=\"caption description\"> Photo du COC par Mike Ridewood <\/div> <\/div> <\/div> <!-- close group --> <\/div> <!-- close row --> <div class=\"gallery-row\" style=\"width: 1360px; height: 671px;\" data-original-width=\"1360\" data-original-height=\"671\" > <div class=\"gallery-group images-1\" style=\"width: 904px; height: 671px;\" data-original-width=\"904\" data-original-height=\"671\" > <div class=\"tiled-gallery-item tiled-gallery-item-large\" itemprop=\"associatedMedia\" itemscope itemtype=\"http:\/\/schema.org\/ImageObject\"> <a href=\"https:\/\/preprod.olympic.ca\/olympique\/wp-content\/uploads\/sites\/2\/2012\/08\/team2_forweb16.jpg?quality=100&#038;strip\" border=\"0\" itemprop=\"url\"> <meta itemprop=\"width\" content=\"900\"> <meta itemprop=\"height\" content=\"667\"> <img decoding=\"async\" data-recalc-dims=\"1\" class=\"\" data-attachment-id=\"41930\" data-orig-file=\"https:\/\/preprod.olympic.ca\/olympique\/wp-content\/uploads\/sites\/2\/2012\/08\/team2_forweb16.jpg?quality=100\" data-orig-size=\"1318,976\" data-comments-opened=\"1\" data-image-meta=\"{&quot;aperture&quot;:&quot;4&quot;,&quot;credit&quot;:&quot;The Canadian Press Images&quot;,&quot;camera&quot;:&quot;NIKON D4&quot;,&quot;caption&quot;:&quot;Two-time triathlon medallist Simon Whitfield bears the flag for team Canada during the opening ceremonies to the 2012 London Olympics, on July 27, 2012. THE CANADIAN PRESS\\\/HO, COC - Jason Ransom&quot;,&quot;created_timestamp&quot;:&quot;1343425203&quot;,&quot;copyright&quot;:&quot;Jason Ransom&quot;,&quot;focal_length&quot;:&quot;400&quot;,&quot;iso&quot;:&quot;2000&quot;,&quot;shutter_speed&quot;:&quot;0.003125&quot;,&quot;title&quot;:&quot;OLY COC London 2012&quot;}\" data-image-title=\"OLY COC London 2012\" data-image-description=\"&lt;p&gt;Photo du COC par Jason Ransom&lt;\/p&gt; \" data-medium-file=\"https:\/\/preprod.olympic.ca\/olympique\/wp-content\/uploads\/sites\/2\/2012\/08\/team2_forweb16.jpg?quality=100&#038;w=501\" data-large-file=\"https:\/\/preprod.olympic.ca\/olympique\/wp-content\/uploads\/sites\/2\/2012\/08\/team2_forweb16.jpg?quality=100&#038;w=1018\" src=\"https:\/\/preprod.olympic.ca\/olympique\/wp-content\/uploads\/sites\/2\/2012\/08\/team2_forweb16.jpg?quality=100&#038;w=900&#038;h=667&#038;strip&#038;resize=900%2C667\" srcset=\"https:\/\/preprod.olympic.ca\/olympique\/wp-content\/uploads\/sites\/2\/2012\/08\/team2_forweb16.jpg 1318w, https:\/\/preprod.olympic.ca\/olympique\/wp-content\/uploads\/sites\/2\/2012\/08\/team2_forweb16.jpg?resize=213,158 213w, https:\/\/preprod.olympic.ca\/olympique\/wp-content\/uploads\/sites\/2\/2012\/08\/team2_forweb16.jpg?resize=501,371 501w, https:\/\/preprod.olympic.ca\/olympique\/wp-content\/uploads\/sites\/2\/2012\/08\/team2_forweb16.jpg?resize=768,569 768w, https:\/\/preprod.olympic.ca\/olympique\/wp-content\/uploads\/sites\/2\/2012\/08\/team2_forweb16.jpg?resize=1018,754 1018w\" width=\"900\" height=\"667\" loading=\"lazy\" data-original-width=\"900\" data-original-height=\"667\" itemprop=\"http:\/\/schema.org\/image\" title=\"OLY COC London 2012\" alt=\"Photo du COC par Jason Ransom\" style=\"width: 900px; height: 667px;\" \/> <\/a> <div class=\"tiled-gallery-caption\" itemprop=\"caption description\"> Photo du COC par Jason Ransom <\/div> <\/div> <\/div> <!-- close group --> <div class=\"gallery-group images-2\" style=\"width: 456px; height: 671px;\" data-original-width=\"456\" data-original-height=\"671\" > <div class=\"tiled-gallery-item tiled-gallery-item-large\" itemprop=\"associatedMedia\" itemscope itemtype=\"http:\/\/schema.org\/ImageObject\"> <a href=\"https:\/\/preprod.olympic.ca\/olympique\/wp-content\/uploads\/sites\/2\/2012\/08\/jr395r36.jpg?quality=100&#038;strip\" border=\"0\" itemprop=\"url\"> <meta itemprop=\"width\" content=\"452\"> <meta itemprop=\"height\" content=\"302\"> <img decoding=\"async\" data-recalc-dims=\"1\" class=\"\" data-attachment-id=\"41947\" data-orig-file=\"https:\/\/preprod.olympic.ca\/olympique\/wp-content\/uploads\/sites\/2\/2012\/08\/jr395r36.jpg?quality=100\" data-orig-size=\"547,365\" data-comments-opened=\"1\" data-image-meta=\"{&quot;aperture&quot;:&quot;0&quot;,&quot;credit&quot;:&quot;The Canadian Press Images&quot;,&quot;camera&quot;:&quot;&quot;,&quot;caption&quot;:&quot;Canada\\u0027s Adam Van Koeverden competes in the 1000 metre kayak finals at the 2012 London Olympics, August 8, 2012. Van Koeverden won silver. THE CANADIAN PRESS\\\/HO, COC - Jason Ransom&quot;,&quot;created_timestamp&quot;:&quot;1344436852&quot;,&quot;copyright&quot;:&quot;&quot;,&quot;focal_length&quot;:&quot;0&quot;,&quot;iso&quot;:&quot;0&quot;,&quot;shutter_speed&quot;:&quot;0&quot;,&quot;title&quot;:&quot;OLY COC London 2012&quot;}\" data-image-title=\"OLY COC London 2012\" data-image-description=\"&lt;p&gt;Photo du COC par Jason Ransom&lt;\/p&gt; \" data-medium-file=\"https:\/\/preprod.olympic.ca\/olympique\/wp-content\/uploads\/sites\/2\/2012\/08\/jr395r36.jpg?quality=100&#038;w=547\" data-large-file=\"https:\/\/preprod.olympic.ca\/olympique\/wp-content\/uploads\/sites\/2\/2012\/08\/jr395r36.jpg?quality=100&#038;w=547\" src=\"https:\/\/preprod.olympic.ca\/olympique\/wp-content\/uploads\/sites\/2\/2012\/08\/jr395r36.jpg?quality=100&#038;w=452&#038;h=302&#038;strip&#038;resize=452%2C302\" srcset=\"https:\/\/preprod.olympic.ca\/olympique\/wp-content\/uploads\/sites\/2\/2012\/08\/jr395r36.jpg 547w, https:\/\/preprod.olympic.ca\/olympique\/wp-content\/uploads\/sites\/2\/2012\/08\/jr395r36.jpg?resize=237,158 237w\" width=\"452\" height=\"302\" loading=\"lazy\" data-original-width=\"452\" data-original-height=\"302\" itemprop=\"http:\/\/schema.org\/image\" title=\"OLY COC London 2012\" alt=\"Photo du COC par Jason Ransom\" style=\"width: 452px; height: 302px;\" \/> <\/a> <div class=\"tiled-gallery-caption\" itemprop=\"caption description\"> Photo du COC par Jason Ransom <\/div> <\/div> <div class=\"tiled-gallery-item tiled-gallery-item-large\" itemprop=\"associatedMedia\" itemscope itemtype=\"http:\/\/schema.org\/ImageObject\"> <a href=\"https:\/\/preprod.olympic.ca\/olympique\/wp-content\/uploads\/sites\/2\/2012\/08\/rosie_coc_gold5r26.jpg?quality=100&#038;strip\" border=\"0\" itemprop=\"url\"> <meta itemprop=\"width\" content=\"452\"> <meta itemprop=\"height\" content=\"361\"> <img decoding=\"async\" data-recalc-dims=\"1\" class=\"\" data-attachment-id=\"41936\" data-orig-file=\"https:\/\/preprod.olympic.ca\/olympique\/wp-content\/uploads\/sites\/2\/2012\/08\/rosie_coc_gold5r26.jpg?quality=100\" data-orig-size=\"720,575\" data-comments-opened=\"1\" data-image-meta=\"{&quot;aperture&quot;:&quot;5&quot;,&quot;credit&quot;:&quot;Ryan Remiorz&quot;,&quot;camera&quot;:&quot;NIKON D3S&quot;,&quot;caption&quot;:&quot;Canada\\u0027s Rosannagh MacLennan, from King City, Ont., holds up her gold medal for the women\\u0027s trampoline at the 2012 Olympic Games in London on Saturday, August 4, 2012. THE CANADIAN PRESS\\\/Ryan Remiorz&quot;,&quot;created_timestamp&quot;:&quot;1344078658&quot;,&quot;copyright&quot;:&quot;&quot;,&quot;focal_length&quot;:&quot;200&quot;,&quot;iso&quot;:&quot;1600&quot;,&quot;shutter_speed&quot;:&quot;0.002&quot;,&quot;title&quot;:&quot;Rosannagh Maclennan&quot;}\" data-image-title=\"Rosannagh Maclennan\" data-image-description=\"&lt;p&gt;Photo du CP par Ryan Remiorz&lt;\/p&gt; \" data-medium-file=\"https:\/\/preprod.olympic.ca\/olympique\/wp-content\/uploads\/sites\/2\/2012\/08\/rosie_coc_gold5r26.jpg?quality=100&#038;w=465\" data-large-file=\"https:\/\/preprod.olympic.ca\/olympique\/wp-content\/uploads\/sites\/2\/2012\/08\/rosie_coc_gold5r26.jpg?quality=100&#038;w=720\" src=\"https:\/\/preprod.olympic.ca\/olympique\/wp-content\/uploads\/sites\/2\/2012\/08\/rosie_coc_gold5r26.jpg?quality=100&#038;w=452&#038;h=361&#038;strip&#038;resize=452%2C361\" srcset=\"https:\/\/preprod.olympic.ca\/olympique\/wp-content\/uploads\/sites\/2\/2012\/08\/rosie_coc_gold5r26.jpg 720w, https:\/\/preprod.olympic.ca\/olympique\/wp-content\/uploads\/sites\/2\/2012\/08\/rosie_coc_gold5r26.jpg?resize=198,158 198w, https:\/\/preprod.olympic.ca\/olympique\/wp-content\/uploads\/sites\/2\/2012\/08\/rosie_coc_gold5r26.jpg?resize=465,371 465w\" width=\"452\" height=\"361\" loading=\"lazy\" data-original-width=\"452\" data-original-height=\"361\" itemprop=\"http:\/\/schema.org\/image\" title=\"Rosannagh Maclennan\" alt=\"Photo du CP par Ryan Remiorz\" style=\"width: 452px; height: 361px;\" \/> <\/a> <div class=\"tiled-gallery-caption\" itemprop=\"caption description\"> Photo du CP par Ryan Remiorz <\/div> <\/div> <\/div> <!-- close group --> <\/div> <!-- close row --> <div class=\"gallery-row\" style=\"width: 1360px; height: 345px;\" data-original-width=\"1360\" data-original-height=\"345\" > <div class=\"gallery-group images-1\" style=\"width: 527px; height: 345px;\" data-original-width=\"527\" data-original-height=\"345\" > <div class=\"tiled-gallery-item tiled-gallery-item-large\" itemprop=\"associatedMedia\" itemscope itemtype=\"http:\/\/schema.org\/ImageObject\"> <a href=\"https:\/\/preprod.olympic.ca\/olympique\/wp-content\/uploads\/sites\/2\/2012\/08\/jr2283416.jpg?quality=100&#038;strip\" border=\"0\" itemprop=\"url\"> <meta itemprop=\"width\" content=\"523\"> <meta itemprop=\"height\" content=\"341\"> <img decoding=\"async\" data-recalc-dims=\"1\" class=\"\" data-attachment-id=\"41979\" data-orig-file=\"https:\/\/preprod.olympic.ca\/olympique\/wp-content\/uploads\/sites\/2\/2012\/08\/jr2283416.jpg?quality=100\" data-orig-size=\"1080,705\" data-comments-opened=\"1\" data-image-meta=\"{&quot;aperture&quot;:&quot;0&quot;,&quot;credit&quot;:&quot;The Canadian Press Images&quot;,&quot;camera&quot;:&quot;&quot;,&quot;caption&quot;:&quot;Canada\\u0027s Joshua Binstock and Martin Reader during preliminary beach volleyball action against Tarjei Viken Skarlund and Martin Spinnangr at the 2012 London Olympics, on July 30, 2012. Binstock and Reader lost two sets to none. THE CANADIAN PRESS\\\/HO, COC - Jason Ransom&quot;,&quot;created_timestamp&quot;:&quot;1343661013&quot;,&quot;copyright&quot;:&quot;Jason Ransom&quot;,&quot;focal_length&quot;:&quot;0&quot;,&quot;iso&quot;:&quot;0&quot;,&quot;shutter_speed&quot;:&quot;0&quot;,&quot;title&quot;:&quot;OLY COC London 2012&quot;}\" data-image-title=\"OLY COC London 2012\" data-image-description=\"&lt;p&gt;Photo du COC par Jason Ransom&lt;\/p&gt; \" data-medium-file=\"https:\/\/preprod.olympic.ca\/olympique\/wp-content\/uploads\/sites\/2\/2012\/08\/jr2283416.jpg?quality=100&#038;w=568\" data-large-file=\"https:\/\/preprod.olympic.ca\/olympique\/wp-content\/uploads\/sites\/2\/2012\/08\/jr2283416.jpg?quality=100&#038;w=1080\" src=\"https:\/\/preprod.olympic.ca\/olympique\/wp-content\/uploads\/sites\/2\/2012\/08\/jr2283416.jpg?quality=100&#038;w=523&#038;h=341&#038;strip&#038;resize=523%2C341\" srcset=\"https:\/\/preprod.olympic.ca\/olympique\/wp-content\/uploads\/sites\/2\/2012\/08\/jr2283416.jpg 1080w, https:\/\/preprod.olympic.ca\/olympique\/wp-content\/uploads\/sites\/2\/2012\/08\/jr2283416.jpg?resize=242,158 242w, https:\/\/preprod.olympic.ca\/olympique\/wp-content\/uploads\/sites\/2\/2012\/08\/jr2283416.jpg?resize=568,371 568w, https:\/\/preprod.olympic.ca\/olympique\/wp-content\/uploads\/sites\/2\/2012\/08\/jr2283416.jpg?resize=768,501 768w\" width=\"523\" height=\"341\" loading=\"lazy\" data-original-width=\"523\" data-original-height=\"341\" itemprop=\"http:\/\/schema.org\/image\" title=\"OLY COC London 2012\" alt=\"Photo du COC par Jason Ransom\" style=\"width: 523px; height: 341px;\" \/> <\/a> <div class=\"tiled-gallery-caption\" itemprop=\"caption description\"> Photo du COC par Jason Ransom <\/div> <\/div> <\/div> <!-- close group --> <div class=\"gallery-group images-1\" style=\"width: 286px; height: 345px;\" data-original-width=\"286\" data-original-height=\"345\" > <div class=\"tiled-gallery-item tiled-gallery-item-large\" itemprop=\"associatedMedia\" itemscope itemtype=\"http:\/\/schema.org\/ImageObject\"> <a href=\"https:\/\/preprod.olympic.ca\/olympique\/wp-content\/uploads\/sites\/2\/2012\/08\/jr421r36.jpg?quality=100&#038;strip\" border=\"0\" itemprop=\"url\"> <meta itemprop=\"width\" content=\"282\"> <meta itemprop=\"height\" content=\"341\"> <img decoding=\"async\" data-recalc-dims=\"1\" class=\"\" data-attachment-id=\"41950\" data-orig-file=\"https:\/\/preprod.olympic.ca\/olympique\/wp-content\/uploads\/sites\/2\/2012\/08\/jr421r36.jpg?quality=100\" data-orig-size=\"390,472\" data-comments-opened=\"1\" data-image-meta=\"{&quot;aperture&quot;:&quot;0&quot;,&quot;credit&quot;:&quot;The Canadian Press Images&quot;,&quot;camera&quot;:&quot;&quot;,&quot;caption&quot;:&quot;Mark Oldershaw kisses his bronze medal during the podium ceremony for the 1000 metre canoe finals at the 2012 London Olympics, August 8, 2012. THE CANADIAN PRESS\\\/HO, COC - Jason Ransom&quot;,&quot;created_timestamp&quot;:&quot;1344440167&quot;,&quot;copyright&quot;:&quot;&quot;,&quot;focal_length&quot;:&quot;0&quot;,&quot;iso&quot;:&quot;0&quot;,&quot;shutter_speed&quot;:&quot;0&quot;,&quot;title&quot;:&quot;OLY COC London 2012&quot;}\" data-image-title=\"OLY COC London 2012\" data-image-description=\"&lt;p&gt;Photo du COC par Jason Ransom&lt;\/p&gt; \" data-medium-file=\"https:\/\/preprod.olympic.ca\/olympique\/wp-content\/uploads\/sites\/2\/2012\/08\/jr421r36.jpg?quality=100&#038;w=307\" data-large-file=\"https:\/\/preprod.olympic.ca\/olympique\/wp-content\/uploads\/sites\/2\/2012\/08\/jr421r36.jpg?quality=100&#038;w=390\" src=\"https:\/\/preprod.olympic.ca\/olympique\/wp-content\/uploads\/sites\/2\/2012\/08\/jr421r36.jpg?quality=100&#038;w=282&#038;h=341&#038;strip&#038;resize=282%2C341\" srcset=\"https:\/\/preprod.olympic.ca\/olympique\/wp-content\/uploads\/sites\/2\/2012\/08\/jr421r36.jpg 390w, https:\/\/preprod.olympic.ca\/olympique\/wp-content\/uploads\/sites\/2\/2012\/08\/jr421r36.jpg?resize=131,158 131w, https:\/\/preprod.olympic.ca\/olympique\/wp-content\/uploads\/sites\/2\/2012\/08\/jr421r36.jpg?resize=307,371 307w\" width=\"282\" height=\"341\" loading=\"lazy\" data-original-width=\"282\" data-original-height=\"341\" itemprop=\"http:\/\/schema.org\/image\" title=\"OLY COC London 2012\" alt=\"Photo du COC par Jason Ransom\" style=\"width: 282px; height: 341px;\" \/> <\/a> <div class=\"tiled-gallery-caption\" itemprop=\"caption description\"> Photo du COC par Jason Ransom <\/div> <\/div> <\/div> <!-- close group --> <div class=\"gallery-group images-1\" style=\"width: 547px; height: 345px;\" data-original-width=\"547\" data-original-height=\"345\" > <div class=\"tiled-gallery-item tiled-gallery-item-large\" itemprop=\"associatedMedia\" itemscope itemtype=\"http:\/\/schema.org\/ImageObject\"> <a href=\"https:\/\/preprod.olympic.ca\/olympique\/wp-content\/uploads\/sites\/2\/2012\/08\/03100486_cpr26.jpg?quality=100&#038;strip\" border=\"0\" itemprop=\"url\"> <meta itemprop=\"width\" content=\"543\"> <meta itemprop=\"height\" content=\"341\"> <img decoding=\"async\" data-recalc-dims=\"1\" class=\"\" data-attachment-id=\"41926\" data-orig-file=\"https:\/\/preprod.olympic.ca\/olympique\/wp-content\/uploads\/sites\/2\/2012\/08\/03100486_cpr26.jpg?quality=100\" data-orig-size=\"900,565\" data-comments-opened=\"1\" data-image-meta=\"{&quot;aperture&quot;:&quot;8&quot;,&quot;credit&quot;:&quot;Frank Gunn&quot;,&quot;camera&quot;:&quot;Canon EOS-1D X&quot;,&quot;caption&quot;:&quot;Canada\\u0027s Richard Weinberger swims his way to a bronze medal in Men\\u0027s Marathon Swimming at the Olympic Games in London on Friday August 10, 2012. THE CANADIAN PRESS\\\/Frank Gunn&quot;,&quot;created_timestamp&quot;:&quot;1344584191&quot;,&quot;copyright&quot;:&quot;&quot;,&quot;focal_length&quot;:&quot;85&quot;,&quot;iso&quot;:&quot;800&quot;,&quot;shutter_speed&quot;:&quot;0.0008&quot;,&quot;title&quot;:&quot;Richard Weinberger&quot;}\" data-image-title=\"Richard Weinberger\" data-image-description=\"&lt;p&gt;Photo du CP par Frank Gunn&lt;\/p&gt; \" data-medium-file=\"https:\/\/preprod.olympic.ca\/olympique\/wp-content\/uploads\/sites\/2\/2012\/08\/03100486_cpr26.jpg?quality=100&#038;w=591\" data-large-file=\"https:\/\/preprod.olympic.ca\/olympique\/wp-content\/uploads\/sites\/2\/2012\/08\/03100486_cpr26.jpg?quality=100&#038;w=900\" src=\"https:\/\/preprod.olympic.ca\/olympique\/wp-content\/uploads\/sites\/2\/2012\/08\/03100486_cpr26.jpg?quality=100&#038;w=543&#038;h=341&#038;strip&#038;resize=543%2C341\" srcset=\"https:\/\/preprod.olympic.ca\/olympique\/wp-content\/uploads\/sites\/2\/2012\/08\/03100486_cpr26.jpg 900w, https:\/\/preprod.olympic.ca\/olympique\/wp-content\/uploads\/sites\/2\/2012\/08\/03100486_cpr26.jpg?resize=252,158 252w, https:\/\/preprod.olympic.ca\/olympique\/wp-content\/uploads\/sites\/2\/2012\/08\/03100486_cpr26.jpg?resize=591,371 591w, https:\/\/preprod.olympic.ca\/olympique\/wp-content\/uploads\/sites\/2\/2012\/08\/03100486_cpr26.jpg?resize=768,482 768w\" width=\"543\" height=\"341\" loading=\"lazy\" data-original-width=\"543\" data-original-height=\"341\" itemprop=\"http:\/\/schema.org\/image\" title=\"Richard Weinberger\" alt=\"Photo du CP par Frank Gunn\" style=\"width: 543px; height: 341px;\" \/> <\/a> <div class=\"tiled-gallery-caption\" itemprop=\"caption description\"> Photo du CP par Frank Gunn <\/div> <\/div> <\/div> <!-- close group --> <\/div> <!-- close row --> <div class=\"gallery-row\" style=\"width: 1360px; height: 321px;\" data-original-width=\"1360\" data-original-height=\"321\" > <div class=\"gallery-group images-1\" style=\"width: 275px; height: 321px;\" data-original-width=\"275\" data-original-height=\"321\" > <div class=\"tiled-gallery-item tiled-gallery-item-large\" itemprop=\"associatedMedia\" itemscope itemtype=\"http:\/\/schema.org\/ImageObject\"> <a href=\"https:\/\/preprod.olympic.ca\/olympique\/wp-content\/uploads\/sites\/2\/2012\/08\/jr08716.jpg?quality=100&#038;strip\" border=\"0\" itemprop=\"url\"> <meta itemprop=\"width\" content=\"271\"> <meta itemprop=\"height\" content=\"317\"> <img decoding=\"async\" data-recalc-dims=\"1\" class=\"\" data-attachment-id=\"41974\" data-orig-file=\"https:\/\/preprod.olympic.ca\/olympique\/wp-content\/uploads\/sites\/2\/2012\/08\/jr08716.jpg?quality=100\" data-orig-size=\"684,800\" data-comments-opened=\"1\" data-image-meta=\"{&quot;aperture&quot;:&quot;0&quot;,&quot;credit&quot;:&quot;The Canadian Press Images&quot;,&quot;camera&quot;:&quot;&quot;,&quot;caption&quot;:&quot;Canada\\u0027s Antoine Valois-Fortier looks down at Euan Burton of Great Britain at the 2012 London Olympics, on July 30, 2012. Valois-Fortier beat Euan Burton to move on to the final 16 competitors in the judo elimination rounds. THE CANADIAN PRESS\\\/HO, COC - Jason Ransom&quot;,&quot;created_timestamp&quot;:&quot;1343749335&quot;,&quot;copyright&quot;:&quot;&quot;,&quot;focal_length&quot;:&quot;0&quot;,&quot;iso&quot;:&quot;0&quot;,&quot;shutter_speed&quot;:&quot;0&quot;,&quot;title&quot;:&quot;OLY COC London 2012&quot;}\" data-image-title=\"OLY COC London 2012\" data-image-description=\"&lt;p&gt;Photo du COC par Jason Ransom&lt;\/p&gt; \" data-medium-file=\"https:\/\/preprod.olympic.ca\/olympique\/wp-content\/uploads\/sites\/2\/2012\/08\/jr08716.jpg?quality=100&#038;w=317\" data-large-file=\"https:\/\/preprod.olympic.ca\/olympique\/wp-content\/uploads\/sites\/2\/2012\/08\/jr08716.jpg?quality=100&#038;w=645\" src=\"https:\/\/preprod.olympic.ca\/olympique\/wp-content\/uploads\/sites\/2\/2012\/08\/jr08716.jpg?quality=100&#038;w=271&#038;h=317&#038;strip&#038;resize=271%2C317\" srcset=\"https:\/\/preprod.olympic.ca\/olympique\/wp-content\/uploads\/sites\/2\/2012\/08\/jr08716.jpg 684w, https:\/\/preprod.olympic.ca\/olympique\/wp-content\/uploads\/sites\/2\/2012\/08\/jr08716.jpg?resize=135,158 135w, https:\/\/preprod.olympic.ca\/olympique\/wp-content\/uploads\/sites\/2\/2012\/08\/jr08716.jpg?resize=317,371 317w, https:\/\/preprod.olympic.ca\/olympique\/wp-content\/uploads\/sites\/2\/2012\/08\/jr08716.jpg?resize=645,754 645w\" width=\"271\" height=\"317\" loading=\"lazy\" data-original-width=\"271\" data-original-height=\"317\" itemprop=\"http:\/\/schema.org\/image\" title=\"OLY COC London 2012\" alt=\"Photo du COC par Jason Ransom\" style=\"width: 271px; height: 317px;\" \/> <\/a> <div class=\"tiled-gallery-caption\" itemprop=\"caption description\"> Photo du COC par Jason Ransom <\/div> <\/div> <\/div> <!-- close group --> <div class=\"gallery-group images-1\" style=\"width: 308px; height: 321px;\" data-original-width=\"308\" data-original-height=\"321\" > <div class=\"tiled-gallery-item tiled-gallery-item-large\" itemprop=\"associatedMedia\" itemscope itemtype=\"http:\/\/schema.org\/ImageObject\"> <a href=\"https:\/\/preprod.olympic.ca\/olympique\/wp-content\/uploads\/sites\/2\/2012\/08\/christine-girard26.jpg?quality=100&#038;strip\" border=\"0\" itemprop=\"url\"> <meta itemprop=\"width\" content=\"304\"> <meta itemprop=\"height\" content=\"317\"> <img decoding=\"async\" data-recalc-dims=\"1\" class=\"\" data-attachment-id=\"41956\" data-orig-file=\"https:\/\/preprod.olympic.ca\/olympique\/wp-content\/uploads\/sites\/2\/2012\/08\/christine-girard26.jpg?quality=100\" data-orig-size=\"1121,1169\" data-comments-opened=\"1\" data-image-meta=\"{&quot;aperture&quot;:&quot;4&quot;,&quot;credit&quot;:&quot;Jason Ransom&quot;,&quot;camera&quot;:&quot;NIKON D4&quot;,&quot;caption&quot;:&quot;Christine Girard holds her bronze medal for weightlifting in the 63 kilogram event at the 2012 London Olympics, on July 31, 2012. THE CANADIAN PRESS\\\/HO, COC - Jason Ransom&quot;,&quot;created_timestamp&quot;:&quot;1343753185&quot;,&quot;copyright&quot;:&quot;Jason Ransom&quot;,&quot;focal_length&quot;:&quot;30&quot;,&quot;iso&quot;:&quot;640&quot;,&quot;shutter_speed&quot;:&quot;0.008&quot;,&quot;title&quot;:&quot;OLY COC London 2012&quot;}\" data-image-title=\"OLY COC London 2012\" data-image-description=\"&lt;p&gt;Photo du COC par Jason Ransom&lt;\/p&gt; \" data-medium-file=\"https:\/\/preprod.olympic.ca\/olympique\/wp-content\/uploads\/sites\/2\/2012\/08\/christine-girard26.jpg?quality=100&#038;w=356\" data-large-file=\"https:\/\/preprod.olympic.ca\/olympique\/wp-content\/uploads\/sites\/2\/2012\/08\/christine-girard26.jpg?quality=100&#038;w=723\" src=\"https:\/\/preprod.olympic.ca\/olympique\/wp-content\/uploads\/sites\/2\/2012\/08\/christine-girard26.jpg?quality=100&#038;w=304&#038;h=317&#038;strip&#038;resize=304%2C317\" srcset=\"https:\/\/preprod.olympic.ca\/olympique\/wp-content\/uploads\/sites\/2\/2012\/08\/christine-girard26.jpg 1121w, https:\/\/preprod.olympic.ca\/olympique\/wp-content\/uploads\/sites\/2\/2012\/08\/christine-girard26.jpg?resize=152,158 152w, https:\/\/preprod.olympic.ca\/olympique\/wp-content\/uploads\/sites\/2\/2012\/08\/christine-girard26.jpg?resize=356,371 356w, https:\/\/preprod.olympic.ca\/olympique\/wp-content\/uploads\/sites\/2\/2012\/08\/christine-girard26.jpg?resize=768,801 768w, https:\/\/preprod.olympic.ca\/olympique\/wp-content\/uploads\/sites\/2\/2012\/08\/christine-girard26.jpg?resize=723,754 723w\" width=\"304\" height=\"317\" loading=\"lazy\" data-original-width=\"304\" data-original-height=\"317\" itemprop=\"http:\/\/schema.org\/image\" title=\"OLY COC London 2012\" alt=\"Photo du COC par Jason Ransom\" style=\"width: 304px; height: 317px;\" \/> <\/a> <div class=\"tiled-gallery-caption\" itemprop=\"caption description\"> Photo du COC par Jason Ransom <\/div> <\/div> <\/div> <!-- close group --> <div class=\"gallery-group images-1\" style=\"width: 256px; height: 321px;\" data-original-width=\"256\" data-original-height=\"321\" > <div class=\"tiled-gallery-item tiled-gallery-item-large\" itemprop=\"associatedMedia\" itemscope itemtype=\"http:\/\/schema.org\/ImageObject\"> <a href=\"https:\/\/preprod.olympic.ca\/olympique\/wp-content\/uploads\/sites\/2\/2012\/08\/0303316216.jpg?quality=100&#038;strip\" border=\"0\" itemprop=\"url\"> <meta itemprop=\"width\" content=\"252\"> <meta itemprop=\"height\" content=\"317\"> <img decoding=\"async\" data-recalc-dims=\"1\" class=\"\" data-attachment-id=\"41973\" data-orig-file=\"https:\/\/preprod.olympic.ca\/olympique\/wp-content\/uploads\/sites\/2\/2012\/08\/0303316216.jpg?quality=100\" data-orig-size=\"572,720\" data-comments-opened=\"1\" data-image-meta=\"{&quot;aperture&quot;:&quot;5.6&quot;,&quot;credit&quot;:&quot;The Canadian Press Images&quot;,&quot;camera&quot;:&quot;NIKON D4&quot;,&quot;caption&quot;:&quot;Canada\\u0027s Antoine Valois-Fortier looks at his bronze medal during the podium ceremony for judo, 81-kilogram event, at the 2012 London Olympics, on July 31, 2012. THE CANADIAN PRESS\\\/HO, COC - Jason Ransom&quot;,&quot;created_timestamp&quot;:&quot;1343751269&quot;,&quot;copyright&quot;:&quot;Jason Ransom&quot;,&quot;focal_length&quot;:&quot;550&quot;,&quot;iso&quot;:&quot;2000&quot;,&quot;shutter_speed&quot;:&quot;0.004&quot;,&quot;title&quot;:&quot;OLY COC London 2012&quot;}\" data-image-title=\"OLY COC London 2012\" data-image-description=\"&lt;p&gt;Photo du COC par Jason Ransom&lt;\/p&gt; \" data-medium-file=\"https:\/\/preprod.olympic.ca\/olympique\/wp-content\/uploads\/sites\/2\/2012\/08\/0303316216.jpg?quality=100&#038;w=295\" data-large-file=\"https:\/\/preprod.olympic.ca\/olympique\/wp-content\/uploads\/sites\/2\/2012\/08\/0303316216.jpg?quality=100&#038;w=572\" src=\"https:\/\/preprod.olympic.ca\/olympique\/wp-content\/uploads\/sites\/2\/2012\/08\/0303316216.jpg?quality=100&#038;w=252&#038;h=317&#038;strip&#038;resize=252%2C317\" srcset=\"https:\/\/preprod.olympic.ca\/olympique\/wp-content\/uploads\/sites\/2\/2012\/08\/0303316216.jpg 572w, https:\/\/preprod.olympic.ca\/olympique\/wp-content\/uploads\/sites\/2\/2012\/08\/0303316216.jpg?resize=126,158 126w, https:\/\/preprod.olympic.ca\/olympique\/wp-content\/uploads\/sites\/2\/2012\/08\/0303316216.jpg?resize=295,371 295w\" width=\"252\" height=\"317\" loading=\"lazy\" data-original-width=\"252\" data-original-height=\"317\" itemprop=\"http:\/\/schema.org\/image\" title=\"OLY COC London 2012\" alt=\"Photo du COC par Jason Ransom\" style=\"width: 252px; height: 317px;\" \/> <\/a> <div class=\"tiled-gallery-caption\" itemprop=\"caption description\"> Photo du COC par Jason Ransom <\/div> <\/div> <\/div> <!-- close group --> <div class=\"gallery-group images-1\" style=\"width: 242px; height: 321px;\" data-original-width=\"242\" data-original-height=\"321\" > <div class=\"tiled-gallery-item tiled-gallery-item-small\" itemprop=\"associatedMedia\" itemscope itemtype=\"http:\/\/schema.org\/ImageObject\"> <a href=\"https:\/\/preprod.olympic.ca\/olympique\/wp-content\/uploads\/sites\/2\/2012\/08\/jr369r36.jpg?quality=100&#038;strip\" border=\"0\" itemprop=\"url\"> <meta itemprop=\"width\" content=\"238\"> <meta itemprop=\"height\" content=\"317\"> <img decoding=\"async\" data-recalc-dims=\"1\" class=\"\" data-attachment-id=\"41915\" data-orig-file=\"https:\/\/preprod.olympic.ca\/olympique\/wp-content\/uploads\/sites\/2\/2012\/08\/jr369r36.jpg?quality=100\" data-orig-size=\"540,720\" data-comments-opened=\"1\" data-image-meta=\"{&quot;aperture&quot;:&quot;0&quot;,&quot;credit&quot;:&quot;The Canadian Press Images&quot;,&quot;camera&quot;:&quot;&quot;,&quot;caption&quot;:&quot;Canada\\u0027s Simon Whitfield gets prepared in the transition area for the men\\u0027s triathlon at the 2012 London Olympics, August 7, 2012. Whitfield crashed on the bicycle portion of the race and withdrew from the competition. THE CANADIAN PRESS\\\/HO, COC - Jason Ransom&quot;,&quot;created_timestamp&quot;:&quot;1344349817&quot;,&quot;copyright&quot;:&quot;Jason Ransom&quot;,&quot;focal_length&quot;:&quot;0&quot;,&quot;iso&quot;:&quot;0&quot;,&quot;shutter_speed&quot;:&quot;0&quot;,&quot;title&quot;:&quot;OLY COC London 2012&quot;}\" data-image-title=\"OLY COC London 2012\" data-image-description=\"&lt;p&gt;Photo du COC par Jason Ransom&lt;\/p&gt; \" data-medium-file=\"https:\/\/preprod.olympic.ca\/olympique\/wp-content\/uploads\/sites\/2\/2012\/08\/jr369r36.jpg?quality=100&#038;w=278\" data-large-file=\"https:\/\/preprod.olympic.ca\/olympique\/wp-content\/uploads\/sites\/2\/2012\/08\/jr369r36.jpg?quality=100&#038;w=540\" src=\"https:\/\/preprod.olympic.ca\/olympique\/wp-content\/uploads\/sites\/2\/2012\/08\/jr369r36.jpg?quality=100&#038;w=238&#038;h=317&#038;strip&#038;resize=238%2C317\" srcset=\"https:\/\/preprod.olympic.ca\/olympique\/wp-content\/uploads\/sites\/2\/2012\/08\/jr369r36.jpg 540w, https:\/\/preprod.olympic.ca\/olympique\/wp-content\/uploads\/sites\/2\/2012\/08\/jr369r36.jpg?resize=119,158 119w, https:\/\/preprod.olympic.ca\/olympique\/wp-content\/uploads\/sites\/2\/2012\/08\/jr369r36.jpg?resize=278,371 278w\" width=\"238\" height=\"317\" loading=\"lazy\" data-original-width=\"238\" data-original-height=\"317\" itemprop=\"http:\/\/schema.org\/image\" title=\"OLY COC London 2012\" alt=\"Photo du COC par Jason Ransom\" style=\"width: 238px; height: 317px;\" \/> <\/a> <div class=\"tiled-gallery-caption\" itemprop=\"caption description\"> Photo du COC par Jason Ransom <\/div> <\/div> <\/div> <!-- close group --> <div class=\"gallery-group images-1\" style=\"width: 279px; height: 321px;\" data-original-width=\"279\" data-original-height=\"321\" > <div class=\"tiled-gallery-item tiled-gallery-item-large\" itemprop=\"associatedMedia\" itemscope itemtype=\"http:\/\/schema.org\/ImageObject\"> <a href=\"https:\/\/preprod.olympic.ca\/olympique\/wp-content\/uploads\/sites\/2\/2012\/08\/jr465r46.jpg?quality=100&#038;strip\" border=\"0\" itemprop=\"url\"> <meta itemprop=\"width\" content=\"275\"> <meta itemprop=\"height\" content=\"317\"> <img decoding=\"async\" data-recalc-dims=\"1\" class=\"\" data-attachment-id=\"41942\" data-orig-file=\"https:\/\/preprod.olympic.ca\/olympique\/wp-content\/uploads\/sites\/2\/2012\/08\/jr465r46.jpg?quality=100\" data-orig-size=\"624,718\" data-comments-opened=\"1\" data-image-meta=\"{&quot;aperture&quot;:&quot;0&quot;,&quot;credit&quot;:&quot;The Canadian Press Images&quot;,&quot;camera&quot;:&quot;&quot;,&quot;caption&quot;:&quot;Canada\\u0027s Tonya Verbeek celebrates her win over Jackeline Renteria of Columbia in the 55kg freestyle wrestling category at the 2012 London Olympics, August 9, 2012. Verbeek will compete for the gold medal against Saori Yoshida of Japan. THE CANADIAN PRESS\\\/HO, COC - Jason Ransom&quot;,&quot;created_timestamp&quot;:&quot;1344544379&quot;,&quot;copyright&quot;:&quot;&quot;,&quot;focal_length&quot;:&quot;0&quot;,&quot;iso&quot;:&quot;0&quot;,&quot;shutter_speed&quot;:&quot;0&quot;,&quot;title&quot;:&quot;OLY COC London 2012&quot;}\" data-image-title=\"OLY COC London 2012\" data-image-description=\"&lt;p&gt;Photo du COC par Jason Ransom&lt;\/p&gt; \" data-medium-file=\"https:\/\/preprod.olympic.ca\/olympique\/wp-content\/uploads\/sites\/2\/2012\/08\/jr465r46.jpg?quality=100&#038;w=322\" data-large-file=\"https:\/\/preprod.olympic.ca\/olympique\/wp-content\/uploads\/sites\/2\/2012\/08\/jr465r46.jpg?quality=100&#038;w=624\" src=\"https:\/\/preprod.olympic.ca\/olympique\/wp-content\/uploads\/sites\/2\/2012\/08\/jr465r46.jpg?quality=100&#038;w=275&#038;h=317&#038;strip&#038;resize=275%2C317\" srcset=\"https:\/\/preprod.olympic.ca\/olympique\/wp-content\/uploads\/sites\/2\/2012\/08\/jr465r46.jpg 624w, https:\/\/preprod.olympic.ca\/olympique\/wp-content\/uploads\/sites\/2\/2012\/08\/jr465r46.jpg?resize=137,158 137w, https:\/\/preprod.olympic.ca\/olympique\/wp-content\/uploads\/sites\/2\/2012\/08\/jr465r46.jpg?resize=322,371 322w\" width=\"275\" height=\"317\" loading=\"lazy\" data-original-width=\"275\" data-original-height=\"317\" itemprop=\"http:\/\/schema.org\/image\" title=\"OLY COC London 2012\" alt=\"Photo du COC par Jason Ransom\" style=\"width: 275px; height: 317px;\" \/> <\/a> <div class=\"tiled-gallery-caption\" itemprop=\"caption description\"> Photo du COC par Jason Ransom <\/div> <\/div> <\/div> <!-- close group --> <\/div> <!-- close row --> <div class=\"gallery-row\" style=\"width: 1360px; height: 1069px;\" data-original-width=\"1360\" data-original-height=\"1069\" > <div class=\"gallery-group images-1\" style=\"width: 847px; height: 1069px;\" data-original-width=\"847\" data-original-height=\"1069\" > <div class=\"tiled-gallery-item tiled-gallery-item-large\" itemprop=\"associatedMedia\" itemscope itemtype=\"http:\/\/schema.org\/ImageObject\"> <a href=\"https:\/\/preprod.olympic.ca\/olympique\/wp-content\/uploads\/sites\/2\/2012\/08\/clayton-custio16.jpg?quality=100&#038;strip\" border=\"0\" itemprop=\"url\"> <meta itemprop=\"width\" content=\"843\"> <meta itemprop=\"height\" content=\"1065\"> <img decoding=\"async\" data-recalc-dims=\"1\" class=\"\" data-attachment-id=\"41982\" data-orig-file=\"https:\/\/preprod.olympic.ca\/olympique\/wp-content\/uploads\/sites\/2\/2012\/08\/clayton-custio16.jpg?quality=100\" data-orig-size=\"478,604\" data-comments-opened=\"1\" data-image-meta=\"{&quot;aperture&quot;:&quot;0&quot;,&quot;credit&quot;:&quot;The Canadian Press Images&quot;,&quot;camera&quot;:&quot;&quot;,&quot;caption&quot;:&quot;Canada\\u0027s Clayton Custio, Red trunks, celebrates his win over Mexico\\u0027s Oscar Molina Casillas during welterweight boxing at the 2012 London Olympics, on July 29, 2012. THE CANADIAN PRESS\\\/HO, COC - Jason Ransom&quot;,&quot;created_timestamp&quot;:&quot;1343592533&quot;,&quot;copyright&quot;:&quot;Jason Ransom&quot;,&quot;focal_length&quot;:&quot;0&quot;,&quot;iso&quot;:&quot;0&quot;,&quot;shutter_speed&quot;:&quot;0&quot;,&quot;title&quot;:&quot;OLY COC London 2012&quot;}\" data-image-title=\"OLY COC London 2012\" data-image-description=\"&lt;p&gt;Photo du COC par Jason Ransom&lt;\/p&gt; \" data-medium-file=\"https:\/\/preprod.olympic.ca\/olympique\/wp-content\/uploads\/sites\/2\/2012\/08\/clayton-custio16.jpg?quality=100&#038;w=294\" data-large-file=\"https:\/\/preprod.olympic.ca\/olympique\/wp-content\/uploads\/sites\/2\/2012\/08\/clayton-custio16.jpg?quality=100&#038;w=478\" src=\"https:\/\/preprod.olympic.ca\/olympique\/wp-content\/uploads\/sites\/2\/2012\/08\/clayton-custio16.jpg?quality=100&#038;w=843&#038;h=1065&#038;strip&#038;resize=843%2C1065\" srcset=\"https:\/\/preprod.olympic.ca\/olympique\/wp-content\/uploads\/sites\/2\/2012\/08\/clayton-custio16.jpg 478w, https:\/\/preprod.olympic.ca\/olympique\/wp-content\/uploads\/sites\/2\/2012\/08\/clayton-custio16.jpg?resize=125,158 125w, https:\/\/preprod.olympic.ca\/olympique\/wp-content\/uploads\/sites\/2\/2012\/08\/clayton-custio16.jpg?resize=294,371 294w\" width=\"843\" height=\"1065\" loading=\"lazy\" data-original-width=\"843\" data-original-height=\"1065\" itemprop=\"http:\/\/schema.org\/image\" title=\"OLY COC London 2012\" alt=\"Photo du COC par Jason Ransom\" style=\"width: 843px; height: 1065px;\" \/> <\/a> <div class=\"tiled-gallery-caption\" itemprop=\"caption description\"> Photo du COC par Jason Ransom <\/div> <\/div> <\/div> <!-- close group --> <div class=\"gallery-group images-3\" style=\"width: 513px; height: 1069px;\" data-original-width=\"513\" data-original-height=\"1069\" > <div class=\"tiled-gallery-item tiled-gallery-item-large\" itemprop=\"associatedMedia\" itemscope itemtype=\"http:\/\/schema.org\/ImageObject\"> <a href=\"https:\/\/preprod.olympic.ca\/olympique\/wp-content\/uploads\/sites\/2\/2012\/08\/jr185r36.jpg?quality=100&#038;strip\" border=\"0\" itemprop=\"url\"> <meta itemprop=\"width\" content=\"509\"> <meta itemprop=\"height\" content=\"372\"> <img decoding=\"async\" data-recalc-dims=\"1\" class=\"\" data-attachment-id=\"41962\" data-orig-file=\"https:\/\/preprod.olympic.ca\/olympique\/wp-content\/uploads\/sites\/2\/2012\/08\/jr185r36.jpg?quality=100\" data-orig-size=\"915,669\" data-comments-opened=\"1\" data-image-meta=\"{&quot;aperture&quot;:&quot;0&quot;,&quot;credit&quot;:&quot;The Canadian Press Images&quot;,&quot;camera&quot;:&quot;&quot;,&quot;caption&quot;:&quot;Canada\\u0027s women\\u0027s eight rowing team celebrate their silver medal performance at the 2012 London Olympics, on August 2, 2012. THE CANADIAN PRESS\\\/HO, COC - Jason Ransom&quot;,&quot;created_timestamp&quot;:&quot;1343909619&quot;,&quot;copyright&quot;:&quot;Jason Ransom&quot;,&quot;focal_length&quot;:&quot;0&quot;,&quot;iso&quot;:&quot;0&quot;,&quot;shutter_speed&quot;:&quot;0&quot;,&quot;title&quot;:&quot;OLY COC London 2012&quot;}\" data-image-title=\"OLY COC London 2012\" data-image-description=\"&lt;p&gt;Photo du COC par Jason Ransom&lt;\/p&gt; \" data-medium-file=\"https:\/\/preprod.olympic.ca\/olympique\/wp-content\/uploads\/sites\/2\/2012\/08\/jr185r36.jpg?quality=100&#038;w=507\" data-large-file=\"https:\/\/preprod.olympic.ca\/olympique\/wp-content\/uploads\/sites\/2\/2012\/08\/jr185r36.jpg?quality=100&#038;w=915\" src=\"https:\/\/preprod.olympic.ca\/olympique\/wp-content\/uploads\/sites\/2\/2012\/08\/jr185r36.jpg?quality=100&#038;w=509&#038;h=372&#038;strip&#038;resize=509%2C372\" srcset=\"https:\/\/preprod.olympic.ca\/olympique\/wp-content\/uploads\/sites\/2\/2012\/08\/jr185r36.jpg 915w, https:\/\/preprod.olympic.ca\/olympique\/wp-content\/uploads\/sites\/2\/2012\/08\/jr185r36.jpg?resize=216,158 216w, https:\/\/preprod.olympic.ca\/olympique\/wp-content\/uploads\/sites\/2\/2012\/08\/jr185r36.jpg?resize=507,371 507w, https:\/\/preprod.olympic.ca\/olympique\/wp-content\/uploads\/sites\/2\/2012\/08\/jr185r36.jpg?resize=768,562 768w\" width=\"509\" height=\"372\" loading=\"lazy\" data-original-width=\"509\" data-original-height=\"372\" itemprop=\"http:\/\/schema.org\/image\" title=\"OLY COC London 2012\" alt=\"Photo du COC par Jason Ransom\" style=\"width: 509px; height: 372px;\" \/> <\/a> <div class=\"tiled-gallery-caption\" itemprop=\"caption description\"> Photo du COC par Jason Ransom <\/div> <\/div> <div class=\"tiled-gallery-item tiled-gallery-item-large\" itemprop=\"associatedMedia\" itemscope itemtype=\"http:\/\/schema.org\/ImageObject\"> <a href=\"https:\/\/preprod.olympic.ca\/olympique\/wp-content\/uploads\/sites\/2\/2012\/08\/03107641r36.jpg?quality=100&#038;strip\" border=\"0\" itemprop=\"url\"> <meta itemprop=\"width\" content=\"509\"> <meta itemprop=\"height\" content=\"343\"> <img decoding=\"async\" data-recalc-dims=\"1\" class=\"\" data-attachment-id=\"41913\" data-orig-file=\"https:\/\/preprod.olympic.ca\/olympique\/wp-content\/uploads\/sites\/2\/2012\/08\/03107641r36.jpg?quality=100\" data-orig-size=\"779,525\" data-comments-opened=\"1\" data-image-meta=\"{&quot;aperture&quot;:&quot;5.6&quot;,&quot;credit&quot;:&quot;Mike Ridewood&quot;,&quot;camera&quot;:&quot;Canon EOS-1D X&quot;,&quot;caption&quot;:&quot;Catherine Pendrel of Fredricton, N.B. in the women\\u0027s mountain bike competition at the 2012 London Olympics, Saturday, Aug. 11, 2012. THE CANADIAN PRESS\\\/HO, COC - Mike Ridewood&quot;,&quot;created_timestamp&quot;:&quot;1344691128&quot;,&quot;copyright&quot;:&quot;&quot;,&quot;focal_length&quot;:&quot;70&quot;,&quot;iso&quot;:&quot;400&quot;,&quot;shutter_speed&quot;:&quot;0.0008&quot;,&quot;title&quot;:&quot;OLY COC London 2012&quot;}\" data-image-title=\"OLY COC London 2012\" data-image-description=\"&lt;p&gt;Photo du COC par Mike Ridewood&lt;\/p&gt; \" data-medium-file=\"https:\/\/preprod.olympic.ca\/olympique\/wp-content\/uploads\/sites\/2\/2012\/08\/03107641r36.jpg?quality=100&#038;w=550\" data-large-file=\"https:\/\/preprod.olympic.ca\/olympique\/wp-content\/uploads\/sites\/2\/2012\/08\/03107641r36.jpg?quality=100&#038;w=779\" src=\"https:\/\/preprod.olympic.ca\/olympique\/wp-content\/uploads\/sites\/2\/2012\/08\/03107641r36.jpg?quality=100&#038;w=509&#038;h=343&#038;strip&#038;resize=509%2C343\" srcset=\"https:\/\/preprod.olympic.ca\/olympique\/wp-content\/uploads\/sites\/2\/2012\/08\/03107641r36.jpg 779w, https:\/\/preprod.olympic.ca\/olympique\/wp-content\/uploads\/sites\/2\/2012\/08\/03107641r36.jpg?resize=234,158 234w, https:\/\/preprod.olympic.ca\/olympique\/wp-content\/uploads\/sites\/2\/2012\/08\/03107641r36.jpg?resize=550,371 550w, https:\/\/preprod.olympic.ca\/olympique\/wp-content\/uploads\/sites\/2\/2012\/08\/03107641r36.jpg?resize=768,518 768w\" width=\"509\" height=\"343\" loading=\"lazy\" data-original-width=\"509\" data-original-height=\"343\" itemprop=\"http:\/\/schema.org\/image\" title=\"OLY COC London 2012\" alt=\"Photo du COC par Mike Ridewood\" style=\"width: 509px; height: 343px;\" \/> <\/a> <div class=\"tiled-gallery-caption\" itemprop=\"caption description\"> Photo du COC par Mike Ridewood <\/div> <\/div> <div class=\"tiled-gallery-item tiled-gallery-item-large\" itemprop=\"associatedMedia\" itemscope itemtype=\"http:\/\/schema.org\/ImageObject\"> <a href=\"https:\/\/preprod.olympic.ca\/olympique\/wp-content\/uploads\/sites\/2\/2012\/08\/jr168aug1_web_coc36.jpg?quality=100&#038;strip\" border=\"0\" itemprop=\"url\"> <meta itemprop=\"width\" content=\"509\"> <meta itemprop=\"height\" content=\"342\"> <img decoding=\"async\" data-recalc-dims=\"1\" class=\"\" data-attachment-id=\"41969\" data-orig-file=\"https:\/\/preprod.olympic.ca\/olympique\/wp-content\/uploads\/sites\/2\/2012\/08\/jr168aug1_web_coc36.jpg?quality=100\" data-orig-size=\"1113,748\" data-comments-opened=\"1\" data-image-meta=\"{&quot;aperture&quot;:&quot;0&quot;,&quot;credit&quot;:&quot;The Canadian Press Images&quot;,&quot;camera&quot;:&quot;&quot;,&quot;caption&quot;:&quot;Canada\\u0027s men\\u0027s eight rowing team members hold their silver medals following their win at the 2012 London Olympics, on August 1, 2012. Back row from left to right: Douglas Csima; Conlin McCabe; Malcome Howard; Andrew Byrnes and Jeremiah Brown. Front row: Gabriel Bergen; Rob Gibson; Brian Price and Will Crothers. THE CANADIAN PRESS\\\/HO, COC - Jason Ransom&quot;,&quot;created_timestamp&quot;:&quot;1343844915&quot;,&quot;copyright&quot;:&quot;&quot;,&quot;focal_length&quot;:&quot;0&quot;,&quot;iso&quot;:&quot;0&quot;,&quot;shutter_speed&quot;:&quot;0&quot;,&quot;title&quot;:&quot;OLY COC London 2012&quot;}\" data-image-title=\"OLY COC London 2012\" data-image-description=\"&lt;p&gt;Photo du COC par Jason Ransom&lt;\/p&gt; \" data-medium-file=\"https:\/\/preprod.olympic.ca\/olympique\/wp-content\/uploads\/sites\/2\/2012\/08\/jr168aug1_web_coc36.jpg?quality=100&#038;w=552\" data-large-file=\"https:\/\/preprod.olympic.ca\/olympique\/wp-content\/uploads\/sites\/2\/2012\/08\/jr168aug1_web_coc36.jpg?quality=100&#038;w=1113\" src=\"https:\/\/preprod.olympic.ca\/olympique\/wp-content\/uploads\/sites\/2\/2012\/08\/jr168aug1_web_coc36.jpg?quality=100&#038;w=509&#038;h=342&#038;strip&#038;resize=509%2C342\" srcset=\"https:\/\/preprod.olympic.ca\/olympique\/wp-content\/uploads\/sites\/2\/2012\/08\/jr168aug1_web_coc36.jpg 1113w, https:\/\/preprod.olympic.ca\/olympique\/wp-content\/uploads\/sites\/2\/2012\/08\/jr168aug1_web_coc36.jpg?resize=235,158 235w, https:\/\/preprod.olympic.ca\/olympique\/wp-content\/uploads\/sites\/2\/2012\/08\/jr168aug1_web_coc36.jpg?resize=552,371 552w, https:\/\/preprod.olympic.ca\/olympique\/wp-content\/uploads\/sites\/2\/2012\/08\/jr168aug1_web_coc36.jpg?resize=768,516 768w\" width=\"509\" height=\"342\" loading=\"lazy\" data-original-width=\"509\" data-original-height=\"342\" itemprop=\"http:\/\/schema.org\/image\" title=\"OLY COC London 2012\" alt=\"Photo du COC par Jason Ransom\" style=\"width: 509px; height: 342px;\" \/> <\/a> <div class=\"tiled-gallery-caption\" itemprop=\"caption description\"> Photo du COC par Jason Ransom <\/div> <\/div> <\/div> <!-- close group --> <\/div> <!-- close row --> <div class=\"gallery-row\" style=\"width: 1360px; height: 512px;\" data-original-width=\"1360\" data-original-height=\"512\" > <div class=\"gallery-group images-1\" style=\"width: 904px; height: 512px;\" data-original-width=\"904\" data-original-height=\"512\" > <div class=\"tiled-gallery-item tiled-gallery-item-large\" itemprop=\"associatedMedia\" itemscope itemtype=\"http:\/\/schema.org\/ImageObject\"> <a href=\"https:\/\/preprod.olympic.ca\/olympique\/wp-content\/uploads\/sites\/2\/2012\/08\/zelinka_cp_final_forweb36.jpg?quality=100&#038;strip\" border=\"0\" itemprop=\"url\"> <meta itemprop=\"width\" content=\"900\"> <meta itemprop=\"height\" content=\"508\"> <img decoding=\"async\" data-recalc-dims=\"1\" class=\"\" data-attachment-id=\"41918\" data-orig-file=\"https:\/\/preprod.olympic.ca\/olympique\/wp-content\/uploads\/sites\/2\/2012\/08\/zelinka_cp_final_forweb36.jpg?quality=100\" data-orig-size=\"714,403\" data-comments-opened=\"1\" data-image-meta=\"{&quot;aperture&quot;:&quot;5.6&quot;,&quot;credit&quot;:&quot;Sean Kilpatrick&quot;,&quot;camera&quot;:&quot;NIKON D4&quot;,&quot;caption&quot;:&quot;Canada\\u0027s Jessica Zelinka reacts to her finish in the women\\u0027s 100-metre hurdle final at the Olympic Stadium during the Summer Olympics in London on Tuesday, August 7, 2012. Zelinka placed seventh. THE CANADIAN PRESS\\\/Sean Kilpatrick&quot;,&quot;created_timestamp&quot;:&quot;1344373390&quot;,&quot;copyright&quot;:&quot;&quot;,&quot;focal_length&quot;:&quot;122&quot;,&quot;iso&quot;:&quot;3200&quot;,&quot;shutter_speed&quot;:&quot;0.002&quot;,&quot;title&quot;:&quot;Jessica Zelinka&quot;}\" data-image-title=\"Jessica Zelinka\" data-image-description=\"&lt;p&gt;Photo du CP par Sean Kilpatrick&lt;\/p&gt; \" data-medium-file=\"https:\/\/preprod.olympic.ca\/olympique\/wp-content\/uploads\/sites\/2\/2012\/08\/zelinka_cp_final_forweb36.jpg?quality=100&#038;w=657\" data-large-file=\"https:\/\/preprod.olympic.ca\/olympique\/wp-content\/uploads\/sites\/2\/2012\/08\/zelinka_cp_final_forweb36.jpg?quality=100&#038;w=714\" src=\"https:\/\/preprod.olympic.ca\/olympique\/wp-content\/uploads\/sites\/2\/2012\/08\/zelinka_cp_final_forweb36.jpg?quality=100&#038;w=900&#038;h=508&#038;strip&#038;resize=900%2C508\" srcset=\"https:\/\/preprod.olympic.ca\/olympique\/wp-content\/uploads\/sites\/2\/2012\/08\/zelinka_cp_final_forweb36.jpg 714w, https:\/\/preprod.olympic.ca\/olympique\/wp-content\/uploads\/sites\/2\/2012\/08\/zelinka_cp_final_forweb36.jpg?resize=280,158 280w, https:\/\/preprod.olympic.ca\/olympique\/wp-content\/uploads\/sites\/2\/2012\/08\/zelinka_cp_final_forweb36.jpg?resize=657,371 657w\" width=\"900\" height=\"508\" loading=\"lazy\" data-original-width=\"900\" data-original-height=\"508\" itemprop=\"http:\/\/schema.org\/image\" title=\"Jessica Zelinka\" alt=\"Photo du CP par Sean Kilpatrick\" style=\"width: 900px; height: 508px;\" \/> <\/a> <div class=\"tiled-gallery-caption\" itemprop=\"caption description\"> Photo du CP par Sean Kilpatrick <\/div> <\/div> <\/div> <!-- close group --> <div class=\"gallery-group images-1\" style=\"width: 456px; height: 512px;\" data-original-width=\"456\" data-original-height=\"512\" > <div class=\"tiled-gallery-item tiled-gallery-item-large\" itemprop=\"associatedMedia\" itemscope itemtype=\"http:\/\/schema.org\/ImageObject\"> <a href=\"https:\/\/preprod.olympic.ca\/olympique\/wp-content\/uploads\/sites\/2\/2012\/08\/jr345r66.jpg?quality=100&#038;strip\" border=\"0\" itemprop=\"url\"> <meta itemprop=\"width\" content=\"452\"> <meta itemprop=\"height\" content=\"508\"> <img decoding=\"async\" data-recalc-dims=\"1\" class=\"\" data-attachment-id=\"41922\" data-orig-file=\"https:\/\/preprod.olympic.ca\/olympique\/wp-content\/uploads\/sites\/2\/2012\/08\/jr345r66.jpg?quality=100\" data-orig-size=\"437,491\" data-comments-opened=\"1\" data-image-meta=\"{&quot;aperture&quot;:&quot;0&quot;,&quot;credit&quot;:&quot;The Canadian Press Images&quot;,&quot;camera&quot;:&quot;&quot;,&quot;caption&quot;:&quot;Jinzi Li of China celebrates after beating Canada\\u0027s Mary Spencer in a middleweight boxing semifinal at the 2012 London Olympics, August 6, 2012. Spencer lost the fight 17 points to 14 and is out of the competition. THE CANADIAN PRESS\\\/HO, COC - Jason Ransom&quot;,&quot;created_timestamp&quot;:&quot;1344285150&quot;,&quot;copyright&quot;:&quot;Jason Ransom&quot;,&quot;focal_length&quot;:&quot;0&quot;,&quot;iso&quot;:&quot;0&quot;,&quot;shutter_speed&quot;:&quot;0&quot;,&quot;title&quot;:&quot;OLY COC London 2012&quot;}\" data-image-title=\"OLY COC London 2012\" data-image-description=\"&lt;p&gt;Photo du COC par Jason Ransom&lt;\/p&gt; \" data-medium-file=\"https:\/\/preprod.olympic.ca\/olympique\/wp-content\/uploads\/sites\/2\/2012\/08\/jr345r66.jpg?quality=100&#038;w=330\" data-large-file=\"https:\/\/preprod.olympic.ca\/olympique\/wp-content\/uploads\/sites\/2\/2012\/08\/jr345r66.jpg?quality=100&#038;w=437\" src=\"https:\/\/preprod.olympic.ca\/olympique\/wp-content\/uploads\/sites\/2\/2012\/08\/jr345r66.jpg?quality=100&#038;w=452&#038;h=508&#038;strip&#038;resize=452%2C508\" srcset=\"https:\/\/preprod.olympic.ca\/olympique\/wp-content\/uploads\/sites\/2\/2012\/08\/jr345r66.jpg 437w, https:\/\/preprod.olympic.ca\/olympique\/wp-content\/uploads\/sites\/2\/2012\/08\/jr345r66.jpg?resize=141,158 141w, https:\/\/preprod.olympic.ca\/olympique\/wp-content\/uploads\/sites\/2\/2012\/08\/jr345r66.jpg?resize=330,371 330w\" width=\"452\" height=\"508\" loading=\"lazy\" data-original-width=\"452\" data-original-height=\"508\" itemprop=\"http:\/\/schema.org\/image\" title=\"OLY COC London 2012\" alt=\"Photo du COC par Jason Ransom\" style=\"width: 452px; height: 508px;\" \/> <\/a> <div class=\"tiled-gallery-caption\" itemprop=\"caption description\"> Photo du COC par Jason Ransom <\/div> <\/div> <\/div> <!-- close group --> <\/div> <!-- close row --> <div class=\"gallery-row\" style=\"width: 1360px; height: 373px;\" data-original-width=\"1360\" data-original-height=\"373\" > <div class=\"gallery-group images-1\" style=\"width: 522px; height: 373px;\" data-original-width=\"522\" data-original-height=\"373\" > <div class=\"tiled-gallery-item tiled-gallery-item-large\" itemprop=\"associatedMedia\" itemscope itemtype=\"http:\/\/schema.org\/ImageObject\"> <a href=\"https:\/\/preprod.olympic.ca\/olympique\/wp-content\/uploads\/sites\/2\/2012\/08\/03100453_cpr46.jpg?quality=100&#038;strip\" border=\"0\" itemprop=\"url\"> <meta itemprop=\"width\" content=\"518\"> <meta itemprop=\"height\" content=\"369\"> <img decoding=\"async\" data-recalc-dims=\"1\" class=\"\" data-attachment-id=\"41927\" data-orig-file=\"https:\/\/preprod.olympic.ca\/olympique\/wp-content\/uploads\/sites\/2\/2012\/08\/03100453_cpr46.jpg?quality=100\" data-orig-size=\"900,641\" data-comments-opened=\"1\" data-image-meta=\"{&quot;aperture&quot;:&quot;8&quot;,&quot;credit&quot;:&quot;Frank Gunn&quot;,&quot;camera&quot;:&quot;Canon EOS-1D X&quot;,&quot;caption&quot;:&quot;Canada\\u0027s Richard Weinberger shows off his bronze medal for Men\\u0027s Marathon Swimming at the Olympic Games in London on Friday August 10, 2012. THE CANADIAN PRESS\\\/Frank Gunn&quot;,&quot;created_timestamp&quot;:&quot;1344590324&quot;,&quot;copyright&quot;:&quot;&quot;,&quot;focal_length&quot;:&quot;170&quot;,&quot;iso&quot;:&quot;400&quot;,&quot;shutter_speed&quot;:&quot;0.002&quot;,&quot;title&quot;:&quot;Richard Weinberger&quot;}\" data-image-title=\"Richard Weinberger\" data-image-description=\"&lt;p&gt;Photo du CP par Frank Gunn&lt;\/p&gt; \" data-medium-file=\"https:\/\/preprod.olympic.ca\/olympique\/wp-content\/uploads\/sites\/2\/2012\/08\/03100453_cpr46.jpg?quality=100&#038;w=521\" data-large-file=\"https:\/\/preprod.olympic.ca\/olympique\/wp-content\/uploads\/sites\/2\/2012\/08\/03100453_cpr46.jpg?quality=100&#038;w=900\" src=\"https:\/\/preprod.olympic.ca\/olympique\/wp-content\/uploads\/sites\/2\/2012\/08\/03100453_cpr46.jpg?quality=100&#038;w=518&#038;h=369&#038;strip&#038;resize=518%2C369\" srcset=\"https:\/\/preprod.olympic.ca\/olympique\/wp-content\/uploads\/sites\/2\/2012\/08\/03100453_cpr46.jpg 900w, https:\/\/preprod.olympic.ca\/olympique\/wp-content\/uploads\/sites\/2\/2012\/08\/03100453_cpr46.jpg?resize=222,158 222w, https:\/\/preprod.olympic.ca\/olympique\/wp-content\/uploads\/sites\/2\/2012\/08\/03100453_cpr46.jpg?resize=521,371 521w, https:\/\/preprod.olympic.ca\/olympique\/wp-content\/uploads\/sites\/2\/2012\/08\/03100453_cpr46.jpg?resize=768,547 768w\" width=\"518\" height=\"369\" loading=\"lazy\" data-original-width=\"518\" data-original-height=\"369\" itemprop=\"http:\/\/schema.org\/image\" title=\"Richard Weinberger\" alt=\"Photo du CP par Frank Gunn\" style=\"width: 518px; height: 369px;\" \/> <\/a> <div class=\"tiled-gallery-caption\" itemprop=\"caption description\"> Photo du CP par Frank Gunn <\/div> <\/div> <\/div> <!-- close group --> <div class=\"gallery-group images-1\" style=\"width: 283px; height: 373px;\" data-original-width=\"283\" data-original-height=\"373\" > <div class=\"tiled-gallery-item tiled-gallery-item-large\" itemprop=\"associatedMedia\" itemscope itemtype=\"http:\/\/schema.org\/ImageObject\"> <a href=\"https:\/\/preprod.olympic.ca\/olympique\/wp-content\/uploads\/sites\/2\/2012\/08\/03043044_coc46.jpg?quality=100&#038;strip\" border=\"0\" itemprop=\"url\"> <meta itemprop=\"width\" content=\"279\"> <meta itemprop=\"height\" content=\"369\"> <img decoding=\"async\" data-recalc-dims=\"1\" class=\"\" data-attachment-id=\"41965\" data-orig-file=\"https:\/\/preprod.olympic.ca\/olympique\/wp-content\/uploads\/sites\/2\/2012\/08\/03043044_coc46.jpg?quality=100\" data-orig-size=\"634,839\" data-comments-opened=\"1\" data-image-meta=\"{&quot;aperture&quot;:&quot;4.5&quot;,&quot;credit&quot;:&quot;Mike Ridewood&quot;,&quot;camera&quot;:&quot;Canon EOS-1D Mark IV&quot;,&quot;caption&quot;:&quot;Brent Hayden of Vancouver kisses his starting block after taking the bronze medal in men\\u0027s 100-metre freestyle in swimming competition at the 2012 London Olympics, Wednesday, Aug. 1, 2012. THE CANADIAN PRESS\\\/HO, COC - Mike Ridewood&quot;,&quot;created_timestamp&quot;:&quot;1343827695&quot;,&quot;copyright&quot;:&quot;&quot;,&quot;focal_length&quot;:&quot;560&quot;,&quot;iso&quot;:&quot;1600&quot;,&quot;shutter_speed&quot;:&quot;0.002&quot;,&quot;title&quot;:&quot;OLY COC London 2012&quot;}\" data-image-title=\"OLY COC London 2012\" data-image-description=\"&lt;p&gt;Photo du COC par Mike Ridewood&lt;\/p&gt; \" data-medium-file=\"https:\/\/preprod.olympic.ca\/olympique\/wp-content\/uploads\/sites\/2\/2012\/08\/03043044_coc46.jpg?quality=100&#038;w=280\" data-large-file=\"https:\/\/preprod.olympic.ca\/olympique\/wp-content\/uploads\/sites\/2\/2012\/08\/03043044_coc46.jpg?quality=100&#038;w=570\" src=\"https:\/\/preprod.olympic.ca\/olympique\/wp-content\/uploads\/sites\/2\/2012\/08\/03043044_coc46.jpg?quality=100&#038;w=279&#038;h=369&#038;strip&#038;resize=279%2C369\" srcset=\"https:\/\/preprod.olympic.ca\/olympique\/wp-content\/uploads\/sites\/2\/2012\/08\/03043044_coc46.jpg 634w, https:\/\/preprod.olympic.ca\/olympique\/wp-content\/uploads\/sites\/2\/2012\/08\/03043044_coc46.jpg?resize=119,158 119w, https:\/\/preprod.olympic.ca\/olympique\/wp-content\/uploads\/sites\/2\/2012\/08\/03043044_coc46.jpg?resize=280,371 280w, https:\/\/preprod.olympic.ca\/olympique\/wp-content\/uploads\/sites\/2\/2012\/08\/03043044_coc46.jpg?resize=570,754 570w\" width=\"279\" height=\"369\" loading=\"lazy\" data-original-width=\"279\" data-original-height=\"369\" itemprop=\"http:\/\/schema.org\/image\" title=\"OLY COC London 2012\" alt=\"Photo du COC par Mike Ridewood\" style=\"width: 279px; height: 369px;\" \/> <\/a> <div class=\"tiled-gallery-caption\" itemprop=\"caption description\"> Photo du COC par Mike Ridewood <\/div> <\/div> <\/div> <!-- close group --> <div class=\"gallery-group images-1\" style=\"width: 555px; height: 373px;\" data-original-width=\"555\" data-original-height=\"373\" > <div class=\"tiled-gallery-item tiled-gallery-item-large\" itemprop=\"associatedMedia\" itemscope itemtype=\"http:\/\/schema.org\/ImageObject\"> <a href=\"https:\/\/preprod.olympic.ca\/olympique\/wp-content\/uploads\/sites\/2\/2012\/08\/ian-miller_cp_web36.jpg?quality=100&#038;strip\" border=\"0\" itemprop=\"url\"> <meta itemprop=\"width\" content=\"551\"> <meta itemprop=\"height\" content=\"369\"> <img decoding=\"async\" data-recalc-dims=\"1\" class=\"\" data-attachment-id=\"41946\" data-orig-file=\"https:\/\/preprod.olympic.ca\/olympique\/wp-content\/uploads\/sites\/2\/2012\/08\/ian-miller_cp_web36.jpg?quality=100\" data-orig-size=\"1294,867\" data-comments-opened=\"1\" data-image-meta=\"{&quot;aperture&quot;:&quot;5&quot;,&quot;credit&quot;:&quot;Ryan Remiorz&quot;,&quot;camera&quot;:&quot;NIKON D4&quot;,&quot;caption&quot;:&quot;Canada\\u0027s Ian Millar, from Perth, Ont., rides his horse Star Power over a jump in the first round of the Equestrian Individual Jumping final 2012 Summer Olympics Wednesday, August 8, 2012 in London. THE CANADIAN PRESS\\\/Ryan Remiorz&quot;,&quot;created_timestamp&quot;:&quot;1344431077&quot;,&quot;copyright&quot;:&quot;&quot;,&quot;focal_length&quot;:&quot;400&quot;,&quot;iso&quot;:&quot;400&quot;,&quot;shutter_speed&quot;:&quot;0.000625&quot;,&quot;title&quot;:&quot;Ian Millar&quot;}\" data-image-title=\"Ian Millar\" data-image-description=\"&lt;p&gt;Photo du CP par Ryan Remiorz&lt;\/p&gt; \" data-medium-file=\"https:\/\/preprod.olympic.ca\/olympique\/wp-content\/uploads\/sites\/2\/2012\/08\/ian-miller_cp_web36.jpg?quality=100&#038;w=554\" data-large-file=\"https:\/\/preprod.olympic.ca\/olympique\/wp-content\/uploads\/sites\/2\/2012\/08\/ian-miller_cp_web36.jpg?quality=100&#038;w=1125\" src=\"https:\/\/preprod.olympic.ca\/olympique\/wp-content\/uploads\/sites\/2\/2012\/08\/ian-miller_cp_web36.jpg?quality=100&#038;w=551&#038;h=369&#038;strip&#038;resize=551%2C369\" srcset=\"https:\/\/preprod.olympic.ca\/olympique\/wp-content\/uploads\/sites\/2\/2012\/08\/ian-miller_cp_web36.jpg 1294w, https:\/\/preprod.olympic.ca\/olympique\/wp-content\/uploads\/sites\/2\/2012\/08\/ian-miller_cp_web36.jpg?resize=236,158 236w, https:\/\/preprod.olympic.ca\/olympique\/wp-content\/uploads\/sites\/2\/2012\/08\/ian-miller_cp_web36.jpg?resize=554,371 554w, https:\/\/preprod.olympic.ca\/olympique\/wp-content\/uploads\/sites\/2\/2012\/08\/ian-miller_cp_web36.jpg?resize=768,515 768w, https:\/\/preprod.olympic.ca\/olympique\/wp-content\/uploads\/sites\/2\/2012\/08\/ian-miller_cp_web36.jpg?resize=1125,754 1125w\" width=\"551\" height=\"369\" loading=\"lazy\" data-original-width=\"551\" data-original-height=\"369\" itemprop=\"http:\/\/schema.org\/image\" title=\"Ian Millar\" alt=\"Photo du CP par Ryan Remiorz\" style=\"width: 551px; height: 369px;\" \/> <\/a> <div class=\"tiled-gallery-caption\" itemprop=\"caption description\"> Photo du CP par Ryan Remiorz <\/div> <\/div> <\/div> <!-- close group --> <\/div> <!-- close row --> <div class=\"gallery-row\" style=\"width: 1360px; height: 606px;\" data-original-width=\"1360\" data-original-height=\"606\" > <div class=\"gallery-group images-1\" style=\"width: 908px; height: 606px;\" data-original-width=\"908\" data-original-height=\"606\" > <div class=\"tiled-gallery-item tiled-gallery-item-large\" itemprop=\"associatedMedia\" itemscope itemtype=\"http:\/\/schema.org\/ImageObject\"> <a href=\"https:\/\/preprod.olympic.ca\/olympique\/wp-content\/uploads\/sites\/2\/2012\/08\/sullivan_2_cp46.jpg?quality=100&#038;strip\" border=\"0\" itemprop=\"url\"> <meta itemprop=\"width\" content=\"904\"> <meta itemprop=\"height\" content=\"602\"> <img decoding=\"async\" data-recalc-dims=\"1\" class=\"\" data-attachment-id=\"41934\" data-orig-file=\"https:\/\/preprod.olympic.ca\/olympique\/wp-content\/uploads\/sites\/2\/2012\/08\/sullivan_2_cp46.jpg?quality=100\" data-orig-size=\"713,475\" data-comments-opened=\"1\" data-image-meta=\"{&quot;aperture&quot;:&quot;4&quot;,&quot;credit&quot;:&quot;Sean Kilpatrick&quot;,&quot;camera&quot;:&quot;NIKON D4&quot;,&quot;caption&quot;:&quot;Canada\\u0027s Monique Sullivan laps the track after racing in the first ever Olympic women\\u0027s keirin final during the 2012 Summer Olympics in London on Friday, August 3, 2012. Sullivan placed sixth. THE CANADIAN PRESS\\\/Sean Kilpatrick&quot;,&quot;created_timestamp&quot;:&quot;1344021110&quot;,&quot;copyright&quot;:&quot;&quot;,&quot;focal_length&quot;:&quot;220&quot;,&quot;iso&quot;:&quot;3200&quot;,&quot;shutter_speed&quot;:&quot;0.0005&quot;,&quot;title&quot;:&quot;Monique Sullivan&quot;}\" data-image-title=\"Monique Sullivan\" data-image-description=\"&lt;p&gt;Photo du CP par Sean Kilpatrick&lt;\/p&gt; \" data-medium-file=\"https:\/\/preprod.olympic.ca\/olympique\/wp-content\/uploads\/sites\/2\/2012\/08\/sullivan_2_cp46.jpg?quality=100&#038;w=557\" data-large-file=\"https:\/\/preprod.olympic.ca\/olympique\/wp-content\/uploads\/sites\/2\/2012\/08\/sullivan_2_cp46.jpg?quality=100&#038;w=713\" src=\"https:\/\/preprod.olympic.ca\/olympique\/wp-content\/uploads\/sites\/2\/2012\/08\/sullivan_2_cp46.jpg?quality=100&#038;w=904&#038;h=602&#038;strip&#038;resize=904%2C602\" srcset=\"https:\/\/preprod.olympic.ca\/olympique\/wp-content\/uploads\/sites\/2\/2012\/08\/sullivan_2_cp46.jpg 713w, https:\/\/preprod.olympic.ca\/olympique\/wp-content\/uploads\/sites\/2\/2012\/08\/sullivan_2_cp46.jpg?resize=237,158 237w, https:\/\/preprod.olympic.ca\/olympique\/wp-content\/uploads\/sites\/2\/2012\/08\/sullivan_2_cp46.jpg?resize=557,371 557w\" width=\"904\" height=\"602\" loading=\"lazy\" data-original-width=\"904\" data-original-height=\"602\" itemprop=\"http:\/\/schema.org\/image\" title=\"Monique Sullivan\" alt=\"Photo du CP par Sean Kilpatrick\" style=\"width: 904px; height: 602px;\" \/> <\/a> <div class=\"tiled-gallery-caption\" itemprop=\"caption description\"> Photo du CP par Sean Kilpatrick <\/div> <\/div> <\/div> <!-- close group --> <div class=\"gallery-group images-2\" style=\"width: 452px; height: 606px;\" data-original-width=\"452\" data-original-height=\"606\" > <div class=\"tiled-gallery-item tiled-gallery-item-large\" itemprop=\"associatedMedia\" itemscope itemtype=\"http:\/\/schema.org\/ImageObject\"> <a href=\"https:\/\/preprod.olympic.ca\/olympique\/wp-content\/uploads\/sites\/2\/2012\/08\/bernier_tewksbury_forweb16.jpg?quality=100&#038;strip\" border=\"0\" itemprop=\"url\"> <meta itemprop=\"width\" content=\"448\"> <meta itemprop=\"height\" content=\"284\"> <img decoding=\"async\" data-recalc-dims=\"1\" class=\"\" data-attachment-id=\"41929\" data-orig-file=\"https:\/\/preprod.olympic.ca\/olympique\/wp-content\/uploads\/sites\/2\/2012\/08\/bernier_tewksbury_forweb16.jpg?quality=100\" data-orig-size=\"883,560\" data-comments-opened=\"1\" data-image-meta=\"{&quot;aperture&quot;:&quot;4&quot;,&quot;credit&quot;:&quot;Mike Ridewood&quot;,&quot;camera&quot;:&quot;Canon EOS 5D Mark II&quot;,&quot;caption&quot;:&quot;Canadian team Chef de Mission Mark Tewksbury and assistant chef Sylvie Bernier lead the cheer at the team\\u0027s opening press conference for the 2012 London Olympics, on Friday, July 27, 2012. THE CANADIAN PRESS\\\/HO, COC - Mike Ridewood&quot;,&quot;created_timestamp&quot;:&quot;1343377351&quot;,&quot;copyright&quot;:&quot;&quot;,&quot;focal_length&quot;:&quot;70&quot;,&quot;iso&quot;:&quot;2000&quot;,&quot;shutter_speed&quot;:&quot;0.005&quot;,&quot;title&quot;:&quot;OLY COC London 2012&quot;}\" data-image-title=\"OLY COC London 2012\" data-image-description=\"&lt;p&gt;Photo du COC par Mike Ridewood&lt;\/p&gt; \" data-medium-file=\"https:\/\/preprod.olympic.ca\/olympique\/wp-content\/uploads\/sites\/2\/2012\/08\/bernier_tewksbury_forweb16.jpg?quality=100&#038;w=585\" data-large-file=\"https:\/\/preprod.olympic.ca\/olympique\/wp-content\/uploads\/sites\/2\/2012\/08\/bernier_tewksbury_forweb16.jpg?quality=100&#038;w=883\" src=\"https:\/\/preprod.olympic.ca\/olympique\/wp-content\/uploads\/sites\/2\/2012\/08\/bernier_tewksbury_forweb16.jpg?quality=100&#038;w=448&#038;h=284&#038;strip&#038;resize=448%2C284\" srcset=\"https:\/\/preprod.olympic.ca\/olympique\/wp-content\/uploads\/sites\/2\/2012\/08\/bernier_tewksbury_forweb16.jpg 883w, https:\/\/preprod.olympic.ca\/olympique\/wp-content\/uploads\/sites\/2\/2012\/08\/bernier_tewksbury_forweb16.jpg?resize=249,158 249w, https:\/\/preprod.olympic.ca\/olympique\/wp-content\/uploads\/sites\/2\/2012\/08\/bernier_tewksbury_forweb16.jpg?resize=585,371 585w, https:\/\/preprod.olympic.ca\/olympique\/wp-content\/uploads\/sites\/2\/2012\/08\/bernier_tewksbury_forweb16.jpg?resize=768,487 768w\" width=\"448\" height=\"284\" loading=\"lazy\" data-original-width=\"448\" data-original-height=\"284\" itemprop=\"http:\/\/schema.org\/image\" title=\"OLY COC London 2012\" alt=\"Photo du COC par Mike Ridewood\" style=\"width: 448px; height: 284px;\" \/> <\/a> <div class=\"tiled-gallery-caption\" itemprop=\"caption description\"> Photo du COC par Mike Ridewood <\/div> <\/div> <div class=\"tiled-gallery-item tiled-gallery-item-large\" itemprop=\"associatedMedia\" itemscope itemtype=\"http:\/\/schema.org\/ImageObject\"> <a href=\"https:\/\/preprod.olympic.ca\/olympique\/wp-content\/uploads\/sites\/2\/2012\/08\/drouin_cp36.jpg?quality=100&#038;strip\" border=\"0\" itemprop=\"url\"> <meta itemprop=\"width\" content=\"448\"> <meta itemprop=\"height\" content=\"314\"> <img decoding=\"async\" data-recalc-dims=\"1\" class=\"\" data-attachment-id=\"41954\" data-orig-file=\"https:\/\/preprod.olympic.ca\/olympique\/wp-content\/uploads\/sites\/2\/2012\/08\/drouin_cp36.jpg?quality=100\" data-orig-size=\"1758,1230\" data-comments-opened=\"1\" data-image-meta=\"{&quot;aperture&quot;:&quot;4&quot;,&quot;credit&quot;:&quot;Sean Kilpatrick&quot;,&quot;camera&quot;:&quot;NIKON D4&quot;,&quot;caption&quot;:&quot;Canada\\u0027s Derek Drouin jumps to a bronze medal in the men\\u0027s high jump final at the Olympic Stadium during the Summer Olympics in London on Tuesday, August 7, 2012. THE CANADIAN PRESS\\\/Sean Kilpatrick&quot;,&quot;created_timestamp&quot;:&quot;1344371279&quot;,&quot;copyright&quot;:&quot;&quot;,&quot;focal_length&quot;:&quot;600&quot;,&quot;iso&quot;:&quot;4000&quot;,&quot;shutter_speed&quot;:&quot;0.0005&quot;,&quot;title&quot;:&quot;Derek Drouin&quot;}\" data-image-title=\"Derek Drouin\" data-image-description=\"&lt;p&gt;Photo du CP par Sean Kilpatrick&lt;\/p&gt; \" data-medium-file=\"https:\/\/preprod.olympic.ca\/olympique\/wp-content\/uploads\/sites\/2\/2012\/08\/drouin_cp36.jpg?quality=100&#038;w=530\" data-large-file=\"https:\/\/preprod.olympic.ca\/olympique\/wp-content\/uploads\/sites\/2\/2012\/08\/drouin_cp36.jpg?quality=100&#038;w=1078\" src=\"https:\/\/preprod.olympic.ca\/olympique\/wp-content\/uploads\/sites\/2\/2012\/08\/drouin_cp36.jpg?quality=100&#038;w=448&#038;h=314&#038;strip&#038;resize=448%2C314\" srcset=\"https:\/\/preprod.olympic.ca\/olympique\/wp-content\/uploads\/sites\/2\/2012\/08\/drouin_cp36.jpg 1758w, https:\/\/preprod.olympic.ca\/olympique\/wp-content\/uploads\/sites\/2\/2012\/08\/drouin_cp36.jpg?resize=226,158 226w, https:\/\/preprod.olympic.ca\/olympique\/wp-content\/uploads\/sites\/2\/2012\/08\/drouin_cp36.jpg?resize=530,371 530w, https:\/\/preprod.olympic.ca\/olympique\/wp-content\/uploads\/sites\/2\/2012\/08\/drouin_cp36.jpg?resize=768,537 768w, https:\/\/preprod.olympic.ca\/olympique\/wp-content\/uploads\/sites\/2\/2012\/08\/drouin_cp36.jpg?resize=1078,754 1078w, https:\/\/preprod.olympic.ca\/olympique\/wp-content\/uploads\/sites\/2\/2012\/08\/drouin_cp36.jpg?resize=1536,1075 1536w\" width=\"448\" height=\"314\" loading=\"lazy\" data-original-width=\"448\" data-original-height=\"314\" itemprop=\"http:\/\/schema.org\/image\" title=\"Derek Drouin\" alt=\"Photo du CP par Sean Kilpatrick\" style=\"width: 448px; height: 314px;\" \/> <\/a> <div class=\"tiled-gallery-caption\" itemprop=\"caption description\"> Photo du CP par Sean Kilpatrick <\/div> <\/div> <\/div> <!-- close group --> <\/div> <!-- close row --> <div class=\"gallery-row\" style=\"width: 1360px; height: 566px;\" data-original-width=\"1360\" data-original-height=\"566\" > <div class=\"gallery-group images-1\" style=\"width: 912px; height: 566px;\" data-original-width=\"912\" data-original-height=\"566\" > <div class=\"tiled-gallery-item tiled-gallery-item-large\" itemprop=\"associatedMedia\" itemscope itemtype=\"http:\/\/schema.org\/ImageObject\"> <a href=\"https:\/\/preprod.olympic.ca\/olympique\/wp-content\/uploads\/sites\/2\/2012\/08\/simon-whitfield-flag-for-web116.jpg?quality=100&#038;strip\" border=\"0\" itemprop=\"url\"> <meta itemprop=\"width\" content=\"908\"> <meta itemprop=\"height\" content=\"562\"> <img decoding=\"async\" data-recalc-dims=\"1\" class=\"\" data-attachment-id=\"41928\" data-orig-file=\"https:\/\/preprod.olympic.ca\/olympique\/wp-content\/uploads\/sites\/2\/2012\/08\/simon-whitfield-flag-for-web116.jpg?quality=100\" data-orig-size=\"1080,668\" data-comments-opened=\"1\" data-image-meta=\"{&quot;aperture&quot;:&quot;11&quot;,&quot;credit&quot;:&quot;Photographer: Brigitte Bouvier&quot;,&quot;camera&quot;:&quot;Canon EOS 5D Mark II&quot;,&quot;caption&quot;:&quot;(2012\\\/06\\\/19): The COC announced that Simon Whitfield will be the Flag Bearer for Canada. Simon Whitfield says he will carry the Canadian flag into London with one message: \\u201cGive everything you have\\u201d. Photos by Brigitte Bouvier for CPImages.&quot;,&quot;created_timestamp&quot;:&quot;1342091042&quot;,&quot;copyright&quot;:&quot;Copyright: Brigitte Bouvier&quot;,&quot;focal_length&quot;:&quot;23&quot;,&quot;iso&quot;:&quot;200&quot;,&quot;shutter_speed&quot;:&quot;0.005&quot;,&quot;title&quot;:&quot;&quot;}\" data-image-title=\"Simon-Whitfield-Flag-for-Web1\" data-image-description=\"&lt;p&gt;Photo du CP par Brigitte Bouvier&lt;\/p&gt; \" data-medium-file=\"https:\/\/preprod.olympic.ca\/olympique\/wp-content\/uploads\/sites\/2\/2012\/08\/simon-whitfield-flag-for-web116.jpg?quality=100&#038;w=600\" data-large-file=\"https:\/\/preprod.olympic.ca\/olympique\/wp-content\/uploads\/sites\/2\/2012\/08\/simon-whitfield-flag-for-web116.jpg?quality=100&#038;w=1080\" src=\"https:\/\/preprod.olympic.ca\/olympique\/wp-content\/uploads\/sites\/2\/2012\/08\/simon-whitfield-flag-for-web116.jpg?quality=100&#038;w=908&#038;h=562&#038;strip&#038;resize=908%2C562\" srcset=\"https:\/\/preprod.olympic.ca\/olympique\/wp-content\/uploads\/sites\/2\/2012\/08\/simon-whitfield-flag-for-web116.jpg 1080w, https:\/\/preprod.olympic.ca\/olympique\/wp-content\/uploads\/sites\/2\/2012\/08\/simon-whitfield-flag-for-web116.jpg?resize=255,158 255w, https:\/\/preprod.olympic.ca\/olympique\/wp-content\/uploads\/sites\/2\/2012\/08\/simon-whitfield-flag-for-web116.jpg?resize=600,371 600w, https:\/\/preprod.olympic.ca\/olympique\/wp-content\/uploads\/sites\/2\/2012\/08\/simon-whitfield-flag-for-web116.jpg?resize=768,475 768w\" width=\"908\" height=\"562\" loading=\"lazy\" data-original-width=\"908\" data-original-height=\"562\" itemprop=\"http:\/\/schema.org\/image\" title=\"Simon-Whitfield-Flag-for-Web1\" alt=\"Photo du CP par Brigitte Bouvier\" style=\"width: 908px; height: 562px;\" \/> <\/a> <div class=\"tiled-gallery-caption\" itemprop=\"caption description\"> Photo du CP par Brigitte Bouvier <\/div> <\/div> <\/div> <!-- close group --> <div class=\"gallery-group images-1\" style=\"width: 448px; height: 566px;\" data-original-width=\"448\" data-original-height=\"566\" > <div class=\"tiled-gallery-item tiled-gallery-item-large\" itemprop=\"associatedMedia\" itemscope itemtype=\"http:\/\/schema.org\/ImageObject\"> <a href=\"https:\/\/preprod.olympic.ca\/olympique\/wp-content\/uploads\/sites\/2\/2012\/08\/jr468r56.jpg?quality=100&#038;strip\" border=\"0\" itemprop=\"url\"> <meta itemprop=\"width\" content=\"444\"> <meta itemprop=\"height\" content=\"562\"> <img decoding=\"async\" data-recalc-dims=\"1\" class=\"\" data-attachment-id=\"41943\" data-orig-file=\"https:\/\/preprod.olympic.ca\/olympique\/wp-content\/uploads\/sites\/2\/2012\/08\/jr468r56.jpg?quality=100\" data-orig-size=\"281,356\" data-comments-opened=\"1\" data-image-meta=\"{&quot;aperture&quot;:&quot;0&quot;,&quot;credit&quot;:&quot;The Canadian Press Images&quot;,&quot;camera&quot;:&quot;&quot;,&quot;caption&quot;:&quot;Canada\\u0027s Tonya Verbeek wears her silver medal for wrestling in the 55kg freestyle category at the 2012 London Olympics, August 9, 2012. Verbeek lost to Saori Yoshida of Japan. THE CANADIAN PRESS\\\/HO, COC - Jason Ransom&quot;,&quot;created_timestamp&quot;:&quot;1344558714&quot;,&quot;copyright&quot;:&quot;&quot;,&quot;focal_length&quot;:&quot;0&quot;,&quot;iso&quot;:&quot;0&quot;,&quot;shutter_speed&quot;:&quot;0&quot;,&quot;title&quot;:&quot;OLY COC London 2012&quot;}\" data-image-title=\"OLY COC London 2012\" data-image-description=\"&lt;p&gt;Photo du COC par Jason Ransom&lt;\/p&gt; \" data-medium-file=\"https:\/\/preprod.olympic.ca\/olympique\/wp-content\/uploads\/sites\/2\/2012\/08\/jr468r56.jpg?quality=100&#038;w=281\" data-large-file=\"https:\/\/preprod.olympic.ca\/olympique\/wp-content\/uploads\/sites\/2\/2012\/08\/jr468r56.jpg?quality=100&#038;w=281\" src=\"https:\/\/preprod.olympic.ca\/olympique\/wp-content\/uploads\/sites\/2\/2012\/08\/jr468r56.jpg?quality=100&#038;w=444&#038;h=562&#038;strip&#038;resize=444%2C562\" srcset=\"https:\/\/preprod.olympic.ca\/olympique\/wp-content\/uploads\/sites\/2\/2012\/08\/jr468r56.jpg 281w, https:\/\/preprod.olympic.ca\/olympique\/wp-content\/uploads\/sites\/2\/2012\/08\/jr468r56.jpg?resize=125,158 125w\" width=\"444\" height=\"562\" loading=\"lazy\" data-original-width=\"444\" data-original-height=\"562\" itemprop=\"http:\/\/schema.org\/image\" title=\"OLY COC London 2012\" alt=\"Photo du COC par Jason Ransom\" style=\"width: 444px; height: 562px;\" \/> <\/a> <div class=\"tiled-gallery-caption\" itemprop=\"caption description\"> Photo du COC par Jason Ransom <\/div> <\/div> <\/div> <!-- close group --> <\/div> <!-- close row --> <div class=\"gallery-row\" style=\"width: 1360px; height: 1179px;\" data-original-width=\"1360\" data-original-height=\"1179\" > <div class=\"gallery-group images-3\" style=\"width: 504px; height: 1179px;\" data-original-width=\"504\" data-original-height=\"1179\" > <div class=\"tiled-gallery-item tiled-gallery-item-large\" itemprop=\"associatedMedia\" itemscope itemtype=\"http:\/\/schema.org\/ImageObject\"> <a href=\"https:\/\/preprod.olympic.ca\/olympique\/wp-content\/uploads\/sites\/2\/2012\/08\/jr284r36.jpg?quality=100&#038;strip\" border=\"0\" itemprop=\"url\"> <meta itemprop=\"width\" content=\"500\"> <meta itemprop=\"height\" content=\"343\"> <img decoding=\"async\" data-recalc-dims=\"1\" class=\"\" data-attachment-id=\"41958\" data-orig-file=\"https:\/\/preprod.olympic.ca\/olympique\/wp-content\/uploads\/sites\/2\/2012\/08\/jr284r36.jpg?quality=100\" data-orig-size=\"720,493\" data-comments-opened=\"1\" data-image-meta=\"{&quot;aperture&quot;:&quot;0&quot;,&quot;credit&quot;:&quot;The Canadian Press Images&quot;,&quot;camera&quot;:&quot;&quot;,&quot;caption&quot;:&quot;Canada\\u0027s Jasmin Glaesser, left, Tara Whitten, middle, and Gillian Carleton hold their bronze medals from team pursuit in the velodrome at the 2012 London Olympics, August 4, 2012. Canada placed third behind Great Britain, gold medallists, and the United States. THE CANADIAN PRESS\\\/HO, COC - Jason Ransom&quot;,&quot;created_timestamp&quot;:&quot;1344122954&quot;,&quot;copyright&quot;:&quot;Jason Ransom&quot;,&quot;focal_length&quot;:&quot;0&quot;,&quot;iso&quot;:&quot;0&quot;,&quot;shutter_speed&quot;:&quot;0&quot;,&quot;title&quot;:&quot;OLY COC London 2012&quot;}\" data-image-title=\"OLY COC London 2012\" data-image-description=\"&lt;p&gt;Photo du COC par Jason Ransom&lt;\/p&gt; \" data-medium-file=\"https:\/\/preprod.olympic.ca\/olympique\/wp-content\/uploads\/sites\/2\/2012\/08\/jr284r36.jpg?quality=100&#038;w=542\" data-large-file=\"https:\/\/preprod.olympic.ca\/olympique\/wp-content\/uploads\/sites\/2\/2012\/08\/jr284r36.jpg?quality=100&#038;w=720\" src=\"https:\/\/preprod.olympic.ca\/olympique\/wp-content\/uploads\/sites\/2\/2012\/08\/jr284r36.jpg?quality=100&#038;w=500&#038;h=343&#038;strip&#038;resize=500%2C343\" srcset=\"https:\/\/preprod.olympic.ca\/olympique\/wp-content\/uploads\/sites\/2\/2012\/08\/jr284r36.jpg 720w, https:\/\/preprod.olympic.ca\/olympique\/wp-content\/uploads\/sites\/2\/2012\/08\/jr284r36.jpg?resize=231,158 231w, https:\/\/preprod.olympic.ca\/olympique\/wp-content\/uploads\/sites\/2\/2012\/08\/jr284r36.jpg?resize=542,371 542w\" width=\"500\" height=\"343\" loading=\"lazy\" data-original-width=\"500\" data-original-height=\"343\" itemprop=\"http:\/\/schema.org\/image\" title=\"OLY COC London 2012\" alt=\"Photo du COC par Jason Ransom\" style=\"width: 500px; height: 343px;\" \/> <\/a> <div class=\"tiled-gallery-caption\" itemprop=\"caption description\"> Photo du COC par Jason Ransom <\/div> <\/div> <div class=\"tiled-gallery-item tiled-gallery-item-large\" itemprop=\"associatedMedia\" itemscope itemtype=\"http:\/\/schema.org\/ImageObject\"> <a href=\"https:\/\/preprod.olympic.ca\/olympique\/wp-content\/uploads\/sites\/2\/2012\/08\/03032665_july3126.jpg?quality=100&#038;strip\" border=\"0\" itemprop=\"url\"> <meta itemprop=\"width\" content=\"500\"> <meta itemprop=\"height\" content=\"411\"> <img decoding=\"async\" data-recalc-dims=\"1\" class=\"\" data-attachment-id=\"41972\" data-orig-file=\"https:\/\/preprod.olympic.ca\/olympique\/wp-content\/uploads\/sites\/2\/2012\/08\/03032665_july3126.jpg?quality=100\" data-orig-size=\"900,740\" data-comments-opened=\"1\" data-image-meta=\"{&quot;aperture&quot;:&quot;4&quot;,&quot;credit&quot;:&quot;Frank Gunn&quot;,&quot;camera&quot;:&quot;Canon EOS-1D X&quot;,&quot;caption&quot;:&quot;Canada forward Melissa Tancredi jumps into the arms of Christine Sinclair (12) to celebrate her second goal of the game during second half women\\u0027s soccer action against Sweden at the Olympic Games in London on Tuesday July 31, 2012. Canada teammates Rhian Wilkinson (7) and Kaylyn Kyle (6) also celebrate. THE CANADIAN PRESS\\\/Frank Gunn&quot;,&quot;created_timestamp&quot;:&quot;1343732941&quot;,&quot;copyright&quot;:&quot;&quot;,&quot;focal_length&quot;:&quot;560&quot;,&quot;iso&quot;:&quot;800&quot;,&quot;shutter_speed&quot;:&quot;0.0005&quot;,&quot;title&quot;:&quot;Christine Sinclair; Melissa Tancredi; Rhian Wilkinson; Kaylyn Kyle&quot;}\" data-image-title=\"Christine Sinclair; Melissa Tancredi; Rhian Wilkinson; Kaylyn Kyle\" data-image-description=\"&lt;p&gt;Photo du CP par Frank Gunn&lt;\/p&gt; \" data-medium-file=\"https:\/\/preprod.olympic.ca\/olympique\/wp-content\/uploads\/sites\/2\/2012\/08\/03032665_july3126.jpg?quality=100&#038;w=451\" data-large-file=\"https:\/\/preprod.olympic.ca\/olympique\/wp-content\/uploads\/sites\/2\/2012\/08\/03032665_july3126.jpg?quality=100&#038;w=900\" src=\"https:\/\/preprod.olympic.ca\/olympique\/wp-content\/uploads\/sites\/2\/2012\/08\/03032665_july3126.jpg?quality=100&#038;w=500&#038;h=411&#038;strip&#038;resize=500%2C411\" srcset=\"https:\/\/preprod.olympic.ca\/olympique\/wp-content\/uploads\/sites\/2\/2012\/08\/03032665_july3126.jpg 900w, https:\/\/preprod.olympic.ca\/olympique\/wp-content\/uploads\/sites\/2\/2012\/08\/03032665_july3126.jpg?resize=192,158 192w, https:\/\/preprod.olympic.ca\/olympique\/wp-content\/uploads\/sites\/2\/2012\/08\/03032665_july3126.jpg?resize=451,371 451w, https:\/\/preprod.olympic.ca\/olympique\/wp-content\/uploads\/sites\/2\/2012\/08\/03032665_july3126.jpg?resize=768,631 768w\" width=\"500\" height=\"411\" loading=\"lazy\" data-original-width=\"500\" data-original-height=\"411\" itemprop=\"http:\/\/schema.org\/image\" title=\"Christine Sinclair; Melissa Tancredi; Rhian Wilkinson; Kaylyn Kyle\" alt=\"Photo du CP par Frank Gunn\" style=\"width: 500px; height: 411px;\" \/> <\/a> <div class=\"tiled-gallery-caption\" itemprop=\"caption description\"> Photo du CP par Frank Gunn <\/div> <\/div> <div class=\"tiled-gallery-item tiled-gallery-item-large\" itemprop=\"associatedMedia\" itemscope itemtype=\"http:\/\/schema.org\/ImageObject\"> <a href=\"https:\/\/preprod.olympic.ca\/olympique\/wp-content\/uploads\/sites\/2\/2012\/08\/jr194r46.jpg?quality=100&#038;strip\" border=\"0\" itemprop=\"url\"> <meta itemprop=\"width\" content=\"500\"> <meta itemprop=\"height\" content=\"413\"> <img decoding=\"async\" data-recalc-dims=\"1\" class=\"\" data-attachment-id=\"41963\" data-orig-file=\"https:\/\/preprod.olympic.ca\/olympique\/wp-content\/uploads\/sites\/2\/2012\/08\/jr194r46.jpg?quality=100\" data-orig-size=\"720,594\" data-comments-opened=\"1\" data-image-meta=\"{&quot;aperture&quot;:&quot;0&quot;,&quot;credit&quot;:&quot;The Canadian Press Images&quot;,&quot;camera&quot;:&quot;&quot;,&quot;caption&quot;:&quot;Canada\\u0027s Michelle Li slams the shuttlecock past partner Alex Bruce during semifinal badminton action against Reika Kakiiwa and Mizuki Fuji of Japan at the 2012 London Olympics, on August 2, 2012. Bruce and Li lost the match two sets to one. THE CANADIAN PRESS\\\/HO, COC - Jason Ransom&quot;,&quot;created_timestamp&quot;:&quot;1343954197&quot;,&quot;copyright&quot;:&quot;&quot;,&quot;focal_length&quot;:&quot;0&quot;,&quot;iso&quot;:&quot;0&quot;,&quot;shutter_speed&quot;:&quot;0&quot;,&quot;title&quot;:&quot;OLY COC London 2012&quot;}\" data-image-title=\"OLY COC London 2012\" data-image-description=\"&lt;p&gt;Photo du COC par Jason Ransom&lt;\/p&gt; \" data-medium-file=\"https:\/\/preprod.olympic.ca\/olympique\/wp-content\/uploads\/sites\/2\/2012\/08\/jr194r46.jpg?quality=100&#038;w=450\" data-large-file=\"https:\/\/preprod.olympic.ca\/olympique\/wp-content\/uploads\/sites\/2\/2012\/08\/jr194r46.jpg?quality=100&#038;w=720\" src=\"https:\/\/preprod.olympic.ca\/olympique\/wp-content\/uploads\/sites\/2\/2012\/08\/jr194r46.jpg?quality=100&#038;w=500&#038;h=413&#038;strip&#038;resize=500%2C413\" srcset=\"https:\/\/preprod.olympic.ca\/olympique\/wp-content\/uploads\/sites\/2\/2012\/08\/jr194r46.jpg 720w, https:\/\/preprod.olympic.ca\/olympique\/wp-content\/uploads\/sites\/2\/2012\/08\/jr194r46.jpg?resize=192,158 192w, https:\/\/preprod.olympic.ca\/olympique\/wp-content\/uploads\/sites\/2\/2012\/08\/jr194r46.jpg?resize=450,371 450w\" width=\"500\" height=\"413\" loading=\"lazy\" data-original-width=\"500\" data-original-height=\"413\" itemprop=\"http:\/\/schema.org\/image\" title=\"OLY COC London 2012\" alt=\"Photo du COC par Jason Ransom\" style=\"width: 500px; height: 413px;\" \/> <\/a> <div class=\"tiled-gallery-caption\" itemprop=\"caption description\"> Photo du COC par Jason Ransom <\/div> <\/div> <\/div> <!-- close group --> <div class=\"gallery-group images-1\" style=\"width: 856px; height: 1179px;\" data-original-width=\"856\" data-original-height=\"1179\" > <div class=\"tiled-gallery-item tiled-gallery-item-large\" itemprop=\"associatedMedia\" itemscope itemtype=\"http:\/\/schema.org\/ImageObject\"> <a href=\"https:\/\/preprod.olympic.ca\/olympique\/wp-content\/uploads\/sites\/2\/2012\/08\/meg_roseline_coc316.jpg?quality=100&#038;strip\" border=\"0\" itemprop=\"url\"> <meta itemprop=\"width\" content=\"852\"> <meta itemprop=\"height\" content=\"1175\"> <img decoding=\"async\" data-recalc-dims=\"1\" class=\"\" data-attachment-id=\"41976\" data-orig-file=\"https:\/\/preprod.olympic.ca\/olympique\/wp-content\/uploads\/sites\/2\/2012\/08\/meg_roseline_coc316.jpg?quality=100\" data-orig-size=\"569,785\" data-comments-opened=\"1\" data-image-meta=\"{&quot;aperture&quot;:&quot;3.2&quot;,&quot;credit&quot;:&quot;Mike Ridewood&quot;,&quot;camera&quot;:&quot;Canon EOS-1D Mark IV&quot;,&quot;caption&quot;:&quot;Roseline Filion (back to camera) and Meaghan Benfeito, both of Montreal, their final score and the bronze medals in women\\u0027s 10-metre platform synchronized diving at the 2012 London Olympics, Tuesday, July 31, 2012. THE CANADIAN PRESS\\\/HO, COC - Mike Ridewood&quot;,&quot;created_timestamp&quot;:&quot;1343724546&quot;,&quot;copyright&quot;:&quot;&quot;,&quot;focal_length&quot;:&quot;400&quot;,&quot;iso&quot;:&quot;2000&quot;,&quot;shutter_speed&quot;:&quot;0.002&quot;,&quot;title&quot;:&quot;OLY COC London 2012&quot;}\" data-image-title=\"OLY COC London 2012\" data-image-description=\"&lt;p&gt;Photo du COC par Mike Ridewood&lt;\/p&gt; \" data-medium-file=\"https:\/\/preprod.olympic.ca\/olympique\/wp-content\/uploads\/sites\/2\/2012\/08\/meg_roseline_coc316.jpg?quality=100&#038;w=269\" data-large-file=\"https:\/\/preprod.olympic.ca\/olympique\/wp-content\/uploads\/sites\/2\/2012\/08\/meg_roseline_coc316.jpg?quality=100&#038;w=547\" src=\"https:\/\/preprod.olympic.ca\/olympique\/wp-content\/uploads\/sites\/2\/2012\/08\/meg_roseline_coc316.jpg?quality=100&#038;w=852&#038;h=1175&#038;strip&#038;resize=852%2C1175\" srcset=\"https:\/\/preprod.olympic.ca\/olympique\/wp-content\/uploads\/sites\/2\/2012\/08\/meg_roseline_coc316.jpg 569w, https:\/\/preprod.olympic.ca\/olympique\/wp-content\/uploads\/sites\/2\/2012\/08\/meg_roseline_coc316.jpg?resize=115,158 115w, https:\/\/preprod.olympic.ca\/olympique\/wp-content\/uploads\/sites\/2\/2012\/08\/meg_roseline_coc316.jpg?resize=269,371 269w, https:\/\/preprod.olympic.ca\/olympique\/wp-content\/uploads\/sites\/2\/2012\/08\/meg_roseline_coc316.jpg?resize=547,754 547w\" width=\"852\" height=\"1175\" loading=\"lazy\" data-original-width=\"852\" data-original-height=\"1175\" itemprop=\"http:\/\/schema.org\/image\" title=\"OLY COC London 2012\" alt=\"Photo du COC par Mike Ridewood\" style=\"width: 852px; height: 1175px;\" \/> <\/a> <div class=\"tiled-gallery-caption\" itemprop=\"caption description\"> Photo du COC par Mike Ridewood <\/div> <\/div> <\/div> <!-- close group --> <\/div> <!-- close row --> <div class=\"gallery-row\" style=\"width: 1360px; height: 612px;\" data-original-width=\"1360\" data-original-height=\"612\" > <div class=\"gallery-group images-2\" style=\"width: 407px; height: 612px;\" data-original-width=\"407\" data-original-height=\"612\" > <div class=\"tiled-gallery-item tiled-gallery-item-large\" itemprop=\"associatedMedia\" itemscope itemtype=\"http:\/\/schema.org\/ImageObject\"> <a href=\"https:\/\/preprod.olympic.ca\/olympique\/wp-content\/uploads\/sites\/2\/2012\/08\/cochrane_coc_silver1r26.jpg?quality=100&#038;strip\" border=\"0\" itemprop=\"url\"> <meta itemprop=\"width\" content=\"403\"> <meta itemprop=\"height\" content=\"297\"> <img decoding=\"async\" data-recalc-dims=\"1\" class=\"\" data-attachment-id=\"41939\" data-orig-file=\"https:\/\/preprod.olympic.ca\/olympique\/wp-content\/uploads\/sites\/2\/2012\/08\/cochrane_coc_silver1r26.jpg?quality=100\" data-orig-size=\"720,531\" data-comments-opened=\"1\" data-image-meta=\"{&quot;aperture&quot;:&quot;4.5&quot;,&quot;credit&quot;:&quot;Mike Ridewood&quot;,&quot;camera&quot;:&quot;Canon EOS-1D Mark IV&quot;,&quot;caption&quot;:&quot;Ryan Cochrane of Victoria, B.C. was the silver medalist in the men\\u0027s 1500-metre freestyle swim at the 2012 London Olympics, Saturday, Aug. 4, 2012. THE CANADIAN PRESS\\\/HO, COC - Mike Ridewood&quot;,&quot;created_timestamp&quot;:&quot;1344087029&quot;,&quot;copyright&quot;:&quot;&quot;,&quot;focal_length&quot;:&quot;400&quot;,&quot;iso&quot;:&quot;1600&quot;,&quot;shutter_speed&quot;:&quot;0.002&quot;,&quot;title&quot;:&quot;OLY COC London 2012&quot;}\" data-image-title=\"OLY COC London 2012\" data-image-description=\"&lt;p&gt;Photo du COC par Mike Ridewood&lt;\/p&gt; \" data-medium-file=\"https:\/\/preprod.olympic.ca\/olympique\/wp-content\/uploads\/sites\/2\/2012\/08\/cochrane_coc_silver1r26.jpg?quality=100&#038;w=503\" data-large-file=\"https:\/\/preprod.olympic.ca\/olympique\/wp-content\/uploads\/sites\/2\/2012\/08\/cochrane_coc_silver1r26.jpg?quality=100&#038;w=720\" src=\"https:\/\/preprod.olympic.ca\/olympique\/wp-content\/uploads\/sites\/2\/2012\/08\/cochrane_coc_silver1r26.jpg?quality=100&#038;w=403&#038;h=297&#038;strip&#038;resize=403%2C297\" srcset=\"https:\/\/preprod.olympic.ca\/olympique\/wp-content\/uploads\/sites\/2\/2012\/08\/cochrane_coc_silver1r26.jpg 720w, https:\/\/preprod.olympic.ca\/olympique\/wp-content\/uploads\/sites\/2\/2012\/08\/cochrane_coc_silver1r26.jpg?resize=214,158 214w, https:\/\/preprod.olympic.ca\/olympique\/wp-content\/uploads\/sites\/2\/2012\/08\/cochrane_coc_silver1r26.jpg?resize=503,371 503w\" width=\"403\" height=\"297\" loading=\"lazy\" data-original-width=\"403\" data-original-height=\"297\" itemprop=\"http:\/\/schema.org\/image\" title=\"OLY COC London 2012\" alt=\"Photo du COC par Mike Ridewood\" style=\"width: 403px; height: 297px;\" \/> <\/a> <div class=\"tiled-gallery-caption\" itemprop=\"caption description\"> Photo du COC par Mike Ridewood <\/div> <\/div> <div class=\"tiled-gallery-item tiled-gallery-item-large\" itemprop=\"associatedMedia\" itemscope itemtype=\"http:\/\/schema.org\/ImageObject\"> <a href=\"https:\/\/preprod.olympic.ca\/olympique\/wp-content\/uploads\/sites\/2\/2012\/08\/03080393r36.jpg?quality=100&#038;strip\" border=\"0\" itemprop=\"url\"> <meta itemprop=\"width\" content=\"403\"> <meta itemprop=\"height\" content=\"307\"> <img decoding=\"async\" data-recalc-dims=\"1\" class=\"\" data-attachment-id=\"41953\" data-orig-file=\"https:\/\/preprod.olympic.ca\/olympique\/wp-content\/uploads\/sites\/2\/2012\/08\/03080393r36.jpg?quality=100\" data-orig-size=\"720,548\" data-comments-opened=\"1\" data-image-meta=\"{&quot;aperture&quot;:&quot;4&quot;,&quot;credit&quot;:&quot;Ryan Remiorz&quot;,&quot;camera&quot;:&quot;NIKON D4&quot;,&quot;caption&quot;:&quot;Canada\\u0027s Marie-Pier Boudrreau Gagnon, right, and Elise Marcotte perform in the synchronized swimming free routine final at the 2012 Summer Olympics Tuesday, August 7, 2012 in London. The pair finished in fourth place.THE CANADIAN PRESS\\\/Ryan Remiorz&quot;,&quot;created_timestamp&quot;:&quot;1344354337&quot;,&quot;copyright&quot;:&quot;&quot;,&quot;focal_length&quot;:&quot;550&quot;,&quot;iso&quot;:&quot;1600&quot;,&quot;shutter_speed&quot;:&quot;0.001&quot;,&quot;title&quot;:&quot;Marie-Pier Boudrreau Gagnon, Elise Marcotte&quot;}\" data-image-title=\"Marie-Pier Boudrreau Gagnon, Elise Marcotte\" data-image-description=\"&lt;p&gt;Photo du CP par Ryan Remiorz&lt;\/p&gt; \" data-medium-file=\"https:\/\/preprod.olympic.ca\/olympique\/wp-content\/uploads\/sites\/2\/2012\/08\/03080393r36.jpg?quality=100&#038;w=487\" data-large-file=\"https:\/\/preprod.olympic.ca\/olympique\/wp-content\/uploads\/sites\/2\/2012\/08\/03080393r36.jpg?quality=100&#038;w=720\" src=\"https:\/\/preprod.olympic.ca\/olympique\/wp-content\/uploads\/sites\/2\/2012\/08\/03080393r36.jpg?quality=100&#038;w=403&#038;h=307&#038;strip&#038;resize=403%2C307\" srcset=\"https:\/\/preprod.olympic.ca\/olympique\/wp-content\/uploads\/sites\/2\/2012\/08\/03080393r36.jpg 720w, https:\/\/preprod.olympic.ca\/olympique\/wp-content\/uploads\/sites\/2\/2012\/08\/03080393r36.jpg?resize=208,158 208w, https:\/\/preprod.olympic.ca\/olympique\/wp-content\/uploads\/sites\/2\/2012\/08\/03080393r36.jpg?resize=487,371 487w\" width=\"403\" height=\"307\" loading=\"lazy\" data-original-width=\"403\" data-original-height=\"307\" itemprop=\"http:\/\/schema.org\/image\" title=\"Marie-Pier Boudrreau Gagnon, Elise Marcotte\" alt=\"Photo du CP par Ryan Remiorz\" style=\"width: 403px; height: 307px;\" \/> <\/a> <div class=\"tiled-gallery-caption\" itemprop=\"caption description\"> Photo du CP par Ryan Remiorz <\/div> <\/div> <\/div> <!-- close group --> <div class=\"gallery-group images-1\" style=\"width: 501px; height: 612px;\" data-original-width=\"501\" data-original-height=\"612\" > <div class=\"tiled-gallery-item tiled-gallery-item-large\" itemprop=\"associatedMedia\" itemscope itemtype=\"http:\/\/schema.org\/ImageObject\"> <a href=\"https:\/\/preprod.olympic.ca\/olympique\/wp-content\/uploads\/sites\/2\/2012\/08\/openinglights16.jpg?quality=100&#038;strip\" border=\"0\" itemprop=\"url\"> <meta itemprop=\"width\" content=\"497\"> <meta itemprop=\"height\" content=\"608\"> <img decoding=\"async\" data-recalc-dims=\"1\" class=\"\" data-attachment-id=\"41931\" data-orig-file=\"https:\/\/preprod.olympic.ca\/olympique\/wp-content\/uploads\/sites\/2\/2012\/08\/openinglights16.jpg?quality=100\" data-orig-size=\"802,982\" data-comments-opened=\"1\" data-image-meta=\"{&quot;aperture&quot;:&quot;5.6&quot;,&quot;credit&quot;:&quot;Sean Kilpatrick&quot;,&quot;camera&quot;:&quot;NIKON D3S&quot;,&quot;caption&quot;:&quot;Fireworks rain from the Olympic rings during the opening ceremonies for the 2012 Summer Olympics Friday, July 27, 2012 in London. THE CANADIAN PRESS\\\/Sean Kilpatrick&quot;,&quot;created_timestamp&quot;:&quot;1343424172&quot;,&quot;copyright&quot;:&quot;&quot;,&quot;focal_length&quot;:&quot;55&quot;,&quot;iso&quot;:&quot;4000&quot;,&quot;shutter_speed&quot;:&quot;0.005&quot;,&quot;title&quot;:&quot;OLY Opening Ceremonies 20120727&quot;}\" data-image-title=\"OLY Opening Ceremonies 20120727\" data-image-description=\"&lt;p&gt;Photo du CP par Sean Kilpatrick&lt;\/p&gt; \" data-medium-file=\"https:\/\/preprod.olympic.ca\/olympique\/wp-content\/uploads\/sites\/2\/2012\/08\/openinglights16.jpg?quality=100&#038;w=303\" data-large-file=\"https:\/\/preprod.olympic.ca\/olympique\/wp-content\/uploads\/sites\/2\/2012\/08\/openinglights16.jpg?quality=100&#038;w=616\" src=\"https:\/\/preprod.olympic.ca\/olympique\/wp-content\/uploads\/sites\/2\/2012\/08\/openinglights16.jpg?quality=100&#038;w=497&#038;h=608&#038;strip&#038;resize=497%2C608\" srcset=\"https:\/\/preprod.olympic.ca\/olympique\/wp-content\/uploads\/sites\/2\/2012\/08\/openinglights16.jpg 802w, https:\/\/preprod.olympic.ca\/olympique\/wp-content\/uploads\/sites\/2\/2012\/08\/openinglights16.jpg?resize=129,158 129w, https:\/\/preprod.olympic.ca\/olympique\/wp-content\/uploads\/sites\/2\/2012\/08\/openinglights16.jpg?resize=303,371 303w, https:\/\/preprod.olympic.ca\/olympique\/wp-content\/uploads\/sites\/2\/2012\/08\/openinglights16.jpg?resize=768,940 768w, https:\/\/preprod.olympic.ca\/olympique\/wp-content\/uploads\/sites\/2\/2012\/08\/openinglights16.jpg?resize=616,754 616w\" width=\"497\" height=\"608\" loading=\"lazy\" data-original-width=\"497\" data-original-height=\"608\" itemprop=\"http:\/\/schema.org\/image\" title=\"OLY Opening Ceremonies 20120727\" alt=\"Photo du CP par Sean Kilpatrick\" style=\"width: 497px; height: 608px;\" \/> <\/a> <div class=\"tiled-gallery-caption\" itemprop=\"caption description\"> Photo du CP par Sean Kilpatrick <\/div> <\/div> <\/div> <!-- close group --> <div class=\"gallery-group images-2\" style=\"width: 452px; height: 612px;\" data-original-width=\"452\" data-original-height=\"612\" > <div class=\"tiled-gallery-item tiled-gallery-item-large\" itemprop=\"associatedMedia\" itemscope itemtype=\"http:\/\/schema.org\/ImageObject\"> <a href=\"https:\/\/preprod.olympic.ca\/olympique\/wp-content\/uploads\/sites\/2\/2012\/08\/coc-1r56.jpg?quality=100&#038;strip\" border=\"0\" itemprop=\"url\"> <meta itemprop=\"width\" content=\"448\"> <meta itemprop=\"height\" content=\"314\"> <img decoding=\"async\" data-recalc-dims=\"1\" class=\"\" data-attachment-id=\"41959\" data-orig-file=\"https:\/\/preprod.olympic.ca\/olympique\/wp-content\/uploads\/sites\/2\/2012\/08\/coc-1r56.jpg?quality=100\" data-orig-size=\"720,504\" data-comments-opened=\"1\" data-image-meta=\"{&quot;aperture&quot;:&quot;7.1&quot;,&quot;credit&quot;:&quot;Fiona Hanson&quot;,&quot;camera&quot;:&quot;NIKON D3&quot;,&quot;caption&quot;:&quot;20120802 Copyright image 2012 Prince Harry meets Canadian Olympic medallists,families, officials and ian Olympic Committee members at Canada Olympic House, London.\\n\\n\\n\\nFor photographic enquiries please contact Fiona Hanson on 07710 142633 or email info@fionahanson.com This image is copyright Fiona Hanson2012. This image has been supplied by Fiona Hanson and must be credited Fiona Hanson. This author is is asserting her full Moral rights in relation to the publication of this image. All rights reserved. Rights for transmission of any image or file is not granted or implied. Changing or deleting Copyright information, Design and Patents Act 1988. If you are in any way unsure ofyour right to publish this image please contact Fiona Hanson on +44(0)7710 142 633 or email info@fionahanson.com&quot;,&quot;created_timestamp&quot;:&quot;1343909308&quot;,&quot;copyright&quot;:&quot;Fiona Hanson Copyright 2012&quot;,&quot;focal_length&quot;:&quot;26&quot;,&quot;iso&quot;:&quot;800&quot;,&quot;shutter_speed&quot;:&quot;0.0125&quot;,&quot;title&quot;:&quot;&quot;}\" data-image-title=\"COC-1r\" data-image-description=\"&lt;p&gt;Photo du CP par Fiona Hanson&lt;\/p&gt; \" data-medium-file=\"https:\/\/preprod.olympic.ca\/olympique\/wp-content\/uploads\/sites\/2\/2012\/08\/coc-1r56.jpg?quality=100&#038;w=530\" data-large-file=\"https:\/\/preprod.olympic.ca\/olympique\/wp-content\/uploads\/sites\/2\/2012\/08\/coc-1r56.jpg?quality=100&#038;w=720\" src=\"https:\/\/preprod.olympic.ca\/olympique\/wp-content\/uploads\/sites\/2\/2012\/08\/coc-1r56.jpg?quality=100&#038;w=448&#038;h=314&#038;strip&#038;resize=448%2C314\" srcset=\"https:\/\/preprod.olympic.ca\/olympique\/wp-content\/uploads\/sites\/2\/2012\/08\/coc-1r56.jpg 720w, https:\/\/preprod.olympic.ca\/olympique\/wp-content\/uploads\/sites\/2\/2012\/08\/coc-1r56.jpg?resize=226,158 226w, https:\/\/preprod.olympic.ca\/olympique\/wp-content\/uploads\/sites\/2\/2012\/08\/coc-1r56.jpg?resize=530,371 530w\" width=\"448\" height=\"314\" loading=\"lazy\" data-original-width=\"448\" data-original-height=\"314\" itemprop=\"http:\/\/schema.org\/image\" title=\"COC-1r\" alt=\"Photo du CP par Fiona Hanson\" style=\"width: 448px; height: 314px;\" \/> <\/a> <div class=\"tiled-gallery-caption\" itemprop=\"caption description\"> Photo du CP par Fiona Hanson <\/div> <\/div> <div class=\"tiled-gallery-item tiled-gallery-item-large\" itemprop=\"associatedMedia\" itemscope itemtype=\"http:\/\/schema.org\/ImageObject\"> <a href=\"https:\/\/preprod.olympic.ca\/olympique\/wp-content\/uploads\/sites\/2\/2012\/08\/jr051july3016.jpg?quality=100&#038;strip\" border=\"0\" itemprop=\"url\"> <meta itemprop=\"width\" content=\"448\"> <meta itemprop=\"height\" content=\"290\"> <img decoding=\"async\" data-recalc-dims=\"1\" class=\"\" data-attachment-id=\"41981\" data-orig-file=\"https:\/\/preprod.olympic.ca\/olympique\/wp-content\/uploads\/sites\/2\/2012\/08\/jr051july3016.jpg?quality=100\" data-orig-size=\"1080,699\" data-comments-opened=\"1\" data-image-meta=\"{&quot;aperture&quot;:&quot;0&quot;,&quot;credit&quot;:&quot;The Canadian Press Images&quot;,&quot;camera&quot;:&quot;&quot;,&quot;caption&quot;:&quot;A fan rallies the Canadians in the crowd as Archer Crispin Duenas takes on Ahmed El-Nemr of Egypt, during head-to-head eliminations at the 2012 London Olympics, on July 30, 2012. Duenas lost three sets to one and is out of the competition. THE CANADIAN PRESS\\\/HO, COC - Jason Ransom&quot;,&quot;created_timestamp&quot;:&quot;1343675815&quot;,&quot;copyright&quot;:&quot;Jason Ransom&quot;,&quot;focal_length&quot;:&quot;0&quot;,&quot;iso&quot;:&quot;0&quot;,&quot;shutter_speed&quot;:&quot;0&quot;,&quot;title&quot;:&quot;OLY COC London 2012&quot;}\" data-image-title=\"OLY COC London 2012\" data-image-description=\"&lt;p&gt;Photo du COC par Jason Ransom&lt;\/p&gt; \" data-medium-file=\"https:\/\/preprod.olympic.ca\/olympique\/wp-content\/uploads\/sites\/2\/2012\/08\/jr051july3016.jpg?quality=100&#038;w=573\" data-large-file=\"https:\/\/preprod.olympic.ca\/olympique\/wp-content\/uploads\/sites\/2\/2012\/08\/jr051july3016.jpg?quality=100&#038;w=1080\" src=\"https:\/\/preprod.olympic.ca\/olympique\/wp-content\/uploads\/sites\/2\/2012\/08\/jr051july3016.jpg?quality=100&#038;w=448&#038;h=290&#038;strip&#038;resize=448%2C290\" srcset=\"https:\/\/preprod.olympic.ca\/olympique\/wp-content\/uploads\/sites\/2\/2012\/08\/jr051july3016.jpg 1080w, https:\/\/preprod.olympic.ca\/olympique\/wp-content\/uploads\/sites\/2\/2012\/08\/jr051july3016.jpg?resize=244,158 244w, https:\/\/preprod.olympic.ca\/olympique\/wp-content\/uploads\/sites\/2\/2012\/08\/jr051july3016.jpg?resize=573,371 573w, https:\/\/preprod.olympic.ca\/olympique\/wp-content\/uploads\/sites\/2\/2012\/08\/jr051july3016.jpg?resize=768,497 768w\" width=\"448\" height=\"290\" loading=\"lazy\" data-original-width=\"448\" data-original-height=\"290\" itemprop=\"http:\/\/schema.org\/image\" title=\"OLY COC London 2012\" alt=\"Photo du COC par Jason Ransom\" style=\"width: 448px; height: 290px;\" \/> <\/a> <div class=\"tiled-gallery-caption\" itemprop=\"caption description\"> Photo du COC par Jason Ransom <\/div> <\/div> <\/div> <!-- close group --> <\/div> <!-- close row --> <div class=\"gallery-row\" style=\"width: 1360px; height: 705px;\" data-original-width=\"1360\" data-original-height=\"705\" > <div class=\"gallery-group images-1\" style=\"width: 850px; height: 705px;\" data-original-width=\"850\" data-original-height=\"705\" > <div class=\"tiled-gallery-item tiled-gallery-item-large\" itemprop=\"associatedMedia\" itemscope itemtype=\"http:\/\/schema.org\/ImageObject\"> <a href=\"https:\/\/preprod.olympic.ca\/olympique\/wp-content\/uploads\/sites\/2\/2012\/08\/03076697_coc_web56.jpg?quality=100&#038;strip\" border=\"0\" itemprop=\"url\"> <meta itemprop=\"width\" content=\"846\"> <meta itemprop=\"height\" content=\"701\"> <img decoding=\"async\" data-recalc-dims=\"1\" class=\"\" data-attachment-id=\"41920\" data-orig-file=\"https:\/\/preprod.olympic.ca\/olympique\/wp-content\/uploads\/sites\/2\/2012\/08\/03076697_coc_web56.jpg?quality=100\" data-orig-size=\"718,595\" data-comments-opened=\"1\" data-image-meta=\"{&quot;aperture&quot;:&quot;4&quot;,&quot;credit&quot;:&quot;Mike Ridewood&quot;,&quot;camera&quot;:&quot;Canon EOS-1D Mark IV&quot;,&quot;caption&quot;:&quot;Christine Sinclair (12) of Canada moves the ball against Carli Lloyd of the United States in the women\\u0027s soccer semi-final action in Manchester at the 2012 London Olympics, Monday, Aug. 6, 2012. THE CANADIAN PRESS\\\/HO, COC - Mike Ridewood&quot;,&quot;created_timestamp&quot;:&quot;1344258994&quot;,&quot;copyright&quot;:&quot;&quot;,&quot;focal_length&quot;:&quot;400&quot;,&quot;iso&quot;:&quot;1600&quot;,&quot;shutter_speed&quot;:&quot;0.001&quot;,&quot;title&quot;:&quot;OLY COC London 2012&quot;}\" data-image-title=\"OLY COC London 2012\" data-image-description=\"&lt;p&gt;Photo du COC par Mike Ridewood&lt;\/p&gt; \" data-medium-file=\"https:\/\/preprod.olympic.ca\/olympique\/wp-content\/uploads\/sites\/2\/2012\/08\/03076697_coc_web56.jpg?quality=100&#038;w=448\" data-large-file=\"https:\/\/preprod.olympic.ca\/olympique\/wp-content\/uploads\/sites\/2\/2012\/08\/03076697_coc_web56.jpg?quality=100&#038;w=718\" src=\"https:\/\/preprod.olympic.ca\/olympique\/wp-content\/uploads\/sites\/2\/2012\/08\/03076697_coc_web56.jpg?quality=100&#038;w=846&#038;h=701&#038;strip&#038;resize=846%2C701\" srcset=\"https:\/\/preprod.olympic.ca\/olympique\/wp-content\/uploads\/sites\/2\/2012\/08\/03076697_coc_web56.jpg 718w, https:\/\/preprod.olympic.ca\/olympique\/wp-content\/uploads\/sites\/2\/2012\/08\/03076697_coc_web56.jpg?resize=191,158 191w, https:\/\/preprod.olympic.ca\/olympique\/wp-content\/uploads\/sites\/2\/2012\/08\/03076697_coc_web56.jpg?resize=448,371 448w\" width=\"846\" height=\"701\" loading=\"lazy\" data-original-width=\"846\" data-original-height=\"701\" itemprop=\"http:\/\/schema.org\/image\" title=\"OLY COC London 2012\" alt=\"Photo du COC par Mike Ridewood\" style=\"width: 846px; height: 701px;\" \/> <\/a> <div class=\"tiled-gallery-caption\" itemprop=\"caption description\"> Photo du COC par Mike Ridewood <\/div> <\/div> <\/div> <!-- close group --> <div class=\"gallery-group images-2\" style=\"width: 510px; height: 705px;\" data-original-width=\"510\" data-original-height=\"705\" > <div class=\"tiled-gallery-item tiled-gallery-item-large\" itemprop=\"associatedMedia\" itemscope itemtype=\"http:\/\/schema.org\/ImageObject\"> <a href=\"https:\/\/preprod.olympic.ca\/olympique\/wp-content\/uploads\/sites\/2\/2012\/08\/moose_forweb16.jpg?quality=100&#038;strip\" border=\"0\" itemprop=\"url\"> <meta itemprop=\"width\" content=\"506\"> <meta itemprop=\"height\" content=\"331\"> <img decoding=\"async\" data-recalc-dims=\"1\" class=\"\" data-attachment-id=\"41933\" data-orig-file=\"https:\/\/preprod.olympic.ca\/olympique\/wp-content\/uploads\/sites\/2\/2012\/08\/moose_forweb16.jpg?quality=100\" data-orig-size=\"1122,734\" data-comments-opened=\"1\" data-image-meta=\"{&quot;aperture&quot;:&quot;0&quot;,&quot;credit&quot;:&quot;The Canadian Press Images&quot;,&quot;camera&quot;:&quot;&quot;,&quot;caption&quot;:&quot;A life-size moose stands in front of the Canadian residence in the athletes\\u0027 village at the 2012 London Olympics, on July 26, 2012. THE CANADIAN PRESS\\\/HO, COC - Jason Ransom&quot;,&quot;created_timestamp&quot;:&quot;1343327221&quot;,&quot;copyright&quot;:&quot;&quot;,&quot;focal_length&quot;:&quot;0&quot;,&quot;iso&quot;:&quot;0&quot;,&quot;shutter_speed&quot;:&quot;0&quot;,&quot;title&quot;:&quot;OLY COC London 2012&quot;}\" data-image-title=\"OLY COC London 2012\" data-image-description=\"&lt;p&gt;Photo du COC par Jason Ransom&lt;\/p&gt; \" data-medium-file=\"https:\/\/preprod.olympic.ca\/olympique\/wp-content\/uploads\/sites\/2\/2012\/08\/moose_forweb16.jpg?quality=100&#038;w=567\" data-large-file=\"https:\/\/preprod.olympic.ca\/olympique\/wp-content\/uploads\/sites\/2\/2012\/08\/moose_forweb16.jpg?quality=100&#038;w=1122\" src=\"https:\/\/preprod.olympic.ca\/olympique\/wp-content\/uploads\/sites\/2\/2012\/08\/moose_forweb16.jpg?quality=100&#038;w=506&#038;h=331&#038;strip&#038;resize=506%2C331\" srcset=\"https:\/\/preprod.olympic.ca\/olympique\/wp-content\/uploads\/sites\/2\/2012\/08\/moose_forweb16.jpg 1122w, https:\/\/preprod.olympic.ca\/olympique\/wp-content\/uploads\/sites\/2\/2012\/08\/moose_forweb16.jpg?resize=242,158 242w, https:\/\/preprod.olympic.ca\/olympique\/wp-content\/uploads\/sites\/2\/2012\/08\/moose_forweb16.jpg?resize=567,371 567w, https:\/\/preprod.olympic.ca\/olympique\/wp-content\/uploads\/sites\/2\/2012\/08\/moose_forweb16.jpg?resize=768,502 768w\" width=\"506\" height=\"331\" loading=\"lazy\" data-original-width=\"506\" data-original-height=\"331\" itemprop=\"http:\/\/schema.org\/image\" title=\"OLY COC London 2012\" alt=\"Photo du COC par Jason Ransom\" style=\"width: 506px; height: 331px;\" \/> <\/a> <div class=\"tiled-gallery-caption\" itemprop=\"caption description\"> Photo du COC par Jason Ransom <\/div> <\/div> <div class=\"tiled-gallery-item tiled-gallery-item-large\" itemprop=\"associatedMedia\" itemscope itemtype=\"http:\/\/schema.org\/ImageObject\"> <a href=\"https:\/\/preprod.olympic.ca\/olympique\/wp-content\/uploads\/sites\/2\/2012\/08\/whitfieldflag16.jpg?quality=100&#038;strip\" border=\"0\" itemprop=\"url\"> <meta itemprop=\"width\" content=\"506\"> <meta itemprop=\"height\" content=\"366\"> <img decoding=\"async\" data-recalc-dims=\"1\" class=\"\" data-attachment-id=\"41932\" data-orig-file=\"https:\/\/preprod.olympic.ca\/olympique\/wp-content\/uploads\/sites\/2\/2012\/08\/whitfieldflag16.jpg?quality=100\" data-orig-size=\"656,474\" data-comments-opened=\"1\" data-image-meta=\"{&quot;aperture&quot;:&quot;11&quot;,&quot;credit&quot;:&quot;FRED CHARTRAND&quot;,&quot;camera&quot;:&quot;Canon EOS 5D Mark II&quot;,&quot;caption&quot;:&quot;Triathlete Simon Whitfield is wrapped in the Canadian Flag after he was named the official flag bearer for Canada at the 2012 London Olympics, on Parliament Hill, Thursday July 12 2012 in Ottawa. THE CANADIAN PRESS\\\/Fred Chartrand&quot;,&quot;created_timestamp&quot;:&quot;1342091206&quot;,&quot;copyright&quot;:&quot;&quot;,&quot;focal_length&quot;:&quot;148&quot;,&quot;iso&quot;:&quot;400&quot;,&quot;shutter_speed&quot;:&quot;0.003125&quot;,&quot;title&quot;:&quot;Flag bearer&quot;}\" data-image-title=\"Flag bearer\" data-image-description=\"&lt;p&gt;Photo du CP par Fred Chartrand&lt;\/p&gt; \" data-medium-file=\"https:\/\/preprod.olympic.ca\/olympique\/wp-content\/uploads\/sites\/2\/2012\/08\/whitfieldflag16.jpg?quality=100&#038;w=513\" data-large-file=\"https:\/\/preprod.olympic.ca\/olympique\/wp-content\/uploads\/sites\/2\/2012\/08\/whitfieldflag16.jpg?quality=100&#038;w=656\" src=\"https:\/\/preprod.olympic.ca\/olympique\/wp-content\/uploads\/sites\/2\/2012\/08\/whitfieldflag16.jpg?quality=100&#038;w=506&#038;h=366&#038;strip&#038;resize=506%2C366\" srcset=\"https:\/\/preprod.olympic.ca\/olympique\/wp-content\/uploads\/sites\/2\/2012\/08\/whitfieldflag16.jpg 656w, https:\/\/preprod.olympic.ca\/olympique\/wp-content\/uploads\/sites\/2\/2012\/08\/whitfieldflag16.jpg?resize=219,158 219w, https:\/\/preprod.olympic.ca\/olympique\/wp-content\/uploads\/sites\/2\/2012\/08\/whitfieldflag16.jpg?resize=513,371 513w\" width=\"506\" height=\"366\" loading=\"lazy\" data-original-width=\"506\" data-original-height=\"366\" itemprop=\"http:\/\/schema.org\/image\" title=\"Flag bearer\" alt=\"Photo du CP par Fred Chartrand\" style=\"width: 506px; height: 366px;\" \/> <\/a> <div class=\"tiled-gallery-caption\" itemprop=\"caption description\"> Photo du CP par Fred Chartrand <\/div> <\/div> <\/div> <!-- close group --> <\/div> <!-- close row --> <div class=\"gallery-row\" style=\"width: 1360px; height: 316px;\" data-original-width=\"1360\" data-original-height=\"316\" > <div class=\"gallery-group images-1\" style=\"width: 456px; height: 316px;\" data-original-width=\"456\" data-original-height=\"316\" > <div class=\"tiled-gallery-item tiled-gallery-item-large\" itemprop=\"associatedMedia\" itemscope itemtype=\"http:\/\/schema.org\/ImageObject\"> <a href=\"https:\/\/preprod.olympic.ca\/olympique\/wp-content\/uploads\/sites\/2\/2012\/08\/jr09316.jpg?quality=100&#038;strip\" border=\"0\" itemprop=\"url\"> <meta itemprop=\"width\" content=\"452\"> <meta itemprop=\"height\" content=\"312\"> <img decoding=\"async\" data-recalc-dims=\"1\" class=\"\" data-attachment-id=\"41975\" data-orig-file=\"https:\/\/preprod.olympic.ca\/olympique\/wp-content\/uploads\/sites\/2\/2012\/08\/jr09316.jpg?quality=100\" data-orig-size=\"1080,746\" data-comments-opened=\"1\" data-image-meta=\"{&quot;aperture&quot;:&quot;0&quot;,&quot;credit&quot;:&quot;The Canadian Press Images&quot;,&quot;camera&quot;:&quot;&quot;,&quot;caption&quot;:&quot;Canada\\u0027s Antoine Valois-Fortier celebrates his win over Euan Burton of Great Britain at the 2012 London Olympics, on July 30, 2012. Valois-Fortier\\u0027s win moves him on to the final 16 competitors in the judo elimination rounds. THE CANADIAN PRESS\\\/HO, COC - Jason Ransom&quot;,&quot;created_timestamp&quot;:&quot;1343749438&quot;,&quot;copyright&quot;:&quot;&quot;,&quot;focal_length&quot;:&quot;0&quot;,&quot;iso&quot;:&quot;0&quot;,&quot;shutter_speed&quot;:&quot;0&quot;,&quot;title&quot;:&quot;OLY COC London 2012&quot;}\" data-image-title=\"OLY COC London 2012\" data-image-description=\"&lt;p&gt;Photo du COC par Jason Ransom&lt;\/p&gt; \" data-medium-file=\"https:\/\/preprod.olympic.ca\/olympique\/wp-content\/uploads\/sites\/2\/2012\/08\/jr09316.jpg?quality=100&#038;w=537\" data-large-file=\"https:\/\/preprod.olympic.ca\/olympique\/wp-content\/uploads\/sites\/2\/2012\/08\/jr09316.jpg?quality=100&#038;w=1080\" src=\"https:\/\/preprod.olympic.ca\/olympique\/wp-content\/uploads\/sites\/2\/2012\/08\/jr09316.jpg?quality=100&#038;w=452&#038;h=312&#038;strip&#038;resize=452%2C312\" srcset=\"https:\/\/preprod.olympic.ca\/olympique\/wp-content\/uploads\/sites\/2\/2012\/08\/jr09316.jpg 1080w, https:\/\/preprod.olympic.ca\/olympique\/wp-content\/uploads\/sites\/2\/2012\/08\/jr09316.jpg?resize=229,158 229w, https:\/\/preprod.olympic.ca\/olympique\/wp-content\/uploads\/sites\/2\/2012\/08\/jr09316.jpg?resize=537,371 537w, https:\/\/preprod.olympic.ca\/olympique\/wp-content\/uploads\/sites\/2\/2012\/08\/jr09316.jpg?resize=768,530 768w\" width=\"452\" height=\"312\" loading=\"lazy\" data-original-width=\"452\" data-original-height=\"312\" itemprop=\"http:\/\/schema.org\/image\" title=\"OLY COC London 2012\" alt=\"Photo du COC par Jason Ransom\" style=\"width: 452px; height: 312px;\" \/> <\/a> <div class=\"tiled-gallery-caption\" itemprop=\"caption description\"> Photo du COC par Jason Ransom <\/div> <\/div> <\/div> <!-- close group --> <div class=\"gallery-group images-1\" style=\"width: 472px; height: 316px;\" data-original-width=\"472\" data-original-height=\"316\" > <div class=\"tiled-gallery-item tiled-gallery-item-large\" itemprop=\"associatedMedia\" itemscope itemtype=\"http:\/\/schema.org\/ImageObject\"> <a href=\"https:\/\/preprod.olympic.ca\/olympique\/wp-content\/uploads\/sites\/2\/2012\/08\/jr556r36.jpg?quality=100&#038;strip\" border=\"0\" itemprop=\"url\"> <meta itemprop=\"width\" content=\"468\"> <meta itemprop=\"height\" content=\"312\"> <img decoding=\"async\" data-recalc-dims=\"1\" class=\"\" data-attachment-id=\"41914\" data-orig-file=\"https:\/\/preprod.olympic.ca\/olympique\/wp-content\/uploads\/sites\/2\/2012\/08\/jr556r36.jpg?quality=100\" data-orig-size=\"1507,1005\" data-comments-opened=\"1\" data-image-meta=\"{&quot;aperture&quot;:&quot;0&quot;,&quot;credit&quot;:&quot;The Canadian Press Images&quot;,&quot;camera&quot;:&quot;&quot;,&quot;caption&quot;:&quot;From left: Canada\\u0027s Gavin Smellie; Oluseyi Smith; Justyn Warner and Jared Connaughton, look up at the replay of the race on the big screen following the men\\u0027s 4 x 100m relay at the 2012 London Olympics, August 11, 2012. Canada was disqualified. THE CANADIAN PRESS\\\/HO, COC - Jason Ransom&quot;,&quot;created_timestamp&quot;:&quot;1344733453&quot;,&quot;copyright&quot;:&quot;Jason Ransom&quot;,&quot;focal_length&quot;:&quot;0&quot;,&quot;iso&quot;:&quot;0&quot;,&quot;shutter_speed&quot;:&quot;0&quot;,&quot;title&quot;:&quot;OLY COC London 2012&quot;}\" data-image-title=\"OLY COC London 2012\" data-image-description=\"&lt;p&gt;Photo du COC par Jason Ransom&lt;\/p&gt; \" data-medium-file=\"https:\/\/preprod.olympic.ca\/olympique\/wp-content\/uploads\/sites\/2\/2012\/08\/jr556r36.jpg?quality=100&#038;w=556\" data-large-file=\"https:\/\/preprod.olympic.ca\/olympique\/wp-content\/uploads\/sites\/2\/2012\/08\/jr556r36.jpg?quality=100&#038;w=1131\" src=\"https:\/\/preprod.olympic.ca\/olympique\/wp-content\/uploads\/sites\/2\/2012\/08\/jr556r36.jpg?quality=100&#038;w=468&#038;h=312&#038;strip&#038;resize=468%2C312\" srcset=\"https:\/\/preprod.olympic.ca\/olympique\/wp-content\/uploads\/sites\/2\/2012\/08\/jr556r36.jpg 1507w, https:\/\/preprod.olympic.ca\/olympique\/wp-content\/uploads\/sites\/2\/2012\/08\/jr556r36.jpg?resize=237,158 237w, https:\/\/preprod.olympic.ca\/olympique\/wp-content\/uploads\/sites\/2\/2012\/08\/jr556r36.jpg?resize=556,371 556w, https:\/\/preprod.olympic.ca\/olympique\/wp-content\/uploads\/sites\/2\/2012\/08\/jr556r36.jpg?resize=768,512 768w, https:\/\/preprod.olympic.ca\/olympique\/wp-content\/uploads\/sites\/2\/2012\/08\/jr556r36.jpg?resize=1131,754 1131w\" width=\"468\" height=\"312\" loading=\"lazy\" data-original-width=\"468\" data-original-height=\"312\" itemprop=\"http:\/\/schema.org\/image\" title=\"OLY COC London 2012\" alt=\"Photo du COC par Jason Ransom\" style=\"width: 468px; height: 312px;\" \/> <\/a> <div class=\"tiled-gallery-caption\" itemprop=\"caption description\"> Photo du COC par Jason Ransom <\/div> <\/div> <\/div> <!-- close group --> <div class=\"gallery-group images-1\" style=\"width: 432px; height: 316px;\" data-original-width=\"432\" data-original-height=\"316\" > <div class=\"tiled-gallery-item tiled-gallery-item-large\" itemprop=\"associatedMedia\" itemscope itemtype=\"http:\/\/schema.org\/ImageObject\"> <a href=\"https:\/\/preprod.olympic.ca\/olympique\/wp-content\/uploads\/sites\/2\/2012\/08\/synchro1r26.jpg?quality=100&#038;strip\" border=\"0\" itemprop=\"url\"> <meta itemprop=\"width\" content=\"428\"> <meta itemprop=\"height\" content=\"312\"> <img decoding=\"async\" data-recalc-dims=\"1\" class=\"\" data-attachment-id=\"41940\" data-orig-file=\"https:\/\/preprod.olympic.ca\/olympique\/wp-content\/uploads\/sites\/2\/2012\/08\/synchro1r26.jpg?quality=100\" data-orig-size=\"720,526\" data-comments-opened=\"1\" data-image-meta=\"{&quot;aperture&quot;:&quot;4&quot;,&quot;credit&quot;:&quot;Mike Ridewood&quot;,&quot;camera&quot;:&quot;Canon EOS-1D Mark IV&quot;,&quot;caption&quot;:&quot;Marie-Pier Boudreau-Gagnon (right) and Elise Marcotte, both of Montreal, in the synchronized swimming duet technical routine at the 2012 London Olympics, Sunday, Aug. 5, 2012. THE CANADIAN PRESS\\\/HO, COC - Mike Ridewood&quot;,&quot;created_timestamp&quot;:&quot;1344156679&quot;,&quot;copyright&quot;:&quot;&quot;,&quot;focal_length&quot;:&quot;400&quot;,&quot;iso&quot;:&quot;1600&quot;,&quot;shutter_speed&quot;:&quot;0.001&quot;,&quot;title&quot;:&quot;OLY COC London 2012&quot;}\" data-image-title=\"OLY COC London 2012\" data-image-description=\"&lt;p&gt;Photo du COC par Mike Ridewood&lt;\/p&gt; \" data-medium-file=\"https:\/\/preprod.olympic.ca\/olympique\/wp-content\/uploads\/sites\/2\/2012\/08\/synchro1r26.jpg?quality=100&#038;w=508\" data-large-file=\"https:\/\/preprod.olympic.ca\/olympique\/wp-content\/uploads\/sites\/2\/2012\/08\/synchro1r26.jpg?quality=100&#038;w=720\" src=\"https:\/\/preprod.olympic.ca\/olympique\/wp-content\/uploads\/sites\/2\/2012\/08\/synchro1r26.jpg?quality=100&#038;w=428&#038;h=312&#038;strip&#038;resize=428%2C312\" srcset=\"https:\/\/preprod.olympic.ca\/olympique\/wp-content\/uploads\/sites\/2\/2012\/08\/synchro1r26.jpg 720w, https:\/\/preprod.olympic.ca\/olympique\/wp-content\/uploads\/sites\/2\/2012\/08\/synchro1r26.jpg?resize=216,158 216w, https:\/\/preprod.olympic.ca\/olympique\/wp-content\/uploads\/sites\/2\/2012\/08\/synchro1r26.jpg?resize=508,371 508w\" width=\"428\" height=\"312\" loading=\"lazy\" data-original-width=\"428\" data-original-height=\"312\" itemprop=\"http:\/\/schema.org\/image\" title=\"OLY COC London 2012\" alt=\"Photo du COC par Mike Ridewood\" style=\"width: 428px; height: 312px;\" \/> <\/a> <div class=\"tiled-gallery-caption\" itemprop=\"caption description\"> Photo du COC par Mike Ridewood <\/div> <\/div> <\/div> <!-- close group --> <\/div> <!-- close row --> <div class=\"gallery-row\" style=\"width: 1360px; height: 939px;\" data-original-width=\"1360\" data-original-height=\"939\" > <div class=\"gallery-group images-2\" style=\"width: 732px; height: 939px;\" data-original-width=\"732\" data-original-height=\"939\" > <div class=\"tiled-gallery-item tiled-gallery-item-large\" itemprop=\"associatedMedia\" itemscope itemtype=\"http:\/\/schema.org\/ImageObject\"> <a href=\"https:\/\/preprod.olympic.ca\/olympique\/wp-content\/uploads\/sites\/2\/2012\/08\/03093612_coc_forweb36.jpg?quality=100&#038;strip\" border=\"0\" itemprop=\"url\"> <meta itemprop=\"width\" content=\"728\"> <meta itemprop=\"height\" content=\"504\"> <img decoding=\"async\" data-recalc-dims=\"1\" class=\"\" data-attachment-id=\"41944\" data-orig-file=\"https:\/\/preprod.olympic.ca\/olympique\/wp-content\/uploads\/sites\/2\/2012\/08\/03093612_coc_forweb36.jpg?quality=100\" data-orig-size=\"930,644\" data-comments-opened=\"1\" data-image-meta=\"{&quot;aperture&quot;:&quot;4&quot;,&quot;credit&quot;:&quot;Mike Ridewood&quot;,&quot;camera&quot;:&quot;Canon EOS-1D Mark IV&quot;,&quot;caption&quot;:&quot;Diana Matheson of Canada celebrates her game winner against France in the bronze medal football match in Coventry at the 2012 London Olympics, Thursday, Aug. 9, 2012. THE CANADIAN PRESS\\\/HO, COC - Mike Ridewood&quot;,&quot;created_timestamp&quot;:&quot;1344498470&quot;,&quot;copyright&quot;:&quot;&quot;,&quot;focal_length&quot;:&quot;400&quot;,&quot;iso&quot;:&quot;400&quot;,&quot;shutter_speed&quot;:&quot;0.0008&quot;,&quot;title&quot;:&quot;OLY COC London 2012&quot;}\" data-image-title=\"OLY COC London 2012\" data-image-description=\"&lt;p&gt;Photo du COC par Mike Ridewood&lt;\/p&gt; \" data-medium-file=\"https:\/\/preprod.olympic.ca\/olympique\/wp-content\/uploads\/sites\/2\/2012\/08\/03093612_coc_forweb36.jpg?quality=100&#038;w=536\" data-large-file=\"https:\/\/preprod.olympic.ca\/olympique\/wp-content\/uploads\/sites\/2\/2012\/08\/03093612_coc_forweb36.jpg?quality=100&#038;w=930\" src=\"https:\/\/preprod.olympic.ca\/olympique\/wp-content\/uploads\/sites\/2\/2012\/08\/03093612_coc_forweb36.jpg?quality=100&#038;w=728&#038;h=504&#038;strip&#038;resize=728%2C504\" srcset=\"https:\/\/preprod.olympic.ca\/olympique\/wp-content\/uploads\/sites\/2\/2012\/08\/03093612_coc_forweb36.jpg 930w, https:\/\/preprod.olympic.ca\/olympique\/wp-content\/uploads\/sites\/2\/2012\/08\/03093612_coc_forweb36.jpg?resize=228,158 228w, https:\/\/preprod.olympic.ca\/olympique\/wp-content\/uploads\/sites\/2\/2012\/08\/03093612_coc_forweb36.jpg?resize=536,371 536w, https:\/\/preprod.olympic.ca\/olympique\/wp-content\/uploads\/sites\/2\/2012\/08\/03093612_coc_forweb36.jpg?resize=768,532 768w\" width=\"728\" height=\"504\" loading=\"lazy\" data-original-width=\"728\" data-original-height=\"504\" itemprop=\"http:\/\/schema.org\/image\" title=\"OLY COC London 2012\" alt=\"Photo du COC par Mike Ridewood\" style=\"width: 728px; height: 504px;\" \/> <\/a> <div class=\"tiled-gallery-caption\" itemprop=\"caption description\"> Photo du COC par Mike Ridewood <\/div> <\/div> <div class=\"tiled-gallery-item tiled-gallery-item-large\" itemprop=\"associatedMedia\" itemscope itemtype=\"http:\/\/schema.org\/ImageObject\"> <a href=\"https:\/\/preprod.olympic.ca\/olympique\/wp-content\/uploads\/sites\/2\/2012\/08\/03101168r26.jpg?quality=100&#038;strip\" border=\"0\" itemprop=\"url\"> <meta itemprop=\"width\" content=\"728\"> <meta itemprop=\"height\" content=\"427\"> <img decoding=\"async\" data-recalc-dims=\"1\" class=\"\" data-attachment-id=\"41925\" data-orig-file=\"https:\/\/preprod.olympic.ca\/olympique\/wp-content\/uploads\/sites\/2\/2012\/08\/03101168r26.jpg?quality=100\" data-orig-size=\"720,422\" data-comments-opened=\"1\" data-image-meta=\"{&quot;aperture&quot;:&quot;4&quot;,&quot;credit&quot;:&quot;Mike Ridewood&quot;,&quot;camera&quot;:&quot;Canon EOS-1D X&quot;,&quot;caption&quot;:&quot;Canada\\u0027s synchronized swimming team in the final at the 2012 London Olympics, Friday, Aug. 10, 2012. The team is made up of Marie-Pier Boudreau-Gagnon, Stephanie Durocher, Jo-Annie Fortin, Chloe Issac, Stephanie Leclair, Tracy Little, Elise Marcotte and Valerie Welsh.THE CANADIAN PRESS\\\/HO, COC - Mike Ridewood&quot;,&quot;created_timestamp&quot;:&quot;1344612565&quot;,&quot;copyright&quot;:&quot;&quot;,&quot;focal_length&quot;:&quot;200&quot;,&quot;iso&quot;:&quot;1250&quot;,&quot;shutter_speed&quot;:&quot;0.00125&quot;,&quot;title&quot;:&quot;OLY COC London 2012&quot;}\" data-image-title=\"OLY COC London 2012\" data-image-description=\"&lt;p&gt;Photo du COC par Mike Ridewood&lt;\/p&gt; \" data-medium-file=\"https:\/\/preprod.olympic.ca\/olympique\/wp-content\/uploads\/sites\/2\/2012\/08\/03101168r26.jpg?quality=100&#038;w=633\" data-large-file=\"https:\/\/preprod.olympic.ca\/olympique\/wp-content\/uploads\/sites\/2\/2012\/08\/03101168r26.jpg?quality=100&#038;w=720\" src=\"https:\/\/preprod.olympic.ca\/olympique\/wp-content\/uploads\/sites\/2\/2012\/08\/03101168r26.jpg?quality=100&#038;w=728&#038;h=427&#038;strip&#038;resize=728%2C427\" srcset=\"https:\/\/preprod.olympic.ca\/olympique\/wp-content\/uploads\/sites\/2\/2012\/08\/03101168r26.jpg 720w, https:\/\/preprod.olympic.ca\/olympique\/wp-content\/uploads\/sites\/2\/2012\/08\/03101168r26.jpg?resize=270,158 270w, https:\/\/preprod.olympic.ca\/olympique\/wp-content\/uploads\/sites\/2\/2012\/08\/03101168r26.jpg?resize=633,371 633w\" width=\"728\" height=\"427\" loading=\"lazy\" data-original-width=\"728\" data-original-height=\"427\" itemprop=\"http:\/\/schema.org\/image\" title=\"OLY COC London 2012\" alt=\"Photo du COC par Mike Ridewood\" style=\"width: 728px; height: 427px;\" \/> <\/a> <div class=\"tiled-gallery-caption\" itemprop=\"caption description\"> Photo du COC par Mike Ridewood <\/div> <\/div> <\/div> <!-- close group --> <div class=\"gallery-group images-1\" style=\"width: 628px; height: 939px;\" data-original-width=\"628\" data-original-height=\"939\" > <div class=\"tiled-gallery-item tiled-gallery-item-large\" itemprop=\"associatedMedia\" itemscope itemtype=\"http:\/\/schema.org\/ImageObject\"> <a href=\"https:\/\/preprod.olympic.ca\/olympique\/wp-content\/uploads\/sites\/2\/2012\/08\/rosie_coc_gold2r26.jpg?quality=100&#038;strip\" border=\"0\" itemprop=\"url\"> <meta itemprop=\"width\" content=\"624\"> <meta itemprop=\"height\" content=\"935\"> <img decoding=\"async\" data-recalc-dims=\"1\" class=\"\" data-attachment-id=\"41935\" data-orig-file=\"https:\/\/preprod.olympic.ca\/olympique\/wp-content\/uploads\/sites\/2\/2012\/08\/rosie_coc_gold2r26.jpg?quality=100\" data-orig-size=\"480,720\" data-comments-opened=\"1\" data-image-meta=\"{&quot;aperture&quot;:&quot;4&quot;,&quot;credit&quot;:&quot;Mike Ridewood&quot;,&quot;camera&quot;:&quot;Canon EOS 5D Mark II&quot;,&quot;caption&quot;:&quot;Rosannagh MacLennan of Toronto is the gold medalist in the women\\u0027s trampoline at the 2012 London Olympics, Friday, Aug. 3, 2012. THE CANADIAN PRESS\\\/HO, COC - Mike Ridewood&quot;,&quot;created_timestamp&quot;:&quot;1344071152&quot;,&quot;copyright&quot;:&quot;&quot;,&quot;focal_length&quot;:&quot;165&quot;,&quot;iso&quot;:&quot;1600&quot;,&quot;shutter_speed&quot;:&quot;0.002&quot;,&quot;title&quot;:&quot;OLY COC London 2012&quot;}\" data-image-title=\"OLY COC London 2012\" data-image-description=\"&lt;p&gt;Photo du COC par Mike Ridewood&lt;\/p&gt; \" data-medium-file=\"https:\/\/preprod.olympic.ca\/olympique\/wp-content\/uploads\/sites\/2\/2012\/08\/rosie_coc_gold2r26.jpg?quality=100&#038;w=247\" data-large-file=\"https:\/\/preprod.olympic.ca\/olympique\/wp-content\/uploads\/sites\/2\/2012\/08\/rosie_coc_gold2r26.jpg?quality=100&#038;w=480\" src=\"https:\/\/preprod.olympic.ca\/olympique\/wp-content\/uploads\/sites\/2\/2012\/08\/rosie_coc_gold2r26.jpg?quality=100&#038;w=624&#038;h=935&#038;strip&#038;resize=624%2C935\" srcset=\"https:\/\/preprod.olympic.ca\/olympique\/wp-content\/uploads\/sites\/2\/2012\/08\/rosie_coc_gold2r26.jpg 480w, https:\/\/preprod.olympic.ca\/olympique\/wp-content\/uploads\/sites\/2\/2012\/08\/rosie_coc_gold2r26.jpg?resize=105,158 105w, https:\/\/preprod.olympic.ca\/olympique\/wp-content\/uploads\/sites\/2\/2012\/08\/rosie_coc_gold2r26.jpg?resize=247,371 247w\" width=\"624\" height=\"935\" loading=\"lazy\" data-original-width=\"624\" data-original-height=\"935\" itemprop=\"http:\/\/schema.org\/image\" title=\"OLY COC London 2012\" alt=\"Photo du COC par Mike Ridewood\" style=\"width: 624px; height: 935px;\" \/> <\/a> <div class=\"tiled-gallery-caption\" itemprop=\"caption description\"> Photo du COC par Mike Ridewood <\/div> <\/div> <\/div> <!-- close group --> <\/div> <!-- close row --> <div class=\"gallery-row\" style=\"width: 1360px; height: 431px;\" data-original-width=\"1360\" data-original-height=\"431\" > <div class=\"gallery-group images-1\" style=\"width: 348px; height: 431px;\" data-original-width=\"348\" data-original-height=\"431\" > <div class=\"tiled-gallery-item tiled-gallery-item-large\" itemprop=\"associatedMedia\" itemscope itemtype=\"http:\/\/schema.org\/ImageObject\"> <a href=\"https:\/\/preprod.olympic.ca\/olympique\/wp-content\/uploads\/sites\/2\/2012\/08\/jr449r36.jpg?quality=100&#038;strip\" border=\"0\" itemprop=\"url\"> <meta itemprop=\"width\" content=\"344\"> <meta itemprop=\"height\" content=\"427\"> <img decoding=\"async\" data-recalc-dims=\"1\" class=\"\" data-attachment-id=\"41951\" data-orig-file=\"https:\/\/preprod.olympic.ca\/olympique\/wp-content\/uploads\/sites\/2\/2012\/08\/jr449r36.jpg?quality=100\" data-orig-size=\"581,720\" data-comments-opened=\"1\" data-image-meta=\"{&quot;aperture&quot;:&quot;0&quot;,&quot;credit&quot;:&quot;The Canadian Press Images&quot;,&quot;camera&quot;:&quot;&quot;,&quot;caption&quot;:&quot;Canada\\u0027s Derek Drouin is presented his bronze medal for high jump at the 2012 London Olympics, August 8, 2012. Drouin\\u0027s bronze is Canada\\u0027s first medal in the high jump since Greg Joy won silver at the 1976 Montreal Olympics. THE CANADIAN PRESS\\\/HO, COC - Jason Ransom&quot;,&quot;created_timestamp&quot;:&quot;1344470158&quot;,&quot;copyright&quot;:&quot;&quot;,&quot;focal_length&quot;:&quot;0&quot;,&quot;iso&quot;:&quot;0&quot;,&quot;shutter_speed&quot;:&quot;0&quot;,&quot;title&quot;:&quot;OLY COC London 2012&quot;}\" data-image-title=\"OLY COC London 2012\" data-image-description=\"&lt;p&gt;Photo du COC par Jason Ransom&lt;\/p&gt; \" data-medium-file=\"https:\/\/preprod.olympic.ca\/olympique\/wp-content\/uploads\/sites\/2\/2012\/08\/jr449r36.jpg?quality=100&#038;w=299\" data-large-file=\"https:\/\/preprod.olympic.ca\/olympique\/wp-content\/uploads\/sites\/2\/2012\/08\/jr449r36.jpg?quality=100&#038;w=581\" src=\"https:\/\/preprod.olympic.ca\/olympique\/wp-content\/uploads\/sites\/2\/2012\/08\/jr449r36.jpg?quality=100&#038;w=344&#038;h=427&#038;strip&#038;resize=344%2C427\" srcset=\"https:\/\/preprod.olympic.ca\/olympique\/wp-content\/uploads\/sites\/2\/2012\/08\/jr449r36.jpg 581w, https:\/\/preprod.olympic.ca\/olympique\/wp-content\/uploads\/sites\/2\/2012\/08\/jr449r36.jpg?resize=127,158 127w, https:\/\/preprod.olympic.ca\/olympique\/wp-content\/uploads\/sites\/2\/2012\/08\/jr449r36.jpg?resize=299,371 299w\" width=\"344\" height=\"427\" loading=\"lazy\" data-original-width=\"344\" data-original-height=\"427\" itemprop=\"http:\/\/schema.org\/image\" title=\"OLY COC London 2012\" alt=\"Photo du COC par Jason Ransom\" style=\"width: 344px; height: 427px;\" \/> <\/a> <div class=\"tiled-gallery-caption\" itemprop=\"caption description\"> Photo du COC par Jason Ransom <\/div> <\/div> <\/div> <!-- close group --> <div class=\"gallery-group images-1\" style=\"width: 1012px; height: 431px;\" data-original-width=\"1012\" data-original-height=\"431\" > <div class=\"tiled-gallery-item tiled-gallery-item-large\" itemprop=\"associatedMedia\" itemscope itemtype=\"http:\/\/schema.org\/ImageObject\"> <a href=\"https:\/\/preprod.olympic.ca\/olympique\/wp-content\/uploads\/sites\/2\/2012\/08\/dickens_record_forweb-116.jpg?quality=100&#038;strip\" border=\"0\" itemprop=\"url\"> <meta itemprop=\"width\" content=\"1008\"> <meta itemprop=\"height\" content=\"427\"> <img decoding=\"async\" data-recalc-dims=\"1\" class=\"\" data-attachment-id=\"41986\" data-orig-file=\"https:\/\/preprod.olympic.ca\/olympique\/wp-content\/uploads\/sites\/2\/2012\/08\/dickens_record_forweb-116.jpg?quality=100\" data-orig-size=\"708,300\" data-comments-opened=\"1\" data-image-meta=\"{&quot;aperture&quot;:&quot;4&quot;,&quot;credit&quot;:&quot;Sean Kilpatrick&quot;,&quot;camera&quot;:&quot;NIKON D4&quot;,&quot;caption&quot;:&quot;Canada\\u0027s Scott Dickens reacts after his race in the men\\u0027s 100 metre breaststroke heat at the Aquatic Centre in the Olympic Village at the 2012 Summer Olympics in London on Saturday, July 28, 2012. Dickens qualified for the final. THE CANADIAN PRESS\\\/Sean Kilpatrick&quot;,&quot;created_timestamp&quot;:&quot;1343477442&quot;,&quot;copyright&quot;:&quot;&quot;,&quot;focal_length&quot;:&quot;400&quot;,&quot;iso&quot;:&quot;1250&quot;,&quot;shutter_speed&quot;:&quot;0.001&quot;,&quot;title&quot;:&quot;Scott Dickens&quot;}\" data-image-title=\"Scott Dickens\" data-image-description=\"&lt;p&gt;Photo du CP par Sean Kilpatrick&lt;\/p&gt; \" data-medium-file=\"https:\/\/preprod.olympic.ca\/olympique\/wp-content\/uploads\/sites\/2\/2012\/08\/dickens_record_forweb-116.jpg?quality=100&#038;w=660\" data-large-file=\"https:\/\/preprod.olympic.ca\/olympique\/wp-content\/uploads\/sites\/2\/2012\/08\/dickens_record_forweb-116.jpg?quality=100&#038;w=708\" src=\"https:\/\/preprod.olympic.ca\/olympique\/wp-content\/uploads\/sites\/2\/2012\/08\/dickens_record_forweb-116.jpg?quality=100&#038;w=1008&#038;h=427&#038;strip&#038;resize=1008%2C427\" srcset=\"https:\/\/preprod.olympic.ca\/olympique\/wp-content\/uploads\/sites\/2\/2012\/08\/dickens_record_forweb-116.jpg 708w, https:\/\/preprod.olympic.ca\/olympique\/wp-content\/uploads\/sites\/2\/2012\/08\/dickens_record_forweb-116.jpg?resize=280,119 280w, https:\/\/preprod.olympic.ca\/olympique\/wp-content\/uploads\/sites\/2\/2012\/08\/dickens_record_forweb-116.jpg?resize=660,280 660w\" width=\"1008\" height=\"427\" loading=\"lazy\" data-original-width=\"1008\" data-original-height=\"427\" itemprop=\"http:\/\/schema.org\/image\" title=\"Scott Dickens\" alt=\"Photo du CP par Sean Kilpatrick\" style=\"width: 1008px; height: 427px;\" \/> <\/a> <div class=\"tiled-gallery-caption\" itemprop=\"caption description\"> Photo du CP par Sean Kilpatrick <\/div> <\/div> <\/div> <!-- close group --> <\/div> <!-- close row --> <div class=\"gallery-row\" style=\"width: 1360px; height: 573px;\" data-original-width=\"1360\" data-original-height=\"573\" > <div class=\"gallery-group images-1\" style=\"width: 859px; height: 573px;\" data-original-width=\"859\" data-original-height=\"573\" > <div class=\"tiled-gallery-item tiled-gallery-item-large\" itemprop=\"associatedMedia\" itemscope itemtype=\"http:\/\/schema.org\/ImageObject\"> <a href=\"https:\/\/preprod.olympic.ca\/olympique\/wp-content\/uploads\/sites\/2\/2012\/08\/coc-7r36.jpg?quality=100&#038;strip\" border=\"0\" itemprop=\"url\"> <meta itemprop=\"width\" content=\"855\"> <meta itemprop=\"height\" content=\"569\"> <img decoding=\"async\" data-recalc-dims=\"1\" class=\"\" data-attachment-id=\"41960\" data-orig-file=\"https:\/\/preprod.olympic.ca\/olympique\/wp-content\/uploads\/sites\/2\/2012\/08\/coc-7r36.jpg?quality=100\" data-orig-size=\"720,479\" data-comments-opened=\"1\" data-image-meta=\"{&quot;aperture&quot;:&quot;8&quot;,&quot;credit&quot;:&quot;Fiona Hanson&quot;,&quot;camera&quot;:&quot;NIKON D3&quot;,&quot;caption&quot;:&quot;20120802 Copyright image 2012 Prince Harry meets Canadian Olympic medallists,families, officials and ian Olympic Committee members at Canada Olympic House, London.\\n\\n\\n\\nFor photographic enquiries please contact Fiona Hanson on 07710 142633 or email info@fionahanson.com This image is copyright Fiona Hanson2012. This image has been supplied by Fiona Hanson and must be credited Fiona Hanson. This author is is asserting her full Moral rights in relation to the publication of this image. All rights reserved. Rights for transmission of any image or file is not granted or implied. Changing or deleting Copyright information, Design and Patents Act 1988. If you are in any way unsure ofyour right to publish this image please contact Fiona Hanson on +44(0)7710 142 633 or email info@fionahanson.com&quot;,&quot;created_timestamp&quot;:&quot;1343910409&quot;,&quot;copyright&quot;:&quot;Fiona Hanson Copyright 2012&quot;,&quot;focal_length&quot;:&quot;24&quot;,&quot;iso&quot;:&quot;800&quot;,&quot;shutter_speed&quot;:&quot;0.0125&quot;,&quot;title&quot;:&quot;&quot;}\" data-image-title=\"COC-7r\" data-image-description=\"&lt;p&gt;Photo du CP par Fiona Hanson&lt;\/p&gt; \" data-medium-file=\"https:\/\/preprod.olympic.ca\/olympique\/wp-content\/uploads\/sites\/2\/2012\/08\/coc-7r36.jpg?quality=100&#038;w=558\" data-large-file=\"https:\/\/preprod.olympic.ca\/olympique\/wp-content\/uploads\/sites\/2\/2012\/08\/coc-7r36.jpg?quality=100&#038;w=720\" src=\"https:\/\/preprod.olympic.ca\/olympique\/wp-content\/uploads\/sites\/2\/2012\/08\/coc-7r36.jpg?quality=100&#038;w=855&#038;h=569&#038;strip&#038;resize=855%2C569\" srcset=\"https:\/\/preprod.olympic.ca\/olympique\/wp-content\/uploads\/sites\/2\/2012\/08\/coc-7r36.jpg 720w, https:\/\/preprod.olympic.ca\/olympique\/wp-content\/uploads\/sites\/2\/2012\/08\/coc-7r36.jpg?resize=237,158 237w, https:\/\/preprod.olympic.ca\/olympique\/wp-content\/uploads\/sites\/2\/2012\/08\/coc-7r36.jpg?resize=558,371 558w\" width=\"855\" height=\"569\" loading=\"lazy\" data-original-width=\"855\" data-original-height=\"569\" itemprop=\"http:\/\/schema.org\/image\" title=\"COC-7r\" alt=\"Photo du CP par Fiona Hanson\" style=\"width: 855px; height: 569px;\" \/> <\/a> <div class=\"tiled-gallery-caption\" itemprop=\"caption description\"> Photo du CP par Fiona Hanson <\/div> <\/div> <\/div> <!-- close group --> <div class=\"gallery-group images-1\" style=\"width: 501px; height: 573px;\" data-original-width=\"501\" data-original-height=\"573\" > <div class=\"tiled-gallery-item tiled-gallery-item-large\" itemprop=\"associatedMedia\" itemscope itemtype=\"http:\/\/schema.org\/ImageObject\"> <a href=\"https:\/\/preprod.olympic.ca\/olympique\/wp-content\/uploads\/sites\/2\/2012\/08\/03043039_coc46.jpg?quality=100&#038;strip\" border=\"0\" itemprop=\"url\"> <meta itemprop=\"width\" content=\"497\"> <meta itemprop=\"height\" content=\"569\"> <img decoding=\"async\" data-recalc-dims=\"1\" class=\"\" data-attachment-id=\"41964\" data-orig-file=\"https:\/\/preprod.olympic.ca\/olympique\/wp-content\/uploads\/sites\/2\/2012\/08\/03043039_coc46.jpg?quality=100\" data-orig-size=\"606,694\" data-comments-opened=\"1\" data-image-meta=\"{&quot;aperture&quot;:&quot;4.5&quot;,&quot;credit&quot;:&quot;Mike Ridewood&quot;,&quot;camera&quot;:&quot;Canon EOS-1D Mark IV&quot;,&quot;caption&quot;:&quot;Brent Hayden of Vancouver celebrates his bronze medal in men\\u0027s 100-metre freestyle in swimming competition at the 2012 London Olympics, Wednesday, Aug. 1, 2012. THE CANADIAN PRESS\\\/HO, COC - Mike Ridewood&quot;,&quot;created_timestamp&quot;:&quot;1343827600&quot;,&quot;copyright&quot;:&quot;&quot;,&quot;focal_length&quot;:&quot;560&quot;,&quot;iso&quot;:&quot;1600&quot;,&quot;shutter_speed&quot;:&quot;0.00125&quot;,&quot;title&quot;:&quot;OLY COC London 2012&quot;}\" data-image-title=\"OLY COC London 2012\" data-image-description=\"&lt;p&gt;Photo du COC par Mike Ridewood&lt;\/p&gt; \" data-medium-file=\"https:\/\/preprod.olympic.ca\/olympique\/wp-content\/uploads\/sites\/2\/2012\/08\/03043039_coc46.jpg?quality=100&#038;w=324\" data-large-file=\"https:\/\/preprod.olympic.ca\/olympique\/wp-content\/uploads\/sites\/2\/2012\/08\/03043039_coc46.jpg?quality=100&#038;w=606\" src=\"https:\/\/preprod.olympic.ca\/olympique\/wp-content\/uploads\/sites\/2\/2012\/08\/03043039_coc46.jpg?quality=100&#038;w=497&#038;h=569&#038;strip&#038;resize=497%2C569\" srcset=\"https:\/\/preprod.olympic.ca\/olympique\/wp-content\/uploads\/sites\/2\/2012\/08\/03043039_coc46.jpg 606w, https:\/\/preprod.olympic.ca\/olympique\/wp-content\/uploads\/sites\/2\/2012\/08\/03043039_coc46.jpg?resize=138,158 138w, https:\/\/preprod.olympic.ca\/olympique\/wp-content\/uploads\/sites\/2\/2012\/08\/03043039_coc46.jpg?resize=324,371 324w\" width=\"497\" height=\"569\" loading=\"lazy\" data-original-width=\"497\" data-original-height=\"569\" itemprop=\"http:\/\/schema.org\/image\" title=\"OLY COC London 2012\" alt=\"Photo du COC par Mike Ridewood\" style=\"width: 497px; height: 569px;\" \/> <\/a> <div class=\"tiled-gallery-caption\" itemprop=\"caption description\"> Photo du COC par Mike Ridewood <\/div> <\/div> <\/div> <!-- close group --> <\/div> <!-- close row --> <div class=\"gallery-row\" style=\"width: 1360px; height: 928px;\" data-original-width=\"1360\" data-original-height=\"928\" > <div class=\"gallery-group images-1\" style=\"width: 645px; height: 928px;\" data-original-width=\"645\" data-original-height=\"928\" > <div class=\"tiled-gallery-item tiled-gallery-item-large\" itemprop=\"associatedMedia\" itemscope itemtype=\"http:\/\/schema.org\/ImageObject\"> <a href=\"https:\/\/preprod.olympic.ca\/olympique\/wp-content\/uploads\/sites\/2\/2012\/08\/jen_emilie_forweb16.jpg?quality=100&#038;strip\" border=\"0\" itemprop=\"url\"> <meta itemprop=\"width\" content=\"641\"> <meta itemprop=\"height\" content=\"924\"> <img decoding=\"async\" data-recalc-dims=\"1\" class=\"\" data-attachment-id=\"41985\" data-orig-file=\"https:\/\/preprod.olympic.ca\/olympique\/wp-content\/uploads\/sites\/2\/2012\/08\/jen_emilie_forweb16.jpg?quality=100\" data-orig-size=\"623,899\" data-comments-opened=\"1\" data-image-meta=\"{&quot;aperture&quot;:&quot;3.5&quot;,&quot;credit&quot;:&quot;Mike Ridewood&quot;,&quot;camera&quot;:&quot;Canon EOS-1D X&quot;,&quot;caption&quot;:&quot;Emilie Heymans (right) and Jennifer Abel, both of Montreal, take the bronze medal in women\\u0027s Synchronized 3-metre springboard competition at the 2012 London Olympics, on Sunday, July 29, 2012. THE CANADIAN PRESS\\\/HO, COC - Mike Ridewood&quot;,&quot;created_timestamp&quot;:&quot;1343572528&quot;,&quot;copyright&quot;:&quot;&quot;,&quot;focal_length&quot;:&quot;400&quot;,&quot;iso&quot;:&quot;1600&quot;,&quot;shutter_speed&quot;:&quot;0.001&quot;,&quot;title&quot;:&quot;OLY COC London 2012&quot;}\" data-image-title=\"OLY COC London 2012\" data-image-description=\"&lt;p&gt;Photo du COC par Mike Ridewood&lt;\/p&gt; \" data-medium-file=\"https:\/\/preprod.olympic.ca\/olympique\/wp-content\/uploads\/sites\/2\/2012\/08\/jen_emilie_forweb16.jpg?quality=100&#038;w=257\" data-large-file=\"https:\/\/preprod.olympic.ca\/olympique\/wp-content\/uploads\/sites\/2\/2012\/08\/jen_emilie_forweb16.jpg?quality=100&#038;w=523\" src=\"https:\/\/preprod.olympic.ca\/olympique\/wp-content\/uploads\/sites\/2\/2012\/08\/jen_emilie_forweb16.jpg?quality=100&#038;w=641&#038;h=924&#038;strip&#038;resize=641%2C924\" srcset=\"https:\/\/preprod.olympic.ca\/olympique\/wp-content\/uploads\/sites\/2\/2012\/08\/jen_emilie_forweb16.jpg 623w, https:\/\/preprod.olympic.ca\/olympique\/wp-content\/uploads\/sites\/2\/2012\/08\/jen_emilie_forweb16.jpg?resize=109,158 109w, https:\/\/preprod.olympic.ca\/olympique\/wp-content\/uploads\/sites\/2\/2012\/08\/jen_emilie_forweb16.jpg?resize=257,371 257w, https:\/\/preprod.olympic.ca\/olympique\/wp-content\/uploads\/sites\/2\/2012\/08\/jen_emilie_forweb16.jpg?resize=523,754 523w\" width=\"641\" height=\"924\" loading=\"lazy\" data-original-width=\"641\" data-original-height=\"924\" itemprop=\"http:\/\/schema.org\/image\" title=\"OLY COC London 2012\" alt=\"Photo du COC par Mike Ridewood\" style=\"width: 641px; height: 924px;\" \/> <\/a> <div class=\"tiled-gallery-caption\" itemprop=\"caption description\"> Photo du COC par Mike Ridewood <\/div> <\/div> <\/div> <!-- close group --> <div class=\"gallery-group images-2\" style=\"width: 715px; height: 928px;\" data-original-width=\"715\" data-original-height=\"928\" > <div class=\"tiled-gallery-item tiled-gallery-item-large\" itemprop=\"associatedMedia\" itemscope itemtype=\"http:\/\/schema.org\/ImageObject\"> <a href=\"https:\/\/preprod.olympic.ca\/olympique\/wp-content\/uploads\/sites\/2\/2012\/08\/jr157aug146.jpg?quality=100&#038;strip\" border=\"0\" itemprop=\"url\"> <meta itemprop=\"width\" content=\"711\"> <meta itemprop=\"height\" content=\"416\"> <img decoding=\"async\" data-recalc-dims=\"1\" class=\"\" data-attachment-id=\"41968\" data-orig-file=\"https:\/\/preprod.olympic.ca\/olympique\/wp-content\/uploads\/sites\/2\/2012\/08\/jr157aug146.jpg?quality=100\" data-orig-size=\"1066,624\" data-comments-opened=\"1\" data-image-meta=\"{&quot;aperture&quot;:&quot;0&quot;,&quot;credit&quot;:&quot;The Canadian Press Images&quot;,&quot;camera&quot;:&quot;&quot;,&quot;caption&quot;:&quot;Canada\\u0027s men\\u0027s eight rowing team line up for the medal ceremony after winning silver at the 2012 London Olympics, on August 1, 2012. In the photo from left to right are: Gabriel Bergen; Douglas Csima; Rob Gibson; Conlin McCabe; Malcome Howard; Andrew Byrnes; Jeremiah Brown; Will Crothers and Brian Price. THE CANADIAN PRESS\\\/HO, COC - Jason Ransom&quot;,&quot;created_timestamp&quot;:&quot;1343844381&quot;,&quot;copyright&quot;:&quot;&quot;,&quot;focal_length&quot;:&quot;0&quot;,&quot;iso&quot;:&quot;0&quot;,&quot;shutter_speed&quot;:&quot;0&quot;,&quot;title&quot;:&quot;OLY COC London 2012&quot;}\" data-image-title=\"OLY COC London 2012\" data-image-description=\"&lt;p&gt;Photo du COC par Jason Ransom&lt;\/p&gt; \" data-medium-file=\"https:\/\/preprod.olympic.ca\/olympique\/wp-content\/uploads\/sites\/2\/2012\/08\/jr157aug146.jpg?quality=100&#038;w=634\" data-large-file=\"https:\/\/preprod.olympic.ca\/olympique\/wp-content\/uploads\/sites\/2\/2012\/08\/jr157aug146.jpg?quality=100&#038;w=1066\" src=\"https:\/\/preprod.olympic.ca\/olympique\/wp-content\/uploads\/sites\/2\/2012\/08\/jr157aug146.jpg?quality=100&#038;w=711&#038;h=416&#038;strip&#038;resize=711%2C416\" srcset=\"https:\/\/preprod.olympic.ca\/olympique\/wp-content\/uploads\/sites\/2\/2012\/08\/jr157aug146.jpg 1066w, https:\/\/preprod.olympic.ca\/olympique\/wp-content\/uploads\/sites\/2\/2012\/08\/jr157aug146.jpg?resize=270,158 270w, https:\/\/preprod.olympic.ca\/olympique\/wp-content\/uploads\/sites\/2\/2012\/08\/jr157aug146.jpg?resize=634,371 634w, https:\/\/preprod.olympic.ca\/olympique\/wp-content\/uploads\/sites\/2\/2012\/08\/jr157aug146.jpg?resize=768,450 768w\" width=\"711\" height=\"416\" loading=\"lazy\" data-original-width=\"711\" data-original-height=\"416\" itemprop=\"http:\/\/schema.org\/image\" title=\"OLY COC London 2012\" alt=\"Photo du COC par Jason Ransom\" style=\"width: 711px; height: 416px;\" \/> <\/a> <div class=\"tiled-gallery-caption\" itemprop=\"caption description\"> Photo du COC par Jason Ransom <\/div> <\/div> <div class=\"tiled-gallery-item tiled-gallery-item-large\" itemprop=\"associatedMedia\" itemscope itemtype=\"http:\/\/schema.org\/ImageObject\"> <a href=\"https:\/\/preprod.olympic.ca\/olympique\/wp-content\/uploads\/sites\/2\/2012\/08\/03101175r26.jpg?quality=100&#038;strip\" border=\"0\" itemprop=\"url\"> <meta itemprop=\"width\" content=\"711\"> <meta itemprop=\"height\" content=\"504\"> <img decoding=\"async\" data-recalc-dims=\"1\" class=\"\" data-attachment-id=\"41924\" data-orig-file=\"https:\/\/preprod.olympic.ca\/olympique\/wp-content\/uploads\/sites\/2\/2012\/08\/03101175r26.jpg?quality=100\" data-orig-size=\"720,510\" data-comments-opened=\"1\" data-image-meta=\"{&quot;aperture&quot;:&quot;4&quot;,&quot;credit&quot;:&quot;Mike Ridewood&quot;,&quot;camera&quot;:&quot;Canon EOS-1D X&quot;,&quot;caption&quot;:&quot;Canada\\u0027s synchronized swimming team in the final at the 2012 London Olympics, Friday, Aug. 10, 2012. The team is made up of Marie-Pier Boudreau-Gagnon, Stephanie Durocher, Jo-Annie Fortin, Chloe Issac, Stephanie Leclair, Tracy Little, Elise Marcotte and Valerie Welsh.THE CANADIAN PRESS\\\/HO, COC - Mike Ridewood&quot;,&quot;created_timestamp&quot;:&quot;1344612512&quot;,&quot;copyright&quot;:&quot;&quot;,&quot;focal_length&quot;:&quot;200&quot;,&quot;iso&quot;:&quot;1250&quot;,&quot;shutter_speed&quot;:&quot;0.00125&quot;,&quot;title&quot;:&quot;OLY COC London 2012&quot;}\" data-image-title=\"OLY COC London 2012\" data-image-description=\"&lt;p&gt;Photo du COC par Mike Ridewood&lt;\/p&gt; \" data-medium-file=\"https:\/\/preprod.olympic.ca\/olympique\/wp-content\/uploads\/sites\/2\/2012\/08\/03101175r26.jpg?quality=100&#038;w=524\" data-large-file=\"https:\/\/preprod.olympic.ca\/olympique\/wp-content\/uploads\/sites\/2\/2012\/08\/03101175r26.jpg?quality=100&#038;w=720\" src=\"https:\/\/preprod.olympic.ca\/olympique\/wp-content\/uploads\/sites\/2\/2012\/08\/03101175r26.jpg?quality=100&#038;w=711&#038;h=504&#038;strip&#038;resize=711%2C504\" srcset=\"https:\/\/preprod.olympic.ca\/olympique\/wp-content\/uploads\/sites\/2\/2012\/08\/03101175r26.jpg 720w, https:\/\/preprod.olympic.ca\/olympique\/wp-content\/uploads\/sites\/2\/2012\/08\/03101175r26.jpg?resize=223,158 223w, https:\/\/preprod.olympic.ca\/olympique\/wp-content\/uploads\/sites\/2\/2012\/08\/03101175r26.jpg?resize=524,371 524w\" width=\"711\" height=\"504\" loading=\"lazy\" data-original-width=\"711\" data-original-height=\"504\" itemprop=\"http:\/\/schema.org\/image\" title=\"OLY COC London 2012\" alt=\"Photo du COC par Mike Ridewood\" style=\"width: 711px; height: 504px;\" \/> <\/a> <div class=\"tiled-gallery-caption\" itemprop=\"caption description\"> Photo du COC par Mike Ridewood <\/div> <\/div> <\/div> <!-- close group --> <\/div> <!-- close row --> <\/div>\n","protected":false},"excerpt":{"rendered":"<p>Le 7 f\u00e9vrier 2014 est encercl\u00e9 dans plusieurs calendriers. Le jour, empreint de magie olympique, o\u00f9 la vasque olympique sera&#8230;<\/p>\n","protected":false},"author":52435436,"featured_media":41937,"comment_status":"open","ping_status":"open","sticky":false,"template":"","format":"standard","meta":{"_acf_changed":false,"_jetpack_memberships_contains_paid_content":false,"footnotes":""},"categories":[23939911],"tags":[],"post_format":"standard","sport":[],"game":[],"coauthors":[187838302],"class_list":["post-41903","post","type-post","status-publish","format-standard","has-post-thumbnail","hentry","category-uncategorized-fr"],"acf":[],"yoast_head":"<!-- This site is optimized with the Yoast SEO plugin v27.3 - https:\/\/yoast.com\/product\/yoast-seo-wordpress\/ -->\n<title>La cr\u00e9ation de moments magiques - \u00c9quipe Canada | Site officiel de l&#039;\u00e9quipe olympique<\/title>\n<meta name=\"robots\" content=\"index, follow, max-snippet:-1, max-image-preview:large, max-video-preview:-1\" \/>\n<link rel=\"canonical\" href=\"https:\/\/preprod.olympic.ca\/olympique\/2012\/08\/24\/la-creation-de-moments-magiques\/\" \/>\n<meta property=\"og:locale\" content=\"fr_FR\" \/>\n<meta property=\"og:type\" content=\"article\" \/>\n<meta property=\"og:title\" content=\"La cr\u00e9ation de moments magiques - \u00c9quipe Canada | Site officiel de l&#039;\u00e9quipe olympique\" \/>\n<meta property=\"og:description\" content=\"Le 7 f\u00e9vrier 2014 est encercl\u00e9 dans plusieurs calendriers. Le jour, empreint de magie olympique, o\u00f9 la vasque olympique sera...\" \/>\n<meta property=\"og:url\" content=\"https:\/\/preprod.olympic.ca\/olympique\/2012\/08\/24\/la-creation-de-moments-magiques\/\" \/>\n<meta property=\"og:site_name\" content=\"\u00c9quipe Canada | Site officiel de l&#039;\u00e9quipe olympique\" \/>\n<meta property=\"article:published_time\" content=\"2012-08-24T13:22:01+00:00\" \/>\n<meta property=\"og:image\" content=\"https:\/\/preprod.olympic.ca\/olympique\/wp-content\/uploads\/sites\/2\/2012\/08\/rosie_coc_e26.jpg?quality=100\" \/>\n\t<meta property=\"og:image:width\" content=\"3734\" \/>\n\t<meta property=\"og:image:height\" content=\"2329\" \/>\n\t<meta property=\"og:image:type\" content=\"image\/jpeg\" \/>\n<meta name=\"author\" content=\"Mark Nadolny\" \/>\n<meta name=\"twitter:card\" content=\"summary_large_image\" \/>\n<meta name=\"twitter:label1\" content=\"Written by\" \/>\n\t<meta name=\"twitter:data1\" content=\"Mark Nadolny\" \/>\n\t<meta name=\"twitter:label2\" content=\"Est. reading time\" \/>\n\t<meta name=\"twitter:data2\" content=\"2 minutes\" \/>\n<script type=\"application\/ld+json\" class=\"yoast-schema-graph\">{\"@context\":\"https:\\\/\\\/schema.org\",\"@graph\":[{\"@type\":\"Article\",\"@id\":\"https:\\\/\\\/preprod.olympic.ca\\\/olympique\\\/2012\\\/08\\\/24\\\/la-creation-de-moments-magiques\\\/#article\",\"isPartOf\":{\"@id\":\"https:\\\/\\\/preprod.olympic.ca\\\/olympique\\\/2012\\\/08\\\/24\\\/la-creation-de-moments-magiques\\\/\"},\"author\":{\"name\":\"Mark Nadolny\",\"@id\":\"https:\\\/\\\/preprod.olympic.ca\\\/olympique\\\/#\\\/schema\\\/person\\\/71d340cc825e058ae525fc2765f7c7ae\"},\"headline\":\"La cr\u00e9ation de moments magiques\",\"datePublished\":\"2012-08-24T13:22:01+00:00\",\"mainEntityOfPage\":{\"@id\":\"https:\\\/\\\/preprod.olympic.ca\\\/olympique\\\/2012\\\/08\\\/24\\\/la-creation-de-moments-magiques\\\/\"},\"wordCount\":424,\"commentCount\":0,\"image\":{\"@id\":\"https:\\\/\\\/preprod.olympic.ca\\\/olympique\\\/2012\\\/08\\\/24\\\/la-creation-de-moments-magiques\\\/#primaryimage\"},\"thumbnailUrl\":\"https:\\\/\\\/preprod.olympic.ca\\\/olympique\\\/wp-content\\\/uploads\\\/sites\\\/2\\\/2012\\\/08\\\/rosie_coc_e26.jpg?quality=100\",\"articleSection\":[\"Uncategorized @fr\"],\"inLanguage\":\"fr-FR\",\"potentialAction\":[{\"@type\":\"CommentAction\",\"name\":\"Comment\",\"target\":[\"https:\\\/\\\/preprod.olympic.ca\\\/olympique\\\/2012\\\/08\\\/24\\\/la-creation-de-moments-magiques\\\/#respond\"]}]},{\"@type\":\"WebPage\",\"@id\":\"https:\\\/\\\/preprod.olympic.ca\\\/olympique\\\/2012\\\/08\\\/24\\\/la-creation-de-moments-magiques\\\/\",\"url\":\"https:\\\/\\\/preprod.olympic.ca\\\/olympique\\\/2012\\\/08\\\/24\\\/la-creation-de-moments-magiques\\\/\",\"name\":\"La cr\u00e9ation de moments magiques - \u00c9quipe Canada | Site officiel de l&#039;\u00e9quipe olympique\",\"isPartOf\":{\"@id\":\"https:\\\/\\\/preprod.olympic.ca\\\/olympique\\\/#website\"},\"primaryImageOfPage\":{\"@id\":\"https:\\\/\\\/preprod.olympic.ca\\\/olympique\\\/2012\\\/08\\\/24\\\/la-creation-de-moments-magiques\\\/#primaryimage\"},\"image\":{\"@id\":\"https:\\\/\\\/preprod.olympic.ca\\\/olympique\\\/2012\\\/08\\\/24\\\/la-creation-de-moments-magiques\\\/#primaryimage\"},\"thumbnailUrl\":\"https:\\\/\\\/preprod.olympic.ca\\\/olympique\\\/wp-content\\\/uploads\\\/sites\\\/2\\\/2012\\\/08\\\/rosie_coc_e26.jpg?quality=100\",\"datePublished\":\"2012-08-24T13:22:01+00:00\",\"author\":{\"@id\":\"https:\\\/\\\/preprod.olympic.ca\\\/olympique\\\/#\\\/schema\\\/person\\\/71d340cc825e058ae525fc2765f7c7ae\"},\"inLanguage\":\"fr-FR\",\"potentialAction\":[{\"@type\":\"ReadAction\",\"target\":[\"https:\\\/\\\/preprod.olympic.ca\\\/olympique\\\/2012\\\/08\\\/24\\\/la-creation-de-moments-magiques\\\/\"]}]},{\"@type\":\"ImageObject\",\"inLanguage\":\"fr-FR\",\"@id\":\"https:\\\/\\\/preprod.olympic.ca\\\/olympique\\\/2012\\\/08\\\/24\\\/la-creation-de-moments-magiques\\\/#primaryimage\",\"url\":\"https:\\\/\\\/preprod.olympic.ca\\\/olympique\\\/wp-content\\\/uploads\\\/sites\\\/2\\\/2012\\\/08\\\/rosie_coc_e26.jpg?quality=100\",\"contentUrl\":\"https:\\\/\\\/preprod.olympic.ca\\\/olympique\\\/wp-content\\\/uploads\\\/sites\\\/2\\\/2012\\\/08\\\/rosie_coc_e26.jpg?quality=100\",\"width\":3734,\"height\":2329,\"caption\":\"Photo du COC par Mike Ridewood\"},{\"@type\":\"WebSite\",\"@id\":\"https:\\\/\\\/preprod.olympic.ca\\\/olympique\\\/#website\",\"url\":\"https:\\\/\\\/preprod.olympic.ca\\\/olympique\\\/\",\"name\":\"\u00c9quipe Canada | Site officiel de l&#039;\u00e9quipe olympique\",\"description\":\"Votre source pour l\u2019\u00c9quipe olympique canadienne. Retrouvez les r\u00e9cits, vid\u00e9os et photos des athl\u00e8tes canadiens, sports olympiques, Jeux olympiques de 2020 et bien plus!\",\"potentialAction\":[{\"@type\":\"SearchAction\",\"target\":{\"@type\":\"EntryPoint\",\"urlTemplate\":\"https:\\\/\\\/preprod.olympic.ca\\\/olympique\\\/?s={search_term_string}\"},\"query-input\":{\"@type\":\"PropertyValueSpecification\",\"valueRequired\":true,\"valueName\":\"search_term_string\"}}],\"inLanguage\":\"fr-FR\"},{\"@type\":\"Person\",\"@id\":\"https:\\\/\\\/preprod.olympic.ca\\\/olympique\\\/#\\\/schema\\\/person\\\/71d340cc825e058ae525fc2765f7c7ae\",\"name\":\"Mark Nadolny\",\"image\":{\"@type\":\"ImageObject\",\"inLanguage\":\"fr-FR\",\"@id\":\"https:\\\/\\\/secure.gravatar.com\\\/avatar\\\/fcfb5089af8db23b9347da3d181947b19f1cffb98b30f03fbe8f1973083d7e6b?s=96&d=identicon&r=g0693b2c18808f6337c03a29426292cc9\",\"url\":\"https:\\\/\\\/secure.gravatar.com\\\/avatar\\\/fcfb5089af8db23b9347da3d181947b19f1cffb98b30f03fbe8f1973083d7e6b?s=96&d=identicon&r=g\",\"contentUrl\":\"https:\\\/\\\/secure.gravatar.com\\\/avatar\\\/fcfb5089af8db23b9347da3d181947b19f1cffb98b30f03fbe8f1973083d7e6b?s=96&d=identicon&r=g\",\"caption\":\"Mark Nadolny\"},\"description\":\"Digital Media for the Canadian Olympic Team, I do that.\",\"url\":\"https:\\\/\\\/preprod.olympic.ca\\\/olympique\\\/author\\\/marknadonly\\\/\"}]}<\/script>\n<!-- \/ Yoast SEO plugin. -->","yoast_head_json":{"title":"La cr\u00e9ation de moments magiques - \u00c9quipe Canada | Site officiel de l&#039;\u00e9quipe olympique","robots":{"index":"index","follow":"follow","max-snippet":"max-snippet:-1","max-image-preview":"max-image-preview:large","max-video-preview":"max-video-preview:-1"},"canonical":"https:\/\/preprod.olympic.ca\/olympique\/2012\/08\/24\/la-creation-de-moments-magiques\/","og_locale":"fr_FR","og_type":"article","og_title":"La cr\u00e9ation de moments magiques - \u00c9quipe Canada | Site officiel de l&#039;\u00e9quipe olympique","og_description":"Le 7 f\u00e9vrier 2014 est encercl\u00e9 dans plusieurs calendriers. Le jour, empreint de magie olympique, o\u00f9 la vasque olympique sera...","og_url":"https:\/\/preprod.olympic.ca\/olympique\/2012\/08\/24\/la-creation-de-moments-magiques\/","og_site_name":"\u00c9quipe Canada | Site officiel de l&#039;\u00e9quipe olympique","article_published_time":"2012-08-24T13:22:01+00:00","og_image":[{"width":3734,"height":2329,"url":"https:\/\/preprod.olympic.ca\/olympique\/wp-content\/uploads\/sites\/2\/2012\/08\/rosie_coc_e26.jpg?quality=100","type":"image\/jpeg"}],"author":"Mark Nadolny","twitter_card":"summary_large_image","twitter_misc":{"Written by":"Mark Nadolny","Est. reading time":"2 minutes"},"schema":{"@context":"https:\/\/schema.org","@graph":[{"@type":"Article","@id":"https:\/\/preprod.olympic.ca\/olympique\/2012\/08\/24\/la-creation-de-moments-magiques\/#article","isPartOf":{"@id":"https:\/\/preprod.olympic.ca\/olympique\/2012\/08\/24\/la-creation-de-moments-magiques\/"},"author":{"name":"Mark Nadolny","@id":"https:\/\/preprod.olympic.ca\/olympique\/#\/schema\/person\/71d340cc825e058ae525fc2765f7c7ae"},"headline":"La cr\u00e9ation de moments magiques","datePublished":"2012-08-24T13:22:01+00:00","mainEntityOfPage":{"@id":"https:\/\/preprod.olympic.ca\/olympique\/2012\/08\/24\/la-creation-de-moments-magiques\/"},"wordCount":424,"commentCount":0,"image":{"@id":"https:\/\/preprod.olympic.ca\/olympique\/2012\/08\/24\/la-creation-de-moments-magiques\/#primaryimage"},"thumbnailUrl":"https:\/\/preprod.olympic.ca\/olympique\/wp-content\/uploads\/sites\/2\/2012\/08\/rosie_coc_e26.jpg?quality=100","articleSection":["Uncategorized @fr"],"inLanguage":"fr-FR","potentialAction":[{"@type":"CommentAction","name":"Comment","target":["https:\/\/preprod.olympic.ca\/olympique\/2012\/08\/24\/la-creation-de-moments-magiques\/#respond"]}]},{"@type":"WebPage","@id":"https:\/\/preprod.olympic.ca\/olympique\/2012\/08\/24\/la-creation-de-moments-magiques\/","url":"https:\/\/preprod.olympic.ca\/olympique\/2012\/08\/24\/la-creation-de-moments-magiques\/","name":"La cr\u00e9ation de moments magiques - \u00c9quipe Canada | Site officiel de l&#039;\u00e9quipe olympique","isPartOf":{"@id":"https:\/\/preprod.olympic.ca\/olympique\/#website"},"primaryImageOfPage":{"@id":"https:\/\/preprod.olympic.ca\/olympique\/2012\/08\/24\/la-creation-de-moments-magiques\/#primaryimage"},"image":{"@id":"https:\/\/preprod.olympic.ca\/olympique\/2012\/08\/24\/la-creation-de-moments-magiques\/#primaryimage"},"thumbnailUrl":"https:\/\/preprod.olympic.ca\/olympique\/wp-content\/uploads\/sites\/2\/2012\/08\/rosie_coc_e26.jpg?quality=100","datePublished":"2012-08-24T13:22:01+00:00","author":{"@id":"https:\/\/preprod.olympic.ca\/olympique\/#\/schema\/person\/71d340cc825e058ae525fc2765f7c7ae"},"inLanguage":"fr-FR","potentialAction":[{"@type":"ReadAction","target":["https:\/\/preprod.olympic.ca\/olympique\/2012\/08\/24\/la-creation-de-moments-magiques\/"]}]},{"@type":"ImageObject","inLanguage":"fr-FR","@id":"https:\/\/preprod.olympic.ca\/olympique\/2012\/08\/24\/la-creation-de-moments-magiques\/#primaryimage","url":"https:\/\/preprod.olympic.ca\/olympique\/wp-content\/uploads\/sites\/2\/2012\/08\/rosie_coc_e26.jpg?quality=100","contentUrl":"https:\/\/preprod.olympic.ca\/olympique\/wp-content\/uploads\/sites\/2\/2012\/08\/rosie_coc_e26.jpg?quality=100","width":3734,"height":2329,"caption":"Photo du COC par Mike Ridewood"},{"@type":"WebSite","@id":"https:\/\/preprod.olympic.ca\/olympique\/#website","url":"https:\/\/preprod.olympic.ca\/olympique\/","name":"\u00c9quipe Canada | Site officiel de l&#039;\u00e9quipe olympique","description":"Votre source pour l\u2019\u00c9quipe olympique canadienne. Retrouvez les r\u00e9cits, vid\u00e9os et photos des athl\u00e8tes canadiens, sports olympiques, Jeux olympiques de 2020 et bien plus!","potentialAction":[{"@type":"SearchAction","target":{"@type":"EntryPoint","urlTemplate":"https:\/\/preprod.olympic.ca\/olympique\/?s={search_term_string}"},"query-input":{"@type":"PropertyValueSpecification","valueRequired":true,"valueName":"search_term_string"}}],"inLanguage":"fr-FR"},{"@type":"Person","@id":"https:\/\/preprod.olympic.ca\/olympique\/#\/schema\/person\/71d340cc825e058ae525fc2765f7c7ae","name":"Mark Nadolny","image":{"@type":"ImageObject","inLanguage":"fr-FR","@id":"https:\/\/secure.gravatar.com\/avatar\/fcfb5089af8db23b9347da3d181947b19f1cffb98b30f03fbe8f1973083d7e6b?s=96&d=identicon&r=g0693b2c18808f6337c03a29426292cc9","url":"https:\/\/secure.gravatar.com\/avatar\/fcfb5089af8db23b9347da3d181947b19f1cffb98b30f03fbe8f1973083d7e6b?s=96&d=identicon&r=g","contentUrl":"https:\/\/secure.gravatar.com\/avatar\/fcfb5089af8db23b9347da3d181947b19f1cffb98b30f03fbe8f1973083d7e6b?s=96&d=identicon&r=g","caption":"Mark Nadolny"},"description":"Digital Media for the Canadian Olympic Team, I do that.","url":"https:\/\/preprod.olympic.ca\/olympique\/author\/marknadonly\/"}]}},"jetpack_featured_media_url":"https:\/\/preprod.olympic.ca\/olympique\/wp-content\/uploads\/sites\/2\/2012\/08\/rosie_coc_e26.jpg?quality=100","featured_image_url":"https:\/\/preprod.olympic.ca\/olympique\/wp-content\/uploads\/sites\/2\/2012\/08\/rosie_coc_e26.jpg?quality=100","author_name":["Mark Nadolny"],"category_names":["Uncategorized @fr"],"tag_names":[],"video_embed_code":"","facebook_video_embed_code":"","jetpack_sharing_enabled":true,"jetpack-related-posts":[],"jetpack_shortlink":"https:\/\/wp.me\/pcGHcP-aTR","_links":{"self":[{"href":"https:\/\/preprod.olympic.ca\/olympique\/wp-json\/wp\/v2\/posts\/41903","targetHints":{"allow":["GET"]}}],"collection":[{"href":"https:\/\/preprod.olympic.ca\/olympique\/wp-json\/wp\/v2\/posts"}],"about":[{"href":"https:\/\/preprod.olympic.ca\/olympique\/wp-json\/wp\/v2\/types\/post"}],"author":[{"embeddable":true,"href":"https:\/\/preprod.olympic.ca\/olympique\/wp-json\/wp\/v2\/users\/52435436"}],"replies":[{"embeddable":true,"href":"https:\/\/preprod.olympic.ca\/olympique\/wp-json\/wp\/v2\/comments?post=41903"}],"version-history":[{"count":0,"href":"https:\/\/preprod.olympic.ca\/olympique\/wp-json\/wp\/v2\/posts\/41903\/revisions"}],"wp:featuredmedia":[{"embeddable":true,"href":"https:\/\/preprod.olympic.ca\/olympique\/wp-json\/wp\/v2\/media\/41937"}],"wp:attachment":[{"href":"https:\/\/preprod.olympic.ca\/olympique\/wp-json\/wp\/v2\/media?parent=41903"}],"wp:term":[{"taxonomy":"category","embeddable":true,"href":"https:\/\/preprod.olympic.ca\/olympique\/wp-json\/wp\/v2\/categories?post=41903"},{"taxonomy":"post_tag","embeddable":true,"href":"https:\/\/preprod.olympic.ca\/olympique\/wp-json\/wp\/v2\/tags?post=41903"},{"taxonomy":"post_format","embeddable":true,"href":"https:\/\/preprod.olympic.ca\/olympique\/wp-json\/wp\/v2\/post_format?post=41903"},{"taxonomy":"sport","embeddable":true,"href":"https:\/\/preprod.olympic.ca\/olympique\/wp-json\/wp\/v2\/sport?post=41903"},{"taxonomy":"game","embeddable":true,"href":"https:\/\/preprod.olympic.ca\/olympique\/wp-json\/wp\/v2\/game?post=41903"},{"taxonomy":"author","embeddable":true,"href":"https:\/\/preprod.olympic.ca\/olympique\/wp-json\/wp\/v2\/coauthors?post=41903"}],"curies":[{"name":"wp","href":"https:\/\/api.w.org\/{rel}","templated":true}]}}