{"id":42698,"date":"2012-09-20T17:18:29","date_gmt":"2012-09-20T21:18:29","guid":{"rendered":"http:\/\/preprod.olympic.ca\/?p=42698"},"modified":"2012-09-20T17:18:29","modified_gmt":"2012-09-20T21:18:29","slug":"dejeuner-des-champions","status":"publish","type":"post","link":"https:\/\/preprod.olympic.ca\/olympique\/2012\/09\/20\/dejeuner-des-champions\/","title":{"rendered":"D\u00e9jeuner des champions"},"content":{"rendered":"<p><strong>TORONTO<\/strong> \u2013 Dans le cadre de la C\u00e9l\u00e9bration de l\u2019excellence 2012, des membres des \u00e9quipes olympique et paralympique canadiennes \u00e9taient \u00e0 Toronto, le jeudi 20 septembre, pour un d\u00e9jeuner avec des enfants avant de visiter des \u00e9coles de la r\u00e9gion.<\/p>\n<div class=\"tiled-gallery type-rectangular tiled-gallery-unresized\" data-original-width=\"1360\" data-carousel-extra='null' itemscope itemtype=\"http:\/\/schema.org\/ImageGallery\" > <div class=\"gallery-row\" style=\"width: 1360px; height: 604px;\" data-original-width=\"1360\" data-original-height=\"604\" > <div class=\"gallery-group images-1\" style=\"width: 908px; height: 604px;\" data-original-width=\"908\" data-original-height=\"604\" > <div class=\"tiled-gallery-item tiled-gallery-item-large\" itemprop=\"associatedMedia\" itemscope itemtype=\"http:\/\/schema.org\/ImageObject\"> <a href=\"https:\/\/preprod.olympic.ca\/olympique\/wp-content\/uploads\/sites\/2\/2012\/09\/2012_09_20_coc_breakfast-2_resized16.jpg?quality=100&#038;strip\" border=\"0\" itemprop=\"url\"> <meta itemprop=\"width\" content=\"904\"> <meta itemprop=\"height\" content=\"600\"> <img decoding=\"async\" data-recalc-dims=\"1\" class=\"\" data-attachment-id=\"42699\" data-orig-file=\"https:\/\/preprod.olympic.ca\/olympique\/wp-content\/uploads\/sites\/2\/2012\/09\/2012_09_20_coc_breakfast-2_resized16.jpg?quality=100\" data-orig-size=\"640,425\" data-comments-opened=\"1\" data-image-meta=\"{&quot;aperture&quot;:&quot;2.8&quot;,&quot;credit&quot;:&quot;&quot;,&quot;camera&quot;:&quot;NIKON D90&quot;,&quot;caption&quot;:&quot;????????????????&quot;,&quot;created_timestamp&quot;:&quot;1348130515&quot;,&quot;copyright&quot;:&quot;&quot;,&quot;focal_length&quot;:&quot;135&quot;,&quot;iso&quot;:&quot;1600&quot;,&quot;shutter_speed&quot;:&quot;0.016666666666667&quot;,&quot;title&quot;:&quot;&quot;}\" data-image-title=\"2012_09_20_COC_Breakfast-2_resized\" data-image-description=\"&lt;p&gt;Photo du COC par Winston Chow&lt;\/p&gt; \" data-medium-file=\"https:\/\/preprod.olympic.ca\/olympique\/wp-content\/uploads\/sites\/2\/2012\/09\/2012_09_20_coc_breakfast-2_resized16.jpg?quality=100&#038;w=559\" data-large-file=\"https:\/\/preprod.olympic.ca\/olympique\/wp-content\/uploads\/sites\/2\/2012\/09\/2012_09_20_coc_breakfast-2_resized16.jpg?quality=100&#038;w=640\" src=\"https:\/\/preprod.olympic.ca\/olympique\/wp-content\/uploads\/sites\/2\/2012\/09\/2012_09_20_coc_breakfast-2_resized16.jpg?quality=100&#038;w=904&#038;h=600&#038;strip&#038;resize=904%2C600\" srcset=\"https:\/\/preprod.olympic.ca\/olympique\/wp-content\/uploads\/sites\/2\/2012\/09\/2012_09_20_coc_breakfast-2_resized16.jpg 640w, https:\/\/preprod.olympic.ca\/olympique\/wp-content\/uploads\/sites\/2\/2012\/09\/2012_09_20_coc_breakfast-2_resized16.jpg?resize=238,158 238w, https:\/\/preprod.olympic.ca\/olympique\/wp-content\/uploads\/sites\/2\/2012\/09\/2012_09_20_coc_breakfast-2_resized16.jpg?resize=559,371 559w\" width=\"904\" height=\"600\" loading=\"lazy\" data-original-width=\"904\" data-original-height=\"600\" itemprop=\"http:\/\/schema.org\/image\" title=\"2012_09_20_COC_Breakfast-2_resized\" alt=\"2012_09_20_COC_Breakfast-2_resized\" style=\"width: 904px; height: 600px;\" \/> <\/a> <\/div> <\/div> <!-- close group --> <div class=\"gallery-group images-2\" style=\"width: 452px; height: 604px;\" data-original-width=\"452\" data-original-height=\"604\" > <div class=\"tiled-gallery-item tiled-gallery-item-large\" itemprop=\"associatedMedia\" itemscope itemtype=\"http:\/\/schema.org\/ImageObject\"> <a href=\"https:\/\/preprod.olympic.ca\/olympique\/wp-content\/uploads\/sites\/2\/2012\/09\/2012_09_20_coc_breakfast-3_resized16.jpg?quality=100&#038;strip\" border=\"0\" itemprop=\"url\"> <meta itemprop=\"width\" content=\"448\"> <meta itemprop=\"height\" content=\"297\"> <img decoding=\"async\" data-recalc-dims=\"1\" class=\"\" data-attachment-id=\"42700\" data-orig-file=\"https:\/\/preprod.olympic.ca\/olympique\/wp-content\/uploads\/sites\/2\/2012\/09\/2012_09_20_coc_breakfast-3_resized16.jpg?quality=100\" data-orig-size=\"640,425\" data-comments-opened=\"1\" data-image-meta=\"{&quot;aperture&quot;:&quot;2.8&quot;,&quot;credit&quot;:&quot;Winston Chow&quot;,&quot;camera&quot;:&quot;NIKON D300S&quot;,&quot;caption&quot;:&quot;&quot;,&quot;created_timestamp&quot;:&quot;1348131446&quot;,&quot;copyright&quot;:&quot;(C) Winston Chow Photography&quot;,&quot;focal_length&quot;:&quot;48&quot;,&quot;iso&quot;:&quot;1600&quot;,&quot;shutter_speed&quot;:&quot;0.016666666666667&quot;,&quot;title&quot;:&quot;&quot;}\" data-image-title=\"2012_09_20_COC_Breakfast-3_resized\" data-image-description=\"&lt;p&gt;Photo du COC par Winston Chow&lt;\/p&gt; \" data-medium-file=\"https:\/\/preprod.olympic.ca\/olympique\/wp-content\/uploads\/sites\/2\/2012\/09\/2012_09_20_coc_breakfast-3_resized16.jpg?quality=100&#038;w=559\" data-large-file=\"https:\/\/preprod.olympic.ca\/olympique\/wp-content\/uploads\/sites\/2\/2012\/09\/2012_09_20_coc_breakfast-3_resized16.jpg?quality=100&#038;w=640\" src=\"https:\/\/preprod.olympic.ca\/olympique\/wp-content\/uploads\/sites\/2\/2012\/09\/2012_09_20_coc_breakfast-3_resized16.jpg?quality=100&#038;w=448&#038;h=297&#038;strip&#038;resize=448%2C297\" srcset=\"https:\/\/preprod.olympic.ca\/olympique\/wp-content\/uploads\/sites\/2\/2012\/09\/2012_09_20_coc_breakfast-3_resized16.jpg 640w, https:\/\/preprod.olympic.ca\/olympique\/wp-content\/uploads\/sites\/2\/2012\/09\/2012_09_20_coc_breakfast-3_resized16.jpg?resize=238,158 238w, https:\/\/preprod.olympic.ca\/olympique\/wp-content\/uploads\/sites\/2\/2012\/09\/2012_09_20_coc_breakfast-3_resized16.jpg?resize=559,371 559w\" width=\"448\" height=\"297\" loading=\"lazy\" data-original-width=\"448\" data-original-height=\"297\" itemprop=\"http:\/\/schema.org\/image\" title=\"2012_09_20_COC_Breakfast-3_resized\" alt=\"2012_09_20_COC_Breakfast-3_resized\" style=\"width: 448px; height: 297px;\" \/> <\/a> <\/div> <div class=\"tiled-gallery-item tiled-gallery-item-large\" itemprop=\"associatedMedia\" itemscope itemtype=\"http:\/\/schema.org\/ImageObject\"> <a href=\"https:\/\/preprod.olympic.ca\/olympique\/wp-content\/uploads\/sites\/2\/2012\/09\/bruce-and-muntyanu_resized16.jpg?quality=100&#038;strip\" border=\"0\" itemprop=\"url\"> <meta itemprop=\"width\" content=\"448\"> <meta itemprop=\"height\" content=\"299\"> <img decoding=\"async\" data-recalc-dims=\"1\" class=\"\" data-attachment-id=\"42701\" data-orig-file=\"https:\/\/preprod.olympic.ca\/olympique\/wp-content\/uploads\/sites\/2\/2012\/09\/bruce-and-muntyanu_resized16.jpg?quality=100\" data-orig-size=\"640,427\" data-comments-opened=\"1\" data-image-meta=\"{&quot;aperture&quot;:&quot;4&quot;,&quot;credit&quot;:&quot;&quot;,&quot;camera&quot;:&quot;Canon EOS 5D Mark II&quot;,&quot;caption&quot;:&quot;&quot;,&quot;created_timestamp&quot;:&quot;1348131325&quot;,&quot;copyright&quot;:&quot;&quot;,&quot;focal_length&quot;:&quot;40&quot;,&quot;iso&quot;:&quot;400&quot;,&quot;shutter_speed&quot;:&quot;0.016666666666667&quot;,&quot;title&quot;:&quot;&quot;}\" data-image-title=\"Bruce and Muntyanu_resized\" data-image-description=\"\" data-medium-file=\"https:\/\/preprod.olympic.ca\/olympique\/wp-content\/uploads\/sites\/2\/2012\/09\/bruce-and-muntyanu_resized16.jpg?quality=100&#038;w=556\" data-large-file=\"https:\/\/preprod.olympic.ca\/olympique\/wp-content\/uploads\/sites\/2\/2012\/09\/bruce-and-muntyanu_resized16.jpg?quality=100&#038;w=640\" src=\"https:\/\/preprod.olympic.ca\/olympique\/wp-content\/uploads\/sites\/2\/2012\/09\/bruce-and-muntyanu_resized16.jpg?quality=100&#038;w=448&#038;h=299&#038;strip&#038;resize=448%2C299\" srcset=\"https:\/\/preprod.olympic.ca\/olympique\/wp-content\/uploads\/sites\/2\/2012\/09\/bruce-and-muntyanu_resized16.jpg 640w, https:\/\/preprod.olympic.ca\/olympique\/wp-content\/uploads\/sites\/2\/2012\/09\/bruce-and-muntyanu_resized16.jpg?resize=237,158 237w, https:\/\/preprod.olympic.ca\/olympique\/wp-content\/uploads\/sites\/2\/2012\/09\/bruce-and-muntyanu_resized16.jpg?resize=556,371 556w\" width=\"448\" height=\"299\" loading=\"lazy\" data-original-width=\"448\" data-original-height=\"299\" itemprop=\"http:\/\/schema.org\/image\" title=\"Bruce and Muntyanu_resized\" alt=\"Bruce and Muntyanu_resized\" style=\"width: 448px; height: 299px;\" \/> <\/a> <\/div> <\/div> <!-- close group --> <\/div> <!-- close row --> <div class=\"gallery-row\" style=\"width: 1360px; height: 607px;\" data-original-width=\"1360\" data-original-height=\"607\" > <div class=\"gallery-group images-2\" style=\"width: 453px; height: 607px;\" data-original-width=\"453\" data-original-height=\"607\" > <div class=\"tiled-gallery-item tiled-gallery-item-large\" itemprop=\"associatedMedia\" itemscope itemtype=\"http:\/\/schema.org\/ImageObject\"> <a href=\"https:\/\/preprod.olympic.ca\/olympique\/wp-content\/uploads\/sites\/2\/2012\/09\/img_1512_resized16.jpg?quality=100&#038;strip\" border=\"0\" itemprop=\"url\"> <meta itemprop=\"width\" content=\"449\"> <meta itemprop=\"height\" content=\"300\"> <img decoding=\"async\" data-recalc-dims=\"1\" class=\"\" data-attachment-id=\"42702\" data-orig-file=\"https:\/\/preprod.olympic.ca\/olympique\/wp-content\/uploads\/sites\/2\/2012\/09\/img_1512_resized16.jpg?quality=100\" data-orig-size=\"640,427\" data-comments-opened=\"1\" data-image-meta=\"{&quot;aperture&quot;:&quot;4&quot;,&quot;credit&quot;:&quot;&quot;,&quot;camera&quot;:&quot;Canon EOS 5D Mark II&quot;,&quot;caption&quot;:&quot;&quot;,&quot;created_timestamp&quot;:&quot;1348131291&quot;,&quot;copyright&quot;:&quot;&quot;,&quot;focal_length&quot;:&quot;55&quot;,&quot;iso&quot;:&quot;400&quot;,&quot;shutter_speed&quot;:&quot;0.016666666666667&quot;,&quot;title&quot;:&quot;&quot;}\" data-image-title=\"IMG_1512_resized\" data-image-description=\"&lt;p&gt;Photo du COC par Winston Chow&lt;\/p&gt; \" data-medium-file=\"https:\/\/preprod.olympic.ca\/olympique\/wp-content\/uploads\/sites\/2\/2012\/09\/img_1512_resized16.jpg?quality=100&#038;w=556\" data-large-file=\"https:\/\/preprod.olympic.ca\/olympique\/wp-content\/uploads\/sites\/2\/2012\/09\/img_1512_resized16.jpg?quality=100&#038;w=640\" src=\"https:\/\/preprod.olympic.ca\/olympique\/wp-content\/uploads\/sites\/2\/2012\/09\/img_1512_resized16.jpg?quality=100&#038;w=449&#038;h=300&#038;strip&#038;resize=449%2C300\" srcset=\"https:\/\/preprod.olympic.ca\/olympique\/wp-content\/uploads\/sites\/2\/2012\/09\/img_1512_resized16.jpg 640w, https:\/\/preprod.olympic.ca\/olympique\/wp-content\/uploads\/sites\/2\/2012\/09\/img_1512_resized16.jpg?resize=237,158 237w, https:\/\/preprod.olympic.ca\/olympique\/wp-content\/uploads\/sites\/2\/2012\/09\/img_1512_resized16.jpg?resize=556,371 556w\" width=\"449\" height=\"300\" loading=\"lazy\" data-original-width=\"449\" data-original-height=\"300\" itemprop=\"http:\/\/schema.org\/image\" title=\"IMG_1512_resized\" alt=\"IMG_1512_resized\" style=\"width: 449px; height: 300px;\" \/> <\/a> <\/div> <div class=\"tiled-gallery-item tiled-gallery-item-large\" itemprop=\"associatedMedia\" itemscope itemtype=\"http:\/\/schema.org\/ImageObject\"> <a href=\"https:\/\/preprod.olympic.ca\/olympique\/wp-content\/uploads\/sites\/2\/2012\/09\/img_1517_resized16.jpg?quality=100&#038;strip\" border=\"0\" itemprop=\"url\"> <meta itemprop=\"width\" content=\"449\"> <meta itemprop=\"height\" content=\"299\"> <img decoding=\"async\" data-recalc-dims=\"1\" class=\"\" data-attachment-id=\"42703\" data-orig-file=\"https:\/\/preprod.olympic.ca\/olympique\/wp-content\/uploads\/sites\/2\/2012\/09\/img_1517_resized16.jpg?quality=100\" data-orig-size=\"640,427\" data-comments-opened=\"1\" data-image-meta=\"{&quot;aperture&quot;:&quot;4&quot;,&quot;credit&quot;:&quot;&quot;,&quot;camera&quot;:&quot;Canon EOS 5D Mark II&quot;,&quot;caption&quot;:&quot;&quot;,&quot;created_timestamp&quot;:&quot;1348131369&quot;,&quot;copyright&quot;:&quot;&quot;,&quot;focal_length&quot;:&quot;47&quot;,&quot;iso&quot;:&quot;400&quot;,&quot;shutter_speed&quot;:&quot;0.016666666666667&quot;,&quot;title&quot;:&quot;&quot;}\" data-image-title=\"IMG_1517_resized\" data-image-description=\"&lt;p&gt;Photo du COC par Winston Chow&lt;\/p&gt; \" data-medium-file=\"https:\/\/preprod.olympic.ca\/olympique\/wp-content\/uploads\/sites\/2\/2012\/09\/img_1517_resized16.jpg?quality=100&#038;w=556\" data-large-file=\"https:\/\/preprod.olympic.ca\/olympique\/wp-content\/uploads\/sites\/2\/2012\/09\/img_1517_resized16.jpg?quality=100&#038;w=640\" src=\"https:\/\/preprod.olympic.ca\/olympique\/wp-content\/uploads\/sites\/2\/2012\/09\/img_1517_resized16.jpg?quality=100&#038;w=449&#038;h=299&#038;strip&#038;resize=449%2C299\" srcset=\"https:\/\/preprod.olympic.ca\/olympique\/wp-content\/uploads\/sites\/2\/2012\/09\/img_1517_resized16.jpg 640w, https:\/\/preprod.olympic.ca\/olympique\/wp-content\/uploads\/sites\/2\/2012\/09\/img_1517_resized16.jpg?resize=237,158 237w, https:\/\/preprod.olympic.ca\/olympique\/wp-content\/uploads\/sites\/2\/2012\/09\/img_1517_resized16.jpg?resize=556,371 556w\" width=\"449\" height=\"299\" loading=\"lazy\" data-original-width=\"449\" data-original-height=\"299\" itemprop=\"http:\/\/schema.org\/image\" title=\"IMG_1517_resized\" alt=\"IMG_1517_resized\" style=\"width: 449px; height: 299px;\" \/> <\/a> <\/div> <\/div> <!-- close group --> <div class=\"gallery-group images-1\" style=\"width: 907px; height: 607px;\" data-original-width=\"907\" data-original-height=\"607\" > <div class=\"tiled-gallery-item tiled-gallery-item-large\" itemprop=\"associatedMedia\" itemscope itemtype=\"http:\/\/schema.org\/ImageObject\"> <a href=\"https:\/\/preprod.olympic.ca\/olympique\/wp-content\/uploads\/sites\/2\/2012\/09\/img_1519_resized16.jpg?quality=100&#038;strip\" border=\"0\" itemprop=\"url\"> <meta itemprop=\"width\" content=\"903\"> <meta itemprop=\"height\" content=\"603\"> <img decoding=\"async\" data-recalc-dims=\"1\" class=\"\" data-attachment-id=\"42704\" data-orig-file=\"https:\/\/preprod.olympic.ca\/olympique\/wp-content\/uploads\/sites\/2\/2012\/09\/img_1519_resized16.jpg?quality=100\" data-orig-size=\"640,427\" data-comments-opened=\"1\" data-image-meta=\"{&quot;aperture&quot;:&quot;4&quot;,&quot;credit&quot;:&quot;&quot;,&quot;camera&quot;:&quot;Canon EOS 5D Mark II&quot;,&quot;caption&quot;:&quot;&quot;,&quot;created_timestamp&quot;:&quot;1348131393&quot;,&quot;copyright&quot;:&quot;&quot;,&quot;focal_length&quot;:&quot;55&quot;,&quot;iso&quot;:&quot;400&quot;,&quot;shutter_speed&quot;:&quot;0.016666666666667&quot;,&quot;title&quot;:&quot;&quot;}\" data-image-title=\"IMG_1519_resized\" data-image-description=\"&lt;p&gt;Photo du COC par George Fadel&lt;\/p&gt; \" data-medium-file=\"https:\/\/preprod.olympic.ca\/olympique\/wp-content\/uploads\/sites\/2\/2012\/09\/img_1519_resized16.jpg?quality=100&#038;w=556\" data-large-file=\"https:\/\/preprod.olympic.ca\/olympique\/wp-content\/uploads\/sites\/2\/2012\/09\/img_1519_resized16.jpg?quality=100&#038;w=640\" src=\"https:\/\/preprod.olympic.ca\/olympique\/wp-content\/uploads\/sites\/2\/2012\/09\/img_1519_resized16.jpg?quality=100&#038;w=903&#038;h=603&#038;strip&#038;resize=903%2C603\" srcset=\"https:\/\/preprod.olympic.ca\/olympique\/wp-content\/uploads\/sites\/2\/2012\/09\/img_1519_resized16.jpg 640w, https:\/\/preprod.olympic.ca\/olympique\/wp-content\/uploads\/sites\/2\/2012\/09\/img_1519_resized16.jpg?resize=237,158 237w, https:\/\/preprod.olympic.ca\/olympique\/wp-content\/uploads\/sites\/2\/2012\/09\/img_1519_resized16.jpg?resize=556,371 556w\" width=\"903\" height=\"603\" loading=\"lazy\" data-original-width=\"903\" data-original-height=\"603\" itemprop=\"http:\/\/schema.org\/image\" title=\"IMG_1519_resized\" alt=\"IMG_1519_resized\" style=\"width: 903px; height: 603px;\" \/> <\/a> <\/div> <\/div> <!-- close group --> <\/div> <!-- close row --> <div class=\"gallery-row\" style=\"width: 1360px; height: 303px;\" data-original-width=\"1360\" data-original-height=\"303\" > <div class=\"gallery-group images-1\" style=\"width: 455px; height: 303px;\" data-original-width=\"455\" data-original-height=\"303\" > <div class=\"tiled-gallery-item tiled-gallery-item-large\" itemprop=\"associatedMedia\" itemscope itemtype=\"http:\/\/schema.org\/ImageObject\"> <a href=\"https:\/\/preprod.olympic.ca\/olympique\/wp-content\/uploads\/sites\/2\/2012\/09\/2012_09_20_coc_central_tech-7_resized16.jpg?quality=100&#038;strip\" border=\"0\" itemprop=\"url\"> <meta itemprop=\"width\" content=\"451\"> <meta itemprop=\"height\" content=\"299\"> <img decoding=\"async\" data-recalc-dims=\"1\" class=\"\" data-attachment-id=\"42705\" data-orig-file=\"https:\/\/preprod.olympic.ca\/olympique\/wp-content\/uploads\/sites\/2\/2012\/09\/2012_09_20_coc_central_tech-7_resized16.jpg?quality=100\" data-orig-size=\"640,425\" data-comments-opened=\"1\" data-image-meta=\"{&quot;aperture&quot;:&quot;2.8&quot;,&quot;credit&quot;:&quot;Winston Chow&quot;,&quot;camera&quot;:&quot;NIKON D300S&quot;,&quot;caption&quot;:&quot;&quot;,&quot;created_timestamp&quot;:&quot;1348141113&quot;,&quot;copyright&quot;:&quot;(C) Winston Chow Photography&quot;,&quot;focal_length&quot;:&quot;24&quot;,&quot;iso&quot;:&quot;320&quot;,&quot;shutter_speed&quot;:&quot;0.01&quot;,&quot;title&quot;:&quot;&quot;}\" data-image-title=\"2012_09_20_COC_Central_Tech-7_resized\" data-image-description=\"&lt;p&gt;Photo du COC par Winston Chow&lt;\/p&gt; \" data-medium-file=\"https:\/\/preprod.olympic.ca\/olympique\/wp-content\/uploads\/sites\/2\/2012\/09\/2012_09_20_coc_central_tech-7_resized16.jpg?quality=100&#038;w=559\" data-large-file=\"https:\/\/preprod.olympic.ca\/olympique\/wp-content\/uploads\/sites\/2\/2012\/09\/2012_09_20_coc_central_tech-7_resized16.jpg?quality=100&#038;w=640\" src=\"https:\/\/preprod.olympic.ca\/olympique\/wp-content\/uploads\/sites\/2\/2012\/09\/2012_09_20_coc_central_tech-7_resized16.jpg?quality=100&#038;w=451&#038;h=299&#038;strip&#038;resize=451%2C299\" srcset=\"https:\/\/preprod.olympic.ca\/olympique\/wp-content\/uploads\/sites\/2\/2012\/09\/2012_09_20_coc_central_tech-7_resized16.jpg 640w, https:\/\/preprod.olympic.ca\/olympique\/wp-content\/uploads\/sites\/2\/2012\/09\/2012_09_20_coc_central_tech-7_resized16.jpg?resize=238,158 238w, https:\/\/preprod.olympic.ca\/olympique\/wp-content\/uploads\/sites\/2\/2012\/09\/2012_09_20_coc_central_tech-7_resized16.jpg?resize=559,371 559w\" width=\"451\" height=\"299\" loading=\"lazy\" data-original-width=\"451\" data-original-height=\"299\" itemprop=\"http:\/\/schema.org\/image\" title=\"2012_09_20_COC_Central_Tech-7_resized\" alt=\"2012_09_20_COC_Central_Tech-7_resized\" style=\"width: 451px; height: 299px;\" \/> <\/a> <\/div> <\/div> <!-- close group --> <div class=\"gallery-group images-1\" style=\"width: 453px; height: 303px;\" data-original-width=\"453\" data-original-height=\"303\" > <div class=\"tiled-gallery-item tiled-gallery-item-large\" itemprop=\"associatedMedia\" itemscope itemtype=\"http:\/\/schema.org\/ImageObject\"> <a href=\"https:\/\/preprod.olympic.ca\/olympique\/wp-content\/uploads\/sites\/2\/2012\/09\/img_1551_resized16.jpg?quality=100&#038;strip\" border=\"0\" itemprop=\"url\"> <meta itemprop=\"width\" content=\"449\"> <meta itemprop=\"height\" content=\"299\"> <img decoding=\"async\" data-recalc-dims=\"1\" class=\"\" data-attachment-id=\"42706\" data-orig-file=\"https:\/\/preprod.olympic.ca\/olympique\/wp-content\/uploads\/sites\/2\/2012\/09\/img_1551_resized16.jpg?quality=100\" data-orig-size=\"640,427\" data-comments-opened=\"1\" data-image-meta=\"{&quot;aperture&quot;:&quot;4&quot;,&quot;credit&quot;:&quot;&quot;,&quot;camera&quot;:&quot;Canon EOS 5D Mark II&quot;,&quot;caption&quot;:&quot;&quot;,&quot;created_timestamp&quot;:&quot;1348136684&quot;,&quot;copyright&quot;:&quot;&quot;,&quot;focal_length&quot;:&quot;24&quot;,&quot;iso&quot;:&quot;250&quot;,&quot;shutter_speed&quot;:&quot;0.04&quot;,&quot;title&quot;:&quot;&quot;}\" data-image-title=\"IMG_1551_resized\" data-image-description=\"&lt;p&gt;Photo du COC par George Fadel&lt;\/p&gt; \" data-medium-file=\"https:\/\/preprod.olympic.ca\/olympique\/wp-content\/uploads\/sites\/2\/2012\/09\/img_1551_resized16.jpg?quality=100&#038;w=556\" data-large-file=\"https:\/\/preprod.olympic.ca\/olympique\/wp-content\/uploads\/sites\/2\/2012\/09\/img_1551_resized16.jpg?quality=100&#038;w=640\" src=\"https:\/\/preprod.olympic.ca\/olympique\/wp-content\/uploads\/sites\/2\/2012\/09\/img_1551_resized16.jpg?quality=100&#038;w=449&#038;h=299&#038;strip&#038;resize=449%2C299\" srcset=\"https:\/\/preprod.olympic.ca\/olympique\/wp-content\/uploads\/sites\/2\/2012\/09\/img_1551_resized16.jpg 640w, https:\/\/preprod.olympic.ca\/olympique\/wp-content\/uploads\/sites\/2\/2012\/09\/img_1551_resized16.jpg?resize=237,158 237w, https:\/\/preprod.olympic.ca\/olympique\/wp-content\/uploads\/sites\/2\/2012\/09\/img_1551_resized16.jpg?resize=556,371 556w\" width=\"449\" height=\"299\" loading=\"lazy\" data-original-width=\"449\" data-original-height=\"299\" itemprop=\"http:\/\/schema.org\/image\" title=\"IMG_1551_resized\" alt=\"IMG_1551_resized\" style=\"width: 449px; height: 299px;\" \/> <\/a> <\/div> <\/div> <!-- close group --> <div class=\"gallery-group images-1\" style=\"width: 452px; height: 303px;\" data-original-width=\"452\" data-original-height=\"303\" > <div class=\"tiled-gallery-item tiled-gallery-item-large\" itemprop=\"associatedMedia\" itemscope itemtype=\"http:\/\/schema.org\/ImageObject\"> <a href=\"https:\/\/preprod.olympic.ca\/olympique\/wp-content\/uploads\/sites\/2\/2012\/09\/img_1604_resized16.jpg?quality=100&#038;strip\" border=\"0\" itemprop=\"url\"> <meta itemprop=\"width\" content=\"448\"> <meta itemprop=\"height\" content=\"299\"> <img decoding=\"async\" data-recalc-dims=\"1\" class=\"\" data-attachment-id=\"42707\" data-orig-file=\"https:\/\/preprod.olympic.ca\/olympique\/wp-content\/uploads\/sites\/2\/2012\/09\/img_1604_resized16.jpg?quality=100\" data-orig-size=\"640,427\" data-comments-opened=\"1\" data-image-meta=\"{&quot;aperture&quot;:&quot;4&quot;,&quot;credit&quot;:&quot;&quot;,&quot;camera&quot;:&quot;Canon EOS 5D Mark II&quot;,&quot;caption&quot;:&quot;&quot;,&quot;created_timestamp&quot;:&quot;1348139801&quot;,&quot;copyright&quot;:&quot;&quot;,&quot;focal_length&quot;:&quot;35&quot;,&quot;iso&quot;:&quot;320&quot;,&quot;shutter_speed&quot;:&quot;0.033333333333333&quot;,&quot;title&quot;:&quot;&quot;}\" data-image-title=\"IMG_1604_resized\" data-image-description=\"&lt;p&gt;Photo du COC par George Fadel&lt;\/p&gt; \" data-medium-file=\"https:\/\/preprod.olympic.ca\/olympique\/wp-content\/uploads\/sites\/2\/2012\/09\/img_1604_resized16.jpg?quality=100&#038;w=556\" data-large-file=\"https:\/\/preprod.olympic.ca\/olympique\/wp-content\/uploads\/sites\/2\/2012\/09\/img_1604_resized16.jpg?quality=100&#038;w=640\" src=\"https:\/\/preprod.olympic.ca\/olympique\/wp-content\/uploads\/sites\/2\/2012\/09\/img_1604_resized16.jpg?quality=100&#038;w=448&#038;h=299&#038;strip&#038;resize=448%2C299\" srcset=\"https:\/\/preprod.olympic.ca\/olympique\/wp-content\/uploads\/sites\/2\/2012\/09\/img_1604_resized16.jpg 640w, https:\/\/preprod.olympic.ca\/olympique\/wp-content\/uploads\/sites\/2\/2012\/09\/img_1604_resized16.jpg?resize=237,158 237w, https:\/\/preprod.olympic.ca\/olympique\/wp-content\/uploads\/sites\/2\/2012\/09\/img_1604_resized16.jpg?resize=556,371 556w\" width=\"448\" height=\"299\" loading=\"lazy\" data-original-width=\"448\" data-original-height=\"299\" itemprop=\"http:\/\/schema.org\/image\" title=\"IMG_1604_resized\" alt=\"IMG_1604_resized\" style=\"width: 448px; height: 299px;\" \/> <\/a> <\/div> <\/div> <!-- close group --> <\/div> <!-- close row --> <\/div>\n<p><!--[if gte mso 9]&gt;--><\/p>\n<p>  Normal<br \/>\n  0<\/p>\n<p>  false<br \/>\n  false<br \/>\n  false<\/p>\n<p>  EN-CA<br \/>\n  X-NONE<br \/>\n  X-NONE<\/p>\n<p>  MicrosoftInternetExplorer4<\/p>\n<p class=\"MsoNormal\"><strong><span style=\"font-family: 'Helvetica','sans-serif';color: black\">TORONTO \u2013<\/span><\/strong><span style=\"font-family: 'Helvetica','sans-serif';color: black\">\u00a0Dans le cadre de la C\u00e9l\u00e9bration de l\u2019excellence\u00a02012, des membres des \u00e9quipes olympique et paralympique canadiennes \u00e9taient \u00e0 Toronto, le jeudi 20 septembre, pour un d\u00e9jeuner avec des enfants avant de visiter des \u00e9coles de la r\u00e9gion. <\/span><span style=\"font-family: 'Microsoft Sans Serif','sans-serif';color: black\"><span>\u00a0<\/span><\/span><\/p>\n<p><!--[if gte mso 9]&gt;--><\/p>\n<p><!--[if gte mso 10]&gt;--><\/p>\n<p> \/* Style Definitions *\/<br \/>\n table.MsoNormalTable<br \/>\n\t{mso-style-name:\u00a0\u00bbTable Normal\u00a0\u00bb;<br \/>\n\tmso-tstyle-rowband-size:0;<br \/>\n\tmso-tstyle-colband-size:0;<br \/>\n\tmso-style-noshow:yes;<br \/>\n\tmso-style-priority:99;<br \/>\n\tmso-style-qformat:yes;<br \/>\n\tmso-style-parent:\u00a0\u00bb\u00a0\u00bb;<br \/>\n\tmso-padding-alt:0cm 5.4pt 0cm 5.4pt;<br \/>\n\tmso-para-margin:0cm;<br \/>\n\tmso-para-margin-bottom:.0001pt;<br \/>\n\tmso-pagination:widow-orphan;<br \/>\n\tfont-size:11.0pt;<br \/>\n\tfont-family:\u00a0\u00bbCalibri\u00a0\u00bb,\u00a0\u00bbsans-serif\u00a0\u00bb;<br \/>\n\tmso-ascii-font-family:Calibri;<br \/>\n\tmso-ascii-theme-font:minor-latin;<br \/>\n\tmso-fareast-font-family:\u00a0\u00bbTimes New Roman\u00a0\u00bb;<br \/>\n\tmso-fareast-theme-font:minor-fareast;<br \/>\n\tmso-hansi-font-family:Calibri;<br \/>\n\tmso-hansi-theme-font:minor-latin;<br \/>\n\tmso-bidi-font-family:\u00a0\u00bbTimes New Roman\u00a0\u00bb;<br \/>\n\tmso-bidi-theme-font:minor-bidi;}<\/p>\n","protected":false},"excerpt":{"rendered":"<p>TORONTO \u2013 Dans le cadre de la C\u00e9l\u00e9bration de l\u2019excellence 2012, des membres des \u00e9quipes olympique et paralympique canadiennes \u00e9taient&#8230;<\/p>\n","protected":false},"author":52435436,"featured_media":42700,"comment_status":"open","ping_status":"open","sticky":false,"template":"","format":"standard","meta":{"_acf_changed":false,"_jetpack_memberships_contains_paid_content":false,"footnotes":""},"categories":[70121],"tags":[],"post_format":"standard","sport":[],"game":[],"coauthors":[187838302],"class_list":["post-42698","post","type-post","status-publish","format-standard","has-post-thumbnail","hentry","category-equipe"],"acf":[],"yoast_head":"<!-- This site is optimized with the Yoast SEO plugin v27.3 - https:\/\/yoast.com\/product\/yoast-seo-wordpress\/ -->\n<title>D\u00e9jeuner des champions - \u00c9quipe Canada | Site officiel de l&#039;\u00e9quipe olympique<\/title>\n<meta name=\"robots\" content=\"index, follow, max-snippet:-1, max-image-preview:large, max-video-preview:-1\" \/>\n<link rel=\"canonical\" href=\"https:\/\/preprod.olympic.ca\/olympique\/2012\/09\/20\/dejeuner-des-champions\/\" \/>\n<meta property=\"og:locale\" content=\"fr_FR\" \/>\n<meta property=\"og:type\" content=\"article\" \/>\n<meta property=\"og:title\" content=\"D\u00e9jeuner des champions - \u00c9quipe Canada | Site officiel de l&#039;\u00e9quipe olympique\" \/>\n<meta property=\"og:description\" content=\"TORONTO \u2013 Dans le cadre de la C\u00e9l\u00e9bration de l\u2019excellence 2012, des membres des \u00e9quipes olympique et paralympique canadiennes \u00e9taient...\" \/>\n<meta property=\"og:url\" content=\"https:\/\/preprod.olympic.ca\/olympique\/2012\/09\/20\/dejeuner-des-champions\/\" \/>\n<meta property=\"og:site_name\" content=\"\u00c9quipe Canada | Site officiel de l&#039;\u00e9quipe olympique\" \/>\n<meta property=\"article:published_time\" content=\"2012-09-20T21:18:29+00:00\" \/>\n<meta property=\"og:image\" content=\"https:\/\/preprod.olympic.ca\/olympique\/wp-content\/uploads\/sites\/2\/2012\/09\/2012_09_20_coc_breakfast-3_resized16.jpg?quality=100\" \/>\n\t<meta property=\"og:image:width\" content=\"640\" \/>\n\t<meta property=\"og:image:height\" content=\"425\" \/>\n\t<meta property=\"og:image:type\" content=\"image\/jpeg\" \/>\n<meta name=\"author\" content=\"Mark Nadolny\" \/>\n<meta name=\"twitter:card\" content=\"summary_large_image\" \/>\n<meta name=\"twitter:label1\" content=\"Written by\" \/>\n\t<meta name=\"twitter:data1\" content=\"Mark Nadolny\" \/>\n\t<meta name=\"twitter:label2\" content=\"Est. reading time\" \/>\n\t<meta name=\"twitter:data2\" content=\"1 minute\" \/>\n<script type=\"application\/ld+json\" class=\"yoast-schema-graph\">{\"@context\":\"https:\\\/\\\/schema.org\",\"@graph\":[{\"@type\":\"Article\",\"@id\":\"https:\\\/\\\/preprod.olympic.ca\\\/olympique\\\/2012\\\/09\\\/20\\\/dejeuner-des-champions\\\/#article\",\"isPartOf\":{\"@id\":\"https:\\\/\\\/preprod.olympic.ca\\\/olympique\\\/2012\\\/09\\\/20\\\/dejeuner-des-champions\\\/\"},\"author\":{\"name\":\"Mark Nadolny\",\"@id\":\"https:\\\/\\\/preprod.olympic.ca\\\/olympique\\\/#\\\/schema\\\/person\\\/71d340cc825e058ae525fc2765f7c7ae\"},\"headline\":\"D\u00e9jeuner des champions\",\"datePublished\":\"2012-09-20T21:18:29+00:00\",\"mainEntityOfPage\":{\"@id\":\"https:\\\/\\\/preprod.olympic.ca\\\/olympique\\\/2012\\\/09\\\/20\\\/dejeuner-des-champions\\\/\"},\"wordCount\":148,\"commentCount\":0,\"image\":{\"@id\":\"https:\\\/\\\/preprod.olympic.ca\\\/olympique\\\/2012\\\/09\\\/20\\\/dejeuner-des-champions\\\/#primaryimage\"},\"thumbnailUrl\":\"https:\\\/\\\/preprod.olympic.ca\\\/olympique\\\/wp-content\\\/uploads\\\/sites\\\/2\\\/2012\\\/09\\\/2012_09_20_coc_breakfast-3_resized16.jpg?quality=100\",\"articleSection\":[\"Nouvelles de l'equipe\"],\"inLanguage\":\"fr-FR\",\"potentialAction\":[{\"@type\":\"CommentAction\",\"name\":\"Comment\",\"target\":[\"https:\\\/\\\/preprod.olympic.ca\\\/olympique\\\/2012\\\/09\\\/20\\\/dejeuner-des-champions\\\/#respond\"]}]},{\"@type\":\"WebPage\",\"@id\":\"https:\\\/\\\/preprod.olympic.ca\\\/olympique\\\/2012\\\/09\\\/20\\\/dejeuner-des-champions\\\/\",\"url\":\"https:\\\/\\\/preprod.olympic.ca\\\/olympique\\\/2012\\\/09\\\/20\\\/dejeuner-des-champions\\\/\",\"name\":\"D\u00e9jeuner des champions - \u00c9quipe Canada | Site officiel de l&#039;\u00e9quipe olympique\",\"isPartOf\":{\"@id\":\"https:\\\/\\\/preprod.olympic.ca\\\/olympique\\\/#website\"},\"primaryImageOfPage\":{\"@id\":\"https:\\\/\\\/preprod.olympic.ca\\\/olympique\\\/2012\\\/09\\\/20\\\/dejeuner-des-champions\\\/#primaryimage\"},\"image\":{\"@id\":\"https:\\\/\\\/preprod.olympic.ca\\\/olympique\\\/2012\\\/09\\\/20\\\/dejeuner-des-champions\\\/#primaryimage\"},\"thumbnailUrl\":\"https:\\\/\\\/preprod.olympic.ca\\\/olympique\\\/wp-content\\\/uploads\\\/sites\\\/2\\\/2012\\\/09\\\/2012_09_20_coc_breakfast-3_resized16.jpg?quality=100\",\"datePublished\":\"2012-09-20T21:18:29+00:00\",\"author\":{\"@id\":\"https:\\\/\\\/preprod.olympic.ca\\\/olympique\\\/#\\\/schema\\\/person\\\/71d340cc825e058ae525fc2765f7c7ae\"},\"inLanguage\":\"fr-FR\",\"potentialAction\":[{\"@type\":\"ReadAction\",\"target\":[\"https:\\\/\\\/preprod.olympic.ca\\\/olympique\\\/2012\\\/09\\\/20\\\/dejeuner-des-champions\\\/\"]}]},{\"@type\":\"ImageObject\",\"inLanguage\":\"fr-FR\",\"@id\":\"https:\\\/\\\/preprod.olympic.ca\\\/olympique\\\/2012\\\/09\\\/20\\\/dejeuner-des-champions\\\/#primaryimage\",\"url\":\"https:\\\/\\\/preprod.olympic.ca\\\/olympique\\\/wp-content\\\/uploads\\\/sites\\\/2\\\/2012\\\/09\\\/2012_09_20_coc_breakfast-3_resized16.jpg?quality=100\",\"contentUrl\":\"https:\\\/\\\/preprod.olympic.ca\\\/olympique\\\/wp-content\\\/uploads\\\/sites\\\/2\\\/2012\\\/09\\\/2012_09_20_coc_breakfast-3_resized16.jpg?quality=100\",\"width\":640,\"height\":425},{\"@type\":\"WebSite\",\"@id\":\"https:\\\/\\\/preprod.olympic.ca\\\/olympique\\\/#website\",\"url\":\"https:\\\/\\\/preprod.olympic.ca\\\/olympique\\\/\",\"name\":\"\u00c9quipe Canada | Site officiel de l&#039;\u00e9quipe olympique\",\"description\":\"Votre source pour l\u2019\u00c9quipe olympique canadienne. Retrouvez les r\u00e9cits, vid\u00e9os et photos des athl\u00e8tes canadiens, sports olympiques, Jeux olympiques de 2020 et bien plus!\",\"potentialAction\":[{\"@type\":\"SearchAction\",\"target\":{\"@type\":\"EntryPoint\",\"urlTemplate\":\"https:\\\/\\\/preprod.olympic.ca\\\/olympique\\\/?s={search_term_string}\"},\"query-input\":{\"@type\":\"PropertyValueSpecification\",\"valueRequired\":true,\"valueName\":\"search_term_string\"}}],\"inLanguage\":\"fr-FR\"},{\"@type\":\"Person\",\"@id\":\"https:\\\/\\\/preprod.olympic.ca\\\/olympique\\\/#\\\/schema\\\/person\\\/71d340cc825e058ae525fc2765f7c7ae\",\"name\":\"Mark Nadolny\",\"image\":{\"@type\":\"ImageObject\",\"inLanguage\":\"fr-FR\",\"@id\":\"https:\\\/\\\/secure.gravatar.com\\\/avatar\\\/fcfb5089af8db23b9347da3d181947b19f1cffb98b30f03fbe8f1973083d7e6b?s=96&d=identicon&r=g0693b2c18808f6337c03a29426292cc9\",\"url\":\"https:\\\/\\\/secure.gravatar.com\\\/avatar\\\/fcfb5089af8db23b9347da3d181947b19f1cffb98b30f03fbe8f1973083d7e6b?s=96&d=identicon&r=g\",\"contentUrl\":\"https:\\\/\\\/secure.gravatar.com\\\/avatar\\\/fcfb5089af8db23b9347da3d181947b19f1cffb98b30f03fbe8f1973083d7e6b?s=96&d=identicon&r=g\",\"caption\":\"Mark Nadolny\"},\"description\":\"Digital Media for the Canadian Olympic Team, I do that.\",\"url\":\"https:\\\/\\\/preprod.olympic.ca\\\/olympique\\\/author\\\/marknadonly\\\/\"}]}<\/script>\n<!-- \/ Yoast SEO plugin. -->","yoast_head_json":{"title":"D\u00e9jeuner des champions - \u00c9quipe Canada | Site officiel de l&#039;\u00e9quipe olympique","robots":{"index":"index","follow":"follow","max-snippet":"max-snippet:-1","max-image-preview":"max-image-preview:large","max-video-preview":"max-video-preview:-1"},"canonical":"https:\/\/preprod.olympic.ca\/olympique\/2012\/09\/20\/dejeuner-des-champions\/","og_locale":"fr_FR","og_type":"article","og_title":"D\u00e9jeuner des champions - \u00c9quipe Canada | Site officiel de l&#039;\u00e9quipe olympique","og_description":"TORONTO \u2013 Dans le cadre de la C\u00e9l\u00e9bration de l\u2019excellence 2012, des membres des \u00e9quipes olympique et paralympique canadiennes \u00e9taient...","og_url":"https:\/\/preprod.olympic.ca\/olympique\/2012\/09\/20\/dejeuner-des-champions\/","og_site_name":"\u00c9quipe Canada | Site officiel de l&#039;\u00e9quipe olympique","article_published_time":"2012-09-20T21:18:29+00:00","og_image":[{"width":640,"height":425,"url":"https:\/\/preprod.olympic.ca\/olympique\/wp-content\/uploads\/sites\/2\/2012\/09\/2012_09_20_coc_breakfast-3_resized16.jpg?quality=100","type":"image\/jpeg"}],"author":"Mark Nadolny","twitter_card":"summary_large_image","twitter_misc":{"Written by":"Mark Nadolny","Est. reading time":"1 minute"},"schema":{"@context":"https:\/\/schema.org","@graph":[{"@type":"Article","@id":"https:\/\/preprod.olympic.ca\/olympique\/2012\/09\/20\/dejeuner-des-champions\/#article","isPartOf":{"@id":"https:\/\/preprod.olympic.ca\/olympique\/2012\/09\/20\/dejeuner-des-champions\/"},"author":{"name":"Mark Nadolny","@id":"https:\/\/preprod.olympic.ca\/olympique\/#\/schema\/person\/71d340cc825e058ae525fc2765f7c7ae"},"headline":"D\u00e9jeuner des champions","datePublished":"2012-09-20T21:18:29+00:00","mainEntityOfPage":{"@id":"https:\/\/preprod.olympic.ca\/olympique\/2012\/09\/20\/dejeuner-des-champions\/"},"wordCount":148,"commentCount":0,"image":{"@id":"https:\/\/preprod.olympic.ca\/olympique\/2012\/09\/20\/dejeuner-des-champions\/#primaryimage"},"thumbnailUrl":"https:\/\/preprod.olympic.ca\/olympique\/wp-content\/uploads\/sites\/2\/2012\/09\/2012_09_20_coc_breakfast-3_resized16.jpg?quality=100","articleSection":["Nouvelles de l'equipe"],"inLanguage":"fr-FR","potentialAction":[{"@type":"CommentAction","name":"Comment","target":["https:\/\/preprod.olympic.ca\/olympique\/2012\/09\/20\/dejeuner-des-champions\/#respond"]}]},{"@type":"WebPage","@id":"https:\/\/preprod.olympic.ca\/olympique\/2012\/09\/20\/dejeuner-des-champions\/","url":"https:\/\/preprod.olympic.ca\/olympique\/2012\/09\/20\/dejeuner-des-champions\/","name":"D\u00e9jeuner des champions - \u00c9quipe Canada | Site officiel de l&#039;\u00e9quipe olympique","isPartOf":{"@id":"https:\/\/preprod.olympic.ca\/olympique\/#website"},"primaryImageOfPage":{"@id":"https:\/\/preprod.olympic.ca\/olympique\/2012\/09\/20\/dejeuner-des-champions\/#primaryimage"},"image":{"@id":"https:\/\/preprod.olympic.ca\/olympique\/2012\/09\/20\/dejeuner-des-champions\/#primaryimage"},"thumbnailUrl":"https:\/\/preprod.olympic.ca\/olympique\/wp-content\/uploads\/sites\/2\/2012\/09\/2012_09_20_coc_breakfast-3_resized16.jpg?quality=100","datePublished":"2012-09-20T21:18:29+00:00","author":{"@id":"https:\/\/preprod.olympic.ca\/olympique\/#\/schema\/person\/71d340cc825e058ae525fc2765f7c7ae"},"inLanguage":"fr-FR","potentialAction":[{"@type":"ReadAction","target":["https:\/\/preprod.olympic.ca\/olympique\/2012\/09\/20\/dejeuner-des-champions\/"]}]},{"@type":"ImageObject","inLanguage":"fr-FR","@id":"https:\/\/preprod.olympic.ca\/olympique\/2012\/09\/20\/dejeuner-des-champions\/#primaryimage","url":"https:\/\/preprod.olympic.ca\/olympique\/wp-content\/uploads\/sites\/2\/2012\/09\/2012_09_20_coc_breakfast-3_resized16.jpg?quality=100","contentUrl":"https:\/\/preprod.olympic.ca\/olympique\/wp-content\/uploads\/sites\/2\/2012\/09\/2012_09_20_coc_breakfast-3_resized16.jpg?quality=100","width":640,"height":425},{"@type":"WebSite","@id":"https:\/\/preprod.olympic.ca\/olympique\/#website","url":"https:\/\/preprod.olympic.ca\/olympique\/","name":"\u00c9quipe Canada | Site officiel de l&#039;\u00e9quipe olympique","description":"Votre source pour l\u2019\u00c9quipe olympique canadienne. Retrouvez les r\u00e9cits, vid\u00e9os et photos des athl\u00e8tes canadiens, sports olympiques, Jeux olympiques de 2020 et bien plus!","potentialAction":[{"@type":"SearchAction","target":{"@type":"EntryPoint","urlTemplate":"https:\/\/preprod.olympic.ca\/olympique\/?s={search_term_string}"},"query-input":{"@type":"PropertyValueSpecification","valueRequired":true,"valueName":"search_term_string"}}],"inLanguage":"fr-FR"},{"@type":"Person","@id":"https:\/\/preprod.olympic.ca\/olympique\/#\/schema\/person\/71d340cc825e058ae525fc2765f7c7ae","name":"Mark Nadolny","image":{"@type":"ImageObject","inLanguage":"fr-FR","@id":"https:\/\/secure.gravatar.com\/avatar\/fcfb5089af8db23b9347da3d181947b19f1cffb98b30f03fbe8f1973083d7e6b?s=96&d=identicon&r=g0693b2c18808f6337c03a29426292cc9","url":"https:\/\/secure.gravatar.com\/avatar\/fcfb5089af8db23b9347da3d181947b19f1cffb98b30f03fbe8f1973083d7e6b?s=96&d=identicon&r=g","contentUrl":"https:\/\/secure.gravatar.com\/avatar\/fcfb5089af8db23b9347da3d181947b19f1cffb98b30f03fbe8f1973083d7e6b?s=96&d=identicon&r=g","caption":"Mark Nadolny"},"description":"Digital Media for the Canadian Olympic Team, I do that.","url":"https:\/\/preprod.olympic.ca\/olympique\/author\/marknadonly\/"}]}},"jetpack_featured_media_url":"https:\/\/preprod.olympic.ca\/olympique\/wp-content\/uploads\/sites\/2\/2012\/09\/2012_09_20_coc_breakfast-3_resized16.jpg?quality=100","featured_image_url":"https:\/\/preprod.olympic.ca\/olympique\/wp-content\/uploads\/sites\/2\/2012\/09\/2012_09_20_coc_breakfast-3_resized16.jpg?quality=100","author_name":["Mark Nadolny"],"category_names":["Nouvelles de l'equipe"],"tag_names":[],"video_embed_code":"","facebook_video_embed_code":"","jetpack_sharing_enabled":true,"jetpack-related-posts":[],"jetpack_shortlink":"https:\/\/wp.me\/pcGHcP-b6G","_links":{"self":[{"href":"https:\/\/preprod.olympic.ca\/olympique\/wp-json\/wp\/v2\/posts\/42698","targetHints":{"allow":["GET"]}}],"collection":[{"href":"https:\/\/preprod.olympic.ca\/olympique\/wp-json\/wp\/v2\/posts"}],"about":[{"href":"https:\/\/preprod.olympic.ca\/olympique\/wp-json\/wp\/v2\/types\/post"}],"author":[{"embeddable":true,"href":"https:\/\/preprod.olympic.ca\/olympique\/wp-json\/wp\/v2\/users\/52435436"}],"replies":[{"embeddable":true,"href":"https:\/\/preprod.olympic.ca\/olympique\/wp-json\/wp\/v2\/comments?post=42698"}],"version-history":[{"count":0,"href":"https:\/\/preprod.olympic.ca\/olympique\/wp-json\/wp\/v2\/posts\/42698\/revisions"}],"wp:featuredmedia":[{"embeddable":true,"href":"https:\/\/preprod.olympic.ca\/olympique\/wp-json\/wp\/v2\/media\/42700"}],"wp:attachment":[{"href":"https:\/\/preprod.olympic.ca\/olympique\/wp-json\/wp\/v2\/media?parent=42698"}],"wp:term":[{"taxonomy":"category","embeddable":true,"href":"https:\/\/preprod.olympic.ca\/olympique\/wp-json\/wp\/v2\/categories?post=42698"},{"taxonomy":"post_tag","embeddable":true,"href":"https:\/\/preprod.olympic.ca\/olympique\/wp-json\/wp\/v2\/tags?post=42698"},{"taxonomy":"post_format","embeddable":true,"href":"https:\/\/preprod.olympic.ca\/olympique\/wp-json\/wp\/v2\/post_format?post=42698"},{"taxonomy":"sport","embeddable":true,"href":"https:\/\/preprod.olympic.ca\/olympique\/wp-json\/wp\/v2\/sport?post=42698"},{"taxonomy":"game","embeddable":true,"href":"https:\/\/preprod.olympic.ca\/olympique\/wp-json\/wp\/v2\/game?post=42698"},{"taxonomy":"author","embeddable":true,"href":"https:\/\/preprod.olympic.ca\/olympique\/wp-json\/wp\/v2\/coauthors?post=42698"}],"curies":[{"name":"wp","href":"https:\/\/api.w.org\/{rel}","templated":true}]}}