{"id":42732,"date":"2012-09-21T00:33:46","date_gmt":"2012-09-21T04:33:46","guid":{"rendered":"http:\/\/preprod.olympic.ca\/?p=42732"},"modified":"2012-09-21T00:33:46","modified_gmt":"2012-09-21T04:33:46","slug":"tournee-des-heros-ottawa","status":"publish","type":"post","link":"https:\/\/preprod.olympic.ca\/olympique\/2012\/09\/21\/tournee-des-heros-ottawa\/","title":{"rendered":"Tourn\u00e9e des h\u00e9ros \u2013 Ottawa"},"content":{"rendered":"<p><strong>TORONTO \u2013<\/strong>\u00a0Dans le cadre de la C\u00e9l\u00e9bration de l\u2019excellence\u00a02012, des membres des \u00e9quipes olympique et paralympique canadiennes \u00e9taient \u00e0 Toronto aujourd\u2019hui pour visiter des \u00e9coles et des h\u00f4pitaux et rencontrer des \u00e9lus, alors que les intronis\u00e9s au Temple de la renomm\u00e9e olympique du Canada 2012 ont particip\u00e9 \u00e0 un \u00e9v\u00e9nement m\u00e9diatique.<\/p>\n<p>Les athl\u00e8tes ont commenc\u00e9 la journ\u00e9e avec le D\u00e9jeuner des jeunes et des Olympiens offert par General Mills au Maple Leaf Gardens.<\/p>\n<p>\u00ab\u00a0Les Jeux olympiques sont un \u00e9v\u00e9nement d\u2019une telle envergure qu\u2019il est difficile pour certains de ces enfants de les imaginer, a d\u00e9clar\u00e9 le joueur de volleyball de plage olympique, Martin Reader. Il est important pour nous d\u2019\u00eatre des ambassadeurs du sport international et de nos sports respectifs pour permettre \u00e0 ces enfants de partager notre sport, notre passion, notre d\u00e9termination et tout ce que le sport nous apporte.\u00a0\u00bb<\/p>\n<p>Les visites d\u2019\u00e9coles \u00e9taient la prochaine \u00e9tape du programme, alors que les athl\u00e8tes inspiraient les jeunes partisans \u00e0 \u00eatre actifs et \u00e0 suivre leurs r\u00eaves.<\/p>\n<p>\u00ab\u00a0Voir ces enfants et leurs regards, c\u2019est honn\u00eatement l\u2019une des meilleures choses qui me soient arriv\u00e9es en remportant cette m\u00e9daille,\u00a0 en rentrant \u00e0 la maison avec elle et en la partageant avec les enfants, a d\u00e9clar\u00e9 le m\u00e9daill\u00e9 de bronze olympique 2012, Mark Oldershaw. Ils sont tellement excit\u00e9s. Je souhaite qu\u2019ils essaient diff\u00e9rentes choses \u2013 que ce soit dans le sport, les arts ou n\u2019importe quoi d\u2019autre &#8212; afin de trouver leur passion.\u00a0\u00bb<\/p>\n<p>Les h\u00f4pitaux Hospital for Sick Children et Holland Bloorview Kids Rehabilitation Hospital ont \u00e9galement accueilli les invit\u00e9s olympiques et paralympiques, alors que les athl\u00e8tes visitaient les patients.<\/p>\n<p>\u00ab\u00a0Tisser des liens avec de jeunes enfants qui vivent les m\u00eames choses que j\u2019avais v\u00e9cues il y a quelques ann\u00e9es est important pour moi, a d\u00e9clar\u00e9 Summer Mortimer, quadruple m\u00e9daill\u00e9e paralympique de 2012. C\u2019est un plaisir de leur montrer la m\u00e9daille d\u2019or, car elle leur permet d\u2019envisager les choses de mani\u00e8re positive, et j\u2019esp\u00e8re que cela les encouragera \u00e0 s\u2019adonner au sport et de participer.\u00a0\u00bb<\/p>\n<p>La Tourn\u00e9e des h\u00e9ros olympiques et paralympiques canadiens s\u2019est \u00e9galement arr\u00eat\u00e9e \u00e0 Queen\u2019s Park, o\u00f9 les participants ont \u00e9t\u00e9 re\u00e7us par le premier ministre de l\u2019Ontario Dalton McGuinty et le lieutenant-gouverneur David C. Onley.<\/p>\n<p>La promotion\u00a02012 des intronis\u00e9s au Temple de la renomm\u00e9e olympique du Canada 2012 a rencontr\u00e9 les m\u00e9dias au cours d\u2019un \u00e9v\u00e9nement qui s\u2019est tenu au \u00a0Air Canada Centre en pr\u00e9lude au d\u00eener de gala et \u00e0 la c\u00e9r\u00e9monie d\u2019intronisation.<\/p>\n<p>\u00ab\u00a0C\u2019est un v\u00e9ritable honneur. C\u2019est quelque chose qu\u2019on souhaite, mais sur laquelle nous n\u2019avons aucun contr\u00f4le, a comment\u00e9 Jean-Luc Brassard, skieur acrobatique intronis\u00e9 au Temple de la renomm\u00e9e olympique du Canada 2012. \u00catre choisi parmi ce groupe extraordinaire d\u2019athl\u00e8tes, que j\u2019ai admir\u00e9 durant ma carri\u00e8re et m\u00eame apr\u00e8s, est tout simplement merveilleux. Cela me fait revivre des souvenirs de la p\u00e9riode o\u00f9 j\u2019\u00e9tais un athl\u00e8te et que j\u2019esp\u00e9rais faire partie de ce groupe s\u00e9lect.\u00a0\u00bb<\/p>\n<p>\u00ab\u00a0C\u2019est un immense honneur d\u2019\u00eatre intronis\u00e9e au Temple de la renomm\u00e9e, a ajout\u00e9 l\u2019entra\u00eeneuse Julie Sauv\u00e9, intronis\u00e9e au Temple de la renomm\u00e9e olympique du Canada 2012. Je suis heureuse, apr\u00e8s toutes ces ann\u00e9es de travail. Trente-cinq ans, et cela arrive aujourd\u2019hui. Tant d\u2019entra\u00eeneurs travaillent durant de nombreuses ann\u00e9es et ne sont jamais intronis\u00e9s. Pour moi, c\u2019est comme si je recevais une m\u00e9daille d\u2019or aujourd\u2019hui.\u00a0\u00bb<\/p>\n<p>\u00ab\u00a0Je suis tr\u00e8s honor\u00e9 d\u2019\u00eatre ici, et Sarah serait aussi honor\u00e9e, a comment\u00e9 Rory Bushfield, mari de Sara Burke, intronis\u00e9e au Temple de la renomm\u00e9e olympique du Canada 2012 en tant que b\u00e2tisseuse. Je pense que c\u2019est formidable qu\u2019elle soit reconnue pour tout son travail.\u00a0\u00bb<\/p>\n<p>\u00ab\u00a0Apr\u00e8s avoir travaill\u00e9 pendant plusieurs ann\u00e9es avec de nombreux coll\u00e8gues, entra\u00eeneurs et athl\u00e8tes au Comit\u00e9 olympique canadien, cela fait chaud au c\u0153ur de savoir qu\u2019ils valorisent ma contribution \u00e0 un point tel qu\u2019ils aient d\u00e9cid\u00e9 de me d\u00e9cerner le plus grand honneur de l\u2019association, a d\u00e9clar\u00e9 Michael Chambers, qui a re\u00e7u l\u2019Ordre olympique du Canada.\u00a0\u00bb<\/p>\n<div class=\"tiled-gallery type-rectangular tiled-gallery-unresized\" data-original-width=\"1360\" data-carousel-extra='null' itemscope itemtype=\"http:\/\/schema.org\/ImageGallery\" > <div class=\"gallery-row\" style=\"width: 1360px; height: 606px;\" data-original-width=\"1360\" data-original-height=\"606\" > <div class=\"gallery-group images-1\" style=\"width: 907px; height: 606px;\" data-original-width=\"907\" data-original-height=\"606\" > <div class=\"tiled-gallery-item tiled-gallery-item-large\" itemprop=\"associatedMedia\" itemscope itemtype=\"http:\/\/schema.org\/ImageObject\"> <a href=\"https:\/\/preprod.olympic.ca\/olympique\/wp-content\/uploads\/sites\/2\/2012\/09\/arjan-bhullar-bloorview_r16.jpg?quality=100&#038;strip\" border=\"0\" itemprop=\"url\"> <meta itemprop=\"width\" content=\"903\"> <meta itemprop=\"height\" content=\"602\"> <img decoding=\"async\" data-recalc-dims=\"1\" class=\"\" data-attachment-id=\"42765\" data-orig-file=\"https:\/\/preprod.olympic.ca\/olympique\/wp-content\/uploads\/sites\/2\/2012\/09\/arjan-bhullar-bloorview_r16.jpg?quality=100\" data-orig-size=\"720,480\" data-comments-opened=\"1\" data-image-meta=\"{&quot;aperture&quot;:&quot;4&quot;,&quot;credit&quot;:&quot;&quot;,&quot;camera&quot;:&quot;Canon EOS 5D Mark II&quot;,&quot;caption&quot;:&quot;&quot;,&quot;created_timestamp&quot;:&quot;1348152795&quot;,&quot;copyright&quot;:&quot;&quot;,&quot;focal_length&quot;:&quot;35&quot;,&quot;iso&quot;:&quot;3200&quot;,&quot;shutter_speed&quot;:&quot;0.033333333333333&quot;,&quot;title&quot;:&quot;&quot;}\" data-image-title=\"Arjan Bhullar Bloorview_r\" data-image-description=\"&lt;p&gt;Le lutteur olympique canadien de 2012 Arjan Bhullar en compagnie d\u2019un jeune partisan au Holland Bloorview Rehabilitation Hospital \u00e0 Toronto, le jeudi 20 septembre 2012. La visite faisait partie de la Tourn\u00e9e des h\u00e9ros olympiques canadiens.&lt;br \/&gt; Photo du COC par George Fadel&lt;\/p&gt; \" data-medium-file=\"https:\/\/preprod.olympic.ca\/olympique\/wp-content\/uploads\/sites\/2\/2012\/09\/arjan-bhullar-bloorview_r16.jpg?quality=100&#038;w=557\" data-large-file=\"https:\/\/preprod.olympic.ca\/olympique\/wp-content\/uploads\/sites\/2\/2012\/09\/arjan-bhullar-bloorview_r16.jpg?quality=100&#038;w=720\" src=\"https:\/\/preprod.olympic.ca\/olympique\/wp-content\/uploads\/sites\/2\/2012\/09\/arjan-bhullar-bloorview_r16.jpg?quality=100&#038;w=903&#038;h=602&#038;strip&#038;resize=903%2C602\" srcset=\"https:\/\/preprod.olympic.ca\/olympique\/wp-content\/uploads\/sites\/2\/2012\/09\/arjan-bhullar-bloorview_r16.jpg 720w, https:\/\/preprod.olympic.ca\/olympique\/wp-content\/uploads\/sites\/2\/2012\/09\/arjan-bhullar-bloorview_r16.jpg?resize=237,158 237w, https:\/\/preprod.olympic.ca\/olympique\/wp-content\/uploads\/sites\/2\/2012\/09\/arjan-bhullar-bloorview_r16.jpg?resize=557,371 557w\" width=\"903\" height=\"602\" loading=\"lazy\" data-original-width=\"903\" data-original-height=\"602\" itemprop=\"http:\/\/schema.org\/image\" title=\"Arjan Bhullar Bloorview_r\" alt=\"Arjan Bhullar Bloorview_r\" style=\"width: 903px; height: 602px;\" \/> <\/a> <\/div> <\/div> <!-- close group --> <div class=\"gallery-group images-2\" style=\"width: 453px; height: 606px;\" data-original-width=\"453\" data-original-height=\"606\" > <div class=\"tiled-gallery-item tiled-gallery-item-large\" itemprop=\"associatedMedia\" itemscope itemtype=\"http:\/\/schema.org\/ImageObject\"> <a href=\"https:\/\/preprod.olympic.ca\/olympique\/wp-content\/uploads\/sites\/2\/2012\/09\/spencer-bloorview_r16.jpg?quality=100&#038;strip\" border=\"0\" itemprop=\"url\"> <meta itemprop=\"width\" content=\"449\"> <meta itemprop=\"height\" content=\"299\"> <img decoding=\"async\" data-recalc-dims=\"1\" class=\"\" data-attachment-id=\"42771\" data-orig-file=\"https:\/\/preprod.olympic.ca\/olympique\/wp-content\/uploads\/sites\/2\/2012\/09\/spencer-bloorview_r16.jpg?quality=100\" data-orig-size=\"720,480\" data-comments-opened=\"1\" data-image-meta=\"{&quot;aperture&quot;:&quot;4&quot;,&quot;credit&quot;:&quot;&quot;,&quot;camera&quot;:&quot;Canon EOS 5D Mark II&quot;,&quot;caption&quot;:&quot;&quot;,&quot;created_timestamp&quot;:&quot;1348150522&quot;,&quot;copyright&quot;:&quot;&quot;,&quot;focal_length&quot;:&quot;67&quot;,&quot;iso&quot;:&quot;3200&quot;,&quot;shutter_speed&quot;:&quot;0.025&quot;,&quot;title&quot;:&quot;&quot;}\" data-image-title=\"Spencer Bloorview_r\" data-image-description=\"&lt;p&gt;La boxeuse olympique de 2012 Mary Spencer pose avec un jeune partisan au Holland Bloorview Rehabilitation Hospital \u00e0 Toronto, le jeudi 20 septembre 2012. La visite faisait partie de la Tourn\u00e9e des h\u00e9ros olympiques canadiens.&lt;br \/&gt; Photo du COC par George Fadel&lt;\/p&gt; \" data-medium-file=\"https:\/\/preprod.olympic.ca\/olympique\/wp-content\/uploads\/sites\/2\/2012\/09\/spencer-bloorview_r16.jpg?quality=100&#038;w=557\" data-large-file=\"https:\/\/preprod.olympic.ca\/olympique\/wp-content\/uploads\/sites\/2\/2012\/09\/spencer-bloorview_r16.jpg?quality=100&#038;w=720\" src=\"https:\/\/preprod.olympic.ca\/olympique\/wp-content\/uploads\/sites\/2\/2012\/09\/spencer-bloorview_r16.jpg?quality=100&#038;w=449&#038;h=299&#038;strip&#038;resize=449%2C299\" srcset=\"https:\/\/preprod.olympic.ca\/olympique\/wp-content\/uploads\/sites\/2\/2012\/09\/spencer-bloorview_r16.jpg 720w, https:\/\/preprod.olympic.ca\/olympique\/wp-content\/uploads\/sites\/2\/2012\/09\/spencer-bloorview_r16.jpg?resize=237,158 237w, https:\/\/preprod.olympic.ca\/olympique\/wp-content\/uploads\/sites\/2\/2012\/09\/spencer-bloorview_r16.jpg?resize=557,371 557w\" width=\"449\" height=\"299\" loading=\"lazy\" data-original-width=\"449\" data-original-height=\"299\" itemprop=\"http:\/\/schema.org\/image\" title=\"Spencer Bloorview_r\" alt=\"Spencer Bloorview_r\" style=\"width: 449px; height: 299px;\" \/> <\/a> <\/div> <div class=\"tiled-gallery-item tiled-gallery-item-large\" itemprop=\"associatedMedia\" itemscope itemtype=\"http:\/\/schema.org\/ImageObject\"> <a href=\"https:\/\/preprod.olympic.ca\/olympique\/wp-content\/uploads\/sites\/2\/2012\/09\/avk-lg-reception_r16.jpg?quality=100&#038;strip\" border=\"0\" itemprop=\"url\"> <meta itemprop=\"width\" content=\"449\"> <meta itemprop=\"height\" content=\"299\"> <img decoding=\"async\" data-recalc-dims=\"1\" class=\"\" data-attachment-id=\"42766\" data-orig-file=\"https:\/\/preprod.olympic.ca\/olympique\/wp-content\/uploads\/sites\/2\/2012\/09\/avk-lg-reception_r16.jpg?quality=100\" data-orig-size=\"900,600\" data-comments-opened=\"1\" data-image-meta=\"{&quot;aperture&quot;:&quot;4&quot;,&quot;credit&quot;:&quot;&quot;,&quot;camera&quot;:&quot;Canon EOS 5D Mark II&quot;,&quot;caption&quot;:&quot;&quot;,&quot;created_timestamp&quot;:&quot;1348159917&quot;,&quot;copyright&quot;:&quot;&quot;,&quot;focal_length&quot;:&quot;24&quot;,&quot;iso&quot;:&quot;4000&quot;,&quot;shutter_speed&quot;:&quot;0.066666666666667&quot;,&quot;title&quot;:&quot;&quot;}\" data-image-title=\"AVK LG reception_r\" data-image-description=\"&lt;p&gt;Le v\u00e9t\u00e9ran de l\u2019\u00c9quipe olympique canadienne et m\u00e9daill\u00e9 d\u2019argent des Jeux de Londres 2012 en kayak Adam van Koeverden, \u00e0 gauche, pose avec un huard chanceux en compagnie de l\u2019honorable David C. Onley, le lieutenant-gouverneur de l\u2019Ontario au cours d\u2019une r\u00e9ception donn\u00e9e dans la suite du lieutenant-gouverneur \u00e0 Queen\u2019s Park \u00e0 Toronto, le 20 septembre 2012.&lt;br \/&gt; Photo du COC par Joe Barnett&lt;\/p&gt; \" data-medium-file=\"https:\/\/preprod.olympic.ca\/olympique\/wp-content\/uploads\/sites\/2\/2012\/09\/avk-lg-reception_r16.jpg?quality=100&#038;w=557\" data-large-file=\"https:\/\/preprod.olympic.ca\/olympique\/wp-content\/uploads\/sites\/2\/2012\/09\/avk-lg-reception_r16.jpg?quality=100&#038;w=900\" src=\"https:\/\/preprod.olympic.ca\/olympique\/wp-content\/uploads\/sites\/2\/2012\/09\/avk-lg-reception_r16.jpg?quality=100&#038;w=449&#038;h=299&#038;strip&#038;resize=449%2C299\" srcset=\"https:\/\/preprod.olympic.ca\/olympique\/wp-content\/uploads\/sites\/2\/2012\/09\/avk-lg-reception_r16.jpg 900w, https:\/\/preprod.olympic.ca\/olympique\/wp-content\/uploads\/sites\/2\/2012\/09\/avk-lg-reception_r16.jpg?resize=237,158 237w, https:\/\/preprod.olympic.ca\/olympique\/wp-content\/uploads\/sites\/2\/2012\/09\/avk-lg-reception_r16.jpg?resize=557,371 557w, https:\/\/preprod.olympic.ca\/olympique\/wp-content\/uploads\/sites\/2\/2012\/09\/avk-lg-reception_r16.jpg?resize=768,512 768w\" width=\"449\" height=\"299\" loading=\"lazy\" data-original-width=\"449\" data-original-height=\"299\" itemprop=\"http:\/\/schema.org\/image\" title=\"AVK LG reception_r\" alt=\"AVK LG reception_r\" style=\"width: 449px; height: 299px;\" \/> <\/a> <\/div> <\/div> <!-- close group --> <\/div> <!-- close row --> <div class=\"gallery-row\" style=\"width: 1360px; height: 263px;\" data-original-width=\"1360\" data-original-height=\"263\" > <div class=\"gallery-group images-1\" style=\"width: 394px; height: 263px;\" data-original-width=\"394\" data-original-height=\"263\" > <div class=\"tiled-gallery-item tiled-gallery-item-large\" itemprop=\"associatedMedia\" itemscope itemtype=\"http:\/\/schema.org\/ImageObject\"> <a href=\"https:\/\/preprod.olympic.ca\/olympique\/wp-content\/uploads\/sites\/2\/2012\/09\/whitfield-sick-kids_r16.jpg?quality=100&#038;strip\" border=\"0\" itemprop=\"url\"> <meta itemprop=\"width\" content=\"390\"> <meta itemprop=\"height\" content=\"259\"> <img decoding=\"async\" data-recalc-dims=\"1\" class=\"\" data-attachment-id=\"42772\" data-orig-file=\"https:\/\/preprod.olympic.ca\/olympique\/wp-content\/uploads\/sites\/2\/2012\/09\/whitfield-sick-kids_r16.jpg?quality=100\" data-orig-size=\"955,634\" data-comments-opened=\"1\" data-image-meta=\"{&quot;aperture&quot;:&quot;2.8&quot;,&quot;credit&quot;:&quot;Winston Chow&quot;,&quot;camera&quot;:&quot;NIKON D300S&quot;,&quot;caption&quot;:&quot;&quot;,&quot;created_timestamp&quot;:&quot;1348147389&quot;,&quot;copyright&quot;:&quot;(C) Winston Chow Photography&quot;,&quot;focal_length&quot;:&quot;44&quot;,&quot;iso&quot;:&quot;1600&quot;,&quot;shutter_speed&quot;:&quot;0.025&quot;,&quot;title&quot;:&quot;&quot;}\" data-image-title=\"Whitfield Sick Kids_r\" data-image-description=\"&lt;p&gt;Le double m\u00e9daill\u00e9 olympique en triathlon Simon Whitfield joue au hockey de table avec un jeune partisan au Hospital for Sick Children \u00e0 Toronto, le jeudi 20 septembre 2012. La visite faisait partie de la Tourn\u00e9e des h\u00e9ros olympiques canadiens.&lt;br \/&gt; Photo du COC par Winston Chow&lt;\/p&gt; \" data-medium-file=\"https:\/\/preprod.olympic.ca\/olympique\/wp-content\/uploads\/sites\/2\/2012\/09\/whitfield-sick-kids_r16.jpg?quality=100&#038;w=559\" data-large-file=\"https:\/\/preprod.olympic.ca\/olympique\/wp-content\/uploads\/sites\/2\/2012\/09\/whitfield-sick-kids_r16.jpg?quality=100&#038;w=955\" src=\"https:\/\/preprod.olympic.ca\/olympique\/wp-content\/uploads\/sites\/2\/2012\/09\/whitfield-sick-kids_r16.jpg?quality=100&#038;w=390&#038;h=259&#038;strip&#038;resize=390%2C259\" srcset=\"https:\/\/preprod.olympic.ca\/olympique\/wp-content\/uploads\/sites\/2\/2012\/09\/whitfield-sick-kids_r16.jpg 955w, https:\/\/preprod.olympic.ca\/olympique\/wp-content\/uploads\/sites\/2\/2012\/09\/whitfield-sick-kids_r16.jpg?resize=238,158 238w, https:\/\/preprod.olympic.ca\/olympique\/wp-content\/uploads\/sites\/2\/2012\/09\/whitfield-sick-kids_r16.jpg?resize=559,371 559w, https:\/\/preprod.olympic.ca\/olympique\/wp-content\/uploads\/sites\/2\/2012\/09\/whitfield-sick-kids_r16.jpg?resize=768,510 768w\" width=\"390\" height=\"259\" loading=\"lazy\" data-original-width=\"390\" data-original-height=\"259\" itemprop=\"http:\/\/schema.org\/image\" title=\"Whitfield Sick Kids_r\" alt=\"Whitfield Sick Kids_r\" style=\"width: 390px; height: 259px;\" \/> <\/a> <\/div> <\/div> <!-- close group --> <div class=\"gallery-group images-1\" style=\"width: 177px; height: 263px;\" data-original-width=\"177\" data-original-height=\"263\" > <div class=\"tiled-gallery-item tiled-gallery-item-small\" itemprop=\"associatedMedia\" itemscope itemtype=\"http:\/\/schema.org\/ImageObject\"> <a href=\"https:\/\/preprod.olympic.ca\/olympique\/wp-content\/uploads\/sites\/2\/2012\/09\/benoit-huot-mcdonald-house_r16.jpg?quality=100&#038;strip\" border=\"0\" itemprop=\"url\"> <meta itemprop=\"width\" content=\"173\"> <meta itemprop=\"height\" content=\"259\"> <img decoding=\"async\" data-recalc-dims=\"1\" class=\"\" data-attachment-id=\"42767\" data-orig-file=\"https:\/\/preprod.olympic.ca\/olympique\/wp-content\/uploads\/sites\/2\/2012\/09\/benoit-huot-mcdonald-house_r16.jpg?quality=100\" data-orig-size=\"720,1080\" data-comments-opened=\"1\" data-image-meta=\"{&quot;aperture&quot;:&quot;3.5&quot;,&quot;credit&quot;:&quot;&quot;,&quot;camera&quot;:&quot;Canon EOS REBEL T1i&quot;,&quot;caption&quot;:&quot;&quot;,&quot;created_timestamp&quot;:&quot;1316628841&quot;,&quot;copyright&quot;:&quot;&quot;,&quot;focal_length&quot;:&quot;23&quot;,&quot;iso&quot;:&quot;1250&quot;,&quot;shutter_speed&quot;:&quot;0.033333333333333&quot;,&quot;title&quot;:&quot;&quot;}\" data-image-title=\"Benoit Huot McDonald House_r\" data-image-description=\"&lt;p&gt;Le m\u00e9daill\u00e9 d\u2019or, d\u2019argent et de bronze paralympique, Benoit Huot partage sa m\u00e9daille avec un patient au Manoir Ronald McDonald \u00e0 Toronto, le 20 septembre 2012, dans le cadre de la Tourn\u00e9e des h\u00e9ros olympiques.&lt;br \/&gt; Photo du COC par Mike Davis&lt;\/p&gt; \" data-medium-file=\"https:\/\/preprod.olympic.ca\/olympique\/wp-content\/uploads\/sites\/2\/2012\/09\/benoit-huot-mcdonald-house_r16.jpg?quality=100&#038;w=247\" data-large-file=\"https:\/\/preprod.olympic.ca\/olympique\/wp-content\/uploads\/sites\/2\/2012\/09\/benoit-huot-mcdonald-house_r16.jpg?quality=100&#038;w=503\" src=\"https:\/\/preprod.olympic.ca\/olympique\/wp-content\/uploads\/sites\/2\/2012\/09\/benoit-huot-mcdonald-house_r16.jpg?quality=100&#038;w=173&#038;h=259&#038;strip&#038;resize=173%2C259\" srcset=\"https:\/\/preprod.olympic.ca\/olympique\/wp-content\/uploads\/sites\/2\/2012\/09\/benoit-huot-mcdonald-house_r16.jpg 720w, https:\/\/preprod.olympic.ca\/olympique\/wp-content\/uploads\/sites\/2\/2012\/09\/benoit-huot-mcdonald-house_r16.jpg?resize=105,158 105w, https:\/\/preprod.olympic.ca\/olympique\/wp-content\/uploads\/sites\/2\/2012\/09\/benoit-huot-mcdonald-house_r16.jpg?resize=247,371 247w, https:\/\/preprod.olympic.ca\/olympique\/wp-content\/uploads\/sites\/2\/2012\/09\/benoit-huot-mcdonald-house_r16.jpg?resize=503,754 503w\" width=\"173\" height=\"259\" loading=\"lazy\" data-original-width=\"173\" data-original-height=\"259\" itemprop=\"http:\/\/schema.org\/image\" title=\"Benoit Huot McDonald House_r\" alt=\"Benoit Huot McDonald House_r\" style=\"width: 173px; height: 259px;\" \/> <\/a> <\/div> <\/div> <!-- close group --> <div class=\"gallery-group images-1\" style=\"width: 395px; height: 263px;\" data-original-width=\"395\" data-original-height=\"263\" > <div class=\"tiled-gallery-item tiled-gallery-item-large\" itemprop=\"associatedMedia\" itemscope itemtype=\"http:\/\/schema.org\/ImageObject\"> <a href=\"https:\/\/preprod.olympic.ca\/olympique\/wp-content\/uploads\/sites\/2\/2012\/09\/brian-price-sick-kids-2_r16.jpg?quality=100&#038;strip\" border=\"0\" itemprop=\"url\"> <meta itemprop=\"width\" content=\"391\"> <meta itemprop=\"height\" content=\"259\"> <img decoding=\"async\" data-recalc-dims=\"1\" class=\"\" data-attachment-id=\"42768\" data-orig-file=\"https:\/\/preprod.olympic.ca\/olympique\/wp-content\/uploads\/sites\/2\/2012\/09\/brian-price-sick-kids-2_r16.jpg?quality=100\" data-orig-size=\"1029,683\" data-comments-opened=\"1\" data-image-meta=\"{&quot;aperture&quot;:&quot;2.8&quot;,&quot;credit&quot;:&quot;Winston Chow&quot;,&quot;camera&quot;:&quot;NIKON D300S&quot;,&quot;caption&quot;:&quot;&quot;,&quot;created_timestamp&quot;:&quot;1348147591&quot;,&quot;copyright&quot;:&quot;(C) Winston Chow Photography&quot;,&quot;focal_length&quot;:&quot;32&quot;,&quot;iso&quot;:&quot;1600&quot;,&quot;shutter_speed&quot;:&quot;0.01&quot;,&quot;title&quot;:&quot;&quot;}\" data-image-title=\"Brian Price Sick Kids 2_r\" data-image-description=\"&lt;p&gt;Le double m\u00e9daill\u00e9 olympique en aviron Brian Price partage sa m\u00e9daille d\u2019argent olympique de 2012 avec un jeune partisan au Hospital for Sick Children \u00e0 Toronto, le jeudi 20 septembre 2012. La visite faisait partie de la Tourn\u00e9e des h\u00e9ros olympiques canadiens.&lt;br \/&gt; Photo du COC par Winston Chow&lt;\/p&gt; \" data-medium-file=\"https:\/\/preprod.olympic.ca\/olympique\/wp-content\/uploads\/sites\/2\/2012\/09\/brian-price-sick-kids-2_r16.jpg?quality=100&#038;w=559\" data-large-file=\"https:\/\/preprod.olympic.ca\/olympique\/wp-content\/uploads\/sites\/2\/2012\/09\/brian-price-sick-kids-2_r16.jpg?quality=100&#038;w=1029\" src=\"https:\/\/preprod.olympic.ca\/olympique\/wp-content\/uploads\/sites\/2\/2012\/09\/brian-price-sick-kids-2_r16.jpg?quality=100&#038;w=391&#038;h=259&#038;strip&#038;resize=391%2C259\" srcset=\"https:\/\/preprod.olympic.ca\/olympique\/wp-content\/uploads\/sites\/2\/2012\/09\/brian-price-sick-kids-2_r16.jpg 1029w, https:\/\/preprod.olympic.ca\/olympique\/wp-content\/uploads\/sites\/2\/2012\/09\/brian-price-sick-kids-2_r16.jpg?resize=238,158 238w, https:\/\/preprod.olympic.ca\/olympique\/wp-content\/uploads\/sites\/2\/2012\/09\/brian-price-sick-kids-2_r16.jpg?resize=559,371 559w, https:\/\/preprod.olympic.ca\/olympique\/wp-content\/uploads\/sites\/2\/2012\/09\/brian-price-sick-kids-2_r16.jpg?resize=768,510 768w\" width=\"391\" height=\"259\" loading=\"lazy\" data-original-width=\"391\" data-original-height=\"259\" itemprop=\"http:\/\/schema.org\/image\" title=\"Brian Price Sick Kids 2_r\" alt=\"Brian Price Sick Kids 2_r\" style=\"width: 391px; height: 259px;\" \/> <\/a> <\/div> <\/div> <!-- close group --> <div class=\"gallery-group images-1\" style=\"width: 394px; height: 263px;\" data-original-width=\"394\" data-original-height=\"263\" > <div class=\"tiled-gallery-item tiled-gallery-item-large\" itemprop=\"associatedMedia\" itemscope itemtype=\"http:\/\/schema.org\/ImageObject\"> <a href=\"https:\/\/preprod.olympic.ca\/olympique\/wp-content\/uploads\/sites\/2\/2012\/09\/sick-kids-group_r16.jpg?quality=100&#038;strip\" border=\"0\" itemprop=\"url\"> <meta itemprop=\"width\" content=\"390\"> <meta itemprop=\"height\" content=\"259\"> <img decoding=\"async\" data-recalc-dims=\"1\" class=\"\" data-attachment-id=\"42770\" data-orig-file=\"https:\/\/preprod.olympic.ca\/olympique\/wp-content\/uploads\/sites\/2\/2012\/09\/sick-kids-group_r16.jpg?quality=100\" data-orig-size=\"986,655\" data-comments-opened=\"1\" data-image-meta=\"{&quot;aperture&quot;:&quot;2.8&quot;,&quot;credit&quot;:&quot;&quot;,&quot;camera&quot;:&quot;NIKON D90&quot;,&quot;caption&quot;:&quot;&quot;,&quot;created_timestamp&quot;:&quot;1348147804&quot;,&quot;copyright&quot;:&quot;&quot;,&quot;focal_length&quot;:&quot;13&quot;,&quot;iso&quot;:&quot;1250&quot;,&quot;shutter_speed&quot;:&quot;0.0125&quot;,&quot;title&quot;:&quot;&quot;}\" data-image-title=\"Sick Kids Group_r\" data-image-description=\"&lt;p&gt;Les Olympiens et Paralympiens canadiens font du bricolage avec de jeunes partisans au Hospital for Sick Children \u00e0 Toronto, le jeudi 20 septembre 2012. La visite faisait partie de la Tourn\u00e9e des h\u00e9ros olympiques canadiens.&lt;br \/&gt; Photo du COC par Winston Chow&lt;\/p&gt; \" data-medium-file=\"https:\/\/preprod.olympic.ca\/olympique\/wp-content\/uploads\/sites\/2\/2012\/09\/sick-kids-group_r16.jpg?quality=100&#038;w=558\" data-large-file=\"https:\/\/preprod.olympic.ca\/olympique\/wp-content\/uploads\/sites\/2\/2012\/09\/sick-kids-group_r16.jpg?quality=100&#038;w=986\" src=\"https:\/\/preprod.olympic.ca\/olympique\/wp-content\/uploads\/sites\/2\/2012\/09\/sick-kids-group_r16.jpg?quality=100&#038;w=390&#038;h=259&#038;strip&#038;resize=390%2C259\" srcset=\"https:\/\/preprod.olympic.ca\/olympique\/wp-content\/uploads\/sites\/2\/2012\/09\/sick-kids-group_r16.jpg 986w, https:\/\/preprod.olympic.ca\/olympique\/wp-content\/uploads\/sites\/2\/2012\/09\/sick-kids-group_r16.jpg?resize=238,158 238w, https:\/\/preprod.olympic.ca\/olympique\/wp-content\/uploads\/sites\/2\/2012\/09\/sick-kids-group_r16.jpg?resize=558,371 558w, https:\/\/preprod.olympic.ca\/olympique\/wp-content\/uploads\/sites\/2\/2012\/09\/sick-kids-group_r16.jpg?resize=768,510 768w\" width=\"390\" height=\"259\" loading=\"lazy\" data-original-width=\"390\" data-original-height=\"259\" itemprop=\"http:\/\/schema.org\/image\" title=\"Sick Kids Group_r\" alt=\"Sick Kids Group_r\" style=\"width: 390px; height: 259px;\" \/> <\/a> <\/div> <\/div> <!-- close group --> <\/div> <!-- close row --> <\/div>\n","protected":false},"excerpt":{"rendered":"<p>TORONTO \u2013\u00a0Dans le cadre de la C\u00e9l\u00e9bration de l\u2019excellence\u00a02012, des membres des \u00e9quipes olympique et paralympique canadiennes \u00e9taient \u00e0 Toronto&#8230;<\/p>\n","protected":false},"author":52435436,"featured_media":42768,"comment_status":"open","ping_status":"open","sticky":false,"template":"","format":"standard","meta":{"_acf_changed":false,"_jetpack_memberships_contains_paid_content":false,"footnotes":""},"categories":[70121],"tags":[],"post_format":"standard","sport":[],"game":[],"coauthors":[187838302],"class_list":["post-42732","post","type-post","status-publish","format-standard","has-post-thumbnail","hentry","category-equipe"],"acf":[],"yoast_head":"<!-- This site is optimized with the Yoast SEO plugin v27.3 - https:\/\/yoast.com\/product\/yoast-seo-wordpress\/ -->\n<title>Tourn\u00e9e des h\u00e9ros \u2013 Ottawa - \u00c9quipe Canada | Site officiel de l&#039;\u00e9quipe olympique<\/title>\n<meta name=\"robots\" content=\"index, follow, max-snippet:-1, max-image-preview:large, max-video-preview:-1\" \/>\n<link rel=\"canonical\" href=\"https:\/\/preprod.olympic.ca\/olympique\/2012\/09\/21\/tournee-des-heros-ottawa\/\" \/>\n<meta property=\"og:locale\" content=\"fr_FR\" \/>\n<meta property=\"og:type\" content=\"article\" \/>\n<meta property=\"og:title\" content=\"Tourn\u00e9e des h\u00e9ros \u2013 Ottawa - \u00c9quipe Canada | Site officiel de l&#039;\u00e9quipe olympique\" \/>\n<meta property=\"og:description\" content=\"TORONTO \u2013\u00a0Dans le cadre de la C\u00e9l\u00e9bration de l\u2019excellence\u00a02012, des membres des \u00e9quipes olympique et paralympique canadiennes \u00e9taient \u00e0 Toronto...\" \/>\n<meta property=\"og:url\" content=\"https:\/\/preprod.olympic.ca\/olympique\/2012\/09\/21\/tournee-des-heros-ottawa\/\" \/>\n<meta property=\"og:site_name\" content=\"\u00c9quipe Canada | Site officiel de l&#039;\u00e9quipe olympique\" \/>\n<meta property=\"article:published_time\" content=\"2012-09-21T04:33:46+00:00\" \/>\n<meta property=\"og:image\" content=\"https:\/\/preprod.olympic.ca\/olympique\/wp-content\/uploads\/sites\/2\/2012\/09\/brian-price-sick-kids-2_r16.jpg?quality=100\" \/>\n\t<meta property=\"og:image:width\" content=\"1029\" \/>\n\t<meta property=\"og:image:height\" content=\"683\" \/>\n\t<meta property=\"og:image:type\" content=\"image\/jpeg\" \/>\n<meta name=\"author\" content=\"Mark Nadolny\" \/>\n<meta name=\"twitter:card\" content=\"summary_large_image\" \/>\n<meta name=\"twitter:label1\" content=\"Written by\" \/>\n\t<meta name=\"twitter:data1\" content=\"Mark Nadolny\" \/>\n\t<meta name=\"twitter:label2\" content=\"Est. reading time\" \/>\n\t<meta name=\"twitter:data2\" content=\"4 minutes\" \/>\n<script type=\"application\/ld+json\" class=\"yoast-schema-graph\">{\"@context\":\"https:\\\/\\\/schema.org\",\"@graph\":[{\"@type\":\"Article\",\"@id\":\"https:\\\/\\\/preprod.olympic.ca\\\/olympique\\\/2012\\\/09\\\/21\\\/tournee-des-heros-ottawa\\\/#article\",\"isPartOf\":{\"@id\":\"https:\\\/\\\/preprod.olympic.ca\\\/olympique\\\/2012\\\/09\\\/21\\\/tournee-des-heros-ottawa\\\/\"},\"author\":{\"name\":\"Mark Nadolny\",\"@id\":\"https:\\\/\\\/preprod.olympic.ca\\\/olympique\\\/#\\\/schema\\\/person\\\/71d340cc825e058ae525fc2765f7c7ae\"},\"headline\":\"Tourn\u00e9e des h\u00e9ros \u2013 Ottawa\",\"datePublished\":\"2012-09-21T04:33:46+00:00\",\"mainEntityOfPage\":{\"@id\":\"https:\\\/\\\/preprod.olympic.ca\\\/olympique\\\/2012\\\/09\\\/21\\\/tournee-des-heros-ottawa\\\/\"},\"wordCount\":767,\"commentCount\":0,\"image\":{\"@id\":\"https:\\\/\\\/preprod.olympic.ca\\\/olympique\\\/2012\\\/09\\\/21\\\/tournee-des-heros-ottawa\\\/#primaryimage\"},\"thumbnailUrl\":\"https:\\\/\\\/preprod.olympic.ca\\\/olympique\\\/wp-content\\\/uploads\\\/sites\\\/2\\\/2012\\\/09\\\/brian-price-sick-kids-2_r16.jpg?quality=100\",\"articleSection\":[\"Nouvelles de l'equipe\"],\"inLanguage\":\"fr-FR\",\"potentialAction\":[{\"@type\":\"CommentAction\",\"name\":\"Comment\",\"target\":[\"https:\\\/\\\/preprod.olympic.ca\\\/olympique\\\/2012\\\/09\\\/21\\\/tournee-des-heros-ottawa\\\/#respond\"]}]},{\"@type\":\"WebPage\",\"@id\":\"https:\\\/\\\/preprod.olympic.ca\\\/olympique\\\/2012\\\/09\\\/21\\\/tournee-des-heros-ottawa\\\/\",\"url\":\"https:\\\/\\\/preprod.olympic.ca\\\/olympique\\\/2012\\\/09\\\/21\\\/tournee-des-heros-ottawa\\\/\",\"name\":\"Tourn\u00e9e des h\u00e9ros \u2013 Ottawa - \u00c9quipe Canada | Site officiel de l&#039;\u00e9quipe olympique\",\"isPartOf\":{\"@id\":\"https:\\\/\\\/preprod.olympic.ca\\\/olympique\\\/#website\"},\"primaryImageOfPage\":{\"@id\":\"https:\\\/\\\/preprod.olympic.ca\\\/olympique\\\/2012\\\/09\\\/21\\\/tournee-des-heros-ottawa\\\/#primaryimage\"},\"image\":{\"@id\":\"https:\\\/\\\/preprod.olympic.ca\\\/olympique\\\/2012\\\/09\\\/21\\\/tournee-des-heros-ottawa\\\/#primaryimage\"},\"thumbnailUrl\":\"https:\\\/\\\/preprod.olympic.ca\\\/olympique\\\/wp-content\\\/uploads\\\/sites\\\/2\\\/2012\\\/09\\\/brian-price-sick-kids-2_r16.jpg?quality=100\",\"datePublished\":\"2012-09-21T04:33:46+00:00\",\"author\":{\"@id\":\"https:\\\/\\\/preprod.olympic.ca\\\/olympique\\\/#\\\/schema\\\/person\\\/71d340cc825e058ae525fc2765f7c7ae\"},\"inLanguage\":\"fr-FR\",\"potentialAction\":[{\"@type\":\"ReadAction\",\"target\":[\"https:\\\/\\\/preprod.olympic.ca\\\/olympique\\\/2012\\\/09\\\/21\\\/tournee-des-heros-ottawa\\\/\"]}]},{\"@type\":\"ImageObject\",\"inLanguage\":\"fr-FR\",\"@id\":\"https:\\\/\\\/preprod.olympic.ca\\\/olympique\\\/2012\\\/09\\\/21\\\/tournee-des-heros-ottawa\\\/#primaryimage\",\"url\":\"https:\\\/\\\/preprod.olympic.ca\\\/olympique\\\/wp-content\\\/uploads\\\/sites\\\/2\\\/2012\\\/09\\\/brian-price-sick-kids-2_r16.jpg?quality=100\",\"contentUrl\":\"https:\\\/\\\/preprod.olympic.ca\\\/olympique\\\/wp-content\\\/uploads\\\/sites\\\/2\\\/2012\\\/09\\\/brian-price-sick-kids-2_r16.jpg?quality=100\",\"width\":1029,\"height\":683},{\"@type\":\"WebSite\",\"@id\":\"https:\\\/\\\/preprod.olympic.ca\\\/olympique\\\/#website\",\"url\":\"https:\\\/\\\/preprod.olympic.ca\\\/olympique\\\/\",\"name\":\"\u00c9quipe Canada | Site officiel de l&#039;\u00e9quipe olympique\",\"description\":\"Votre source pour l\u2019\u00c9quipe olympique canadienne. Retrouvez les r\u00e9cits, vid\u00e9os et photos des athl\u00e8tes canadiens, sports olympiques, Jeux olympiques de 2020 et bien plus!\",\"potentialAction\":[{\"@type\":\"SearchAction\",\"target\":{\"@type\":\"EntryPoint\",\"urlTemplate\":\"https:\\\/\\\/preprod.olympic.ca\\\/olympique\\\/?s={search_term_string}\"},\"query-input\":{\"@type\":\"PropertyValueSpecification\",\"valueRequired\":true,\"valueName\":\"search_term_string\"}}],\"inLanguage\":\"fr-FR\"},{\"@type\":\"Person\",\"@id\":\"https:\\\/\\\/preprod.olympic.ca\\\/olympique\\\/#\\\/schema\\\/person\\\/71d340cc825e058ae525fc2765f7c7ae\",\"name\":\"Mark Nadolny\",\"image\":{\"@type\":\"ImageObject\",\"inLanguage\":\"fr-FR\",\"@id\":\"https:\\\/\\\/secure.gravatar.com\\\/avatar\\\/fcfb5089af8db23b9347da3d181947b19f1cffb98b30f03fbe8f1973083d7e6b?s=96&d=identicon&r=g0693b2c18808f6337c03a29426292cc9\",\"url\":\"https:\\\/\\\/secure.gravatar.com\\\/avatar\\\/fcfb5089af8db23b9347da3d181947b19f1cffb98b30f03fbe8f1973083d7e6b?s=96&d=identicon&r=g\",\"contentUrl\":\"https:\\\/\\\/secure.gravatar.com\\\/avatar\\\/fcfb5089af8db23b9347da3d181947b19f1cffb98b30f03fbe8f1973083d7e6b?s=96&d=identicon&r=g\",\"caption\":\"Mark Nadolny\"},\"description\":\"Digital Media for the Canadian Olympic Team, I do that.\",\"url\":\"https:\\\/\\\/preprod.olympic.ca\\\/olympique\\\/author\\\/marknadonly\\\/\"}]}<\/script>\n<!-- \/ Yoast SEO plugin. -->","yoast_head_json":{"title":"Tourn\u00e9e des h\u00e9ros \u2013 Ottawa - \u00c9quipe Canada | Site officiel de l&#039;\u00e9quipe olympique","robots":{"index":"index","follow":"follow","max-snippet":"max-snippet:-1","max-image-preview":"max-image-preview:large","max-video-preview":"max-video-preview:-1"},"canonical":"https:\/\/preprod.olympic.ca\/olympique\/2012\/09\/21\/tournee-des-heros-ottawa\/","og_locale":"fr_FR","og_type":"article","og_title":"Tourn\u00e9e des h\u00e9ros \u2013 Ottawa - \u00c9quipe Canada | Site officiel de l&#039;\u00e9quipe olympique","og_description":"TORONTO \u2013\u00a0Dans le cadre de la C\u00e9l\u00e9bration de l\u2019excellence\u00a02012, des membres des \u00e9quipes olympique et paralympique canadiennes \u00e9taient \u00e0 Toronto...","og_url":"https:\/\/preprod.olympic.ca\/olympique\/2012\/09\/21\/tournee-des-heros-ottawa\/","og_site_name":"\u00c9quipe Canada | Site officiel de l&#039;\u00e9quipe olympique","article_published_time":"2012-09-21T04:33:46+00:00","og_image":[{"width":1029,"height":683,"url":"https:\/\/preprod.olympic.ca\/olympique\/wp-content\/uploads\/sites\/2\/2012\/09\/brian-price-sick-kids-2_r16.jpg?quality=100","type":"image\/jpeg"}],"author":"Mark Nadolny","twitter_card":"summary_large_image","twitter_misc":{"Written by":"Mark Nadolny","Est. reading time":"4 minutes"},"schema":{"@context":"https:\/\/schema.org","@graph":[{"@type":"Article","@id":"https:\/\/preprod.olympic.ca\/olympique\/2012\/09\/21\/tournee-des-heros-ottawa\/#article","isPartOf":{"@id":"https:\/\/preprod.olympic.ca\/olympique\/2012\/09\/21\/tournee-des-heros-ottawa\/"},"author":{"name":"Mark Nadolny","@id":"https:\/\/preprod.olympic.ca\/olympique\/#\/schema\/person\/71d340cc825e058ae525fc2765f7c7ae"},"headline":"Tourn\u00e9e des h\u00e9ros \u2013 Ottawa","datePublished":"2012-09-21T04:33:46+00:00","mainEntityOfPage":{"@id":"https:\/\/preprod.olympic.ca\/olympique\/2012\/09\/21\/tournee-des-heros-ottawa\/"},"wordCount":767,"commentCount":0,"image":{"@id":"https:\/\/preprod.olympic.ca\/olympique\/2012\/09\/21\/tournee-des-heros-ottawa\/#primaryimage"},"thumbnailUrl":"https:\/\/preprod.olympic.ca\/olympique\/wp-content\/uploads\/sites\/2\/2012\/09\/brian-price-sick-kids-2_r16.jpg?quality=100","articleSection":["Nouvelles de l'equipe"],"inLanguage":"fr-FR","potentialAction":[{"@type":"CommentAction","name":"Comment","target":["https:\/\/preprod.olympic.ca\/olympique\/2012\/09\/21\/tournee-des-heros-ottawa\/#respond"]}]},{"@type":"WebPage","@id":"https:\/\/preprod.olympic.ca\/olympique\/2012\/09\/21\/tournee-des-heros-ottawa\/","url":"https:\/\/preprod.olympic.ca\/olympique\/2012\/09\/21\/tournee-des-heros-ottawa\/","name":"Tourn\u00e9e des h\u00e9ros \u2013 Ottawa - \u00c9quipe Canada | Site officiel de l&#039;\u00e9quipe olympique","isPartOf":{"@id":"https:\/\/preprod.olympic.ca\/olympique\/#website"},"primaryImageOfPage":{"@id":"https:\/\/preprod.olympic.ca\/olympique\/2012\/09\/21\/tournee-des-heros-ottawa\/#primaryimage"},"image":{"@id":"https:\/\/preprod.olympic.ca\/olympique\/2012\/09\/21\/tournee-des-heros-ottawa\/#primaryimage"},"thumbnailUrl":"https:\/\/preprod.olympic.ca\/olympique\/wp-content\/uploads\/sites\/2\/2012\/09\/brian-price-sick-kids-2_r16.jpg?quality=100","datePublished":"2012-09-21T04:33:46+00:00","author":{"@id":"https:\/\/preprod.olympic.ca\/olympique\/#\/schema\/person\/71d340cc825e058ae525fc2765f7c7ae"},"inLanguage":"fr-FR","potentialAction":[{"@type":"ReadAction","target":["https:\/\/preprod.olympic.ca\/olympique\/2012\/09\/21\/tournee-des-heros-ottawa\/"]}]},{"@type":"ImageObject","inLanguage":"fr-FR","@id":"https:\/\/preprod.olympic.ca\/olympique\/2012\/09\/21\/tournee-des-heros-ottawa\/#primaryimage","url":"https:\/\/preprod.olympic.ca\/olympique\/wp-content\/uploads\/sites\/2\/2012\/09\/brian-price-sick-kids-2_r16.jpg?quality=100","contentUrl":"https:\/\/preprod.olympic.ca\/olympique\/wp-content\/uploads\/sites\/2\/2012\/09\/brian-price-sick-kids-2_r16.jpg?quality=100","width":1029,"height":683},{"@type":"WebSite","@id":"https:\/\/preprod.olympic.ca\/olympique\/#website","url":"https:\/\/preprod.olympic.ca\/olympique\/","name":"\u00c9quipe Canada | Site officiel de l&#039;\u00e9quipe olympique","description":"Votre source pour l\u2019\u00c9quipe olympique canadienne. Retrouvez les r\u00e9cits, vid\u00e9os et photos des athl\u00e8tes canadiens, sports olympiques, Jeux olympiques de 2020 et bien plus!","potentialAction":[{"@type":"SearchAction","target":{"@type":"EntryPoint","urlTemplate":"https:\/\/preprod.olympic.ca\/olympique\/?s={search_term_string}"},"query-input":{"@type":"PropertyValueSpecification","valueRequired":true,"valueName":"search_term_string"}}],"inLanguage":"fr-FR"},{"@type":"Person","@id":"https:\/\/preprod.olympic.ca\/olympique\/#\/schema\/person\/71d340cc825e058ae525fc2765f7c7ae","name":"Mark Nadolny","image":{"@type":"ImageObject","inLanguage":"fr-FR","@id":"https:\/\/secure.gravatar.com\/avatar\/fcfb5089af8db23b9347da3d181947b19f1cffb98b30f03fbe8f1973083d7e6b?s=96&d=identicon&r=g0693b2c18808f6337c03a29426292cc9","url":"https:\/\/secure.gravatar.com\/avatar\/fcfb5089af8db23b9347da3d181947b19f1cffb98b30f03fbe8f1973083d7e6b?s=96&d=identicon&r=g","contentUrl":"https:\/\/secure.gravatar.com\/avatar\/fcfb5089af8db23b9347da3d181947b19f1cffb98b30f03fbe8f1973083d7e6b?s=96&d=identicon&r=g","caption":"Mark Nadolny"},"description":"Digital Media for the Canadian Olympic Team, I do that.","url":"https:\/\/preprod.olympic.ca\/olympique\/author\/marknadonly\/"}]}},"jetpack_featured_media_url":"https:\/\/preprod.olympic.ca\/olympique\/wp-content\/uploads\/sites\/2\/2012\/09\/brian-price-sick-kids-2_r16.jpg?quality=100","featured_image_url":"https:\/\/preprod.olympic.ca\/olympique\/wp-content\/uploads\/sites\/2\/2012\/09\/brian-price-sick-kids-2_r16.jpg?quality=100","author_name":["Mark Nadolny"],"category_names":["Nouvelles de l'equipe"],"tag_names":[],"video_embed_code":"","facebook_video_embed_code":"","jetpack_sharing_enabled":true,"jetpack-related-posts":[],"jetpack_shortlink":"https:\/\/wp.me\/pcGHcP-b7e","_links":{"self":[{"href":"https:\/\/preprod.olympic.ca\/olympique\/wp-json\/wp\/v2\/posts\/42732","targetHints":{"allow":["GET"]}}],"collection":[{"href":"https:\/\/preprod.olympic.ca\/olympique\/wp-json\/wp\/v2\/posts"}],"about":[{"href":"https:\/\/preprod.olympic.ca\/olympique\/wp-json\/wp\/v2\/types\/post"}],"author":[{"embeddable":true,"href":"https:\/\/preprod.olympic.ca\/olympique\/wp-json\/wp\/v2\/users\/52435436"}],"replies":[{"embeddable":true,"href":"https:\/\/preprod.olympic.ca\/olympique\/wp-json\/wp\/v2\/comments?post=42732"}],"version-history":[{"count":0,"href":"https:\/\/preprod.olympic.ca\/olympique\/wp-json\/wp\/v2\/posts\/42732\/revisions"}],"wp:featuredmedia":[{"embeddable":true,"href":"https:\/\/preprod.olympic.ca\/olympique\/wp-json\/wp\/v2\/media\/42768"}],"wp:attachment":[{"href":"https:\/\/preprod.olympic.ca\/olympique\/wp-json\/wp\/v2\/media?parent=42732"}],"wp:term":[{"taxonomy":"category","embeddable":true,"href":"https:\/\/preprod.olympic.ca\/olympique\/wp-json\/wp\/v2\/categories?post=42732"},{"taxonomy":"post_tag","embeddable":true,"href":"https:\/\/preprod.olympic.ca\/olympique\/wp-json\/wp\/v2\/tags?post=42732"},{"taxonomy":"post_format","embeddable":true,"href":"https:\/\/preprod.olympic.ca\/olympique\/wp-json\/wp\/v2\/post_format?post=42732"},{"taxonomy":"sport","embeddable":true,"href":"https:\/\/preprod.olympic.ca\/olympique\/wp-json\/wp\/v2\/sport?post=42732"},{"taxonomy":"game","embeddable":true,"href":"https:\/\/preprod.olympic.ca\/olympique\/wp-json\/wp\/v2\/game?post=42732"},{"taxonomy":"author","embeddable":true,"href":"https:\/\/preprod.olympic.ca\/olympique\/wp-json\/wp\/v2\/coauthors?post=42732"}],"curies":[{"name":"wp","href":"https:\/\/api.w.org\/{rel}","templated":true}]}}