{"id":43251,"date":"2012-09-27T13:09:04","date_gmt":"2012-09-27T17:09:04","guid":{"rendered":"http:\/\/preprod.olympic.ca\/?p=43251"},"modified":"2012-09-27T13:09:04","modified_gmt":"2012-09-27T17:09:04","slug":"un-hommage-sur-la-chanson-call-me-maybe-presente-en-ligne","status":"publish","type":"post","link":"https:\/\/preprod.olympic.ca\/olympique\/2012\/09\/27\/un-hommage-sur-la-chanson-call-me-maybe-presente-en-ligne\/","title":{"rendered":"Un hommage sur la chanson \u00ab Call Me Maybe \u00bb pr\u00e9sent\u00e9 en ligne"},"content":{"rendered":"<p><strong>TORONTO<\/strong>\u00a0\u2013 L\u2019\u00e9quipe de l\u2019\u00e9t\u00e9 pr\u00e9f\u00e9r\u00e9e du Canada interpr\u00e8te le plus grand tube de l\u2019\u00e9t\u00e9 au Canada dans un nouveau court-m\u00e9trage num\u00e9rique d\u00e9voil\u00e9 aujourd\u2019hui.<\/p>\n<p>Les membres de l\u2019\u00c9quipe olympique canadienne et de l\u2019\u00c9quipe paralympique canadienne de 2012 ont pris le temps, durant la Tourn\u00e9e des h\u00e9ros couronn\u00e9e de succ\u00e8s de la semaine derni\u00e8re pour chanter sur l\u2019air du grand succ\u00e8s de <a href=\"http:\/\/www.carlyraemusic.com\/\" target=\"_blank\">Carly Rae Jepsen<\/a>, \u00ab\u00a0<a href=\"http:\/\/www.youtube.com\/watch?v=fWNaR-rxAic\" target=\"_blank\">Call Me Maybe<\/a>\u00a0\u00bb. Le nouveau court-m\u00e9trage a \u00e9t\u00e9 film\u00e9 durant le voyage des athl\u00e8tes d\u2019Ottawa \u00e0 Toronto \u00e0 bord d\u2019un train sp\u00e9cial de Via Rail et durant le D\u00e9fil\u00e9 des h\u00e9ros olympiques qui s\u2019est d\u00e9roul\u00e9 au centre-ville de Toronto.<\/p>\n<p>Le court-m\u00e9trage, dans lequel apparaissent des dizaines d\u2019Olympiens et de Paralympiens canadiens, pr\u00e9sente \u00e9galement un message de Jepsen et est affich\u00e9 en ligne au :\u00a0<a href=\"http:\/\/www.youtube.com\/user\/CanadianOlympicTeam\" target=\"_blank\">http:\/\/www.youtube.com\/user\/CanadianOlympicTeam<\/a>.<\/p>\n<p>\u00ab\u00a0Du point de vue des athl\u00e8tes, nous trouvions que c\u2019\u00e9tait une bonne id\u00e9e, a comment\u00e9 la m\u00e9daill\u00e9e d\u2019or olympique de 2012 <a href=\"http:\/\/preprod.olympic.ca\/fr\/team-canada\/rosannagh-maclennan-3\" target=\"_blank\">Rosie MacLennan<\/a>. C\u2019\u00e9tait tr\u00e8s amusant d\u2019y prendre part et une excellente mani\u00e8re de c\u00e9l\u00e9brer toutes les activit\u00e9s de la Tourn\u00e9e des h\u00e9ros.\u00a0\u00bb<\/p>\n<p>\u00ab\u00a0C\u2019\u00e9tait tr\u00e8s dr\u00f4le d\u2019enregistrer cette vid\u00e9o, a ajout\u00e9 le quadruple m\u00e9daill\u00e9 olympique <a href=\"http:\/\/preprod.olympic.ca\/fr\/team-canada\/adam-van-koeverden-2\" target=\"_blank\">Adam van Koeverden<\/a>. Nous avons tous form\u00e9 une seule \u00e9quipe \u00e0 Londres, et ce fut une fa\u00e7on parfaite de montrer aux gens une fa\u00e7ade de l\u2019\u00e9quipe qu\u2019en g\u00e9n\u00e9ral ils ne voient pas.\u00a0\u00bb<\/p>\n<p>\u00ab\u00a0Ce court-m\u00e9trage num\u00e9rique est une belle mani\u00e8re de comm\u00e9morer trois journ\u00e9es d\u2019excellence sportive, a d\u00e9clar\u00e9 Derek Kent, chef du marketing de l\u2019\u00c9quipe olympique canadienne. Nous l\u2019avons cr\u00e9\u00e9 en hommage \u00e0 nos athl\u00e8tes olympiques et paralympiques afin permettre \u00e0 leurs partisans de nouer plus facilement des liens avec eux par l\u2019interm\u00e9diaire des m\u00e9dias sociaux. Carly Rae Jepsen est une partisane de l\u2019\u00c9quipe olympique canadienne, et c\u2019est formidable d\u2019avoir son soutien.\u00a0\u00bb<\/p>\n<p>Le D\u00e9fil\u00e9 des h\u00e9ros olympiques \u00e9tait pr\u00e9sent\u00e9 par les partenaires \u00ab\u00a0or\u00a0\u00bb Bombardier, Maple Leaf Sports and Entertainment, RBC, Teck et Thomson Reuters. Les partenaires de l\u2019excellence du d\u00e9fil\u00e9 sont\u00a0: Air Canada, Bell, Chevrolet, Coca-Cola et Solotech. Les gouvernements du Canada et de l\u2019Ontario ainsi que la Ville de Toronto ont apport\u00e9 leur soutien. Les partenaires m\u00e9diatiques incluent Astral, Bell Media, CBC, Corus Entertainment, The Globe and Mail, Go Transit, Pattison, Rogers Media, Toronto Star et TTC.<\/p>\n<p><iframe loading=\"lazy\" frameborder=\"0\" height=\"315\" src=\"http:\/\/www.youtube.com\/embed\/2Oh-PcnTAOE\" width=\"560\"><\/iframe><\/p>\n","protected":false},"excerpt":{"rendered":"<p>TORONTO\u00a0\u2013 L\u2019\u00e9quipe de l\u2019\u00e9t\u00e9 pr\u00e9f\u00e9r\u00e9e du Canada interpr\u00e8te le plus grand tube de l\u2019\u00e9t\u00e9 au Canada dans un nouveau court-m\u00e9trage&#8230;<\/p>\n","protected":false},"author":52435436,"featured_media":43217,"comment_status":"open","ping_status":"open","sticky":false,"template":"","format":"standard","meta":{"_acf_changed":false,"_jetpack_memberships_contains_paid_content":false,"footnotes":""},"categories":[70121],"tags":[],"post_format":"standard","sport":[],"game":[],"coauthors":[187838302],"class_list":["post-43251","post","type-post","status-publish","format-standard","has-post-thumbnail","hentry","category-equipe"],"acf":[],"yoast_head":"<!-- This site is optimized with the Yoast SEO plugin v27.3 - https:\/\/yoast.com\/product\/yoast-seo-wordpress\/ -->\n<title>Un hommage sur la chanson \u00ab Call Me Maybe \u00bb pr\u00e9sent\u00e9 en ligne - \u00c9quipe Canada | Site officiel de l&#039;\u00e9quipe olympique<\/title>\n<meta name=\"robots\" content=\"index, follow, max-snippet:-1, max-image-preview:large, max-video-preview:-1\" \/>\n<link rel=\"canonical\" href=\"https:\/\/preprod.olympic.ca\/olympique\/2012\/09\/27\/un-hommage-sur-la-chanson-call-me-maybe-presente-en-ligne\/\" \/>\n<meta property=\"og:locale\" content=\"fr_FR\" \/>\n<meta property=\"og:type\" content=\"article\" \/>\n<meta property=\"og:title\" content=\"Un hommage sur la chanson \u00ab Call Me Maybe \u00bb pr\u00e9sent\u00e9 en ligne - \u00c9quipe Canada | Site officiel de l&#039;\u00e9quipe olympique\" \/>\n<meta property=\"og:description\" content=\"TORONTO\u00a0\u2013 L\u2019\u00e9quipe de l\u2019\u00e9t\u00e9 pr\u00e9f\u00e9r\u00e9e du Canada interpr\u00e8te le plus grand tube de l\u2019\u00e9t\u00e9 au Canada dans un nouveau court-m\u00e9trage...\" \/>\n<meta property=\"og:url\" content=\"https:\/\/preprod.olympic.ca\/olympique\/2012\/09\/27\/un-hommage-sur-la-chanson-call-me-maybe-presente-en-ligne\/\" \/>\n<meta property=\"og:site_name\" content=\"\u00c9quipe Canada | Site officiel de l&#039;\u00e9quipe olympique\" \/>\n<meta property=\"article:published_time\" content=\"2012-09-27T17:09:04+00:00\" \/>\n<meta property=\"og:image\" content=\"https:\/\/preprod.olympic.ca\/olympique\/wp-content\/uploads\/sites\/2\/2012\/09\/call-me-maybe_image_r-17.jpg?quality=100\" \/>\n\t<meta property=\"og:image:width\" content=\"720\" \/>\n\t<meta property=\"og:image:height\" content=\"442\" \/>\n\t<meta property=\"og:image:type\" content=\"image\/jpeg\" \/>\n<meta name=\"author\" content=\"Mark Nadolny\" \/>\n<meta name=\"twitter:card\" content=\"summary_large_image\" \/>\n<meta name=\"twitter:label1\" content=\"Written by\" \/>\n\t<meta name=\"twitter:data1\" content=\"Mark Nadolny\" \/>\n\t<meta name=\"twitter:label2\" content=\"Est. reading time\" \/>\n\t<meta name=\"twitter:data2\" content=\"2 minutes\" \/>\n<script type=\"application\/ld+json\" class=\"yoast-schema-graph\">{\"@context\":\"https:\\\/\\\/schema.org\",\"@graph\":[{\"@type\":\"Article\",\"@id\":\"https:\\\/\\\/preprod.olympic.ca\\\/olympique\\\/2012\\\/09\\\/27\\\/un-hommage-sur-la-chanson-call-me-maybe-presente-en-ligne\\\/#article\",\"isPartOf\":{\"@id\":\"https:\\\/\\\/preprod.olympic.ca\\\/olympique\\\/2012\\\/09\\\/27\\\/un-hommage-sur-la-chanson-call-me-maybe-presente-en-ligne\\\/\"},\"author\":{\"name\":\"Mark Nadolny\",\"@id\":\"https:\\\/\\\/preprod.olympic.ca\\\/olympique\\\/#\\\/schema\\\/person\\\/71d340cc825e058ae525fc2765f7c7ae\"},\"headline\":\"Un hommage sur la chanson \u00ab Call Me Maybe \u00bb pr\u00e9sent\u00e9 en ligne\",\"datePublished\":\"2012-09-27T17:09:04+00:00\",\"mainEntityOfPage\":{\"@id\":\"https:\\\/\\\/preprod.olympic.ca\\\/olympique\\\/2012\\\/09\\\/27\\\/un-hommage-sur-la-chanson-call-me-maybe-presente-en-ligne\\\/\"},\"wordCount\":451,\"commentCount\":0,\"image\":{\"@id\":\"https:\\\/\\\/preprod.olympic.ca\\\/olympique\\\/2012\\\/09\\\/27\\\/un-hommage-sur-la-chanson-call-me-maybe-presente-en-ligne\\\/#primaryimage\"},\"thumbnailUrl\":\"https:\\\/\\\/preprod.olympic.ca\\\/olympique\\\/wp-content\\\/uploads\\\/sites\\\/2\\\/2012\\\/09\\\/call-me-maybe_image_r-17.jpg?quality=100\",\"articleSection\":[\"Nouvelles de l'equipe\"],\"inLanguage\":\"fr-FR\",\"potentialAction\":[{\"@type\":\"CommentAction\",\"name\":\"Comment\",\"target\":[\"https:\\\/\\\/preprod.olympic.ca\\\/olympique\\\/2012\\\/09\\\/27\\\/un-hommage-sur-la-chanson-call-me-maybe-presente-en-ligne\\\/#respond\"]}]},{\"@type\":\"WebPage\",\"@id\":\"https:\\\/\\\/preprod.olympic.ca\\\/olympique\\\/2012\\\/09\\\/27\\\/un-hommage-sur-la-chanson-call-me-maybe-presente-en-ligne\\\/\",\"url\":\"https:\\\/\\\/preprod.olympic.ca\\\/olympique\\\/2012\\\/09\\\/27\\\/un-hommage-sur-la-chanson-call-me-maybe-presente-en-ligne\\\/\",\"name\":\"Un hommage sur la chanson \u00ab Call Me Maybe \u00bb pr\u00e9sent\u00e9 en ligne - \u00c9quipe Canada | Site officiel de l&#039;\u00e9quipe olympique\",\"isPartOf\":{\"@id\":\"https:\\\/\\\/preprod.olympic.ca\\\/olympique\\\/#website\"},\"primaryImageOfPage\":{\"@id\":\"https:\\\/\\\/preprod.olympic.ca\\\/olympique\\\/2012\\\/09\\\/27\\\/un-hommage-sur-la-chanson-call-me-maybe-presente-en-ligne\\\/#primaryimage\"},\"image\":{\"@id\":\"https:\\\/\\\/preprod.olympic.ca\\\/olympique\\\/2012\\\/09\\\/27\\\/un-hommage-sur-la-chanson-call-me-maybe-presente-en-ligne\\\/#primaryimage\"},\"thumbnailUrl\":\"https:\\\/\\\/preprod.olympic.ca\\\/olympique\\\/wp-content\\\/uploads\\\/sites\\\/2\\\/2012\\\/09\\\/call-me-maybe_image_r-17.jpg?quality=100\",\"datePublished\":\"2012-09-27T17:09:04+00:00\",\"author\":{\"@id\":\"https:\\\/\\\/preprod.olympic.ca\\\/olympique\\\/#\\\/schema\\\/person\\\/71d340cc825e058ae525fc2765f7c7ae\"},\"inLanguage\":\"fr-FR\",\"potentialAction\":[{\"@type\":\"ReadAction\",\"target\":[\"https:\\\/\\\/preprod.olympic.ca\\\/olympique\\\/2012\\\/09\\\/27\\\/un-hommage-sur-la-chanson-call-me-maybe-presente-en-ligne\\\/\"]}]},{\"@type\":\"ImageObject\",\"inLanguage\":\"fr-FR\",\"@id\":\"https:\\\/\\\/preprod.olympic.ca\\\/olympique\\\/2012\\\/09\\\/27\\\/un-hommage-sur-la-chanson-call-me-maybe-presente-en-ligne\\\/#primaryimage\",\"url\":\"https:\\\/\\\/preprod.olympic.ca\\\/olympique\\\/wp-content\\\/uploads\\\/sites\\\/2\\\/2012\\\/09\\\/call-me-maybe_image_r-17.jpg?quality=100\",\"contentUrl\":\"https:\\\/\\\/preprod.olympic.ca\\\/olympique\\\/wp-content\\\/uploads\\\/sites\\\/2\\\/2012\\\/09\\\/call-me-maybe_image_r-17.jpg?quality=100\",\"width\":720,\"height\":442},{\"@type\":\"WebSite\",\"@id\":\"https:\\\/\\\/preprod.olympic.ca\\\/olympique\\\/#website\",\"url\":\"https:\\\/\\\/preprod.olympic.ca\\\/olympique\\\/\",\"name\":\"\u00c9quipe Canada | Site officiel de l&#039;\u00e9quipe olympique\",\"description\":\"Votre source pour l\u2019\u00c9quipe olympique canadienne. Retrouvez les r\u00e9cits, vid\u00e9os et photos des athl\u00e8tes canadiens, sports olympiques, Jeux olympiques de 2020 et bien plus!\",\"potentialAction\":[{\"@type\":\"SearchAction\",\"target\":{\"@type\":\"EntryPoint\",\"urlTemplate\":\"https:\\\/\\\/preprod.olympic.ca\\\/olympique\\\/?s={search_term_string}\"},\"query-input\":{\"@type\":\"PropertyValueSpecification\",\"valueRequired\":true,\"valueName\":\"search_term_string\"}}],\"inLanguage\":\"fr-FR\"},{\"@type\":\"Person\",\"@id\":\"https:\\\/\\\/preprod.olympic.ca\\\/olympique\\\/#\\\/schema\\\/person\\\/71d340cc825e058ae525fc2765f7c7ae\",\"name\":\"Mark Nadolny\",\"image\":{\"@type\":\"ImageObject\",\"inLanguage\":\"fr-FR\",\"@id\":\"https:\\\/\\\/secure.gravatar.com\\\/avatar\\\/fcfb5089af8db23b9347da3d181947b19f1cffb98b30f03fbe8f1973083d7e6b?s=96&d=identicon&r=g0693b2c18808f6337c03a29426292cc9\",\"url\":\"https:\\\/\\\/secure.gravatar.com\\\/avatar\\\/fcfb5089af8db23b9347da3d181947b19f1cffb98b30f03fbe8f1973083d7e6b?s=96&d=identicon&r=g\",\"contentUrl\":\"https:\\\/\\\/secure.gravatar.com\\\/avatar\\\/fcfb5089af8db23b9347da3d181947b19f1cffb98b30f03fbe8f1973083d7e6b?s=96&d=identicon&r=g\",\"caption\":\"Mark Nadolny\"},\"description\":\"Digital Media for the Canadian Olympic Team, I do that.\",\"url\":\"https:\\\/\\\/preprod.olympic.ca\\\/olympique\\\/author\\\/marknadonly\\\/\"}]}<\/script>\n<!-- \/ Yoast SEO plugin. -->","yoast_head_json":{"title":"Un hommage sur la chanson \u00ab Call Me Maybe \u00bb pr\u00e9sent\u00e9 en ligne - \u00c9quipe Canada | Site officiel de l&#039;\u00e9quipe olympique","robots":{"index":"index","follow":"follow","max-snippet":"max-snippet:-1","max-image-preview":"max-image-preview:large","max-video-preview":"max-video-preview:-1"},"canonical":"https:\/\/preprod.olympic.ca\/olympique\/2012\/09\/27\/un-hommage-sur-la-chanson-call-me-maybe-presente-en-ligne\/","og_locale":"fr_FR","og_type":"article","og_title":"Un hommage sur la chanson \u00ab Call Me Maybe \u00bb pr\u00e9sent\u00e9 en ligne - \u00c9quipe Canada | Site officiel de l&#039;\u00e9quipe olympique","og_description":"TORONTO\u00a0\u2013 L\u2019\u00e9quipe de l\u2019\u00e9t\u00e9 pr\u00e9f\u00e9r\u00e9e du Canada interpr\u00e8te le plus grand tube de l\u2019\u00e9t\u00e9 au Canada dans un nouveau court-m\u00e9trage...","og_url":"https:\/\/preprod.olympic.ca\/olympique\/2012\/09\/27\/un-hommage-sur-la-chanson-call-me-maybe-presente-en-ligne\/","og_site_name":"\u00c9quipe Canada | Site officiel de l&#039;\u00e9quipe olympique","article_published_time":"2012-09-27T17:09:04+00:00","og_image":[{"width":720,"height":442,"url":"https:\/\/preprod.olympic.ca\/olympique\/wp-content\/uploads\/sites\/2\/2012\/09\/call-me-maybe_image_r-17.jpg?quality=100","type":"image\/jpeg"}],"author":"Mark Nadolny","twitter_card":"summary_large_image","twitter_misc":{"Written by":"Mark Nadolny","Est. reading time":"2 minutes"},"schema":{"@context":"https:\/\/schema.org","@graph":[{"@type":"Article","@id":"https:\/\/preprod.olympic.ca\/olympique\/2012\/09\/27\/un-hommage-sur-la-chanson-call-me-maybe-presente-en-ligne\/#article","isPartOf":{"@id":"https:\/\/preprod.olympic.ca\/olympique\/2012\/09\/27\/un-hommage-sur-la-chanson-call-me-maybe-presente-en-ligne\/"},"author":{"name":"Mark Nadolny","@id":"https:\/\/preprod.olympic.ca\/olympique\/#\/schema\/person\/71d340cc825e058ae525fc2765f7c7ae"},"headline":"Un hommage sur la chanson \u00ab Call Me Maybe \u00bb pr\u00e9sent\u00e9 en ligne","datePublished":"2012-09-27T17:09:04+00:00","mainEntityOfPage":{"@id":"https:\/\/preprod.olympic.ca\/olympique\/2012\/09\/27\/un-hommage-sur-la-chanson-call-me-maybe-presente-en-ligne\/"},"wordCount":451,"commentCount":0,"image":{"@id":"https:\/\/preprod.olympic.ca\/olympique\/2012\/09\/27\/un-hommage-sur-la-chanson-call-me-maybe-presente-en-ligne\/#primaryimage"},"thumbnailUrl":"https:\/\/preprod.olympic.ca\/olympique\/wp-content\/uploads\/sites\/2\/2012\/09\/call-me-maybe_image_r-17.jpg?quality=100","articleSection":["Nouvelles de l'equipe"],"inLanguage":"fr-FR","potentialAction":[{"@type":"CommentAction","name":"Comment","target":["https:\/\/preprod.olympic.ca\/olympique\/2012\/09\/27\/un-hommage-sur-la-chanson-call-me-maybe-presente-en-ligne\/#respond"]}]},{"@type":"WebPage","@id":"https:\/\/preprod.olympic.ca\/olympique\/2012\/09\/27\/un-hommage-sur-la-chanson-call-me-maybe-presente-en-ligne\/","url":"https:\/\/preprod.olympic.ca\/olympique\/2012\/09\/27\/un-hommage-sur-la-chanson-call-me-maybe-presente-en-ligne\/","name":"Un hommage sur la chanson \u00ab Call Me Maybe \u00bb pr\u00e9sent\u00e9 en ligne - \u00c9quipe Canada | Site officiel de l&#039;\u00e9quipe olympique","isPartOf":{"@id":"https:\/\/preprod.olympic.ca\/olympique\/#website"},"primaryImageOfPage":{"@id":"https:\/\/preprod.olympic.ca\/olympique\/2012\/09\/27\/un-hommage-sur-la-chanson-call-me-maybe-presente-en-ligne\/#primaryimage"},"image":{"@id":"https:\/\/preprod.olympic.ca\/olympique\/2012\/09\/27\/un-hommage-sur-la-chanson-call-me-maybe-presente-en-ligne\/#primaryimage"},"thumbnailUrl":"https:\/\/preprod.olympic.ca\/olympique\/wp-content\/uploads\/sites\/2\/2012\/09\/call-me-maybe_image_r-17.jpg?quality=100","datePublished":"2012-09-27T17:09:04+00:00","author":{"@id":"https:\/\/preprod.olympic.ca\/olympique\/#\/schema\/person\/71d340cc825e058ae525fc2765f7c7ae"},"inLanguage":"fr-FR","potentialAction":[{"@type":"ReadAction","target":["https:\/\/preprod.olympic.ca\/olympique\/2012\/09\/27\/un-hommage-sur-la-chanson-call-me-maybe-presente-en-ligne\/"]}]},{"@type":"ImageObject","inLanguage":"fr-FR","@id":"https:\/\/preprod.olympic.ca\/olympique\/2012\/09\/27\/un-hommage-sur-la-chanson-call-me-maybe-presente-en-ligne\/#primaryimage","url":"https:\/\/preprod.olympic.ca\/olympique\/wp-content\/uploads\/sites\/2\/2012\/09\/call-me-maybe_image_r-17.jpg?quality=100","contentUrl":"https:\/\/preprod.olympic.ca\/olympique\/wp-content\/uploads\/sites\/2\/2012\/09\/call-me-maybe_image_r-17.jpg?quality=100","width":720,"height":442},{"@type":"WebSite","@id":"https:\/\/preprod.olympic.ca\/olympique\/#website","url":"https:\/\/preprod.olympic.ca\/olympique\/","name":"\u00c9quipe Canada | Site officiel de l&#039;\u00e9quipe olympique","description":"Votre source pour l\u2019\u00c9quipe olympique canadienne. Retrouvez les r\u00e9cits, vid\u00e9os et photos des athl\u00e8tes canadiens, sports olympiques, Jeux olympiques de 2020 et bien plus!","potentialAction":[{"@type":"SearchAction","target":{"@type":"EntryPoint","urlTemplate":"https:\/\/preprod.olympic.ca\/olympique\/?s={search_term_string}"},"query-input":{"@type":"PropertyValueSpecification","valueRequired":true,"valueName":"search_term_string"}}],"inLanguage":"fr-FR"},{"@type":"Person","@id":"https:\/\/preprod.olympic.ca\/olympique\/#\/schema\/person\/71d340cc825e058ae525fc2765f7c7ae","name":"Mark Nadolny","image":{"@type":"ImageObject","inLanguage":"fr-FR","@id":"https:\/\/secure.gravatar.com\/avatar\/fcfb5089af8db23b9347da3d181947b19f1cffb98b30f03fbe8f1973083d7e6b?s=96&d=identicon&r=g0693b2c18808f6337c03a29426292cc9","url":"https:\/\/secure.gravatar.com\/avatar\/fcfb5089af8db23b9347da3d181947b19f1cffb98b30f03fbe8f1973083d7e6b?s=96&d=identicon&r=g","contentUrl":"https:\/\/secure.gravatar.com\/avatar\/fcfb5089af8db23b9347da3d181947b19f1cffb98b30f03fbe8f1973083d7e6b?s=96&d=identicon&r=g","caption":"Mark Nadolny"},"description":"Digital Media for the Canadian Olympic Team, I do that.","url":"https:\/\/preprod.olympic.ca\/olympique\/author\/marknadonly\/"}]}},"jetpack_featured_media_url":"https:\/\/preprod.olympic.ca\/olympique\/wp-content\/uploads\/sites\/2\/2012\/09\/call-me-maybe_image_r-17.jpg?quality=100","featured_image_url":"https:\/\/preprod.olympic.ca\/olympique\/wp-content\/uploads\/sites\/2\/2012\/09\/call-me-maybe_image_r-17.jpg?quality=100","author_name":["Mark Nadolny"],"category_names":["Nouvelles de l'equipe"],"tag_names":[],"video_embed_code":"","facebook_video_embed_code":"","jetpack_sharing_enabled":true,"jetpack-related-posts":[],"jetpack_shortlink":"https:\/\/wp.me\/pcGHcP-bfB","_links":{"self":[{"href":"https:\/\/preprod.olympic.ca\/olympique\/wp-json\/wp\/v2\/posts\/43251","targetHints":{"allow":["GET"]}}],"collection":[{"href":"https:\/\/preprod.olympic.ca\/olympique\/wp-json\/wp\/v2\/posts"}],"about":[{"href":"https:\/\/preprod.olympic.ca\/olympique\/wp-json\/wp\/v2\/types\/post"}],"author":[{"embeddable":true,"href":"https:\/\/preprod.olympic.ca\/olympique\/wp-json\/wp\/v2\/users\/52435436"}],"replies":[{"embeddable":true,"href":"https:\/\/preprod.olympic.ca\/olympique\/wp-json\/wp\/v2\/comments?post=43251"}],"version-history":[{"count":0,"href":"https:\/\/preprod.olympic.ca\/olympique\/wp-json\/wp\/v2\/posts\/43251\/revisions"}],"wp:featuredmedia":[{"embeddable":true,"href":"https:\/\/preprod.olympic.ca\/olympique\/wp-json\/wp\/v2\/media\/43217"}],"wp:attachment":[{"href":"https:\/\/preprod.olympic.ca\/olympique\/wp-json\/wp\/v2\/media?parent=43251"}],"wp:term":[{"taxonomy":"category","embeddable":true,"href":"https:\/\/preprod.olympic.ca\/olympique\/wp-json\/wp\/v2\/categories?post=43251"},{"taxonomy":"post_tag","embeddable":true,"href":"https:\/\/preprod.olympic.ca\/olympique\/wp-json\/wp\/v2\/tags?post=43251"},{"taxonomy":"post_format","embeddable":true,"href":"https:\/\/preprod.olympic.ca\/olympique\/wp-json\/wp\/v2\/post_format?post=43251"},{"taxonomy":"sport","embeddable":true,"href":"https:\/\/preprod.olympic.ca\/olympique\/wp-json\/wp\/v2\/sport?post=43251"},{"taxonomy":"game","embeddable":true,"href":"https:\/\/preprod.olympic.ca\/olympique\/wp-json\/wp\/v2\/game?post=43251"},{"taxonomy":"author","embeddable":true,"href":"https:\/\/preprod.olympic.ca\/olympique\/wp-json\/wp\/v2\/coauthors?post=43251"}],"curies":[{"name":"wp","href":"https:\/\/api.w.org\/{rel}","templated":true}]}}