{"id":44618,"date":"2012-10-29T09:29:43","date_gmt":"2012-10-29T13:29:43","guid":{"rendered":"http:\/\/preprod.olympic.ca\/?p=44618"},"modified":"2012-10-29T09:29:43","modified_gmt":"2012-10-29T13:29:43","slug":"le-canada-domine-la-coute-piste","status":"publish","type":"post","link":"https:\/\/preprod.olympic.ca\/olympique\/2012\/10\/29\/le-canada-domine-la-coute-piste\/","title":{"rendered":"Le Canada domine la coute piste"},"content":{"rendered":"<p><strong>MONTR\u00c9AL<\/strong> \u2013 Le Canada a enflamm\u00e9 la courte piste le week-end dernier lors de la Coupe du monde no 2 Samsung de l\u2019ISU qui avait lieu \u00e0 l\u2019ar\u00e9na Maurice-Richard de Montr\u00e9al en remportant une pluie de m\u00e9dailles. L\u2019\u00e9quipe a \u00e9merveill\u00e9 en r\u00e9ussissant deux tripl\u00e9s en finale du 500 m masculin et f\u00e9minin.<\/p>\n<p>En finale du 500 m f\u00e9minin dimanche, Jessica Gregg d\u2019Edmonton est mont\u00e9e sur la plus haute marche du podium une journ\u00e9e apr\u00e8s avoir remport\u00e9 sa premi\u00e8re m\u00e9daille de la saison en finale du 500 m samedi. Marianne St-Gelais de Saint-F\u00e9licien au Qu\u00e9bec a d\u00e9croch\u00e9 l\u2019argent, sa premi\u00e8re m\u00e9daille de la saison, tandis que sur la troisi\u00e8me marche du podium, Caroline Truchon de Chicoutimi au Qu\u00e9bec a obtenu sa premi\u00e8re m\u00e9daille en Coupe du monde en carri\u00e8re.<\/p>\n<p>En finale du 500 m masculin dimanche, Guillaume Bastille de Rivi\u00e8re-du-Loup a remport\u00e9 sa troisi\u00e8me m\u00e9daille d\u2019or en Coupe du monde en carri\u00e8re en devan\u00e7ant ses co\u00e9quipiers \u00e0 la ligne d\u2019arriv\u00e9e. Michael Gilday de Yellowknife a remport\u00e9 sa deuxi\u00e8me m\u00e9daille d\u2019argent en autant de Coupe du monde et Liam McFarlane de Medicine Hat en Alberta a d\u00e9croch\u00e9 sa deuxi\u00e8me m\u00e9daille en Coupe du monde en carri\u00e8re.<\/p>\n<p>Val\u00e9rie Maltais de La Baie a remport\u00e9 sa premi\u00e8re course en Coupe du monde en carri\u00e8re en enlevant la finale du 1000 m. En finale du 1000 m masculin, Charles Hamelin de Sainte-Julie au Qu\u00e9bec a remport\u00e9 sa deuxi\u00e8me m\u00e9daille en Coupe du monde en carri\u00e8re. Sa m\u00e9daille d\u2019argent est sa troisi\u00e8me de la saison. Samedi, Hamelin a d\u00e9croch\u00e9 l\u2019argent dans la premi\u00e8re vague de finales du 500 m. Son co\u00e9quipier Olivier Jean s\u2019est adjug\u00e9 la m\u00e9daille de bronze.<\/p>\n<p>\u00ab La lutte avec Olivier a \u00e9t\u00e9 serr\u00e9e et je crois que c\u2019est ce qui nous a co\u00fbt\u00e9 l\u2019or et l&rsquo;argent, explique Hamelin. Je suis satisfait de ma m\u00e9daille d\u2019argent, elle signifie que j\u2019ai livr\u00e9 une bonne performance. \u00bb<\/p>\n<p>En finale du relais f\u00e9minin, les Canadiennes Gregg, Maltais, St-Gelais et Truchon ont remport\u00e9 la m\u00e9daille d\u2019argent derri\u00e8re les Chinoises, le Japon a obtenu la m\u00e9daille de bronze tandis que la Russie finissait quatri\u00e8me et la Cor\u00e9e cinqui\u00e8me.<\/p>\n<p>Le circuit se poursuit avec la troisi\u00e8me Coupe du monde \u00e0 Nagoya, au Japon, du 30 novembre au 2 d\u00e9cembre et la quatri\u00e8me \u00e0 Shanghai, en Chine, la fin de semaine suivante, du 7 au 9 d\u00e9cembre.<\/p>\n<div class=\"tiled-gallery type-rectangular tiled-gallery-unresized\" data-original-width=\"1360\" data-carousel-extra='null' itemscope itemtype=\"http:\/\/schema.org\/ImageGallery\" > <div class=\"gallery-row\" style=\"width: 1360px; height: 1164px;\" data-original-width=\"1360\" data-original-height=\"1164\" > <div class=\"gallery-group images-3\" style=\"width: 583px; height: 1164px;\" data-original-width=\"583\" data-original-height=\"1164\" > <div class=\"tiled-gallery-item tiled-gallery-item-large\" itemprop=\"associatedMedia\" itemscope itemtype=\"http:\/\/schema.org\/ImageObject\"> <a href=\"https:\/\/preprod.olympic.ca\/olympique\/wp-content\/uploads\/sites\/2\/2012\/10\/2e3a103216.jpg?quality=100&#038;strip\" border=\"0\" itemprop=\"url\"> <meta itemprop=\"width\" content=\"579\"> <meta itemprop=\"height\" content=\"380\"> <img decoding=\"async\" data-recalc-dims=\"1\" class=\"\" data-attachment-id=\"44678\" data-orig-file=\"https:\/\/preprod.olympic.ca\/olympique\/wp-content\/uploads\/sites\/2\/2012\/10\/2e3a103216.jpg?quality=100\" data-orig-size=\"3546,2328\" data-comments-opened=\"1\" data-image-meta=\"{&quot;aperture&quot;:&quot;4&quot;,&quot;credit&quot;:&quot;S. Gregory Kolz&quot;,&quot;camera&quot;:&quot;Canon EOS 5D Mark III&quot;,&quot;caption&quot;:&quot;&quot;,&quot;created_timestamp&quot;:&quot;1351441913&quot;,&quot;copyright&quot;:&quot;&quot;,&quot;focal_length&quot;:&quot;200&quot;,&quot;iso&quot;:&quot;3200&quot;,&quot;shutter_speed&quot;:&quot;0.0015625&quot;,&quot;title&quot;:&quot;&quot;}\" data-image-title=\"COC photo: Greg Kolz\" data-image-description=\"&lt;p&gt;COC photo: Greg Kolz&lt;\/p&gt; \" data-medium-file=\"https:\/\/preprod.olympic.ca\/olympique\/wp-content\/uploads\/sites\/2\/2012\/10\/2e3a103216.jpg?quality=100&#038;w=565\" data-large-file=\"https:\/\/preprod.olympic.ca\/olympique\/wp-content\/uploads\/sites\/2\/2012\/10\/2e3a103216.jpg?quality=100&#038;w=1148\" src=\"https:\/\/preprod.olympic.ca\/olympique\/wp-content\/uploads\/sites\/2\/2012\/10\/2e3a103216.jpg?quality=100&#038;w=579&#038;h=380&#038;strip&#038;resize=579%2C380\" srcset=\"https:\/\/preprod.olympic.ca\/olympique\/wp-content\/uploads\/sites\/2\/2012\/10\/2e3a103216.jpg 3546w, https:\/\/preprod.olympic.ca\/olympique\/wp-content\/uploads\/sites\/2\/2012\/10\/2e3a103216.jpg?resize=241,158 241w, https:\/\/preprod.olympic.ca\/olympique\/wp-content\/uploads\/sites\/2\/2012\/10\/2e3a103216.jpg?resize=565,371 565w, https:\/\/preprod.olympic.ca\/olympique\/wp-content\/uploads\/sites\/2\/2012\/10\/2e3a103216.jpg?resize=768,504 768w, https:\/\/preprod.olympic.ca\/olympique\/wp-content\/uploads\/sites\/2\/2012\/10\/2e3a103216.jpg?resize=1148,754 1148w, https:\/\/preprod.olympic.ca\/olympique\/wp-content\/uploads\/sites\/2\/2012\/10\/2e3a103216.jpg?resize=1536,1008 1536w, https:\/\/preprod.olympic.ca\/olympique\/wp-content\/uploads\/sites\/2\/2012\/10\/2e3a103216.jpg?resize=2048,1345 2048w\" width=\"579\" height=\"380\" loading=\"lazy\" data-original-width=\"579\" data-original-height=\"380\" itemprop=\"http:\/\/schema.org\/image\" title=\"COC photo: Greg Kolz\" alt=\"COC photo: Greg Kolz\" style=\"width: 579px; height: 380px;\" \/> <\/a> <div class=\"tiled-gallery-caption\" itemprop=\"caption description\"> COC photo: Greg Kolz <\/div> <\/div> <div class=\"tiled-gallery-item tiled-gallery-item-large\" itemprop=\"associatedMedia\" itemscope itemtype=\"http:\/\/schema.org\/ImageObject\"> <a href=\"https:\/\/preprod.olympic.ca\/olympique\/wp-content\/uploads\/sites\/2\/2012\/10\/2e3a102816.jpg?quality=100&#038;strip\" border=\"0\" itemprop=\"url\"> <meta itemprop=\"width\" content=\"579\"> <meta itemprop=\"height\" content=\"386\"> <img decoding=\"async\" data-recalc-dims=\"1\" class=\"\" data-attachment-id=\"44677\" data-orig-file=\"https:\/\/preprod.olympic.ca\/olympique\/wp-content\/uploads\/sites\/2\/2012\/10\/2e3a102816.jpg?quality=100\" data-orig-size=\"720,480\" data-comments-opened=\"1\" data-image-meta=\"{&quot;aperture&quot;:&quot;4&quot;,&quot;credit&quot;:&quot;S. Gregory Kolz&quot;,&quot;camera&quot;:&quot;Canon EOS 5D Mark III&quot;,&quot;caption&quot;:&quot;&quot;,&quot;created_timestamp&quot;:&quot;1351441911&quot;,&quot;copyright&quot;:&quot;&quot;,&quot;focal_length&quot;:&quot;78&quot;,&quot;iso&quot;:&quot;3200&quot;,&quot;shutter_speed&quot;:&quot;0.0015625&quot;,&quot;title&quot;:&quot;&quot;}\" data-image-title=\"COC photo: Greg Kolz\" data-image-description=\"&lt;p&gt;COC photo: Greg Kolz&lt;\/p&gt; \" data-medium-file=\"https:\/\/preprod.olympic.ca\/olympique\/wp-content\/uploads\/sites\/2\/2012\/10\/2e3a102816.jpg?quality=100&#038;w=557\" data-large-file=\"https:\/\/preprod.olympic.ca\/olympique\/wp-content\/uploads\/sites\/2\/2012\/10\/2e3a102816.jpg?quality=100&#038;w=720\" src=\"https:\/\/preprod.olympic.ca\/olympique\/wp-content\/uploads\/sites\/2\/2012\/10\/2e3a102816.jpg?quality=100&#038;w=579&#038;h=386&#038;strip&#038;resize=579%2C386\" srcset=\"https:\/\/preprod.olympic.ca\/olympique\/wp-content\/uploads\/sites\/2\/2012\/10\/2e3a102816.jpg 720w, https:\/\/preprod.olympic.ca\/olympique\/wp-content\/uploads\/sites\/2\/2012\/10\/2e3a102816.jpg?resize=237,158 237w, https:\/\/preprod.olympic.ca\/olympique\/wp-content\/uploads\/sites\/2\/2012\/10\/2e3a102816.jpg?resize=557,371 557w\" width=\"579\" height=\"386\" loading=\"lazy\" data-original-width=\"579\" data-original-height=\"386\" itemprop=\"http:\/\/schema.org\/image\" title=\"COC photo: Greg Kolz\" alt=\"COC photo: Greg Kolz\" style=\"width: 579px; height: 386px;\" \/> <\/a> <div class=\"tiled-gallery-caption\" itemprop=\"caption description\"> COC photo: Greg Kolz <\/div> <\/div> <div class=\"tiled-gallery-item tiled-gallery-item-large\" itemprop=\"associatedMedia\" itemscope itemtype=\"http:\/\/schema.org\/ImageObject\"> <a href=\"https:\/\/preprod.olympic.ca\/olympique\/wp-content\/uploads\/sites\/2\/2012\/10\/2e3a090716.jpg?quality=100&#038;strip\" border=\"0\" itemprop=\"url\"> <meta itemprop=\"width\" content=\"579\"> <meta itemprop=\"height\" content=\"386\"> <img decoding=\"async\" data-recalc-dims=\"1\" class=\"\" data-attachment-id=\"44676\" data-orig-file=\"https:\/\/preprod.olympic.ca\/olympique\/wp-content\/uploads\/sites\/2\/2012\/10\/2e3a090716.jpg?quality=100\" data-orig-size=\"720,480\" data-comments-opened=\"1\" data-image-meta=\"{&quot;aperture&quot;:&quot;3.2&quot;,&quot;credit&quot;:&quot;S. Gregory Kolz&quot;,&quot;camera&quot;:&quot;Canon EOS 5D Mark III&quot;,&quot;caption&quot;:&quot;&quot;,&quot;created_timestamp&quot;:&quot;1351439794&quot;,&quot;copyright&quot;:&quot;&quot;,&quot;focal_length&quot;:&quot;165&quot;,&quot;iso&quot;:&quot;4000&quot;,&quot;shutter_speed&quot;:&quot;0.00125&quot;,&quot;title&quot;:&quot;&quot;}\" data-image-title=\"COC photo: Greg Kolz\" data-image-description=\"&lt;p&gt;COC photo: Greg Kolz&lt;\/p&gt; \" data-medium-file=\"https:\/\/preprod.olympic.ca\/olympique\/wp-content\/uploads\/sites\/2\/2012\/10\/2e3a090716.jpg?quality=100&#038;w=557\" data-large-file=\"https:\/\/preprod.olympic.ca\/olympique\/wp-content\/uploads\/sites\/2\/2012\/10\/2e3a090716.jpg?quality=100&#038;w=720\" src=\"https:\/\/preprod.olympic.ca\/olympique\/wp-content\/uploads\/sites\/2\/2012\/10\/2e3a090716.jpg?quality=100&#038;w=579&#038;h=386&#038;strip&#038;resize=579%2C386\" srcset=\"https:\/\/preprod.olympic.ca\/olympique\/wp-content\/uploads\/sites\/2\/2012\/10\/2e3a090716.jpg 720w, https:\/\/preprod.olympic.ca\/olympique\/wp-content\/uploads\/sites\/2\/2012\/10\/2e3a090716.jpg?resize=237,158 237w, https:\/\/preprod.olympic.ca\/olympique\/wp-content\/uploads\/sites\/2\/2012\/10\/2e3a090716.jpg?resize=557,371 557w\" width=\"579\" height=\"386\" loading=\"lazy\" data-original-width=\"579\" data-original-height=\"386\" itemprop=\"http:\/\/schema.org\/image\" title=\"COC photo: Greg Kolz\" alt=\"COC photo: Greg Kolz\" style=\"width: 579px; height: 386px;\" \/> <\/a> <div class=\"tiled-gallery-caption\" itemprop=\"caption description\"> COC photo: Greg Kolz <\/div> <\/div> <\/div> <!-- close group --> <div class=\"gallery-group images-1\" style=\"width: 777px; height: 1164px;\" data-original-width=\"777\" data-original-height=\"1164\" > <div class=\"tiled-gallery-item tiled-gallery-item-large\" itemprop=\"associatedMedia\" itemscope itemtype=\"http:\/\/schema.org\/ImageObject\"> <a href=\"https:\/\/preprod.olympic.ca\/olympique\/wp-content\/uploads\/sites\/2\/2012\/10\/2e3a089016.jpg?quality=100&#038;strip\" border=\"0\" itemprop=\"url\"> <meta itemprop=\"width\" content=\"773\"> <meta itemprop=\"height\" content=\"1160\"> <img decoding=\"async\" data-recalc-dims=\"1\" class=\"\" data-attachment-id=\"44675\" data-orig-file=\"https:\/\/preprod.olympic.ca\/olympique\/wp-content\/uploads\/sites\/2\/2012\/10\/2e3a089016.jpg?quality=100\" data-orig-size=\"720,1080\" data-comments-opened=\"1\" data-image-meta=\"{&quot;aperture&quot;:&quot;3.2&quot;,&quot;credit&quot;:&quot;S. Gregory Kolz&quot;,&quot;camera&quot;:&quot;Canon EOS 5D Mark III&quot;,&quot;caption&quot;:&quot;&quot;,&quot;created_timestamp&quot;:&quot;1351439623&quot;,&quot;copyright&quot;:&quot;&quot;,&quot;focal_length&quot;:&quot;200&quot;,&quot;iso&quot;:&quot;4000&quot;,&quot;shutter_speed&quot;:&quot;0.00125&quot;,&quot;title&quot;:&quot;&quot;}\" data-image-title=\"COC photo: Greg Kolz\" data-image-description=\"&lt;p&gt;COC photo: Greg Kolz&lt;\/p&gt; \" data-medium-file=\"https:\/\/preprod.olympic.ca\/olympique\/wp-content\/uploads\/sites\/2\/2012\/10\/2e3a089016.jpg?quality=100&#038;w=247\" data-large-file=\"https:\/\/preprod.olympic.ca\/olympique\/wp-content\/uploads\/sites\/2\/2012\/10\/2e3a089016.jpg?quality=100&#038;w=503\" src=\"https:\/\/preprod.olympic.ca\/olympique\/wp-content\/uploads\/sites\/2\/2012\/10\/2e3a089016.jpg?quality=100&#038;w=773&#038;h=1160&#038;strip&#038;resize=773%2C1160\" srcset=\"https:\/\/preprod.olympic.ca\/olympique\/wp-content\/uploads\/sites\/2\/2012\/10\/2e3a089016.jpg 720w, https:\/\/preprod.olympic.ca\/olympique\/wp-content\/uploads\/sites\/2\/2012\/10\/2e3a089016.jpg?resize=105,158 105w, https:\/\/preprod.olympic.ca\/olympique\/wp-content\/uploads\/sites\/2\/2012\/10\/2e3a089016.jpg?resize=247,371 247w, https:\/\/preprod.olympic.ca\/olympique\/wp-content\/uploads\/sites\/2\/2012\/10\/2e3a089016.jpg?resize=503,754 503w\" width=\"773\" height=\"1160\" loading=\"lazy\" data-original-width=\"773\" data-original-height=\"1160\" itemprop=\"http:\/\/schema.org\/image\" title=\"COC photo: Greg Kolz\" alt=\"COC photo: Greg Kolz\" style=\"width: 773px; height: 1160px;\" \/> <\/a> <div class=\"tiled-gallery-caption\" itemprop=\"caption description\"> COC photo: Greg Kolz <\/div> <\/div> <\/div> <!-- close group --> <\/div> <!-- close row --> <div class=\"gallery-row\" style=\"width: 1360px; height: 606px;\" data-original-width=\"1360\" data-original-height=\"606\" > <div class=\"gallery-group images-1\" style=\"width: 907px; height: 606px;\" data-original-width=\"907\" data-original-height=\"606\" > <div class=\"tiled-gallery-item tiled-gallery-item-large\" itemprop=\"associatedMedia\" itemscope itemtype=\"http:\/\/schema.org\/ImageObject\"> <a href=\"https:\/\/preprod.olympic.ca\/olympique\/wp-content\/uploads\/sites\/2\/2012\/10\/2e3a074316.jpg?quality=100&#038;strip\" border=\"0\" itemprop=\"url\"> <meta itemprop=\"width\" content=\"903\"> <meta itemprop=\"height\" content=\"602\"> <img decoding=\"async\" data-recalc-dims=\"1\" class=\"\" data-attachment-id=\"44674\" data-orig-file=\"https:\/\/preprod.olympic.ca\/olympique\/wp-content\/uploads\/sites\/2\/2012\/10\/2e3a074316.jpg?quality=100\" data-orig-size=\"720,480\" data-comments-opened=\"1\" data-image-meta=\"{&quot;aperture&quot;:&quot;4&quot;,&quot;credit&quot;:&quot;S. Gregory Kolz&quot;,&quot;camera&quot;:&quot;Canon EOS 5D Mark III&quot;,&quot;caption&quot;:&quot;&quot;,&quot;created_timestamp&quot;:&quot;1351437719&quot;,&quot;copyright&quot;:&quot;&quot;,&quot;focal_length&quot;:&quot;98&quot;,&quot;iso&quot;:&quot;4000&quot;,&quot;shutter_speed&quot;:&quot;0.00125&quot;,&quot;title&quot;:&quot;&quot;}\" data-image-title=\"COC photo: Greg Kolz\" data-image-description=\"&lt;p&gt;COC photo: Greg Kolz&lt;\/p&gt; \" data-medium-file=\"https:\/\/preprod.olympic.ca\/olympique\/wp-content\/uploads\/sites\/2\/2012\/10\/2e3a074316.jpg?quality=100&#038;w=557\" data-large-file=\"https:\/\/preprod.olympic.ca\/olympique\/wp-content\/uploads\/sites\/2\/2012\/10\/2e3a074316.jpg?quality=100&#038;w=720\" src=\"https:\/\/preprod.olympic.ca\/olympique\/wp-content\/uploads\/sites\/2\/2012\/10\/2e3a074316.jpg?quality=100&#038;w=903&#038;h=602&#038;strip&#038;resize=903%2C602\" srcset=\"https:\/\/preprod.olympic.ca\/olympique\/wp-content\/uploads\/sites\/2\/2012\/10\/2e3a074316.jpg 720w, https:\/\/preprod.olympic.ca\/olympique\/wp-content\/uploads\/sites\/2\/2012\/10\/2e3a074316.jpg?resize=237,158 237w, https:\/\/preprod.olympic.ca\/olympique\/wp-content\/uploads\/sites\/2\/2012\/10\/2e3a074316.jpg?resize=557,371 557w\" width=\"903\" height=\"602\" loading=\"lazy\" data-original-width=\"903\" data-original-height=\"602\" itemprop=\"http:\/\/schema.org\/image\" title=\"COC photo: Greg Kolz\" alt=\"COC photo: Greg Kolz\" style=\"width: 903px; height: 602px;\" \/> <\/a> <div class=\"tiled-gallery-caption\" itemprop=\"caption description\"> COC photo: Greg Kolz <\/div> <\/div> <\/div> <!-- close group --> <div class=\"gallery-group images-2\" style=\"width: 453px; height: 606px;\" data-original-width=\"453\" data-original-height=\"606\" > <div class=\"tiled-gallery-item tiled-gallery-item-large\" itemprop=\"associatedMedia\" itemscope itemtype=\"http:\/\/schema.org\/ImageObject\"> <a href=\"https:\/\/preprod.olympic.ca\/olympique\/wp-content\/uploads\/sites\/2\/2012\/10\/2e3a052916.jpg?quality=100&#038;strip\" border=\"0\" itemprop=\"url\"> <meta itemprop=\"width\" content=\"449\"> <meta itemprop=\"height\" content=\"299\"> <img decoding=\"async\" data-recalc-dims=\"1\" class=\"\" data-attachment-id=\"44673\" data-orig-file=\"https:\/\/preprod.olympic.ca\/olympique\/wp-content\/uploads\/sites\/2\/2012\/10\/2e3a052916.jpg?quality=100\" data-orig-size=\"720,480\" data-comments-opened=\"1\" data-image-meta=\"{&quot;aperture&quot;:&quot;3.5&quot;,&quot;credit&quot;:&quot;S. Gregory Kolz&quot;,&quot;camera&quot;:&quot;Canon EOS 5D Mark III&quot;,&quot;caption&quot;:&quot;&quot;,&quot;created_timestamp&quot;:&quot;1351434736&quot;,&quot;copyright&quot;:&quot;&quot;,&quot;focal_length&quot;:&quot;200&quot;,&quot;iso&quot;:&quot;3200&quot;,&quot;shutter_speed&quot;:&quot;0.00125&quot;,&quot;title&quot;:&quot;&quot;}\" data-image-title=\"COC photo: Greg Kolz\" data-image-description=\"&lt;p&gt;COC photo: Greg Kolz&lt;\/p&gt; \" data-medium-file=\"https:\/\/preprod.olympic.ca\/olympique\/wp-content\/uploads\/sites\/2\/2012\/10\/2e3a052916.jpg?quality=100&#038;w=557\" data-large-file=\"https:\/\/preprod.olympic.ca\/olympique\/wp-content\/uploads\/sites\/2\/2012\/10\/2e3a052916.jpg?quality=100&#038;w=720\" src=\"https:\/\/preprod.olympic.ca\/olympique\/wp-content\/uploads\/sites\/2\/2012\/10\/2e3a052916.jpg?quality=100&#038;w=449&#038;h=299&#038;strip&#038;resize=449%2C299\" srcset=\"https:\/\/preprod.olympic.ca\/olympique\/wp-content\/uploads\/sites\/2\/2012\/10\/2e3a052916.jpg 720w, https:\/\/preprod.olympic.ca\/olympique\/wp-content\/uploads\/sites\/2\/2012\/10\/2e3a052916.jpg?resize=237,158 237w, https:\/\/preprod.olympic.ca\/olympique\/wp-content\/uploads\/sites\/2\/2012\/10\/2e3a052916.jpg?resize=557,371 557w\" width=\"449\" height=\"299\" loading=\"lazy\" data-original-width=\"449\" data-original-height=\"299\" itemprop=\"http:\/\/schema.org\/image\" title=\"COC photo: Greg Kolz\" alt=\"COC photo: Greg Kolz\" style=\"width: 449px; height: 299px;\" \/> <\/a> <div class=\"tiled-gallery-caption\" itemprop=\"caption description\"> COC photo: Greg Kolz <\/div> <\/div> <div class=\"tiled-gallery-item tiled-gallery-item-large\" itemprop=\"associatedMedia\" itemscope itemtype=\"http:\/\/schema.org\/ImageObject\"> <a href=\"https:\/\/preprod.olympic.ca\/olympique\/wp-content\/uploads\/sites\/2\/2012\/10\/2e3a047016.jpg?quality=100&#038;strip\" border=\"0\" itemprop=\"url\"> <meta itemprop=\"width\" content=\"449\"> <meta itemprop=\"height\" content=\"299\"> <img decoding=\"async\" data-recalc-dims=\"1\" class=\"\" data-attachment-id=\"44672\" data-orig-file=\"https:\/\/preprod.olympic.ca\/olympique\/wp-content\/uploads\/sites\/2\/2012\/10\/2e3a047016.jpg?quality=100\" data-orig-size=\"720,480\" data-comments-opened=\"1\" data-image-meta=\"{&quot;aperture&quot;:&quot;3.5&quot;,&quot;credit&quot;:&quot;S. Gregory Kolz&quot;,&quot;camera&quot;:&quot;Canon EOS 5D Mark III&quot;,&quot;caption&quot;:&quot;&quot;,&quot;created_timestamp&quot;:&quot;1351433258&quot;,&quot;copyright&quot;:&quot;&quot;,&quot;focal_length&quot;:&quot;200&quot;,&quot;iso&quot;:&quot;4000&quot;,&quot;shutter_speed&quot;:&quot;0.00125&quot;,&quot;title&quot;:&quot;&quot;}\" data-image-title=\"COC photo: Greg Kolz\" data-image-description=\"&lt;p&gt;COC photo: Greg Kolz&lt;\/p&gt; \" data-medium-file=\"https:\/\/preprod.olympic.ca\/olympique\/wp-content\/uploads\/sites\/2\/2012\/10\/2e3a047016.jpg?quality=100&#038;w=557\" data-large-file=\"https:\/\/preprod.olympic.ca\/olympique\/wp-content\/uploads\/sites\/2\/2012\/10\/2e3a047016.jpg?quality=100&#038;w=720\" src=\"https:\/\/preprod.olympic.ca\/olympique\/wp-content\/uploads\/sites\/2\/2012\/10\/2e3a047016.jpg?quality=100&#038;w=449&#038;h=299&#038;strip&#038;resize=449%2C299\" srcset=\"https:\/\/preprod.olympic.ca\/olympique\/wp-content\/uploads\/sites\/2\/2012\/10\/2e3a047016.jpg 720w, https:\/\/preprod.olympic.ca\/olympique\/wp-content\/uploads\/sites\/2\/2012\/10\/2e3a047016.jpg?resize=237,158 237w, https:\/\/preprod.olympic.ca\/olympique\/wp-content\/uploads\/sites\/2\/2012\/10\/2e3a047016.jpg?resize=557,371 557w\" width=\"449\" height=\"299\" loading=\"lazy\" data-original-width=\"449\" data-original-height=\"299\" itemprop=\"http:\/\/schema.org\/image\" title=\"COC photo: Greg Kolz\" alt=\"COC photo: Greg Kolz\" style=\"width: 449px; height: 299px;\" \/> <\/a> <div class=\"tiled-gallery-caption\" itemprop=\"caption description\"> COC photo: Greg Kolz <\/div> <\/div> <\/div> <!-- close group --> <\/div> <!-- close row --> <div class=\"gallery-row\" style=\"width: 1360px; height: 304px;\" data-original-width=\"1360\" data-original-height=\"304\" > <div class=\"gallery-group images-1\" style=\"width: 454px; height: 304px;\" data-original-width=\"454\" data-original-height=\"304\" > <div class=\"tiled-gallery-item tiled-gallery-item-large\" itemprop=\"associatedMedia\" itemscope itemtype=\"http:\/\/schema.org\/ImageObject\"> <a href=\"https:\/\/preprod.olympic.ca\/olympique\/wp-content\/uploads\/sites\/2\/2012\/10\/2e3a039816.jpg?quality=100&#038;strip\" border=\"0\" itemprop=\"url\"> <meta itemprop=\"width\" content=\"450\"> <meta itemprop=\"height\" content=\"300\"> <img decoding=\"async\" data-recalc-dims=\"1\" class=\"\" data-attachment-id=\"44671\" data-orig-file=\"https:\/\/preprod.olympic.ca\/olympique\/wp-content\/uploads\/sites\/2\/2012\/10\/2e3a039816.jpg?quality=100\" data-orig-size=\"720,480\" data-comments-opened=\"1\" data-image-meta=\"{&quot;aperture&quot;:&quot;3.5&quot;,&quot;credit&quot;:&quot;S. Gregory Kolz&quot;,&quot;camera&quot;:&quot;Canon EOS 5D Mark III&quot;,&quot;caption&quot;:&quot;&quot;,&quot;created_timestamp&quot;:&quot;1351432484&quot;,&quot;copyright&quot;:&quot;&quot;,&quot;focal_length&quot;:&quot;200&quot;,&quot;iso&quot;:&quot;4000&quot;,&quot;shutter_speed&quot;:&quot;0.00125&quot;,&quot;title&quot;:&quot;&quot;}\" data-image-title=\"COC photo: Greg Kolz\" data-image-description=\"&lt;p&gt;COC photo: Greg Kolz&lt;\/p&gt; \" data-medium-file=\"https:\/\/preprod.olympic.ca\/olympique\/wp-content\/uploads\/sites\/2\/2012\/10\/2e3a039816.jpg?quality=100&#038;w=557\" data-large-file=\"https:\/\/preprod.olympic.ca\/olympique\/wp-content\/uploads\/sites\/2\/2012\/10\/2e3a039816.jpg?quality=100&#038;w=720\" src=\"https:\/\/preprod.olympic.ca\/olympique\/wp-content\/uploads\/sites\/2\/2012\/10\/2e3a039816.jpg?quality=100&#038;w=450&#038;h=300&#038;strip&#038;resize=450%2C300\" srcset=\"https:\/\/preprod.olympic.ca\/olympique\/wp-content\/uploads\/sites\/2\/2012\/10\/2e3a039816.jpg 720w, https:\/\/preprod.olympic.ca\/olympique\/wp-content\/uploads\/sites\/2\/2012\/10\/2e3a039816.jpg?resize=237,158 237w, https:\/\/preprod.olympic.ca\/olympique\/wp-content\/uploads\/sites\/2\/2012\/10\/2e3a039816.jpg?resize=557,371 557w\" width=\"450\" height=\"300\" loading=\"lazy\" data-original-width=\"450\" data-original-height=\"300\" itemprop=\"http:\/\/schema.org\/image\" title=\"COC photo: Greg Kolz\" alt=\"COC photo: Greg Kolz\" style=\"width: 450px; height: 300px;\" \/> <\/a> <div class=\"tiled-gallery-caption\" itemprop=\"caption description\"> COC photo: Greg Kolz <\/div> <\/div> <\/div> <!-- close group --> <div class=\"gallery-group images-1\" style=\"width: 453px; height: 304px;\" data-original-width=\"453\" data-original-height=\"304\" > <div class=\"tiled-gallery-item tiled-gallery-item-large\" itemprop=\"associatedMedia\" itemscope itemtype=\"http:\/\/schema.org\/ImageObject\"> <a href=\"https:\/\/preprod.olympic.ca\/olympique\/wp-content\/uploads\/sites\/2\/2012\/10\/2e3a038716.jpg?quality=100&#038;strip\" border=\"0\" itemprop=\"url\"> <meta itemprop=\"width\" content=\"449\"> <meta itemprop=\"height\" content=\"300\"> <img decoding=\"async\" data-recalc-dims=\"1\" class=\"\" data-attachment-id=\"44670\" data-orig-file=\"https:\/\/preprod.olympic.ca\/olympique\/wp-content\/uploads\/sites\/2\/2012\/10\/2e3a038716.jpg?quality=100\" data-orig-size=\"720,480\" data-comments-opened=\"1\" data-image-meta=\"{&quot;aperture&quot;:&quot;3.5&quot;,&quot;credit&quot;:&quot;S. Gregory Kolz&quot;,&quot;camera&quot;:&quot;Canon EOS 5D Mark III&quot;,&quot;caption&quot;:&quot;&quot;,&quot;created_timestamp&quot;:&quot;1351432311&quot;,&quot;copyright&quot;:&quot;&quot;,&quot;focal_length&quot;:&quot;200&quot;,&quot;iso&quot;:&quot;4000&quot;,&quot;shutter_speed&quot;:&quot;0.00125&quot;,&quot;title&quot;:&quot;&quot;}\" data-image-title=\"COC photo: Greg Kolz\" data-image-description=\"&lt;p&gt;COC photo: Greg Kolz&lt;\/p&gt; \" data-medium-file=\"https:\/\/preprod.olympic.ca\/olympique\/wp-content\/uploads\/sites\/2\/2012\/10\/2e3a038716.jpg?quality=100&#038;w=557\" data-large-file=\"https:\/\/preprod.olympic.ca\/olympique\/wp-content\/uploads\/sites\/2\/2012\/10\/2e3a038716.jpg?quality=100&#038;w=720\" src=\"https:\/\/preprod.olympic.ca\/olympique\/wp-content\/uploads\/sites\/2\/2012\/10\/2e3a038716.jpg?quality=100&#038;w=449&#038;h=300&#038;strip&#038;resize=449%2C300\" srcset=\"https:\/\/preprod.olympic.ca\/olympique\/wp-content\/uploads\/sites\/2\/2012\/10\/2e3a038716.jpg 720w, https:\/\/preprod.olympic.ca\/olympique\/wp-content\/uploads\/sites\/2\/2012\/10\/2e3a038716.jpg?resize=237,158 237w, https:\/\/preprod.olympic.ca\/olympique\/wp-content\/uploads\/sites\/2\/2012\/10\/2e3a038716.jpg?resize=557,371 557w\" width=\"449\" height=\"300\" loading=\"lazy\" data-original-width=\"449\" data-original-height=\"300\" itemprop=\"http:\/\/schema.org\/image\" title=\"COC photo: Greg Kolz\" alt=\"COC photo: Greg Kolz\" style=\"width: 449px; height: 300px;\" \/> <\/a> <div class=\"tiled-gallery-caption\" itemprop=\"caption description\"> COC photo: Greg Kolz <\/div> <\/div> <\/div> <!-- close group --> <div class=\"gallery-group images-1\" style=\"width: 453px; height: 304px;\" data-original-width=\"453\" data-original-height=\"304\" > <div class=\"tiled-gallery-item tiled-gallery-item-large\" itemprop=\"associatedMedia\" itemscope itemtype=\"http:\/\/schema.org\/ImageObject\"> <a href=\"https:\/\/preprod.olympic.ca\/olympique\/wp-content\/uploads\/sites\/2\/2012\/10\/2e3a032416.jpg?quality=100&#038;strip\" border=\"0\" itemprop=\"url\"> <meta itemprop=\"width\" content=\"449\"> <meta itemprop=\"height\" content=\"300\"> <img decoding=\"async\" data-recalc-dims=\"1\" class=\"\" data-attachment-id=\"44669\" data-orig-file=\"https:\/\/preprod.olympic.ca\/olympique\/wp-content\/uploads\/sites\/2\/2012\/10\/2e3a032416.jpg?quality=100\" data-orig-size=\"720,480\" data-comments-opened=\"1\" data-image-meta=\"{&quot;aperture&quot;:&quot;3.5&quot;,&quot;credit&quot;:&quot;S. Gregory Kolz&quot;,&quot;camera&quot;:&quot;Canon EOS 5D Mark III&quot;,&quot;caption&quot;:&quot;&quot;,&quot;created_timestamp&quot;:&quot;1351431627&quot;,&quot;copyright&quot;:&quot;&quot;,&quot;focal_length&quot;:&quot;200&quot;,&quot;iso&quot;:&quot;4000&quot;,&quot;shutter_speed&quot;:&quot;0.00125&quot;,&quot;title&quot;:&quot;&quot;}\" data-image-title=\"COC photo: Greg Kolz\" data-image-description=\"&lt;p&gt;COC photo: Greg Kolz&lt;\/p&gt; \" data-medium-file=\"https:\/\/preprod.olympic.ca\/olympique\/wp-content\/uploads\/sites\/2\/2012\/10\/2e3a032416.jpg?quality=100&#038;w=557\" data-large-file=\"https:\/\/preprod.olympic.ca\/olympique\/wp-content\/uploads\/sites\/2\/2012\/10\/2e3a032416.jpg?quality=100&#038;w=720\" src=\"https:\/\/preprod.olympic.ca\/olympique\/wp-content\/uploads\/sites\/2\/2012\/10\/2e3a032416.jpg?quality=100&#038;w=449&#038;h=300&#038;strip&#038;resize=449%2C300\" srcset=\"https:\/\/preprod.olympic.ca\/olympique\/wp-content\/uploads\/sites\/2\/2012\/10\/2e3a032416.jpg 720w, https:\/\/preprod.olympic.ca\/olympique\/wp-content\/uploads\/sites\/2\/2012\/10\/2e3a032416.jpg?resize=237,158 237w, https:\/\/preprod.olympic.ca\/olympique\/wp-content\/uploads\/sites\/2\/2012\/10\/2e3a032416.jpg?resize=557,371 557w\" width=\"449\" height=\"300\" loading=\"lazy\" data-original-width=\"449\" data-original-height=\"300\" itemprop=\"http:\/\/schema.org\/image\" title=\"COC photo: Greg Kolz\" alt=\"COC photo: Greg Kolz\" style=\"width: 449px; height: 300px;\" \/> <\/a> <div class=\"tiled-gallery-caption\" itemprop=\"caption description\"> COC photo: Greg Kolz <\/div> <\/div> <\/div> <!-- close group --> <\/div> <!-- close row --> <div class=\"gallery-row\" style=\"width: 1360px; height: 228px;\" data-original-width=\"1360\" data-original-height=\"228\" > <div class=\"gallery-group images-1\" style=\"width: 340px; height: 228px;\" data-original-width=\"340\" data-original-height=\"228\" > <div class=\"tiled-gallery-item tiled-gallery-item-large\" itemprop=\"associatedMedia\" itemscope itemtype=\"http:\/\/schema.org\/ImageObject\"> <a href=\"https:\/\/preprod.olympic.ca\/olympique\/wp-content\/uploads\/sites\/2\/2012\/10\/2e3a029216.jpg?quality=100&#038;strip\" border=\"0\" itemprop=\"url\"> <meta itemprop=\"width\" content=\"336\"> <meta itemprop=\"height\" content=\"224\"> <img decoding=\"async\" data-recalc-dims=\"1\" class=\"\" data-attachment-id=\"44668\" data-orig-file=\"https:\/\/preprod.olympic.ca\/olympique\/wp-content\/uploads\/sites\/2\/2012\/10\/2e3a029216.jpg?quality=100\" data-orig-size=\"720,480\" data-comments-opened=\"1\" data-image-meta=\"{&quot;aperture&quot;:&quot;3.5&quot;,&quot;credit&quot;:&quot;S. Gregory Kolz&quot;,&quot;camera&quot;:&quot;Canon EOS 5D Mark III&quot;,&quot;caption&quot;:&quot;&quot;,&quot;created_timestamp&quot;:&quot;1351431349&quot;,&quot;copyright&quot;:&quot;&quot;,&quot;focal_length&quot;:&quot;200&quot;,&quot;iso&quot;:&quot;4000&quot;,&quot;shutter_speed&quot;:&quot;0.00125&quot;,&quot;title&quot;:&quot;&quot;}\" data-image-title=\"COC photo: Greg Kolz\" data-image-description=\"&lt;p&gt;COC photo: Greg Kolz&lt;\/p&gt; \" data-medium-file=\"https:\/\/preprod.olympic.ca\/olympique\/wp-content\/uploads\/sites\/2\/2012\/10\/2e3a029216.jpg?quality=100&#038;w=557\" data-large-file=\"https:\/\/preprod.olympic.ca\/olympique\/wp-content\/uploads\/sites\/2\/2012\/10\/2e3a029216.jpg?quality=100&#038;w=720\" src=\"https:\/\/preprod.olympic.ca\/olympique\/wp-content\/uploads\/sites\/2\/2012\/10\/2e3a029216.jpg?quality=100&#038;w=336&#038;h=224&#038;strip&#038;resize=336%2C224\" srcset=\"https:\/\/preprod.olympic.ca\/olympique\/wp-content\/uploads\/sites\/2\/2012\/10\/2e3a029216.jpg 720w, https:\/\/preprod.olympic.ca\/olympique\/wp-content\/uploads\/sites\/2\/2012\/10\/2e3a029216.jpg?resize=237,158 237w, https:\/\/preprod.olympic.ca\/olympique\/wp-content\/uploads\/sites\/2\/2012\/10\/2e3a029216.jpg?resize=557,371 557w\" width=\"336\" height=\"224\" loading=\"lazy\" data-original-width=\"336\" data-original-height=\"224\" itemprop=\"http:\/\/schema.org\/image\" title=\"COC photo: Greg Kolz\" alt=\"COC photo: Greg Kolz\" style=\"width: 336px; height: 224px;\" \/> <\/a> <div class=\"tiled-gallery-caption\" itemprop=\"caption description\"> COC photo: Greg Kolz <\/div> <\/div> <\/div> <!-- close group --> <div class=\"gallery-group images-1\" style=\"width: 340px; height: 228px;\" data-original-width=\"340\" data-original-height=\"228\" > <div class=\"tiled-gallery-item tiled-gallery-item-large\" itemprop=\"associatedMedia\" itemscope itemtype=\"http:\/\/schema.org\/ImageObject\"> <a href=\"https:\/\/preprod.olympic.ca\/olympique\/wp-content\/uploads\/sites\/2\/2012\/10\/2e3a026016.jpg?quality=100&#038;strip\" border=\"0\" itemprop=\"url\"> <meta itemprop=\"width\" content=\"336\"> <meta itemprop=\"height\" content=\"224\"> <img decoding=\"async\" data-recalc-dims=\"1\" class=\"\" data-attachment-id=\"44667\" data-orig-file=\"https:\/\/preprod.olympic.ca\/olympique\/wp-content\/uploads\/sites\/2\/2012\/10\/2e3a026016.jpg?quality=100\" data-orig-size=\"720,480\" data-comments-opened=\"1\" data-image-meta=\"{&quot;aperture&quot;:&quot;3.5&quot;,&quot;credit&quot;:&quot;S. Gregory Kolz&quot;,&quot;camera&quot;:&quot;Canon EOS 5D Mark III&quot;,&quot;caption&quot;:&quot;&quot;,&quot;created_timestamp&quot;:&quot;1351431189&quot;,&quot;copyright&quot;:&quot;&quot;,&quot;focal_length&quot;:&quot;200&quot;,&quot;iso&quot;:&quot;4000&quot;,&quot;shutter_speed&quot;:&quot;0.00125&quot;,&quot;title&quot;:&quot;&quot;}\" data-image-title=\"COC photo: Greg Kolz\" data-image-description=\"&lt;p&gt;COC photo: Greg Kolz&lt;\/p&gt; \" data-medium-file=\"https:\/\/preprod.olympic.ca\/olympique\/wp-content\/uploads\/sites\/2\/2012\/10\/2e3a026016.jpg?quality=100&#038;w=557\" data-large-file=\"https:\/\/preprod.olympic.ca\/olympique\/wp-content\/uploads\/sites\/2\/2012\/10\/2e3a026016.jpg?quality=100&#038;w=720\" src=\"https:\/\/preprod.olympic.ca\/olympique\/wp-content\/uploads\/sites\/2\/2012\/10\/2e3a026016.jpg?quality=100&#038;w=336&#038;h=224&#038;strip&#038;resize=336%2C224\" srcset=\"https:\/\/preprod.olympic.ca\/olympique\/wp-content\/uploads\/sites\/2\/2012\/10\/2e3a026016.jpg 720w, https:\/\/preprod.olympic.ca\/olympique\/wp-content\/uploads\/sites\/2\/2012\/10\/2e3a026016.jpg?resize=237,158 237w, https:\/\/preprod.olympic.ca\/olympique\/wp-content\/uploads\/sites\/2\/2012\/10\/2e3a026016.jpg?resize=557,371 557w\" width=\"336\" height=\"224\" loading=\"lazy\" data-original-width=\"336\" data-original-height=\"224\" itemprop=\"http:\/\/schema.org\/image\" title=\"COC photo: Greg Kolz\" alt=\"COC photo: Greg Kolz\" style=\"width: 336px; height: 224px;\" \/> <\/a> <div class=\"tiled-gallery-caption\" itemprop=\"caption description\"> COC photo: Greg Kolz <\/div> <\/div> <\/div> <!-- close group --> <div class=\"gallery-group images-1\" style=\"width: 340px; height: 228px;\" data-original-width=\"340\" data-original-height=\"228\" > <div class=\"tiled-gallery-item tiled-gallery-item-large\" itemprop=\"associatedMedia\" itemscope itemtype=\"http:\/\/schema.org\/ImageObject\"> <a href=\"https:\/\/preprod.olympic.ca\/olympique\/wp-content\/uploads\/sites\/2\/2012\/10\/2e3a020716.jpg?quality=100&#038;strip\" border=\"0\" itemprop=\"url\"> <meta itemprop=\"width\" content=\"336\"> <meta itemprop=\"height\" content=\"224\"> <img decoding=\"async\" data-recalc-dims=\"1\" class=\"\" data-attachment-id=\"44666\" data-orig-file=\"https:\/\/preprod.olympic.ca\/olympique\/wp-content\/uploads\/sites\/2\/2012\/10\/2e3a020716.jpg?quality=100\" data-orig-size=\"720,480\" data-comments-opened=\"1\" data-image-meta=\"{&quot;aperture&quot;:&quot;3.5&quot;,&quot;credit&quot;:&quot;S. Gregory Kolz&quot;,&quot;camera&quot;:&quot;Canon EOS 5D Mark III&quot;,&quot;caption&quot;:&quot;&quot;,&quot;created_timestamp&quot;:&quot;1351430831&quot;,&quot;copyright&quot;:&quot;&quot;,&quot;focal_length&quot;:&quot;170&quot;,&quot;iso&quot;:&quot;4000&quot;,&quot;shutter_speed&quot;:&quot;0.001&quot;,&quot;title&quot;:&quot;&quot;}\" data-image-title=\"COC photo: Greg Kolz\" data-image-description=\"&lt;p&gt;COC photo: Greg Kolz&lt;\/p&gt; \" data-medium-file=\"https:\/\/preprod.olympic.ca\/olympique\/wp-content\/uploads\/sites\/2\/2012\/10\/2e3a020716.jpg?quality=100&#038;w=557\" data-large-file=\"https:\/\/preprod.olympic.ca\/olympique\/wp-content\/uploads\/sites\/2\/2012\/10\/2e3a020716.jpg?quality=100&#038;w=720\" src=\"https:\/\/preprod.olympic.ca\/olympique\/wp-content\/uploads\/sites\/2\/2012\/10\/2e3a020716.jpg?quality=100&#038;w=336&#038;h=224&#038;strip&#038;resize=336%2C224\" srcset=\"https:\/\/preprod.olympic.ca\/olympique\/wp-content\/uploads\/sites\/2\/2012\/10\/2e3a020716.jpg 720w, https:\/\/preprod.olympic.ca\/olympique\/wp-content\/uploads\/sites\/2\/2012\/10\/2e3a020716.jpg?resize=237,158 237w, https:\/\/preprod.olympic.ca\/olympique\/wp-content\/uploads\/sites\/2\/2012\/10\/2e3a020716.jpg?resize=557,371 557w\" width=\"336\" height=\"224\" loading=\"lazy\" data-original-width=\"336\" data-original-height=\"224\" itemprop=\"http:\/\/schema.org\/image\" title=\"COC photo: Greg Kolz\" alt=\"COC photo: Greg Kolz\" style=\"width: 336px; height: 224px;\" \/> <\/a> <div class=\"tiled-gallery-caption\" itemprop=\"caption description\"> COC photo: Greg Kolz <\/div> <\/div> <\/div> <!-- close group --> <div class=\"gallery-group images-1\" style=\"width: 340px; height: 228px;\" data-original-width=\"340\" data-original-height=\"228\" > <div class=\"tiled-gallery-item tiled-gallery-item-large\" itemprop=\"associatedMedia\" itemscope itemtype=\"http:\/\/schema.org\/ImageObject\"> <a href=\"https:\/\/preprod.olympic.ca\/olympique\/wp-content\/uploads\/sites\/2\/2012\/10\/2e3a009816.jpg?quality=100&#038;strip\" border=\"0\" itemprop=\"url\"> <meta itemprop=\"width\" content=\"336\"> <meta itemprop=\"height\" content=\"224\"> <img decoding=\"async\" data-recalc-dims=\"1\" class=\"\" data-attachment-id=\"44665\" data-orig-file=\"https:\/\/preprod.olympic.ca\/olympique\/wp-content\/uploads\/sites\/2\/2012\/10\/2e3a009816.jpg?quality=100\" data-orig-size=\"720,480\" data-comments-opened=\"1\" data-image-meta=\"{&quot;aperture&quot;:&quot;3.5&quot;,&quot;credit&quot;:&quot;S. Gregory Kolz&quot;,&quot;camera&quot;:&quot;Canon EOS 5D Mark III&quot;,&quot;caption&quot;:&quot;&quot;,&quot;created_timestamp&quot;:&quot;1351427298&quot;,&quot;copyright&quot;:&quot;&quot;,&quot;focal_length&quot;:&quot;200&quot;,&quot;iso&quot;:&quot;4000&quot;,&quot;shutter_speed&quot;:&quot;0.00125&quot;,&quot;title&quot;:&quot;&quot;}\" data-image-title=\"COC photo: Greg Kolz\" data-image-description=\"&lt;p&gt;COC photo: Greg Kolz&lt;\/p&gt; \" data-medium-file=\"https:\/\/preprod.olympic.ca\/olympique\/wp-content\/uploads\/sites\/2\/2012\/10\/2e3a009816.jpg?quality=100&#038;w=557\" data-large-file=\"https:\/\/preprod.olympic.ca\/olympique\/wp-content\/uploads\/sites\/2\/2012\/10\/2e3a009816.jpg?quality=100&#038;w=720\" src=\"https:\/\/preprod.olympic.ca\/olympique\/wp-content\/uploads\/sites\/2\/2012\/10\/2e3a009816.jpg?quality=100&#038;w=336&#038;h=224&#038;strip&#038;resize=336%2C224\" srcset=\"https:\/\/preprod.olympic.ca\/olympique\/wp-content\/uploads\/sites\/2\/2012\/10\/2e3a009816.jpg 720w, https:\/\/preprod.olympic.ca\/olympique\/wp-content\/uploads\/sites\/2\/2012\/10\/2e3a009816.jpg?resize=237,158 237w, https:\/\/preprod.olympic.ca\/olympique\/wp-content\/uploads\/sites\/2\/2012\/10\/2e3a009816.jpg?resize=557,371 557w\" width=\"336\" height=\"224\" loading=\"lazy\" data-original-width=\"336\" data-original-height=\"224\" itemprop=\"http:\/\/schema.org\/image\" title=\"COC photo: Greg Kolz\" alt=\"COC photo: Greg Kolz\" style=\"width: 336px; height: 224px;\" \/> <\/a> <div class=\"tiled-gallery-caption\" itemprop=\"caption description\"> COC photo: Greg Kolz <\/div> <\/div> <\/div> <!-- close group --> <\/div> <!-- close row --> <\/div>\n","protected":false},"excerpt":{"rendered":"<p>MONTR\u00c9AL \u2013 Le Canada a enflamm\u00e9 la courte piste le week-end dernier lors de la Coupe du monde no 2&#8230;<\/p>\n","protected":false},"author":52435436,"featured_media":44616,"comment_status":"open","ping_status":"open","sticky":false,"template":"","format":"standard","meta":{"_acf_changed":false,"_jetpack_memberships_contains_paid_content":false,"footnotes":""},"categories":[70121],"tags":[],"post_format":"standard","sport":[],"game":[],"coauthors":[187838302],"class_list":["post-44618","post","type-post","status-publish","format-standard","has-post-thumbnail","hentry","category-equipe"],"acf":[],"yoast_head":"<!-- This site is optimized with the Yoast SEO plugin v27.3 - https:\/\/yoast.com\/product\/yoast-seo-wordpress\/ -->\n<title>Le Canada domine la coute piste - \u00c9quipe Canada | Site officiel de l&#039;\u00e9quipe olympique<\/title>\n<meta name=\"robots\" content=\"index, follow, max-snippet:-1, max-image-preview:large, max-video-preview:-1\" \/>\n<link rel=\"canonical\" href=\"https:\/\/preprod.olympic.ca\/olympique\/2012\/10\/29\/le-canada-domine-la-coute-piste\/\" \/>\n<meta property=\"og:locale\" content=\"fr_FR\" \/>\n<meta property=\"og:type\" content=\"article\" \/>\n<meta property=\"og:title\" content=\"Le Canada domine la coute piste - \u00c9quipe Canada | Site officiel de l&#039;\u00e9quipe olympique\" \/>\n<meta property=\"og:description\" content=\"MONTR\u00c9AL \u2013 Le Canada a enflamm\u00e9 la courte piste le week-end dernier lors de la Coupe du monde no 2...\" \/>\n<meta property=\"og:url\" content=\"https:\/\/preprod.olympic.ca\/olympique\/2012\/10\/29\/le-canada-domine-la-coute-piste\/\" \/>\n<meta property=\"og:site_name\" content=\"\u00c9quipe Canada | Site officiel de l&#039;\u00e9quipe olympique\" \/>\n<meta property=\"article:published_time\" content=\"2012-10-29T13:29:43+00:00\" \/>\n<meta property=\"og:image\" content=\"https:\/\/preprod.olympic.ca\/olympique\/wp-content\/uploads\/sites\/2\/2012\/10\/speedsk8-wc6.jpg?quality=100\" \/>\n\t<meta property=\"og:image:width\" content=\"1105\" \/>\n\t<meta property=\"og:image:height\" content=\"731\" \/>\n\t<meta property=\"og:image:type\" content=\"image\/jpeg\" \/>\n<meta name=\"author\" content=\"Mark Nadolny\" \/>\n<meta name=\"twitter:card\" content=\"summary_large_image\" \/>\n<meta name=\"twitter:label1\" content=\"Written by\" \/>\n\t<meta name=\"twitter:data1\" content=\"Mark Nadolny\" \/>\n\t<meta name=\"twitter:label2\" content=\"Est. reading time\" \/>\n\t<meta name=\"twitter:data2\" content=\"2 minutes\" \/>\n<script type=\"application\/ld+json\" class=\"yoast-schema-graph\">{\"@context\":\"https:\\\/\\\/schema.org\",\"@graph\":[{\"@type\":\"Article\",\"@id\":\"https:\\\/\\\/preprod.olympic.ca\\\/olympique\\\/2012\\\/10\\\/29\\\/le-canada-domine-la-coute-piste\\\/#article\",\"isPartOf\":{\"@id\":\"https:\\\/\\\/preprod.olympic.ca\\\/olympique\\\/2012\\\/10\\\/29\\\/le-canada-domine-la-coute-piste\\\/\"},\"author\":{\"name\":\"Mark Nadolny\",\"@id\":\"https:\\\/\\\/preprod.olympic.ca\\\/olympique\\\/#\\\/schema\\\/person\\\/71d340cc825e058ae525fc2765f7c7ae\"},\"headline\":\"Le Canada domine la coute piste\",\"datePublished\":\"2012-10-29T13:29:43+00:00\",\"mainEntityOfPage\":{\"@id\":\"https:\\\/\\\/preprod.olympic.ca\\\/olympique\\\/2012\\\/10\\\/29\\\/le-canada-domine-la-coute-piste\\\/\"},\"wordCount\":459,\"commentCount\":0,\"image\":{\"@id\":\"https:\\\/\\\/preprod.olympic.ca\\\/olympique\\\/2012\\\/10\\\/29\\\/le-canada-domine-la-coute-piste\\\/#primaryimage\"},\"thumbnailUrl\":\"https:\\\/\\\/preprod.olympic.ca\\\/olympique\\\/wp-content\\\/uploads\\\/sites\\\/2\\\/2012\\\/10\\\/speedsk8-wc6.jpg?quality=100\",\"articleSection\":[\"Nouvelles de l'equipe\"],\"inLanguage\":\"fr-FR\",\"potentialAction\":[{\"@type\":\"CommentAction\",\"name\":\"Comment\",\"target\":[\"https:\\\/\\\/preprod.olympic.ca\\\/olympique\\\/2012\\\/10\\\/29\\\/le-canada-domine-la-coute-piste\\\/#respond\"]}]},{\"@type\":\"WebPage\",\"@id\":\"https:\\\/\\\/preprod.olympic.ca\\\/olympique\\\/2012\\\/10\\\/29\\\/le-canada-domine-la-coute-piste\\\/\",\"url\":\"https:\\\/\\\/preprod.olympic.ca\\\/olympique\\\/2012\\\/10\\\/29\\\/le-canada-domine-la-coute-piste\\\/\",\"name\":\"Le Canada domine la coute piste - \u00c9quipe Canada | Site officiel de l&#039;\u00e9quipe olympique\",\"isPartOf\":{\"@id\":\"https:\\\/\\\/preprod.olympic.ca\\\/olympique\\\/#website\"},\"primaryImageOfPage\":{\"@id\":\"https:\\\/\\\/preprod.olympic.ca\\\/olympique\\\/2012\\\/10\\\/29\\\/le-canada-domine-la-coute-piste\\\/#primaryimage\"},\"image\":{\"@id\":\"https:\\\/\\\/preprod.olympic.ca\\\/olympique\\\/2012\\\/10\\\/29\\\/le-canada-domine-la-coute-piste\\\/#primaryimage\"},\"thumbnailUrl\":\"https:\\\/\\\/preprod.olympic.ca\\\/olympique\\\/wp-content\\\/uploads\\\/sites\\\/2\\\/2012\\\/10\\\/speedsk8-wc6.jpg?quality=100\",\"datePublished\":\"2012-10-29T13:29:43+00:00\",\"author\":{\"@id\":\"https:\\\/\\\/preprod.olympic.ca\\\/olympique\\\/#\\\/schema\\\/person\\\/71d340cc825e058ae525fc2765f7c7ae\"},\"inLanguage\":\"fr-FR\",\"potentialAction\":[{\"@type\":\"ReadAction\",\"target\":[\"https:\\\/\\\/preprod.olympic.ca\\\/olympique\\\/2012\\\/10\\\/29\\\/le-canada-domine-la-coute-piste\\\/\"]}]},{\"@type\":\"ImageObject\",\"inLanguage\":\"fr-FR\",\"@id\":\"https:\\\/\\\/preprod.olympic.ca\\\/olympique\\\/2012\\\/10\\\/29\\\/le-canada-domine-la-coute-piste\\\/#primaryimage\",\"url\":\"https:\\\/\\\/preprod.olympic.ca\\\/olympique\\\/wp-content\\\/uploads\\\/sites\\\/2\\\/2012\\\/10\\\/speedsk8-wc6.jpg?quality=100\",\"contentUrl\":\"https:\\\/\\\/preprod.olympic.ca\\\/olympique\\\/wp-content\\\/uploads\\\/sites\\\/2\\\/2012\\\/10\\\/speedsk8-wc6.jpg?quality=100\",\"width\":1105,\"height\":731,\"caption\":\"COC photo: Kristina Velan\"},{\"@type\":\"WebSite\",\"@id\":\"https:\\\/\\\/preprod.olympic.ca\\\/olympique\\\/#website\",\"url\":\"https:\\\/\\\/preprod.olympic.ca\\\/olympique\\\/\",\"name\":\"\u00c9quipe Canada | Site officiel de l&#039;\u00e9quipe olympique\",\"description\":\"Votre source pour l\u2019\u00c9quipe olympique canadienne. Retrouvez les r\u00e9cits, vid\u00e9os et photos des athl\u00e8tes canadiens, sports olympiques, Jeux olympiques de 2020 et bien plus!\",\"potentialAction\":[{\"@type\":\"SearchAction\",\"target\":{\"@type\":\"EntryPoint\",\"urlTemplate\":\"https:\\\/\\\/preprod.olympic.ca\\\/olympique\\\/?s={search_term_string}\"},\"query-input\":{\"@type\":\"PropertyValueSpecification\",\"valueRequired\":true,\"valueName\":\"search_term_string\"}}],\"inLanguage\":\"fr-FR\"},{\"@type\":\"Person\",\"@id\":\"https:\\\/\\\/preprod.olympic.ca\\\/olympique\\\/#\\\/schema\\\/person\\\/71d340cc825e058ae525fc2765f7c7ae\",\"name\":\"Mark Nadolny\",\"image\":{\"@type\":\"ImageObject\",\"inLanguage\":\"fr-FR\",\"@id\":\"https:\\\/\\\/secure.gravatar.com\\\/avatar\\\/fcfb5089af8db23b9347da3d181947b19f1cffb98b30f03fbe8f1973083d7e6b?s=96&d=identicon&r=g0693b2c18808f6337c03a29426292cc9\",\"url\":\"https:\\\/\\\/secure.gravatar.com\\\/avatar\\\/fcfb5089af8db23b9347da3d181947b19f1cffb98b30f03fbe8f1973083d7e6b?s=96&d=identicon&r=g\",\"contentUrl\":\"https:\\\/\\\/secure.gravatar.com\\\/avatar\\\/fcfb5089af8db23b9347da3d181947b19f1cffb98b30f03fbe8f1973083d7e6b?s=96&d=identicon&r=g\",\"caption\":\"Mark Nadolny\"},\"description\":\"Digital Media for the Canadian Olympic Team, I do that.\",\"url\":\"https:\\\/\\\/preprod.olympic.ca\\\/olympique\\\/author\\\/marknadonly\\\/\"}]}<\/script>\n<!-- \/ Yoast SEO plugin. -->","yoast_head_json":{"title":"Le Canada domine la coute piste - \u00c9quipe Canada | Site officiel de l&#039;\u00e9quipe olympique","robots":{"index":"index","follow":"follow","max-snippet":"max-snippet:-1","max-image-preview":"max-image-preview:large","max-video-preview":"max-video-preview:-1"},"canonical":"https:\/\/preprod.olympic.ca\/olympique\/2012\/10\/29\/le-canada-domine-la-coute-piste\/","og_locale":"fr_FR","og_type":"article","og_title":"Le Canada domine la coute piste - \u00c9quipe Canada | Site officiel de l&#039;\u00e9quipe olympique","og_description":"MONTR\u00c9AL \u2013 Le Canada a enflamm\u00e9 la courte piste le week-end dernier lors de la Coupe du monde no 2...","og_url":"https:\/\/preprod.olympic.ca\/olympique\/2012\/10\/29\/le-canada-domine-la-coute-piste\/","og_site_name":"\u00c9quipe Canada | Site officiel de l&#039;\u00e9quipe olympique","article_published_time":"2012-10-29T13:29:43+00:00","og_image":[{"width":1105,"height":731,"url":"https:\/\/preprod.olympic.ca\/olympique\/wp-content\/uploads\/sites\/2\/2012\/10\/speedsk8-wc6.jpg?quality=100","type":"image\/jpeg"}],"author":"Mark Nadolny","twitter_card":"summary_large_image","twitter_misc":{"Written by":"Mark Nadolny","Est. reading time":"2 minutes"},"schema":{"@context":"https:\/\/schema.org","@graph":[{"@type":"Article","@id":"https:\/\/preprod.olympic.ca\/olympique\/2012\/10\/29\/le-canada-domine-la-coute-piste\/#article","isPartOf":{"@id":"https:\/\/preprod.olympic.ca\/olympique\/2012\/10\/29\/le-canada-domine-la-coute-piste\/"},"author":{"name":"Mark Nadolny","@id":"https:\/\/preprod.olympic.ca\/olympique\/#\/schema\/person\/71d340cc825e058ae525fc2765f7c7ae"},"headline":"Le Canada domine la coute piste","datePublished":"2012-10-29T13:29:43+00:00","mainEntityOfPage":{"@id":"https:\/\/preprod.olympic.ca\/olympique\/2012\/10\/29\/le-canada-domine-la-coute-piste\/"},"wordCount":459,"commentCount":0,"image":{"@id":"https:\/\/preprod.olympic.ca\/olympique\/2012\/10\/29\/le-canada-domine-la-coute-piste\/#primaryimage"},"thumbnailUrl":"https:\/\/preprod.olympic.ca\/olympique\/wp-content\/uploads\/sites\/2\/2012\/10\/speedsk8-wc6.jpg?quality=100","articleSection":["Nouvelles de l'equipe"],"inLanguage":"fr-FR","potentialAction":[{"@type":"CommentAction","name":"Comment","target":["https:\/\/preprod.olympic.ca\/olympique\/2012\/10\/29\/le-canada-domine-la-coute-piste\/#respond"]}]},{"@type":"WebPage","@id":"https:\/\/preprod.olympic.ca\/olympique\/2012\/10\/29\/le-canada-domine-la-coute-piste\/","url":"https:\/\/preprod.olympic.ca\/olympique\/2012\/10\/29\/le-canada-domine-la-coute-piste\/","name":"Le Canada domine la coute piste - \u00c9quipe Canada | Site officiel de l&#039;\u00e9quipe olympique","isPartOf":{"@id":"https:\/\/preprod.olympic.ca\/olympique\/#website"},"primaryImageOfPage":{"@id":"https:\/\/preprod.olympic.ca\/olympique\/2012\/10\/29\/le-canada-domine-la-coute-piste\/#primaryimage"},"image":{"@id":"https:\/\/preprod.olympic.ca\/olympique\/2012\/10\/29\/le-canada-domine-la-coute-piste\/#primaryimage"},"thumbnailUrl":"https:\/\/preprod.olympic.ca\/olympique\/wp-content\/uploads\/sites\/2\/2012\/10\/speedsk8-wc6.jpg?quality=100","datePublished":"2012-10-29T13:29:43+00:00","author":{"@id":"https:\/\/preprod.olympic.ca\/olympique\/#\/schema\/person\/71d340cc825e058ae525fc2765f7c7ae"},"inLanguage":"fr-FR","potentialAction":[{"@type":"ReadAction","target":["https:\/\/preprod.olympic.ca\/olympique\/2012\/10\/29\/le-canada-domine-la-coute-piste\/"]}]},{"@type":"ImageObject","inLanguage":"fr-FR","@id":"https:\/\/preprod.olympic.ca\/olympique\/2012\/10\/29\/le-canada-domine-la-coute-piste\/#primaryimage","url":"https:\/\/preprod.olympic.ca\/olympique\/wp-content\/uploads\/sites\/2\/2012\/10\/speedsk8-wc6.jpg?quality=100","contentUrl":"https:\/\/preprod.olympic.ca\/olympique\/wp-content\/uploads\/sites\/2\/2012\/10\/speedsk8-wc6.jpg?quality=100","width":1105,"height":731,"caption":"COC photo: Kristina Velan"},{"@type":"WebSite","@id":"https:\/\/preprod.olympic.ca\/olympique\/#website","url":"https:\/\/preprod.olympic.ca\/olympique\/","name":"\u00c9quipe Canada | Site officiel de l&#039;\u00e9quipe olympique","description":"Votre source pour l\u2019\u00c9quipe olympique canadienne. Retrouvez les r\u00e9cits, vid\u00e9os et photos des athl\u00e8tes canadiens, sports olympiques, Jeux olympiques de 2020 et bien plus!","potentialAction":[{"@type":"SearchAction","target":{"@type":"EntryPoint","urlTemplate":"https:\/\/preprod.olympic.ca\/olympique\/?s={search_term_string}"},"query-input":{"@type":"PropertyValueSpecification","valueRequired":true,"valueName":"search_term_string"}}],"inLanguage":"fr-FR"},{"@type":"Person","@id":"https:\/\/preprod.olympic.ca\/olympique\/#\/schema\/person\/71d340cc825e058ae525fc2765f7c7ae","name":"Mark Nadolny","image":{"@type":"ImageObject","inLanguage":"fr-FR","@id":"https:\/\/secure.gravatar.com\/avatar\/fcfb5089af8db23b9347da3d181947b19f1cffb98b30f03fbe8f1973083d7e6b?s=96&d=identicon&r=g0693b2c18808f6337c03a29426292cc9","url":"https:\/\/secure.gravatar.com\/avatar\/fcfb5089af8db23b9347da3d181947b19f1cffb98b30f03fbe8f1973083d7e6b?s=96&d=identicon&r=g","contentUrl":"https:\/\/secure.gravatar.com\/avatar\/fcfb5089af8db23b9347da3d181947b19f1cffb98b30f03fbe8f1973083d7e6b?s=96&d=identicon&r=g","caption":"Mark Nadolny"},"description":"Digital Media for the Canadian Olympic Team, I do that.","url":"https:\/\/preprod.olympic.ca\/olympique\/author\/marknadonly\/"}]}},"jetpack_featured_media_url":"https:\/\/preprod.olympic.ca\/olympique\/wp-content\/uploads\/sites\/2\/2012\/10\/speedsk8-wc6.jpg?quality=100","featured_image_url":"https:\/\/preprod.olympic.ca\/olympique\/wp-content\/uploads\/sites\/2\/2012\/10\/speedsk8-wc6.jpg?quality=100","author_name":["Mark Nadolny"],"category_names":["Nouvelles de l'equipe"],"tag_names":[],"video_embed_code":"","facebook_video_embed_code":"","jetpack_sharing_enabled":true,"jetpack-related-posts":[],"jetpack_shortlink":"https:\/\/wp.me\/pcGHcP-bBE","_links":{"self":[{"href":"https:\/\/preprod.olympic.ca\/olympique\/wp-json\/wp\/v2\/posts\/44618","targetHints":{"allow":["GET"]}}],"collection":[{"href":"https:\/\/preprod.olympic.ca\/olympique\/wp-json\/wp\/v2\/posts"}],"about":[{"href":"https:\/\/preprod.olympic.ca\/olympique\/wp-json\/wp\/v2\/types\/post"}],"author":[{"embeddable":true,"href":"https:\/\/preprod.olympic.ca\/olympique\/wp-json\/wp\/v2\/users\/52435436"}],"replies":[{"embeddable":true,"href":"https:\/\/preprod.olympic.ca\/olympique\/wp-json\/wp\/v2\/comments?post=44618"}],"version-history":[{"count":0,"href":"https:\/\/preprod.olympic.ca\/olympique\/wp-json\/wp\/v2\/posts\/44618\/revisions"}],"wp:featuredmedia":[{"embeddable":true,"href":"https:\/\/preprod.olympic.ca\/olympique\/wp-json\/wp\/v2\/media\/44616"}],"wp:attachment":[{"href":"https:\/\/preprod.olympic.ca\/olympique\/wp-json\/wp\/v2\/media?parent=44618"}],"wp:term":[{"taxonomy":"category","embeddable":true,"href":"https:\/\/preprod.olympic.ca\/olympique\/wp-json\/wp\/v2\/categories?post=44618"},{"taxonomy":"post_tag","embeddable":true,"href":"https:\/\/preprod.olympic.ca\/olympique\/wp-json\/wp\/v2\/tags?post=44618"},{"taxonomy":"post_format","embeddable":true,"href":"https:\/\/preprod.olympic.ca\/olympique\/wp-json\/wp\/v2\/post_format?post=44618"},{"taxonomy":"sport","embeddable":true,"href":"https:\/\/preprod.olympic.ca\/olympique\/wp-json\/wp\/v2\/sport?post=44618"},{"taxonomy":"game","embeddable":true,"href":"https:\/\/preprod.olympic.ca\/olympique\/wp-json\/wp\/v2\/game?post=44618"},{"taxonomy":"author","embeddable":true,"href":"https:\/\/preprod.olympic.ca\/olympique\/wp-json\/wp\/v2\/coauthors?post=44618"}],"curies":[{"name":"wp","href":"https:\/\/api.w.org\/{rel}","templated":true}]}}