{"id":5478,"date":"2010-05-07T10:07:41","date_gmt":"2010-05-07T14:07:41","guid":{"rendered":"http:\/\/preprod.olympic.ca\/?p=5478"},"modified":"2013-08-01T01:10:31","modified_gmt":"2013-08-01T01:10:31","slug":"plus-que-quatre-vingt-dix-neuf-jours-avant-les-jeux-olympiques-de-la-jeunesse","status":"publish","type":"post","link":"https:\/\/preprod.olympic.ca\/olympique\/2010\/05\/07\/plus-que-quatre-vingt-dix-neuf-jours-avant-les-jeux-olympiques-de-la-jeunesse\/","title":{"rendered":"Plus que quatre-vingt-dix-neuf jours avant les Jeux olympiques de la jeunesse"},"content":{"rendered":"<p>Le compte \u00e0 rebours officiel des tout premiers Jeux olympiques de la jeunesse a commenc\u00e9 aujourd\u2019hui, \u00e0 99 jours du d\u00e9but des festivit\u00e9s \u00e0 Singapour. La ville, qui porte le m\u00eame nom que le pays, a tenu des c\u00e9l\u00e9brations aujourd\u2019hui alors qu\u2019elle se pr\u00e9pare pour le moment o\u00f9 elle sera au centre du Mouvement olympique.<\/p>\n<p>\u00c0 ces premiers Jeux olympiques de la jeunesse participeront 3 600 athl\u00e8tes de 205 pays, tous \u00e2g\u00e9s de 14 \u00e0 18 ans. Non seulement ils concourront dans 26 sports, mais ils participeront \u00e9galement dans un programme culturel et \u00e9ducatif exhaustif qui leur permettra de comprendre les valeurs inh\u00e9rentes au Mouvement olympique et de prendre conscience de leur importance.<\/p>\n<p>\u00ab Nous sommes pr\u00eats! \u00bb a proclam\u00e9 aujourd\u2019hui le comit\u00e9 d\u2019organisation des Jeux de Singapour, alors que des milliers de r\u00e9sidants participaient \u00e0 des c\u00e9l\u00e9brations qui incluaient des feux d\u2019artifice, des festivals sportifs et des comp\u00e9titions athl\u00e9tiques. C\u2019est r\u00e9ellement une ville-h\u00f4te engag\u00e9e et enthousiaste, pr\u00eate pour les Jeux historiques qui se d\u00e9rouleront du 14 au 26 ao\u00fbt.<\/p>\n<p>Pour marquer le compte \u00e0 rebours de 99 jours, le Comit\u00e9 international olympique (CIO) a lanc\u00e9 une comp\u00e9tition de photographie sur Flickr afin d\u2019essayer de capter l\u2019esprit des Jeux olympiques de la jeunesse. Le prix : devenir un photographe officiel \u00e0 Singapour cet \u00e9t\u00e9. Visitez le : <a href=\"http:\/\/www.flickr.com\/groups\/youtholympics\">www.flickr.com\/groups\/youtholympics<\/a>.<\/p>\n<p>Vous pouvez \u00e9galement voir une vid\u00e9o de 99 secondes qui met en vedette la l\u00e9gende de la natation Michael Phelps et la sauteuse \u00e0 la perche Yelena Isinbayeva, qui sont les ambassadeurs officiels des Jeux olympiques de la jeunesse. Visitez le <a href=\"http:\/\/www.facebook.com\/youtholympicgames\">www.facebook.com\/youtholympicgames<\/a>. Faites \u00e9galement connaissance avec Callum Ng, le jeune ambassadeur du Canada pour les Jeux de Singapour 2010 dans sa vid\u00e9o de pr\u00e9sentation ici : <a href=\"http:\/\/assets.olympic.org\/YOG\/en\/news.html\">http:\/\/assets.olympic.org\/YOG\/en\/news.html<\/a>.<\/p>\n<p>Pr\u00e9parez-vous \u00e0 vivre l\u2019euphorie, les Jeux arrivent rapidement!<\/p>\n","protected":false},"excerpt":{"rendered":"<p>Le compte \u00e0 rebours officiel des tout premiers Jeux olympiques de la jeunesse a commenc\u00e9 aujourd\u2019hui, \u00e0 99 jours du&#8230;<\/p>\n","protected":false},"author":47562643,"featured_media":5476,"comment_status":"open","ping_status":"open","sticky":false,"template":"","format":"standard","meta":{"_acf_changed":false,"_jetpack_memberships_contains_paid_content":false,"footnotes":""},"categories":[23939911],"tags":[],"post_format":"standard","sport":[],"game":[],"coauthors":[186127234],"class_list":["post-5478","post","type-post","status-publish","format-standard","has-post-thumbnail","hentry","category-uncategorized-fr"],"acf":[],"yoast_head":"<!-- This site is optimized with the Yoast SEO plugin v27.3 - https:\/\/yoast.com\/product\/yoast-seo-wordpress\/ -->\n<title>Plus que quatre-vingt-dix-neuf jours avant les Jeux olympiques de la jeunesse - \u00c9quipe Canada | Site officiel de l&#039;\u00e9quipe olympique<\/title>\n<meta name=\"robots\" content=\"index, follow, max-snippet:-1, max-image-preview:large, max-video-preview:-1\" \/>\n<link rel=\"canonical\" href=\"https:\/\/preprod.olympic.ca\/olympique\/2010\/05\/07\/plus-que-quatre-vingt-dix-neuf-jours-avant-les-jeux-olympiques-de-la-jeunesse\/\" \/>\n<meta property=\"og:locale\" content=\"fr_FR\" \/>\n<meta property=\"og:type\" content=\"article\" \/>\n<meta property=\"og:title\" content=\"Plus que quatre-vingt-dix-neuf jours avant les Jeux olympiques de la jeunesse - \u00c9quipe Canada | Site officiel de l&#039;\u00e9quipe olympique\" \/>\n<meta property=\"og:description\" content=\"Le compte \u00e0 rebours officiel des tout premiers Jeux olympiques de la jeunesse a commenc\u00e9 aujourd\u2019hui, \u00e0 99 jours du...\" \/>\n<meta property=\"og:url\" content=\"https:\/\/preprod.olympic.ca\/olympique\/2010\/05\/07\/plus-que-quatre-vingt-dix-neuf-jours-avant-les-jeux-olympiques-de-la-jeunesse\/\" \/>\n<meta property=\"og:site_name\" content=\"\u00c9quipe Canada | Site officiel de l&#039;\u00e9quipe olympique\" \/>\n<meta property=\"article:published_time\" content=\"2010-05-07T14:07:41+00:00\" \/>\n<meta property=\"article:modified_time\" content=\"2013-08-01T01:10:31+00:00\" \/>\n<meta property=\"og:image\" content=\"https:\/\/preprod.olympic.ca\/olympique\/wp-content\/uploads\/sites\/2\/2010\/05\/youth-olympic-image6.jpg?quality=100\" \/>\n\t<meta property=\"og:image:width\" content=\"500\" \/>\n\t<meta property=\"og:image:height\" content=\"333\" \/>\n\t<meta property=\"og:image:type\" content=\"image\/jpeg\" \/>\n<meta name=\"author\" content=\"Comit\u00e9 olympique canadien\" \/>\n<meta name=\"twitter:card\" content=\"summary_large_image\" \/>\n<meta name=\"twitter:label1\" content=\"Written by\" \/>\n\t<meta name=\"twitter:data1\" content=\"Comit\u00e9 olympique canadien\" \/>\n\t<meta name=\"twitter:label2\" content=\"Est. reading time\" \/>\n\t<meta name=\"twitter:data2\" content=\"2 minutes\" \/>\n<script type=\"application\/ld+json\" class=\"yoast-schema-graph\">{\"@context\":\"https:\\\/\\\/schema.org\",\"@graph\":[{\"@type\":\"Article\",\"@id\":\"https:\\\/\\\/preprod.olympic.ca\\\/olympique\\\/2010\\\/05\\\/07\\\/plus-que-quatre-vingt-dix-neuf-jours-avant-les-jeux-olympiques-de-la-jeunesse\\\/#article\",\"isPartOf\":{\"@id\":\"https:\\\/\\\/preprod.olympic.ca\\\/olympique\\\/2010\\\/05\\\/07\\\/plus-que-quatre-vingt-dix-neuf-jours-avant-les-jeux-olympiques-de-la-jeunesse\\\/\"},\"author\":{\"name\":\"cdnolympicteam\",\"@id\":\"https:\\\/\\\/preprod.olympic.ca\\\/olympique\\\/#\\\/schema\\\/person\\\/08d84fd062bf1b56ffb3808cb69aee9c\"},\"headline\":\"Plus que quatre-vingt-dix-neuf jours avant les Jeux olympiques de la jeunesse\",\"datePublished\":\"2010-05-07T14:07:41+00:00\",\"dateModified\":\"2013-08-01T01:10:31+00:00\",\"mainEntityOfPage\":{\"@id\":\"https:\\\/\\\/preprod.olympic.ca\\\/olympique\\\/2010\\\/05\\\/07\\\/plus-que-quatre-vingt-dix-neuf-jours-avant-les-jeux-olympiques-de-la-jeunesse\\\/\"},\"wordCount\":328,\"commentCount\":0,\"image\":{\"@id\":\"https:\\\/\\\/preprod.olympic.ca\\\/olympique\\\/2010\\\/05\\\/07\\\/plus-que-quatre-vingt-dix-neuf-jours-avant-les-jeux-olympiques-de-la-jeunesse\\\/#primaryimage\"},\"thumbnailUrl\":\"https:\\\/\\\/preprod.olympic.ca\\\/olympique\\\/wp-content\\\/uploads\\\/sites\\\/2\\\/2010\\\/05\\\/youth-olympic-image6.jpg?quality=100\",\"articleSection\":[\"Uncategorized @fr\"],\"inLanguage\":\"fr-FR\",\"potentialAction\":[{\"@type\":\"CommentAction\",\"name\":\"Comment\",\"target\":[\"https:\\\/\\\/preprod.olympic.ca\\\/olympique\\\/2010\\\/05\\\/07\\\/plus-que-quatre-vingt-dix-neuf-jours-avant-les-jeux-olympiques-de-la-jeunesse\\\/#respond\"]}]},{\"@type\":\"WebPage\",\"@id\":\"https:\\\/\\\/preprod.olympic.ca\\\/olympique\\\/2010\\\/05\\\/07\\\/plus-que-quatre-vingt-dix-neuf-jours-avant-les-jeux-olympiques-de-la-jeunesse\\\/\",\"url\":\"https:\\\/\\\/preprod.olympic.ca\\\/olympique\\\/2010\\\/05\\\/07\\\/plus-que-quatre-vingt-dix-neuf-jours-avant-les-jeux-olympiques-de-la-jeunesse\\\/\",\"name\":\"Plus que quatre-vingt-dix-neuf jours avant les Jeux olympiques de la jeunesse - \u00c9quipe Canada | Site officiel de l&#039;\u00e9quipe olympique\",\"isPartOf\":{\"@id\":\"https:\\\/\\\/preprod.olympic.ca\\\/olympique\\\/#website\"},\"primaryImageOfPage\":{\"@id\":\"https:\\\/\\\/preprod.olympic.ca\\\/olympique\\\/2010\\\/05\\\/07\\\/plus-que-quatre-vingt-dix-neuf-jours-avant-les-jeux-olympiques-de-la-jeunesse\\\/#primaryimage\"},\"image\":{\"@id\":\"https:\\\/\\\/preprod.olympic.ca\\\/olympique\\\/2010\\\/05\\\/07\\\/plus-que-quatre-vingt-dix-neuf-jours-avant-les-jeux-olympiques-de-la-jeunesse\\\/#primaryimage\"},\"thumbnailUrl\":\"https:\\\/\\\/preprod.olympic.ca\\\/olympique\\\/wp-content\\\/uploads\\\/sites\\\/2\\\/2010\\\/05\\\/youth-olympic-image6.jpg?quality=100\",\"datePublished\":\"2010-05-07T14:07:41+00:00\",\"dateModified\":\"2013-08-01T01:10:31+00:00\",\"author\":{\"@id\":\"https:\\\/\\\/preprod.olympic.ca\\\/olympique\\\/#\\\/schema\\\/person\\\/08d84fd062bf1b56ffb3808cb69aee9c\"},\"inLanguage\":\"fr-FR\",\"potentialAction\":[{\"@type\":\"ReadAction\",\"target\":[\"https:\\\/\\\/preprod.olympic.ca\\\/olympique\\\/2010\\\/05\\\/07\\\/plus-que-quatre-vingt-dix-neuf-jours-avant-les-jeux-olympiques-de-la-jeunesse\\\/\"]}]},{\"@type\":\"ImageObject\",\"inLanguage\":\"fr-FR\",\"@id\":\"https:\\\/\\\/preprod.olympic.ca\\\/olympique\\\/2010\\\/05\\\/07\\\/plus-que-quatre-vingt-dix-neuf-jours-avant-les-jeux-olympiques-de-la-jeunesse\\\/#primaryimage\",\"url\":\"https:\\\/\\\/preprod.olympic.ca\\\/olympique\\\/wp-content\\\/uploads\\\/sites\\\/2\\\/2010\\\/05\\\/youth-olympic-image6.jpg?quality=100\",\"contentUrl\":\"https:\\\/\\\/preprod.olympic.ca\\\/olympique\\\/wp-content\\\/uploads\\\/sites\\\/2\\\/2010\\\/05\\\/youth-olympic-image6.jpg?quality=100\",\"width\":500,\"height\":333},{\"@type\":\"WebSite\",\"@id\":\"https:\\\/\\\/preprod.olympic.ca\\\/olympique\\\/#website\",\"url\":\"https:\\\/\\\/preprod.olympic.ca\\\/olympique\\\/\",\"name\":\"\u00c9quipe Canada | Site officiel de l&#039;\u00e9quipe olympique\",\"description\":\"Votre source pour l\u2019\u00c9quipe olympique canadienne. Retrouvez les r\u00e9cits, vid\u00e9os et photos des athl\u00e8tes canadiens, sports olympiques, Jeux olympiques de 2020 et bien plus!\",\"potentialAction\":[{\"@type\":\"SearchAction\",\"target\":{\"@type\":\"EntryPoint\",\"urlTemplate\":\"https:\\\/\\\/preprod.olympic.ca\\\/olympique\\\/?s={search_term_string}\"},\"query-input\":{\"@type\":\"PropertyValueSpecification\",\"valueRequired\":true,\"valueName\":\"search_term_string\"}}],\"inLanguage\":\"fr-FR\"},{\"@type\":\"Person\",\"@id\":\"https:\\\/\\\/preprod.olympic.ca\\\/olympique\\\/#\\\/schema\\\/person\\\/08d84fd062bf1b56ffb3808cb69aee9c\",\"name\":\"cdnolympicteam\",\"image\":{\"@type\":\"ImageObject\",\"inLanguage\":\"fr-FR\",\"@id\":\"https:\\\/\\\/secure.gravatar.com\\\/avatar\\\/5ebf1554473077ab88cd1ec3372750991c09302ef58500182e331751d1f3473b?s=96&d=identicon&r=g7289394c1202ef020fcd9aad965e50f7\",\"url\":\"https:\\\/\\\/secure.gravatar.com\\\/avatar\\\/5ebf1554473077ab88cd1ec3372750991c09302ef58500182e331751d1f3473b?s=96&d=identicon&r=g\",\"contentUrl\":\"https:\\\/\\\/secure.gravatar.com\\\/avatar\\\/5ebf1554473077ab88cd1ec3372750991c09302ef58500182e331751d1f3473b?s=96&d=identicon&r=g\",\"caption\":\"cdnolympicteam\"},\"url\":\"https:\\\/\\\/preprod.olympic.ca\\\/olympique\\\/author\\\/cdnolympicteam\\\/\"}]}<\/script>\n<!-- \/ Yoast SEO plugin. -->","yoast_head_json":{"title":"Plus que quatre-vingt-dix-neuf jours avant les Jeux olympiques de la jeunesse - \u00c9quipe Canada | Site officiel de l&#039;\u00e9quipe olympique","robots":{"index":"index","follow":"follow","max-snippet":"max-snippet:-1","max-image-preview":"max-image-preview:large","max-video-preview":"max-video-preview:-1"},"canonical":"https:\/\/preprod.olympic.ca\/olympique\/2010\/05\/07\/plus-que-quatre-vingt-dix-neuf-jours-avant-les-jeux-olympiques-de-la-jeunesse\/","og_locale":"fr_FR","og_type":"article","og_title":"Plus que quatre-vingt-dix-neuf jours avant les Jeux olympiques de la jeunesse - \u00c9quipe Canada | Site officiel de l&#039;\u00e9quipe olympique","og_description":"Le compte \u00e0 rebours officiel des tout premiers Jeux olympiques de la jeunesse a commenc\u00e9 aujourd\u2019hui, \u00e0 99 jours du...","og_url":"https:\/\/preprod.olympic.ca\/olympique\/2010\/05\/07\/plus-que-quatre-vingt-dix-neuf-jours-avant-les-jeux-olympiques-de-la-jeunesse\/","og_site_name":"\u00c9quipe Canada | Site officiel de l&#039;\u00e9quipe olympique","article_published_time":"2010-05-07T14:07:41+00:00","article_modified_time":"2013-08-01T01:10:31+00:00","og_image":[{"width":500,"height":333,"url":"https:\/\/preprod.olympic.ca\/olympique\/wp-content\/uploads\/sites\/2\/2010\/05\/youth-olympic-image6.jpg?quality=100","type":"image\/jpeg"}],"author":"Comit\u00e9 olympique canadien","twitter_card":"summary_large_image","twitter_misc":{"Written by":"Comit\u00e9 olympique canadien","Est. reading time":"2 minutes"},"schema":{"@context":"https:\/\/schema.org","@graph":[{"@type":"Article","@id":"https:\/\/preprod.olympic.ca\/olympique\/2010\/05\/07\/plus-que-quatre-vingt-dix-neuf-jours-avant-les-jeux-olympiques-de-la-jeunesse\/#article","isPartOf":{"@id":"https:\/\/preprod.olympic.ca\/olympique\/2010\/05\/07\/plus-que-quatre-vingt-dix-neuf-jours-avant-les-jeux-olympiques-de-la-jeunesse\/"},"author":{"name":"cdnolympicteam","@id":"https:\/\/preprod.olympic.ca\/olympique\/#\/schema\/person\/08d84fd062bf1b56ffb3808cb69aee9c"},"headline":"Plus que quatre-vingt-dix-neuf jours avant les Jeux olympiques de la jeunesse","datePublished":"2010-05-07T14:07:41+00:00","dateModified":"2013-08-01T01:10:31+00:00","mainEntityOfPage":{"@id":"https:\/\/preprod.olympic.ca\/olympique\/2010\/05\/07\/plus-que-quatre-vingt-dix-neuf-jours-avant-les-jeux-olympiques-de-la-jeunesse\/"},"wordCount":328,"commentCount":0,"image":{"@id":"https:\/\/preprod.olympic.ca\/olympique\/2010\/05\/07\/plus-que-quatre-vingt-dix-neuf-jours-avant-les-jeux-olympiques-de-la-jeunesse\/#primaryimage"},"thumbnailUrl":"https:\/\/preprod.olympic.ca\/olympique\/wp-content\/uploads\/sites\/2\/2010\/05\/youth-olympic-image6.jpg?quality=100","articleSection":["Uncategorized @fr"],"inLanguage":"fr-FR","potentialAction":[{"@type":"CommentAction","name":"Comment","target":["https:\/\/preprod.olympic.ca\/olympique\/2010\/05\/07\/plus-que-quatre-vingt-dix-neuf-jours-avant-les-jeux-olympiques-de-la-jeunesse\/#respond"]}]},{"@type":"WebPage","@id":"https:\/\/preprod.olympic.ca\/olympique\/2010\/05\/07\/plus-que-quatre-vingt-dix-neuf-jours-avant-les-jeux-olympiques-de-la-jeunesse\/","url":"https:\/\/preprod.olympic.ca\/olympique\/2010\/05\/07\/plus-que-quatre-vingt-dix-neuf-jours-avant-les-jeux-olympiques-de-la-jeunesse\/","name":"Plus que quatre-vingt-dix-neuf jours avant les Jeux olympiques de la jeunesse - \u00c9quipe Canada | Site officiel de l&#039;\u00e9quipe olympique","isPartOf":{"@id":"https:\/\/preprod.olympic.ca\/olympique\/#website"},"primaryImageOfPage":{"@id":"https:\/\/preprod.olympic.ca\/olympique\/2010\/05\/07\/plus-que-quatre-vingt-dix-neuf-jours-avant-les-jeux-olympiques-de-la-jeunesse\/#primaryimage"},"image":{"@id":"https:\/\/preprod.olympic.ca\/olympique\/2010\/05\/07\/plus-que-quatre-vingt-dix-neuf-jours-avant-les-jeux-olympiques-de-la-jeunesse\/#primaryimage"},"thumbnailUrl":"https:\/\/preprod.olympic.ca\/olympique\/wp-content\/uploads\/sites\/2\/2010\/05\/youth-olympic-image6.jpg?quality=100","datePublished":"2010-05-07T14:07:41+00:00","dateModified":"2013-08-01T01:10:31+00:00","author":{"@id":"https:\/\/preprod.olympic.ca\/olympique\/#\/schema\/person\/08d84fd062bf1b56ffb3808cb69aee9c"},"inLanguage":"fr-FR","potentialAction":[{"@type":"ReadAction","target":["https:\/\/preprod.olympic.ca\/olympique\/2010\/05\/07\/plus-que-quatre-vingt-dix-neuf-jours-avant-les-jeux-olympiques-de-la-jeunesse\/"]}]},{"@type":"ImageObject","inLanguage":"fr-FR","@id":"https:\/\/preprod.olympic.ca\/olympique\/2010\/05\/07\/plus-que-quatre-vingt-dix-neuf-jours-avant-les-jeux-olympiques-de-la-jeunesse\/#primaryimage","url":"https:\/\/preprod.olympic.ca\/olympique\/wp-content\/uploads\/sites\/2\/2010\/05\/youth-olympic-image6.jpg?quality=100","contentUrl":"https:\/\/preprod.olympic.ca\/olympique\/wp-content\/uploads\/sites\/2\/2010\/05\/youth-olympic-image6.jpg?quality=100","width":500,"height":333},{"@type":"WebSite","@id":"https:\/\/preprod.olympic.ca\/olympique\/#website","url":"https:\/\/preprod.olympic.ca\/olympique\/","name":"\u00c9quipe Canada | Site officiel de l&#039;\u00e9quipe olympique","description":"Votre source pour l\u2019\u00c9quipe olympique canadienne. Retrouvez les r\u00e9cits, vid\u00e9os et photos des athl\u00e8tes canadiens, sports olympiques, Jeux olympiques de 2020 et bien plus!","potentialAction":[{"@type":"SearchAction","target":{"@type":"EntryPoint","urlTemplate":"https:\/\/preprod.olympic.ca\/olympique\/?s={search_term_string}"},"query-input":{"@type":"PropertyValueSpecification","valueRequired":true,"valueName":"search_term_string"}}],"inLanguage":"fr-FR"},{"@type":"Person","@id":"https:\/\/preprod.olympic.ca\/olympique\/#\/schema\/person\/08d84fd062bf1b56ffb3808cb69aee9c","name":"cdnolympicteam","image":{"@type":"ImageObject","inLanguage":"fr-FR","@id":"https:\/\/secure.gravatar.com\/avatar\/5ebf1554473077ab88cd1ec3372750991c09302ef58500182e331751d1f3473b?s=96&d=identicon&r=g7289394c1202ef020fcd9aad965e50f7","url":"https:\/\/secure.gravatar.com\/avatar\/5ebf1554473077ab88cd1ec3372750991c09302ef58500182e331751d1f3473b?s=96&d=identicon&r=g","contentUrl":"https:\/\/secure.gravatar.com\/avatar\/5ebf1554473077ab88cd1ec3372750991c09302ef58500182e331751d1f3473b?s=96&d=identicon&r=g","caption":"cdnolympicteam"},"url":"https:\/\/preprod.olympic.ca\/olympique\/author\/cdnolympicteam\/"}]}},"jetpack_featured_media_url":"https:\/\/preprod.olympic.ca\/olympique\/wp-content\/uploads\/sites\/2\/2010\/05\/youth-olympic-image6.jpg?quality=100","featured_image_url":"https:\/\/preprod.olympic.ca\/olympique\/wp-content\/uploads\/sites\/2\/2010\/05\/youth-olympic-image6.jpg?quality=100","author_name":["Comit\u00e9 olympique canadien"],"category_names":["Uncategorized @fr"],"tag_names":[],"video_embed_code":"","facebook_video_embed_code":"","jetpack_sharing_enabled":true,"jetpack-related-posts":[],"jetpack_shortlink":"https:\/\/wp.me\/pcGHcP-1qm","_links":{"self":[{"href":"https:\/\/preprod.olympic.ca\/olympique\/wp-json\/wp\/v2\/posts\/5478","targetHints":{"allow":["GET"]}}],"collection":[{"href":"https:\/\/preprod.olympic.ca\/olympique\/wp-json\/wp\/v2\/posts"}],"about":[{"href":"https:\/\/preprod.olympic.ca\/olympique\/wp-json\/wp\/v2\/types\/post"}],"author":[{"embeddable":true,"href":"https:\/\/preprod.olympic.ca\/olympique\/wp-json\/wp\/v2\/users\/47562643"}],"replies":[{"embeddable":true,"href":"https:\/\/preprod.olympic.ca\/olympique\/wp-json\/wp\/v2\/comments?post=5478"}],"version-history":[{"count":1,"href":"https:\/\/preprod.olympic.ca\/olympique\/wp-json\/wp\/v2\/posts\/5478\/revisions"}],"predecessor-version":[{"id":82933,"href":"https:\/\/preprod.olympic.ca\/olympique\/wp-json\/wp\/v2\/posts\/5478\/revisions\/82933"}],"wp:featuredmedia":[{"embeddable":true,"href":"https:\/\/preprod.olympic.ca\/olympique\/wp-json\/wp\/v2\/media\/5476"}],"wp:attachment":[{"href":"https:\/\/preprod.olympic.ca\/olympique\/wp-json\/wp\/v2\/media?parent=5478"}],"wp:term":[{"taxonomy":"category","embeddable":true,"href":"https:\/\/preprod.olympic.ca\/olympique\/wp-json\/wp\/v2\/categories?post=5478"},{"taxonomy":"post_tag","embeddable":true,"href":"https:\/\/preprod.olympic.ca\/olympique\/wp-json\/wp\/v2\/tags?post=5478"},{"taxonomy":"post_format","embeddable":true,"href":"https:\/\/preprod.olympic.ca\/olympique\/wp-json\/wp\/v2\/post_format?post=5478"},{"taxonomy":"sport","embeddable":true,"href":"https:\/\/preprod.olympic.ca\/olympique\/wp-json\/wp\/v2\/sport?post=5478"},{"taxonomy":"game","embeddable":true,"href":"https:\/\/preprod.olympic.ca\/olympique\/wp-json\/wp\/v2\/game?post=5478"},{"taxonomy":"author","embeddable":true,"href":"https:\/\/preprod.olympic.ca\/olympique\/wp-json\/wp\/v2\/coauthors?post=5478"}],"curies":[{"name":"wp","href":"https:\/\/api.w.org\/{rel}","templated":true}]}}