{"id":54908,"date":"2013-06-16T11:01:54","date_gmt":"2013-06-16T15:01:54","guid":{"rendered":"http:\/\/preprod.olympic.ca\/?p=54908"},"modified":"2013-07-31T14:22:18","modified_gmt":"2013-07-31T14:22:18","slug":"cher-papa-merci-pour-ton-reve-olympique","status":"publish","type":"post","link":"https:\/\/preprod.olympic.ca\/olympique\/2013\/06\/16\/cher-papa-merci-pour-ton-reve-olympique\/","title":{"rendered":"Cher papa, merci pour ton r\u00eave olympique!"},"content":{"rendered":"<p style=\"font-size:11px;\"><span style=\"font-size:13px;line-height:19px;\">Cher Tat, <\/span><em style=\"font-size:13px;line-height:19px;\">(note de l\u2019\u00e9diteur : en ukrainien, \u00ab tat \u00bb est le diminutif de papa et se prononce \u00ab taht \u00bb)<\/em><\/p>\n<p>Aujourd\u2019hui, en c\u00e9l\u00e9bration de la f\u00eate des P\u00e8res, je te mets sur la sellette. Pendant des ann\u00e9es, je t\u2019ai \u00e9crit des notes et des cartes pour ton anniversaire, pour No\u00ebl, pour la f\u00eate des P\u00e8res et ainsi de suite. Toutefois, tu \u00e9tais le seul \u00e0 les lire.<\/p>\n<p>Cette ann\u00e9e, ce sera diff\u00e9rent.<\/p>\n<p><a href=\"http:\/\/preprod.olympic.ca\/wp-content\/uploads\/sites\/2\/2013\/06\/makowsky16.jpg\"><img loading=\"lazy\" decoding=\"async\" class=\"alignright size-medium wp-image-54916\" title=\"makowsky\" alt=\"\" src=\"http:\/\/preprod.olympic.ca\/wp-content\/uploads\/sites\/2\/2013\/06\/makowsky16.jpg?w=300&amp;h=289\" width=\"300\" height=\"289\" srcset=\"https:\/\/preprod.olympic.ca\/olympique\/wp-content\/uploads\/sites\/2\/2013\/06\/makowsky16.jpg 871w, https:\/\/preprod.olympic.ca\/olympique\/wp-content\/uploads\/sites\/2\/2013\/06\/makowsky16.jpg?resize=164,158 164w, https:\/\/preprod.olympic.ca\/olympique\/wp-content\/uploads\/sites\/2\/2013\/06\/makowsky16.jpg?resize=384,371 384w, https:\/\/preprod.olympic.ca\/olympique\/wp-content\/uploads\/sites\/2\/2013\/06\/makowsky16.jpg?resize=768,742 768w, https:\/\/preprod.olympic.ca\/olympique\/wp-content\/uploads\/sites\/2\/2013\/06\/makowsky16.jpg?resize=781,754 781w\" sizes=\"(max-width: 300px) 100vw, 300px\" \/><\/a>Comme p\u00e8re, il est difficile de trouver une autre personne qui fait preuve d\u2019autant d\u2019amour et d\u2019appui inconditionnels que toi. En d\u2019autres mots, tout enfant, gar\u00e7on ou fille, serait fier d\u2019\u00eatre \u00e9lev\u00e9 par un p\u00e8re comme toi.<\/p>\n<p>Depuis le d\u00e9c\u00e8s de maman, il y a 15 ans, ton d\u00e9vouement comme p\u00e8re pour Mykola et moi se r\u00e9sume non pas par les choses que tu as faites, mais plut\u00f4t par les choses auxquelles tu as renonc\u00e9 afin de nous voir r\u00e9ussir dans tous nos projets.<\/p>\n<p>Eh oui, je veux parler de ce fameux garage double que tu souhaites avoir depuis toujours!<\/p>\n<p>Si je repense \u00e0 ces quelques ann\u00e9es qui ont boulevers\u00e9 notre vie, tu nous as tout donn\u00e9 afin que Mykola et moi n\u2019ayons jamais \u00e0 sacrifier nos ambitions. \u00c9videmment, tes \u00ab gar\u00e7ons \u00bb ont d\u00fb grandir plus rapidement que la moyenne des autres enfants, mais ce n\u2019\u00e9tait rien compar\u00e9 aux sacrifices que tu fais pour nous afin que nous puissions continuer d\u2019assumer notre h\u00e9ritage ukrainien par la langue et la danse, d\u2019\u00eatre inspir\u00e9s par la musique et, bien s\u00fbr, de pratiquer un sport qui allait devenir une passion \u2013 le patinage de vitesse.<\/p>\n<p>De plus, au lieu de simplement regarder tes gar\u00e7ons concourir depuis les gradins, tu t\u2019es lanc\u00e9 dans l\u2019arbitrage et tu es devenu un officiel de d\u00e9part. Au fil des ans, tu as atteint tes propres jalons comme officiel : niveau 1\u2026niveau 2\u2026niveau 3\u2026 pour \u00e9ventuellement figurer sur la liste des officiels de d\u00e9part des championnats \u00e0 titre d\u2019un des 24 meilleurs officiels de d\u00e9part de niveau 5 au monde. Pas mal pour un p\u00e8re qui refusait de rester assis et inactif dans les gradins!<\/p>\n<p>Tandis que Mykola et moi caressions nos r\u00eaves olympiques, tu r\u00eavais aussi avec nous.<\/p>\n<p>Avant et apr\u00e8s les Jeux de 2010 \u00e0 Vancouver, nous avions comme objectif commun de nous rendre \u00e0 Sotchi comme participants et officiel aux Jeux olympiques d\u2019hiver de 2014.<\/p>\n<p><a href=\"http:\/\/preprod.olympic.ca\/wp-content\/uploads\/sites\/2\/2013\/06\/lucas_makowsky_retro16.jpg\"><img loading=\"lazy\" decoding=\"async\" class=\"alignleft size-medium wp-image-54919\" title=\"Lucas_Makowsky_RETRO\" alt=\"\" src=\"http:\/\/preprod.olympic.ca\/wp-content\/uploads\/sites\/2\/2013\/06\/lucas_makowsky_retro16.jpg?w=232&amp;h=300\" width=\"232\" height=\"300\" srcset=\"https:\/\/preprod.olympic.ca\/olympique\/wp-content\/uploads\/sites\/2\/2013\/06\/lucas_makowsky_retro16.jpg 904w, https:\/\/preprod.olympic.ca\/olympique\/wp-content\/uploads\/sites\/2\/2013\/06\/lucas_makowsky_retro16.jpg?resize=123,158 123w, https:\/\/preprod.olympic.ca\/olympique\/wp-content\/uploads\/sites\/2\/2013\/06\/lucas_makowsky_retro16.jpg?resize=288,371 288w, https:\/\/preprod.olympic.ca\/olympique\/wp-content\/uploads\/sites\/2\/2013\/06\/lucas_makowsky_retro16.jpg?resize=768,989 768w, https:\/\/preprod.olympic.ca\/olympique\/wp-content\/uploads\/sites\/2\/2013\/06\/lucas_makowsky_retro16.jpg?resize=586,754 586w\" sizes=\"(max-width: 232px) 100vw, 232px\" \/><\/a>Parfois, il arrive que la vie en d\u00e9cide autrement, que \u00e7a nous plaise ou non.<\/p>\n<p>L\u2019an dernier, Mykola a d\u00e9cid\u00e9 qu\u2019il \u00e9tait temps pour lui de commencer sa carri\u00e8re d\u2019ing\u00e9nieur chimiste et, pour des raisons de s\u00e9niorit\u00e9, il semble peu probable que tu seras un des officiels de d\u00e9part au mois de f\u00e9vrier prochain.<\/p>\n<p>Mais rien n\u2019arr\u00eate les trois Makowsky! Nous avons r\u00e9alis\u00e9 en partie notre r\u00eave en mars dernier \u00e0 Sotchi \u00e0 l\u2019occasion des Championnats du monde de 2013.<\/p>\n<p>Tu sais tr\u00e8s bien que je me suis qualifi\u00e9 de justesse pour ces championnats, apr\u00e8s avoir \u00e9t\u00e9 malade pendant la majeure partie de l\u2019hiver. Au moment o\u00f9 j\u2019avais besoin d\u2019un peu d\u2019encouragement et d\u2019appui pour terminer la saison, devine un peu qui est arriv\u00e9 \u00e0 l\u2019h\u00f4tel le soir m\u00eame de mon arriv\u00e9e \u00e0 Sotchi?<\/p>\n<p>Toi et Myk.<\/p>\n<p>Bon, je passerai sous silence les nombreuses personnes qui ont sem\u00e9 des indices qu\u2019une surprise se tramait\u2026 hum\u2026 Scott Stefani\u2026 hum\u2026 Hans Terstappen\u2026 hum\u2026 Julie Healy\u2026 mais aucun de ces indices n\u2019a g\u00e2ch\u00e9 l\u2019enthousiasme que j\u2019ai ressenti lorsque vous vous \u00eates pr\u00e9sent\u00e9s \u00e0 ma porte.<\/p>\n<p>Ce ne sont pas tous les parents (ou les fr\u00e8res) qui se rendraient \u00e0 l\u2019autre bout du monde pour vous encourager et vous remonter le moral apr\u00e8s avoir \u00e9t\u00e9 sur la route et malade pendant plus d\u2019un mois. En soi, c\u2019est quelque chose que je n\u2019oublierai jamais.<\/p>\n<p>Alors que les trois Makowsky se trouvaient \u00e0 Sotchi, il allait de soi que nous devions prendre une photo de nous trois dans l\u2019ar\u00e9na Adler, l\u00e0 o\u00f9 nous avions r\u00eav\u00e9 de nous rendre dans moins d\u2019un an.<\/p>\n<p><a href=\"http:\/\/preprod.olympic.ca\/wp-content\/uploads\/sites\/2\/2013\/06\/makowsky_dad16.jpg\"><img loading=\"lazy\" decoding=\"async\" class=\"alignright size-medium wp-image-54918\" title=\"Makowsky_Dad\" alt=\"\" src=\"http:\/\/preprod.olympic.ca\/wp-content\/uploads\/sites\/2\/2013\/06\/makowsky_dad16.jpg?w=300&amp;h=169\" width=\"300\" height=\"169\" srcset=\"https:\/\/preprod.olympic.ca\/olympique\/wp-content\/uploads\/sites\/2\/2013\/06\/makowsky_dad16.jpg 590w, https:\/\/preprod.olympic.ca\/olympique\/wp-content\/uploads\/sites\/2\/2013\/06\/makowsky_dad16.jpg?resize=280,158 280w\" sizes=\"(max-width: 300px) 100vw, 300px\" \/><\/a><em>Note de l\u2019\u00e9diteur : (je suis certain que pendant son s\u00e9jour \u00e0 Sotchi, mon p\u00e8re songeait \u00e9galement \u00e0 tous les entra\u00eeneurs et les officiels tandis qu\u2019il recherchait secr\u00e8tement l\u2019endroit id\u00e9al pour \u00e9tablir le salon officiel des Makowsky \u00e0 Sotchi!)<\/em><\/p>\n<p>En fait, qu\u2019en est-il du garage double auquel tu as renonc\u00e9 pour ta famille?<\/p>\n<p>Bien, techniquement parlant, tu n\u2019en as toujours pas un puisque tu es plut\u00f4t pass\u00e9 directement au garage triple! L\u2019\u00e9t\u00e9 dernier, tu as entam\u00e9 un nouveau chapitre de ta vie dans une nouvelle maison et je suis tr\u00e8s heureux que tu aies enfin le garage que tu as toujours voulu.<\/p>\n<p>Je t\u2019ai envoy\u00e9 ta vraie carte par la poste, alors pour le moment, je crois que celle que tu m\u2019as envoy\u00e9e pour mon dernier anniversaire traduit parfaitement ce que je ressens aujourd\u2019hui. \u00c0 quelques mots pr\u00e8s, la carte disait :<br \/>\n<em>Pour toi, papa<\/em><\/p>\n<p><em>Je pensais \u00e0 toi aujourd\u2019hui quand j\u2019ai r\u00e9alis\u00e9 que je ne t\u2019avais pas dit depuis longtemps \u00e0 quel point c\u2019\u00e9tait formidable de t\u2019avoir comme p\u00e8re&#8230;<\/em><\/p>\n<p><em>Il m\u2019arrive parfois de m\u2019inqui\u00e9ter pour toi, mais c\u2019est tout \u00e0 fait normal de la part d\u2019un fils. Plus souvent, je songe \u00e0 la personne sp\u00e9ciale que tu es et \u00e0 tout le bonheur que ta bonne humeur et ta volont\u00e9 d\u2019aider me procurent dans ma vie\u2026<\/em><\/p>\n<p><em>Je t\u2019ai critiqu\u00e9 parfois et j\u2019ai m\u00eame peut-\u00eatre essay\u00e9 de te changer \u00e0 certains moments, mais je t\u2019aime comme tu es, et je suis fier de ce que tu es.<\/em><\/p>\n<p><span style=\"font-size:13px;\"><br \/>\nProfite bien de ton nouveau garage, tat. Bonne f\u00eate des P\u00e8res!<\/span><\/p>\n<p>Je t\u2019aime.<\/p>\n<p>Lucas<\/p>\n","protected":false},"excerpt":{"rendered":"<p>Cher Tat, (note de l\u2019\u00e9diteur : en ukrainien, \u00ab tat \u00bb est le diminutif de papa et se prononce \u00ab&#8230;<\/p>\n","protected":false},"author":52435436,"featured_media":54917,"comment_status":"open","ping_status":"open","sticky":false,"template":"","format":"standard","meta":{"_acf_changed":false,"_jetpack_memberships_contains_paid_content":false,"footnotes":""},"categories":[707890],"tags":[32322965],"post_format":"standard","sport":[51196763],"game":[],"coauthors":[187868084],"class_list":["post-54908","post","type-post","status-publish","format-standard","has-post-thumbnail","hentry","category-comite","tag-lucas-makowsky","sport-patinage-de-vitesse-piste-longue"],"acf":[],"yoast_head":"<!-- This site is optimized with the Yoast SEO plugin v27.3 - https:\/\/yoast.com\/product\/yoast-seo-wordpress\/ -->\n<title>Cher papa, merci pour ton r\u00eave olympique! - \u00c9quipe Canada | Site officiel de l&#039;\u00e9quipe olympique<\/title>\n<meta name=\"robots\" content=\"index, follow, max-snippet:-1, max-image-preview:large, max-video-preview:-1\" \/>\n<link rel=\"canonical\" href=\"https:\/\/preprod.olympic.ca\/olympique\/2013\/06\/16\/cher-papa-merci-pour-ton-reve-olympique\/\" \/>\n<meta property=\"og:locale\" content=\"fr_FR\" \/>\n<meta property=\"og:type\" content=\"article\" \/>\n<meta property=\"og:title\" content=\"Cher papa, merci pour ton r\u00eave olympique! - \u00c9quipe Canada | Site officiel de l&#039;\u00e9quipe olympique\" \/>\n<meta property=\"og:description\" content=\"Cher Tat, (note de l\u2019\u00e9diteur : en ukrainien, \u00ab tat \u00bb est le diminutif de papa et se prononce \u00ab...\" \/>\n<meta property=\"og:url\" content=\"https:\/\/preprod.olympic.ca\/olympique\/2013\/06\/16\/cher-papa-merci-pour-ton-reve-olympique\/\" \/>\n<meta property=\"og:site_name\" content=\"\u00c9quipe Canada | Site officiel de l&#039;\u00e9quipe olympique\" \/>\n<meta property=\"article:published_time\" content=\"2013-06-16T15:01:54+00:00\" \/>\n<meta property=\"article:modified_time\" content=\"2013-07-31T14:22:18+00:00\" \/>\n<meta property=\"og:image\" content=\"https:\/\/preprod.olympic.ca\/olympique\/wp-content\/uploads\/sites\/2\/2013\/06\/makowsky_slider15.jpg?quality=100\" \/>\n\t<meta property=\"og:image:width\" content=\"720\" \/>\n\t<meta property=\"og:image:height\" content=\"337\" \/>\n\t<meta property=\"og:image:type\" content=\"image\/jpeg\" \/>\n<meta name=\"author\" content=\"Lucas Makowsky\" \/>\n<meta name=\"twitter:card\" content=\"summary_large_image\" \/>\n<meta name=\"twitter:label1\" content=\"Written by\" \/>\n\t<meta name=\"twitter:data1\" content=\"Lucas Makowsky\" \/>\n\t<meta name=\"twitter:label2\" content=\"Est. reading time\" \/>\n\t<meta name=\"twitter:data2\" content=\"5 minutes\" \/>\n<script type=\"application\/ld+json\" class=\"yoast-schema-graph\">{\"@context\":\"https:\\\/\\\/schema.org\",\"@graph\":[{\"@type\":\"Article\",\"@id\":\"https:\\\/\\\/preprod.olympic.ca\\\/olympique\\\/2013\\\/06\\\/16\\\/cher-papa-merci-pour-ton-reve-olympique\\\/#article\",\"isPartOf\":{\"@id\":\"https:\\\/\\\/preprod.olympic.ca\\\/olympique\\\/2013\\\/06\\\/16\\\/cher-papa-merci-pour-ton-reve-olympique\\\/\"},\"author\":{\"name\":\"Mark Nadolny\",\"@id\":\"https:\\\/\\\/preprod.olympic.ca\\\/olympique\\\/#\\\/schema\\\/person\\\/71d340cc825e058ae525fc2765f7c7ae\"},\"headline\":\"Cher papa, merci pour ton r\u00eave olympique!\",\"datePublished\":\"2013-06-16T15:01:54+00:00\",\"dateModified\":\"2013-07-31T14:22:18+00:00\",\"mainEntityOfPage\":{\"@id\":\"https:\\\/\\\/preprod.olympic.ca\\\/olympique\\\/2013\\\/06\\\/16\\\/cher-papa-merci-pour-ton-reve-olympique\\\/\"},\"wordCount\":1020,\"commentCount\":0,\"image\":{\"@id\":\"https:\\\/\\\/preprod.olympic.ca\\\/olympique\\\/2013\\\/06\\\/16\\\/cher-papa-merci-pour-ton-reve-olympique\\\/#primaryimage\"},\"thumbnailUrl\":\"https:\\\/\\\/preprod.olympic.ca\\\/olympique\\\/wp-content\\\/uploads\\\/sites\\\/2\\\/2013\\\/06\\\/makowsky_slider15.jpg?quality=100\",\"keywords\":[\"Lucas Makowsky\"],\"articleSection\":[\"Derni\u00e8res nouvelles\"],\"inLanguage\":\"fr-FR\",\"potentialAction\":[{\"@type\":\"CommentAction\",\"name\":\"Comment\",\"target\":[\"https:\\\/\\\/preprod.olympic.ca\\\/olympique\\\/2013\\\/06\\\/16\\\/cher-papa-merci-pour-ton-reve-olympique\\\/#respond\"]}]},{\"@type\":\"WebPage\",\"@id\":\"https:\\\/\\\/preprod.olympic.ca\\\/olympique\\\/2013\\\/06\\\/16\\\/cher-papa-merci-pour-ton-reve-olympique\\\/\",\"url\":\"https:\\\/\\\/preprod.olympic.ca\\\/olympique\\\/2013\\\/06\\\/16\\\/cher-papa-merci-pour-ton-reve-olympique\\\/\",\"name\":\"Cher papa, merci pour ton r\u00eave olympique! - \u00c9quipe Canada | Site officiel de l&#039;\u00e9quipe olympique\",\"isPartOf\":{\"@id\":\"https:\\\/\\\/preprod.olympic.ca\\\/olympique\\\/#website\"},\"primaryImageOfPage\":{\"@id\":\"https:\\\/\\\/preprod.olympic.ca\\\/olympique\\\/2013\\\/06\\\/16\\\/cher-papa-merci-pour-ton-reve-olympique\\\/#primaryimage\"},\"image\":{\"@id\":\"https:\\\/\\\/preprod.olympic.ca\\\/olympique\\\/2013\\\/06\\\/16\\\/cher-papa-merci-pour-ton-reve-olympique\\\/#primaryimage\"},\"thumbnailUrl\":\"https:\\\/\\\/preprod.olympic.ca\\\/olympique\\\/wp-content\\\/uploads\\\/sites\\\/2\\\/2013\\\/06\\\/makowsky_slider15.jpg?quality=100\",\"datePublished\":\"2013-06-16T15:01:54+00:00\",\"dateModified\":\"2013-07-31T14:22:18+00:00\",\"author\":{\"@id\":\"https:\\\/\\\/preprod.olympic.ca\\\/olympique\\\/#\\\/schema\\\/person\\\/71d340cc825e058ae525fc2765f7c7ae\"},\"inLanguage\":\"fr-FR\",\"potentialAction\":[{\"@type\":\"ReadAction\",\"target\":[\"https:\\\/\\\/preprod.olympic.ca\\\/olympique\\\/2013\\\/06\\\/16\\\/cher-papa-merci-pour-ton-reve-olympique\\\/\"]}]},{\"@type\":\"ImageObject\",\"inLanguage\":\"fr-FR\",\"@id\":\"https:\\\/\\\/preprod.olympic.ca\\\/olympique\\\/2013\\\/06\\\/16\\\/cher-papa-merci-pour-ton-reve-olympique\\\/#primaryimage\",\"url\":\"https:\\\/\\\/preprod.olympic.ca\\\/olympique\\\/wp-content\\\/uploads\\\/sites\\\/2\\\/2013\\\/06\\\/makowsky_slider15.jpg?quality=100\",\"contentUrl\":\"https:\\\/\\\/preprod.olympic.ca\\\/olympique\\\/wp-content\\\/uploads\\\/sites\\\/2\\\/2013\\\/06\\\/makowsky_slider15.jpg?quality=100\",\"width\":720,\"height\":337,\"caption\":\"Photo : La Presse Canadienne\"},{\"@type\":\"WebSite\",\"@id\":\"https:\\\/\\\/preprod.olympic.ca\\\/olympique\\\/#website\",\"url\":\"https:\\\/\\\/preprod.olympic.ca\\\/olympique\\\/\",\"name\":\"\u00c9quipe Canada | Site officiel de l&#039;\u00e9quipe olympique\",\"description\":\"Votre source pour l\u2019\u00c9quipe olympique canadienne. Retrouvez les r\u00e9cits, vid\u00e9os et photos des athl\u00e8tes canadiens, sports olympiques, Jeux olympiques de 2020 et bien plus!\",\"potentialAction\":[{\"@type\":\"SearchAction\",\"target\":{\"@type\":\"EntryPoint\",\"urlTemplate\":\"https:\\\/\\\/preprod.olympic.ca\\\/olympique\\\/?s={search_term_string}\"},\"query-input\":{\"@type\":\"PropertyValueSpecification\",\"valueRequired\":true,\"valueName\":\"search_term_string\"}}],\"inLanguage\":\"fr-FR\"},{\"@type\":\"Person\",\"@id\":\"https:\\\/\\\/preprod.olympic.ca\\\/olympique\\\/#\\\/schema\\\/person\\\/71d340cc825e058ae525fc2765f7c7ae\",\"name\":\"Mark Nadolny\",\"image\":{\"@type\":\"ImageObject\",\"inLanguage\":\"fr-FR\",\"@id\":\"https:\\\/\\\/secure.gravatar.com\\\/avatar\\\/fcfb5089af8db23b9347da3d181947b19f1cffb98b30f03fbe8f1973083d7e6b?s=96&d=identicon&r=g0693b2c18808f6337c03a29426292cc9\",\"url\":\"https:\\\/\\\/secure.gravatar.com\\\/avatar\\\/fcfb5089af8db23b9347da3d181947b19f1cffb98b30f03fbe8f1973083d7e6b?s=96&d=identicon&r=g\",\"contentUrl\":\"https:\\\/\\\/secure.gravatar.com\\\/avatar\\\/fcfb5089af8db23b9347da3d181947b19f1cffb98b30f03fbe8f1973083d7e6b?s=96&d=identicon&r=g\",\"caption\":\"Mark Nadolny\"},\"description\":\"Digital Media for the Canadian Olympic Team, I do that.\",\"url\":\"https:\\\/\\\/preprod.olympic.ca\\\/olympique\\\/author\\\/marknadonly\\\/\"}]}<\/script>\n<!-- \/ Yoast SEO plugin. -->","yoast_head_json":{"title":"Cher papa, merci pour ton r\u00eave olympique! - \u00c9quipe Canada | Site officiel de l&#039;\u00e9quipe olympique","robots":{"index":"index","follow":"follow","max-snippet":"max-snippet:-1","max-image-preview":"max-image-preview:large","max-video-preview":"max-video-preview:-1"},"canonical":"https:\/\/preprod.olympic.ca\/olympique\/2013\/06\/16\/cher-papa-merci-pour-ton-reve-olympique\/","og_locale":"fr_FR","og_type":"article","og_title":"Cher papa, merci pour ton r\u00eave olympique! - \u00c9quipe Canada | Site officiel de l&#039;\u00e9quipe olympique","og_description":"Cher Tat, (note de l\u2019\u00e9diteur : en ukrainien, \u00ab tat \u00bb est le diminutif de papa et se prononce \u00ab...","og_url":"https:\/\/preprod.olympic.ca\/olympique\/2013\/06\/16\/cher-papa-merci-pour-ton-reve-olympique\/","og_site_name":"\u00c9quipe Canada | Site officiel de l&#039;\u00e9quipe olympique","article_published_time":"2013-06-16T15:01:54+00:00","article_modified_time":"2013-07-31T14:22:18+00:00","og_image":[{"width":720,"height":337,"url":"https:\/\/preprod.olympic.ca\/olympique\/wp-content\/uploads\/sites\/2\/2013\/06\/makowsky_slider15.jpg?quality=100","type":"image\/jpeg"}],"author":"Lucas Makowsky","twitter_card":"summary_large_image","twitter_misc":{"Written by":"Lucas Makowsky","Est. reading time":"5 minutes"},"schema":{"@context":"https:\/\/schema.org","@graph":[{"@type":"Article","@id":"https:\/\/preprod.olympic.ca\/olympique\/2013\/06\/16\/cher-papa-merci-pour-ton-reve-olympique\/#article","isPartOf":{"@id":"https:\/\/preprod.olympic.ca\/olympique\/2013\/06\/16\/cher-papa-merci-pour-ton-reve-olympique\/"},"author":{"name":"Mark Nadolny","@id":"https:\/\/preprod.olympic.ca\/olympique\/#\/schema\/person\/71d340cc825e058ae525fc2765f7c7ae"},"headline":"Cher papa, merci pour ton r\u00eave olympique!","datePublished":"2013-06-16T15:01:54+00:00","dateModified":"2013-07-31T14:22:18+00:00","mainEntityOfPage":{"@id":"https:\/\/preprod.olympic.ca\/olympique\/2013\/06\/16\/cher-papa-merci-pour-ton-reve-olympique\/"},"wordCount":1020,"commentCount":0,"image":{"@id":"https:\/\/preprod.olympic.ca\/olympique\/2013\/06\/16\/cher-papa-merci-pour-ton-reve-olympique\/#primaryimage"},"thumbnailUrl":"https:\/\/preprod.olympic.ca\/olympique\/wp-content\/uploads\/sites\/2\/2013\/06\/makowsky_slider15.jpg?quality=100","keywords":["Lucas Makowsky"],"articleSection":["Derni\u00e8res nouvelles"],"inLanguage":"fr-FR","potentialAction":[{"@type":"CommentAction","name":"Comment","target":["https:\/\/preprod.olympic.ca\/olympique\/2013\/06\/16\/cher-papa-merci-pour-ton-reve-olympique\/#respond"]}]},{"@type":"WebPage","@id":"https:\/\/preprod.olympic.ca\/olympique\/2013\/06\/16\/cher-papa-merci-pour-ton-reve-olympique\/","url":"https:\/\/preprod.olympic.ca\/olympique\/2013\/06\/16\/cher-papa-merci-pour-ton-reve-olympique\/","name":"Cher papa, merci pour ton r\u00eave olympique! - \u00c9quipe Canada | Site officiel de l&#039;\u00e9quipe olympique","isPartOf":{"@id":"https:\/\/preprod.olympic.ca\/olympique\/#website"},"primaryImageOfPage":{"@id":"https:\/\/preprod.olympic.ca\/olympique\/2013\/06\/16\/cher-papa-merci-pour-ton-reve-olympique\/#primaryimage"},"image":{"@id":"https:\/\/preprod.olympic.ca\/olympique\/2013\/06\/16\/cher-papa-merci-pour-ton-reve-olympique\/#primaryimage"},"thumbnailUrl":"https:\/\/preprod.olympic.ca\/olympique\/wp-content\/uploads\/sites\/2\/2013\/06\/makowsky_slider15.jpg?quality=100","datePublished":"2013-06-16T15:01:54+00:00","dateModified":"2013-07-31T14:22:18+00:00","author":{"@id":"https:\/\/preprod.olympic.ca\/olympique\/#\/schema\/person\/71d340cc825e058ae525fc2765f7c7ae"},"inLanguage":"fr-FR","potentialAction":[{"@type":"ReadAction","target":["https:\/\/preprod.olympic.ca\/olympique\/2013\/06\/16\/cher-papa-merci-pour-ton-reve-olympique\/"]}]},{"@type":"ImageObject","inLanguage":"fr-FR","@id":"https:\/\/preprod.olympic.ca\/olympique\/2013\/06\/16\/cher-papa-merci-pour-ton-reve-olympique\/#primaryimage","url":"https:\/\/preprod.olympic.ca\/olympique\/wp-content\/uploads\/sites\/2\/2013\/06\/makowsky_slider15.jpg?quality=100","contentUrl":"https:\/\/preprod.olympic.ca\/olympique\/wp-content\/uploads\/sites\/2\/2013\/06\/makowsky_slider15.jpg?quality=100","width":720,"height":337,"caption":"Photo : La Presse Canadienne"},{"@type":"WebSite","@id":"https:\/\/preprod.olympic.ca\/olympique\/#website","url":"https:\/\/preprod.olympic.ca\/olympique\/","name":"\u00c9quipe Canada | Site officiel de l&#039;\u00e9quipe olympique","description":"Votre source pour l\u2019\u00c9quipe olympique canadienne. Retrouvez les r\u00e9cits, vid\u00e9os et photos des athl\u00e8tes canadiens, sports olympiques, Jeux olympiques de 2020 et bien plus!","potentialAction":[{"@type":"SearchAction","target":{"@type":"EntryPoint","urlTemplate":"https:\/\/preprod.olympic.ca\/olympique\/?s={search_term_string}"},"query-input":{"@type":"PropertyValueSpecification","valueRequired":true,"valueName":"search_term_string"}}],"inLanguage":"fr-FR"},{"@type":"Person","@id":"https:\/\/preprod.olympic.ca\/olympique\/#\/schema\/person\/71d340cc825e058ae525fc2765f7c7ae","name":"Mark Nadolny","image":{"@type":"ImageObject","inLanguage":"fr-FR","@id":"https:\/\/secure.gravatar.com\/avatar\/fcfb5089af8db23b9347da3d181947b19f1cffb98b30f03fbe8f1973083d7e6b?s=96&d=identicon&r=g0693b2c18808f6337c03a29426292cc9","url":"https:\/\/secure.gravatar.com\/avatar\/fcfb5089af8db23b9347da3d181947b19f1cffb98b30f03fbe8f1973083d7e6b?s=96&d=identicon&r=g","contentUrl":"https:\/\/secure.gravatar.com\/avatar\/fcfb5089af8db23b9347da3d181947b19f1cffb98b30f03fbe8f1973083d7e6b?s=96&d=identicon&r=g","caption":"Mark Nadolny"},"description":"Digital Media for the Canadian Olympic Team, I do that.","url":"https:\/\/preprod.olympic.ca\/olympique\/author\/marknadonly\/"}]}},"jetpack_featured_media_url":"https:\/\/preprod.olympic.ca\/olympique\/wp-content\/uploads\/sites\/2\/2013\/06\/makowsky_slider15.jpg?quality=100","featured_image_url":"https:\/\/preprod.olympic.ca\/olympique\/wp-content\/uploads\/sites\/2\/2013\/06\/makowsky_slider15.jpg?quality=100","author_name":["Lucas Makowsky"],"category_names":["Derni\u00e8res nouvelles"],"tag_names":["Lucas Makowsky"],"video_embed_code":"","facebook_video_embed_code":"","jetpack_sharing_enabled":true,"jetpack-related-posts":[],"jetpack_shortlink":"https:\/\/wp.me\/pcGHcP-ehC","_links":{"self":[{"href":"https:\/\/preprod.olympic.ca\/olympique\/wp-json\/wp\/v2\/posts\/54908","targetHints":{"allow":["GET"]}}],"collection":[{"href":"https:\/\/preprod.olympic.ca\/olympique\/wp-json\/wp\/v2\/posts"}],"about":[{"href":"https:\/\/preprod.olympic.ca\/olympique\/wp-json\/wp\/v2\/types\/post"}],"author":[{"embeddable":true,"href":"https:\/\/preprod.olympic.ca\/olympique\/wp-json\/wp\/v2\/users\/52435436"}],"replies":[{"embeddable":true,"href":"https:\/\/preprod.olympic.ca\/olympique\/wp-json\/wp\/v2\/comments?post=54908"}],"version-history":[{"count":3,"href":"https:\/\/preprod.olympic.ca\/olympique\/wp-json\/wp\/v2\/posts\/54908\/revisions"}],"predecessor-version":[{"id":82466,"href":"https:\/\/preprod.olympic.ca\/olympique\/wp-json\/wp\/v2\/posts\/54908\/revisions\/82466"}],"wp:featuredmedia":[{"embeddable":true,"href":"https:\/\/preprod.olympic.ca\/olympique\/wp-json\/wp\/v2\/media\/54917"}],"wp:attachment":[{"href":"https:\/\/preprod.olympic.ca\/olympique\/wp-json\/wp\/v2\/media?parent=54908"}],"wp:term":[{"taxonomy":"category","embeddable":true,"href":"https:\/\/preprod.olympic.ca\/olympique\/wp-json\/wp\/v2\/categories?post=54908"},{"taxonomy":"post_tag","embeddable":true,"href":"https:\/\/preprod.olympic.ca\/olympique\/wp-json\/wp\/v2\/tags?post=54908"},{"taxonomy":"post_format","embeddable":true,"href":"https:\/\/preprod.olympic.ca\/olympique\/wp-json\/wp\/v2\/post_format?post=54908"},{"taxonomy":"sport","embeddable":true,"href":"https:\/\/preprod.olympic.ca\/olympique\/wp-json\/wp\/v2\/sport?post=54908"},{"taxonomy":"game","embeddable":true,"href":"https:\/\/preprod.olympic.ca\/olympique\/wp-json\/wp\/v2\/game?post=54908"},{"taxonomy":"author","embeddable":true,"href":"https:\/\/preprod.olympic.ca\/olympique\/wp-json\/wp\/v2\/coauthors?post=54908"}],"curies":[{"name":"wp","href":"https:\/\/api.w.org\/{rel}","templated":true}]}}