{"id":55430,"date":"2013-06-25T10:02:31","date_gmt":"2013-06-25T14:02:31","guid":{"rendered":"http:\/\/preprod.olympic.ca\/?p=55430"},"modified":"2013-08-01T14:39:07","modified_gmt":"2013-08-01T14:39:07","slug":"adidas-saffilie-lequipe-olympique-canadienne","status":"publish","type":"post","link":"https:\/\/preprod.olympic.ca\/olympique\/2013\/06\/25\/adidas-saffilie-lequipe-olympique-canadienne\/","title":{"rendered":"adidas s&rsquo;affilie l&rsquo;\u00c9quipe olympique canadienne"},"content":{"rendered":"<p>Aujourd\u2019hui, <a title=\"adidas Canada\" href=\"http:\/\/www.adidas.ca\/on\/demandware.store\/Sites-adidas-CA-Site\/fr_CA\/Default-Start\" target=\"_blank\">adidas Canada<\/a> et l\u2019\u00c9quipe olympique canadienne ont annonc\u00e9 une entente de partenariat de quatre ans qui fera d\u2019adidas le fournisseur officiel de v\u00eatements et de chaussures haute performance pour l\u2019\u00c9quipe olympique canadienne. \u00c0 l\u2019automne 2013, adidas lancera sa toute nouvelle <em>Collection haute performance de l\u2019\u00c9quipe olympique canadienne<\/em> \u2013 con\u00e7ue express\u00e9ment pour l\u2019entra\u00eenement des athl\u00e8tes et des sportifs canadiens de tous les niveaux.<\/p>\n<p>La <em>Collection haute performance de l\u2019\u00c9quipe olympique canadienne<\/em> a \u00e9t\u00e9 mise au point pour offrir aux athl\u00e8tes de tous les niveaux des v\u00eatements et des chaussures de qualit\u00e9 olympique. Ces produits sont fabriqu\u00e9s de mani\u00e8re \u00e0 accro\u00eetre l\u2019efficacit\u00e9 musculaire, \u00e0 contr\u00f4ler l\u2019humidit\u00e9 et \u00e0 isoler le corps, quel que soit le type de s\u00e9ance d\u2019entra\u00eenement \u00e0 laquelle l\u2019athl\u00e8te s\u2019adonne. La collection comprend des v\u00eatements de compression et d\u2019entra\u00eenement; divers v\u00eatements superposables pour l\u2019entra\u00eenement \u00e0 l\u2019ext\u00e9rieur, dont des manteaux d\u2019hiver, des vestes, des polars \u00e0 enfiler et \u00e0 glissi\u00e8re; des maillots de performance \u00e0 manches courtes et \u00e0 manches longues; des chaussures; et une gamme d\u2019accessoires. Les v\u00eatements porteront \u00e0 la fois les logos d\u2019adidas et du Comit\u00e9 olympique canadien.<\/p>\n<p><a title=\"Sport Chek\" href=\"http:\/\/www.sportchek.ca\/home\/index.jsp\" target=\"_blank\">Sport Chek<\/a> a \u00e9t\u00e9 d\u00e9sign\u00e9 <a title=\"Canadian Olympic Team Premier National Partners\" href=\"http:\/\/preprod.olympic.ca\/fr\/comite-olympique-canadien\/partenaires\/partenaires-nationaux\">principal partenaire<\/a> de vente pour la distribution de la gamme compl\u00e8te de la <em>Collection haute performance de l\u2019\u00c9quipe olympique canadienne<\/em> d\u2019adidas dans ses 170 magasins d\u2019un bout \u00e0 l\u2019autre du pays, et ce, d\u00e8s le lancement de la collection, le 7\u00a0novembre 2013. Sport Chek est un grand partenaire national du Comit\u00e9 olympique canadien et le fournisseur officiel d\u2019\u00e9quipements sportifs de l\u2019\u00c9quipe olympique canadienne. <a title=\"Canadian Tire\" href=\"http:\/\/www.canadiantire.ca\/home.jsp?site=WebStore\" target=\"_blank\">Canadian Tire<\/a> et <a title=\"Sports Experts\" href=\"http:\/\/www.sportsexperts.ca\/en\/\" target=\"_blank\">Sports Experts<\/a>, \u00e9galement de grands partenaires nationaux de l\u2019\u00c9quipe olympique canadienne, offriront certains articles de la collection adidas dans leurs magasins partout au pays \u00e0 compter du 30\u00a0novembre 2013.<\/p>\n<p>Outre la collection haute performance, adidas et Sport Chek ont aussi annonc\u00e9 qu\u2019ils commanditeraient sept espoirs olympiques canadiens. Concourant dans certains des sports d\u2019hiver les plus populaires au Canada, ces athl\u00e8tes prendront part \u00e0 des \u00e9v\u00e9nements sportifs locaux dans toutes les r\u00e9gions du Canada afin de mousser la participation au sport, et ils feront aussi partie d\u2019une nouvelle campagne de marketing \u00e0 grand d\u00e9ploiement, cet automne, appel\u00e9e \u00ab\u00a0What it Takes\u00a0\u00bb (<a title=\"#whatittakes\" href=\"https:\/\/twitter.com\/search?q=%23whatittakes&amp;src=hash\" target=\"_blank\">#whatittakes<\/a>). Cette campagne c\u00e9l\u00e9brera ce qu\u2019il faut pour devenir un des meilleurs athl\u00e8tes au monde et mettra en valeur la nouvelle <em>Collection haute performance de l\u2019\u00c9quipe olympique canadienne<\/em> d\u2019adidas. Voici les athl\u00e8tes olympiques ainsi commandit\u00e9s\u00a0:<\/p>\n<p>\u00b7\u00a0\u00a0\u00a0\u00a0\u00a0\u00a0\u00a0\u00a0 <a title=\"Christopher Del Bosco\" href=\"http:\/\/preprod.olympic.ca\/fr\/team-canada\/christopher-del-bosco-2\" target=\"_blank\">Chris Del Bosco<\/a> \u2013 Olympien de Vancouver 2010 (ski cross)<br \/>\n\u00b7\u00a0\u00a0\u00a0\u00a0\u00a0\u00a0\u00a0\u00a0 <a title=\"Erik Guay\" href=\"http:\/\/preprod.olympic.ca\/fr\/team-canada\/erik-guay-2\" target=\"_blank\">Erik Guay<\/a> \u2013 Double olympien (ski alpin)<br \/>\n\u00b7\u00a0\u00a0\u00a0\u00a0\u00a0\u00a0\u00a0\u00a0 <a title=\"Charles Hamelin\" href=\"http:\/\/preprod.olympic.ca\/fr\/team-canada\/charles-hamelin-2\" target=\"_blank\">Charles Hamelin<\/a> \u2013 Triple m\u00e9daill\u00e9 olympique (patinage de vitesse sur courte piste)<br \/>\n\u00b7\u00a0\u00a0\u00a0\u00a0\u00a0\u00a0\u00a0\u00a0 <a title=\"Kaillie Humphries\" href=\"http:\/\/preprod.olympic.ca\/fr\/team-canada\/kaillie-humphries-2\" target=\"_blank\">Kaillie Humphries<\/a> \u2013 M\u00e9daill\u00e9e d\u2019or olympique de Vancouver 2010 (bobsleigh)<br \/>\n\u00b7\u00a0\u00a0\u00a0\u00a0\u00a0\u00a0\u00a0\u00a0 <a title=\"Meaghan Mikkelson\" href=\"http:\/\/preprod.olympic.ca\/fr\/team-canada\/meaghan-mikkelson-2\" target=\"_blank\">Meaghan Mikkelson<\/a> \u2013 M\u00e9daill\u00e9e d\u2019or olympique de Vancouver 2010 (hockey sur glace)<br \/>\n\u00b7\u00a0\u00a0\u00a0\u00a0\u00a0\u00a0\u00a0\u00a0 <a title=\"Jon Montgomery\" href=\"http:\/\/preprod.olympic.ca\/fr\/team-canada\/jon-montgomery-2\">Jon Montgomery<\/a> \u2013 M\u00e9daill\u00e9 d\u2019or olympique de Vancouver 2010 (skeleton)<br \/>\n\u00b7\u00a0\u00a0\u00a0\u00a0\u00a0\u00a0\u00a0\u00a0 <a title=\"Ma\u00eblle Ricker\" href=\"http:\/\/preprod.olympic.ca\/fr\/team-canada\/maelle-ricker-2\">Ma\u00eblle Ricker<\/a> \u2013 M\u00e9daill\u00e9e d\u2019or olympique de Vancouver 2010 (snowboard cross)<\/p>\n<p>\u00ab\u00a0Je suis vraiment heureuse d\u2019\u00eatre au nombre des athl\u00e8tes choisis pour faire partie de ce partenariat avec adidas et Sport Chek\u00a0\u00bb, a d\u00e9clar\u00e9 Meaghan Mikkelson, m\u00e9daill\u00e9e d\u2019or de Vancouver 2010. \u00ab\u00a0J\u2019ai d\u00e9j\u00e0 travaill\u00e9 avec Sport Chek, et je peux affirmer que l\u2019entreprise est vraiment engag\u00e9e envers le sport et qu\u2019elle cherche vraiment \u00e0 inspirer les Canadiens \u00e0 \u00eatre plus actifs. Je suis aussi tr\u00e8s emball\u00e9e de travailler avec adidas, car la compagnie a une r\u00e9putation <em>b\u00e9ton<\/em> partout dans le monde. Cette commandite m\u2019aidera \u00e9norm\u00e9ment \u00e0 r\u00e9aliser mes r\u00eaves olympiques.\u00a0\u00bb<\/p>\n<p>\u00ab\u00a0Aujourd\u2019hui, c\u2019est pour moi le d\u00e9but d\u2019une relation exceptionnelle avec adidas et Sport Chek, et c\u2019est vraiment un honneur de me joindre \u00e0 une \u00e9quipe d\u2019olympiens aussi impressionnants\u00a0\u00bb, a ajout\u00e9 Erik Guay, double olympien. \u00ab\u00a0Ce sont des initiatives comme celle-ci, o\u00f9 s\u2019unissent le sport, les affaires et un engagement envers l\u2019excellence, qui changeront un jour la culture du sport au Canada et qui, je l\u2019esp\u00e8re, permettront aux athl\u00e8tes de remporter plus de m\u00e9dailles.\u00a0\u00bb<\/p>\n<p>Gr\u00e2ce \u00e0 cette relation historique entre le Comit\u00e9 olympique canadien, adidas Canada, Sport Chek et Canadian Tire, une gamme compl\u00e8te et sp\u00e9cialis\u00e9e de v\u00eatements haute performance de l\u2019\u00c9quipe olympique canadienne sera offerte pour la toute premi\u00e8re fois aux athl\u00e8tes canadiens de tous les niveaux d\u2019un bout \u00e0 l\u2019autre du pays.<\/p>\n","protected":false},"excerpt":{"rendered":"<p>Aujourd\u2019hui, adidas Canada et l\u2019\u00c9quipe olympique canadienne ont annonc\u00e9 une entente de partenariat de quatre ans qui fera d\u2019adidas le&#8230;<\/p>\n","protected":false},"author":47562643,"featured_media":83191,"comment_status":"open","ping_status":"open","sticky":false,"template":"","format":"standard","meta":{"_acf_changed":false,"_jetpack_memberships_contains_paid_content":false,"footnotes":""},"categories":[70121],"tags":[135053,2443],"post_format":"standard","sport":[],"game":[],"coauthors":[186127234],"class_list":["post-55430","post","type-post","status-publish","format-standard","has-post-thumbnail","hentry","category-equipe","tag-adidas","tag-canada"],"acf":[],"yoast_head":"<!-- This site is optimized with the Yoast SEO plugin v27.3 - https:\/\/yoast.com\/product\/yoast-seo-wordpress\/ -->\n<title>adidas s&#039;affilie l&#039;\u00c9quipe olympique canadienne - \u00c9quipe Canada | Site officiel de l&#039;\u00e9quipe olympique<\/title>\n<meta name=\"robots\" content=\"index, follow, max-snippet:-1, max-image-preview:large, max-video-preview:-1\" \/>\n<link rel=\"canonical\" href=\"https:\/\/preprod.olympic.ca\/olympique\/2013\/06\/25\/adidas-saffilie-lequipe-olympique-canadienne\/\" \/>\n<meta property=\"og:locale\" content=\"fr_FR\" \/>\n<meta property=\"og:type\" content=\"article\" \/>\n<meta property=\"og:title\" content=\"adidas s&#039;affilie l&#039;\u00c9quipe olympique canadienne - \u00c9quipe Canada | Site officiel de l&#039;\u00e9quipe olympique\" \/>\n<meta property=\"og:description\" content=\"Aujourd\u2019hui, adidas Canada et l\u2019\u00c9quipe olympique canadienne ont annonc\u00e9 une entente de partenariat de quatre ans qui fera d\u2019adidas le...\" \/>\n<meta property=\"og:url\" content=\"https:\/\/preprod.olympic.ca\/olympique\/2013\/06\/25\/adidas-saffilie-lequipe-olympique-canadienne\/\" \/>\n<meta property=\"og:site_name\" content=\"\u00c9quipe Canada | Site officiel de l&#039;\u00e9quipe olympique\" \/>\n<meta property=\"article:published_time\" content=\"2013-06-25T14:02:31+00:00\" \/>\n<meta property=\"article:modified_time\" content=\"2013-08-01T14:39:07+00:00\" \/>\n<meta property=\"og:image\" content=\"https:\/\/preprod.olympic.ca\/olympique\/wp-content\/uploads\/sites\/2\/2013\/07\/flex_r3.jpg?quality=100\" \/>\n\t<meta property=\"og:image:width\" content=\"700\" \/>\n\t<meta property=\"og:image:height\" content=\"327\" \/>\n\t<meta property=\"og:image:type\" content=\"image\/jpeg\" \/>\n<meta name=\"author\" content=\"Comit\u00e9 olympique canadien\" \/>\n<meta name=\"twitter:card\" content=\"summary_large_image\" \/>\n<meta name=\"twitter:label1\" content=\"Written by\" \/>\n\t<meta name=\"twitter:data1\" content=\"Comit\u00e9 olympique canadien\" \/>\n\t<meta name=\"twitter:label2\" content=\"Est. reading time\" \/>\n\t<meta name=\"twitter:data2\" content=\"4 minutes\" \/>\n<script type=\"application\/ld+json\" class=\"yoast-schema-graph\">{\"@context\":\"https:\\\/\\\/schema.org\",\"@graph\":[{\"@type\":\"Article\",\"@id\":\"https:\\\/\\\/preprod.olympic.ca\\\/olympique\\\/2013\\\/06\\\/25\\\/adidas-saffilie-lequipe-olympique-canadienne\\\/#article\",\"isPartOf\":{\"@id\":\"https:\\\/\\\/preprod.olympic.ca\\\/olympique\\\/2013\\\/06\\\/25\\\/adidas-saffilie-lequipe-olympique-canadienne\\\/\"},\"author\":{\"name\":\"cdnolympicteam\",\"@id\":\"https:\\\/\\\/preprod.olympic.ca\\\/olympique\\\/#\\\/schema\\\/person\\\/08d84fd062bf1b56ffb3808cb69aee9c\"},\"headline\":\"adidas s&rsquo;affilie l&rsquo;\u00c9quipe olympique canadienne\",\"datePublished\":\"2013-06-25T14:02:31+00:00\",\"dateModified\":\"2013-08-01T14:39:07+00:00\",\"mainEntityOfPage\":{\"@id\":\"https:\\\/\\\/preprod.olympic.ca\\\/olympique\\\/2013\\\/06\\\/25\\\/adidas-saffilie-lequipe-olympique-canadienne\\\/\"},\"wordCount\":759,\"commentCount\":0,\"image\":{\"@id\":\"https:\\\/\\\/preprod.olympic.ca\\\/olympique\\\/2013\\\/06\\\/25\\\/adidas-saffilie-lequipe-olympique-canadienne\\\/#primaryimage\"},\"thumbnailUrl\":\"https:\\\/\\\/preprod.olympic.ca\\\/olympique\\\/wp-content\\\/uploads\\\/sites\\\/2\\\/2013\\\/07\\\/flex_r3.jpg?quality=100\",\"keywords\":[\"adidas\",\"Canada\"],\"articleSection\":[\"Nouvelles de l'equipe\"],\"inLanguage\":\"fr-FR\",\"potentialAction\":[{\"@type\":\"CommentAction\",\"name\":\"Comment\",\"target\":[\"https:\\\/\\\/preprod.olympic.ca\\\/olympique\\\/2013\\\/06\\\/25\\\/adidas-saffilie-lequipe-olympique-canadienne\\\/#respond\"]}]},{\"@type\":\"WebPage\",\"@id\":\"https:\\\/\\\/preprod.olympic.ca\\\/olympique\\\/2013\\\/06\\\/25\\\/adidas-saffilie-lequipe-olympique-canadienne\\\/\",\"url\":\"https:\\\/\\\/preprod.olympic.ca\\\/olympique\\\/2013\\\/06\\\/25\\\/adidas-saffilie-lequipe-olympique-canadienne\\\/\",\"name\":\"adidas s'affilie l'\u00c9quipe olympique canadienne - \u00c9quipe Canada | Site officiel de l&#039;\u00e9quipe olympique\",\"isPartOf\":{\"@id\":\"https:\\\/\\\/preprod.olympic.ca\\\/olympique\\\/#website\"},\"primaryImageOfPage\":{\"@id\":\"https:\\\/\\\/preprod.olympic.ca\\\/olympique\\\/2013\\\/06\\\/25\\\/adidas-saffilie-lequipe-olympique-canadienne\\\/#primaryimage\"},\"image\":{\"@id\":\"https:\\\/\\\/preprod.olympic.ca\\\/olympique\\\/2013\\\/06\\\/25\\\/adidas-saffilie-lequipe-olympique-canadienne\\\/#primaryimage\"},\"thumbnailUrl\":\"https:\\\/\\\/preprod.olympic.ca\\\/olympique\\\/wp-content\\\/uploads\\\/sites\\\/2\\\/2013\\\/07\\\/flex_r3.jpg?quality=100\",\"datePublished\":\"2013-06-25T14:02:31+00:00\",\"dateModified\":\"2013-08-01T14:39:07+00:00\",\"author\":{\"@id\":\"https:\\\/\\\/preprod.olympic.ca\\\/olympique\\\/#\\\/schema\\\/person\\\/08d84fd062bf1b56ffb3808cb69aee9c\"},\"inLanguage\":\"fr-FR\",\"potentialAction\":[{\"@type\":\"ReadAction\",\"target\":[\"https:\\\/\\\/preprod.olympic.ca\\\/olympique\\\/2013\\\/06\\\/25\\\/adidas-saffilie-lequipe-olympique-canadienne\\\/\"]}]},{\"@type\":\"ImageObject\",\"inLanguage\":\"fr-FR\",\"@id\":\"https:\\\/\\\/preprod.olympic.ca\\\/olympique\\\/2013\\\/06\\\/25\\\/adidas-saffilie-lequipe-olympique-canadienne\\\/#primaryimage\",\"url\":\"https:\\\/\\\/preprod.olympic.ca\\\/olympique\\\/wp-content\\\/uploads\\\/sites\\\/2\\\/2013\\\/07\\\/flex_r3.jpg?quality=100\",\"contentUrl\":\"https:\\\/\\\/preprod.olympic.ca\\\/olympique\\\/wp-content\\\/uploads\\\/sites\\\/2\\\/2013\\\/07\\\/flex_r3.jpg?quality=100\",\"width\":700,\"height\":327},{\"@type\":\"WebSite\",\"@id\":\"https:\\\/\\\/preprod.olympic.ca\\\/olympique\\\/#website\",\"url\":\"https:\\\/\\\/preprod.olympic.ca\\\/olympique\\\/\",\"name\":\"\u00c9quipe Canada | Site officiel de l&#039;\u00e9quipe olympique\",\"description\":\"Votre source pour l\u2019\u00c9quipe olympique canadienne. Retrouvez les r\u00e9cits, vid\u00e9os et photos des athl\u00e8tes canadiens, sports olympiques, Jeux olympiques de 2020 et bien plus!\",\"potentialAction\":[{\"@type\":\"SearchAction\",\"target\":{\"@type\":\"EntryPoint\",\"urlTemplate\":\"https:\\\/\\\/preprod.olympic.ca\\\/olympique\\\/?s={search_term_string}\"},\"query-input\":{\"@type\":\"PropertyValueSpecification\",\"valueRequired\":true,\"valueName\":\"search_term_string\"}}],\"inLanguage\":\"fr-FR\"},{\"@type\":\"Person\",\"@id\":\"https:\\\/\\\/preprod.olympic.ca\\\/olympique\\\/#\\\/schema\\\/person\\\/08d84fd062bf1b56ffb3808cb69aee9c\",\"name\":\"cdnolympicteam\",\"image\":{\"@type\":\"ImageObject\",\"inLanguage\":\"fr-FR\",\"@id\":\"https:\\\/\\\/secure.gravatar.com\\\/avatar\\\/5ebf1554473077ab88cd1ec3372750991c09302ef58500182e331751d1f3473b?s=96&d=identicon&r=g7289394c1202ef020fcd9aad965e50f7\",\"url\":\"https:\\\/\\\/secure.gravatar.com\\\/avatar\\\/5ebf1554473077ab88cd1ec3372750991c09302ef58500182e331751d1f3473b?s=96&d=identicon&r=g\",\"contentUrl\":\"https:\\\/\\\/secure.gravatar.com\\\/avatar\\\/5ebf1554473077ab88cd1ec3372750991c09302ef58500182e331751d1f3473b?s=96&d=identicon&r=g\",\"caption\":\"cdnolympicteam\"},\"url\":\"https:\\\/\\\/preprod.olympic.ca\\\/olympique\\\/author\\\/cdnolympicteam\\\/\"}]}<\/script>\n<!-- \/ Yoast SEO plugin. -->","yoast_head_json":{"title":"adidas s'affilie l'\u00c9quipe olympique canadienne - \u00c9quipe Canada | Site officiel de l&#039;\u00e9quipe olympique","robots":{"index":"index","follow":"follow","max-snippet":"max-snippet:-1","max-image-preview":"max-image-preview:large","max-video-preview":"max-video-preview:-1"},"canonical":"https:\/\/preprod.olympic.ca\/olympique\/2013\/06\/25\/adidas-saffilie-lequipe-olympique-canadienne\/","og_locale":"fr_FR","og_type":"article","og_title":"adidas s'affilie l'\u00c9quipe olympique canadienne - \u00c9quipe Canada | Site officiel de l&#039;\u00e9quipe olympique","og_description":"Aujourd\u2019hui, adidas Canada et l\u2019\u00c9quipe olympique canadienne ont annonc\u00e9 une entente de partenariat de quatre ans qui fera d\u2019adidas le...","og_url":"https:\/\/preprod.olympic.ca\/olympique\/2013\/06\/25\/adidas-saffilie-lequipe-olympique-canadienne\/","og_site_name":"\u00c9quipe Canada | Site officiel de l&#039;\u00e9quipe olympique","article_published_time":"2013-06-25T14:02:31+00:00","article_modified_time":"2013-08-01T14:39:07+00:00","og_image":[{"width":700,"height":327,"url":"https:\/\/preprod.olympic.ca\/olympique\/wp-content\/uploads\/sites\/2\/2013\/07\/flex_r3.jpg?quality=100","type":"image\/jpeg"}],"author":"Comit\u00e9 olympique canadien","twitter_card":"summary_large_image","twitter_misc":{"Written by":"Comit\u00e9 olympique canadien","Est. reading time":"4 minutes"},"schema":{"@context":"https:\/\/schema.org","@graph":[{"@type":"Article","@id":"https:\/\/preprod.olympic.ca\/olympique\/2013\/06\/25\/adidas-saffilie-lequipe-olympique-canadienne\/#article","isPartOf":{"@id":"https:\/\/preprod.olympic.ca\/olympique\/2013\/06\/25\/adidas-saffilie-lequipe-olympique-canadienne\/"},"author":{"name":"cdnolympicteam","@id":"https:\/\/preprod.olympic.ca\/olympique\/#\/schema\/person\/08d84fd062bf1b56ffb3808cb69aee9c"},"headline":"adidas s&rsquo;affilie l&rsquo;\u00c9quipe olympique canadienne","datePublished":"2013-06-25T14:02:31+00:00","dateModified":"2013-08-01T14:39:07+00:00","mainEntityOfPage":{"@id":"https:\/\/preprod.olympic.ca\/olympique\/2013\/06\/25\/adidas-saffilie-lequipe-olympique-canadienne\/"},"wordCount":759,"commentCount":0,"image":{"@id":"https:\/\/preprod.olympic.ca\/olympique\/2013\/06\/25\/adidas-saffilie-lequipe-olympique-canadienne\/#primaryimage"},"thumbnailUrl":"https:\/\/preprod.olympic.ca\/olympique\/wp-content\/uploads\/sites\/2\/2013\/07\/flex_r3.jpg?quality=100","keywords":["adidas","Canada"],"articleSection":["Nouvelles de l'equipe"],"inLanguage":"fr-FR","potentialAction":[{"@type":"CommentAction","name":"Comment","target":["https:\/\/preprod.olympic.ca\/olympique\/2013\/06\/25\/adidas-saffilie-lequipe-olympique-canadienne\/#respond"]}]},{"@type":"WebPage","@id":"https:\/\/preprod.olympic.ca\/olympique\/2013\/06\/25\/adidas-saffilie-lequipe-olympique-canadienne\/","url":"https:\/\/preprod.olympic.ca\/olympique\/2013\/06\/25\/adidas-saffilie-lequipe-olympique-canadienne\/","name":"adidas s'affilie l'\u00c9quipe olympique canadienne - \u00c9quipe Canada | Site officiel de l&#039;\u00e9quipe olympique","isPartOf":{"@id":"https:\/\/preprod.olympic.ca\/olympique\/#website"},"primaryImageOfPage":{"@id":"https:\/\/preprod.olympic.ca\/olympique\/2013\/06\/25\/adidas-saffilie-lequipe-olympique-canadienne\/#primaryimage"},"image":{"@id":"https:\/\/preprod.olympic.ca\/olympique\/2013\/06\/25\/adidas-saffilie-lequipe-olympique-canadienne\/#primaryimage"},"thumbnailUrl":"https:\/\/preprod.olympic.ca\/olympique\/wp-content\/uploads\/sites\/2\/2013\/07\/flex_r3.jpg?quality=100","datePublished":"2013-06-25T14:02:31+00:00","dateModified":"2013-08-01T14:39:07+00:00","author":{"@id":"https:\/\/preprod.olympic.ca\/olympique\/#\/schema\/person\/08d84fd062bf1b56ffb3808cb69aee9c"},"inLanguage":"fr-FR","potentialAction":[{"@type":"ReadAction","target":["https:\/\/preprod.olympic.ca\/olympique\/2013\/06\/25\/adidas-saffilie-lequipe-olympique-canadienne\/"]}]},{"@type":"ImageObject","inLanguage":"fr-FR","@id":"https:\/\/preprod.olympic.ca\/olympique\/2013\/06\/25\/adidas-saffilie-lequipe-olympique-canadienne\/#primaryimage","url":"https:\/\/preprod.olympic.ca\/olympique\/wp-content\/uploads\/sites\/2\/2013\/07\/flex_r3.jpg?quality=100","contentUrl":"https:\/\/preprod.olympic.ca\/olympique\/wp-content\/uploads\/sites\/2\/2013\/07\/flex_r3.jpg?quality=100","width":700,"height":327},{"@type":"WebSite","@id":"https:\/\/preprod.olympic.ca\/olympique\/#website","url":"https:\/\/preprod.olympic.ca\/olympique\/","name":"\u00c9quipe Canada | Site officiel de l&#039;\u00e9quipe olympique","description":"Votre source pour l\u2019\u00c9quipe olympique canadienne. Retrouvez les r\u00e9cits, vid\u00e9os et photos des athl\u00e8tes canadiens, sports olympiques, Jeux olympiques de 2020 et bien plus!","potentialAction":[{"@type":"SearchAction","target":{"@type":"EntryPoint","urlTemplate":"https:\/\/preprod.olympic.ca\/olympique\/?s={search_term_string}"},"query-input":{"@type":"PropertyValueSpecification","valueRequired":true,"valueName":"search_term_string"}}],"inLanguage":"fr-FR"},{"@type":"Person","@id":"https:\/\/preprod.olympic.ca\/olympique\/#\/schema\/person\/08d84fd062bf1b56ffb3808cb69aee9c","name":"cdnolympicteam","image":{"@type":"ImageObject","inLanguage":"fr-FR","@id":"https:\/\/secure.gravatar.com\/avatar\/5ebf1554473077ab88cd1ec3372750991c09302ef58500182e331751d1f3473b?s=96&d=identicon&r=g7289394c1202ef020fcd9aad965e50f7","url":"https:\/\/secure.gravatar.com\/avatar\/5ebf1554473077ab88cd1ec3372750991c09302ef58500182e331751d1f3473b?s=96&d=identicon&r=g","contentUrl":"https:\/\/secure.gravatar.com\/avatar\/5ebf1554473077ab88cd1ec3372750991c09302ef58500182e331751d1f3473b?s=96&d=identicon&r=g","caption":"cdnolympicteam"},"url":"https:\/\/preprod.olympic.ca\/olympique\/author\/cdnolympicteam\/"}]}},"jetpack_featured_media_url":"https:\/\/preprod.olympic.ca\/olympique\/wp-content\/uploads\/sites\/2\/2013\/07\/flex_r3.jpg?quality=100","featured_image_url":"https:\/\/preprod.olympic.ca\/olympique\/wp-content\/uploads\/sites\/2\/2013\/07\/flex_r3.jpg?quality=100","author_name":["Comit\u00e9 olympique canadien"],"category_names":["Nouvelles de l'equipe"],"tag_names":["adidas","Canada"],"video_embed_code":"","facebook_video_embed_code":"","jetpack_sharing_enabled":true,"jetpack-related-posts":[],"jetpack_shortlink":"https:\/\/wp.me\/pcGHcP-eq2","_links":{"self":[{"href":"https:\/\/preprod.olympic.ca\/olympique\/wp-json\/wp\/v2\/posts\/55430","targetHints":{"allow":["GET"]}}],"collection":[{"href":"https:\/\/preprod.olympic.ca\/olympique\/wp-json\/wp\/v2\/posts"}],"about":[{"href":"https:\/\/preprod.olympic.ca\/olympique\/wp-json\/wp\/v2\/types\/post"}],"author":[{"embeddable":true,"href":"https:\/\/preprod.olympic.ca\/olympique\/wp-json\/wp\/v2\/users\/47562643"}],"replies":[{"embeddable":true,"href":"https:\/\/preprod.olympic.ca\/olympique\/wp-json\/wp\/v2\/comments?post=55430"}],"version-history":[{"count":2,"href":"https:\/\/preprod.olympic.ca\/olympique\/wp-json\/wp\/v2\/posts\/55430\/revisions"}],"predecessor-version":[{"id":82418,"href":"https:\/\/preprod.olympic.ca\/olympique\/wp-json\/wp\/v2\/posts\/55430\/revisions\/82418"}],"wp:featuredmedia":[{"embeddable":true,"href":"https:\/\/preprod.olympic.ca\/olympique\/wp-json\/wp\/v2\/media\/83191"}],"wp:attachment":[{"href":"https:\/\/preprod.olympic.ca\/olympique\/wp-json\/wp\/v2\/media?parent=55430"}],"wp:term":[{"taxonomy":"category","embeddable":true,"href":"https:\/\/preprod.olympic.ca\/olympique\/wp-json\/wp\/v2\/categories?post=55430"},{"taxonomy":"post_tag","embeddable":true,"href":"https:\/\/preprod.olympic.ca\/olympique\/wp-json\/wp\/v2\/tags?post=55430"},{"taxonomy":"post_format","embeddable":true,"href":"https:\/\/preprod.olympic.ca\/olympique\/wp-json\/wp\/v2\/post_format?post=55430"},{"taxonomy":"sport","embeddable":true,"href":"https:\/\/preprod.olympic.ca\/olympique\/wp-json\/wp\/v2\/sport?post=55430"},{"taxonomy":"game","embeddable":true,"href":"https:\/\/preprod.olympic.ca\/olympique\/wp-json\/wp\/v2\/game?post=55430"},{"taxonomy":"author","embeddable":true,"href":"https:\/\/preprod.olympic.ca\/olympique\/wp-json\/wp\/v2\/coauthors?post=55430"}],"curies":[{"name":"wp","href":"https:\/\/api.w.org\/{rel}","templated":true}]}}