{"id":86199,"date":"2013-10-06T14:00:47","date_gmt":"2013-10-06T18:00:47","guid":{"rendered":"http:\/\/olympique.ca\/?p=86199"},"modified":"2013-10-07T14:07:37","modified_gmt":"2013-10-07T18:07:37","slug":"devoilement-du-chandail-lor-a-domicile","status":"publish","type":"post","link":"https:\/\/preprod.olympic.ca\/olympique\/2013\/10\/06\/devoilement-du-chandail-lor-a-domicile\/","title":{"rendered":"D\u00e9voilement du chandail: L&rsquo;or \u00e0 domicile"},"content":{"rendered":"<p><strong><em>Le 8 octobre prochain, Hockey Canada d\u00e9voilera les chandails qui seront port\u00e9s aux Jeux olympiques de Sotchi en 2014 par l&rsquo;\u00e9quipe nationale masculine et f\u00e9minine. Pour souligner l&rsquo;occasion, <a href=\"http:\/\/olympique.ca\/\">Olympique.ca<\/a> revisitera les cinq m\u00e9dailles d&rsquo;or remport\u00e9es par le Canada aux Jeux olympiques d&rsquo;hivers et les gilets port\u00e9s pour l&rsquo;occasion.<\/em><\/strong><\/p>\n<p><strong><em>\u00c0 voir aussi:<\/em><\/strong> <a href=\"http:\/\/olympique.ca\/2013\/10\/03\/devoilement-du-chandail-triomphe-des-femmes-au-utah\/\">Hockey F\u00e9minin 2002<\/a> | <a href=\"http:\/\/olympique.ca\/2013\/10\/04\/devoilement-du-chandail-fin-de-la-disette\/\">Hockey Masculin 2002<\/a> | <a href=\"http:\/\/olympique.ca\/2013\/10\/05\/devoilement-du-chandail-dominantes-a-turin\/\">Hockey F\u00e9minin 2006<\/a><\/p>\n<h2>LE MATCH<\/h2>\n<p>Les canadiennes ont bien n\u00e9goci\u00e9 avec la pression qui accompagnait la d\u00e9fense de leur titre \u00e0 domicile en battant les am\u00e9ricaines par la marque de 2-0 pour ainsi remporter leur troisi\u00e8me m\u00e9daille d&rsquo;or olympique.<\/p>\n<p>Les \u00c9tats-Unis avaient pourtant amorc\u00e9 la rencontre d\u00e9bordant de confiance suite \u00e0 leur victoire \u00e9crasante de 9-1 contre la Su\u00e8de. Il \u00e9tait clair que remporter la m\u00e9daille d&rsquo;or \u00e0 domicile \u00e9tait loin d&rsquo;\u00eatre un fait accompli. Les canadiennes ont cependant r\u00e9pondu \u00e0 l&rsquo;appel, stoppant la puissante attaque de leur adversaire. Marie-Philip Poulin a \u00e9t\u00e9 l&rsquo;unique marqueur de la rencontre avec deux buts.<\/p>\n<p>Meghan Agosta a transport\u00e9 le Canada durant la dur\u00e9e du tournoi terminant au sommet du tableau des marqueurs avec 15 points.<\/p>\n<p><strong><em>\u00c0 voir aussi:<\/em><\/strong>\u00a0<a href=\"http:\/\/olympique.ca\/2013\/07\/20\/5-meilleures-photos-des-partisans-vancouver-2010\/\">5 meilleures photos des partisans \u2013 Vancouver 2010<\/a><\/p>\n<h2>LE CHANDAIL<\/h2>\n<p>L&rsquo;\u00e9cusson d&rsquo;h\u00e9ritage mis en \u00e9vidence sur les gilets pr\u00e9c\u00e9dents a \u00e9t\u00e9 retir\u00e9 pour faire place \u00e0 un nouveau concept aux Jeux de Vancouver. L&rsquo;instauration de nouvelles r\u00e8gles par le Comit\u00e9 international olympique concernant l\u2019accoutrement officiel ont influenc\u00e9 les changements apport\u00e9s aux chandails. Hockey Canada s&rsquo;est \u00e9galement inspir\u00e9 de son histoire ainsi que de l&rsquo;h\u00e9ritage am\u00e9rindienne du pays.<\/p>\n<p><a href=\"http:\/\/preprod.olympic.ca\/wp-content\/uploads\/sites\/2\/2013\/10\/2010-women3.jpg\"><img loading=\"lazy\" decoding=\"async\" class=\"aligncenter size-large wp-image-86232\" alt=\"KIM St-Pierre\" src=\"http:\/\/preprod.olympic.ca\/wp-content\/uploads\/sites\/2\/2013\/10\/2010-women3.jpg?w=1045\" width=\"1045\" height=\"754\" srcset=\"https:\/\/preprod.olympic.ca\/olympique\/wp-content\/uploads\/sites\/2\/2013\/10\/2010-women3.jpg 3028w, https:\/\/preprod.olympic.ca\/olympique\/wp-content\/uploads\/sites\/2\/2013\/10\/2010-women3.jpg?resize=219,158 219w, https:\/\/preprod.olympic.ca\/olympique\/wp-content\/uploads\/sites\/2\/2013\/10\/2010-women3.jpg?resize=514,371 514w, https:\/\/preprod.olympic.ca\/olympique\/wp-content\/uploads\/sites\/2\/2013\/10\/2010-women3.jpg?resize=768,554 768w, https:\/\/preprod.olympic.ca\/olympique\/wp-content\/uploads\/sites\/2\/2013\/10\/2010-women3.jpg?resize=1045,754 1045w, https:\/\/preprod.olympic.ca\/olympique\/wp-content\/uploads\/sites\/2\/2013\/10\/2010-women3.jpg?resize=1536,1108 1536w, https:\/\/preprod.olympic.ca\/olympique\/wp-content\/uploads\/sites\/2\/2013\/10\/2010-women3.jpg?resize=2048,1477 2048w\" sizes=\"(max-width: 1045px) 100vw, 1045px\" \/><\/a><\/p>\n<p><a href=\"http:\/\/www.youtube.com\/watch?v=vt0Sr4jBYCU&amp;feature=player_embedded\">LA C\u00c9R\u00c9MONIE DES M\u00c9DAILLES<\/a><\/p>\n","protected":false},"excerpt":{"rendered":"<p>Le 8 octobre prochain, Hockey Canada d\u00e9voilera les chandails qui seront port\u00e9s aux Jeux olympiques de Sotchi en 2014 par&#8230;<\/p>\n","protected":false},"author":55751844,"featured_media":86231,"comment_status":"open","ping_status":"open","sticky":false,"template":"","format":"standard","meta":{"_acf_changed":false,"_jetpack_memberships_contains_paid_content":false,"footnotes":""},"categories":[70121],"tags":[2443,116050,32094883,6682],"post_format":"standard","sport":[891977],"game":[7906021],"coauthors":[195144321],"class_list":["post-86199","post","type-post","status-publish","format-standard","has-post-thumbnail","hentry","category-equipe","tag-canada","tag-hockey-canada","tag-marie-philip-poulin","tag-vancouver","sport-hockey-sur-glace","game-2010-vancouver"],"acf":[],"yoast_head":"<!-- This site is optimized with the Yoast SEO plugin v27.3 - https:\/\/yoast.com\/product\/yoast-seo-wordpress\/ -->\n<title>D\u00e9voilement du chandail: L&#039;or \u00e0 domicile - \u00c9quipe Canada | Site officiel de l&#039;\u00e9quipe olympique<\/title>\n<meta name=\"robots\" content=\"index, follow, max-snippet:-1, max-image-preview:large, max-video-preview:-1\" \/>\n<link rel=\"canonical\" href=\"https:\/\/preprod.olympic.ca\/olympique\/2013\/10\/06\/devoilement-du-chandail-lor-a-domicile\/\" \/>\n<meta property=\"og:locale\" content=\"fr_FR\" \/>\n<meta property=\"og:type\" content=\"article\" \/>\n<meta property=\"og:title\" content=\"D\u00e9voilement du chandail: L&#039;or \u00e0 domicile - \u00c9quipe Canada | Site officiel de l&#039;\u00e9quipe olympique\" \/>\n<meta property=\"og:description\" content=\"Le 8 octobre prochain, Hockey Canada d\u00e9voilera les chandails qui seront port\u00e9s aux Jeux olympiques de Sotchi en 2014 par...\" \/>\n<meta property=\"og:url\" content=\"https:\/\/preprod.olympic.ca\/olympique\/2013\/10\/06\/devoilement-du-chandail-lor-a-domicile\/\" \/>\n<meta property=\"og:site_name\" content=\"\u00c9quipe Canada | Site officiel de l&#039;\u00e9quipe olympique\" \/>\n<meta property=\"article:published_time\" content=\"2013-10-06T18:00:47+00:00\" \/>\n<meta property=\"article:modified_time\" content=\"2013-10-07T18:07:37+00:00\" \/>\n<meta property=\"og:image\" content=\"https:\/\/preprod.olympic.ca\/olympique\/wp-content\/uploads\/sites\/2\/2013\/10\/2010women1340.jpg?resize=1340,754\" \/>\n\t<meta property=\"og:image:width\" content=\"1340\" \/>\n\t<meta property=\"og:image:height\" content=\"754\" \/>\n\t<meta property=\"og:image:type\" content=\"image\/jpeg\" \/>\n<meta name=\"author\" content=\"Steve Boudreau\" \/>\n<meta name=\"twitter:card\" content=\"summary_large_image\" \/>\n<meta name=\"twitter:label1\" content=\"Written by\" \/>\n\t<meta name=\"twitter:data1\" content=\"Steve Boudreau\" \/>\n\t<meta name=\"twitter:label2\" content=\"Est. reading time\" \/>\n\t<meta name=\"twitter:data2\" content=\"1 minute\" \/>\n<script type=\"application\/ld+json\" class=\"yoast-schema-graph\">{\"@context\":\"https:\\\/\\\/schema.org\",\"@graph\":[{\"@type\":\"Article\",\"@id\":\"https:\\\/\\\/preprod.olympic.ca\\\/olympique\\\/2013\\\/10\\\/06\\\/devoilement-du-chandail-lor-a-domicile\\\/#article\",\"isPartOf\":{\"@id\":\"https:\\\/\\\/preprod.olympic.ca\\\/olympique\\\/2013\\\/10\\\/06\\\/devoilement-du-chandail-lor-a-domicile\\\/\"},\"author\":{\"name\":\"Steve Boudreau\",\"@id\":\"https:\\\/\\\/preprod.olympic.ca\\\/olympique\\\/#\\\/schema\\\/person\\\/fcff0d04b3be8cf8db300b91bccb7af4\"},\"headline\":\"D\u00e9voilement du chandail: L&rsquo;or \u00e0 domicile\",\"datePublished\":\"2013-10-06T18:00:47+00:00\",\"dateModified\":\"2013-10-07T18:07:37+00:00\",\"mainEntityOfPage\":{\"@id\":\"https:\\\/\\\/preprod.olympic.ca\\\/olympique\\\/2013\\\/10\\\/06\\\/devoilement-du-chandail-lor-a-domicile\\\/\"},\"wordCount\":289,\"commentCount\":1,\"image\":{\"@id\":\"https:\\\/\\\/preprod.olympic.ca\\\/olympique\\\/2013\\\/10\\\/06\\\/devoilement-du-chandail-lor-a-domicile\\\/#primaryimage\"},\"thumbnailUrl\":\"https:\\\/\\\/preprod.olympic.ca\\\/olympique\\\/wp-content\\\/uploads\\\/sites\\\/2\\\/2013\\\/10\\\/2010women1340.jpg?quality=100\",\"keywords\":[\"Canada\",\"Hockey Canada\",\"Marie-Philip Poulin\",\"Vancouver \u00bb\"],\"articleSection\":[\"Nouvelles de l'equipe\"],\"inLanguage\":\"fr-FR\",\"potentialAction\":[{\"@type\":\"CommentAction\",\"name\":\"Comment\",\"target\":[\"https:\\\/\\\/preprod.olympic.ca\\\/olympique\\\/2013\\\/10\\\/06\\\/devoilement-du-chandail-lor-a-domicile\\\/#respond\"]}]},{\"@type\":\"WebPage\",\"@id\":\"https:\\\/\\\/preprod.olympic.ca\\\/olympique\\\/2013\\\/10\\\/06\\\/devoilement-du-chandail-lor-a-domicile\\\/\",\"url\":\"https:\\\/\\\/preprod.olympic.ca\\\/olympique\\\/2013\\\/10\\\/06\\\/devoilement-du-chandail-lor-a-domicile\\\/\",\"name\":\"D\u00e9voilement du chandail: L'or \u00e0 domicile - \u00c9quipe Canada | Site officiel de l&#039;\u00e9quipe olympique\",\"isPartOf\":{\"@id\":\"https:\\\/\\\/preprod.olympic.ca\\\/olympique\\\/#website\"},\"primaryImageOfPage\":{\"@id\":\"https:\\\/\\\/preprod.olympic.ca\\\/olympique\\\/2013\\\/10\\\/06\\\/devoilement-du-chandail-lor-a-domicile\\\/#primaryimage\"},\"image\":{\"@id\":\"https:\\\/\\\/preprod.olympic.ca\\\/olympique\\\/2013\\\/10\\\/06\\\/devoilement-du-chandail-lor-a-domicile\\\/#primaryimage\"},\"thumbnailUrl\":\"https:\\\/\\\/preprod.olympic.ca\\\/olympique\\\/wp-content\\\/uploads\\\/sites\\\/2\\\/2013\\\/10\\\/2010women1340.jpg?quality=100\",\"datePublished\":\"2013-10-06T18:00:47+00:00\",\"dateModified\":\"2013-10-07T18:07:37+00:00\",\"author\":{\"@id\":\"https:\\\/\\\/preprod.olympic.ca\\\/olympique\\\/#\\\/schema\\\/person\\\/fcff0d04b3be8cf8db300b91bccb7af4\"},\"inLanguage\":\"fr-FR\",\"potentialAction\":[{\"@type\":\"ReadAction\",\"target\":[\"https:\\\/\\\/preprod.olympic.ca\\\/olympique\\\/2013\\\/10\\\/06\\\/devoilement-du-chandail-lor-a-domicile\\\/\"]}]},{\"@type\":\"ImageObject\",\"inLanguage\":\"fr-FR\",\"@id\":\"https:\\\/\\\/preprod.olympic.ca\\\/olympique\\\/2013\\\/10\\\/06\\\/devoilement-du-chandail-lor-a-domicile\\\/#primaryimage\",\"url\":\"https:\\\/\\\/preprod.olympic.ca\\\/olympique\\\/wp-content\\\/uploads\\\/sites\\\/2\\\/2013\\\/10\\\/2010women1340.jpg?quality=100\",\"contentUrl\":\"https:\\\/\\\/preprod.olympic.ca\\\/olympique\\\/wp-content\\\/uploads\\\/sites\\\/2\\\/2013\\\/10\\\/2010women1340.jpg?quality=100\",\"width\":4672,\"height\":2629},{\"@type\":\"WebSite\",\"@id\":\"https:\\\/\\\/preprod.olympic.ca\\\/olympique\\\/#website\",\"url\":\"https:\\\/\\\/preprod.olympic.ca\\\/olympique\\\/\",\"name\":\"\u00c9quipe Canada | Site officiel de l&#039;\u00e9quipe olympique\",\"description\":\"Votre source pour l\u2019\u00c9quipe olympique canadienne. Retrouvez les r\u00e9cits, vid\u00e9os et photos des athl\u00e8tes canadiens, sports olympiques, Jeux olympiques de 2020 et bien plus!\",\"potentialAction\":[{\"@type\":\"SearchAction\",\"target\":{\"@type\":\"EntryPoint\",\"urlTemplate\":\"https:\\\/\\\/preprod.olympic.ca\\\/olympique\\\/?s={search_term_string}\"},\"query-input\":{\"@type\":\"PropertyValueSpecification\",\"valueRequired\":true,\"valueName\":\"search_term_string\"}}],\"inLanguage\":\"fr-FR\"},{\"@type\":\"Person\",\"@id\":\"https:\\\/\\\/preprod.olympic.ca\\\/olympique\\\/#\\\/schema\\\/person\\\/fcff0d04b3be8cf8db300b91bccb7af4\",\"name\":\"Steve Boudreau\",\"image\":{\"@type\":\"ImageObject\",\"inLanguage\":\"fr-FR\",\"@id\":\"https:\\\/\\\/secure.gravatar.com\\\/avatar\\\/336c6be93b523130336d384227371a495c6bb9057a12c48ad1770e1a6a57006b?s=96&d=identicon&r=geab05ffb592a23c798f7bf61ed1f5f18\",\"url\":\"https:\\\/\\\/secure.gravatar.com\\\/avatar\\\/336c6be93b523130336d384227371a495c6bb9057a12c48ad1770e1a6a57006b?s=96&d=identicon&r=g\",\"contentUrl\":\"https:\\\/\\\/secure.gravatar.com\\\/avatar\\\/336c6be93b523130336d384227371a495c6bb9057a12c48ad1770e1a6a57006b?s=96&d=identicon&r=g\",\"caption\":\"Steve Boudreau\"},\"description\":\"R\u00e9dacteur, m\u00e9dias sociaux - @Sboudreau\",\"sameAs\":[\"http:\\\/\\\/sboudreau49.wordpress.com\"],\"url\":\"https:\\\/\\\/preprod.olympic.ca\\\/olympique\\\/author\\\/sboudreau2013\\\/\"}]}<\/script>\n<!-- \/ Yoast SEO plugin. -->","yoast_head_json":{"title":"D\u00e9voilement du chandail: L'or \u00e0 domicile - \u00c9quipe Canada | Site officiel de l&#039;\u00e9quipe olympique","robots":{"index":"index","follow":"follow","max-snippet":"max-snippet:-1","max-image-preview":"max-image-preview:large","max-video-preview":"max-video-preview:-1"},"canonical":"https:\/\/preprod.olympic.ca\/olympique\/2013\/10\/06\/devoilement-du-chandail-lor-a-domicile\/","og_locale":"fr_FR","og_type":"article","og_title":"D\u00e9voilement du chandail: L'or \u00e0 domicile - \u00c9quipe Canada | Site officiel de l&#039;\u00e9quipe olympique","og_description":"Le 8 octobre prochain, Hockey Canada d\u00e9voilera les chandails qui seront port\u00e9s aux Jeux olympiques de Sotchi en 2014 par...","og_url":"https:\/\/preprod.olympic.ca\/olympique\/2013\/10\/06\/devoilement-du-chandail-lor-a-domicile\/","og_site_name":"\u00c9quipe Canada | Site officiel de l&#039;\u00e9quipe olympique","article_published_time":"2013-10-06T18:00:47+00:00","article_modified_time":"2013-10-07T18:07:37+00:00","og_image":[{"width":1340,"height":754,"url":"https:\/\/preprod.olympic.ca\/olympique\/wp-content\/uploads\/sites\/2\/2013\/10\/2010women1340.jpg?resize=1340,754","type":"image\/jpeg"}],"author":"Steve Boudreau","twitter_card":"summary_large_image","twitter_misc":{"Written by":"Steve Boudreau","Est. reading time":"1 minute"},"schema":{"@context":"https:\/\/schema.org","@graph":[{"@type":"Article","@id":"https:\/\/preprod.olympic.ca\/olympique\/2013\/10\/06\/devoilement-du-chandail-lor-a-domicile\/#article","isPartOf":{"@id":"https:\/\/preprod.olympic.ca\/olympique\/2013\/10\/06\/devoilement-du-chandail-lor-a-domicile\/"},"author":{"name":"Steve Boudreau","@id":"https:\/\/preprod.olympic.ca\/olympique\/#\/schema\/person\/fcff0d04b3be8cf8db300b91bccb7af4"},"headline":"D\u00e9voilement du chandail: L&rsquo;or \u00e0 domicile","datePublished":"2013-10-06T18:00:47+00:00","dateModified":"2013-10-07T18:07:37+00:00","mainEntityOfPage":{"@id":"https:\/\/preprod.olympic.ca\/olympique\/2013\/10\/06\/devoilement-du-chandail-lor-a-domicile\/"},"wordCount":289,"commentCount":1,"image":{"@id":"https:\/\/preprod.olympic.ca\/olympique\/2013\/10\/06\/devoilement-du-chandail-lor-a-domicile\/#primaryimage"},"thumbnailUrl":"https:\/\/preprod.olympic.ca\/olympique\/wp-content\/uploads\/sites\/2\/2013\/10\/2010women1340.jpg?quality=100","keywords":["Canada","Hockey Canada","Marie-Philip Poulin","Vancouver \u00bb"],"articleSection":["Nouvelles de l'equipe"],"inLanguage":"fr-FR","potentialAction":[{"@type":"CommentAction","name":"Comment","target":["https:\/\/preprod.olympic.ca\/olympique\/2013\/10\/06\/devoilement-du-chandail-lor-a-domicile\/#respond"]}]},{"@type":"WebPage","@id":"https:\/\/preprod.olympic.ca\/olympique\/2013\/10\/06\/devoilement-du-chandail-lor-a-domicile\/","url":"https:\/\/preprod.olympic.ca\/olympique\/2013\/10\/06\/devoilement-du-chandail-lor-a-domicile\/","name":"D\u00e9voilement du chandail: L'or \u00e0 domicile - \u00c9quipe Canada | Site officiel de l&#039;\u00e9quipe olympique","isPartOf":{"@id":"https:\/\/preprod.olympic.ca\/olympique\/#website"},"primaryImageOfPage":{"@id":"https:\/\/preprod.olympic.ca\/olympique\/2013\/10\/06\/devoilement-du-chandail-lor-a-domicile\/#primaryimage"},"image":{"@id":"https:\/\/preprod.olympic.ca\/olympique\/2013\/10\/06\/devoilement-du-chandail-lor-a-domicile\/#primaryimage"},"thumbnailUrl":"https:\/\/preprod.olympic.ca\/olympique\/wp-content\/uploads\/sites\/2\/2013\/10\/2010women1340.jpg?quality=100","datePublished":"2013-10-06T18:00:47+00:00","dateModified":"2013-10-07T18:07:37+00:00","author":{"@id":"https:\/\/preprod.olympic.ca\/olympique\/#\/schema\/person\/fcff0d04b3be8cf8db300b91bccb7af4"},"inLanguage":"fr-FR","potentialAction":[{"@type":"ReadAction","target":["https:\/\/preprod.olympic.ca\/olympique\/2013\/10\/06\/devoilement-du-chandail-lor-a-domicile\/"]}]},{"@type":"ImageObject","inLanguage":"fr-FR","@id":"https:\/\/preprod.olympic.ca\/olympique\/2013\/10\/06\/devoilement-du-chandail-lor-a-domicile\/#primaryimage","url":"https:\/\/preprod.olympic.ca\/olympique\/wp-content\/uploads\/sites\/2\/2013\/10\/2010women1340.jpg?quality=100","contentUrl":"https:\/\/preprod.olympic.ca\/olympique\/wp-content\/uploads\/sites\/2\/2013\/10\/2010women1340.jpg?quality=100","width":4672,"height":2629},{"@type":"WebSite","@id":"https:\/\/preprod.olympic.ca\/olympique\/#website","url":"https:\/\/preprod.olympic.ca\/olympique\/","name":"\u00c9quipe Canada | Site officiel de l&#039;\u00e9quipe olympique","description":"Votre source pour l\u2019\u00c9quipe olympique canadienne. Retrouvez les r\u00e9cits, vid\u00e9os et photos des athl\u00e8tes canadiens, sports olympiques, Jeux olympiques de 2020 et bien plus!","potentialAction":[{"@type":"SearchAction","target":{"@type":"EntryPoint","urlTemplate":"https:\/\/preprod.olympic.ca\/olympique\/?s={search_term_string}"},"query-input":{"@type":"PropertyValueSpecification","valueRequired":true,"valueName":"search_term_string"}}],"inLanguage":"fr-FR"},{"@type":"Person","@id":"https:\/\/preprod.olympic.ca\/olympique\/#\/schema\/person\/fcff0d04b3be8cf8db300b91bccb7af4","name":"Steve Boudreau","image":{"@type":"ImageObject","inLanguage":"fr-FR","@id":"https:\/\/secure.gravatar.com\/avatar\/336c6be93b523130336d384227371a495c6bb9057a12c48ad1770e1a6a57006b?s=96&d=identicon&r=geab05ffb592a23c798f7bf61ed1f5f18","url":"https:\/\/secure.gravatar.com\/avatar\/336c6be93b523130336d384227371a495c6bb9057a12c48ad1770e1a6a57006b?s=96&d=identicon&r=g","contentUrl":"https:\/\/secure.gravatar.com\/avatar\/336c6be93b523130336d384227371a495c6bb9057a12c48ad1770e1a6a57006b?s=96&d=identicon&r=g","caption":"Steve Boudreau"},"description":"R\u00e9dacteur, m\u00e9dias sociaux - @Sboudreau","sameAs":["http:\/\/sboudreau49.wordpress.com"],"url":"https:\/\/preprod.olympic.ca\/olympique\/author\/sboudreau2013\/"}]}},"jetpack_featured_media_url":"https:\/\/preprod.olympic.ca\/olympique\/wp-content\/uploads\/sites\/2\/2013\/10\/2010women1340.jpg?quality=100","featured_image_url":"https:\/\/preprod.olympic.ca\/olympique\/wp-content\/uploads\/sites\/2\/2013\/10\/2010women1340.jpg?quality=100","author_name":["Steve Boudreau"],"category_names":["Nouvelles de l'equipe"],"tag_names":["Canada","Hockey Canada","Marie-Philip Poulin","Vancouver \u00bb"],"video_embed_code":"","facebook_video_embed_code":"","jetpack_sharing_enabled":true,"jetpack-related-posts":[],"jetpack_shortlink":"https:\/\/wp.me\/pcGHcP-mqj","_links":{"self":[{"href":"https:\/\/preprod.olympic.ca\/olympique\/wp-json\/wp\/v2\/posts\/86199","targetHints":{"allow":["GET"]}}],"collection":[{"href":"https:\/\/preprod.olympic.ca\/olympique\/wp-json\/wp\/v2\/posts"}],"about":[{"href":"https:\/\/preprod.olympic.ca\/olympique\/wp-json\/wp\/v2\/types\/post"}],"author":[{"embeddable":true,"href":"https:\/\/preprod.olympic.ca\/olympique\/wp-json\/wp\/v2\/users\/55751844"}],"replies":[{"embeddable":true,"href":"https:\/\/preprod.olympic.ca\/olympique\/wp-json\/wp\/v2\/comments?post=86199"}],"version-history":[{"count":11,"href":"https:\/\/preprod.olympic.ca\/olympique\/wp-json\/wp\/v2\/posts\/86199\/revisions"}],"predecessor-version":[{"id":86234,"href":"https:\/\/preprod.olympic.ca\/olympique\/wp-json\/wp\/v2\/posts\/86199\/revisions\/86234"}],"wp:featuredmedia":[{"embeddable":true,"href":"https:\/\/preprod.olympic.ca\/olympique\/wp-json\/wp\/v2\/media\/86231"}],"wp:attachment":[{"href":"https:\/\/preprod.olympic.ca\/olympique\/wp-json\/wp\/v2\/media?parent=86199"}],"wp:term":[{"taxonomy":"category","embeddable":true,"href":"https:\/\/preprod.olympic.ca\/olympique\/wp-json\/wp\/v2\/categories?post=86199"},{"taxonomy":"post_tag","embeddable":true,"href":"https:\/\/preprod.olympic.ca\/olympique\/wp-json\/wp\/v2\/tags?post=86199"},{"taxonomy":"post_format","embeddable":true,"href":"https:\/\/preprod.olympic.ca\/olympique\/wp-json\/wp\/v2\/post_format?post=86199"},{"taxonomy":"sport","embeddable":true,"href":"https:\/\/preprod.olympic.ca\/olympique\/wp-json\/wp\/v2\/sport?post=86199"},{"taxonomy":"game","embeddable":true,"href":"https:\/\/preprod.olympic.ca\/olympique\/wp-json\/wp\/v2\/game?post=86199"},{"taxonomy":"author","embeddable":true,"href":"https:\/\/preprod.olympic.ca\/olympique\/wp-json\/wp\/v2\/coauthors?post=86199"}],"curies":[{"name":"wp","href":"https:\/\/api.w.org\/{rel}","templated":true}]}}