{"id":86535,"date":"2013-10-12T16:12:07","date_gmt":"2013-10-12T20:12:07","guid":{"rendered":"http:\/\/olympique.ca\/?p=86535"},"modified":"2013-10-22T12:17:47","modified_gmt":"2013-10-22T16:17:47","slug":"5-olympiennes-nous-rappellent-limportance-de-la-journeedelafille","status":"publish","type":"post","link":"https:\/\/preprod.olympic.ca\/olympique\/2013\/10\/12\/5-olympiennes-nous-rappellent-limportance-de-la-journeedelafille\/","title":{"rendered":"5 olympiennes nous rappellent l\u2019importance de la #Journ\u00e9eDeLaFille"},"content":{"rendered":"<p>Nous menons tous une vie tr\u00e8s occup\u00e9e. Mais\u2026 qui a dit que c\u2019\u00e9tait une mauvaise chose? Bon nombre d\u2019entre nous sont curieux et travaillants en plus d\u2019avoir un horaire charg\u00e9.<\/p>\n<p>Quand j\u2019\u00e9cris \u00e0 propos de \u00ab\u00a0nous\u00a0\u00bb, je veux dire chacun d\u2019entre nous. Les hommes et les femmes. Nous nous identifions parfois \u00e0 des groupes pour simplifier les choses\u00a0: les athl\u00e8tes, les entra\u00eeneurs, les professionnels, les familles. Mais nous ne faisons jamais de distinction entre les sexes parce que \u00e7a n\u2019a pas vraiment d\u2019importance ici.<\/p>\n<p>Au Canada, nous sommes terriblement chanceux.<\/p>\n<p>Nous soulignons aujourd\u2019hui la Journ\u00e9e internationale de la fille parce que la r\u00e9alit\u00e9 est toujours horrible pour bien des jeunes filles de partout dans le monde.<\/p>\n<p>Selon les Nations Unies, \u00ab\u00a0dans beaucoup de pays, les filles n\u2019ont toujours pas la possibilit\u00e9 d\u2019aller \u00e0 l\u2019\u00e9cole et d\u2019achever leur scolarit\u00e9 du fait de probl\u00e8mes de s\u00e9curit\u00e9 ou d\u2019obstacles d\u2019ordre financier, institutionnel et culturel.\u00a0\u00bb<\/p>\n<p>C\u2019est une situation inconcevable au Canada. Nos filles peuvent \u00e9tudier ce qu\u2019elles veulent et aussi concourir dans les plus hautes sph\u00e8res.<\/p>\n<p><span class=\"embed-youtube\" style=\"text-align:center; display: block;\"><iframe loading=\"lazy\" class=\"youtube-player\" width=\"1360\" height=\"765\" src=\"https:\/\/www.youtube.com\/embed\/UldJlmrVWxQ?version=3&#038;rel=1&#038;showsearch=0&#038;showinfo=1&#038;iv_load_policy=1&#038;fs=1&#038;hl=fr-FR&#038;autohide=2&#038;wmode=transparent\" allowfullscreen=\"true\" style=\"border:0;\" sandbox=\"allow-scripts allow-same-origin allow-popups allow-presentation allow-popups-to-escape-sandbox\"><\/iframe><\/span><\/p>\n<p>Voici cinq exemples d\u2019olympiennes du Canada qui sont la preuve que le droit d\u2019apprendre et de jouer permet de d\u00e9velopper des femmes de t\u00eate fortes et influentes.<\/p>\n<p>Pour en apprendre davantage sur la Journ\u00e9e internationale de la fille\u00a0cliquez ici.<\/p>\n<p><strong>Hayley Wickenheiser<\/strong><\/p>\n<p>L\u00e9gende du hockey canadien, <a title=\"Hayley Wickenheiser\" href=\"http:\/\/olympique.ca\/team-canada\/hayley-wickenheiser\/\">Hayley Wickenheiser<\/a> a ajout\u00e9 une victoire au Championnat de la SIC aux trois m\u00e9dailles d\u2019or de sa collection olympique. Elle a \u00e9t\u00e9 nomm\u00e9e joueuse de l\u2019ann\u00e9e en 2011 alors qu\u2019elle \u00e9tudiait\u00a0la kin\u00e9siologie \u00e0 l\u2019universit\u00e9 de Calgary.<\/p>\n<div class=\"embed-twitter\">\n<blockquote class=\"twitter-tweet\" width=\"550\">\n<p>Oct. 11 is International Day of the Girl Child &#8211; remember the rights that all girls have around the globe&#8211;this&#8230; <a href=\"http:\/\/t.co\/j0K0KE5VMn\">http:\/\/t.co\/j0K0KE5VMn<\/a><\/p>\n<p>&mdash; Hayley Wickenheiser (@wick_22) <a href=\"https:\/\/twitter.com\/wick_22\/status\/388420622348324864\">October 10, 2013<\/a><\/p><\/blockquote>\n<p><script async src=\"\/\/platform.twitter.com\/widgets.js\" charset=\"utf-8\"><\/script><\/div>\n<p><strong>Christine Sinclair<\/strong><\/p>\n<p>Avant d\u2019aider le Canada \u00e0 remporter une m\u00e9daille de bronze olympique, <a title=\"Christine Sinclair\" href=\"http:\/\/olympique.ca\/team-canada\/christine-sinclair\/\">Christine Sinclair<\/a> a fait sa marque \u00e0 l\u2019universit\u00e9 de Portland. Elle est la meilleure marqueuse de tous les temps de la division 1 avec 39 buts et en 2005-06, elle a remport\u00e9 la Coupe Honda-Broderick de la meilleure joueuse universitaire de l\u2019ann\u00e9e. Une fiche impressionnante.<\/p>\n<p><strong>Annamay Pierse<\/strong><\/p>\n<p>Derni\u00e8re Canadienne \u00e0 avoir inscrit un record du monde en natation, l\u2019olympienne des Jeux de 2008 et m\u00e9daill\u00e9e des Championnats du monde de 2009 <a title=\"Annamay Pierse\" href=\"http:\/\/olympique.ca\/team-canada\/annamay-pierse\/\">Annamay Pierse<\/a> a commenc\u00e9 \u00e0 faire sa marque sur la sc\u00e8ne internationale avec les Thunderbirds de l\u2019universit\u00e9 de la Colombie-Britannique. Elle a \u00e9t\u00e9 nomm\u00e9e nageuse de l\u2019ann\u00e9e du SIC pendant deux ann\u00e9es cons\u00e9cutives en 2008 et en 2009.<\/p>\n<p><strong>Kim Smith<\/strong><\/p>\n<p>Fortement impliqu\u00e9e dans la renaissance du programme canadien de basketball, <a title=\"Kim Smith\" href=\"http:\/\/olympique.ca\/team-canada\/kim-smith\/\">Kim Smith<\/a> est membre de l\u2019\u00e9quipe qui s\u2019est rendue jusqu\u2019en quart de finale aux Jeux de 2012 \u00e0 Londres. Auparavant, elle jouait pour l\u2019\u00e9quipe de l\u2019universit\u00e9 du Utah et a \u00e9t\u00e9 nomm\u00e9e joueuse de l\u2019ann\u00e9e de la Mountain West Conference de 2003 \u00e0 2006. L\u2019\u00e9quipe des Utes a retir\u00e9 son chandail, le no\u00a04.<\/p>\n<p><strong>Brianne Theisen-Eaton<\/strong><\/p>\n<p><a title=\"Brianne Theisen-Eaton\" href=\"http:\/\/olympique.ca\/team-canada\/brianne-theisen\/\">Brianne<\/a> a domin\u00e9 la sc\u00e8ne multisport de la NCAA pendant presque toute sa carri\u00e8re \u00e0 l\u2019universit\u00e9 de l\u2019Oregon. Elle a d\u00e9croch\u00e9 trois titres de la NCAA en heptathlon et trois titres en pentathlon aux Championnats en salle de la NCAA. Pour couronner le tout, Brianne a remport\u00e9 la m\u00e9daille d\u2019argent de l\u2019heptathlon aux Championnats du monde 2013.<\/p>\n<h2>#Journ\u00e9eDeLaFille: Cinq athl\u00e8tes olympiques qui \u00ab<i>Rock\u00bb<\/i><\/h2>\n<div class=\"tiled-gallery type-rectangular tiled-gallery-unresized\" data-original-width=\"1360\" data-carousel-extra='null' itemscope itemtype=\"http:\/\/schema.org\/ImageGallery\" > <div class=\"gallery-row\" style=\"width: 1360px; height: 390px;\" data-original-width=\"1360\" data-original-height=\"390\" > <div class=\"gallery-group images-1\" style=\"width: 390px; height: 390px;\" data-original-width=\"390\" data-original-height=\"390\" > <div class=\"tiled-gallery-item tiled-gallery-item-large\" itemprop=\"associatedMedia\" itemscope itemtype=\"http:\/\/schema.org\/ImageObject\"> <a href=\"https:\/\/preprod.olympic.ca\/olympique\/2013\/10\/12\/5-olympiennes-nous-rappellent-limportance-de-la-journeedelafille\/ubc-cis-swim\/#main\" border=\"0\" itemprop=\"url\"> <meta itemprop=\"width\" content=\"386\"> <meta itemprop=\"height\" content=\"386\"> <img decoding=\"async\" data-recalc-dims=\"1\" class=\"\" data-attachment-id=\"86540\" data-orig-file=\"https:\/\/preprod.olympic.ca\/olympique\/wp-content\/uploads\/sites\/2\/2013\/10\/pierseubc.jpg?quality=100\" data-orig-size=\"2400,2400\" data-comments-opened=\"1\" data-image-meta=\"{&quot;aperture&quot;:&quot;3.2&quot;,&quot;credit&quot;:&quot;RICHARD LAM&quot;,&quot;camera&quot;:&quot;NIKON D3&quot;,&quot;caption&quot;:&quot;UBC Thunderbirds Annamay Pierse celebrates after setting a new Canadian record while winning the 100M Breaststroke during CIS National Swim Championsips at UBC. (Richard Lam\\\/UBC Athletics)\\n\\nMANDATORY CREDIT&quot;,&quot;created_timestamp&quot;:&quot;1235068773&quot;,&quot;copyright&quot;:&quot;&quot;,&quot;focal_length&quot;:&quot;300&quot;,&quot;iso&quot;:&quot;6400&quot;,&quot;shutter_speed&quot;:&quot;0.002&quot;,&quot;title&quot;:&quot;UBC CIS SWIM&quot;}\" data-image-title=\"UBC CIS SWIM\" data-image-description=\"&lt;p&gt;UBC Thunderbirds Annamay Pierse celebrates after setting a new Canadian record while winning the 100M Breaststroke during CIS National Swim Championsips at UBC. (Richard Lam\/UBC Athletics)&lt;\/p&gt; &lt;p&gt;MANDATORY CREDIT&lt;\/p&gt; \" data-medium-file=\"https:\/\/preprod.olympic.ca\/olympique\/wp-content\/uploads\/sites\/2\/2013\/10\/pierseubc.jpg?quality=100&#038;w=371\" data-large-file=\"https:\/\/preprod.olympic.ca\/olympique\/wp-content\/uploads\/sites\/2\/2013\/10\/pierseubc.jpg?quality=100&#038;w=754\" src=\"https:\/\/preprod.olympic.ca\/olympique\/wp-content\/uploads\/sites\/2\/2013\/10\/pierseubc.jpg?quality=100&#038;w=386&#038;h=386&#038;crop=1&#038;strip&#038;resize=386%2C386\" srcset=\"https:\/\/preprod.olympic.ca\/olympique\/wp-content\/uploads\/sites\/2\/2013\/10\/pierseubc.jpg 2400w, https:\/\/preprod.olympic.ca\/olympique\/wp-content\/uploads\/sites\/2\/2013\/10\/pierseubc.jpg?resize=158,158 158w, https:\/\/preprod.olympic.ca\/olympique\/wp-content\/uploads\/sites\/2\/2013\/10\/pierseubc.jpg?resize=371,371 371w, https:\/\/preprod.olympic.ca\/olympique\/wp-content\/uploads\/sites\/2\/2013\/10\/pierseubc.jpg?resize=768,768 768w, https:\/\/preprod.olympic.ca\/olympique\/wp-content\/uploads\/sites\/2\/2013\/10\/pierseubc.jpg?resize=754,754 754w, https:\/\/preprod.olympic.ca\/olympique\/wp-content\/uploads\/sites\/2\/2013\/10\/pierseubc.jpg?resize=1536,1536 1536w, https:\/\/preprod.olympic.ca\/olympique\/wp-content\/uploads\/sites\/2\/2013\/10\/pierseubc.jpg?resize=2048,2048 2048w\" width=\"386\" height=\"386\" loading=\"lazy\" data-original-width=\"386\" data-original-height=\"386\" itemprop=\"http:\/\/schema.org\/image\" title=\"UBC CIS SWIM\" alt=\"Annamay Pierse PHOTO: Rich Lam UBC Thunderbirds\" style=\"width: 386px; height: 386px;\" \/> <\/a> <div class=\"tiled-gallery-caption\" itemprop=\"caption description\"> Annamay Pierse PHOTO: Rich Lam UBC Thunderbirds <\/div> <\/div> <\/div> <!-- close group --> <div class=\"gallery-group images-1\" style=\"width: 279px; height: 390px;\" data-original-width=\"279\" data-original-height=\"390\" > <div class=\"tiled-gallery-item tiled-gallery-item-large\" itemprop=\"associatedMedia\" itemscope itemtype=\"http:\/\/schema.org\/ImageObject\"> <a href=\"https:\/\/preprod.olympic.ca\/olympique\/2013\/10\/12\/5-olympiennes-nous-rappellent-limportance-de-la-journeedelafille\/kim-smith-jenaya-wade-fray\/#main\" border=\"0\" itemprop=\"url\"> <meta itemprop=\"width\" content=\"275\"> <meta itemprop=\"height\" content=\"386\"> <img decoding=\"async\" data-recalc-dims=\"1\" class=\"\" data-attachment-id=\"86539\" data-orig-file=\"https:\/\/preprod.olympic.ca\/olympique\/wp-content\/uploads\/sites\/2\/2013\/10\/kimsmithlondon.jpg?quality=100\" data-orig-size=\"2000,2815\" data-comments-opened=\"1\" data-image-meta=\"{&quot;aperture&quot;:&quot;3.5&quot;,&quot;credit&quot;:&quot;Frank Gunn&quot;,&quot;camera&quot;:&quot;Canon EOS-1D X&quot;,&quot;caption&quot;:&quot;Canada guard Kim Smith (8) shoots over Great Britain guard Jenaya Wade-Fray (right) during first half basketball action at the Olympic Games in London on Monday July 30, 2012. THE CANADIAN PRESS\\\/Frank Gunn&quot;,&quot;created_timestamp&quot;:&quot;1343662033&quot;,&quot;copyright&quot;:&quot;&quot;,&quot;focal_length&quot;:&quot;165&quot;,&quot;iso&quot;:&quot;1600&quot;,&quot;shutter_speed&quot;:&quot;0.00125&quot;,&quot;title&quot;:&quot;Kim Smith; Jenaya Wade-Fray&quot;}\" data-image-title=\"Kim Smith; Jenaya Wade-Fray\" data-image-description=\"&lt;p&gt;Canada guard Kim Smith (8) shoots over Great Britain guard Jenaya Wade-Fray (right) during first half basketball action at the Olympic Games in London on Monday July 30, 2012. THE CANADIAN PRESS\/Frank Gunn&lt;\/p&gt; \" data-medium-file=\"https:\/\/preprod.olympic.ca\/olympique\/wp-content\/uploads\/sites\/2\/2013\/10\/kimsmithlondon.jpg?quality=100&#038;w=264\" data-large-file=\"https:\/\/preprod.olympic.ca\/olympique\/wp-content\/uploads\/sites\/2\/2013\/10\/kimsmithlondon.jpg?quality=100&#038;w=536\" src=\"https:\/\/preprod.olympic.ca\/olympique\/wp-content\/uploads\/sites\/2\/2013\/10\/kimsmithlondon.jpg?quality=100&#038;w=275&#038;h=386&#038;strip&#038;resize=275%2C386\" srcset=\"https:\/\/preprod.olympic.ca\/olympique\/wp-content\/uploads\/sites\/2\/2013\/10\/kimsmithlondon.jpg 2000w, https:\/\/preprod.olympic.ca\/olympique\/wp-content\/uploads\/sites\/2\/2013\/10\/kimsmithlondon.jpg?resize=112,158 112w, https:\/\/preprod.olympic.ca\/olympique\/wp-content\/uploads\/sites\/2\/2013\/10\/kimsmithlondon.jpg?resize=264,371 264w, https:\/\/preprod.olympic.ca\/olympique\/wp-content\/uploads\/sites\/2\/2013\/10\/kimsmithlondon.jpg?resize=768,1081 768w, https:\/\/preprod.olympic.ca\/olympique\/wp-content\/uploads\/sites\/2\/2013\/10\/kimsmithlondon.jpg?resize=536,754 536w, https:\/\/preprod.olympic.ca\/olympique\/wp-content\/uploads\/sites\/2\/2013\/10\/kimsmithlondon.jpg?resize=1091,1536 1091w, https:\/\/preprod.olympic.ca\/olympique\/wp-content\/uploads\/sites\/2\/2013\/10\/kimsmithlondon.jpg?resize=1455,2048 1455w\" width=\"275\" height=\"386\" loading=\"lazy\" data-original-width=\"275\" data-original-height=\"386\" itemprop=\"http:\/\/schema.org\/image\" title=\"Kim Smith; Jenaya Wade-Fray\" alt=\"Kim Smith\" style=\"width: 275px; height: 386px;\" \/> <\/a> <div class=\"tiled-gallery-caption\" itemprop=\"caption description\"> Kim Smith <\/div> <\/div> <\/div> <!-- close group --> <div class=\"gallery-group images-1\" style=\"width: 691px; height: 390px;\" data-original-width=\"691\" data-original-height=\"390\" > <div class=\"tiled-gallery-item tiled-gallery-item-large\" itemprop=\"associatedMedia\" itemscope itemtype=\"http:\/\/schema.org\/ImageObject\"> <a href=\"https:\/\/preprod.olympic.ca\/olympique\/2013\/10\/12\/5-olympiennes-nous-rappellent-limportance-de-la-journeedelafille\/christine-sinclair-11\/#main\" border=\"0\" itemprop=\"url\"> <meta itemprop=\"width\" content=\"687\"> <meta itemprop=\"height\" content=\"386\"> <img decoding=\"async\" data-recalc-dims=\"1\" class=\"\" data-attachment-id=\"86541\" data-orig-file=\"https:\/\/preprod.olympic.ca\/olympique\/wp-content\/uploads\/sites\/2\/2013\/10\/sinclair.jpg?quality=100\" data-orig-size=\"4000,2250\" data-comments-opened=\"1\" data-image-meta=\"{&quot;aperture&quot;:&quot;1.4&quot;,&quot;credit&quot;:&quot;JONATHAN HAYWARD&quot;,&quot;camera&quot;:&quot;NIKON D800&quot;,&quot;caption&quot;:&quot;Canadian National Soccer team member Christine Sinclair poses for a photo in Richmond, B.C., on Tuesday, December, 18, 2012. Sinclair says it was \\u0022no big deal\\u0022 to miss a couple of soccer games in January and February as she prepares for her return to team Canada. THE CANADIAN PRESS\\\/Jonathan Hayward&quot;,&quot;created_timestamp&quot;:&quot;1355835431&quot;,&quot;copyright&quot;:&quot;THE CANADIAN PRESS&quot;,&quot;focal_length&quot;:&quot;50&quot;,&quot;iso&quot;:&quot;100&quot;,&quot;shutter_speed&quot;:&quot;0.005&quot;,&quot;title&quot;:&quot;Christine Sinclair&quot;}\" data-image-title=\"Christine Sinclair\" data-image-description=\"&lt;p&gt;Canadian National Soccer team member Christine Sinclair poses for a photo in Richmond, B.C., on Tuesday, December, 18, 2012. Sinclair says it was \u00ab\u00a0no big deal\u00a0\u00bb to miss a couple of soccer games in January and February as she prepares for her return to team Canada. THE CANADIAN PRESS\/Jonathan Hayward&lt;\/p&gt; \" data-medium-file=\"https:\/\/preprod.olympic.ca\/olympique\/wp-content\/uploads\/sites\/2\/2013\/10\/sinclair.jpg?quality=100&#038;w=660\" data-large-file=\"https:\/\/preprod.olympic.ca\/olympique\/wp-content\/uploads\/sites\/2\/2013\/10\/sinclair.jpg?quality=100&#038;w=1340\" src=\"https:\/\/preprod.olympic.ca\/olympique\/wp-content\/uploads\/sites\/2\/2013\/10\/sinclair.jpg?quality=100&#038;w=687&#038;h=386&#038;strip&#038;resize=687%2C386\" srcset=\"https:\/\/preprod.olympic.ca\/olympique\/wp-content\/uploads\/sites\/2\/2013\/10\/sinclair.jpg 4000w, https:\/\/preprod.olympic.ca\/olympique\/wp-content\/uploads\/sites\/2\/2013\/10\/sinclair.jpg?resize=280,158 280w, https:\/\/preprod.olympic.ca\/olympique\/wp-content\/uploads\/sites\/2\/2013\/10\/sinclair.jpg?resize=660,371 660w, https:\/\/preprod.olympic.ca\/olympique\/wp-content\/uploads\/sites\/2\/2013\/10\/sinclair.jpg?resize=768,432 768w, https:\/\/preprod.olympic.ca\/olympique\/wp-content\/uploads\/sites\/2\/2013\/10\/sinclair.jpg?resize=1340,754 1340w, https:\/\/preprod.olympic.ca\/olympique\/wp-content\/uploads\/sites\/2\/2013\/10\/sinclair.jpg?resize=1536,864 1536w, https:\/\/preprod.olympic.ca\/olympique\/wp-content\/uploads\/sites\/2\/2013\/10\/sinclair.jpg?resize=2048,1152 2048w\" width=\"687\" height=\"386\" loading=\"lazy\" data-original-width=\"687\" data-original-height=\"386\" itemprop=\"http:\/\/schema.org\/image\" title=\"Christine Sinclair\" alt=\"Christine Sinclair\" style=\"width: 687px; height: 386px;\" \/> <\/a> <div class=\"tiled-gallery-caption\" itemprop=\"caption description\"> Christine Sinclair <\/div> <\/div> <\/div> <!-- close group --> <\/div> <!-- close row --> <div class=\"gallery-row\" style=\"width: 1360px; height: 622px;\" data-original-width=\"1360\" data-original-height=\"622\" > <div class=\"gallery-group images-1\" style=\"width: 622px; height: 622px;\" data-original-width=\"622\" data-original-height=\"622\" > <div class=\"tiled-gallery-item tiled-gallery-item-large\" itemprop=\"associatedMedia\" itemscope itemtype=\"http:\/\/schema.org\/ImageObject\"> <a href=\"https:\/\/preprod.olympic.ca\/olympique\/2013\/10\/12\/5-olympiennes-nous-rappellent-limportance-de-la-journeedelafille\/brianne-theisen-3\/#main\" border=\"0\" itemprop=\"url\"> <meta itemprop=\"width\" content=\"618\"> <meta itemprop=\"height\" content=\"618\"> <img decoding=\"async\" data-recalc-dims=\"1\" class=\"\" data-attachment-id=\"86538\" data-orig-file=\"https:\/\/preprod.olympic.ca\/olympique\/wp-content\/uploads\/sites\/2\/2013\/10\/bte.jpg?quality=100\" data-orig-size=\"1774,1774\" data-comments-opened=\"1\" data-image-meta=\"{&quot;aperture&quot;:&quot;4&quot;,&quot;credit&quot;:&quot;Andrew Vaughan&quot;,&quot;camera&quot;:&quot;NIKON D4&quot;,&quot;caption&quot;:&quot;Brianne Theisen from Humboldt, Sask. throws the javelin as she competes in the women\\u0027s heptathlon at the Canadian Track and Field championships in Moncton, N.B. on Saturday, June 22, 2013.. THE CANADIAN PRESS\\\/Andrew Vaughan&quot;,&quot;created_timestamp&quot;:&quot;1371914277&quot;,&quot;copyright&quot;:&quot;&quot;,&quot;focal_length&quot;:&quot;400&quot;,&quot;iso&quot;:&quot;200&quot;,&quot;shutter_speed&quot;:&quot;0.000625&quot;,&quot;title&quot;:&quot;Brianne Theisen&quot;}\" data-image-title=\"Brianne Theisen\" data-image-description=\"&lt;p&gt;Brianne Theisen from Humboldt, Sask. throws the javelin as she competes in the women&amp;rsquo;s heptathlon at the Canadian Track and Field championships in Moncton, N.B. on Saturday, June 22, 2013.. THE CANADIAN PRESS\/Andrew Vaughan&lt;\/p&gt; \" data-medium-file=\"https:\/\/preprod.olympic.ca\/olympique\/wp-content\/uploads\/sites\/2\/2013\/10\/bte.jpg?quality=100&#038;w=371\" data-large-file=\"https:\/\/preprod.olympic.ca\/olympique\/wp-content\/uploads\/sites\/2\/2013\/10\/bte.jpg?quality=100&#038;w=754\" src=\"https:\/\/preprod.olympic.ca\/olympique\/wp-content\/uploads\/sites\/2\/2013\/10\/bte.jpg?quality=100&#038;w=618&#038;h=618&#038;crop=1&#038;strip&#038;resize=618%2C618\" srcset=\"https:\/\/preprod.olympic.ca\/olympique\/wp-content\/uploads\/sites\/2\/2013\/10\/bte.jpg 1774w, https:\/\/preprod.olympic.ca\/olympique\/wp-content\/uploads\/sites\/2\/2013\/10\/bte.jpg?resize=158,158 158w, https:\/\/preprod.olympic.ca\/olympique\/wp-content\/uploads\/sites\/2\/2013\/10\/bte.jpg?resize=371,371 371w, https:\/\/preprod.olympic.ca\/olympique\/wp-content\/uploads\/sites\/2\/2013\/10\/bte.jpg?resize=768,768 768w, https:\/\/preprod.olympic.ca\/olympique\/wp-content\/uploads\/sites\/2\/2013\/10\/bte.jpg?resize=754,754 754w, https:\/\/preprod.olympic.ca\/olympique\/wp-content\/uploads\/sites\/2\/2013\/10\/bte.jpg?resize=1536,1536 1536w\" width=\"618\" height=\"618\" loading=\"lazy\" data-original-width=\"618\" data-original-height=\"618\" itemprop=\"http:\/\/schema.org\/image\" title=\"Brianne Theisen\" alt=\"Brianne Theisen-Eaton\" style=\"width: 618px; height: 618px;\" \/> <\/a> <div class=\"tiled-gallery-caption\" itemprop=\"caption description\"> Brianne Theisen-Eaton <\/div> <\/div> <\/div> <!-- close group --> <div class=\"gallery-group images-1\" style=\"width: 738px; height: 622px;\" data-original-width=\"738\" data-original-height=\"622\" > <div class=\"tiled-gallery-item tiled-gallery-item-large\" itemprop=\"associatedMedia\" itemscope itemtype=\"http:\/\/schema.org\/ImageObject\"> <a href=\"https:\/\/preprod.olympic.ca\/olympique\/2013\/03\/08\/les-olympiennes-canadiennes-mettent-le-feu-aux-poudres\/womens_hockey_2_r-2\/#main\" border=\"0\" itemprop=\"url\"> <meta itemprop=\"width\" content=\"734\"> <meta itemprop=\"height\" content=\"618\"> <img decoding=\"async\" data-recalc-dims=\"1\" class=\"\" data-attachment-id=\"50311\" data-orig-file=\"https:\/\/preprod.olympic.ca\/olympique\/wp-content\/uploads\/sites\/2\/2013\/03\/womens_hockey_2_r16.jpg?quality=100\" data-orig-size=\"1000,842\" data-comments-opened=\"1\" data-image-meta=\"{&quot;aperture&quot;:&quot;0&quot;,&quot;credit&quot;:&quot;&quot;,&quot;camera&quot;:&quot;&quot;,&quot;caption&quot;:&quot;&quot;,&quot;created_timestamp&quot;:&quot;0&quot;,&quot;copyright&quot;:&quot;&quot;,&quot;focal_length&quot;:&quot;0&quot;,&quot;iso&quot;:&quot;0&quot;,&quot;shutter_speed&quot;:&quot;0&quot;,&quot;title&quot;:&quot;&quot;}\" data-image-title=\"Hayley Wickenheiser\" data-image-description=\"\" data-medium-file=\"https:\/\/preprod.olympic.ca\/olympique\/wp-content\/uploads\/sites\/2\/2013\/03\/womens_hockey_2_r16.jpg?quality=100&#038;w=441\" data-large-file=\"https:\/\/preprod.olympic.ca\/olympique\/wp-content\/uploads\/sites\/2\/2013\/03\/womens_hockey_2_r16.jpg?quality=100&#038;w=895\" src=\"https:\/\/preprod.olympic.ca\/olympique\/wp-content\/uploads\/sites\/2\/2013\/03\/womens_hockey_2_r16.jpg?quality=100&#038;w=734&#038;h=618&#038;strip&#038;resize=734%2C618\" srcset=\"https:\/\/preprod.olympic.ca\/olympique\/wp-content\/uploads\/sites\/2\/2013\/03\/womens_hockey_2_r16.jpg 1000w, https:\/\/preprod.olympic.ca\/olympique\/wp-content\/uploads\/sites\/2\/2013\/03\/womens_hockey_2_r16.jpg?resize=188,158 188w, https:\/\/preprod.olympic.ca\/olympique\/wp-content\/uploads\/sites\/2\/2013\/03\/womens_hockey_2_r16.jpg?resize=441,371 441w, https:\/\/preprod.olympic.ca\/olympique\/wp-content\/uploads\/sites\/2\/2013\/03\/womens_hockey_2_r16.jpg?resize=768,647 768w, https:\/\/preprod.olympic.ca\/olympique\/wp-content\/uploads\/sites\/2\/2013\/03\/womens_hockey_2_r16.jpg?resize=895,754 895w\" width=\"734\" height=\"618\" loading=\"lazy\" data-original-width=\"734\" data-original-height=\"618\" itemprop=\"http:\/\/schema.org\/image\" title=\"Hayley Wickenheiser\" alt=\"Photo : La Presse Canadienne\" style=\"width: 734px; height: 618px;\" \/> <\/a> <div class=\"tiled-gallery-caption\" itemprop=\"caption description\"> Hayley Wickenheiser <\/div> <\/div> <\/div> <!-- close group --> <\/div> <!-- close row --> <\/div>\n","protected":false},"excerpt":{"rendered":"<p>Nous menons tous une vie tr\u00e8s occup\u00e9e. Mais\u2026 qui a dit que c\u2019\u00e9tait une mauvaise chose? Bon nombre d\u2019entre nous&#8230;<\/p>\n","protected":false},"author":54400589,"featured_media":86537,"comment_status":"open","ping_status":"open","sticky":false,"template":"","format":"standard","meta":{"_acf_changed":false,"_jetpack_memberships_contains_paid_content":false,"footnotes":""},"categories":[6357361],"tags":[20771926,188034656,11744,2443,891098,10152628,16081,291499,670697,42681],"post_format":"standard","sport":[],"game":[],"coauthors":[192179266],"class_list":["post-86535","post","type-post","status-publish","format-standard","has-post-thumbnail","hentry","category-sur-le-radar","tag-annamay-pierse","tag-brianne-theisen-eaton","tag-calgary","tag-canada","tag-christine-sinclair","tag-hayley-wickenheiser","tag-jeux","tag-kim-smith","tag-mountain-west-conference","tag-ncaa"],"acf":[],"yoast_head":"<!-- This site is optimized with the Yoast SEO plugin v27.3 - https:\/\/yoast.com\/product\/yoast-seo-wordpress\/ -->\n<title>5 olympiennes nous rappellent l\u2019importance de la #Journ\u00e9eDeLaFille - \u00c9quipe Canada | Site officiel de l&#039;\u00e9quipe olympique<\/title>\n<meta name=\"robots\" content=\"index, follow, max-snippet:-1, max-image-preview:large, max-video-preview:-1\" \/>\n<link rel=\"canonical\" href=\"https:\/\/preprod.olympic.ca\/olympique\/2013\/10\/12\/5-olympiennes-nous-rappellent-limportance-de-la-journeedelafille\/\" \/>\n<meta property=\"og:locale\" content=\"fr_FR\" \/>\n<meta property=\"og:type\" content=\"article\" \/>\n<meta property=\"og:title\" content=\"5 olympiennes nous rappellent l\u2019importance de la #Journ\u00e9eDeLaFille - \u00c9quipe Canada | Site officiel de l&#039;\u00e9quipe olympique\" \/>\n<meta property=\"og:description\" content=\"Nous menons tous une vie tr\u00e8s occup\u00e9e. Mais\u2026 qui a dit que c\u2019\u00e9tait une mauvaise chose? Bon nombre d\u2019entre nous...\" \/>\n<meta property=\"og:url\" content=\"https:\/\/preprod.olympic.ca\/olympique\/2013\/10\/12\/5-olympiennes-nous-rappellent-limportance-de-la-journeedelafille\/\" \/>\n<meta property=\"og:site_name\" content=\"\u00c9quipe Canada | Site officiel de l&#039;\u00e9quipe olympique\" \/>\n<meta property=\"article:published_time\" content=\"2013-10-12T20:12:07+00:00\" \/>\n<meta property=\"article:modified_time\" content=\"2013-10-22T16:17:47+00:00\" \/>\n<meta property=\"og:image\" content=\"https:\/\/preprod.olympic.ca\/olympique\/wp-content\/uploads\/sites\/2\/2013\/10\/sinclair1340.jpg?quality=100\" \/>\n\t<meta property=\"og:image:width\" content=\"1400\" \/>\n\t<meta property=\"og:image:height\" content=\"788\" \/>\n\t<meta property=\"og:image:type\" content=\"image\/jpeg\" \/>\n<meta name=\"author\" content=\"Callum Ng\" \/>\n<meta name=\"twitter:card\" content=\"summary_large_image\" \/>\n<meta name=\"twitter:label1\" content=\"Written by\" \/>\n\t<meta name=\"twitter:data1\" content=\"Callum Ng\" \/>\n\t<meta name=\"twitter:label2\" content=\"Est. reading time\" \/>\n\t<meta name=\"twitter:data2\" content=\"3 minutes\" \/>\n<script type=\"application\/ld+json\" class=\"yoast-schema-graph\">{\"@context\":\"https:\\\/\\\/schema.org\",\"@graph\":[{\"@type\":\"Article\",\"@id\":\"https:\\\/\\\/preprod.olympic.ca\\\/olympique\\\/2013\\\/10\\\/12\\\/5-olympiennes-nous-rappellent-limportance-de-la-journeedelafille\\\/#article\",\"isPartOf\":{\"@id\":\"https:\\\/\\\/preprod.olympic.ca\\\/olympique\\\/2013\\\/10\\\/12\\\/5-olympiennes-nous-rappellent-limportance-de-la-journeedelafille\\\/\"},\"author\":{\"name\":\"Callum Ng, Senior Writer \\\/ Producer\",\"@id\":\"https:\\\/\\\/preprod.olympic.ca\\\/olympique\\\/#\\\/schema\\\/person\\\/58825b317028c2da2a12a967e0744e89\"},\"headline\":\"5 olympiennes nous rappellent l\u2019importance de la #Journ\u00e9eDeLaFille\",\"datePublished\":\"2013-10-12T20:12:07+00:00\",\"dateModified\":\"2013-10-22T16:17:47+00:00\",\"mainEntityOfPage\":{\"@id\":\"https:\\\/\\\/preprod.olympic.ca\\\/olympique\\\/2013\\\/10\\\/12\\\/5-olympiennes-nous-rappellent-limportance-de-la-journeedelafille\\\/\"},\"wordCount\":585,\"commentCount\":0,\"image\":{\"@id\":\"https:\\\/\\\/preprod.olympic.ca\\\/olympique\\\/2013\\\/10\\\/12\\\/5-olympiennes-nous-rappellent-limportance-de-la-journeedelafille\\\/#primaryimage\"},\"thumbnailUrl\":\"https:\\\/\\\/preprod.olympic.ca\\\/olympique\\\/wp-content\\\/uploads\\\/sites\\\/2\\\/2013\\\/10\\\/sinclair1340.jpg?quality=100\",\"keywords\":[\"Annamay Pierse\",\"Brianne Theisen-Eaton\",\"Calgary\",\"Canada\",\"Christine Sinclair\",\"Hayley Wickenheiser\",\"Jeux\",\"Kim Smith\",\"Mountain West Conference\",\"NCAA\"],\"articleSection\":[\"Sur le radar\"],\"inLanguage\":\"fr-FR\",\"potentialAction\":[{\"@type\":\"CommentAction\",\"name\":\"Comment\",\"target\":[\"https:\\\/\\\/preprod.olympic.ca\\\/olympique\\\/2013\\\/10\\\/12\\\/5-olympiennes-nous-rappellent-limportance-de-la-journeedelafille\\\/#respond\"]}]},{\"@type\":\"WebPage\",\"@id\":\"https:\\\/\\\/preprod.olympic.ca\\\/olympique\\\/2013\\\/10\\\/12\\\/5-olympiennes-nous-rappellent-limportance-de-la-journeedelafille\\\/\",\"url\":\"https:\\\/\\\/preprod.olympic.ca\\\/olympique\\\/2013\\\/10\\\/12\\\/5-olympiennes-nous-rappellent-limportance-de-la-journeedelafille\\\/\",\"name\":\"5 olympiennes nous rappellent l\u2019importance de la #Journ\u00e9eDeLaFille - \u00c9quipe Canada | Site officiel de l&#039;\u00e9quipe olympique\",\"isPartOf\":{\"@id\":\"https:\\\/\\\/preprod.olympic.ca\\\/olympique\\\/#website\"},\"primaryImageOfPage\":{\"@id\":\"https:\\\/\\\/preprod.olympic.ca\\\/olympique\\\/2013\\\/10\\\/12\\\/5-olympiennes-nous-rappellent-limportance-de-la-journeedelafille\\\/#primaryimage\"},\"image\":{\"@id\":\"https:\\\/\\\/preprod.olympic.ca\\\/olympique\\\/2013\\\/10\\\/12\\\/5-olympiennes-nous-rappellent-limportance-de-la-journeedelafille\\\/#primaryimage\"},\"thumbnailUrl\":\"https:\\\/\\\/preprod.olympic.ca\\\/olympique\\\/wp-content\\\/uploads\\\/sites\\\/2\\\/2013\\\/10\\\/sinclair1340.jpg?quality=100\",\"datePublished\":\"2013-10-12T20:12:07+00:00\",\"dateModified\":\"2013-10-22T16:17:47+00:00\",\"author\":{\"@id\":\"https:\\\/\\\/preprod.olympic.ca\\\/olympique\\\/#\\\/schema\\\/person\\\/58825b317028c2da2a12a967e0744e89\"},\"inLanguage\":\"fr-FR\",\"potentialAction\":[{\"@type\":\"ReadAction\",\"target\":[\"https:\\\/\\\/preprod.olympic.ca\\\/olympique\\\/2013\\\/10\\\/12\\\/5-olympiennes-nous-rappellent-limportance-de-la-journeedelafille\\\/\"]}]},{\"@type\":\"ImageObject\",\"inLanguage\":\"fr-FR\",\"@id\":\"https:\\\/\\\/preprod.olympic.ca\\\/olympique\\\/2013\\\/10\\\/12\\\/5-olympiennes-nous-rappellent-limportance-de-la-journeedelafille\\\/#primaryimage\",\"url\":\"https:\\\/\\\/preprod.olympic.ca\\\/olympique\\\/wp-content\\\/uploads\\\/sites\\\/2\\\/2013\\\/10\\\/sinclair1340.jpg?quality=100\",\"contentUrl\":\"https:\\\/\\\/preprod.olympic.ca\\\/olympique\\\/wp-content\\\/uploads\\\/sites\\\/2\\\/2013\\\/10\\\/sinclair1340.jpg?quality=100\",\"width\":1400,\"height\":788},{\"@type\":\"WebSite\",\"@id\":\"https:\\\/\\\/preprod.olympic.ca\\\/olympique\\\/#website\",\"url\":\"https:\\\/\\\/preprod.olympic.ca\\\/olympique\\\/\",\"name\":\"\u00c9quipe Canada | Site officiel de l&#039;\u00e9quipe olympique\",\"description\":\"Votre source pour l\u2019\u00c9quipe olympique canadienne. Retrouvez les r\u00e9cits, vid\u00e9os et photos des athl\u00e8tes canadiens, sports olympiques, Jeux olympiques de 2020 et bien plus!\",\"potentialAction\":[{\"@type\":\"SearchAction\",\"target\":{\"@type\":\"EntryPoint\",\"urlTemplate\":\"https:\\\/\\\/preprod.olympic.ca\\\/olympique\\\/?s={search_term_string}\"},\"query-input\":{\"@type\":\"PropertyValueSpecification\",\"valueRequired\":true,\"valueName\":\"search_term_string\"}}],\"inLanguage\":\"fr-FR\"},{\"@type\":\"Person\",\"@id\":\"https:\\\/\\\/preprod.olympic.ca\\\/olympique\\\/#\\\/schema\\\/person\\\/58825b317028c2da2a12a967e0744e89\",\"name\":\"Callum Ng, Senior Writer \\\/ Producer\",\"image\":{\"@type\":\"ImageObject\",\"inLanguage\":\"fr-FR\",\"@id\":\"https:\\\/\\\/secure.gravatar.com\\\/avatar\\\/a22f4c313660ac5b90d87637200a4a844bcd7c28ab830daacab6728406172e52?s=96&d=identicon&r=gfcb85575972b12bad5bdddd76de5daec\",\"url\":\"https:\\\/\\\/secure.gravatar.com\\\/avatar\\\/a22f4c313660ac5b90d87637200a4a844bcd7c28ab830daacab6728406172e52?s=96&d=identicon&r=g\",\"contentUrl\":\"https:\\\/\\\/secure.gravatar.com\\\/avatar\\\/a22f4c313660ac5b90d87637200a4a844bcd7c28ab830daacab6728406172e52?s=96&d=identicon&r=g\",\"caption\":\"Callum Ng, Senior Writer \\\/ Producer\"},\"description\":\"I tell sport stories. Web, Social, Broadcast. I also like songs and dim sum. Talk to me, I'm friendly. Follow @CallumNg\",\"url\":\"https:\\\/\\\/preprod.olympic.ca\\\/olympique\\\/author\\\/cngolympic\\\/\"}]}<\/script>\n<!-- \/ Yoast SEO plugin. -->","yoast_head_json":{"title":"5 olympiennes nous rappellent l\u2019importance de la #Journ\u00e9eDeLaFille - \u00c9quipe Canada | Site officiel de l&#039;\u00e9quipe olympique","robots":{"index":"index","follow":"follow","max-snippet":"max-snippet:-1","max-image-preview":"max-image-preview:large","max-video-preview":"max-video-preview:-1"},"canonical":"https:\/\/preprod.olympic.ca\/olympique\/2013\/10\/12\/5-olympiennes-nous-rappellent-limportance-de-la-journeedelafille\/","og_locale":"fr_FR","og_type":"article","og_title":"5 olympiennes nous rappellent l\u2019importance de la #Journ\u00e9eDeLaFille - \u00c9quipe Canada | Site officiel de l&#039;\u00e9quipe olympique","og_description":"Nous menons tous une vie tr\u00e8s occup\u00e9e. Mais\u2026 qui a dit que c\u2019\u00e9tait une mauvaise chose? Bon nombre d\u2019entre nous...","og_url":"https:\/\/preprod.olympic.ca\/olympique\/2013\/10\/12\/5-olympiennes-nous-rappellent-limportance-de-la-journeedelafille\/","og_site_name":"\u00c9quipe Canada | Site officiel de l&#039;\u00e9quipe olympique","article_published_time":"2013-10-12T20:12:07+00:00","article_modified_time":"2013-10-22T16:17:47+00:00","og_image":[{"width":1400,"height":788,"url":"https:\/\/preprod.olympic.ca\/olympique\/wp-content\/uploads\/sites\/2\/2013\/10\/sinclair1340.jpg?quality=100","type":"image\/jpeg"}],"author":"Callum Ng","twitter_card":"summary_large_image","twitter_misc":{"Written by":"Callum Ng","Est. reading time":"3 minutes"},"schema":{"@context":"https:\/\/schema.org","@graph":[{"@type":"Article","@id":"https:\/\/preprod.olympic.ca\/olympique\/2013\/10\/12\/5-olympiennes-nous-rappellent-limportance-de-la-journeedelafille\/#article","isPartOf":{"@id":"https:\/\/preprod.olympic.ca\/olympique\/2013\/10\/12\/5-olympiennes-nous-rappellent-limportance-de-la-journeedelafille\/"},"author":{"name":"Callum Ng, Senior Writer \/ Producer","@id":"https:\/\/preprod.olympic.ca\/olympique\/#\/schema\/person\/58825b317028c2da2a12a967e0744e89"},"headline":"5 olympiennes nous rappellent l\u2019importance de la #Journ\u00e9eDeLaFille","datePublished":"2013-10-12T20:12:07+00:00","dateModified":"2013-10-22T16:17:47+00:00","mainEntityOfPage":{"@id":"https:\/\/preprod.olympic.ca\/olympique\/2013\/10\/12\/5-olympiennes-nous-rappellent-limportance-de-la-journeedelafille\/"},"wordCount":585,"commentCount":0,"image":{"@id":"https:\/\/preprod.olympic.ca\/olympique\/2013\/10\/12\/5-olympiennes-nous-rappellent-limportance-de-la-journeedelafille\/#primaryimage"},"thumbnailUrl":"https:\/\/preprod.olympic.ca\/olympique\/wp-content\/uploads\/sites\/2\/2013\/10\/sinclair1340.jpg?quality=100","keywords":["Annamay Pierse","Brianne Theisen-Eaton","Calgary","Canada","Christine Sinclair","Hayley Wickenheiser","Jeux","Kim Smith","Mountain West Conference","NCAA"],"articleSection":["Sur le radar"],"inLanguage":"fr-FR","potentialAction":[{"@type":"CommentAction","name":"Comment","target":["https:\/\/preprod.olympic.ca\/olympique\/2013\/10\/12\/5-olympiennes-nous-rappellent-limportance-de-la-journeedelafille\/#respond"]}]},{"@type":"WebPage","@id":"https:\/\/preprod.olympic.ca\/olympique\/2013\/10\/12\/5-olympiennes-nous-rappellent-limportance-de-la-journeedelafille\/","url":"https:\/\/preprod.olympic.ca\/olympique\/2013\/10\/12\/5-olympiennes-nous-rappellent-limportance-de-la-journeedelafille\/","name":"5 olympiennes nous rappellent l\u2019importance de la #Journ\u00e9eDeLaFille - \u00c9quipe Canada | Site officiel de l&#039;\u00e9quipe olympique","isPartOf":{"@id":"https:\/\/preprod.olympic.ca\/olympique\/#website"},"primaryImageOfPage":{"@id":"https:\/\/preprod.olympic.ca\/olympique\/2013\/10\/12\/5-olympiennes-nous-rappellent-limportance-de-la-journeedelafille\/#primaryimage"},"image":{"@id":"https:\/\/preprod.olympic.ca\/olympique\/2013\/10\/12\/5-olympiennes-nous-rappellent-limportance-de-la-journeedelafille\/#primaryimage"},"thumbnailUrl":"https:\/\/preprod.olympic.ca\/olympique\/wp-content\/uploads\/sites\/2\/2013\/10\/sinclair1340.jpg?quality=100","datePublished":"2013-10-12T20:12:07+00:00","dateModified":"2013-10-22T16:17:47+00:00","author":{"@id":"https:\/\/preprod.olympic.ca\/olympique\/#\/schema\/person\/58825b317028c2da2a12a967e0744e89"},"inLanguage":"fr-FR","potentialAction":[{"@type":"ReadAction","target":["https:\/\/preprod.olympic.ca\/olympique\/2013\/10\/12\/5-olympiennes-nous-rappellent-limportance-de-la-journeedelafille\/"]}]},{"@type":"ImageObject","inLanguage":"fr-FR","@id":"https:\/\/preprod.olympic.ca\/olympique\/2013\/10\/12\/5-olympiennes-nous-rappellent-limportance-de-la-journeedelafille\/#primaryimage","url":"https:\/\/preprod.olympic.ca\/olympique\/wp-content\/uploads\/sites\/2\/2013\/10\/sinclair1340.jpg?quality=100","contentUrl":"https:\/\/preprod.olympic.ca\/olympique\/wp-content\/uploads\/sites\/2\/2013\/10\/sinclair1340.jpg?quality=100","width":1400,"height":788},{"@type":"WebSite","@id":"https:\/\/preprod.olympic.ca\/olympique\/#website","url":"https:\/\/preprod.olympic.ca\/olympique\/","name":"\u00c9quipe Canada | Site officiel de l&#039;\u00e9quipe olympique","description":"Votre source pour l\u2019\u00c9quipe olympique canadienne. Retrouvez les r\u00e9cits, vid\u00e9os et photos des athl\u00e8tes canadiens, sports olympiques, Jeux olympiques de 2020 et bien plus!","potentialAction":[{"@type":"SearchAction","target":{"@type":"EntryPoint","urlTemplate":"https:\/\/preprod.olympic.ca\/olympique\/?s={search_term_string}"},"query-input":{"@type":"PropertyValueSpecification","valueRequired":true,"valueName":"search_term_string"}}],"inLanguage":"fr-FR"},{"@type":"Person","@id":"https:\/\/preprod.olympic.ca\/olympique\/#\/schema\/person\/58825b317028c2da2a12a967e0744e89","name":"Callum Ng, Senior Writer \/ Producer","image":{"@type":"ImageObject","inLanguage":"fr-FR","@id":"https:\/\/secure.gravatar.com\/avatar\/a22f4c313660ac5b90d87637200a4a844bcd7c28ab830daacab6728406172e52?s=96&d=identicon&r=gfcb85575972b12bad5bdddd76de5daec","url":"https:\/\/secure.gravatar.com\/avatar\/a22f4c313660ac5b90d87637200a4a844bcd7c28ab830daacab6728406172e52?s=96&d=identicon&r=g","contentUrl":"https:\/\/secure.gravatar.com\/avatar\/a22f4c313660ac5b90d87637200a4a844bcd7c28ab830daacab6728406172e52?s=96&d=identicon&r=g","caption":"Callum Ng, Senior Writer \/ Producer"},"description":"I tell sport stories. Web, Social, Broadcast. I also like songs and dim sum. Talk to me, I'm friendly. Follow @CallumNg","url":"https:\/\/preprod.olympic.ca\/olympique\/author\/cngolympic\/"}]}},"jetpack_featured_media_url":"https:\/\/preprod.olympic.ca\/olympique\/wp-content\/uploads\/sites\/2\/2013\/10\/sinclair1340.jpg?quality=100","featured_image_url":"https:\/\/preprod.olympic.ca\/olympique\/wp-content\/uploads\/sites\/2\/2013\/10\/sinclair1340.jpg?quality=100","author_name":["Callum Ng"],"category_names":["Sur le radar"],"tag_names":["Annamay Pierse","Brianne Theisen-Eaton","Calgary","Canada","Christine Sinclair","Hayley Wickenheiser","Jeux","Kim Smith","Mountain West Conference","NCAA"],"video_embed_code":"","facebook_video_embed_code":"","jetpack_sharing_enabled":true,"jetpack-related-posts":[],"jetpack_shortlink":"https:\/\/wp.me\/pcGHcP-mvJ","_links":{"self":[{"href":"https:\/\/preprod.olympic.ca\/olympique\/wp-json\/wp\/v2\/posts\/86535","targetHints":{"allow":["GET"]}}],"collection":[{"href":"https:\/\/preprod.olympic.ca\/olympique\/wp-json\/wp\/v2\/posts"}],"about":[{"href":"https:\/\/preprod.olympic.ca\/olympique\/wp-json\/wp\/v2\/types\/post"}],"author":[{"embeddable":true,"href":"https:\/\/preprod.olympic.ca\/olympique\/wp-json\/wp\/v2\/users\/54400589"}],"replies":[{"embeddable":true,"href":"https:\/\/preprod.olympic.ca\/olympique\/wp-json\/wp\/v2\/comments?post=86535"}],"version-history":[{"count":4,"href":"https:\/\/preprod.olympic.ca\/olympique\/wp-json\/wp\/v2\/posts\/86535\/revisions"}],"predecessor-version":[{"id":86544,"href":"https:\/\/preprod.olympic.ca\/olympique\/wp-json\/wp\/v2\/posts\/86535\/revisions\/86544"}],"wp:featuredmedia":[{"embeddable":true,"href":"https:\/\/preprod.olympic.ca\/olympique\/wp-json\/wp\/v2\/media\/86537"}],"wp:attachment":[{"href":"https:\/\/preprod.olympic.ca\/olympique\/wp-json\/wp\/v2\/media?parent=86535"}],"wp:term":[{"taxonomy":"category","embeddable":true,"href":"https:\/\/preprod.olympic.ca\/olympique\/wp-json\/wp\/v2\/categories?post=86535"},{"taxonomy":"post_tag","embeddable":true,"href":"https:\/\/preprod.olympic.ca\/olympique\/wp-json\/wp\/v2\/tags?post=86535"},{"taxonomy":"post_format","embeddable":true,"href":"https:\/\/preprod.olympic.ca\/olympique\/wp-json\/wp\/v2\/post_format?post=86535"},{"taxonomy":"sport","embeddable":true,"href":"https:\/\/preprod.olympic.ca\/olympique\/wp-json\/wp\/v2\/sport?post=86535"},{"taxonomy":"game","embeddable":true,"href":"https:\/\/preprod.olympic.ca\/olympique\/wp-json\/wp\/v2\/game?post=86535"},{"taxonomy":"author","embeddable":true,"href":"https:\/\/preprod.olympic.ca\/olympique\/wp-json\/wp\/v2\/coauthors?post=86535"}],"curies":[{"name":"wp","href":"https:\/\/api.w.org\/{rel}","templated":true}]}}