{"id":87647,"date":"2013-11-21T21:56:00","date_gmt":"2013-11-22T02:56:00","guid":{"rendered":"http:\/\/olympique.ca\/?p=87647"},"modified":"2013-12-12T17:08:28","modified_gmt":"2013-12-12T22:08:28","slug":"decompte-des-14-meilleurs-espoirs-quebecois-pour-sotchi-2014-4","status":"publish","type":"post","link":"https:\/\/preprod.olympic.ca\/olympique\/2013\/11\/21\/decompte-des-14-meilleurs-espoirs-quebecois-pour-sotchi-2014-4\/","title":{"rendered":"D\u00e9compte des 14 meilleurs espoirs qu\u00e9b\u00e9cois pour Sotchi 2014 : Alex harvey"},"content":{"rendered":"<h1>Les athl\u00e8tes qu\u00e9b\u00e9cois devront jouer un r\u00f4le important \u00e0 Sotchi si le Canada d\u00e9sire surpasser sa r\u00e9colte record de 14 m\u00e9dailles d&rsquo;or \u00e0 Vancouver. Dans le cadre du compte \u00e0 rebours en vue des prochains Jeux olympiques d&rsquo;hivers, olympique.ca vous pr\u00e9sente les 14 meilleurs espoirs qu\u00e9b\u00e9cois. Durant les 14 semaines menant \u00e0 la c\u00e9r\u00e9monie d&rsquo;ouverture, nous ferons le d\u00e9compte des olympiens issus de la <em>belle province<\/em> ayant les meilleures chances d&rsquo;atteindre la plus haute marche du podium.<\/h1>\n<p><strong>Autres : <a href=\"http:\/\/olympique.ca\/2013\/11\/14\/decompte-des-14-meilleurs-espoirs-quebecois-pour-sotchi-2014-3\/\">Marie-Philip Poulin<\/a> | <a href=\"http:\/\/wp.me\/p3DwGH-mFI\">\u00c9rik Guay<\/a> | <a href=\"http:\/\/olympique.ca\/2013\/11\/01\/decompte-des-14-meilleurs-espoirs-quebecois-pour-sotchi-2014\/\">Jasey-Jay Anderson<\/a><\/strong><\/p>\n<h1>Cette semaine nous analysons les chances de podium du fondeur <a href=\"http:\/\/olympique.ca\/team-canada\/alex-harvey\/\">Alex Harvey<\/a>.<\/h1>\n<p><a href=\"http:\/\/preprod.olympic.ca\/wp-content\/uploads\/sites\/2\/2013\/11\/8204170.jpg\"><img loading=\"lazy\" decoding=\"async\" class=\"aligncenter size-full wp-image-87652\" alt=\"Alex Harvey\" src=\"http:\/\/preprod.olympic.ca\/wp-content\/uploads\/sites\/2\/2013\/11\/8204170.jpg\" width=\"1360\" height=\"991\" srcset=\"https:\/\/preprod.olympic.ca\/olympique\/wp-content\/uploads\/sites\/2\/2013\/11\/8204170.jpg 1860w, https:\/\/preprod.olympic.ca\/olympique\/wp-content\/uploads\/sites\/2\/2013\/11\/8204170.jpg?resize=217,158 217w, https:\/\/preprod.olympic.ca\/olympique\/wp-content\/uploads\/sites\/2\/2013\/11\/8204170.jpg?resize=509,371 509w, https:\/\/preprod.olympic.ca\/olympique\/wp-content\/uploads\/sites\/2\/2013\/11\/8204170.jpg?resize=768,560 768w, https:\/\/preprod.olympic.ca\/olympique\/wp-content\/uploads\/sites\/2\/2013\/11\/8204170.jpg?resize=1034,754 1034w, https:\/\/preprod.olympic.ca\/olympique\/wp-content\/uploads\/sites\/2\/2013\/11\/8204170.jpg?resize=1536,1120 1536w\" sizes=\"(max-width: 1360px) 100vw, 1360px\" \/><\/a><\/p>\n<h2>Biographie:<\/h2>\n<p>\u00c9tudiant en droit \u00e0 temps plein \u00e0 l\u2019Universit\u00e9 Laval, Alex Harvey n&rsquo;a pas eu \u00e0 chercher bien loin pour trouver son inspiration olympique. Son p\u00e8re, Pierre Harvey, a particip\u00e9 aux Jeux olympiques de 1976 \u00e0 Montr\u00e9al en cyclisme de route ainsi qu&rsquo;aux Jeux d&rsquo;hiver de 1988 \u00e0 Calgary en ski de fond. Alex est n\u00e9 \u00e0\u00a0St-Ferr\u00e9ol-les-Neiges aux abords du Mont-Sainte-Anne o\u00f9 il est d\u00e9sormais ambassadeur.<\/p>\n<p><a href=\"http:\/\/preprod.olympic.ca\/wp-content\/uploads\/sites\/2\/2013\/11\/8133650.jpg\"><img loading=\"lazy\" decoding=\"async\" class=\"aligncenter size-full wp-image-87649\" alt=\"Alex Harvey\" src=\"http:\/\/preprod.olympic.ca\/wp-content\/uploads\/sites\/2\/2013\/11\/8133650.jpg\" width=\"1360\" height=\"832\" srcset=\"https:\/\/preprod.olympic.ca\/olympique\/wp-content\/uploads\/sites\/2\/2013\/11\/8133650.jpg 3792w, https:\/\/preprod.olympic.ca\/olympique\/wp-content\/uploads\/sites\/2\/2013\/11\/8133650.jpg?resize=258,158 258w, https:\/\/preprod.olympic.ca\/olympique\/wp-content\/uploads\/sites\/2\/2013\/11\/8133650.jpg?resize=606,371 606w, https:\/\/preprod.olympic.ca\/olympique\/wp-content\/uploads\/sites\/2\/2013\/11\/8133650.jpg?resize=768,470 768w, https:\/\/preprod.olympic.ca\/olympique\/wp-content\/uploads\/sites\/2\/2013\/11\/8133650.jpg?resize=1232,754 1232w, https:\/\/preprod.olympic.ca\/olympique\/wp-content\/uploads\/sites\/2\/2013\/11\/8133650.jpg?resize=1536,940 1536w, https:\/\/preprod.olympic.ca\/olympique\/wp-content\/uploads\/sites\/2\/2013\/11\/8133650.jpg?resize=2048,1253 2048w\" sizes=\"(max-width: 1360px) 100vw, 1360px\" \/><\/a><\/p>\n<h2>L&rsquo;espoir:<\/h2>\n<p>Apr\u00e8s avoir termin\u00e9 dans le top 10 lors de trois \u00e9preuves sur cinq aux Jeux de Vancouver, le Canada peut s&rsquo;attendre \u00e0 de bons r\u00e9sultats et possiblement un podium de la part du fondeur qu\u00e9b\u00e9cois. Plus t\u00f4t cette ann\u00e9e, Harvey est devenu le premier skieur canadien \u00e0 remporter une m\u00e9daille individuelle aux Championnats du monde de ski de fond. De plus, l\u2019olympien de 25 ans se dit \u00eatre en pleine forme n\u2019ayant subit aucune blessure durant la saison morte. Que ce soit au sprint ou en longue distance, Harvey a ce qu&rsquo;il faut pour \u00eatre comp\u00e9titif dans toutes les distances \u00e0 Sotchi.<\/p>\n<h2>Plus sur Alex Harvey:<\/h2>\n<p>Twiter : <a href=\"https:\/\/twitter.com\/alex_harvey\">@alex_harvey<\/a><br \/>\nSite web : <a href=\"http:\/\/alexharvey.ca\/\">alexharvey.ca<\/a><\/p>\n<div class=\"tiled-gallery type-square tiled-gallery-unresized\" data-original-width=\"1360\" data-carousel-extra='null' itemscope itemtype=\"http:\/\/schema.org\/ImageGallery\" > <div class=\"gallery-row\" style=\"width: 1360px; height: 680px;\" data-original-width=\"1360\" data-original-height=\"680\" > <div class=\"gallery-group\" style=\"width: 680px; height: 680px;\" data-original-width=\"680\" data-original-height=\"680\" > <div class=\"tiled-gallery-item \" itemprop=\"associatedMedia\" itemscope itemtype=\"http:\/\/schema.org\/ImageObject\"> <a href=\"https:\/\/preprod.olympic.ca\/olympique\/2013\/11\/21\/decompte-des-14-meilleurs-espoirs-quebecois-pour-sotchi-2014-4\/capture-decran-2013-11-21-a-9-45-03-pm\/#main\" border=\"0\" itemprop=\"url\"> <meta itemprop=\"width\" content=\"676\"> <meta itemprop=\"height\" content=\"676\"> <img decoding=\"async\" data-recalc-dims=\"1\" class=\"\" data-attachment-id=\"87704\" data-orig-file=\"https:\/\/preprod.olympic.ca\/olympique\/wp-content\/uploads\/sites\/2\/2013\/11\/capture-d_ecc81cran-2013-11-21-acc80-9-45-03-pm.png\" data-orig-size=\"820,657\" data-comments-opened=\"1\" data-image-meta=\"{&quot;aperture&quot;:&quot;0&quot;,&quot;credit&quot;:&quot;&quot;,&quot;camera&quot;:&quot;&quot;,&quot;caption&quot;:&quot;&quot;,&quot;created_timestamp&quot;:&quot;0&quot;,&quot;copyright&quot;:&quot;&quot;,&quot;focal_length&quot;:&quot;0&quot;,&quot;iso&quot;:&quot;0&quot;,&quot;shutter_speed&quot;:&quot;0&quot;,&quot;title&quot;:&quot;&quot;}\" data-image-title=\"Capture d\u2019e\u0301cran 2013-11-21 a\u0300 9.45.03 PM\" data-image-description=\"\" data-medium-file=\"https:\/\/preprod.olympic.ca\/olympique\/wp-content\/uploads\/sites\/2\/2013\/11\/capture-d_ecc81cran-2013-11-21-acc80-9-45-03-pm.png?w=463\" data-large-file=\"https:\/\/preprod.olympic.ca\/olympique\/wp-content\/uploads\/sites\/2\/2013\/11\/capture-d_ecc81cran-2013-11-21-acc80-9-45-03-pm.png?w=820\" src=\"https:\/\/preprod.olympic.ca\/olympique\/wp-content\/uploads\/sites\/2\/2013\/11\/capture-d_ecc81cran-2013-11-21-acc80-9-45-03-pm.png?w=676&#038;h=676&#038;crop=1&#038;quality=100&#038;strip&#038;resize=676%2C676\" width=\"676\" height=\"676\" loading=\"lazy\" data-original-width=\"676\" data-original-height=\"676\" itemprop=\"http:\/\/schema.org\/image\" title=\"Capture d\u2019e\u0301cran 2013-11-21 a\u0300 9.45.03 PM\" alt=\"Capture d\u2019e\u0301cran 2013-11-21 a\u0300 9.45.03 PM\" style=\"width: 676px; height: 676px;\" \/> <\/a> <\/div> <\/div> <div class=\"gallery-group\" style=\"width: 680px; height: 680px;\" data-original-width=\"680\" data-original-height=\"680\" > <div class=\"tiled-gallery-item \" itemprop=\"associatedMedia\" itemscope itemtype=\"http:\/\/schema.org\/ImageObject\"> <a href=\"https:\/\/preprod.olympic.ca\/olympique\/2013\/11\/21\/decompte-des-14-meilleurs-espoirs-quebecois-pour-sotchi-2014-4\/alex-harvey-7\/#main\" border=\"0\" itemprop=\"url\"> <meta itemprop=\"width\" content=\"676\"> <meta itemprop=\"height\" content=\"676\"> <img decoding=\"async\" data-recalc-dims=\"1\" class=\"\" data-attachment-id=\"87652\" data-orig-file=\"https:\/\/preprod.olympic.ca\/olympique\/wp-content\/uploads\/sites\/2\/2013\/11\/8204170.jpg?quality=100\" data-orig-size=\"1860,1356\" data-comments-opened=\"1\" data-image-meta=\"{&quot;aperture&quot;:&quot;7.1&quot;,&quot;credit&quot;:&quot;Andrew Vaughan&quot;,&quot;camera&quot;:&quot;Canon EOS-1D Mark III&quot;,&quot;caption&quot;:&quot;Canada\\u0027s Alex Harvey grimaces after finishing his leg in the men\\u0027s 4x10 km relay classic\\\/free cross country skiing event at Whistler Olympic Park on Wednesday, February 24, 2010 at the Olympic Winter Games in Whistler, B.C..THE CANADIAN PRESS\\\/Andrew Vaughan&quot;,&quot;created_timestamp&quot;:&quot;1267013544&quot;,&quot;copyright&quot;:&quot;&quot;,&quot;focal_length&quot;:&quot;560&quot;,&quot;iso&quot;:&quot;200&quot;,&quot;shutter_speed&quot;:&quot;0.001&quot;,&quot;title&quot;:&quot;Alex Harvey&quot;}\" data-image-title=\"Alex Harvey\" data-image-description=\"&lt;p&gt;Canada&amp;rsquo;s Alex Harvey grimaces after finishing his leg in the men&amp;rsquo;s 4&amp;#215;10 km relay classic\/free cross country skiing event at Whistler Olympic Park on Wednesday, February 24, 2010 at the Olympic Winter Games in Whistler, B.C..THE CANADIAN PRESS\/Andrew Vaughan&lt;\/p&gt; \" data-medium-file=\"https:\/\/preprod.olympic.ca\/olympique\/wp-content\/uploads\/sites\/2\/2013\/11\/8204170.jpg?quality=100&#038;w=509\" data-large-file=\"https:\/\/preprod.olympic.ca\/olympique\/wp-content\/uploads\/sites\/2\/2013\/11\/8204170.jpg?quality=100&#038;w=1034\" src=\"https:\/\/preprod.olympic.ca\/olympique\/wp-content\/uploads\/sites\/2\/2013\/11\/8204170.jpg?quality=100&#038;w=676&#038;h=676&#038;crop=1&#038;strip&#038;resize=676%2C676\" width=\"676\" height=\"676\" loading=\"lazy\" data-original-width=\"676\" data-original-height=\"676\" itemprop=\"http:\/\/schema.org\/image\" title=\"Alex Harvey\" alt=\"Alex Harvey\" style=\"width: 676px; height: 676px;\" \/> <\/a> <\/div> <\/div> <\/div> <div class=\"gallery-row\" style=\"width: 1360px; height: 453px;\" data-original-width=\"1360\" data-original-height=\"453\" > <div class=\"gallery-group\" style=\"width: 453px; height: 453px;\" data-original-width=\"453\" data-original-height=\"453\" > <div class=\"tiled-gallery-item \" itemprop=\"associatedMedia\" itemscope itemtype=\"http:\/\/schema.org\/ImageObject\"> <a href=\"https:\/\/preprod.olympic.ca\/olympique\/2013\/11\/21\/decompte-des-14-meilleurs-espoirs-quebecois-pour-sotchi-2014-4\/alex-harvey-6\/#main\" border=\"0\" itemprop=\"url\"> <meta itemprop=\"width\" content=\"449\"> <meta itemprop=\"height\" content=\"449\"> <img decoding=\"async\" data-recalc-dims=\"1\" class=\"\" data-attachment-id=\"87651\" data-orig-file=\"https:\/\/preprod.olympic.ca\/olympique\/wp-content\/uploads\/sites\/2\/2013\/11\/8204176.jpg?quality=100\" data-orig-size=\"3088,2824\" data-comments-opened=\"1\" data-image-meta=\"{&quot;aperture&quot;:&quot;4&quot;,&quot;credit&quot;:&quot;Boris Minkevich&quot;,&quot;camera&quot;:&quot;Canon EOS-1D Mark IV&quot;,&quot;caption&quot;:&quot;Canada\\u0027s Alex Harvey competes in the men\\u0027s cross country 4x10km relay classic\\\/free Wednesday February 24, 2010 at the 2010 Vancouver Olympic Winter Games in Whistler. THE CANADIAN PRESS\\\/Boris Minkevich&quot;,&quot;created_timestamp&quot;:&quot;1267013514&quot;,&quot;copyright&quot;:&quot;&quot;,&quot;focal_length&quot;:&quot;200&quot;,&quot;iso&quot;:&quot;200&quot;,&quot;shutter_speed&quot;:&quot;0.000625&quot;,&quot;title&quot;:&quot;alex harvey&quot;}\" data-image-title=\"alex harvey\" data-image-description=\"&lt;p&gt;Canada&amp;rsquo;s Alex Harvey competes in the men&amp;rsquo;s cross country 4x10km relay classic\/free Wednesday February 24, 2010 at the 2010 Vancouver Olympic Winter Games in Whistler. THE CANADIAN PRESS\/Boris Minkevich&lt;\/p&gt; \" data-medium-file=\"https:\/\/preprod.olympic.ca\/olympique\/wp-content\/uploads\/sites\/2\/2013\/11\/8204176.jpg?quality=100&#038;w=406\" data-large-file=\"https:\/\/preprod.olympic.ca\/olympique\/wp-content\/uploads\/sites\/2\/2013\/11\/8204176.jpg?quality=100&#038;w=824\" src=\"https:\/\/preprod.olympic.ca\/olympique\/wp-content\/uploads\/sites\/2\/2013\/11\/8204176.jpg?quality=100&#038;w=449&#038;h=449&#038;crop=1&#038;strip&#038;resize=449%2C449\" width=\"449\" height=\"449\" loading=\"lazy\" data-original-width=\"449\" data-original-height=\"449\" itemprop=\"http:\/\/schema.org\/image\" title=\"alex harvey\" alt=\"alex harvey\" style=\"width: 449px; height: 449px;\" \/> <\/a> <\/div> <\/div> <div class=\"gallery-group\" style=\"width: 453px; height: 453px;\" data-original-width=\"453\" data-original-height=\"453\" > <div class=\"tiled-gallery-item \" itemprop=\"associatedMedia\" itemscope itemtype=\"http:\/\/schema.org\/ImageObject\"> <a href=\"https:\/\/preprod.olympic.ca\/olympique\/2013\/11\/21\/decompte-des-14-meilleurs-espoirs-quebecois-pour-sotchi-2014-4\/dcs101-41\/#main\" border=\"0\" itemprop=\"url\"> <meta itemprop=\"width\" content=\"449\"> <meta itemprop=\"height\" content=\"449\"> <img decoding=\"async\" data-recalc-dims=\"1\" class=\"\" data-attachment-id=\"87650\" data-orig-file=\"https:\/\/preprod.olympic.ca\/olympique\/wp-content\/uploads\/sites\/2\/2013\/11\/8190065.jpg?quality=100\" data-orig-size=\"3000,1791\" data-comments-opened=\"1\" data-image-meta=\"{&quot;aperture&quot;:&quot;0&quot;,&quot;credit&quot;:&quot;Canadian Olympic Committee&quot;,&quot;camera&quot;:&quot;&quot;,&quot;caption&quot;:&quot;Alex Harvey participates in the cross-country skiing mens team sprint finals at the 2010 Vancouver Olympic Winter Games in Whistler, B.C. THE (CANADIAN PRESS)2010(HO-COC-Dave Sandford)&quot;,&quot;created_timestamp&quot;:&quot;0&quot;,&quot;copyright&quot;:&quot;&quot;,&quot;focal_length&quot;:&quot;0&quot;,&quot;iso&quot;:&quot;0&quot;,&quot;shutter_speed&quot;:&quot;0&quot;,&quot;title&quot;:&quot;dcs101&quot;}\" data-image-title=\"dcs101\" data-image-description=\"&lt;p&gt;Alex Harvey participates in the cross-country skiing mens team sprint finals at the 2010 Vancouver Olympic Winter Games in Whistler, B.C. THE (CANADIAN PRESS)2010(HO-COC-Dave Sandford)&lt;\/p&gt; \" data-medium-file=\"https:\/\/preprod.olympic.ca\/olympique\/wp-content\/uploads\/sites\/2\/2013\/11\/8190065.jpg?quality=100&#038;w=621\" data-large-file=\"https:\/\/preprod.olympic.ca\/olympique\/wp-content\/uploads\/sites\/2\/2013\/11\/8190065.jpg?quality=100&#038;w=1263\" src=\"https:\/\/preprod.olympic.ca\/olympique\/wp-content\/uploads\/sites\/2\/2013\/11\/8190065.jpg?quality=100&#038;w=449&#038;h=449&#038;crop=1&#038;strip&#038;resize=449%2C449\" width=\"449\" height=\"449\" loading=\"lazy\" data-original-width=\"449\" data-original-height=\"449\" itemprop=\"http:\/\/schema.org\/image\" title=\"dcs101\" alt=\"dcs101\" style=\"width: 449px; height: 449px;\" \/> <\/a> <\/div> <\/div> <div class=\"gallery-group\" style=\"width: 453px; height: 453px;\" data-original-width=\"453\" data-original-height=\"453\" > <div class=\"tiled-gallery-item \" itemprop=\"associatedMedia\" itemscope itemtype=\"http:\/\/schema.org\/ImageObject\"> <a href=\"https:\/\/preprod.olympic.ca\/olympique\/2013\/11\/21\/decompte-des-14-meilleurs-espoirs-quebecois-pour-sotchi-2014-4\/alex-harvey-5\/#main\" border=\"0\" itemprop=\"url\"> <meta itemprop=\"width\" content=\"449\"> <meta itemprop=\"height\" content=\"449\"> <img decoding=\"async\" data-recalc-dims=\"1\" class=\"\" data-attachment-id=\"87649\" data-orig-file=\"https:\/\/preprod.olympic.ca\/olympique\/wp-content\/uploads\/sites\/2\/2013\/11\/8133650.jpg?quality=100\" data-orig-size=\"3792,2320\" data-comments-opened=\"1\" data-image-meta=\"{&quot;aperture&quot;:&quot;5.6&quot;,&quot;credit&quot;:&quot;Boris Minkevich&quot;,&quot;camera&quot;:&quot;Canon EOS-1D Mark III&quot;,&quot;caption&quot;:&quot;Canada\\u0027s Alex Harvey skis during the men\\u0027s 15km cross country ski event at Vancouver Olympic Winter Games in Whistler, B.C. on Monday February 15, 2010. THE CANADIAN PRESS\\\/Boris Minkevich&quot;,&quot;created_timestamp&quot;:&quot;1266249489&quot;,&quot;copyright&quot;:&quot;&quot;,&quot;focal_length&quot;:&quot;400&quot;,&quot;iso&quot;:&quot;500&quot;,&quot;shutter_speed&quot;:&quot;0.000625&quot;,&quot;title&quot;:&quot;Alex Harvey&quot;}\" data-image-title=\"Alex Harvey\" data-image-description=\"&lt;p&gt;Canada&amp;rsquo;s Alex Harvey skis during the men&amp;rsquo;s 15km cross country ski event at Vancouver Olympic Winter Games in Whistler, B.C. on Monday February 15, 2010. THE CANADIAN PRESS\/Boris Minkevich&lt;\/p&gt; \" data-medium-file=\"https:\/\/preprod.olympic.ca\/olympique\/wp-content\/uploads\/sites\/2\/2013\/11\/8133650.jpg?quality=100&#038;w=606\" data-large-file=\"https:\/\/preprod.olympic.ca\/olympique\/wp-content\/uploads\/sites\/2\/2013\/11\/8133650.jpg?quality=100&#038;w=1232\" src=\"https:\/\/preprod.olympic.ca\/olympique\/wp-content\/uploads\/sites\/2\/2013\/11\/8133650.jpg?quality=100&#038;w=449&#038;h=449&#038;crop=1&#038;strip&#038;resize=449%2C449\" width=\"449\" height=\"449\" loading=\"lazy\" data-original-width=\"449\" data-original-height=\"449\" itemprop=\"http:\/\/schema.org\/image\" title=\"Alex Harvey\" alt=\"Alex Harvey en descente de ski\" style=\"width: 449px; height: 449px;\" \/> <\/a> <\/div> <\/div> <\/div> <\/div>\n","protected":false},"excerpt":{"rendered":"<p>Les athl\u00e8tes qu\u00e9b\u00e9cois devront jouer un r\u00f4le important \u00e0 Sotchi si le Canada d\u00e9sire surpasser sa r\u00e9colte record de 14&#8230;<\/p>\n","protected":false},"author":55751844,"featured_media":87704,"comment_status":"open","ping_status":"open","sticky":false,"template":"","format":"standard","meta":{"_acf_changed":false,"_jetpack_memberships_contains_paid_content":false,"footnotes":""},"categories":[16085],"tags":[5407300,2443,4182336,83123116,56943,6682],"post_format":"standard","sport":[181823552],"game":[191933058],"coauthors":[197551639],"class_list":["post-87647","post","type-post","status-publish","format-standard","has-post-thumbnail","hentry","category-nouvelles","tag-alex-harvey","tag-canada","tag-mont-sainte-anne","tag-pierre-harvey","tag-quebec","tag-vancouver","sport-ski-ski-de-fond","game-2014-sotchi"],"acf":[],"yoast_head":"<!-- This site is optimized with the Yoast SEO plugin v27.3 - https:\/\/yoast.com\/product\/yoast-seo-wordpress\/ -->\n<title>D\u00e9compte des 14 meilleurs espoirs qu\u00e9b\u00e9cois pour Sotchi 2014 : Alex harvey - \u00c9quipe Canada | Site officiel de l&#039;\u00e9quipe olympique<\/title>\n<meta name=\"robots\" content=\"index, follow, max-snippet:-1, max-image-preview:large, max-video-preview:-1\" \/>\n<link rel=\"canonical\" href=\"https:\/\/preprod.olympic.ca\/olympique\/2013\/11\/21\/decompte-des-14-meilleurs-espoirs-quebecois-pour-sotchi-2014-4\/\" \/>\n<meta property=\"og:locale\" content=\"fr_FR\" \/>\n<meta property=\"og:type\" content=\"article\" \/>\n<meta property=\"og:title\" content=\"D\u00e9compte des 14 meilleurs espoirs qu\u00e9b\u00e9cois pour Sotchi 2014 : Alex harvey - \u00c9quipe Canada | Site officiel de l&#039;\u00e9quipe olympique\" \/>\n<meta property=\"og:description\" content=\"Les athl\u00e8tes qu\u00e9b\u00e9cois devront jouer un r\u00f4le important \u00e0 Sotchi si le Canada d\u00e9sire surpasser sa r\u00e9colte record de 14...\" \/>\n<meta property=\"og:url\" content=\"https:\/\/preprod.olympic.ca\/olympique\/2013\/11\/21\/decompte-des-14-meilleurs-espoirs-quebecois-pour-sotchi-2014-4\/\" \/>\n<meta property=\"og:site_name\" content=\"\u00c9quipe Canada | Site officiel de l&#039;\u00e9quipe olympique\" \/>\n<meta property=\"article:published_time\" content=\"2013-11-22T02:56:00+00:00\" \/>\n<meta property=\"article:modified_time\" content=\"2013-12-12T22:08:28+00:00\" \/>\n<meta property=\"og:image\" content=\"https:\/\/preprod.olympic.ca\/olympique\/wp-content\/uploads\/sites\/2\/2013\/11\/capture-d_ecc81cran-2013-11-21-acc80-9-45-03-pm.png\" \/>\n\t<meta property=\"og:image:width\" content=\"820\" \/>\n\t<meta property=\"og:image:height\" content=\"657\" \/>\n\t<meta property=\"og:image:type\" content=\"image\/png\" \/>\n<meta name=\"author\" content=\"Steve Boudreau\" \/>\n<meta name=\"twitter:card\" content=\"summary_large_image\" \/>\n<meta name=\"twitter:label1\" content=\"Written by\" \/>\n\t<meta name=\"twitter:data1\" content=\"Steve Boudreau\" \/>\n\t<meta name=\"twitter:label2\" content=\"Est. reading time\" \/>\n\t<meta name=\"twitter:data2\" content=\"1 minute\" \/>\n<script type=\"application\/ld+json\" class=\"yoast-schema-graph\">{\"@context\":\"https:\\\/\\\/schema.org\",\"@graph\":[{\"@type\":\"Article\",\"@id\":\"https:\\\/\\\/preprod.olympic.ca\\\/olympique\\\/2013\\\/11\\\/21\\\/decompte-des-14-meilleurs-espoirs-quebecois-pour-sotchi-2014-4\\\/#article\",\"isPartOf\":{\"@id\":\"https:\\\/\\\/preprod.olympic.ca\\\/olympique\\\/2013\\\/11\\\/21\\\/decompte-des-14-meilleurs-espoirs-quebecois-pour-sotchi-2014-4\\\/\"},\"author\":{\"name\":\"Steve Boudreau\",\"@id\":\"https:\\\/\\\/preprod.olympic.ca\\\/olympique\\\/#\\\/schema\\\/person\\\/fcff0d04b3be8cf8db300b91bccb7af4\"},\"headline\":\"D\u00e9compte des 14 meilleurs espoirs qu\u00e9b\u00e9cois pour Sotchi 2014 : Alex harvey\",\"datePublished\":\"2013-11-22T02:56:00+00:00\",\"dateModified\":\"2013-12-12T22:08:28+00:00\",\"mainEntityOfPage\":{\"@id\":\"https:\\\/\\\/preprod.olympic.ca\\\/olympique\\\/2013\\\/11\\\/21\\\/decompte-des-14-meilleurs-espoirs-quebecois-pour-sotchi-2014-4\\\/\"},\"wordCount\":312,\"commentCount\":15,\"image\":{\"@id\":\"https:\\\/\\\/preprod.olympic.ca\\\/olympique\\\/2013\\\/11\\\/21\\\/decompte-des-14-meilleurs-espoirs-quebecois-pour-sotchi-2014-4\\\/#primaryimage\"},\"thumbnailUrl\":\"https:\\\/\\\/preprod.olympic.ca\\\/olympique\\\/wp-content\\\/uploads\\\/sites\\\/2\\\/2013\\\/11\\\/capture-d_ecc81cran-2013-11-21-acc80-9-45-03-pm.png\",\"keywords\":[\"alex harvey\",\"Canada\",\"Mont-Sainte-Anne\",\"Pierre Harvey\",\"Quebec\",\"Vancouver \u00bb\"],\"articleSection\":[\"Nouvelles\"],\"inLanguage\":\"fr-FR\",\"potentialAction\":[{\"@type\":\"CommentAction\",\"name\":\"Comment\",\"target\":[\"https:\\\/\\\/preprod.olympic.ca\\\/olympique\\\/2013\\\/11\\\/21\\\/decompte-des-14-meilleurs-espoirs-quebecois-pour-sotchi-2014-4\\\/#respond\"]}]},{\"@type\":\"WebPage\",\"@id\":\"https:\\\/\\\/preprod.olympic.ca\\\/olympique\\\/2013\\\/11\\\/21\\\/decompte-des-14-meilleurs-espoirs-quebecois-pour-sotchi-2014-4\\\/\",\"url\":\"https:\\\/\\\/preprod.olympic.ca\\\/olympique\\\/2013\\\/11\\\/21\\\/decompte-des-14-meilleurs-espoirs-quebecois-pour-sotchi-2014-4\\\/\",\"name\":\"D\u00e9compte des 14 meilleurs espoirs qu\u00e9b\u00e9cois pour Sotchi 2014 : Alex harvey - \u00c9quipe Canada | Site officiel de l&#039;\u00e9quipe olympique\",\"isPartOf\":{\"@id\":\"https:\\\/\\\/preprod.olympic.ca\\\/olympique\\\/#website\"},\"primaryImageOfPage\":{\"@id\":\"https:\\\/\\\/preprod.olympic.ca\\\/olympique\\\/2013\\\/11\\\/21\\\/decompte-des-14-meilleurs-espoirs-quebecois-pour-sotchi-2014-4\\\/#primaryimage\"},\"image\":{\"@id\":\"https:\\\/\\\/preprod.olympic.ca\\\/olympique\\\/2013\\\/11\\\/21\\\/decompte-des-14-meilleurs-espoirs-quebecois-pour-sotchi-2014-4\\\/#primaryimage\"},\"thumbnailUrl\":\"https:\\\/\\\/preprod.olympic.ca\\\/olympique\\\/wp-content\\\/uploads\\\/sites\\\/2\\\/2013\\\/11\\\/capture-d_ecc81cran-2013-11-21-acc80-9-45-03-pm.png\",\"datePublished\":\"2013-11-22T02:56:00+00:00\",\"dateModified\":\"2013-12-12T22:08:28+00:00\",\"author\":{\"@id\":\"https:\\\/\\\/preprod.olympic.ca\\\/olympique\\\/#\\\/schema\\\/person\\\/fcff0d04b3be8cf8db300b91bccb7af4\"},\"inLanguage\":\"fr-FR\",\"potentialAction\":[{\"@type\":\"ReadAction\",\"target\":[\"https:\\\/\\\/preprod.olympic.ca\\\/olympique\\\/2013\\\/11\\\/21\\\/decompte-des-14-meilleurs-espoirs-quebecois-pour-sotchi-2014-4\\\/\"]}]},{\"@type\":\"ImageObject\",\"inLanguage\":\"fr-FR\",\"@id\":\"https:\\\/\\\/preprod.olympic.ca\\\/olympique\\\/2013\\\/11\\\/21\\\/decompte-des-14-meilleurs-espoirs-quebecois-pour-sotchi-2014-4\\\/#primaryimage\",\"url\":\"https:\\\/\\\/preprod.olympic.ca\\\/olympique\\\/wp-content\\\/uploads\\\/sites\\\/2\\\/2013\\\/11\\\/capture-d_ecc81cran-2013-11-21-acc80-9-45-03-pm.png\",\"contentUrl\":\"https:\\\/\\\/preprod.olympic.ca\\\/olympique\\\/wp-content\\\/uploads\\\/sites\\\/2\\\/2013\\\/11\\\/capture-d_ecc81cran-2013-11-21-acc80-9-45-03-pm.png\",\"width\":820,\"height\":657},{\"@type\":\"WebSite\",\"@id\":\"https:\\\/\\\/preprod.olympic.ca\\\/olympique\\\/#website\",\"url\":\"https:\\\/\\\/preprod.olympic.ca\\\/olympique\\\/\",\"name\":\"\u00c9quipe Canada | Site officiel de l&#039;\u00e9quipe olympique\",\"description\":\"Votre source pour l\u2019\u00c9quipe olympique canadienne. Retrouvez les r\u00e9cits, vid\u00e9os et photos des athl\u00e8tes canadiens, sports olympiques, Jeux olympiques de 2020 et bien plus!\",\"potentialAction\":[{\"@type\":\"SearchAction\",\"target\":{\"@type\":\"EntryPoint\",\"urlTemplate\":\"https:\\\/\\\/preprod.olympic.ca\\\/olympique\\\/?s={search_term_string}\"},\"query-input\":{\"@type\":\"PropertyValueSpecification\",\"valueRequired\":true,\"valueName\":\"search_term_string\"}}],\"inLanguage\":\"fr-FR\"},{\"@type\":\"Person\",\"@id\":\"https:\\\/\\\/preprod.olympic.ca\\\/olympique\\\/#\\\/schema\\\/person\\\/fcff0d04b3be8cf8db300b91bccb7af4\",\"name\":\"Steve Boudreau\",\"image\":{\"@type\":\"ImageObject\",\"inLanguage\":\"fr-FR\",\"@id\":\"https:\\\/\\\/secure.gravatar.com\\\/avatar\\\/336c6be93b523130336d384227371a495c6bb9057a12c48ad1770e1a6a57006b?s=96&d=identicon&r=geab05ffb592a23c798f7bf61ed1f5f18\",\"url\":\"https:\\\/\\\/secure.gravatar.com\\\/avatar\\\/336c6be93b523130336d384227371a495c6bb9057a12c48ad1770e1a6a57006b?s=96&d=identicon&r=g\",\"contentUrl\":\"https:\\\/\\\/secure.gravatar.com\\\/avatar\\\/336c6be93b523130336d384227371a495c6bb9057a12c48ad1770e1a6a57006b?s=96&d=identicon&r=g\",\"caption\":\"Steve Boudreau\"},\"description\":\"R\u00e9dacteur, m\u00e9dias sociaux - @Sboudreau\",\"sameAs\":[\"http:\\\/\\\/sboudreau49.wordpress.com\"],\"url\":\"https:\\\/\\\/preprod.olympic.ca\\\/olympique\\\/author\\\/sboudreau2013\\\/\"}]}<\/script>\n<!-- \/ Yoast SEO plugin. -->","yoast_head_json":{"title":"D\u00e9compte des 14 meilleurs espoirs qu\u00e9b\u00e9cois pour Sotchi 2014 : Alex harvey - \u00c9quipe Canada | Site officiel de l&#039;\u00e9quipe olympique","robots":{"index":"index","follow":"follow","max-snippet":"max-snippet:-1","max-image-preview":"max-image-preview:large","max-video-preview":"max-video-preview:-1"},"canonical":"https:\/\/preprod.olympic.ca\/olympique\/2013\/11\/21\/decompte-des-14-meilleurs-espoirs-quebecois-pour-sotchi-2014-4\/","og_locale":"fr_FR","og_type":"article","og_title":"D\u00e9compte des 14 meilleurs espoirs qu\u00e9b\u00e9cois pour Sotchi 2014 : Alex harvey - \u00c9quipe Canada | Site officiel de l&#039;\u00e9quipe olympique","og_description":"Les athl\u00e8tes qu\u00e9b\u00e9cois devront jouer un r\u00f4le important \u00e0 Sotchi si le Canada d\u00e9sire surpasser sa r\u00e9colte record de 14...","og_url":"https:\/\/preprod.olympic.ca\/olympique\/2013\/11\/21\/decompte-des-14-meilleurs-espoirs-quebecois-pour-sotchi-2014-4\/","og_site_name":"\u00c9quipe Canada | Site officiel de l&#039;\u00e9quipe olympique","article_published_time":"2013-11-22T02:56:00+00:00","article_modified_time":"2013-12-12T22:08:28+00:00","og_image":[{"width":820,"height":657,"url":"https:\/\/preprod.olympic.ca\/olympique\/wp-content\/uploads\/sites\/2\/2013\/11\/capture-d_ecc81cran-2013-11-21-acc80-9-45-03-pm.png","type":"image\/png"}],"author":"Steve Boudreau","twitter_card":"summary_large_image","twitter_misc":{"Written by":"Steve Boudreau","Est. reading time":"1 minute"},"schema":{"@context":"https:\/\/schema.org","@graph":[{"@type":"Article","@id":"https:\/\/preprod.olympic.ca\/olympique\/2013\/11\/21\/decompte-des-14-meilleurs-espoirs-quebecois-pour-sotchi-2014-4\/#article","isPartOf":{"@id":"https:\/\/preprod.olympic.ca\/olympique\/2013\/11\/21\/decompte-des-14-meilleurs-espoirs-quebecois-pour-sotchi-2014-4\/"},"author":{"name":"Steve Boudreau","@id":"https:\/\/preprod.olympic.ca\/olympique\/#\/schema\/person\/fcff0d04b3be8cf8db300b91bccb7af4"},"headline":"D\u00e9compte des 14 meilleurs espoirs qu\u00e9b\u00e9cois pour Sotchi 2014 : Alex harvey","datePublished":"2013-11-22T02:56:00+00:00","dateModified":"2013-12-12T22:08:28+00:00","mainEntityOfPage":{"@id":"https:\/\/preprod.olympic.ca\/olympique\/2013\/11\/21\/decompte-des-14-meilleurs-espoirs-quebecois-pour-sotchi-2014-4\/"},"wordCount":312,"commentCount":15,"image":{"@id":"https:\/\/preprod.olympic.ca\/olympique\/2013\/11\/21\/decompte-des-14-meilleurs-espoirs-quebecois-pour-sotchi-2014-4\/#primaryimage"},"thumbnailUrl":"https:\/\/preprod.olympic.ca\/olympique\/wp-content\/uploads\/sites\/2\/2013\/11\/capture-d_ecc81cran-2013-11-21-acc80-9-45-03-pm.png","keywords":["alex harvey","Canada","Mont-Sainte-Anne","Pierre Harvey","Quebec","Vancouver \u00bb"],"articleSection":["Nouvelles"],"inLanguage":"fr-FR","potentialAction":[{"@type":"CommentAction","name":"Comment","target":["https:\/\/preprod.olympic.ca\/olympique\/2013\/11\/21\/decompte-des-14-meilleurs-espoirs-quebecois-pour-sotchi-2014-4\/#respond"]}]},{"@type":"WebPage","@id":"https:\/\/preprod.olympic.ca\/olympique\/2013\/11\/21\/decompte-des-14-meilleurs-espoirs-quebecois-pour-sotchi-2014-4\/","url":"https:\/\/preprod.olympic.ca\/olympique\/2013\/11\/21\/decompte-des-14-meilleurs-espoirs-quebecois-pour-sotchi-2014-4\/","name":"D\u00e9compte des 14 meilleurs espoirs qu\u00e9b\u00e9cois pour Sotchi 2014 : Alex harvey - \u00c9quipe Canada | Site officiel de l&#039;\u00e9quipe olympique","isPartOf":{"@id":"https:\/\/preprod.olympic.ca\/olympique\/#website"},"primaryImageOfPage":{"@id":"https:\/\/preprod.olympic.ca\/olympique\/2013\/11\/21\/decompte-des-14-meilleurs-espoirs-quebecois-pour-sotchi-2014-4\/#primaryimage"},"image":{"@id":"https:\/\/preprod.olympic.ca\/olympique\/2013\/11\/21\/decompte-des-14-meilleurs-espoirs-quebecois-pour-sotchi-2014-4\/#primaryimage"},"thumbnailUrl":"https:\/\/preprod.olympic.ca\/olympique\/wp-content\/uploads\/sites\/2\/2013\/11\/capture-d_ecc81cran-2013-11-21-acc80-9-45-03-pm.png","datePublished":"2013-11-22T02:56:00+00:00","dateModified":"2013-12-12T22:08:28+00:00","author":{"@id":"https:\/\/preprod.olympic.ca\/olympique\/#\/schema\/person\/fcff0d04b3be8cf8db300b91bccb7af4"},"inLanguage":"fr-FR","potentialAction":[{"@type":"ReadAction","target":["https:\/\/preprod.olympic.ca\/olympique\/2013\/11\/21\/decompte-des-14-meilleurs-espoirs-quebecois-pour-sotchi-2014-4\/"]}]},{"@type":"ImageObject","inLanguage":"fr-FR","@id":"https:\/\/preprod.olympic.ca\/olympique\/2013\/11\/21\/decompte-des-14-meilleurs-espoirs-quebecois-pour-sotchi-2014-4\/#primaryimage","url":"https:\/\/preprod.olympic.ca\/olympique\/wp-content\/uploads\/sites\/2\/2013\/11\/capture-d_ecc81cran-2013-11-21-acc80-9-45-03-pm.png","contentUrl":"https:\/\/preprod.olympic.ca\/olympique\/wp-content\/uploads\/sites\/2\/2013\/11\/capture-d_ecc81cran-2013-11-21-acc80-9-45-03-pm.png","width":820,"height":657},{"@type":"WebSite","@id":"https:\/\/preprod.olympic.ca\/olympique\/#website","url":"https:\/\/preprod.olympic.ca\/olympique\/","name":"\u00c9quipe Canada | Site officiel de l&#039;\u00e9quipe olympique","description":"Votre source pour l\u2019\u00c9quipe olympique canadienne. Retrouvez les r\u00e9cits, vid\u00e9os et photos des athl\u00e8tes canadiens, sports olympiques, Jeux olympiques de 2020 et bien plus!","potentialAction":[{"@type":"SearchAction","target":{"@type":"EntryPoint","urlTemplate":"https:\/\/preprod.olympic.ca\/olympique\/?s={search_term_string}"},"query-input":{"@type":"PropertyValueSpecification","valueRequired":true,"valueName":"search_term_string"}}],"inLanguage":"fr-FR"},{"@type":"Person","@id":"https:\/\/preprod.olympic.ca\/olympique\/#\/schema\/person\/fcff0d04b3be8cf8db300b91bccb7af4","name":"Steve Boudreau","image":{"@type":"ImageObject","inLanguage":"fr-FR","@id":"https:\/\/secure.gravatar.com\/avatar\/336c6be93b523130336d384227371a495c6bb9057a12c48ad1770e1a6a57006b?s=96&d=identicon&r=geab05ffb592a23c798f7bf61ed1f5f18","url":"https:\/\/secure.gravatar.com\/avatar\/336c6be93b523130336d384227371a495c6bb9057a12c48ad1770e1a6a57006b?s=96&d=identicon&r=g","contentUrl":"https:\/\/secure.gravatar.com\/avatar\/336c6be93b523130336d384227371a495c6bb9057a12c48ad1770e1a6a57006b?s=96&d=identicon&r=g","caption":"Steve Boudreau"},"description":"R\u00e9dacteur, m\u00e9dias sociaux - @Sboudreau","sameAs":["http:\/\/sboudreau49.wordpress.com"],"url":"https:\/\/preprod.olympic.ca\/olympique\/author\/sboudreau2013\/"}]}},"jetpack_featured_media_url":"https:\/\/preprod.olympic.ca\/olympique\/wp-content\/uploads\/sites\/2\/2013\/11\/capture-d_ecc81cran-2013-11-21-acc80-9-45-03-pm.png","featured_image_url":"https:\/\/preprod.olympic.ca\/olympique\/wp-content\/uploads\/sites\/2\/2013\/11\/capture-d_ecc81cran-2013-11-21-acc80-9-45-03-pm.png","author_name":["Steve Boudreau"],"category_names":["Nouvelles"],"tag_names":["alex harvey","Canada","Mont-Sainte-Anne","Pierre Harvey","Quebec","Vancouver \u00bb"],"video_embed_code":"","facebook_video_embed_code":"","jetpack_sharing_enabled":true,"jetpack-related-posts":[],"jetpack_shortlink":"https:\/\/wp.me\/pcGHcP-mNF","_links":{"self":[{"href":"https:\/\/preprod.olympic.ca\/olympique\/wp-json\/wp\/v2\/posts\/87647","targetHints":{"allow":["GET"]}}],"collection":[{"href":"https:\/\/preprod.olympic.ca\/olympique\/wp-json\/wp\/v2\/posts"}],"about":[{"href":"https:\/\/preprod.olympic.ca\/olympique\/wp-json\/wp\/v2\/types\/post"}],"author":[{"embeddable":true,"href":"https:\/\/preprod.olympic.ca\/olympique\/wp-json\/wp\/v2\/users\/55751844"}],"replies":[{"embeddable":true,"href":"https:\/\/preprod.olympic.ca\/olympique\/wp-json\/wp\/v2\/comments?post=87647"}],"version-history":[{"count":10,"href":"https:\/\/preprod.olympic.ca\/olympique\/wp-json\/wp\/v2\/posts\/87647\/revisions"}],"predecessor-version":[{"id":88507,"href":"https:\/\/preprod.olympic.ca\/olympique\/wp-json\/wp\/v2\/posts\/87647\/revisions\/88507"}],"wp:featuredmedia":[{"embeddable":true,"href":"https:\/\/preprod.olympic.ca\/olympique\/wp-json\/wp\/v2\/media\/87704"}],"wp:attachment":[{"href":"https:\/\/preprod.olympic.ca\/olympique\/wp-json\/wp\/v2\/media?parent=87647"}],"wp:term":[{"taxonomy":"category","embeddable":true,"href":"https:\/\/preprod.olympic.ca\/olympique\/wp-json\/wp\/v2\/categories?post=87647"},{"taxonomy":"post_tag","embeddable":true,"href":"https:\/\/preprod.olympic.ca\/olympique\/wp-json\/wp\/v2\/tags?post=87647"},{"taxonomy":"post_format","embeddable":true,"href":"https:\/\/preprod.olympic.ca\/olympique\/wp-json\/wp\/v2\/post_format?post=87647"},{"taxonomy":"sport","embeddable":true,"href":"https:\/\/preprod.olympic.ca\/olympique\/wp-json\/wp\/v2\/sport?post=87647"},{"taxonomy":"game","embeddable":true,"href":"https:\/\/preprod.olympic.ca\/olympique\/wp-json\/wp\/v2\/game?post=87647"},{"taxonomy":"author","embeddable":true,"href":"https:\/\/preprod.olympic.ca\/olympique\/wp-json\/wp\/v2\/coauthors?post=87647"}],"curies":[{"name":"wp","href":"https:\/\/api.w.org\/{rel}","templated":true}]}}