{"id":87858,"date":"2013-12-03T12:36:26","date_gmt":"2013-12-03T17:36:26","guid":{"rendered":"http:\/\/olympique.ca\/?p=87858"},"modified":"2013-12-21T13:44:05","modified_gmt":"2013-12-21T18:44:05","slug":"et-si-une-formation-quebecoise-participait-au-tournoi-olympique-de-hockey","status":"publish","type":"post","link":"https:\/\/preprod.olympic.ca\/olympique\/2013\/12\/03\/et-si-une-formation-quebecoise-participait-au-tournoi-olympique-de-hockey\/","title":{"rendered":"Et si une formation qu\u00e9b\u00e9coise participait au tournoi olympique de hockey?"},"content":{"rendered":"<h1>Plus que quelques semaines avant que ne soit d\u00e9voil\u00e9e la liste des 25 joueurs qui repr\u00e9senteront le Canada aux Jeux olympiques de 2014 \u00e0 Sotchi. Avec un bassin d\u2019athl\u00e8tes si talentueux, nous savons tous \u00e0 quel point il est difficile de se tailler un poste au sein d\u2019\u00c9quipe Canada, ce qui explique pourquoi seulement un certain nombre de joueurs qu\u00e9b\u00e9cois r\u00e9ussiront \u00e0 percer l\u2019alignement. \u00c9tant les mordus de hockey que nous sommes, l\u2019\u00e9quipe d\u2019olympique.ca s\u2019est mise \u00e0 r\u00e9fl\u00e9chir sur la chose. Et si le Qu\u00e9bec pr\u00e9sentait sa propre \u00e9quipe au tournoi de hockey olympique en f\u00e9vrier? \u00c0 quoi cette formation fictive ressemblerait-elle? On jase l\u00e0.<\/h1>\n<p><strong><br \/>\nDIRECTEUR G\u00c9N\u00c9RAL<br \/>\n<\/strong><\/p>\n<p><strong>Marc Bergevin<br \/>\n<\/strong>Maintenant directeur g\u00e9n\u00e9ral des Canadiens de Montr\u00e9al depuis pr\u00e8s de deux ans, Marc Bergevin a fait du d\u00e9pistage de la LHJMQ une priorit\u00e9. Il conna\u00eet bien le march\u00e9 et l&rsquo;importance qu&rsquo;aurait cette \u00e9quipe pour la belle province.<br \/>\n<strong><br \/>\nLES ENTRA\u00ceNEURS<br \/>\n<\/strong><\/p>\n<p><strong>Entra\u00eeneur-chef : Alain Vigneault<\/strong><br \/>\nIl est l&rsquo;entra\u00eeneur qu\u00e9b\u00e9cois toujours actif ayant le plus d&rsquo;exp\u00e9rience \u00e0 la barre d&rsquo;une \u00e9quipe de la LNH.<\/p>\n<p><strong>Entra\u00eeneurs adjoints : Patrick Roy, Michel Therrien, Guy Boucher<\/strong><br \/>\nUn m\u00e9lange de passion, d&rsquo;exp\u00e9rience et de connaissances impressionnantes. Ces trois hommes sauront obtenir le meilleur de cette \u00e9quipe.<\/p>\n<h2>L&rsquo;ATTAQUE<\/h2>\n<p style=\"text-align:center;\"><a href=\"http:\/\/preprod.olympic.ca\/wp-content\/uploads\/sites\/2\/2013\/11\/5970848.jpg\"><img loading=\"lazy\" decoding=\"async\" class=\"aligncenter size-full wp-image-87863\" alt=\"Martin St Louis\" src=\"http:\/\/preprod.olympic.ca\/wp-content\/uploads\/sites\/2\/2013\/11\/5970848.jpg\" width=\"1360\" height=\"1635\" srcset=\"https:\/\/preprod.olympic.ca\/olympique\/wp-content\/uploads\/sites\/2\/2013\/11\/5970848.jpg 1663w, https:\/\/preprod.olympic.ca\/olympique\/wp-content\/uploads\/sites\/2\/2013\/11\/5970848.jpg?resize=131,158 131w, https:\/\/preprod.olympic.ca\/olympique\/wp-content\/uploads\/sites\/2\/2013\/11\/5970848.jpg?resize=308,371 308w, https:\/\/preprod.olympic.ca\/olympique\/wp-content\/uploads\/sites\/2\/2013\/11\/5970848.jpg?resize=768,924 768w, https:\/\/preprod.olympic.ca\/olympique\/wp-content\/uploads\/sites\/2\/2013\/11\/5970848.jpg?resize=627,754 627w, https:\/\/preprod.olympic.ca\/olympique\/wp-content\/uploads\/sites\/2\/2013\/11\/5970848.jpg?resize=1277,1536 1277w\" sizes=\"(max-width: 1360px) 100vw, 1360px\" \/><\/a><br \/>\n<strong><br \/>\nLes trios<\/strong><\/p>\n<p style=\"text-align:center;\"><strong>Pierre-Alexandre Parenteau &#8211;\u00a0Mike Ribeiro &#8211; Martin St. Louis (C)<\/strong><br \/>\n<strong> David Perron\u00a0&#8211; Vincent Lecavalier &#8211; Patrice Bergeron (A)<\/strong><br \/>\n<strong> Alexandre Burrows &#8211; Antoine Vermette &#8211; Pascal Dupuis<\/strong><br \/>\n<strong> Alex Tanguay &#8211; Jonathan Huberdeau &#8211; Maxime Talbot<\/strong><\/p>\n<p style=\"text-align:center;\">R\u00e9servistes : Daniel Bri\u00e8re, Pierre-Marc Bouchard, Derek Brassard<\/p>\n<p style=\"text-align:center;\">&#8212;&#8212;&#8212;&#8212;&#8212;&#8212;&#8212;<\/p>\n<p>Avec un premier trio compos\u00e9 de P.A. Parenteau, Mike Ribeiro et du capitaine Martin St.Louis, la formation qu\u00e9b\u00e9coise pourrait compter sur une v\u00e9ritable premi\u00e8re ligne capable de marquer de fa\u00e7on r\u00e9guli\u00e8re sur la sc\u00e8ne internationale. Il serait \u00e9galement int\u00e9ressant de voir de quoi Ribeiro serait capable avec autant de temps et d&rsquo;espace sur une surface olympique. Et que dire de St. Louis? Non seulement est-il le joueur actif qu\u00e9b\u00e9cois poss\u00e9dant le plus de points en carri\u00e8re, mais \u00e0 38 ans, il repr\u00e9sente toujours un danger pour l&rsquo;\u00e9quipe adverse; sa moyenne d&rsquo;un point par match cette saison en t\u00e9moigne. Son ancien co\u00e9quipier chez le Lightning, Vincent Lecavalier, retrouverait sa positon naturelle de centre au sein du deuxi\u00e8me trio en compagnie de Patrice Bergeron et David Perron qui conna\u00eet une saison tr\u00e8s productive avec sa nouvelle \u00e9quipe, les Oilers d&rsquo;Edmonton. Le troisi\u00e8me trio offrirait un m\u00e9lange de robustesse et de finesse. Comme joueur d&rsquo;impact dans les deux sens de la patinoire, Antoine Vermette serait un bon candidat pour piloter ce trio aux c\u00f4t\u00e9s d&rsquo;Alexandre Burrows et du v\u00e9t\u00e9ran Pascal Dupuis. \u00c9voluant r\u00e9guli\u00e8rement avec quelques-uns des plus talentueux joueurs de la LNH (Malkin, Crosby et les fr\u00e8res S\u00e9din), les deux ailiers pourraient facilement apporter un soutien offensif lorsque n\u00e9cessaire. Finalement, il serait bien difficile d&rsquo;exclure Maxime Talbot de l&rsquo;alignement partant. Le joueur de l&rsquo;Avalanche apporte \u00e9nergie et passion soir apr\u00e8s soir. Ses compagnons de trio, Alex Tanguay et la jeune sensation des Panthers, Jonathan Huberdeau, n\u2019auraient d&rsquo;autres choix que de le suivre.<\/p>\n<p><em>*\u00c0 noter que Jason Pominville et Paul Stasny ne figurent pas sur l&rsquo;alignement puisqu&rsquo;ils \u00e9voluent pour l&rsquo;\u00e9quipe nationale am\u00e9ricaine. Cette liste ne consid\u00e8re pas les pr\u00e9sentes blessures.<br \/>\n<\/em><\/p>\n<p class=\"jetpack-slideshow-noscript robots-nocontent\">This slideshow requires JavaScript.<\/p><div id=\"gallery-87858-1-slideshow\" class=\"jetpack-slideshow-window jetpack-slideshow jetpack-slideshow-black\" data-trans=\"fade\" data-autostart=\"1\" data-gallery=\"[{&quot;src&quot;:&quot;https:\\\/\\\/preprod.olympic.ca\\\/olympique\\\/wp-content\\\/uploads\\\/sites\\\/2\\\/2013\\\/11\\\/05163095.jpg?quality=100&quot;,&quot;id&quot;:&quot;87917&quot;,&quot;title&quot;:&quot;PA Parenteau;  Jonathan Bernier&quot;,&quot;alt&quot;:&quot;&quot;,&quot;caption&quot;:&quot;&quot;,&quot;itemprop&quot;:&quot;image&quot;},{&quot;src&quot;:&quot;https:\\\/\\\/preprod.olympic.ca\\\/olympique\\\/wp-content\\\/uploads\\\/sites\\\/2\\\/2013\\\/11\\\/02181093.jpg?quality=100&quot;,&quot;id&quot;:&quot;87916&quot;,&quot;title&quot;:&quot;Mike Ribeiro&quot;,&quot;alt&quot;:&quot;&quot;,&quot;caption&quot;:&quot;&quot;,&quot;itemprop&quot;:&quot;image&quot;},{&quot;src&quot;:&quot;https:\\\/\\\/preprod.olympic.ca\\\/olympique\\\/wp-content\\\/uploads\\\/sites\\\/2\\\/2013\\\/11\\\/01786081.jpg?quality=100&quot;,&quot;id&quot;:&quot;87915&quot;,&quot;title&quot;:&quot;Patrice Bergeron Craig Anderson&quot;,&quot;alt&quot;:&quot;&quot;,&quot;caption&quot;:&quot;&quot;,&quot;itemprop&quot;:&quot;image&quot;},{&quot;src&quot;:&quot;https:\\\/\\\/preprod.olympic.ca\\\/olympique\\\/wp-content\\\/uploads\\\/sites\\\/2\\\/2013\\\/11\\\/1957022.jpg?quality=100&quot;,&quot;id&quot;:&quot;87914&quot;,&quot;title&quot;:&quot;ALEXANDRE BURROWS&quot;,&quot;alt&quot;:&quot;&quot;,&quot;caption&quot;:&quot;&quot;,&quot;itemprop&quot;:&quot;image&quot;},{&quot;src&quot;:&quot;https:\\\/\\\/preprod.olympic.ca\\\/olympique\\\/wp-content\\\/uploads\\\/sites\\\/2\\\/2013\\\/11\\\/02316947.jpg?quality=100&quot;,&quot;id&quot;:&quot;87913&quot;,&quot;title&quot;:&quot;Antoine Vermette&quot;,&quot;alt&quot;:&quot;&quot;,&quot;caption&quot;:&quot;&quot;,&quot;itemprop&quot;:&quot;image&quot;},{&quot;src&quot;:&quot;https:\\\/\\\/preprod.olympic.ca\\\/olympique\\\/wp-content\\\/uploads\\\/sites\\\/2\\\/2013\\\/11\\\/04141418.jpg?quality=100&quot;,&quot;id&quot;:&quot;87912&quot;,&quot;title&quot;:&quot;Pascal Dupuis; Phil Kessel&quot;,&quot;alt&quot;:&quot;&quot;,&quot;caption&quot;:&quot;&quot;,&quot;itemprop&quot;:&quot;image&quot;},{&quot;src&quot;:&quot;https:\\\/\\\/preprod.olympic.ca\\\/olympique\\\/wp-content\\\/uploads\\\/sites\\\/2\\\/2013\\\/11\\\/03840246.jpg?quality=100&quot;,&quot;id&quot;:&quot;87911&quot;,&quot;title&quot;:&quot;Alex Tanguay&quot;,&quot;alt&quot;:&quot;&quot;,&quot;caption&quot;:&quot;&quot;,&quot;itemprop&quot;:&quot;image&quot;},{&quot;src&quot;:&quot;https:\\\/\\\/preprod.olympic.ca\\\/olympique\\\/wp-content\\\/uploads\\\/sites\\\/2\\\/2013\\\/11\\\/05391469.jpg?quality=100&quot;,&quot;id&quot;:&quot;87910&quot;,&quot;title&quot;:&quot;Jonathan Huberdeau Roberto Luongo&quot;,&quot;alt&quot;:&quot;&quot;,&quot;caption&quot;:&quot;&quot;,&quot;itemprop&quot;:&quot;image&quot;},{&quot;src&quot;:&quot;https:\\\/\\\/preprod.olympic.ca\\\/olympique\\\/wp-content\\\/uploads\\\/sites\\\/2\\\/2013\\\/11\\\/6868808.jpg?quality=100&quot;,&quot;id&quot;:&quot;87909&quot;,&quot;title&quot;:&quot;Maxime Talbot&quot;,&quot;alt&quot;:&quot;&quot;,&quot;caption&quot;:&quot;&quot;,&quot;itemprop&quot;:&quot;image&quot;},{&quot;src&quot;:&quot;https:\\\/\\\/preprod.olympic.ca\\\/olympique\\\/wp-content\\\/uploads\\\/sites\\\/2\\\/2013\\\/11\\\/5970848.jpg?quality=100&quot;,&quot;id&quot;:&quot;87863&quot;,&quot;title&quot;:&quot;Martin St Louis&quot;,&quot;alt&quot;:&quot;&quot;,&quot;caption&quot;:&quot;&quot;,&quot;itemprop&quot;:&quot;image&quot;},{&quot;src&quot;:&quot;https:\\\/\\\/preprod.olympic.ca\\\/olympique\\\/wp-content\\\/uploads\\\/sites\\\/2\\\/2013\\\/11\\\/053728161.jpg?quality=100&quot;,&quot;id&quot;:&quot;87918&quot;,&quot;title&quot;:&quot;Ryan Smyth, David Perron&quot;,&quot;alt&quot;:&quot;&quot;,&quot;caption&quot;:&quot;&quot;,&quot;itemprop&quot;:&quot;image&quot;},{&quot;src&quot;:&quot;https:\\\/\\\/preprod.olympic.ca\\\/olympique\\\/wp-content\\\/uploads\\\/sites\\\/2\\\/2013\\\/11\\\/051481021.jpg?quality=100&quot;,&quot;id&quot;:&quot;87919&quot;,&quot;title&quot;:&quot;Vincent Lecavalier, Josh Gorges, Carey Price,&quot;,&quot;alt&quot;:&quot;&quot;,&quot;caption&quot;:&quot;&quot;,&quot;itemprop&quot;:&quot;image&quot;}]\" itemscope itemtype=\"https:\/\/schema.org\/ImageGallery\"><\/div>\n<h2>LA D\u00c9FENSE<\/h2>\n<p><a href=\"http:\/\/preprod.olympic.ca\/wp-content\/uploads\/sites\/2\/2013\/11\/02029303.jpg\"><img loading=\"lazy\" decoding=\"async\" class=\"aligncenter size-full wp-image-87862\" alt=\"Kris Letang\" src=\"http:\/\/preprod.olympic.ca\/wp-content\/uploads\/sites\/2\/2013\/11\/02029303.jpg\" width=\"1360\" height=\"844\" srcset=\"https:\/\/preprod.olympic.ca\/olympique\/wp-content\/uploads\/sites\/2\/2013\/11\/02029303.jpg 2503w, https:\/\/preprod.olympic.ca\/olympique\/wp-content\/uploads\/sites\/2\/2013\/11\/02029303.jpg?resize=254,158 254w, https:\/\/preprod.olympic.ca\/olympique\/wp-content\/uploads\/sites\/2\/2013\/11\/02029303.jpg?resize=598,371 598w, https:\/\/preprod.olympic.ca\/olympique\/wp-content\/uploads\/sites\/2\/2013\/11\/02029303.jpg?resize=768,477 768w, https:\/\/preprod.olympic.ca\/olympique\/wp-content\/uploads\/sites\/2\/2013\/11\/02029303.jpg?resize=1214,754 1214w, https:\/\/preprod.olympic.ca\/olympique\/wp-content\/uploads\/sites\/2\/2013\/11\/02029303.jpg?resize=1536,954 1536w, https:\/\/preprod.olympic.ca\/olympique\/wp-content\/uploads\/sites\/2\/2013\/11\/02029303.jpg?resize=2048,1272 2048w\" sizes=\"(max-width: 1360px) 100vw, 1360px\" \/><\/a><\/p>\n<p style=\"text-align:center;\"><strong>Les duos<\/strong><\/p>\n<p style=\"text-align:center;\"><strong>Fran\u00e7ois Beauchemin &#8211; Kristopher Letang (A)<\/strong><br \/>\n<strong> Marc-Edouard Vlasic &#8211; Stephan Robidas<\/strong><br \/>\n<strong> Marco Scandella &#8211; Jason Demers<\/strong><\/p>\n<p style=\"text-align:center;\">R\u00e9servistes : David Savard, Mark Barberio<\/p>\n<p style=\"text-align:center;\">&#8212;&#8212;&#8212;&#8212;&#8212;&#8212;&#8212;<\/p>\n<p>Force est d&rsquo;admettre que les d\u00e9fenseurs d&rsquo;origine qu\u00e9b\u00e9coise sont une denr\u00e9e rare dans la LNH. La ligne bleu du Qu\u00e9bec aurait un potentiel int\u00e9ressant malgr\u00e9\u00a0le manque de\u00a0profondeur; \u00e0 condition de rester en sant\u00e9. Nul doute que Kristopher Letang repr\u00e9senterait un \u00e9l\u00e9ment-cl\u00e9 dans toutes les facettes du jeu. Il serait donc difficile d&rsquo;exclure le quart-arri\u00e8re vedette des Pingouins de Pittsburgh de cette \u00e9quipe. Son partenaire, Fran\u00e7ois Beauchemin, pourrait s&rsquo;av\u00e9rer \u00eatre\u00a0un bon compl\u00e9ment \u00e0 son jeu explosif et parfois risqu\u00e9. La paire d\u00e9fensive form\u00e9e de Marc-Edouard Vlasic et Stephan Robidas offrirait une protection solide en zone d\u00e9fensive tout en cr\u00e9ant quelques occasions du c\u00f4t\u00e9 offensif. Reste \u00e0 savoir \u00e0 quel point ils seraient compatibles sur la glace olympique. En revanche, il faudrait parier sur une pr\u00e9sence limit\u00e9e de la troisi\u00e8me paire de d\u00e9fenseurs d&rsquo;\u00c9quipe Qu\u00e9bec. Jason Demers et Marco Scandella totalisent moins de 350 matchs disput\u00e9s dans la LNH. Ils sont dou\u00e9s, mais manquent un peu d&rsquo;exp\u00e9rience.<\/p>\n<h2>LES GARDIENS<\/h2>\n<p><a href=\"http:\/\/preprod.olympic.ca\/wp-content\/uploads\/sites\/2\/2013\/11\/00570442.jpg\"><img loading=\"lazy\" decoding=\"async\" class=\"aligncenter size-full wp-image-87861\" alt=\"Corey Crawford, Roberto Luongo\" src=\"http:\/\/preprod.olympic.ca\/wp-content\/uploads\/sites\/2\/2013\/11\/00570442.jpg\" width=\"1360\" height=\"907\" srcset=\"https:\/\/preprod.olympic.ca\/olympique\/wp-content\/uploads\/sites\/2\/2013\/11\/00570442.jpg 2997w, https:\/\/preprod.olympic.ca\/olympique\/wp-content\/uploads\/sites\/2\/2013\/11\/00570442.jpg?resize=237,158 237w, https:\/\/preprod.olympic.ca\/olympique\/wp-content\/uploads\/sites\/2\/2013\/11\/00570442.jpg?resize=556,371 556w, https:\/\/preprod.olympic.ca\/olympique\/wp-content\/uploads\/sites\/2\/2013\/11\/00570442.jpg?resize=768,513 768w, https:\/\/preprod.olympic.ca\/olympique\/wp-content\/uploads\/sites\/2\/2013\/11\/00570442.jpg?resize=1130,754 1130w, https:\/\/preprod.olympic.ca\/olympique\/wp-content\/uploads\/sites\/2\/2013\/11\/00570442.jpg?resize=1536,1025 1536w, https:\/\/preprod.olympic.ca\/olympique\/wp-content\/uploads\/sites\/2\/2013\/11\/00570442.jpg?resize=2048,1367 2048w\" sizes=\"(max-width: 1360px) 100vw, 1360px\" \/><\/a><\/p>\n<p style=\"text-align:center;\"><strong>Entre les poteaux<\/strong><\/p>\n<p style=\"text-align:center;\"><strong>Roberto Luongo<\/strong><br \/>\n<strong> Corey Crawford<\/strong><br \/>\n<strong> Marc-Andr\u00e9 Fleury<\/strong><\/p>\n<p style=\"text-align:center;\">&#8212;&#8212;&#8212;&#8212;&#8212;&#8212;&#8212;<\/p>\n<p>La lutte pour le poste du gardien partant serait chaudement disput\u00e9e entre le champion de la derni\u00e8re Coupe Stanley Corey Crawford et l&rsquo;homme qui a remporter l&rsquo;or \u00e0 Vancouver pour le Canada, Roberto Luongo. Puisque qu&rsquo;il faut choisir, nous pr\u00e9sumons que Luongo aurait le r\u00f4le de gardien partant en raison de son exp\u00e9rience olympique. Cela dit, Crawford pourrait ais\u00e9ment prendre le relais si jamais Luongo connaissait des difficult\u00e9s. Malgr\u00e9 un retour en force cette saison, Marc-Andr\u00e9 Fleury serait relay\u00e9 \u00e0 un r\u00f4le de spectateur en tant que troisi\u00e8me cerb\u00e8re qu\u00e9b\u00e9cois.<\/p>\n","protected":false},"excerpt":{"rendered":"<p>Plus que quelques semaines avant que ne soit d\u00e9voil\u00e9e la liste des 25 joueurs qui repr\u00e9senteront le Canada aux Jeux&#8230;<\/p>\n","protected":false},"author":55751844,"featured_media":88103,"comment_status":"open","ping_status":"open","sticky":false,"template":"","format":"standard","meta":{"_acf_changed":false,"_jetpack_memberships_contains_paid_content":false,"footnotes":""},"categories":[16085],"tags":[1638515,59054273,876506,1789579,1747702,56943,56275,829542],"post_format":"standard","sport":[891977],"game":[191933058],"coauthors":[197551639],"class_list":["post-87858","post","type-post","status-publish","format-standard","has-post-thumbnail","hentry","category-nouvelles","tag-jason-pominville","tag-marc-bergevin","tag-marc-andre-fleury","tag-mike-ribeiro","tag-pierre-marc-bouchard","tag-quebec","tag-quebecois","tag-vincent-lecavalier","sport-hockey-sur-glace","game-2014-sotchi"],"acf":[],"yoast_head":"<!-- This site is optimized with the Yoast SEO plugin v27.3 - https:\/\/yoast.com\/product\/yoast-seo-wordpress\/ -->\n<title>Et si une formation qu\u00e9b\u00e9coise participait au tournoi olympique de hockey? - \u00c9quipe Canada | Site officiel de l&#039;\u00e9quipe olympique<\/title>\n<meta name=\"robots\" content=\"index, follow, max-snippet:-1, max-image-preview:large, max-video-preview:-1\" \/>\n<link rel=\"canonical\" href=\"https:\/\/preprod.olympic.ca\/olympique\/2013\/12\/03\/et-si-une-formation-quebecoise-participait-au-tournoi-olympique-de-hockey\/\" \/>\n<meta property=\"og:locale\" content=\"fr_FR\" \/>\n<meta property=\"og:type\" content=\"article\" \/>\n<meta property=\"og:title\" content=\"Et si une formation qu\u00e9b\u00e9coise participait au tournoi olympique de hockey? - \u00c9quipe Canada | Site officiel de l&#039;\u00e9quipe olympique\" \/>\n<meta property=\"og:description\" content=\"Plus que quelques semaines avant que ne soit d\u00e9voil\u00e9e la liste des 25 joueurs qui repr\u00e9senteront le Canada aux Jeux...\" \/>\n<meta property=\"og:url\" content=\"https:\/\/preprod.olympic.ca\/olympique\/2013\/12\/03\/et-si-une-formation-quebecoise-participait-au-tournoi-olympique-de-hockey\/\" \/>\n<meta property=\"og:site_name\" content=\"\u00c9quipe Canada | Site officiel de l&#039;\u00e9quipe olympique\" \/>\n<meta property=\"article:published_time\" content=\"2013-12-03T17:36:26+00:00\" \/>\n<meta property=\"article:modified_time\" content=\"2013-12-21T18:44:05+00:00\" \/>\n<meta property=\"og:image\" content=\"https:\/\/preprod.olympic.ca\/olympique\/wp-content\/uploads\/sites\/2\/2013\/12\/capture-d_ecc81cran-2013-12-03-acc80-12-04-27-pm.png\" \/>\n\t<meta property=\"og:image:width\" content=\"1338\" \/>\n\t<meta property=\"og:image:height\" content=\"752\" \/>\n\t<meta property=\"og:image:type\" content=\"image\/png\" \/>\n<meta name=\"author\" content=\"Steve Boudreau\" \/>\n<meta name=\"twitter:card\" content=\"summary_large_image\" \/>\n<meta name=\"twitter:label1\" content=\"Written by\" \/>\n\t<meta name=\"twitter:data1\" content=\"Steve Boudreau\" \/>\n\t<meta name=\"twitter:label2\" content=\"Est. reading time\" \/>\n\t<meta name=\"twitter:data2\" content=\"5 minutes\" \/>\n<script type=\"application\/ld+json\" class=\"yoast-schema-graph\">{\"@context\":\"https:\\\/\\\/schema.org\",\"@graph\":[{\"@type\":\"Article\",\"@id\":\"https:\\\/\\\/preprod.olympic.ca\\\/olympique\\\/2013\\\/12\\\/03\\\/et-si-une-formation-quebecoise-participait-au-tournoi-olympique-de-hockey\\\/#article\",\"isPartOf\":{\"@id\":\"https:\\\/\\\/preprod.olympic.ca\\\/olympique\\\/2013\\\/12\\\/03\\\/et-si-une-formation-quebecoise-participait-au-tournoi-olympique-de-hockey\\\/\"},\"author\":{\"name\":\"Steve Boudreau\",\"@id\":\"https:\\\/\\\/preprod.olympic.ca\\\/olympique\\\/#\\\/schema\\\/person\\\/fcff0d04b3be8cf8db300b91bccb7af4\"},\"headline\":\"Et si une formation qu\u00e9b\u00e9coise participait au tournoi olympique de hockey?\",\"datePublished\":\"2013-12-03T17:36:26+00:00\",\"dateModified\":\"2013-12-21T18:44:05+00:00\",\"mainEntityOfPage\":{\"@id\":\"https:\\\/\\\/preprod.olympic.ca\\\/olympique\\\/2013\\\/12\\\/03\\\/et-si-une-formation-quebecoise-participait-au-tournoi-olympique-de-hockey\\\/\"},\"wordCount\":947,\"commentCount\":11,\"image\":{\"@id\":\"https:\\\/\\\/preprod.olympic.ca\\\/olympique\\\/2013\\\/12\\\/03\\\/et-si-une-formation-quebecoise-participait-au-tournoi-olympique-de-hockey\\\/#primaryimage\"},\"thumbnailUrl\":\"https:\\\/\\\/preprod.olympic.ca\\\/olympique\\\/wp-content\\\/uploads\\\/sites\\\/2\\\/2013\\\/12\\\/capture-d_ecc81cran-2013-12-03-acc80-12-04-27-pm.png\",\"keywords\":[\"Jason Pominville\",\"Marc Bergevin\",\"Marc-Andr\u00e9 Fleury\",\"Mike Ribeiro\",\"Pierre-Marc Bouchard\",\"Quebec\",\"qu\u00e9b\u00e9cois\",\"Vincent Lecavalier\"],\"articleSection\":[\"Nouvelles\"],\"inLanguage\":\"fr-FR\",\"potentialAction\":[{\"@type\":\"CommentAction\",\"name\":\"Comment\",\"target\":[\"https:\\\/\\\/preprod.olympic.ca\\\/olympique\\\/2013\\\/12\\\/03\\\/et-si-une-formation-quebecoise-participait-au-tournoi-olympique-de-hockey\\\/#respond\"]}]},{\"@type\":\"WebPage\",\"@id\":\"https:\\\/\\\/preprod.olympic.ca\\\/olympique\\\/2013\\\/12\\\/03\\\/et-si-une-formation-quebecoise-participait-au-tournoi-olympique-de-hockey\\\/\",\"url\":\"https:\\\/\\\/preprod.olympic.ca\\\/olympique\\\/2013\\\/12\\\/03\\\/et-si-une-formation-quebecoise-participait-au-tournoi-olympique-de-hockey\\\/\",\"name\":\"Et si une formation qu\u00e9b\u00e9coise participait au tournoi olympique de hockey? - \u00c9quipe Canada | Site officiel de l&#039;\u00e9quipe olympique\",\"isPartOf\":{\"@id\":\"https:\\\/\\\/preprod.olympic.ca\\\/olympique\\\/#website\"},\"primaryImageOfPage\":{\"@id\":\"https:\\\/\\\/preprod.olympic.ca\\\/olympique\\\/2013\\\/12\\\/03\\\/et-si-une-formation-quebecoise-participait-au-tournoi-olympique-de-hockey\\\/#primaryimage\"},\"image\":{\"@id\":\"https:\\\/\\\/preprod.olympic.ca\\\/olympique\\\/2013\\\/12\\\/03\\\/et-si-une-formation-quebecoise-participait-au-tournoi-olympique-de-hockey\\\/#primaryimage\"},\"thumbnailUrl\":\"https:\\\/\\\/preprod.olympic.ca\\\/olympique\\\/wp-content\\\/uploads\\\/sites\\\/2\\\/2013\\\/12\\\/capture-d_ecc81cran-2013-12-03-acc80-12-04-27-pm.png\",\"datePublished\":\"2013-12-03T17:36:26+00:00\",\"dateModified\":\"2013-12-21T18:44:05+00:00\",\"author\":{\"@id\":\"https:\\\/\\\/preprod.olympic.ca\\\/olympique\\\/#\\\/schema\\\/person\\\/fcff0d04b3be8cf8db300b91bccb7af4\"},\"inLanguage\":\"fr-FR\",\"potentialAction\":[{\"@type\":\"ReadAction\",\"target\":[\"https:\\\/\\\/preprod.olympic.ca\\\/olympique\\\/2013\\\/12\\\/03\\\/et-si-une-formation-quebecoise-participait-au-tournoi-olympique-de-hockey\\\/\"]}]},{\"@type\":\"ImageObject\",\"inLanguage\":\"fr-FR\",\"@id\":\"https:\\\/\\\/preprod.olympic.ca\\\/olympique\\\/2013\\\/12\\\/03\\\/et-si-une-formation-quebecoise-participait-au-tournoi-olympique-de-hockey\\\/#primaryimage\",\"url\":\"https:\\\/\\\/preprod.olympic.ca\\\/olympique\\\/wp-content\\\/uploads\\\/sites\\\/2\\\/2013\\\/12\\\/capture-d_ecc81cran-2013-12-03-acc80-12-04-27-pm.png\",\"contentUrl\":\"https:\\\/\\\/preprod.olympic.ca\\\/olympique\\\/wp-content\\\/uploads\\\/sites\\\/2\\\/2013\\\/12\\\/capture-d_ecc81cran-2013-12-03-acc80-12-04-27-pm.png\",\"width\":1338,\"height\":752},{\"@type\":\"WebSite\",\"@id\":\"https:\\\/\\\/preprod.olympic.ca\\\/olympique\\\/#website\",\"url\":\"https:\\\/\\\/preprod.olympic.ca\\\/olympique\\\/\",\"name\":\"\u00c9quipe Canada | Site officiel de l&#039;\u00e9quipe olympique\",\"description\":\"Votre source pour l\u2019\u00c9quipe olympique canadienne. Retrouvez les r\u00e9cits, vid\u00e9os et photos des athl\u00e8tes canadiens, sports olympiques, Jeux olympiques de 2020 et bien plus!\",\"potentialAction\":[{\"@type\":\"SearchAction\",\"target\":{\"@type\":\"EntryPoint\",\"urlTemplate\":\"https:\\\/\\\/preprod.olympic.ca\\\/olympique\\\/?s={search_term_string}\"},\"query-input\":{\"@type\":\"PropertyValueSpecification\",\"valueRequired\":true,\"valueName\":\"search_term_string\"}}],\"inLanguage\":\"fr-FR\"},{\"@type\":\"Person\",\"@id\":\"https:\\\/\\\/preprod.olympic.ca\\\/olympique\\\/#\\\/schema\\\/person\\\/fcff0d04b3be8cf8db300b91bccb7af4\",\"name\":\"Steve Boudreau\",\"image\":{\"@type\":\"ImageObject\",\"inLanguage\":\"fr-FR\",\"@id\":\"https:\\\/\\\/secure.gravatar.com\\\/avatar\\\/336c6be93b523130336d384227371a495c6bb9057a12c48ad1770e1a6a57006b?s=96&d=identicon&r=geab05ffb592a23c798f7bf61ed1f5f18\",\"url\":\"https:\\\/\\\/secure.gravatar.com\\\/avatar\\\/336c6be93b523130336d384227371a495c6bb9057a12c48ad1770e1a6a57006b?s=96&d=identicon&r=g\",\"contentUrl\":\"https:\\\/\\\/secure.gravatar.com\\\/avatar\\\/336c6be93b523130336d384227371a495c6bb9057a12c48ad1770e1a6a57006b?s=96&d=identicon&r=g\",\"caption\":\"Steve Boudreau\"},\"description\":\"R\u00e9dacteur, m\u00e9dias sociaux - @Sboudreau\",\"sameAs\":[\"http:\\\/\\\/sboudreau49.wordpress.com\"],\"url\":\"https:\\\/\\\/preprod.olympic.ca\\\/olympique\\\/author\\\/sboudreau2013\\\/\"}]}<\/script>\n<!-- \/ Yoast SEO plugin. -->","yoast_head_json":{"title":"Et si une formation qu\u00e9b\u00e9coise participait au tournoi olympique de hockey? - \u00c9quipe Canada | Site officiel de l&#039;\u00e9quipe olympique","robots":{"index":"index","follow":"follow","max-snippet":"max-snippet:-1","max-image-preview":"max-image-preview:large","max-video-preview":"max-video-preview:-1"},"canonical":"https:\/\/preprod.olympic.ca\/olympique\/2013\/12\/03\/et-si-une-formation-quebecoise-participait-au-tournoi-olympique-de-hockey\/","og_locale":"fr_FR","og_type":"article","og_title":"Et si une formation qu\u00e9b\u00e9coise participait au tournoi olympique de hockey? - \u00c9quipe Canada | Site officiel de l&#039;\u00e9quipe olympique","og_description":"Plus que quelques semaines avant que ne soit d\u00e9voil\u00e9e la liste des 25 joueurs qui repr\u00e9senteront le Canada aux Jeux...","og_url":"https:\/\/preprod.olympic.ca\/olympique\/2013\/12\/03\/et-si-une-formation-quebecoise-participait-au-tournoi-olympique-de-hockey\/","og_site_name":"\u00c9quipe Canada | Site officiel de l&#039;\u00e9quipe olympique","article_published_time":"2013-12-03T17:36:26+00:00","article_modified_time":"2013-12-21T18:44:05+00:00","og_image":[{"width":1338,"height":752,"url":"https:\/\/preprod.olympic.ca\/olympique\/wp-content\/uploads\/sites\/2\/2013\/12\/capture-d_ecc81cran-2013-12-03-acc80-12-04-27-pm.png","type":"image\/png"}],"author":"Steve Boudreau","twitter_card":"summary_large_image","twitter_misc":{"Written by":"Steve Boudreau","Est. reading time":"5 minutes"},"schema":{"@context":"https:\/\/schema.org","@graph":[{"@type":"Article","@id":"https:\/\/preprod.olympic.ca\/olympique\/2013\/12\/03\/et-si-une-formation-quebecoise-participait-au-tournoi-olympique-de-hockey\/#article","isPartOf":{"@id":"https:\/\/preprod.olympic.ca\/olympique\/2013\/12\/03\/et-si-une-formation-quebecoise-participait-au-tournoi-olympique-de-hockey\/"},"author":{"name":"Steve Boudreau","@id":"https:\/\/preprod.olympic.ca\/olympique\/#\/schema\/person\/fcff0d04b3be8cf8db300b91bccb7af4"},"headline":"Et si une formation qu\u00e9b\u00e9coise participait au tournoi olympique de hockey?","datePublished":"2013-12-03T17:36:26+00:00","dateModified":"2013-12-21T18:44:05+00:00","mainEntityOfPage":{"@id":"https:\/\/preprod.olympic.ca\/olympique\/2013\/12\/03\/et-si-une-formation-quebecoise-participait-au-tournoi-olympique-de-hockey\/"},"wordCount":947,"commentCount":11,"image":{"@id":"https:\/\/preprod.olympic.ca\/olympique\/2013\/12\/03\/et-si-une-formation-quebecoise-participait-au-tournoi-olympique-de-hockey\/#primaryimage"},"thumbnailUrl":"https:\/\/preprod.olympic.ca\/olympique\/wp-content\/uploads\/sites\/2\/2013\/12\/capture-d_ecc81cran-2013-12-03-acc80-12-04-27-pm.png","keywords":["Jason Pominville","Marc Bergevin","Marc-Andr\u00e9 Fleury","Mike Ribeiro","Pierre-Marc Bouchard","Quebec","qu\u00e9b\u00e9cois","Vincent Lecavalier"],"articleSection":["Nouvelles"],"inLanguage":"fr-FR","potentialAction":[{"@type":"CommentAction","name":"Comment","target":["https:\/\/preprod.olympic.ca\/olympique\/2013\/12\/03\/et-si-une-formation-quebecoise-participait-au-tournoi-olympique-de-hockey\/#respond"]}]},{"@type":"WebPage","@id":"https:\/\/preprod.olympic.ca\/olympique\/2013\/12\/03\/et-si-une-formation-quebecoise-participait-au-tournoi-olympique-de-hockey\/","url":"https:\/\/preprod.olympic.ca\/olympique\/2013\/12\/03\/et-si-une-formation-quebecoise-participait-au-tournoi-olympique-de-hockey\/","name":"Et si une formation qu\u00e9b\u00e9coise participait au tournoi olympique de hockey? - \u00c9quipe Canada | Site officiel de l&#039;\u00e9quipe olympique","isPartOf":{"@id":"https:\/\/preprod.olympic.ca\/olympique\/#website"},"primaryImageOfPage":{"@id":"https:\/\/preprod.olympic.ca\/olympique\/2013\/12\/03\/et-si-une-formation-quebecoise-participait-au-tournoi-olympique-de-hockey\/#primaryimage"},"image":{"@id":"https:\/\/preprod.olympic.ca\/olympique\/2013\/12\/03\/et-si-une-formation-quebecoise-participait-au-tournoi-olympique-de-hockey\/#primaryimage"},"thumbnailUrl":"https:\/\/preprod.olympic.ca\/olympique\/wp-content\/uploads\/sites\/2\/2013\/12\/capture-d_ecc81cran-2013-12-03-acc80-12-04-27-pm.png","datePublished":"2013-12-03T17:36:26+00:00","dateModified":"2013-12-21T18:44:05+00:00","author":{"@id":"https:\/\/preprod.olympic.ca\/olympique\/#\/schema\/person\/fcff0d04b3be8cf8db300b91bccb7af4"},"inLanguage":"fr-FR","potentialAction":[{"@type":"ReadAction","target":["https:\/\/preprod.olympic.ca\/olympique\/2013\/12\/03\/et-si-une-formation-quebecoise-participait-au-tournoi-olympique-de-hockey\/"]}]},{"@type":"ImageObject","inLanguage":"fr-FR","@id":"https:\/\/preprod.olympic.ca\/olympique\/2013\/12\/03\/et-si-une-formation-quebecoise-participait-au-tournoi-olympique-de-hockey\/#primaryimage","url":"https:\/\/preprod.olympic.ca\/olympique\/wp-content\/uploads\/sites\/2\/2013\/12\/capture-d_ecc81cran-2013-12-03-acc80-12-04-27-pm.png","contentUrl":"https:\/\/preprod.olympic.ca\/olympique\/wp-content\/uploads\/sites\/2\/2013\/12\/capture-d_ecc81cran-2013-12-03-acc80-12-04-27-pm.png","width":1338,"height":752},{"@type":"WebSite","@id":"https:\/\/preprod.olympic.ca\/olympique\/#website","url":"https:\/\/preprod.olympic.ca\/olympique\/","name":"\u00c9quipe Canada | Site officiel de l&#039;\u00e9quipe olympique","description":"Votre source pour l\u2019\u00c9quipe olympique canadienne. Retrouvez les r\u00e9cits, vid\u00e9os et photos des athl\u00e8tes canadiens, sports olympiques, Jeux olympiques de 2020 et bien plus!","potentialAction":[{"@type":"SearchAction","target":{"@type":"EntryPoint","urlTemplate":"https:\/\/preprod.olympic.ca\/olympique\/?s={search_term_string}"},"query-input":{"@type":"PropertyValueSpecification","valueRequired":true,"valueName":"search_term_string"}}],"inLanguage":"fr-FR"},{"@type":"Person","@id":"https:\/\/preprod.olympic.ca\/olympique\/#\/schema\/person\/fcff0d04b3be8cf8db300b91bccb7af4","name":"Steve Boudreau","image":{"@type":"ImageObject","inLanguage":"fr-FR","@id":"https:\/\/secure.gravatar.com\/avatar\/336c6be93b523130336d384227371a495c6bb9057a12c48ad1770e1a6a57006b?s=96&d=identicon&r=geab05ffb592a23c798f7bf61ed1f5f18","url":"https:\/\/secure.gravatar.com\/avatar\/336c6be93b523130336d384227371a495c6bb9057a12c48ad1770e1a6a57006b?s=96&d=identicon&r=g","contentUrl":"https:\/\/secure.gravatar.com\/avatar\/336c6be93b523130336d384227371a495c6bb9057a12c48ad1770e1a6a57006b?s=96&d=identicon&r=g","caption":"Steve Boudreau"},"description":"R\u00e9dacteur, m\u00e9dias sociaux - @Sboudreau","sameAs":["http:\/\/sboudreau49.wordpress.com"],"url":"https:\/\/preprod.olympic.ca\/olympique\/author\/sboudreau2013\/"}]}},"jetpack_featured_media_url":"https:\/\/preprod.olympic.ca\/olympique\/wp-content\/uploads\/sites\/2\/2013\/12\/capture-d_ecc81cran-2013-12-03-acc80-12-04-27-pm.png","featured_image_url":"https:\/\/preprod.olympic.ca\/olympique\/wp-content\/uploads\/sites\/2\/2013\/12\/capture-d_ecc81cran-2013-12-03-acc80-12-04-27-pm.png","author_name":["Steve Boudreau"],"category_names":["Nouvelles"],"tag_names":["Jason Pominville","Marc Bergevin","Marc-Andr\u00e9 Fleury","Mike Ribeiro","Pierre-Marc Bouchard","Quebec","qu\u00e9b\u00e9cois","Vincent Lecavalier"],"video_embed_code":"","facebook_video_embed_code":"","jetpack_sharing_enabled":true,"jetpack-related-posts":[],"jetpack_shortlink":"https:\/\/wp.me\/pcGHcP-mR4","_links":{"self":[{"href":"https:\/\/preprod.olympic.ca\/olympique\/wp-json\/wp\/v2\/posts\/87858","targetHints":{"allow":["GET"]}}],"collection":[{"href":"https:\/\/preprod.olympic.ca\/olympique\/wp-json\/wp\/v2\/posts"}],"about":[{"href":"https:\/\/preprod.olympic.ca\/olympique\/wp-json\/wp\/v2\/types\/post"}],"author":[{"embeddable":true,"href":"https:\/\/preprod.olympic.ca\/olympique\/wp-json\/wp\/v2\/users\/55751844"}],"replies":[{"embeddable":true,"href":"https:\/\/preprod.olympic.ca\/olympique\/wp-json\/wp\/v2\/comments?post=87858"}],"version-history":[{"count":33,"href":"https:\/\/preprod.olympic.ca\/olympique\/wp-json\/wp\/v2\/posts\/87858\/revisions"}],"predecessor-version":[{"id":88315,"href":"https:\/\/preprod.olympic.ca\/olympique\/wp-json\/wp\/v2\/posts\/87858\/revisions\/88315"}],"wp:featuredmedia":[{"embeddable":true,"href":"https:\/\/preprod.olympic.ca\/olympique\/wp-json\/wp\/v2\/media\/88103"}],"wp:attachment":[{"href":"https:\/\/preprod.olympic.ca\/olympique\/wp-json\/wp\/v2\/media?parent=87858"}],"wp:term":[{"taxonomy":"category","embeddable":true,"href":"https:\/\/preprod.olympic.ca\/olympique\/wp-json\/wp\/v2\/categories?post=87858"},{"taxonomy":"post_tag","embeddable":true,"href":"https:\/\/preprod.olympic.ca\/olympique\/wp-json\/wp\/v2\/tags?post=87858"},{"taxonomy":"post_format","embeddable":true,"href":"https:\/\/preprod.olympic.ca\/olympique\/wp-json\/wp\/v2\/post_format?post=87858"},{"taxonomy":"sport","embeddable":true,"href":"https:\/\/preprod.olympic.ca\/olympique\/wp-json\/wp\/v2\/sport?post=87858"},{"taxonomy":"game","embeddable":true,"href":"https:\/\/preprod.olympic.ca\/olympique\/wp-json\/wp\/v2\/game?post=87858"},{"taxonomy":"author","embeddable":true,"href":"https:\/\/preprod.olympic.ca\/olympique\/wp-json\/wp\/v2\/coauthors?post=87858"}],"curies":[{"name":"wp","href":"https:\/\/api.w.org\/{rel}","templated":true}]}}