{"id":88887,"date":"2013-12-20T17:48:28","date_gmt":"2013-12-20T22:48:28","guid":{"rendered":"http:\/\/olympique.ca\/?p=88887"},"modified":"2016-04-14T15:20:51","modified_gmt":"2016-04-14T19:20:51","slug":"apercu-de-la-fin-de-semaine-lequipe-canadienne-de-hockey-junior-saute-sur-la-glace","status":"publish","type":"post","link":"https:\/\/preprod.olympic.ca\/olympique\/2013\/12\/20\/apercu-de-la-fin-de-semaine-lequipe-canadienne-de-hockey-junior-saute-sur-la-glace\/","title":{"rendered":"Aper\u00e7u de la fin de semaine : L&rsquo;\u00e9quipe canadienne de hockey junior saute sur la glace"},"content":{"rendered":"<h1>Nos jeunes canadiens sont en mode pr\u00e9-comp\u00e9tition en vue du Championnat du monde junior de hockey de l&rsquo;IIHF 2014, \u00e0 Malm\u00f6 en Su\u00e8de.<\/h1>\n<p>R\u00e9cemment nomm\u00e9 capitaine de l&rsquo;\u00e9quipe, c&rsquo;est \u00e0\u00a0Scott Laughton ainsi qu&rsquo;\u00e0 Jonathan Drouin et Mathew Dumba\u00a0que revient la t\u00e2che de mener l&rsquo;\u00e9quipe canadienne \u00e0 la m\u00e9daille d&rsquo;or.<\/p>\n<p>Les gar\u00e7ons ont pris part \u00e0 leur premier match pr\u00e9paratoire ce matin contre la Finlande (victoire de 4-2), leurs prochains opposants seront les Su\u00e9dois (dimanche 22 d\u00e9cembre, \u00e0 11h, sur RDS2).<\/p>\n<h1>La piste Saslong \u00e0 Val Gardena est un classic dans le monde du ski. <a href=\"http:\/\/olympique.ca\/team-canada\/jan-hudec\/\">Jan Hudec<\/a>, lui, est un classique canadien. Il est donc logique que notre skieur canadien se soit class\u00e9 en deuxi\u00e8me position vendredi \u00e0 l&rsquo;\u00e9preuve de super-G , terminant 0.58 secondes derri\u00e8re le Norv\u00e9gien\u00a0Aksel Lund Svindal.<\/h1>\n<p>Eric Gay enregistre d&rsquo;excellents temps. Terminant sixi\u00e8me \u00e0 cette \u00e9preuve de super-G, Guay a enregistr\u00e9 le meilleur temps de la descente d&rsquo;entra\u00eenement jeudi, 0.22 seconde devant le meneur dans le classement de la coupe du monde, Svindal.<\/p>\n<h1>\u00c0 lire aussi: <a href=\"http:\/\/olympique.ca\/2013\/11\/28\/est-ce-lannee-des-rebelles-canadiens-du-ski\/\">Est-ce l&rsquo;ann\u00e9e des rebelles canadiens du ski?<\/a><\/h1>\n<p>Svindal, se retrouve entre deux Canadiens au classement de la descente d&rsquo;entra\u00eenement, puisque c&rsquo;est <a href=\"http:\/\/preprod.olympic.ca\/team-canada\/manuel-osborne-paradis\/\">Manuel Osborne-Paradis<\/a> qui se retrouve avec le troisi\u00e8me meilleur temps, seulement 0.72 seconde derri\u00e8re Guay.\u00a0La descente de comp\u00e9tition aura lieu samedi.<\/p>\n<h1>La coupe du monde de surf des neiges de la FIS s&rsquo;arr\u00eate ce weekend \u00e0 Lake Louise avec la <a href=\"http:\/\/www.lakelouisesbx.com\">Sport Check SBX<\/a>.<\/h1>\n<p>Nos Canadiens qui y prendront part sont la championne olympique <a href=\"http:\/\/olympique.ca\/team-canada\/maelle-ricker\/\">Ma\u00eblle Ricker<\/a>, la m\u00e9daill\u00e9e de bronze \u00e0 Turin en 2006 <a href=\"http:\/\/olympique.ca\/team-canada\/dominique-maltais\/\">Dominique Maltais<\/a>,\u00a0<a href=\"http:\/\/olympique.ca\/team-canada\/rob-fagan\/\">Rob Fagan<\/a>,\u00a0Chris Robanske\u00a0et plusieurs autres.<\/p>\n<p>De plus, la m\u00e9t\u00e9o a \u00e9t\u00e9 cl\u00e9mente, une belle poudreuse se retrouve sur les pentes pour une comp\u00e9tition fort int\u00e9ressante.<\/p>\n<blockquote class=\"instagram-media\" data-instgrm-captioned data-instgrm-permalink=\"https:\/\/www.instagram.com\/p\/iHJ5OLIvOJ\/?utm_source=ig_embed&amp;utm_campaign=loading\" data-instgrm-version=\"13\" style=\" background:#FFF; border:0; border-radius:3px; box-shadow:0 0 1px 0 rgba(0,0,0,0.5),0 1px 10px 0 rgba(0,0,0,0.15); margin: 1px; max-width:658px; min-width:326px; padding:0; width:99.375%; width:-webkit-calc(100% - 2px); width:calc(100% - 2px);\">\n<div style=\"padding:16px;\"> <a href=\"https:\/\/www.instagram.com\/p\/iHJ5OLIvOJ\/?utm_source=ig_embed&amp;utm_campaign=loading\" style=\" background:#FFFFFF; line-height:0; padding:0 0; text-align:center; text-decoration:none; width:100%;\" target=\"_blank\"> <\/p>\n<div style=\" display: flex; flex-direction: row; align-items: center;\">\n<div style=\"background-color: #F4F4F4; border-radius: 50%; flex-grow: 0; height: 40px; margin-right: 14px; width: 40px;\"><\/div>\n<div style=\"display: flex; flex-direction: column; flex-grow: 1; justify-content: center;\">\n<div style=\" background-color: #F4F4F4; border-radius: 4px; flex-grow: 0; height: 14px; margin-bottom: 6px; width: 100px;\"><\/div>\n<div style=\" background-color: #F4F4F4; border-radius: 4px; flex-grow: 0; height: 14px; width: 60px;\"><\/div>\n<\/div>\n<\/div>\n<div style=\"padding: 19% 0;\"><\/div>\n<div style=\"display:block; height:50px; margin:0 auto 12px; width:50px;\"><svg width=\"50px\" height=\"50px\" viewBox=\"0 0 60 60\" version=\"1.1\" xmlns=\"https:\/\/www.w3.org\/2000\/svg\" xmlns:xlink=\"https:\/\/www.w3.org\/1999\/xlink\"><g stroke=\"none\" stroke-width=\"1\" fill=\"none\" fill-rule=\"evenodd\"><g transform=\"translate(-511.000000, -20.000000)\" fill=\"#000000\"><g><path d=\"M556.869,30.41 C554.814,30.41 553.148,32.076 553.148,34.131 C553.148,36.186 554.814,37.852 556.869,37.852 C558.924,37.852 560.59,36.186 560.59,34.131 C560.59,32.076 558.924,30.41 556.869,30.41 M541,60.657 C535.114,60.657 530.342,55.887 530.342,50 C530.342,44.114 535.114,39.342 541,39.342 C546.887,39.342 551.658,44.114 551.658,50 C551.658,55.887 546.887,60.657 541,60.657 M541,33.886 C532.1,33.886 524.886,41.1 524.886,50 C524.886,58.899 532.1,66.113 541,66.113 C549.9,66.113 557.115,58.899 557.115,50 C557.115,41.1 549.9,33.886 541,33.886 M565.378,62.101 C565.244,65.022 564.756,66.606 564.346,67.663 C563.803,69.06 563.154,70.057 562.106,71.106 C561.058,72.155 560.06,72.803 558.662,73.347 C557.607,73.757 556.021,74.244 553.102,74.378 C549.944,74.521 548.997,74.552 541,74.552 C533.003,74.552 532.056,74.521 528.898,74.378 C525.979,74.244 524.393,73.757 523.338,73.347 C521.94,72.803 520.942,72.155 519.894,71.106 C518.846,70.057 518.197,69.06 517.654,67.663 C517.244,66.606 516.755,65.022 516.623,62.101 C516.479,58.943 516.448,57.996 516.448,50 C516.448,42.003 516.479,41.056 516.623,37.899 C516.755,34.978 517.244,33.391 517.654,32.338 C518.197,30.938 518.846,29.942 519.894,28.894 C520.942,27.846 521.94,27.196 523.338,26.654 C524.393,26.244 525.979,25.756 528.898,25.623 C532.057,25.479 533.004,25.448 541,25.448 C548.997,25.448 549.943,25.479 553.102,25.623 C556.021,25.756 557.607,26.244 558.662,26.654 C560.06,27.196 561.058,27.846 562.106,28.894 C563.154,29.942 563.803,30.938 564.346,32.338 C564.756,33.391 565.244,34.978 565.378,37.899 C565.522,41.056 565.552,42.003 565.552,50 C565.552,57.996 565.522,58.943 565.378,62.101 M570.82,37.631 C570.674,34.438 570.167,32.258 569.425,30.349 C568.659,28.377 567.633,26.702 565.965,25.035 C564.297,23.368 562.623,22.342 560.652,21.575 C558.743,20.834 556.562,20.326 553.369,20.18 C550.169,20.033 549.148,20 541,20 C532.853,20 531.831,20.033 528.631,20.18 C525.438,20.326 523.257,20.834 521.349,21.575 C519.376,22.342 517.703,23.368 516.035,25.035 C514.368,26.702 513.342,28.377 512.574,30.349 C511.834,32.258 511.326,34.438 511.181,37.631 C511.035,40.831 511,41.851 511,50 C511,58.147 511.035,59.17 511.181,62.369 C511.326,65.562 511.834,67.743 512.574,69.651 C513.342,71.625 514.368,73.296 516.035,74.965 C517.703,76.634 519.376,77.658 521.349,78.425 C523.257,79.167 525.438,79.673 528.631,79.82 C531.831,79.965 532.853,80.001 541,80.001 C549.148,80.001 550.169,79.965 553.369,79.82 C556.562,79.673 558.743,79.167 560.652,78.425 C562.623,77.658 564.297,76.634 565.965,74.965 C567.633,73.296 568.659,71.625 569.425,69.651 C570.167,67.743 570.674,65.562 570.82,62.369 C570.966,59.17 571,58.147 571,50 C571,41.851 570.966,40.831 570.82,37.631\"><\/path><\/g><\/g><\/g><\/svg><\/div>\n<div style=\"padding-top: 8px;\">\n<div style=\" color:#3897f0; font-family:Arial,sans-serif; font-size:14px; font-style:normal; font-weight:550; line-height:18px;\"> View this post on Instagram<\/div>\n<\/div>\n<div style=\"padding: 12.5% 0;\"><\/div>\n<div style=\"display: flex; flex-direction: row; margin-bottom: 14px; align-items: center;\">\n<div>\n<div style=\"background-color: #F4F4F4; border-radius: 50%; height: 12.5px; width: 12.5px; transform: translateX(0px) translateY(7px);\"><\/div>\n<div style=\"background-color: #F4F4F4; height: 12.5px; transform: rotate(-45deg) translateX(3px) translateY(1px); width: 12.5px; flex-grow: 0; margin-right: 14px; margin-left: 2px;\"><\/div>\n<div style=\"background-color: #F4F4F4; border-radius: 50%; height: 12.5px; width: 12.5px; transform: translateX(9px) translateY(-18px);\"><\/div>\n<\/div>\n<div style=\"margin-left: 8px;\">\n<div style=\" background-color: #F4F4F4; border-radius: 50%; flex-grow: 0; height: 20px; width: 20px;\"><\/div>\n<div style=\" width: 0; height: 0; border-top: 2px solid transparent; border-left: 6px solid #f4f4f4; border-bottom: 2px solid transparent; transform: translateX(16px) translateY(-4px) rotate(30deg)\"><\/div>\n<\/div>\n<div style=\"margin-left: auto;\">\n<div style=\" width: 0px; border-top: 8px solid #F4F4F4; border-right: 8px solid transparent; transform: translateY(16px);\"><\/div>\n<div style=\" background-color: #F4F4F4; flex-grow: 0; height: 12px; width: 16px; transform: translateY(-4px);\"><\/div>\n<div style=\" width: 0; height: 0; border-top: 8px solid #F4F4F4; border-left: 8px solid transparent; transform: translateY(-4px) translateX(8px);\"><\/div>\n<\/div>\n<\/div>\n<p><\/a> <\/p>\n<p style=\" margin:8px 0 0 0; padding:0 4px;\"> <a href=\"https:\/\/www.instagram.com\/p\/iHJ5OLIvOJ\/?utm_source=ig_embed&amp;utm_campaign=loading\" style=\" color:#000; font-family:Arial,sans-serif; font-size:14px; font-style:normal; font-weight:normal; line-height:17px; text-decoration:none; word-wrap:break-word;\" target=\"_blank\">Good weather for our first day of training in the course. The track look good this morning!! Its a GO TIME!!! @fissnowboard #canada #lakelouise #mountains @cdnolympicteam #canadasnowboard #sbx #snowboardcross #wc #win #noregrets#gotimebaby #saputo #underarmour #b2ten @bolle_eyewear #mercedesbenzdequebec<\/a><\/p>\n<p style=\" color:#c9c8cd; font-family:Arial,sans-serif; font-size:14px; line-height:17px; margin-bottom:0; margin-top:8px; overflow:hidden; padding:8px 0 7px; text-align:center; text-overflow:ellipsis; white-space:nowrap;\">A post shared by <a href=\"https:\/\/www.instagram.com\/dominiquesbx\/?utm_source=ig_embed&amp;utm_campaign=loading\" style=\" color:#c9c8cd; font-family:Arial,sans-serif; font-size:14px; font-style:normal; font-weight:normal; line-height:17px;\" target=\"_blank\"> Dominique Maltais<\/a> (@dominiquesbx) on <time style=\" font-family:Arial,sans-serif; font-size:14px; line-height:17px;\" datetime=\"2013-12-19T17:35:34+00:00\">Dec 19, 2013 at 9:35am PST<\/time><\/p>\n<\/div>\n<\/blockquote>\n<p><script async src=\"\/\/platform.instagram.com\/en_US\/embeds.js\"><\/script><\/p>\n<p>Les finales sont pr\u00e9vues dimanches.<\/p>\n","protected":false},"excerpt":{"rendered":"<p>Nos jeunes canadiens sont en mode pr\u00e9-comp\u00e9tition en vue du Championnat du monde junior de hockey de l&rsquo;IIHF 2014, \u00e0&#8230;<\/p>\n","protected":false},"author":54400589,"featured_media":88894,"comment_status":"open","ping_status":"open","sticky":false,"template":"","format":"standard","meta":{"_acf_changed":false,"_jetpack_memberships_contains_paid_content":false,"footnotes":""},"categories":[16085],"tags":[16718724,27595341],"post_format":"standard","sport":[891977,2836518,18758654],"game":[191933058],"coauthors":[197174239],"class_list":["post-88887","post","type-post","status-publish","format-standard","has-post-thumbnail","hentry","category-nouvelles","tag-dominique-maltais","tag-erik-guay","sport-hockey-sur-glace","sport-ski-alpin","sport-snowboard","game-2014-sotchi"],"acf":[],"yoast_head":"<!-- This site is optimized with the Yoast SEO plugin v27.3 - https:\/\/yoast.com\/product\/yoast-seo-wordpress\/ -->\n<title>Aper\u00e7u de la fin de semaine : L&#039;\u00e9quipe canadienne de hockey junior saute sur la glace - \u00c9quipe Canada | Site officiel de l&#039;\u00e9quipe olympique<\/title>\n<meta name=\"robots\" content=\"index, follow, max-snippet:-1, max-image-preview:large, max-video-preview:-1\" \/>\n<link rel=\"canonical\" href=\"https:\/\/preprod.olympic.ca\/olympique\/2013\/12\/20\/apercu-de-la-fin-de-semaine-lequipe-canadienne-de-hockey-junior-saute-sur-la-glace\/\" \/>\n<meta property=\"og:locale\" content=\"fr_FR\" \/>\n<meta property=\"og:type\" content=\"article\" \/>\n<meta property=\"og:title\" content=\"Aper\u00e7u de la fin de semaine : L&#039;\u00e9quipe canadienne de hockey junior saute sur la glace - \u00c9quipe Canada | Site officiel de l&#039;\u00e9quipe olympique\" \/>\n<meta property=\"og:description\" content=\"Nos jeunes canadiens sont en mode pr\u00e9-comp\u00e9tition en vue du Championnat du monde junior de hockey de l&rsquo;IIHF 2014, \u00e0...\" \/>\n<meta property=\"og:url\" content=\"https:\/\/preprod.olympic.ca\/olympique\/2013\/12\/20\/apercu-de-la-fin-de-semaine-lequipe-canadienne-de-hockey-junior-saute-sur-la-glace\/\" \/>\n<meta property=\"og:site_name\" content=\"\u00c9quipe Canada | Site officiel de l&#039;\u00e9quipe olympique\" \/>\n<meta property=\"article:published_time\" content=\"2013-12-20T22:48:28+00:00\" \/>\n<meta property=\"article:modified_time\" content=\"2016-04-14T19:20:51+00:00\" \/>\n<meta property=\"og:image\" content=\"https:\/\/preprod.olympic.ca\/olympique\/wp-content\/uploads\/sites\/2\/2013\/12\/laughton_inpost.jpg?quality=100\" \/>\n\t<meta property=\"og:image:width\" content=\"670\" \/>\n\t<meta property=\"og:image:height\" content=\"377\" \/>\n\t<meta property=\"og:image:type\" content=\"image\/jpeg\" \/>\n<meta name=\"author\" content=\"Callum Ng\" \/>\n<meta name=\"twitter:card\" content=\"summary_large_image\" \/>\n<meta name=\"twitter:label1\" content=\"Written by\" \/>\n\t<meta name=\"twitter:data1\" content=\"Callum Ng\" \/>\n\t<meta name=\"twitter:label2\" content=\"Est. reading time\" \/>\n\t<meta name=\"twitter:data2\" content=\"2 minutes\" \/>\n<script type=\"application\/ld+json\" class=\"yoast-schema-graph\">{\"@context\":\"https:\\\/\\\/schema.org\",\"@graph\":[{\"@type\":\"Article\",\"@id\":\"https:\\\/\\\/preprod.olympic.ca\\\/olympique\\\/2013\\\/12\\\/20\\\/apercu-de-la-fin-de-semaine-lequipe-canadienne-de-hockey-junior-saute-sur-la-glace\\\/#article\",\"isPartOf\":{\"@id\":\"https:\\\/\\\/preprod.olympic.ca\\\/olympique\\\/2013\\\/12\\\/20\\\/apercu-de-la-fin-de-semaine-lequipe-canadienne-de-hockey-junior-saute-sur-la-glace\\\/\"},\"author\":{\"name\":\"Callum Ng, Senior Writer \\\/ Producer\",\"@id\":\"https:\\\/\\\/preprod.olympic.ca\\\/olympique\\\/#\\\/schema\\\/person\\\/58825b317028c2da2a12a967e0744e89\"},\"headline\":\"Aper\u00e7u de la fin de semaine : L&rsquo;\u00e9quipe canadienne de hockey junior saute sur la glace\",\"datePublished\":\"2013-12-20T22:48:28+00:00\",\"dateModified\":\"2016-04-14T19:20:51+00:00\",\"mainEntityOfPage\":{\"@id\":\"https:\\\/\\\/preprod.olympic.ca\\\/olympique\\\/2013\\\/12\\\/20\\\/apercu-de-la-fin-de-semaine-lequipe-canadienne-de-hockey-junior-saute-sur-la-glace\\\/\"},\"wordCount\":338,\"commentCount\":0,\"image\":{\"@id\":\"https:\\\/\\\/preprod.olympic.ca\\\/olympique\\\/2013\\\/12\\\/20\\\/apercu-de-la-fin-de-semaine-lequipe-canadienne-de-hockey-junior-saute-sur-la-glace\\\/#primaryimage\"},\"thumbnailUrl\":\"https:\\\/\\\/preprod.olympic.ca\\\/olympique\\\/wp-content\\\/uploads\\\/sites\\\/2\\\/2013\\\/12\\\/laughton_inpost.jpg?quality=100\",\"keywords\":[\"Dominique Maltais\",\"Erik Guay\"],\"articleSection\":[\"Nouvelles\"],\"inLanguage\":\"fr-FR\",\"potentialAction\":[{\"@type\":\"CommentAction\",\"name\":\"Comment\",\"target\":[\"https:\\\/\\\/preprod.olympic.ca\\\/olympique\\\/2013\\\/12\\\/20\\\/apercu-de-la-fin-de-semaine-lequipe-canadienne-de-hockey-junior-saute-sur-la-glace\\\/#respond\"]}]},{\"@type\":\"WebPage\",\"@id\":\"https:\\\/\\\/preprod.olympic.ca\\\/olympique\\\/2013\\\/12\\\/20\\\/apercu-de-la-fin-de-semaine-lequipe-canadienne-de-hockey-junior-saute-sur-la-glace\\\/\",\"url\":\"https:\\\/\\\/preprod.olympic.ca\\\/olympique\\\/2013\\\/12\\\/20\\\/apercu-de-la-fin-de-semaine-lequipe-canadienne-de-hockey-junior-saute-sur-la-glace\\\/\",\"name\":\"Aper\u00e7u de la fin de semaine : L'\u00e9quipe canadienne de hockey junior saute sur la glace - \u00c9quipe Canada | Site officiel de l&#039;\u00e9quipe olympique\",\"isPartOf\":{\"@id\":\"https:\\\/\\\/preprod.olympic.ca\\\/olympique\\\/#website\"},\"primaryImageOfPage\":{\"@id\":\"https:\\\/\\\/preprod.olympic.ca\\\/olympique\\\/2013\\\/12\\\/20\\\/apercu-de-la-fin-de-semaine-lequipe-canadienne-de-hockey-junior-saute-sur-la-glace\\\/#primaryimage\"},\"image\":{\"@id\":\"https:\\\/\\\/preprod.olympic.ca\\\/olympique\\\/2013\\\/12\\\/20\\\/apercu-de-la-fin-de-semaine-lequipe-canadienne-de-hockey-junior-saute-sur-la-glace\\\/#primaryimage\"},\"thumbnailUrl\":\"https:\\\/\\\/preprod.olympic.ca\\\/olympique\\\/wp-content\\\/uploads\\\/sites\\\/2\\\/2013\\\/12\\\/laughton_inpost.jpg?quality=100\",\"datePublished\":\"2013-12-20T22:48:28+00:00\",\"dateModified\":\"2016-04-14T19:20:51+00:00\",\"author\":{\"@id\":\"https:\\\/\\\/preprod.olympic.ca\\\/olympique\\\/#\\\/schema\\\/person\\\/58825b317028c2da2a12a967e0744e89\"},\"inLanguage\":\"fr-FR\",\"potentialAction\":[{\"@type\":\"ReadAction\",\"target\":[\"https:\\\/\\\/preprod.olympic.ca\\\/olympique\\\/2013\\\/12\\\/20\\\/apercu-de-la-fin-de-semaine-lequipe-canadienne-de-hockey-junior-saute-sur-la-glace\\\/\"]}]},{\"@type\":\"ImageObject\",\"inLanguage\":\"fr-FR\",\"@id\":\"https:\\\/\\\/preprod.olympic.ca\\\/olympique\\\/2013\\\/12\\\/20\\\/apercu-de-la-fin-de-semaine-lequipe-canadienne-de-hockey-junior-saute-sur-la-glace\\\/#primaryimage\",\"url\":\"https:\\\/\\\/preprod.olympic.ca\\\/olympique\\\/wp-content\\\/uploads\\\/sites\\\/2\\\/2013\\\/12\\\/laughton_inpost.jpg?quality=100\",\"contentUrl\":\"https:\\\/\\\/preprod.olympic.ca\\\/olympique\\\/wp-content\\\/uploads\\\/sites\\\/2\\\/2013\\\/12\\\/laughton_inpost.jpg?quality=100\",\"width\":670,\"height\":377},{\"@type\":\"WebSite\",\"@id\":\"https:\\\/\\\/preprod.olympic.ca\\\/olympique\\\/#website\",\"url\":\"https:\\\/\\\/preprod.olympic.ca\\\/olympique\\\/\",\"name\":\"\u00c9quipe Canada | Site officiel de l&#039;\u00e9quipe olympique\",\"description\":\"Votre source pour l\u2019\u00c9quipe olympique canadienne. Retrouvez les r\u00e9cits, vid\u00e9os et photos des athl\u00e8tes canadiens, sports olympiques, Jeux olympiques de 2020 et bien plus!\",\"potentialAction\":[{\"@type\":\"SearchAction\",\"target\":{\"@type\":\"EntryPoint\",\"urlTemplate\":\"https:\\\/\\\/preprod.olympic.ca\\\/olympique\\\/?s={search_term_string}\"},\"query-input\":{\"@type\":\"PropertyValueSpecification\",\"valueRequired\":true,\"valueName\":\"search_term_string\"}}],\"inLanguage\":\"fr-FR\"},{\"@type\":\"Person\",\"@id\":\"https:\\\/\\\/preprod.olympic.ca\\\/olympique\\\/#\\\/schema\\\/person\\\/58825b317028c2da2a12a967e0744e89\",\"name\":\"Callum Ng, Senior Writer \\\/ Producer\",\"image\":{\"@type\":\"ImageObject\",\"inLanguage\":\"fr-FR\",\"@id\":\"https:\\\/\\\/secure.gravatar.com\\\/avatar\\\/a22f4c313660ac5b90d87637200a4a844bcd7c28ab830daacab6728406172e52?s=96&d=identicon&r=gfcb85575972b12bad5bdddd76de5daec\",\"url\":\"https:\\\/\\\/secure.gravatar.com\\\/avatar\\\/a22f4c313660ac5b90d87637200a4a844bcd7c28ab830daacab6728406172e52?s=96&d=identicon&r=g\",\"contentUrl\":\"https:\\\/\\\/secure.gravatar.com\\\/avatar\\\/a22f4c313660ac5b90d87637200a4a844bcd7c28ab830daacab6728406172e52?s=96&d=identicon&r=g\",\"caption\":\"Callum Ng, Senior Writer \\\/ Producer\"},\"description\":\"I tell sport stories. Web, Social, Broadcast. I also like songs and dim sum. Talk to me, I'm friendly. Follow @CallumNg\",\"url\":\"https:\\\/\\\/preprod.olympic.ca\\\/olympique\\\/author\\\/cngolympic\\\/\"}]}<\/script>\n<!-- \/ Yoast SEO plugin. -->","yoast_head_json":{"title":"Aper\u00e7u de la fin de semaine : L'\u00e9quipe canadienne de hockey junior saute sur la glace - \u00c9quipe Canada | Site officiel de l&#039;\u00e9quipe olympique","robots":{"index":"index","follow":"follow","max-snippet":"max-snippet:-1","max-image-preview":"max-image-preview:large","max-video-preview":"max-video-preview:-1"},"canonical":"https:\/\/preprod.olympic.ca\/olympique\/2013\/12\/20\/apercu-de-la-fin-de-semaine-lequipe-canadienne-de-hockey-junior-saute-sur-la-glace\/","og_locale":"fr_FR","og_type":"article","og_title":"Aper\u00e7u de la fin de semaine : L'\u00e9quipe canadienne de hockey junior saute sur la glace - \u00c9quipe Canada | Site officiel de l&#039;\u00e9quipe olympique","og_description":"Nos jeunes canadiens sont en mode pr\u00e9-comp\u00e9tition en vue du Championnat du monde junior de hockey de l&rsquo;IIHF 2014, \u00e0...","og_url":"https:\/\/preprod.olympic.ca\/olympique\/2013\/12\/20\/apercu-de-la-fin-de-semaine-lequipe-canadienne-de-hockey-junior-saute-sur-la-glace\/","og_site_name":"\u00c9quipe Canada | Site officiel de l&#039;\u00e9quipe olympique","article_published_time":"2013-12-20T22:48:28+00:00","article_modified_time":"2016-04-14T19:20:51+00:00","og_image":[{"width":670,"height":377,"url":"https:\/\/preprod.olympic.ca\/olympique\/wp-content\/uploads\/sites\/2\/2013\/12\/laughton_inpost.jpg?quality=100","type":"image\/jpeg"}],"author":"Callum Ng","twitter_card":"summary_large_image","twitter_misc":{"Written by":"Callum Ng","Est. reading time":"2 minutes"},"schema":{"@context":"https:\/\/schema.org","@graph":[{"@type":"Article","@id":"https:\/\/preprod.olympic.ca\/olympique\/2013\/12\/20\/apercu-de-la-fin-de-semaine-lequipe-canadienne-de-hockey-junior-saute-sur-la-glace\/#article","isPartOf":{"@id":"https:\/\/preprod.olympic.ca\/olympique\/2013\/12\/20\/apercu-de-la-fin-de-semaine-lequipe-canadienne-de-hockey-junior-saute-sur-la-glace\/"},"author":{"name":"Callum Ng, Senior Writer \/ Producer","@id":"https:\/\/preprod.olympic.ca\/olympique\/#\/schema\/person\/58825b317028c2da2a12a967e0744e89"},"headline":"Aper\u00e7u de la fin de semaine : L&rsquo;\u00e9quipe canadienne de hockey junior saute sur la glace","datePublished":"2013-12-20T22:48:28+00:00","dateModified":"2016-04-14T19:20:51+00:00","mainEntityOfPage":{"@id":"https:\/\/preprod.olympic.ca\/olympique\/2013\/12\/20\/apercu-de-la-fin-de-semaine-lequipe-canadienne-de-hockey-junior-saute-sur-la-glace\/"},"wordCount":338,"commentCount":0,"image":{"@id":"https:\/\/preprod.olympic.ca\/olympique\/2013\/12\/20\/apercu-de-la-fin-de-semaine-lequipe-canadienne-de-hockey-junior-saute-sur-la-glace\/#primaryimage"},"thumbnailUrl":"https:\/\/preprod.olympic.ca\/olympique\/wp-content\/uploads\/sites\/2\/2013\/12\/laughton_inpost.jpg?quality=100","keywords":["Dominique Maltais","Erik Guay"],"articleSection":["Nouvelles"],"inLanguage":"fr-FR","potentialAction":[{"@type":"CommentAction","name":"Comment","target":["https:\/\/preprod.olympic.ca\/olympique\/2013\/12\/20\/apercu-de-la-fin-de-semaine-lequipe-canadienne-de-hockey-junior-saute-sur-la-glace\/#respond"]}]},{"@type":"WebPage","@id":"https:\/\/preprod.olympic.ca\/olympique\/2013\/12\/20\/apercu-de-la-fin-de-semaine-lequipe-canadienne-de-hockey-junior-saute-sur-la-glace\/","url":"https:\/\/preprod.olympic.ca\/olympique\/2013\/12\/20\/apercu-de-la-fin-de-semaine-lequipe-canadienne-de-hockey-junior-saute-sur-la-glace\/","name":"Aper\u00e7u de la fin de semaine : L'\u00e9quipe canadienne de hockey junior saute sur la glace - \u00c9quipe Canada | Site officiel de l&#039;\u00e9quipe olympique","isPartOf":{"@id":"https:\/\/preprod.olympic.ca\/olympique\/#website"},"primaryImageOfPage":{"@id":"https:\/\/preprod.olympic.ca\/olympique\/2013\/12\/20\/apercu-de-la-fin-de-semaine-lequipe-canadienne-de-hockey-junior-saute-sur-la-glace\/#primaryimage"},"image":{"@id":"https:\/\/preprod.olympic.ca\/olympique\/2013\/12\/20\/apercu-de-la-fin-de-semaine-lequipe-canadienne-de-hockey-junior-saute-sur-la-glace\/#primaryimage"},"thumbnailUrl":"https:\/\/preprod.olympic.ca\/olympique\/wp-content\/uploads\/sites\/2\/2013\/12\/laughton_inpost.jpg?quality=100","datePublished":"2013-12-20T22:48:28+00:00","dateModified":"2016-04-14T19:20:51+00:00","author":{"@id":"https:\/\/preprod.olympic.ca\/olympique\/#\/schema\/person\/58825b317028c2da2a12a967e0744e89"},"inLanguage":"fr-FR","potentialAction":[{"@type":"ReadAction","target":["https:\/\/preprod.olympic.ca\/olympique\/2013\/12\/20\/apercu-de-la-fin-de-semaine-lequipe-canadienne-de-hockey-junior-saute-sur-la-glace\/"]}]},{"@type":"ImageObject","inLanguage":"fr-FR","@id":"https:\/\/preprod.olympic.ca\/olympique\/2013\/12\/20\/apercu-de-la-fin-de-semaine-lequipe-canadienne-de-hockey-junior-saute-sur-la-glace\/#primaryimage","url":"https:\/\/preprod.olympic.ca\/olympique\/wp-content\/uploads\/sites\/2\/2013\/12\/laughton_inpost.jpg?quality=100","contentUrl":"https:\/\/preprod.olympic.ca\/olympique\/wp-content\/uploads\/sites\/2\/2013\/12\/laughton_inpost.jpg?quality=100","width":670,"height":377},{"@type":"WebSite","@id":"https:\/\/preprod.olympic.ca\/olympique\/#website","url":"https:\/\/preprod.olympic.ca\/olympique\/","name":"\u00c9quipe Canada | Site officiel de l&#039;\u00e9quipe olympique","description":"Votre source pour l\u2019\u00c9quipe olympique canadienne. Retrouvez les r\u00e9cits, vid\u00e9os et photos des athl\u00e8tes canadiens, sports olympiques, Jeux olympiques de 2020 et bien plus!","potentialAction":[{"@type":"SearchAction","target":{"@type":"EntryPoint","urlTemplate":"https:\/\/preprod.olympic.ca\/olympique\/?s={search_term_string}"},"query-input":{"@type":"PropertyValueSpecification","valueRequired":true,"valueName":"search_term_string"}}],"inLanguage":"fr-FR"},{"@type":"Person","@id":"https:\/\/preprod.olympic.ca\/olympique\/#\/schema\/person\/58825b317028c2da2a12a967e0744e89","name":"Callum Ng, Senior Writer \/ Producer","image":{"@type":"ImageObject","inLanguage":"fr-FR","@id":"https:\/\/secure.gravatar.com\/avatar\/a22f4c313660ac5b90d87637200a4a844bcd7c28ab830daacab6728406172e52?s=96&d=identicon&r=gfcb85575972b12bad5bdddd76de5daec","url":"https:\/\/secure.gravatar.com\/avatar\/a22f4c313660ac5b90d87637200a4a844bcd7c28ab830daacab6728406172e52?s=96&d=identicon&r=g","contentUrl":"https:\/\/secure.gravatar.com\/avatar\/a22f4c313660ac5b90d87637200a4a844bcd7c28ab830daacab6728406172e52?s=96&d=identicon&r=g","caption":"Callum Ng, Senior Writer \/ Producer"},"description":"I tell sport stories. Web, Social, Broadcast. I also like songs and dim sum. Talk to me, I'm friendly. Follow @CallumNg","url":"https:\/\/preprod.olympic.ca\/olympique\/author\/cngolympic\/"}]}},"jetpack_featured_media_url":"https:\/\/preprod.olympic.ca\/olympique\/wp-content\/uploads\/sites\/2\/2013\/12\/laughton_inpost.jpg?quality=100","featured_image_url":"https:\/\/preprod.olympic.ca\/olympique\/wp-content\/uploads\/sites\/2\/2013\/12\/laughton_inpost.jpg?quality=100","author_name":["Callum Ng"],"category_names":["Nouvelles"],"tag_names":["Dominique Maltais","Erik Guay"],"video_embed_code":"","facebook_video_embed_code":"","jetpack_sharing_enabled":true,"jetpack-related-posts":[],"jetpack_shortlink":"https:\/\/wp.me\/pcGHcP-n7F","_links":{"self":[{"href":"https:\/\/preprod.olympic.ca\/olympique\/wp-json\/wp\/v2\/posts\/88887","targetHints":{"allow":["GET"]}}],"collection":[{"href":"https:\/\/preprod.olympic.ca\/olympique\/wp-json\/wp\/v2\/posts"}],"about":[{"href":"https:\/\/preprod.olympic.ca\/olympique\/wp-json\/wp\/v2\/types\/post"}],"author":[{"embeddable":true,"href":"https:\/\/preprod.olympic.ca\/olympique\/wp-json\/wp\/v2\/users\/54400589"}],"replies":[{"embeddable":true,"href":"https:\/\/preprod.olympic.ca\/olympique\/wp-json\/wp\/v2\/comments?post=88887"}],"version-history":[{"count":6,"href":"https:\/\/preprod.olympic.ca\/olympique\/wp-json\/wp\/v2\/posts\/88887\/revisions"}],"predecessor-version":[{"id":88942,"href":"https:\/\/preprod.olympic.ca\/olympique\/wp-json\/wp\/v2\/posts\/88887\/revisions\/88942"}],"wp:featuredmedia":[{"embeddable":true,"href":"https:\/\/preprod.olympic.ca\/olympique\/wp-json\/wp\/v2\/media\/88894"}],"wp:attachment":[{"href":"https:\/\/preprod.olympic.ca\/olympique\/wp-json\/wp\/v2\/media?parent=88887"}],"wp:term":[{"taxonomy":"category","embeddable":true,"href":"https:\/\/preprod.olympic.ca\/olympique\/wp-json\/wp\/v2\/categories?post=88887"},{"taxonomy":"post_tag","embeddable":true,"href":"https:\/\/preprod.olympic.ca\/olympique\/wp-json\/wp\/v2\/tags?post=88887"},{"taxonomy":"post_format","embeddable":true,"href":"https:\/\/preprod.olympic.ca\/olympique\/wp-json\/wp\/v2\/post_format?post=88887"},{"taxonomy":"sport","embeddable":true,"href":"https:\/\/preprod.olympic.ca\/olympique\/wp-json\/wp\/v2\/sport?post=88887"},{"taxonomy":"game","embeddable":true,"href":"https:\/\/preprod.olympic.ca\/olympique\/wp-json\/wp\/v2\/game?post=88887"},{"taxonomy":"author","embeddable":true,"href":"https:\/\/preprod.olympic.ca\/olympique\/wp-json\/wp\/v2\/coauthors?post=88887"}],"curies":[{"name":"wp","href":"https:\/\/api.w.org\/{rel}","templated":true}]}}