{"id":89004,"date":"2013-12-23T18:13:41","date_gmt":"2013-12-23T23:13:41","guid":{"rendered":"http:\/\/olympique.ca\/?p=89004"},"modified":"2013-12-24T14:37:08","modified_gmt":"2013-12-24T19:37:08","slug":"une-avalanche-de-medailles-les-canadiens-omnipresents-sur-les-podiums-de-la-coupe-du-monde","status":"publish","type":"post","link":"https:\/\/preprod.olympic.ca\/olympique\/2013\/12\/23\/une-avalanche-de-medailles-les-canadiens-omnipresents-sur-les-podiums-de-la-coupe-du-monde\/","title":{"rendered":"Une avalanche de m\u00e9dailles : les Canadiens omnipr\u00e9sents sur les podiums en Coupe du monde"},"content":{"rendered":"<h1>Ce n\u2019\u00e9tait qu\u2019une question de temps avant qu\u2019<a href=\"http:\/\/olympique.ca\/team-canada\/erik-guay\/\">Erik Guay<\/a> ne fasse sa marque comme meilleur skieur canadien de tous les temps en montant pour la 20<sup>e<\/sup> fois sur le podium de la Coupe du monde ce qui le place \u00e0 \u00e9galit\u00e9 avec le grand <a href=\"http:\/\/olympique.ca\/team-canada\/steve-podborski\/\">Steve Podborski<\/a>.<\/h1>\n<p>La victoire de Val Gardena repr\u00e9sente une autre victoire pour le skieur de 32 ans, qui est pass\u00e9 sous le bistouri il y a \u00e0 peine quatre mois.<\/p>\n<p>SUITE DE L\u2019ARTICLE\u00a0: <a href=\"http:\/\/olympique.ca\/2013\/12\/21\/quel-retour\/\">Quel retour!<\/a><\/p>\n<p>Vendredi, Jan Hudec, <a href=\"https:\/\/twitter.com\/pandaHAUSofROCK\">qui s\u2019identifie \u00e0 Kung Fu Panda<\/a>, a aussi prouv\u00e9 qu\u2019il a l&rsquo;\u00e9toffe d&rsquo;un grand skieur en remportant l\u2019argent au super G.<\/p>\n<p><a href=\"http:\/\/preprod.olympic.ca\/wp-content\/uploads\/sites\/2\/2013\/12\/05553241.jpg\"><img loading=\"lazy\" decoding=\"async\" class=\"alignnone size-large wp-image-89006\" alt=\"Jan Hudec\" src=\"http:\/\/preprod.olympic.ca\/wp-content\/uploads\/sites\/2\/2013\/12\/05553241.jpg?w=1052\" width=\"1052\" height=\"754\" srcset=\"https:\/\/preprod.olympic.ca\/olympique\/wp-content\/uploads\/sites\/2\/2013\/12\/05553241.jpg 3468w, https:\/\/preprod.olympic.ca\/olympique\/wp-content\/uploads\/sites\/2\/2013\/12\/05553241.jpg?resize=221,158 221w, https:\/\/preprod.olympic.ca\/olympique\/wp-content\/uploads\/sites\/2\/2013\/12\/05553241.jpg?resize=518,371 518w, https:\/\/preprod.olympic.ca\/olympique\/wp-content\/uploads\/sites\/2\/2013\/12\/05553241.jpg?resize=768,550 768w, https:\/\/preprod.olympic.ca\/olympique\/wp-content\/uploads\/sites\/2\/2013\/12\/05553241.jpg?resize=1053,754 1053w, https:\/\/preprod.olympic.ca\/olympique\/wp-content\/uploads\/sites\/2\/2013\/12\/05553241.jpg?resize=1536,1100 1536w, https:\/\/preprod.olympic.ca\/olympique\/wp-content\/uploads\/sites\/2\/2013\/12\/05553241.jpg?resize=2048,1467 2048w\" sizes=\"(max-width: 1052px) 100vw, 1052px\" \/><\/a><\/p>\n<p>Il s\u2019agit d\u2019un cinqui\u00e8me podium en Coupe du monde pour le Calgarien. Son temps d\u2019une minute 36.40 secondes est tout juste 0.58 seconde derri\u00e8re le meneur du classement, le Norv\u00e9gien Aksel Lund Svindal. Le Fran\u00e7ais Adrien Th\u00e9aux est termin\u00e9 troisi\u00e8me avec un chronom\u00e8tre d\u2019une minute, 36.73.<\/p>\n<blockquote><p>\u00ab\u00a0C\u2019est \u00e9norme. C\u2019est la confirmation que je fais la bonne chose et que je dois poursuivre dans la m\u00eame veine et \u00eatre patient. Je savais que ma carri\u00e8re sportive n\u2019\u00e9tait pas termin\u00e9e et je n\u2019aurais pas continu\u00e9 \u00e0 skier si je n\u2019avais pas su que je n\u2019\u00e9tais pas en mesure de remonter sur le podium.\u00a0\u00bb \u00a0&#8211; Jan Hudec<\/p><\/blockquote>\n<h1><\/h1>\n<h1>Dave Duncan a peut-\u00eatre oubli\u00e9 ses lunettes de ski sur le podium apr\u00e8s sa premi\u00e8re victoire \u00e0 la Coupe du monde de ski cross samedi parce que l\u2019athl\u00e8te de 31 ans a r\u00e9\u00e9dit\u00e9 l\u2019exploit dimanche pour r\u00e9ussir un doubl\u00e9 \u00e0 couper le souffle.<\/h1>\n<p>Pendant le week-end, le Canada a r\u00e9colt\u00e9 trois autres m\u00e9dailles de la Coupe du monde de ski-cross en plus de la m\u00e9daille d\u2019or de Travis Gerrits, originaire de Milton, au saut acrobatique en Chine.<\/p>\n<p>SUITE DE L\u2019ARTICLE\u00a0: <a href=\"http:\/\/olympique.ca\/2013\/12\/21\/les-skieurs-canadiens-dominent-le-podium-en-italie\/\">Doubl\u00e9 de Duncan: les skieurs \u00a0canadiens dominent en Italie<\/a><\/p>\n<h1>Dominique Maltais aurait certainement des choses \u00e0 dire \u00e0 propos de la r\u00e9colte d\u2019Erik Guay.Elle a remport\u00e9 sa 33<sup>e<\/sup> m\u00e9daille en Coupe du monde en montant sur la deuxi\u00e8me marche du podium de l\u2019\u00e9preuve de snowboard cross de Lake Louise.<\/h1>\n<p>Dominique Maltais affiche une constance \u00e0 toute \u00e9preuve. Il y a deux semaines en Autriche, elle a aussi termin\u00e9 au deuxi\u00e8me \u00e9chelon.<\/p>\n<blockquote><p>\u00ab\u00a0Je suis extr\u00eamement satisfaite de ma deuxi\u00e8me place aujourd\u2019hui. \u00c7a d\u00e9montre que je suis vraiment constante en ce moment,\u00a0\u00bb a comment\u00e9 Maltais apr\u00e8s la course.<\/p><\/blockquote>\n<blockquote class=\"instagram-media\" data-instgrm-captioned data-instgrm-permalink=\"https:\/\/www.instagram.com\/p\/iOQcVcIvF7\/?utm_source=ig_embed&amp;utm_campaign=loading\" data-instgrm-version=\"13\" style=\" background:#FFF; border:0; border-radius:3px; box-shadow:0 0 1px 0 rgba(0,0,0,0.5),0 1px 10px 0 rgba(0,0,0,0.15); margin: 1px; max-width:658px; min-width:326px; padding:0; width:99.375%; width:-webkit-calc(100% - 2px); width:calc(100% - 2px);\"><div style=\"padding:16px;\"> <a href=\"https:\/\/www.instagram.com\/p\/iOQcVcIvF7\/?utm_source=ig_embed&amp;utm_campaign=loading\" style=\" background:#FFFFFF; line-height:0; padding:0 0; text-align:center; text-decoration:none; width:100%;\" target=\"_blank\"> <div style=\" display: flex; flex-direction: row; align-items: center;\"> <div style=\"background-color: #F4F4F4; border-radius: 50%; flex-grow: 0; height: 40px; margin-right: 14px; width: 40px;\"><\/div> <div style=\"display: flex; flex-direction: column; flex-grow: 1; justify-content: center;\"> <div style=\" background-color: #F4F4F4; border-radius: 4px; flex-grow: 0; height: 14px; margin-bottom: 6px; width: 100px;\"><\/div> <div style=\" background-color: #F4F4F4; border-radius: 4px; flex-grow: 0; height: 14px; width: 60px;\"><\/div><\/div><\/div><div style=\"padding: 19% 0;\"><\/div> <div style=\"display:block; height:50px; margin:0 auto 12px; width:50px;\"><svg width=\"50px\" height=\"50px\" viewBox=\"0 0 60 60\" version=\"1.1\" xmlns=\"https:\/\/www.w3.org\/2000\/svg\" xmlns:xlink=\"https:\/\/www.w3.org\/1999\/xlink\"><g stroke=\"none\" stroke-width=\"1\" fill=\"none\" fill-rule=\"evenodd\"><g transform=\"translate(-511.000000, -20.000000)\" fill=\"#000000\"><g><path d=\"M556.869,30.41 C554.814,30.41 553.148,32.076 553.148,34.131 C553.148,36.186 554.814,37.852 556.869,37.852 C558.924,37.852 560.59,36.186 560.59,34.131 C560.59,32.076 558.924,30.41 556.869,30.41 M541,60.657 C535.114,60.657 530.342,55.887 530.342,50 C530.342,44.114 535.114,39.342 541,39.342 C546.887,39.342 551.658,44.114 551.658,50 C551.658,55.887 546.887,60.657 541,60.657 M541,33.886 C532.1,33.886 524.886,41.1 524.886,50 C524.886,58.899 532.1,66.113 541,66.113 C549.9,66.113 557.115,58.899 557.115,50 C557.115,41.1 549.9,33.886 541,33.886 M565.378,62.101 C565.244,65.022 564.756,66.606 564.346,67.663 C563.803,69.06 563.154,70.057 562.106,71.106 C561.058,72.155 560.06,72.803 558.662,73.347 C557.607,73.757 556.021,74.244 553.102,74.378 C549.944,74.521 548.997,74.552 541,74.552 C533.003,74.552 532.056,74.521 528.898,74.378 C525.979,74.244 524.393,73.757 523.338,73.347 C521.94,72.803 520.942,72.155 519.894,71.106 C518.846,70.057 518.197,69.06 517.654,67.663 C517.244,66.606 516.755,65.022 516.623,62.101 C516.479,58.943 516.448,57.996 516.448,50 C516.448,42.003 516.479,41.056 516.623,37.899 C516.755,34.978 517.244,33.391 517.654,32.338 C518.197,30.938 518.846,29.942 519.894,28.894 C520.942,27.846 521.94,27.196 523.338,26.654 C524.393,26.244 525.979,25.756 528.898,25.623 C532.057,25.479 533.004,25.448 541,25.448 C548.997,25.448 549.943,25.479 553.102,25.623 C556.021,25.756 557.607,26.244 558.662,26.654 C560.06,27.196 561.058,27.846 562.106,28.894 C563.154,29.942 563.803,30.938 564.346,32.338 C564.756,33.391 565.244,34.978 565.378,37.899 C565.522,41.056 565.552,42.003 565.552,50 C565.552,57.996 565.522,58.943 565.378,62.101 M570.82,37.631 C570.674,34.438 570.167,32.258 569.425,30.349 C568.659,28.377 567.633,26.702 565.965,25.035 C564.297,23.368 562.623,22.342 560.652,21.575 C558.743,20.834 556.562,20.326 553.369,20.18 C550.169,20.033 549.148,20 541,20 C532.853,20 531.831,20.033 528.631,20.18 C525.438,20.326 523.257,20.834 521.349,21.575 C519.376,22.342 517.703,23.368 516.035,25.035 C514.368,26.702 513.342,28.377 512.574,30.349 C511.834,32.258 511.326,34.438 511.181,37.631 C511.035,40.831 511,41.851 511,50 C511,58.147 511.035,59.17 511.181,62.369 C511.326,65.562 511.834,67.743 512.574,69.651 C513.342,71.625 514.368,73.296 516.035,74.965 C517.703,76.634 519.376,77.658 521.349,78.425 C523.257,79.167 525.438,79.673 528.631,79.82 C531.831,79.965 532.853,80.001 541,80.001 C549.148,80.001 550.169,79.965 553.369,79.82 C556.562,79.673 558.743,79.167 560.652,78.425 C562.623,77.658 564.297,76.634 565.965,74.965 C567.633,73.296 568.659,71.625 569.425,69.651 C570.167,67.743 570.674,65.562 570.82,62.369 C570.966,59.17 571,58.147 571,50 C571,41.851 570.966,40.831 570.82,37.631\"><\/path><\/g><\/g><\/g><\/svg><\/div><div style=\"padding-top: 8px;\"> <div style=\" color:#3897f0; font-family:Arial,sans-serif; font-size:14px; font-style:normal; font-weight:550; line-height:18px;\"> View this post on Instagram<\/div><\/div><div style=\"padding: 12.5% 0;\"><\/div> <div style=\"display: flex; flex-direction: row; margin-bottom: 14px; align-items: center;\"><div> <div style=\"background-color: #F4F4F4; border-radius: 50%; height: 12.5px; width: 12.5px; transform: translateX(0px) translateY(7px);\"><\/div> <div style=\"background-color: #F4F4F4; height: 12.5px; transform: rotate(-45deg) translateX(3px) translateY(1px); width: 12.5px; flex-grow: 0; margin-right: 14px; margin-left: 2px;\"><\/div> <div style=\"background-color: #F4F4F4; border-radius: 50%; height: 12.5px; width: 12.5px; transform: translateX(9px) translateY(-18px);\"><\/div><\/div><div style=\"margin-left: 8px;\"> <div style=\" background-color: #F4F4F4; border-radius: 50%; flex-grow: 0; height: 20px; width: 20px;\"><\/div> <div style=\" width: 0; height: 0; border-top: 2px solid transparent; border-left: 6px solid #f4f4f4; border-bottom: 2px solid transparent; transform: translateX(16px) translateY(-4px) rotate(30deg)\"><\/div><\/div><div style=\"margin-left: auto;\"> <div style=\" width: 0px; border-top: 8px solid #F4F4F4; border-right: 8px solid transparent; transform: translateY(16px);\"><\/div> <div style=\" background-color: #F4F4F4; flex-grow: 0; height: 12px; width: 16px; transform: translateY(-4px);\"><\/div> <div style=\" width: 0; height: 0; border-top: 8px solid #F4F4F4; border-left: 8px solid transparent; transform: translateY(-4px) translateX(8px);\"><\/div><\/div><\/div> <div style=\"display: flex; flex-direction: column; flex-grow: 1; justify-content: center; margin-bottom: 24px;\"> <div style=\" background-color: #F4F4F4; border-radius: 4px; flex-grow: 0; height: 14px; margin-bottom: 6px; width: 224px;\"><\/div> <div style=\" background-color: #F4F4F4; border-radius: 4px; flex-grow: 0; height: 14px; width: 144px;\"><\/div><\/div><\/a><p style=\" color:#c9c8cd; font-family:Arial,sans-serif; font-size:14px; line-height:17px; margin-bottom:0; margin-top:8px; overflow:hidden; padding:8px 0 7px; text-align:center; text-overflow:ellipsis; white-space:nowrap;\"><a href=\"https:\/\/www.instagram.com\/p\/iOQcVcIvF7\/?utm_source=ig_embed&amp;utm_campaign=loading\" style=\" color:#c9c8cd; font-family:Arial,sans-serif; font-size:14px; font-style:normal; font-weight:normal; line-height:17px; text-decoration:none;\" target=\"_blank\">A post shared by Dominique Maltais (@dominiquesbx)<\/a><\/p><\/div><\/blockquote><script async src=\"\/\/platform.instagram.com\/en_US\/embeds.js\"><\/script>\n<h1>L\u2019entra\u00eeneur technique de Dara Howell lui a conseill\u00e9 d\u2019augmenter l\u2019amplitude de sa deuxi\u00e8me descente et l\u2019athl\u00e8te a bien fait ses devoirs parce qu\u2019elle a gagn\u00e9 la m\u00e9daille d\u2019or de la Coupe du monde de slopestyle samedi.<\/h1>\n<blockquote><p>\u00ab\u00a0Je me suis dit que je pouvais me laisser plus de libert\u00e9 pendant ma deuxi\u00e8me descente. Apr\u00e8s avoir r\u00e9ussi les rails, tout a fonctionn\u00e9 comme sur des roulettes,\u00a0\u00bb raconte Howell de Copper Mountain au Colorado.\u00a0Son entra\u00eeneur technique JF Cusson lui a rappel\u00e9 que \u00ab\u00a0lors des journ\u00e9es comme aujourd\u2019hui, les juges aiment voir de l\u2019amplitude et de beaux atterrissages sur les figures complexes. Au lieu de tout changer, nous lui avons dit d\u2019aller plus vite et plus haut.\u00a0\u00bb<\/p><\/blockquote>\n<div class=\"embed-twitter\">\n<blockquote class=\"twitter-tweet\" width=\"550\">\n<p>I can&#39;t believe I won!!!! What a whirlwind couple of weeks!! Thanks to everyone for the support!!! <a href=\"http:\/\/t.co\/poBpclz9lz\">pic.twitter.com\/poBpclz9lz<\/a><\/p>\n<p>&mdash; Dara Howell (@DaraHowell) <a href=\"https:\/\/twitter.com\/DaraHowell\/status\/414494253289844738\">December 21, 2013<\/a><\/p><\/blockquote>\n<p><script async src=\"\/\/platform.twitter.com\/widgets.js\" charset=\"utf-8\"><\/script><\/div>\n<p>\u00ab Je n&rsquo;y crois pas, j&rsquo;ai gagn\u00e9! Ces derni\u00e8res semaines ont \u00e9t\u00e9 tr\u00e8s mouvement\u00e9es! Merci \u00e0 tous pour le support! \u00bb<\/p>\n","protected":false},"excerpt":{"rendered":"<p>Ce n\u2019\u00e9tait qu\u2019une question de temps avant qu\u2019Erik Guay ne fasse sa marque comme meilleur skieur canadien de tous les&#8230;<\/p>\n","protected":false},"author":54400589,"featured_media":89005,"comment_status":"open","ping_status":"open","sticky":false,"template":"","format":"standard","meta":{"_acf_changed":false,"_jetpack_memberships_contains_paid_content":false,"footnotes":""},"categories":[16085,6357361],"tags":[205580305,16718724,27595341,20056804],"post_format":"standard","sport":[181823549,2836518,18758654],"game":[191933058],"coauthors":[197174239],"class_list":["post-89004","post","type-post","status-publish","format-standard","has-post-thumbnail","hentry","category-nouvelles","category-sur-le-radar","tag-darahowell","tag-dominique-maltais","tag-erik-guay","tag-steve-podborski","sport-ski-ski-acrobatique","sport-ski-alpin","sport-snowboard","game-2014-sotchi"],"acf":[],"yoast_head":"<!-- This site is optimized with the Yoast SEO plugin v27.3 - https:\/\/yoast.com\/product\/yoast-seo-wordpress\/ -->\n<title>Une avalanche de m\u00e9dailles : les Canadiens omnipr\u00e9sents sur les podiums en Coupe du monde - \u00c9quipe Canada | Site officiel de l&#039;\u00e9quipe olympique<\/title>\n<meta name=\"robots\" content=\"index, follow, max-snippet:-1, max-image-preview:large, max-video-preview:-1\" \/>\n<link rel=\"canonical\" href=\"https:\/\/preprod.olympic.ca\/olympique\/2013\/12\/23\/une-avalanche-de-medailles-les-canadiens-omnipresents-sur-les-podiums-de-la-coupe-du-monde\/\" \/>\n<meta property=\"og:locale\" content=\"fr_FR\" \/>\n<meta property=\"og:type\" content=\"article\" \/>\n<meta property=\"og:title\" content=\"Une avalanche de m\u00e9dailles : les Canadiens omnipr\u00e9sents sur les podiums en Coupe du monde - \u00c9quipe Canada | Site officiel de l&#039;\u00e9quipe olympique\" \/>\n<meta property=\"og:description\" content=\"Ce n\u2019\u00e9tait qu\u2019une question de temps avant qu\u2019Erik Guay ne fasse sa marque comme meilleur skieur canadien de tous les...\" \/>\n<meta property=\"og:url\" content=\"https:\/\/preprod.olympic.ca\/olympique\/2013\/12\/23\/une-avalanche-de-medailles-les-canadiens-omnipresents-sur-les-podiums-de-la-coupe-du-monde\/\" \/>\n<meta property=\"og:site_name\" content=\"\u00c9quipe Canada | Site officiel de l&#039;\u00e9quipe olympique\" \/>\n<meta property=\"article:published_time\" content=\"2013-12-23T23:13:41+00:00\" \/>\n<meta property=\"article:modified_time\" content=\"2013-12-24T19:37:08+00:00\" \/>\n<meta property=\"og:image\" content=\"https:\/\/preprod.olympic.ca\/olympique\/wp-content\/uploads\/sites\/2\/2013\/12\/guay_cover_2.jpg?quality=100\" \/>\n\t<meta property=\"og:image:width\" content=\"670\" \/>\n\t<meta property=\"og:image:height\" content=\"377\" \/>\n\t<meta property=\"og:image:type\" content=\"image\/jpeg\" \/>\n<meta name=\"author\" content=\"Callum Ng\" \/>\n<meta name=\"twitter:card\" content=\"summary_large_image\" \/>\n<meta name=\"twitter:label1\" content=\"Written by\" \/>\n\t<meta name=\"twitter:data1\" content=\"Callum Ng\" \/>\n\t<meta name=\"twitter:label2\" content=\"Est. reading time\" \/>\n\t<meta name=\"twitter:data2\" content=\"3 minutes\" \/>\n<script type=\"application\/ld+json\" class=\"yoast-schema-graph\">{\"@context\":\"https:\\\/\\\/schema.org\",\"@graph\":[{\"@type\":\"Article\",\"@id\":\"https:\\\/\\\/preprod.olympic.ca\\\/olympique\\\/2013\\\/12\\\/23\\\/une-avalanche-de-medailles-les-canadiens-omnipresents-sur-les-podiums-de-la-coupe-du-monde\\\/#article\",\"isPartOf\":{\"@id\":\"https:\\\/\\\/preprod.olympic.ca\\\/olympique\\\/2013\\\/12\\\/23\\\/une-avalanche-de-medailles-les-canadiens-omnipresents-sur-les-podiums-de-la-coupe-du-monde\\\/\"},\"author\":{\"name\":\"Callum Ng, Senior Writer \\\/ Producer\",\"@id\":\"https:\\\/\\\/preprod.olympic.ca\\\/olympique\\\/#\\\/schema\\\/person\\\/58825b317028c2da2a12a967e0744e89\"},\"headline\":\"Une avalanche de m\u00e9dailles : les Canadiens omnipr\u00e9sents sur les podiums en Coupe du monde\",\"datePublished\":\"2013-12-23T23:13:41+00:00\",\"dateModified\":\"2013-12-24T19:37:08+00:00\",\"mainEntityOfPage\":{\"@id\":\"https:\\\/\\\/preprod.olympic.ca\\\/olympique\\\/2013\\\/12\\\/23\\\/une-avalanche-de-medailles-les-canadiens-omnipresents-sur-les-podiums-de-la-coupe-du-monde\\\/\"},\"wordCount\":607,\"commentCount\":1,\"image\":{\"@id\":\"https:\\\/\\\/preprod.olympic.ca\\\/olympique\\\/2013\\\/12\\\/23\\\/une-avalanche-de-medailles-les-canadiens-omnipresents-sur-les-podiums-de-la-coupe-du-monde\\\/#primaryimage\"},\"thumbnailUrl\":\"https:\\\/\\\/preprod.olympic.ca\\\/olympique\\\/wp-content\\\/uploads\\\/sites\\\/2\\\/2013\\\/12\\\/guay_cover_2.jpg?quality=100\",\"keywords\":[\"DaraHowell\",\"Dominique Maltais\",\"Erik Guay\",\"Steve Podborski\"],\"articleSection\":[\"Nouvelles\",\"Sur le radar\"],\"inLanguage\":\"fr-FR\",\"potentialAction\":[{\"@type\":\"CommentAction\",\"name\":\"Comment\",\"target\":[\"https:\\\/\\\/preprod.olympic.ca\\\/olympique\\\/2013\\\/12\\\/23\\\/une-avalanche-de-medailles-les-canadiens-omnipresents-sur-les-podiums-de-la-coupe-du-monde\\\/#respond\"]}]},{\"@type\":\"WebPage\",\"@id\":\"https:\\\/\\\/preprod.olympic.ca\\\/olympique\\\/2013\\\/12\\\/23\\\/une-avalanche-de-medailles-les-canadiens-omnipresents-sur-les-podiums-de-la-coupe-du-monde\\\/\",\"url\":\"https:\\\/\\\/preprod.olympic.ca\\\/olympique\\\/2013\\\/12\\\/23\\\/une-avalanche-de-medailles-les-canadiens-omnipresents-sur-les-podiums-de-la-coupe-du-monde\\\/\",\"name\":\"Une avalanche de m\u00e9dailles : les Canadiens omnipr\u00e9sents sur les podiums en Coupe du monde - \u00c9quipe Canada | Site officiel de l&#039;\u00e9quipe olympique\",\"isPartOf\":{\"@id\":\"https:\\\/\\\/preprod.olympic.ca\\\/olympique\\\/#website\"},\"primaryImageOfPage\":{\"@id\":\"https:\\\/\\\/preprod.olympic.ca\\\/olympique\\\/2013\\\/12\\\/23\\\/une-avalanche-de-medailles-les-canadiens-omnipresents-sur-les-podiums-de-la-coupe-du-monde\\\/#primaryimage\"},\"image\":{\"@id\":\"https:\\\/\\\/preprod.olympic.ca\\\/olympique\\\/2013\\\/12\\\/23\\\/une-avalanche-de-medailles-les-canadiens-omnipresents-sur-les-podiums-de-la-coupe-du-monde\\\/#primaryimage\"},\"thumbnailUrl\":\"https:\\\/\\\/preprod.olympic.ca\\\/olympique\\\/wp-content\\\/uploads\\\/sites\\\/2\\\/2013\\\/12\\\/guay_cover_2.jpg?quality=100\",\"datePublished\":\"2013-12-23T23:13:41+00:00\",\"dateModified\":\"2013-12-24T19:37:08+00:00\",\"author\":{\"@id\":\"https:\\\/\\\/preprod.olympic.ca\\\/olympique\\\/#\\\/schema\\\/person\\\/58825b317028c2da2a12a967e0744e89\"},\"inLanguage\":\"fr-FR\",\"potentialAction\":[{\"@type\":\"ReadAction\",\"target\":[\"https:\\\/\\\/preprod.olympic.ca\\\/olympique\\\/2013\\\/12\\\/23\\\/une-avalanche-de-medailles-les-canadiens-omnipresents-sur-les-podiums-de-la-coupe-du-monde\\\/\"]}]},{\"@type\":\"ImageObject\",\"inLanguage\":\"fr-FR\",\"@id\":\"https:\\\/\\\/preprod.olympic.ca\\\/olympique\\\/2013\\\/12\\\/23\\\/une-avalanche-de-medailles-les-canadiens-omnipresents-sur-les-podiums-de-la-coupe-du-monde\\\/#primaryimage\",\"url\":\"https:\\\/\\\/preprod.olympic.ca\\\/olympique\\\/wp-content\\\/uploads\\\/sites\\\/2\\\/2013\\\/12\\\/guay_cover_2.jpg?quality=100\",\"contentUrl\":\"https:\\\/\\\/preprod.olympic.ca\\\/olympique\\\/wp-content\\\/uploads\\\/sites\\\/2\\\/2013\\\/12\\\/guay_cover_2.jpg?quality=100\",\"width\":670,\"height\":377},{\"@type\":\"WebSite\",\"@id\":\"https:\\\/\\\/preprod.olympic.ca\\\/olympique\\\/#website\",\"url\":\"https:\\\/\\\/preprod.olympic.ca\\\/olympique\\\/\",\"name\":\"\u00c9quipe Canada | Site officiel de l&#039;\u00e9quipe olympique\",\"description\":\"Votre source pour l\u2019\u00c9quipe olympique canadienne. Retrouvez les r\u00e9cits, vid\u00e9os et photos des athl\u00e8tes canadiens, sports olympiques, Jeux olympiques de 2020 et bien plus!\",\"potentialAction\":[{\"@type\":\"SearchAction\",\"target\":{\"@type\":\"EntryPoint\",\"urlTemplate\":\"https:\\\/\\\/preprod.olympic.ca\\\/olympique\\\/?s={search_term_string}\"},\"query-input\":{\"@type\":\"PropertyValueSpecification\",\"valueRequired\":true,\"valueName\":\"search_term_string\"}}],\"inLanguage\":\"fr-FR\"},{\"@type\":\"Person\",\"@id\":\"https:\\\/\\\/preprod.olympic.ca\\\/olympique\\\/#\\\/schema\\\/person\\\/58825b317028c2da2a12a967e0744e89\",\"name\":\"Callum Ng, Senior Writer \\\/ Producer\",\"image\":{\"@type\":\"ImageObject\",\"inLanguage\":\"fr-FR\",\"@id\":\"https:\\\/\\\/secure.gravatar.com\\\/avatar\\\/a22f4c313660ac5b90d87637200a4a844bcd7c28ab830daacab6728406172e52?s=96&d=identicon&r=gfcb85575972b12bad5bdddd76de5daec\",\"url\":\"https:\\\/\\\/secure.gravatar.com\\\/avatar\\\/a22f4c313660ac5b90d87637200a4a844bcd7c28ab830daacab6728406172e52?s=96&d=identicon&r=g\",\"contentUrl\":\"https:\\\/\\\/secure.gravatar.com\\\/avatar\\\/a22f4c313660ac5b90d87637200a4a844bcd7c28ab830daacab6728406172e52?s=96&d=identicon&r=g\",\"caption\":\"Callum Ng, Senior Writer \\\/ Producer\"},\"description\":\"I tell sport stories. Web, Social, Broadcast. I also like songs and dim sum. Talk to me, I'm friendly. Follow @CallumNg\",\"url\":\"https:\\\/\\\/preprod.olympic.ca\\\/olympique\\\/author\\\/cngolympic\\\/\"}]}<\/script>\n<!-- \/ Yoast SEO plugin. -->","yoast_head_json":{"title":"Une avalanche de m\u00e9dailles : les Canadiens omnipr\u00e9sents sur les podiums en Coupe du monde - \u00c9quipe Canada | Site officiel de l&#039;\u00e9quipe olympique","robots":{"index":"index","follow":"follow","max-snippet":"max-snippet:-1","max-image-preview":"max-image-preview:large","max-video-preview":"max-video-preview:-1"},"canonical":"https:\/\/preprod.olympic.ca\/olympique\/2013\/12\/23\/une-avalanche-de-medailles-les-canadiens-omnipresents-sur-les-podiums-de-la-coupe-du-monde\/","og_locale":"fr_FR","og_type":"article","og_title":"Une avalanche de m\u00e9dailles : les Canadiens omnipr\u00e9sents sur les podiums en Coupe du monde - \u00c9quipe Canada | Site officiel de l&#039;\u00e9quipe olympique","og_description":"Ce n\u2019\u00e9tait qu\u2019une question de temps avant qu\u2019Erik Guay ne fasse sa marque comme meilleur skieur canadien de tous les...","og_url":"https:\/\/preprod.olympic.ca\/olympique\/2013\/12\/23\/une-avalanche-de-medailles-les-canadiens-omnipresents-sur-les-podiums-de-la-coupe-du-monde\/","og_site_name":"\u00c9quipe Canada | Site officiel de l&#039;\u00e9quipe olympique","article_published_time":"2013-12-23T23:13:41+00:00","article_modified_time":"2013-12-24T19:37:08+00:00","og_image":[{"width":670,"height":377,"url":"https:\/\/preprod.olympic.ca\/olympique\/wp-content\/uploads\/sites\/2\/2013\/12\/guay_cover_2.jpg?quality=100","type":"image\/jpeg"}],"author":"Callum Ng","twitter_card":"summary_large_image","twitter_misc":{"Written by":"Callum Ng","Est. reading time":"3 minutes"},"schema":{"@context":"https:\/\/schema.org","@graph":[{"@type":"Article","@id":"https:\/\/preprod.olympic.ca\/olympique\/2013\/12\/23\/une-avalanche-de-medailles-les-canadiens-omnipresents-sur-les-podiums-de-la-coupe-du-monde\/#article","isPartOf":{"@id":"https:\/\/preprod.olympic.ca\/olympique\/2013\/12\/23\/une-avalanche-de-medailles-les-canadiens-omnipresents-sur-les-podiums-de-la-coupe-du-monde\/"},"author":{"name":"Callum Ng, Senior Writer \/ Producer","@id":"https:\/\/preprod.olympic.ca\/olympique\/#\/schema\/person\/58825b317028c2da2a12a967e0744e89"},"headline":"Une avalanche de m\u00e9dailles : les Canadiens omnipr\u00e9sents sur les podiums en Coupe du monde","datePublished":"2013-12-23T23:13:41+00:00","dateModified":"2013-12-24T19:37:08+00:00","mainEntityOfPage":{"@id":"https:\/\/preprod.olympic.ca\/olympique\/2013\/12\/23\/une-avalanche-de-medailles-les-canadiens-omnipresents-sur-les-podiums-de-la-coupe-du-monde\/"},"wordCount":607,"commentCount":1,"image":{"@id":"https:\/\/preprod.olympic.ca\/olympique\/2013\/12\/23\/une-avalanche-de-medailles-les-canadiens-omnipresents-sur-les-podiums-de-la-coupe-du-monde\/#primaryimage"},"thumbnailUrl":"https:\/\/preprod.olympic.ca\/olympique\/wp-content\/uploads\/sites\/2\/2013\/12\/guay_cover_2.jpg?quality=100","keywords":["DaraHowell","Dominique Maltais","Erik Guay","Steve Podborski"],"articleSection":["Nouvelles","Sur le radar"],"inLanguage":"fr-FR","potentialAction":[{"@type":"CommentAction","name":"Comment","target":["https:\/\/preprod.olympic.ca\/olympique\/2013\/12\/23\/une-avalanche-de-medailles-les-canadiens-omnipresents-sur-les-podiums-de-la-coupe-du-monde\/#respond"]}]},{"@type":"WebPage","@id":"https:\/\/preprod.olympic.ca\/olympique\/2013\/12\/23\/une-avalanche-de-medailles-les-canadiens-omnipresents-sur-les-podiums-de-la-coupe-du-monde\/","url":"https:\/\/preprod.olympic.ca\/olympique\/2013\/12\/23\/une-avalanche-de-medailles-les-canadiens-omnipresents-sur-les-podiums-de-la-coupe-du-monde\/","name":"Une avalanche de m\u00e9dailles : les Canadiens omnipr\u00e9sents sur les podiums en Coupe du monde - \u00c9quipe Canada | Site officiel de l&#039;\u00e9quipe olympique","isPartOf":{"@id":"https:\/\/preprod.olympic.ca\/olympique\/#website"},"primaryImageOfPage":{"@id":"https:\/\/preprod.olympic.ca\/olympique\/2013\/12\/23\/une-avalanche-de-medailles-les-canadiens-omnipresents-sur-les-podiums-de-la-coupe-du-monde\/#primaryimage"},"image":{"@id":"https:\/\/preprod.olympic.ca\/olympique\/2013\/12\/23\/une-avalanche-de-medailles-les-canadiens-omnipresents-sur-les-podiums-de-la-coupe-du-monde\/#primaryimage"},"thumbnailUrl":"https:\/\/preprod.olympic.ca\/olympique\/wp-content\/uploads\/sites\/2\/2013\/12\/guay_cover_2.jpg?quality=100","datePublished":"2013-12-23T23:13:41+00:00","dateModified":"2013-12-24T19:37:08+00:00","author":{"@id":"https:\/\/preprod.olympic.ca\/olympique\/#\/schema\/person\/58825b317028c2da2a12a967e0744e89"},"inLanguage":"fr-FR","potentialAction":[{"@type":"ReadAction","target":["https:\/\/preprod.olympic.ca\/olympique\/2013\/12\/23\/une-avalanche-de-medailles-les-canadiens-omnipresents-sur-les-podiums-de-la-coupe-du-monde\/"]}]},{"@type":"ImageObject","inLanguage":"fr-FR","@id":"https:\/\/preprod.olympic.ca\/olympique\/2013\/12\/23\/une-avalanche-de-medailles-les-canadiens-omnipresents-sur-les-podiums-de-la-coupe-du-monde\/#primaryimage","url":"https:\/\/preprod.olympic.ca\/olympique\/wp-content\/uploads\/sites\/2\/2013\/12\/guay_cover_2.jpg?quality=100","contentUrl":"https:\/\/preprod.olympic.ca\/olympique\/wp-content\/uploads\/sites\/2\/2013\/12\/guay_cover_2.jpg?quality=100","width":670,"height":377},{"@type":"WebSite","@id":"https:\/\/preprod.olympic.ca\/olympique\/#website","url":"https:\/\/preprod.olympic.ca\/olympique\/","name":"\u00c9quipe Canada | Site officiel de l&#039;\u00e9quipe olympique","description":"Votre source pour l\u2019\u00c9quipe olympique canadienne. Retrouvez les r\u00e9cits, vid\u00e9os et photos des athl\u00e8tes canadiens, sports olympiques, Jeux olympiques de 2020 et bien plus!","potentialAction":[{"@type":"SearchAction","target":{"@type":"EntryPoint","urlTemplate":"https:\/\/preprod.olympic.ca\/olympique\/?s={search_term_string}"},"query-input":{"@type":"PropertyValueSpecification","valueRequired":true,"valueName":"search_term_string"}}],"inLanguage":"fr-FR"},{"@type":"Person","@id":"https:\/\/preprod.olympic.ca\/olympique\/#\/schema\/person\/58825b317028c2da2a12a967e0744e89","name":"Callum Ng, Senior Writer \/ Producer","image":{"@type":"ImageObject","inLanguage":"fr-FR","@id":"https:\/\/secure.gravatar.com\/avatar\/a22f4c313660ac5b90d87637200a4a844bcd7c28ab830daacab6728406172e52?s=96&d=identicon&r=gfcb85575972b12bad5bdddd76de5daec","url":"https:\/\/secure.gravatar.com\/avatar\/a22f4c313660ac5b90d87637200a4a844bcd7c28ab830daacab6728406172e52?s=96&d=identicon&r=g","contentUrl":"https:\/\/secure.gravatar.com\/avatar\/a22f4c313660ac5b90d87637200a4a844bcd7c28ab830daacab6728406172e52?s=96&d=identicon&r=g","caption":"Callum Ng, Senior Writer \/ Producer"},"description":"I tell sport stories. Web, Social, Broadcast. I also like songs and dim sum. Talk to me, I'm friendly. Follow @CallumNg","url":"https:\/\/preprod.olympic.ca\/olympique\/author\/cngolympic\/"}]}},"jetpack_featured_media_url":"https:\/\/preprod.olympic.ca\/olympique\/wp-content\/uploads\/sites\/2\/2013\/12\/guay_cover_2.jpg?quality=100","featured_image_url":"https:\/\/preprod.olympic.ca\/olympique\/wp-content\/uploads\/sites\/2\/2013\/12\/guay_cover_2.jpg?quality=100","author_name":["Callum Ng"],"category_names":["Nouvelles","Sur le radar"],"tag_names":["DaraHowell","Dominique Maltais","Erik Guay","Steve Podborski"],"video_embed_code":"","facebook_video_embed_code":"","jetpack_sharing_enabled":true,"jetpack-related-posts":[],"jetpack_shortlink":"https:\/\/wp.me\/pcGHcP-n9y","_links":{"self":[{"href":"https:\/\/preprod.olympic.ca\/olympique\/wp-json\/wp\/v2\/posts\/89004","targetHints":{"allow":["GET"]}}],"collection":[{"href":"https:\/\/preprod.olympic.ca\/olympique\/wp-json\/wp\/v2\/posts"}],"about":[{"href":"https:\/\/preprod.olympic.ca\/olympique\/wp-json\/wp\/v2\/types\/post"}],"author":[{"embeddable":true,"href":"https:\/\/preprod.olympic.ca\/olympique\/wp-json\/wp\/v2\/users\/54400589"}],"replies":[{"embeddable":true,"href":"https:\/\/preprod.olympic.ca\/olympique\/wp-json\/wp\/v2\/comments?post=89004"}],"version-history":[{"count":5,"href":"https:\/\/preprod.olympic.ca\/olympique\/wp-json\/wp\/v2\/posts\/89004\/revisions"}],"predecessor-version":[{"id":89011,"href":"https:\/\/preprod.olympic.ca\/olympique\/wp-json\/wp\/v2\/posts\/89004\/revisions\/89011"}],"wp:featuredmedia":[{"embeddable":true,"href":"https:\/\/preprod.olympic.ca\/olympique\/wp-json\/wp\/v2\/media\/89005"}],"wp:attachment":[{"href":"https:\/\/preprod.olympic.ca\/olympique\/wp-json\/wp\/v2\/media?parent=89004"}],"wp:term":[{"taxonomy":"category","embeddable":true,"href":"https:\/\/preprod.olympic.ca\/olympique\/wp-json\/wp\/v2\/categories?post=89004"},{"taxonomy":"post_tag","embeddable":true,"href":"https:\/\/preprod.olympic.ca\/olympique\/wp-json\/wp\/v2\/tags?post=89004"},{"taxonomy":"post_format","embeddable":true,"href":"https:\/\/preprod.olympic.ca\/olympique\/wp-json\/wp\/v2\/post_format?post=89004"},{"taxonomy":"sport","embeddable":true,"href":"https:\/\/preprod.olympic.ca\/olympique\/wp-json\/wp\/v2\/sport?post=89004"},{"taxonomy":"game","embeddable":true,"href":"https:\/\/preprod.olympic.ca\/olympique\/wp-json\/wp\/v2\/game?post=89004"},{"taxonomy":"author","embeddable":true,"href":"https:\/\/preprod.olympic.ca\/olympique\/wp-json\/wp\/v2\/coauthors?post=89004"}],"curies":[{"name":"wp","href":"https:\/\/api.w.org\/{rel}","templated":true}]}}