{"id":89154,"date":"2013-12-28T14:50:37","date_gmt":"2013-12-28T19:50:37","guid":{"rendered":"http:\/\/olympique.ca\/?p=89154"},"modified":"2014-01-04T15:03:51","modified_gmt":"2014-01-04T20:03:51","slug":"harvey-et-kershaw-departs-puissants-au-tour-de-ski","status":"publish","type":"post","link":"https:\/\/preprod.olympic.ca\/olympique\/2013\/12\/28\/harvey-et-kershaw-departs-puissants-au-tour-de-ski\/","title":{"rendered":"Harvey et Kershaw : d\u00e9parts canons au Tour de ski"},"content":{"rendered":"<p>Nos fondeurs canadiens ont domin\u00e9 le podium lors de la premi\u00e8re \u00e9tape du Tour de ski samedi \u00e0 Oberhof en Allemagne. <a href=\"http:\/\/olympique.ca\/team-canada\/alex-harvey\/\">Alex Harvey<\/a> a gagn\u00e9 la premi\u00e8re place alors que <a href=\"http:\/\/olympique.ca\/team-canada\/devon-kershaw\/\">Devon Kershaw<\/a> s&rsquo;est retrouv\u00e9 en deuxi\u00e8me position.<\/p>\n<div class=\"embed-twitter\">\n<blockquote class=\"twitter-tweet\" width=\"550\">\n<p>Congrats <a href=\"https:\/\/twitter.com\/alex_harvey\">@alex_harvey<\/a> &amp; <a href=\"https:\/\/twitter.com\/devonkershaw\">@devonkershaw<\/a> for 1st and 2nd today at the TDS. PODIUM!!!! <a href=\"https:\/\/twitter.com\/CDNOlympicTeam\">@CDNOlympicTeam<\/a> <a href=\"https:\/\/twitter.com\/CBCOlympics\">@CBCOlympics<\/a> <a href=\"http:\/\/t.co\/InDZvojzyh\">pic.twitter.com\/InDZvojzyh<\/a><\/p>\n<p>&mdash; Cross Country Canada (@cccski) <a href=\"https:\/\/twitter.com\/cccski\/status\/416965584538984448\">December 28, 2013<\/a><\/p><\/blockquote>\n<p><script async src=\"\/\/platform.twitter.com\/widgets.js\" charset=\"utf-8\"><\/script><\/div>\n<p>\u00ab\u00a0F\u00e9licitations \u00e0 <a href=\"https:\/\/twitter.com\/alex_harvey\">@<b>alex_harvey<\/b><\/a> &amp; <a href=\"https:\/\/twitter.com\/devonkershaw\">@<b>devonkershaw<\/b><\/a> pour leurs 1\u00e8re et 2e positions au TDS. PODIUM!!!! <a href=\"https:\/\/twitter.com\/CDNOlympicTeam\">@<b>CDNOlympicTeam<\/b><\/a> <a href=\"https:\/\/twitter.com\/CBCOlympics\">@<b>CBCOlympics<\/b><\/a>\u00a0\u00bb<\/p>\n<p>Harvey a dit que sa cadence de course \u00e9tait tr\u00e8s importante dans cette course lui octroyant la m\u00e9daille d&rsquo;or.\u00a0 \u00ab\u00a0Je n&rsquo;ai pas\u00a0connu un d\u00e9part impressionnant dans le premier tour, mais j&rsquo;ai termin\u00e9 la course avec 3 secondes d&rsquo;avance sur mes deux plus proches concurrents. C&rsquo;est peut-\u00eatre la diff\u00e9rence dans la finition. Je me sentais tr\u00e8s bien\u00a0\u00bb a-t-il dit \u00e0 la FIS.<\/p>\n<p>Kershaw, lui, s&rsquo;est senti soulag\u00e9 puisqu&rsquo;il \u00e9prouvait de la difficult\u00e9 \u00e0 produire de bons r\u00e9sultats cette saison. Cependant, il esp\u00e8re que le Tour de ski pourra donner aux Canadiens le momentum qu&rsquo;ils ont besoin\u00a0en vue des\u00a0Olympiques.<\/p>\n<p>\u00ab\u00a0C&rsquo;est le meilleur d\u00e9part au Tour de ski que nous aillons jamais eu et je dois remercier nos techniciens en cire. Ils ont fait un excellent travail, nous avions les skis les plus rapides du groupe.\u00a0\u00bb<\/p>\n<blockquote><p>Plus sur : <a href=\"http:\/\/olympique.ca\/2013\/11\/21\/decompte-des-14-meilleurs-espoirs-quebecois-pour-sotchi-2014-4\/\">Alex Harvey<\/a><\/p><\/blockquote>\n<p>La course de 4.5 km est la premi\u00e8re \u00e9preuve pour les hommes dans le Tour de ski, qui comprend sept \u00e9preuves au total. Les prochaines \u00e9preuves auront lieu en Suisse pour se terminer en Italie avec la mont\u00e9e finale le 5 janvier.<\/p>\n","protected":false},"excerpt":{"rendered":"<p>Nos fondeurs canadiens ont domin\u00e9 le podium lors de la premi\u00e8re \u00e9tape du Tour de ski samedi \u00e0 Oberhof en&#8230;<\/p>\n","protected":false},"author":10774097,"featured_media":89159,"comment_status":"open","ping_status":"open","sticky":false,"template":"","format":"standard","meta":{"_acf_changed":false,"_jetpack_memberships_contains_paid_content":false,"footnotes":""},"categories":[16085],"tags":[5407300,77747,2443,28591181,82290,728311,65403,3983547],"post_format":"standard","sport":[181823552],"game":[],"coauthors":[197553292],"class_list":["post-89154","post","type-post","status-publish","format-standard","has-post-thumbnail","hentry","category-nouvelles","tag-alex-harvey","tag-allemagne","tag-canada","tag-devon-kershaw","tag-italie","tag-ski-de-fond","tag-suisse","tag-tour-de-ski","sport-ski-ski-de-fond"],"acf":[],"yoast_head":"<!-- This site is optimized with the Yoast SEO plugin v27.3 - https:\/\/yoast.com\/product\/yoast-seo-wordpress\/ -->\n<title>Harvey et Kershaw : d\u00e9parts canons au Tour de ski - \u00c9quipe Canada | Site officiel de l&#039;\u00e9quipe olympique<\/title>\n<meta name=\"robots\" content=\"index, follow, max-snippet:-1, max-image-preview:large, max-video-preview:-1\" \/>\n<link rel=\"canonical\" href=\"https:\/\/preprod.olympic.ca\/olympique\/2013\/12\/28\/harvey-et-kershaw-departs-puissants-au-tour-de-ski\/\" \/>\n<meta property=\"og:locale\" content=\"fr_FR\" \/>\n<meta property=\"og:type\" content=\"article\" \/>\n<meta property=\"og:title\" content=\"Harvey et Kershaw : d\u00e9parts canons au Tour de ski - \u00c9quipe Canada | Site officiel de l&#039;\u00e9quipe olympique\" \/>\n<meta property=\"og:description\" content=\"Nos fondeurs canadiens ont domin\u00e9 le podium lors de la premi\u00e8re \u00e9tape du Tour de ski samedi \u00e0 Oberhof en...\" \/>\n<meta property=\"og:url\" content=\"https:\/\/preprod.olympic.ca\/olympique\/2013\/12\/28\/harvey-et-kershaw-departs-puissants-au-tour-de-ski\/\" \/>\n<meta property=\"og:site_name\" content=\"\u00c9quipe Canada | Site officiel de l&#039;\u00e9quipe olympique\" \/>\n<meta property=\"article:published_time\" content=\"2013-12-28T19:50:37+00:00\" \/>\n<meta property=\"article:modified_time\" content=\"2014-01-04T20:03:51+00:00\" \/>\n<meta property=\"og:image\" content=\"https:\/\/preprod.olympic.ca\/olympique\/wp-content\/uploads\/sites\/2\/2013\/12\/harvey.jpg?quality=100\" \/>\n\t<meta property=\"og:image:width\" content=\"670\" \/>\n\t<meta property=\"og:image:height\" content=\"377\" \/>\n\t<meta property=\"og:image:type\" content=\"image\/jpeg\" \/>\n<meta name=\"author\" content=\"Asif Hossain\" \/>\n<meta name=\"twitter:card\" content=\"summary_large_image\" \/>\n<meta name=\"twitter:label1\" content=\"Written by\" \/>\n\t<meta name=\"twitter:data1\" content=\"Asif Hossain\" \/>\n\t<meta name=\"twitter:label2\" content=\"Est. reading time\" \/>\n\t<meta name=\"twitter:data2\" content=\"1 minute\" \/>\n<script type=\"application\/ld+json\" class=\"yoast-schema-graph\">{\"@context\":\"https:\\\/\\\/schema.org\",\"@graph\":[{\"@type\":\"Article\",\"@id\":\"https:\\\/\\\/preprod.olympic.ca\\\/olympique\\\/2013\\\/12\\\/28\\\/harvey-et-kershaw-departs-puissants-au-tour-de-ski\\\/#article\",\"isPartOf\":{\"@id\":\"https:\\\/\\\/preprod.olympic.ca\\\/olympique\\\/2013\\\/12\\\/28\\\/harvey-et-kershaw-departs-puissants-au-tour-de-ski\\\/\"},\"author\":{\"name\":\"Asif Hossain\",\"@id\":\"https:\\\/\\\/preprod.olympic.ca\\\/olympique\\\/#\\\/schema\\\/person\\\/9fece45a1cf9f72c0fee2ddb948a50f4\"},\"headline\":\"Harvey et Kershaw : d\u00e9parts canons au Tour de ski\",\"datePublished\":\"2013-12-28T19:50:37+00:00\",\"dateModified\":\"2014-01-04T20:03:51+00:00\",\"mainEntityOfPage\":{\"@id\":\"https:\\\/\\\/preprod.olympic.ca\\\/olympique\\\/2013\\\/12\\\/28\\\/harvey-et-kershaw-departs-puissants-au-tour-de-ski\\\/\"},\"wordCount\":269,\"commentCount\":3,\"image\":{\"@id\":\"https:\\\/\\\/preprod.olympic.ca\\\/olympique\\\/2013\\\/12\\\/28\\\/harvey-et-kershaw-departs-puissants-au-tour-de-ski\\\/#primaryimage\"},\"thumbnailUrl\":\"https:\\\/\\\/preprod.olympic.ca\\\/olympique\\\/wp-content\\\/uploads\\\/sites\\\/2\\\/2013\\\/12\\\/harvey.jpg?quality=100\",\"keywords\":[\"alex harvey\",\"Allemagne\",\"Canada\",\"Devon Kershaw\",\"Italie\",\"Ski de fond\",\"Suisse\",\"Tour de ski\"],\"articleSection\":[\"Nouvelles\"],\"inLanguage\":\"fr-FR\",\"potentialAction\":[{\"@type\":\"CommentAction\",\"name\":\"Comment\",\"target\":[\"https:\\\/\\\/preprod.olympic.ca\\\/olympique\\\/2013\\\/12\\\/28\\\/harvey-et-kershaw-departs-puissants-au-tour-de-ski\\\/#respond\"]}]},{\"@type\":\"WebPage\",\"@id\":\"https:\\\/\\\/preprod.olympic.ca\\\/olympique\\\/2013\\\/12\\\/28\\\/harvey-et-kershaw-departs-puissants-au-tour-de-ski\\\/\",\"url\":\"https:\\\/\\\/preprod.olympic.ca\\\/olympique\\\/2013\\\/12\\\/28\\\/harvey-et-kershaw-departs-puissants-au-tour-de-ski\\\/\",\"name\":\"Harvey et Kershaw : d\u00e9parts canons au Tour de ski - \u00c9quipe Canada | Site officiel de l&#039;\u00e9quipe olympique\",\"isPartOf\":{\"@id\":\"https:\\\/\\\/preprod.olympic.ca\\\/olympique\\\/#website\"},\"primaryImageOfPage\":{\"@id\":\"https:\\\/\\\/preprod.olympic.ca\\\/olympique\\\/2013\\\/12\\\/28\\\/harvey-et-kershaw-departs-puissants-au-tour-de-ski\\\/#primaryimage\"},\"image\":{\"@id\":\"https:\\\/\\\/preprod.olympic.ca\\\/olympique\\\/2013\\\/12\\\/28\\\/harvey-et-kershaw-departs-puissants-au-tour-de-ski\\\/#primaryimage\"},\"thumbnailUrl\":\"https:\\\/\\\/preprod.olympic.ca\\\/olympique\\\/wp-content\\\/uploads\\\/sites\\\/2\\\/2013\\\/12\\\/harvey.jpg?quality=100\",\"datePublished\":\"2013-12-28T19:50:37+00:00\",\"dateModified\":\"2014-01-04T20:03:51+00:00\",\"author\":{\"@id\":\"https:\\\/\\\/preprod.olympic.ca\\\/olympique\\\/#\\\/schema\\\/person\\\/9fece45a1cf9f72c0fee2ddb948a50f4\"},\"inLanguage\":\"fr-FR\",\"potentialAction\":[{\"@type\":\"ReadAction\",\"target\":[\"https:\\\/\\\/preprod.olympic.ca\\\/olympique\\\/2013\\\/12\\\/28\\\/harvey-et-kershaw-departs-puissants-au-tour-de-ski\\\/\"]}]},{\"@type\":\"ImageObject\",\"inLanguage\":\"fr-FR\",\"@id\":\"https:\\\/\\\/preprod.olympic.ca\\\/olympique\\\/2013\\\/12\\\/28\\\/harvey-et-kershaw-departs-puissants-au-tour-de-ski\\\/#primaryimage\",\"url\":\"https:\\\/\\\/preprod.olympic.ca\\\/olympique\\\/wp-content\\\/uploads\\\/sites\\\/2\\\/2013\\\/12\\\/harvey.jpg?quality=100\",\"contentUrl\":\"https:\\\/\\\/preprod.olympic.ca\\\/olympique\\\/wp-content\\\/uploads\\\/sites\\\/2\\\/2013\\\/12\\\/harvey.jpg?quality=100\",\"width\":670,\"height\":377},{\"@type\":\"WebSite\",\"@id\":\"https:\\\/\\\/preprod.olympic.ca\\\/olympique\\\/#website\",\"url\":\"https:\\\/\\\/preprod.olympic.ca\\\/olympique\\\/\",\"name\":\"\u00c9quipe Canada | Site officiel de l&#039;\u00e9quipe olympique\",\"description\":\"Votre source pour l\u2019\u00c9quipe olympique canadienne. Retrouvez les r\u00e9cits, vid\u00e9os et photos des athl\u00e8tes canadiens, sports olympiques, Jeux olympiques de 2020 et bien plus!\",\"potentialAction\":[{\"@type\":\"SearchAction\",\"target\":{\"@type\":\"EntryPoint\",\"urlTemplate\":\"https:\\\/\\\/preprod.olympic.ca\\\/olympique\\\/?s={search_term_string}\"},\"query-input\":{\"@type\":\"PropertyValueSpecification\",\"valueRequired\":true,\"valueName\":\"search_term_string\"}}],\"inLanguage\":\"fr-FR\"},{\"@type\":\"Person\",\"@id\":\"https:\\\/\\\/preprod.olympic.ca\\\/olympique\\\/#\\\/schema\\\/person\\\/9fece45a1cf9f72c0fee2ddb948a50f4\",\"name\":\"Asif Hossain\",\"image\":{\"@type\":\"ImageObject\",\"inLanguage\":\"fr-FR\",\"@id\":\"https:\\\/\\\/secure.gravatar.com\\\/avatar\\\/d78674d61b6b8fcd5488a575ef3fab9b8bed1978cf5bb978adeae1f9411abe4a?s=96&d=identicon&r=g22eff5eea2e28da905f112e9933af68b\",\"url\":\"https:\\\/\\\/secure.gravatar.com\\\/avatar\\\/d78674d61b6b8fcd5488a575ef3fab9b8bed1978cf5bb978adeae1f9411abe4a?s=96&d=identicon&r=g\",\"contentUrl\":\"https:\\\/\\\/secure.gravatar.com\\\/avatar\\\/d78674d61b6b8fcd5488a575ef3fab9b8bed1978cf5bb978adeae1f9411abe4a?s=96&d=identicon&r=g\",\"caption\":\"Asif Hossain\"},\"description\":\"Digital content, marketing and communications manager by trade.\",\"sameAs\":[\"http:\\\/\\\/asifhossain.wordpress.com\"],\"url\":\"https:\\\/\\\/preprod.olympic.ca\\\/olympique\\\/author\\\/asifhossain\\\/\"}]}<\/script>\n<!-- \/ Yoast SEO plugin. -->","yoast_head_json":{"title":"Harvey et Kershaw : d\u00e9parts canons au Tour de ski - \u00c9quipe Canada | Site officiel de l&#039;\u00e9quipe olympique","robots":{"index":"index","follow":"follow","max-snippet":"max-snippet:-1","max-image-preview":"max-image-preview:large","max-video-preview":"max-video-preview:-1"},"canonical":"https:\/\/preprod.olympic.ca\/olympique\/2013\/12\/28\/harvey-et-kershaw-departs-puissants-au-tour-de-ski\/","og_locale":"fr_FR","og_type":"article","og_title":"Harvey et Kershaw : d\u00e9parts canons au Tour de ski - \u00c9quipe Canada | Site officiel de l&#039;\u00e9quipe olympique","og_description":"Nos fondeurs canadiens ont domin\u00e9 le podium lors de la premi\u00e8re \u00e9tape du Tour de ski samedi \u00e0 Oberhof en...","og_url":"https:\/\/preprod.olympic.ca\/olympique\/2013\/12\/28\/harvey-et-kershaw-departs-puissants-au-tour-de-ski\/","og_site_name":"\u00c9quipe Canada | Site officiel de l&#039;\u00e9quipe olympique","article_published_time":"2013-12-28T19:50:37+00:00","article_modified_time":"2014-01-04T20:03:51+00:00","og_image":[{"width":670,"height":377,"url":"https:\/\/preprod.olympic.ca\/olympique\/wp-content\/uploads\/sites\/2\/2013\/12\/harvey.jpg?quality=100","type":"image\/jpeg"}],"author":"Asif Hossain","twitter_card":"summary_large_image","twitter_misc":{"Written by":"Asif Hossain","Est. reading time":"1 minute"},"schema":{"@context":"https:\/\/schema.org","@graph":[{"@type":"Article","@id":"https:\/\/preprod.olympic.ca\/olympique\/2013\/12\/28\/harvey-et-kershaw-departs-puissants-au-tour-de-ski\/#article","isPartOf":{"@id":"https:\/\/preprod.olympic.ca\/olympique\/2013\/12\/28\/harvey-et-kershaw-departs-puissants-au-tour-de-ski\/"},"author":{"name":"Asif Hossain","@id":"https:\/\/preprod.olympic.ca\/olympique\/#\/schema\/person\/9fece45a1cf9f72c0fee2ddb948a50f4"},"headline":"Harvey et Kershaw : d\u00e9parts canons au Tour de ski","datePublished":"2013-12-28T19:50:37+00:00","dateModified":"2014-01-04T20:03:51+00:00","mainEntityOfPage":{"@id":"https:\/\/preprod.olympic.ca\/olympique\/2013\/12\/28\/harvey-et-kershaw-departs-puissants-au-tour-de-ski\/"},"wordCount":269,"commentCount":3,"image":{"@id":"https:\/\/preprod.olympic.ca\/olympique\/2013\/12\/28\/harvey-et-kershaw-departs-puissants-au-tour-de-ski\/#primaryimage"},"thumbnailUrl":"https:\/\/preprod.olympic.ca\/olympique\/wp-content\/uploads\/sites\/2\/2013\/12\/harvey.jpg?quality=100","keywords":["alex harvey","Allemagne","Canada","Devon Kershaw","Italie","Ski de fond","Suisse","Tour de ski"],"articleSection":["Nouvelles"],"inLanguage":"fr-FR","potentialAction":[{"@type":"CommentAction","name":"Comment","target":["https:\/\/preprod.olympic.ca\/olympique\/2013\/12\/28\/harvey-et-kershaw-departs-puissants-au-tour-de-ski\/#respond"]}]},{"@type":"WebPage","@id":"https:\/\/preprod.olympic.ca\/olympique\/2013\/12\/28\/harvey-et-kershaw-departs-puissants-au-tour-de-ski\/","url":"https:\/\/preprod.olympic.ca\/olympique\/2013\/12\/28\/harvey-et-kershaw-departs-puissants-au-tour-de-ski\/","name":"Harvey et Kershaw : d\u00e9parts canons au Tour de ski - \u00c9quipe Canada | Site officiel de l&#039;\u00e9quipe olympique","isPartOf":{"@id":"https:\/\/preprod.olympic.ca\/olympique\/#website"},"primaryImageOfPage":{"@id":"https:\/\/preprod.olympic.ca\/olympique\/2013\/12\/28\/harvey-et-kershaw-departs-puissants-au-tour-de-ski\/#primaryimage"},"image":{"@id":"https:\/\/preprod.olympic.ca\/olympique\/2013\/12\/28\/harvey-et-kershaw-departs-puissants-au-tour-de-ski\/#primaryimage"},"thumbnailUrl":"https:\/\/preprod.olympic.ca\/olympique\/wp-content\/uploads\/sites\/2\/2013\/12\/harvey.jpg?quality=100","datePublished":"2013-12-28T19:50:37+00:00","dateModified":"2014-01-04T20:03:51+00:00","author":{"@id":"https:\/\/preprod.olympic.ca\/olympique\/#\/schema\/person\/9fece45a1cf9f72c0fee2ddb948a50f4"},"inLanguage":"fr-FR","potentialAction":[{"@type":"ReadAction","target":["https:\/\/preprod.olympic.ca\/olympique\/2013\/12\/28\/harvey-et-kershaw-departs-puissants-au-tour-de-ski\/"]}]},{"@type":"ImageObject","inLanguage":"fr-FR","@id":"https:\/\/preprod.olympic.ca\/olympique\/2013\/12\/28\/harvey-et-kershaw-departs-puissants-au-tour-de-ski\/#primaryimage","url":"https:\/\/preprod.olympic.ca\/olympique\/wp-content\/uploads\/sites\/2\/2013\/12\/harvey.jpg?quality=100","contentUrl":"https:\/\/preprod.olympic.ca\/olympique\/wp-content\/uploads\/sites\/2\/2013\/12\/harvey.jpg?quality=100","width":670,"height":377},{"@type":"WebSite","@id":"https:\/\/preprod.olympic.ca\/olympique\/#website","url":"https:\/\/preprod.olympic.ca\/olympique\/","name":"\u00c9quipe Canada | Site officiel de l&#039;\u00e9quipe olympique","description":"Votre source pour l\u2019\u00c9quipe olympique canadienne. Retrouvez les r\u00e9cits, vid\u00e9os et photos des athl\u00e8tes canadiens, sports olympiques, Jeux olympiques de 2020 et bien plus!","potentialAction":[{"@type":"SearchAction","target":{"@type":"EntryPoint","urlTemplate":"https:\/\/preprod.olympic.ca\/olympique\/?s={search_term_string}"},"query-input":{"@type":"PropertyValueSpecification","valueRequired":true,"valueName":"search_term_string"}}],"inLanguage":"fr-FR"},{"@type":"Person","@id":"https:\/\/preprod.olympic.ca\/olympique\/#\/schema\/person\/9fece45a1cf9f72c0fee2ddb948a50f4","name":"Asif Hossain","image":{"@type":"ImageObject","inLanguage":"fr-FR","@id":"https:\/\/secure.gravatar.com\/avatar\/d78674d61b6b8fcd5488a575ef3fab9b8bed1978cf5bb978adeae1f9411abe4a?s=96&d=identicon&r=g22eff5eea2e28da905f112e9933af68b","url":"https:\/\/secure.gravatar.com\/avatar\/d78674d61b6b8fcd5488a575ef3fab9b8bed1978cf5bb978adeae1f9411abe4a?s=96&d=identicon&r=g","contentUrl":"https:\/\/secure.gravatar.com\/avatar\/d78674d61b6b8fcd5488a575ef3fab9b8bed1978cf5bb978adeae1f9411abe4a?s=96&d=identicon&r=g","caption":"Asif Hossain"},"description":"Digital content, marketing and communications manager by trade.","sameAs":["http:\/\/asifhossain.wordpress.com"],"url":"https:\/\/preprod.olympic.ca\/olympique\/author\/asifhossain\/"}]}},"jetpack_featured_media_url":"https:\/\/preprod.olympic.ca\/olympique\/wp-content\/uploads\/sites\/2\/2013\/12\/harvey.jpg?quality=100","featured_image_url":"https:\/\/preprod.olympic.ca\/olympique\/wp-content\/uploads\/sites\/2\/2013\/12\/harvey.jpg?quality=100","author_name":["Asif Hossain"],"category_names":["Nouvelles"],"tag_names":["alex harvey","Allemagne","Canada","Devon Kershaw","Italie","Ski de fond","Suisse","Tour de ski"],"video_embed_code":"","facebook_video_embed_code":"","jetpack_sharing_enabled":true,"jetpack-related-posts":[],"jetpack_shortlink":"https:\/\/wp.me\/pcGHcP-nbY","_links":{"self":[{"href":"https:\/\/preprod.olympic.ca\/olympique\/wp-json\/wp\/v2\/posts\/89154","targetHints":{"allow":["GET"]}}],"collection":[{"href":"https:\/\/preprod.olympic.ca\/olympique\/wp-json\/wp\/v2\/posts"}],"about":[{"href":"https:\/\/preprod.olympic.ca\/olympique\/wp-json\/wp\/v2\/types\/post"}],"author":[{"embeddable":true,"href":"https:\/\/preprod.olympic.ca\/olympique\/wp-json\/wp\/v2\/users\/10774097"}],"replies":[{"embeddable":true,"href":"https:\/\/preprod.olympic.ca\/olympique\/wp-json\/wp\/v2\/comments?post=89154"}],"version-history":[{"count":9,"href":"https:\/\/preprod.olympic.ca\/olympique\/wp-json\/wp\/v2\/posts\/89154\/revisions"}],"predecessor-version":[{"id":89516,"href":"https:\/\/preprod.olympic.ca\/olympique\/wp-json\/wp\/v2\/posts\/89154\/revisions\/89516"}],"wp:featuredmedia":[{"embeddable":true,"href":"https:\/\/preprod.olympic.ca\/olympique\/wp-json\/wp\/v2\/media\/89159"}],"wp:attachment":[{"href":"https:\/\/preprod.olympic.ca\/olympique\/wp-json\/wp\/v2\/media?parent=89154"}],"wp:term":[{"taxonomy":"category","embeddable":true,"href":"https:\/\/preprod.olympic.ca\/olympique\/wp-json\/wp\/v2\/categories?post=89154"},{"taxonomy":"post_tag","embeddable":true,"href":"https:\/\/preprod.olympic.ca\/olympique\/wp-json\/wp\/v2\/tags?post=89154"},{"taxonomy":"post_format","embeddable":true,"href":"https:\/\/preprod.olympic.ca\/olympique\/wp-json\/wp\/v2\/post_format?post=89154"},{"taxonomy":"sport","embeddable":true,"href":"https:\/\/preprod.olympic.ca\/olympique\/wp-json\/wp\/v2\/sport?post=89154"},{"taxonomy":"game","embeddable":true,"href":"https:\/\/preprod.olympic.ca\/olympique\/wp-json\/wp\/v2\/game?post=89154"},{"taxonomy":"author","embeddable":true,"href":"https:\/\/preprod.olympic.ca\/olympique\/wp-json\/wp\/v2\/coauthors?post=89154"}],"curies":[{"name":"wp","href":"https:\/\/api.w.org\/{rel}","templated":true}]}}