{"id":90208,"date":"2014-01-14T12:39:33","date_gmt":"2014-01-14T17:39:33","guid":{"rendered":"http:\/\/olympique.ca\/?p=90208"},"modified":"2014-01-18T12:12:37","modified_gmt":"2014-01-18T17:12:37","slug":"lequipe-olympique-canadienne-accueille-11-fondeurs","status":"publish","type":"post","link":"https:\/\/preprod.olympic.ca\/olympique\/2014\/01\/14\/lequipe-olympique-canadienne-accueille-11-fondeurs\/","title":{"rendered":"11 fondeurs nomm\u00e9s \u00e0 l&rsquo;\u00c9quipe olympique canadienne"},"content":{"rendered":"<p>Ski de Fond Canada a nomm\u00e9 <a href=\"http:\/\/olympique.ca\/lequipe-olympique-canadienne-2014-ski-de-fond\/\">11 athl\u00e8tes<\/a> en vue des <a href=\"http:\/\/olympique.ca\/games\/2014-sotchi\/\">prochains Jeux olympiques<\/a>.<\/p>\n<p>Parmi eux se trouve le Qu\u00e9b\u00e9cois <a href=\"http:\/\/olympique.ca\/team-canada\/alex-harvey\/\">Alex Harvey<\/a> qui a fort impressionn\u00e9 derni\u00e8rement au Tour de ski en terminant sur le podium \u00e0 trois reprises. Il a \u00e9galement remport\u00e9 la m\u00e9daille de bronze en sprint \u00e0 la Coupe du monde de 2013. Harvey avait rat\u00e9 le podium de peu lors de sa premi\u00e8re exp\u00e9rience olympique \u00e0 Vancouver il y a quatre ans lorsqu&rsquo;il avait termin\u00e9 quatri\u00e8me avec son co\u00e9quipier <a href=\"http:\/\/olympique.ca\/team-canada\/devon-kershaw\/\">Devon Kershaw<\/a> \u00e0 l&rsquo;\u00e9preuve du sprint en \u00e9quipe.<\/p>\n<blockquote><p><strong>\u00c0 lire : <a href=\"http:\/\/olympique.ca\/2014\/01\/04\/harvey-se-retire-du-tour-de-ski-en-preparation-pour-sotchi\/\">Le parcours d&rsquo;Alex Harvey au Tour de ski 2013<\/a> | <a href=\"http:\/\/olympique.ca\/2013\/11\/21\/decompte-des-14-meilleurs-espoirs-quebecois-pour-sotchi-2014-4\/\">D\u00e9compte des 14 meilleurs espoirs qu\u00e9b\u00e9cois pour Sotchi 2014 : Alex harvey<\/a><\/strong><\/p><\/blockquote>\n<p>Kershaw participera \u00e0 ses troisi\u00e8mes Jeux. Il a termin\u00e9 quatri\u00e8me au classement g\u00e9n\u00e9ral du Tour de ski de 2012 et deuxi\u00e8me sur le circuit de la Coupe du monde la m\u00eame ann\u00e9e. En 2011, Harvey et Kershaw sont devenus les premiers Canadiens \u00e0 remporter une m\u00e9daille (or), \u00e0 l&rsquo;\u00e9preuve du sprint en \u00e9quipe aux Championnats du monde de ski nordique.<\/p>\n<blockquote><p><strong>\u00c0 lire : <a href=\"http:\/\/olympique.ca\/2012\/03\/19\/kershaw-est-le-meilleur-fondeur-canadien-a-ce-jour\/\">Kershaw est le meilleur fondeur canadien \u00e0 ce jour<\/a> | <a href=\"http:\/\/olympique.ca\/2010\/02\/21\/des-records-en-ski-de-fond\/\">Des records en ski de fond<\/a><\/strong><\/p><\/blockquote>\n<p><a href=\"http:\/\/olympique.ca\/team-canada\/ivan-babikov\/\">Ivan Babikov<\/a>, septi\u00e8me au dernier Tour de ski, en sera \u00e9galement \u00e0 ses troisi\u00e8mes Jeux. Ce sera une premi\u00e8re pour <a href=\"http:\/\/olympique.ca\/team-canada\/lenny-valjas\/\">Lenny Valjas<\/a>, <a href=\"http:\/\/olympique.ca\/team-canada\/graeme-killick\/\">Graeme Killick<\/a> et <a href=\"http:\/\/olympique.ca\/team-canada\/jesse-cockney\/\">Jesse Cockney<\/a>.<\/p>\n<p class=\"jetpack-slideshow-noscript robots-nocontent\">This slideshow requires JavaScript.<\/p><div id=\"gallery-90208-1-slideshow\" class=\"jetpack-slideshow-window jetpack-slideshow jetpack-slideshow-black\" data-trans=\"fade\" data-autostart=\"1\" data-gallery=\"[{&quot;src&quot;:&quot;https:\\\/\\\/preprod.olympic.ca\\\/olympique\\\/wp-content\\\/uploads\\\/sites\\\/2\\\/2014\\\/01\\\/killick1.jpg?quality=100&quot;,&quot;id&quot;:&quot;90235&quot;,&quot;title&quot;:&quot;killick&quot;,&quot;alt&quot;:&quot;&quot;,&quot;caption&quot;:&quot;&quot;,&quot;itemprop&quot;:&quot;image&quot;},{&quot;src&quot;:&quot;https:\\\/\\\/preprod.olympic.ca\\\/olympique\\\/wp-content\\\/uploads\\\/sites\\\/2\\\/2014\\\/01\\\/kershawharvey.jpg?quality=100&quot;,&quot;id&quot;:&quot;90236&quot;,&quot;title&quot;:&quot;kershawharvey&quot;,&quot;alt&quot;:&quot;&quot;,&quot;caption&quot;:&quot;&quot;,&quot;itemprop&quot;:&quot;image&quot;},{&quot;src&quot;:&quot;https:\\\/\\\/preprod.olympic.ca\\\/olympique\\\/wp-content\\\/uploads\\\/sites\\\/2\\\/2014\\\/01\\\/cockney.jpg?quality=100&quot;,&quot;id&quot;:&quot;90237&quot;,&quot;title&quot;:&quot;cockney&quot;,&quot;alt&quot;:&quot;&quot;,&quot;caption&quot;:&quot;&quot;,&quot;itemprop&quot;:&quot;image&quot;},{&quot;src&quot;:&quot;https:\\\/\\\/preprod.olympic.ca\\\/olympique\\\/wp-content\\\/uploads\\\/sites\\\/2\\\/2014\\\/01\\\/babikov.jpg?quality=100&quot;,&quot;id&quot;:&quot;90238&quot;,&quot;title&quot;:&quot;babikov&quot;,&quot;alt&quot;:&quot;&quot;,&quot;caption&quot;:&quot;&quot;,&quot;itemprop&quot;:&quot;image&quot;},{&quot;src&quot;:&quot;https:\\\/\\\/preprod.olympic.ca\\\/olympique\\\/wp-content\\\/uploads\\\/sites\\\/2\\\/2014\\\/01\\\/valjas1.jpg?quality=100&quot;,&quot;id&quot;:&quot;90239&quot;,&quot;title&quot;:&quot;valjas&quot;,&quot;alt&quot;:&quot;&quot;,&quot;caption&quot;:&quot;&quot;,&quot;itemprop&quot;:&quot;image&quot;}]\" itemscope itemtype=\"https:\/\/schema.org\/ImageGallery\"><\/div>\n<p>Cinq fondeuses prendront part \u00e0 la comp\u00e9tition \u00e0 Sotchi en f\u00e9vrier dont la m\u00e9daill\u00e9e d&rsquo;or en sprint aux Jeux de Turin, <a href=\"http:\/\/olympique.ca\/team-canada\/chandra-crawford\/\">Chandra Crawford<\/a>. Elle ira aux Jeux pour une troisi\u00e8me fois.<\/p>\n<p>Ce sera une deuxi\u00e8me exp\u00e9rience olympique pour <a href=\"http:\/\/olympique.ca\/team-canada\/daria-gaiazova\/\">Daria Gaiazova<\/a> et <a href=\"http:\/\/olympique.ca\/team-canada\/perianne-jones\/\">Perianne Jones<\/a>. Elles ont obtenu une m\u00e9daille de bronze de\u00a0Coupe du monde \u00e0 l&rsquo;\u00e9preuve d&rsquo;\u00e9quipe en 2013 \u00e0 Sotchi. Emily Nishikawa et Heidi Widmer vivront les Jeux pour la toute premi\u00e8re fois.<\/p>\n<p class=\"jetpack-slideshow-noscript robots-nocontent\">This slideshow requires JavaScript.<\/p><div id=\"gallery-90208-2-slideshow\" class=\"jetpack-slideshow-window jetpack-slideshow jetpack-slideshow-black\" data-trans=\"fade\" data-autostart=\"1\" data-gallery=\"[{&quot;src&quot;:&quot;https:\\\/\\\/preprod.olympic.ca\\\/olympique\\\/wp-content\\\/uploads\\\/sites\\\/2\\\/2014\\\/01\\\/widmer1.jpg?quality=100&quot;,&quot;id&quot;:&quot;90231&quot;,&quot;title&quot;:&quot;widmer&quot;,&quot;alt&quot;:&quot;&quot;,&quot;caption&quot;:&quot;&quot;,&quot;itemprop&quot;:&quot;image&quot;},{&quot;src&quot;:&quot;https:\\\/\\\/preprod.olympic.ca\\\/olympique\\\/wp-content\\\/uploads\\\/sites\\\/2\\\/2014\\\/01\\\/nishikawa1.jpg?quality=100&quot;,&quot;id&quot;:&quot;90232&quot;,&quot;title&quot;:&quot;nishikawa&quot;,&quot;alt&quot;:&quot;&quot;,&quot;caption&quot;:&quot;&quot;,&quot;itemprop&quot;:&quot;image&quot;},{&quot;src&quot;:&quot;https:\\\/\\\/preprod.olympic.ca\\\/olympique\\\/wp-content\\\/uploads\\\/sites\\\/2\\\/2014\\\/01\\\/gaiazovajones.jpg?quality=100&quot;,&quot;id&quot;:&quot;90233&quot;,&quot;title&quot;:&quot;gaiazovajones&quot;,&quot;alt&quot;:&quot;&quot;,&quot;caption&quot;:&quot;&quot;,&quot;itemprop&quot;:&quot;image&quot;},{&quot;src&quot;:&quot;https:\\\/\\\/preprod.olympic.ca\\\/olympique\\\/wp-content\\\/uploads\\\/sites\\\/2\\\/2014\\\/01\\\/crawford2.jpg?quality=100&quot;,&quot;id&quot;:&quot;90234&quot;,&quot;title&quot;:&quot;crawford2&quot;,&quot;alt&quot;:&quot;&quot;,&quot;caption&quot;:&quot;&quot;,&quot;itemprop&quot;:&quot;image&quot;}]\" itemscope itemtype=\"https:\/\/schema.org\/ImageGallery\"><\/div>\n<p><img decoding=\"async\" title=\"gallery type=&quot;slideshow&quot; link=&quot;file&quot; ids=&quot;95043,95044,95045,95046&quot;\" alt=\"\" src=\"http:\/\/olympique.ca\/wp-includes\/js\/tinymce\/plugins\/wpgallery\/img\/t.gif\" \/><br \/>\nLa comp\u00e9tition olympique de ski de fond s&rsquo;amorcera le 8 f\u00e9vrier. Toutes les \u00e9preuves seront tenues \u00e0 Krasnaya Polyana.<\/p>\n<div class=\"zemanta-pixie\" style=\"margin-top:10px;height:15px;\"><a class=\"zemanta-pixie-a\" title=\"Enhanced by Zemanta\" href=\"http:\/\/www.zemanta.com\/?px\"><img decoding=\"async\" class=\"zemanta-pixie-img\" style=\"border:none;float:right;\" alt=\"Enhanced by Zemanta\" src=\"http:\/\/img.zemanta.com\/zemified_e.png?x-id=256bb434-ee40-4d6b-aa1b-effecca76ad9\" \/><\/a><\/div>\n","protected":false},"excerpt":{"rendered":"<p>Ski de Fond Canada a nomm\u00e9 11 athl\u00e8tes en vue des prochains Jeux olympiques. Parmi eux se trouve le Qu\u00e9b\u00e9cois&#8230;<\/p>\n","protected":false},"author":10774097,"featured_media":90294,"comment_status":"open","ping_status":"open","sticky":false,"template":"","format":"standard","meta":{"_acf_changed":false,"_jetpack_memberships_contains_paid_content":false,"footnotes":""},"categories":[16085],"tags":[5407300,2443,16693900,47248703,28591181,28591184],"post_format":"standard","sport":[181823552],"game":[191933058],"coauthors":[197553292],"class_list":["post-90208","post","type-post","status-publish","format-standard","has-post-thumbnail","hentry","category-nouvelles","tag-alex-harvey","tag-canada","tag-chandra-crawford","tag-daria-gaiazova","tag-devon-kershaw","tag-ivan-babikov","sport-ski-ski-de-fond","game-2014-sotchi"],"acf":[],"yoast_head":"<!-- This site is optimized with the Yoast SEO plugin v27.3 - https:\/\/yoast.com\/product\/yoast-seo-wordpress\/ -->\n<title>11 fondeurs nomm\u00e9s \u00e0 l&#039;\u00c9quipe olympique canadienne - \u00c9quipe Canada | Site officiel de l&#039;\u00e9quipe olympique<\/title>\n<meta name=\"robots\" content=\"index, follow, max-snippet:-1, max-image-preview:large, max-video-preview:-1\" \/>\n<link rel=\"canonical\" href=\"https:\/\/preprod.olympic.ca\/olympique\/2014\/01\/14\/lequipe-olympique-canadienne-accueille-11-fondeurs\/\" \/>\n<meta property=\"og:locale\" content=\"fr_FR\" \/>\n<meta property=\"og:type\" content=\"article\" \/>\n<meta property=\"og:title\" content=\"11 fondeurs nomm\u00e9s \u00e0 l&#039;\u00c9quipe olympique canadienne - \u00c9quipe Canada | Site officiel de l&#039;\u00e9quipe olympique\" \/>\n<meta property=\"og:description\" content=\"Ski de Fond Canada a nomm\u00e9 11 athl\u00e8tes en vue des prochains Jeux olympiques. Parmi eux se trouve le Qu\u00e9b\u00e9cois...\" \/>\n<meta property=\"og:url\" content=\"https:\/\/preprod.olympic.ca\/olympique\/2014\/01\/14\/lequipe-olympique-canadienne-accueille-11-fondeurs\/\" \/>\n<meta property=\"og:site_name\" content=\"\u00c9quipe Canada | Site officiel de l&#039;\u00e9quipe olympique\" \/>\n<meta property=\"article:published_time\" content=\"2014-01-14T17:39:33+00:00\" \/>\n<meta property=\"article:modified_time\" content=\"2014-01-18T17:12:37+00:00\" \/>\n<meta property=\"og:image\" content=\"https:\/\/preprod.olympic.ca\/olympique\/wp-content\/uploads\/sites\/2\/2014\/01\/capture-d_ecc81cran-2014-01-14-acc80-5-48-37-pm.png\" \/>\n\t<meta property=\"og:image:width\" content=\"934\" \/>\n\t<meta property=\"og:image:height\" content=\"525\" \/>\n\t<meta property=\"og:image:type\" content=\"image\/png\" \/>\n<meta name=\"author\" content=\"Asif Hossain\" \/>\n<meta name=\"twitter:card\" content=\"summary_large_image\" \/>\n<meta name=\"twitter:label1\" content=\"Written by\" \/>\n\t<meta name=\"twitter:data1\" content=\"Asif Hossain\" \/>\n\t<meta name=\"twitter:label2\" content=\"Est. reading time\" \/>\n\t<meta name=\"twitter:data2\" content=\"2 minutes\" \/>\n<script type=\"application\/ld+json\" class=\"yoast-schema-graph\">{\"@context\":\"https:\\\/\\\/schema.org\",\"@graph\":[{\"@type\":\"Article\",\"@id\":\"https:\\\/\\\/preprod.olympic.ca\\\/olympique\\\/2014\\\/01\\\/14\\\/lequipe-olympique-canadienne-accueille-11-fondeurs\\\/#article\",\"isPartOf\":{\"@id\":\"https:\\\/\\\/preprod.olympic.ca\\\/olympique\\\/2014\\\/01\\\/14\\\/lequipe-olympique-canadienne-accueille-11-fondeurs\\\/\"},\"author\":{\"name\":\"Asif Hossain\",\"@id\":\"https:\\\/\\\/preprod.olympic.ca\\\/olympique\\\/#\\\/schema\\\/person\\\/9fece45a1cf9f72c0fee2ddb948a50f4\"},\"headline\":\"11 fondeurs nomm\u00e9s \u00e0 l&rsquo;\u00c9quipe olympique canadienne\",\"datePublished\":\"2014-01-14T17:39:33+00:00\",\"dateModified\":\"2014-01-18T17:12:37+00:00\",\"mainEntityOfPage\":{\"@id\":\"https:\\\/\\\/preprod.olympic.ca\\\/olympique\\\/2014\\\/01\\\/14\\\/lequipe-olympique-canadienne-accueille-11-fondeurs\\\/\"},\"wordCount\":342,\"commentCount\":0,\"image\":{\"@id\":\"https:\\\/\\\/preprod.olympic.ca\\\/olympique\\\/2014\\\/01\\\/14\\\/lequipe-olympique-canadienne-accueille-11-fondeurs\\\/#primaryimage\"},\"thumbnailUrl\":\"https:\\\/\\\/preprod.olympic.ca\\\/olympique\\\/wp-content\\\/uploads\\\/sites\\\/2\\\/2014\\\/01\\\/capture-d_ecc81cran-2014-01-14-acc80-5-48-37-pm.png\",\"keywords\":[\"alex harvey\",\"Canada\",\"Chandra Crawford\",\"Daria Gaiazova\",\"Devon Kershaw\",\"Ivan Babikov\"],\"articleSection\":[\"Nouvelles\"],\"inLanguage\":\"fr-FR\",\"potentialAction\":[{\"@type\":\"CommentAction\",\"name\":\"Comment\",\"target\":[\"https:\\\/\\\/preprod.olympic.ca\\\/olympique\\\/2014\\\/01\\\/14\\\/lequipe-olympique-canadienne-accueille-11-fondeurs\\\/#respond\"]}]},{\"@type\":\"WebPage\",\"@id\":\"https:\\\/\\\/preprod.olympic.ca\\\/olympique\\\/2014\\\/01\\\/14\\\/lequipe-olympique-canadienne-accueille-11-fondeurs\\\/\",\"url\":\"https:\\\/\\\/preprod.olympic.ca\\\/olympique\\\/2014\\\/01\\\/14\\\/lequipe-olympique-canadienne-accueille-11-fondeurs\\\/\",\"name\":\"11 fondeurs nomm\u00e9s \u00e0 l'\u00c9quipe olympique canadienne - \u00c9quipe Canada | Site officiel de l&#039;\u00e9quipe olympique\",\"isPartOf\":{\"@id\":\"https:\\\/\\\/preprod.olympic.ca\\\/olympique\\\/#website\"},\"primaryImageOfPage\":{\"@id\":\"https:\\\/\\\/preprod.olympic.ca\\\/olympique\\\/2014\\\/01\\\/14\\\/lequipe-olympique-canadienne-accueille-11-fondeurs\\\/#primaryimage\"},\"image\":{\"@id\":\"https:\\\/\\\/preprod.olympic.ca\\\/olympique\\\/2014\\\/01\\\/14\\\/lequipe-olympique-canadienne-accueille-11-fondeurs\\\/#primaryimage\"},\"thumbnailUrl\":\"https:\\\/\\\/preprod.olympic.ca\\\/olympique\\\/wp-content\\\/uploads\\\/sites\\\/2\\\/2014\\\/01\\\/capture-d_ecc81cran-2014-01-14-acc80-5-48-37-pm.png\",\"datePublished\":\"2014-01-14T17:39:33+00:00\",\"dateModified\":\"2014-01-18T17:12:37+00:00\",\"author\":{\"@id\":\"https:\\\/\\\/preprod.olympic.ca\\\/olympique\\\/#\\\/schema\\\/person\\\/9fece45a1cf9f72c0fee2ddb948a50f4\"},\"inLanguage\":\"fr-FR\",\"potentialAction\":[{\"@type\":\"ReadAction\",\"target\":[\"https:\\\/\\\/preprod.olympic.ca\\\/olympique\\\/2014\\\/01\\\/14\\\/lequipe-olympique-canadienne-accueille-11-fondeurs\\\/\"]}]},{\"@type\":\"ImageObject\",\"inLanguage\":\"fr-FR\",\"@id\":\"https:\\\/\\\/preprod.olympic.ca\\\/olympique\\\/2014\\\/01\\\/14\\\/lequipe-olympique-canadienne-accueille-11-fondeurs\\\/#primaryimage\",\"url\":\"https:\\\/\\\/preprod.olympic.ca\\\/olympique\\\/wp-content\\\/uploads\\\/sites\\\/2\\\/2014\\\/01\\\/capture-d_ecc81cran-2014-01-14-acc80-5-48-37-pm.png\",\"contentUrl\":\"https:\\\/\\\/preprod.olympic.ca\\\/olympique\\\/wp-content\\\/uploads\\\/sites\\\/2\\\/2014\\\/01\\\/capture-d_ecc81cran-2014-01-14-acc80-5-48-37-pm.png\",\"width\":934,\"height\":525},{\"@type\":\"WebSite\",\"@id\":\"https:\\\/\\\/preprod.olympic.ca\\\/olympique\\\/#website\",\"url\":\"https:\\\/\\\/preprod.olympic.ca\\\/olympique\\\/\",\"name\":\"\u00c9quipe Canada | Site officiel de l&#039;\u00e9quipe olympique\",\"description\":\"Votre source pour l\u2019\u00c9quipe olympique canadienne. Retrouvez les r\u00e9cits, vid\u00e9os et photos des athl\u00e8tes canadiens, sports olympiques, Jeux olympiques de 2020 et bien plus!\",\"potentialAction\":[{\"@type\":\"SearchAction\",\"target\":{\"@type\":\"EntryPoint\",\"urlTemplate\":\"https:\\\/\\\/preprod.olympic.ca\\\/olympique\\\/?s={search_term_string}\"},\"query-input\":{\"@type\":\"PropertyValueSpecification\",\"valueRequired\":true,\"valueName\":\"search_term_string\"}}],\"inLanguage\":\"fr-FR\"},{\"@type\":\"Person\",\"@id\":\"https:\\\/\\\/preprod.olympic.ca\\\/olympique\\\/#\\\/schema\\\/person\\\/9fece45a1cf9f72c0fee2ddb948a50f4\",\"name\":\"Asif Hossain\",\"image\":{\"@type\":\"ImageObject\",\"inLanguage\":\"fr-FR\",\"@id\":\"https:\\\/\\\/secure.gravatar.com\\\/avatar\\\/d78674d61b6b8fcd5488a575ef3fab9b8bed1978cf5bb978adeae1f9411abe4a?s=96&d=identicon&r=g22eff5eea2e28da905f112e9933af68b\",\"url\":\"https:\\\/\\\/secure.gravatar.com\\\/avatar\\\/d78674d61b6b8fcd5488a575ef3fab9b8bed1978cf5bb978adeae1f9411abe4a?s=96&d=identicon&r=g\",\"contentUrl\":\"https:\\\/\\\/secure.gravatar.com\\\/avatar\\\/d78674d61b6b8fcd5488a575ef3fab9b8bed1978cf5bb978adeae1f9411abe4a?s=96&d=identicon&r=g\",\"caption\":\"Asif Hossain\"},\"description\":\"Digital content, marketing and communications manager by trade.\",\"sameAs\":[\"http:\\\/\\\/asifhossain.wordpress.com\"],\"url\":\"https:\\\/\\\/preprod.olympic.ca\\\/olympique\\\/author\\\/asifhossain\\\/\"}]}<\/script>\n<!-- \/ Yoast SEO plugin. -->","yoast_head_json":{"title":"11 fondeurs nomm\u00e9s \u00e0 l'\u00c9quipe olympique canadienne - \u00c9quipe Canada | Site officiel de l&#039;\u00e9quipe olympique","robots":{"index":"index","follow":"follow","max-snippet":"max-snippet:-1","max-image-preview":"max-image-preview:large","max-video-preview":"max-video-preview:-1"},"canonical":"https:\/\/preprod.olympic.ca\/olympique\/2014\/01\/14\/lequipe-olympique-canadienne-accueille-11-fondeurs\/","og_locale":"fr_FR","og_type":"article","og_title":"11 fondeurs nomm\u00e9s \u00e0 l'\u00c9quipe olympique canadienne - \u00c9quipe Canada | Site officiel de l&#039;\u00e9quipe olympique","og_description":"Ski de Fond Canada a nomm\u00e9 11 athl\u00e8tes en vue des prochains Jeux olympiques. Parmi eux se trouve le Qu\u00e9b\u00e9cois...","og_url":"https:\/\/preprod.olympic.ca\/olympique\/2014\/01\/14\/lequipe-olympique-canadienne-accueille-11-fondeurs\/","og_site_name":"\u00c9quipe Canada | Site officiel de l&#039;\u00e9quipe olympique","article_published_time":"2014-01-14T17:39:33+00:00","article_modified_time":"2014-01-18T17:12:37+00:00","og_image":[{"width":934,"height":525,"url":"https:\/\/preprod.olympic.ca\/olympique\/wp-content\/uploads\/sites\/2\/2014\/01\/capture-d_ecc81cran-2014-01-14-acc80-5-48-37-pm.png","type":"image\/png"}],"author":"Asif Hossain","twitter_card":"summary_large_image","twitter_misc":{"Written by":"Asif Hossain","Est. reading time":"2 minutes"},"schema":{"@context":"https:\/\/schema.org","@graph":[{"@type":"Article","@id":"https:\/\/preprod.olympic.ca\/olympique\/2014\/01\/14\/lequipe-olympique-canadienne-accueille-11-fondeurs\/#article","isPartOf":{"@id":"https:\/\/preprod.olympic.ca\/olympique\/2014\/01\/14\/lequipe-olympique-canadienne-accueille-11-fondeurs\/"},"author":{"name":"Asif Hossain","@id":"https:\/\/preprod.olympic.ca\/olympique\/#\/schema\/person\/9fece45a1cf9f72c0fee2ddb948a50f4"},"headline":"11 fondeurs nomm\u00e9s \u00e0 l&rsquo;\u00c9quipe olympique canadienne","datePublished":"2014-01-14T17:39:33+00:00","dateModified":"2014-01-18T17:12:37+00:00","mainEntityOfPage":{"@id":"https:\/\/preprod.olympic.ca\/olympique\/2014\/01\/14\/lequipe-olympique-canadienne-accueille-11-fondeurs\/"},"wordCount":342,"commentCount":0,"image":{"@id":"https:\/\/preprod.olympic.ca\/olympique\/2014\/01\/14\/lequipe-olympique-canadienne-accueille-11-fondeurs\/#primaryimage"},"thumbnailUrl":"https:\/\/preprod.olympic.ca\/olympique\/wp-content\/uploads\/sites\/2\/2014\/01\/capture-d_ecc81cran-2014-01-14-acc80-5-48-37-pm.png","keywords":["alex harvey","Canada","Chandra Crawford","Daria Gaiazova","Devon Kershaw","Ivan Babikov"],"articleSection":["Nouvelles"],"inLanguage":"fr-FR","potentialAction":[{"@type":"CommentAction","name":"Comment","target":["https:\/\/preprod.olympic.ca\/olympique\/2014\/01\/14\/lequipe-olympique-canadienne-accueille-11-fondeurs\/#respond"]}]},{"@type":"WebPage","@id":"https:\/\/preprod.olympic.ca\/olympique\/2014\/01\/14\/lequipe-olympique-canadienne-accueille-11-fondeurs\/","url":"https:\/\/preprod.olympic.ca\/olympique\/2014\/01\/14\/lequipe-olympique-canadienne-accueille-11-fondeurs\/","name":"11 fondeurs nomm\u00e9s \u00e0 l'\u00c9quipe olympique canadienne - \u00c9quipe Canada | Site officiel de l&#039;\u00e9quipe olympique","isPartOf":{"@id":"https:\/\/preprod.olympic.ca\/olympique\/#website"},"primaryImageOfPage":{"@id":"https:\/\/preprod.olympic.ca\/olympique\/2014\/01\/14\/lequipe-olympique-canadienne-accueille-11-fondeurs\/#primaryimage"},"image":{"@id":"https:\/\/preprod.olympic.ca\/olympique\/2014\/01\/14\/lequipe-olympique-canadienne-accueille-11-fondeurs\/#primaryimage"},"thumbnailUrl":"https:\/\/preprod.olympic.ca\/olympique\/wp-content\/uploads\/sites\/2\/2014\/01\/capture-d_ecc81cran-2014-01-14-acc80-5-48-37-pm.png","datePublished":"2014-01-14T17:39:33+00:00","dateModified":"2014-01-18T17:12:37+00:00","author":{"@id":"https:\/\/preprod.olympic.ca\/olympique\/#\/schema\/person\/9fece45a1cf9f72c0fee2ddb948a50f4"},"inLanguage":"fr-FR","potentialAction":[{"@type":"ReadAction","target":["https:\/\/preprod.olympic.ca\/olympique\/2014\/01\/14\/lequipe-olympique-canadienne-accueille-11-fondeurs\/"]}]},{"@type":"ImageObject","inLanguage":"fr-FR","@id":"https:\/\/preprod.olympic.ca\/olympique\/2014\/01\/14\/lequipe-olympique-canadienne-accueille-11-fondeurs\/#primaryimage","url":"https:\/\/preprod.olympic.ca\/olympique\/wp-content\/uploads\/sites\/2\/2014\/01\/capture-d_ecc81cran-2014-01-14-acc80-5-48-37-pm.png","contentUrl":"https:\/\/preprod.olympic.ca\/olympique\/wp-content\/uploads\/sites\/2\/2014\/01\/capture-d_ecc81cran-2014-01-14-acc80-5-48-37-pm.png","width":934,"height":525},{"@type":"WebSite","@id":"https:\/\/preprod.olympic.ca\/olympique\/#website","url":"https:\/\/preprod.olympic.ca\/olympique\/","name":"\u00c9quipe Canada | Site officiel de l&#039;\u00e9quipe olympique","description":"Votre source pour l\u2019\u00c9quipe olympique canadienne. Retrouvez les r\u00e9cits, vid\u00e9os et photos des athl\u00e8tes canadiens, sports olympiques, Jeux olympiques de 2020 et bien plus!","potentialAction":[{"@type":"SearchAction","target":{"@type":"EntryPoint","urlTemplate":"https:\/\/preprod.olympic.ca\/olympique\/?s={search_term_string}"},"query-input":{"@type":"PropertyValueSpecification","valueRequired":true,"valueName":"search_term_string"}}],"inLanguage":"fr-FR"},{"@type":"Person","@id":"https:\/\/preprod.olympic.ca\/olympique\/#\/schema\/person\/9fece45a1cf9f72c0fee2ddb948a50f4","name":"Asif Hossain","image":{"@type":"ImageObject","inLanguage":"fr-FR","@id":"https:\/\/secure.gravatar.com\/avatar\/d78674d61b6b8fcd5488a575ef3fab9b8bed1978cf5bb978adeae1f9411abe4a?s=96&d=identicon&r=g22eff5eea2e28da905f112e9933af68b","url":"https:\/\/secure.gravatar.com\/avatar\/d78674d61b6b8fcd5488a575ef3fab9b8bed1978cf5bb978adeae1f9411abe4a?s=96&d=identicon&r=g","contentUrl":"https:\/\/secure.gravatar.com\/avatar\/d78674d61b6b8fcd5488a575ef3fab9b8bed1978cf5bb978adeae1f9411abe4a?s=96&d=identicon&r=g","caption":"Asif Hossain"},"description":"Digital content, marketing and communications manager by trade.","sameAs":["http:\/\/asifhossain.wordpress.com"],"url":"https:\/\/preprod.olympic.ca\/olympique\/author\/asifhossain\/"}]}},"jetpack_featured_media_url":"https:\/\/preprod.olympic.ca\/olympique\/wp-content\/uploads\/sites\/2\/2014\/01\/capture-d_ecc81cran-2014-01-14-acc80-5-48-37-pm.png","featured_image_url":"https:\/\/preprod.olympic.ca\/olympique\/wp-content\/uploads\/sites\/2\/2014\/01\/capture-d_ecc81cran-2014-01-14-acc80-5-48-37-pm.png","author_name":["Asif Hossain"],"category_names":["Nouvelles"],"tag_names":["alex harvey","Canada","Chandra Crawford","Daria Gaiazova","Devon Kershaw","Ivan Babikov"],"video_embed_code":"","facebook_video_embed_code":"","jetpack_sharing_enabled":true,"jetpack-related-posts":[],"jetpack_shortlink":"https:\/\/wp.me\/pcGHcP-nsY","_links":{"self":[{"href":"https:\/\/preprod.olympic.ca\/olympique\/wp-json\/wp\/v2\/posts\/90208","targetHints":{"allow":["GET"]}}],"collection":[{"href":"https:\/\/preprod.olympic.ca\/olympique\/wp-json\/wp\/v2\/posts"}],"about":[{"href":"https:\/\/preprod.olympic.ca\/olympique\/wp-json\/wp\/v2\/types\/post"}],"author":[{"embeddable":true,"href":"https:\/\/preprod.olympic.ca\/olympique\/wp-json\/wp\/v2\/users\/10774097"}],"replies":[{"embeddable":true,"href":"https:\/\/preprod.olympic.ca\/olympique\/wp-json\/wp\/v2\/comments?post=90208"}],"version-history":[{"count":11,"href":"https:\/\/preprod.olympic.ca\/olympique\/wp-json\/wp\/v2\/posts\/90208\/revisions"}],"predecessor-version":[{"id":90224,"href":"https:\/\/preprod.olympic.ca\/olympique\/wp-json\/wp\/v2\/posts\/90208\/revisions\/90224"}],"wp:featuredmedia":[{"embeddable":true,"href":"https:\/\/preprod.olympic.ca\/olympique\/wp-json\/wp\/v2\/media\/90294"}],"wp:attachment":[{"href":"https:\/\/preprod.olympic.ca\/olympique\/wp-json\/wp\/v2\/media?parent=90208"}],"wp:term":[{"taxonomy":"category","embeddable":true,"href":"https:\/\/preprod.olympic.ca\/olympique\/wp-json\/wp\/v2\/categories?post=90208"},{"taxonomy":"post_tag","embeddable":true,"href":"https:\/\/preprod.olympic.ca\/olympique\/wp-json\/wp\/v2\/tags?post=90208"},{"taxonomy":"post_format","embeddable":true,"href":"https:\/\/preprod.olympic.ca\/olympique\/wp-json\/wp\/v2\/post_format?post=90208"},{"taxonomy":"sport","embeddable":true,"href":"https:\/\/preprod.olympic.ca\/olympique\/wp-json\/wp\/v2\/sport?post=90208"},{"taxonomy":"game","embeddable":true,"href":"https:\/\/preprod.olympic.ca\/olympique\/wp-json\/wp\/v2\/game?post=90208"},{"taxonomy":"author","embeddable":true,"href":"https:\/\/preprod.olympic.ca\/olympique\/wp-json\/wp\/v2\/coauthors?post=90208"}],"curies":[{"name":"wp","href":"https:\/\/api.w.org\/{rel}","templated":true}]}}