{"id":93135,"date":"2014-02-20T11:08:03","date_gmt":"2014-02-20T16:08:03","guid":{"rendered":"http:\/\/olympique.ca\/?p=93135"},"modified":"2017-02-19T12:23:36","modified_gmt":"2017-02-19T17:23:36","slug":"les-canadiennes-decorees-dor-en-curling","status":"publish","type":"post","link":"https:\/\/preprod.olympic.ca\/olympique\/2014\/02\/20\/les-canadiennes-decorees-dor-en-curling\/","title":{"rendered":"Les Canadiennes d\u00e9cor\u00e9es d&rsquo;or en curling"},"content":{"rendered":"<h1>L&rsquo;\u00e9quipe de <a href=\"http:\/\/olympique.ca\/team-canada\/jennifer-jones\/\">Jennifer Jones<\/a> form\u00e9e de\u00a0<a href=\"http:\/\/olympique.ca\/team-canada\/kaitlyn-lawes\/\">Kaitlyn Lawes<\/a>, <a href=\"http:\/\/olympique.ca\/team-canada\/jill-officer\/\">Jill Officer<\/a>, <a href=\"http:\/\/olympique.ca\/team-canada\/dawn-mcewen\/\">Dawn McEwen<\/a> et\u00a0<a href=\"http:\/\/olympique.ca\/team-canada\/kirsten-wall\/\">Kirsten Wall<\/a> ont remport\u00e9 le titre olympique de curling f\u00e9minin face \u00e0 la Su\u00e8de par la marque de 6 \u00e0 3.<\/h1>\n<p>\u00ab C&rsquo;est compl\u00e8tement fou, un r\u00eave qui se concr\u00e9tise, s&rsquo;est exclam\u00e9e Jones. Nous avons connu la meilleure semaine de nos vies. \u00bb<\/p>\n<p><img loading=\"lazy\" decoding=\"async\" class=\"size-full wp-image-93285 aligncenter\" src=\"http:\/\/preprod.olympic.ca\/wp-content\/uploads\/sites\/2\/2014\/02\/bg7dtz-igaagbgi.jpg\" alt=\"Bg7Dtz-IgAAGbgI\" width=\"599\" height=\"367\" srcset=\"https:\/\/preprod.olympic.ca\/olympique\/wp-content\/uploads\/sites\/2\/2014\/02\/bg7dtz-igaagbgi.jpg 599w, https:\/\/preprod.olympic.ca\/olympique\/wp-content\/uploads\/sites\/2\/2014\/02\/bg7dtz-igaagbgi.jpg?resize=258,158 258w\" sizes=\"(max-width: 599px) 100vw, 599px\" \/><\/p>\n<p>Les deux \u00e9quipes n&rsquo;ont pas perdu de temps en lever de rideau en s&rsquo;\u00e9changeant un point lors des deux premiers bout. Le Canada en a ensuite ajout\u00e9 deux autres en quatri\u00e8me manche pour porter la marque \u00e0 3-1. La Su\u00e8de a ensuite r\u00e9pliqu\u00e9 pour cr\u00e9er l&rsquo;\u00e9galit\u00e9.<\/p>\n<p>Aucun point n&rsquo;a \u00e9t\u00e9 marqu\u00e9 au sixi\u00e8me et au septi\u00e8me bout. Le point tournant de la rencontre a eu lieu au huiti\u00e8me alors que le Canada a r\u00e9colt\u00e9 un point n\u00e9cessitant une mesure officielle pour d\u00e9terminer laquelle des pierres \u00e9taient la plus pr\u00e8s du bouton. Le Canada a scell\u00e9 l&rsquo;issue du match au neuvi\u00e8me bout en soutirant deux points aux Su\u00e9doises.<\/p>\n<p>\u00ab J&rsquo;ai l&rsquo;impression que nous avons obtenu cette victoire pour nos proches, nos amis, nos familles et le Canada. \u00c7a n&rsquo;a pas de prix \u00bb, a exprim\u00e9 Jones.<\/p>\n<p><img loading=\"lazy\" decoding=\"async\" class=\"alignleft size-full wp-image-93288\" src=\"http:\/\/preprod.olympic.ca\/wp-content\/uploads\/sites\/2\/2014\/02\/05893924.jpg\" alt=\"Kirsten Wall, Dawn McEwen, Jill Officer, Kaitlyn Lawes, Jennifer Jones\" width=\"1360\" height=\"929\" srcset=\"https:\/\/preprod.olympic.ca\/olympique\/wp-content\/uploads\/sites\/2\/2014\/02\/05893924.jpg 4980w, https:\/\/preprod.olympic.ca\/olympique\/wp-content\/uploads\/sites\/2\/2014\/02\/05893924.jpg?resize=231,158 231w, https:\/\/preprod.olympic.ca\/olympique\/wp-content\/uploads\/sites\/2\/2014\/02\/05893924.jpg?resize=543,371 543w, https:\/\/preprod.olympic.ca\/olympique\/wp-content\/uploads\/sites\/2\/2014\/02\/05893924.jpg?resize=768,525 768w, https:\/\/preprod.olympic.ca\/olympique\/wp-content\/uploads\/sites\/2\/2014\/02\/05893924.jpg?resize=1104,754 1104w, https:\/\/preprod.olympic.ca\/olympique\/wp-content\/uploads\/sites\/2\/2014\/02\/05893924.jpg?resize=1536,1049 1536w, https:\/\/preprod.olympic.ca\/olympique\/wp-content\/uploads\/sites\/2\/2014\/02\/05893924.jpg?resize=2048,1399 2048w\" sizes=\"(max-width: 1360px) 100vw, 1360px\" \/><\/p>\n<p>L&rsquo;\u00e9quipe de Jennifer Jones est demeur\u00e9e invaincu au tournoi olympique. Il s&rsquo;agit de la premi\u00e8re m\u00e9daille d&rsquo;or en curling f\u00e9minin du Canada depuis 1998.<\/p>\n","protected":false},"excerpt":{"rendered":"<p>L&rsquo;\u00e9quipe de Jennifer Jones form\u00e9e de\u00a0Kaitlyn Lawes, Jill Officer, Dawn McEwen et\u00a0Kirsten Wall ont remport\u00e9 le titre olympique de curling&#8230;<\/p>\n","protected":false},"author":55751844,"featured_media":93170,"comment_status":"open","ping_status":"open","sticky":false,"template":"","format":"standard","meta":{"_acf_changed":false,"_jetpack_memberships_contains_paid_content":false,"footnotes":""},"categories":[16085],"tags":[36578983,390019,17408083,70588406],"post_format":"standard","sport":[],"game":[191933058],"coauthors":[197551639],"class_list":["post-93135","post","type-post","status-publish","format-standard","has-post-thumbnail","hentry","category-nouvelles","tag-curling-2","tag-jennifer-jones","tag-jill-officer","tag-kaitlyn-lawes","game-2014-sotchi"],"acf":[],"yoast_head":"<!-- This site is optimized with the Yoast SEO plugin v27.3 - https:\/\/yoast.com\/product\/yoast-seo-wordpress\/ -->\n<title>Les Canadiennes d\u00e9cor\u00e9es d&#039;or en curling - \u00c9quipe Canada | Site officiel de l&#039;\u00e9quipe olympique<\/title>\n<meta name=\"robots\" content=\"index, follow, max-snippet:-1, max-image-preview:large, max-video-preview:-1\" \/>\n<link rel=\"canonical\" href=\"https:\/\/preprod.olympic.ca\/olympique\/2014\/02\/20\/les-canadiennes-decorees-dor-en-curling\/\" \/>\n<meta property=\"og:locale\" content=\"fr_FR\" \/>\n<meta property=\"og:type\" content=\"article\" \/>\n<meta property=\"og:title\" content=\"Les Canadiennes d\u00e9cor\u00e9es d&#039;or en curling - \u00c9quipe Canada | Site officiel de l&#039;\u00e9quipe olympique\" \/>\n<meta property=\"og:description\" content=\"L&rsquo;\u00e9quipe de Jennifer Jones form\u00e9e de\u00a0Kaitlyn Lawes, Jill Officer, Dawn McEwen et\u00a0Kirsten Wall ont remport\u00e9 le titre olympique de curling...\" \/>\n<meta property=\"og:url\" content=\"https:\/\/preprod.olympic.ca\/olympique\/2014\/02\/20\/les-canadiennes-decorees-dor-en-curling\/\" \/>\n<meta property=\"og:site_name\" content=\"\u00c9quipe Canada | Site officiel de l&#039;\u00e9quipe olympique\" \/>\n<meta property=\"article:published_time\" content=\"2014-02-20T16:08:03+00:00\" \/>\n<meta property=\"article:modified_time\" content=\"2017-02-19T17:23:36+00:00\" \/>\n<meta property=\"og:image\" content=\"https:\/\/preprod.olympic.ca\/olympique\/wp-content\/uploads\/sites\/2\/2014\/02\/jonesjubo.jpg?quality=100\" \/>\n\t<meta property=\"og:image:width\" content=\"670\" \/>\n\t<meta property=\"og:image:height\" content=\"377\" \/>\n\t<meta property=\"og:image:type\" content=\"image\/jpeg\" \/>\n<meta name=\"author\" content=\"Steve Boudreau\" \/>\n<meta name=\"twitter:card\" content=\"summary_large_image\" \/>\n<meta name=\"twitter:label1\" content=\"Written by\" \/>\n\t<meta name=\"twitter:data1\" content=\"Steve Boudreau\" \/>\n\t<meta name=\"twitter:label2\" content=\"Est. reading time\" \/>\n\t<meta name=\"twitter:data2\" content=\"1 minute\" \/>\n<script type=\"application\/ld+json\" class=\"yoast-schema-graph\">{\"@context\":\"https:\\\/\\\/schema.org\",\"@graph\":[{\"@type\":\"Article\",\"@id\":\"https:\\\/\\\/preprod.olympic.ca\\\/olympique\\\/2014\\\/02\\\/20\\\/les-canadiennes-decorees-dor-en-curling\\\/#article\",\"isPartOf\":{\"@id\":\"https:\\\/\\\/preprod.olympic.ca\\\/olympique\\\/2014\\\/02\\\/20\\\/les-canadiennes-decorees-dor-en-curling\\\/\"},\"author\":{\"name\":\"Steve Boudreau\",\"@id\":\"https:\\\/\\\/preprod.olympic.ca\\\/olympique\\\/#\\\/schema\\\/person\\\/fcff0d04b3be8cf8db300b91bccb7af4\"},\"headline\":\"Les Canadiennes d\u00e9cor\u00e9es d&rsquo;or en curling\",\"datePublished\":\"2014-02-20T16:08:03+00:00\",\"dateModified\":\"2017-02-19T17:23:36+00:00\",\"mainEntityOfPage\":{\"@id\":\"https:\\\/\\\/preprod.olympic.ca\\\/olympique\\\/2014\\\/02\\\/20\\\/les-canadiennes-decorees-dor-en-curling\\\/\"},\"wordCount\":252,\"commentCount\":5,\"image\":{\"@id\":\"https:\\\/\\\/preprod.olympic.ca\\\/olympique\\\/2014\\\/02\\\/20\\\/les-canadiennes-decorees-dor-en-curling\\\/#primaryimage\"},\"thumbnailUrl\":\"https:\\\/\\\/preprod.olympic.ca\\\/olympique\\\/wp-content\\\/uploads\\\/sites\\\/2\\\/2014\\\/02\\\/jonesjubo.jpg?quality=100\",\"keywords\":[\"curling\",\"Jennifer Jones\",\"Jill Officer\",\"Kaitlyn Lawes\"],\"articleSection\":[\"Nouvelles\"],\"inLanguage\":\"fr-FR\",\"potentialAction\":[{\"@type\":\"CommentAction\",\"name\":\"Comment\",\"target\":[\"https:\\\/\\\/preprod.olympic.ca\\\/olympique\\\/2014\\\/02\\\/20\\\/les-canadiennes-decorees-dor-en-curling\\\/#respond\"]}]},{\"@type\":\"WebPage\",\"@id\":\"https:\\\/\\\/preprod.olympic.ca\\\/olympique\\\/2014\\\/02\\\/20\\\/les-canadiennes-decorees-dor-en-curling\\\/\",\"url\":\"https:\\\/\\\/preprod.olympic.ca\\\/olympique\\\/2014\\\/02\\\/20\\\/les-canadiennes-decorees-dor-en-curling\\\/\",\"name\":\"Les Canadiennes d\u00e9cor\u00e9es d'or en curling - \u00c9quipe Canada | Site officiel de l&#039;\u00e9quipe olympique\",\"isPartOf\":{\"@id\":\"https:\\\/\\\/preprod.olympic.ca\\\/olympique\\\/#website\"},\"primaryImageOfPage\":{\"@id\":\"https:\\\/\\\/preprod.olympic.ca\\\/olympique\\\/2014\\\/02\\\/20\\\/les-canadiennes-decorees-dor-en-curling\\\/#primaryimage\"},\"image\":{\"@id\":\"https:\\\/\\\/preprod.olympic.ca\\\/olympique\\\/2014\\\/02\\\/20\\\/les-canadiennes-decorees-dor-en-curling\\\/#primaryimage\"},\"thumbnailUrl\":\"https:\\\/\\\/preprod.olympic.ca\\\/olympique\\\/wp-content\\\/uploads\\\/sites\\\/2\\\/2014\\\/02\\\/jonesjubo.jpg?quality=100\",\"datePublished\":\"2014-02-20T16:08:03+00:00\",\"dateModified\":\"2017-02-19T17:23:36+00:00\",\"author\":{\"@id\":\"https:\\\/\\\/preprod.olympic.ca\\\/olympique\\\/#\\\/schema\\\/person\\\/fcff0d04b3be8cf8db300b91bccb7af4\"},\"inLanguage\":\"fr-FR\",\"potentialAction\":[{\"@type\":\"ReadAction\",\"target\":[\"https:\\\/\\\/preprod.olympic.ca\\\/olympique\\\/2014\\\/02\\\/20\\\/les-canadiennes-decorees-dor-en-curling\\\/\"]}]},{\"@type\":\"ImageObject\",\"inLanguage\":\"fr-FR\",\"@id\":\"https:\\\/\\\/preprod.olympic.ca\\\/olympique\\\/2014\\\/02\\\/20\\\/les-canadiennes-decorees-dor-en-curling\\\/#primaryimage\",\"url\":\"https:\\\/\\\/preprod.olympic.ca\\\/olympique\\\/wp-content\\\/uploads\\\/sites\\\/2\\\/2014\\\/02\\\/jonesjubo.jpg?quality=100\",\"contentUrl\":\"https:\\\/\\\/preprod.olympic.ca\\\/olympique\\\/wp-content\\\/uploads\\\/sites\\\/2\\\/2014\\\/02\\\/jonesjubo.jpg?quality=100\",\"width\":670,\"height\":377},{\"@type\":\"WebSite\",\"@id\":\"https:\\\/\\\/preprod.olympic.ca\\\/olympique\\\/#website\",\"url\":\"https:\\\/\\\/preprod.olympic.ca\\\/olympique\\\/\",\"name\":\"\u00c9quipe Canada | Site officiel de l&#039;\u00e9quipe olympique\",\"description\":\"Votre source pour l\u2019\u00c9quipe olympique canadienne. Retrouvez les r\u00e9cits, vid\u00e9os et photos des athl\u00e8tes canadiens, sports olympiques, Jeux olympiques de 2020 et bien plus!\",\"potentialAction\":[{\"@type\":\"SearchAction\",\"target\":{\"@type\":\"EntryPoint\",\"urlTemplate\":\"https:\\\/\\\/preprod.olympic.ca\\\/olympique\\\/?s={search_term_string}\"},\"query-input\":{\"@type\":\"PropertyValueSpecification\",\"valueRequired\":true,\"valueName\":\"search_term_string\"}}],\"inLanguage\":\"fr-FR\"},{\"@type\":\"Person\",\"@id\":\"https:\\\/\\\/preprod.olympic.ca\\\/olympique\\\/#\\\/schema\\\/person\\\/fcff0d04b3be8cf8db300b91bccb7af4\",\"name\":\"Steve Boudreau\",\"image\":{\"@type\":\"ImageObject\",\"inLanguage\":\"fr-FR\",\"@id\":\"https:\\\/\\\/secure.gravatar.com\\\/avatar\\\/336c6be93b523130336d384227371a495c6bb9057a12c48ad1770e1a6a57006b?s=96&d=identicon&r=geab05ffb592a23c798f7bf61ed1f5f18\",\"url\":\"https:\\\/\\\/secure.gravatar.com\\\/avatar\\\/336c6be93b523130336d384227371a495c6bb9057a12c48ad1770e1a6a57006b?s=96&d=identicon&r=g\",\"contentUrl\":\"https:\\\/\\\/secure.gravatar.com\\\/avatar\\\/336c6be93b523130336d384227371a495c6bb9057a12c48ad1770e1a6a57006b?s=96&d=identicon&r=g\",\"caption\":\"Steve Boudreau\"},\"description\":\"R\u00e9dacteur, m\u00e9dias sociaux - @Sboudreau\",\"sameAs\":[\"http:\\\/\\\/sboudreau49.wordpress.com\"],\"url\":\"https:\\\/\\\/preprod.olympic.ca\\\/olympique\\\/author\\\/sboudreau2013\\\/\"}]}<\/script>\n<!-- \/ Yoast SEO plugin. -->","yoast_head_json":{"title":"Les Canadiennes d\u00e9cor\u00e9es d'or en curling - \u00c9quipe Canada | Site officiel de l&#039;\u00e9quipe olympique","robots":{"index":"index","follow":"follow","max-snippet":"max-snippet:-1","max-image-preview":"max-image-preview:large","max-video-preview":"max-video-preview:-1"},"canonical":"https:\/\/preprod.olympic.ca\/olympique\/2014\/02\/20\/les-canadiennes-decorees-dor-en-curling\/","og_locale":"fr_FR","og_type":"article","og_title":"Les Canadiennes d\u00e9cor\u00e9es d'or en curling - \u00c9quipe Canada | Site officiel de l&#039;\u00e9quipe olympique","og_description":"L&rsquo;\u00e9quipe de Jennifer Jones form\u00e9e de\u00a0Kaitlyn Lawes, Jill Officer, Dawn McEwen et\u00a0Kirsten Wall ont remport\u00e9 le titre olympique de curling...","og_url":"https:\/\/preprod.olympic.ca\/olympique\/2014\/02\/20\/les-canadiennes-decorees-dor-en-curling\/","og_site_name":"\u00c9quipe Canada | Site officiel de l&#039;\u00e9quipe olympique","article_published_time":"2014-02-20T16:08:03+00:00","article_modified_time":"2017-02-19T17:23:36+00:00","og_image":[{"width":670,"height":377,"url":"https:\/\/preprod.olympic.ca\/olympique\/wp-content\/uploads\/sites\/2\/2014\/02\/jonesjubo.jpg?quality=100","type":"image\/jpeg"}],"author":"Steve Boudreau","twitter_card":"summary_large_image","twitter_misc":{"Written by":"Steve Boudreau","Est. reading time":"1 minute"},"schema":{"@context":"https:\/\/schema.org","@graph":[{"@type":"Article","@id":"https:\/\/preprod.olympic.ca\/olympique\/2014\/02\/20\/les-canadiennes-decorees-dor-en-curling\/#article","isPartOf":{"@id":"https:\/\/preprod.olympic.ca\/olympique\/2014\/02\/20\/les-canadiennes-decorees-dor-en-curling\/"},"author":{"name":"Steve Boudreau","@id":"https:\/\/preprod.olympic.ca\/olympique\/#\/schema\/person\/fcff0d04b3be8cf8db300b91bccb7af4"},"headline":"Les Canadiennes d\u00e9cor\u00e9es d&rsquo;or en curling","datePublished":"2014-02-20T16:08:03+00:00","dateModified":"2017-02-19T17:23:36+00:00","mainEntityOfPage":{"@id":"https:\/\/preprod.olympic.ca\/olympique\/2014\/02\/20\/les-canadiennes-decorees-dor-en-curling\/"},"wordCount":252,"commentCount":5,"image":{"@id":"https:\/\/preprod.olympic.ca\/olympique\/2014\/02\/20\/les-canadiennes-decorees-dor-en-curling\/#primaryimage"},"thumbnailUrl":"https:\/\/preprod.olympic.ca\/olympique\/wp-content\/uploads\/sites\/2\/2014\/02\/jonesjubo.jpg?quality=100","keywords":["curling","Jennifer Jones","Jill Officer","Kaitlyn Lawes"],"articleSection":["Nouvelles"],"inLanguage":"fr-FR","potentialAction":[{"@type":"CommentAction","name":"Comment","target":["https:\/\/preprod.olympic.ca\/olympique\/2014\/02\/20\/les-canadiennes-decorees-dor-en-curling\/#respond"]}]},{"@type":"WebPage","@id":"https:\/\/preprod.olympic.ca\/olympique\/2014\/02\/20\/les-canadiennes-decorees-dor-en-curling\/","url":"https:\/\/preprod.olympic.ca\/olympique\/2014\/02\/20\/les-canadiennes-decorees-dor-en-curling\/","name":"Les Canadiennes d\u00e9cor\u00e9es d'or en curling - \u00c9quipe Canada | Site officiel de l&#039;\u00e9quipe olympique","isPartOf":{"@id":"https:\/\/preprod.olympic.ca\/olympique\/#website"},"primaryImageOfPage":{"@id":"https:\/\/preprod.olympic.ca\/olympique\/2014\/02\/20\/les-canadiennes-decorees-dor-en-curling\/#primaryimage"},"image":{"@id":"https:\/\/preprod.olympic.ca\/olympique\/2014\/02\/20\/les-canadiennes-decorees-dor-en-curling\/#primaryimage"},"thumbnailUrl":"https:\/\/preprod.olympic.ca\/olympique\/wp-content\/uploads\/sites\/2\/2014\/02\/jonesjubo.jpg?quality=100","datePublished":"2014-02-20T16:08:03+00:00","dateModified":"2017-02-19T17:23:36+00:00","author":{"@id":"https:\/\/preprod.olympic.ca\/olympique\/#\/schema\/person\/fcff0d04b3be8cf8db300b91bccb7af4"},"inLanguage":"fr-FR","potentialAction":[{"@type":"ReadAction","target":["https:\/\/preprod.olympic.ca\/olympique\/2014\/02\/20\/les-canadiennes-decorees-dor-en-curling\/"]}]},{"@type":"ImageObject","inLanguage":"fr-FR","@id":"https:\/\/preprod.olympic.ca\/olympique\/2014\/02\/20\/les-canadiennes-decorees-dor-en-curling\/#primaryimage","url":"https:\/\/preprod.olympic.ca\/olympique\/wp-content\/uploads\/sites\/2\/2014\/02\/jonesjubo.jpg?quality=100","contentUrl":"https:\/\/preprod.olympic.ca\/olympique\/wp-content\/uploads\/sites\/2\/2014\/02\/jonesjubo.jpg?quality=100","width":670,"height":377},{"@type":"WebSite","@id":"https:\/\/preprod.olympic.ca\/olympique\/#website","url":"https:\/\/preprod.olympic.ca\/olympique\/","name":"\u00c9quipe Canada | Site officiel de l&#039;\u00e9quipe olympique","description":"Votre source pour l\u2019\u00c9quipe olympique canadienne. Retrouvez les r\u00e9cits, vid\u00e9os et photos des athl\u00e8tes canadiens, sports olympiques, Jeux olympiques de 2020 et bien plus!","potentialAction":[{"@type":"SearchAction","target":{"@type":"EntryPoint","urlTemplate":"https:\/\/preprod.olympic.ca\/olympique\/?s={search_term_string}"},"query-input":{"@type":"PropertyValueSpecification","valueRequired":true,"valueName":"search_term_string"}}],"inLanguage":"fr-FR"},{"@type":"Person","@id":"https:\/\/preprod.olympic.ca\/olympique\/#\/schema\/person\/fcff0d04b3be8cf8db300b91bccb7af4","name":"Steve Boudreau","image":{"@type":"ImageObject","inLanguage":"fr-FR","@id":"https:\/\/secure.gravatar.com\/avatar\/336c6be93b523130336d384227371a495c6bb9057a12c48ad1770e1a6a57006b?s=96&d=identicon&r=geab05ffb592a23c798f7bf61ed1f5f18","url":"https:\/\/secure.gravatar.com\/avatar\/336c6be93b523130336d384227371a495c6bb9057a12c48ad1770e1a6a57006b?s=96&d=identicon&r=g","contentUrl":"https:\/\/secure.gravatar.com\/avatar\/336c6be93b523130336d384227371a495c6bb9057a12c48ad1770e1a6a57006b?s=96&d=identicon&r=g","caption":"Steve Boudreau"},"description":"R\u00e9dacteur, m\u00e9dias sociaux - @Sboudreau","sameAs":["http:\/\/sboudreau49.wordpress.com"],"url":"https:\/\/preprod.olympic.ca\/olympique\/author\/sboudreau2013\/"}]}},"jetpack_featured_media_url":"https:\/\/preprod.olympic.ca\/olympique\/wp-content\/uploads\/sites\/2\/2014\/02\/jonesjubo.jpg?quality=100","featured_image_url":"https:\/\/preprod.olympic.ca\/olympique\/wp-content\/uploads\/sites\/2\/2014\/02\/jonesjubo.jpg?quality=100","author_name":["Steve Boudreau"],"category_names":["Nouvelles"],"tag_names":["curling","Jennifer Jones","Jill Officer","Kaitlyn Lawes"],"video_embed_code":"","facebook_video_embed_code":"","jetpack_sharing_enabled":true,"jetpack-related-posts":[],"jetpack_shortlink":"https:\/\/wp.me\/pcGHcP-oeb","_links":{"self":[{"href":"https:\/\/preprod.olympic.ca\/olympique\/wp-json\/wp\/v2\/posts\/93135","targetHints":{"allow":["GET"]}}],"collection":[{"href":"https:\/\/preprod.olympic.ca\/olympique\/wp-json\/wp\/v2\/posts"}],"about":[{"href":"https:\/\/preprod.olympic.ca\/olympique\/wp-json\/wp\/v2\/types\/post"}],"author":[{"embeddable":true,"href":"https:\/\/preprod.olympic.ca\/olympique\/wp-json\/wp\/v2\/users\/55751844"}],"replies":[{"embeddable":true,"href":"https:\/\/preprod.olympic.ca\/olympique\/wp-json\/wp\/v2\/comments?post=93135"}],"version-history":[{"count":9,"href":"https:\/\/preprod.olympic.ca\/olympique\/wp-json\/wp\/v2\/posts\/93135\/revisions"}],"predecessor-version":[{"id":126679,"href":"https:\/\/preprod.olympic.ca\/olympique\/wp-json\/wp\/v2\/posts\/93135\/revisions\/126679"}],"wp:featuredmedia":[{"embeddable":true,"href":"https:\/\/preprod.olympic.ca\/olympique\/wp-json\/wp\/v2\/media\/93170"}],"wp:attachment":[{"href":"https:\/\/preprod.olympic.ca\/olympique\/wp-json\/wp\/v2\/media?parent=93135"}],"wp:term":[{"taxonomy":"category","embeddable":true,"href":"https:\/\/preprod.olympic.ca\/olympique\/wp-json\/wp\/v2\/categories?post=93135"},{"taxonomy":"post_tag","embeddable":true,"href":"https:\/\/preprod.olympic.ca\/olympique\/wp-json\/wp\/v2\/tags?post=93135"},{"taxonomy":"post_format","embeddable":true,"href":"https:\/\/preprod.olympic.ca\/olympique\/wp-json\/wp\/v2\/post_format?post=93135"},{"taxonomy":"sport","embeddable":true,"href":"https:\/\/preprod.olympic.ca\/olympique\/wp-json\/wp\/v2\/sport?post=93135"},{"taxonomy":"game","embeddable":true,"href":"https:\/\/preprod.olympic.ca\/olympique\/wp-json\/wp\/v2\/game?post=93135"},{"taxonomy":"author","embeddable":true,"href":"https:\/\/preprod.olympic.ca\/olympique\/wp-json\/wp\/v2\/coauthors?post=93135"}],"curies":[{"name":"wp","href":"https:\/\/api.w.org\/{rel}","templated":true}]}}