{"id":96205,"date":"2014-08-07T13:49:55","date_gmt":"2014-08-07T17:49:55","guid":{"rendered":"http:\/\/olympique.ca\/?p=96205"},"modified":"2014-08-10T13:36:46","modified_gmt":"2014-08-10T17:36:46","slug":"photos-raonic-et-nestor-poursuivent-a-domicile-devant-leurs-fans","status":"publish","type":"post","link":"https:\/\/preprod.olympic.ca\/olympique\/2014\/08\/07\/photos-raonic-et-nestor-poursuivent-a-domicile-devant-leurs-fans\/","title":{"rendered":"[PHOTOS] Raonic et Nestor poursuivent \u00e0 domicile"},"content":{"rendered":"<h1><a title=\"Milos Raonic\" href=\"http:\/\/olympique.ca\/team-canada\/milos-raonic\/\" target=\"_blank\">Milos Raonic<\/a> et <a title=\"Daniel Nestor\" href=\"http:\/\/olympique.ca\/team-canada\/daniel-nestor\/\" target=\"_blank\">Daniel Nestor<\/a> se sont assur\u00e9s que le Canada ne vivrait pas deux journ\u00e9es d\u00e9cevantes d\u2019affil\u00e9e \u00e0 domicile en remportant leurs matchs respectifs \u00e0 Toronto mercredi.<\/h1>\n<p>Chez les hommes en simple, Raonic est pass\u00e9\u00a0en troisi\u00e8me ronde en vainquant Jack Sock apr\u00e8s deux balles de bris\u00a04-6, 7-6 (7-2), 7-6 (7-4). Il s\u2019agissait de la troisi\u00e8me et quatri\u00e8me fois que les deux joueurs rencontraient des balles de bris dans la m\u00eame semaine. Raonic avait battu Sock au Citi Open \u00e0 Washington, DC avant de <a title=\"Raonic l\u2019emporte contre Pospisil en finale de l\u2019Omnium Citi\" href=\"http:\/\/olympique.ca\/2014\/08\/03\/raonic-lemporte-contre-pospisil-en-finale-de-lominium-citi\/\" target=\"_blank\">remporter le titre<\/a>.<\/p>\n<p><strong>\u00c0 LIRE: <a title=\"Dure journ\u00e9e en sport pour le Canada\" href=\"http:\/\/olympique.ca\/2014\/08\/06\/dure-journee-en-sport-pour-le-canada\/\" target=\"_blank\">Dure journ\u00e9e en sport pour le Canada<\/a><\/strong><\/p>\n<p>Sock, un Am\u00e9ricain, et son partenaire canadien Vasek Pospisil ont r\u00e9cemment remport\u00e9 <a title=\"Pospisil champion en double \u00e0 Wimbledon\" href=\"http:\/\/olympique.ca\/2014\/07\/05\/pospisil-champion-en-double-a-wimbledon\/\" target=\"_blank\">le titre en doubles \u00e0 Wimbledon<\/a>. En simple, Sock a offert une grande rivalit\u00e9 au num\u00e9ro six mondial Raonic en s\u2019emparant de la seule balle de jeu\u00a0du match et en donnant du\u00a0fil \u00e0 retordre au favori local ce soir-l\u00e0.<\/p>\n<div class=\"tiled-gallery type-rectangular tiled-gallery-unresized\" data-original-width=\"1360\" data-carousel-extra='null' itemscope itemtype=\"http:\/\/schema.org\/ImageGallery\" > <div class=\"gallery-row\" style=\"width: 1360px; height: 257px;\" data-original-width=\"1360\" data-original-height=\"257\" > <div class=\"gallery-group images-1\" style=\"width: 454px; height: 257px;\" data-original-width=\"454\" data-original-height=\"257\" > <div class=\"tiled-gallery-item tiled-gallery-item-large\" itemprop=\"associatedMedia\" itemscope itemtype=\"http:\/\/schema.org\/ImageObject\"> <a href=\"https:\/\/preprod.olympic.ca\/olympique\/wp-content\/uploads\/sites\/2\/2014\/08\/raonic5.jpg?quality=100&#038;strip\" border=\"0\" itemprop=\"url\"> <meta itemprop=\"width\" content=\"450\"> <meta itemprop=\"height\" content=\"253\"> <img decoding=\"async\" data-recalc-dims=\"1\" class=\"\" data-attachment-id=\"96211\" data-orig-file=\"https:\/\/preprod.olympic.ca\/olympique\/wp-content\/uploads\/sites\/2\/2014\/08\/raonic5.jpg?quality=100\" data-orig-size=\"1000,563\" data-comments-opened=\"1\" data-image-meta=\"{&quot;aperture&quot;:&quot;0&quot;,&quot;credit&quot;:&quot;&quot;,&quot;camera&quot;:&quot;&quot;,&quot;caption&quot;:&quot;&quot;,&quot;created_timestamp&quot;:&quot;0&quot;,&quot;copyright&quot;:&quot;Janet Kwan Photography - http:\\\/\\\/janet-kwan.com&quot;,&quot;focal_length&quot;:&quot;0&quot;,&quot;iso&quot;:&quot;0&quot;,&quot;shutter_speed&quot;:&quot;0&quot;,&quot;title&quot;:&quot;&quot;,&quot;orientation&quot;:&quot;0&quot;}\" data-image-title=\"raonic5\" data-image-description=\"\" data-medium-file=\"https:\/\/preprod.olympic.ca\/olympique\/wp-content\/uploads\/sites\/2\/2014\/08\/raonic5.jpg?quality=100&#038;w=660\" data-large-file=\"https:\/\/preprod.olympic.ca\/olympique\/wp-content\/uploads\/sites\/2\/2014\/08\/raonic5.jpg?quality=100&#038;w=1000\" src=\"https:\/\/preprod.olympic.ca\/olympique\/wp-content\/uploads\/sites\/2\/2014\/08\/raonic5.jpg?quality=100&#038;w=450&#038;h=253&#038;strip&#038;resize=450%2C253\" srcset=\"https:\/\/preprod.olympic.ca\/olympique\/wp-content\/uploads\/sites\/2\/2014\/08\/raonic5.jpg 1000w, https:\/\/preprod.olympic.ca\/olympique\/wp-content\/uploads\/sites\/2\/2014\/08\/raonic5.jpg?resize=280,158 280w, https:\/\/preprod.olympic.ca\/olympique\/wp-content\/uploads\/sites\/2\/2014\/08\/raonic5.jpg?resize=660,371 660w, https:\/\/preprod.olympic.ca\/olympique\/wp-content\/uploads\/sites\/2\/2014\/08\/raonic5.jpg?resize=768,432 768w\" width=\"450\" height=\"253\" loading=\"lazy\" data-original-width=\"450\" data-original-height=\"253\" itemprop=\"http:\/\/schema.org\/image\" title=\"raonic5\" alt=\"raonic5\" style=\"width: 450px; height: 253px;\" \/> <\/a> <\/div> <\/div> <!-- close group --> <div class=\"gallery-group images-1\" style=\"width: 453px; height: 257px;\" data-original-width=\"453\" data-original-height=\"257\" > <div class=\"tiled-gallery-item tiled-gallery-item-large\" itemprop=\"associatedMedia\" itemscope itemtype=\"http:\/\/schema.org\/ImageObject\"> <a href=\"https:\/\/preprod.olympic.ca\/olympique\/wp-content\/uploads\/sites\/2\/2014\/08\/raonic4.jpg?quality=100&#038;strip\" border=\"0\" itemprop=\"url\"> <meta itemprop=\"width\" content=\"449\"> <meta itemprop=\"height\" content=\"253\"> <img decoding=\"async\" data-recalc-dims=\"1\" class=\"\" data-attachment-id=\"96210\" data-orig-file=\"https:\/\/preprod.olympic.ca\/olympique\/wp-content\/uploads\/sites\/2\/2014\/08\/raonic4.jpg?quality=100\" data-orig-size=\"1000,563\" data-comments-opened=\"1\" data-image-meta=\"{&quot;aperture&quot;:&quot;0&quot;,&quot;credit&quot;:&quot;&quot;,&quot;camera&quot;:&quot;&quot;,&quot;caption&quot;:&quot;&quot;,&quot;created_timestamp&quot;:&quot;0&quot;,&quot;copyright&quot;:&quot;Janet Kwan Photography - http:\\\/\\\/janet-kwan.com&quot;,&quot;focal_length&quot;:&quot;0&quot;,&quot;iso&quot;:&quot;0&quot;,&quot;shutter_speed&quot;:&quot;0&quot;,&quot;title&quot;:&quot;&quot;,&quot;orientation&quot;:&quot;0&quot;}\" data-image-title=\"raonic4\" data-image-description=\"\" data-medium-file=\"https:\/\/preprod.olympic.ca\/olympique\/wp-content\/uploads\/sites\/2\/2014\/08\/raonic4.jpg?quality=100&#038;w=660\" data-large-file=\"https:\/\/preprod.olympic.ca\/olympique\/wp-content\/uploads\/sites\/2\/2014\/08\/raonic4.jpg?quality=100&#038;w=1000\" src=\"https:\/\/preprod.olympic.ca\/olympique\/wp-content\/uploads\/sites\/2\/2014\/08\/raonic4.jpg?quality=100&#038;w=449&#038;h=253&#038;strip&#038;resize=449%2C253\" srcset=\"https:\/\/preprod.olympic.ca\/olympique\/wp-content\/uploads\/sites\/2\/2014\/08\/raonic4.jpg 1000w, https:\/\/preprod.olympic.ca\/olympique\/wp-content\/uploads\/sites\/2\/2014\/08\/raonic4.jpg?resize=280,158 280w, https:\/\/preprod.olympic.ca\/olympique\/wp-content\/uploads\/sites\/2\/2014\/08\/raonic4.jpg?resize=660,371 660w, https:\/\/preprod.olympic.ca\/olympique\/wp-content\/uploads\/sites\/2\/2014\/08\/raonic4.jpg?resize=768,432 768w\" width=\"449\" height=\"253\" loading=\"lazy\" data-original-width=\"449\" data-original-height=\"253\" itemprop=\"http:\/\/schema.org\/image\" title=\"raonic4\" alt=\"raonic4\" style=\"width: 449px; height: 253px;\" \/> <\/a> <\/div> <\/div> <!-- close group --> <div class=\"gallery-group images-1\" style=\"width: 453px; height: 257px;\" data-original-width=\"453\" data-original-height=\"257\" > <div class=\"tiled-gallery-item tiled-gallery-item-large\" itemprop=\"associatedMedia\" itemscope itemtype=\"http:\/\/schema.org\/ImageObject\"> <a href=\"https:\/\/preprod.olympic.ca\/olympique\/wp-content\/uploads\/sites\/2\/2014\/08\/raonic3.jpg?quality=100&#038;strip\" border=\"0\" itemprop=\"url\"> <meta itemprop=\"width\" content=\"449\"> <meta itemprop=\"height\" content=\"253\"> <img decoding=\"async\" data-recalc-dims=\"1\" class=\"\" data-attachment-id=\"96209\" data-orig-file=\"https:\/\/preprod.olympic.ca\/olympique\/wp-content\/uploads\/sites\/2\/2014\/08\/raonic3.jpg?quality=100\" data-orig-size=\"1000,563\" data-comments-opened=\"1\" data-image-meta=\"{&quot;aperture&quot;:&quot;0&quot;,&quot;credit&quot;:&quot;&quot;,&quot;camera&quot;:&quot;&quot;,&quot;caption&quot;:&quot;&quot;,&quot;created_timestamp&quot;:&quot;0&quot;,&quot;copyright&quot;:&quot;Janet Kwan Photography - http:\\\/\\\/janet-kwan.com&quot;,&quot;focal_length&quot;:&quot;0&quot;,&quot;iso&quot;:&quot;0&quot;,&quot;shutter_speed&quot;:&quot;0&quot;,&quot;title&quot;:&quot;&quot;,&quot;orientation&quot;:&quot;0&quot;}\" data-image-title=\"raonic3\" data-image-description=\"\" data-medium-file=\"https:\/\/preprod.olympic.ca\/olympique\/wp-content\/uploads\/sites\/2\/2014\/08\/raonic3.jpg?quality=100&#038;w=660\" data-large-file=\"https:\/\/preprod.olympic.ca\/olympique\/wp-content\/uploads\/sites\/2\/2014\/08\/raonic3.jpg?quality=100&#038;w=1000\" src=\"https:\/\/preprod.olympic.ca\/olympique\/wp-content\/uploads\/sites\/2\/2014\/08\/raonic3.jpg?quality=100&#038;w=449&#038;h=253&#038;strip&#038;resize=449%2C253\" srcset=\"https:\/\/preprod.olympic.ca\/olympique\/wp-content\/uploads\/sites\/2\/2014\/08\/raonic3.jpg 1000w, https:\/\/preprod.olympic.ca\/olympique\/wp-content\/uploads\/sites\/2\/2014\/08\/raonic3.jpg?resize=280,158 280w, https:\/\/preprod.olympic.ca\/olympique\/wp-content\/uploads\/sites\/2\/2014\/08\/raonic3.jpg?resize=660,371 660w, https:\/\/preprod.olympic.ca\/olympique\/wp-content\/uploads\/sites\/2\/2014\/08\/raonic3.jpg?resize=768,432 768w\" width=\"449\" height=\"253\" loading=\"lazy\" data-original-width=\"449\" data-original-height=\"253\" itemprop=\"http:\/\/schema.org\/image\" title=\"raonic3\" alt=\"raonic3\" style=\"width: 449px; height: 253px;\" \/> <\/a> <\/div> <\/div> <!-- close group --> <\/div> <!-- close row --> <div class=\"gallery-row\" style=\"width: 1360px; height: 385px;\" data-original-width=\"1360\" data-original-height=\"385\" > <div class=\"gallery-group images-1\" style=\"width: 680px; height: 385px;\" data-original-width=\"680\" data-original-height=\"385\" > <div class=\"tiled-gallery-item tiled-gallery-item-large\" itemprop=\"associatedMedia\" itemscope itemtype=\"http:\/\/schema.org\/ImageObject\"> <a href=\"https:\/\/preprod.olympic.ca\/olympique\/wp-content\/uploads\/sites\/2\/2014\/08\/raonic2-1.jpg?quality=100&#038;strip\" border=\"0\" itemprop=\"url\"> <meta itemprop=\"width\" content=\"676\"> <meta itemprop=\"height\" content=\"381\"> <img decoding=\"async\" data-recalc-dims=\"1\" class=\"\" data-attachment-id=\"96208\" data-orig-file=\"https:\/\/preprod.olympic.ca\/olympique\/wp-content\/uploads\/sites\/2\/2014\/08\/raonic2-1.jpg?quality=100\" data-orig-size=\"1000,563\" data-comments-opened=\"1\" data-image-meta=\"{&quot;aperture&quot;:&quot;0&quot;,&quot;credit&quot;:&quot;&quot;,&quot;camera&quot;:&quot;&quot;,&quot;caption&quot;:&quot;&quot;,&quot;created_timestamp&quot;:&quot;0&quot;,&quot;copyright&quot;:&quot;Janet Kwan Photography - http:\\\/\\\/janet-kwan.com&quot;,&quot;focal_length&quot;:&quot;0&quot;,&quot;iso&quot;:&quot;0&quot;,&quot;shutter_speed&quot;:&quot;0&quot;,&quot;title&quot;:&quot;&quot;,&quot;orientation&quot;:&quot;0&quot;}\" data-image-title=\"raonic2 (1)\" data-image-description=\"\" data-medium-file=\"https:\/\/preprod.olympic.ca\/olympique\/wp-content\/uploads\/sites\/2\/2014\/08\/raonic2-1.jpg?quality=100&#038;w=660\" data-large-file=\"https:\/\/preprod.olympic.ca\/olympique\/wp-content\/uploads\/sites\/2\/2014\/08\/raonic2-1.jpg?quality=100&#038;w=1000\" src=\"https:\/\/preprod.olympic.ca\/olympique\/wp-content\/uploads\/sites\/2\/2014\/08\/raonic2-1.jpg?quality=100&#038;w=676&#038;h=381&#038;strip&#038;resize=676%2C381\" srcset=\"https:\/\/preprod.olympic.ca\/olympique\/wp-content\/uploads\/sites\/2\/2014\/08\/raonic2-1.jpg 1000w, https:\/\/preprod.olympic.ca\/olympique\/wp-content\/uploads\/sites\/2\/2014\/08\/raonic2-1.jpg?resize=280,158 280w, https:\/\/preprod.olympic.ca\/olympique\/wp-content\/uploads\/sites\/2\/2014\/08\/raonic2-1.jpg?resize=660,371 660w, https:\/\/preprod.olympic.ca\/olympique\/wp-content\/uploads\/sites\/2\/2014\/08\/raonic2-1.jpg?resize=768,432 768w\" width=\"676\" height=\"381\" loading=\"lazy\" data-original-width=\"676\" data-original-height=\"381\" itemprop=\"http:\/\/schema.org\/image\" title=\"raonic2 (1)\" alt=\"raonic2 (1)\" style=\"width: 676px; height: 381px;\" \/> <\/a> <\/div> <\/div> <!-- close group --> <div class=\"gallery-group images-1\" style=\"width: 680px; height: 385px;\" data-original-width=\"680\" data-original-height=\"385\" > <div class=\"tiled-gallery-item tiled-gallery-item-large\" itemprop=\"associatedMedia\" itemscope itemtype=\"http:\/\/schema.org\/ImageObject\"> <a href=\"https:\/\/preprod.olympic.ca\/olympique\/wp-content\/uploads\/sites\/2\/2014\/08\/raonic1-1.jpg?quality=100&#038;strip\" border=\"0\" itemprop=\"url\"> <meta itemprop=\"width\" content=\"676\"> <meta itemprop=\"height\" content=\"381\"> <img decoding=\"async\" data-recalc-dims=\"1\" class=\"\" data-attachment-id=\"96207\" data-orig-file=\"https:\/\/preprod.olympic.ca\/olympique\/wp-content\/uploads\/sites\/2\/2014\/08\/raonic1-1.jpg?quality=100\" data-orig-size=\"1000,563\" data-comments-opened=\"1\" data-image-meta=\"{&quot;aperture&quot;:&quot;0&quot;,&quot;credit&quot;:&quot;&quot;,&quot;camera&quot;:&quot;&quot;,&quot;caption&quot;:&quot;&quot;,&quot;created_timestamp&quot;:&quot;0&quot;,&quot;copyright&quot;:&quot;Janet Kwan Photography - http:\\\/\\\/janet-kwan.com&quot;,&quot;focal_length&quot;:&quot;0&quot;,&quot;iso&quot;:&quot;0&quot;,&quot;shutter_speed&quot;:&quot;0&quot;,&quot;title&quot;:&quot;&quot;,&quot;orientation&quot;:&quot;0&quot;}\" data-image-title=\"raonic1 (1)\" data-image-description=\"\" data-medium-file=\"https:\/\/preprod.olympic.ca\/olympique\/wp-content\/uploads\/sites\/2\/2014\/08\/raonic1-1.jpg?quality=100&#038;w=660\" data-large-file=\"https:\/\/preprod.olympic.ca\/olympique\/wp-content\/uploads\/sites\/2\/2014\/08\/raonic1-1.jpg?quality=100&#038;w=1000\" src=\"https:\/\/preprod.olympic.ca\/olympique\/wp-content\/uploads\/sites\/2\/2014\/08\/raonic1-1.jpg?quality=100&#038;w=676&#038;h=381&#038;strip&#038;resize=676%2C381\" srcset=\"https:\/\/preprod.olympic.ca\/olympique\/wp-content\/uploads\/sites\/2\/2014\/08\/raonic1-1.jpg 1000w, https:\/\/preprod.olympic.ca\/olympique\/wp-content\/uploads\/sites\/2\/2014\/08\/raonic1-1.jpg?resize=280,158 280w, https:\/\/preprod.olympic.ca\/olympique\/wp-content\/uploads\/sites\/2\/2014\/08\/raonic1-1.jpg?resize=660,371 660w, https:\/\/preprod.olympic.ca\/olympique\/wp-content\/uploads\/sites\/2\/2014\/08\/raonic1-1.jpg?resize=768,432 768w\" width=\"676\" height=\"381\" loading=\"lazy\" data-original-width=\"676\" data-original-height=\"381\" itemprop=\"http:\/\/schema.org\/image\" title=\"raonic1 (1)\" alt=\"raonic1 (1)\" style=\"width: 676px; height: 381px;\" \/> <\/a> <\/div> <\/div> <!-- close group --> <\/div> <!-- close row --> <\/div>\n<p>Raonic, dont l\u2019arme ultime est son service impeccable, a r\u00e9ussi 15 as, dont six dans la troisi\u00e8me manche d\u00e9terminante.<\/p>\n<p>Pr\u00e9c\u00e9dent le triomphe de Raonic, Nestor et son partenaire Serbe Nenad Zimonjic ont d\u00e9fait Novak Djokovic (Serbie) et Stan Wawrinka (Suisse) 6-4, 6-4 chez les hommes en doubles.<\/p>\n<p>Il est d\u00e9j\u00e0 difficile de vaincre Nestor\/Zimonjic dans les meilleures conditions, mais Djokovic revenait tout juste d\u2019une rencontre de deux heures quarante minutes en trois manches contre le Fran\u00e7ais Gael Monfils plus t\u00f4t le jour m\u00eame.<\/p>\n<div class=\"tiled-gallery type-rectangular tiled-gallery-unresized\" data-original-width=\"1360\" data-carousel-extra='null' itemscope itemtype=\"http:\/\/schema.org\/ImageGallery\" > <div class=\"gallery-row\" style=\"width: 1360px; height: 257px;\" data-original-width=\"1360\" data-original-height=\"257\" > <div class=\"gallery-group images-1\" style=\"width: 454px; height: 257px;\" data-original-width=\"454\" data-original-height=\"257\" > <div class=\"tiled-gallery-item tiled-gallery-item-large\" itemprop=\"associatedMedia\" itemscope itemtype=\"http:\/\/schema.org\/ImageObject\"> <a href=\"https:\/\/preprod.olympic.ca\/olympique\/wp-content\/uploads\/sites\/2\/2014\/08\/nestor1.jpg?quality=100&#038;strip\" border=\"0\" itemprop=\"url\"> <meta itemprop=\"width\" content=\"450\"> <meta itemprop=\"height\" content=\"253\"> <img decoding=\"async\" data-recalc-dims=\"1\" class=\"\" data-attachment-id=\"96212\" data-orig-file=\"https:\/\/preprod.olympic.ca\/olympique\/wp-content\/uploads\/sites\/2\/2014\/08\/nestor1.jpg?quality=100\" data-orig-size=\"1000,563\" data-comments-opened=\"1\" data-image-meta=\"{&quot;aperture&quot;:&quot;0&quot;,&quot;credit&quot;:&quot;&quot;,&quot;camera&quot;:&quot;&quot;,&quot;caption&quot;:&quot;&quot;,&quot;created_timestamp&quot;:&quot;0&quot;,&quot;copyright&quot;:&quot;Janet Kwan Photography - http:\\\/\\\/janet-kwan.com&quot;,&quot;focal_length&quot;:&quot;0&quot;,&quot;iso&quot;:&quot;0&quot;,&quot;shutter_speed&quot;:&quot;0&quot;,&quot;title&quot;:&quot;&quot;,&quot;orientation&quot;:&quot;0&quot;}\" data-image-title=\"nestor1\" data-image-description=\"\" data-medium-file=\"https:\/\/preprod.olympic.ca\/olympique\/wp-content\/uploads\/sites\/2\/2014\/08\/nestor1.jpg?quality=100&#038;w=660\" data-large-file=\"https:\/\/preprod.olympic.ca\/olympique\/wp-content\/uploads\/sites\/2\/2014\/08\/nestor1.jpg?quality=100&#038;w=1000\" src=\"https:\/\/preprod.olympic.ca\/olympique\/wp-content\/uploads\/sites\/2\/2014\/08\/nestor1.jpg?quality=100&#038;w=450&#038;h=253&#038;strip&#038;resize=450%2C253\" srcset=\"https:\/\/preprod.olympic.ca\/olympique\/wp-content\/uploads\/sites\/2\/2014\/08\/nestor1.jpg 1000w, https:\/\/preprod.olympic.ca\/olympique\/wp-content\/uploads\/sites\/2\/2014\/08\/nestor1.jpg?resize=280,158 280w, https:\/\/preprod.olympic.ca\/olympique\/wp-content\/uploads\/sites\/2\/2014\/08\/nestor1.jpg?resize=660,371 660w, https:\/\/preprod.olympic.ca\/olympique\/wp-content\/uploads\/sites\/2\/2014\/08\/nestor1.jpg?resize=768,432 768w\" width=\"450\" height=\"253\" loading=\"lazy\" data-original-width=\"450\" data-original-height=\"253\" itemprop=\"http:\/\/schema.org\/image\" title=\"nestor1\" alt=\"nestor1\" style=\"width: 450px; height: 253px;\" \/> <\/a> <\/div> <\/div> <!-- close group --> <div class=\"gallery-group images-1\" style=\"width: 453px; height: 257px;\" data-original-width=\"453\" data-original-height=\"257\" > <div class=\"tiled-gallery-item tiled-gallery-item-large\" itemprop=\"associatedMedia\" itemscope itemtype=\"http:\/\/schema.org\/ImageObject\"> <a href=\"https:\/\/preprod.olympic.ca\/olympique\/wp-content\/uploads\/sites\/2\/2014\/08\/nestor2.jpg?quality=100&#038;strip\" border=\"0\" itemprop=\"url\"> <meta itemprop=\"width\" content=\"449\"> <meta itemprop=\"height\" content=\"253\"> <img decoding=\"async\" data-recalc-dims=\"1\" class=\"\" data-attachment-id=\"96213\" data-orig-file=\"https:\/\/preprod.olympic.ca\/olympique\/wp-content\/uploads\/sites\/2\/2014\/08\/nestor2.jpg?quality=100\" data-orig-size=\"1000,563\" data-comments-opened=\"1\" data-image-meta=\"{&quot;aperture&quot;:&quot;0&quot;,&quot;credit&quot;:&quot;&quot;,&quot;camera&quot;:&quot;&quot;,&quot;caption&quot;:&quot;&quot;,&quot;created_timestamp&quot;:&quot;0&quot;,&quot;copyright&quot;:&quot;Janet Kwan Photography - http:\\\/\\\/janet-kwan.com&quot;,&quot;focal_length&quot;:&quot;0&quot;,&quot;iso&quot;:&quot;0&quot;,&quot;shutter_speed&quot;:&quot;0&quot;,&quot;title&quot;:&quot;&quot;,&quot;orientation&quot;:&quot;0&quot;}\" data-image-title=\"nestor2\" data-image-description=\"\" data-medium-file=\"https:\/\/preprod.olympic.ca\/olympique\/wp-content\/uploads\/sites\/2\/2014\/08\/nestor2.jpg?quality=100&#038;w=660\" data-large-file=\"https:\/\/preprod.olympic.ca\/olympique\/wp-content\/uploads\/sites\/2\/2014\/08\/nestor2.jpg?quality=100&#038;w=1000\" src=\"https:\/\/preprod.olympic.ca\/olympique\/wp-content\/uploads\/sites\/2\/2014\/08\/nestor2.jpg?quality=100&#038;w=449&#038;h=253&#038;strip&#038;resize=449%2C253\" srcset=\"https:\/\/preprod.olympic.ca\/olympique\/wp-content\/uploads\/sites\/2\/2014\/08\/nestor2.jpg 1000w, https:\/\/preprod.olympic.ca\/olympique\/wp-content\/uploads\/sites\/2\/2014\/08\/nestor2.jpg?resize=280,158 280w, https:\/\/preprod.olympic.ca\/olympique\/wp-content\/uploads\/sites\/2\/2014\/08\/nestor2.jpg?resize=660,371 660w, https:\/\/preprod.olympic.ca\/olympique\/wp-content\/uploads\/sites\/2\/2014\/08\/nestor2.jpg?resize=768,432 768w\" width=\"449\" height=\"253\" loading=\"lazy\" data-original-width=\"449\" data-original-height=\"253\" itemprop=\"http:\/\/schema.org\/image\" title=\"nestor2\" alt=\"Daniel Nestor \u00e0 la Coupe Rogers de 2014 \u00e0 Toronto\" style=\"width: 449px; height: 253px;\" \/> <\/a> <div class=\"tiled-gallery-caption\" itemprop=\"caption description\"> Daniel Nestor \u00e0 la Coupe Rogers de 2014 \u00e0 Toronto <\/div> <\/div> <\/div> <!-- close group --> <div class=\"gallery-group images-1\" style=\"width: 453px; height: 257px;\" data-original-width=\"453\" data-original-height=\"257\" > <div class=\"tiled-gallery-item tiled-gallery-item-large\" itemprop=\"associatedMedia\" itemscope itemtype=\"http:\/\/schema.org\/ImageObject\"> <a href=\"https:\/\/preprod.olympic.ca\/olympique\/wp-content\/uploads\/sites\/2\/2014\/08\/nestor3.jpg?quality=100&#038;strip\" border=\"0\" itemprop=\"url\"> <meta itemprop=\"width\" content=\"449\"> <meta itemprop=\"height\" content=\"253\"> <img decoding=\"async\" data-recalc-dims=\"1\" class=\"\" data-attachment-id=\"96214\" data-orig-file=\"https:\/\/preprod.olympic.ca\/olympique\/wp-content\/uploads\/sites\/2\/2014\/08\/nestor3.jpg?quality=100\" data-orig-size=\"1000,563\" data-comments-opened=\"1\" data-image-meta=\"{&quot;aperture&quot;:&quot;0&quot;,&quot;credit&quot;:&quot;&quot;,&quot;camera&quot;:&quot;&quot;,&quot;caption&quot;:&quot;&quot;,&quot;created_timestamp&quot;:&quot;0&quot;,&quot;copyright&quot;:&quot;Janet Kwan Photography - http:\\\/\\\/janet-kwan.com&quot;,&quot;focal_length&quot;:&quot;0&quot;,&quot;iso&quot;:&quot;0&quot;,&quot;shutter_speed&quot;:&quot;0&quot;,&quot;title&quot;:&quot;&quot;,&quot;orientation&quot;:&quot;0&quot;}\" data-image-title=\"nestor3\" data-image-description=\"\" data-medium-file=\"https:\/\/preprod.olympic.ca\/olympique\/wp-content\/uploads\/sites\/2\/2014\/08\/nestor3.jpg?quality=100&#038;w=660\" data-large-file=\"https:\/\/preprod.olympic.ca\/olympique\/wp-content\/uploads\/sites\/2\/2014\/08\/nestor3.jpg?quality=100&#038;w=1000\" src=\"https:\/\/preprod.olympic.ca\/olympique\/wp-content\/uploads\/sites\/2\/2014\/08\/nestor3.jpg?quality=100&#038;w=449&#038;h=253&#038;strip&#038;resize=449%2C253\" srcset=\"https:\/\/preprod.olympic.ca\/olympique\/wp-content\/uploads\/sites\/2\/2014\/08\/nestor3.jpg 1000w, https:\/\/preprod.olympic.ca\/olympique\/wp-content\/uploads\/sites\/2\/2014\/08\/nestor3.jpg?resize=280,158 280w, https:\/\/preprod.olympic.ca\/olympique\/wp-content\/uploads\/sites\/2\/2014\/08\/nestor3.jpg?resize=660,371 660w, https:\/\/preprod.olympic.ca\/olympique\/wp-content\/uploads\/sites\/2\/2014\/08\/nestor3.jpg?resize=768,432 768w\" width=\"449\" height=\"253\" loading=\"lazy\" data-original-width=\"449\" data-original-height=\"253\" itemprop=\"http:\/\/schema.org\/image\" title=\"nestor3\" alt=\"nestor3\" style=\"width: 449px; height: 253px;\" \/> <\/a> <\/div> <\/div> <!-- close group --> <\/div> <!-- close row --> <\/div>\n<p>Raonic meets Julien Benneteau of France next on Thursday. It\u2019s a surprise third round matchup after the Frenchman defeated 11<sup>th<\/sup> seed Ernests Gulbis 7-6 (7-4), 6-3.<\/p>\n<p>Jeudi, Raonic se mesure \u00e0 Julien Benneteau de la France. Il s\u2019agit d\u2019un d\u00e9bouch\u00e9 surprenant pour cette troisi\u00e8me ronde puisque\u00a0le Fran\u00e7ais a vaincu contre les attentes la 11e t\u00eate de s\u00e9rie Ernests Gulbis\u00a07-6 (7-4), 6-3.<\/p>\n<p>Benneteau, avec\u00a0son compatriote Edouard Roger-Vasselin, devra probablement faire face \u00e0 Nestor aussi dans les quarts de finale en doubles ce vendredi.<\/p>\n<p>\u00c0 Montr\u00e9al, Gabriela Dabrowski, championne en doubles du Citi Open, sera \u00e0 l\u2019\u0153uvre avec Isareli Shahar Pe&rsquo;er pour affronter la paire russe compos\u00e9e d\u2019Ekaterina Makarova et Elena Vestina ce jeudi afin d\u2019obtenir une place en quarts de finale.<\/p>\n","protected":false},"excerpt":{"rendered":"<p>Milos Raonic et Daniel Nestor se sont assur\u00e9s que le Canada ne vivrait pas deux journ\u00e9es d\u00e9cevantes d\u2019affil\u00e9e \u00e0 domicile&#8230;<\/p>\n","protected":false},"author":10774097,"featured_media":96206,"comment_status":"open","ping_status":"open","sticky":false,"template":"","format":"standard","meta":{"_acf_changed":false,"_jetpack_memberships_contains_paid_content":false,"footnotes":""},"categories":[16085],"tags":[1601989,2752058,23905354,2781325],"post_format":"standard","sport":[1999],"game":[],"coauthors":[197553292],"class_list":["post-96205","post","type-post","status-publish","format-standard","has-post-thumbnail","hentry","category-nouvelles","tag-coupe-rogers","tag-daniel-nestor","tag-milos-raonic","tag-tennis-canada","sport-tennis"],"acf":[],"yoast_head":"<!-- This site is optimized with the Yoast SEO plugin v27.3 - https:\/\/yoast.com\/product\/yoast-seo-wordpress\/ -->\n<title>[PHOTOS] Raonic et Nestor poursuivent \u00e0 domicile - \u00c9quipe Canada | Site officiel de l&#039;\u00e9quipe olympique<\/title>\n<meta name=\"robots\" content=\"index, follow, max-snippet:-1, max-image-preview:large, max-video-preview:-1\" \/>\n<link rel=\"canonical\" href=\"https:\/\/preprod.olympic.ca\/olympique\/2014\/08\/07\/photos-raonic-et-nestor-poursuivent-a-domicile-devant-leurs-fans\/\" \/>\n<meta property=\"og:locale\" content=\"fr_FR\" \/>\n<meta property=\"og:type\" content=\"article\" \/>\n<meta property=\"og:title\" content=\"[PHOTOS] Raonic et Nestor poursuivent \u00e0 domicile - \u00c9quipe Canada | Site officiel de l&#039;\u00e9quipe olympique\" \/>\n<meta property=\"og:description\" content=\"Milos Raonic et Daniel Nestor se sont assur\u00e9s que le Canada ne vivrait pas deux journ\u00e9es d\u00e9cevantes d\u2019affil\u00e9e \u00e0 domicile...\" \/>\n<meta property=\"og:url\" content=\"https:\/\/preprod.olympic.ca\/olympique\/2014\/08\/07\/photos-raonic-et-nestor-poursuivent-a-domicile-devant-leurs-fans\/\" \/>\n<meta property=\"og:site_name\" content=\"\u00c9quipe Canada | Site officiel de l&#039;\u00e9quipe olympique\" \/>\n<meta property=\"article:published_time\" content=\"2014-08-07T17:49:55+00:00\" \/>\n<meta property=\"article:modified_time\" content=\"2014-08-10T17:36:46+00:00\" \/>\n<meta property=\"og:image\" content=\"https:\/\/preprod.olympic.ca\/olympique\/wp-content\/uploads\/sites\/2\/2014\/08\/nestorcover.jpg?quality=100\" \/>\n\t<meta property=\"og:image:width\" content=\"670\" \/>\n\t<meta property=\"og:image:height\" content=\"377\" \/>\n\t<meta property=\"og:image:type\" content=\"image\/jpeg\" \/>\n<meta name=\"author\" content=\"Asif Hossain\" \/>\n<meta name=\"twitter:card\" content=\"summary_large_image\" \/>\n<meta name=\"twitter:label1\" content=\"Written by\" \/>\n\t<meta name=\"twitter:data1\" content=\"Asif Hossain\" \/>\n\t<meta name=\"twitter:label2\" content=\"Est. reading time\" \/>\n\t<meta name=\"twitter:data2\" content=\"2 minutes\" \/>\n<script type=\"application\/ld+json\" class=\"yoast-schema-graph\">{\"@context\":\"https:\\\/\\\/schema.org\",\"@graph\":[{\"@type\":\"Article\",\"@id\":\"https:\\\/\\\/preprod.olympic.ca\\\/olympique\\\/2014\\\/08\\\/07\\\/photos-raonic-et-nestor-poursuivent-a-domicile-devant-leurs-fans\\\/#article\",\"isPartOf\":{\"@id\":\"https:\\\/\\\/preprod.olympic.ca\\\/olympique\\\/2014\\\/08\\\/07\\\/photos-raonic-et-nestor-poursuivent-a-domicile-devant-leurs-fans\\\/\"},\"author\":{\"name\":\"Asif Hossain\",\"@id\":\"https:\\\/\\\/preprod.olympic.ca\\\/olympique\\\/#\\\/schema\\\/person\\\/9fece45a1cf9f72c0fee2ddb948a50f4\"},\"headline\":\"[PHOTOS] Raonic et Nestor poursuivent \u00e0 domicile\",\"datePublished\":\"2014-08-07T17:49:55+00:00\",\"dateModified\":\"2014-08-10T17:36:46+00:00\",\"mainEntityOfPage\":{\"@id\":\"https:\\\/\\\/preprod.olympic.ca\\\/olympique\\\/2014\\\/08\\\/07\\\/photos-raonic-et-nestor-poursuivent-a-domicile-devant-leurs-fans\\\/\"},\"wordCount\":407,\"commentCount\":0,\"image\":{\"@id\":\"https:\\\/\\\/preprod.olympic.ca\\\/olympique\\\/2014\\\/08\\\/07\\\/photos-raonic-et-nestor-poursuivent-a-domicile-devant-leurs-fans\\\/#primaryimage\"},\"thumbnailUrl\":\"https:\\\/\\\/preprod.olympic.ca\\\/olympique\\\/wp-content\\\/uploads\\\/sites\\\/2\\\/2014\\\/08\\\/nestorcover.jpg?quality=100\",\"keywords\":[\"Coupe Rogers\",\"Daniel Nestor\",\"Milos Raonic\",\"Tennis Canada\"],\"articleSection\":[\"Nouvelles\"],\"inLanguage\":\"fr-FR\",\"potentialAction\":[{\"@type\":\"CommentAction\",\"name\":\"Comment\",\"target\":[\"https:\\\/\\\/preprod.olympic.ca\\\/olympique\\\/2014\\\/08\\\/07\\\/photos-raonic-et-nestor-poursuivent-a-domicile-devant-leurs-fans\\\/#respond\"]}]},{\"@type\":\"WebPage\",\"@id\":\"https:\\\/\\\/preprod.olympic.ca\\\/olympique\\\/2014\\\/08\\\/07\\\/photos-raonic-et-nestor-poursuivent-a-domicile-devant-leurs-fans\\\/\",\"url\":\"https:\\\/\\\/preprod.olympic.ca\\\/olympique\\\/2014\\\/08\\\/07\\\/photos-raonic-et-nestor-poursuivent-a-domicile-devant-leurs-fans\\\/\",\"name\":\"[PHOTOS] Raonic et Nestor poursuivent \u00e0 domicile - \u00c9quipe Canada | Site officiel de l&#039;\u00e9quipe olympique\",\"isPartOf\":{\"@id\":\"https:\\\/\\\/preprod.olympic.ca\\\/olympique\\\/#website\"},\"primaryImageOfPage\":{\"@id\":\"https:\\\/\\\/preprod.olympic.ca\\\/olympique\\\/2014\\\/08\\\/07\\\/photos-raonic-et-nestor-poursuivent-a-domicile-devant-leurs-fans\\\/#primaryimage\"},\"image\":{\"@id\":\"https:\\\/\\\/preprod.olympic.ca\\\/olympique\\\/2014\\\/08\\\/07\\\/photos-raonic-et-nestor-poursuivent-a-domicile-devant-leurs-fans\\\/#primaryimage\"},\"thumbnailUrl\":\"https:\\\/\\\/preprod.olympic.ca\\\/olympique\\\/wp-content\\\/uploads\\\/sites\\\/2\\\/2014\\\/08\\\/nestorcover.jpg?quality=100\",\"datePublished\":\"2014-08-07T17:49:55+00:00\",\"dateModified\":\"2014-08-10T17:36:46+00:00\",\"author\":{\"@id\":\"https:\\\/\\\/preprod.olympic.ca\\\/olympique\\\/#\\\/schema\\\/person\\\/9fece45a1cf9f72c0fee2ddb948a50f4\"},\"inLanguage\":\"fr-FR\",\"potentialAction\":[{\"@type\":\"ReadAction\",\"target\":[\"https:\\\/\\\/preprod.olympic.ca\\\/olympique\\\/2014\\\/08\\\/07\\\/photos-raonic-et-nestor-poursuivent-a-domicile-devant-leurs-fans\\\/\"]}]},{\"@type\":\"ImageObject\",\"inLanguage\":\"fr-FR\",\"@id\":\"https:\\\/\\\/preprod.olympic.ca\\\/olympique\\\/2014\\\/08\\\/07\\\/photos-raonic-et-nestor-poursuivent-a-domicile-devant-leurs-fans\\\/#primaryimage\",\"url\":\"https:\\\/\\\/preprod.olympic.ca\\\/olympique\\\/wp-content\\\/uploads\\\/sites\\\/2\\\/2014\\\/08\\\/nestorcover.jpg?quality=100\",\"contentUrl\":\"https:\\\/\\\/preprod.olympic.ca\\\/olympique\\\/wp-content\\\/uploads\\\/sites\\\/2\\\/2014\\\/08\\\/nestorcover.jpg?quality=100\",\"width\":670,\"height\":377},{\"@type\":\"WebSite\",\"@id\":\"https:\\\/\\\/preprod.olympic.ca\\\/olympique\\\/#website\",\"url\":\"https:\\\/\\\/preprod.olympic.ca\\\/olympique\\\/\",\"name\":\"\u00c9quipe Canada | Site officiel de l&#039;\u00e9quipe olympique\",\"description\":\"Votre source pour l\u2019\u00c9quipe olympique canadienne. Retrouvez les r\u00e9cits, vid\u00e9os et photos des athl\u00e8tes canadiens, sports olympiques, Jeux olympiques de 2020 et bien plus!\",\"potentialAction\":[{\"@type\":\"SearchAction\",\"target\":{\"@type\":\"EntryPoint\",\"urlTemplate\":\"https:\\\/\\\/preprod.olympic.ca\\\/olympique\\\/?s={search_term_string}\"},\"query-input\":{\"@type\":\"PropertyValueSpecification\",\"valueRequired\":true,\"valueName\":\"search_term_string\"}}],\"inLanguage\":\"fr-FR\"},{\"@type\":\"Person\",\"@id\":\"https:\\\/\\\/preprod.olympic.ca\\\/olympique\\\/#\\\/schema\\\/person\\\/9fece45a1cf9f72c0fee2ddb948a50f4\",\"name\":\"Asif Hossain\",\"image\":{\"@type\":\"ImageObject\",\"inLanguage\":\"fr-FR\",\"@id\":\"https:\\\/\\\/secure.gravatar.com\\\/avatar\\\/d78674d61b6b8fcd5488a575ef3fab9b8bed1978cf5bb978adeae1f9411abe4a?s=96&d=identicon&r=g22eff5eea2e28da905f112e9933af68b\",\"url\":\"https:\\\/\\\/secure.gravatar.com\\\/avatar\\\/d78674d61b6b8fcd5488a575ef3fab9b8bed1978cf5bb978adeae1f9411abe4a?s=96&d=identicon&r=g\",\"contentUrl\":\"https:\\\/\\\/secure.gravatar.com\\\/avatar\\\/d78674d61b6b8fcd5488a575ef3fab9b8bed1978cf5bb978adeae1f9411abe4a?s=96&d=identicon&r=g\",\"caption\":\"Asif Hossain\"},\"description\":\"Digital content, marketing and communications manager by trade.\",\"sameAs\":[\"http:\\\/\\\/asifhossain.wordpress.com\"],\"url\":\"https:\\\/\\\/preprod.olympic.ca\\\/olympique\\\/author\\\/asifhossain\\\/\"}]}<\/script>\n<!-- \/ Yoast SEO plugin. -->","yoast_head_json":{"title":"[PHOTOS] Raonic et Nestor poursuivent \u00e0 domicile - \u00c9quipe Canada | Site officiel de l&#039;\u00e9quipe olympique","robots":{"index":"index","follow":"follow","max-snippet":"max-snippet:-1","max-image-preview":"max-image-preview:large","max-video-preview":"max-video-preview:-1"},"canonical":"https:\/\/preprod.olympic.ca\/olympique\/2014\/08\/07\/photos-raonic-et-nestor-poursuivent-a-domicile-devant-leurs-fans\/","og_locale":"fr_FR","og_type":"article","og_title":"[PHOTOS] Raonic et Nestor poursuivent \u00e0 domicile - \u00c9quipe Canada | Site officiel de l&#039;\u00e9quipe olympique","og_description":"Milos Raonic et Daniel Nestor se sont assur\u00e9s que le Canada ne vivrait pas deux journ\u00e9es d\u00e9cevantes d\u2019affil\u00e9e \u00e0 domicile...","og_url":"https:\/\/preprod.olympic.ca\/olympique\/2014\/08\/07\/photos-raonic-et-nestor-poursuivent-a-domicile-devant-leurs-fans\/","og_site_name":"\u00c9quipe Canada | Site officiel de l&#039;\u00e9quipe olympique","article_published_time":"2014-08-07T17:49:55+00:00","article_modified_time":"2014-08-10T17:36:46+00:00","og_image":[{"width":670,"height":377,"url":"https:\/\/preprod.olympic.ca\/olympique\/wp-content\/uploads\/sites\/2\/2014\/08\/nestorcover.jpg?quality=100","type":"image\/jpeg"}],"author":"Asif Hossain","twitter_card":"summary_large_image","twitter_misc":{"Written by":"Asif Hossain","Est. reading time":"2 minutes"},"schema":{"@context":"https:\/\/schema.org","@graph":[{"@type":"Article","@id":"https:\/\/preprod.olympic.ca\/olympique\/2014\/08\/07\/photos-raonic-et-nestor-poursuivent-a-domicile-devant-leurs-fans\/#article","isPartOf":{"@id":"https:\/\/preprod.olympic.ca\/olympique\/2014\/08\/07\/photos-raonic-et-nestor-poursuivent-a-domicile-devant-leurs-fans\/"},"author":{"name":"Asif Hossain","@id":"https:\/\/preprod.olympic.ca\/olympique\/#\/schema\/person\/9fece45a1cf9f72c0fee2ddb948a50f4"},"headline":"[PHOTOS] Raonic et Nestor poursuivent \u00e0 domicile","datePublished":"2014-08-07T17:49:55+00:00","dateModified":"2014-08-10T17:36:46+00:00","mainEntityOfPage":{"@id":"https:\/\/preprod.olympic.ca\/olympique\/2014\/08\/07\/photos-raonic-et-nestor-poursuivent-a-domicile-devant-leurs-fans\/"},"wordCount":407,"commentCount":0,"image":{"@id":"https:\/\/preprod.olympic.ca\/olympique\/2014\/08\/07\/photos-raonic-et-nestor-poursuivent-a-domicile-devant-leurs-fans\/#primaryimage"},"thumbnailUrl":"https:\/\/preprod.olympic.ca\/olympique\/wp-content\/uploads\/sites\/2\/2014\/08\/nestorcover.jpg?quality=100","keywords":["Coupe Rogers","Daniel Nestor","Milos Raonic","Tennis Canada"],"articleSection":["Nouvelles"],"inLanguage":"fr-FR","potentialAction":[{"@type":"CommentAction","name":"Comment","target":["https:\/\/preprod.olympic.ca\/olympique\/2014\/08\/07\/photos-raonic-et-nestor-poursuivent-a-domicile-devant-leurs-fans\/#respond"]}]},{"@type":"WebPage","@id":"https:\/\/preprod.olympic.ca\/olympique\/2014\/08\/07\/photos-raonic-et-nestor-poursuivent-a-domicile-devant-leurs-fans\/","url":"https:\/\/preprod.olympic.ca\/olympique\/2014\/08\/07\/photos-raonic-et-nestor-poursuivent-a-domicile-devant-leurs-fans\/","name":"[PHOTOS] Raonic et Nestor poursuivent \u00e0 domicile - \u00c9quipe Canada | Site officiel de l&#039;\u00e9quipe olympique","isPartOf":{"@id":"https:\/\/preprod.olympic.ca\/olympique\/#website"},"primaryImageOfPage":{"@id":"https:\/\/preprod.olympic.ca\/olympique\/2014\/08\/07\/photos-raonic-et-nestor-poursuivent-a-domicile-devant-leurs-fans\/#primaryimage"},"image":{"@id":"https:\/\/preprod.olympic.ca\/olympique\/2014\/08\/07\/photos-raonic-et-nestor-poursuivent-a-domicile-devant-leurs-fans\/#primaryimage"},"thumbnailUrl":"https:\/\/preprod.olympic.ca\/olympique\/wp-content\/uploads\/sites\/2\/2014\/08\/nestorcover.jpg?quality=100","datePublished":"2014-08-07T17:49:55+00:00","dateModified":"2014-08-10T17:36:46+00:00","author":{"@id":"https:\/\/preprod.olympic.ca\/olympique\/#\/schema\/person\/9fece45a1cf9f72c0fee2ddb948a50f4"},"inLanguage":"fr-FR","potentialAction":[{"@type":"ReadAction","target":["https:\/\/preprod.olympic.ca\/olympique\/2014\/08\/07\/photos-raonic-et-nestor-poursuivent-a-domicile-devant-leurs-fans\/"]}]},{"@type":"ImageObject","inLanguage":"fr-FR","@id":"https:\/\/preprod.olympic.ca\/olympique\/2014\/08\/07\/photos-raonic-et-nestor-poursuivent-a-domicile-devant-leurs-fans\/#primaryimage","url":"https:\/\/preprod.olympic.ca\/olympique\/wp-content\/uploads\/sites\/2\/2014\/08\/nestorcover.jpg?quality=100","contentUrl":"https:\/\/preprod.olympic.ca\/olympique\/wp-content\/uploads\/sites\/2\/2014\/08\/nestorcover.jpg?quality=100","width":670,"height":377},{"@type":"WebSite","@id":"https:\/\/preprod.olympic.ca\/olympique\/#website","url":"https:\/\/preprod.olympic.ca\/olympique\/","name":"\u00c9quipe Canada | Site officiel de l&#039;\u00e9quipe olympique","description":"Votre source pour l\u2019\u00c9quipe olympique canadienne. Retrouvez les r\u00e9cits, vid\u00e9os et photos des athl\u00e8tes canadiens, sports olympiques, Jeux olympiques de 2020 et bien plus!","potentialAction":[{"@type":"SearchAction","target":{"@type":"EntryPoint","urlTemplate":"https:\/\/preprod.olympic.ca\/olympique\/?s={search_term_string}"},"query-input":{"@type":"PropertyValueSpecification","valueRequired":true,"valueName":"search_term_string"}}],"inLanguage":"fr-FR"},{"@type":"Person","@id":"https:\/\/preprod.olympic.ca\/olympique\/#\/schema\/person\/9fece45a1cf9f72c0fee2ddb948a50f4","name":"Asif Hossain","image":{"@type":"ImageObject","inLanguage":"fr-FR","@id":"https:\/\/secure.gravatar.com\/avatar\/d78674d61b6b8fcd5488a575ef3fab9b8bed1978cf5bb978adeae1f9411abe4a?s=96&d=identicon&r=g22eff5eea2e28da905f112e9933af68b","url":"https:\/\/secure.gravatar.com\/avatar\/d78674d61b6b8fcd5488a575ef3fab9b8bed1978cf5bb978adeae1f9411abe4a?s=96&d=identicon&r=g","contentUrl":"https:\/\/secure.gravatar.com\/avatar\/d78674d61b6b8fcd5488a575ef3fab9b8bed1978cf5bb978adeae1f9411abe4a?s=96&d=identicon&r=g","caption":"Asif Hossain"},"description":"Digital content, marketing and communications manager by trade.","sameAs":["http:\/\/asifhossain.wordpress.com"],"url":"https:\/\/preprod.olympic.ca\/olympique\/author\/asifhossain\/"}]}},"jetpack_featured_media_url":"https:\/\/preprod.olympic.ca\/olympique\/wp-content\/uploads\/sites\/2\/2014\/08\/nestorcover.jpg?quality=100","featured_image_url":"https:\/\/preprod.olympic.ca\/olympique\/wp-content\/uploads\/sites\/2\/2014\/08\/nestorcover.jpg?quality=100","author_name":["Asif Hossain"],"category_names":["Nouvelles"],"tag_names":["Coupe Rogers","Daniel Nestor","Milos Raonic","Tennis Canada"],"video_embed_code":"","facebook_video_embed_code":"","jetpack_sharing_enabled":true,"jetpack-related-posts":[],"jetpack_shortlink":"https:\/\/wp.me\/pcGHcP-p1H","_links":{"self":[{"href":"https:\/\/preprod.olympic.ca\/olympique\/wp-json\/wp\/v2\/posts\/96205","targetHints":{"allow":["GET"]}}],"collection":[{"href":"https:\/\/preprod.olympic.ca\/olympique\/wp-json\/wp\/v2\/posts"}],"about":[{"href":"https:\/\/preprod.olympic.ca\/olympique\/wp-json\/wp\/v2\/types\/post"}],"author":[{"embeddable":true,"href":"https:\/\/preprod.olympic.ca\/olympique\/wp-json\/wp\/v2\/users\/10774097"}],"replies":[{"embeddable":true,"href":"https:\/\/preprod.olympic.ca\/olympique\/wp-json\/wp\/v2\/comments?post=96205"}],"version-history":[{"count":2,"href":"https:\/\/preprod.olympic.ca\/olympique\/wp-json\/wp\/v2\/posts\/96205\/revisions"}],"predecessor-version":[{"id":96216,"href":"https:\/\/preprod.olympic.ca\/olympique\/wp-json\/wp\/v2\/posts\/96205\/revisions\/96216"}],"wp:featuredmedia":[{"embeddable":true,"href":"https:\/\/preprod.olympic.ca\/olympique\/wp-json\/wp\/v2\/media\/96206"}],"wp:attachment":[{"href":"https:\/\/preprod.olympic.ca\/olympique\/wp-json\/wp\/v2\/media?parent=96205"}],"wp:term":[{"taxonomy":"category","embeddable":true,"href":"https:\/\/preprod.olympic.ca\/olympique\/wp-json\/wp\/v2\/categories?post=96205"},{"taxonomy":"post_tag","embeddable":true,"href":"https:\/\/preprod.olympic.ca\/olympique\/wp-json\/wp\/v2\/tags?post=96205"},{"taxonomy":"post_format","embeddable":true,"href":"https:\/\/preprod.olympic.ca\/olympique\/wp-json\/wp\/v2\/post_format?post=96205"},{"taxonomy":"sport","embeddable":true,"href":"https:\/\/preprod.olympic.ca\/olympique\/wp-json\/wp\/v2\/sport?post=96205"},{"taxonomy":"game","embeddable":true,"href":"https:\/\/preprod.olympic.ca\/olympique\/wp-json\/wp\/v2\/game?post=96205"},{"taxonomy":"author","embeddable":true,"href":"https:\/\/preprod.olympic.ca\/olympique\/wp-json\/wp\/v2\/coauthors?post=96205"}],"curies":[{"name":"wp","href":"https:\/\/api.w.org\/{rel}","templated":true}]}}