{"id":97530,"date":"2014-11-06T16:00:40","date_gmt":"2014-11-06T21:00:40","guid":{"rendered":"http:\/\/olympique.ca\/?p=97530"},"modified":"2014-11-13T12:53:22","modified_gmt":"2014-11-13T17:53:22","slug":"daniel-nestor-et-milos-raonic-en-route-vers-les-finales-de-latp","status":"publish","type":"post","link":"https:\/\/preprod.olympic.ca\/olympique\/2014\/11\/06\/daniel-nestor-et-milos-raonic-en-route-vers-les-finales-de-latp\/","title":{"rendered":"Daniel Nestor et Milos Raonic en route vers les Finales de l&rsquo;ATP"},"content":{"rendered":"<h1>Les Finales de l&rsquo;ATP se d\u00e9rouleront la semaine prochaine \u00e0 Londres et le Canada y sera bien repr\u00e9sent\u00e9.<\/h1>\n<p>En simple, <a title=\"Milos Raonic\" href=\"http:\/\/olympique.ca\/team-canada\/milos-raonic\/\">Milos Raonic<\/a> s&rsquo;est qualifi\u00e9 de mani\u00e8re dramatique en arrachant une premi\u00e8re victoire en carri\u00e8re \u00e0 Roger Federer lors des quarts de finale du Masters de Paris. Raonic s&rsquo;est rendu jusqu&rsquo;en finale avant de s&rsquo;incliner face au num\u00e9ro 1 mondial Novak Djokovic.<\/p>\n<div id=\"attachment_108897\" style=\"width: 1350px\" class=\"wp-caption aligncenter\"><a href=\"https:\/\/cdnolympic.files.wordpress.com\/2014\/11\/djokovic.jpg?quality=100\"><img loading=\"lazy\" decoding=\"async\" aria-describedby=\"caption-attachment-108897\" class=\"wp-image-108897 size-full\" src=\"https:\/\/cdnolympic.files.wordpress.com\/2014\/11\/djokovic.jpg?quality=100\" alt=\"\" width=\"1340\" height=\"1000\" \/><\/a><p id=\"caption-attachment-108897\" class=\"wp-caption-text\"><strong>Novak Djokovic &#8211; champion du Master de Paris 2014<\/strong><\/p><\/div>\n<p>Le Canadien <a title=\"Daniel Nestor\" href=\"http:\/\/olympique.ca\/team-canada\/daniel-nestor\/\">Daniel Nestor<\/a> retrouvera son partenaire Nenad Zimonjic en qu\u00eate du titre en double \u00e0 Londres. Vasek Pospisil n&rsquo;a pu se qualifier malgr\u00e9 sa victoire en double \u00e0 Wimbledon en compagnie de Jack Sock.<\/p>\n<p>Les participants sont divis\u00e9s en deux groupes de quatre pour ce tournoi \u00e0 la ronde. Chaque joueur et \u00e9quipe de double est assur\u00e9 de disputer trois matchs. Les deux meilleurs de chaque groupe passeront en demi-finale.<\/p>\n<h2>Les Finales ATP<\/h2>\n<p><strong>Le tournoi<br \/>\n<\/strong><\/p>\n<p>Seul les huit meilleurs joueurs et \u00e9quipes en double au monde sont invit\u00e9s au tournoi de fin de saison. Au total, les athl\u00e8tes pr\u00e9sents se partageront une bourse de 6,5 millions (U.S.).<\/p>\n<p><strong>Date et emplacement<br \/>\n<\/strong><\/p>\n<p>Le tournoi aura lieu du 9 au 16 novembre \u00e0 Londres en Angleterre sur surface dure \u00e0 l&rsquo;ar\u00e9na O2.<\/p>\n<div id=\"attachment_108898\" style=\"width: 650px\" class=\"wp-caption aligncenter\"><a href=\"https:\/\/cdnolympic.files.wordpress.com\/2014\/11\/o2.jpg?quality=100\"><img loading=\"lazy\" decoding=\"async\" aria-describedby=\"caption-attachment-108898\" class=\"size-full wp-image-108898\" src=\"https:\/\/cdnolympic.files.wordpress.com\/2014\/11\/o2.jpg?quality=100\" alt=\"O2 Arena in London, England (photo: Wikimedia Commons).\" width=\"640\" height=\"360\" \/><\/a><p id=\"caption-attachment-108898\" class=\"wp-caption-text\">L&rsquo;ar\u00e9na O2 \u00e0 Londres (photo: Wikimedia Commons).<\/p><\/div>\n<p><strong>Diffusion<br \/>\n<\/strong><\/p>\n<p>RDS assurera la t\u00e9l\u00e9diffusion &#8211; <a href=\"http:\/\/www.rds.ca\/t%C3%A9l%C3%A9\/horaire?sport=Tennis\">horaire<\/a><\/p>\n<p><strong>Les Canadiens \u00e0 suivre<br \/>\n<\/strong><\/p>\n<p>Milos Raonic affrontera Roger Federer en lever de rideau. Le Japonais Kei Nishikori et le favori local Andy Murray compl\u00e8tent le groupe.<\/p>\n<p>Daniel Nestor et son partenaire Serbe Nenad Zimonjic \u00e9volueront dans un groupe comprenant le duo fran\u00e7ais de Julien Benneteau et \u00c9douard Roger-Vasselin, celui des Espagnols Marcel Granollers et Marc Lopez, ainsi que la paire form\u00e9e du Croate Ivan Dodig et du Br\u00e9silien Marcelo Melo. Ces derniers feront face \u00e0 la paire canadienne qui amorcera son tournoi dimanche.<\/p>\n<p><strong>Champions en titre<br \/>\n<\/strong><\/p>\n<p>Simple: Novak Djokovic<\/p>\n<p>Double: David Marrero et Fernando Verdasco<\/p>\n<p><strong>Absent<br \/>\n<\/strong><\/p>\n<p>Rafael Nadal a d\u00e9clar\u00e9 forfait en raison de blessures.<\/p>\n","protected":false},"excerpt":{"rendered":"<p>Les Finales de l&rsquo;ATP se d\u00e9rouleront la semaine prochaine \u00e0 Londres et le Canada y sera bien repr\u00e9sent\u00e9. En simple,&#8230;<\/p>\n","protected":false},"author":10774097,"featured_media":97533,"comment_status":"open","ping_status":"closed","sticky":false,"template":"","format":"standard","meta":{"_acf_changed":false,"_jetpack_memberships_contains_paid_content":false,"footnotes":""},"categories":[16085],"tags":[],"post_format":"standard","sport":[1999],"game":[],"coauthors":[197553292],"class_list":["post-97530","post","type-post","status-publish","format-standard","has-post-thumbnail","hentry","category-nouvelles","sport-tennis"],"acf":[],"yoast_head":"<!-- This site is optimized with the Yoast SEO plugin v27.3 - https:\/\/yoast.com\/product\/yoast-seo-wordpress\/ -->\n<title>Daniel Nestor et Milos Raonic en route vers les Finales de l&#039;ATP - \u00c9quipe Canada | Site officiel de l&#039;\u00e9quipe olympique<\/title>\n<meta name=\"robots\" content=\"index, follow, max-snippet:-1, max-image-preview:large, max-video-preview:-1\" \/>\n<link rel=\"canonical\" href=\"https:\/\/preprod.olympic.ca\/olympique\/2014\/11\/06\/daniel-nestor-et-milos-raonic-en-route-vers-les-finales-de-latp\/\" \/>\n<meta property=\"og:locale\" content=\"fr_FR\" \/>\n<meta property=\"og:type\" content=\"article\" \/>\n<meta property=\"og:title\" content=\"Daniel Nestor et Milos Raonic en route vers les Finales de l&#039;ATP - \u00c9quipe Canada | Site officiel de l&#039;\u00e9quipe olympique\" \/>\n<meta property=\"og:description\" content=\"Les Finales de l&rsquo;ATP se d\u00e9rouleront la semaine prochaine \u00e0 Londres et le Canada y sera bien repr\u00e9sent\u00e9. En simple,...\" \/>\n<meta property=\"og:url\" content=\"https:\/\/preprod.olympic.ca\/olympique\/2014\/11\/06\/daniel-nestor-et-milos-raonic-en-route-vers-les-finales-de-latp\/\" \/>\n<meta property=\"og:site_name\" content=\"\u00c9quipe Canada | Site officiel de l&#039;\u00e9quipe olympique\" \/>\n<meta property=\"article:published_time\" content=\"2014-11-06T21:00:40+00:00\" \/>\n<meta property=\"article:modified_time\" content=\"2014-11-13T17:53:22+00:00\" \/>\n<meta property=\"og:image\" content=\"https:\/\/preprod.olympic.ca\/olympique\/wp-content\/uploads\/sites\/2\/2014\/11\/boys.jpg?quality=100\" \/>\n\t<meta property=\"og:image:width\" content=\"670\" \/>\n\t<meta property=\"og:image:height\" content=\"377\" \/>\n\t<meta property=\"og:image:type\" content=\"image\/jpeg\" \/>\n<meta name=\"author\" content=\"Asif Hossain\" \/>\n<meta name=\"twitter:card\" content=\"summary_large_image\" \/>\n<meta name=\"twitter:label1\" content=\"Written by\" \/>\n\t<meta name=\"twitter:data1\" content=\"Asif Hossain\" \/>\n\t<meta name=\"twitter:label2\" content=\"Est. reading time\" \/>\n\t<meta name=\"twitter:data2\" content=\"2 minutes\" \/>\n<script type=\"application\/ld+json\" class=\"yoast-schema-graph\">{\"@context\":\"https:\\\/\\\/schema.org\",\"@graph\":[{\"@type\":\"Article\",\"@id\":\"https:\\\/\\\/preprod.olympic.ca\\\/olympique\\\/2014\\\/11\\\/06\\\/daniel-nestor-et-milos-raonic-en-route-vers-les-finales-de-latp\\\/#article\",\"isPartOf\":{\"@id\":\"https:\\\/\\\/preprod.olympic.ca\\\/olympique\\\/2014\\\/11\\\/06\\\/daniel-nestor-et-milos-raonic-en-route-vers-les-finales-de-latp\\\/\"},\"author\":{\"name\":\"Asif Hossain\",\"@id\":\"https:\\\/\\\/preprod.olympic.ca\\\/olympique\\\/#\\\/schema\\\/person\\\/9fece45a1cf9f72c0fee2ddb948a50f4\"},\"headline\":\"Daniel Nestor et Milos Raonic en route vers les Finales de l&rsquo;ATP\",\"datePublished\":\"2014-11-06T21:00:40+00:00\",\"dateModified\":\"2014-11-13T17:53:22+00:00\",\"mainEntityOfPage\":{\"@id\":\"https:\\\/\\\/preprod.olympic.ca\\\/olympique\\\/2014\\\/11\\\/06\\\/daniel-nestor-et-milos-raonic-en-route-vers-les-finales-de-latp\\\/\"},\"wordCount\":360,\"commentCount\":0,\"image\":{\"@id\":\"https:\\\/\\\/preprod.olympic.ca\\\/olympique\\\/2014\\\/11\\\/06\\\/daniel-nestor-et-milos-raonic-en-route-vers-les-finales-de-latp\\\/#primaryimage\"},\"thumbnailUrl\":\"https:\\\/\\\/preprod.olympic.ca\\\/olympique\\\/wp-content\\\/uploads\\\/sites\\\/2\\\/2014\\\/11\\\/boys.jpg?quality=100\",\"articleSection\":[\"Nouvelles\"],\"inLanguage\":\"fr-FR\",\"potentialAction\":[{\"@type\":\"CommentAction\",\"name\":\"Comment\",\"target\":[\"https:\\\/\\\/preprod.olympic.ca\\\/olympique\\\/2014\\\/11\\\/06\\\/daniel-nestor-et-milos-raonic-en-route-vers-les-finales-de-latp\\\/#respond\"]}]},{\"@type\":\"WebPage\",\"@id\":\"https:\\\/\\\/preprod.olympic.ca\\\/olympique\\\/2014\\\/11\\\/06\\\/daniel-nestor-et-milos-raonic-en-route-vers-les-finales-de-latp\\\/\",\"url\":\"https:\\\/\\\/preprod.olympic.ca\\\/olympique\\\/2014\\\/11\\\/06\\\/daniel-nestor-et-milos-raonic-en-route-vers-les-finales-de-latp\\\/\",\"name\":\"Daniel Nestor et Milos Raonic en route vers les Finales de l'ATP - \u00c9quipe Canada | Site officiel de l&#039;\u00e9quipe olympique\",\"isPartOf\":{\"@id\":\"https:\\\/\\\/preprod.olympic.ca\\\/olympique\\\/#website\"},\"primaryImageOfPage\":{\"@id\":\"https:\\\/\\\/preprod.olympic.ca\\\/olympique\\\/2014\\\/11\\\/06\\\/daniel-nestor-et-milos-raonic-en-route-vers-les-finales-de-latp\\\/#primaryimage\"},\"image\":{\"@id\":\"https:\\\/\\\/preprod.olympic.ca\\\/olympique\\\/2014\\\/11\\\/06\\\/daniel-nestor-et-milos-raonic-en-route-vers-les-finales-de-latp\\\/#primaryimage\"},\"thumbnailUrl\":\"https:\\\/\\\/preprod.olympic.ca\\\/olympique\\\/wp-content\\\/uploads\\\/sites\\\/2\\\/2014\\\/11\\\/boys.jpg?quality=100\",\"datePublished\":\"2014-11-06T21:00:40+00:00\",\"dateModified\":\"2014-11-13T17:53:22+00:00\",\"author\":{\"@id\":\"https:\\\/\\\/preprod.olympic.ca\\\/olympique\\\/#\\\/schema\\\/person\\\/9fece45a1cf9f72c0fee2ddb948a50f4\"},\"inLanguage\":\"fr-FR\",\"potentialAction\":[{\"@type\":\"ReadAction\",\"target\":[\"https:\\\/\\\/preprod.olympic.ca\\\/olympique\\\/2014\\\/11\\\/06\\\/daniel-nestor-et-milos-raonic-en-route-vers-les-finales-de-latp\\\/\"]}]},{\"@type\":\"ImageObject\",\"inLanguage\":\"fr-FR\",\"@id\":\"https:\\\/\\\/preprod.olympic.ca\\\/olympique\\\/2014\\\/11\\\/06\\\/daniel-nestor-et-milos-raonic-en-route-vers-les-finales-de-latp\\\/#primaryimage\",\"url\":\"https:\\\/\\\/preprod.olympic.ca\\\/olympique\\\/wp-content\\\/uploads\\\/sites\\\/2\\\/2014\\\/11\\\/boys.jpg?quality=100\",\"contentUrl\":\"https:\\\/\\\/preprod.olympic.ca\\\/olympique\\\/wp-content\\\/uploads\\\/sites\\\/2\\\/2014\\\/11\\\/boys.jpg?quality=100\",\"width\":670,\"height\":377},{\"@type\":\"WebSite\",\"@id\":\"https:\\\/\\\/preprod.olympic.ca\\\/olympique\\\/#website\",\"url\":\"https:\\\/\\\/preprod.olympic.ca\\\/olympique\\\/\",\"name\":\"\u00c9quipe Canada | Site officiel de l&#039;\u00e9quipe olympique\",\"description\":\"Votre source pour l\u2019\u00c9quipe olympique canadienne. Retrouvez les r\u00e9cits, vid\u00e9os et photos des athl\u00e8tes canadiens, sports olympiques, Jeux olympiques de 2020 et bien plus!\",\"potentialAction\":[{\"@type\":\"SearchAction\",\"target\":{\"@type\":\"EntryPoint\",\"urlTemplate\":\"https:\\\/\\\/preprod.olympic.ca\\\/olympique\\\/?s={search_term_string}\"},\"query-input\":{\"@type\":\"PropertyValueSpecification\",\"valueRequired\":true,\"valueName\":\"search_term_string\"}}],\"inLanguage\":\"fr-FR\"},{\"@type\":\"Person\",\"@id\":\"https:\\\/\\\/preprod.olympic.ca\\\/olympique\\\/#\\\/schema\\\/person\\\/9fece45a1cf9f72c0fee2ddb948a50f4\",\"name\":\"Asif Hossain\",\"image\":{\"@type\":\"ImageObject\",\"inLanguage\":\"fr-FR\",\"@id\":\"https:\\\/\\\/secure.gravatar.com\\\/avatar\\\/d78674d61b6b8fcd5488a575ef3fab9b8bed1978cf5bb978adeae1f9411abe4a?s=96&d=identicon&r=g22eff5eea2e28da905f112e9933af68b\",\"url\":\"https:\\\/\\\/secure.gravatar.com\\\/avatar\\\/d78674d61b6b8fcd5488a575ef3fab9b8bed1978cf5bb978adeae1f9411abe4a?s=96&d=identicon&r=g\",\"contentUrl\":\"https:\\\/\\\/secure.gravatar.com\\\/avatar\\\/d78674d61b6b8fcd5488a575ef3fab9b8bed1978cf5bb978adeae1f9411abe4a?s=96&d=identicon&r=g\",\"caption\":\"Asif Hossain\"},\"description\":\"Digital content, marketing and communications manager by trade.\",\"sameAs\":[\"http:\\\/\\\/asifhossain.wordpress.com\"],\"url\":\"https:\\\/\\\/preprod.olympic.ca\\\/olympique\\\/author\\\/asifhossain\\\/\"}]}<\/script>\n<!-- \/ Yoast SEO plugin. -->","yoast_head_json":{"title":"Daniel Nestor et Milos Raonic en route vers les Finales de l'ATP - \u00c9quipe Canada | Site officiel de l&#039;\u00e9quipe olympique","robots":{"index":"index","follow":"follow","max-snippet":"max-snippet:-1","max-image-preview":"max-image-preview:large","max-video-preview":"max-video-preview:-1"},"canonical":"https:\/\/preprod.olympic.ca\/olympique\/2014\/11\/06\/daniel-nestor-et-milos-raonic-en-route-vers-les-finales-de-latp\/","og_locale":"fr_FR","og_type":"article","og_title":"Daniel Nestor et Milos Raonic en route vers les Finales de l'ATP - \u00c9quipe Canada | Site officiel de l&#039;\u00e9quipe olympique","og_description":"Les Finales de l&rsquo;ATP se d\u00e9rouleront la semaine prochaine \u00e0 Londres et le Canada y sera bien repr\u00e9sent\u00e9. En simple,...","og_url":"https:\/\/preprod.olympic.ca\/olympique\/2014\/11\/06\/daniel-nestor-et-milos-raonic-en-route-vers-les-finales-de-latp\/","og_site_name":"\u00c9quipe Canada | Site officiel de l&#039;\u00e9quipe olympique","article_published_time":"2014-11-06T21:00:40+00:00","article_modified_time":"2014-11-13T17:53:22+00:00","og_image":[{"width":670,"height":377,"url":"https:\/\/preprod.olympic.ca\/olympique\/wp-content\/uploads\/sites\/2\/2014\/11\/boys.jpg?quality=100","type":"image\/jpeg"}],"author":"Asif Hossain","twitter_card":"summary_large_image","twitter_misc":{"Written by":"Asif Hossain","Est. reading time":"2 minutes"},"schema":{"@context":"https:\/\/schema.org","@graph":[{"@type":"Article","@id":"https:\/\/preprod.olympic.ca\/olympique\/2014\/11\/06\/daniel-nestor-et-milos-raonic-en-route-vers-les-finales-de-latp\/#article","isPartOf":{"@id":"https:\/\/preprod.olympic.ca\/olympique\/2014\/11\/06\/daniel-nestor-et-milos-raonic-en-route-vers-les-finales-de-latp\/"},"author":{"name":"Asif Hossain","@id":"https:\/\/preprod.olympic.ca\/olympique\/#\/schema\/person\/9fece45a1cf9f72c0fee2ddb948a50f4"},"headline":"Daniel Nestor et Milos Raonic en route vers les Finales de l&rsquo;ATP","datePublished":"2014-11-06T21:00:40+00:00","dateModified":"2014-11-13T17:53:22+00:00","mainEntityOfPage":{"@id":"https:\/\/preprod.olympic.ca\/olympique\/2014\/11\/06\/daniel-nestor-et-milos-raonic-en-route-vers-les-finales-de-latp\/"},"wordCount":360,"commentCount":0,"image":{"@id":"https:\/\/preprod.olympic.ca\/olympique\/2014\/11\/06\/daniel-nestor-et-milos-raonic-en-route-vers-les-finales-de-latp\/#primaryimage"},"thumbnailUrl":"https:\/\/preprod.olympic.ca\/olympique\/wp-content\/uploads\/sites\/2\/2014\/11\/boys.jpg?quality=100","articleSection":["Nouvelles"],"inLanguage":"fr-FR","potentialAction":[{"@type":"CommentAction","name":"Comment","target":["https:\/\/preprod.olympic.ca\/olympique\/2014\/11\/06\/daniel-nestor-et-milos-raonic-en-route-vers-les-finales-de-latp\/#respond"]}]},{"@type":"WebPage","@id":"https:\/\/preprod.olympic.ca\/olympique\/2014\/11\/06\/daniel-nestor-et-milos-raonic-en-route-vers-les-finales-de-latp\/","url":"https:\/\/preprod.olympic.ca\/olympique\/2014\/11\/06\/daniel-nestor-et-milos-raonic-en-route-vers-les-finales-de-latp\/","name":"Daniel Nestor et Milos Raonic en route vers les Finales de l'ATP - \u00c9quipe Canada | Site officiel de l&#039;\u00e9quipe olympique","isPartOf":{"@id":"https:\/\/preprod.olympic.ca\/olympique\/#website"},"primaryImageOfPage":{"@id":"https:\/\/preprod.olympic.ca\/olympique\/2014\/11\/06\/daniel-nestor-et-milos-raonic-en-route-vers-les-finales-de-latp\/#primaryimage"},"image":{"@id":"https:\/\/preprod.olympic.ca\/olympique\/2014\/11\/06\/daniel-nestor-et-milos-raonic-en-route-vers-les-finales-de-latp\/#primaryimage"},"thumbnailUrl":"https:\/\/preprod.olympic.ca\/olympique\/wp-content\/uploads\/sites\/2\/2014\/11\/boys.jpg?quality=100","datePublished":"2014-11-06T21:00:40+00:00","dateModified":"2014-11-13T17:53:22+00:00","author":{"@id":"https:\/\/preprod.olympic.ca\/olympique\/#\/schema\/person\/9fece45a1cf9f72c0fee2ddb948a50f4"},"inLanguage":"fr-FR","potentialAction":[{"@type":"ReadAction","target":["https:\/\/preprod.olympic.ca\/olympique\/2014\/11\/06\/daniel-nestor-et-milos-raonic-en-route-vers-les-finales-de-latp\/"]}]},{"@type":"ImageObject","inLanguage":"fr-FR","@id":"https:\/\/preprod.olympic.ca\/olympique\/2014\/11\/06\/daniel-nestor-et-milos-raonic-en-route-vers-les-finales-de-latp\/#primaryimage","url":"https:\/\/preprod.olympic.ca\/olympique\/wp-content\/uploads\/sites\/2\/2014\/11\/boys.jpg?quality=100","contentUrl":"https:\/\/preprod.olympic.ca\/olympique\/wp-content\/uploads\/sites\/2\/2014\/11\/boys.jpg?quality=100","width":670,"height":377},{"@type":"WebSite","@id":"https:\/\/preprod.olympic.ca\/olympique\/#website","url":"https:\/\/preprod.olympic.ca\/olympique\/","name":"\u00c9quipe Canada | Site officiel de l&#039;\u00e9quipe olympique","description":"Votre source pour l\u2019\u00c9quipe olympique canadienne. Retrouvez les r\u00e9cits, vid\u00e9os et photos des athl\u00e8tes canadiens, sports olympiques, Jeux olympiques de 2020 et bien plus!","potentialAction":[{"@type":"SearchAction","target":{"@type":"EntryPoint","urlTemplate":"https:\/\/preprod.olympic.ca\/olympique\/?s={search_term_string}"},"query-input":{"@type":"PropertyValueSpecification","valueRequired":true,"valueName":"search_term_string"}}],"inLanguage":"fr-FR"},{"@type":"Person","@id":"https:\/\/preprod.olympic.ca\/olympique\/#\/schema\/person\/9fece45a1cf9f72c0fee2ddb948a50f4","name":"Asif Hossain","image":{"@type":"ImageObject","inLanguage":"fr-FR","@id":"https:\/\/secure.gravatar.com\/avatar\/d78674d61b6b8fcd5488a575ef3fab9b8bed1978cf5bb978adeae1f9411abe4a?s=96&d=identicon&r=g22eff5eea2e28da905f112e9933af68b","url":"https:\/\/secure.gravatar.com\/avatar\/d78674d61b6b8fcd5488a575ef3fab9b8bed1978cf5bb978adeae1f9411abe4a?s=96&d=identicon&r=g","contentUrl":"https:\/\/secure.gravatar.com\/avatar\/d78674d61b6b8fcd5488a575ef3fab9b8bed1978cf5bb978adeae1f9411abe4a?s=96&d=identicon&r=g","caption":"Asif Hossain"},"description":"Digital content, marketing and communications manager by trade.","sameAs":["http:\/\/asifhossain.wordpress.com"],"url":"https:\/\/preprod.olympic.ca\/olympique\/author\/asifhossain\/"}]}},"jetpack_featured_media_url":"https:\/\/preprod.olympic.ca\/olympique\/wp-content\/uploads\/sites\/2\/2014\/11\/boys.jpg?quality=100","featured_image_url":"https:\/\/preprod.olympic.ca\/olympique\/wp-content\/uploads\/sites\/2\/2014\/11\/boys.jpg?quality=100","author_name":["Asif Hossain"],"category_names":["Nouvelles"],"tag_names":[],"video_embed_code":"","facebook_video_embed_code":"","jetpack_sharing_enabled":true,"jetpack-related-posts":[],"jetpack_shortlink":"https:\/\/wp.me\/pcGHcP-pn4","_links":{"self":[{"href":"https:\/\/preprod.olympic.ca\/olympique\/wp-json\/wp\/v2\/posts\/97530","targetHints":{"allow":["GET"]}}],"collection":[{"href":"https:\/\/preprod.olympic.ca\/olympique\/wp-json\/wp\/v2\/posts"}],"about":[{"href":"https:\/\/preprod.olympic.ca\/olympique\/wp-json\/wp\/v2\/types\/post"}],"author":[{"embeddable":true,"href":"https:\/\/preprod.olympic.ca\/olympique\/wp-json\/wp\/v2\/users\/10774097"}],"replies":[{"embeddable":true,"href":"https:\/\/preprod.olympic.ca\/olympique\/wp-json\/wp\/v2\/comments?post=97530"}],"version-history":[{"count":4,"href":"https:\/\/preprod.olympic.ca\/olympique\/wp-json\/wp\/v2\/posts\/97530\/revisions"}],"predecessor-version":[{"id":97536,"href":"https:\/\/preprod.olympic.ca\/olympique\/wp-json\/wp\/v2\/posts\/97530\/revisions\/97536"}],"wp:featuredmedia":[{"embeddable":true,"href":"https:\/\/preprod.olympic.ca\/olympique\/wp-json\/wp\/v2\/media\/97533"}],"wp:attachment":[{"href":"https:\/\/preprod.olympic.ca\/olympique\/wp-json\/wp\/v2\/media?parent=97530"}],"wp:term":[{"taxonomy":"category","embeddable":true,"href":"https:\/\/preprod.olympic.ca\/olympique\/wp-json\/wp\/v2\/categories?post=97530"},{"taxonomy":"post_tag","embeddable":true,"href":"https:\/\/preprod.olympic.ca\/olympique\/wp-json\/wp\/v2\/tags?post=97530"},{"taxonomy":"post_format","embeddable":true,"href":"https:\/\/preprod.olympic.ca\/olympique\/wp-json\/wp\/v2\/post_format?post=97530"},{"taxonomy":"sport","embeddable":true,"href":"https:\/\/preprod.olympic.ca\/olympique\/wp-json\/wp\/v2\/sport?post=97530"},{"taxonomy":"game","embeddable":true,"href":"https:\/\/preprod.olympic.ca\/olympique\/wp-json\/wp\/v2\/game?post=97530"},{"taxonomy":"author","embeddable":true,"href":"https:\/\/preprod.olympic.ca\/olympique\/wp-json\/wp\/v2\/coauthors?post=97530"}],"curies":[{"name":"wp","href":"https:\/\/api.w.org\/{rel}","templated":true}]}}