{"id":98398,"date":"2014-12-22T18:10:26","date_gmt":"2014-12-22T23:10:26","guid":{"rendered":"http:\/\/olympique.ca\/?p=98398"},"modified":"2014-12-30T02:25:23","modified_gmt":"2014-12-30T07:25:23","slug":"top-2014-dara-howell-haut-la-main","status":"publish","type":"post","link":"https:\/\/preprod.olympic.ca\/olympique\/2014\/12\/22\/top-2014-dara-howell-haut-la-main\/","title":{"rendered":"Top 2014: Dara Howell haut la main"},"content":{"rendered":"<p><em><strong>Pendant le mois de d\u00e9cembre, Olympique.ca fait le d\u00e9compte des moments sportifs canadiens qui ont marqu\u00e9 2014.<br \/>\n<\/strong><\/em><\/p>\n<h1><a title=\"Dara Howell\" href=\"http:\/\/olympique.ca\/team-canada\/dara-howell\/\">Dara Howell<\/a> n\u2019a pas perdu de temps.<\/h1>\n<p>Alors \u00e2g\u00e9e de 19 ans, la jeune femme originaire de Huntsville, en Ontario, a d\u00e9termin\u00e9 l\u2019issue de la premi\u00e8re \u00e9preuve olympique f\u00e9minine de slopestyle en ski avant m\u00eame que la horde de photographes &#8211; qui ne se g\u00eanent pas pour jouer du coude aux comp\u00e9titions importantes &#8211; n\u2019ait le temps de d\u00e9gainer ses cam\u00e9ras.<\/p>\n<p>Le contingent canadien a eu amplement de quoi se r\u00e9jouir avec deux de ses athl\u00e8tes sur le podium \u00e0 Sotchi gr\u00e2ce \u00e0 <a title=\"Kim Lamarre\" href=\"http:\/\/olympique.ca\/team-canada\/kim-lamarre\/\">Kim Lamarre<\/a> qui a livr\u00e9 une deuxi\u00e8me descente \u00e9blouissante en finale apr\u00e8s l\u2019exploit de sa co\u00e9quipi\u00e8re.<\/p>\n<div class=\"tiled-gallery type-rectangular tiled-gallery-unresized\" data-original-width=\"1360\" data-carousel-extra='null' itemscope itemtype=\"http:\/\/schema.org\/ImageGallery\" > <div class=\"gallery-row\" style=\"width: 1360px; height: 257px;\" data-original-width=\"1360\" data-original-height=\"257\" > <div class=\"gallery-group images-1\" style=\"width: 454px; height: 257px;\" data-original-width=\"454\" data-original-height=\"257\" > <div class=\"tiled-gallery-item tiled-gallery-item-large\" itemprop=\"associatedMedia\" itemscope itemtype=\"http:\/\/schema.org\/ImageObject\"> <a href=\"https:\/\/preprod.olympic.ca\/olympique\/2014\/12\/22\/top-2014-dara-howell-haut-la-main\/howell2\/#main\" border=\"0\" itemprop=\"url\"> <meta itemprop=\"width\" content=\"450\"> <meta itemprop=\"height\" content=\"253\"> <img decoding=\"async\" data-recalc-dims=\"1\" class=\"\" data-attachment-id=\"98400\" data-orig-file=\"https:\/\/preprod.olympic.ca\/olympique\/wp-content\/uploads\/sites\/2\/2014\/12\/howell2.jpg?quality=100\" data-orig-size=\"1340,754\" data-comments-opened=\"1\" data-image-meta=\"{&quot;aperture&quot;:&quot;0&quot;,&quot;credit&quot;:&quot;&quot;,&quot;camera&quot;:&quot;&quot;,&quot;caption&quot;:&quot;&quot;,&quot;created_timestamp&quot;:&quot;0&quot;,&quot;copyright&quot;:&quot;&quot;,&quot;focal_length&quot;:&quot;0&quot;,&quot;iso&quot;:&quot;0&quot;,&quot;shutter_speed&quot;:&quot;0&quot;,&quot;title&quot;:&quot;&quot;,&quot;orientation&quot;:&quot;0&quot;}\" data-image-title=\"\" data-image-description=\"\" data-medium-file=\"https:\/\/preprod.olympic.ca\/olympique\/wp-content\/uploads\/sites\/2\/2014\/12\/howell2.jpg?quality=100&#038;w=660\" data-large-file=\"https:\/\/preprod.olympic.ca\/olympique\/wp-content\/uploads\/sites\/2\/2014\/12\/howell2.jpg?quality=100&#038;w=1340\" src=\"https:\/\/preprod.olympic.ca\/olympique\/wp-content\/uploads\/sites\/2\/2014\/12\/howell2.jpg?quality=100&#038;w=450&#038;h=253&#038;strip&#038;resize=450%2C253\" srcset=\"https:\/\/preprod.olympic.ca\/olympique\/wp-content\/uploads\/sites\/2\/2014\/12\/howell2.jpg 1340w, https:\/\/preprod.olympic.ca\/olympique\/wp-content\/uploads\/sites\/2\/2014\/12\/howell2.jpg?resize=280,158 280w, https:\/\/preprod.olympic.ca\/olympique\/wp-content\/uploads\/sites\/2\/2014\/12\/howell2.jpg?resize=660,371 660w, https:\/\/preprod.olympic.ca\/olympique\/wp-content\/uploads\/sites\/2\/2014\/12\/howell2.jpg?resize=768,432 768w\" width=\"450\" height=\"253\" loading=\"lazy\" data-original-width=\"450\" data-original-height=\"253\" itemprop=\"http:\/\/schema.org\/image\" title=\"\" alt=\"Dara Howell. (Photo PC)\" style=\"width: 450px; height: 253px;\" \/> <\/a> <div class=\"tiled-gallery-caption\" itemprop=\"caption description\"> Dara Howell. (Photo PC) <\/div> <\/div> <\/div> <!-- close group --> <div class=\"gallery-group images-1\" style=\"width: 453px; height: 257px;\" data-original-width=\"453\" data-original-height=\"257\" > <div class=\"tiled-gallery-item tiled-gallery-item-large\" itemprop=\"associatedMedia\" itemscope itemtype=\"http:\/\/schema.org\/ImageObject\"> <a href=\"https:\/\/preprod.olympic.ca\/olympique\/2014\/12\/22\/top-2014-dara-howell-haut-la-main\/howell3\/#main\" border=\"0\" itemprop=\"url\"> <meta itemprop=\"width\" content=\"449\"> <meta itemprop=\"height\" content=\"253\"> <img decoding=\"async\" data-recalc-dims=\"1\" class=\"\" data-attachment-id=\"98401\" data-orig-file=\"https:\/\/preprod.olympic.ca\/olympique\/wp-content\/uploads\/sites\/2\/2014\/12\/howell3.jpg?quality=100\" data-orig-size=\"1340,754\" data-comments-opened=\"1\" data-image-meta=\"{&quot;aperture&quot;:&quot;0&quot;,&quot;credit&quot;:&quot;&quot;,&quot;camera&quot;:&quot;&quot;,&quot;caption&quot;:&quot;&quot;,&quot;created_timestamp&quot;:&quot;0&quot;,&quot;copyright&quot;:&quot;&quot;,&quot;focal_length&quot;:&quot;0&quot;,&quot;iso&quot;:&quot;0&quot;,&quot;shutter_speed&quot;:&quot;0&quot;,&quot;title&quot;:&quot;&quot;,&quot;orientation&quot;:&quot;0&quot;}\" data-image-title=\"howell3\" data-image-description=\"\" data-medium-file=\"https:\/\/preprod.olympic.ca\/olympique\/wp-content\/uploads\/sites\/2\/2014\/12\/howell3.jpg?quality=100&#038;w=660\" data-large-file=\"https:\/\/preprod.olympic.ca\/olympique\/wp-content\/uploads\/sites\/2\/2014\/12\/howell3.jpg?quality=100&#038;w=1340\" src=\"https:\/\/preprod.olympic.ca\/olympique\/wp-content\/uploads\/sites\/2\/2014\/12\/howell3.jpg?quality=100&#038;w=449&#038;h=253&#038;strip&#038;resize=449%2C253\" srcset=\"https:\/\/preprod.olympic.ca\/olympique\/wp-content\/uploads\/sites\/2\/2014\/12\/howell3.jpg 1340w, https:\/\/preprod.olympic.ca\/olympique\/wp-content\/uploads\/sites\/2\/2014\/12\/howell3.jpg?resize=280,158 280w, https:\/\/preprod.olympic.ca\/olympique\/wp-content\/uploads\/sites\/2\/2014\/12\/howell3.jpg?resize=660,371 660w, https:\/\/preprod.olympic.ca\/olympique\/wp-content\/uploads\/sites\/2\/2014\/12\/howell3.jpg?resize=768,432 768w\" width=\"449\" height=\"253\" loading=\"lazy\" data-original-width=\"449\" data-original-height=\"253\" itemprop=\"http:\/\/schema.org\/image\" title=\"howell3\" alt=\"Dara Howell (G) et Kim Lamarre sur le podium \u00e0 Sotchi. (Photo PC)\" style=\"width: 449px; height: 253px;\" \/> <\/a> <div class=\"tiled-gallery-caption\" itemprop=\"caption description\"> Dara Howell (G) et Kim Lamarre sur le podium \u00e0 Sotchi. (Photo PC) <\/div> <\/div> <\/div> <!-- close group --> <div class=\"gallery-group images-1\" style=\"width: 453px; height: 257px;\" data-original-width=\"453\" data-original-height=\"257\" > <div class=\"tiled-gallery-item tiled-gallery-item-large\" itemprop=\"associatedMedia\" itemscope itemtype=\"http:\/\/schema.org\/ImageObject\"> <a href=\"https:\/\/preprod.olympic.ca\/olympique\/2014\/12\/22\/top-2014-dara-howell-haut-la-main\/howell5\/#main\" border=\"0\" itemprop=\"url\"> <meta itemprop=\"width\" content=\"449\"> <meta itemprop=\"height\" content=\"253\"> <img decoding=\"async\" data-recalc-dims=\"1\" class=\"\" data-attachment-id=\"98402\" data-orig-file=\"https:\/\/preprod.olympic.ca\/olympique\/wp-content\/uploads\/sites\/2\/2014\/12\/howell5.jpg?quality=100\" data-orig-size=\"1340,754\" data-comments-opened=\"1\" data-image-meta=\"{&quot;aperture&quot;:&quot;0&quot;,&quot;credit&quot;:&quot;&quot;,&quot;camera&quot;:&quot;&quot;,&quot;caption&quot;:&quot;&quot;,&quot;created_timestamp&quot;:&quot;0&quot;,&quot;copyright&quot;:&quot;&quot;,&quot;focal_length&quot;:&quot;0&quot;,&quot;iso&quot;:&quot;0&quot;,&quot;shutter_speed&quot;:&quot;0&quot;,&quot;title&quot;:&quot;&quot;,&quot;orientation&quot;:&quot;0&quot;}\" data-image-title=\"howell5\" data-image-description=\"\" data-medium-file=\"https:\/\/preprod.olympic.ca\/olympique\/wp-content\/uploads\/sites\/2\/2014\/12\/howell5.jpg?quality=100&#038;w=660\" data-large-file=\"https:\/\/preprod.olympic.ca\/olympique\/wp-content\/uploads\/sites\/2\/2014\/12\/howell5.jpg?quality=100&#038;w=1340\" src=\"https:\/\/preprod.olympic.ca\/olympique\/wp-content\/uploads\/sites\/2\/2014\/12\/howell5.jpg?quality=100&#038;w=449&#038;h=253&#038;strip&#038;resize=449%2C253\" srcset=\"https:\/\/preprod.olympic.ca\/olympique\/wp-content\/uploads\/sites\/2\/2014\/12\/howell5.jpg 1340w, https:\/\/preprod.olympic.ca\/olympique\/wp-content\/uploads\/sites\/2\/2014\/12\/howell5.jpg?resize=280,158 280w, https:\/\/preprod.olympic.ca\/olympique\/wp-content\/uploads\/sites\/2\/2014\/12\/howell5.jpg?resize=660,371 660w, https:\/\/preprod.olympic.ca\/olympique\/wp-content\/uploads\/sites\/2\/2014\/12\/howell5.jpg?resize=768,432 768w\" width=\"449\" height=\"253\" loading=\"lazy\" data-original-width=\"449\" data-original-height=\"253\" itemprop=\"http:\/\/schema.org\/image\" title=\"howell5\" alt=\"Dara Howell. (Photo PC)\" style=\"width: 449px; height: 253px;\" \/> <\/a> <div class=\"tiled-gallery-caption\" itemprop=\"caption description\"> Dara Howell. (Photo PC) <\/div> <\/div> <\/div> <!-- close group --> <\/div> <!-- close row --> <div class=\"gallery-row\" style=\"width: 1360px; height: 384px;\" data-original-width=\"1360\" data-original-height=\"384\" > <div class=\"gallery-group images-1\" style=\"width: 680px; height: 384px;\" data-original-width=\"680\" data-original-height=\"384\" > <div class=\"tiled-gallery-item tiled-gallery-item-large\" itemprop=\"associatedMedia\" itemscope itemtype=\"http:\/\/schema.org\/ImageObject\"> <a href=\"https:\/\/preprod.olympic.ca\/olympique\/2014\/12\/22\/top-2014-dara-howell-haut-la-main\/lamarre1\/#main\" border=\"0\" itemprop=\"url\"> <meta itemprop=\"width\" content=\"676\"> <meta itemprop=\"height\" content=\"380\"> <img decoding=\"async\" data-recalc-dims=\"1\" class=\"\" data-attachment-id=\"98403\" data-orig-file=\"https:\/\/preprod.olympic.ca\/olympique\/wp-content\/uploads\/sites\/2\/2014\/12\/lamarre1.jpg?quality=100\" data-orig-size=\"1340,753\" data-comments-opened=\"1\" data-image-meta=\"{&quot;aperture&quot;:&quot;0&quot;,&quot;credit&quot;:&quot;&quot;,&quot;camera&quot;:&quot;&quot;,&quot;caption&quot;:&quot;&quot;,&quot;created_timestamp&quot;:&quot;0&quot;,&quot;copyright&quot;:&quot;&quot;,&quot;focal_length&quot;:&quot;0&quot;,&quot;iso&quot;:&quot;0&quot;,&quot;shutter_speed&quot;:&quot;0&quot;,&quot;title&quot;:&quot;&quot;,&quot;orientation&quot;:&quot;0&quot;}\" data-image-title=\"equipe canada &amp;#8211; ski acrobatique &amp;#8211; kim lamarre\" data-image-description=\"\" data-medium-file=\"https:\/\/preprod.olympic.ca\/olympique\/wp-content\/uploads\/sites\/2\/2014\/12\/lamarre1.jpg?quality=100&#038;w=660\" data-large-file=\"https:\/\/preprod.olympic.ca\/olympique\/wp-content\/uploads\/sites\/2\/2014\/12\/lamarre1.jpg?quality=100&#038;w=1340\" src=\"https:\/\/preprod.olympic.ca\/olympique\/wp-content\/uploads\/sites\/2\/2014\/12\/lamarre1.jpg?quality=100&#038;w=676&#038;h=380&#038;strip&#038;resize=676%2C380\" srcset=\"https:\/\/preprod.olympic.ca\/olympique\/wp-content\/uploads\/sites\/2\/2014\/12\/lamarre1.jpg 1340w, https:\/\/preprod.olympic.ca\/olympique\/wp-content\/uploads\/sites\/2\/2014\/12\/lamarre1.jpg?resize=280,158 280w, https:\/\/preprod.olympic.ca\/olympique\/wp-content\/uploads\/sites\/2\/2014\/12\/lamarre1.jpg?resize=660,371 660w, https:\/\/preprod.olympic.ca\/olympique\/wp-content\/uploads\/sites\/2\/2014\/12\/lamarre1.jpg?resize=768,432 768w\" width=\"676\" height=\"380\" loading=\"lazy\" data-original-width=\"676\" data-original-height=\"380\" itemprop=\"http:\/\/schema.org\/image\" title=\"equipe canada - ski acrobatique - kim lamarre\" alt=\"Kim Lamarre. (Photo: PC)\" style=\"width: 676px; height: 380px;\" \/> <\/a> <div class=\"tiled-gallery-caption\" itemprop=\"caption description\"> Kim Lamarre. (Photo: PC) <\/div> <\/div> <\/div> <!-- close group --> <div class=\"gallery-group images-1\" style=\"width: 680px; height: 384px;\" data-original-width=\"680\" data-original-height=\"384\" > <div class=\"tiled-gallery-item tiled-gallery-item-large\" itemprop=\"associatedMedia\" itemscope itemtype=\"http:\/\/schema.org\/ImageObject\"> <a href=\"https:\/\/preprod.olympic.ca\/olympique\/2014\/12\/22\/top-2014-dara-howell-haut-la-main\/lamarre2\/#main\" border=\"0\" itemprop=\"url\"> <meta itemprop=\"width\" content=\"676\"> <meta itemprop=\"height\" content=\"380\"> <img decoding=\"async\" data-recalc-dims=\"1\" class=\"\" data-attachment-id=\"98404\" data-orig-file=\"https:\/\/preprod.olympic.ca\/olympique\/wp-content\/uploads\/sites\/2\/2014\/12\/lamarre2.jpg?quality=100\" data-orig-size=\"1340,754\" data-comments-opened=\"1\" data-image-meta=\"{&quot;aperture&quot;:&quot;0&quot;,&quot;credit&quot;:&quot;&quot;,&quot;camera&quot;:&quot;&quot;,&quot;caption&quot;:&quot;&quot;,&quot;created_timestamp&quot;:&quot;0&quot;,&quot;copyright&quot;:&quot;&quot;,&quot;focal_length&quot;:&quot;0&quot;,&quot;iso&quot;:&quot;0&quot;,&quot;shutter_speed&quot;:&quot;0&quot;,&quot;title&quot;:&quot;&quot;,&quot;orientation&quot;:&quot;0&quot;}\" data-image-title=\"lamarre2\" data-image-description=\"\" data-medium-file=\"https:\/\/preprod.olympic.ca\/olympique\/wp-content\/uploads\/sites\/2\/2014\/12\/lamarre2.jpg?quality=100&#038;w=660\" data-large-file=\"https:\/\/preprod.olympic.ca\/olympique\/wp-content\/uploads\/sites\/2\/2014\/12\/lamarre2.jpg?quality=100&#038;w=1340\" src=\"https:\/\/preprod.olympic.ca\/olympique\/wp-content\/uploads\/sites\/2\/2014\/12\/lamarre2.jpg?quality=100&#038;w=676&#038;h=380&#038;strip&#038;resize=676%2C380\" srcset=\"https:\/\/preprod.olympic.ca\/olympique\/wp-content\/uploads\/sites\/2\/2014\/12\/lamarre2.jpg 1340w, https:\/\/preprod.olympic.ca\/olympique\/wp-content\/uploads\/sites\/2\/2014\/12\/lamarre2.jpg?resize=280,158 280w, https:\/\/preprod.olympic.ca\/olympique\/wp-content\/uploads\/sites\/2\/2014\/12\/lamarre2.jpg?resize=660,371 660w, https:\/\/preprod.olympic.ca\/olympique\/wp-content\/uploads\/sites\/2\/2014\/12\/lamarre2.jpg?resize=768,432 768w\" width=\"676\" height=\"380\" loading=\"lazy\" data-original-width=\"676\" data-original-height=\"380\" itemprop=\"http:\/\/schema.org\/image\" title=\"lamarre2\" alt=\"Kim Lamarre. (Photo: PC)\" style=\"width: 676px; height: 380px;\" \/> <\/a> <div class=\"tiled-gallery-caption\" itemprop=\"caption description\"> Kim Lamarre. (Photo: PC) <\/div> <\/div> <\/div> <!-- close group --> <\/div> <!-- close row --> <\/div>\n<p><a title=\"Yuki Tsubota\" href=\"http:\/\/olympique.ca\/team-canada\/yuki-tsubota\/\">Yuki Tsubota<\/a> a pris le quatri\u00e8me rang des qualifications et accompagn\u00e9 Howell et Lamarre, premi\u00e8re et deuxi\u00e8me, en finale. Le retrait pr\u00e9matur\u00e9 de la championne du monde de 2013, <a title=\"Kaya Turski\" href=\"http:\/\/olympique.ca\/team-canada\/kaya-turski\/\">Kaya Turski<\/a>, n\u2019a heureusement pas affect\u00e9 la dominance du Canada.<\/p>\n<p>L\u2019Am\u00e9ricaine Devin Logan a commenc\u00e9 le tour suivant avec 85.40 points, ce qui la pla\u00e7ait confortablement en premi\u00e8re place. Dara savait ce qu\u2019elle avait \u00e0 faire. Le soleil commen\u00e7ait \u00e0 r\u00e9chauffer la piste et transformait la neige et la glace en bouillie, mais la skieuse a gard\u00e9 son calme. Pleine d\u2019assurance d\u00e8s l\u2019instant o\u00f9 elle est sortie du portillon de d\u00e9part, elle a r\u00e9ussi une descente pratiquement sans faute jusqu\u2019\u00e0 la derni\u00e8re figure o\u00f9 elle a attrap\u00e9 le bout de ses skis avant d\u2019atterrir sous les acclamations de la foule.<\/p>\n<p>Dans la zone des photographes, personne ne se demandait <em>si <\/em>Dara avait pris les devants, mais <em>par combien<\/em>. Les juges nous ont donn\u00e9 raison en lui attribuant la marque \u00e9clatante de 94.20 points.<\/p>\n<blockquote><p><a href=\"https:\/\/www.youtube.com\/watch?v=HRjoqrA1_fg&amp;feature=youtu.be\">Voyez la descente victorieuse de Dara sur YouTube<\/a><\/p><\/blockquote>\n<p>La deuxi\u00e8me descente de la finale a jet\u00e9 une ombre sur le triomphe canadien. Tsubota a rat\u00e9 son dernier atterrissage dans une sortie de piste angoissante qui a chang\u00e9 le cours de l\u2019\u00e9preuve. Les services m\u00e9dicaux se sont imm\u00e9diatement occup\u00e9s d\u2019elle et ont confirm\u00e9 par la suite qu\u2019elle souffrait d\u2019une commotion c\u00e9r\u00e9brale doubl\u00e9e d\u2019une fracture de l\u2019os jugal.<\/p>\n<p>Kim Lamarre a \u00e9prouv\u00e9 des difficult\u00e9s pendant sa premi\u00e8re descente, mais elle a jou\u00e9 le tout pour le tout et r\u00e9ussi une descente de 85.00 points, ce qui l\u2019a fait bondir du 11<sup>e <\/sup>au 3<sup>e<\/sup> rang pour d\u00e9crocher la m\u00e9daille de bronze. Les Jeux de Sotchi souriaient au Canada qui en \u00e9tait \u00e0 son troisi\u00e8me doubl\u00e9.<\/p>\n<p>&nbsp;<\/p>\n","protected":false},"excerpt":{"rendered":"<p>Pendant le mois de d\u00e9cembre, Olympique.ca fait le d\u00e9compte des moments sportifs canadiens qui ont marqu\u00e9 2014. Dara Howell n\u2019a&#8230;<\/p>\n","protected":false},"author":10774097,"featured_media":98399,"comment_status":"open","ping_status":"closed","sticky":false,"template":"","format":"standard","meta":{"_acf_changed":false,"_jetpack_memberships_contains_paid_content":false,"footnotes":""},"categories":[1],"tags":[62904770,53288535,113141831],"post_format":"standard","sport":[181823549],"game":[191933058],"coauthors":[197553292],"class_list":["post-98398","post","type-post","status-publish","format-standard","has-post-thumbnail","hentry","category-uncategorized","tag-dara-howell","tag-kim-lamarre","tag-top-2014","sport-ski-ski-acrobatique","game-2014-sotchi"],"acf":[],"yoast_head":"<!-- This site is optimized with the Yoast SEO plugin v27.3 - https:\/\/yoast.com\/product\/yoast-seo-wordpress\/ -->\n<title>Top 2014: Dara Howell haut la main - \u00c9quipe Canada | Site officiel de l&#039;\u00e9quipe olympique<\/title>\n<meta name=\"robots\" content=\"index, follow, max-snippet:-1, max-image-preview:large, max-video-preview:-1\" \/>\n<link rel=\"canonical\" href=\"https:\/\/preprod.olympic.ca\/olympique\/2014\/12\/22\/top-2014-dara-howell-haut-la-main\/\" \/>\n<meta property=\"og:locale\" content=\"fr_FR\" \/>\n<meta property=\"og:type\" content=\"article\" \/>\n<meta property=\"og:title\" content=\"Top 2014: Dara Howell haut la main - \u00c9quipe Canada | Site officiel de l&#039;\u00e9quipe olympique\" \/>\n<meta property=\"og:description\" content=\"Pendant le mois de d\u00e9cembre, Olympique.ca fait le d\u00e9compte des moments sportifs canadiens qui ont marqu\u00e9 2014. Dara Howell n\u2019a...\" \/>\n<meta property=\"og:url\" content=\"https:\/\/preprod.olympic.ca\/olympique\/2014\/12\/22\/top-2014-dara-howell-haut-la-main\/\" \/>\n<meta property=\"og:site_name\" content=\"\u00c9quipe Canada | Site officiel de l&#039;\u00e9quipe olympique\" \/>\n<meta property=\"article:published_time\" content=\"2014-12-22T23:10:26+00:00\" \/>\n<meta property=\"article:modified_time\" content=\"2014-12-30T07:25:23+00:00\" \/>\n<meta property=\"og:image\" content=\"https:\/\/preprod.olympic.ca\/olympique\/wp-content\/uploads\/sites\/2\/2014\/12\/dara.jpg?quality=100\" \/>\n\t<meta property=\"og:image:width\" content=\"670\" \/>\n\t<meta property=\"og:image:height\" content=\"377\" \/>\n\t<meta property=\"og:image:type\" content=\"image\/jpeg\" \/>\n<meta name=\"author\" content=\"Asif Hossain\" \/>\n<meta name=\"twitter:card\" content=\"summary_large_image\" \/>\n<meta name=\"twitter:label1\" content=\"Written by\" \/>\n\t<meta name=\"twitter:data1\" content=\"Asif Hossain\" \/>\n\t<meta name=\"twitter:label2\" content=\"Est. reading time\" \/>\n\t<meta name=\"twitter:data2\" content=\"2 minutes\" \/>\n<script type=\"application\/ld+json\" class=\"yoast-schema-graph\">{\"@context\":\"https:\\\/\\\/schema.org\",\"@graph\":[{\"@type\":\"Article\",\"@id\":\"https:\\\/\\\/preprod.olympic.ca\\\/olympique\\\/2014\\\/12\\\/22\\\/top-2014-dara-howell-haut-la-main\\\/#article\",\"isPartOf\":{\"@id\":\"https:\\\/\\\/preprod.olympic.ca\\\/olympique\\\/2014\\\/12\\\/22\\\/top-2014-dara-howell-haut-la-main\\\/\"},\"author\":{\"name\":\"Asif Hossain\",\"@id\":\"https:\\\/\\\/preprod.olympic.ca\\\/olympique\\\/#\\\/schema\\\/person\\\/9fece45a1cf9f72c0fee2ddb948a50f4\"},\"headline\":\"Top 2014: Dara Howell haut la main\",\"datePublished\":\"2014-12-22T23:10:26+00:00\",\"dateModified\":\"2014-12-30T07:25:23+00:00\",\"mainEntityOfPage\":{\"@id\":\"https:\\\/\\\/preprod.olympic.ca\\\/olympique\\\/2014\\\/12\\\/22\\\/top-2014-dara-howell-haut-la-main\\\/\"},\"wordCount\":462,\"commentCount\":0,\"image\":{\"@id\":\"https:\\\/\\\/preprod.olympic.ca\\\/olympique\\\/2014\\\/12\\\/22\\\/top-2014-dara-howell-haut-la-main\\\/#primaryimage\"},\"thumbnailUrl\":\"https:\\\/\\\/preprod.olympic.ca\\\/olympique\\\/wp-content\\\/uploads\\\/sites\\\/2\\\/2014\\\/12\\\/dara.jpg?quality=100\",\"keywords\":[\"Dara Howell\",\"Kim Lamarre\",\"top-2014\"],\"articleSection\":[\"Uncategorized\"],\"inLanguage\":\"fr-FR\",\"potentialAction\":[{\"@type\":\"CommentAction\",\"name\":\"Comment\",\"target\":[\"https:\\\/\\\/preprod.olympic.ca\\\/olympique\\\/2014\\\/12\\\/22\\\/top-2014-dara-howell-haut-la-main\\\/#respond\"]}]},{\"@type\":\"WebPage\",\"@id\":\"https:\\\/\\\/preprod.olympic.ca\\\/olympique\\\/2014\\\/12\\\/22\\\/top-2014-dara-howell-haut-la-main\\\/\",\"url\":\"https:\\\/\\\/preprod.olympic.ca\\\/olympique\\\/2014\\\/12\\\/22\\\/top-2014-dara-howell-haut-la-main\\\/\",\"name\":\"Top 2014: Dara Howell haut la main - \u00c9quipe Canada | Site officiel de l&#039;\u00e9quipe olympique\",\"isPartOf\":{\"@id\":\"https:\\\/\\\/preprod.olympic.ca\\\/olympique\\\/#website\"},\"primaryImageOfPage\":{\"@id\":\"https:\\\/\\\/preprod.olympic.ca\\\/olympique\\\/2014\\\/12\\\/22\\\/top-2014-dara-howell-haut-la-main\\\/#primaryimage\"},\"image\":{\"@id\":\"https:\\\/\\\/preprod.olympic.ca\\\/olympique\\\/2014\\\/12\\\/22\\\/top-2014-dara-howell-haut-la-main\\\/#primaryimage\"},\"thumbnailUrl\":\"https:\\\/\\\/preprod.olympic.ca\\\/olympique\\\/wp-content\\\/uploads\\\/sites\\\/2\\\/2014\\\/12\\\/dara.jpg?quality=100\",\"datePublished\":\"2014-12-22T23:10:26+00:00\",\"dateModified\":\"2014-12-30T07:25:23+00:00\",\"author\":{\"@id\":\"https:\\\/\\\/preprod.olympic.ca\\\/olympique\\\/#\\\/schema\\\/person\\\/9fece45a1cf9f72c0fee2ddb948a50f4\"},\"inLanguage\":\"fr-FR\",\"potentialAction\":[{\"@type\":\"ReadAction\",\"target\":[\"https:\\\/\\\/preprod.olympic.ca\\\/olympique\\\/2014\\\/12\\\/22\\\/top-2014-dara-howell-haut-la-main\\\/\"]}]},{\"@type\":\"ImageObject\",\"inLanguage\":\"fr-FR\",\"@id\":\"https:\\\/\\\/preprod.olympic.ca\\\/olympique\\\/2014\\\/12\\\/22\\\/top-2014-dara-howell-haut-la-main\\\/#primaryimage\",\"url\":\"https:\\\/\\\/preprod.olympic.ca\\\/olympique\\\/wp-content\\\/uploads\\\/sites\\\/2\\\/2014\\\/12\\\/dara.jpg?quality=100\",\"contentUrl\":\"https:\\\/\\\/preprod.olympic.ca\\\/olympique\\\/wp-content\\\/uploads\\\/sites\\\/2\\\/2014\\\/12\\\/dara.jpg?quality=100\",\"width\":670,\"height\":377},{\"@type\":\"WebSite\",\"@id\":\"https:\\\/\\\/preprod.olympic.ca\\\/olympique\\\/#website\",\"url\":\"https:\\\/\\\/preprod.olympic.ca\\\/olympique\\\/\",\"name\":\"\u00c9quipe Canada | Site officiel de l&#039;\u00e9quipe olympique\",\"description\":\"Votre source pour l\u2019\u00c9quipe olympique canadienne. Retrouvez les r\u00e9cits, vid\u00e9os et photos des athl\u00e8tes canadiens, sports olympiques, Jeux olympiques de 2020 et bien plus!\",\"potentialAction\":[{\"@type\":\"SearchAction\",\"target\":{\"@type\":\"EntryPoint\",\"urlTemplate\":\"https:\\\/\\\/preprod.olympic.ca\\\/olympique\\\/?s={search_term_string}\"},\"query-input\":{\"@type\":\"PropertyValueSpecification\",\"valueRequired\":true,\"valueName\":\"search_term_string\"}}],\"inLanguage\":\"fr-FR\"},{\"@type\":\"Person\",\"@id\":\"https:\\\/\\\/preprod.olympic.ca\\\/olympique\\\/#\\\/schema\\\/person\\\/9fece45a1cf9f72c0fee2ddb948a50f4\",\"name\":\"Asif Hossain\",\"image\":{\"@type\":\"ImageObject\",\"inLanguage\":\"fr-FR\",\"@id\":\"https:\\\/\\\/secure.gravatar.com\\\/avatar\\\/d78674d61b6b8fcd5488a575ef3fab9b8bed1978cf5bb978adeae1f9411abe4a?s=96&d=identicon&r=g22eff5eea2e28da905f112e9933af68b\",\"url\":\"https:\\\/\\\/secure.gravatar.com\\\/avatar\\\/d78674d61b6b8fcd5488a575ef3fab9b8bed1978cf5bb978adeae1f9411abe4a?s=96&d=identicon&r=g\",\"contentUrl\":\"https:\\\/\\\/secure.gravatar.com\\\/avatar\\\/d78674d61b6b8fcd5488a575ef3fab9b8bed1978cf5bb978adeae1f9411abe4a?s=96&d=identicon&r=g\",\"caption\":\"Asif Hossain\"},\"description\":\"Digital content, marketing and communications manager by trade.\",\"sameAs\":[\"http:\\\/\\\/asifhossain.wordpress.com\"],\"url\":\"https:\\\/\\\/preprod.olympic.ca\\\/olympique\\\/author\\\/asifhossain\\\/\"}]}<\/script>\n<!-- \/ Yoast SEO plugin. -->","yoast_head_json":{"title":"Top 2014: Dara Howell haut la main - \u00c9quipe Canada | Site officiel de l&#039;\u00e9quipe olympique","robots":{"index":"index","follow":"follow","max-snippet":"max-snippet:-1","max-image-preview":"max-image-preview:large","max-video-preview":"max-video-preview:-1"},"canonical":"https:\/\/preprod.olympic.ca\/olympique\/2014\/12\/22\/top-2014-dara-howell-haut-la-main\/","og_locale":"fr_FR","og_type":"article","og_title":"Top 2014: Dara Howell haut la main - \u00c9quipe Canada | Site officiel de l&#039;\u00e9quipe olympique","og_description":"Pendant le mois de d\u00e9cembre, Olympique.ca fait le d\u00e9compte des moments sportifs canadiens qui ont marqu\u00e9 2014. Dara Howell n\u2019a...","og_url":"https:\/\/preprod.olympic.ca\/olympique\/2014\/12\/22\/top-2014-dara-howell-haut-la-main\/","og_site_name":"\u00c9quipe Canada | Site officiel de l&#039;\u00e9quipe olympique","article_published_time":"2014-12-22T23:10:26+00:00","article_modified_time":"2014-12-30T07:25:23+00:00","og_image":[{"width":670,"height":377,"url":"https:\/\/preprod.olympic.ca\/olympique\/wp-content\/uploads\/sites\/2\/2014\/12\/dara.jpg?quality=100","type":"image\/jpeg"}],"author":"Asif Hossain","twitter_card":"summary_large_image","twitter_misc":{"Written by":"Asif Hossain","Est. reading time":"2 minutes"},"schema":{"@context":"https:\/\/schema.org","@graph":[{"@type":"Article","@id":"https:\/\/preprod.olympic.ca\/olympique\/2014\/12\/22\/top-2014-dara-howell-haut-la-main\/#article","isPartOf":{"@id":"https:\/\/preprod.olympic.ca\/olympique\/2014\/12\/22\/top-2014-dara-howell-haut-la-main\/"},"author":{"name":"Asif Hossain","@id":"https:\/\/preprod.olympic.ca\/olympique\/#\/schema\/person\/9fece45a1cf9f72c0fee2ddb948a50f4"},"headline":"Top 2014: Dara Howell haut la main","datePublished":"2014-12-22T23:10:26+00:00","dateModified":"2014-12-30T07:25:23+00:00","mainEntityOfPage":{"@id":"https:\/\/preprod.olympic.ca\/olympique\/2014\/12\/22\/top-2014-dara-howell-haut-la-main\/"},"wordCount":462,"commentCount":0,"image":{"@id":"https:\/\/preprod.olympic.ca\/olympique\/2014\/12\/22\/top-2014-dara-howell-haut-la-main\/#primaryimage"},"thumbnailUrl":"https:\/\/preprod.olympic.ca\/olympique\/wp-content\/uploads\/sites\/2\/2014\/12\/dara.jpg?quality=100","keywords":["Dara Howell","Kim Lamarre","top-2014"],"articleSection":["Uncategorized"],"inLanguage":"fr-FR","potentialAction":[{"@type":"CommentAction","name":"Comment","target":["https:\/\/preprod.olympic.ca\/olympique\/2014\/12\/22\/top-2014-dara-howell-haut-la-main\/#respond"]}]},{"@type":"WebPage","@id":"https:\/\/preprod.olympic.ca\/olympique\/2014\/12\/22\/top-2014-dara-howell-haut-la-main\/","url":"https:\/\/preprod.olympic.ca\/olympique\/2014\/12\/22\/top-2014-dara-howell-haut-la-main\/","name":"Top 2014: Dara Howell haut la main - \u00c9quipe Canada | Site officiel de l&#039;\u00e9quipe olympique","isPartOf":{"@id":"https:\/\/preprod.olympic.ca\/olympique\/#website"},"primaryImageOfPage":{"@id":"https:\/\/preprod.olympic.ca\/olympique\/2014\/12\/22\/top-2014-dara-howell-haut-la-main\/#primaryimage"},"image":{"@id":"https:\/\/preprod.olympic.ca\/olympique\/2014\/12\/22\/top-2014-dara-howell-haut-la-main\/#primaryimage"},"thumbnailUrl":"https:\/\/preprod.olympic.ca\/olympique\/wp-content\/uploads\/sites\/2\/2014\/12\/dara.jpg?quality=100","datePublished":"2014-12-22T23:10:26+00:00","dateModified":"2014-12-30T07:25:23+00:00","author":{"@id":"https:\/\/preprod.olympic.ca\/olympique\/#\/schema\/person\/9fece45a1cf9f72c0fee2ddb948a50f4"},"inLanguage":"fr-FR","potentialAction":[{"@type":"ReadAction","target":["https:\/\/preprod.olympic.ca\/olympique\/2014\/12\/22\/top-2014-dara-howell-haut-la-main\/"]}]},{"@type":"ImageObject","inLanguage":"fr-FR","@id":"https:\/\/preprod.olympic.ca\/olympique\/2014\/12\/22\/top-2014-dara-howell-haut-la-main\/#primaryimage","url":"https:\/\/preprod.olympic.ca\/olympique\/wp-content\/uploads\/sites\/2\/2014\/12\/dara.jpg?quality=100","contentUrl":"https:\/\/preprod.olympic.ca\/olympique\/wp-content\/uploads\/sites\/2\/2014\/12\/dara.jpg?quality=100","width":670,"height":377},{"@type":"WebSite","@id":"https:\/\/preprod.olympic.ca\/olympique\/#website","url":"https:\/\/preprod.olympic.ca\/olympique\/","name":"\u00c9quipe Canada | Site officiel de l&#039;\u00e9quipe olympique","description":"Votre source pour l\u2019\u00c9quipe olympique canadienne. Retrouvez les r\u00e9cits, vid\u00e9os et photos des athl\u00e8tes canadiens, sports olympiques, Jeux olympiques de 2020 et bien plus!","potentialAction":[{"@type":"SearchAction","target":{"@type":"EntryPoint","urlTemplate":"https:\/\/preprod.olympic.ca\/olympique\/?s={search_term_string}"},"query-input":{"@type":"PropertyValueSpecification","valueRequired":true,"valueName":"search_term_string"}}],"inLanguage":"fr-FR"},{"@type":"Person","@id":"https:\/\/preprod.olympic.ca\/olympique\/#\/schema\/person\/9fece45a1cf9f72c0fee2ddb948a50f4","name":"Asif Hossain","image":{"@type":"ImageObject","inLanguage":"fr-FR","@id":"https:\/\/secure.gravatar.com\/avatar\/d78674d61b6b8fcd5488a575ef3fab9b8bed1978cf5bb978adeae1f9411abe4a?s=96&d=identicon&r=g22eff5eea2e28da905f112e9933af68b","url":"https:\/\/secure.gravatar.com\/avatar\/d78674d61b6b8fcd5488a575ef3fab9b8bed1978cf5bb978adeae1f9411abe4a?s=96&d=identicon&r=g","contentUrl":"https:\/\/secure.gravatar.com\/avatar\/d78674d61b6b8fcd5488a575ef3fab9b8bed1978cf5bb978adeae1f9411abe4a?s=96&d=identicon&r=g","caption":"Asif Hossain"},"description":"Digital content, marketing and communications manager by trade.","sameAs":["http:\/\/asifhossain.wordpress.com"],"url":"https:\/\/preprod.olympic.ca\/olympique\/author\/asifhossain\/"}]}},"jetpack_featured_media_url":"https:\/\/preprod.olympic.ca\/olympique\/wp-content\/uploads\/sites\/2\/2014\/12\/dara.jpg?quality=100","featured_image_url":"https:\/\/preprod.olympic.ca\/olympique\/wp-content\/uploads\/sites\/2\/2014\/12\/dara.jpg?quality=100","author_name":["Asif Hossain"],"category_names":["Uncategorized"],"tag_names":["Dara Howell","Kim Lamarre","top-2014"],"video_embed_code":"","facebook_video_embed_code":"","jetpack_sharing_enabled":true,"jetpack-related-posts":[],"jetpack_shortlink":"https:\/\/wp.me\/pcGHcP-pB4","_links":{"self":[{"href":"https:\/\/preprod.olympic.ca\/olympique\/wp-json\/wp\/v2\/posts\/98398","targetHints":{"allow":["GET"]}}],"collection":[{"href":"https:\/\/preprod.olympic.ca\/olympique\/wp-json\/wp\/v2\/posts"}],"about":[{"href":"https:\/\/preprod.olympic.ca\/olympique\/wp-json\/wp\/v2\/types\/post"}],"author":[{"embeddable":true,"href":"https:\/\/preprod.olympic.ca\/olympique\/wp-json\/wp\/v2\/users\/10774097"}],"replies":[{"embeddable":true,"href":"https:\/\/preprod.olympic.ca\/olympique\/wp-json\/wp\/v2\/comments?post=98398"}],"version-history":[{"count":2,"href":"https:\/\/preprod.olympic.ca\/olympique\/wp-json\/wp\/v2\/posts\/98398\/revisions"}],"predecessor-version":[{"id":98406,"href":"https:\/\/preprod.olympic.ca\/olympique\/wp-json\/wp\/v2\/posts\/98398\/revisions\/98406"}],"wp:featuredmedia":[{"embeddable":true,"href":"https:\/\/preprod.olympic.ca\/olympique\/wp-json\/wp\/v2\/media\/98399"}],"wp:attachment":[{"href":"https:\/\/preprod.olympic.ca\/olympique\/wp-json\/wp\/v2\/media?parent=98398"}],"wp:term":[{"taxonomy":"category","embeddable":true,"href":"https:\/\/preprod.olympic.ca\/olympique\/wp-json\/wp\/v2\/categories?post=98398"},{"taxonomy":"post_tag","embeddable":true,"href":"https:\/\/preprod.olympic.ca\/olympique\/wp-json\/wp\/v2\/tags?post=98398"},{"taxonomy":"post_format","embeddable":true,"href":"https:\/\/preprod.olympic.ca\/olympique\/wp-json\/wp\/v2\/post_format?post=98398"},{"taxonomy":"sport","embeddable":true,"href":"https:\/\/preprod.olympic.ca\/olympique\/wp-json\/wp\/v2\/sport?post=98398"},{"taxonomy":"game","embeddable":true,"href":"https:\/\/preprod.olympic.ca\/olympique\/wp-json\/wp\/v2\/game?post=98398"},{"taxonomy":"author","embeddable":true,"href":"https:\/\/preprod.olympic.ca\/olympique\/wp-json\/wp\/v2\/coauthors?post=98398"}],"curies":[{"name":"wp","href":"https:\/\/api.w.org\/{rel}","templated":true}]}}