{"id":98549,"date":"2014-12-31T12:19:05","date_gmt":"2014-12-31T17:19:05","guid":{"rendered":"http:\/\/olympique.ca\/?p=98549"},"modified":"2015-01-10T15:19:51","modified_gmt":"2015-01-10T20:19:51","slug":"top-2014-la-montee-du-basketball-au-canada","status":"publish","type":"post","link":"https:\/\/preprod.olympic.ca\/olympique\/2014\/12\/31\/top-2014-la-montee-du-basketball-au-canada\/","title":{"rendered":"Top 2014: La mont\u00e9e du basketball au Canada"},"content":{"rendered":"<p><em><strong>Pendant le mois de d\u00e9cembre, Olympique.ca fait le d\u00e9compte des moments sportifs canadiens qui ont marqu\u00e9 2014.<\/strong><\/em><\/p>\n<h1>Le basketball canadien a connu une ann\u00e9e exceptionnelle sur tous les plans, mais trois retiennent notre attention.<\/h1>\n<p><strong>Le rep\u00eachage<\/strong><\/p>\n<p>Le 26 juin 2014 \u00e9tait un grand jour pour le basketball canadien quand trois de ses joueurs, <a href=\"http:\/\/olympique.ca\/2014\/06\/27\/andrew-wiggings-selectionne-premier-au-repechage-de-la-nba\/\">Andrew Wiggins, Nik Stauskas et Tyler Ennis, ont \u00e9t\u00e9 choisis au premier tour<\/a> du rep\u00eachage de la NBA. Le premier choix revenait aussi \u00e0 un joueur canadien pour la deuxi\u00e8me ann\u00e9e cons\u00e9cutive.<\/p>\n<div id=\"attachment_98550\" style=\"width: 1350px\" class=\"wp-caption aligncenter\"><a href=\"https:\/\/preprod.olympic.ca\/wp-content\/uploads\/sites\/2\/2014\/12\/wiggins1.jpg\"><img loading=\"lazy\" decoding=\"async\" aria-describedby=\"caption-attachment-98550\" class=\"wp-image-98550 size-full\" src=\"https:\/\/preprod.olympic.ca\/wp-content\/uploads\/sites\/2\/2014\/12\/wiggins1.jpg\" alt=\"\" width=\"1340\" height=\"900\" srcset=\"https:\/\/preprod.olympic.ca\/olympique\/wp-content\/uploads\/sites\/2\/2014\/12\/wiggins1.jpg 1340w, https:\/\/preprod.olympic.ca\/olympique\/wp-content\/uploads\/sites\/2\/2014\/12\/wiggins1.jpg?resize=235,158 235w, https:\/\/preprod.olympic.ca\/olympique\/wp-content\/uploads\/sites\/2\/2014\/12\/wiggins1.jpg?resize=552,371 552w, https:\/\/preprod.olympic.ca\/olympique\/wp-content\/uploads\/sites\/2\/2014\/12\/wiggins1.jpg?resize=768,516 768w, https:\/\/preprod.olympic.ca\/olympique\/wp-content\/uploads\/sites\/2\/2014\/12\/wiggins1.jpg?resize=1123,754 1123w\" sizes=\"(max-width: 1340px) 100vw, 1340px\" \/><\/a><p id=\"caption-attachment-98550\" class=\"wp-caption-text\">Andrew Wiggins (droite) avec le commissaire de la NBA Adam Silver apr\u00e8s avoir \u00e9t\u00e9 rep\u00each\u00e9 au premier rang par les Cavaliers de Cleveland. Wiggins a \u00e9ventuellement \u00e9t\u00e9 \u00e9chang\u00e9 au Minnesota.<\/p><\/div>\n<p>Le premier choix au rep\u00eachage de l\u2019an dernier, Anthony Bennett (2013), et celui de cette ann\u00e9e, Andrew Wiggins, 19 ans, jouent ensemble au Minnesota. Wiggins, le meilleur joueur de basketball produit par le Canada depuis <a title=\"Steve Nash\" href=\"http:\/\/olympique.ca\/team-canada\/steve-nash\/\">Steve Nash<\/a>, a r\u00e9colt\u00e9 une moyenne de 12,8 points par match lors de sa premi\u00e8re saison. Son talent offensif promet de garder les spectateurs sur le bout de leur si\u00e8ge pour les ann\u00e9es \u00e0 venir, et son jeu d\u00e9fensif impressionne d\u00e9j\u00e0 les sp\u00e9cialistes du basketball.<\/p>\n<p><strong>Le bond<\/strong><\/p>\n<p>Ce ne sont pas seulement les \u00e9toiles de la NBA qui font le succ\u00e8s du basketball canadien. L\u2019\u00e9quipe f\u00e9minine de Basketball Canada a r\u00e9alis\u00e9 une perc\u00e9e prometteuse cette ann\u00e9e.<\/p>\n<div id=\"attachment_98551\" style=\"width: 1010px\" class=\"wp-caption aligncenter\"><a href=\"https:\/\/preprod.olympic.ca\/wp-content\/uploads\/sites\/2\/2014\/12\/gaucher.jpg\"><img loading=\"lazy\" decoding=\"async\" aria-describedby=\"caption-attachment-98551\" class=\"wp-image-98551 size-full\" src=\"https:\/\/preprod.olympic.ca\/wp-content\/uploads\/sites\/2\/2014\/12\/gaucher.jpg\" alt=\"\" width=\"1000\" height=\"563\" srcset=\"https:\/\/preprod.olympic.ca\/olympique\/wp-content\/uploads\/sites\/2\/2014\/12\/gaucher.jpg 1000w, https:\/\/preprod.olympic.ca\/olympique\/wp-content\/uploads\/sites\/2\/2014\/12\/gaucher.jpg?resize=280,158 280w, https:\/\/preprod.olympic.ca\/olympique\/wp-content\/uploads\/sites\/2\/2014\/12\/gaucher.jpg?resize=660,371 660w, https:\/\/preprod.olympic.ca\/olympique\/wp-content\/uploads\/sites\/2\/2014\/12\/gaucher.jpg?resize=768,432 768w\" sizes=\"(max-width: 1000px) 100vw, 1000px\" \/><\/a><p id=\"caption-attachment-98551\" class=\"wp-caption-text\">Kim Gaucher c\u00e9l\u00e8bre une victoire du Canada aux Championnats du monde. (Photo: FIBA).<\/p><\/div>\n<p><a href=\"http:\/\/olympique.ca\/2014\/10\/09\/les-canadiennes-terminent-5e-aux-mondiaux-de-basketball\/\">Sa cinqui\u00e8me place au Championnat au monde de la FIBA<\/a> ne lui a peut-\u00eatre pas procur\u00e9 une m\u00e9daille, mais il s\u2019agit de la meilleure performance d\u2019\u00c9quipe Canada depuis 1986. Elle repr\u00e9sente aussi un bond de sept rangs au classement pour l\u2019\u00e9quipe qui avait termin\u00e9 12<sup>e<\/sup> en 2010 \u00e0 la derni\u00e8re \u00e9dition tournoi qui a lieu tous les quatre ans.<\/p>\n<p>Neuvi\u00e8me \u00e9quipe au monde au d\u00e9but du tournoi, les joueuses canadiennes ont eu raison de la France, de la R\u00e9publique tch\u00e8que et de la Chine, toutes class\u00e9es devant elles, pour se tailler une place dans le top cinq. Une pareille performance au Championnat f\u00e9minin 2015 de la FIBA, Zone des Am\u00e9riques (en ao\u00fbt \u00e0 Edmonton) pourrait leur ouvrir toute grande la porte des Jeux olympiques.<\/p>\n<p><strong>Le dinosaure (un dinosaure jeune et cool)<\/strong><\/p>\n<p>Si le Canada est dans la bonne direction sur le terrain, la renaissance des Raptors de Toronto dans la NBA contribue \u00e0 attirer davantage d\u2019attention sur le sport. Les partisans de l\u2019\u00e9quipe sont jeunes, exub\u00e9rants et d\u00e9sireux de sortir de l\u2019ombre dans une ville et un pays qui n\u2019en ont que pour le hockey. Ce sont eux qui aideront \u00e0 vendre le basketball aux Canadiens de fa\u00e7on durable.<\/p>\n<p><img loading=\"lazy\" decoding=\"async\" class=\"alignleft size-full wp-image-98554\" src=\"https:\/\/preprod.olympic.ca\/wp-content\/uploads\/sites\/2\/2014\/12\/mlsq2.jpg\" alt=\"mlsq2\" width=\"1340\" height=\"754\" srcset=\"https:\/\/preprod.olympic.ca\/olympique\/wp-content\/uploads\/sites\/2\/2014\/12\/mlsq2.jpg 1340w, https:\/\/preprod.olympic.ca\/olympique\/wp-content\/uploads\/sites\/2\/2014\/12\/mlsq2.jpg?resize=280,158 280w, https:\/\/preprod.olympic.ca\/olympique\/wp-content\/uploads\/sites\/2\/2014\/12\/mlsq2.jpg?resize=660,371 660w, https:\/\/preprod.olympic.ca\/olympique\/wp-content\/uploads\/sites\/2\/2014\/12\/mlsq2.jpg?resize=768,432 768w\" sizes=\"(max-width: 1340px) 100vw, 1340px\" \/><\/p>\n<p>C\u2019est une belle \u00e9poque pour le basketball canadien.<\/p>\n","protected":false},"excerpt":{"rendered":"<p>Pendant le mois de d\u00e9cembre, Olympique.ca fait le d\u00e9compte des moments sportifs canadiens qui ont marqu\u00e9 2014. Le basketball canadien&#8230;<\/p>\n","protected":false},"author":10774097,"featured_media":98555,"comment_status":"open","ping_status":"closed","sticky":false,"template":"","format":"standard","meta":{"_acf_changed":false,"_jetpack_memberships_contains_paid_content":false,"footnotes":""},"categories":[16085],"tags":[25983706,113141831],"post_format":"standard","sport":[1985],"game":[],"coauthors":[197553292],"class_list":["post-98549","post","type-post","status-publish","format-standard","has-post-thumbnail","hentry","category-nouvelles","tag-andrew-wiggins","tag-top-2014","sport-basketball"],"acf":[],"yoast_head":"<!-- This site is optimized with the Yoast SEO plugin v27.3 - https:\/\/yoast.com\/product\/yoast-seo-wordpress\/ -->\n<title>Top 2014: La mont\u00e9e du basketball au Canada - \u00c9quipe Canada | Site officiel de l&#039;\u00e9quipe olympique<\/title>\n<meta name=\"robots\" content=\"index, follow, max-snippet:-1, max-image-preview:large, max-video-preview:-1\" \/>\n<link rel=\"canonical\" href=\"https:\/\/preprod.olympic.ca\/olympique\/2014\/12\/31\/top-2014-la-montee-du-basketball-au-canada\/\" \/>\n<meta property=\"og:locale\" content=\"fr_FR\" \/>\n<meta property=\"og:type\" content=\"article\" \/>\n<meta property=\"og:title\" content=\"Top 2014: La mont\u00e9e du basketball au Canada - \u00c9quipe Canada | Site officiel de l&#039;\u00e9quipe olympique\" \/>\n<meta property=\"og:description\" content=\"Pendant le mois de d\u00e9cembre, Olympique.ca fait le d\u00e9compte des moments sportifs canadiens qui ont marqu\u00e9 2014. Le basketball canadien...\" \/>\n<meta property=\"og:url\" content=\"https:\/\/preprod.olympic.ca\/olympique\/2014\/12\/31\/top-2014-la-montee-du-basketball-au-canada\/\" \/>\n<meta property=\"og:site_name\" content=\"\u00c9quipe Canada | Site officiel de l&#039;\u00e9quipe olympique\" \/>\n<meta property=\"article:published_time\" content=\"2014-12-31T17:19:05+00:00\" \/>\n<meta property=\"article:modified_time\" content=\"2015-01-10T20:19:51+00:00\" \/>\n<meta property=\"og:image\" content=\"https:\/\/preprod.olympic.ca\/olympique\/wp-content\/uploads\/sites\/2\/2014\/12\/bball.jpg?quality=100\" \/>\n\t<meta property=\"og:image:width\" content=\"670\" \/>\n\t<meta property=\"og:image:height\" content=\"377\" \/>\n\t<meta property=\"og:image:type\" content=\"image\/jpeg\" \/>\n<meta name=\"author\" content=\"Asif Hossain\" \/>\n<meta name=\"twitter:card\" content=\"summary_large_image\" \/>\n<meta name=\"twitter:label1\" content=\"Written by\" \/>\n\t<meta name=\"twitter:data1\" content=\"Asif Hossain\" \/>\n\t<meta name=\"twitter:label2\" content=\"Est. reading time\" \/>\n\t<meta name=\"twitter:data2\" content=\"2 minutes\" \/>\n<script type=\"application\/ld+json\" class=\"yoast-schema-graph\">{\"@context\":\"https:\\\/\\\/schema.org\",\"@graph\":[{\"@type\":\"Article\",\"@id\":\"https:\\\/\\\/preprod.olympic.ca\\\/olympique\\\/2014\\\/12\\\/31\\\/top-2014-la-montee-du-basketball-au-canada\\\/#article\",\"isPartOf\":{\"@id\":\"https:\\\/\\\/preprod.olympic.ca\\\/olympique\\\/2014\\\/12\\\/31\\\/top-2014-la-montee-du-basketball-au-canada\\\/\"},\"author\":{\"name\":\"Asif Hossain\",\"@id\":\"https:\\\/\\\/preprod.olympic.ca\\\/olympique\\\/#\\\/schema\\\/person\\\/9fece45a1cf9f72c0fee2ddb948a50f4\"},\"headline\":\"Top 2014: La mont\u00e9e du basketball au Canada\",\"datePublished\":\"2014-12-31T17:19:05+00:00\",\"dateModified\":\"2015-01-10T20:19:51+00:00\",\"mainEntityOfPage\":{\"@id\":\"https:\\\/\\\/preprod.olympic.ca\\\/olympique\\\/2014\\\/12\\\/31\\\/top-2014-la-montee-du-basketball-au-canada\\\/\"},\"wordCount\":506,\"commentCount\":0,\"image\":{\"@id\":\"https:\\\/\\\/preprod.olympic.ca\\\/olympique\\\/2014\\\/12\\\/31\\\/top-2014-la-montee-du-basketball-au-canada\\\/#primaryimage\"},\"thumbnailUrl\":\"https:\\\/\\\/preprod.olympic.ca\\\/olympique\\\/wp-content\\\/uploads\\\/sites\\\/2\\\/2014\\\/12\\\/bball.jpg?quality=100\",\"keywords\":[\"Andrew Wiggins\",\"top-2014\"],\"articleSection\":[\"Nouvelles\"],\"inLanguage\":\"fr-FR\",\"potentialAction\":[{\"@type\":\"CommentAction\",\"name\":\"Comment\",\"target\":[\"https:\\\/\\\/preprod.olympic.ca\\\/olympique\\\/2014\\\/12\\\/31\\\/top-2014-la-montee-du-basketball-au-canada\\\/#respond\"]}]},{\"@type\":\"WebPage\",\"@id\":\"https:\\\/\\\/preprod.olympic.ca\\\/olympique\\\/2014\\\/12\\\/31\\\/top-2014-la-montee-du-basketball-au-canada\\\/\",\"url\":\"https:\\\/\\\/preprod.olympic.ca\\\/olympique\\\/2014\\\/12\\\/31\\\/top-2014-la-montee-du-basketball-au-canada\\\/\",\"name\":\"Top 2014: La mont\u00e9e du basketball au Canada - \u00c9quipe Canada | Site officiel de l&#039;\u00e9quipe olympique\",\"isPartOf\":{\"@id\":\"https:\\\/\\\/preprod.olympic.ca\\\/olympique\\\/#website\"},\"primaryImageOfPage\":{\"@id\":\"https:\\\/\\\/preprod.olympic.ca\\\/olympique\\\/2014\\\/12\\\/31\\\/top-2014-la-montee-du-basketball-au-canada\\\/#primaryimage\"},\"image\":{\"@id\":\"https:\\\/\\\/preprod.olympic.ca\\\/olympique\\\/2014\\\/12\\\/31\\\/top-2014-la-montee-du-basketball-au-canada\\\/#primaryimage\"},\"thumbnailUrl\":\"https:\\\/\\\/preprod.olympic.ca\\\/olympique\\\/wp-content\\\/uploads\\\/sites\\\/2\\\/2014\\\/12\\\/bball.jpg?quality=100\",\"datePublished\":\"2014-12-31T17:19:05+00:00\",\"dateModified\":\"2015-01-10T20:19:51+00:00\",\"author\":{\"@id\":\"https:\\\/\\\/preprod.olympic.ca\\\/olympique\\\/#\\\/schema\\\/person\\\/9fece45a1cf9f72c0fee2ddb948a50f4\"},\"inLanguage\":\"fr-FR\",\"potentialAction\":[{\"@type\":\"ReadAction\",\"target\":[\"https:\\\/\\\/preprod.olympic.ca\\\/olympique\\\/2014\\\/12\\\/31\\\/top-2014-la-montee-du-basketball-au-canada\\\/\"]}]},{\"@type\":\"ImageObject\",\"inLanguage\":\"fr-FR\",\"@id\":\"https:\\\/\\\/preprod.olympic.ca\\\/olympique\\\/2014\\\/12\\\/31\\\/top-2014-la-montee-du-basketball-au-canada\\\/#primaryimage\",\"url\":\"https:\\\/\\\/preprod.olympic.ca\\\/olympique\\\/wp-content\\\/uploads\\\/sites\\\/2\\\/2014\\\/12\\\/bball.jpg?quality=100\",\"contentUrl\":\"https:\\\/\\\/preprod.olympic.ca\\\/olympique\\\/wp-content\\\/uploads\\\/sites\\\/2\\\/2014\\\/12\\\/bball.jpg?quality=100\",\"width\":670,\"height\":377},{\"@type\":\"WebSite\",\"@id\":\"https:\\\/\\\/preprod.olympic.ca\\\/olympique\\\/#website\",\"url\":\"https:\\\/\\\/preprod.olympic.ca\\\/olympique\\\/\",\"name\":\"\u00c9quipe Canada | Site officiel de l&#039;\u00e9quipe olympique\",\"description\":\"Votre source pour l\u2019\u00c9quipe olympique canadienne. Retrouvez les r\u00e9cits, vid\u00e9os et photos des athl\u00e8tes canadiens, sports olympiques, Jeux olympiques de 2020 et bien plus!\",\"potentialAction\":[{\"@type\":\"SearchAction\",\"target\":{\"@type\":\"EntryPoint\",\"urlTemplate\":\"https:\\\/\\\/preprod.olympic.ca\\\/olympique\\\/?s={search_term_string}\"},\"query-input\":{\"@type\":\"PropertyValueSpecification\",\"valueRequired\":true,\"valueName\":\"search_term_string\"}}],\"inLanguage\":\"fr-FR\"},{\"@type\":\"Person\",\"@id\":\"https:\\\/\\\/preprod.olympic.ca\\\/olympique\\\/#\\\/schema\\\/person\\\/9fece45a1cf9f72c0fee2ddb948a50f4\",\"name\":\"Asif Hossain\",\"image\":{\"@type\":\"ImageObject\",\"inLanguage\":\"fr-FR\",\"@id\":\"https:\\\/\\\/secure.gravatar.com\\\/avatar\\\/d78674d61b6b8fcd5488a575ef3fab9b8bed1978cf5bb978adeae1f9411abe4a?s=96&d=identicon&r=g22eff5eea2e28da905f112e9933af68b\",\"url\":\"https:\\\/\\\/secure.gravatar.com\\\/avatar\\\/d78674d61b6b8fcd5488a575ef3fab9b8bed1978cf5bb978adeae1f9411abe4a?s=96&d=identicon&r=g\",\"contentUrl\":\"https:\\\/\\\/secure.gravatar.com\\\/avatar\\\/d78674d61b6b8fcd5488a575ef3fab9b8bed1978cf5bb978adeae1f9411abe4a?s=96&d=identicon&r=g\",\"caption\":\"Asif Hossain\"},\"description\":\"Digital content, marketing and communications manager by trade.\",\"sameAs\":[\"http:\\\/\\\/asifhossain.wordpress.com\"],\"url\":\"https:\\\/\\\/preprod.olympic.ca\\\/olympique\\\/author\\\/asifhossain\\\/\"}]}<\/script>\n<!-- \/ Yoast SEO plugin. -->","yoast_head_json":{"title":"Top 2014: La mont\u00e9e du basketball au Canada - \u00c9quipe Canada | Site officiel de l&#039;\u00e9quipe olympique","robots":{"index":"index","follow":"follow","max-snippet":"max-snippet:-1","max-image-preview":"max-image-preview:large","max-video-preview":"max-video-preview:-1"},"canonical":"https:\/\/preprod.olympic.ca\/olympique\/2014\/12\/31\/top-2014-la-montee-du-basketball-au-canada\/","og_locale":"fr_FR","og_type":"article","og_title":"Top 2014: La mont\u00e9e du basketball au Canada - \u00c9quipe Canada | Site officiel de l&#039;\u00e9quipe olympique","og_description":"Pendant le mois de d\u00e9cembre, Olympique.ca fait le d\u00e9compte des moments sportifs canadiens qui ont marqu\u00e9 2014. Le basketball canadien...","og_url":"https:\/\/preprod.olympic.ca\/olympique\/2014\/12\/31\/top-2014-la-montee-du-basketball-au-canada\/","og_site_name":"\u00c9quipe Canada | Site officiel de l&#039;\u00e9quipe olympique","article_published_time":"2014-12-31T17:19:05+00:00","article_modified_time":"2015-01-10T20:19:51+00:00","og_image":[{"width":670,"height":377,"url":"https:\/\/preprod.olympic.ca\/olympique\/wp-content\/uploads\/sites\/2\/2014\/12\/bball.jpg?quality=100","type":"image\/jpeg"}],"author":"Asif Hossain","twitter_card":"summary_large_image","twitter_misc":{"Written by":"Asif Hossain","Est. reading time":"2 minutes"},"schema":{"@context":"https:\/\/schema.org","@graph":[{"@type":"Article","@id":"https:\/\/preprod.olympic.ca\/olympique\/2014\/12\/31\/top-2014-la-montee-du-basketball-au-canada\/#article","isPartOf":{"@id":"https:\/\/preprod.olympic.ca\/olympique\/2014\/12\/31\/top-2014-la-montee-du-basketball-au-canada\/"},"author":{"name":"Asif Hossain","@id":"https:\/\/preprod.olympic.ca\/olympique\/#\/schema\/person\/9fece45a1cf9f72c0fee2ddb948a50f4"},"headline":"Top 2014: La mont\u00e9e du basketball au Canada","datePublished":"2014-12-31T17:19:05+00:00","dateModified":"2015-01-10T20:19:51+00:00","mainEntityOfPage":{"@id":"https:\/\/preprod.olympic.ca\/olympique\/2014\/12\/31\/top-2014-la-montee-du-basketball-au-canada\/"},"wordCount":506,"commentCount":0,"image":{"@id":"https:\/\/preprod.olympic.ca\/olympique\/2014\/12\/31\/top-2014-la-montee-du-basketball-au-canada\/#primaryimage"},"thumbnailUrl":"https:\/\/preprod.olympic.ca\/olympique\/wp-content\/uploads\/sites\/2\/2014\/12\/bball.jpg?quality=100","keywords":["Andrew Wiggins","top-2014"],"articleSection":["Nouvelles"],"inLanguage":"fr-FR","potentialAction":[{"@type":"CommentAction","name":"Comment","target":["https:\/\/preprod.olympic.ca\/olympique\/2014\/12\/31\/top-2014-la-montee-du-basketball-au-canada\/#respond"]}]},{"@type":"WebPage","@id":"https:\/\/preprod.olympic.ca\/olympique\/2014\/12\/31\/top-2014-la-montee-du-basketball-au-canada\/","url":"https:\/\/preprod.olympic.ca\/olympique\/2014\/12\/31\/top-2014-la-montee-du-basketball-au-canada\/","name":"Top 2014: La mont\u00e9e du basketball au Canada - \u00c9quipe Canada | Site officiel de l&#039;\u00e9quipe olympique","isPartOf":{"@id":"https:\/\/preprod.olympic.ca\/olympique\/#website"},"primaryImageOfPage":{"@id":"https:\/\/preprod.olympic.ca\/olympique\/2014\/12\/31\/top-2014-la-montee-du-basketball-au-canada\/#primaryimage"},"image":{"@id":"https:\/\/preprod.olympic.ca\/olympique\/2014\/12\/31\/top-2014-la-montee-du-basketball-au-canada\/#primaryimage"},"thumbnailUrl":"https:\/\/preprod.olympic.ca\/olympique\/wp-content\/uploads\/sites\/2\/2014\/12\/bball.jpg?quality=100","datePublished":"2014-12-31T17:19:05+00:00","dateModified":"2015-01-10T20:19:51+00:00","author":{"@id":"https:\/\/preprod.olympic.ca\/olympique\/#\/schema\/person\/9fece45a1cf9f72c0fee2ddb948a50f4"},"inLanguage":"fr-FR","potentialAction":[{"@type":"ReadAction","target":["https:\/\/preprod.olympic.ca\/olympique\/2014\/12\/31\/top-2014-la-montee-du-basketball-au-canada\/"]}]},{"@type":"ImageObject","inLanguage":"fr-FR","@id":"https:\/\/preprod.olympic.ca\/olympique\/2014\/12\/31\/top-2014-la-montee-du-basketball-au-canada\/#primaryimage","url":"https:\/\/preprod.olympic.ca\/olympique\/wp-content\/uploads\/sites\/2\/2014\/12\/bball.jpg?quality=100","contentUrl":"https:\/\/preprod.olympic.ca\/olympique\/wp-content\/uploads\/sites\/2\/2014\/12\/bball.jpg?quality=100","width":670,"height":377},{"@type":"WebSite","@id":"https:\/\/preprod.olympic.ca\/olympique\/#website","url":"https:\/\/preprod.olympic.ca\/olympique\/","name":"\u00c9quipe Canada | Site officiel de l&#039;\u00e9quipe olympique","description":"Votre source pour l\u2019\u00c9quipe olympique canadienne. Retrouvez les r\u00e9cits, vid\u00e9os et photos des athl\u00e8tes canadiens, sports olympiques, Jeux olympiques de 2020 et bien plus!","potentialAction":[{"@type":"SearchAction","target":{"@type":"EntryPoint","urlTemplate":"https:\/\/preprod.olympic.ca\/olympique\/?s={search_term_string}"},"query-input":{"@type":"PropertyValueSpecification","valueRequired":true,"valueName":"search_term_string"}}],"inLanguage":"fr-FR"},{"@type":"Person","@id":"https:\/\/preprod.olympic.ca\/olympique\/#\/schema\/person\/9fece45a1cf9f72c0fee2ddb948a50f4","name":"Asif Hossain","image":{"@type":"ImageObject","inLanguage":"fr-FR","@id":"https:\/\/secure.gravatar.com\/avatar\/d78674d61b6b8fcd5488a575ef3fab9b8bed1978cf5bb978adeae1f9411abe4a?s=96&d=identicon&r=g22eff5eea2e28da905f112e9933af68b","url":"https:\/\/secure.gravatar.com\/avatar\/d78674d61b6b8fcd5488a575ef3fab9b8bed1978cf5bb978adeae1f9411abe4a?s=96&d=identicon&r=g","contentUrl":"https:\/\/secure.gravatar.com\/avatar\/d78674d61b6b8fcd5488a575ef3fab9b8bed1978cf5bb978adeae1f9411abe4a?s=96&d=identicon&r=g","caption":"Asif Hossain"},"description":"Digital content, marketing and communications manager by trade.","sameAs":["http:\/\/asifhossain.wordpress.com"],"url":"https:\/\/preprod.olympic.ca\/olympique\/author\/asifhossain\/"}]}},"jetpack_featured_media_url":"https:\/\/preprod.olympic.ca\/olympique\/wp-content\/uploads\/sites\/2\/2014\/12\/bball.jpg?quality=100","featured_image_url":"https:\/\/preprod.olympic.ca\/olympique\/wp-content\/uploads\/sites\/2\/2014\/12\/bball.jpg?quality=100","author_name":["Asif Hossain"],"category_names":["Nouvelles"],"tag_names":["Andrew Wiggins","top-2014"],"video_embed_code":"","facebook_video_embed_code":"","jetpack_sharing_enabled":true,"jetpack-related-posts":[],"jetpack_shortlink":"https:\/\/wp.me\/pcGHcP-pDv","_links":{"self":[{"href":"https:\/\/preprod.olympic.ca\/olympique\/wp-json\/wp\/v2\/posts\/98549","targetHints":{"allow":["GET"]}}],"collection":[{"href":"https:\/\/preprod.olympic.ca\/olympique\/wp-json\/wp\/v2\/posts"}],"about":[{"href":"https:\/\/preprod.olympic.ca\/olympique\/wp-json\/wp\/v2\/types\/post"}],"author":[{"embeddable":true,"href":"https:\/\/preprod.olympic.ca\/olympique\/wp-json\/wp\/v2\/users\/10774097"}],"replies":[{"embeddable":true,"href":"https:\/\/preprod.olympic.ca\/olympique\/wp-json\/wp\/v2\/comments?post=98549"}],"version-history":[{"count":3,"href":"https:\/\/preprod.olympic.ca\/olympique\/wp-json\/wp\/v2\/posts\/98549\/revisions"}],"predecessor-version":[{"id":98556,"href":"https:\/\/preprod.olympic.ca\/olympique\/wp-json\/wp\/v2\/posts\/98549\/revisions\/98556"}],"wp:featuredmedia":[{"embeddable":true,"href":"https:\/\/preprod.olympic.ca\/olympique\/wp-json\/wp\/v2\/media\/98555"}],"wp:attachment":[{"href":"https:\/\/preprod.olympic.ca\/olympique\/wp-json\/wp\/v2\/media?parent=98549"}],"wp:term":[{"taxonomy":"category","embeddable":true,"href":"https:\/\/preprod.olympic.ca\/olympique\/wp-json\/wp\/v2\/categories?post=98549"},{"taxonomy":"post_tag","embeddable":true,"href":"https:\/\/preprod.olympic.ca\/olympique\/wp-json\/wp\/v2\/tags?post=98549"},{"taxonomy":"post_format","embeddable":true,"href":"https:\/\/preprod.olympic.ca\/olympique\/wp-json\/wp\/v2\/post_format?post=98549"},{"taxonomy":"sport","embeddable":true,"href":"https:\/\/preprod.olympic.ca\/olympique\/wp-json\/wp\/v2\/sport?post=98549"},{"taxonomy":"game","embeddable":true,"href":"https:\/\/preprod.olympic.ca\/olympique\/wp-json\/wp\/v2\/game?post=98549"},{"taxonomy":"author","embeddable":true,"href":"https:\/\/preprod.olympic.ca\/olympique\/wp-json\/wp\/v2\/coauthors?post=98549"}],"curies":[{"name":"wp","href":"https:\/\/api.w.org\/{rel}","templated":true}]}}