{"id":9861,"date":"2010-09-17T23:55:21","date_gmt":"2010-09-18T03:55:21","guid":{"rendered":"http:\/\/preprod.olympic.ca\/?p=9861"},"modified":"2013-08-01T01:11:12","modified_gmt":"2013-08-01T01:11:12","slug":"le-tournoi-de-golf-olympique-canadien-amasse-des-fonds-pour-les-athletes-canadiens","status":"publish","type":"post","link":"https:\/\/preprod.olympic.ca\/olympique\/2010\/09\/17\/le-tournoi-de-golf-olympique-canadien-amasse-des-fonds-pour-les-athletes-canadiens\/","title":{"rendered":"Le Tournoi de golf olympique canadien amasse des fonds pour les athl\u00e8tes canadiens"},"content":{"rendered":"<p>Le Comit\u00e9 olympique canadien (COC) tient aujourd\u2019hui son 8e Tournoi de golf olympique canadien annuel pr\u00e9sent\u00e9 par Bell.  Cet important \u00e9v\u00e9nement-b\u00e9n\u00e9fice vise \u00e0 appuyer l\u2019\u00c9quipe olympique canadienne par le biais de la Fondation olympique canadienne. Ce tournoi priv\u00e9 aura lieu au spectaculaire club de golf de Whistler pour la huiti\u00e8me ann\u00e9e cons\u00e9cutive et sera suivi d\u2019un souper de gala, au cours duquel se tiendront un encan silencieux et une vente \u00e0 la cri\u00e9e, au Four Seasons Resort Whistler. <\/p>\n<p>Depuis 2002, cet \u00e9v\u00e9nement renomm\u00e9 a permis d\u2019amasser plus de 1,8 million de dollars pour les athl\u00e8tes de haut niveau. Les fonds sont consacr\u00e9s au d\u00e9veloppement des athl\u00e8tes, tant les Olympiens que les espoirs olympiques, qui s\u2019entra\u00eenent toute l\u2019ann\u00e9e pour repr\u00e9senter le Canada dans sa mission, qui est de faire partie des meilleures nations olympiques au monde.<\/p>\n<p>\u00ab Nous sommes enchant\u00e9s que nos partenaires du monde des affaires, les membres de la communaut\u00e9 sportive et du Mouvement olympique et les supporteurs du Mouvement olympique se soient joints \u00e0 nous en grand nombre aujourd\u2019hui dans nos efforts pour recueillir des fonds indispensables pour l\u2019\u00c9quipe olympique canadienne, a d\u00e9clar\u00e9 le chef de la direction du Comit\u00e9 olympique canadien, Jean R. Dupr\u00e9. D\u2019un autre c\u00f4t\u00e9, c\u2019est formidable que nos athl\u00e8tes viennent dans la communaut\u00e9 et constatent eux-m\u00eames tout le soutien qu\u2019ils re\u00e7oivent de nos nombreux partenaires. \u00bb <\/p>\n<p>\u00c0 l\u2019\u00e9v\u00e9nement de cette ann\u00e9e, 14 Olympiens d\u2019\u00e9t\u00e9 et d\u2019hiver joueront au golf aux c\u00f4t\u00e9s des  participants et assisteront au gala de la soir\u00e9e anim\u00e9 par le premier reporteur et pr\u00e9sentateur de nouvelles du r\u00e9seau CTV, Mike Killeen. Parmi les Olympiens pr\u00e9sents figurent cinq m\u00e9daill\u00e9s des Jeux de 2010 : Ashleigh McIvor, Denny Morrison, Chris Le Bihan, Helen Upperton et Shelley-Ann Brown. Les athl\u00e8tes auront une excellente opportunit\u00e9 de rencontrer des commanditaires et des supporteurs du Mouvement olympique, ce qui se traduira par des occasions de r\u00e9seautage et l\u2019\u00e9tablissement de relations. <\/p>\n<p>Pendant toute la journ\u00e9e, sur le terrain de golf de Whistler, des espoirs olympiques et panam\u00e9ricains s\u2019adonneront un peu partout \u00e0 des d\u00e9monstrations de leurs sports, par exemple, le volleyball de plage dans la fosse de sable et l\u2019escrime sur le vert.  Bon nombre de concours se d\u00e9rouleront entre les trous, notamment celui qui consiste \u00e0 \u00ab Viser plus loin que l\u2019archer \u00bb, ainsi que le \u00ab coup de d\u00e9part olympique \u00bb et le \u00ab plus long coup de d\u00e9part \u00bb. Au programme de la soir\u00e9e figurent un cocktail, un souper et une c\u00e9r\u00e9monie de remise de prix, de m\u00eame que la vente aux ench\u00e8res d\u2019articles olympiques uniques et le tirage de prix sp\u00e9ciaux. <\/p>\n<p>Le Comit\u00e9 olympique canadien est reconnaissant envers ses commanditaires, partenaires, donateurs et fournisseurs pour l\u2019appui g\u00e9n\u00e9reux qu\u2019ils ont offert \u00e0 ce tournoi et pour leur engagement \u00e0 l\u2019\u00e9gard du sport canadien de haut niveau.<\/p>\n","protected":false},"excerpt":{"rendered":"<p>Le Comit\u00e9 olympique canadien (COC) tient aujourd\u2019hui son 8e Tournoi de golf olympique canadien annuel pr\u00e9sent\u00e9 par Bell. Cet important&#8230;<\/p>\n","protected":false},"author":47562643,"featured_media":10726,"comment_status":"open","ping_status":"open","sticky":false,"template":"","format":"standard","meta":{"_acf_changed":false,"_jetpack_memberships_contains_paid_content":false,"footnotes":""},"categories":[707890],"tags":[],"post_format":"standard","sport":[],"game":[],"coauthors":[186127234],"class_list":["post-9861","post","type-post","status-publish","format-standard","has-post-thumbnail","hentry","category-comite"],"acf":[],"yoast_head":"<!-- This site is optimized with the Yoast SEO plugin v27.3 - https:\/\/yoast.com\/product\/yoast-seo-wordpress\/ -->\n<title>Le Tournoi de golf olympique canadien amasse des fonds pour les athl\u00e8tes canadiens - \u00c9quipe Canada | Site officiel de l&#039;\u00e9quipe olympique<\/title>\n<meta name=\"robots\" content=\"index, follow, max-snippet:-1, max-image-preview:large, max-video-preview:-1\" \/>\n<link rel=\"canonical\" href=\"https:\/\/preprod.olympic.ca\/olympique\/2010\/09\/17\/le-tournoi-de-golf-olympique-canadien-amasse-des-fonds-pour-les-athletes-canadiens\/\" \/>\n<meta property=\"og:locale\" content=\"fr_FR\" \/>\n<meta property=\"og:type\" content=\"article\" \/>\n<meta property=\"og:title\" content=\"Le Tournoi de golf olympique canadien amasse des fonds pour les athl\u00e8tes canadiens - \u00c9quipe Canada | Site officiel de l&#039;\u00e9quipe olympique\" \/>\n<meta property=\"og:description\" content=\"Le Comit\u00e9 olympique canadien (COC) tient aujourd\u2019hui son 8e Tournoi de golf olympique canadien annuel pr\u00e9sent\u00e9 par Bell. Cet important...\" \/>\n<meta property=\"og:url\" content=\"https:\/\/preprod.olympic.ca\/olympique\/2010\/09\/17\/le-tournoi-de-golf-olympique-canadien-amasse-des-fonds-pour-les-athletes-canadiens\/\" \/>\n<meta property=\"og:site_name\" content=\"\u00c9quipe Canada | Site officiel de l&#039;\u00e9quipe olympique\" \/>\n<meta property=\"article:published_time\" content=\"2010-09-18T03:55:21+00:00\" \/>\n<meta property=\"article:modified_time\" content=\"2013-08-01T01:11:12+00:00\" \/>\n<meta property=\"og:image\" content=\"https:\/\/preprod.olympic.ca\/olympique\/wp-content\/uploads\/sites\/2\/2010\/09\/13329-whistler_golf-copy5.jpg?resize=1106,754\" \/>\n\t<meta property=\"og:image:width\" content=\"1106\" \/>\n\t<meta property=\"og:image:height\" content=\"754\" \/>\n\t<meta property=\"og:image:type\" content=\"image\/jpeg\" \/>\n<meta name=\"author\" content=\"Comit\u00e9 olympique canadien\" \/>\n<meta name=\"twitter:card\" content=\"summary_large_image\" \/>\n<meta name=\"twitter:label1\" content=\"Written by\" \/>\n\t<meta name=\"twitter:data1\" content=\"Comit\u00e9 olympique canadien\" \/>\n\t<meta name=\"twitter:label2\" content=\"Est. reading time\" \/>\n\t<meta name=\"twitter:data2\" content=\"3 minutes\" \/>\n<script type=\"application\/ld+json\" class=\"yoast-schema-graph\">{\"@context\":\"https:\\\/\\\/schema.org\",\"@graph\":[{\"@type\":\"Article\",\"@id\":\"https:\\\/\\\/preprod.olympic.ca\\\/olympique\\\/2010\\\/09\\\/17\\\/le-tournoi-de-golf-olympique-canadien-amasse-des-fonds-pour-les-athletes-canadiens\\\/#article\",\"isPartOf\":{\"@id\":\"https:\\\/\\\/preprod.olympic.ca\\\/olympique\\\/2010\\\/09\\\/17\\\/le-tournoi-de-golf-olympique-canadien-amasse-des-fonds-pour-les-athletes-canadiens\\\/\"},\"author\":{\"name\":\"cdnolympicteam\",\"@id\":\"https:\\\/\\\/preprod.olympic.ca\\\/olympique\\\/#\\\/schema\\\/person\\\/08d84fd062bf1b56ffb3808cb69aee9c\"},\"headline\":\"Le Tournoi de golf olympique canadien amasse des fonds pour les athl\u00e8tes canadiens\",\"datePublished\":\"2010-09-18T03:55:21+00:00\",\"dateModified\":\"2013-08-01T01:11:12+00:00\",\"mainEntityOfPage\":{\"@id\":\"https:\\\/\\\/preprod.olympic.ca\\\/olympique\\\/2010\\\/09\\\/17\\\/le-tournoi-de-golf-olympique-canadien-amasse-des-fonds-pour-les-athletes-canadiens\\\/\"},\"wordCount\":524,\"commentCount\":0,\"image\":{\"@id\":\"https:\\\/\\\/preprod.olympic.ca\\\/olympique\\\/2010\\\/09\\\/17\\\/le-tournoi-de-golf-olympique-canadien-amasse-des-fonds-pour-les-athletes-canadiens\\\/#primaryimage\"},\"thumbnailUrl\":\"https:\\\/\\\/preprod.olympic.ca\\\/olympique\\\/wp-content\\\/uploads\\\/sites\\\/2\\\/2010\\\/09\\\/13329-whistler_golf-copy5.jpg?quality=100\",\"articleSection\":[\"Derni\u00e8res nouvelles\"],\"inLanguage\":\"fr-FR\",\"potentialAction\":[{\"@type\":\"CommentAction\",\"name\":\"Comment\",\"target\":[\"https:\\\/\\\/preprod.olympic.ca\\\/olympique\\\/2010\\\/09\\\/17\\\/le-tournoi-de-golf-olympique-canadien-amasse-des-fonds-pour-les-athletes-canadiens\\\/#respond\"]}]},{\"@type\":\"WebPage\",\"@id\":\"https:\\\/\\\/preprod.olympic.ca\\\/olympique\\\/2010\\\/09\\\/17\\\/le-tournoi-de-golf-olympique-canadien-amasse-des-fonds-pour-les-athletes-canadiens\\\/\",\"url\":\"https:\\\/\\\/preprod.olympic.ca\\\/olympique\\\/2010\\\/09\\\/17\\\/le-tournoi-de-golf-olympique-canadien-amasse-des-fonds-pour-les-athletes-canadiens\\\/\",\"name\":\"Le Tournoi de golf olympique canadien amasse des fonds pour les athl\u00e8tes canadiens - \u00c9quipe Canada | Site officiel de l&#039;\u00e9quipe olympique\",\"isPartOf\":{\"@id\":\"https:\\\/\\\/preprod.olympic.ca\\\/olympique\\\/#website\"},\"primaryImageOfPage\":{\"@id\":\"https:\\\/\\\/preprod.olympic.ca\\\/olympique\\\/2010\\\/09\\\/17\\\/le-tournoi-de-golf-olympique-canadien-amasse-des-fonds-pour-les-athletes-canadiens\\\/#primaryimage\"},\"image\":{\"@id\":\"https:\\\/\\\/preprod.olympic.ca\\\/olympique\\\/2010\\\/09\\\/17\\\/le-tournoi-de-golf-olympique-canadien-amasse-des-fonds-pour-les-athletes-canadiens\\\/#primaryimage\"},\"thumbnailUrl\":\"https:\\\/\\\/preprod.olympic.ca\\\/olympique\\\/wp-content\\\/uploads\\\/sites\\\/2\\\/2010\\\/09\\\/13329-whistler_golf-copy5.jpg?quality=100\",\"datePublished\":\"2010-09-18T03:55:21+00:00\",\"dateModified\":\"2013-08-01T01:11:12+00:00\",\"author\":{\"@id\":\"https:\\\/\\\/preprod.olympic.ca\\\/olympique\\\/#\\\/schema\\\/person\\\/08d84fd062bf1b56ffb3808cb69aee9c\"},\"inLanguage\":\"fr-FR\",\"potentialAction\":[{\"@type\":\"ReadAction\",\"target\":[\"https:\\\/\\\/preprod.olympic.ca\\\/olympique\\\/2010\\\/09\\\/17\\\/le-tournoi-de-golf-olympique-canadien-amasse-des-fonds-pour-les-athletes-canadiens\\\/\"]}]},{\"@type\":\"ImageObject\",\"inLanguage\":\"fr-FR\",\"@id\":\"https:\\\/\\\/preprod.olympic.ca\\\/olympique\\\/2010\\\/09\\\/17\\\/le-tournoi-de-golf-olympique-canadien-amasse-des-fonds-pour-les-athletes-canadiens\\\/#primaryimage\",\"url\":\"https:\\\/\\\/preprod.olympic.ca\\\/olympique\\\/wp-content\\\/uploads\\\/sites\\\/2\\\/2010\\\/09\\\/13329-whistler_golf-copy5.jpg?quality=100\",\"contentUrl\":\"https:\\\/\\\/preprod.olympic.ca\\\/olympique\\\/wp-content\\\/uploads\\\/sites\\\/2\\\/2010\\\/09\\\/13329-whistler_golf-copy5.jpg?quality=100\",\"width\":2616,\"height\":1784},{\"@type\":\"WebSite\",\"@id\":\"https:\\\/\\\/preprod.olympic.ca\\\/olympique\\\/#website\",\"url\":\"https:\\\/\\\/preprod.olympic.ca\\\/olympique\\\/\",\"name\":\"\u00c9quipe Canada | Site officiel de l&#039;\u00e9quipe olympique\",\"description\":\"Votre source pour l\u2019\u00c9quipe olympique canadienne. Retrouvez les r\u00e9cits, vid\u00e9os et photos des athl\u00e8tes canadiens, sports olympiques, Jeux olympiques de 2020 et bien plus!\",\"potentialAction\":[{\"@type\":\"SearchAction\",\"target\":{\"@type\":\"EntryPoint\",\"urlTemplate\":\"https:\\\/\\\/preprod.olympic.ca\\\/olympique\\\/?s={search_term_string}\"},\"query-input\":{\"@type\":\"PropertyValueSpecification\",\"valueRequired\":true,\"valueName\":\"search_term_string\"}}],\"inLanguage\":\"fr-FR\"},{\"@type\":\"Person\",\"@id\":\"https:\\\/\\\/preprod.olympic.ca\\\/olympique\\\/#\\\/schema\\\/person\\\/08d84fd062bf1b56ffb3808cb69aee9c\",\"name\":\"cdnolympicteam\",\"image\":{\"@type\":\"ImageObject\",\"inLanguage\":\"fr-FR\",\"@id\":\"https:\\\/\\\/secure.gravatar.com\\\/avatar\\\/5ebf1554473077ab88cd1ec3372750991c09302ef58500182e331751d1f3473b?s=96&d=identicon&r=g7289394c1202ef020fcd9aad965e50f7\",\"url\":\"https:\\\/\\\/secure.gravatar.com\\\/avatar\\\/5ebf1554473077ab88cd1ec3372750991c09302ef58500182e331751d1f3473b?s=96&d=identicon&r=g\",\"contentUrl\":\"https:\\\/\\\/secure.gravatar.com\\\/avatar\\\/5ebf1554473077ab88cd1ec3372750991c09302ef58500182e331751d1f3473b?s=96&d=identicon&r=g\",\"caption\":\"cdnolympicteam\"},\"url\":\"https:\\\/\\\/preprod.olympic.ca\\\/olympique\\\/author\\\/cdnolympicteam\\\/\"}]}<\/script>\n<!-- \/ Yoast SEO plugin. -->","yoast_head_json":{"title":"Le Tournoi de golf olympique canadien amasse des fonds pour les athl\u00e8tes canadiens - \u00c9quipe Canada | Site officiel de l&#039;\u00e9quipe olympique","robots":{"index":"index","follow":"follow","max-snippet":"max-snippet:-1","max-image-preview":"max-image-preview:large","max-video-preview":"max-video-preview:-1"},"canonical":"https:\/\/preprod.olympic.ca\/olympique\/2010\/09\/17\/le-tournoi-de-golf-olympique-canadien-amasse-des-fonds-pour-les-athletes-canadiens\/","og_locale":"fr_FR","og_type":"article","og_title":"Le Tournoi de golf olympique canadien amasse des fonds pour les athl\u00e8tes canadiens - \u00c9quipe Canada | Site officiel de l&#039;\u00e9quipe olympique","og_description":"Le Comit\u00e9 olympique canadien (COC) tient aujourd\u2019hui son 8e Tournoi de golf olympique canadien annuel pr\u00e9sent\u00e9 par Bell. Cet important...","og_url":"https:\/\/preprod.olympic.ca\/olympique\/2010\/09\/17\/le-tournoi-de-golf-olympique-canadien-amasse-des-fonds-pour-les-athletes-canadiens\/","og_site_name":"\u00c9quipe Canada | Site officiel de l&#039;\u00e9quipe olympique","article_published_time":"2010-09-18T03:55:21+00:00","article_modified_time":"2013-08-01T01:11:12+00:00","og_image":[{"width":1106,"height":754,"url":"https:\/\/preprod.olympic.ca\/olympique\/wp-content\/uploads\/sites\/2\/2010\/09\/13329-whistler_golf-copy5.jpg?resize=1106,754","type":"image\/jpeg"}],"author":"Comit\u00e9 olympique canadien","twitter_card":"summary_large_image","twitter_misc":{"Written by":"Comit\u00e9 olympique canadien","Est. reading time":"3 minutes"},"schema":{"@context":"https:\/\/schema.org","@graph":[{"@type":"Article","@id":"https:\/\/preprod.olympic.ca\/olympique\/2010\/09\/17\/le-tournoi-de-golf-olympique-canadien-amasse-des-fonds-pour-les-athletes-canadiens\/#article","isPartOf":{"@id":"https:\/\/preprod.olympic.ca\/olympique\/2010\/09\/17\/le-tournoi-de-golf-olympique-canadien-amasse-des-fonds-pour-les-athletes-canadiens\/"},"author":{"name":"cdnolympicteam","@id":"https:\/\/preprod.olympic.ca\/olympique\/#\/schema\/person\/08d84fd062bf1b56ffb3808cb69aee9c"},"headline":"Le Tournoi de golf olympique canadien amasse des fonds pour les athl\u00e8tes canadiens","datePublished":"2010-09-18T03:55:21+00:00","dateModified":"2013-08-01T01:11:12+00:00","mainEntityOfPage":{"@id":"https:\/\/preprod.olympic.ca\/olympique\/2010\/09\/17\/le-tournoi-de-golf-olympique-canadien-amasse-des-fonds-pour-les-athletes-canadiens\/"},"wordCount":524,"commentCount":0,"image":{"@id":"https:\/\/preprod.olympic.ca\/olympique\/2010\/09\/17\/le-tournoi-de-golf-olympique-canadien-amasse-des-fonds-pour-les-athletes-canadiens\/#primaryimage"},"thumbnailUrl":"https:\/\/preprod.olympic.ca\/olympique\/wp-content\/uploads\/sites\/2\/2010\/09\/13329-whistler_golf-copy5.jpg?quality=100","articleSection":["Derni\u00e8res nouvelles"],"inLanguage":"fr-FR","potentialAction":[{"@type":"CommentAction","name":"Comment","target":["https:\/\/preprod.olympic.ca\/olympique\/2010\/09\/17\/le-tournoi-de-golf-olympique-canadien-amasse-des-fonds-pour-les-athletes-canadiens\/#respond"]}]},{"@type":"WebPage","@id":"https:\/\/preprod.olympic.ca\/olympique\/2010\/09\/17\/le-tournoi-de-golf-olympique-canadien-amasse-des-fonds-pour-les-athletes-canadiens\/","url":"https:\/\/preprod.olympic.ca\/olympique\/2010\/09\/17\/le-tournoi-de-golf-olympique-canadien-amasse-des-fonds-pour-les-athletes-canadiens\/","name":"Le Tournoi de golf olympique canadien amasse des fonds pour les athl\u00e8tes canadiens - \u00c9quipe Canada | Site officiel de l&#039;\u00e9quipe olympique","isPartOf":{"@id":"https:\/\/preprod.olympic.ca\/olympique\/#website"},"primaryImageOfPage":{"@id":"https:\/\/preprod.olympic.ca\/olympique\/2010\/09\/17\/le-tournoi-de-golf-olympique-canadien-amasse-des-fonds-pour-les-athletes-canadiens\/#primaryimage"},"image":{"@id":"https:\/\/preprod.olympic.ca\/olympique\/2010\/09\/17\/le-tournoi-de-golf-olympique-canadien-amasse-des-fonds-pour-les-athletes-canadiens\/#primaryimage"},"thumbnailUrl":"https:\/\/preprod.olympic.ca\/olympique\/wp-content\/uploads\/sites\/2\/2010\/09\/13329-whistler_golf-copy5.jpg?quality=100","datePublished":"2010-09-18T03:55:21+00:00","dateModified":"2013-08-01T01:11:12+00:00","author":{"@id":"https:\/\/preprod.olympic.ca\/olympique\/#\/schema\/person\/08d84fd062bf1b56ffb3808cb69aee9c"},"inLanguage":"fr-FR","potentialAction":[{"@type":"ReadAction","target":["https:\/\/preprod.olympic.ca\/olympique\/2010\/09\/17\/le-tournoi-de-golf-olympique-canadien-amasse-des-fonds-pour-les-athletes-canadiens\/"]}]},{"@type":"ImageObject","inLanguage":"fr-FR","@id":"https:\/\/preprod.olympic.ca\/olympique\/2010\/09\/17\/le-tournoi-de-golf-olympique-canadien-amasse-des-fonds-pour-les-athletes-canadiens\/#primaryimage","url":"https:\/\/preprod.olympic.ca\/olympique\/wp-content\/uploads\/sites\/2\/2010\/09\/13329-whistler_golf-copy5.jpg?quality=100","contentUrl":"https:\/\/preprod.olympic.ca\/olympique\/wp-content\/uploads\/sites\/2\/2010\/09\/13329-whistler_golf-copy5.jpg?quality=100","width":2616,"height":1784},{"@type":"WebSite","@id":"https:\/\/preprod.olympic.ca\/olympique\/#website","url":"https:\/\/preprod.olympic.ca\/olympique\/","name":"\u00c9quipe Canada | Site officiel de l&#039;\u00e9quipe olympique","description":"Votre source pour l\u2019\u00c9quipe olympique canadienne. Retrouvez les r\u00e9cits, vid\u00e9os et photos des athl\u00e8tes canadiens, sports olympiques, Jeux olympiques de 2020 et bien plus!","potentialAction":[{"@type":"SearchAction","target":{"@type":"EntryPoint","urlTemplate":"https:\/\/preprod.olympic.ca\/olympique\/?s={search_term_string}"},"query-input":{"@type":"PropertyValueSpecification","valueRequired":true,"valueName":"search_term_string"}}],"inLanguage":"fr-FR"},{"@type":"Person","@id":"https:\/\/preprod.olympic.ca\/olympique\/#\/schema\/person\/08d84fd062bf1b56ffb3808cb69aee9c","name":"cdnolympicteam","image":{"@type":"ImageObject","inLanguage":"fr-FR","@id":"https:\/\/secure.gravatar.com\/avatar\/5ebf1554473077ab88cd1ec3372750991c09302ef58500182e331751d1f3473b?s=96&d=identicon&r=g7289394c1202ef020fcd9aad965e50f7","url":"https:\/\/secure.gravatar.com\/avatar\/5ebf1554473077ab88cd1ec3372750991c09302ef58500182e331751d1f3473b?s=96&d=identicon&r=g","contentUrl":"https:\/\/secure.gravatar.com\/avatar\/5ebf1554473077ab88cd1ec3372750991c09302ef58500182e331751d1f3473b?s=96&d=identicon&r=g","caption":"cdnolympicteam"},"url":"https:\/\/preprod.olympic.ca\/olympique\/author\/cdnolympicteam\/"}]}},"jetpack_featured_media_url":"https:\/\/preprod.olympic.ca\/olympique\/wp-content\/uploads\/sites\/2\/2010\/09\/13329-whistler_golf-copy5.jpg?quality=100","featured_image_url":"https:\/\/preprod.olympic.ca\/olympique\/wp-content\/uploads\/sites\/2\/2010\/09\/13329-whistler_golf-copy5.jpg?quality=100","author_name":["Comit\u00e9 olympique canadien"],"category_names":["Derni\u00e8res nouvelles"],"tag_names":[],"video_embed_code":"","facebook_video_embed_code":"","jetpack_sharing_enabled":true,"jetpack-related-posts":[],"jetpack_shortlink":"https:\/\/wp.me\/pcGHcP-2z3","_links":{"self":[{"href":"https:\/\/preprod.olympic.ca\/olympique\/wp-json\/wp\/v2\/posts\/9861","targetHints":{"allow":["GET"]}}],"collection":[{"href":"https:\/\/preprod.olympic.ca\/olympique\/wp-json\/wp\/v2\/posts"}],"about":[{"href":"https:\/\/preprod.olympic.ca\/olympique\/wp-json\/wp\/v2\/types\/post"}],"author":[{"embeddable":true,"href":"https:\/\/preprod.olympic.ca\/olympique\/wp-json\/wp\/v2\/users\/47562643"}],"replies":[{"embeddable":true,"href":"https:\/\/preprod.olympic.ca\/olympique\/wp-json\/wp\/v2\/comments?post=9861"}],"version-history":[{"count":1,"href":"https:\/\/preprod.olympic.ca\/olympique\/wp-json\/wp\/v2\/posts\/9861\/revisions"}],"predecessor-version":[{"id":82986,"href":"https:\/\/preprod.olympic.ca\/olympique\/wp-json\/wp\/v2\/posts\/9861\/revisions\/82986"}],"wp:featuredmedia":[{"embeddable":true,"href":"https:\/\/preprod.olympic.ca\/olympique\/wp-json\/wp\/v2\/media\/10726"}],"wp:attachment":[{"href":"https:\/\/preprod.olympic.ca\/olympique\/wp-json\/wp\/v2\/media?parent=9861"}],"wp:term":[{"taxonomy":"category","embeddable":true,"href":"https:\/\/preprod.olympic.ca\/olympique\/wp-json\/wp\/v2\/categories?post=9861"},{"taxonomy":"post_tag","embeddable":true,"href":"https:\/\/preprod.olympic.ca\/olympique\/wp-json\/wp\/v2\/tags?post=9861"},{"taxonomy":"post_format","embeddable":true,"href":"https:\/\/preprod.olympic.ca\/olympique\/wp-json\/wp\/v2\/post_format?post=9861"},{"taxonomy":"sport","embeddable":true,"href":"https:\/\/preprod.olympic.ca\/olympique\/wp-json\/wp\/v2\/sport?post=9861"},{"taxonomy":"game","embeddable":true,"href":"https:\/\/preprod.olympic.ca\/olympique\/wp-json\/wp\/v2\/game?post=9861"},{"taxonomy":"author","embeddable":true,"href":"https:\/\/preprod.olympic.ca\/olympique\/wp-json\/wp\/v2\/coauthors?post=9861"}],"curies":[{"name":"wp","href":"https:\/\/api.w.org\/{rel}","templated":true}]}}