{"id":98974,"date":"2015-01-24T21:28:29","date_gmt":"2015-01-25T02:28:29","guid":{"rendered":"http:\/\/olympique.ca\/?p=98974"},"modified":"2015-01-25T03:08:26","modified_gmt":"2015-01-25T08:08:26","slug":"internationaux-daustralie-bouchard-en-quarts-de-finale","status":"publish","type":"post","link":"https:\/\/preprod.olympic.ca\/olympique\/2015\/01\/24\/internationaux-daustralie-bouchard-en-quarts-de-finale\/","title":{"rendered":"Internationaux d&rsquo;Australie: Bouchard en quarts de finale"},"content":{"rendered":"<h1>Eugenie Bouchard a obtenu son billet pour les quarts de finale des Internationaux d&rsquo;Australie, samedi, au terme d&rsquo;une victoire de 6-1, 5-7 et 6-2 aux d\u00e9pens de la Roumaine Irina-Camelia Begu.<\/h1>\n<p>Il s&rsquo;agissait du premier affrontement entre ces deux joueuses.<\/p>\n<p>Bouchard, septi\u00e8me t\u00eate de s\u00e9rie s&rsquo;est rapidement impos\u00e9e face \u00e0 Begu, class\u00e9e 42e au monde par la WTA, remportant la premi\u00e8re manche en moins de 30 minutes.<\/p>\n<blockquote><p>\u00c0 lire | Le parcours de Genie: <a href=\"http:\/\/olympique.ca\/2015\/01\/19\/entree-en-scene-reussie-pour-bouchard-a-melbourne\/\">1er tour<\/a> &#8211; <a href=\"http:\/\/olympique.ca\/2015\/01\/21\/bouchard-simpose-contre-berten\/\">2e tour<\/a> &#8211; <a href=\"http:\/\/wp.me\/p3DwGH-pJV\">3e tour<\/a><\/p><\/blockquote>\n<p>Malgr\u00e9 avoir commis trois doubles fautes lors du cinqui\u00e8me jeu, la Qu\u00e9b\u00e9coise a tout de m\u00eame r\u00e9ussi \u00e0 enlever le point et prendre les devants 5-0 \u00e0 la manche initiale.<\/p>\n<p>Begu a su retrouver son aplomb au deuxi\u00e8me set, gagnant celle-ci 7-5 pour cr\u00e9er l&rsquo;\u00e9galit\u00e9. Bouchard avait pourtant pris l&rsquo;avance 3-0 avant de voir sa rivale emporter les cinq parties suivantes. Puis, avec la marque nivel\u00e9e \u00e0 5-5, Begu est parvenue \u00e0 remporter les deux dernier jeux pour ainsi devenir la premi\u00e8re joueuse \u00e0 soutirer une manche \u00e0 la Canadienne depuis le d\u00e9but du tournoi.<\/p>\n<p>Bouchard a progressivement repris le contr\u00f4le du duel lors de l&rsquo;engagement ultime, brisant son adversaire d&rsquo;entr\u00e9e de jeu en route vers une quatri\u00e8me victoire \u00e0 Melbourne.<\/p>\n<div class=\"embed-twitter\">\n<blockquote class=\"twitter-tweet\" width=\"550\">\n<p><a href=\"https:\/\/twitter.com\/hashtag\/Bouchard?src=hash\">#Bouchard<\/a> is the first player through to the <a href=\"https:\/\/twitter.com\/hashtag\/ausopen?src=hash\">#ausopen<\/a> QF after surviving a 2nd set scare to see off Begu 6-1 5-7 6-2 <a href=\"http:\/\/t.co\/gwevUsqU7T\">pic.twitter.com\/gwevUsqU7T<\/a><\/p>\n<p>&mdash; Australian Open (@AustralianOpen) <a href=\"https:\/\/twitter.com\/AustralianOpen\/status\/559174135465529344\">January 25, 2015<\/a><\/p><\/blockquote>\n<p><script async src=\"\/\/platform.twitter.com\/widgets.js\" charset=\"utf-8\"><\/script><\/div>\n<p>\u00abJe crois avoir bien commenc\u00e9 le match et je voulais poursuivre sur cette lanc\u00e9e, a d\u00e9clar\u00e9 l&rsquo;athl\u00e8te de 20 ans sur le terrain apr\u00e8s la rencontre. Begu a r\u00e9pliqu\u00e9 avec quelques bons coups et mon niveau de jeu a quelque peu baiss\u00e9, ce qui n&rsquo;est vraiment pas bon. Je devrai faire mieux au prochain match.\u00bb<\/p>\n<p>Bouchard pourrait retrouver Maria Sharapova au prochain tour \u00e0 condition que cette derni\u00e8re sorte gagnante de son duel l&rsquo;opposant \u00e0 la Chinoise Shuai Peng.<\/p>\n<p>\u00abPeu importe qui j&rsquo;affronterai, je vais \u00eatre excit\u00e9e et motiv\u00e9e \u00e0 jouer du meilleur tennis.\u00bb<\/p>\n<div class=\"instory-ad-shortcode\"><a aria-hidden=\"true\" tabindex=\"-1\" class=\"ad\" href=\"https:\/\/twitter.com\/OlympiqueCanada\" target=\"_blank\"data-label=\"Twitter ad - FR\"><img decoding=\"async\" src=\"http:\/\/cdnolympic.files.wordpress.com\/2014\/02\/tw-fr-ad-1180-x-100.png\" alt=\"\" \/><\/a><\/div>\n","protected":false},"excerpt":{"rendered":"<p>Eugenie Bouchard a obtenu son billet pour les quarts de finale des Internationaux d&rsquo;Australie, samedi, au terme d&rsquo;une victoire de&#8230;<\/p>\n","protected":false},"author":55751844,"featured_media":98975,"comment_status":"open","ping_status":"closed","sticky":false,"template":"","format":"standard","meta":{"_acf_changed":false,"_jetpack_memberships_contains_paid_content":false,"footnotes":""},"categories":[16085],"tags":[14359971],"post_format":"standard","sport":[1999],"game":[],"coauthors":[197551639],"class_list":["post-98974","post","type-post","status-publish","format-standard","has-post-thumbnail","hentry","category-nouvelles","tag-eugenie-bouchard","sport-tennis"],"acf":[],"yoast_head":"<!-- This site is optimized with the Yoast SEO plugin v27.3 - https:\/\/yoast.com\/product\/yoast-seo-wordpress\/ -->\n<title>Internationaux d&#039;Australie: Bouchard en quarts de finale - \u00c9quipe Canada | Site officiel de l&#039;\u00e9quipe olympique<\/title>\n<meta name=\"robots\" content=\"index, follow, max-snippet:-1, max-image-preview:large, max-video-preview:-1\" \/>\n<link rel=\"canonical\" href=\"https:\/\/preprod.olympic.ca\/olympique\/2015\/01\/24\/internationaux-daustralie-bouchard-en-quarts-de-finale\/\" \/>\n<meta property=\"og:locale\" content=\"fr_FR\" \/>\n<meta property=\"og:type\" content=\"article\" \/>\n<meta property=\"og:title\" content=\"Internationaux d&#039;Australie: Bouchard en quarts de finale - \u00c9quipe Canada | Site officiel de l&#039;\u00e9quipe olympique\" \/>\n<meta property=\"og:description\" content=\"Eugenie Bouchard a obtenu son billet pour les quarts de finale des Internationaux d&rsquo;Australie, samedi, au terme d&rsquo;une victoire de...\" \/>\n<meta property=\"og:url\" content=\"https:\/\/preprod.olympic.ca\/olympique\/2015\/01\/24\/internationaux-daustralie-bouchard-en-quarts-de-finale\/\" \/>\n<meta property=\"og:site_name\" content=\"\u00c9quipe Canada | Site officiel de l&#039;\u00e9quipe olympique\" \/>\n<meta property=\"article:published_time\" content=\"2015-01-25T02:28:29+00:00\" \/>\n<meta property=\"article:modified_time\" content=\"2015-01-25T08:08:26+00:00\" \/>\n<meta property=\"og:image\" content=\"https:\/\/preprod.olympic.ca\/olympique\/wp-content\/uploads\/sites\/2\/2015\/01\/genie3.jpg?quality=100\" \/>\n\t<meta property=\"og:image:width\" content=\"670\" \/>\n\t<meta property=\"og:image:height\" content=\"377\" \/>\n\t<meta property=\"og:image:type\" content=\"image\/jpeg\" \/>\n<meta name=\"author\" content=\"Steve Boudreau\" \/>\n<meta name=\"twitter:card\" content=\"summary_large_image\" \/>\n<meta name=\"twitter:label1\" content=\"Written by\" \/>\n\t<meta name=\"twitter:data1\" content=\"Steve Boudreau\" \/>\n\t<meta name=\"twitter:label2\" content=\"Est. reading time\" \/>\n\t<meta name=\"twitter:data2\" content=\"2 minutes\" \/>\n<script type=\"application\/ld+json\" class=\"yoast-schema-graph\">{\"@context\":\"https:\\\/\\\/schema.org\",\"@graph\":[{\"@type\":\"Article\",\"@id\":\"https:\\\/\\\/preprod.olympic.ca\\\/olympique\\\/2015\\\/01\\\/24\\\/internationaux-daustralie-bouchard-en-quarts-de-finale\\\/#article\",\"isPartOf\":{\"@id\":\"https:\\\/\\\/preprod.olympic.ca\\\/olympique\\\/2015\\\/01\\\/24\\\/internationaux-daustralie-bouchard-en-quarts-de-finale\\\/\"},\"author\":{\"name\":\"Steve Boudreau\",\"@id\":\"https:\\\/\\\/preprod.olympic.ca\\\/olympique\\\/#\\\/schema\\\/person\\\/fcff0d04b3be8cf8db300b91bccb7af4\"},\"headline\":\"Internationaux d&rsquo;Australie: Bouchard en quarts de finale\",\"datePublished\":\"2015-01-25T02:28:29+00:00\",\"dateModified\":\"2015-01-25T08:08:26+00:00\",\"mainEntityOfPage\":{\"@id\":\"https:\\\/\\\/preprod.olympic.ca\\\/olympique\\\/2015\\\/01\\\/24\\\/internationaux-daustralie-bouchard-en-quarts-de-finale\\\/\"},\"wordCount\":357,\"commentCount\":0,\"image\":{\"@id\":\"https:\\\/\\\/preprod.olympic.ca\\\/olympique\\\/2015\\\/01\\\/24\\\/internationaux-daustralie-bouchard-en-quarts-de-finale\\\/#primaryimage\"},\"thumbnailUrl\":\"https:\\\/\\\/preprod.olympic.ca\\\/olympique\\\/wp-content\\\/uploads\\\/sites\\\/2\\\/2015\\\/01\\\/genie3.jpg?quality=100\",\"keywords\":[\"Eugenie Bouchard\"],\"articleSection\":[\"Nouvelles\"],\"inLanguage\":\"fr-FR\",\"potentialAction\":[{\"@type\":\"CommentAction\",\"name\":\"Comment\",\"target\":[\"https:\\\/\\\/preprod.olympic.ca\\\/olympique\\\/2015\\\/01\\\/24\\\/internationaux-daustralie-bouchard-en-quarts-de-finale\\\/#respond\"]}]},{\"@type\":\"WebPage\",\"@id\":\"https:\\\/\\\/preprod.olympic.ca\\\/olympique\\\/2015\\\/01\\\/24\\\/internationaux-daustralie-bouchard-en-quarts-de-finale\\\/\",\"url\":\"https:\\\/\\\/preprod.olympic.ca\\\/olympique\\\/2015\\\/01\\\/24\\\/internationaux-daustralie-bouchard-en-quarts-de-finale\\\/\",\"name\":\"Internationaux d'Australie: Bouchard en quarts de finale - \u00c9quipe Canada | Site officiel de l&#039;\u00e9quipe olympique\",\"isPartOf\":{\"@id\":\"https:\\\/\\\/preprod.olympic.ca\\\/olympique\\\/#website\"},\"primaryImageOfPage\":{\"@id\":\"https:\\\/\\\/preprod.olympic.ca\\\/olympique\\\/2015\\\/01\\\/24\\\/internationaux-daustralie-bouchard-en-quarts-de-finale\\\/#primaryimage\"},\"image\":{\"@id\":\"https:\\\/\\\/preprod.olympic.ca\\\/olympique\\\/2015\\\/01\\\/24\\\/internationaux-daustralie-bouchard-en-quarts-de-finale\\\/#primaryimage\"},\"thumbnailUrl\":\"https:\\\/\\\/preprod.olympic.ca\\\/olympique\\\/wp-content\\\/uploads\\\/sites\\\/2\\\/2015\\\/01\\\/genie3.jpg?quality=100\",\"datePublished\":\"2015-01-25T02:28:29+00:00\",\"dateModified\":\"2015-01-25T08:08:26+00:00\",\"author\":{\"@id\":\"https:\\\/\\\/preprod.olympic.ca\\\/olympique\\\/#\\\/schema\\\/person\\\/fcff0d04b3be8cf8db300b91bccb7af4\"},\"inLanguage\":\"fr-FR\",\"potentialAction\":[{\"@type\":\"ReadAction\",\"target\":[\"https:\\\/\\\/preprod.olympic.ca\\\/olympique\\\/2015\\\/01\\\/24\\\/internationaux-daustralie-bouchard-en-quarts-de-finale\\\/\"]}]},{\"@type\":\"ImageObject\",\"inLanguage\":\"fr-FR\",\"@id\":\"https:\\\/\\\/preprod.olympic.ca\\\/olympique\\\/2015\\\/01\\\/24\\\/internationaux-daustralie-bouchard-en-quarts-de-finale\\\/#primaryimage\",\"url\":\"https:\\\/\\\/preprod.olympic.ca\\\/olympique\\\/wp-content\\\/uploads\\\/sites\\\/2\\\/2015\\\/01\\\/genie3.jpg?quality=100\",\"contentUrl\":\"https:\\\/\\\/preprod.olympic.ca\\\/olympique\\\/wp-content\\\/uploads\\\/sites\\\/2\\\/2015\\\/01\\\/genie3.jpg?quality=100\",\"width\":670,\"height\":377},{\"@type\":\"WebSite\",\"@id\":\"https:\\\/\\\/preprod.olympic.ca\\\/olympique\\\/#website\",\"url\":\"https:\\\/\\\/preprod.olympic.ca\\\/olympique\\\/\",\"name\":\"\u00c9quipe Canada | Site officiel de l&#039;\u00e9quipe olympique\",\"description\":\"Votre source pour l\u2019\u00c9quipe olympique canadienne. Retrouvez les r\u00e9cits, vid\u00e9os et photos des athl\u00e8tes canadiens, sports olympiques, Jeux olympiques de 2020 et bien plus!\",\"potentialAction\":[{\"@type\":\"SearchAction\",\"target\":{\"@type\":\"EntryPoint\",\"urlTemplate\":\"https:\\\/\\\/preprod.olympic.ca\\\/olympique\\\/?s={search_term_string}\"},\"query-input\":{\"@type\":\"PropertyValueSpecification\",\"valueRequired\":true,\"valueName\":\"search_term_string\"}}],\"inLanguage\":\"fr-FR\"},{\"@type\":\"Person\",\"@id\":\"https:\\\/\\\/preprod.olympic.ca\\\/olympique\\\/#\\\/schema\\\/person\\\/fcff0d04b3be8cf8db300b91bccb7af4\",\"name\":\"Steve Boudreau\",\"image\":{\"@type\":\"ImageObject\",\"inLanguage\":\"fr-FR\",\"@id\":\"https:\\\/\\\/secure.gravatar.com\\\/avatar\\\/336c6be93b523130336d384227371a495c6bb9057a12c48ad1770e1a6a57006b?s=96&d=identicon&r=geab05ffb592a23c798f7bf61ed1f5f18\",\"url\":\"https:\\\/\\\/secure.gravatar.com\\\/avatar\\\/336c6be93b523130336d384227371a495c6bb9057a12c48ad1770e1a6a57006b?s=96&d=identicon&r=g\",\"contentUrl\":\"https:\\\/\\\/secure.gravatar.com\\\/avatar\\\/336c6be93b523130336d384227371a495c6bb9057a12c48ad1770e1a6a57006b?s=96&d=identicon&r=g\",\"caption\":\"Steve Boudreau\"},\"description\":\"R\u00e9dacteur, m\u00e9dias sociaux - @Sboudreau\",\"sameAs\":[\"http:\\\/\\\/sboudreau49.wordpress.com\"],\"url\":\"https:\\\/\\\/preprod.olympic.ca\\\/olympique\\\/author\\\/sboudreau2013\\\/\"}]}<\/script>\n<!-- \/ Yoast SEO plugin. -->","yoast_head_json":{"title":"Internationaux d'Australie: Bouchard en quarts de finale - \u00c9quipe Canada | Site officiel de l&#039;\u00e9quipe olympique","robots":{"index":"index","follow":"follow","max-snippet":"max-snippet:-1","max-image-preview":"max-image-preview:large","max-video-preview":"max-video-preview:-1"},"canonical":"https:\/\/preprod.olympic.ca\/olympique\/2015\/01\/24\/internationaux-daustralie-bouchard-en-quarts-de-finale\/","og_locale":"fr_FR","og_type":"article","og_title":"Internationaux d'Australie: Bouchard en quarts de finale - \u00c9quipe Canada | Site officiel de l&#039;\u00e9quipe olympique","og_description":"Eugenie Bouchard a obtenu son billet pour les quarts de finale des Internationaux d&rsquo;Australie, samedi, au terme d&rsquo;une victoire de...","og_url":"https:\/\/preprod.olympic.ca\/olympique\/2015\/01\/24\/internationaux-daustralie-bouchard-en-quarts-de-finale\/","og_site_name":"\u00c9quipe Canada | Site officiel de l&#039;\u00e9quipe olympique","article_published_time":"2015-01-25T02:28:29+00:00","article_modified_time":"2015-01-25T08:08:26+00:00","og_image":[{"width":670,"height":377,"url":"https:\/\/preprod.olympic.ca\/olympique\/wp-content\/uploads\/sites\/2\/2015\/01\/genie3.jpg?quality=100","type":"image\/jpeg"}],"author":"Steve Boudreau","twitter_card":"summary_large_image","twitter_misc":{"Written by":"Steve Boudreau","Est. reading time":"2 minutes"},"schema":{"@context":"https:\/\/schema.org","@graph":[{"@type":"Article","@id":"https:\/\/preprod.olympic.ca\/olympique\/2015\/01\/24\/internationaux-daustralie-bouchard-en-quarts-de-finale\/#article","isPartOf":{"@id":"https:\/\/preprod.olympic.ca\/olympique\/2015\/01\/24\/internationaux-daustralie-bouchard-en-quarts-de-finale\/"},"author":{"name":"Steve Boudreau","@id":"https:\/\/preprod.olympic.ca\/olympique\/#\/schema\/person\/fcff0d04b3be8cf8db300b91bccb7af4"},"headline":"Internationaux d&rsquo;Australie: Bouchard en quarts de finale","datePublished":"2015-01-25T02:28:29+00:00","dateModified":"2015-01-25T08:08:26+00:00","mainEntityOfPage":{"@id":"https:\/\/preprod.olympic.ca\/olympique\/2015\/01\/24\/internationaux-daustralie-bouchard-en-quarts-de-finale\/"},"wordCount":357,"commentCount":0,"image":{"@id":"https:\/\/preprod.olympic.ca\/olympique\/2015\/01\/24\/internationaux-daustralie-bouchard-en-quarts-de-finale\/#primaryimage"},"thumbnailUrl":"https:\/\/preprod.olympic.ca\/olympique\/wp-content\/uploads\/sites\/2\/2015\/01\/genie3.jpg?quality=100","keywords":["Eugenie Bouchard"],"articleSection":["Nouvelles"],"inLanguage":"fr-FR","potentialAction":[{"@type":"CommentAction","name":"Comment","target":["https:\/\/preprod.olympic.ca\/olympique\/2015\/01\/24\/internationaux-daustralie-bouchard-en-quarts-de-finale\/#respond"]}]},{"@type":"WebPage","@id":"https:\/\/preprod.olympic.ca\/olympique\/2015\/01\/24\/internationaux-daustralie-bouchard-en-quarts-de-finale\/","url":"https:\/\/preprod.olympic.ca\/olympique\/2015\/01\/24\/internationaux-daustralie-bouchard-en-quarts-de-finale\/","name":"Internationaux d'Australie: Bouchard en quarts de finale - \u00c9quipe Canada | Site officiel de l&#039;\u00e9quipe olympique","isPartOf":{"@id":"https:\/\/preprod.olympic.ca\/olympique\/#website"},"primaryImageOfPage":{"@id":"https:\/\/preprod.olympic.ca\/olympique\/2015\/01\/24\/internationaux-daustralie-bouchard-en-quarts-de-finale\/#primaryimage"},"image":{"@id":"https:\/\/preprod.olympic.ca\/olympique\/2015\/01\/24\/internationaux-daustralie-bouchard-en-quarts-de-finale\/#primaryimage"},"thumbnailUrl":"https:\/\/preprod.olympic.ca\/olympique\/wp-content\/uploads\/sites\/2\/2015\/01\/genie3.jpg?quality=100","datePublished":"2015-01-25T02:28:29+00:00","dateModified":"2015-01-25T08:08:26+00:00","author":{"@id":"https:\/\/preprod.olympic.ca\/olympique\/#\/schema\/person\/fcff0d04b3be8cf8db300b91bccb7af4"},"inLanguage":"fr-FR","potentialAction":[{"@type":"ReadAction","target":["https:\/\/preprod.olympic.ca\/olympique\/2015\/01\/24\/internationaux-daustralie-bouchard-en-quarts-de-finale\/"]}]},{"@type":"ImageObject","inLanguage":"fr-FR","@id":"https:\/\/preprod.olympic.ca\/olympique\/2015\/01\/24\/internationaux-daustralie-bouchard-en-quarts-de-finale\/#primaryimage","url":"https:\/\/preprod.olympic.ca\/olympique\/wp-content\/uploads\/sites\/2\/2015\/01\/genie3.jpg?quality=100","contentUrl":"https:\/\/preprod.olympic.ca\/olympique\/wp-content\/uploads\/sites\/2\/2015\/01\/genie3.jpg?quality=100","width":670,"height":377},{"@type":"WebSite","@id":"https:\/\/preprod.olympic.ca\/olympique\/#website","url":"https:\/\/preprod.olympic.ca\/olympique\/","name":"\u00c9quipe Canada | Site officiel de l&#039;\u00e9quipe olympique","description":"Votre source pour l\u2019\u00c9quipe olympique canadienne. Retrouvez les r\u00e9cits, vid\u00e9os et photos des athl\u00e8tes canadiens, sports olympiques, Jeux olympiques de 2020 et bien plus!","potentialAction":[{"@type":"SearchAction","target":{"@type":"EntryPoint","urlTemplate":"https:\/\/preprod.olympic.ca\/olympique\/?s={search_term_string}"},"query-input":{"@type":"PropertyValueSpecification","valueRequired":true,"valueName":"search_term_string"}}],"inLanguage":"fr-FR"},{"@type":"Person","@id":"https:\/\/preprod.olympic.ca\/olympique\/#\/schema\/person\/fcff0d04b3be8cf8db300b91bccb7af4","name":"Steve Boudreau","image":{"@type":"ImageObject","inLanguage":"fr-FR","@id":"https:\/\/secure.gravatar.com\/avatar\/336c6be93b523130336d384227371a495c6bb9057a12c48ad1770e1a6a57006b?s=96&d=identicon&r=geab05ffb592a23c798f7bf61ed1f5f18","url":"https:\/\/secure.gravatar.com\/avatar\/336c6be93b523130336d384227371a495c6bb9057a12c48ad1770e1a6a57006b?s=96&d=identicon&r=g","contentUrl":"https:\/\/secure.gravatar.com\/avatar\/336c6be93b523130336d384227371a495c6bb9057a12c48ad1770e1a6a57006b?s=96&d=identicon&r=g","caption":"Steve Boudreau"},"description":"R\u00e9dacteur, m\u00e9dias sociaux - @Sboudreau","sameAs":["http:\/\/sboudreau49.wordpress.com"],"url":"https:\/\/preprod.olympic.ca\/olympique\/author\/sboudreau2013\/"}]}},"jetpack_featured_media_url":"https:\/\/preprod.olympic.ca\/olympique\/wp-content\/uploads\/sites\/2\/2015\/01\/genie3.jpg?quality=100","featured_image_url":"https:\/\/preprod.olympic.ca\/olympique\/wp-content\/uploads\/sites\/2\/2015\/01\/genie3.jpg?quality=100","author_name":["Steve Boudreau"],"category_names":["Nouvelles"],"tag_names":["Eugenie Bouchard"],"video_embed_code":"","facebook_video_embed_code":"","jetpack_sharing_enabled":true,"jetpack-related-posts":[],"jetpack_shortlink":"https:\/\/wp.me\/pcGHcP-pKm","_links":{"self":[{"href":"https:\/\/preprod.olympic.ca\/olympique\/wp-json\/wp\/v2\/posts\/98974","targetHints":{"allow":["GET"]}}],"collection":[{"href":"https:\/\/preprod.olympic.ca\/olympique\/wp-json\/wp\/v2\/posts"}],"about":[{"href":"https:\/\/preprod.olympic.ca\/olympique\/wp-json\/wp\/v2\/types\/post"}],"author":[{"embeddable":true,"href":"https:\/\/preprod.olympic.ca\/olympique\/wp-json\/wp\/v2\/users\/55751844"}],"replies":[{"embeddable":true,"href":"https:\/\/preprod.olympic.ca\/olympique\/wp-json\/wp\/v2\/comments?post=98974"}],"version-history":[{"count":15,"href":"https:\/\/preprod.olympic.ca\/olympique\/wp-json\/wp\/v2\/posts\/98974\/revisions"}],"predecessor-version":[{"id":98993,"href":"https:\/\/preprod.olympic.ca\/olympique\/wp-json\/wp\/v2\/posts\/98974\/revisions\/98993"}],"wp:featuredmedia":[{"embeddable":true,"href":"https:\/\/preprod.olympic.ca\/olympique\/wp-json\/wp\/v2\/media\/98975"}],"wp:attachment":[{"href":"https:\/\/preprod.olympic.ca\/olympique\/wp-json\/wp\/v2\/media?parent=98974"}],"wp:term":[{"taxonomy":"category","embeddable":true,"href":"https:\/\/preprod.olympic.ca\/olympique\/wp-json\/wp\/v2\/categories?post=98974"},{"taxonomy":"post_tag","embeddable":true,"href":"https:\/\/preprod.olympic.ca\/olympique\/wp-json\/wp\/v2\/tags?post=98974"},{"taxonomy":"post_format","embeddable":true,"href":"https:\/\/preprod.olympic.ca\/olympique\/wp-json\/wp\/v2\/post_format?post=98974"},{"taxonomy":"sport","embeddable":true,"href":"https:\/\/preprod.olympic.ca\/olympique\/wp-json\/wp\/v2\/sport?post=98974"},{"taxonomy":"game","embeddable":true,"href":"https:\/\/preprod.olympic.ca\/olympique\/wp-json\/wp\/v2\/game?post=98974"},{"taxonomy":"author","embeddable":true,"href":"https:\/\/preprod.olympic.ca\/olympique\/wp-json\/wp\/v2\/coauthors?post=98974"}],"curies":[{"name":"wp","href":"https:\/\/api.w.org\/{rel}","templated":true}]}}