{"id":99009,"date":"2015-01-26T13:34:08","date_gmt":"2015-01-26T18:34:08","guid":{"rendered":"http:\/\/olympique.ca\/?p=99009"},"modified":"2015-01-26T20:36:31","modified_gmt":"2015-01-27T01:36:31","slug":"raonic-passe-en-quart-de-finale-aux-internationaux-daustralie","status":"publish","type":"post","link":"https:\/\/preprod.olympic.ca\/olympique\/2015\/01\/26\/raonic-passe-en-quart-de-finale-aux-internationaux-daustralie\/","title":{"rendered":"Raonic passe en quarts de finale aux Internationaux d\u2019Australie"},"content":{"rendered":"<h1><a title=\"Milos Raonic\" href=\"http:\/\/olympique.ca\/team-canada\/milos-raonic\/\">Milos Raonic<\/a> a surmont\u00e9 son plus grand d\u00e9fi depuis le d\u00e9but des Internationaux d\u2019Australie lorsqu\u2019il a remport\u00e9 lundi un match de cinq manches contre l\u2019Espagnol Feliciano Lopez.<\/h1>\n<p>Gr\u00e2ce \u00e0 cette victoire de 6-4, 4-6, 6-3, 6-7 (9-7) et 6-3, Raonic acc\u00e8de aux quarts de finale o\u00f9 il affrontera le gagnant du match qui sera disput\u00e9 un peu plus tard lundi et qui opposera le num\u00e9ro un mondial, Novak Djokovic, \u00e0 Gilles Muller.<\/p>\n<p>Class\u00e9 12<sup>e<\/sup> au monde, Lopez s\u2019est r\u00e9v\u00e9l\u00e9 un d\u00e9fi pour Raonic puisqu\u2019il a un service puissant. Les deux joueurs ont tour \u00e0 tour bris\u00e9 le jeu de service de leur adversaire jusqu\u2019\u00e0 ce que Raonic remporte le premier bris d\u2019\u00e9galit\u00e9 \u00e0 sa deuxi\u00e8me chance pour ainsi gagner la premi\u00e8re manche 6-4.<\/p>\n<p><a href=\"https:\/\/preprod.olympic.ca\/wp-content\/uploads\/sites\/2\/2015\/01\/07749366.jpg\"><img loading=\"lazy\" decoding=\"async\" class=\"aligncenter size-full wp-image-98761\" src=\"https:\/\/preprod.olympic.ca\/wp-content\/uploads\/sites\/2\/2015\/01\/07749366.jpg\" alt=\"Milos Raonic\" width=\"1340\" height=\"1018\" srcset=\"https:\/\/preprod.olympic.ca\/olympique\/wp-content\/uploads\/sites\/2\/2015\/01\/07749366.jpg 1340w, https:\/\/preprod.olympic.ca\/olympique\/wp-content\/uploads\/sites\/2\/2015\/01\/07749366.jpg?resize=208,158 208w, https:\/\/preprod.olympic.ca\/olympique\/wp-content\/uploads\/sites\/2\/2015\/01\/07749366.jpg?resize=488,371 488w, https:\/\/preprod.olympic.ca\/olympique\/wp-content\/uploads\/sites\/2\/2015\/01\/07749366.jpg?resize=768,583 768w, https:\/\/preprod.olympic.ca\/olympique\/wp-content\/uploads\/sites\/2\/2015\/01\/07749366.jpg?resize=992,754 992w\" sizes=\"(max-width: 1340px) 100vw, 1340px\" \/><\/a><\/p>\n<p>En deuxi\u00e8me manche, Lopez a invers\u00e9 les r\u00f4les en d\u00e9faisant le Canadien et en brisant l\u2019\u00e9galit\u00e9 de 4-4. Au jeu suivant, l\u2019Espagnol a consolid\u00e9 son jeu et remport\u00e9 la manche, devenant le premier joueur du tournoi \u00e0 inscrire une manche contre Raonic.<\/p>\n<p>Raonic a pris les commandes de la troisi\u00e8me manche d\u00e8s le d\u00e9part. Il a conserv\u00e9 son service avant et apr\u00e8s avoir remport\u00e9 un bris d\u2019\u00e9galit\u00e9 sur Lopez pour faire passer la marque \u00e0 3-0. Il s\u2019agissait de sa meilleure manche du match jusque-l\u00e0, ayant remport\u00e9 81\u00a0% de ses premiers points de service, sans doubles fautes, tout en r\u00e9duisant les fautes directes de 19, aux deux premi\u00e8res manches, \u00e0 7 pour celle-ci.<\/p>\n<p>Malheureusement, en quatri\u00e8me manche, Raonic n\u2019a pas \u00e9t\u00e9 en mesure de garder la cadence et a provoqu\u00e9 15 fautes directes, ce qui a permis \u00e0 Lopez d\u2019obtenir l\u2019avantage. Les joueurs ont conserv\u00e9 leur service jusqu\u2019au bout, jusqu\u2019\u00e0 ce qu\u2019un bris d\u2019\u00e9galit\u00e9 soit n\u00e9cessaire pour d\u00e9cider du r\u00e9sultat. C\u2019est l\u00e0 que Raonic a obtenu deux points de match \u00e0 6-5 et 7-6, mais chaque fois, Lopez a fait une remont\u00e9e pour finalement remporter trois points cons\u00e9cutifs \u00e0 la deuxi\u00e8me occasion et le bris d\u2019\u00e9galit\u00e9 \u00e0 9-7.<\/p>\n<div class=\"embed-twitter\">\n<blockquote class=\"twitter-tweet\" width=\"550\">\n<p>1er quart de finale pour <a href=\"https:\/\/twitter.com\/hashtag\/Raonic?src=hash\">#Raonic<\/a> en Australie apr\u00e8s une victoire de 6-4, 4-6, 6-3, 6-7, 6-3 sur Lopez! <a href=\"https:\/\/twitter.com\/hashtag\/AusOpen?src=hash\">#AusOpen<\/a> <a href=\"http:\/\/t.co\/ZmVMARChJl\">pic.twitter.com\/ZmVMARChJl<\/a><\/p>\n<p>&mdash; Tennis Canada (@Tennis_Canada) <a href=\"https:\/\/twitter.com\/Tennis_Canada\/status\/559646601090985984\">January 26, 2015<\/a><\/p><\/blockquote>\n<p><script async src=\"\/\/platform.twitter.com\/widgets.js\" charset=\"utf-8\"><\/script><\/div>\n<p>Au cours de la cinqui\u00e8me manche d\u00e9cisive, Raonic \u00e9tait de nouveau lui-m\u00eame. Il a r\u00e9duit ses fautes directes \u00e0 six et a remport\u00e9 89\u00a0% de ses premiers services. Pendant ce temps, la pression a sembl\u00e9 prendre le dessus sur Lopez, qui a commis des doubles fautes au service et a permis \u00e0 Raonic de prendre l\u2019avance 5-3 avant de conclure la manche et de remporter le match au service.<\/p>\n<p>\u00ab\u00a0Je me suis beaucoup amus\u00e9, l\u2019atmosph\u00e8re \u00e9tait fantastique\u00a0\u00bb, a d\u00e9clar\u00e9 Raonic, en remerciant les partisans d\u2019\u00eatre rest\u00e9s pendant les trois heures huit minutes dont il a eu besoin pour conclure l\u2019affrontement de quatri\u00e8me ronde. \u00c0 elle seule, la quatri\u00e8me manche a dur\u00e9 53 minutes.<\/p>\n<p>\u00ab\u00a0C\u2019est super de voir les gens v\u00eatus de rouge et de blanc \u00e0 tous les tournois\u00a0\u00bb, a fait remarquer Raonic au sujet du soutien bruyant et tr\u00e8s visible des Canadiens dans les gradins, groupe qui semble prendre de l\u2019ampleur aux grands \u00e9v\u00e9nements.<\/p>\n<p>Au sujet de la possibilit\u00e9 d\u2019affronter un autre solide adversaire en quart de finale, Raonic avait ceci \u00e0 dire \u00e0 l\u2019auditoire\u00a0: \u00ab\u00a0C\u2019est \u00e0 cela que j\u2019ai h\u00e2te. C\u2019est fantastique d\u2019\u00eatre ici la deuxi\u00e8me semaine. On a \u00e9videmment assist\u00e9 \u00e0 du tr\u00e8s bon tennis aujourd\u2019hui et cela ne fera que s\u2019am\u00e9liorer.\u00a0\u00bb<\/p>\n<p>Il s\u2019agit de la premi\u00e8re fois que Raonic se classe parmi les huit premiers aux Internationaux d\u2019Australie. Il est aussi le premier homme canadien \u00e0 le faire depuis Michael Belkin en 1968. Raonic affrontera Djokovic ou Muller possiblement mercredi.<\/p>\n","protected":false},"excerpt":{"rendered":"<p>Milos Raonic a surmont\u00e9 son plus grand d\u00e9fi depuis le d\u00e9but des Internationaux d\u2019Australie lorsqu\u2019il a remport\u00e9 lundi un match&#8230;<\/p>\n","protected":false},"author":10774097,"featured_media":99010,"comment_status":"open","ping_status":"closed","sticky":false,"template":"","format":"standard","meta":{"_acf_changed":false,"_jetpack_memberships_contains_paid_content":false,"footnotes":""},"categories":[16085],"tags":[20625579,45946,6841265,1343070,7531773,113481,3293738,23905354,839278,1331958],"post_format":"standard","sport":[1999],"game":[],"coauthors":[197553292],"class_list":["post-99009","post","type-post","status-publish","format-standard","has-post-thumbnail","hentry","category-nouvelles","tag-2009-french-open","tag-australian-open","tag-canadian-train","tag-feliciano-lopez","tag-gilles-muller","tag-luxembourg","tag-melbourne-park","tag-milos-raonic","tag-novak-djokovic","tag-roy-emerson","sport-tennis"],"acf":[],"yoast_head":"<!-- This site is optimized with the Yoast SEO plugin v27.3 - https:\/\/yoast.com\/product\/yoast-seo-wordpress\/ -->\n<title>Raonic passe en quarts de finale aux Internationaux d\u2019Australie - \u00c9quipe Canada | Site officiel de l&#039;\u00e9quipe olympique<\/title>\n<meta name=\"robots\" content=\"index, follow, max-snippet:-1, max-image-preview:large, max-video-preview:-1\" \/>\n<link rel=\"canonical\" href=\"https:\/\/preprod.olympic.ca\/olympique\/2015\/01\/26\/raonic-passe-en-quart-de-finale-aux-internationaux-daustralie\/\" \/>\n<meta property=\"og:locale\" content=\"fr_FR\" \/>\n<meta property=\"og:type\" content=\"article\" \/>\n<meta property=\"og:title\" content=\"Raonic passe en quarts de finale aux Internationaux d\u2019Australie - \u00c9quipe Canada | Site officiel de l&#039;\u00e9quipe olympique\" \/>\n<meta property=\"og:description\" content=\"Milos Raonic a surmont\u00e9 son plus grand d\u00e9fi depuis le d\u00e9but des Internationaux d\u2019Australie lorsqu\u2019il a remport\u00e9 lundi un match...\" \/>\n<meta property=\"og:url\" content=\"https:\/\/preprod.olympic.ca\/olympique\/2015\/01\/26\/raonic-passe-en-quart-de-finale-aux-internationaux-daustralie\/\" \/>\n<meta property=\"og:site_name\" content=\"\u00c9quipe Canada | Site officiel de l&#039;\u00e9quipe olympique\" \/>\n<meta property=\"article:published_time\" content=\"2015-01-26T18:34:08+00:00\" \/>\n<meta property=\"article:modified_time\" content=\"2015-01-27T01:36:31+00:00\" \/>\n<meta property=\"og:image\" content=\"https:\/\/preprod.olympic.ca\/olympique\/wp-content\/uploads\/sites\/2\/2015\/01\/ranoic.jpg?quality=100\" \/>\n\t<meta property=\"og:image:width\" content=\"1340\" \/>\n\t<meta property=\"og:image:height\" content=\"754\" \/>\n\t<meta property=\"og:image:type\" content=\"image\/jpeg\" \/>\n<meta name=\"author\" content=\"Asif Hossain\" \/>\n<meta name=\"twitter:card\" content=\"summary_large_image\" \/>\n<meta name=\"twitter:label1\" content=\"Written by\" \/>\n\t<meta name=\"twitter:data1\" content=\"Asif Hossain\" \/>\n\t<meta name=\"twitter:label2\" content=\"Est. reading time\" \/>\n\t<meta name=\"twitter:data2\" content=\"3 minutes\" \/>\n<script type=\"application\/ld+json\" class=\"yoast-schema-graph\">{\"@context\":\"https:\\\/\\\/schema.org\",\"@graph\":[{\"@type\":\"Article\",\"@id\":\"https:\\\/\\\/preprod.olympic.ca\\\/olympique\\\/2015\\\/01\\\/26\\\/raonic-passe-en-quart-de-finale-aux-internationaux-daustralie\\\/#article\",\"isPartOf\":{\"@id\":\"https:\\\/\\\/preprod.olympic.ca\\\/olympique\\\/2015\\\/01\\\/26\\\/raonic-passe-en-quart-de-finale-aux-internationaux-daustralie\\\/\"},\"author\":{\"name\":\"Asif Hossain\",\"@id\":\"https:\\\/\\\/preprod.olympic.ca\\\/olympique\\\/#\\\/schema\\\/person\\\/9fece45a1cf9f72c0fee2ddb948a50f4\"},\"headline\":\"Raonic passe en quarts de finale aux Internationaux d\u2019Australie\",\"datePublished\":\"2015-01-26T18:34:08+00:00\",\"dateModified\":\"2015-01-27T01:36:31+00:00\",\"mainEntityOfPage\":{\"@id\":\"https:\\\/\\\/preprod.olympic.ca\\\/olympique\\\/2015\\\/01\\\/26\\\/raonic-passe-en-quart-de-finale-aux-internationaux-daustralie\\\/\"},\"wordCount\":631,\"commentCount\":0,\"image\":{\"@id\":\"https:\\\/\\\/preprod.olympic.ca\\\/olympique\\\/2015\\\/01\\\/26\\\/raonic-passe-en-quart-de-finale-aux-internationaux-daustralie\\\/#primaryimage\"},\"thumbnailUrl\":\"https:\\\/\\\/preprod.olympic.ca\\\/olympique\\\/wp-content\\\/uploads\\\/sites\\\/2\\\/2015\\\/01\\\/ranoic.jpg?quality=100\",\"keywords\":[\"2009 French Open\",\"Australian Open\",\"Canadian (train)\",\"Feliciano L\u00f3pez\",\"Gilles M\u00fcller\",\"Luxembourg\",\"Melbourne Park\",\"Milos Raonic\",\"Novak Djokovic\",\"Roy Emerson\"],\"articleSection\":[\"Nouvelles\"],\"inLanguage\":\"fr-FR\",\"potentialAction\":[{\"@type\":\"CommentAction\",\"name\":\"Comment\",\"target\":[\"https:\\\/\\\/preprod.olympic.ca\\\/olympique\\\/2015\\\/01\\\/26\\\/raonic-passe-en-quart-de-finale-aux-internationaux-daustralie\\\/#respond\"]}]},{\"@type\":\"WebPage\",\"@id\":\"https:\\\/\\\/preprod.olympic.ca\\\/olympique\\\/2015\\\/01\\\/26\\\/raonic-passe-en-quart-de-finale-aux-internationaux-daustralie\\\/\",\"url\":\"https:\\\/\\\/preprod.olympic.ca\\\/olympique\\\/2015\\\/01\\\/26\\\/raonic-passe-en-quart-de-finale-aux-internationaux-daustralie\\\/\",\"name\":\"Raonic passe en quarts de finale aux Internationaux d\u2019Australie - \u00c9quipe Canada | Site officiel de l&#039;\u00e9quipe olympique\",\"isPartOf\":{\"@id\":\"https:\\\/\\\/preprod.olympic.ca\\\/olympique\\\/#website\"},\"primaryImageOfPage\":{\"@id\":\"https:\\\/\\\/preprod.olympic.ca\\\/olympique\\\/2015\\\/01\\\/26\\\/raonic-passe-en-quart-de-finale-aux-internationaux-daustralie\\\/#primaryimage\"},\"image\":{\"@id\":\"https:\\\/\\\/preprod.olympic.ca\\\/olympique\\\/2015\\\/01\\\/26\\\/raonic-passe-en-quart-de-finale-aux-internationaux-daustralie\\\/#primaryimage\"},\"thumbnailUrl\":\"https:\\\/\\\/preprod.olympic.ca\\\/olympique\\\/wp-content\\\/uploads\\\/sites\\\/2\\\/2015\\\/01\\\/ranoic.jpg?quality=100\",\"datePublished\":\"2015-01-26T18:34:08+00:00\",\"dateModified\":\"2015-01-27T01:36:31+00:00\",\"author\":{\"@id\":\"https:\\\/\\\/preprod.olympic.ca\\\/olympique\\\/#\\\/schema\\\/person\\\/9fece45a1cf9f72c0fee2ddb948a50f4\"},\"inLanguage\":\"fr-FR\",\"potentialAction\":[{\"@type\":\"ReadAction\",\"target\":[\"https:\\\/\\\/preprod.olympic.ca\\\/olympique\\\/2015\\\/01\\\/26\\\/raonic-passe-en-quart-de-finale-aux-internationaux-daustralie\\\/\"]}]},{\"@type\":\"ImageObject\",\"inLanguage\":\"fr-FR\",\"@id\":\"https:\\\/\\\/preprod.olympic.ca\\\/olympique\\\/2015\\\/01\\\/26\\\/raonic-passe-en-quart-de-finale-aux-internationaux-daustralie\\\/#primaryimage\",\"url\":\"https:\\\/\\\/preprod.olympic.ca\\\/olympique\\\/wp-content\\\/uploads\\\/sites\\\/2\\\/2015\\\/01\\\/ranoic.jpg?quality=100\",\"contentUrl\":\"https:\\\/\\\/preprod.olympic.ca\\\/olympique\\\/wp-content\\\/uploads\\\/sites\\\/2\\\/2015\\\/01\\\/ranoic.jpg?quality=100\",\"width\":1340,\"height\":754},{\"@type\":\"WebSite\",\"@id\":\"https:\\\/\\\/preprod.olympic.ca\\\/olympique\\\/#website\",\"url\":\"https:\\\/\\\/preprod.olympic.ca\\\/olympique\\\/\",\"name\":\"\u00c9quipe Canada | Site officiel de l&#039;\u00e9quipe olympique\",\"description\":\"Votre source pour l\u2019\u00c9quipe olympique canadienne. Retrouvez les r\u00e9cits, vid\u00e9os et photos des athl\u00e8tes canadiens, sports olympiques, Jeux olympiques de 2020 et bien plus!\",\"potentialAction\":[{\"@type\":\"SearchAction\",\"target\":{\"@type\":\"EntryPoint\",\"urlTemplate\":\"https:\\\/\\\/preprod.olympic.ca\\\/olympique\\\/?s={search_term_string}\"},\"query-input\":{\"@type\":\"PropertyValueSpecification\",\"valueRequired\":true,\"valueName\":\"search_term_string\"}}],\"inLanguage\":\"fr-FR\"},{\"@type\":\"Person\",\"@id\":\"https:\\\/\\\/preprod.olympic.ca\\\/olympique\\\/#\\\/schema\\\/person\\\/9fece45a1cf9f72c0fee2ddb948a50f4\",\"name\":\"Asif Hossain\",\"image\":{\"@type\":\"ImageObject\",\"inLanguage\":\"fr-FR\",\"@id\":\"https:\\\/\\\/secure.gravatar.com\\\/avatar\\\/d78674d61b6b8fcd5488a575ef3fab9b8bed1978cf5bb978adeae1f9411abe4a?s=96&d=identicon&r=g22eff5eea2e28da905f112e9933af68b\",\"url\":\"https:\\\/\\\/secure.gravatar.com\\\/avatar\\\/d78674d61b6b8fcd5488a575ef3fab9b8bed1978cf5bb978adeae1f9411abe4a?s=96&d=identicon&r=g\",\"contentUrl\":\"https:\\\/\\\/secure.gravatar.com\\\/avatar\\\/d78674d61b6b8fcd5488a575ef3fab9b8bed1978cf5bb978adeae1f9411abe4a?s=96&d=identicon&r=g\",\"caption\":\"Asif Hossain\"},\"description\":\"Digital content, marketing and communications manager by trade.\",\"sameAs\":[\"http:\\\/\\\/asifhossain.wordpress.com\"],\"url\":\"https:\\\/\\\/preprod.olympic.ca\\\/olympique\\\/author\\\/asifhossain\\\/\"}]}<\/script>\n<!-- \/ Yoast SEO plugin. -->","yoast_head_json":{"title":"Raonic passe en quarts de finale aux Internationaux d\u2019Australie - \u00c9quipe Canada | Site officiel de l&#039;\u00e9quipe olympique","robots":{"index":"index","follow":"follow","max-snippet":"max-snippet:-1","max-image-preview":"max-image-preview:large","max-video-preview":"max-video-preview:-1"},"canonical":"https:\/\/preprod.olympic.ca\/olympique\/2015\/01\/26\/raonic-passe-en-quart-de-finale-aux-internationaux-daustralie\/","og_locale":"fr_FR","og_type":"article","og_title":"Raonic passe en quarts de finale aux Internationaux d\u2019Australie - \u00c9quipe Canada | Site officiel de l&#039;\u00e9quipe olympique","og_description":"Milos Raonic a surmont\u00e9 son plus grand d\u00e9fi depuis le d\u00e9but des Internationaux d\u2019Australie lorsqu\u2019il a remport\u00e9 lundi un match...","og_url":"https:\/\/preprod.olympic.ca\/olympique\/2015\/01\/26\/raonic-passe-en-quart-de-finale-aux-internationaux-daustralie\/","og_site_name":"\u00c9quipe Canada | Site officiel de l&#039;\u00e9quipe olympique","article_published_time":"2015-01-26T18:34:08+00:00","article_modified_time":"2015-01-27T01:36:31+00:00","og_image":[{"width":1340,"height":754,"url":"https:\/\/preprod.olympic.ca\/olympique\/wp-content\/uploads\/sites\/2\/2015\/01\/ranoic.jpg?quality=100","type":"image\/jpeg"}],"author":"Asif Hossain","twitter_card":"summary_large_image","twitter_misc":{"Written by":"Asif Hossain","Est. reading time":"3 minutes"},"schema":{"@context":"https:\/\/schema.org","@graph":[{"@type":"Article","@id":"https:\/\/preprod.olympic.ca\/olympique\/2015\/01\/26\/raonic-passe-en-quart-de-finale-aux-internationaux-daustralie\/#article","isPartOf":{"@id":"https:\/\/preprod.olympic.ca\/olympique\/2015\/01\/26\/raonic-passe-en-quart-de-finale-aux-internationaux-daustralie\/"},"author":{"name":"Asif Hossain","@id":"https:\/\/preprod.olympic.ca\/olympique\/#\/schema\/person\/9fece45a1cf9f72c0fee2ddb948a50f4"},"headline":"Raonic passe en quarts de finale aux Internationaux d\u2019Australie","datePublished":"2015-01-26T18:34:08+00:00","dateModified":"2015-01-27T01:36:31+00:00","mainEntityOfPage":{"@id":"https:\/\/preprod.olympic.ca\/olympique\/2015\/01\/26\/raonic-passe-en-quart-de-finale-aux-internationaux-daustralie\/"},"wordCount":631,"commentCount":0,"image":{"@id":"https:\/\/preprod.olympic.ca\/olympique\/2015\/01\/26\/raonic-passe-en-quart-de-finale-aux-internationaux-daustralie\/#primaryimage"},"thumbnailUrl":"https:\/\/preprod.olympic.ca\/olympique\/wp-content\/uploads\/sites\/2\/2015\/01\/ranoic.jpg?quality=100","keywords":["2009 French Open","Australian Open","Canadian (train)","Feliciano L\u00f3pez","Gilles M\u00fcller","Luxembourg","Melbourne Park","Milos Raonic","Novak Djokovic","Roy Emerson"],"articleSection":["Nouvelles"],"inLanguage":"fr-FR","potentialAction":[{"@type":"CommentAction","name":"Comment","target":["https:\/\/preprod.olympic.ca\/olympique\/2015\/01\/26\/raonic-passe-en-quart-de-finale-aux-internationaux-daustralie\/#respond"]}]},{"@type":"WebPage","@id":"https:\/\/preprod.olympic.ca\/olympique\/2015\/01\/26\/raonic-passe-en-quart-de-finale-aux-internationaux-daustralie\/","url":"https:\/\/preprod.olympic.ca\/olympique\/2015\/01\/26\/raonic-passe-en-quart-de-finale-aux-internationaux-daustralie\/","name":"Raonic passe en quarts de finale aux Internationaux d\u2019Australie - \u00c9quipe Canada | Site officiel de l&#039;\u00e9quipe olympique","isPartOf":{"@id":"https:\/\/preprod.olympic.ca\/olympique\/#website"},"primaryImageOfPage":{"@id":"https:\/\/preprod.olympic.ca\/olympique\/2015\/01\/26\/raonic-passe-en-quart-de-finale-aux-internationaux-daustralie\/#primaryimage"},"image":{"@id":"https:\/\/preprod.olympic.ca\/olympique\/2015\/01\/26\/raonic-passe-en-quart-de-finale-aux-internationaux-daustralie\/#primaryimage"},"thumbnailUrl":"https:\/\/preprod.olympic.ca\/olympique\/wp-content\/uploads\/sites\/2\/2015\/01\/ranoic.jpg?quality=100","datePublished":"2015-01-26T18:34:08+00:00","dateModified":"2015-01-27T01:36:31+00:00","author":{"@id":"https:\/\/preprod.olympic.ca\/olympique\/#\/schema\/person\/9fece45a1cf9f72c0fee2ddb948a50f4"},"inLanguage":"fr-FR","potentialAction":[{"@type":"ReadAction","target":["https:\/\/preprod.olympic.ca\/olympique\/2015\/01\/26\/raonic-passe-en-quart-de-finale-aux-internationaux-daustralie\/"]}]},{"@type":"ImageObject","inLanguage":"fr-FR","@id":"https:\/\/preprod.olympic.ca\/olympique\/2015\/01\/26\/raonic-passe-en-quart-de-finale-aux-internationaux-daustralie\/#primaryimage","url":"https:\/\/preprod.olympic.ca\/olympique\/wp-content\/uploads\/sites\/2\/2015\/01\/ranoic.jpg?quality=100","contentUrl":"https:\/\/preprod.olympic.ca\/olympique\/wp-content\/uploads\/sites\/2\/2015\/01\/ranoic.jpg?quality=100","width":1340,"height":754},{"@type":"WebSite","@id":"https:\/\/preprod.olympic.ca\/olympique\/#website","url":"https:\/\/preprod.olympic.ca\/olympique\/","name":"\u00c9quipe Canada | Site officiel de l&#039;\u00e9quipe olympique","description":"Votre source pour l\u2019\u00c9quipe olympique canadienne. Retrouvez les r\u00e9cits, vid\u00e9os et photos des athl\u00e8tes canadiens, sports olympiques, Jeux olympiques de 2020 et bien plus!","potentialAction":[{"@type":"SearchAction","target":{"@type":"EntryPoint","urlTemplate":"https:\/\/preprod.olympic.ca\/olympique\/?s={search_term_string}"},"query-input":{"@type":"PropertyValueSpecification","valueRequired":true,"valueName":"search_term_string"}}],"inLanguage":"fr-FR"},{"@type":"Person","@id":"https:\/\/preprod.olympic.ca\/olympique\/#\/schema\/person\/9fece45a1cf9f72c0fee2ddb948a50f4","name":"Asif Hossain","image":{"@type":"ImageObject","inLanguage":"fr-FR","@id":"https:\/\/secure.gravatar.com\/avatar\/d78674d61b6b8fcd5488a575ef3fab9b8bed1978cf5bb978adeae1f9411abe4a?s=96&d=identicon&r=g22eff5eea2e28da905f112e9933af68b","url":"https:\/\/secure.gravatar.com\/avatar\/d78674d61b6b8fcd5488a575ef3fab9b8bed1978cf5bb978adeae1f9411abe4a?s=96&d=identicon&r=g","contentUrl":"https:\/\/secure.gravatar.com\/avatar\/d78674d61b6b8fcd5488a575ef3fab9b8bed1978cf5bb978adeae1f9411abe4a?s=96&d=identicon&r=g","caption":"Asif Hossain"},"description":"Digital content, marketing and communications manager by trade.","sameAs":["http:\/\/asifhossain.wordpress.com"],"url":"https:\/\/preprod.olympic.ca\/olympique\/author\/asifhossain\/"}]}},"jetpack_featured_media_url":"https:\/\/preprod.olympic.ca\/olympique\/wp-content\/uploads\/sites\/2\/2015\/01\/ranoic.jpg?quality=100","featured_image_url":"https:\/\/preprod.olympic.ca\/olympique\/wp-content\/uploads\/sites\/2\/2015\/01\/ranoic.jpg?quality=100","author_name":["Asif Hossain"],"category_names":["Nouvelles"],"tag_names":["2009 French Open","Australian Open","Canadian (train)","Feliciano L\u00f3pez","Gilles M\u00fcller","Luxembourg","Melbourne Park","Milos Raonic","Novak Djokovic","Roy Emerson"],"video_embed_code":"","facebook_video_embed_code":"","jetpack_sharing_enabled":true,"jetpack-related-posts":[],"jetpack_shortlink":"https:\/\/wp.me\/pcGHcP-pKV","_links":{"self":[{"href":"https:\/\/preprod.olympic.ca\/olympique\/wp-json\/wp\/v2\/posts\/99009","targetHints":{"allow":["GET"]}}],"collection":[{"href":"https:\/\/preprod.olympic.ca\/olympique\/wp-json\/wp\/v2\/posts"}],"about":[{"href":"https:\/\/preprod.olympic.ca\/olympique\/wp-json\/wp\/v2\/types\/post"}],"author":[{"embeddable":true,"href":"https:\/\/preprod.olympic.ca\/olympique\/wp-json\/wp\/v2\/users\/10774097"}],"replies":[{"embeddable":true,"href":"https:\/\/preprod.olympic.ca\/olympique\/wp-json\/wp\/v2\/comments?post=99009"}],"version-history":[{"count":2,"href":"https:\/\/preprod.olympic.ca\/olympique\/wp-json\/wp\/v2\/posts\/99009\/revisions"}],"predecessor-version":[{"id":99015,"href":"https:\/\/preprod.olympic.ca\/olympique\/wp-json\/wp\/v2\/posts\/99009\/revisions\/99015"}],"wp:featuredmedia":[{"embeddable":true,"href":"https:\/\/preprod.olympic.ca\/olympique\/wp-json\/wp\/v2\/media\/99010"}],"wp:attachment":[{"href":"https:\/\/preprod.olympic.ca\/olympique\/wp-json\/wp\/v2\/media?parent=99009"}],"wp:term":[{"taxonomy":"category","embeddable":true,"href":"https:\/\/preprod.olympic.ca\/olympique\/wp-json\/wp\/v2\/categories?post=99009"},{"taxonomy":"post_tag","embeddable":true,"href":"https:\/\/preprod.olympic.ca\/olympique\/wp-json\/wp\/v2\/tags?post=99009"},{"taxonomy":"post_format","embeddable":true,"href":"https:\/\/preprod.olympic.ca\/olympique\/wp-json\/wp\/v2\/post_format?post=99009"},{"taxonomy":"sport","embeddable":true,"href":"https:\/\/preprod.olympic.ca\/olympique\/wp-json\/wp\/v2\/sport?post=99009"},{"taxonomy":"game","embeddable":true,"href":"https:\/\/preprod.olympic.ca\/olympique\/wp-json\/wp\/v2\/game?post=99009"},{"taxonomy":"author","embeddable":true,"href":"https:\/\/preprod.olympic.ca\/olympique\/wp-json\/wp\/v2\/coauthors?post=99009"}],"curies":[{"name":"wp","href":"https:\/\/api.w.org\/{rel}","templated":true}]}}