{"id":99235,"date":"2015-02-08T10:35:43","date_gmt":"2015-02-08T15:35:43","guid":{"rendered":"http:\/\/olympique.ca\/?p=99235"},"modified":"2015-02-10T19:06:53","modified_gmt":"2015-02-11T00:06:53","slug":"fed-cup-le-canada-sincline-face-a-la-republique-tcheque","status":"publish","type":"post","link":"https:\/\/preprod.olympic.ca\/olympique\/2015\/02\/08\/fed-cup-le-canada-sincline-face-a-la-republique-tcheque\/","title":{"rendered":"Fed Cup : Le Canada s&rsquo;incline face \u00e0 la R\u00e9publique Tch\u00e8que"},"content":{"rendered":"<h1>Le Canada a d\u00fb s&rsquo;avouer vaincu face \u00e0 la R\u00e9publique tch\u00e8que lors de sa premi\u00e8re pr\u00e9sence au sein du Groupe mondial en Fed Cup quand Karolina Pliskova a donn\u00e9 le coup de gr\u00e2ce en battant Gabriela Dabrowski 6-4 et 6-2, dimanche.<\/h1>\n<p>Pliskova, qui a gagn\u00e9 un deuxi\u00e8me match en autant de jours, a scell\u00e9 la victoire tch\u00e8que dans cette s\u00e9rie trois de cinq pour ainsi permettre \u00e0 son pays- champion en tire &#8211; d&rsquo;acc\u00e9der aux demi-finales.<\/p>\n<div id=\"attachment_111338\" style=\"width: 1350px\" class=\"wp-caption aligncenter\"><a href=\"https:\/\/cdnolympic.files.wordpress.com\/2015\/02\/dabrowski1.jpg?quality=100\"><img loading=\"lazy\" decoding=\"async\" aria-describedby=\"caption-attachment-111338\" class=\"wp-image-111338 size-full\" src=\"https:\/\/cdnolympic.files.wordpress.com\/2015\/02\/dabrowski1.jpg?quality=100\" alt=\"\" width=\"1340\" height=\"754\" \/><\/a><p id=\"caption-attachment-111338\" class=\"wp-caption-text\">Gabriela Dabrowski<\/p><\/div>\n<p>Dabrowski a connu un bon d\u00e9part pour le Canada en prenant les devants 4-1 en premi\u00e8re manche au PEPS de l&rsquo;Universit\u00e9 Laval \u00e0 Qu\u00e9bec, ce qui a sembl\u00e9 r\u00e9veiller son adversaire tch\u00e8que qui a pris les cinq jeux suivants et la manche 6-4.<\/p>\n<p>Pliskova, 22e raquette mondiale, avait vaincu la jeune Fran\u00e7oise Abanda la veille. Dabrowski a perdu contre Tereza Smitkova samedi, ce qui a pouss\u00e9 l&rsquo;\u00e9quipe canadienne vers un match sans lendemain dimanche.<\/p>\n<p>Lors de la deuxi\u00e8me manche, Pliskova s&rsquo;est montr\u00e9e sans piti\u00e9 creusant l&rsquo;\u00e9cart rapidement 4-0 pour finalement l&#8217;emporter 6-2.<\/p>\n<div id=\"attachment_111339\" style=\"width: 1350px\" class=\"wp-caption aligncenter\"><a href=\"https:\/\/cdnolympic.files.wordpress.com\/2015\/02\/pliskova2.jpg?quality=100\"><img loading=\"lazy\" decoding=\"async\" aria-describedby=\"caption-attachment-111339\" class=\"wp-image-111339 size-full\" src=\"https:\/\/cdnolympic.files.wordpress.com\/2015\/02\/pliskova2.jpg?quality=100\" alt=\"\" width=\"1340\" height=\"754\" \/><\/a><p id=\"caption-attachment-111339\" class=\"wp-caption-text\">Karolina Pliskova<\/p><\/div>\n<p>Les deux pays se retrouvaient sans leurs meilleures joueuses de simple, mais l&rsquo;absence d&rsquo;Eugenie Bouchard a sembl\u00e9 avoir un plus grand impact sur l&rsquo;\u00e9quipe canadienne<\/p>\n<p>La d\u00e9faite envoie l&rsquo;\u00e9quipe canadienne en matchs de barrage o\u00f9 elle esp\u00e8rera vaincre la Roumanie les 18 et 19 avril afin de conserver sa place parmi l&rsquo;\u00e9lite mondiale.<\/p>\n<h2>Samedi<\/h2>\n<p>Priv\u00e9e d&rsquo;Eugenie Bouchard pour la Fed Cup, l&rsquo;\u00e9quipe canadienne n&rsquo;a pas fait le poids, samedi, face \u00e0 la R\u00e9publique tch\u00e8que qui a remport\u00e9 les deux premiers matchs de la s\u00e9rie de cinq disput\u00e9e \u00e0 Qu\u00e9bec.<\/p>\n<p>Karolina Pliskova a eu le dessus sur Fran\u00e7oise Abanda 6-2, 6-4, puis Tereza Smitkova s&rsquo;est impos\u00e9e\u00a06-1, 6-2 face \u00e0 Gabriela Dabrowski. Les Tch\u00e8ques pourraient \u00e9liminer le Canada dimanche alors que Pliskova devrait affronter Dabrowski.<\/p>\n<p>Les bruyants spectateurs rassembl\u00e9s au PEPS de l&rsquo;universit\u00e9 Laval \u00e9taient pr\u00eats \u00e0 accueillir le premier duel canadien au sein du groupe mondial en Fed Cup, tournoi annuel r\u00e9serv\u00e9 aux huit meilleures nations du tennis f\u00e9minin. Malheureusement pour le Canada, les championnes en titre n&rsquo;ont aucunement sembl\u00e9 intimid\u00e9es.<\/p>\n<div id=\"attachment_111301\" style=\"width: 1350px\" class=\"wp-caption aligncenter\"><a href=\"https:\/\/cdnolympic.files.wordpress.com\/2015\/02\/abanda1.jpg?quality=100\"><img loading=\"lazy\" decoding=\"async\" aria-describedby=\"caption-attachment-111301\" class=\"wp-image-111301 size-full\" src=\"https:\/\/cdnolympic.files.wordpress.com\/2015\/02\/abanda1.jpg?quality=100\" alt=\"\" width=\"1340\" height=\"754\" \/><\/a><p id=\"caption-attachment-111301\" class=\"wp-caption-text\">Fran\u00e7oise Abanda retourne la frappe de Karolina Pliskova.<\/p><\/div>\n<p>Avec Eugenie Bouchard pr\u00e9f\u00e9rant se concentrer sur son prochain tournoi de la WTA et la joueuse d&rsquo;exp\u00e9rience Sharon Fichman bless\u00e9e, Abanda s&rsquo;est vue propulser au premier rang de l&rsquo;\u00e9quipe canadienne pour y affronter Pliskova, 22e raquette mondiale. Abanda, qui vient tout juste de f\u00eater ses 18 ans, semblait nerveuse d\u00e8s le d\u00e9part et Pliskova en a profit\u00e9 pour prendre les devants d\u00e8s le premier jeu.<\/p>\n<p>\u00abC&rsquo;\u00e9tait d\u00e9finitivement une nouvelle exp\u00e9rience pour moi, une sensation diff\u00e9rente sur le court, a expliqu\u00e9 Abanda apr\u00e8s la rencontre. C&rsquo;\u00e9tait un peu difficile.\u00bb Apr\u00e8s avoir perdu la premi\u00e8re manche 6-2, la jeune Canadienne a retrouv\u00e9 son jeu au deuxi\u00e8me set sans toutefois \u00eatre en mesure de saisir sa chance.<\/p>\n<div id=\"attachment_111302\" style=\"width: 1350px\" class=\"wp-caption aligncenter\"><a href=\"https:\/\/cdnolympic.files.wordpress.com\/2015\/02\/pliskova1.jpg?quality=100\"><img loading=\"lazy\" decoding=\"async\" aria-describedby=\"caption-attachment-111302\" class=\"wp-image-111302 size-full\" src=\"https:\/\/cdnolympic.files.wordpress.com\/2015\/02\/pliskova1.jpg?quality=100\" alt=\"\" width=\"1340\" height=\"754\" \/><\/a><p id=\"caption-attachment-111302\" class=\"wp-caption-text\">Karolina Pliskova apr\u00e8s avoir gagn\u00e9 un point face \u00e0 Francoise Abanda samedi.<\/p><\/div>\n<p>\u00abJ&rsquo;avais la chance d&rsquo;\u00e9galis\u00e9 5-5, s&rsquo;est souvenue Abanda. J&rsquo;aurais d\u00fb saisir ma chance, \u00e7a n&rsquo;est pas arriv\u00e9. C&rsquo;est dommage.\u00bb<\/p>\n<p>Tout comme le Canada, l&rsquo;\u00e9quipe Tch\u00e8que \u00e9tait amput\u00e9e de ses deux meilleures joueuses de simples, notamment la championne en titre de Wimbledon Petra Kvitova.<\/p>\n<div id=\"attachment_111303\" style=\"width: 1350px\" class=\"wp-caption aligncenter\"><a href=\"https:\/\/cdnolympic.files.wordpress.com\/2015\/02\/dabrowski.jpg?quality=100\"><img loading=\"lazy\" decoding=\"async\" aria-describedby=\"caption-attachment-111303\" class=\"wp-image-111303 size-full\" src=\"https:\/\/cdnolympic.files.wordpress.com\/2015\/02\/dabrowski.jpg?quality=100\" alt=\"\" width=\"1340\" height=\"754\" \/><\/a><p id=\"caption-attachment-111303\" class=\"wp-caption-text\">Gabriela Dabrowski se pr\u00e9pare \u00e0 recevoir le service de Tereza Smitkova.<\/p><\/div>\n<p>Apr\u00e8s avoir \u00e9chapp\u00e9 le premier jeu contre Dabrowski, Smitkova s&rsquo;est ressaisie rapidement en remportant six jeux cons\u00e9cutifs. Lors de la deuxi\u00e8me manche apr\u00e8s avoir perdu son service t\u00f4t dans l&rsquo;engagement, elle a bris\u00e9 Dabrowski \u00e0 trois reprises avant de s&#8217;emparer de la victoire.<\/p>\n<p>\u00abJ&rsquo;ai l\u2019opportunit\u00e9 de jouer en Fed Cup parce que nos meilleures joueuses n&rsquo;y participent pas, a indiqu\u00e9\u00a0Smitkova. J&rsquo;ai saisi ma chance.\u00bb Contrairement \u00e0 ce que peut laisser croire le pointage final, le deuxi\u00e8me set fut chaudement disput\u00e9e.<\/p>\n<p>\u00abJe fais de mon mieux pour obtenir chaque point, a dit\u00a0Dabrowski. J&rsquo;\u00e9tais pr\u00eate \u00e0 jouer, je ne crois pas devoir changer quoi que ce soit \u00e0 ma pr\u00e9paration mentale ou physique (dimanche).\u00bb<\/p>\n","protected":false},"excerpt":{"rendered":"<p>Le Canada a d\u00fb s&rsquo;avouer vaincu face \u00e0 la R\u00e9publique tch\u00e8que lors de sa premi\u00e8re pr\u00e9sence au sein du Groupe&#8230;<\/p>\n","protected":false},"author":10774097,"featured_media":99406,"comment_status":"open","ping_status":"closed","sticky":false,"template":"","format":"standard","meta":{"_acf_changed":false,"_jetpack_memberships_contains_paid_content":false,"footnotes":""},"categories":[16085],"tags":[],"post_format":"standard","sport":[1999],"game":[],"coauthors":[197553292],"class_list":["post-99235","post","type-post","status-publish","format-standard","has-post-thumbnail","hentry","category-nouvelles","sport-tennis"],"acf":[],"yoast_head":"<!-- This site is optimized with the Yoast SEO plugin v27.3 - https:\/\/yoast.com\/product\/yoast-seo-wordpress\/ -->\n<title>Fed Cup : Le Canada s&#039;incline face \u00e0 la R\u00e9publique Tch\u00e8que - \u00c9quipe Canada | Site officiel de l&#039;\u00e9quipe olympique<\/title>\n<meta name=\"robots\" content=\"index, follow, max-snippet:-1, max-image-preview:large, max-video-preview:-1\" \/>\n<link rel=\"canonical\" href=\"https:\/\/preprod.olympic.ca\/olympique\/2015\/02\/08\/fed-cup-le-canada-sincline-face-a-la-republique-tcheque\/\" \/>\n<meta property=\"og:locale\" content=\"fr_FR\" \/>\n<meta property=\"og:type\" content=\"article\" \/>\n<meta property=\"og:title\" content=\"Fed Cup : Le Canada s&#039;incline face \u00e0 la R\u00e9publique Tch\u00e8que - \u00c9quipe Canada | Site officiel de l&#039;\u00e9quipe olympique\" \/>\n<meta property=\"og:description\" content=\"Le Canada a d\u00fb s&rsquo;avouer vaincu face \u00e0 la R\u00e9publique tch\u00e8que lors de sa premi\u00e8re pr\u00e9sence au sein du Groupe...\" \/>\n<meta property=\"og:url\" content=\"https:\/\/preprod.olympic.ca\/olympique\/2015\/02\/08\/fed-cup-le-canada-sincline-face-a-la-republique-tcheque\/\" \/>\n<meta property=\"og:site_name\" content=\"\u00c9quipe Canada | Site officiel de l&#039;\u00e9quipe olympique\" \/>\n<meta property=\"article:published_time\" content=\"2015-02-08T15:35:43+00:00\" \/>\n<meta property=\"article:modified_time\" content=\"2015-02-11T00:06:53+00:00\" \/>\n<meta property=\"og:image\" content=\"https:\/\/preprod.olympic.ca\/olympique\/wp-content\/uploads\/sites\/2\/2015\/02\/czechwin1-1.jpg?quality=100\" \/>\n\t<meta property=\"og:image:width\" content=\"670\" \/>\n\t<meta property=\"og:image:height\" content=\"377\" \/>\n\t<meta property=\"og:image:type\" content=\"image\/jpeg\" \/>\n<meta name=\"author\" content=\"Asif Hossain\" \/>\n<meta name=\"twitter:card\" content=\"summary_large_image\" \/>\n<meta name=\"twitter:label1\" content=\"Written by\" \/>\n\t<meta name=\"twitter:data1\" content=\"Asif Hossain\" \/>\n\t<meta name=\"twitter:label2\" content=\"Est. reading time\" \/>\n\t<meta name=\"twitter:data2\" content=\"4 minutes\" \/>\n<script type=\"application\/ld+json\" class=\"yoast-schema-graph\">{\"@context\":\"https:\\\/\\\/schema.org\",\"@graph\":[{\"@type\":\"Article\",\"@id\":\"https:\\\/\\\/preprod.olympic.ca\\\/olympique\\\/2015\\\/02\\\/08\\\/fed-cup-le-canada-sincline-face-a-la-republique-tcheque\\\/#article\",\"isPartOf\":{\"@id\":\"https:\\\/\\\/preprod.olympic.ca\\\/olympique\\\/2015\\\/02\\\/08\\\/fed-cup-le-canada-sincline-face-a-la-republique-tcheque\\\/\"},\"author\":{\"name\":\"Asif Hossain\",\"@id\":\"https:\\\/\\\/preprod.olympic.ca\\\/olympique\\\/#\\\/schema\\\/person\\\/9fece45a1cf9f72c0fee2ddb948a50f4\"},\"headline\":\"Fed Cup : Le Canada s&rsquo;incline face \u00e0 la R\u00e9publique Tch\u00e8que\",\"datePublished\":\"2015-02-08T15:35:43+00:00\",\"dateModified\":\"2015-02-11T00:06:53+00:00\",\"mainEntityOfPage\":{\"@id\":\"https:\\\/\\\/preprod.olympic.ca\\\/olympique\\\/2015\\\/02\\\/08\\\/fed-cup-le-canada-sincline-face-a-la-republique-tcheque\\\/\"},\"wordCount\":776,\"commentCount\":0,\"image\":{\"@id\":\"https:\\\/\\\/preprod.olympic.ca\\\/olympique\\\/2015\\\/02\\\/08\\\/fed-cup-le-canada-sincline-face-a-la-republique-tcheque\\\/#primaryimage\"},\"thumbnailUrl\":\"https:\\\/\\\/preprod.olympic.ca\\\/olympique\\\/wp-content\\\/uploads\\\/sites\\\/2\\\/2015\\\/02\\\/czechwin1-1.jpg?quality=100\",\"articleSection\":[\"Nouvelles\"],\"inLanguage\":\"fr-FR\",\"potentialAction\":[{\"@type\":\"CommentAction\",\"name\":\"Comment\",\"target\":[\"https:\\\/\\\/preprod.olympic.ca\\\/olympique\\\/2015\\\/02\\\/08\\\/fed-cup-le-canada-sincline-face-a-la-republique-tcheque\\\/#respond\"]}]},{\"@type\":\"WebPage\",\"@id\":\"https:\\\/\\\/preprod.olympic.ca\\\/olympique\\\/2015\\\/02\\\/08\\\/fed-cup-le-canada-sincline-face-a-la-republique-tcheque\\\/\",\"url\":\"https:\\\/\\\/preprod.olympic.ca\\\/olympique\\\/2015\\\/02\\\/08\\\/fed-cup-le-canada-sincline-face-a-la-republique-tcheque\\\/\",\"name\":\"Fed Cup : Le Canada s'incline face \u00e0 la R\u00e9publique Tch\u00e8que - \u00c9quipe Canada | Site officiel de l&#039;\u00e9quipe olympique\",\"isPartOf\":{\"@id\":\"https:\\\/\\\/preprod.olympic.ca\\\/olympique\\\/#website\"},\"primaryImageOfPage\":{\"@id\":\"https:\\\/\\\/preprod.olympic.ca\\\/olympique\\\/2015\\\/02\\\/08\\\/fed-cup-le-canada-sincline-face-a-la-republique-tcheque\\\/#primaryimage\"},\"image\":{\"@id\":\"https:\\\/\\\/preprod.olympic.ca\\\/olympique\\\/2015\\\/02\\\/08\\\/fed-cup-le-canada-sincline-face-a-la-republique-tcheque\\\/#primaryimage\"},\"thumbnailUrl\":\"https:\\\/\\\/preprod.olympic.ca\\\/olympique\\\/wp-content\\\/uploads\\\/sites\\\/2\\\/2015\\\/02\\\/czechwin1-1.jpg?quality=100\",\"datePublished\":\"2015-02-08T15:35:43+00:00\",\"dateModified\":\"2015-02-11T00:06:53+00:00\",\"author\":{\"@id\":\"https:\\\/\\\/preprod.olympic.ca\\\/olympique\\\/#\\\/schema\\\/person\\\/9fece45a1cf9f72c0fee2ddb948a50f4\"},\"inLanguage\":\"fr-FR\",\"potentialAction\":[{\"@type\":\"ReadAction\",\"target\":[\"https:\\\/\\\/preprod.olympic.ca\\\/olympique\\\/2015\\\/02\\\/08\\\/fed-cup-le-canada-sincline-face-a-la-republique-tcheque\\\/\"]}]},{\"@type\":\"ImageObject\",\"inLanguage\":\"fr-FR\",\"@id\":\"https:\\\/\\\/preprod.olympic.ca\\\/olympique\\\/2015\\\/02\\\/08\\\/fed-cup-le-canada-sincline-face-a-la-republique-tcheque\\\/#primaryimage\",\"url\":\"https:\\\/\\\/preprod.olympic.ca\\\/olympique\\\/wp-content\\\/uploads\\\/sites\\\/2\\\/2015\\\/02\\\/czechwin1-1.jpg?quality=100\",\"contentUrl\":\"https:\\\/\\\/preprod.olympic.ca\\\/olympique\\\/wp-content\\\/uploads\\\/sites\\\/2\\\/2015\\\/02\\\/czechwin1-1.jpg?quality=100\",\"width\":670,\"height\":377},{\"@type\":\"WebSite\",\"@id\":\"https:\\\/\\\/preprod.olympic.ca\\\/olympique\\\/#website\",\"url\":\"https:\\\/\\\/preprod.olympic.ca\\\/olympique\\\/\",\"name\":\"\u00c9quipe Canada | Site officiel de l&#039;\u00e9quipe olympique\",\"description\":\"Votre source pour l\u2019\u00c9quipe olympique canadienne. Retrouvez les r\u00e9cits, vid\u00e9os et photos des athl\u00e8tes canadiens, sports olympiques, Jeux olympiques de 2020 et bien plus!\",\"potentialAction\":[{\"@type\":\"SearchAction\",\"target\":{\"@type\":\"EntryPoint\",\"urlTemplate\":\"https:\\\/\\\/preprod.olympic.ca\\\/olympique\\\/?s={search_term_string}\"},\"query-input\":{\"@type\":\"PropertyValueSpecification\",\"valueRequired\":true,\"valueName\":\"search_term_string\"}}],\"inLanguage\":\"fr-FR\"},{\"@type\":\"Person\",\"@id\":\"https:\\\/\\\/preprod.olympic.ca\\\/olympique\\\/#\\\/schema\\\/person\\\/9fece45a1cf9f72c0fee2ddb948a50f4\",\"name\":\"Asif Hossain\",\"image\":{\"@type\":\"ImageObject\",\"inLanguage\":\"fr-FR\",\"@id\":\"https:\\\/\\\/secure.gravatar.com\\\/avatar\\\/d78674d61b6b8fcd5488a575ef3fab9b8bed1978cf5bb978adeae1f9411abe4a?s=96&d=identicon&r=g22eff5eea2e28da905f112e9933af68b\",\"url\":\"https:\\\/\\\/secure.gravatar.com\\\/avatar\\\/d78674d61b6b8fcd5488a575ef3fab9b8bed1978cf5bb978adeae1f9411abe4a?s=96&d=identicon&r=g\",\"contentUrl\":\"https:\\\/\\\/secure.gravatar.com\\\/avatar\\\/d78674d61b6b8fcd5488a575ef3fab9b8bed1978cf5bb978adeae1f9411abe4a?s=96&d=identicon&r=g\",\"caption\":\"Asif Hossain\"},\"description\":\"Digital content, marketing and communications manager by trade.\",\"sameAs\":[\"http:\\\/\\\/asifhossain.wordpress.com\"],\"url\":\"https:\\\/\\\/preprod.olympic.ca\\\/olympique\\\/author\\\/asifhossain\\\/\"}]}<\/script>\n<!-- \/ Yoast SEO plugin. -->","yoast_head_json":{"title":"Fed Cup : Le Canada s'incline face \u00e0 la R\u00e9publique Tch\u00e8que - \u00c9quipe Canada | Site officiel de l&#039;\u00e9quipe olympique","robots":{"index":"index","follow":"follow","max-snippet":"max-snippet:-1","max-image-preview":"max-image-preview:large","max-video-preview":"max-video-preview:-1"},"canonical":"https:\/\/preprod.olympic.ca\/olympique\/2015\/02\/08\/fed-cup-le-canada-sincline-face-a-la-republique-tcheque\/","og_locale":"fr_FR","og_type":"article","og_title":"Fed Cup : Le Canada s'incline face \u00e0 la R\u00e9publique Tch\u00e8que - \u00c9quipe Canada | Site officiel de l&#039;\u00e9quipe olympique","og_description":"Le Canada a d\u00fb s&rsquo;avouer vaincu face \u00e0 la R\u00e9publique tch\u00e8que lors de sa premi\u00e8re pr\u00e9sence au sein du Groupe...","og_url":"https:\/\/preprod.olympic.ca\/olympique\/2015\/02\/08\/fed-cup-le-canada-sincline-face-a-la-republique-tcheque\/","og_site_name":"\u00c9quipe Canada | Site officiel de l&#039;\u00e9quipe olympique","article_published_time":"2015-02-08T15:35:43+00:00","article_modified_time":"2015-02-11T00:06:53+00:00","og_image":[{"width":670,"height":377,"url":"https:\/\/preprod.olympic.ca\/olympique\/wp-content\/uploads\/sites\/2\/2015\/02\/czechwin1-1.jpg?quality=100","type":"image\/jpeg"}],"author":"Asif Hossain","twitter_card":"summary_large_image","twitter_misc":{"Written by":"Asif Hossain","Est. reading time":"4 minutes"},"schema":{"@context":"https:\/\/schema.org","@graph":[{"@type":"Article","@id":"https:\/\/preprod.olympic.ca\/olympique\/2015\/02\/08\/fed-cup-le-canada-sincline-face-a-la-republique-tcheque\/#article","isPartOf":{"@id":"https:\/\/preprod.olympic.ca\/olympique\/2015\/02\/08\/fed-cup-le-canada-sincline-face-a-la-republique-tcheque\/"},"author":{"name":"Asif Hossain","@id":"https:\/\/preprod.olympic.ca\/olympique\/#\/schema\/person\/9fece45a1cf9f72c0fee2ddb948a50f4"},"headline":"Fed Cup : Le Canada s&rsquo;incline face \u00e0 la R\u00e9publique Tch\u00e8que","datePublished":"2015-02-08T15:35:43+00:00","dateModified":"2015-02-11T00:06:53+00:00","mainEntityOfPage":{"@id":"https:\/\/preprod.olympic.ca\/olympique\/2015\/02\/08\/fed-cup-le-canada-sincline-face-a-la-republique-tcheque\/"},"wordCount":776,"commentCount":0,"image":{"@id":"https:\/\/preprod.olympic.ca\/olympique\/2015\/02\/08\/fed-cup-le-canada-sincline-face-a-la-republique-tcheque\/#primaryimage"},"thumbnailUrl":"https:\/\/preprod.olympic.ca\/olympique\/wp-content\/uploads\/sites\/2\/2015\/02\/czechwin1-1.jpg?quality=100","articleSection":["Nouvelles"],"inLanguage":"fr-FR","potentialAction":[{"@type":"CommentAction","name":"Comment","target":["https:\/\/preprod.olympic.ca\/olympique\/2015\/02\/08\/fed-cup-le-canada-sincline-face-a-la-republique-tcheque\/#respond"]}]},{"@type":"WebPage","@id":"https:\/\/preprod.olympic.ca\/olympique\/2015\/02\/08\/fed-cup-le-canada-sincline-face-a-la-republique-tcheque\/","url":"https:\/\/preprod.olympic.ca\/olympique\/2015\/02\/08\/fed-cup-le-canada-sincline-face-a-la-republique-tcheque\/","name":"Fed Cup : Le Canada s'incline face \u00e0 la R\u00e9publique Tch\u00e8que - \u00c9quipe Canada | Site officiel de l&#039;\u00e9quipe olympique","isPartOf":{"@id":"https:\/\/preprod.olympic.ca\/olympique\/#website"},"primaryImageOfPage":{"@id":"https:\/\/preprod.olympic.ca\/olympique\/2015\/02\/08\/fed-cup-le-canada-sincline-face-a-la-republique-tcheque\/#primaryimage"},"image":{"@id":"https:\/\/preprod.olympic.ca\/olympique\/2015\/02\/08\/fed-cup-le-canada-sincline-face-a-la-republique-tcheque\/#primaryimage"},"thumbnailUrl":"https:\/\/preprod.olympic.ca\/olympique\/wp-content\/uploads\/sites\/2\/2015\/02\/czechwin1-1.jpg?quality=100","datePublished":"2015-02-08T15:35:43+00:00","dateModified":"2015-02-11T00:06:53+00:00","author":{"@id":"https:\/\/preprod.olympic.ca\/olympique\/#\/schema\/person\/9fece45a1cf9f72c0fee2ddb948a50f4"},"inLanguage":"fr-FR","potentialAction":[{"@type":"ReadAction","target":["https:\/\/preprod.olympic.ca\/olympique\/2015\/02\/08\/fed-cup-le-canada-sincline-face-a-la-republique-tcheque\/"]}]},{"@type":"ImageObject","inLanguage":"fr-FR","@id":"https:\/\/preprod.olympic.ca\/olympique\/2015\/02\/08\/fed-cup-le-canada-sincline-face-a-la-republique-tcheque\/#primaryimage","url":"https:\/\/preprod.olympic.ca\/olympique\/wp-content\/uploads\/sites\/2\/2015\/02\/czechwin1-1.jpg?quality=100","contentUrl":"https:\/\/preprod.olympic.ca\/olympique\/wp-content\/uploads\/sites\/2\/2015\/02\/czechwin1-1.jpg?quality=100","width":670,"height":377},{"@type":"WebSite","@id":"https:\/\/preprod.olympic.ca\/olympique\/#website","url":"https:\/\/preprod.olympic.ca\/olympique\/","name":"\u00c9quipe Canada | Site officiel de l&#039;\u00e9quipe olympique","description":"Votre source pour l\u2019\u00c9quipe olympique canadienne. Retrouvez les r\u00e9cits, vid\u00e9os et photos des athl\u00e8tes canadiens, sports olympiques, Jeux olympiques de 2020 et bien plus!","potentialAction":[{"@type":"SearchAction","target":{"@type":"EntryPoint","urlTemplate":"https:\/\/preprod.olympic.ca\/olympique\/?s={search_term_string}"},"query-input":{"@type":"PropertyValueSpecification","valueRequired":true,"valueName":"search_term_string"}}],"inLanguage":"fr-FR"},{"@type":"Person","@id":"https:\/\/preprod.olympic.ca\/olympique\/#\/schema\/person\/9fece45a1cf9f72c0fee2ddb948a50f4","name":"Asif Hossain","image":{"@type":"ImageObject","inLanguage":"fr-FR","@id":"https:\/\/secure.gravatar.com\/avatar\/d78674d61b6b8fcd5488a575ef3fab9b8bed1978cf5bb978adeae1f9411abe4a?s=96&d=identicon&r=g22eff5eea2e28da905f112e9933af68b","url":"https:\/\/secure.gravatar.com\/avatar\/d78674d61b6b8fcd5488a575ef3fab9b8bed1978cf5bb978adeae1f9411abe4a?s=96&d=identicon&r=g","contentUrl":"https:\/\/secure.gravatar.com\/avatar\/d78674d61b6b8fcd5488a575ef3fab9b8bed1978cf5bb978adeae1f9411abe4a?s=96&d=identicon&r=g","caption":"Asif Hossain"},"description":"Digital content, marketing and communications manager by trade.","sameAs":["http:\/\/asifhossain.wordpress.com"],"url":"https:\/\/preprod.olympic.ca\/olympique\/author\/asifhossain\/"}]}},"jetpack_featured_media_url":"https:\/\/preprod.olympic.ca\/olympique\/wp-content\/uploads\/sites\/2\/2015\/02\/czechwin1-1.jpg?quality=100","featured_image_url":"https:\/\/preprod.olympic.ca\/olympique\/wp-content\/uploads\/sites\/2\/2015\/02\/czechwin1-1.jpg?quality=100","author_name":["Asif Hossain"],"category_names":["Nouvelles"],"tag_names":[],"video_embed_code":"","facebook_video_embed_code":"","jetpack_sharing_enabled":true,"jetpack-related-posts":[],"jetpack_shortlink":"https:\/\/wp.me\/pcGHcP-pOz","_links":{"self":[{"href":"https:\/\/preprod.olympic.ca\/olympique\/wp-json\/wp\/v2\/posts\/99235","targetHints":{"allow":["GET"]}}],"collection":[{"href":"https:\/\/preprod.olympic.ca\/olympique\/wp-json\/wp\/v2\/posts"}],"about":[{"href":"https:\/\/preprod.olympic.ca\/olympique\/wp-json\/wp\/v2\/types\/post"}],"author":[{"embeddable":true,"href":"https:\/\/preprod.olympic.ca\/olympique\/wp-json\/wp\/v2\/users\/10774097"}],"replies":[{"embeddable":true,"href":"https:\/\/preprod.olympic.ca\/olympique\/wp-json\/wp\/v2\/comments?post=99235"}],"version-history":[{"count":3,"href":"https:\/\/preprod.olympic.ca\/olympique\/wp-json\/wp\/v2\/posts\/99235\/revisions"}],"predecessor-version":[{"id":99407,"href":"https:\/\/preprod.olympic.ca\/olympique\/wp-json\/wp\/v2\/posts\/99235\/revisions\/99407"}],"wp:featuredmedia":[{"embeddable":true,"href":"https:\/\/preprod.olympic.ca\/olympique\/wp-json\/wp\/v2\/media\/99406"}],"wp:attachment":[{"href":"https:\/\/preprod.olympic.ca\/olympique\/wp-json\/wp\/v2\/media?parent=99235"}],"wp:term":[{"taxonomy":"category","embeddable":true,"href":"https:\/\/preprod.olympic.ca\/olympique\/wp-json\/wp\/v2\/categories?post=99235"},{"taxonomy":"post_tag","embeddable":true,"href":"https:\/\/preprod.olympic.ca\/olympique\/wp-json\/wp\/v2\/tags?post=99235"},{"taxonomy":"post_format","embeddable":true,"href":"https:\/\/preprod.olympic.ca\/olympique\/wp-json\/wp\/v2\/post_format?post=99235"},{"taxonomy":"sport","embeddable":true,"href":"https:\/\/preprod.olympic.ca\/olympique\/wp-json\/wp\/v2\/sport?post=99235"},{"taxonomy":"game","embeddable":true,"href":"https:\/\/preprod.olympic.ca\/olympique\/wp-json\/wp\/v2\/game?post=99235"},{"taxonomy":"author","embeddable":true,"href":"https:\/\/preprod.olympic.ca\/olympique\/wp-json\/wp\/v2\/coauthors?post=99235"}],"curies":[{"name":"wp","href":"https:\/\/api.w.org\/{rel}","templated":true}]}}