{"id":129813,"date":"2016-09-15T11:00:15","date_gmt":"2016-09-15T15:00:15","guid":{"rendered":"http:\/\/olympique.ca\/?post_type=press&#038;p=129813"},"modified":"2017-10-06T14:25:29","modified_gmt":"2017-10-06T18:25:29","slug":"avis-aux-medias-le-coc-accepte-les-declarations-dinteret-pour-laccreditation-de-presse-en-vue-de-pyeongchang-2018","status":"publish","type":"press","link":"https:\/\/preprod.olympic.ca\/olympique\/presse\/avis-aux-medias-le-coc-accepte-les-declarations-dinteret-pour-laccreditation-de-presse-en-vue-de-pyeongchang-2018\/","title":{"rendered":"Avis aux m\u00e9dias : Le COC accepte les d\u00e9clarations d\u2019int\u00e9r\u00eat pour l\u2019accr\u00e9ditation de presse en vue de PyeongChang 2018"},"content":{"rendered":"<p><span class=\"rls-date\">Jeudi 15 septembre 2016 \u2014\u00a0<\/span>TORONTO\u00a0\u2014\u00a0Le Comit\u00e9 olympique canadien\u00a0(COC) accepte les d\u00e9clarations d\u2019int\u00e9r\u00eat des m\u00e9dias canadiens pour l\u2019obtention d\u2019une accr\u00e9ditation de presse aux Jeux olympiques d\u2019hiver de 2018 \u00e0 PyeongChang.<\/p>\n<p>Les m\u00e9dias sont invit\u00e9s \u00e0 soumettre une seule d\u00e9claration d\u2019int\u00e9r\u00eat pour leur organisme et d\u2019y pr\u00e9ciser le nombre et le type d\u2019accr\u00e9ditations (journaliste ou photographe) demand\u00e9es. Toutes les demandes doivent \u00eatre envoy\u00e9es par courriel \u00e0 l\u2019adresse\u00a0<a href=\"mailto:accreditations@olympique.ca\"><strong>accreditations@olympique.ca<\/strong><\/a><strong>\u00a0au plus tard le 31 octobre 2016<\/strong>. Les demandes re\u00e7ues apr\u00e8s cette date ne seront pas prises en consid\u00e9ration.<\/p>\n<p>En raison du nombre limit\u00e9 d\u2019accr\u00e9ditations octroy\u00e9es par le Comit\u00e9 international olympique\u00a0(CIO), le COC tiendra compte de crit\u00e8res de s\u00e9lection tels que la port\u00e9e de la couverture \u00e0 l\u2019\u00e9chelle nationale, les lecteurs et la distribution, l\u2019exp\u00e9rience ant\u00e9rieure aux Jeux olympiques et dans la couverture de ceux-ci, sa repr\u00e9sentation g\u00e9ographique et l\u2019\u00e9quit\u00e9 linguistique.<\/p>\n<p><strong>Cat\u00e9gories d\u2019accr\u00e9ditation<\/strong><\/p>\n<table border=\"1\" cellspacing=\"1\" cellpadding=\"1\">\n<thead>\n<tr>\n<th scope=\"col\"><strong>Code<\/strong><\/th>\n<th scope=\"col\"><strong>Description<\/strong><\/th>\n<\/tr>\n<\/thead>\n<tbody>\n<tr>\n<td>\u00a0E<\/td>\n<td><strong>\u00a0Journaliste\u00a0:<\/strong>\u00a0Journaliste, r\u00e9dacteur ou \u00e9diteur photographique employ\u00e9 ou mandat\u00e9 par une agence mondiale ou nationale d\u2019information, un quotidien g\u00e9n\u00e9ral ou sportif, un magazine \u00a0de sport ou un site Web de sport; journaliste de m\u00e9dias num\u00e9riques ou journaliste pigiste sous contrat.<\/td>\n<\/tr>\n<tr>\n<td>\u00a0EP<\/td>\n<td><strong>\u00a0Photographe\u00a0<\/strong><strong>:<\/strong>\u00a0Photographe r\u00e9pondant aux m\u00eames crit\u00e8res d\u00e9finis pour la cat\u00e9gorie \u00ab\u00a0E\u00a0\u00bb.<\/td>\n<\/tr>\n<\/tbody>\n<\/table>\n<p>Nous communiquerons par courriel \u00e0 la mi-novembre avec les m\u00e9dias qui recevront une accr\u00e9ditation.<\/p>\n<p>&#8212;<\/p>\n<p>Le formulaire de demande d\u2019accr\u00e9ditation ENR pour les diffuseurs non-d\u00e9tenteurs de droits de t\u00e9l\u00e9vision et radio sera disponible sur le\u00a0<a href=\"https:\/\/www.olympic.org\/fr\/accred2018\">site Web du CIO<\/a>\u00a0du 10 octobre au 15\u00a0novembre 2016.<\/p>\n<p>Les organismes non-d\u00e9tenteurs de droits sont responsables de faire une demande aupr\u00e8s du CIO. La p\u00e9riode de soumission se termine le 15\u00a0novembre prochain, et le CIO communiquera avec les demandeurs vers la fin de janvier\u00a02017.<\/p>\n<p>Pour toute question concernant le processus d\u2019accr\u00e9ditation ENR, veuillez \u00e9crire \u00e0\u00a0<a href=\"mailto:media.operations@olympic.org\">media.operations@olympic.org<\/a>.<\/p>\n","protected":false},"excerpt":{"rendered":"<p>Jeudi 15 septembre 2016 \u2014\u00a0TORONTO\u00a0\u2014\u00a0Le Comit\u00e9 olympique canadien\u00a0(COC) accepte les d\u00e9clarations d\u2019int\u00e9r\u00eat des m\u00e9dias canadiens pour l\u2019obtention d\u2019une accr\u00e9ditation de&#8230;<\/p>\n","protected":false},"featured_media":129814,"template":"","format":"standard","tags":[],"type-of-press":[87640050],"press-topic":[415985202],"years":[415985070],"class_list":["post-129813","press","type-press","status-publish","format-standard","has-post-thumbnail","hentry","type-of-press-avis-aux-medias","press-topic-pyeongchang-2018","years-415985070"],"acf":[],"yoast_head":"<!-- This site is optimized with the Yoast SEO plugin v27.3 - https:\/\/yoast.com\/product\/yoast-seo-wordpress\/ -->\n<title>Avis aux m\u00e9dias : Le COC accepte les d\u00e9clarations d\u2019int\u00e9r\u00eat pour l\u2019accr\u00e9ditation de presse en vue de PyeongChang 2018 - \u00c9quipe Canada | Site officiel de l&#039;\u00e9quipe olympique<\/title>\n<meta name=\"robots\" content=\"index, follow, max-snippet:-1, max-image-preview:large, max-video-preview:-1\" \/>\n<link rel=\"canonical\" href=\"https:\/\/preprod.olympic.ca\/olympique\/presse\/avis-aux-medias-le-coc-accepte-les-declarations-dinteret-pour-laccreditation-de-presse-en-vue-de-pyeongchang-2018\/\" \/>\n<meta property=\"og:locale\" content=\"fr_FR\" \/>\n<meta property=\"og:type\" content=\"article\" \/>\n<meta property=\"og:title\" content=\"Avis aux m\u00e9dias : Le COC accepte les d\u00e9clarations d\u2019int\u00e9r\u00eat pour l\u2019accr\u00e9ditation de presse en vue de PyeongChang 2018 - \u00c9quipe Canada | Site officiel de l&#039;\u00e9quipe olympique\" \/>\n<meta property=\"og:description\" content=\"Jeudi 15 septembre 2016 \u2014\u00a0TORONTO\u00a0\u2014\u00a0Le Comit\u00e9 olympique canadien\u00a0(COC) accepte les d\u00e9clarations d\u2019int\u00e9r\u00eat des m\u00e9dias canadiens pour l\u2019obtention d\u2019une accr\u00e9ditation de...\" \/>\n<meta property=\"og:url\" content=\"https:\/\/preprod.olympic.ca\/olympique\/presse\/avis-aux-medias-le-coc-accepte-les-declarations-dinteret-pour-laccreditation-de-presse-en-vue-de-pyeongchang-2018\/\" \/>\n<meta property=\"og:site_name\" content=\"\u00c9quipe Canada | Site officiel de l&#039;\u00e9quipe olympique\" \/>\n<meta property=\"article:modified_time\" content=\"2017-10-06T18:25:29+00:00\" \/>\n<meta property=\"og:image\" content=\"https:\/\/preprod.olympic.ca\/olympique\/wp-content\/uploads\/sites\/2\/2017\/08\/2018-press-accreditation-e1507314322567.jpg?quality=100\" \/>\n\t<meta property=\"og:image:width\" content=\"1000\" \/>\n\t<meta property=\"og:image:height\" content=\"580\" \/>\n\t<meta property=\"og:image:type\" content=\"image\/jpeg\" \/>\n<meta name=\"twitter:card\" content=\"summary_large_image\" \/>\n<meta name=\"twitter:label1\" content=\"Est. reading time\" \/>\n\t<meta name=\"twitter:data1\" content=\"2 minutes\" \/>\n\t<meta name=\"twitter:label2\" content=\"Written by\" \/>\n\t<meta name=\"twitter:data2\" content=\"csherratt1\" \/>\n<script type=\"application\/ld+json\" class=\"yoast-schema-graph\">{\"@context\":\"https:\\\/\\\/schema.org\",\"@graph\":[{\"@type\":\"WebPage\",\"@id\":\"https:\\\/\\\/preprod.olympic.ca\\\/olympique\\\/presse\\\/avis-aux-medias-le-coc-accepte-les-declarations-dinteret-pour-laccreditation-de-presse-en-vue-de-pyeongchang-2018\\\/\",\"url\":\"https:\\\/\\\/preprod.olympic.ca\\\/olympique\\\/presse\\\/avis-aux-medias-le-coc-accepte-les-declarations-dinteret-pour-laccreditation-de-presse-en-vue-de-pyeongchang-2018\\\/\",\"name\":\"Avis aux m\u00e9dias : Le COC accepte les d\u00e9clarations d\u2019int\u00e9r\u00eat pour l\u2019accr\u00e9ditation de presse en vue de PyeongChang 2018 - \u00c9quipe Canada | Site officiel de l&#039;\u00e9quipe olympique\",\"isPartOf\":{\"@id\":\"https:\\\/\\\/preprod.olympic.ca\\\/olympique\\\/#website\"},\"primaryImageOfPage\":{\"@id\":\"https:\\\/\\\/preprod.olympic.ca\\\/olympique\\\/presse\\\/avis-aux-medias-le-coc-accepte-les-declarations-dinteret-pour-laccreditation-de-presse-en-vue-de-pyeongchang-2018\\\/#primaryimage\"},\"image\":{\"@id\":\"https:\\\/\\\/preprod.olympic.ca\\\/olympique\\\/presse\\\/avis-aux-medias-le-coc-accepte-les-declarations-dinteret-pour-laccreditation-de-presse-en-vue-de-pyeongchang-2018\\\/#primaryimage\"},\"thumbnailUrl\":\"https:\\\/\\\/preprod.olympic.ca\\\/olympique\\\/wp-content\\\/uploads\\\/sites\\\/2\\\/2017\\\/08\\\/2018-press-accreditation-e1507314322567.jpg?quality=100\",\"datePublished\":\"2016-09-15T15:00:15+00:00\",\"dateModified\":\"2017-10-06T18:25:29+00:00\",\"inLanguage\":\"fr-FR\",\"potentialAction\":[{\"@type\":\"ReadAction\",\"target\":[\"https:\\\/\\\/preprod.olympic.ca\\\/olympique\\\/presse\\\/avis-aux-medias-le-coc-accepte-les-declarations-dinteret-pour-laccreditation-de-presse-en-vue-de-pyeongchang-2018\\\/\"]}]},{\"@type\":\"ImageObject\",\"inLanguage\":\"fr-FR\",\"@id\":\"https:\\\/\\\/preprod.olympic.ca\\\/olympique\\\/presse\\\/avis-aux-medias-le-coc-accepte-les-declarations-dinteret-pour-laccreditation-de-presse-en-vue-de-pyeongchang-2018\\\/#primaryimage\",\"url\":\"https:\\\/\\\/preprod.olympic.ca\\\/olympique\\\/wp-content\\\/uploads\\\/sites\\\/2\\\/2017\\\/08\\\/2018-press-accreditation-e1507314322567.jpg?quality=100\",\"contentUrl\":\"https:\\\/\\\/preprod.olympic.ca\\\/olympique\\\/wp-content\\\/uploads\\\/sites\\\/2\\\/2017\\\/08\\\/2018-press-accreditation-e1507314322567.jpg?quality=100\",\"width\":1000,\"height\":580},{\"@type\":\"WebSite\",\"@id\":\"https:\\\/\\\/preprod.olympic.ca\\\/olympique\\\/#website\",\"url\":\"https:\\\/\\\/preprod.olympic.ca\\\/olympique\\\/\",\"name\":\"\u00c9quipe Canada | Site officiel de l&#039;\u00e9quipe olympique\",\"description\":\"Votre source pour l\u2019\u00c9quipe olympique canadienne. Retrouvez les r\u00e9cits, vid\u00e9os et photos des athl\u00e8tes canadiens, sports olympiques, Jeux olympiques de 2020 et bien plus!\",\"potentialAction\":[{\"@type\":\"SearchAction\",\"target\":{\"@type\":\"EntryPoint\",\"urlTemplate\":\"https:\\\/\\\/preprod.olympic.ca\\\/olympique\\\/?s={search_term_string}\"},\"query-input\":{\"@type\":\"PropertyValueSpecification\",\"valueRequired\":true,\"valueName\":\"search_term_string\"}}],\"inLanguage\":\"fr-FR\"}]}<\/script>\n<!-- \/ Yoast SEO plugin. -->","yoast_head_json":{"title":"Avis aux m\u00e9dias : Le COC accepte les d\u00e9clarations d\u2019int\u00e9r\u00eat pour l\u2019accr\u00e9ditation de presse en vue de PyeongChang 2018 - \u00c9quipe Canada | Site officiel de l&#039;\u00e9quipe olympique","robots":{"index":"index","follow":"follow","max-snippet":"max-snippet:-1","max-image-preview":"max-image-preview:large","max-video-preview":"max-video-preview:-1"},"canonical":"https:\/\/preprod.olympic.ca\/olympique\/presse\/avis-aux-medias-le-coc-accepte-les-declarations-dinteret-pour-laccreditation-de-presse-en-vue-de-pyeongchang-2018\/","og_locale":"fr_FR","og_type":"article","og_title":"Avis aux m\u00e9dias : Le COC accepte les d\u00e9clarations d\u2019int\u00e9r\u00eat pour l\u2019accr\u00e9ditation de presse en vue de PyeongChang 2018 - \u00c9quipe Canada | Site officiel de l&#039;\u00e9quipe olympique","og_description":"Jeudi 15 septembre 2016 \u2014\u00a0TORONTO\u00a0\u2014\u00a0Le Comit\u00e9 olympique canadien\u00a0(COC) accepte les d\u00e9clarations d\u2019int\u00e9r\u00eat des m\u00e9dias canadiens pour l\u2019obtention d\u2019une accr\u00e9ditation de...","og_url":"https:\/\/preprod.olympic.ca\/olympique\/presse\/avis-aux-medias-le-coc-accepte-les-declarations-dinteret-pour-laccreditation-de-presse-en-vue-de-pyeongchang-2018\/","og_site_name":"\u00c9quipe Canada | Site officiel de l&#039;\u00e9quipe olympique","article_modified_time":"2017-10-06T18:25:29+00:00","og_image":[{"width":1000,"height":580,"url":"https:\/\/preprod.olympic.ca\/olympique\/wp-content\/uploads\/sites\/2\/2017\/08\/2018-press-accreditation-e1507314322567.jpg?quality=100","type":"image\/jpeg"}],"twitter_card":"summary_large_image","twitter_misc":{"Est. reading time":"2 minutes","Written by":"csherratt1"},"schema":{"@context":"https:\/\/schema.org","@graph":[{"@type":"WebPage","@id":"https:\/\/preprod.olympic.ca\/olympique\/presse\/avis-aux-medias-le-coc-accepte-les-declarations-dinteret-pour-laccreditation-de-presse-en-vue-de-pyeongchang-2018\/","url":"https:\/\/preprod.olympic.ca\/olympique\/presse\/avis-aux-medias-le-coc-accepte-les-declarations-dinteret-pour-laccreditation-de-presse-en-vue-de-pyeongchang-2018\/","name":"Avis aux m\u00e9dias : Le COC accepte les d\u00e9clarations d\u2019int\u00e9r\u00eat pour l\u2019accr\u00e9ditation de presse en vue de PyeongChang 2018 - \u00c9quipe Canada | Site officiel de l&#039;\u00e9quipe olympique","isPartOf":{"@id":"https:\/\/preprod.olympic.ca\/olympique\/#website"},"primaryImageOfPage":{"@id":"https:\/\/preprod.olympic.ca\/olympique\/presse\/avis-aux-medias-le-coc-accepte-les-declarations-dinteret-pour-laccreditation-de-presse-en-vue-de-pyeongchang-2018\/#primaryimage"},"image":{"@id":"https:\/\/preprod.olympic.ca\/olympique\/presse\/avis-aux-medias-le-coc-accepte-les-declarations-dinteret-pour-laccreditation-de-presse-en-vue-de-pyeongchang-2018\/#primaryimage"},"thumbnailUrl":"https:\/\/preprod.olympic.ca\/olympique\/wp-content\/uploads\/sites\/2\/2017\/08\/2018-press-accreditation-e1507314322567.jpg?quality=100","datePublished":"2016-09-15T15:00:15+00:00","dateModified":"2017-10-06T18:25:29+00:00","inLanguage":"fr-FR","potentialAction":[{"@type":"ReadAction","target":["https:\/\/preprod.olympic.ca\/olympique\/presse\/avis-aux-medias-le-coc-accepte-les-declarations-dinteret-pour-laccreditation-de-presse-en-vue-de-pyeongchang-2018\/"]}]},{"@type":"ImageObject","inLanguage":"fr-FR","@id":"https:\/\/preprod.olympic.ca\/olympique\/presse\/avis-aux-medias-le-coc-accepte-les-declarations-dinteret-pour-laccreditation-de-presse-en-vue-de-pyeongchang-2018\/#primaryimage","url":"https:\/\/preprod.olympic.ca\/olympique\/wp-content\/uploads\/sites\/2\/2017\/08\/2018-press-accreditation-e1507314322567.jpg?quality=100","contentUrl":"https:\/\/preprod.olympic.ca\/olympique\/wp-content\/uploads\/sites\/2\/2017\/08\/2018-press-accreditation-e1507314322567.jpg?quality=100","width":1000,"height":580},{"@type":"WebSite","@id":"https:\/\/preprod.olympic.ca\/olympique\/#website","url":"https:\/\/preprod.olympic.ca\/olympique\/","name":"\u00c9quipe Canada | Site officiel de l&#039;\u00e9quipe olympique","description":"Votre source pour l\u2019\u00c9quipe olympique canadienne. Retrouvez les r\u00e9cits, vid\u00e9os et photos des athl\u00e8tes canadiens, sports olympiques, Jeux olympiques de 2020 et bien plus!","potentialAction":[{"@type":"SearchAction","target":{"@type":"EntryPoint","urlTemplate":"https:\/\/preprod.olympic.ca\/olympique\/?s={search_term_string}"},"query-input":{"@type":"PropertyValueSpecification","valueRequired":true,"valueName":"search_term_string"}}],"inLanguage":"fr-FR"}]}},"jetpack_sharing_enabled":true,"_links":{"self":[{"href":"https:\/\/preprod.olympic.ca\/olympique\/wp-json\/wp\/v2\/press\/129813","targetHints":{"allow":["GET"]}}],"collection":[{"href":"https:\/\/preprod.olympic.ca\/olympique\/wp-json\/wp\/v2\/press"}],"about":[{"href":"https:\/\/preprod.olympic.ca\/olympique\/wp-json\/wp\/v2\/types\/press"}],"version-history":[{"count":0,"href":"https:\/\/preprod.olympic.ca\/olympique\/wp-json\/wp\/v2\/press\/129813\/revisions"}],"wp:featuredmedia":[{"embeddable":true,"href":"https:\/\/preprod.olympic.ca\/olympique\/wp-json\/wp\/v2\/media\/129814"}],"wp:attachment":[{"href":"https:\/\/preprod.olympic.ca\/olympique\/wp-json\/wp\/v2\/media?parent=129813"}],"wp:term":[{"taxonomy":"post_tag","embeddable":true,"href":"https:\/\/preprod.olympic.ca\/olympique\/wp-json\/wp\/v2\/tags?post=129813"},{"taxonomy":"type-of-press","embeddable":true,"href":"https:\/\/preprod.olympic.ca\/olympique\/wp-json\/wp\/v2\/type-of-press?post=129813"},{"taxonomy":"press-topic","embeddable":true,"href":"https:\/\/preprod.olympic.ca\/olympique\/wp-json\/wp\/v2\/press-topic?post=129813"},{"taxonomy":"years","embeddable":true,"href":"https:\/\/preprod.olympic.ca\/olympique\/wp-json\/wp\/v2\/years?post=129813"}],"curies":[{"name":"wp","href":"https:\/\/api.w.org\/{rel}","templated":true}]}}