{"id":149562,"date":"2019-01-28T09:00:32","date_gmt":"2019-01-28T14:00:32","guid":{"rendered":"http:\/\/olympique.ca\/?post_type=press&#038;p=149562"},"modified":"2019-01-28T09:00:33","modified_gmt":"2019-01-28T14:00:33","slug":"le-coc-accepte-les-declarations-dinteret-pour-les-accreditations-de-presse-a-lima-2019","status":"publish","type":"press","link":"https:\/\/preprod.olympic.ca\/olympique\/presse\/le-coc-accepte-les-declarations-dinteret-pour-les-accreditations-de-presse-a-lima-2019\/","title":{"rendered":"Le COC accepte les d\u00e9clarations d\u2019int\u00e9r\u00eat pour les accr\u00e9ditations de presse \u00e0 Lima 2019"},"content":{"rendered":"<p>Photo : Lima 2019<\/p>\n<p><span style=\"font-weight:400;\">TORONTO (28 janvier 2019) \u2014 Le Comit\u00e9 olympique canadien (COC) accepte les expressions d\u2019int\u00e9r\u00eat pour les accr\u00e9ditations de presse aux Jeux panam\u00e9ricains de Lima 2019.<\/span><\/p>\n<p><span style=\"font-weight:400;\">Les repr\u00e9sentants des m\u00e9dias canadiens doivent remplir et soumettre le formulaire qui se trouve sur <a href=\"http:\/\/olympique.ca\/accreditations-presse\">olympique.ca\/accreditations-presse<\/a> d\u2019ici au vendredi 22 mars 2019. Veuillez soumettre une (1) expression d\u2019int\u00e9r\u00eat par organisation. <\/span><\/p>\n<p><span style=\"font-weight:400;\">Les soumissions en retard ne seront pas prises en compte.<\/span><\/p>\n<p><span style=\"font-weight:400;\">Le COC consid\u00e9rera la port\u00e9e nationale d\u2019une organisation au chapitre de sa couverture, de son lectorat et de sa circulation, son historique de pr\u00e9sence et de couverture des Jeux panam\u00e9ricains ou olympiques ainsi que l\u2019\u00e9l\u00e9ment de repr\u00e9sentation g\u00e9ographique.<\/span><\/p>\n<p><span style=\"font-weight:400;\">Les m\u00e9dias qui ont obtenu une accr\u00e9ditation de presse seront contact\u00e9s par le COC \u00e0 une date ult\u00e9rieure.<\/span><\/p>\n<p><b>Journaliste (E)<\/b><span style=\"font-weight:400;\"> : Journaliste, r\u00e9dacteur(trice), responsable photo, employ\u00e9(e) ou sous contrat aupr\u00e8s d\u2019une agence de presse internationale ou nationale, un quotidien g\u00e9n\u00e9raliste, un magazine ou un site Internet, un(e) journaliste num\u00e9rique ou un(e) journaliste pigiste sous contrat.<\/span><span style=\"font-weight:400;\"><br \/>\n<\/span><span style=\"font-weight:400;\"><br \/>\n<\/span><b>Photographe (EP)<\/b><span style=\"font-weight:400;\"> : Photographe, respectant les m\u00eames crit\u00e8res que ceux d\u00e9finis dans la cat\u00e9gorie \u00ab E \u00bb.<\/span><\/p>\n<p style=\"text-align:center;\"><span style=\"font-weight:400;\">-30-<\/span><\/p>\n<p><b>CONTACTS DU COC POUR LES M\u00c9DIAS :<\/b><\/p>\n<p><span style=\"font-weight:400;\">Josh Su, sp\u00e9cialiste des relations publiques<\/span><span style=\"font-weight:400;\"><br \/>\n<\/span><span style=\"font-weight:400;\">Cell. : 647-464-4060<\/span><span style=\"font-weight:400;\"><br \/>\n<\/span><span style=\"font-weight:400;\">Courriel : <\/span><a href=\"mailto:jsu@olympic.ca\"><span style=\"font-weight:400;\">jsu@olympic.ca<\/span><\/a><span style=\"font-weight:400;\"> \u00a0\u00a0\u00a0<\/span><\/p>\n<p><span style=\"font-weight:400;\">Photi Sotiropoulos, directeur des communications et des relations m\u00e9dias<\/span><span style=\"font-weight:400;\"><br \/>\n<\/span><span style=\"font-weight:400;\">T\u00e9l. : 416-324-4298 \/ Cell. : 416-476-9174<\/span><span style=\"font-weight:400;\"><br \/>\n<\/span><span style=\"font-weight:400;\">Courriel : <\/span><a href=\"mailto:psotiropoulos@olympic.ca\"><span style=\"font-weight:400;\">psotiropoulos@olympic.ca<\/span><\/a><\/p>\n","protected":false},"excerpt":{"rendered":"<p>Photo : Lima 2019 TORONTO (28 janvier 2019) \u2014 Le Comit\u00e9 olympique canadien (COC) accepte les expressions d\u2019int\u00e9r\u00eat pour les&#8230;<\/p>\n","protected":false},"featured_media":149566,"template":"","format":"standard","tags":[],"type-of-press":[87640050],"press-topic":[415987821],"years":[415988137],"class_list":["post-149562","press","type-press","status-publish","format-standard","has-post-thumbnail","hentry","type-of-press-avis-aux-medias","press-topic-lima-2019","years-415988137"],"acf":[],"yoast_head":"<!-- This site is optimized with the Yoast SEO plugin v27.3 - https:\/\/yoast.com\/product\/yoast-seo-wordpress\/ -->\n<title>Le COC accepte les d\u00e9clarations d\u2019int\u00e9r\u00eat pour les accr\u00e9ditations de presse \u00e0 Lima 2019 - \u00c9quipe Canada | Site officiel de l&#039;\u00e9quipe olympique<\/title>\n<meta name=\"robots\" content=\"index, follow, max-snippet:-1, max-image-preview:large, max-video-preview:-1\" \/>\n<link rel=\"canonical\" href=\"https:\/\/preprod.olympic.ca\/olympique\/presse\/le-coc-accepte-les-declarations-dinteret-pour-les-accreditations-de-presse-a-lima-2019\/\" \/>\n<meta property=\"og:locale\" content=\"fr_FR\" \/>\n<meta property=\"og:type\" content=\"article\" \/>\n<meta property=\"og:title\" content=\"Le COC accepte les d\u00e9clarations d\u2019int\u00e9r\u00eat pour les accr\u00e9ditations de presse \u00e0 Lima 2019 - \u00c9quipe Canada | Site officiel de l&#039;\u00e9quipe olympique\" \/>\n<meta property=\"og:description\" content=\"Photo : Lima 2019 TORONTO (28 janvier 2019) \u2014 Le Comit\u00e9 olympique canadien (COC) accepte les expressions d\u2019int\u00e9r\u00eat pour les...\" \/>\n<meta property=\"og:url\" content=\"https:\/\/preprod.olympic.ca\/olympique\/presse\/le-coc-accepte-les-declarations-dinteret-pour-les-accreditations-de-presse-a-lima-2019\/\" \/>\n<meta property=\"og:site_name\" content=\"\u00c9quipe Canada | Site officiel de l&#039;\u00e9quipe olympique\" \/>\n<meta property=\"article:modified_time\" content=\"2019-01-28T14:00:33+00:00\" \/>\n<meta property=\"og:image\" content=\"https:\/\/preprod.olympic.ca\/olympique\/wp-content\/uploads\/sites\/2\/2019\/01\/lima_2019_village-e1548432347801.jpg?quality=100\" \/>\n\t<meta property=\"og:image:width\" content=\"1340\" \/>\n\t<meta property=\"og:image:height\" content=\"893\" \/>\n\t<meta property=\"og:image:type\" content=\"image\/jpeg\" \/>\n<meta name=\"twitter:card\" content=\"summary_large_image\" \/>\n<meta name=\"twitter:label1\" content=\"Est. reading time\" \/>\n\t<meta name=\"twitter:data1\" content=\"1 minute\" \/>\n\t<meta name=\"twitter:label2\" content=\"Written by\" \/>\n\t<meta name=\"twitter:data2\" content=\"jmsmorris\" \/>\n<script type=\"application\/ld+json\" class=\"yoast-schema-graph\">{\"@context\":\"https:\\\/\\\/schema.org\",\"@graph\":[{\"@type\":\"WebPage\",\"@id\":\"https:\\\/\\\/preprod.olympic.ca\\\/olympique\\\/presse\\\/le-coc-accepte-les-declarations-dinteret-pour-les-accreditations-de-presse-a-lima-2019\\\/\",\"url\":\"https:\\\/\\\/preprod.olympic.ca\\\/olympique\\\/presse\\\/le-coc-accepte-les-declarations-dinteret-pour-les-accreditations-de-presse-a-lima-2019\\\/\",\"name\":\"Le COC accepte les d\u00e9clarations d\u2019int\u00e9r\u00eat pour les accr\u00e9ditations de presse \u00e0 Lima 2019 - \u00c9quipe Canada | Site officiel de l&#039;\u00e9quipe olympique\",\"isPartOf\":{\"@id\":\"https:\\\/\\\/preprod.olympic.ca\\\/olympique\\\/#website\"},\"primaryImageOfPage\":{\"@id\":\"https:\\\/\\\/preprod.olympic.ca\\\/olympique\\\/presse\\\/le-coc-accepte-les-declarations-dinteret-pour-les-accreditations-de-presse-a-lima-2019\\\/#primaryimage\"},\"image\":{\"@id\":\"https:\\\/\\\/preprod.olympic.ca\\\/olympique\\\/presse\\\/le-coc-accepte-les-declarations-dinteret-pour-les-accreditations-de-presse-a-lima-2019\\\/#primaryimage\"},\"thumbnailUrl\":\"https:\\\/\\\/preprod.olympic.ca\\\/olympique\\\/wp-content\\\/uploads\\\/sites\\\/2\\\/2019\\\/01\\\/lima_2019_village-e1548432347801.jpg?quality=100\",\"datePublished\":\"2019-01-28T14:00:32+00:00\",\"dateModified\":\"2019-01-28T14:00:33+00:00\",\"inLanguage\":\"fr-FR\",\"potentialAction\":[{\"@type\":\"ReadAction\",\"target\":[\"https:\\\/\\\/preprod.olympic.ca\\\/olympique\\\/presse\\\/le-coc-accepte-les-declarations-dinteret-pour-les-accreditations-de-presse-a-lima-2019\\\/\"]}]},{\"@type\":\"ImageObject\",\"inLanguage\":\"fr-FR\",\"@id\":\"https:\\\/\\\/preprod.olympic.ca\\\/olympique\\\/presse\\\/le-coc-accepte-les-declarations-dinteret-pour-les-accreditations-de-presse-a-lima-2019\\\/#primaryimage\",\"url\":\"https:\\\/\\\/preprod.olympic.ca\\\/olympique\\\/wp-content\\\/uploads\\\/sites\\\/2\\\/2019\\\/01\\\/lima_2019_village-e1548432347801.jpg?quality=100\",\"contentUrl\":\"https:\\\/\\\/preprod.olympic.ca\\\/olympique\\\/wp-content\\\/uploads\\\/sites\\\/2\\\/2019\\\/01\\\/lima_2019_village-e1548432347801.jpg?quality=100\",\"width\":1340,\"height\":893},{\"@type\":\"WebSite\",\"@id\":\"https:\\\/\\\/preprod.olympic.ca\\\/olympique\\\/#website\",\"url\":\"https:\\\/\\\/preprod.olympic.ca\\\/olympique\\\/\",\"name\":\"\u00c9quipe Canada | Site officiel de l&#039;\u00e9quipe olympique\",\"description\":\"Votre source pour l\u2019\u00c9quipe olympique canadienne. Retrouvez les r\u00e9cits, vid\u00e9os et photos des athl\u00e8tes canadiens, sports olympiques, Jeux olympiques de 2020 et bien plus!\",\"potentialAction\":[{\"@type\":\"SearchAction\",\"target\":{\"@type\":\"EntryPoint\",\"urlTemplate\":\"https:\\\/\\\/preprod.olympic.ca\\\/olympique\\\/?s={search_term_string}\"},\"query-input\":{\"@type\":\"PropertyValueSpecification\",\"valueRequired\":true,\"valueName\":\"search_term_string\"}}],\"inLanguage\":\"fr-FR\"}]}<\/script>\n<!-- \/ Yoast SEO plugin. -->","yoast_head_json":{"title":"Le COC accepte les d\u00e9clarations d\u2019int\u00e9r\u00eat pour les accr\u00e9ditations de presse \u00e0 Lima 2019 - \u00c9quipe Canada | Site officiel de l&#039;\u00e9quipe olympique","robots":{"index":"index","follow":"follow","max-snippet":"max-snippet:-1","max-image-preview":"max-image-preview:large","max-video-preview":"max-video-preview:-1"},"canonical":"https:\/\/preprod.olympic.ca\/olympique\/presse\/le-coc-accepte-les-declarations-dinteret-pour-les-accreditations-de-presse-a-lima-2019\/","og_locale":"fr_FR","og_type":"article","og_title":"Le COC accepte les d\u00e9clarations d\u2019int\u00e9r\u00eat pour les accr\u00e9ditations de presse \u00e0 Lima 2019 - \u00c9quipe Canada | Site officiel de l&#039;\u00e9quipe olympique","og_description":"Photo : Lima 2019 TORONTO (28 janvier 2019) \u2014 Le Comit\u00e9 olympique canadien (COC) accepte les expressions d\u2019int\u00e9r\u00eat pour les...","og_url":"https:\/\/preprod.olympic.ca\/olympique\/presse\/le-coc-accepte-les-declarations-dinteret-pour-les-accreditations-de-presse-a-lima-2019\/","og_site_name":"\u00c9quipe Canada | Site officiel de l&#039;\u00e9quipe olympique","article_modified_time":"2019-01-28T14:00:33+00:00","og_image":[{"width":1340,"height":893,"url":"https:\/\/preprod.olympic.ca\/olympique\/wp-content\/uploads\/sites\/2\/2019\/01\/lima_2019_village-e1548432347801.jpg?quality=100","type":"image\/jpeg"}],"twitter_card":"summary_large_image","twitter_misc":{"Est. reading time":"1 minute","Written by":"jmsmorris"},"schema":{"@context":"https:\/\/schema.org","@graph":[{"@type":"WebPage","@id":"https:\/\/preprod.olympic.ca\/olympique\/presse\/le-coc-accepte-les-declarations-dinteret-pour-les-accreditations-de-presse-a-lima-2019\/","url":"https:\/\/preprod.olympic.ca\/olympique\/presse\/le-coc-accepte-les-declarations-dinteret-pour-les-accreditations-de-presse-a-lima-2019\/","name":"Le COC accepte les d\u00e9clarations d\u2019int\u00e9r\u00eat pour les accr\u00e9ditations de presse \u00e0 Lima 2019 - \u00c9quipe Canada | Site officiel de l&#039;\u00e9quipe olympique","isPartOf":{"@id":"https:\/\/preprod.olympic.ca\/olympique\/#website"},"primaryImageOfPage":{"@id":"https:\/\/preprod.olympic.ca\/olympique\/presse\/le-coc-accepte-les-declarations-dinteret-pour-les-accreditations-de-presse-a-lima-2019\/#primaryimage"},"image":{"@id":"https:\/\/preprod.olympic.ca\/olympique\/presse\/le-coc-accepte-les-declarations-dinteret-pour-les-accreditations-de-presse-a-lima-2019\/#primaryimage"},"thumbnailUrl":"https:\/\/preprod.olympic.ca\/olympique\/wp-content\/uploads\/sites\/2\/2019\/01\/lima_2019_village-e1548432347801.jpg?quality=100","datePublished":"2019-01-28T14:00:32+00:00","dateModified":"2019-01-28T14:00:33+00:00","inLanguage":"fr-FR","potentialAction":[{"@type":"ReadAction","target":["https:\/\/preprod.olympic.ca\/olympique\/presse\/le-coc-accepte-les-declarations-dinteret-pour-les-accreditations-de-presse-a-lima-2019\/"]}]},{"@type":"ImageObject","inLanguage":"fr-FR","@id":"https:\/\/preprod.olympic.ca\/olympique\/presse\/le-coc-accepte-les-declarations-dinteret-pour-les-accreditations-de-presse-a-lima-2019\/#primaryimage","url":"https:\/\/preprod.olympic.ca\/olympique\/wp-content\/uploads\/sites\/2\/2019\/01\/lima_2019_village-e1548432347801.jpg?quality=100","contentUrl":"https:\/\/preprod.olympic.ca\/olympique\/wp-content\/uploads\/sites\/2\/2019\/01\/lima_2019_village-e1548432347801.jpg?quality=100","width":1340,"height":893},{"@type":"WebSite","@id":"https:\/\/preprod.olympic.ca\/olympique\/#website","url":"https:\/\/preprod.olympic.ca\/olympique\/","name":"\u00c9quipe Canada | Site officiel de l&#039;\u00e9quipe olympique","description":"Votre source pour l\u2019\u00c9quipe olympique canadienne. Retrouvez les r\u00e9cits, vid\u00e9os et photos des athl\u00e8tes canadiens, sports olympiques, Jeux olympiques de 2020 et bien plus!","potentialAction":[{"@type":"SearchAction","target":{"@type":"EntryPoint","urlTemplate":"https:\/\/preprod.olympic.ca\/olympique\/?s={search_term_string}"},"query-input":{"@type":"PropertyValueSpecification","valueRequired":true,"valueName":"search_term_string"}}],"inLanguage":"fr-FR"}]}},"jetpack_sharing_enabled":true,"_links":{"self":[{"href":"https:\/\/preprod.olympic.ca\/olympique\/wp-json\/wp\/v2\/press\/149562","targetHints":{"allow":["GET"]}}],"collection":[{"href":"https:\/\/preprod.olympic.ca\/olympique\/wp-json\/wp\/v2\/press"}],"about":[{"href":"https:\/\/preprod.olympic.ca\/olympique\/wp-json\/wp\/v2\/types\/press"}],"version-history":[{"count":0,"href":"https:\/\/preprod.olympic.ca\/olympique\/wp-json\/wp\/v2\/press\/149562\/revisions"}],"wp:featuredmedia":[{"embeddable":true,"href":"https:\/\/preprod.olympic.ca\/olympique\/wp-json\/wp\/v2\/media\/149566"}],"wp:attachment":[{"href":"https:\/\/preprod.olympic.ca\/olympique\/wp-json\/wp\/v2\/media?parent=149562"}],"wp:term":[{"taxonomy":"post_tag","embeddable":true,"href":"https:\/\/preprod.olympic.ca\/olympique\/wp-json\/wp\/v2\/tags?post=149562"},{"taxonomy":"type-of-press","embeddable":true,"href":"https:\/\/preprod.olympic.ca\/olympique\/wp-json\/wp\/v2\/type-of-press?post=149562"},{"taxonomy":"press-topic","embeddable":true,"href":"https:\/\/preprod.olympic.ca\/olympique\/wp-json\/wp\/v2\/press-topic?post=149562"},{"taxonomy":"years","embeddable":true,"href":"https:\/\/preprod.olympic.ca\/olympique\/wp-json\/wp\/v2\/years?post=149562"}],"curies":[{"name":"wp","href":"https:\/\/api.w.org\/{rel}","templated":true}]}}