{"id":150006,"date":"2019-02-10T17:00:34","date_gmt":"2019-02-10T22:00:34","guid":{"rendered":"http:\/\/olympique.ca\/?post_type=press&#038;p=150006"},"modified":"2019-02-10T17:00:36","modified_gmt":"2019-02-10T22:00:36","slug":"declaration-commune-du-cpc-et-du-coc-au-sujet-du-reportage-de-cbc-radio-canada","status":"publish","type":"press","link":"https:\/\/preprod.olympic.ca\/olympique\/presse\/declaration-commune-du-cpc-et-du-coc-au-sujet-du-reportage-de-cbc-radio-canada\/","title":{"rendered":"D\u00c9CLARATION COMMUNE DU CPC ET DU COC AU SUJET DU REPORTAGE DE CBC\/RADIO-CANADA"},"content":{"rendered":"<p>D\u00e9claration au sujet du Sport s\u00e9curitaire de Tricia Smith, pr\u00e9sidente du Comit\u00e9 olympique canadien et de Marc-Andr\u00e9 Fabien, pr\u00e9sident du Comit\u00e9 paralympique canadien<\/p>\n<p>Les Comit\u00e9s olympique et paralympique canadiens d\u00e9fendent le sport libre de toute forme de harc\u00e8lement, d\u2019abus ou de discrimination. Nous sommes engag\u00e9s \u00e0 la sant\u00e9 et \u00e0 la s\u00e9curit\u00e9 de tous ceux qui concourent au sein des \u00e9quipes olympique et paralympique du Canada ou qui travaillent \u00e0 les soutenir et nous contribuons notre part pour garantir que le sport s\u00e9curitaire soit la norme.<\/p>\n<p>Nous serons ensemble \u00e0 Red Deer en Alberta la fin de semaine prochaine \u00e0 l\u2019occasion des Jeux d\u2019hiver du Canada. Nous sommes impatients d\u2019y rencontrer la ministre des Sports et nos partenaires du syst\u00e8me sportif pour faire avancer cette importante conversation et ainsi mieux prot\u00e9ger ceux qui pratiquent le sport, aujourd\u2019hui et demain.<\/p>\n<p>Une partie de nos discussions sera ax\u00e9e sur une meilleure harmonisation des m\u00e9canismes et des mesures visant \u00e0 traiter le harc\u00e8lement, l\u2019abus et la discrimination dans les domaines de sensibilisation, de pr\u00e9vention, de signalement, de gestion et de suivi. L\u2019objectif est d\u2019assurer une compr\u00e9hension commune parmi les intervenants et d\u2019appuyer l\u2019environnement le plus s\u00e9curitaire possible pour tous les participants, des clubs jusqu\u2019\u00e0 \u00c9quipe Canada.<\/p>\n<p>Le COC et le CPC seront des voix fortes et influentes, engag\u00e9es \u00e0 stimuler des am\u00e9liorations significatives sur cette question essentielle.<\/p>\n<p style=\"text-align:center;\">-30-<\/p>\n<p><strong>CONTACT POUR LES M\u00c9DIAS<\/strong><\/p>\n<p>Comit\u00e9 olympique canadien<\/p>\n<p>Josh Su, sp\u00e9cialiste des relations publiques<br \/>\nCell. : 647-464-4060<br \/>\nCourriel :\u00a0<a href=\"mailto:jsu@olympic.ca\">jsu@olympic.ca<\/a><\/p>\n<p>Photi Sotiropoulos, directeur, Communications et relations avec les m\u00e9dias<br \/>\nT\u00e9l.\u00a0: 416 324-4298 \/ Cell.\u00a0: 416 476-9174<br \/>\nCourriel\u00a0:\u00a0<a href=\"mailto:psotiropoulos@olympique.ca\">psotiropoulos@olympique.ca<\/a><\/p>\n<p>Comit\u00e9 paralympique canadien<\/p>\n<p>Nicole Watts, gestionnaire, Relations de presse<br \/>\nT\u00e9l.\u00a0: 613 569-4333, poste\u00a0262 \/ Cell.\u00a0: 613 462-2700<br \/>\nCourriel\u00a0:\u00a0<a href=\"mailto:nwatts@paralympic.ca\">nwatts@paralympic.ca<\/a><\/p>\n","protected":false},"excerpt":{"rendered":"<p>D\u00e9claration au sujet du Sport s\u00e9curitaire de Tricia Smith, pr\u00e9sidente du Comit\u00e9 olympique canadien et de Marc-Andr\u00e9 Fabien, pr\u00e9sident du&#8230;<\/p>\n","protected":false},"featured_media":0,"template":"","format":"standard","tags":[],"type-of-press":[184353519],"press-topic":[415985198],"years":[415988137],"class_list":["post-150006","press","type-press","status-publish","format-standard","hentry","type-of-press-declarations","press-topic-general","years-415988137"],"acf":[],"yoast_head":"<!-- This site is optimized with the Yoast SEO plugin v27.3 - https:\/\/yoast.com\/product\/yoast-seo-wordpress\/ -->\n<title>D\u00c9CLARATION COMMUNE DU CPC ET DU COC AU SUJET DU REPORTAGE DE CBC\/RADIO-CANADA - \u00c9quipe Canada | Site officiel de l&#039;\u00e9quipe olympique<\/title>\n<meta name=\"robots\" content=\"index, follow, max-snippet:-1, max-image-preview:large, max-video-preview:-1\" \/>\n<link rel=\"canonical\" href=\"https:\/\/preprod.olympic.ca\/olympique\/presse\/declaration-commune-du-cpc-et-du-coc-au-sujet-du-reportage-de-cbc-radio-canada\/\" \/>\n<meta property=\"og:locale\" content=\"fr_FR\" \/>\n<meta property=\"og:type\" content=\"article\" \/>\n<meta property=\"og:title\" content=\"D\u00c9CLARATION COMMUNE DU CPC ET DU COC AU SUJET DU REPORTAGE DE CBC\/RADIO-CANADA - \u00c9quipe Canada | Site officiel de l&#039;\u00e9quipe olympique\" \/>\n<meta property=\"og:description\" content=\"D\u00e9claration au sujet du Sport s\u00e9curitaire de Tricia Smith, pr\u00e9sidente du Comit\u00e9 olympique canadien et de Marc-Andr\u00e9 Fabien, pr\u00e9sident du...\" \/>\n<meta property=\"og:url\" content=\"https:\/\/preprod.olympic.ca\/olympique\/presse\/declaration-commune-du-cpc-et-du-coc-au-sujet-du-reportage-de-cbc-radio-canada\/\" \/>\n<meta property=\"og:site_name\" content=\"\u00c9quipe Canada | Site officiel de l&#039;\u00e9quipe olympique\" \/>\n<meta property=\"article:modified_time\" content=\"2019-02-10T22:00:36+00:00\" \/>\n<meta name=\"twitter:card\" content=\"summary_large_image\" \/>\n<meta name=\"twitter:label1\" content=\"Est. reading time\" \/>\n\t<meta name=\"twitter:data1\" content=\"2 minutes\" \/>\n\t<meta name=\"twitter:label2\" content=\"Written by\" \/>\n\t<meta name=\"twitter:data2\" content=\"jmsmorris\" \/>\n<script type=\"application\/ld+json\" class=\"yoast-schema-graph\">{\"@context\":\"https:\\\/\\\/schema.org\",\"@graph\":[{\"@type\":\"WebPage\",\"@id\":\"https:\\\/\\\/preprod.olympic.ca\\\/olympique\\\/presse\\\/declaration-commune-du-cpc-et-du-coc-au-sujet-du-reportage-de-cbc-radio-canada\\\/\",\"url\":\"https:\\\/\\\/preprod.olympic.ca\\\/olympique\\\/presse\\\/declaration-commune-du-cpc-et-du-coc-au-sujet-du-reportage-de-cbc-radio-canada\\\/\",\"name\":\"D\u00c9CLARATION COMMUNE DU CPC ET DU COC AU SUJET DU REPORTAGE DE CBC\\\/RADIO-CANADA - \u00c9quipe Canada | Site officiel de l&#039;\u00e9quipe olympique\",\"isPartOf\":{\"@id\":\"https:\\\/\\\/preprod.olympic.ca\\\/olympique\\\/#website\"},\"datePublished\":\"2019-02-10T22:00:34+00:00\",\"dateModified\":\"2019-02-10T22:00:36+00:00\",\"inLanguage\":\"fr-FR\",\"potentialAction\":[{\"@type\":\"ReadAction\",\"target\":[\"https:\\\/\\\/preprod.olympic.ca\\\/olympique\\\/presse\\\/declaration-commune-du-cpc-et-du-coc-au-sujet-du-reportage-de-cbc-radio-canada\\\/\"]}]},{\"@type\":\"WebSite\",\"@id\":\"https:\\\/\\\/preprod.olympic.ca\\\/olympique\\\/#website\",\"url\":\"https:\\\/\\\/preprod.olympic.ca\\\/olympique\\\/\",\"name\":\"\u00c9quipe Canada | Site officiel de l&#039;\u00e9quipe olympique\",\"description\":\"Votre source pour l\u2019\u00c9quipe olympique canadienne. Retrouvez les r\u00e9cits, vid\u00e9os et photos des athl\u00e8tes canadiens, sports olympiques, Jeux olympiques de 2020 et bien plus!\",\"potentialAction\":[{\"@type\":\"SearchAction\",\"target\":{\"@type\":\"EntryPoint\",\"urlTemplate\":\"https:\\\/\\\/preprod.olympic.ca\\\/olympique\\\/?s={search_term_string}\"},\"query-input\":{\"@type\":\"PropertyValueSpecification\",\"valueRequired\":true,\"valueName\":\"search_term_string\"}}],\"inLanguage\":\"fr-FR\"}]}<\/script>\n<!-- \/ Yoast SEO plugin. -->","yoast_head_json":{"title":"D\u00c9CLARATION COMMUNE DU CPC ET DU COC AU SUJET DU REPORTAGE DE CBC\/RADIO-CANADA - \u00c9quipe Canada | Site officiel de l&#039;\u00e9quipe olympique","robots":{"index":"index","follow":"follow","max-snippet":"max-snippet:-1","max-image-preview":"max-image-preview:large","max-video-preview":"max-video-preview:-1"},"canonical":"https:\/\/preprod.olympic.ca\/olympique\/presse\/declaration-commune-du-cpc-et-du-coc-au-sujet-du-reportage-de-cbc-radio-canada\/","og_locale":"fr_FR","og_type":"article","og_title":"D\u00c9CLARATION COMMUNE DU CPC ET DU COC AU SUJET DU REPORTAGE DE CBC\/RADIO-CANADA - \u00c9quipe Canada | Site officiel de l&#039;\u00e9quipe olympique","og_description":"D\u00e9claration au sujet du Sport s\u00e9curitaire de Tricia Smith, pr\u00e9sidente du Comit\u00e9 olympique canadien et de Marc-Andr\u00e9 Fabien, pr\u00e9sident du...","og_url":"https:\/\/preprod.olympic.ca\/olympique\/presse\/declaration-commune-du-cpc-et-du-coc-au-sujet-du-reportage-de-cbc-radio-canada\/","og_site_name":"\u00c9quipe Canada | Site officiel de l&#039;\u00e9quipe olympique","article_modified_time":"2019-02-10T22:00:36+00:00","twitter_card":"summary_large_image","twitter_misc":{"Est. reading time":"2 minutes","Written by":"jmsmorris"},"schema":{"@context":"https:\/\/schema.org","@graph":[{"@type":"WebPage","@id":"https:\/\/preprod.olympic.ca\/olympique\/presse\/declaration-commune-du-cpc-et-du-coc-au-sujet-du-reportage-de-cbc-radio-canada\/","url":"https:\/\/preprod.olympic.ca\/olympique\/presse\/declaration-commune-du-cpc-et-du-coc-au-sujet-du-reportage-de-cbc-radio-canada\/","name":"D\u00c9CLARATION COMMUNE DU CPC ET DU COC AU SUJET DU REPORTAGE DE CBC\/RADIO-CANADA - \u00c9quipe Canada | Site officiel de l&#039;\u00e9quipe olympique","isPartOf":{"@id":"https:\/\/preprod.olympic.ca\/olympique\/#website"},"datePublished":"2019-02-10T22:00:34+00:00","dateModified":"2019-02-10T22:00:36+00:00","inLanguage":"fr-FR","potentialAction":[{"@type":"ReadAction","target":["https:\/\/preprod.olympic.ca\/olympique\/presse\/declaration-commune-du-cpc-et-du-coc-au-sujet-du-reportage-de-cbc-radio-canada\/"]}]},{"@type":"WebSite","@id":"https:\/\/preprod.olympic.ca\/olympique\/#website","url":"https:\/\/preprod.olympic.ca\/olympique\/","name":"\u00c9quipe Canada | Site officiel de l&#039;\u00e9quipe olympique","description":"Votre source pour l\u2019\u00c9quipe olympique canadienne. Retrouvez les r\u00e9cits, vid\u00e9os et photos des athl\u00e8tes canadiens, sports olympiques, Jeux olympiques de 2020 et bien plus!","potentialAction":[{"@type":"SearchAction","target":{"@type":"EntryPoint","urlTemplate":"https:\/\/preprod.olympic.ca\/olympique\/?s={search_term_string}"},"query-input":{"@type":"PropertyValueSpecification","valueRequired":true,"valueName":"search_term_string"}}],"inLanguage":"fr-FR"}]}},"jetpack_sharing_enabled":true,"_links":{"self":[{"href":"https:\/\/preprod.olympic.ca\/olympique\/wp-json\/wp\/v2\/press\/150006","targetHints":{"allow":["GET"]}}],"collection":[{"href":"https:\/\/preprod.olympic.ca\/olympique\/wp-json\/wp\/v2\/press"}],"about":[{"href":"https:\/\/preprod.olympic.ca\/olympique\/wp-json\/wp\/v2\/types\/press"}],"version-history":[{"count":0,"href":"https:\/\/preprod.olympic.ca\/olympique\/wp-json\/wp\/v2\/press\/150006\/revisions"}],"wp:attachment":[{"href":"https:\/\/preprod.olympic.ca\/olympique\/wp-json\/wp\/v2\/media?parent=150006"}],"wp:term":[{"taxonomy":"post_tag","embeddable":true,"href":"https:\/\/preprod.olympic.ca\/olympique\/wp-json\/wp\/v2\/tags?post=150006"},{"taxonomy":"type-of-press","embeddable":true,"href":"https:\/\/preprod.olympic.ca\/olympique\/wp-json\/wp\/v2\/type-of-press?post=150006"},{"taxonomy":"press-topic","embeddable":true,"href":"https:\/\/preprod.olympic.ca\/olympique\/wp-json\/wp\/v2\/press-topic?post=150006"},{"taxonomy":"years","embeddable":true,"href":"https:\/\/preprod.olympic.ca\/olympique\/wp-json\/wp\/v2\/years?post=150006"}],"curies":[{"name":"wp","href":"https:\/\/api.w.org\/{rel}","templated":true}]}}