{"id":150559,"date":"2019-03-15T11:43:21","date_gmt":"2019-03-15T15:43:21","guid":{"rendered":"http:\/\/olympique.ca\/?post_type=press&#038;p=150559"},"modified":"2019-03-15T13:44:11","modified_gmt":"2019-03-15T17:44:11","slug":"les-partenaires-du-sport-olympique-et-paralympique-lancent-une-nouvelle-strategie-nationale-du-sport-de-haute-performance-en-matiere-de-commotions-cerebrales","status":"publish","type":"press","link":"https:\/\/preprod.olympic.ca\/olympique\/presse\/les-partenaires-du-sport-olympique-et-paralympique-lancent-une-nouvelle-strategie-nationale-du-sport-de-haute-performance-en-matiere-de-commotions-cerebrales\/","title":{"rendered":"Les partenaires du sport olympique et paralympique lancent une nouvelle strat\u00e9gie nationale du sport de haute performance en mati\u00e8re de commotions c\u00e9r\u00e9brales"},"content":{"rendered":"<p><span style=\"font-weight:300;\">Photo : Dave Holland<\/p>\n<p>CALGARY (15 mars 2019) &#8211; Le R\u00e9seau des instituts du sport olympique et paralympique du Canada, \u00c0 nous le podium, le Comit\u00e9 olympique canadien et le Comit\u00e9 paralympique canadien tiendront une conf\u00e9rence de presse le lundi 18 mars \u00e0 Calgary afin de lancer une nouvelle strat\u00e9gie nationale du sport de haute performance en mati\u00e8re de commotions c\u00e9r\u00e9brales.<\/span><\/p>\n<p><span style=\"font-weight:300;\">Cette rencontre avec la presse des m\u00e9decins en chef et des partenaires sportifs du Canada d\u00e9marrera \u00e0 10 h \u00e0 l\u2019Institut canadien du sport de Calgary, situ\u00e9 au Centre Markin MacPhail du Parc olympique du Canada de Winsport.<\/span><\/p>\n<p><span style=\"font-weight:300;\">Les m\u00e9decins en chef discuteront des lignes directrices compl\u00e8tes qui seront mises en \u0153uvre en mati\u00e8re de commotions c\u00e9r\u00e9brales dans le sport de haute performance, afin d\u2019assurer que le syst\u00e8me sportif du Canada offre des soins de grande qualit\u00e9 aux athl\u00e8tes des programmes des \u00e9quipes nationales \u00e0 travers le pays et sur le parcours de haute performance.<\/span><\/p>\n<p><span style=\"font-weight:300;\">Cette conf\u00e9rence de presse se d\u00e9roulera en deux \u00e9tapes : une pr\u00e9sentation de type table ronde et une p\u00e9riode de questions et r\u00e9ponse au Salon des athl\u00e8tes de l\u2019ICS de Calgary, puis une pr\u00e9sentation visuelle anim\u00e9e par Dr Brian Benson, travaillant avec une athl\u00e8te et la technologie robotique KINARM de l\u2019Institut Benson sur les commotions c\u00e9r\u00e9brales, situ\u00e9 sur l\u2019\u00e9tage principal du Centre Markin MacPhail.<\/span><\/p>\n<p><strong>QUI : <\/strong><\/p>\n<p><span style=\"font-weight:300;\">Dr Brian Benson, m\u00e9decin en chef et directeur de la m\u00e9decine sportive, Institut canadien du sport de Calgary et Institut Benson sur les commotions c\u00e9r\u00e9brales<br \/>\n<\/span><span style=\"font-family:-apple-system, BlinkMacSystemFont, 'Segoe UI', Roboto, Oxygen-Sans, Ubuntu, Cantarell, 'Helvetica Neue', sans-serif;\">Dr Andy Van Neutegem, directeur des sciences de la performance, recherche et innovation, \u00c0 nous le podium<br \/>\n<\/span><span style=\"font-family:-apple-system, BlinkMacSystemFont, 'Segoe UI', Roboto, Oxygen-Sans, Ubuntu, Cantarell, 'Helvetica Neue', sans-serif;\">Dr Robert McCormack, m\u00e9decin en chef du Comit\u00e9 olympique canadien<br \/>\n<\/span><span style=\"font-family:-apple-system, BlinkMacSystemFont, 'Segoe UI', Roboto, Oxygen-Sans, Ubuntu, Cantarell, 'Helvetica Neue', sans-serif;\">Dr Andy Marshall, m\u00e9decin en chef du Comit\u00e9 paralympique canadien<br \/>\n<\/span><span style=\"font-family:-apple-system, BlinkMacSystemFont, 'Segoe UI', Roboto, Oxygen-Sans, Ubuntu, Cantarell, 'Helvetica Neue', sans-serif;\">Danielle Lappage, Olympienne des Jeux de Rio 2016 en lutte<\/span><\/p>\n<p><strong>QUAND : <\/strong><\/p>\n<p><span style=\"font-weight:300;\">18 mars 2019<br \/>\n<\/span><span style=\"font-family:-apple-system, BlinkMacSystemFont, 'Segoe UI', Roboto, Oxygen-Sans, Ubuntu, Cantarell, 'Helvetica Neue', sans-serif;\">10 h<\/span><\/p>\n<p><strong>O\u00d9 :<\/strong><\/p>\n<p><span style=\"font-weight:300;\">Salon des athl\u00e8tes de l\u2019Institut canadien du sport de Calgary et Institut Benson sur les commotions Centre Markin MacPhail de Winsport Canada au Parc olympique du Canada.<\/span><\/p>\n<p style=\"text-align:center;\"><span style=\"font-weight:300;\">-30-<\/span><\/p>\n<p><span style=\"font-weight:400;\">CONTACTS POUR LES M\u00c9DIAS :<\/span><\/p>\n<p><span style=\"font-weight:300;\">Chris Dornan, relations m\u00e9dias et publiques<br \/>\n<\/span><span style=\"font-family:-apple-system, BlinkMacSystemFont, 'Segoe UI', Roboto, Oxygen-Sans, Ubuntu, Cantarell, 'Helvetica Neue', sans-serif;\">\u00c0 nous le Podium<br \/>\n<\/span><span style=\"font-family:-apple-system, BlinkMacSystemFont, 'Segoe UI', Roboto, Oxygen-Sans, Ubuntu, Cantarell, 'Helvetica Neue', sans-serif;\">T\u00e9l. : 403-620-8731<br \/>\n<\/span><span style=\"font-weight:300;\">Courriel : <\/span><a style=\"font-family:-apple-system, BlinkMacSystemFont, 'Segoe UI', Roboto, Oxygen-Sans, Ubuntu, Cantarell, 'Helvetica Neue', sans-serif;\" href=\"mailto:chris.dornan@ownthepodium.org\">chris.dornan@ownthepodium.org<\/a><\/p>\n<p><span style=\"font-weight:300;\">Annie Gagnon, gestionnaire des communications<br \/>\n<\/span><span style=\"font-family:-apple-system, BlinkMacSystemFont, 'Segoe UI', Roboto, Oxygen-Sans, Ubuntu, Cantarell, 'Helvetica Neue', sans-serif;\">Institut canadien du sport de Calgary<br \/>\n<\/span><span style=\"font-family:-apple-system, BlinkMacSystemFont, 'Segoe UI', Roboto, Oxygen-Sans, Ubuntu, Cantarell, 'Helvetica Neue', sans-serif;\">T\u00e9l. : 613-262-9644<br \/>\n<\/span><span style=\"font-weight:300;\">Courriel : <\/span><a style=\"font-family:-apple-system, BlinkMacSystemFont, 'Segoe UI', Roboto, Oxygen-Sans, Ubuntu, Cantarell, 'Helvetica Neue', sans-serif;\" href=\"mailto:aganon@csicalgary.ca\">aganon@csicalgary.ca<\/a><\/p>\n<p><span style=\"font-weight:300;\">Josh Su, sp\u00e9cialiste, relations publiques<br \/>\n<\/span><span style=\"font-family:-apple-system, BlinkMacSystemFont, 'Segoe UI', Roboto, Oxygen-Sans, Ubuntu, Cantarell, 'Helvetica Neue', sans-serif;\">Comit\u00e9 olympique canadien<br \/>\n<\/span><span style=\"font-family:-apple-system, BlinkMacSystemFont, 'Segoe UI', Roboto, Oxygen-Sans, Ubuntu, Cantarell, 'Helvetica Neue', sans-serif;\">T\u00e9l. : 647-464-4060<br \/>\n<\/span><span style=\"font-weight:300;\">Courriel : <\/span><a style=\"font-family:-apple-system, BlinkMacSystemFont, 'Segoe UI', Roboto, Oxygen-Sans, Ubuntu, Cantarell, 'Helvetica Neue', sans-serif;\" href=\"mailto:jsu@olympic.ca\">jsu@olympic.ca<\/a><\/p>\n<p><span style=\"font-weight:300;\">Nicole Watts, gestionnaire, relations de presse<br \/>\n<\/span><span style=\"font-family:-apple-system, BlinkMacSystemFont, 'Segoe UI', Roboto, Oxygen-Sans, Ubuntu, Cantarell, 'Helvetica Neue', sans-serif;\">Comit\u00e9 paralympique canadien<br \/>\n<\/span><span style=\"font-family:-apple-system, BlinkMacSystemFont, 'Segoe UI', Roboto, Oxygen-Sans, Ubuntu, Cantarell, 'Helvetica Neue', sans-serif;\">T\u00e9l. : 613-569-4333 x262<br \/>\n<\/span><span style=\"font-weight:300;\">Courriel : <\/span><a style=\"font-family:-apple-system, BlinkMacSystemFont, 'Segoe UI', Roboto, Oxygen-Sans, Ubuntu, Cantarell, 'Helvetica Neue', sans-serif;\" href=\"mailto:nwatts@paralympic.ca\">nwatts@paralympic.ca<\/a><\/p>\n","protected":false},"excerpt":{"rendered":"<p>Photo : Dave Holland CALGARY (15 mars 2019) &#8211; Le R\u00e9seau des instituts du sport olympique et paralympique du Canada,&#8230;<\/p>\n","protected":false},"featured_media":150560,"template":"","format":"standard","tags":[],"type-of-press":[87640050],"press-topic":[415985198],"years":[415988137],"class_list":["post-150559","press","type-press","status-publish","format-standard","has-post-thumbnail","hentry","type-of-press-avis-aux-medias","press-topic-general","years-415988137"],"acf":[],"yoast_head":"<!-- This site is optimized with the Yoast SEO plugin v27.3 - https:\/\/yoast.com\/product\/yoast-seo-wordpress\/ -->\n<title>Les partenaires du sport olympique et paralympique lancent une nouvelle strat\u00e9gie nationale du sport de haute performance en mati\u00e8re de commotions c\u00e9r\u00e9brales - \u00c9quipe Canada | Site officiel de l&#039;\u00e9quipe olympique<\/title>\n<meta name=\"robots\" content=\"index, follow, max-snippet:-1, max-image-preview:large, max-video-preview:-1\" \/>\n<link rel=\"canonical\" href=\"https:\/\/preprod.olympic.ca\/olympique\/presse\/les-partenaires-du-sport-olympique-et-paralympique-lancent-une-nouvelle-strategie-nationale-du-sport-de-haute-performance-en-matiere-de-commotions-cerebrales\/\" \/>\n<meta property=\"og:locale\" content=\"fr_FR\" \/>\n<meta property=\"og:type\" content=\"article\" \/>\n<meta property=\"og:title\" content=\"Les partenaires du sport olympique et paralympique lancent une nouvelle strat\u00e9gie nationale du sport de haute performance en mati\u00e8re de commotions c\u00e9r\u00e9brales - \u00c9quipe Canada | Site officiel de l&#039;\u00e9quipe olympique\" \/>\n<meta property=\"og:description\" content=\"Photo : Dave Holland CALGARY (15 mars 2019) &#8211; Le R\u00e9seau des instituts du sport olympique et paralympique du Canada,...\" \/>\n<meta property=\"og:url\" content=\"https:\/\/preprod.olympic.ca\/olympique\/presse\/les-partenaires-du-sport-olympique-et-paralympique-lancent-une-nouvelle-strategie-nationale-du-sport-de-haute-performance-en-matiere-de-commotions-cerebrales\/\" \/>\n<meta property=\"og:site_name\" content=\"\u00c9quipe Canada | Site officiel de l&#039;\u00e9quipe olympique\" \/>\n<meta property=\"article:modified_time\" content=\"2019-03-15T17:44:11+00:00\" \/>\n<meta property=\"og:image\" content=\"https:\/\/preprod.olympic.ca\/olympique\/wp-content\/uploads\/sites\/2\/2019\/03\/concussion_ma_feature.jpg?quality=100\" \/>\n\t<meta property=\"og:image:width\" content=\"1340\" \/>\n\t<meta property=\"og:image:height\" content=\"754\" \/>\n\t<meta property=\"og:image:type\" content=\"image\/jpeg\" \/>\n<meta name=\"twitter:card\" content=\"summary_large_image\" \/>\n<meta name=\"twitter:label1\" content=\"Est. reading time\" \/>\n\t<meta name=\"twitter:data1\" content=\"2 minutes\" \/>\n\t<meta name=\"twitter:label2\" content=\"Written by\" \/>\n\t<meta name=\"twitter:data2\" content=\"joshsu\" \/>\n<script type=\"application\/ld+json\" class=\"yoast-schema-graph\">{\"@context\":\"https:\\\/\\\/schema.org\",\"@graph\":[{\"@type\":\"WebPage\",\"@id\":\"https:\\\/\\\/preprod.olympic.ca\\\/olympique\\\/presse\\\/les-partenaires-du-sport-olympique-et-paralympique-lancent-une-nouvelle-strategie-nationale-du-sport-de-haute-performance-en-matiere-de-commotions-cerebrales\\\/\",\"url\":\"https:\\\/\\\/preprod.olympic.ca\\\/olympique\\\/presse\\\/les-partenaires-du-sport-olympique-et-paralympique-lancent-une-nouvelle-strategie-nationale-du-sport-de-haute-performance-en-matiere-de-commotions-cerebrales\\\/\",\"name\":\"Les partenaires du sport olympique et paralympique lancent une nouvelle strat\u00e9gie nationale du sport de haute performance en mati\u00e8re de commotions c\u00e9r\u00e9brales - \u00c9quipe Canada | Site officiel de l&#039;\u00e9quipe olympique\",\"isPartOf\":{\"@id\":\"https:\\\/\\\/preprod.olympic.ca\\\/olympique\\\/#website\"},\"primaryImageOfPage\":{\"@id\":\"https:\\\/\\\/preprod.olympic.ca\\\/olympique\\\/presse\\\/les-partenaires-du-sport-olympique-et-paralympique-lancent-une-nouvelle-strategie-nationale-du-sport-de-haute-performance-en-matiere-de-commotions-cerebrales\\\/#primaryimage\"},\"image\":{\"@id\":\"https:\\\/\\\/preprod.olympic.ca\\\/olympique\\\/presse\\\/les-partenaires-du-sport-olympique-et-paralympique-lancent-une-nouvelle-strategie-nationale-du-sport-de-haute-performance-en-matiere-de-commotions-cerebrales\\\/#primaryimage\"},\"thumbnailUrl\":\"https:\\\/\\\/preprod.olympic.ca\\\/olympique\\\/wp-content\\\/uploads\\\/sites\\\/2\\\/2019\\\/03\\\/concussion_ma_feature.jpg?quality=100\",\"datePublished\":\"2019-03-15T15:43:21+00:00\",\"dateModified\":\"2019-03-15T17:44:11+00:00\",\"inLanguage\":\"fr-FR\",\"potentialAction\":[{\"@type\":\"ReadAction\",\"target\":[\"https:\\\/\\\/preprod.olympic.ca\\\/olympique\\\/presse\\\/les-partenaires-du-sport-olympique-et-paralympique-lancent-une-nouvelle-strategie-nationale-du-sport-de-haute-performance-en-matiere-de-commotions-cerebrales\\\/\"]}]},{\"@type\":\"ImageObject\",\"inLanguage\":\"fr-FR\",\"@id\":\"https:\\\/\\\/preprod.olympic.ca\\\/olympique\\\/presse\\\/les-partenaires-du-sport-olympique-et-paralympique-lancent-une-nouvelle-strategie-nationale-du-sport-de-haute-performance-en-matiere-de-commotions-cerebrales\\\/#primaryimage\",\"url\":\"https:\\\/\\\/preprod.olympic.ca\\\/olympique\\\/wp-content\\\/uploads\\\/sites\\\/2\\\/2019\\\/03\\\/concussion_ma_feature.jpg?quality=100\",\"contentUrl\":\"https:\\\/\\\/preprod.olympic.ca\\\/olympique\\\/wp-content\\\/uploads\\\/sites\\\/2\\\/2019\\\/03\\\/concussion_ma_feature.jpg?quality=100\",\"width\":1340,\"height\":754},{\"@type\":\"WebSite\",\"@id\":\"https:\\\/\\\/preprod.olympic.ca\\\/olympique\\\/#website\",\"url\":\"https:\\\/\\\/preprod.olympic.ca\\\/olympique\\\/\",\"name\":\"\u00c9quipe Canada | Site officiel de l&#039;\u00e9quipe olympique\",\"description\":\"Votre source pour l\u2019\u00c9quipe olympique canadienne. Retrouvez les r\u00e9cits, vid\u00e9os et photos des athl\u00e8tes canadiens, sports olympiques, Jeux olympiques de 2020 et bien plus!\",\"potentialAction\":[{\"@type\":\"SearchAction\",\"target\":{\"@type\":\"EntryPoint\",\"urlTemplate\":\"https:\\\/\\\/preprod.olympic.ca\\\/olympique\\\/?s={search_term_string}\"},\"query-input\":{\"@type\":\"PropertyValueSpecification\",\"valueRequired\":true,\"valueName\":\"search_term_string\"}}],\"inLanguage\":\"fr-FR\"}]}<\/script>\n<!-- \/ Yoast SEO plugin. -->","yoast_head_json":{"title":"Les partenaires du sport olympique et paralympique lancent une nouvelle strat\u00e9gie nationale du sport de haute performance en mati\u00e8re de commotions c\u00e9r\u00e9brales - \u00c9quipe Canada | Site officiel de l&#039;\u00e9quipe olympique","robots":{"index":"index","follow":"follow","max-snippet":"max-snippet:-1","max-image-preview":"max-image-preview:large","max-video-preview":"max-video-preview:-1"},"canonical":"https:\/\/preprod.olympic.ca\/olympique\/presse\/les-partenaires-du-sport-olympique-et-paralympique-lancent-une-nouvelle-strategie-nationale-du-sport-de-haute-performance-en-matiere-de-commotions-cerebrales\/","og_locale":"fr_FR","og_type":"article","og_title":"Les partenaires du sport olympique et paralympique lancent une nouvelle strat\u00e9gie nationale du sport de haute performance en mati\u00e8re de commotions c\u00e9r\u00e9brales - \u00c9quipe Canada | Site officiel de l&#039;\u00e9quipe olympique","og_description":"Photo : Dave Holland CALGARY (15 mars 2019) &#8211; Le R\u00e9seau des instituts du sport olympique et paralympique du Canada,...","og_url":"https:\/\/preprod.olympic.ca\/olympique\/presse\/les-partenaires-du-sport-olympique-et-paralympique-lancent-une-nouvelle-strategie-nationale-du-sport-de-haute-performance-en-matiere-de-commotions-cerebrales\/","og_site_name":"\u00c9quipe Canada | Site officiel de l&#039;\u00e9quipe olympique","article_modified_time":"2019-03-15T17:44:11+00:00","og_image":[{"width":1340,"height":754,"url":"https:\/\/preprod.olympic.ca\/olympique\/wp-content\/uploads\/sites\/2\/2019\/03\/concussion_ma_feature.jpg?quality=100","type":"image\/jpeg"}],"twitter_card":"summary_large_image","twitter_misc":{"Est. reading time":"2 minutes","Written by":"joshsu"},"schema":{"@context":"https:\/\/schema.org","@graph":[{"@type":"WebPage","@id":"https:\/\/preprod.olympic.ca\/olympique\/presse\/les-partenaires-du-sport-olympique-et-paralympique-lancent-une-nouvelle-strategie-nationale-du-sport-de-haute-performance-en-matiere-de-commotions-cerebrales\/","url":"https:\/\/preprod.olympic.ca\/olympique\/presse\/les-partenaires-du-sport-olympique-et-paralympique-lancent-une-nouvelle-strategie-nationale-du-sport-de-haute-performance-en-matiere-de-commotions-cerebrales\/","name":"Les partenaires du sport olympique et paralympique lancent une nouvelle strat\u00e9gie nationale du sport de haute performance en mati\u00e8re de commotions c\u00e9r\u00e9brales - \u00c9quipe Canada | Site officiel de l&#039;\u00e9quipe olympique","isPartOf":{"@id":"https:\/\/preprod.olympic.ca\/olympique\/#website"},"primaryImageOfPage":{"@id":"https:\/\/preprod.olympic.ca\/olympique\/presse\/les-partenaires-du-sport-olympique-et-paralympique-lancent-une-nouvelle-strategie-nationale-du-sport-de-haute-performance-en-matiere-de-commotions-cerebrales\/#primaryimage"},"image":{"@id":"https:\/\/preprod.olympic.ca\/olympique\/presse\/les-partenaires-du-sport-olympique-et-paralympique-lancent-une-nouvelle-strategie-nationale-du-sport-de-haute-performance-en-matiere-de-commotions-cerebrales\/#primaryimage"},"thumbnailUrl":"https:\/\/preprod.olympic.ca\/olympique\/wp-content\/uploads\/sites\/2\/2019\/03\/concussion_ma_feature.jpg?quality=100","datePublished":"2019-03-15T15:43:21+00:00","dateModified":"2019-03-15T17:44:11+00:00","inLanguage":"fr-FR","potentialAction":[{"@type":"ReadAction","target":["https:\/\/preprod.olympic.ca\/olympique\/presse\/les-partenaires-du-sport-olympique-et-paralympique-lancent-une-nouvelle-strategie-nationale-du-sport-de-haute-performance-en-matiere-de-commotions-cerebrales\/"]}]},{"@type":"ImageObject","inLanguage":"fr-FR","@id":"https:\/\/preprod.olympic.ca\/olympique\/presse\/les-partenaires-du-sport-olympique-et-paralympique-lancent-une-nouvelle-strategie-nationale-du-sport-de-haute-performance-en-matiere-de-commotions-cerebrales\/#primaryimage","url":"https:\/\/preprod.olympic.ca\/olympique\/wp-content\/uploads\/sites\/2\/2019\/03\/concussion_ma_feature.jpg?quality=100","contentUrl":"https:\/\/preprod.olympic.ca\/olympique\/wp-content\/uploads\/sites\/2\/2019\/03\/concussion_ma_feature.jpg?quality=100","width":1340,"height":754},{"@type":"WebSite","@id":"https:\/\/preprod.olympic.ca\/olympique\/#website","url":"https:\/\/preprod.olympic.ca\/olympique\/","name":"\u00c9quipe Canada | Site officiel de l&#039;\u00e9quipe olympique","description":"Votre source pour l\u2019\u00c9quipe olympique canadienne. Retrouvez les r\u00e9cits, vid\u00e9os et photos des athl\u00e8tes canadiens, sports olympiques, Jeux olympiques de 2020 et bien plus!","potentialAction":[{"@type":"SearchAction","target":{"@type":"EntryPoint","urlTemplate":"https:\/\/preprod.olympic.ca\/olympique\/?s={search_term_string}"},"query-input":{"@type":"PropertyValueSpecification","valueRequired":true,"valueName":"search_term_string"}}],"inLanguage":"fr-FR"}]}},"jetpack_sharing_enabled":true,"_links":{"self":[{"href":"https:\/\/preprod.olympic.ca\/olympique\/wp-json\/wp\/v2\/press\/150559","targetHints":{"allow":["GET"]}}],"collection":[{"href":"https:\/\/preprod.olympic.ca\/olympique\/wp-json\/wp\/v2\/press"}],"about":[{"href":"https:\/\/preprod.olympic.ca\/olympique\/wp-json\/wp\/v2\/types\/press"}],"version-history":[{"count":1,"href":"https:\/\/preprod.olympic.ca\/olympique\/wp-json\/wp\/v2\/press\/150559\/revisions"}],"predecessor-version":[{"id":150561,"href":"https:\/\/preprod.olympic.ca\/olympique\/wp-json\/wp\/v2\/press\/150559\/revisions\/150561"}],"wp:featuredmedia":[{"embeddable":true,"href":"https:\/\/preprod.olympic.ca\/olympique\/wp-json\/wp\/v2\/media\/150560"}],"wp:attachment":[{"href":"https:\/\/preprod.olympic.ca\/olympique\/wp-json\/wp\/v2\/media?parent=150559"}],"wp:term":[{"taxonomy":"post_tag","embeddable":true,"href":"https:\/\/preprod.olympic.ca\/olympique\/wp-json\/wp\/v2\/tags?post=150559"},{"taxonomy":"type-of-press","embeddable":true,"href":"https:\/\/preprod.olympic.ca\/olympique\/wp-json\/wp\/v2\/type-of-press?post=150559"},{"taxonomy":"press-topic","embeddable":true,"href":"https:\/\/preprod.olympic.ca\/olympique\/wp-json\/wp\/v2\/press-topic?post=150559"},{"taxonomy":"years","embeddable":true,"href":"https:\/\/preprod.olympic.ca\/olympique\/wp-json\/wp\/v2\/years?post=150559"}],"curies":[{"name":"wp","href":"https:\/\/api.w.org\/{rel}","templated":true}]}}