{"id":151653,"date":"2019-05-28T12:00:17","date_gmt":"2019-05-28T16:00:17","guid":{"rendered":"http:\/\/olympique.ca\/?post_type=press&#038;p=151653"},"modified":"2019-06-12T10:16:37","modified_gmt":"2019-06-12T14:16:37","slug":"devoilement-de-lequipe-canadienne-de-golf-pour-lima-2019","status":"publish","type":"press","link":"https:\/\/preprod.olympic.ca\/olympique\/presse\/devoilement-de-lequipe-canadienne-de-golf-pour-lima-2019\/","title":{"rendered":"D\u00e9voilement de l&rsquo;\u00e9quipe canadienne de golf pour Lima 2019"},"content":{"rendered":"<p>OAKVILLE (le 28 mai 2019) &#8211; Golf Canada et le Comit\u00e9 olympique canadien ont proc\u00e9d\u00e9 \u00e0 la nomination de quatre athl\u00e8tes au sein de l&rsquo;\u00e9quipe de golf du Canada qui participera aux Jeux panam\u00e9ricains de Lima 2019.<\/p>\n<p>Les athl\u00e8tes canadiens nomm\u00e9s par Golf Canada pour la comp\u00e9tition de golf des Jeux panam\u00e9ricains, du 8 au 11 ao\u00fbt au Country Club Villa, ont \u00e9t\u00e9 identifi\u00e9s sur la base d\u2019une \u00e9valuation des classements mondiaux et des r\u00e9sultats face \u00e0 face des athl\u00e8tes qui ont d\u00e9clar\u00e9 leur intention de participer aux Jeux.<\/p>\n<p>Chez les femmes, l\u2019athl\u00e8te de 20 ans Brigitte Thibault de Rosem\u00e8re au Qu\u00e9bec a accept\u00e9 sa s\u00e9lection au sein de l\u2019\u00e9quipe de golf pour les Jeux panam\u00e9ricains et elle sera accompagn\u00e9e par Mary Parsons de Delta en Colombie-Britannique. Thibault, membre de l\u2019\u00e9quipe nationale amateure de Golf Canada vient de conna\u00eetre une deuxi\u00e8me saison exceptionnelle \u00e0 l\u2019Universit\u00e9 Fresno State ou elle a termin\u00e9 huit fois parmi les 20 meilleurs et a remport\u00e9 le championnat de l\u2019Association Mountain West.<\/p>\n<p>\u00ab\u00a0Je suis honor\u00e9e et reconnaissante de pouvoir repr\u00e9senter mon pays. L\u2019ann\u00e9e 2019 a \u00e9t\u00e9 remplie de belles occasions et je suis enthousiaste de pouvoir vivre les Jeux panam\u00e9ricains cette ann\u00e9e\u00a0\u00bb, indique Thibault.<\/p>\n<p>Au mois d\u2019avril, elle a \u00e9t\u00e9 invit\u00e9e \u00e0 participer \u00e0 l\u2019\u00e9dition inaugurale du tournoi amateur f\u00e9minin de l\u2019Augusta National. Parsons, 20 ans, est une joueuse de deuxi\u00e8me ann\u00e9e \u00e0 l\u2019Universit\u00e9 de l\u2019Indiana ou elle a remport\u00e9 son premier tournoi universitaire au Lady Boilermaker. Elle est une ancienne membre d\u2019\u00c9quipe Canada junior et gagnante du tournoi amateur f\u00e9minin de la Colombie-Britannique en 2018.<\/p>\n<p>L\u2019\u00e9quipe masculine sera compos\u00e9e du joueur de 22 ans Austin Connelly de Lake Doucette en Nouvelle-\u00c9cosse, qui habite Irving au Texas, et Joey Savoie de La Prairie au Qu\u00e9bec, membre de l\u2019\u00e9quipe nationale amateure du Canada. Connelly sera \u00e0 une deuxi\u00e8me participation cons\u00e9cutive aux Jeux panam\u00e9ricains apr\u00e8s avoir pris le cinqui\u00e8me rang aux Jeux panam\u00e9ricains de 2015 \u00e0 Toronto. Connelly est un finissant du programme de l\u2019\u00e9quipe nationale amateure de Golf Canada 92015) et il \u00e9volue actuellement sur le circuit europ\u00e9en. En 2017, il a pris le 14<sup>e<\/sup> rang \u00e0 \u00e9galit\u00e9 \u00e0 l\u2019Omnium britannique, son premier tournoi majeur. Savoie est actuellement le meilleur Canadien chez les hommes au Classement mondial de golf amateur, figurant au 39e rang. L\u2019athl\u00e8te de 24 ans a remport\u00e9 trois tournois en 2018, notamment la Coupe Tailhade, le tournoi Grant Clements Memorial et l\u2019Omnium du Tennessee (tournoi professionnel).<\/p>\n<p>\u00ab\u00a0Je ressens un honneur immense de repr\u00e9senter le Canada aux Jeux panam\u00e9ricains. J\u2019ai regard\u00e9 les Jeux de 2015 \u00e0 Toronto et maintenant que j\u2019ai l\u2019occasion de jouer \u00e0 Lima cette ann\u00e9e, c\u2019est un petit r\u00eave qui se r\u00e9alise\u00a0\u00bb, affirme Savoie.<\/p>\n<p>L\u2019entra\u00eeneur-chef de l\u2019\u00e9quipe nationale amateure f\u00e9minine et de l\u2019\u00e9quipe des jeunes professionnels Tristan Mullally de Cambridge en Ontario sera l\u2019entra\u00eeneur de l\u2019\u00e9quipe canadienne de golf aux Jeux panam\u00e9ricains 2019.<\/p>\n<p>Les crit\u00e8res de s\u00e9lection parmi ceux consid\u00e9r\u00e9s pour l\u2019\u00e9quipe canadienne de golf des Jeux panam\u00e9ricains, reposaient sur une position parmi les 500 meilleurs chez les femmes et parmi les 700 meilleurs chez les hommes au Classement mondial de golf\/Classement mondial Rolex des golfeurs professionnels ainsi qu\u2019un rang comp\u00e9titif au Classement mondial de golf amateur au 1<sup>er<\/sup> avril 2019. Les joueurs qui r\u00e9alisaient les crit\u00e8res de s\u00e9lection avaient jusqu\u2019au 30 avril 2019 pour aviser Golf Canada de leur intention d\u2019\u00eatre consid\u00e9r\u00e9s pour faire partie de l\u2019\u00e9quipe de golf des Jeux panam\u00e9ricains 2019.Le tournoi de golf des Jeux panam\u00e9ricains r\u00e9unira 32 femmes et 32 hommes dans les \u00e9preuves individuelles f\u00e9minines et masculines et la comp\u00e9tition mixte par \u00e9quipe (combinaison de la meilleure carte f\u00e9minine et masculine).<\/p>\n<p>Les Jeux panam\u00e9ricains de Lima 2019, qui se d\u00e9rouleront du 26 juillet au 11 ao\u00fbt, r\u00e9uniront environ 6 700 athl\u00e8tes de 41 nations des Am\u00e9riques et comprendra 62 disciplines dans 39 sports. Ce sera le plus grand \u00e9v\u00e9nement sportif jamais organis\u00e9 au P\u00e9rou.<\/p>\n<p>Les athl\u00e8tes et les entra\u00eeneurs nomm\u00e9s sont :<\/p>\n<ul>\n<li>Austin Connelly (Lake Doucette, Nouvelle-\u00c9cosse) \u2013 \u00c9quipe masculine de golf<\/li>\n<li>Joey Savoie (La Prairie, Qu\u00e9bec) \u2013 \u00c9quipe masculine de golf<\/li>\n<li>Brigitte Thibault (Rosem\u00e8re, Qu\u00e9bec) \u2013 \u00c9quipe f\u00e9minine de golf<\/li>\n<li>Mary Parsons (Delta, Colombie-Britannique) \u2013 \u00c9quipe f\u00e9minine de golf<\/li>\n<li>Tristan Mullally (Cambridge, Ontario) \u2013 Entra\u00eeneur de l\u2019\u00e9quipe canadienne de golf des Jeux panam\u00e9ricains<\/li>\n<\/ul>\n<p>Avant qu&rsquo;un(e) athl\u00e8te soit officiellement nomm\u00e9(e) au sein d&rsquo;\u00c9quipe Canada, toutes les candidatures doivent \u00eatre approuv\u00e9es par le comit\u00e9 de s\u00e9lection du COC, et ce, une fois que toutes les f\u00e9d\u00e9rations sportives nationales ont soumis leurs nominations \u00e0 la fin juin 2019.<\/p>\n<p style=\"text-align:center;\">-30-<\/p>\n<p>&nbsp;<\/p>\n<p>CONTACTS POUR LES M\u00c9DIAS :<\/p>\n<p>Dan Pino, directeur des communications<br \/>\nGolf Canada<br \/>\nT\u00e9l. : 1.800.263.0009, poste 406 \/ Cell. : 416.434.5525<br \/>\nCourriel : <a href=\"mailto:dpino@golfcanada.ca\">dpino@golfcanada.ca<\/a><\/p>\n<p>Josh Su, sp\u00e9cialiste des relations publiques<br \/>\nComit\u00e9 olympique canadien<br \/>\nCell. : 647-464-4060<br \/>\nCourriel : <u><a href=\"mailto:jsu@olympic.ca\">jsu@olympic.ca<\/a><\/u><\/p>\n<p>&nbsp;<\/p>\n<iframe class=\"ginger-extension-definitionpopup\" style=\"display: none;\"><\/iframe>\n","protected":false},"excerpt":{"rendered":"<p>OAKVILLE (le 28 mai 2019) &#8211; Golf Canada et le Comit\u00e9 olympique canadien ont proc\u00e9d\u00e9 \u00e0 la nomination de quatre&#8230;<\/p>\n","protected":false},"featured_media":151654,"template":"","format":"standard","tags":[],"type-of-press":[496138],"press-topic":[415987821],"years":[415988137],"class_list":["post-151653","press","type-press","status-publish","format-standard","has-post-thumbnail","hentry","type-of-press-communiques","press-topic-lima-2019","years-415988137"],"acf":[],"yoast_head":"<!-- This site is optimized with the Yoast SEO plugin v27.3 - https:\/\/yoast.com\/product\/yoast-seo-wordpress\/ -->\n<title>D\u00e9voilement de l&#039;\u00e9quipe canadienne de golf pour Lima 2019 - \u00c9quipe Canada | Site officiel de l&#039;\u00e9quipe olympique<\/title>\n<meta name=\"robots\" content=\"index, follow, max-snippet:-1, max-image-preview:large, max-video-preview:-1\" \/>\n<link rel=\"canonical\" href=\"https:\/\/preprod.olympic.ca\/olympique\/presse\/devoilement-de-lequipe-canadienne-de-golf-pour-lima-2019\/\" \/>\n<meta property=\"og:locale\" content=\"fr_FR\" \/>\n<meta property=\"og:type\" content=\"article\" \/>\n<meta property=\"og:title\" content=\"D\u00e9voilement de l&#039;\u00e9quipe canadienne de golf pour Lima 2019 - \u00c9quipe Canada | Site officiel de l&#039;\u00e9quipe olympique\" \/>\n<meta property=\"og:description\" content=\"OAKVILLE (le 28 mai 2019) &#8211; Golf Canada et le Comit\u00e9 olympique canadien ont proc\u00e9d\u00e9 \u00e0 la nomination de quatre...\" \/>\n<meta property=\"og:url\" content=\"https:\/\/preprod.olympic.ca\/olympique\/presse\/devoilement-de-lequipe-canadienne-de-golf-pour-lima-2019\/\" \/>\n<meta property=\"og:site_name\" content=\"\u00c9quipe Canada | Site officiel de l&#039;\u00e9quipe olympique\" \/>\n<meta property=\"article:modified_time\" content=\"2019-06-12T14:16:37+00:00\" \/>\n<meta property=\"og:image\" content=\"https:\/\/preprod.olympic.ca\/olympique\/wp-content\/uploads\/sites\/2\/2019\/05\/golf_main_1.jpg?quality=100\" \/>\n\t<meta property=\"og:image:width\" content=\"1896\" \/>\n\t<meta property=\"og:image:height\" content=\"1250\" \/>\n\t<meta property=\"og:image:type\" content=\"image\/jpeg\" \/>\n<meta name=\"twitter:card\" content=\"summary_large_image\" \/>\n<meta name=\"twitter:label1\" content=\"Est. reading time\" \/>\n\t<meta name=\"twitter:data1\" content=\"4 minutes\" \/>\n\t<meta name=\"twitter:label2\" content=\"Written by\" \/>\n\t<meta name=\"twitter:data2\" content=\"sjsokol\" \/>\n<script type=\"application\/ld+json\" class=\"yoast-schema-graph\">{\"@context\":\"https:\\\/\\\/schema.org\",\"@graph\":[{\"@type\":\"WebPage\",\"@id\":\"https:\\\/\\\/preprod.olympic.ca\\\/olympique\\\/presse\\\/devoilement-de-lequipe-canadienne-de-golf-pour-lima-2019\\\/\",\"url\":\"https:\\\/\\\/preprod.olympic.ca\\\/olympique\\\/presse\\\/devoilement-de-lequipe-canadienne-de-golf-pour-lima-2019\\\/\",\"name\":\"D\u00e9voilement de l'\u00e9quipe canadienne de golf pour Lima 2019 - \u00c9quipe Canada | Site officiel de l&#039;\u00e9quipe olympique\",\"isPartOf\":{\"@id\":\"https:\\\/\\\/preprod.olympic.ca\\\/olympique\\\/#website\"},\"primaryImageOfPage\":{\"@id\":\"https:\\\/\\\/preprod.olympic.ca\\\/olympique\\\/presse\\\/devoilement-de-lequipe-canadienne-de-golf-pour-lima-2019\\\/#primaryimage\"},\"image\":{\"@id\":\"https:\\\/\\\/preprod.olympic.ca\\\/olympique\\\/presse\\\/devoilement-de-lequipe-canadienne-de-golf-pour-lima-2019\\\/#primaryimage\"},\"thumbnailUrl\":\"https:\\\/\\\/preprod.olympic.ca\\\/olympique\\\/wp-content\\\/uploads\\\/sites\\\/2\\\/2019\\\/05\\\/golf_main_1.jpg?quality=100\",\"datePublished\":\"2019-05-28T16:00:17+00:00\",\"dateModified\":\"2019-06-12T14:16:37+00:00\",\"inLanguage\":\"fr-FR\",\"potentialAction\":[{\"@type\":\"ReadAction\",\"target\":[\"https:\\\/\\\/preprod.olympic.ca\\\/olympique\\\/presse\\\/devoilement-de-lequipe-canadienne-de-golf-pour-lima-2019\\\/\"]}]},{\"@type\":\"ImageObject\",\"inLanguage\":\"fr-FR\",\"@id\":\"https:\\\/\\\/preprod.olympic.ca\\\/olympique\\\/presse\\\/devoilement-de-lequipe-canadienne-de-golf-pour-lima-2019\\\/#primaryimage\",\"url\":\"https:\\\/\\\/preprod.olympic.ca\\\/olympique\\\/wp-content\\\/uploads\\\/sites\\\/2\\\/2019\\\/05\\\/golf_main_1.jpg?quality=100\",\"contentUrl\":\"https:\\\/\\\/preprod.olympic.ca\\\/olympique\\\/wp-content\\\/uploads\\\/sites\\\/2\\\/2019\\\/05\\\/golf_main_1.jpg?quality=100\",\"width\":1896,\"height\":1250},{\"@type\":\"WebSite\",\"@id\":\"https:\\\/\\\/preprod.olympic.ca\\\/olympique\\\/#website\",\"url\":\"https:\\\/\\\/preprod.olympic.ca\\\/olympique\\\/\",\"name\":\"\u00c9quipe Canada | Site officiel de l&#039;\u00e9quipe olympique\",\"description\":\"Votre source pour l\u2019\u00c9quipe olympique canadienne. Retrouvez les r\u00e9cits, vid\u00e9os et photos des athl\u00e8tes canadiens, sports olympiques, Jeux olympiques de 2020 et bien plus!\",\"potentialAction\":[{\"@type\":\"SearchAction\",\"target\":{\"@type\":\"EntryPoint\",\"urlTemplate\":\"https:\\\/\\\/preprod.olympic.ca\\\/olympique\\\/?s={search_term_string}\"},\"query-input\":{\"@type\":\"PropertyValueSpecification\",\"valueRequired\":true,\"valueName\":\"search_term_string\"}}],\"inLanguage\":\"fr-FR\"}]}<\/script>\n<!-- \/ Yoast SEO plugin. -->","yoast_head_json":{"title":"D\u00e9voilement de l'\u00e9quipe canadienne de golf pour Lima 2019 - \u00c9quipe Canada | Site officiel de l&#039;\u00e9quipe olympique","robots":{"index":"index","follow":"follow","max-snippet":"max-snippet:-1","max-image-preview":"max-image-preview:large","max-video-preview":"max-video-preview:-1"},"canonical":"https:\/\/preprod.olympic.ca\/olympique\/presse\/devoilement-de-lequipe-canadienne-de-golf-pour-lima-2019\/","og_locale":"fr_FR","og_type":"article","og_title":"D\u00e9voilement de l'\u00e9quipe canadienne de golf pour Lima 2019 - \u00c9quipe Canada | Site officiel de l&#039;\u00e9quipe olympique","og_description":"OAKVILLE (le 28 mai 2019) &#8211; Golf Canada et le Comit\u00e9 olympique canadien ont proc\u00e9d\u00e9 \u00e0 la nomination de quatre...","og_url":"https:\/\/preprod.olympic.ca\/olympique\/presse\/devoilement-de-lequipe-canadienne-de-golf-pour-lima-2019\/","og_site_name":"\u00c9quipe Canada | Site officiel de l&#039;\u00e9quipe olympique","article_modified_time":"2019-06-12T14:16:37+00:00","og_image":[{"width":1896,"height":1250,"url":"https:\/\/preprod.olympic.ca\/olympique\/wp-content\/uploads\/sites\/2\/2019\/05\/golf_main_1.jpg?quality=100","type":"image\/jpeg"}],"twitter_card":"summary_large_image","twitter_misc":{"Est. reading time":"4 minutes","Written by":"sjsokol"},"schema":{"@context":"https:\/\/schema.org","@graph":[{"@type":"WebPage","@id":"https:\/\/preprod.olympic.ca\/olympique\/presse\/devoilement-de-lequipe-canadienne-de-golf-pour-lima-2019\/","url":"https:\/\/preprod.olympic.ca\/olympique\/presse\/devoilement-de-lequipe-canadienne-de-golf-pour-lima-2019\/","name":"D\u00e9voilement de l'\u00e9quipe canadienne de golf pour Lima 2019 - \u00c9quipe Canada | Site officiel de l&#039;\u00e9quipe olympique","isPartOf":{"@id":"https:\/\/preprod.olympic.ca\/olympique\/#website"},"primaryImageOfPage":{"@id":"https:\/\/preprod.olympic.ca\/olympique\/presse\/devoilement-de-lequipe-canadienne-de-golf-pour-lima-2019\/#primaryimage"},"image":{"@id":"https:\/\/preprod.olympic.ca\/olympique\/presse\/devoilement-de-lequipe-canadienne-de-golf-pour-lima-2019\/#primaryimage"},"thumbnailUrl":"https:\/\/preprod.olympic.ca\/olympique\/wp-content\/uploads\/sites\/2\/2019\/05\/golf_main_1.jpg?quality=100","datePublished":"2019-05-28T16:00:17+00:00","dateModified":"2019-06-12T14:16:37+00:00","inLanguage":"fr-FR","potentialAction":[{"@type":"ReadAction","target":["https:\/\/preprod.olympic.ca\/olympique\/presse\/devoilement-de-lequipe-canadienne-de-golf-pour-lima-2019\/"]}]},{"@type":"ImageObject","inLanguage":"fr-FR","@id":"https:\/\/preprod.olympic.ca\/olympique\/presse\/devoilement-de-lequipe-canadienne-de-golf-pour-lima-2019\/#primaryimage","url":"https:\/\/preprod.olympic.ca\/olympique\/wp-content\/uploads\/sites\/2\/2019\/05\/golf_main_1.jpg?quality=100","contentUrl":"https:\/\/preprod.olympic.ca\/olympique\/wp-content\/uploads\/sites\/2\/2019\/05\/golf_main_1.jpg?quality=100","width":1896,"height":1250},{"@type":"WebSite","@id":"https:\/\/preprod.olympic.ca\/olympique\/#website","url":"https:\/\/preprod.olympic.ca\/olympique\/","name":"\u00c9quipe Canada | Site officiel de l&#039;\u00e9quipe olympique","description":"Votre source pour l\u2019\u00c9quipe olympique canadienne. Retrouvez les r\u00e9cits, vid\u00e9os et photos des athl\u00e8tes canadiens, sports olympiques, Jeux olympiques de 2020 et bien plus!","potentialAction":[{"@type":"SearchAction","target":{"@type":"EntryPoint","urlTemplate":"https:\/\/preprod.olympic.ca\/olympique\/?s={search_term_string}"},"query-input":{"@type":"PropertyValueSpecification","valueRequired":true,"valueName":"search_term_string"}}],"inLanguage":"fr-FR"}]}},"jetpack_sharing_enabled":true,"_links":{"self":[{"href":"https:\/\/preprod.olympic.ca\/olympique\/wp-json\/wp\/v2\/press\/151653","targetHints":{"allow":["GET"]}}],"collection":[{"href":"https:\/\/preprod.olympic.ca\/olympique\/wp-json\/wp\/v2\/press"}],"about":[{"href":"https:\/\/preprod.olympic.ca\/olympique\/wp-json\/wp\/v2\/types\/press"}],"version-history":[{"count":0,"href":"https:\/\/preprod.olympic.ca\/olympique\/wp-json\/wp\/v2\/press\/151653\/revisions"}],"wp:featuredmedia":[{"embeddable":true,"href":"https:\/\/preprod.olympic.ca\/olympique\/wp-json\/wp\/v2\/media\/151654"}],"wp:attachment":[{"href":"https:\/\/preprod.olympic.ca\/olympique\/wp-json\/wp\/v2\/media?parent=151653"}],"wp:term":[{"taxonomy":"post_tag","embeddable":true,"href":"https:\/\/preprod.olympic.ca\/olympique\/wp-json\/wp\/v2\/tags?post=151653"},{"taxonomy":"type-of-press","embeddable":true,"href":"https:\/\/preprod.olympic.ca\/olympique\/wp-json\/wp\/v2\/type-of-press?post=151653"},{"taxonomy":"press-topic","embeddable":true,"href":"https:\/\/preprod.olympic.ca\/olympique\/wp-json\/wp\/v2\/press-topic?post=151653"},{"taxonomy":"years","embeddable":true,"href":"https:\/\/preprod.olympic.ca\/olympique\/wp-json\/wp\/v2\/years?post=151653"}],"curies":[{"name":"wp","href":"https:\/\/api.w.org\/{rel}","templated":true}]}}