{"id":151665,"date":"2019-05-29T10:00:22","date_gmt":"2019-05-29T14:00:22","guid":{"rendered":"http:\/\/olympique.ca\/?post_type=press&#038;p=151665"},"modified":"2019-06-12T10:14:21","modified_gmt":"2019-06-12T14:14:21","slug":"devoilement-de-lequipe-canadienne-de-triathlon-pour-lima-2019","status":"publish","type":"press","link":"https:\/\/preprod.olympic.ca\/olympique\/presse\/devoilement-de-lequipe-canadienne-de-triathlon-pour-lima-2019\/","title":{"rendered":"D\u00e9voilement de l&rsquo;\u00e9quipe canadienne de triathlon pour Lima 2019"},"content":{"rendered":"<p style=\"text-align:center;\"><b>Six triathl\u00e8tes pr\u00eats \u00e0 maintenir la place du Canada sur le podium dans leur sport<\/b><\/p>\n<p><span style=\"font-weight:400;\">TORONTO (le 29 mai 2019) &#8211; Triathlon Canada et le Comit\u00e9 olympique canadien ont proc\u00e9d\u00e9 mercredi \u00e0 la nomination de six athl\u00e8tes au sein de l&rsquo;\u00e9quipe de triathlon du Canada qui participera aux Jeux panam\u00e9ricains de Lima 2019.<\/span><\/p>\n<p><span style=\"font-weight:400;\">Trois femmes et trois hommes se sont qualifi\u00e9s pour participer \u00e0 leurs premiers Jeux panam\u00e9ricains au sein d\u2019\u00c9quipe Canada sur la base de leur performance \u00e0 diff\u00e9rentes \u00e9preuves ce printemps. Puisque les Jeux panam\u00e9ricains ne servent pas d\u2019\u00e9preuves de qualification pour les Jeux olympiques de 2020, Triathlon Canada utilisera ces Jeux multisports comme occasion de d\u00e9veloppement pour la prochaine vague de jeunes athl\u00e8tes prometteurs.<\/span><\/p>\n<p><span style=\"font-weight:400;\">Les jeunes Canadiens ont amass\u00e9 une belle exp\u00e9rience sur la sc\u00e8ne internationale, men\u00e9s par Alexis Lepage de Gatineau au Qu\u00e9bec, qui vient de monter sur son premier podium de Coupe du monde, apr\u00e8s avoir d\u00e9croch\u00e9 la m\u00e9daille de bronze \u00e0 Chengdu en Chine. L\u2019athl\u00e8te de 25 ans a aussi repr\u00e9sent\u00e9 le Canada aux Jeux du Commonwealth l\u2019an dernier.<\/span><\/p>\n<p><span style=\"font-weight:400;\">\u00ab C\u2019est tellement gratifiant de repr\u00e9senter le Canada \u00e0 ces autres Jeux multisports et j\u2019ai h\u00e2te de vivre une autre grande aventure \u00e0 Lima \u00bb, indique Lepage. \u00ab Mes r\u00e9cents succ\u00e8s \u00e0 Chengdu me rendent confiant pour cette course. Notre \u00e9quipe vise la victoire. Tout peut se produire dans une \u00e9preuve de relais et je sais que nous serons pr\u00eats \u00e0 tout donner. \u00bb<\/span><\/p>\n<p><span style=\"font-weight:400;\">Lepage sera accompagn\u00e9 par son co\u00e9quipier des Jeux du Commonwealth, Desirae Ridenour de Cowichan Bay en Colombie-Britannique, une athl\u00e8te de 18 ans qui a \u00e9t\u00e9 sacr\u00e9e championne continentale junior et triple m\u00e9daill\u00e9e d\u2019or aux Jeux d\u2019\u00e9t\u00e9 du Canada en 2017.<\/span><\/p>\n<p><span style=\"font-weight:400;\">\u00ab Je suis tr\u00e8s enthousiaste de repr\u00e9senter le Canada \u00e0 ces autres Jeux. C\u2019est toujours un honneur de porter la feuille d\u2019\u00e9rable et de compter sur l\u2019appui du pays, affirme Ridenour. Mon exp\u00e9rience aux Jeux du Commonwealth en Australie m\u2019a offert une meilleure compr\u00e9hension de ce \u00e0 quoi je peux m\u2019attendre et comment me comporter dans un environnement de Jeux multisports. J\u2019ai vraiment h\u00e2te de profiter de cette autre occasion \u00e0 Lima. \u00bb<\/span><\/p>\n<p><span style=\"font-weight:400;\">Quatre autres Canadiens participeront \u00e0 leurs premiers Jeux multisports sur la sc\u00e8ne internationale.<\/span><\/p>\n<p><span style=\"font-weight:400;\">Hannah Henry de Victoria en Colombie-Britannique a \u00e9t\u00e9 dominante aux Jeux d\u2019\u00e9t\u00e9 du Canada en 2017 et elle cherchera aussi \u00e0 faire sa marque au sein d\u2019\u00c9quipe Canada. Elle sera accompagn\u00e9e par Karol Ann Roy de Qu\u00e9bec, qui s\u2019est approch\u00e9e des podiums sur le circuit international de d\u00e9veloppement.<\/span><\/p>\n<p><span style=\"font-weight:400;\">Charles Paquet de Port-Cartier au Qu\u00e9bec tentera aussi d\u2019attirer les regards \u00e0 Lima. \u00c9toile montante de 21 ans, Paquet a \u00e9t\u00e9 m\u00e9daill\u00e9 d\u2019argent aux Championnats du monde juniors en 2016. Taylor Forbes de Hamilton en Ontario est un triple m\u00e9daill\u00e9 des Championnats canadiens qui a repr\u00e9sent\u00e9 le Canada deux fois aux Championnats du monde U23 et il cherchera \u00e0 ajouter \u00e0 son exp\u00e9rience \u00e0 Lima.<\/span><\/p>\n<p><span style=\"font-weight:400;\">Le Canada a d\u00e9croch\u00e9 neuf m\u00e9dailles au triathlon des Jeux panam\u00e9ricains depuis 1995. Les deux plus r\u00e9cents podiums sont ceux de l\u2019Olympien Brent McMahon, m\u00e9daill\u00e9 d\u2019argent en 2007 et de bronze en 2011. Les deux seules m\u00e9dailles d\u2019or remport\u00e9es par des triathl\u00e8tes canadiens aux Jeux panam\u00e9ricains sont celles de Sharon Donnelly en 1999 et de Jill Savage en 2003.<\/span><\/p>\n<p><span style=\"font-weight:400;\">L\u2019\u00e9preuve individuelle de triathlon sera disput\u00e9e le 27 juillet. Une comp\u00e9tition de relais mixte se d\u00e9roulera le 29 juillet.<\/span><\/p>\n<p><span style=\"font-weight:400;\">Les Jeux panam\u00e9ricains de Lima 2019, qui se d\u00e9rouleront du 26 juillet au 11 ao\u00fbt, r\u00e9uniront environ 6 700 athl\u00e8tes de 41 nations des Am\u00e9riques et comprendra 62 disciplines dans 39 sports. Ce sera le plus grand \u00e9v\u00e9nement sportif jamais organis\u00e9 au P\u00e9rou.<\/span><\/p>\n<p><span style=\"font-weight:400;\">Les athl\u00e8tes et les entra\u00eeneurs nomm\u00e9s sont :<\/span><\/p>\n<ol>\n<li style=\"font-weight:300;\"><span style=\"font-weight:400;\">Desirae Ridenour (Cowichan Bay, Colombie-Britannique)<\/span><\/li>\n<li style=\"font-weight:300;\"><span style=\"font-weight:400;\">Hannah Henry (Victoria, Colombie-Britannique)<\/span><\/li>\n<li style=\"font-weight:300;\"><span style=\"font-weight:400;\">Karol Ann Roy (Laval, Qu\u00e9bec)<\/span><\/li>\n<li style=\"font-weight:300;\"><span style=\"font-weight:400;\">Alexis Lepage (Gatineau, Qu\u00e9bec<\/span><\/li>\n<li style=\"font-weight:300;\"><span style=\"font-weight:400;\">Charles Paquet (Port-Cartier, Qu\u00e9bec)<\/span><\/li>\n<li style=\"font-weight:300;\"><span style=\"font-weight:400;\">Taylor Forbes (Hamilton, Ontario)<\/span><\/li>\n<li style=\"font-weight:300;\"><span style=\"font-weight:400;\">Marc-Antoine Christin (Montr\u00e9al, Qu\u00e9bec) \u2013 Entra\u00eeneur-chef<\/span><\/li>\n<\/ol>\n<p><span style=\"font-weight:400;\">Avant qu&rsquo;un(e) athl\u00e8te soit officiellement nomm\u00e9(e) au sein d&rsquo;\u00c9quipe Canada, toutes les candidatures doivent \u00eatre approuv\u00e9es par le comit\u00e9 de s\u00e9lection du COC, et ce, une fois que toutes les f\u00e9d\u00e9rations sportives nationales ont soumis leurs nominations \u00e0 la fin juin 2019.<\/span><\/p>\n<p style=\"text-align:center;\"><span style=\"font-weight:400;\">-30-<\/span><\/p>\n<p><span style=\"font-weight:400;\">CONTACTS POUR LES M\u00c9DIAS :<\/span><\/p>\n<p><span style=\"font-weight:400;\">Chris Dornan, gestionnaire des communications<br \/>\n<\/span><span style=\"font-weight:400;\">Triathlon Canada<br \/>\n<\/span><span style=\"font-weight:400;\">Cell. : 403.620.8731<br \/>\n<\/span><span style=\"font-weight:400;\">Courriel : chris.dornan@triathloncanada.com<\/span><\/p>\n<p><span style=\"font-weight:400;\">Josh Su, sp\u00e9cialiste des relations publiques<br \/>\n<\/span><span style=\"font-weight:400;\">Comit\u00e9 olympique canadien<br \/>\n<\/span><span style=\"font-weight:400;\">Cell. : 647-464-4060<br \/>\n<\/span><span style=\"font-weight:400;\">Courriel : <\/span><span style=\"font-weight:400;\">jsu@olympic.ca<\/span><\/p>\n","protected":false},"excerpt":{"rendered":"<p>Six triathl\u00e8tes pr\u00eats \u00e0 maintenir la place du Canada sur le podium dans leur sport TORONTO (le 29 mai 2019)&#8230;<\/p>\n","protected":false},"featured_media":151666,"template":"","format":"standard","tags":[],"type-of-press":[],"press-topic":[415987821],"years":[415988137],"class_list":["post-151665","press","type-press","status-publish","format-standard","has-post-thumbnail","hentry","press-topic-lima-2019","years-415988137"],"acf":[],"yoast_head":"<!-- This site is optimized with the Yoast SEO plugin v27.3 - https:\/\/yoast.com\/product\/yoast-seo-wordpress\/ -->\n<title>D\u00e9voilement de l&#039;\u00e9quipe canadienne de triathlon pour Lima 2019 - \u00c9quipe Canada | Site officiel de l&#039;\u00e9quipe olympique<\/title>\n<meta name=\"robots\" content=\"index, follow, max-snippet:-1, max-image-preview:large, max-video-preview:-1\" \/>\n<link rel=\"canonical\" href=\"https:\/\/preprod.olympic.ca\/olympique\/presse\/devoilement-de-lequipe-canadienne-de-triathlon-pour-lima-2019\/\" \/>\n<meta property=\"og:locale\" content=\"fr_FR\" \/>\n<meta property=\"og:type\" content=\"article\" \/>\n<meta property=\"og:title\" content=\"D\u00e9voilement de l&#039;\u00e9quipe canadienne de triathlon pour Lima 2019 - \u00c9quipe Canada | Site officiel de l&#039;\u00e9quipe olympique\" \/>\n<meta property=\"og:description\" content=\"Six triathl\u00e8tes pr\u00eats \u00e0 maintenir la place du Canada sur le podium dans leur sport TORONTO (le 29 mai 2019)...\" \/>\n<meta property=\"og:url\" content=\"https:\/\/preprod.olympic.ca\/olympique\/presse\/devoilement-de-lequipe-canadienne-de-triathlon-pour-lima-2019\/\" \/>\n<meta property=\"og:site_name\" content=\"\u00c9quipe Canada | Site officiel de l&#039;\u00e9quipe olympique\" \/>\n<meta property=\"article:modified_time\" content=\"2019-06-12T14:14:21+00:00\" \/>\n<meta property=\"og:image\" content=\"https:\/\/preprod.olympic.ca\/olympique\/wp-content\/uploads\/sites\/2\/2019\/05\/feature_image-2.jpg?quality=100\" \/>\n\t<meta property=\"og:image:width\" content=\"1340\" \/>\n\t<meta property=\"og:image:height\" content=\"754\" \/>\n\t<meta property=\"og:image:type\" content=\"image\/jpeg\" \/>\n<meta name=\"twitter:card\" content=\"summary_large_image\" \/>\n<meta name=\"twitter:label1\" content=\"Est. reading time\" \/>\n\t<meta name=\"twitter:data1\" content=\"4 minutes\" \/>\n\t<meta name=\"twitter:label2\" content=\"Written by\" \/>\n\t<meta name=\"twitter:data2\" content=\"sjsokol\" \/>\n<script type=\"application\/ld+json\" class=\"yoast-schema-graph\">{\"@context\":\"https:\\\/\\\/schema.org\",\"@graph\":[{\"@type\":\"WebPage\",\"@id\":\"https:\\\/\\\/preprod.olympic.ca\\\/olympique\\\/presse\\\/devoilement-de-lequipe-canadienne-de-triathlon-pour-lima-2019\\\/\",\"url\":\"https:\\\/\\\/preprod.olympic.ca\\\/olympique\\\/presse\\\/devoilement-de-lequipe-canadienne-de-triathlon-pour-lima-2019\\\/\",\"name\":\"D\u00e9voilement de l'\u00e9quipe canadienne de triathlon pour Lima 2019 - \u00c9quipe Canada | Site officiel de l&#039;\u00e9quipe olympique\",\"isPartOf\":{\"@id\":\"https:\\\/\\\/preprod.olympic.ca\\\/olympique\\\/#website\"},\"primaryImageOfPage\":{\"@id\":\"https:\\\/\\\/preprod.olympic.ca\\\/olympique\\\/presse\\\/devoilement-de-lequipe-canadienne-de-triathlon-pour-lima-2019\\\/#primaryimage\"},\"image\":{\"@id\":\"https:\\\/\\\/preprod.olympic.ca\\\/olympique\\\/presse\\\/devoilement-de-lequipe-canadienne-de-triathlon-pour-lima-2019\\\/#primaryimage\"},\"thumbnailUrl\":\"https:\\\/\\\/preprod.olympic.ca\\\/olympique\\\/wp-content\\\/uploads\\\/sites\\\/2\\\/2019\\\/05\\\/feature_image-2.jpg?quality=100\",\"datePublished\":\"2019-05-29T14:00:22+00:00\",\"dateModified\":\"2019-06-12T14:14:21+00:00\",\"inLanguage\":\"fr-FR\",\"potentialAction\":[{\"@type\":\"ReadAction\",\"target\":[\"https:\\\/\\\/preprod.olympic.ca\\\/olympique\\\/presse\\\/devoilement-de-lequipe-canadienne-de-triathlon-pour-lima-2019\\\/\"]}]},{\"@type\":\"ImageObject\",\"inLanguage\":\"fr-FR\",\"@id\":\"https:\\\/\\\/preprod.olympic.ca\\\/olympique\\\/presse\\\/devoilement-de-lequipe-canadienne-de-triathlon-pour-lima-2019\\\/#primaryimage\",\"url\":\"https:\\\/\\\/preprod.olympic.ca\\\/olympique\\\/wp-content\\\/uploads\\\/sites\\\/2\\\/2019\\\/05\\\/feature_image-2.jpg?quality=100\",\"contentUrl\":\"https:\\\/\\\/preprod.olympic.ca\\\/olympique\\\/wp-content\\\/uploads\\\/sites\\\/2\\\/2019\\\/05\\\/feature_image-2.jpg?quality=100\",\"width\":1340,\"height\":754},{\"@type\":\"WebSite\",\"@id\":\"https:\\\/\\\/preprod.olympic.ca\\\/olympique\\\/#website\",\"url\":\"https:\\\/\\\/preprod.olympic.ca\\\/olympique\\\/\",\"name\":\"\u00c9quipe Canada | Site officiel de l&#039;\u00e9quipe olympique\",\"description\":\"Votre source pour l\u2019\u00c9quipe olympique canadienne. Retrouvez les r\u00e9cits, vid\u00e9os et photos des athl\u00e8tes canadiens, sports olympiques, Jeux olympiques de 2020 et bien plus!\",\"potentialAction\":[{\"@type\":\"SearchAction\",\"target\":{\"@type\":\"EntryPoint\",\"urlTemplate\":\"https:\\\/\\\/preprod.olympic.ca\\\/olympique\\\/?s={search_term_string}\"},\"query-input\":{\"@type\":\"PropertyValueSpecification\",\"valueRequired\":true,\"valueName\":\"search_term_string\"}}],\"inLanguage\":\"fr-FR\"}]}<\/script>\n<!-- \/ Yoast SEO plugin. -->","yoast_head_json":{"title":"D\u00e9voilement de l'\u00e9quipe canadienne de triathlon pour Lima 2019 - \u00c9quipe Canada | Site officiel de l&#039;\u00e9quipe olympique","robots":{"index":"index","follow":"follow","max-snippet":"max-snippet:-1","max-image-preview":"max-image-preview:large","max-video-preview":"max-video-preview:-1"},"canonical":"https:\/\/preprod.olympic.ca\/olympique\/presse\/devoilement-de-lequipe-canadienne-de-triathlon-pour-lima-2019\/","og_locale":"fr_FR","og_type":"article","og_title":"D\u00e9voilement de l'\u00e9quipe canadienne de triathlon pour Lima 2019 - \u00c9quipe Canada | Site officiel de l&#039;\u00e9quipe olympique","og_description":"Six triathl\u00e8tes pr\u00eats \u00e0 maintenir la place du Canada sur le podium dans leur sport TORONTO (le 29 mai 2019)...","og_url":"https:\/\/preprod.olympic.ca\/olympique\/presse\/devoilement-de-lequipe-canadienne-de-triathlon-pour-lima-2019\/","og_site_name":"\u00c9quipe Canada | Site officiel de l&#039;\u00e9quipe olympique","article_modified_time":"2019-06-12T14:14:21+00:00","og_image":[{"width":1340,"height":754,"url":"https:\/\/preprod.olympic.ca\/olympique\/wp-content\/uploads\/sites\/2\/2019\/05\/feature_image-2.jpg?quality=100","type":"image\/jpeg"}],"twitter_card":"summary_large_image","twitter_misc":{"Est. reading time":"4 minutes","Written by":"sjsokol"},"schema":{"@context":"https:\/\/schema.org","@graph":[{"@type":"WebPage","@id":"https:\/\/preprod.olympic.ca\/olympique\/presse\/devoilement-de-lequipe-canadienne-de-triathlon-pour-lima-2019\/","url":"https:\/\/preprod.olympic.ca\/olympique\/presse\/devoilement-de-lequipe-canadienne-de-triathlon-pour-lima-2019\/","name":"D\u00e9voilement de l'\u00e9quipe canadienne de triathlon pour Lima 2019 - \u00c9quipe Canada | Site officiel de l&#039;\u00e9quipe olympique","isPartOf":{"@id":"https:\/\/preprod.olympic.ca\/olympique\/#website"},"primaryImageOfPage":{"@id":"https:\/\/preprod.olympic.ca\/olympique\/presse\/devoilement-de-lequipe-canadienne-de-triathlon-pour-lima-2019\/#primaryimage"},"image":{"@id":"https:\/\/preprod.olympic.ca\/olympique\/presse\/devoilement-de-lequipe-canadienne-de-triathlon-pour-lima-2019\/#primaryimage"},"thumbnailUrl":"https:\/\/preprod.olympic.ca\/olympique\/wp-content\/uploads\/sites\/2\/2019\/05\/feature_image-2.jpg?quality=100","datePublished":"2019-05-29T14:00:22+00:00","dateModified":"2019-06-12T14:14:21+00:00","inLanguage":"fr-FR","potentialAction":[{"@type":"ReadAction","target":["https:\/\/preprod.olympic.ca\/olympique\/presse\/devoilement-de-lequipe-canadienne-de-triathlon-pour-lima-2019\/"]}]},{"@type":"ImageObject","inLanguage":"fr-FR","@id":"https:\/\/preprod.olympic.ca\/olympique\/presse\/devoilement-de-lequipe-canadienne-de-triathlon-pour-lima-2019\/#primaryimage","url":"https:\/\/preprod.olympic.ca\/olympique\/wp-content\/uploads\/sites\/2\/2019\/05\/feature_image-2.jpg?quality=100","contentUrl":"https:\/\/preprod.olympic.ca\/olympique\/wp-content\/uploads\/sites\/2\/2019\/05\/feature_image-2.jpg?quality=100","width":1340,"height":754},{"@type":"WebSite","@id":"https:\/\/preprod.olympic.ca\/olympique\/#website","url":"https:\/\/preprod.olympic.ca\/olympique\/","name":"\u00c9quipe Canada | Site officiel de l&#039;\u00e9quipe olympique","description":"Votre source pour l\u2019\u00c9quipe olympique canadienne. Retrouvez les r\u00e9cits, vid\u00e9os et photos des athl\u00e8tes canadiens, sports olympiques, Jeux olympiques de 2020 et bien plus!","potentialAction":[{"@type":"SearchAction","target":{"@type":"EntryPoint","urlTemplate":"https:\/\/preprod.olympic.ca\/olympique\/?s={search_term_string}"},"query-input":{"@type":"PropertyValueSpecification","valueRequired":true,"valueName":"search_term_string"}}],"inLanguage":"fr-FR"}]}},"jetpack_sharing_enabled":true,"_links":{"self":[{"href":"https:\/\/preprod.olympic.ca\/olympique\/wp-json\/wp\/v2\/press\/151665","targetHints":{"allow":["GET"]}}],"collection":[{"href":"https:\/\/preprod.olympic.ca\/olympique\/wp-json\/wp\/v2\/press"}],"about":[{"href":"https:\/\/preprod.olympic.ca\/olympique\/wp-json\/wp\/v2\/types\/press"}],"version-history":[{"count":0,"href":"https:\/\/preprod.olympic.ca\/olympique\/wp-json\/wp\/v2\/press\/151665\/revisions"}],"wp:featuredmedia":[{"embeddable":true,"href":"https:\/\/preprod.olympic.ca\/olympique\/wp-json\/wp\/v2\/media\/151666"}],"wp:attachment":[{"href":"https:\/\/preprod.olympic.ca\/olympique\/wp-json\/wp\/v2\/media?parent=151665"}],"wp:term":[{"taxonomy":"post_tag","embeddable":true,"href":"https:\/\/preprod.olympic.ca\/olympique\/wp-json\/wp\/v2\/tags?post=151665"},{"taxonomy":"type-of-press","embeddable":true,"href":"https:\/\/preprod.olympic.ca\/olympique\/wp-json\/wp\/v2\/type-of-press?post=151665"},{"taxonomy":"press-topic","embeddable":true,"href":"https:\/\/preprod.olympic.ca\/olympique\/wp-json\/wp\/v2\/press-topic?post=151665"},{"taxonomy":"years","embeddable":true,"href":"https:\/\/preprod.olympic.ca\/olympique\/wp-json\/wp\/v2\/years?post=151665"}],"curies":[{"name":"wp","href":"https:\/\/api.w.org\/{rel}","templated":true}]}}