{"id":151776,"date":"2019-06-04T14:56:01","date_gmt":"2019-06-04T18:56:01","guid":{"rendered":"http:\/\/olympique.ca\/?post_type=press&#038;p=151776"},"modified":"2019-06-04T15:14:26","modified_gmt":"2019-06-04T19:14:26","slug":"devoilement-de-lequipe-canadienne-de-natation-artistique-pour-les-jeux-panamericains-de-2019-a-lima","status":"publish","type":"press","link":"https:\/\/preprod.olympic.ca\/olympique\/presse\/devoilement-de-lequipe-canadienne-de-natation-artistique-pour-les-jeux-panamericains-de-2019-a-lima\/","title":{"rendered":"D\u00e9voilement de l&rsquo;\u00e9quipe canadienne de natation artistique pour les Jeux panam\u00e9ricains de 2019 \u00e0 Lima"},"content":{"rendered":"<p><i><span style=\"font-weight:400;\">Neuf athl\u00e8tes avec objectif de se qualifier pour les Jeux olympiques de 2020<\/span><\/i><\/p>\n<p><span style=\"font-weight:400;\">MONTR\u00c9AL (Qu\u00e9bec) le 4 juin 2019 &#8211; Neuf athl\u00e8tes canadiennes de natation artistique ont \u00e9t\u00e9 mises en nomination pour participer aux Jeux panam\u00e9ricains de 2019 \u00e0 Lima, au P\u00e9rou. Natation Artistique Canada et le Comit\u00e9 olympique canadien en ont fait l&rsquo;annonce mardi.<\/span><\/p>\n<p><span style=\"font-weight:400;\">Les neuf membres de l&rsquo;\u00e9quipe nationale canadienne s&rsquo;entra\u00eenent ensemble depuis janvier sous la direction de G\u00e1bor Szauder, entra\u00eeneur olympique \u00e0 deux reprises, et des entra\u00eeneures adjointes Kasia Kulesza et Karine Dor\u00e9. Elles ont connu une excellente saison dans la s\u00e9rie mondiale de natation artistique de la FINA, compl\u00e9tant plus de 44 prestations en comp\u00e9tition et remportant 27 m\u00e9dailles.<\/span><\/p>\n<p><span style=\"font-weight:400;\">Les Jeux panam\u00e9ricains servent d\u2019\u00e9preuve de qualification pour les Jeux olympiques de 2020 en natation artistique pour la zone continentale des Am\u00e9riques. Les gagnantes de l&rsquo;\u00e9preuve par \u00e9quipe \u00e0 Lima se qualifieront automatiquement en \u00e9quipe et un duo pour les Jeux olympiques 2020 \u00e0 Tokyo.<\/span><\/p>\n<p><span style=\"font-weight:400;\">L&rsquo;entra\u00eeneur-chef du Canada G\u00e1bor Szauder est heureux de voir comment l&rsquo;\u00e9quipe a progress\u00e9 au cours de la premi\u00e8re moiti\u00e9 de la saison.<\/span><\/p>\n<p><span style=\"font-weight:400;\">\u00ab Les athl\u00e8tes ont fait preuve de beaucoup de d\u00e9vouement dans la poursuite de notre objectif de terminer en premi\u00e8re place aux Jeux panam\u00e9ricains et de m\u00e9riter cette place en qualification olympique \u00bb, affirme Szauder. \u00ab Elles ont domin\u00e9 le circuit international cette ann\u00e9e, terminant en t\u00eate de la s\u00e9rie mondiale de la FINA en \u00e9quipe. Elles n&rsquo;ont cess\u00e9 de s&rsquo;am\u00e9liorer depuis notre premi\u00e8re comp\u00e9tition en mars, et nous emmenons une \u00e9quipe confiante et bien pr\u00e9par\u00e9e au <\/span><span style=\"font-weight:400;\">P\u00e9rou. \u00bb<\/span><\/p>\n<p><span style=\"font-weight:400;\">\u00ab Nous sommes tr\u00e8s fiers des athl\u00e8tes qui participeront aux Jeux panam\u00e9ricains \u00e0 Lima, a d\u00e9clar\u00e9 Judi Enns Bradette, pr\u00e9sidente de Natation Artistique Canada. Nous avons constat\u00e9 leurs progr\u00e8s \u00e0 l&rsquo;\u00e9chelle internationale cette ann\u00e9e. Nous savons qu&rsquo;elles porteront les couleurs de l&rsquo;\u00e9quipe canadienne avec fiert\u00e9 et remporteront des m\u00e9dailles d&rsquo;or au P\u00e9rou. \u00bb<\/span><\/p>\n<p><span style=\"font-weight:400;\">Les athl\u00e8tes et les entra\u00eeneurs nomm\u00e9s au sein de l\u2019\u00e9quipe pour les Jeux de Lima 2019 sont :<\/span><\/p>\n<ol>\n<li><span style=\"font-weight:400;\"> \u00a0\u00a0\u00a0\u00a0<\/span> <span style=\"font-weight:400;\">Emily Armstrong (Toronto, Ontario)<\/span><\/li>\n<li><span style=\"font-weight:400;\"> \u00a0\u00a0\u00a0\u00a0<\/span> <span style=\"font-weight:400;\">Catherine Barrett (St. John\u2019s, Terre-Neuve et Labrador)<\/span><\/li>\n<li><span style=\"font-weight:400;\"> \u00a0\u00a0\u00a0\u00a0<\/span> <span style=\"font-weight:400;\">Andr\u00e9e-Anne C\u00f4t\u00e9 (St-Georges, Qu\u00e9bec)<\/span><\/li>\n<li><span style=\"font-weight:400;\"> \u00a0\u00a0\u00a0\u00a0<\/span> <span style=\"font-weight:400;\">Camille Fiola-Dion (Rimouski, Qu\u00e9bec)<\/span><\/li>\n<li><span style=\"font-weight:400;\"> \u00a0\u00a0\u00a0\u00a0<\/span> <span style=\"font-weight:400;\">Rebecca Harrower (Edmonton, Alberta)<\/span><\/li>\n<li><span style=\"font-weight:400;\"> \u00a0\u00a0\u00a0\u00a0<\/span> <span style=\"font-weight:400;\">Claudia Holzner (Calgary, Alberta)<\/span><\/li>\n<li><span style=\"font-weight:400;\"> \u00a0\u00a0\u00a0\u00a0<\/span> <span style=\"font-weight:400;\">Audrey Joly (St-Eustache, Qu\u00e9bec)<\/span><\/li>\n<li><span style=\"font-weight:400;\"> \u00a0\u00a0\u00a0\u00a0<\/span> <span style=\"font-weight:400;\">Halle Pratt (Calgary, Alberta)<\/span><\/li>\n<li><span style=\"font-weight:400;\"> \u00a0\u00a0\u00a0\u00a0<\/span> <span style=\"font-weight:400;\">Jacqueline Simoneau (Chambly, Qu\u00e9bec)<\/span><\/li>\n<li><span style=\"font-weight:400;\"> \u00a0\u00a0<\/span> <span style=\"font-weight:400;\">G\u00e1bor Szauder (Budapest, Hongrie) \u2013 Entra\u00eeneur-chef<\/span><\/li>\n<li><span style=\"font-weight:400;\"> \u00a0\u00a0<\/span> <span style=\"font-weight:400;\">Kasia Kulesza (Qu\u00e9bec, Qu\u00e9bec) \u2013 Entra\u00eeneure adjointe<\/span><\/li>\n<li><span style=\"font-weight:400;\"> \u00a0\u00a0<\/span> <span style=\"font-weight:400;\">Karine Dor\u00e9 (Montr\u00e9al, Qu\u00e9bec) \u2013 Entra\u00eeneure adjointe<\/span><\/li>\n<\/ol>\n<p><span style=\"font-weight:400;\">Avant qu&rsquo;un(e) athl\u00e8te soit officiellement nomm\u00e9(e) au sein d&rsquo;\u00c9quipe Canada, toutes les candidatures doivent \u00eatre approuv\u00e9es par le comit\u00e9 de s\u00e9lection du COC, et ce, une fois que toutes les f\u00e9d\u00e9rations sportives nationales ont soumis leurs nominations \u00e0 la fin juin 2019.<\/span><\/p>\n<p style=\"text-align:center;\"><span style=\"font-weight:400;\">-30-<\/span><\/p>\n<p><span style=\"font-weight:400;\">CONTACTS POUR LES M\u00c9DIAS :<\/span><\/p>\n<p><span style=\"font-weight:400;\">St\u00e9phane C\u00f4t\u00e9, directeur des communications et des \u00e9v\u00e9nements<br \/>\n<\/span><span style=\"font-weight:400;\">Natation Artistique Canada<br \/>\n<\/span><span style=\"font-weight:400;\">Cell. : 418-420-2125<br \/>\n<\/span><span style=\"font-weight:400;\">Courriel : stephane@artisticswimming.ca<\/span><\/p>\n<p><span style=\"font-weight:400;\">Josh Su, sp\u00e9cialiste des relations publiques<br \/>\n<\/span><span style=\"font-weight:400;\">Comit\u00e9 olympique canadien<br \/>\n<\/span><span style=\"font-weight:400;\">Cell. : 647-464-4060<br \/>\n<\/span><span style=\"font-weight:400;\">Courriel : jsu@olympic.ca <\/span><\/p>\n","protected":false},"excerpt":{"rendered":"<p>Neuf athl\u00e8tes avec objectif de se qualifier pour les Jeux olympiques de 2020 MONTR\u00c9AL (Qu\u00e9bec) le 4 juin 2019 &#8211;&#8230;<\/p>\n","protected":false},"featured_media":151777,"template":"","format":"standard","tags":[],"type-of-press":[496138],"press-topic":[415987821],"years":[415988137],"class_list":["post-151776","press","type-press","status-publish","format-standard","has-post-thumbnail","hentry","type-of-press-communiques","press-topic-lima-2019","years-415988137"],"acf":[],"yoast_head":"<!-- This site is optimized with the Yoast SEO plugin v27.3 - https:\/\/yoast.com\/product\/yoast-seo-wordpress\/ -->\n<title>D\u00e9voilement de l&#039;\u00e9quipe canadienne de natation artistique pour les Jeux panam\u00e9ricains de 2019 \u00e0 Lima - \u00c9quipe Canada | Site officiel de l&#039;\u00e9quipe olympique<\/title>\n<meta name=\"robots\" content=\"index, follow, max-snippet:-1, max-image-preview:large, max-video-preview:-1\" \/>\n<link rel=\"canonical\" href=\"https:\/\/preprod.olympic.ca\/olympique\/presse\/devoilement-de-lequipe-canadienne-de-natation-artistique-pour-les-jeux-panamericains-de-2019-a-lima\/\" \/>\n<meta property=\"og:locale\" content=\"fr_FR\" \/>\n<meta property=\"og:type\" content=\"article\" \/>\n<meta property=\"og:title\" content=\"D\u00e9voilement de l&#039;\u00e9quipe canadienne de natation artistique pour les Jeux panam\u00e9ricains de 2019 \u00e0 Lima - \u00c9quipe Canada | Site officiel de l&#039;\u00e9quipe olympique\" \/>\n<meta property=\"og:description\" content=\"Neuf athl\u00e8tes avec objectif de se qualifier pour les Jeux olympiques de 2020 MONTR\u00c9AL (Qu\u00e9bec) le 4 juin 2019 &#8211;...\" \/>\n<meta property=\"og:url\" content=\"https:\/\/preprod.olympic.ca\/olympique\/presse\/devoilement-de-lequipe-canadienne-de-natation-artistique-pour-les-jeux-panamericains-de-2019-a-lima\/\" \/>\n<meta property=\"og:site_name\" content=\"\u00c9quipe Canada | Site officiel de l&#039;\u00e9quipe olympique\" \/>\n<meta property=\"article:modified_time\" content=\"2019-06-04T19:14:26+00:00\" \/>\n<meta property=\"og:image\" content=\"https:\/\/preprod.olympic.ca\/olympique\/wp-content\/uploads\/sites\/2\/2019\/06\/feature_image-1.jpg?quality=100\" \/>\n\t<meta property=\"og:image:width\" content=\"1340\" \/>\n\t<meta property=\"og:image:height\" content=\"754\" \/>\n\t<meta property=\"og:image:type\" content=\"image\/jpeg\" \/>\n<meta name=\"twitter:card\" content=\"summary_large_image\" \/>\n<meta name=\"twitter:label1\" content=\"Est. reading time\" \/>\n\t<meta name=\"twitter:data1\" content=\"3 minutes\" \/>\n\t<meta name=\"twitter:label2\" content=\"Written by\" \/>\n\t<meta name=\"twitter:data2\" content=\"joshsu\" \/>\n<script type=\"application\/ld+json\" class=\"yoast-schema-graph\">{\"@context\":\"https:\\\/\\\/schema.org\",\"@graph\":[{\"@type\":\"WebPage\",\"@id\":\"https:\\\/\\\/preprod.olympic.ca\\\/olympique\\\/presse\\\/devoilement-de-lequipe-canadienne-de-natation-artistique-pour-les-jeux-panamericains-de-2019-a-lima\\\/\",\"url\":\"https:\\\/\\\/preprod.olympic.ca\\\/olympique\\\/presse\\\/devoilement-de-lequipe-canadienne-de-natation-artistique-pour-les-jeux-panamericains-de-2019-a-lima\\\/\",\"name\":\"D\u00e9voilement de l'\u00e9quipe canadienne de natation artistique pour les Jeux panam\u00e9ricains de 2019 \u00e0 Lima - \u00c9quipe Canada | Site officiel de l&#039;\u00e9quipe olympique\",\"isPartOf\":{\"@id\":\"https:\\\/\\\/preprod.olympic.ca\\\/olympique\\\/#website\"},\"primaryImageOfPage\":{\"@id\":\"https:\\\/\\\/preprod.olympic.ca\\\/olympique\\\/presse\\\/devoilement-de-lequipe-canadienne-de-natation-artistique-pour-les-jeux-panamericains-de-2019-a-lima\\\/#primaryimage\"},\"image\":{\"@id\":\"https:\\\/\\\/preprod.olympic.ca\\\/olympique\\\/presse\\\/devoilement-de-lequipe-canadienne-de-natation-artistique-pour-les-jeux-panamericains-de-2019-a-lima\\\/#primaryimage\"},\"thumbnailUrl\":\"https:\\\/\\\/preprod.olympic.ca\\\/olympique\\\/wp-content\\\/uploads\\\/sites\\\/2\\\/2019\\\/06\\\/feature_image-1.jpg?quality=100\",\"datePublished\":\"2019-06-04T18:56:01+00:00\",\"dateModified\":\"2019-06-04T19:14:26+00:00\",\"inLanguage\":\"fr-FR\",\"potentialAction\":[{\"@type\":\"ReadAction\",\"target\":[\"https:\\\/\\\/preprod.olympic.ca\\\/olympique\\\/presse\\\/devoilement-de-lequipe-canadienne-de-natation-artistique-pour-les-jeux-panamericains-de-2019-a-lima\\\/\"]}]},{\"@type\":\"ImageObject\",\"inLanguage\":\"fr-FR\",\"@id\":\"https:\\\/\\\/preprod.olympic.ca\\\/olympique\\\/presse\\\/devoilement-de-lequipe-canadienne-de-natation-artistique-pour-les-jeux-panamericains-de-2019-a-lima\\\/#primaryimage\",\"url\":\"https:\\\/\\\/preprod.olympic.ca\\\/olympique\\\/wp-content\\\/uploads\\\/sites\\\/2\\\/2019\\\/06\\\/feature_image-1.jpg?quality=100\",\"contentUrl\":\"https:\\\/\\\/preprod.olympic.ca\\\/olympique\\\/wp-content\\\/uploads\\\/sites\\\/2\\\/2019\\\/06\\\/feature_image-1.jpg?quality=100\",\"width\":1340,\"height\":754},{\"@type\":\"WebSite\",\"@id\":\"https:\\\/\\\/preprod.olympic.ca\\\/olympique\\\/#website\",\"url\":\"https:\\\/\\\/preprod.olympic.ca\\\/olympique\\\/\",\"name\":\"\u00c9quipe Canada | Site officiel de l&#039;\u00e9quipe olympique\",\"description\":\"Votre source pour l\u2019\u00c9quipe olympique canadienne. Retrouvez les r\u00e9cits, vid\u00e9os et photos des athl\u00e8tes canadiens, sports olympiques, Jeux olympiques de 2020 et bien plus!\",\"potentialAction\":[{\"@type\":\"SearchAction\",\"target\":{\"@type\":\"EntryPoint\",\"urlTemplate\":\"https:\\\/\\\/preprod.olympic.ca\\\/olympique\\\/?s={search_term_string}\"},\"query-input\":{\"@type\":\"PropertyValueSpecification\",\"valueRequired\":true,\"valueName\":\"search_term_string\"}}],\"inLanguage\":\"fr-FR\"}]}<\/script>\n<!-- \/ Yoast SEO plugin. -->","yoast_head_json":{"title":"D\u00e9voilement de l'\u00e9quipe canadienne de natation artistique pour les Jeux panam\u00e9ricains de 2019 \u00e0 Lima - \u00c9quipe Canada | Site officiel de l&#039;\u00e9quipe olympique","robots":{"index":"index","follow":"follow","max-snippet":"max-snippet:-1","max-image-preview":"max-image-preview:large","max-video-preview":"max-video-preview:-1"},"canonical":"https:\/\/preprod.olympic.ca\/olympique\/presse\/devoilement-de-lequipe-canadienne-de-natation-artistique-pour-les-jeux-panamericains-de-2019-a-lima\/","og_locale":"fr_FR","og_type":"article","og_title":"D\u00e9voilement de l'\u00e9quipe canadienne de natation artistique pour les Jeux panam\u00e9ricains de 2019 \u00e0 Lima - \u00c9quipe Canada | Site officiel de l&#039;\u00e9quipe olympique","og_description":"Neuf athl\u00e8tes avec objectif de se qualifier pour les Jeux olympiques de 2020 MONTR\u00c9AL (Qu\u00e9bec) le 4 juin 2019 &#8211;...","og_url":"https:\/\/preprod.olympic.ca\/olympique\/presse\/devoilement-de-lequipe-canadienne-de-natation-artistique-pour-les-jeux-panamericains-de-2019-a-lima\/","og_site_name":"\u00c9quipe Canada | Site officiel de l&#039;\u00e9quipe olympique","article_modified_time":"2019-06-04T19:14:26+00:00","og_image":[{"width":1340,"height":754,"url":"https:\/\/preprod.olympic.ca\/olympique\/wp-content\/uploads\/sites\/2\/2019\/06\/feature_image-1.jpg?quality=100","type":"image\/jpeg"}],"twitter_card":"summary_large_image","twitter_misc":{"Est. reading time":"3 minutes","Written by":"joshsu"},"schema":{"@context":"https:\/\/schema.org","@graph":[{"@type":"WebPage","@id":"https:\/\/preprod.olympic.ca\/olympique\/presse\/devoilement-de-lequipe-canadienne-de-natation-artistique-pour-les-jeux-panamericains-de-2019-a-lima\/","url":"https:\/\/preprod.olympic.ca\/olympique\/presse\/devoilement-de-lequipe-canadienne-de-natation-artistique-pour-les-jeux-panamericains-de-2019-a-lima\/","name":"D\u00e9voilement de l'\u00e9quipe canadienne de natation artistique pour les Jeux panam\u00e9ricains de 2019 \u00e0 Lima - \u00c9quipe Canada | Site officiel de l&#039;\u00e9quipe olympique","isPartOf":{"@id":"https:\/\/preprod.olympic.ca\/olympique\/#website"},"primaryImageOfPage":{"@id":"https:\/\/preprod.olympic.ca\/olympique\/presse\/devoilement-de-lequipe-canadienne-de-natation-artistique-pour-les-jeux-panamericains-de-2019-a-lima\/#primaryimage"},"image":{"@id":"https:\/\/preprod.olympic.ca\/olympique\/presse\/devoilement-de-lequipe-canadienne-de-natation-artistique-pour-les-jeux-panamericains-de-2019-a-lima\/#primaryimage"},"thumbnailUrl":"https:\/\/preprod.olympic.ca\/olympique\/wp-content\/uploads\/sites\/2\/2019\/06\/feature_image-1.jpg?quality=100","datePublished":"2019-06-04T18:56:01+00:00","dateModified":"2019-06-04T19:14:26+00:00","inLanguage":"fr-FR","potentialAction":[{"@type":"ReadAction","target":["https:\/\/preprod.olympic.ca\/olympique\/presse\/devoilement-de-lequipe-canadienne-de-natation-artistique-pour-les-jeux-panamericains-de-2019-a-lima\/"]}]},{"@type":"ImageObject","inLanguage":"fr-FR","@id":"https:\/\/preprod.olympic.ca\/olympique\/presse\/devoilement-de-lequipe-canadienne-de-natation-artistique-pour-les-jeux-panamericains-de-2019-a-lima\/#primaryimage","url":"https:\/\/preprod.olympic.ca\/olympique\/wp-content\/uploads\/sites\/2\/2019\/06\/feature_image-1.jpg?quality=100","contentUrl":"https:\/\/preprod.olympic.ca\/olympique\/wp-content\/uploads\/sites\/2\/2019\/06\/feature_image-1.jpg?quality=100","width":1340,"height":754},{"@type":"WebSite","@id":"https:\/\/preprod.olympic.ca\/olympique\/#website","url":"https:\/\/preprod.olympic.ca\/olympique\/","name":"\u00c9quipe Canada | Site officiel de l&#039;\u00e9quipe olympique","description":"Votre source pour l\u2019\u00c9quipe olympique canadienne. Retrouvez les r\u00e9cits, vid\u00e9os et photos des athl\u00e8tes canadiens, sports olympiques, Jeux olympiques de 2020 et bien plus!","potentialAction":[{"@type":"SearchAction","target":{"@type":"EntryPoint","urlTemplate":"https:\/\/preprod.olympic.ca\/olympique\/?s={search_term_string}"},"query-input":{"@type":"PropertyValueSpecification","valueRequired":true,"valueName":"search_term_string"}}],"inLanguage":"fr-FR"}]}},"jetpack_sharing_enabled":true,"_links":{"self":[{"href":"https:\/\/preprod.olympic.ca\/olympique\/wp-json\/wp\/v2\/press\/151776","targetHints":{"allow":["GET"]}}],"collection":[{"href":"https:\/\/preprod.olympic.ca\/olympique\/wp-json\/wp\/v2\/press"}],"about":[{"href":"https:\/\/preprod.olympic.ca\/olympique\/wp-json\/wp\/v2\/types\/press"}],"version-history":[{"count":0,"href":"https:\/\/preprod.olympic.ca\/olympique\/wp-json\/wp\/v2\/press\/151776\/revisions"}],"wp:featuredmedia":[{"embeddable":true,"href":"https:\/\/preprod.olympic.ca\/olympique\/wp-json\/wp\/v2\/media\/151777"}],"wp:attachment":[{"href":"https:\/\/preprod.olympic.ca\/olympique\/wp-json\/wp\/v2\/media?parent=151776"}],"wp:term":[{"taxonomy":"post_tag","embeddable":true,"href":"https:\/\/preprod.olympic.ca\/olympique\/wp-json\/wp\/v2\/tags?post=151776"},{"taxonomy":"type-of-press","embeddable":true,"href":"https:\/\/preprod.olympic.ca\/olympique\/wp-json\/wp\/v2\/type-of-press?post=151776"},{"taxonomy":"press-topic","embeddable":true,"href":"https:\/\/preprod.olympic.ca\/olympique\/wp-json\/wp\/v2\/press-topic?post=151776"},{"taxonomy":"years","embeddable":true,"href":"https:\/\/preprod.olympic.ca\/olympique\/wp-json\/wp\/v2\/years?post=151776"}],"curies":[{"name":"wp","href":"https:\/\/api.w.org\/{rel}","templated":true}]}}