{"id":151874,"date":"2019-06-07T11:23:17","date_gmt":"2019-06-07T15:23:17","guid":{"rendered":"http:\/\/olympique.ca\/?post_type=press&#038;p=151874"},"modified":"2019-06-12T10:05:14","modified_gmt":"2019-06-12T14:05:14","slug":"devoilement-de-lequipe-canadienne-de-surf-pour-les-jeux-panamericains-de-2019-a-lima","status":"publish","type":"press","link":"https:\/\/preprod.olympic.ca\/olympique\/presse\/devoilement-de-lequipe-canadienne-de-surf-pour-les-jeux-panamericains-de-2019-a-lima\/","title":{"rendered":"D\u00e9voilement de l&rsquo;\u00e9quipe canadienne de surf pour les Jeux panam\u00e9ricains de 2019 \u00e0 Lima"},"content":{"rendered":"<p><span style=\"font-weight:300;\">VICTORIA (le 7 juin 2019) \u2013 Surf Canada et le Comit\u00e9 olympique canadien ont d\u00e9voil\u00e9 la composition de la premi\u00e8re \u00e9quipe canadienne de surf en nomination pour une participation aux Jeux panam\u00e9ricains de 2019 \u00e0 Lima, au P\u00e9rou.<\/span><\/p>\n<p><span style=\"font-weight:300;\">Les sept surfeurs ont d\u00e9croch\u00e9 leur qualification au sein d\u2019\u00c9quipe Canada gr\u00e2ce \u00e0 leurs r\u00e9sultats<\/span><\/p>\n<p><span style=\"font-weight:300;\">obtenus aux Jeux mondiaux de surf de l\u2019ISA 2018 ou aux Jeux panam\u00e9ricains de surf de la PASA 2018, tel que d\u00e9termin\u00e9 par le protocole de qualification des Jeux panam\u00e9ricains 2019.<\/span><\/p>\n<p><span style=\"font-weight:300;\">Le surf canadien conna\u00eet actuellement des sommets in\u00e9gal\u00e9s gr\u00e2ce \u00e0 de solides performances dans le cadre de r\u00e9centes comp\u00e9titions internationales, notamment les Jeux panam\u00e9ricains de surf au mois de d\u00e9cembre. L\u2019\u00e9quipe a pris le sixi\u00e8me rang, tout juste derri\u00e8re la puissante \u00e9quipe des \u00c9tats-Unis, sur le m\u00eame site o\u00f9 la comp\u00e9tition de Lima 2019 sera disput\u00e9e.<\/span><\/p>\n<p><span style=\"font-weight:300;\">\u00ab En d\u00e9veloppant une culture d\u2019excellence, le surf canadien a fait un bon bout de chemin au cours des 30 derni\u00e8res ann\u00e9es \u00bb, affirme Dom Domic, directeur g\u00e9n\u00e9ral de Surf Canada. \u00ab En b\u00e2tissant sur les r\u00e9cents succ\u00e8s, nous sommes extr\u00eamement enthousiastes de mettre \u00e0 nouveau en vitrine les meilleurs surfeurs canadiens sur une sc\u00e8ne internationale. \u00bb<\/span><\/p>\n<p><span style=\"font-weight:300;\">Le rythme de Surf Canada a pris naissance aux Jeux panam\u00e9ricains de surf 2017, qui se sont aussi d\u00e9roul\u00e9s au l\u00e9gendaire site de Punta Rocas, o\u00f9 Mathea Olin a remport\u00e9 les premi\u00e8res m\u00e9dailles de l\u2019histoire canadienne de surf sur la sc\u00e8ne internationale, soit l\u2019or \u00e0 l\u2019\u00e9preuve de planche longue et le bronze \u00e0 la planche courte chez les femmes. \u00c9quipe Canada compte profiter de cette vague jusqu\u2019au podium \u00e0 Lima en 2019, Tokyo en 2020 et au-del\u00e0.<\/span><\/p>\n<p><span style=\"font-weight:300;\">\u00ab \u00c9tant n\u00e9e au Canada et ayant appris le surf au pays, je suis fi\u00e8re d\u2019\u00eatre nomm\u00e9e au sein de cette \u00e9quipe \u00bb, a d\u00e9clar\u00e9 Olin, une surfeuse de 16 ans de Tofino en Colombie-Britannique. \u00ab \u00c7a serait immense de pouvoir repr\u00e9senter mes racines canadiennes aux Jeux olympiques et montrer au monde entier ce que signifie vraiment d\u2019\u00eatre un surfeur canadien. \u00bb<\/span><\/p>\n<p><span style=\"font-weight:300;\">Les \u00e9preuves de surf \u00e0 Lima 2019 auront une incidence directe sur les qualifications aux Jeux olympiques de Tokyo en 2020, puisque les gagnants des comp\u00e9titions masculines et f\u00e9minines de planche courte obtiendront leur billet pour la capitale japonaise. Rappelons que le surf en sera \u00e0 une premi\u00e8re pr\u00e9sence olympique l\u2019an prochain.<\/span><\/p>\n<p><span style=\"font-weight:300;\">Aux Jeux panam\u00e9ricains de 2019, les \u00e9preuves de surf seront pr\u00e9sent\u00e9es du 29 juillet au 4 ao\u00fbt.<\/span><\/p>\n<p><span style=\"font-weight:300;\">Les Jeux panam\u00e9ricains de Lima 2019, qui se d\u00e9rouleront du 26 juillet au 11 ao\u00fbt, r\u00e9uniront environ 6 700 athl\u00e8tes de 41 nations des Am\u00e9riques et comprendra 62 disciplines dans 39 sports. Ce sera le plus grand \u00e9v\u00e9nement sportif jamais organis\u00e9 au P\u00e9rou.<\/span><\/p>\n<p><span style=\"font-weight:300;\">Les athl\u00e8tes et les entra\u00eeneurs nomm\u00e9s au sein de l\u2019\u00e9quipe de surf pour les Jeux de Lima 2019 sont :<\/span><\/p>\n<ol>\n<li style=\"list-style-type:none;\">\n<ol>\n<li><span style=\"font-weight:300;\"> \u00a0\u00a0\u00a0\u00a0<\/span> <span style=\"font-weight:300;\">Lina Augaitis (Ottawa, Ontario) \u2013 SUP Race<\/span><\/li>\n<li><span style=\"font-weight:300;\"> \u00a0\u00a0\u00a0\u00a0<\/span> <span style=\"font-weight:300;\">Mike Darbyshire (North Vancouver, Colombie-Britannique) \u2013 SUP Race<\/span><\/li>\n<li><span style=\"font-weight:300;\"> \u00a0\u00a0\u00a0\u00a0<\/span> <span style=\"font-weight:300;\">Mathea Olin (Tofino, Colombie-Britannique) \u2013 Planche longue<\/span><\/li>\n<li><span style=\"font-weight:300;\"> \u00a0\u00a0\u00a0\u00a0<\/span> <span style=\"font-weight:300;\">Finn Spencer (Whistler, Colombie-Britannique) \u2013 SUP Surf<\/span><\/li>\n<li><span style=\"font-weight:300;\"> \u00a0\u00a0\u00a0\u00a0<\/span> <span style=\"font-weight:300;\">Catherine Temple (Tofino, Colombie-Britannique) \u2013 SUP Surf<\/span><\/li>\n<li><span style=\"font-weight:300;\"> \u00a0\u00a0\u00a0\u00a0<\/span> <span style=\"font-weight:300;\">Cody Young (Makawao, Hawa\u00ef) \u2013 Planche courte<\/span><\/li>\n<\/ol>\n<\/li>\n<\/ol>\n<ol>\n<li style=\"list-style-type:none;\">\n<ol>\n<li><span style=\"font-weight:300;\"> \u00a0\u00a0\u00a0\u00a0<\/span> <span style=\"font-weight:300;\">Bethany Zelasko (Vancouver, Colombie-Britannique) \u2013 Planche courte<\/span><\/li>\n<\/ol>\n<\/li>\n<\/ol>\n<p><span style=\"font-weight:300;\">Avant qu&rsquo;un(e) athl\u00e8te soit officiellement nomm\u00e9(e) au sein d&rsquo;\u00c9quipe Canada, toutes les candidatures doivent \u00eatre approuv\u00e9es par le comit\u00e9 de s\u00e9lection du COC, et ce, une fois que toutes les f\u00e9d\u00e9rations sportives nationales ont soumis leurs nominations \u00e0 la fin juin 2019.<\/span><\/p>\n<p style=\"text-align:center;\"><span style=\"font-weight:300;\">-30-<\/span><\/p>\n<p><span style=\"font-weight:300;\">CONTACTS POUR LES M\u00c9DIAS :<\/span><\/p>\n<p><span style=\"font-weight:300;\">Dom Domic, directeur g\u00e9n\u00e9ral<br \/>\n<\/span><span style=\"font-weight:300;\">Surf Canada<br \/>\n<\/span><span style=\"font-weight:300;\">Cell. : 604-721-4045<br \/>\n<\/span><span style=\"font-weight:300;\">Courriel : dom.domic@csasurfcanada.org<\/span><\/p>\n<p><span style=\"font-weight:300;\">Josh Su, sp\u00e9cialiste des relations publiques<br \/>\n<\/span><span style=\"font-weight:300;\">Comit\u00e9 olympique canadien<br \/>\n<\/span><span style=\"font-weight:300;\">Cell. : <\/span><span style=\"font-weight:300;\">647-464-4060<br \/>\nCourriel : jsu@olympic.ca<\/span><\/p>\n","protected":false},"excerpt":{"rendered":"<p>VICTORIA (le 7 juin 2019) \u2013 Surf Canada et le Comit\u00e9 olympique canadien ont d\u00e9voil\u00e9 la composition de la premi\u00e8re&#8230;<\/p>\n","protected":false},"featured_media":151875,"template":"","format":"standard","tags":[],"type-of-press":[],"press-topic":[415987821],"years":[415988137],"class_list":["post-151874","press","type-press","status-publish","format-standard","has-post-thumbnail","hentry","press-topic-lima-2019","years-415988137"],"acf":[],"yoast_head":"<!-- This site is optimized with the Yoast SEO plugin v27.3 - https:\/\/yoast.com\/product\/yoast-seo-wordpress\/ -->\n<title>D\u00e9voilement de l&#039;\u00e9quipe canadienne de surf pour les Jeux panam\u00e9ricains de 2019 \u00e0 Lima - \u00c9quipe Canada | Site officiel de l&#039;\u00e9quipe olympique<\/title>\n<meta name=\"robots\" content=\"index, follow, max-snippet:-1, max-image-preview:large, max-video-preview:-1\" \/>\n<link rel=\"canonical\" href=\"https:\/\/preprod.olympic.ca\/olympique\/presse\/devoilement-de-lequipe-canadienne-de-surf-pour-les-jeux-panamericains-de-2019-a-lima\/\" \/>\n<meta property=\"og:locale\" content=\"fr_FR\" \/>\n<meta property=\"og:type\" content=\"article\" \/>\n<meta property=\"og:title\" content=\"D\u00e9voilement de l&#039;\u00e9quipe canadienne de surf pour les Jeux panam\u00e9ricains de 2019 \u00e0 Lima - \u00c9quipe Canada | Site officiel de l&#039;\u00e9quipe olympique\" \/>\n<meta property=\"og:description\" content=\"VICTORIA (le 7 juin 2019) \u2013 Surf Canada et le Comit\u00e9 olympique canadien ont d\u00e9voil\u00e9 la composition de la premi\u00e8re...\" \/>\n<meta property=\"og:url\" content=\"https:\/\/preprod.olympic.ca\/olympique\/presse\/devoilement-de-lequipe-canadienne-de-surf-pour-les-jeux-panamericains-de-2019-a-lima\/\" \/>\n<meta property=\"og:site_name\" content=\"\u00c9quipe Canada | Site officiel de l&#039;\u00e9quipe olympique\" \/>\n<meta property=\"article:modified_time\" content=\"2019-06-12T14:05:14+00:00\" \/>\n<meta property=\"og:image\" content=\"https:\/\/preprod.olympic.ca\/olympique\/wp-content\/uploads\/sites\/2\/2019\/06\/untitled-design-2.png\" \/>\n\t<meta property=\"og:image:width\" content=\"1340\" \/>\n\t<meta property=\"og:image:height\" content=\"754\" \/>\n\t<meta property=\"og:image:type\" content=\"image\/png\" \/>\n<meta name=\"twitter:card\" content=\"summary_large_image\" \/>\n<meta name=\"twitter:label1\" content=\"Est. reading time\" \/>\n\t<meta name=\"twitter:data1\" content=\"3 minutes\" \/>\n\t<meta name=\"twitter:label2\" content=\"Written by\" \/>\n\t<meta name=\"twitter:data2\" content=\"sjsokol\" \/>\n<script type=\"application\/ld+json\" class=\"yoast-schema-graph\">{\"@context\":\"https:\\\/\\\/schema.org\",\"@graph\":[{\"@type\":\"WebPage\",\"@id\":\"https:\\\/\\\/preprod.olympic.ca\\\/olympique\\\/presse\\\/devoilement-de-lequipe-canadienne-de-surf-pour-les-jeux-panamericains-de-2019-a-lima\\\/\",\"url\":\"https:\\\/\\\/preprod.olympic.ca\\\/olympique\\\/presse\\\/devoilement-de-lequipe-canadienne-de-surf-pour-les-jeux-panamericains-de-2019-a-lima\\\/\",\"name\":\"D\u00e9voilement de l'\u00e9quipe canadienne de surf pour les Jeux panam\u00e9ricains de 2019 \u00e0 Lima - \u00c9quipe Canada | Site officiel de l&#039;\u00e9quipe olympique\",\"isPartOf\":{\"@id\":\"https:\\\/\\\/preprod.olympic.ca\\\/olympique\\\/#website\"},\"primaryImageOfPage\":{\"@id\":\"https:\\\/\\\/preprod.olympic.ca\\\/olympique\\\/presse\\\/devoilement-de-lequipe-canadienne-de-surf-pour-les-jeux-panamericains-de-2019-a-lima\\\/#primaryimage\"},\"image\":{\"@id\":\"https:\\\/\\\/preprod.olympic.ca\\\/olympique\\\/presse\\\/devoilement-de-lequipe-canadienne-de-surf-pour-les-jeux-panamericains-de-2019-a-lima\\\/#primaryimage\"},\"thumbnailUrl\":\"https:\\\/\\\/preprod.olympic.ca\\\/olympique\\\/wp-content\\\/uploads\\\/sites\\\/2\\\/2019\\\/06\\\/untitled-design-2.png\",\"datePublished\":\"2019-06-07T15:23:17+00:00\",\"dateModified\":\"2019-06-12T14:05:14+00:00\",\"inLanguage\":\"fr-FR\",\"potentialAction\":[{\"@type\":\"ReadAction\",\"target\":[\"https:\\\/\\\/preprod.olympic.ca\\\/olympique\\\/presse\\\/devoilement-de-lequipe-canadienne-de-surf-pour-les-jeux-panamericains-de-2019-a-lima\\\/\"]}]},{\"@type\":\"ImageObject\",\"inLanguage\":\"fr-FR\",\"@id\":\"https:\\\/\\\/preprod.olympic.ca\\\/olympique\\\/presse\\\/devoilement-de-lequipe-canadienne-de-surf-pour-les-jeux-panamericains-de-2019-a-lima\\\/#primaryimage\",\"url\":\"https:\\\/\\\/preprod.olympic.ca\\\/olympique\\\/wp-content\\\/uploads\\\/sites\\\/2\\\/2019\\\/06\\\/untitled-design-2.png\",\"contentUrl\":\"https:\\\/\\\/preprod.olympic.ca\\\/olympique\\\/wp-content\\\/uploads\\\/sites\\\/2\\\/2019\\\/06\\\/untitled-design-2.png\",\"width\":1340,\"height\":754},{\"@type\":\"WebSite\",\"@id\":\"https:\\\/\\\/preprod.olympic.ca\\\/olympique\\\/#website\",\"url\":\"https:\\\/\\\/preprod.olympic.ca\\\/olympique\\\/\",\"name\":\"\u00c9quipe Canada | Site officiel de l&#039;\u00e9quipe olympique\",\"description\":\"Votre source pour l\u2019\u00c9quipe olympique canadienne. Retrouvez les r\u00e9cits, vid\u00e9os et photos des athl\u00e8tes canadiens, sports olympiques, Jeux olympiques de 2020 et bien plus!\",\"potentialAction\":[{\"@type\":\"SearchAction\",\"target\":{\"@type\":\"EntryPoint\",\"urlTemplate\":\"https:\\\/\\\/preprod.olympic.ca\\\/olympique\\\/?s={search_term_string}\"},\"query-input\":{\"@type\":\"PropertyValueSpecification\",\"valueRequired\":true,\"valueName\":\"search_term_string\"}}],\"inLanguage\":\"fr-FR\"}]}<\/script>\n<!-- \/ Yoast SEO plugin. -->","yoast_head_json":{"title":"D\u00e9voilement de l'\u00e9quipe canadienne de surf pour les Jeux panam\u00e9ricains de 2019 \u00e0 Lima - \u00c9quipe Canada | Site officiel de l&#039;\u00e9quipe olympique","robots":{"index":"index","follow":"follow","max-snippet":"max-snippet:-1","max-image-preview":"max-image-preview:large","max-video-preview":"max-video-preview:-1"},"canonical":"https:\/\/preprod.olympic.ca\/olympique\/presse\/devoilement-de-lequipe-canadienne-de-surf-pour-les-jeux-panamericains-de-2019-a-lima\/","og_locale":"fr_FR","og_type":"article","og_title":"D\u00e9voilement de l'\u00e9quipe canadienne de surf pour les Jeux panam\u00e9ricains de 2019 \u00e0 Lima - \u00c9quipe Canada | Site officiel de l&#039;\u00e9quipe olympique","og_description":"VICTORIA (le 7 juin 2019) \u2013 Surf Canada et le Comit\u00e9 olympique canadien ont d\u00e9voil\u00e9 la composition de la premi\u00e8re...","og_url":"https:\/\/preprod.olympic.ca\/olympique\/presse\/devoilement-de-lequipe-canadienne-de-surf-pour-les-jeux-panamericains-de-2019-a-lima\/","og_site_name":"\u00c9quipe Canada | Site officiel de l&#039;\u00e9quipe olympique","article_modified_time":"2019-06-12T14:05:14+00:00","og_image":[{"width":1340,"height":754,"url":"https:\/\/preprod.olympic.ca\/olympique\/wp-content\/uploads\/sites\/2\/2019\/06\/untitled-design-2.png","type":"image\/png"}],"twitter_card":"summary_large_image","twitter_misc":{"Est. reading time":"3 minutes","Written by":"sjsokol"},"schema":{"@context":"https:\/\/schema.org","@graph":[{"@type":"WebPage","@id":"https:\/\/preprod.olympic.ca\/olympique\/presse\/devoilement-de-lequipe-canadienne-de-surf-pour-les-jeux-panamericains-de-2019-a-lima\/","url":"https:\/\/preprod.olympic.ca\/olympique\/presse\/devoilement-de-lequipe-canadienne-de-surf-pour-les-jeux-panamericains-de-2019-a-lima\/","name":"D\u00e9voilement de l'\u00e9quipe canadienne de surf pour les Jeux panam\u00e9ricains de 2019 \u00e0 Lima - \u00c9quipe Canada | Site officiel de l&#039;\u00e9quipe olympique","isPartOf":{"@id":"https:\/\/preprod.olympic.ca\/olympique\/#website"},"primaryImageOfPage":{"@id":"https:\/\/preprod.olympic.ca\/olympique\/presse\/devoilement-de-lequipe-canadienne-de-surf-pour-les-jeux-panamericains-de-2019-a-lima\/#primaryimage"},"image":{"@id":"https:\/\/preprod.olympic.ca\/olympique\/presse\/devoilement-de-lequipe-canadienne-de-surf-pour-les-jeux-panamericains-de-2019-a-lima\/#primaryimage"},"thumbnailUrl":"https:\/\/preprod.olympic.ca\/olympique\/wp-content\/uploads\/sites\/2\/2019\/06\/untitled-design-2.png","datePublished":"2019-06-07T15:23:17+00:00","dateModified":"2019-06-12T14:05:14+00:00","inLanguage":"fr-FR","potentialAction":[{"@type":"ReadAction","target":["https:\/\/preprod.olympic.ca\/olympique\/presse\/devoilement-de-lequipe-canadienne-de-surf-pour-les-jeux-panamericains-de-2019-a-lima\/"]}]},{"@type":"ImageObject","inLanguage":"fr-FR","@id":"https:\/\/preprod.olympic.ca\/olympique\/presse\/devoilement-de-lequipe-canadienne-de-surf-pour-les-jeux-panamericains-de-2019-a-lima\/#primaryimage","url":"https:\/\/preprod.olympic.ca\/olympique\/wp-content\/uploads\/sites\/2\/2019\/06\/untitled-design-2.png","contentUrl":"https:\/\/preprod.olympic.ca\/olympique\/wp-content\/uploads\/sites\/2\/2019\/06\/untitled-design-2.png","width":1340,"height":754},{"@type":"WebSite","@id":"https:\/\/preprod.olympic.ca\/olympique\/#website","url":"https:\/\/preprod.olympic.ca\/olympique\/","name":"\u00c9quipe Canada | Site officiel de l&#039;\u00e9quipe olympique","description":"Votre source pour l\u2019\u00c9quipe olympique canadienne. Retrouvez les r\u00e9cits, vid\u00e9os et photos des athl\u00e8tes canadiens, sports olympiques, Jeux olympiques de 2020 et bien plus!","potentialAction":[{"@type":"SearchAction","target":{"@type":"EntryPoint","urlTemplate":"https:\/\/preprod.olympic.ca\/olympique\/?s={search_term_string}"},"query-input":{"@type":"PropertyValueSpecification","valueRequired":true,"valueName":"search_term_string"}}],"inLanguage":"fr-FR"}]}},"jetpack_sharing_enabled":true,"_links":{"self":[{"href":"https:\/\/preprod.olympic.ca\/olympique\/wp-json\/wp\/v2\/press\/151874","targetHints":{"allow":["GET"]}}],"collection":[{"href":"https:\/\/preprod.olympic.ca\/olympique\/wp-json\/wp\/v2\/press"}],"about":[{"href":"https:\/\/preprod.olympic.ca\/olympique\/wp-json\/wp\/v2\/types\/press"}],"version-history":[{"count":0,"href":"https:\/\/preprod.olympic.ca\/olympique\/wp-json\/wp\/v2\/press\/151874\/revisions"}],"wp:featuredmedia":[{"embeddable":true,"href":"https:\/\/preprod.olympic.ca\/olympique\/wp-json\/wp\/v2\/media\/151875"}],"wp:attachment":[{"href":"https:\/\/preprod.olympic.ca\/olympique\/wp-json\/wp\/v2\/media?parent=151874"}],"wp:term":[{"taxonomy":"post_tag","embeddable":true,"href":"https:\/\/preprod.olympic.ca\/olympique\/wp-json\/wp\/v2\/tags?post=151874"},{"taxonomy":"type-of-press","embeddable":true,"href":"https:\/\/preprod.olympic.ca\/olympique\/wp-json\/wp\/v2\/type-of-press?post=151874"},{"taxonomy":"press-topic","embeddable":true,"href":"https:\/\/preprod.olympic.ca\/olympique\/wp-json\/wp\/v2\/press-topic?post=151874"},{"taxonomy":"years","embeddable":true,"href":"https:\/\/preprod.olympic.ca\/olympique\/wp-json\/wp\/v2\/years?post=151874"}],"curies":[{"name":"wp","href":"https:\/\/api.w.org\/{rel}","templated":true}]}}