{"id":151969,"date":"2019-06-12T09:45:43","date_gmt":"2019-06-12T13:45:43","guid":{"rendered":"http:\/\/olympique.ca\/?post_type=press&#038;p=151969"},"modified":"2019-06-12T09:45:46","modified_gmt":"2019-06-12T13:45:46","slug":"devoilement-de-lequipe-canadienne-de-plongeon-pour-lima-2019","status":"publish","type":"press","link":"https:\/\/preprod.olympic.ca\/olympique\/presse\/devoilement-de-lequipe-canadienne-de-plongeon-pour-lima-2019\/","title":{"rendered":"D\u00e9voilement de l&rsquo;\u00e9quipe canadienne de plongeon pour Lima 2019"},"content":{"rendered":"<p><span style=\"font-weight:400;\">MONTR\u00c9AL (12 juin 2019) \u2013 Plongeon Canada et le Comit\u00e9 olympique canadien ont annonc\u00e9 la nomination de l&rsquo;\u00e9quipe de plongeon du Canada qui participera aux Jeux panam\u00e9ricains de Lima 2019. Les \u00e9preuves de plongeons se d\u00e9rouleront du 1er au 4 ao\u00fbt 2019 (Jour 11 \u00e0 15) au Centre aquatique <\/span><span style=\"font-weight:400;\">Villa Mar\u00eda del Triunfo (VMT)<\/span><span style=\"font-weight:400;\">.<\/span><\/p>\n<p><span style=\"font-weight:400;\">Les huit plongeurs ont fait leur place au sein d\u2019\u00c9quipe Canada sur la base de leurs performances aux Championnats nationaux seniors d\u2019hiver 2018 (14 au 16 d\u00e9cembre \u00e0 Victoria en Colombie-Britannique), au Grand Prix de plongeon de la FINA 2019 \u2013 Coupe Canada (4 au 7 avril \u00e0 Calgary en Alberta) et aux Championnats nationaux seniors d\u2019\u00e9t\u00e9 2019 (24 au 26 mai \u00e0 Windsor en Ontario).<\/span><\/p>\n<p><span style=\"font-weight:400;\">\u00ab La m\u00e9daille d\u2019or remport\u00e9e \u00e0 Toronto en 2015 est un des moments les plus m\u00e9morables de toute ma carri\u00e8re \u00bb, affirme Meaghan Benfeito, 30 ans. \u00ab Je vise une fois de plus le sommet du podium \u00e0 Lima et je suis impatiente de repr\u00e9senter \u00c9quipe Canada aux Jeux panam\u00e9ricains pour la troisi\u00e8me fois. \u00bb<\/span><\/p>\n<p><span style=\"font-weight:400;\">Jennifer Abel, 27 ans, une autre championne des Jeux de Toronto en 2015, ainsi que les m\u00e9daill\u00e9es de la Coupe du Monde de 2018 Pamela Ware, 26 ans, et Caeli McKay, 19 ans, compl\u00e8tent l\u2019\u00e9quipe f\u00e9minine.<\/span><\/p>\n<p><span style=\"font-weight:400;\">Chez les hommes, le groupe est aussi impressionnant avec notamment Philippe Gagn\u00e9, gagnant de plusieurs m\u00e9dailles aux Jeux panam\u00e9ricains. \u00ab J\u2019ai v\u00e9cu une exp\u00e9rience incroyable en 2015 \u00e0 Toronto, d\u00e9crochant une m\u00e9daille dans chaque \u00e9preuve \u00e0 laquelle j\u2019ai particip\u00e9 et j\u2019ai l\u2019intention de r\u00e9p\u00e9ter cette performance cette ann\u00e9e. Repr\u00e9senter le Canada dans une comp\u00e9tition multisports est une occasion superbe de mise au point et de b\u00e2tir notre confiance un an avant les Jeux \u2028olympiques \u00bb, indique l\u2019athl\u00e8te de 21 ans.<\/span><\/p>\n<p><span style=\"font-weight:400;\">\u00c0 Lima, Gagn\u00e9 sera accompagn\u00e9 par les Olympiens Fran\u00e7ois Imbeau-Dulac, 28 ans, et Vincent Riendeau, 22 ans, ainsi que par l\u2019\u00e9toile montante Nathan Zsombor-Murray, 16 ans.<\/span><\/p>\n<p><span style=\"font-weight:400;\">Les gagnants de chaque \u00e9preuve individuelle \u00e0 Lima d\u00e9crocheront une place pour leur pays aux Jeux de Tokyo en 2020. Les places de quota olympique seront aussi en jeu aux Championnats du monde de la FINA 2019, du 12 au 20 juillet \u00e0 Gwangju en Cor\u00e9e du Sud, o\u00f9 l\u2019\u00e9quipe canadienne de plongeon sera en action avant de mettre le cap sur le P\u00e9rou.<\/span><\/p>\n<p><span style=\"font-weight:400;\">Les Jeux panam\u00e9ricains de Lima 2019, qui se d\u00e9rouleront du 26 juillet au 11 ao\u00fbt, r\u00e9uniront environ 6 700 athl\u00e8tes de 41 nations des Am\u00e9riques et comprendra 62 disciplines dans 39 sports. Ce sera le plus grand \u00e9v\u00e9nement sportif jamais organis\u00e9 au P\u00e9rou.<\/span><\/p>\n<p><span style=\"font-weight:400;\">Les athl\u00e8tes et les entra\u00eeneurs nomm\u00e9s sont :<\/span><\/p>\n<p><span style=\"font-family:-apple-system, BlinkMacSystemFont, 'Segoe UI', Roboto, Oxygen-Sans, Ubuntu, Cantarell, 'Helvetica Neue', sans-serif;\">1. Jennifer Abel (Laval, Qu\u00e9bec) \u2013 3 m et 3 m synchro f\u00e9minin<\/span><\/p>\n<p><span style=\"font-family:-apple-system, BlinkMacSystemFont, 'Segoe UI', Roboto, Oxygen-Sans, Ubuntu, Cantarell, 'Helvetica Neue', sans-serif;\">\u2028\u2028Abel est une triple m\u00e9daill\u00e9e des Jeux panam\u00e9ricains et m\u00e9daill\u00e9e de bronze olympique de Londres en 2012. Lima marque la troisi\u00e8me participation de Jennifer aux Jeux panam\u00e9ricains.<\/span><\/p>\n<p><span style=\"font-family:-apple-system, BlinkMacSystemFont, 'Segoe UI', Roboto, Oxygen-Sans, Ubuntu, Cantarell, 'Helvetica Neue', sans-serif;\">2. Meaghan Benfeito (Laval, Qu\u00e9bec) \u2013 10 m et 10 m synchro f\u00e9minin\u2028\u2028<\/span><\/p>\n<p><span style=\"font-family:-apple-system, BlinkMacSystemFont, 'Segoe UI', Roboto, Oxygen-Sans, Ubuntu, Cantarell, 'Helvetica Neue', sans-serif;\">Triple m\u00e9daill\u00e9e olympique, elle a repr\u00e9sent\u00e9 le Canada aux Jeux panam\u00e9ricains en 2007, 2011 et 2015 o\u00f9 elle a d\u00e9croch\u00e9 cinq m\u00e9dailles au total. \u00c0 Lima, Benfeito se portera \u00e0 la d\u00e9fense de son titre \u00e0 l\u2019\u00e9preuve du 10 m\u00e8tres synchro avec sa nouvelle partenaire, Caeli McKay.\u2028<\/span><\/p>\n<p><span style=\"font-family:-apple-system, BlinkMacSystemFont, 'Segoe UI', Roboto, Oxygen-Sans, Ubuntu, Cantarell, 'Helvetica Neue', sans-serif;\">3. Philippe Gagn\u00e9 (Ville Mont-Royal, Qu\u00e9bec) \u2013 3 m et 3 m synchro masculin\u2028\u2028<\/span><\/p>\n<p><span style=\"font-family:-apple-system, BlinkMacSystemFont, 'Segoe UI', Roboto, Oxygen-Sans, Ubuntu, Cantarell, 'Helvetica Neue', sans-serif;\">Gagn\u00e9 a fait sensation \u00e0 ses premiers Jeux panam\u00e9ricains o\u00f9 il a combin\u00e9 ses efforts \u00e0 ceux d\u2019Imbeau-Dulac et de Riendeau pour remporter trois m\u00e9dailles pour le Canada. Depuis, il a particip\u00e9 aux Jeux olympiques de 2016 \u00e0 Rio o\u00f9 il a pris le 11e rang au 3 m.<\/span><\/p>\n<p><span style=\"font-family:-apple-system, BlinkMacSystemFont, 'Segoe UI', Roboto, Oxygen-Sans, Ubuntu, Cantarell, 'Helvetica Neue', sans-serif;\">4. Fran\u00e7ois Imbeau-Dulac (Saint-Lazare, Qu\u00e9bec) \u2013 3 m et 3 m synchro masculin\u2028\u2028<\/span><\/p>\n<p><span style=\"font-family:-apple-system, BlinkMacSystemFont, 'Segoe UI', Roboto, Oxygen-Sans, Ubuntu, Cantarell, 'Helvetica Neue', sans-serif;\">Imbeau-Dulac sera \u00e0 une troisi\u00e8me pr\u00e9sence aux Jeux panam\u00e9ricains \u00e0 Lima en 2019. En 2015, il a fait \u00e9quipe avec Gagn\u00e9 pour remporter l\u2019argent de l\u2019\u00e9preuve masculine du 3 m synchro. Le duo tentera de conclure sa saison 2019 sur le podium au P\u00e9rou.<\/span><\/p>\n<p><span style=\"font-weight:400;\">5. Caeli McKay (Calgary, AB) \u2013 10 m et 10 m synchro f\u00e9minin\u2028\u2028<\/span><\/p>\n<p><span style=\"font-weight:400;\">McKay participe \u00e0 ses premiers Jeux panam\u00e9ricains \u00e0 Lima. L\u2019athl\u00e8te de 19 ans, qui est bien connue pour ses succ\u00e8s sur la sc\u00e8ne internationale avec Meaghan Benfeito, a r\u00e9cemment d\u00e9montr\u00e9 son potentiel dans les \u00e9preuves individuelles \u00e0 la tour en d\u00e9crochant la m\u00e9daille d\u2019argent \u00e0 la Coupe Canada 2019 et aux Championnats nationaux d\u2019\u00e9t\u00e9.<\/span><\/p>\n<p><span style=\"font-weight:400;\">6. Vincent Riendeau (Pointe-Claire, Qu\u00e9bec) \u2013 10 m et 10 m synchro masculin\u2028\u2028<\/span><\/p>\n<p><span style=\"font-weight:400;\">M\u00e9daill\u00e9 d\u2019argent aux Jeux panam\u00e9ricains de 2015, l\u2019Olympien Vincent Riendeau formera un duo avec Zsombor-Murray \u00e0 Lima, o\u00f9 il compte aussi rivaliser pour un podium au 10 m.<\/span><\/p>\n<p><span style=\"font-weight:400;\">7. Pamela Ware (Greenfield Park, Qu\u00e9bec) \u2013 3 m et 3 m synchro f\u00e9minin<\/span><\/p>\n<p><span style=\"font-weight:400;\">\u2028\u2028L\u2019Olympienne Pamela Ware a d\u00e9croch\u00e9 deux m\u00e9dailles d\u2019argent aux Jeux panam\u00e9ricains en 2015 \u00e0 Toronto. Depuis, elle a \u00e9t\u00e9 m\u00e9daill\u00e9e de bronze \u00e0 la Coupe du Monde de la FINA 2018, ce qui fait d\u2019elle une s\u00e9rieuse aspirante au podium \u00e0 Lima.<\/span><\/p>\n<p><span style=\"font-family:-apple-system, BlinkMacSystemFont, 'Segoe UI', Roboto, Oxygen-Sans, Ubuntu, Cantarell, 'Helvetica Neue', sans-serif;\">8. Nathan Zsombor-Murray (Pointe-Claire, Qu\u00e9bec) \u2013 10 m et 10 m synchro masculin\u2028\u2028<\/span><\/p>\n<p><span style=\"font-family:-apple-system, BlinkMacSystemFont, 'Segoe UI', Roboto, Oxygen-Sans, Ubuntu, Cantarell, 'Helvetica Neue', sans-serif;\">Nathan sera le plus jeune plongeur canadien \u00e0 Lima o\u00f9 il participera \u00e0 ses premiers Jeux panam\u00e9ricains. L\u2019athl\u00e8te de 16 ans a pr\u00e9c\u00e9demment repr\u00e9sent\u00e9 le Canada sur la sc\u00e8ne internationale, notamment aux Championnats du monde de la FINA en 2017 et 2019.<\/span><\/p>\n<p><span style=\"font-weight:400;\">Les entra\u00eeneurs :<\/span><\/p>\n<p><span style=\"font-family:-apple-system, BlinkMacSystemFont, 'Segoe UI', Roboto, Oxygen-Sans, Ubuntu, Cantarell, 'Helvetica Neue', sans-serif;\">1. Aaron Dziver (Terrebonne, Qu\u00e9bec) \u2013 entra\u00eeneur<br \/>\n<\/span><span style=\"font-family:-apple-system, BlinkMacSystemFont, 'Segoe UI', Roboto, Oxygen-Sans, Ubuntu, Cantarell, 'Helvetica Neue', sans-serif;\">2. Yihua Li (Xiong Xian, Chine) \u2013 entra\u00eeneure<br \/>\n<\/span><span style=\"font-family:-apple-system, BlinkMacSystemFont, 'Segoe UI', Roboto, Oxygen-Sans, Ubuntu, Cantarell, 'Helvetica Neue', sans-serif;\">3. Arturo Miranda (Montr\u00e9al, Qu\u00e9bec) \u2013 entra\u00eeneur<\/span><\/p>\n<p><span style=\"font-weight:400;\">Avant qu&rsquo;un(e) athl\u00e8te soit nomm\u00e9(e) au sein d&rsquo;\u00c9quipe Canada, toutes les candidatures doivent \u00eatre approuv\u00e9es par le comit\u00e9 de s\u00e9lection du COC, et ce, une fois que toutes les f\u00e9d\u00e9rations sportives nationales ont soumis leurs nominations \u00e0 la fin juin 2019.<\/span><\/p>\n<p style=\"text-align:center;\"><span style=\"font-weight:400;\">-30-<\/span><\/p>\n<p><span style=\"font-weight:400;\">CONTACTS POUR LES M\u00c9DIAS :<\/span><\/p>\n<p><span style=\"font-weight:400;\">Maelle Dancause, gestionnaire des communications<br \/>\n<\/span><span style=\"font-weight:400;\">Diving Plongeon Canada<br \/>\n<\/span><span style=\"font-weight:400;\">T\u00e9l. : 514-475-4540<br \/>\n<\/span><span style=\"font-weight:400;\">Courriel : <\/span><a href=\"mailto:maelle@diving.ca\"><span style=\"font-weight:400;\">maelle@diving.ca<\/span><\/a><\/p>\n<p><span style=\"font-weight:400;\">Josh Su, sp\u00e9cialiste des relations publiques<br \/>\n<\/span><span style=\"font-weight:400;\">Comit\u00e9 olympique canadien<br \/>\n<\/span><span style=\"font-weight:400;\">Cell. : 647-464-4060<br \/>\n<\/span><span style=\"font-weight:400;\">Courriel : <\/span><a href=\"mailto:jsu@olympic.ca\"><span style=\"font-weight:400;\">jsu@olympic.ca<\/span><\/a><\/p>\n","protected":false},"excerpt":{"rendered":"<p>MONTR\u00c9AL (12 juin 2019) \u2013 Plongeon Canada et le Comit\u00e9 olympique canadien ont annonc\u00e9 la nomination de l&rsquo;\u00e9quipe de plongeon&#8230;<\/p>\n","protected":false},"featured_media":151970,"template":"","format":"standard","tags":[],"type-of-press":[496138],"press-topic":[415987821],"years":[415988137],"class_list":["post-151969","press","type-press","status-publish","format-standard","has-post-thumbnail","hentry","type-of-press-communiques","press-topic-lima-2019","years-415988137"],"acf":[],"yoast_head":"<!-- This site is optimized with the Yoast SEO plugin v27.3 - https:\/\/yoast.com\/product\/yoast-seo-wordpress\/ -->\n<title>D\u00e9voilement de l&#039;\u00e9quipe canadienne de plongeon pour Lima 2019 - \u00c9quipe Canada | Site officiel de l&#039;\u00e9quipe olympique<\/title>\n<meta name=\"robots\" content=\"index, follow, max-snippet:-1, max-image-preview:large, max-video-preview:-1\" \/>\n<link rel=\"canonical\" href=\"https:\/\/preprod.olympic.ca\/olympique\/presse\/devoilement-de-lequipe-canadienne-de-plongeon-pour-lima-2019\/\" \/>\n<meta property=\"og:locale\" content=\"fr_FR\" \/>\n<meta property=\"og:type\" content=\"article\" \/>\n<meta property=\"og:title\" content=\"D\u00e9voilement de l&#039;\u00e9quipe canadienne de plongeon pour Lima 2019 - \u00c9quipe Canada | Site officiel de l&#039;\u00e9quipe olympique\" \/>\n<meta property=\"og:description\" content=\"MONTR\u00c9AL (12 juin 2019) \u2013 Plongeon Canada et le Comit\u00e9 olympique canadien ont annonc\u00e9 la nomination de l&rsquo;\u00e9quipe de plongeon...\" \/>\n<meta property=\"og:url\" content=\"https:\/\/preprod.olympic.ca\/olympique\/presse\/devoilement-de-lequipe-canadienne-de-plongeon-pour-lima-2019\/\" \/>\n<meta property=\"og:site_name\" content=\"\u00c9quipe Canada | Site officiel de l&#039;\u00e9quipe olympique\" \/>\n<meta property=\"article:modified_time\" content=\"2019-06-12T13:45:46+00:00\" \/>\n<meta property=\"og:image\" content=\"https:\/\/preprod.olympic.ca\/olympique\/wp-content\/uploads\/sites\/2\/2019\/06\/feature_image-2.jpg?quality=100\" \/>\n\t<meta property=\"og:image:width\" content=\"1340\" \/>\n\t<meta property=\"og:image:height\" content=\"754\" \/>\n\t<meta property=\"og:image:type\" content=\"image\/jpeg\" \/>\n<meta name=\"twitter:card\" content=\"summary_large_image\" \/>\n<meta name=\"twitter:label1\" content=\"Est. reading time\" \/>\n\t<meta name=\"twitter:data1\" content=\"5 minutes\" \/>\n\t<meta name=\"twitter:label2\" content=\"Written by\" \/>\n\t<meta name=\"twitter:data2\" content=\"joshsu\" \/>\n<script type=\"application\/ld+json\" class=\"yoast-schema-graph\">{\"@context\":\"https:\\\/\\\/schema.org\",\"@graph\":[{\"@type\":\"WebPage\",\"@id\":\"https:\\\/\\\/preprod.olympic.ca\\\/olympique\\\/presse\\\/devoilement-de-lequipe-canadienne-de-plongeon-pour-lima-2019\\\/\",\"url\":\"https:\\\/\\\/preprod.olympic.ca\\\/olympique\\\/presse\\\/devoilement-de-lequipe-canadienne-de-plongeon-pour-lima-2019\\\/\",\"name\":\"D\u00e9voilement de l'\u00e9quipe canadienne de plongeon pour Lima 2019 - \u00c9quipe Canada | Site officiel de l&#039;\u00e9quipe olympique\",\"isPartOf\":{\"@id\":\"https:\\\/\\\/preprod.olympic.ca\\\/olympique\\\/#website\"},\"primaryImageOfPage\":{\"@id\":\"https:\\\/\\\/preprod.olympic.ca\\\/olympique\\\/presse\\\/devoilement-de-lequipe-canadienne-de-plongeon-pour-lima-2019\\\/#primaryimage\"},\"image\":{\"@id\":\"https:\\\/\\\/preprod.olympic.ca\\\/olympique\\\/presse\\\/devoilement-de-lequipe-canadienne-de-plongeon-pour-lima-2019\\\/#primaryimage\"},\"thumbnailUrl\":\"https:\\\/\\\/preprod.olympic.ca\\\/olympique\\\/wp-content\\\/uploads\\\/sites\\\/2\\\/2019\\\/06\\\/feature_image-2.jpg?quality=100\",\"datePublished\":\"2019-06-12T13:45:43+00:00\",\"dateModified\":\"2019-06-12T13:45:46+00:00\",\"inLanguage\":\"fr-FR\",\"potentialAction\":[{\"@type\":\"ReadAction\",\"target\":[\"https:\\\/\\\/preprod.olympic.ca\\\/olympique\\\/presse\\\/devoilement-de-lequipe-canadienne-de-plongeon-pour-lima-2019\\\/\"]}]},{\"@type\":\"ImageObject\",\"inLanguage\":\"fr-FR\",\"@id\":\"https:\\\/\\\/preprod.olympic.ca\\\/olympique\\\/presse\\\/devoilement-de-lequipe-canadienne-de-plongeon-pour-lima-2019\\\/#primaryimage\",\"url\":\"https:\\\/\\\/preprod.olympic.ca\\\/olympique\\\/wp-content\\\/uploads\\\/sites\\\/2\\\/2019\\\/06\\\/feature_image-2.jpg?quality=100\",\"contentUrl\":\"https:\\\/\\\/preprod.olympic.ca\\\/olympique\\\/wp-content\\\/uploads\\\/sites\\\/2\\\/2019\\\/06\\\/feature_image-2.jpg?quality=100\",\"width\":1340,\"height\":754},{\"@type\":\"WebSite\",\"@id\":\"https:\\\/\\\/preprod.olympic.ca\\\/olympique\\\/#website\",\"url\":\"https:\\\/\\\/preprod.olympic.ca\\\/olympique\\\/\",\"name\":\"\u00c9quipe Canada | Site officiel de l&#039;\u00e9quipe olympique\",\"description\":\"Votre source pour l\u2019\u00c9quipe olympique canadienne. Retrouvez les r\u00e9cits, vid\u00e9os et photos des athl\u00e8tes canadiens, sports olympiques, Jeux olympiques de 2020 et bien plus!\",\"potentialAction\":[{\"@type\":\"SearchAction\",\"target\":{\"@type\":\"EntryPoint\",\"urlTemplate\":\"https:\\\/\\\/preprod.olympic.ca\\\/olympique\\\/?s={search_term_string}\"},\"query-input\":{\"@type\":\"PropertyValueSpecification\",\"valueRequired\":true,\"valueName\":\"search_term_string\"}}],\"inLanguage\":\"fr-FR\"}]}<\/script>\n<!-- \/ Yoast SEO plugin. -->","yoast_head_json":{"title":"D\u00e9voilement de l'\u00e9quipe canadienne de plongeon pour Lima 2019 - \u00c9quipe Canada | Site officiel de l&#039;\u00e9quipe olympique","robots":{"index":"index","follow":"follow","max-snippet":"max-snippet:-1","max-image-preview":"max-image-preview:large","max-video-preview":"max-video-preview:-1"},"canonical":"https:\/\/preprod.olympic.ca\/olympique\/presse\/devoilement-de-lequipe-canadienne-de-plongeon-pour-lima-2019\/","og_locale":"fr_FR","og_type":"article","og_title":"D\u00e9voilement de l'\u00e9quipe canadienne de plongeon pour Lima 2019 - \u00c9quipe Canada | Site officiel de l&#039;\u00e9quipe olympique","og_description":"MONTR\u00c9AL (12 juin 2019) \u2013 Plongeon Canada et le Comit\u00e9 olympique canadien ont annonc\u00e9 la nomination de l&rsquo;\u00e9quipe de plongeon...","og_url":"https:\/\/preprod.olympic.ca\/olympique\/presse\/devoilement-de-lequipe-canadienne-de-plongeon-pour-lima-2019\/","og_site_name":"\u00c9quipe Canada | Site officiel de l&#039;\u00e9quipe olympique","article_modified_time":"2019-06-12T13:45:46+00:00","og_image":[{"width":1340,"height":754,"url":"https:\/\/preprod.olympic.ca\/olympique\/wp-content\/uploads\/sites\/2\/2019\/06\/feature_image-2.jpg?quality=100","type":"image\/jpeg"}],"twitter_card":"summary_large_image","twitter_misc":{"Est. reading time":"5 minutes","Written by":"joshsu"},"schema":{"@context":"https:\/\/schema.org","@graph":[{"@type":"WebPage","@id":"https:\/\/preprod.olympic.ca\/olympique\/presse\/devoilement-de-lequipe-canadienne-de-plongeon-pour-lima-2019\/","url":"https:\/\/preprod.olympic.ca\/olympique\/presse\/devoilement-de-lequipe-canadienne-de-plongeon-pour-lima-2019\/","name":"D\u00e9voilement de l'\u00e9quipe canadienne de plongeon pour Lima 2019 - \u00c9quipe Canada | Site officiel de l&#039;\u00e9quipe olympique","isPartOf":{"@id":"https:\/\/preprod.olympic.ca\/olympique\/#website"},"primaryImageOfPage":{"@id":"https:\/\/preprod.olympic.ca\/olympique\/presse\/devoilement-de-lequipe-canadienne-de-plongeon-pour-lima-2019\/#primaryimage"},"image":{"@id":"https:\/\/preprod.olympic.ca\/olympique\/presse\/devoilement-de-lequipe-canadienne-de-plongeon-pour-lima-2019\/#primaryimage"},"thumbnailUrl":"https:\/\/preprod.olympic.ca\/olympique\/wp-content\/uploads\/sites\/2\/2019\/06\/feature_image-2.jpg?quality=100","datePublished":"2019-06-12T13:45:43+00:00","dateModified":"2019-06-12T13:45:46+00:00","inLanguage":"fr-FR","potentialAction":[{"@type":"ReadAction","target":["https:\/\/preprod.olympic.ca\/olympique\/presse\/devoilement-de-lequipe-canadienne-de-plongeon-pour-lima-2019\/"]}]},{"@type":"ImageObject","inLanguage":"fr-FR","@id":"https:\/\/preprod.olympic.ca\/olympique\/presse\/devoilement-de-lequipe-canadienne-de-plongeon-pour-lima-2019\/#primaryimage","url":"https:\/\/preprod.olympic.ca\/olympique\/wp-content\/uploads\/sites\/2\/2019\/06\/feature_image-2.jpg?quality=100","contentUrl":"https:\/\/preprod.olympic.ca\/olympique\/wp-content\/uploads\/sites\/2\/2019\/06\/feature_image-2.jpg?quality=100","width":1340,"height":754},{"@type":"WebSite","@id":"https:\/\/preprod.olympic.ca\/olympique\/#website","url":"https:\/\/preprod.olympic.ca\/olympique\/","name":"\u00c9quipe Canada | Site officiel de l&#039;\u00e9quipe olympique","description":"Votre source pour l\u2019\u00c9quipe olympique canadienne. Retrouvez les r\u00e9cits, vid\u00e9os et photos des athl\u00e8tes canadiens, sports olympiques, Jeux olympiques de 2020 et bien plus!","potentialAction":[{"@type":"SearchAction","target":{"@type":"EntryPoint","urlTemplate":"https:\/\/preprod.olympic.ca\/olympique\/?s={search_term_string}"},"query-input":{"@type":"PropertyValueSpecification","valueRequired":true,"valueName":"search_term_string"}}],"inLanguage":"fr-FR"}]}},"jetpack_sharing_enabled":true,"_links":{"self":[{"href":"https:\/\/preprod.olympic.ca\/olympique\/wp-json\/wp\/v2\/press\/151969","targetHints":{"allow":["GET"]}}],"collection":[{"href":"https:\/\/preprod.olympic.ca\/olympique\/wp-json\/wp\/v2\/press"}],"about":[{"href":"https:\/\/preprod.olympic.ca\/olympique\/wp-json\/wp\/v2\/types\/press"}],"version-history":[{"count":1,"href":"https:\/\/preprod.olympic.ca\/olympique\/wp-json\/wp\/v2\/press\/151969\/revisions"}],"predecessor-version":[{"id":151971,"href":"https:\/\/preprod.olympic.ca\/olympique\/wp-json\/wp\/v2\/press\/151969\/revisions\/151971"}],"wp:featuredmedia":[{"embeddable":true,"href":"https:\/\/preprod.olympic.ca\/olympique\/wp-json\/wp\/v2\/media\/151970"}],"wp:attachment":[{"href":"https:\/\/preprod.olympic.ca\/olympique\/wp-json\/wp\/v2\/media?parent=151969"}],"wp:term":[{"taxonomy":"post_tag","embeddable":true,"href":"https:\/\/preprod.olympic.ca\/olympique\/wp-json\/wp\/v2\/tags?post=151969"},{"taxonomy":"type-of-press","embeddable":true,"href":"https:\/\/preprod.olympic.ca\/olympique\/wp-json\/wp\/v2\/type-of-press?post=151969"},{"taxonomy":"press-topic","embeddable":true,"href":"https:\/\/preprod.olympic.ca\/olympique\/wp-json\/wp\/v2\/press-topic?post=151969"},{"taxonomy":"years","embeddable":true,"href":"https:\/\/preprod.olympic.ca\/olympique\/wp-json\/wp\/v2\/years?post=151969"}],"curies":[{"name":"wp","href":"https:\/\/api.w.org\/{rel}","templated":true}]}}