{"id":152204,"date":"2019-06-20T11:45:16","date_gmt":"2019-06-20T15:45:16","guid":{"rendered":"http:\/\/olympique.ca\/?post_type=press&#038;p=152204"},"modified":"2019-06-20T11:45:18","modified_gmt":"2019-06-20T15:45:18","slug":"devoilement-de-lequipe-canadienne-de-racquetball-pour-lima-2019","status":"publish","type":"press","link":"https:\/\/preprod.olympic.ca\/olympique\/presse\/devoilement-de-lequipe-canadienne-de-racquetball-pour-lima-2019\/","title":{"rendered":"D\u00e9voilement de l\u2019\u00e9quipe canadienne de racquetball pour Lima 2019"},"content":{"rendered":"<p><span style=\"font-weight:300;\">TORONTO (le 20 juin 2019) \u2013 \u00a0Racquetball Canada et le Comit\u00e9 olympique canadien ont annonc\u00e9 la composition de l\u2019\u00e9quipe canadienne de racquetball qui participera aux Jeux panam\u00e9ricains de Lima 2019.<\/span><\/p>\n<p><span style=\"font-weight:300;\">Les quatre athl\u00e8tes se sont qualifi\u00e9s pour \u00c9quipe Canada gr\u00e2ce \u00e0 leurs performances aux Championnats canadiens 2019, qui ont eu lieu du 19 au 25 mai \u00e0 Langley, en Colombie-Britannique, \u00e0 leurs r\u00e9sultats de la saison sur les circuits professionnels masculin et f\u00e9minin, de m\u00eame qu\u2019\u00e0 deux comp\u00e9titions de s\u00e9lections nationales.<\/span><\/p>\n<p><span style=\"font-weight:300;\">Jennifer Saunders, de Winnipeg, au Manitoba, est celle qui apporte le plus d\u2019exp\u00e9rience \u00e0 l\u2019\u00e9quipe, ayant particip\u00e9 aux trois derniers Jeux panam\u00e9ricains. Saunders a r\u00e9cemment remport\u00e9 le bronze en double f\u00e9minin aux Championnats panam\u00e9ricains 2019 et l\u2019or en simple et en double f\u00e9minin de la cat\u00e9gorie ouverte aux r\u00e9cents Championnats canadiens.<\/span><\/p>\n<p><span style=\"font-weight:300;\">\u00ab C\u2019est bon de voir ses objectifs se r\u00e9aliser et d\u2019\u00eatre nomm\u00e9e au sein de l\u2019\u00e9quipe canadienne panam\u00e9ricaine 2019, indique Saunders. C\u2019est un v\u00e9ritable honneur d\u2019arborer la feuille d\u2019\u00e9rable et de faire partie d\u2019une \u00e9quipe canadienne multisports. J\u2019ai v\u00e9cu une exp\u00e9rience incroyable aux Jeux panam\u00e9ricains pr\u00e9sent\u00e9s \u00e0 la maison, \u00e0 Toronto, et j\u2019ai h\u00e2te de vivre une autre exp\u00e9rience de Jeux panam\u00e9ricains dans le magnifique d\u00e9cor de Lima, au P\u00e9rou. Notre \u00e9quipe de racquetball apportera beaucoup de talent et sera un espoir de m\u00e9daille \u00e0 ces Jeux. \u00bb<\/span><\/p>\n<p><span style=\"font-weight:300;\">Fr\u00e9d\u00e9rique Lambert est class\u00e9e huiti\u00e8me sur le circuit professionnel f\u00e9minin de racquetball (LPRT) m\u00eame si elle a pass\u00e9 la majeure partie de sa saison \u00e0 faire ses \u00e9tudes en m\u00e9decine. Elle se servira de cette exp\u00e9rience aux Jeux panam\u00e9ricains.<\/span><\/p>\n<p><span style=\"font-weight:300;\">Saunders et Lambert ont jou\u00e9 un r\u00f4le moteur dans la conqu\u00eate de la m\u00e9daille de bronze remport\u00e9e par le Canada \u00e0 l\u2019\u00e9preuve f\u00e9minine des Jeux panam\u00e9ricains 2015.<\/span><\/p>\n<p><span style=\"font-weight:300;\">Pour Samuel Murray, de Baie-Comeau, au Qu\u00e9bec, il s\u2019agira d\u2019une premi\u00e8re pr\u00e9sence aux Jeux panam\u00e9ricains. Il a toutefois continu\u00e9 \u00e0 acqu\u00e9rir de l\u2019exp\u00e9rience importante sur le Circuit international de racquetball (IRT), terminant la saison au septi\u00e8me rang. Murray a aussi r\u00e9cemment remport\u00e9 les titres en simple et en double masculin de la cat\u00e9gorie ouverte aux Championnats canadiens.<\/span><\/p>\n<p><span style=\"font-weight:300;\">\u00ab Je suis tr\u00e8s honor\u00e9 d\u2019avoir l\u2019occasion de repr\u00e9senter le Canada aux Jeux panam\u00e9ricains pour la premi\u00e8re fois de ma carri\u00e8re, affirme Murray. Mon but est de gagner une m\u00e9daille et d\u2019offrir la meilleure performance possible. \u00bb<\/span><\/p>\n<p><span style=\"font-weight:300;\">Coby Iwaasa de Lethbridge en Alberta \u00e9tait aussi membre de l\u2019\u00e9quipe nationale aux Jeux panam\u00e9ricains de 2015 et m\u00e9daill\u00e9 de bronze de l\u2019\u00e9preuve masculine. Iwaasa est aussi mont\u00e9 sur le podium aux Championnats canadiens, d\u00e9crochant l\u2019argent en simple masculin et le bronze en double.<\/span><\/p>\n<p><span style=\"font-weight:300;\">\u00ab Repr\u00e9senter le Canada aux Jeux panam\u00e9ricains est une exp\u00e9rience que je n\u2019oublierai jamais, indique Coby Iwaasa. Pour moi, les Jeux panam\u00e9ricains sont la sc\u00e8ne la plus importante sur laquelle je peux jouer. C\u2019est incroyable de se retrouver avec tous les autres athl\u00e8tes canadiens, sachant que les meilleurs de chaque sport y sont. Je suis enthousiaste de jouer pour \u00c9quipe Canada \u00e0 nouveau dans une aussi grande comp\u00e9tition que celle-ci. \u00bb<\/span><\/p>\n<p><span style=\"font-weight:300;\">Murray et Iwaasa ont fait \u00e9quipe pour remporter l\u2019argent au printemps en double masculin aux Championnats panam\u00e9ricains de racquetball.<\/span><\/p>\n<p><span style=\"font-weight:300;\">Les comp\u00e9titions de racquetball se tiendront du 2 au 10 ao\u00fbt (jours 7 \u00e0 15) \u00e0 <\/span><\/p>\n<p><span style=\"font-weight:300;\">Villa Deportiva Regional del Callao. Six \u00e9preuves seront au menu, soit le simple et le double masculin, le simple et le double f\u00e9minin, et les comp\u00e9titions par \u00e9quipe chez les hommes et chez les femmes.<\/span><\/p>\n<p><span style=\"font-weight:300;\">Les Jeux panam\u00e9ricains de Lima 2019, qui se d\u00e9rouleront du 26 juillet au 11 ao\u00fbt r\u00e9uniront environ 6 700 athl\u00e8tes de 41 nations des Am\u00e9riques et comprendra 62 disciplines dans 39 sports. Ce sera le plus grand \u00e9v\u00e9nement sportif jamais organis\u00e9 au P\u00e9rou.<\/span><\/p>\n<p><span style=\"font-weight:300;\">Les athl\u00e8tes et les entra\u00eeneurs nomm\u00e9s sont :<\/span><\/p>\n<p>1. Fr\u00e9d\u00e9rique Lambert (Montr\u00e9al, Qu\u00e9bec) \u2013 Simple et double f\u00e9minin<br \/>\n2. Jennifer Saunders (Winnipeg, Manitoba) \u2013 Simple et double f\u00e9minin<br \/>\n3. Samuel Murray (Baie-Comeau, Qu\u00e9bec) \u2013 Simple et double masculin<br \/>\n4. Coby Iwaasa (Lethbridge, Alberta) \u2013 Simple et double masculin<\/p>\n<p>1. Michel Gagnon (Montr\u00e9al, Qu\u00e9bec) \u2013 Entra\u00eeneur-chef<br \/>\n2. Corey Osborne (Tiny, Ontario) \u2013 Entra\u00eeneur(e) adjoint(e)<\/p>\n<p><span style=\"font-weight:300;\">Avant qu&rsquo;un(e) athl\u00e8te soit officiellement nomm\u00e9(e) au sein d&rsquo;\u00c9quipe Canada, toutes les candidatures doivent \u00eatre approuv\u00e9es par le comit\u00e9 de s\u00e9lection du COC, et ce, une fois que toutes les f\u00e9d\u00e9rations sportives nationales ont soumis leurs nominations \u00e0 la fin juin 2019.<\/span><\/p>\n<p style=\"text-align:center;\"><span style=\"font-weight:300;\">-30-<\/span><\/p>\n<p><span style=\"font-weight:300;\">CONTACTS POUR LES M\u00c9DIAS :<\/span><\/p>\n<p><span style=\"font-weight:300;\">Jan Hanson, directrice des communications et du marketing<br \/>\n<\/span><span style=\"font-weight:300;\">Conseil d\u2019administration de Racquetball Canada<br \/>\n<\/span><span style=\"font-weight:300;\">Cell. : 306-502-4422<br \/>\n<\/span><span style=\"font-weight:300;\">Courriel : rballcanadacomms@outlook.com<\/span><\/p>\n<p><span style=\"font-weight:300;\">Josh Su, sp\u00e9cialiste des relations publiques<br \/>\n<\/span><span style=\"font-weight:300;\">Comit\u00e9 olympique canadien<br \/>\n<\/span><span style=\"font-weight:300;\">Cell. : 647-464-4060<br \/>\n<\/span><span style=\"font-weight:300;\">Courriel : jsu@olympique.ca<\/span><\/p>\n","protected":false},"excerpt":{"rendered":"<p>TORONTO (le 20 juin 2019) \u2013 \u00a0Racquetball Canada et le Comit\u00e9 olympique canadien ont annonc\u00e9 la composition de l\u2019\u00e9quipe canadienne&#8230;<\/p>\n","protected":false},"featured_media":152205,"template":"","format":"standard","tags":[],"type-of-press":[496138],"press-topic":[415987821],"years":[415988137],"class_list":["post-152204","press","type-press","status-publish","format-standard","has-post-thumbnail","hentry","type-of-press-communiques","press-topic-lima-2019","years-415988137"],"acf":[],"yoast_head":"<!-- This site is optimized with the Yoast SEO plugin v27.3 - https:\/\/yoast.com\/product\/yoast-seo-wordpress\/ -->\n<title>D\u00e9voilement de l\u2019\u00e9quipe canadienne de racquetball pour Lima 2019 - \u00c9quipe Canada | Site officiel de l&#039;\u00e9quipe olympique<\/title>\n<meta name=\"robots\" content=\"index, follow, max-snippet:-1, max-image-preview:large, max-video-preview:-1\" \/>\n<link rel=\"canonical\" href=\"https:\/\/preprod.olympic.ca\/olympique\/presse\/devoilement-de-lequipe-canadienne-de-racquetball-pour-lima-2019\/\" \/>\n<meta property=\"og:locale\" content=\"fr_FR\" \/>\n<meta property=\"og:type\" content=\"article\" \/>\n<meta property=\"og:title\" content=\"D\u00e9voilement de l\u2019\u00e9quipe canadienne de racquetball pour Lima 2019 - \u00c9quipe Canada | Site officiel de l&#039;\u00e9quipe olympique\" \/>\n<meta property=\"og:description\" content=\"TORONTO (le 20 juin 2019) \u2013 \u00a0Racquetball Canada et le Comit\u00e9 olympique canadien ont annonc\u00e9 la composition de l\u2019\u00e9quipe canadienne...\" \/>\n<meta property=\"og:url\" content=\"https:\/\/preprod.olympic.ca\/olympique\/presse\/devoilement-de-lequipe-canadienne-de-racquetball-pour-lima-2019\/\" \/>\n<meta property=\"og:site_name\" content=\"\u00c9quipe Canada | Site officiel de l&#039;\u00e9quipe olympique\" \/>\n<meta property=\"article:modified_time\" content=\"2019-06-20T15:45:18+00:00\" \/>\n<meta property=\"og:image\" content=\"https:\/\/preprod.olympic.ca\/olympique\/wp-content\/uploads\/sites\/2\/2019\/06\/feature_image-10.jpg?quality=100\" \/>\n\t<meta property=\"og:image:width\" content=\"1340\" \/>\n\t<meta property=\"og:image:height\" content=\"754\" \/>\n\t<meta property=\"og:image:type\" content=\"image\/jpeg\" \/>\n<meta name=\"twitter:card\" content=\"summary_large_image\" \/>\n<meta name=\"twitter:label1\" content=\"Est. reading time\" \/>\n\t<meta name=\"twitter:data1\" content=\"4 minutes\" \/>\n\t<meta name=\"twitter:label2\" content=\"Written by\" \/>\n\t<meta name=\"twitter:data2\" content=\"joshsu\" \/>\n<script type=\"application\/ld+json\" class=\"yoast-schema-graph\">{\"@context\":\"https:\\\/\\\/schema.org\",\"@graph\":[{\"@type\":\"WebPage\",\"@id\":\"https:\\\/\\\/preprod.olympic.ca\\\/olympique\\\/presse\\\/devoilement-de-lequipe-canadienne-de-racquetball-pour-lima-2019\\\/\",\"url\":\"https:\\\/\\\/preprod.olympic.ca\\\/olympique\\\/presse\\\/devoilement-de-lequipe-canadienne-de-racquetball-pour-lima-2019\\\/\",\"name\":\"D\u00e9voilement de l\u2019\u00e9quipe canadienne de racquetball pour Lima 2019 - \u00c9quipe Canada | Site officiel de l&#039;\u00e9quipe olympique\",\"isPartOf\":{\"@id\":\"https:\\\/\\\/preprod.olympic.ca\\\/olympique\\\/#website\"},\"primaryImageOfPage\":{\"@id\":\"https:\\\/\\\/preprod.olympic.ca\\\/olympique\\\/presse\\\/devoilement-de-lequipe-canadienne-de-racquetball-pour-lima-2019\\\/#primaryimage\"},\"image\":{\"@id\":\"https:\\\/\\\/preprod.olympic.ca\\\/olympique\\\/presse\\\/devoilement-de-lequipe-canadienne-de-racquetball-pour-lima-2019\\\/#primaryimage\"},\"thumbnailUrl\":\"https:\\\/\\\/preprod.olympic.ca\\\/olympique\\\/wp-content\\\/uploads\\\/sites\\\/2\\\/2019\\\/06\\\/feature_image-10.jpg?quality=100\",\"datePublished\":\"2019-06-20T15:45:16+00:00\",\"dateModified\":\"2019-06-20T15:45:18+00:00\",\"inLanguage\":\"fr-FR\",\"potentialAction\":[{\"@type\":\"ReadAction\",\"target\":[\"https:\\\/\\\/preprod.olympic.ca\\\/olympique\\\/presse\\\/devoilement-de-lequipe-canadienne-de-racquetball-pour-lima-2019\\\/\"]}]},{\"@type\":\"ImageObject\",\"inLanguage\":\"fr-FR\",\"@id\":\"https:\\\/\\\/preprod.olympic.ca\\\/olympique\\\/presse\\\/devoilement-de-lequipe-canadienne-de-racquetball-pour-lima-2019\\\/#primaryimage\",\"url\":\"https:\\\/\\\/preprod.olympic.ca\\\/olympique\\\/wp-content\\\/uploads\\\/sites\\\/2\\\/2019\\\/06\\\/feature_image-10.jpg?quality=100\",\"contentUrl\":\"https:\\\/\\\/preprod.olympic.ca\\\/olympique\\\/wp-content\\\/uploads\\\/sites\\\/2\\\/2019\\\/06\\\/feature_image-10.jpg?quality=100\",\"width\":1340,\"height\":754},{\"@type\":\"WebSite\",\"@id\":\"https:\\\/\\\/preprod.olympic.ca\\\/olympique\\\/#website\",\"url\":\"https:\\\/\\\/preprod.olympic.ca\\\/olympique\\\/\",\"name\":\"\u00c9quipe Canada | Site officiel de l&#039;\u00e9quipe olympique\",\"description\":\"Votre source pour l\u2019\u00c9quipe olympique canadienne. Retrouvez les r\u00e9cits, vid\u00e9os et photos des athl\u00e8tes canadiens, sports olympiques, Jeux olympiques de 2020 et bien plus!\",\"potentialAction\":[{\"@type\":\"SearchAction\",\"target\":{\"@type\":\"EntryPoint\",\"urlTemplate\":\"https:\\\/\\\/preprod.olympic.ca\\\/olympique\\\/?s={search_term_string}\"},\"query-input\":{\"@type\":\"PropertyValueSpecification\",\"valueRequired\":true,\"valueName\":\"search_term_string\"}}],\"inLanguage\":\"fr-FR\"}]}<\/script>\n<!-- \/ Yoast SEO plugin. -->","yoast_head_json":{"title":"D\u00e9voilement de l\u2019\u00e9quipe canadienne de racquetball pour Lima 2019 - \u00c9quipe Canada | Site officiel de l&#039;\u00e9quipe olympique","robots":{"index":"index","follow":"follow","max-snippet":"max-snippet:-1","max-image-preview":"max-image-preview:large","max-video-preview":"max-video-preview:-1"},"canonical":"https:\/\/preprod.olympic.ca\/olympique\/presse\/devoilement-de-lequipe-canadienne-de-racquetball-pour-lima-2019\/","og_locale":"fr_FR","og_type":"article","og_title":"D\u00e9voilement de l\u2019\u00e9quipe canadienne de racquetball pour Lima 2019 - \u00c9quipe Canada | Site officiel de l&#039;\u00e9quipe olympique","og_description":"TORONTO (le 20 juin 2019) \u2013 \u00a0Racquetball Canada et le Comit\u00e9 olympique canadien ont annonc\u00e9 la composition de l\u2019\u00e9quipe canadienne...","og_url":"https:\/\/preprod.olympic.ca\/olympique\/presse\/devoilement-de-lequipe-canadienne-de-racquetball-pour-lima-2019\/","og_site_name":"\u00c9quipe Canada | Site officiel de l&#039;\u00e9quipe olympique","article_modified_time":"2019-06-20T15:45:18+00:00","og_image":[{"width":1340,"height":754,"url":"https:\/\/preprod.olympic.ca\/olympique\/wp-content\/uploads\/sites\/2\/2019\/06\/feature_image-10.jpg?quality=100","type":"image\/jpeg"}],"twitter_card":"summary_large_image","twitter_misc":{"Est. reading time":"4 minutes","Written by":"joshsu"},"schema":{"@context":"https:\/\/schema.org","@graph":[{"@type":"WebPage","@id":"https:\/\/preprod.olympic.ca\/olympique\/presse\/devoilement-de-lequipe-canadienne-de-racquetball-pour-lima-2019\/","url":"https:\/\/preprod.olympic.ca\/olympique\/presse\/devoilement-de-lequipe-canadienne-de-racquetball-pour-lima-2019\/","name":"D\u00e9voilement de l\u2019\u00e9quipe canadienne de racquetball pour Lima 2019 - \u00c9quipe Canada | Site officiel de l&#039;\u00e9quipe olympique","isPartOf":{"@id":"https:\/\/preprod.olympic.ca\/olympique\/#website"},"primaryImageOfPage":{"@id":"https:\/\/preprod.olympic.ca\/olympique\/presse\/devoilement-de-lequipe-canadienne-de-racquetball-pour-lima-2019\/#primaryimage"},"image":{"@id":"https:\/\/preprod.olympic.ca\/olympique\/presse\/devoilement-de-lequipe-canadienne-de-racquetball-pour-lima-2019\/#primaryimage"},"thumbnailUrl":"https:\/\/preprod.olympic.ca\/olympique\/wp-content\/uploads\/sites\/2\/2019\/06\/feature_image-10.jpg?quality=100","datePublished":"2019-06-20T15:45:16+00:00","dateModified":"2019-06-20T15:45:18+00:00","inLanguage":"fr-FR","potentialAction":[{"@type":"ReadAction","target":["https:\/\/preprod.olympic.ca\/olympique\/presse\/devoilement-de-lequipe-canadienne-de-racquetball-pour-lima-2019\/"]}]},{"@type":"ImageObject","inLanguage":"fr-FR","@id":"https:\/\/preprod.olympic.ca\/olympique\/presse\/devoilement-de-lequipe-canadienne-de-racquetball-pour-lima-2019\/#primaryimage","url":"https:\/\/preprod.olympic.ca\/olympique\/wp-content\/uploads\/sites\/2\/2019\/06\/feature_image-10.jpg?quality=100","contentUrl":"https:\/\/preprod.olympic.ca\/olympique\/wp-content\/uploads\/sites\/2\/2019\/06\/feature_image-10.jpg?quality=100","width":1340,"height":754},{"@type":"WebSite","@id":"https:\/\/preprod.olympic.ca\/olympique\/#website","url":"https:\/\/preprod.olympic.ca\/olympique\/","name":"\u00c9quipe Canada | Site officiel de l&#039;\u00e9quipe olympique","description":"Votre source pour l\u2019\u00c9quipe olympique canadienne. Retrouvez les r\u00e9cits, vid\u00e9os et photos des athl\u00e8tes canadiens, sports olympiques, Jeux olympiques de 2020 et bien plus!","potentialAction":[{"@type":"SearchAction","target":{"@type":"EntryPoint","urlTemplate":"https:\/\/preprod.olympic.ca\/olympique\/?s={search_term_string}"},"query-input":{"@type":"PropertyValueSpecification","valueRequired":true,"valueName":"search_term_string"}}],"inLanguage":"fr-FR"}]}},"jetpack_sharing_enabled":true,"_links":{"self":[{"href":"https:\/\/preprod.olympic.ca\/olympique\/wp-json\/wp\/v2\/press\/152204","targetHints":{"allow":["GET"]}}],"collection":[{"href":"https:\/\/preprod.olympic.ca\/olympique\/wp-json\/wp\/v2\/press"}],"about":[{"href":"https:\/\/preprod.olympic.ca\/olympique\/wp-json\/wp\/v2\/types\/press"}],"version-history":[{"count":0,"href":"https:\/\/preprod.olympic.ca\/olympique\/wp-json\/wp\/v2\/press\/152204\/revisions"}],"wp:featuredmedia":[{"embeddable":true,"href":"https:\/\/preprod.olympic.ca\/olympique\/wp-json\/wp\/v2\/media\/152205"}],"wp:attachment":[{"href":"https:\/\/preprod.olympic.ca\/olympique\/wp-json\/wp\/v2\/media?parent=152204"}],"wp:term":[{"taxonomy":"post_tag","embeddable":true,"href":"https:\/\/preprod.olympic.ca\/olympique\/wp-json\/wp\/v2\/tags?post=152204"},{"taxonomy":"type-of-press","embeddable":true,"href":"https:\/\/preprod.olympic.ca\/olympique\/wp-json\/wp\/v2\/type-of-press?post=152204"},{"taxonomy":"press-topic","embeddable":true,"href":"https:\/\/preprod.olympic.ca\/olympique\/wp-json\/wp\/v2\/press-topic?post=152204"},{"taxonomy":"years","embeddable":true,"href":"https:\/\/preprod.olympic.ca\/olympique\/wp-json\/wp\/v2\/years?post=152204"}],"curies":[{"name":"wp","href":"https:\/\/api.w.org\/{rel}","templated":true}]}}