{"id":152206,"date":"2019-06-20T08:00:09","date_gmt":"2019-06-20T12:00:09","guid":{"rendered":"http:\/\/olympique.ca\/?post_type=press&#038;p=152206"},"modified":"2019-06-20T08:00:11","modified_gmt":"2019-06-20T12:00:11","slug":"le-coc-accueillera-une-importante-discussion-sur-linclusion-dans-le-sport","status":"publish","type":"press","link":"https:\/\/preprod.olympic.ca\/olympique\/presse\/le-coc-accueillera-une-importante-discussion-sur-linclusion-dans-le-sport\/","title":{"rendered":"Le COC accueillera une importante discussion sur l\u2019inclusion dans le sport"},"content":{"rendered":"<p><span style=\"font-weight:300;\">TORONTO (le 20 juin 2019) \u00a0\u2013 Le vendredi 21 juin, le Comit\u00e9 olympique canadien sera l\u2019h\u00f4te d\u2019une discussion qui fera r\u00e9fl\u00e9chir sur l\u2019inclusion dans le sport, en c\u00e9l\u00e9bration de la Fiert\u00e9 2019 et de la plateforme d\u2019inclusion et de diversit\u00e9\u00ab Sois toi \u00bb d\u2019\u00c9quipe Canada. Anim\u00e9 par Devin Heroux journaliste \u00e0 CBC Sports, le panel sera compos\u00e9 d\u2019invit\u00e9s qui discuteront de sujets br\u00fblants actuels dans le monde du sport.<\/span><\/p>\n<p><span style=\"font-weight:300;\">Cette discussion se conclura par une annonce sp\u00e9ciale en appui des organismes You Can Play et Egale Canada, qui ont appuy\u00e9 le Comit\u00e9 olympique canadien depuis 2014 dans ses efforts visant \u00e0 cr\u00e9er un environnement sportif plus inclusif.<\/span><\/p>\n<p><span style=\"font-weight:300;\">Apr\u00e8s l\u2019annonce, tous les invit\u00e9s seront convi\u00e9s au lancement de la boutique temporaire \u00ab Sois<\/span><\/p>\n<p><span style=\"font-weight:300;\">toi \u00bb 2019 d\u2019\u00c9quipe Canada en appui des initiatives d\u2019inclusion dans le sport au CF Toronto Eaton Centre , domicile d\u2019\u00c9quipe Canada.<\/span><\/p>\n<p><span style=\"font-weight:300;\">Tous les repr\u00e9sentants des m\u00e9dias sont invit\u00e9s pour r\u00e9aliser des entrevues, prendre des photos et cueillir du son et des images. Veuillez confirmer votre pr\u00e9sence aupr\u00e8s de Josh Su (jsu@olympique.ca).<\/span><\/p>\n<p><span style=\"font-weight:300;\">Lanc\u00e9 en 2018, \u00ab Sois toi \u00bb est le prolongement de l\u2019audacieuse campagne Sois olympique et sert de plateforme d\u2019\u00c9quipe Canada en mati\u00e8re de diversit\u00e9 et d\u2019inclusion, ayant pour objectif d\u2019habiliter les athl\u00e8tes \u00e0 \u00eatre authentiques et eux-m\u00eames. \u00a0<\/span><\/p>\n<p><span style=\"font-weight:300;\">QUAND :<\/span><\/p>\n<p><span style=\"font-weight:300;\">Vendredi 21 juin<br \/>\n<\/span><span style=\"font-weight:300;\">10 h 45 \u2013 Arriv\u00e9e des m\u00e9dias<br \/>\n<\/span><span style=\"font-weight:300;\">11 h 00 \u2013 Discussion de groupe et annonce<br \/>\n<\/span><span style=\"font-weight:300;\">12 h 00 \u2013 Lancement de la boutique temporaire \u00ab Sois toi \u00bb<\/span><\/p>\n<p><span style=\"font-weight:300;\">QUI :<\/span><\/p>\n<p><span style=\"font-weight:300;\">Harrison Browne \u2013 Athl\u00e8te de hockey sur glace professionnel<br \/>\n<\/span><span style=\"font-weight:300;\">Helen Kennedy \u2013 Directrice g\u00e9n\u00e9rale, Egale Canada<br \/>\n<\/span><span style=\"font-weight:300;\">Eric Radford \u2013 Champion olympique, patinage artistique<br \/>\n<\/span><span style=\"font-weight:300;\">Kristen Worley \u2013 Cycliste de haute performance<\/span><\/p>\n<p><span style=\"font-weight:300;\">O\u00d9 :<\/span><\/p>\n<p><span style=\"font-weight:300;\">Discussion de groupe<br \/>\n<\/span><span style=\"font-weight:300;\">Bureau du Comit\u00e9 olympique canadien<br \/>\n<\/span><span style=\"font-weight:300;\">250, rue Yonge, Suite 3000<br \/>\n<\/span><span style=\"font-weight:300;\">Toronto (Ontario)<\/span><\/p>\n<p><span style=\"font-weight:300;\">Lancement de la boutique temporaire \u00ab Sois toi \u00bb et annonce<br \/>\n<\/span><span style=\"font-weight:300;\">Centre Eaton de Toronto \u2013 Alberts Way (Niveau 2)<br \/>\n<\/span><span style=\"font-weight:300;\">220, rue Yonge<br \/>\n<\/span><span style=\"font-weight:300;\">Toronto (Ontario)<\/span><\/p>\n<p style=\"text-align:center;\"><span style=\"font-weight:300;\">-30-<\/span><\/p>\n<p><span style=\"font-weight:300;\">CONTACT POUR LES M\u00c9DIAS :<\/span><\/p>\n<p><span style=\"font-weight:300;\">Josh Su, sp\u00e9cialiste des relations publiques<br \/>\n<\/span><span style=\"font-weight:300;\">Comit\u00e9 olympique canadien<br \/>\n<\/span><span style=\"font-weight:300;\">Cell. : 647-464-4060<br \/>\n<\/span><span style=\"font-weight:300;\">Courriel : <\/span><a href=\"mailto:jsu@olympique.ca\"><span style=\"font-weight:300;\">jsu@olympique.ca<\/span><\/a><\/p>\n","protected":false},"excerpt":{"rendered":"<p>TORONTO (le 20 juin 2019) \u00a0\u2013 Le vendredi 21 juin, le Comit\u00e9 olympique canadien sera l\u2019h\u00f4te d\u2019une discussion qui fera&#8230;<\/p>\n","protected":false},"featured_media":152207,"template":"","format":"standard","tags":[],"type-of-press":[87640050],"press-topic":[415985198],"years":[415988137],"class_list":["post-152206","press","type-press","status-publish","format-standard","has-post-thumbnail","hentry","type-of-press-avis-aux-medias","press-topic-general","years-415988137"],"acf":[],"yoast_head":"<!-- This site is optimized with the Yoast SEO plugin v27.3 - https:\/\/yoast.com\/product\/yoast-seo-wordpress\/ -->\n<title>Le COC accueillera une importante discussion sur l\u2019inclusion dans le sport - \u00c9quipe Canada | Site officiel de l&#039;\u00e9quipe olympique<\/title>\n<meta name=\"robots\" content=\"index, follow, max-snippet:-1, max-image-preview:large, max-video-preview:-1\" \/>\n<link rel=\"canonical\" href=\"https:\/\/preprod.olympic.ca\/olympique\/presse\/le-coc-accueillera-une-importante-discussion-sur-linclusion-dans-le-sport\/\" \/>\n<meta property=\"og:locale\" content=\"fr_FR\" \/>\n<meta property=\"og:type\" content=\"article\" \/>\n<meta property=\"og:title\" content=\"Le COC accueillera une importante discussion sur l\u2019inclusion dans le sport - \u00c9quipe Canada | Site officiel de l&#039;\u00e9quipe olympique\" \/>\n<meta property=\"og:description\" content=\"TORONTO (le 20 juin 2019) \u00a0\u2013 Le vendredi 21 juin, le Comit\u00e9 olympique canadien sera l\u2019h\u00f4te d\u2019une discussion qui fera...\" \/>\n<meta property=\"og:url\" content=\"https:\/\/preprod.olympic.ca\/olympique\/presse\/le-coc-accueillera-une-importante-discussion-sur-linclusion-dans-le-sport\/\" \/>\n<meta property=\"og:site_name\" content=\"\u00c9quipe Canada | Site officiel de l&#039;\u00e9quipe olympique\" \/>\n<meta property=\"article:modified_time\" content=\"2019-06-20T12:00:11+00:00\" \/>\n<meta property=\"og:image\" content=\"https:\/\/preprod.olympic.ca\/olympique\/wp-content\/uploads\/sites\/2\/2019\/06\/feature_image-11.jpg?quality=100\" \/>\n\t<meta property=\"og:image:width\" content=\"1340\" \/>\n\t<meta property=\"og:image:height\" content=\"754\" \/>\n\t<meta property=\"og:image:type\" content=\"image\/jpeg\" \/>\n<meta name=\"twitter:card\" content=\"summary_large_image\" \/>\n<meta name=\"twitter:label1\" content=\"Est. reading time\" \/>\n\t<meta name=\"twitter:data1\" content=\"2 minutes\" \/>\n\t<meta name=\"twitter:label2\" content=\"Written by\" \/>\n\t<meta name=\"twitter:data2\" content=\"joshsu\" \/>\n<script type=\"application\/ld+json\" class=\"yoast-schema-graph\">{\"@context\":\"https:\\\/\\\/schema.org\",\"@graph\":[{\"@type\":\"WebPage\",\"@id\":\"https:\\\/\\\/preprod.olympic.ca\\\/olympique\\\/presse\\\/le-coc-accueillera-une-importante-discussion-sur-linclusion-dans-le-sport\\\/\",\"url\":\"https:\\\/\\\/preprod.olympic.ca\\\/olympique\\\/presse\\\/le-coc-accueillera-une-importante-discussion-sur-linclusion-dans-le-sport\\\/\",\"name\":\"Le COC accueillera une importante discussion sur l\u2019inclusion dans le sport - \u00c9quipe Canada | Site officiel de l&#039;\u00e9quipe olympique\",\"isPartOf\":{\"@id\":\"https:\\\/\\\/preprod.olympic.ca\\\/olympique\\\/#website\"},\"primaryImageOfPage\":{\"@id\":\"https:\\\/\\\/preprod.olympic.ca\\\/olympique\\\/presse\\\/le-coc-accueillera-une-importante-discussion-sur-linclusion-dans-le-sport\\\/#primaryimage\"},\"image\":{\"@id\":\"https:\\\/\\\/preprod.olympic.ca\\\/olympique\\\/presse\\\/le-coc-accueillera-une-importante-discussion-sur-linclusion-dans-le-sport\\\/#primaryimage\"},\"thumbnailUrl\":\"https:\\\/\\\/preprod.olympic.ca\\\/olympique\\\/wp-content\\\/uploads\\\/sites\\\/2\\\/2019\\\/06\\\/feature_image-11.jpg?quality=100\",\"datePublished\":\"2019-06-20T12:00:09+00:00\",\"dateModified\":\"2019-06-20T12:00:11+00:00\",\"inLanguage\":\"fr-FR\",\"potentialAction\":[{\"@type\":\"ReadAction\",\"target\":[\"https:\\\/\\\/preprod.olympic.ca\\\/olympique\\\/presse\\\/le-coc-accueillera-une-importante-discussion-sur-linclusion-dans-le-sport\\\/\"]}]},{\"@type\":\"ImageObject\",\"inLanguage\":\"fr-FR\",\"@id\":\"https:\\\/\\\/preprod.olympic.ca\\\/olympique\\\/presse\\\/le-coc-accueillera-une-importante-discussion-sur-linclusion-dans-le-sport\\\/#primaryimage\",\"url\":\"https:\\\/\\\/preprod.olympic.ca\\\/olympique\\\/wp-content\\\/uploads\\\/sites\\\/2\\\/2019\\\/06\\\/feature_image-11.jpg?quality=100\",\"contentUrl\":\"https:\\\/\\\/preprod.olympic.ca\\\/olympique\\\/wp-content\\\/uploads\\\/sites\\\/2\\\/2019\\\/06\\\/feature_image-11.jpg?quality=100\",\"width\":1340,\"height\":754},{\"@type\":\"WebSite\",\"@id\":\"https:\\\/\\\/preprod.olympic.ca\\\/olympique\\\/#website\",\"url\":\"https:\\\/\\\/preprod.olympic.ca\\\/olympique\\\/\",\"name\":\"\u00c9quipe Canada | Site officiel de l&#039;\u00e9quipe olympique\",\"description\":\"Votre source pour l\u2019\u00c9quipe olympique canadienne. Retrouvez les r\u00e9cits, vid\u00e9os et photos des athl\u00e8tes canadiens, sports olympiques, Jeux olympiques de 2020 et bien plus!\",\"potentialAction\":[{\"@type\":\"SearchAction\",\"target\":{\"@type\":\"EntryPoint\",\"urlTemplate\":\"https:\\\/\\\/preprod.olympic.ca\\\/olympique\\\/?s={search_term_string}\"},\"query-input\":{\"@type\":\"PropertyValueSpecification\",\"valueRequired\":true,\"valueName\":\"search_term_string\"}}],\"inLanguage\":\"fr-FR\"}]}<\/script>\n<!-- \/ Yoast SEO plugin. -->","yoast_head_json":{"title":"Le COC accueillera une importante discussion sur l\u2019inclusion dans le sport - \u00c9quipe Canada | Site officiel de l&#039;\u00e9quipe olympique","robots":{"index":"index","follow":"follow","max-snippet":"max-snippet:-1","max-image-preview":"max-image-preview:large","max-video-preview":"max-video-preview:-1"},"canonical":"https:\/\/preprod.olympic.ca\/olympique\/presse\/le-coc-accueillera-une-importante-discussion-sur-linclusion-dans-le-sport\/","og_locale":"fr_FR","og_type":"article","og_title":"Le COC accueillera une importante discussion sur l\u2019inclusion dans le sport - \u00c9quipe Canada | Site officiel de l&#039;\u00e9quipe olympique","og_description":"TORONTO (le 20 juin 2019) \u00a0\u2013 Le vendredi 21 juin, le Comit\u00e9 olympique canadien sera l\u2019h\u00f4te d\u2019une discussion qui fera...","og_url":"https:\/\/preprod.olympic.ca\/olympique\/presse\/le-coc-accueillera-une-importante-discussion-sur-linclusion-dans-le-sport\/","og_site_name":"\u00c9quipe Canada | Site officiel de l&#039;\u00e9quipe olympique","article_modified_time":"2019-06-20T12:00:11+00:00","og_image":[{"width":1340,"height":754,"url":"https:\/\/preprod.olympic.ca\/olympique\/wp-content\/uploads\/sites\/2\/2019\/06\/feature_image-11.jpg?quality=100","type":"image\/jpeg"}],"twitter_card":"summary_large_image","twitter_misc":{"Est. reading time":"2 minutes","Written by":"joshsu"},"schema":{"@context":"https:\/\/schema.org","@graph":[{"@type":"WebPage","@id":"https:\/\/preprod.olympic.ca\/olympique\/presse\/le-coc-accueillera-une-importante-discussion-sur-linclusion-dans-le-sport\/","url":"https:\/\/preprod.olympic.ca\/olympique\/presse\/le-coc-accueillera-une-importante-discussion-sur-linclusion-dans-le-sport\/","name":"Le COC accueillera une importante discussion sur l\u2019inclusion dans le sport - \u00c9quipe Canada | Site officiel de l&#039;\u00e9quipe olympique","isPartOf":{"@id":"https:\/\/preprod.olympic.ca\/olympique\/#website"},"primaryImageOfPage":{"@id":"https:\/\/preprod.olympic.ca\/olympique\/presse\/le-coc-accueillera-une-importante-discussion-sur-linclusion-dans-le-sport\/#primaryimage"},"image":{"@id":"https:\/\/preprod.olympic.ca\/olympique\/presse\/le-coc-accueillera-une-importante-discussion-sur-linclusion-dans-le-sport\/#primaryimage"},"thumbnailUrl":"https:\/\/preprod.olympic.ca\/olympique\/wp-content\/uploads\/sites\/2\/2019\/06\/feature_image-11.jpg?quality=100","datePublished":"2019-06-20T12:00:09+00:00","dateModified":"2019-06-20T12:00:11+00:00","inLanguage":"fr-FR","potentialAction":[{"@type":"ReadAction","target":["https:\/\/preprod.olympic.ca\/olympique\/presse\/le-coc-accueillera-une-importante-discussion-sur-linclusion-dans-le-sport\/"]}]},{"@type":"ImageObject","inLanguage":"fr-FR","@id":"https:\/\/preprod.olympic.ca\/olympique\/presse\/le-coc-accueillera-une-importante-discussion-sur-linclusion-dans-le-sport\/#primaryimage","url":"https:\/\/preprod.olympic.ca\/olympique\/wp-content\/uploads\/sites\/2\/2019\/06\/feature_image-11.jpg?quality=100","contentUrl":"https:\/\/preprod.olympic.ca\/olympique\/wp-content\/uploads\/sites\/2\/2019\/06\/feature_image-11.jpg?quality=100","width":1340,"height":754},{"@type":"WebSite","@id":"https:\/\/preprod.olympic.ca\/olympique\/#website","url":"https:\/\/preprod.olympic.ca\/olympique\/","name":"\u00c9quipe Canada | Site officiel de l&#039;\u00e9quipe olympique","description":"Votre source pour l\u2019\u00c9quipe olympique canadienne. Retrouvez les r\u00e9cits, vid\u00e9os et photos des athl\u00e8tes canadiens, sports olympiques, Jeux olympiques de 2020 et bien plus!","potentialAction":[{"@type":"SearchAction","target":{"@type":"EntryPoint","urlTemplate":"https:\/\/preprod.olympic.ca\/olympique\/?s={search_term_string}"},"query-input":{"@type":"PropertyValueSpecification","valueRequired":true,"valueName":"search_term_string"}}],"inLanguage":"fr-FR"}]}},"jetpack_sharing_enabled":true,"_links":{"self":[{"href":"https:\/\/preprod.olympic.ca\/olympique\/wp-json\/wp\/v2\/press\/152206","targetHints":{"allow":["GET"]}}],"collection":[{"href":"https:\/\/preprod.olympic.ca\/olympique\/wp-json\/wp\/v2\/press"}],"about":[{"href":"https:\/\/preprod.olympic.ca\/olympique\/wp-json\/wp\/v2\/types\/press"}],"version-history":[{"count":0,"href":"https:\/\/preprod.olympic.ca\/olympique\/wp-json\/wp\/v2\/press\/152206\/revisions"}],"wp:featuredmedia":[{"embeddable":true,"href":"https:\/\/preprod.olympic.ca\/olympique\/wp-json\/wp\/v2\/media\/152207"}],"wp:attachment":[{"href":"https:\/\/preprod.olympic.ca\/olympique\/wp-json\/wp\/v2\/media?parent=152206"}],"wp:term":[{"taxonomy":"post_tag","embeddable":true,"href":"https:\/\/preprod.olympic.ca\/olympique\/wp-json\/wp\/v2\/tags?post=152206"},{"taxonomy":"type-of-press","embeddable":true,"href":"https:\/\/preprod.olympic.ca\/olympique\/wp-json\/wp\/v2\/type-of-press?post=152206"},{"taxonomy":"press-topic","embeddable":true,"href":"https:\/\/preprod.olympic.ca\/olympique\/wp-json\/wp\/v2\/press-topic?post=152206"},{"taxonomy":"years","embeddable":true,"href":"https:\/\/preprod.olympic.ca\/olympique\/wp-json\/wp\/v2\/years?post=152206"}],"curies":[{"name":"wp","href":"https:\/\/api.w.org\/{rel}","templated":true}]}}